{"id":4424,"date":"2014-06-15T20:53:33","date_gmt":"2014-06-15T17:53:33","guid":{"rendered":"http:\/\/www.remonen.fi\/?p=4424"},"modified":"2014-06-15T20:53:33","modified_gmt":"2014-06-15T17:53:33","slug":"kun-hiekka-taiteen-tapasi","status":"publish","type":"post","link":"https:\/\/www.remonen.fi\/WP\/blogi\/kun-hiekka-taiteen-tapasi\/","title":{"rendered":"Kun hiekka taiteen tapasi"},"content":{"rendered":"<p><a href=\"http:\/\/www.remonen.fi\/WP\/wp-content\/uploads\/2014\/06\/artmeetssand-1.jpg\"><img loading=\"lazy\" decoding=\"async\" class=\"alignright wp-image-4425 size-medium\" title=\"Aperture: &#402;\/2.8 | Credit: Matti Remonen | Camera: NIKON D800E | Taken: 15 kes\u00e4kuun, 2014 | Copyright: (c) Matti Remonen | Flash fired: no | Focal length: 48mm | ISO: 100 | Shutter speed: 1\/400s | \" src=\"http:\/\/www.remonen.fi\/WP\/wp-content\/uploads\/2014\/06\/artmeetssand-1-200x300.jpg\" alt=\"\" width=\"200\" height=\"300\" srcset=\"https:\/\/www.remonen.fi\/WP\/wp-content\/uploads\/2014\/06\/artmeetssand-1-200x300.jpg 200w, https:\/\/www.remonen.fi\/WP\/wp-content\/uploads\/2014\/06\/artmeetssand-1.jpg 534w\" sizes=\"(max-width: 200px) 100vw, 200px\" \/><\/a>Helmikuussa, aina hiihtoloman aikaan Korkeasaaressa j\u00e4rjestet\u00e4\u00e4n j\u00e4\u00e4veistokilpailut. Johtuen ajankohdasta en oikein koskaan sinne p\u00e4\u00e4se, vaan hiihtoloma menee aina muualla. Kes\u00e4ll\u00e4 onneksi on j\u00e4\u00e4veiston vastakohta: hiekkaveistosten SM-kisat. Ihan sattumalta bongasin tapahtuman hesarista ja kerrankin mulla oli sopivasti aikaa, joten ei muuta kuin kamera mukaan ja kohti Korkeasaarta.<\/p>\n<p>Varsinainen veistoaika oli jo p\u00e4\u00e4ttynyt kun p\u00e4\u00e4sin sinne, mutta olipahan enemm\u00e4n tilaa kuvata. Tosin n\u00e4iss\u00e4 &#8221;hiekkalinnoissa&#8221; on hieman sama ongelma kuin niiden j\u00e4\u00e4veistosten kanssa: teokset on sijoitettu niin ahtaaseen paikkaan, ettei oikein p\u00e4\u00e4se vapaasti kuvaamaan, vaan aina on joku aurinkovarjo tai vastaava taustalla r\u00f6tk\u00f6tt\u00e4m\u00e4ss\u00e4.<\/p>\n<p>&nbsp;<\/p>\n<p>Voiton vei <em>&#8221;M\u00e4kin haluan olla tiikeri&#8221;<\/em>-teos, jossa toisella puolella on tiikerin naama ja toisella puolella pienen pojan naama, jossa on tiikerikasvomaalaus.<\/p>\n<table class=\" aligncenter\">\n<tbody>\n<tr>\n<td><a href=\"http:\/\/www.remonen.fi\/WP\/wp-content\/uploads\/2014\/06\/artmeetssand-3.jpg\"><img loading=\"lazy\" decoding=\"async\" class=\"alignnone wp-image-4429 size-medium\" title=\"Aperture: &#402;\/2.8 | Credit: Matti Remonen | Camera: NIKON D800E | Taken: 15 kes\u00e4kuun, 2014 | Copyright: (c) Matti Remonen | Flash fired: no | Focal length: 70mm | ISO: 100 | Shutter speed: 1\/80s | \" src=\"http:\/\/www.remonen.fi\/WP\/wp-content\/uploads\/2014\/06\/artmeetssand-3-200x300.jpg\" alt=\"\" width=\"200\" height=\"300\" srcset=\"https:\/\/www.remonen.fi\/WP\/wp-content\/uploads\/2014\/06\/artmeetssand-3-200x300.jpg 200w, https:\/\/www.remonen.fi\/WP\/wp-content\/uploads\/2014\/06\/artmeetssand-3.jpg 534w\" sizes=\"(max-width: 200px) 100vw, 200px\" \/><\/a><\/td>\n<td><a href=\"http:\/\/www.remonen.fi\/WP\/wp-content\/uploads\/2014\/06\/artmeetssand-4.jpg\"><img loading=\"lazy\" decoding=\"async\" class=\"alignnone wp-image-4428 size-medium\" title=\"Aperture: &#402;\/2.8 | Credit: Matti Remonen | Camera: NIKON D800E | Taken: 15 kes\u00e4kuun, 2014 | Copyright: (c) Matti Remonen | Flash fired: no | Focal length: 31mm | ISO: 100 | Shutter speed: 1\/640s | \" src=\"http:\/\/www.remonen.fi\/WP\/wp-content\/uploads\/2014\/06\/artmeetssand-4-200x300.jpg\" alt=\"\" width=\"200\" height=\"300\" srcset=\"https:\/\/www.remonen.fi\/WP\/wp-content\/uploads\/2014\/06\/artmeetssand-4-200x300.jpg 200w, https:\/\/www.remonen.fi\/WP\/wp-content\/uploads\/2014\/06\/artmeetssand-4.jpg 534w\" sizes=\"(max-width: 200px) 100vw, 200px\" \/><\/a><\/td>\n<td><a href=\"http:\/\/www.remonen.fi\/WP\/wp-content\/uploads\/2014\/06\/artmeetssand-6.jpg\"><img loading=\"lazy\" decoding=\"async\" class=\"alignnone wp-image-4426 size-medium\" title=\"Aperture: &#402;\/2.8 | Credit: Matti Remonen | Camera: NIKON D800E | Taken: 15 kes\u00e4kuun, 2014 | Copyright: (c) Matti Remonen | Flash fired: no | Focal length: 70mm | ISO: 100 | Shutter speed: 1\/640s | \" src=\"http:\/\/www.remonen.fi\/WP\/wp-content\/uploads\/2014\/06\/artmeetssand-6-200x300.jpg\" alt=\"artmeetssand-6\" width=\"200\" height=\"300\" srcset=\"https:\/\/www.remonen.fi\/WP\/wp-content\/uploads\/2014\/06\/artmeetssand-6-200x300.jpg 200w, https:\/\/www.remonen.fi\/WP\/wp-content\/uploads\/2014\/06\/artmeetssand-6.jpg 534w\" sizes=\"(max-width: 200px) 100vw, 200px\" \/><\/a><\/td>\n<\/tr>\n<\/tbody>\n<\/table>\n<p>Hiekkalaatikolla viihtyi Nikon D800E + Nikkor AF-S 24-70\/2.8G<\/p>\n","protected":false},"excerpt":{"rendered":"<p>Helmikuussa, aina hiihtoloman aikaan Korkeasaaressa j\u00e4rjestet\u00e4\u00e4n j\u00e4\u00e4veistokilpailut. Johtuen ajankohdasta en oikein koskaan sinne p\u00e4\u00e4se, vaan hiihtoloma menee aina muualla. Kes\u00e4ll\u00e4 onneksi on j\u00e4\u00e4veiston vastakohta: hiekkaveistosten SM-kisat. Ihan sattumalta bongasin tapahtuman hesarista ja kerrankin mulla oli sopivasti aikaa, joten ei muuta kuin kamera mukaan ja kohti Korkeasaarta. Varsinainen veistoaika oli jo p\u00e4\u00e4ttynyt kun p\u00e4\u00e4sin sinne, mutta [&hellip;]<\/p>\n","protected":false},"author":2,"featured_media":4427,"comment_status":"open","ping_status":"closed","sticky":false,"template":"","format":"standard","meta":{"footnotes":""},"categories":[16],"tags":[191,192],"yoast_head":"<!-- This site is optimized with the Yoast SEO plugin v24.5 - https:\/\/yoast.com\/wordpress\/plugins\/seo\/ -->\n<title>Kun hiekka taiteen tapasi - gREat MOments NEver forgotteN<\/title>\n<meta name=\"robots\" content=\"index, follow, max-snippet:-1, max-image-preview:large, max-video-preview:-1\" \/>\n<link rel=\"canonical\" href=\"https:\/\/www.remonen.fi\/WP\/blogi\/kun-hiekka-taiteen-tapasi\/\" \/>\n<meta property=\"og:locale\" content=\"fi_FI\" \/>\n<meta property=\"og:type\" content=\"article\" \/>\n<meta property=\"og:title\" content=\"Kun hiekka taiteen tapasi - gREat MOments NEver forgotteN\" \/>\n<meta property=\"og:description\" content=\"Helmikuussa, aina hiihtoloman aikaan Korkeasaaressa j\u00e4rjestet\u00e4\u00e4n j\u00e4\u00e4veistokilpailut. Johtuen ajankohdasta en oikein koskaan sinne p\u00e4\u00e4se, vaan hiihtoloma menee aina muualla. Kes\u00e4ll\u00e4 onneksi on j\u00e4\u00e4veiston vastakohta: hiekkaveistosten SM-kisat. Ihan sattumalta bongasin tapahtuman hesarista ja kerrankin mulla oli sopivasti aikaa, joten ei muuta kuin kamera mukaan ja kohti Korkeasaarta. Varsinainen veistoaika oli jo p\u00e4\u00e4ttynyt kun p\u00e4\u00e4sin sinne, mutta [&hellip;]\" \/>\n<meta property=\"og:url\" content=\"https:\/\/www.remonen.fi\/WP\/blogi\/kun-hiekka-taiteen-tapasi\/\" \/>\n<meta property=\"og:site_name\" content=\"remonen.fi\" \/>\n<meta property=\"article:published_time\" content=\"2014-06-15T17:53:33+00:00\" \/>\n<meta property=\"og:image\" content=\"https:\/\/www.remonen.fi\/WP\/wp-content\/uploads\/2014\/06\/artmeetssand-5.jpg\" \/>\n\t<meta property=\"og:image:width\" content=\"800\" \/>\n\t<meta property=\"og:image:height\" content=\"534\" \/>\n\t<meta property=\"og:image:type\" content=\"image\/jpeg\" \/>\n<meta name=\"author\" content=\"Matti Remonen\" \/>\n<meta name=\"twitter:label1\" content=\"Kirjoittanut\" \/>\n\t<meta name=\"twitter:data1\" content=\"Matti Remonen\" \/>\n\t<meta name=\"twitter:label2\" content=\"Arvioitu lukuaika\" \/>\n\t<meta name=\"twitter:data2\" content=\"1 minuutti\" \/>\n<script type=\"application\/ld+json\" class=\"yoast-schema-graph\">{\"@context\":\"https:\/\/schema.org\",\"@graph\":[{\"@type\":\"Article\",\"@id\":\"https:\/\/www.remonen.fi\/WP\/blogi\/kun-hiekka-taiteen-tapasi\/#article\",\"isPartOf\":{\"@id\":\"https:\/\/www.remonen.fi\/WP\/blogi\/kun-hiekka-taiteen-tapasi\/\"},\"author\":{\"name\":\"Matti Remonen\",\"@id\":\"https:\/\/www.remonen.fi\/WP\/#\/schema\/person\/1803c23d1d4f6722054eb2ac7f7a97cd\"},\"headline\":\"Kun hiekka taiteen tapasi\",\"datePublished\":\"2014-06-15T17:53:33+00:00\",\"mainEntityOfPage\":{\"@id\":\"https:\/\/www.remonen.fi\/WP\/blogi\/kun-hiekka-taiteen-tapasi\/\"},\"wordCount\":143,\"commentCount\":0,\"publisher\":{\"@id\":\"https:\/\/www.remonen.fi\/WP\/#\/schema\/person\/1803c23d1d4f6722054eb2ac7f7a97cd\"},\"image\":{\"@id\":\"https:\/\/www.remonen.fi\/WP\/blogi\/kun-hiekka-taiteen-tapasi\/#primaryimage\"},\"thumbnailUrl\":\"https:\/\/www.remonen.fi\/WP\/wp-content\/uploads\/2014\/06\/artmeetssand-5.jpg\",\"keywords\":[\"ArtMeets Sand\",\"Korkeasaari\"],\"articleSection\":[\"Blog\"],\"inLanguage\":\"fi\",\"potentialAction\":[{\"@type\":\"CommentAction\",\"name\":\"Comment\",\"target\":[\"https:\/\/www.remonen.fi\/WP\/blogi\/kun-hiekka-taiteen-tapasi\/#respond\"]}]},{\"@type\":\"WebPage\",\"@id\":\"https:\/\/www.remonen.fi\/WP\/blogi\/kun-hiekka-taiteen-tapasi\/\",\"url\":\"https:\/\/www.remonen.fi\/WP\/blogi\/kun-hiekka-taiteen-tapasi\/\",\"name\":\"Kun hiekka taiteen tapasi - gREat MOments NEver forgotteN\",\"isPartOf\":{\"@id\":\"https:\/\/www.remonen.fi\/WP\/#website\"},\"primaryImageOfPage\":{\"@id\":\"https:\/\/www.remonen.fi\/WP\/blogi\/kun-hiekka-taiteen-tapasi\/#primaryimage\"},\"image\":{\"@id\":\"https:\/\/www.remonen.fi\/WP\/blogi\/kun-hiekka-taiteen-tapasi\/#primaryimage\"},\"thumbnailUrl\":\"https:\/\/www.remonen.fi\/WP\/wp-content\/uploads\/2014\/06\/artmeetssand-5.jpg\",\"datePublished\":\"2014-06-15T17:53:33+00:00\",\"breadcrumb\":{\"@id\":\"https:\/\/www.remonen.fi\/WP\/blogi\/kun-hiekka-taiteen-tapasi\/#breadcrumb\"},\"inLanguage\":\"fi\",\"potentialAction\":[{\"@type\":\"ReadAction\",\"target\":[\"https:\/\/www.remonen.fi\/WP\/blogi\/kun-hiekka-taiteen-tapasi\/\"]}]},{\"@type\":\"ImageObject\",\"inLanguage\":\"fi\",\"@id\":\"https:\/\/www.remonen.fi\/WP\/blogi\/kun-hiekka-taiteen-tapasi\/#primaryimage\",\"url\":\"https:\/\/www.remonen.fi\/WP\/wp-content\/uploads\/2014\/06\/artmeetssand-5.jpg\",\"contentUrl\":\"https:\/\/www.remonen.fi\/WP\/wp-content\/uploads\/2014\/06\/artmeetssand-5.jpg\",\"width\":800,\"height\":534},{\"@type\":\"BreadcrumbList\",\"@id\":\"https:\/\/www.remonen.fi\/WP\/blogi\/kun-hiekka-taiteen-tapasi\/#breadcrumb\",\"itemListElement\":[{\"@type\":\"ListItem\",\"position\":1,\"name\":\"Etusivu\",\"item\":\"https:\/\/www.remonen.fi\/WP\/\"},{\"@type\":\"ListItem\",\"position\":2,\"name\":\"Kun hiekka taiteen tapasi\"}]},{\"@type\":\"WebSite\",\"@id\":\"https:\/\/www.remonen.fi\/WP\/#website\",\"url\":\"https:\/\/www.remonen.fi\/WP\/\",\"name\":\"remonen.fi\",\"description\":\"Valokuvia ja tarinaa laidasta laitaan\",\"publisher\":{\"@id\":\"https:\/\/www.remonen.fi\/WP\/#\/schema\/person\/1803c23d1d4f6722054eb2ac7f7a97cd\"},\"potentialAction\":[{\"@type\":\"SearchAction\",\"target\":{\"@type\":\"EntryPoint\",\"urlTemplate\":\"https:\/\/www.remonen.fi\/WP\/?s={search_term_string}\"},\"query-input\":{\"@type\":\"PropertyValueSpecification\",\"valueRequired\":true,\"valueName\":\"search_term_string\"}}],\"inLanguage\":\"fi\"},{\"@type\":[\"Person\",\"Organization\"],\"@id\":\"https:\/\/www.remonen.fi\/WP\/#\/schema\/person\/1803c23d1d4f6722054eb2ac7f7a97cd\",\"name\":\"Matti Remonen\",\"logo\":{\"@id\":\"https:\/\/www.remonen.fi\/WP\/#\/schema\/person\/image\/\"},\"url\":\"https:\/\/www.remonen.fi\/WP\/blogi\/author\/mre\/\"}]}<\/script>\n<!-- \/ Yoast SEO plugin. -->","yoast_head_json":{"title":"Kun hiekka taiteen tapasi - gREat MOments NEver forgotteN","robots":{"index":"index","follow":"follow","max-snippet":"max-snippet:-1","max-image-preview":"max-image-preview:large","max-video-preview":"max-video-preview:-1"},"canonical":"https:\/\/www.remonen.fi\/WP\/blogi\/kun-hiekka-taiteen-tapasi\/","og_locale":"fi_FI","og_type":"article","og_title":"Kun hiekka taiteen tapasi - gREat MOments NEver forgotteN","og_description":"Helmikuussa, aina hiihtoloman aikaan Korkeasaaressa j\u00e4rjestet\u00e4\u00e4n j\u00e4\u00e4veistokilpailut. Johtuen ajankohdasta en oikein koskaan sinne p\u00e4\u00e4se, vaan hiihtoloma menee aina muualla. Kes\u00e4ll\u00e4 onneksi on j\u00e4\u00e4veiston vastakohta: hiekkaveistosten SM-kisat. Ihan sattumalta bongasin tapahtuman hesarista ja kerrankin mulla oli sopivasti aikaa, joten ei muuta kuin kamera mukaan ja kohti Korkeasaarta. Varsinainen veistoaika oli jo p\u00e4\u00e4ttynyt kun p\u00e4\u00e4sin sinne, mutta [&hellip;]","og_url":"https:\/\/www.remonen.fi\/WP\/blogi\/kun-hiekka-taiteen-tapasi\/","og_site_name":"remonen.fi","article_published_time":"2014-06-15T17:53:33+00:00","og_image":[{"width":800,"height":534,"url":"https:\/\/www.remonen.fi\/WP\/wp-content\/uploads\/2014\/06\/artmeetssand-5.jpg","type":"image\/jpeg"}],"author":"Matti Remonen","twitter_misc":{"Kirjoittanut":"Matti Remonen","Arvioitu lukuaika":"1 minuutti"},"schema":{"@context":"https:\/\/schema.org","@graph":[{"@type":"Article","@id":"https:\/\/www.remonen.fi\/WP\/blogi\/kun-hiekka-taiteen-tapasi\/#article","isPartOf":{"@id":"https:\/\/www.remonen.fi\/WP\/blogi\/kun-hiekka-taiteen-tapasi\/"},"author":{"name":"Matti Remonen","@id":"https:\/\/www.remonen.fi\/WP\/#\/schema\/person\/1803c23d1d4f6722054eb2ac7f7a97cd"},"headline":"Kun hiekka taiteen tapasi","datePublished":"2014-06-15T17:53:33+00:00","mainEntityOfPage":{"@id":"https:\/\/www.remonen.fi\/WP\/blogi\/kun-hiekka-taiteen-tapasi\/"},"wordCount":143,"commentCount":0,"publisher":{"@id":"https:\/\/www.remonen.fi\/WP\/#\/schema\/person\/1803c23d1d4f6722054eb2ac7f7a97cd"},"image":{"@id":"https:\/\/www.remonen.fi\/WP\/blogi\/kun-hiekka-taiteen-tapasi\/#primaryimage"},"thumbnailUrl":"https:\/\/www.remonen.fi\/WP\/wp-content\/uploads\/2014\/06\/artmeetssand-5.jpg","keywords":["ArtMeets Sand","Korkeasaari"],"articleSection":["Blog"],"inLanguage":"fi","potentialAction":[{"@type":"CommentAction","name":"Comment","target":["https:\/\/www.remonen.fi\/WP\/blogi\/kun-hiekka-taiteen-tapasi\/#respond"]}]},{"@type":"WebPage","@id":"https:\/\/www.remonen.fi\/WP\/blogi\/kun-hiekka-taiteen-tapasi\/","url":"https:\/\/www.remonen.fi\/WP\/blogi\/kun-hiekka-taiteen-tapasi\/","name":"Kun hiekka taiteen tapasi - gREat MOments NEver forgotteN","isPartOf":{"@id":"https:\/\/www.remonen.fi\/WP\/#website"},"primaryImageOfPage":{"@id":"https:\/\/www.remonen.fi\/WP\/blogi\/kun-hiekka-taiteen-tapasi\/#primaryimage"},"image":{"@id":"https:\/\/www.remonen.fi\/WP\/blogi\/kun-hiekka-taiteen-tapasi\/#primaryimage"},"thumbnailUrl":"https:\/\/www.remonen.fi\/WP\/wp-content\/uploads\/2014\/06\/artmeetssand-5.jpg","datePublished":"2014-06-15T17:53:33+00:00","breadcrumb":{"@id":"https:\/\/www.remonen.fi\/WP\/blogi\/kun-hiekka-taiteen-tapasi\/#breadcrumb"},"inLanguage":"fi","potentialAction":[{"@type":"ReadAction","target":["https:\/\/www.remonen.fi\/WP\/blogi\/kun-hiekka-taiteen-tapasi\/"]}]},{"@type":"ImageObject","inLanguage":"fi","@id":"https:\/\/www.remonen.fi\/WP\/blogi\/kun-hiekka-taiteen-tapasi\/#primaryimage","url":"https:\/\/www.remonen.fi\/WP\/wp-content\/uploads\/2014\/06\/artmeetssand-5.jpg","contentUrl":"https:\/\/www.remonen.fi\/WP\/wp-content\/uploads\/2014\/06\/artmeetssand-5.jpg","width":800,"height":534},{"@type":"BreadcrumbList","@id":"https:\/\/www.remonen.fi\/WP\/blogi\/kun-hiekka-taiteen-tapasi\/#breadcrumb","itemListElement":[{"@type":"ListItem","position":1,"name":"Etusivu","item":"https:\/\/www.remonen.fi\/WP\/"},{"@type":"ListItem","position":2,"name":"Kun hiekka taiteen tapasi"}]},{"@type":"WebSite","@id":"https:\/\/www.remonen.fi\/WP\/#website","url":"https:\/\/www.remonen.fi\/WP\/","name":"remonen.fi","description":"Valokuvia ja tarinaa laidasta laitaan","publisher":{"@id":"https:\/\/www.remonen.fi\/WP\/#\/schema\/person\/1803c23d1d4f6722054eb2ac7f7a97cd"},"potentialAction":[{"@type":"SearchAction","target":{"@type":"EntryPoint","urlTemplate":"https:\/\/www.remonen.fi\/WP\/?s={search_term_string}"},"query-input":{"@type":"PropertyValueSpecification","valueRequired":true,"valueName":"search_term_string"}}],"inLanguage":"fi"},{"@type":["Person","Organization"],"@id":"https:\/\/www.remonen.fi\/WP\/#\/schema\/person\/1803c23d1d4f6722054eb2ac7f7a97cd","name":"Matti Remonen","logo":{"@id":"https:\/\/www.remonen.fi\/WP\/#\/schema\/person\/image\/"},"url":"https:\/\/www.remonen.fi\/WP\/blogi\/author\/mre\/"}]}},"_links":{"self":[{"href":"https:\/\/www.remonen.fi\/WP\/wp-json\/wp\/v2\/posts\/4424"}],"collection":[{"href":"https:\/\/www.remonen.fi\/WP\/wp-json\/wp\/v2\/posts"}],"about":[{"href":"https:\/\/www.remonen.fi\/WP\/wp-json\/wp\/v2\/types\/post"}],"author":[{"embeddable":true,"href":"https:\/\/www.remonen.fi\/WP\/wp-json\/wp\/v2\/users\/2"}],"replies":[{"embeddable":true,"href":"https:\/\/www.remonen.fi\/WP\/wp-json\/wp\/v2\/comments?post=4424"}],"version-history":[{"count":0,"href":"https:\/\/www.remonen.fi\/WP\/wp-json\/wp\/v2\/posts\/4424\/revisions"}],"wp:featuredmedia":[{"embeddable":true,"href":"https:\/\/www.remonen.fi\/WP\/wp-json\/wp\/v2\/media\/4427"}],"wp:attachment":[{"href":"https:\/\/www.remonen.fi\/WP\/wp-json\/wp\/v2\/media?parent=4424"}],"wp:term":[{"taxonomy":"category","embeddable":true,"href":"https:\/\/www.remonen.fi\/WP\/wp-json\/wp\/v2\/categories?post=4424"},{"taxonomy":"post_tag","embeddable":true,"href":"https:\/\/www.remonen.fi\/WP\/wp-json\/wp\/v2\/tags?post=4424"}],"curies":[{"name":"wp","href":"https:\/\/api.w.org\/{rel}","templated":true}]}}