{"id":4496,"date":"2014-07-01T19:36:06","date_gmt":"2014-07-01T16:36:06","guid":{"rendered":"http:\/\/www.remonen.fi\/?p=4496"},"modified":"2014-07-04T18:52:26","modified_gmt":"2014-07-04T15:52:26","slug":"south-southwest-dark-empire","status":"publish","type":"post","link":"https:\/\/www.remonen.fi\/WP\/blogi\/south-southwest-dark-empire\/","title":{"rendered":"South by Southwest \u2013 Dark Empire"},"content":{"rendered":"<p>Toisen p\u00e4iv\u00e4n kohdalla muutin suunnitelmia alkuper\u00e4isest\u00e4 ja p\u00e4\u00e4tin menn\u00e4 k\u00e4ym\u00e4\u00e4n S\u00f5rven majakalla. Se on tuttu kohden jo edelliselt\u00e4 reissulta. Matkan varrelle oli ker\u00e4tty kuitenkin muitakin kohteita.<\/p>\n<p><a href=\"http:\/\/www.remonen.fi\/WP\/wp-content\/uploads\/2014\/07\/Saarenmaa2014_Day3-Route.jpg\"><img loading=\"lazy\" decoding=\"async\" class=\"aligncenter wp-image-4497\" src=\"http:\/\/www.remonen.fi\/WP\/wp-content\/uploads\/2014\/07\/Saarenmaa2014_Day3-Route.jpg\" alt=\"Saarenmaa2014_Day3-Route\" width=\"600\" height=\"377\" srcset=\"https:\/\/www.remonen.fi\/WP\/wp-content\/uploads\/2014\/07\/Saarenmaa2014_Day3-Route.jpg 1349w, https:\/\/www.remonen.fi\/WP\/wp-content\/uploads\/2014\/07\/Saarenmaa2014_Day3-Route-300x188.jpg 300w, https:\/\/www.remonen.fi\/WP\/wp-content\/uploads\/2014\/07\/Saarenmaa2014_Day3-Route-1024x643.jpg 1024w\" sizes=\"(max-width: 600px) 100vw, 600px\" \/><\/a><\/p>\n<h3>Nasvan kalasatama<\/h3>\n<p><a href=\"http:\/\/www.remonen.fi\/WP\/wp-content\/uploads\/2014\/07\/Saarenmaa2014_Day3-1.jpg\"><img loading=\"lazy\" decoding=\"async\" class=\"alignright wp-image-4517 size-medium\" title=\"Aperture: &#402;\/7.1 | Camera: ILCE-6000 | Taken: 25 kes\u00e4kuun, 2014 | Copyright: (c) Matti Remonen | Exposure bias: +7\/10EV | Flash fired: no | Focal length: 24mm | ISO: 100 | Shutter speed: 1\/200s | \" src=\"http:\/\/www.remonen.fi\/WP\/wp-content\/uploads\/2014\/07\/Saarenmaa2014_Day3-1-300x199.jpg\" alt=\"\" width=\"300\" height=\"199\" srcset=\"https:\/\/www.remonen.fi\/WP\/wp-content\/uploads\/2014\/07\/Saarenmaa2014_Day3-1-300x199.jpg 300w, https:\/\/www.remonen.fi\/WP\/wp-content\/uploads\/2014\/07\/Saarenmaa2014_Day3-1.jpg 800w\" sizes=\"(max-width: 300px) 100vw, 300px\" \/><\/a>Reitti Kuressaaresta S\u00f5rveen on melko suoraviivainen: tiet\u00e4 77 pitkin, kunnes ollaan perill\u00e4. Siin\u00e4 reitin varrella on kuitenkin Nasvan kyl\u00e4 ja sen kalasatama. Kyl\u00e4 on joen varrella ja kalasatama lienee ikiaikaista perua. Ihan poikkeamisen arvoinen paikka, jos on aikaa. Ei mit\u00e4\u00e4n ihmeellist\u00e4, mutta kalastusveneit\u00e4 ja vanhoja ty\u00f6koneita.<\/p>\n<table>\n<tbody>\n<tr>\n<td>Kohde:<\/td>\n<td>[rating=3]<\/td>\n<\/tr>\n<tr>\n<td>Panos\/tuotto:<\/td>\n<td>[rating=5]<\/td>\n<\/tr>\n<\/tbody>\n<\/table>\n<p>&nbsp;<\/p>\n<h3>Salmen kyl\u00e4 ja tehtaan rauniot<\/h3>\n<p><a href=\"http:\/\/www.remonen.fi\/WP\/wp-content\/uploads\/2014\/07\/Saarenmaa2014_Day3-1-2.jpg\"><img loading=\"lazy\" decoding=\"async\" class=\"alignright wp-image-4519 size-medium\" title=\"Aperture: &#402;\/5.6 | Credit: Matti Remonen | Camera: NIKON D800E | Taken: 25 kes\u00e4kuun, 2014 | Copyright: (c) Matti Remonen | Flash fired: no | Focal length: 400mm | ISO: 200 | Shutter speed: 1\/500s | \" src=\"http:\/\/www.remonen.fi\/WP\/wp-content\/uploads\/2014\/07\/Saarenmaa2014_Day3-1-2-200x300.jpg\" alt=\"\" width=\"200\" height=\"300\" srcset=\"https:\/\/www.remonen.fi\/WP\/wp-content\/uploads\/2014\/07\/Saarenmaa2014_Day3-1-2-200x300.jpg 200w, https:\/\/www.remonen.fi\/WP\/wp-content\/uploads\/2014\/07\/Saarenmaa2014_Day3-1-2.jpg 534w\" sizes=\"(max-width: 200px) 100vw, 200px\" \/><\/a>Netin perusteella olin bongannut Salmen kyl\u00e4ss\u00e4 olleen tehtaan rauniot. Valitettavasti ne eiv\u00e4t oikein tuottaneet mit\u00e4\u00e4n iloa: rakennukset on ry\u00f6stetty puhtaaksi (kuten kaikki muutkin hyl\u00e4tyt paikat Saarenmaalla), eiv\u00e4tk\u00e4 ne edes ole kovin kuvaukselliset. Sen sijaan siin\u00e4 vieress\u00e4 oli hevoshaka, joten p\u00e4\u00e4sin treenaamaan hevoskuvaustaitojani.<\/p>\n<p>En kuitenkaan voi suositella, vaikka onkin matkan varrella.<\/p>\n<table>\n<tbody>\n<tr>\n<td>Kohde:<\/td>\n<td>[rating=1]<\/td>\n<\/tr>\n<tr>\n<td>Panos\/tuotto:<\/td>\n<td>[rating=1]<\/td>\n<\/tr>\n<\/tbody>\n<\/table>\n<p>&nbsp;<\/p>\n<p>&nbsp;<\/p>\n<h3>S\u00f5rven majakka ja bunkkerit<\/h3>\n<p><a href=\"http:\/\/www.remonen.fi\/WP\/wp-content\/uploads\/2014\/07\/Saarenmaa2014_Day3-3.jpg\"><img loading=\"lazy\" decoding=\"async\" class=\"alignright wp-image-4515 size-medium\" title=\"Aperture: &#402;\/6.3 | Credit: Matti Remonen | Camera: NIKON D800E | Taken: 25 kes\u00e4kuun, 2014 | Copyright: (c) Matti Remonen | Flash fired: no | Focal length: 16mm | ISO: 200 | Shutter speed: 1\/2000s | \" src=\"http:\/\/www.remonen.fi\/WP\/wp-content\/uploads\/2014\/07\/Saarenmaa2014_Day3-3-200x300.jpg\" alt=\"\" width=\"200\" height=\"300\" srcset=\"https:\/\/www.remonen.fi\/WP\/wp-content\/uploads\/2014\/07\/Saarenmaa2014_Day3-3-200x300.jpg 200w, https:\/\/www.remonen.fi\/WP\/wp-content\/uploads\/2014\/07\/Saarenmaa2014_Day3-3.jpg 534w\" sizes=\"(max-width: 200px) 100vw, 200px\" \/><\/a><a title=\"Sorven majakka\" href=\"http:\/\/www.visitestonia.com\/fi\/sorven-majakka\" target=\"_blank\">S\u00f6rven majakka<\/a> on S\u00e4\u00e4ren niemell\u00e4 ja ehdottomasti vierailun arvoinen paikka. Siell\u00e4 on majakan lis\u00e4ksi parit bunkkerinrauniot rannassa\/rantavedess\u00e4, pieni kahvio, josta saa loistavaa lohisoppaa ja sillivoileipi\u00e4, itse majakka ja vierailijakeskus, jossa esitell\u00e4\u00e4n muitakin Viron majakoita ja muuta merenkulkuun liittyv\u00e4\u00e4. S\u00e4\u00e4ren niemi on 100-150 metri\u00e4 pitk\u00e4 pienist\u00e4 kivist\u00e4 muodostunut kaistale, joka samalla erottaa Riianlahden It\u00e4merest\u00e4. Itse asiassa Latvia on suoraan etel\u00e4\u00e4n niemelt\u00e4.<\/p>\n<p>Itse majakka on betonirakenteinen ja ties kuinka mones tuolla kohtaa. Ilmeisesti sijoitus on majakoille kovin &#8221;tuulinen&#8221;, mutta my\u00f6s t\u00e4rke\u00e4, koska se on aina rakennettu uudelleen edellisen tuhouduttua.<\/p>\n<p>Majakasta nimenk\u00e4rkeen p\u00e4in sijaitsevat parin bunkkerin rauniot, joihin toiseen p\u00e4\u00e4see sis\u00e4lle ja toinen on meren puolella. Merenpuoleinen n\u00e4ytt\u00e4\u00e4 saaneen siipeens\u00e4 sitten viime kes\u00e4n, joten se tuskin siell\u00e4 kauaa en\u00e4\u00e4 seisoo kokonaisena.<\/p>\n<p>Lis\u00e4ksi majakan v\u00e4litt\u00f6m\u00e4ss\u00e4 l\u00e4heisyydess\u00e4 on joukko vanhoja merimerkkej\u00e4, joista on iloa valokuvausmieless\u00e4.<\/p>\n<table class=\" aligncenter\">\n<tbody>\n<tr>\n<td><a href=\"http:\/\/www.remonen.fi\/WP\/wp-content\/uploads\/2014\/07\/Saarenmaa2014_Day3-4.jpg\"><img loading=\"lazy\" decoding=\"async\" class=\"alignnone wp-image-4514 size-medium\" title=\"Aperture: &#402;\/7.1 | Camera: NEX-5N | Taken: 25 kes\u00e4kuun, 2014 | Copyright: (c) Matti Remonen | Exposure bias: +1.3EV | Flash fired: no | Focal length: 25mm | ISO: 100 | Shutter speed: 1\/250s | \" src=\"http:\/\/www.remonen.fi\/WP\/wp-content\/uploads\/2014\/07\/Saarenmaa2014_Day3-4-199x300.jpg\" alt=\"\" width=\"199\" height=\"300\" srcset=\"https:\/\/www.remonen.fi\/WP\/wp-content\/uploads\/2014\/07\/Saarenmaa2014_Day3-4-199x300.jpg 199w, https:\/\/www.remonen.fi\/WP\/wp-content\/uploads\/2014\/07\/Saarenmaa2014_Day3-4.jpg 532w\" sizes=\"(max-width: 199px) 100vw, 199px\" \/><\/a><\/td>\n<td><a href=\"http:\/\/www.remonen.fi\/WP\/wp-content\/uploads\/2014\/07\/Saarenmaa2014_Day3-1-3.jpg\"><img loading=\"lazy\" decoding=\"async\" class=\"alignnone wp-image-4525\" title=\"Aperture: &#402;\/7.1 | Camera: NEX-5N | Taken: 25 kes\u00e4kuun, 2014 | Copyright: (c) Matti Remonen | Exposure bias: +1.3EV | Flash fired: no | Focal length: 22mm | ISO: 100 | Shutter speed: 1\/200s | \" src=\"http:\/\/www.remonen.fi\/WP\/wp-content\/uploads\/2014\/07\/Saarenmaa2014_Day3-1-3-300x199.jpg\" alt=\"\" width=\"260\" height=\"173\" srcset=\"https:\/\/www.remonen.fi\/WP\/wp-content\/uploads\/2014\/07\/Saarenmaa2014_Day3-1-3-300x199.jpg 300w, https:\/\/www.remonen.fi\/WP\/wp-content\/uploads\/2014\/07\/Saarenmaa2014_Day3-1-3.jpg 800w\" sizes=\"(max-width: 260px) 100vw, 260px\" \/><\/a><\/td>\n<td><a href=\"http:\/\/www.remonen.fi\/WP\/wp-content\/uploads\/2014\/07\/Saarenmaa2014_Day3-5.jpg\"><img loading=\"lazy\" decoding=\"async\" class=\"alignnone wp-image-4513 size-medium\" title=\"Aperture: &#402;\/7.1 | Camera: NEX-5N | Taken: 25 kes\u00e4kuun, 2014 | Copyright: (c) Matti Remonen | Exposure bias: +2.3EV | Flash fired: no | Focal length: 24mm | ISO: 100 | Shutter speed: 1\/125s | \" src=\"http:\/\/www.remonen.fi\/WP\/wp-content\/uploads\/2014\/07\/Saarenmaa2014_Day3-5-199x300.jpg\" alt=\"\" width=\"199\" height=\"300\" srcset=\"https:\/\/www.remonen.fi\/WP\/wp-content\/uploads\/2014\/07\/Saarenmaa2014_Day3-5-199x300.jpg 199w, https:\/\/www.remonen.fi\/WP\/wp-content\/uploads\/2014\/07\/Saarenmaa2014_Day3-5.jpg 532w\" sizes=\"(max-width: 199px) 100vw, 199px\" \/><\/a><\/td>\n<\/tr>\n<\/tbody>\n<\/table>\n<p>Majakalle viev\u00e4n tien varressa on lis\u00e4ksi sota-ajan muistomerkkej\u00e4 ja vanhan rannikkovartiopatterin 305-millisten tykkien jalustoja.<\/p>\n<p>&#8221;Must&#8221;-paikka, jos Saarenmaalla sattuu k\u00e4ym\u00e4\u00e4n.<\/p>\n<table>\n<tbody>\n<tr>\n<td>Kohde:<\/td>\n<td>[rating=5]<\/td>\n<\/tr>\n<tr>\n<td>Panos\/tuotto:<\/td>\n<td>[rating=5]<\/td>\n<\/tr>\n<\/tbody>\n<\/table>\n<p>&nbsp;<\/p>\n<h3>S\u00f6rve militaarmuseum<\/h3>\n<p><a href=\"http:\/\/www.remonen.fi\/WP\/wp-content\/uploads\/2014\/07\/Saarenmaa2014_Day3-8.jpg\"><img loading=\"lazy\" decoding=\"async\" class=\"alignright wp-image-4510 size-medium\" title=\"Aperture: &#402;\/2.8 | Credit: Matti Remonen | Camera: NIKON D800E | Taken: 25 kes\u00e4kuun, 2014 | Copyright: (c) Matti Remonen | Flash fired: no | Focal length: 70mm | ISO: 200 | Shutter speed: 1\/1250s | \" src=\"http:\/\/www.remonen.fi\/WP\/wp-content\/uploads\/2014\/07\/Saarenmaa2014_Day3-8-200x300.jpg\" alt=\"\" width=\"200\" height=\"300\" srcset=\"https:\/\/www.remonen.fi\/WP\/wp-content\/uploads\/2014\/07\/Saarenmaa2014_Day3-8-200x300.jpg 200w, https:\/\/www.remonen.fi\/WP\/wp-content\/uploads\/2014\/07\/Saarenmaa2014_Day3-8.jpg 534w\" sizes=\"(max-width: 200px) 100vw, 200px\" \/><\/a><a title=\"Sorven sotamuseo\" href=\"http:\/\/www.visitestonia.com\/fi\/sorven-sotahistoriatupa\" target=\"_blank\">S\u00f6rven &#8221;sotamuseo&#8221;<\/a> on ehk\u00e4 hieman liian mahtipontinen nimi entiseen aluevalvontakeskukseen perustetulle &#8221;l\u00f6ydetyn tavaran s\u00e4ilytyspisteelle&#8221;, mutta kyll\u00e4 se k\u00e4ymisen arvoinen on. Oppaana oli vierailuni aikana vanha puolihampaaton mies, joka jutteli niit\u00e4 n\u00e4it\u00e4 iloisesti eestiksi. Enp\u00e4 herran h\u00f6pin\u00f6ist\u00e4 mit\u00e4\u00e4n ymm\u00e4rt\u00e4nyt, mutta onneksi paikalle sitten tulikin muita, joihin h\u00e4n sai kohdentaa tietotulvansa. No, kyll\u00e4 niist\u00e4 esineist\u00e4 sai tolkkua ilman selostustakin. Tuvassa \/ talossa on useampi huone, jotka on sitten jaettu kulloisenkin vallassaolijan mukaan. Eli huoneet on niin neuvostoliittolaisille, kuin saksalaisillekin. Sek\u00e4 Nato-Virolle. N\u00e4ytill\u00e4 oleva tavara ei ole varsinaisesti museokuntoista, vaan enemm\u00e4n siin\u00e4 kunnossa, kun ne on aikanaan l\u00f6ydetty. Neuvostoliiton aikaiset esineet ovat luonnollisesti parhaassa kunnossa ja ne lienee suurin piirtein niill\u00e4 paikoilla, kuin mihin ne on aikanaan j\u00e4\u00e4neet. Oli siell\u00e4 ainakin yksi suomenkielinen kirjakin: &#8221;Maailmanhistorian suurimmat sotilaalliset mokaukset&#8221;. En kyll\u00e4 tied\u00e4, miksi juuri tuo kirja on p\u00e4\u00e4ssyt edustamaan suomalaista (k\u00e4\u00e4nn\u00f6s)kirjallisuutta, jollei sit\u00e4 sitten ole joku delegaatio tuonut aikanaan neukuille lahjaksi. Ja vihjeeksi.<\/p>\n<table class=\" aligncenter\">\n<tbody>\n<tr>\n<td><div id=\"attachment_4512\" style=\"width: 310px\" class=\"wp-caption alignnone\"><a href=\"http:\/\/www.remonen.fi\/WP\/wp-content\/uploads\/2014\/07\/Saarenmaa2014_Day3-6.jpg\"><img loading=\"lazy\" decoding=\"async\" aria-describedby=\"caption-attachment-4512\" class=\"wp-image-4512 size-medium\" title=\"Aperture: &#402;\/6.3 | Credit: Matti Remonen | Camera: NIKON D800E | Taken: 25 kes\u00e4kuun, 2014 | Copyright: (c) Matti Remonen | Flash fired: no | Focal length: 40mm | ISO: 900 | Shutter speed: 1\/40s | \" src=\"http:\/\/www.remonen.fi\/WP\/wp-content\/uploads\/2014\/07\/Saarenmaa2014_Day3-6-300x234.jpg\" alt=\"\" width=\"300\" height=\"234\" srcset=\"https:\/\/www.remonen.fi\/WP\/wp-content\/uploads\/2014\/07\/Saarenmaa2014_Day3-6-300x234.jpg 300w, https:\/\/www.remonen.fi\/WP\/wp-content\/uploads\/2014\/07\/Saarenmaa2014_Day3-6.jpg 800w\" sizes=\"(max-width: 300px) 100vw, 300px\" \/><\/a><p id=\"caption-attachment-4512\" class=\"wp-caption-text\">Ajatonta neukkutaidetta<\/p><\/div><\/td>\n<td><div id=\"attachment_4511\" style=\"width: 219px\" class=\"wp-caption alignnone\"><a href=\"http:\/\/www.remonen.fi\/WP\/wp-content\/uploads\/2014\/07\/Saarenmaa2014_Day3-7.jpg\"><img loading=\"lazy\" decoding=\"async\" aria-describedby=\"caption-attachment-4511\" class=\"wp-image-4511 size-medium\" title=\"Aperture: &#402;\/6.3 | Credit: Matti Remonen | Camera: NIKON D800E | Taken: 25 kes\u00e4kuun, 2014 | Copyright: (c) Matti Remonen | Flash fired: no | Focal length: 60mm | ISO: 1100 | Shutter speed: 1\/60s | \" src=\"http:\/\/www.remonen.fi\/WP\/wp-content\/uploads\/2014\/07\/Saarenmaa2014_Day3-7-209x300.jpg\" alt=\"\" width=\"209\" height=\"300\" srcset=\"https:\/\/www.remonen.fi\/WP\/wp-content\/uploads\/2014\/07\/Saarenmaa2014_Day3-7-209x300.jpg 209w, https:\/\/www.remonen.fi\/WP\/wp-content\/uploads\/2014\/07\/Saarenmaa2014_Day3-7.jpg 558w\" sizes=\"(max-width: 209px) 100vw, 209px\" \/><\/a><p id=\"caption-attachment-4511\" class=\"wp-caption-text\">Mutta osasi ne saksalaisetkin: v\u00e4rv\u00e4ysjuliste vuodelta 1943<\/p><\/div><\/td>\n<\/tr>\n<\/tbody>\n<\/table>\n<p>Joka tapauksessa, k\u00e4ymisen arvoinen paikka, jos tuolla p\u00e4in liikkuu. Ei ehk\u00e4 ihan oman reissunsa v\u00e4\u00e4rti.<\/p>\n<table>\n<tbody>\n<tr>\n<td>Kohde:<\/td>\n<td>[rating=5]<\/td>\n<\/tr>\n<tr>\n<td>Panos\/tuotto:<\/td>\n<td>[rating=4]<\/td>\n<\/tr>\n<\/tbody>\n<\/table>\n<p>&nbsp;<\/p>\n<h3>Stebeli Rannakaitsepatarei<\/h3>\n<p><a href=\"http:\/\/www.remonen.fi\/WP\/wp-content\/uploads\/2014\/07\/Saarenmaa2014_Day3-22.jpg\"><img loading=\"lazy\" decoding=\"async\" class=\"alignright wp-image-4531 size-medium\" title=\"Aperture: &#402;\/5.6 | Credit: Matti Remonen | Camera: NIKON D800E | Taken: 25 kes\u00e4kuun, 2014 | Copyright: (c) Matti Remonen | Flash fired: no | Focal length: 58mm | ISO: 200 | Shutter speed: 1\/500s | \" src=\"http:\/\/www.remonen.fi\/WP\/wp-content\/uploads\/2014\/07\/Saarenmaa2014_Day3-22-200x300.jpg\" alt=\"\" width=\"200\" height=\"300\" srcset=\"https:\/\/www.remonen.fi\/WP\/wp-content\/uploads\/2014\/07\/Saarenmaa2014_Day3-22-200x300.jpg 200w, https:\/\/www.remonen.fi\/WP\/wp-content\/uploads\/2014\/07\/Saarenmaa2014_Day3-22.jpg 534w\" sizes=\"(max-width: 200px) 100vw, 200px\" \/><\/a>Majakalta kun jatkaa tiet\u00e4 no. 103 eteenp\u00e4in, kohdalle tulee &#8221;Stebeli Rannakaitsepatarei&#8221;:n viitat. Ensimm\u00e4isen\u00e4 viitat ohjaavat menosuunnassa oikealle. Sinne ei kannata ajaa (t\u00e4st\u00e4 tuonnempana). Sen sijaan viel\u00e4 hieman eteenp\u00e4in meness\u00e4 tulee viitoitus vasemmalle ja auton nokka kannattaa k\u00e4\u00e4nt\u00e4\u00e4 sinne. Tie oli ainakin t\u00e4ll\u00e4 kertaa ihan siviilautolla ajettavissa. Tosin se on niin kapea, ettei vastaantulevia mahdu v\u00e4ist\u00e4m\u00e4\u00e4n. Tie ei kuitenkaan ole kovin pitk\u00e4 ja puolessa v\u00e4liss\u00e4 onkin levennys ja siin\u00e4 Stebelin rannikkopatteriston komentokeskus, bunkkeri ja muistomerkki. Paikalla on sijainnut tosiaan neuvostoliittolaisen (ukrainalaisen) komentajan perustama rannikkotykist\u00f6patteri, joka oli toiminnassa 1940 &#8211; 1941. Saksalaisten vallattua Saarenmaan toisessa maailmansodassa, patteristot tuhottiin ja bunkkerit t\u00e4ytettiin vedell\u00e4. Nyttemmin virolaiset ovat tyhjent\u00e4neet toisen bunkkerin vedest\u00e4 sek\u00e4 ammuksista ja pelastaneet sielt\u00e4 osan j\u00e4ljell\u00e4 olevista materiaaleista\/laitteista.<\/p>\n<p><a href=\"http:\/\/www.remonen.fi\/WP\/wp-content\/uploads\/2014\/07\/Saarenmaa2014_Day3-10.jpg\"><img loading=\"lazy\" decoding=\"async\" class=\"alignleft wp-image-4508 size-medium\" title=\"Aperture: &#402;\/6.3 | Credit: Matti Remonen | Camera: NIKON D800E | Taken: 25 kes\u00e4kuun, 2014 | Copyright: (c) Matti Remonen | Flash fired: no | Focal length: 44mm | ISO: 200 | Shutter speed: 1\/80s | \" src=\"http:\/\/www.remonen.fi\/WP\/wp-content\/uploads\/2014\/07\/Saarenmaa2014_Day3-10-200x300.jpg\" alt=\"\" width=\"200\" height=\"300\" srcset=\"https:\/\/www.remonen.fi\/WP\/wp-content\/uploads\/2014\/07\/Saarenmaa2014_Day3-10-200x300.jpg 200w, https:\/\/www.remonen.fi\/WP\/wp-content\/uploads\/2014\/07\/Saarenmaa2014_Day3-10.jpg 534w\" sizes=\"(max-width: 200px) 100vw, 200px\" \/><\/a>Komentokeskus on rakennettu muistuttamaan tuulimylly\u00e4, en sitten tied\u00e4 onko muotoilulla ollut suurempaa tarkoitusta. Vieress\u00e4 olevan tykkibunkkerin p\u00e4\u00e4ll\u00e4 on muistomerkki ja itse bunkkeri on periaatteessa suljettu. Periaatteessa siin\u00e4 mieless\u00e4, ett\u00e4 kulkuaukoissa on ristikot, mutta toinen niist\u00e4 oli v\u00e4\u00e4nnetty auki. Joten sis\u00e4\u00e4n p\u00e4\u00e4see, jos haluaa j\u00e4nnityst\u00e4 el\u00e4m\u00e4\u00e4n. Bunkkeri on t\u00e4ysin maan alla, joten siell\u00e4 ei ole mit\u00e4\u00e4n valoa, muuta kuin mit\u00e4 itse vie menness\u00e4\u00e4n.<\/p>\n<p>Toinen pattereista on hieman enemm\u00e4n sis\u00e4maassa ja l\u00e4hemp\u00e4n\u00e4 majakkaa. Siit\u00e4 ei ole j\u00e4ljell\u00e4 kuin reik\u00e4 maassa ja pari veden t\u00e4ytt\u00e4m\u00e4\u00e4 pystysuoraa kulkuaukkoa. Sinne ei ole mit\u00e4\u00e4n mahdollisuutta p\u00e4\u00e4st\u00e4 sis\u00e4lle. Tai ainakaan hengiss\u00e4 ulos. Tykin paikka on my\u00f6s n. vartin k\u00e4velymatkan p\u00e4\u00e4ss\u00e4 tiest\u00e4, joten siell\u00e4 k\u00e4ynti ei juurikaan maksa vaivaa.<\/p>\n<p>&nbsp;<\/p>\n<table class=\" aligncenter\">\n<tbody>\n<tr>\n<td><a href=\"http:\/\/www.remonen.fi\/WP\/wp-content\/uploads\/2014\/07\/Saarenmaa2014_Day3-1-4.jpg\"><img loading=\"lazy\" decoding=\"async\" class=\"alignnone wp-image-4534 size-medium\" title=\"Aperture: &#402;\/5.6 | Credit: Matti Remonen | Camera: NIKON D800E | Taken: 25 kes\u00e4kuun, 2014 | Copyright: (c) Matti Remonen | Flash fired: no | Focal length: 24mm | ISO: 560 | Shutter speed: 1\/25s | \" src=\"http:\/\/www.remonen.fi\/WP\/wp-content\/uploads\/2014\/07\/Saarenmaa2014_Day3-1-4-300x200.jpg\" alt=\"\" width=\"300\" height=\"200\" srcset=\"https:\/\/www.remonen.fi\/WP\/wp-content\/uploads\/2014\/07\/Saarenmaa2014_Day3-1-4-300x200.jpg 300w, https:\/\/www.remonen.fi\/WP\/wp-content\/uploads\/2014\/07\/Saarenmaa2014_Day3-1-4.jpg 800w\" sizes=\"(max-width: 300px) 100vw, 300px\" \/><\/a><\/td>\n<td><a href=\"http:\/\/www.remonen.fi\/WP\/wp-content\/uploads\/2014\/07\/Saarenmaa2014_Day3-11.jpg\"><img loading=\"lazy\" decoding=\"async\" class=\"alignnone wp-image-4507 size-medium\" title=\"Aperture: &#402;\/6.3 | Credit: Matti Remonen | Camera: NIKON D800E | Taken: 25 kes\u00e4kuun, 2014 | Copyright: (c) Matti Remonen | Flash fired: no | Focal length: 28mm | ISO: 200 | Shutter speed: 1\/400s | \" src=\"http:\/\/www.remonen.fi\/WP\/wp-content\/uploads\/2014\/07\/Saarenmaa2014_Day3-11-200x300.jpg\" alt=\"\" width=\"200\" height=\"300\" srcset=\"https:\/\/www.remonen.fi\/WP\/wp-content\/uploads\/2014\/07\/Saarenmaa2014_Day3-11-200x300.jpg 200w, https:\/\/www.remonen.fi\/WP\/wp-content\/uploads\/2014\/07\/Saarenmaa2014_Day3-11.jpg 534w\" sizes=\"(max-width: 200px) 100vw, 200px\" \/><\/a><\/td>\n<\/tr>\n<\/tbody>\n<\/table>\n<p>Komentobunkkeri ja 1. tykkibunkkeri<\/p>\n<table>\n<tbody>\n<tr>\n<td>Kohde:<\/td>\n<td>[rating=5]<\/td>\n<\/tr>\n<tr>\n<td>Panos\/tuotto:<\/td>\n<td>[rating=5]<\/td>\n<\/tr>\n<\/tbody>\n<\/table>\n<p>2. tykkibunkkeri<\/p>\n<table>\n<tbody>\n<tr>\n<td>Kohde:<\/td>\n<td>[rating=3]<\/td>\n<\/tr>\n<tr>\n<td>Panos\/tuotto:<\/td>\n<td>[rating=1]<\/td>\n<\/tr>\n<\/tbody>\n<\/table>\n<p>&nbsp;<\/p>\n<h3>Rannikkopatteriston tulenjohtokeskus<\/h3>\n<p><a href=\"http:\/\/www.remonen.fi\/WP\/wp-content\/uploads\/2014\/07\/Saarenmaa2014_Day3-20.jpg\"><img loading=\"lazy\" decoding=\"async\" class=\"alignright wp-image-4498 size-medium\" title=\"Aperture: &#402;\/5.6 | Credit: Matti Remonen | Camera: NIKON D800E | Taken: 25 kes\u00e4kuun, 2014 | Copyright: (c) Matti Remonen | Flash fired: no | Focal length: 24mm | ISO: 200 | Shutter speed: 1\/100s | \" src=\"http:\/\/www.remonen.fi\/WP\/wp-content\/uploads\/2014\/07\/Saarenmaa2014_Day3-20-200x300.jpg\" alt=\"\" width=\"200\" height=\"300\" srcset=\"https:\/\/www.remonen.fi\/WP\/wp-content\/uploads\/2014\/07\/Saarenmaa2014_Day3-20-200x300.jpg 200w, https:\/\/www.remonen.fi\/WP\/wp-content\/uploads\/2014\/07\/Saarenmaa2014_Day3-20.jpg 534w\" sizes=\"(max-width: 200px) 100vw, 200px\" \/><\/a>Stebelin bunkkerilta hieman eteenp\u00e4in, tien oikealla puolella mets\u00e4ss\u00e4 sijaitsee kummallinen nelikerroksinen tiilirakennus. Sinne ei johda mit\u00e4\u00e4n tiet\u00e4, eik\u00e4 sit\u00e4 ole merkitty mitenk\u00e4\u00e4n. Google Mapsissa se n\u00e4kyy ja on siell\u00e4 joku k\u00e4ynytkin, kun kuva siit\u00e4 l\u00f6ytyy vaikka Googlella hakusanalla &#8221;tondiloss&#8221; (kummituslinna). Linnan l\u00f6yt\u00e4miseen tarvitaan joko tuo Google Maps (57\u00b056&#8217;16.1&#8243;N 22\u00b001&#8217;01.9&#8243;E) tai muu vastaava &#8221;kunnollinen&#8221; gps-navi.<\/p>\n<p>Talo l\u00f6ytyy, jos osuu kohdalle. Jos ei osu, k\u00e4velee ohi. Ainakin n\u00e4in kes\u00e4ll\u00e4. Lehdett\u00f6m\u00e4\u00e4n aikaan sen l\u00f6ytyminen lienee helpompaa. Joka tapauksessa talo on kohtuullisen hyv\u00e4ss\u00e4 kunnossa ja yl\u00f6s p\u00e4\u00e4see helposti hyv\u00e4kuntoisia portaita pitkin. Valoa tulee lukuisista ikkunoista, joten taskulamppuakaan ei tarvitse.<\/p>\n<p>Hieman ihmetytti, ett\u00e4 mik\u00e4 paikka tuo on. Ensin ajattelin, ett\u00e4 kyseess\u00e4 on ollut joku upseerikerho\/bordelli\/tms. sotav\u00e4en huvittelupaikka. Seuraavaksi kehittelin mielest\u00e4ni hyv\u00e4n teorian vapaamuurarien salaisesta kokouspaikasta uhrikivineen. Salaisuus alkoi selvit\u00e4, kun jokaisen kerroksen alimpaan portaaseen oli kaiverrettu p\u00e4iv\u00e4m\u00e4\u00e4r\u00e4 30.10.1947. Sainkin my\u00f6hemmin vahvistuksen asialle Stebelin patterin luona tapaamaltani vanhemmalta virolaisherrasmiehelt\u00e4: kyse on neuvostoliittolaisten aikanaan rakentamasta rannikkotykist\u00f6n tulenjohtokeskuksesta.<\/p>\n<table>\n<tbody>\n<tr>\n<td>Kohde:<\/td>\n<td>[rating=5]<\/td>\n<\/tr>\n<tr>\n<td>Panos\/tuotto:<\/td>\n<td>[rating=5]<\/td>\n<\/tr>\n<\/tbody>\n<\/table>\n<p>&nbsp;<\/p>\n<h3>Tammuna piirivahekordoon<\/h3>\n<p><a href=\"http:\/\/www.remonen.fi\/WP\/wp-content\/uploads\/2014\/07\/Saarenmaa2014_Day3-15.jpg\"><img loading=\"lazy\" decoding=\"async\" class=\"alignright wp-image-4503 size-medium\" title=\"Aperture: &#402;\/7.1 | Credit: Matti Remonen | Camera: NIKON D800E | Taken: 25 kes\u00e4kuun, 2014 | Copyright: (c) Matti Remonen | Flash fired: no | Focal length: 24mm | ISO: 200 | Shutter speed: 1\/30s | \" src=\"http:\/\/www.remonen.fi\/WP\/wp-content\/uploads\/2014\/07\/Saarenmaa2014_Day3-15-300x200.jpg\" alt=\"\" width=\"300\" height=\"200\" srcset=\"https:\/\/www.remonen.fi\/WP\/wp-content\/uploads\/2014\/07\/Saarenmaa2014_Day3-15-300x200.jpg 300w, https:\/\/www.remonen.fi\/WP\/wp-content\/uploads\/2014\/07\/Saarenmaa2014_Day3-15.jpg 800w\" sizes=\"(max-width: 300px) 100vw, 300px\" \/><\/a>Tammunan kunnan aluevalvontakeskus on melkoisen hyv\u00e4ss\u00e4 kunnossa. Se l\u00f6ytyy ajamalla samaista tiet\u00e4 103 eteenp\u00e4in, kunnes tien oikealla puolella n\u00e4kyy rakennuksia. Tie perille on suljettu, mutta auton saa j\u00e4tetty\u00e4 liittym\u00e4np\u00e4tk\u00e4lle. Alueelta l\u00f6ytyv\u00e4t niin asuirankennus, huoltorakennus sek\u00e4 tekniset tilat (tallit, pannuhuone, generaattorihuone, ym). Toki kaikki varastettavissa oleva on viety aikaa sitten, mutta rakennukset ovat suhteellisen hyv\u00e4ss\u00e4 kunnossa. Asuinrakennuksessa ei nyt ole mit\u00e4\u00e4n kovin ihmeellist\u00e4, jollei sitten halua tutustua neuvostosotilaan arkeen huonej\u00e4rjestelyjen osalta. Huoltorakennuksessa on sen sijaan j\u00e4ljell\u00e4 viel\u00e4 vanha liikuntasali, elokuvasali tyhj\u00e4n\u00e4 ja seinill\u00e4 olleita maalauksia (joista yksi, ruokasalissa ollut, on t\u00e4m\u00e4n artikkelin kuvituskuvana).<\/p>\n<table class=\" aligncenter\">\n<tbody>\n<tr>\n<td><a href=\"http:\/\/www.remonen.fi\/WP\/wp-content\/uploads\/2014\/07\/Saarenmaa2014_Day3-16.jpg\"><img loading=\"lazy\" decoding=\"async\" class=\"alignnone wp-image-4502 size-medium\" title=\"Aperture: &#402;\/7.1 | Credit: Matti Remonen | Camera: NIKON D800E | Taken: 25 kes\u00e4kuun, 2014 | Copyright: (c) Matti Remonen | Flash fired: no | Focal length: 55mm | ISO: 2800 | Shutter speed: 1\/60s | \" src=\"http:\/\/www.remonen.fi\/WP\/wp-content\/uploads\/2014\/07\/Saarenmaa2014_Day3-16-200x300.jpg\" alt=\"\" width=\"200\" height=\"300\" srcset=\"https:\/\/www.remonen.fi\/WP\/wp-content\/uploads\/2014\/07\/Saarenmaa2014_Day3-16-200x300.jpg 200w, https:\/\/www.remonen.fi\/WP\/wp-content\/uploads\/2014\/07\/Saarenmaa2014_Day3-16.jpg 534w\" sizes=\"(max-width: 200px) 100vw, 200px\" \/><\/a><\/td>\n<td><a href=\"http:\/\/www.remonen.fi\/WP\/wp-content\/uploads\/2014\/07\/Saarenmaa2014_Day3-13.jpg\"><img loading=\"lazy\" decoding=\"async\" class=\"alignnone wp-image-4505 size-medium\" title=\"Aperture: &#402;\/5.6 | Credit: Matti Remonen | Camera: NIKON D800E | Taken: 25 kes\u00e4kuun, 2014 | Copyright: (c) Matti Remonen | Flash fired: no | Focal length: 24mm | ISO: 200 | Shutter speed: 1\/500s | \" src=\"http:\/\/www.remonen.fi\/WP\/wp-content\/uploads\/2014\/07\/Saarenmaa2014_Day3-13-300x200.jpg\" alt=\"\" width=\"300\" height=\"200\" srcset=\"https:\/\/www.remonen.fi\/WP\/wp-content\/uploads\/2014\/07\/Saarenmaa2014_Day3-13-300x200.jpg 300w, https:\/\/www.remonen.fi\/WP\/wp-content\/uploads\/2014\/07\/Saarenmaa2014_Day3-13.jpg 800w\" sizes=\"(max-width: 300px) 100vw, 300px\" \/><\/a><\/td>\n<\/tr>\n<\/tbody>\n<\/table>\n<p>Pienen\u00e4 detaljina se, ett\u00e4 alueella on ammuskeltu 22-millisell\u00e4 ja jollain j\u00e4re\u00e4mm\u00e4ll\u00e4kin. Tai sitten virolaiset termiitit pit\u00e4v\u00e4t metallista.<\/p>\n<p>Toisena detaljina on jokaiseen neuvostol\u00e4hi\u00f6\u00f6n kuuluva oma valvontabunkkeri, mallia &#8221;volksbunker&#8221;, sek\u00e4 juoksuhaudan p\u00e4tk\u00e4. Nuorna se on vitsa v\u00e4\u00e4nnett\u00e4v\u00e4&#8230;<\/p>\n<table>\n<tbody>\n<tr>\n<td>Kohde:<\/td>\n<td>[rating=5]<\/td>\n<\/tr>\n<tr>\n<td>Panos\/tuotto:<\/td>\n<td>[rating=5]<\/td>\n<\/tr>\n<\/tbody>\n<\/table>\n<p>&nbsp;<\/p>\n<h3>Torgu Kirik<\/h3>\n<p><a href=\"http:\/\/www.remonen.fi\/WP\/wp-content\/uploads\/2014\/07\/Saarenmaa2014_Day3-17.jpg\"><img loading=\"lazy\" decoding=\"async\" class=\"alignright wp-image-4501 size-medium\" title=\"Aperture: &#402;\/7.1 | Credit: Matti Remonen | Camera: NIKON D800E | Taken: 25 kes\u00e4kuun, 2014 | Copyright: (c) Matti Remonen | Flash fired: no | Focal length: 36mm | ISO: 200 | Shutter speed: 1\/500s | \" src=\"http:\/\/www.remonen.fi\/WP\/wp-content\/uploads\/2014\/07\/Saarenmaa2014_Day3-17-200x300.jpg\" alt=\"\" width=\"200\" height=\"300\" srcset=\"https:\/\/www.remonen.fi\/WP\/wp-content\/uploads\/2014\/07\/Saarenmaa2014_Day3-17-200x300.jpg 200w, https:\/\/www.remonen.fi\/WP\/wp-content\/uploads\/2014\/07\/Saarenmaa2014_Day3-17.jpg 534w\" sizes=\"(max-width: 200px) 100vw, 200px\" \/><\/a>Torgun kirkonrauniot ovat kyl\u00e4tien tien vieress\u00e4, l\u00e4hell\u00e4 tiet\u00e4 nr. 104. Kirkko on ilmeisesti saanut siipeens\u00e4 jo toisen maailmansodan aikana. Siit\u00e4 ei ole j\u00e4ljell\u00e4 kuin hyvin huonossa kunnossa olevat rauniot.<\/p>\n<table>\n<tbody>\n<tr>\n<td>Kohde:<\/td>\n<td>[rating=2]<\/td>\n<\/tr>\n<tr>\n<td>Panos\/tuotto:<\/td>\n<td>[rating=2]<\/td>\n<\/tr>\n<\/tbody>\n<\/table>\n<p>&nbsp;<\/p>\n<p>&nbsp;<\/p>\n<p>&nbsp;<\/p>\n<p><strong>Adventure Behind the Adventure<\/strong><\/p>\n<p>T\u00e4h\u00e4n reissuun kuului sitten se pakollinen meno pime\u00e4\u00e4n bunkkeriin, siis t\u00e4h\u00e4n Stebelin tykist\u00f6bunkkeriin, joka on kaksikerroksinen maanalainen laitos. T\u00e4llaisessa operaatiossahan on erityisen t\u00e4rke\u00e4\u00e4, ett\u00e4 jalassa on kunnolliset tilanteeseen sopivat jalkineet, mukana on taskulamppu ja varalamppu sek\u00e4 erityisen t\u00e4rke\u00e4\u00e4 on muistaa katsoa koko ajan jalkoihin, kun kulkee pime\u00e4ss\u00e4 ja tuntemattomassa paikassa. Niin, ja yleens\u00e4 noihin ei kannata menn\u00e4 yksin.<\/p>\n<p><a href=\"http:\/\/www.remonen.fi\/WP\/wp-content\/uploads\/2014\/07\/Saarenmaa2014_Day3-12.jpg\"><img loading=\"lazy\" decoding=\"async\" class=\"alignright wp-image-4506 size-medium\" title=\"Aperture: &#402;\/2.8 | Credit: Matti Remonen | Camera: NIKON D800E | Taken: 25 kes\u00e4kuun, 2014 | Copyright: (c) Matti Remonen | Flash fired: no | Focal length: 24mm | ISO: 4000 | Shutter speed: 1\/15s | \" src=\"http:\/\/www.remonen.fi\/WP\/wp-content\/uploads\/2014\/07\/Saarenmaa2014_Day3-12-200x300.jpg\" alt=\"\" width=\"200\" height=\"300\" srcset=\"https:\/\/www.remonen.fi\/WP\/wp-content\/uploads\/2014\/07\/Saarenmaa2014_Day3-12-200x300.jpg 200w, https:\/\/www.remonen.fi\/WP\/wp-content\/uploads\/2014\/07\/Saarenmaa2014_Day3-12.jpg 534w\" sizes=\"(max-width: 200px) 100vw, 200px\" \/><\/a>Juurikin n\u00e4ist\u00e4 syist\u00e4 minulla oli jalassa k\u00e4velykeng\u00e4t (paksupohjaiset, mutta silti), koska bunkkerissa oli 30 cm vett\u00e4. Yksi taskulamppu. Enk\u00e4 tietysti katsonut jalkoihini, kun piti varmistaa, etteiv\u00e4t zombiet p\u00e4\u00e4se yll\u00e4tt\u00e4m\u00e4\u00e4n. Noin viisi metri\u00e4 ovelta meinasin pudota kannettomaan sadevesikaivoon, kun en katsonut jalkoihini&#8230; vaikea tiet\u00e4\u00e4, paljonko kaivossa oli syvyytt\u00e4, mutta huonosti siin\u00e4 olisi k\u00e4ynyt. Pari askelta edetty\u00e4ni p\u00e4\u00e4tin palata autolle, vaihtaa kumisaappaat, ottaa toisen taskulampun varoiksi ja yritt\u00e4\u00e4 uudelleen. En siltik\u00e4\u00e4n edennyt bunkkerissa kuin varmaan 15 metri\u00e4. Ensinn\u00e4k\u00e4\u00e4n siell\u00e4 ei p\u00e4\u00e4ssyt kunnolla kuvaamaan, kun k\u00e4det loppuivat kesken. Ja toisekseen (t\u00e4m\u00e4 oli se oikea syy): yksi ollessa, jos tuolla olisi jotain k\u00e4ynyt, niin sielt\u00e4 ei olisi omin voimin tultu takaisin. Eik\u00e4 siell\u00e4 toiminut k\u00e4nnykk\u00e4 eik\u00e4 mik\u00e4\u00e4n ja lattialla oli tosiaan minimiss\u00e4\u00e4n se 30 cm vett\u00e4.<\/p>\n<p>&nbsp;<\/p>\n<p><a href=\"http:\/\/www.remonen.fi\/WP\/wp-content\/uploads\/2014\/07\/Saarenmaa2014_Day3-18.jpg\"><img loading=\"lazy\" decoding=\"async\" class=\"aligncenter wp-image-4500\" title=\"HDR...\" src=\"http:\/\/www.remonen.fi\/WP\/wp-content\/uploads\/2014\/07\/Saarenmaa2014_Day3-18.jpg\" alt=\"Saarenmaa2014_Day3-18\" width=\"600\" height=\"398\" srcset=\"https:\/\/www.remonen.fi\/WP\/wp-content\/uploads\/2014\/07\/Saarenmaa2014_Day3-18.jpg 800w, https:\/\/www.remonen.fi\/WP\/wp-content\/uploads\/2014\/07\/Saarenmaa2014_Day3-18-300x198.jpg 300w\" sizes=\"(max-width: 600px) 100vw, 600px\" \/><\/a><\/p>\n<p>Toinen seikkailu koettiin sitten tuota tulenjohtokeskusta etsiess\u00e4. Minulla oli summittainen paikka tiedossa ja ajattelin, ett\u00e4 helposti se sielt\u00e4 l\u00f6ytyy. Ei muuten l\u00f6ydy. Saarenmaalaisessa mets\u00e4ss\u00e4 keskin\u00e4kyvyys on v\u00e4hemm\u00e4n kuin 10 metri\u00e4. K\u00e4velin mets\u00e4ss\u00e4 ristiin rastiin toista tuntia, eik\u00e4 vilaustakaan nelikerroksisesta kivitalosta. Sen sijaan villisikaan t\u00f6rm\u00e4sin. Sis\u00e4inen Obelixini totesi, ett\u00e4 nyt on aika per\u00e4\u00e4nty\u00e4 ja v\u00e4istin kauniisti. Keniassa villisiat eiv\u00e4t j\u00e4\u00e4 juurikaan katsomaan, saatika ett\u00e4 tulisivat p\u00e4\u00e4lle. Mutta Keniassa villisika onkin aika lailla ravintoketjun pohjalla, kun taas Saarenmaalla sill\u00e4 ei liene ihmist\u00e4 lukuunottamatta mit\u00e4\u00e4n luontaisia vihollisia. En siis j\u00e4\u00e4nyt ottamaan siasta mittaa.<\/p>\n<p>Reilun tunnin k\u00e4velyn j\u00e4lkeen totesin, ettei talo l\u00f6ydy ja ajoin takaisin hotellille. Otin iPadin esiin ja katsoin Google Mapsista tarkan paikan. iPad mukaan ja takaisin. K\u00e4velin talolle enemm\u00e4n tai v\u00e4hemm\u00e4n suoraan. Totesin yhden tunnistamani halkopinon mukaan, ett\u00e4 olin ohittanut ne-li-ker-rok-si-sen-ta-lon 10 metrin p\u00e4\u00e4st\u00e4&#8230;<\/p>\n<p><a href=\"http:\/\/www.remonen.fi\/WP\/wp-content\/uploads\/2014\/07\/Saarenmaa2014_Day3-21.jpg\"><img loading=\"lazy\" decoding=\"async\" class=\"aligncenter wp-image-4518\" title=\"Aperture: &#402;\/5.6 | Credit: Matti Remonen | Camera: NIKON D800E | Taken: 25 kes\u00e4kuun, 2014 | Copyright: (c) Matti Remonen | Flash fired: no | Focal length: 70mm | ISO: 200 | Shutter speed: 1\/400s | \" src=\"http:\/\/www.remonen.fi\/WP\/wp-content\/uploads\/2014\/07\/Saarenmaa2014_Day3-21.jpg\" alt=\"\" width=\"600\" height=\"401\" srcset=\"https:\/\/www.remonen.fi\/WP\/wp-content\/uploads\/2014\/07\/Saarenmaa2014_Day3-21.jpg 800w, https:\/\/www.remonen.fi\/WP\/wp-content\/uploads\/2014\/07\/Saarenmaa2014_Day3-21-300x200.jpg 300w\" sizes=\"(max-width: 600px) 100vw, 600px\" \/><\/a><\/p>\n<p>Kaiken kaikkiaan tuon kierroksen tekemiseen minulla meni n. 10 tuntia. Olut maistui Kuressaaressa j\u00e4lleen.<\/p>\n<p><a title=\"South by SouthWest \u2013 Lost in Translation\" href=\"http:\/\/www.remonen.fi\/photoblog\/south-southwest-lost-translation\/\">Ei kun seuraavaan p\u00e4iv\u00e4\u00e4n.<\/a><\/p>\n","protected":false},"excerpt":{"rendered":"<p>Toisen p\u00e4iv\u00e4n kohdalla muutin suunnitelmia alkuper\u00e4isest\u00e4 ja p\u00e4\u00e4tin menn\u00e4 k\u00e4ym\u00e4\u00e4n S\u00f5rven majakalla. Se on tuttu kohden jo edelliselt\u00e4 reissulta. Matkan varrelle oli ker\u00e4tty kuitenkin muitakin kohteita. Nasvan kalasatama Reitti Kuressaaresta S\u00f5rveen on melko suoraviivainen: tiet\u00e4 77 pitkin, kunnes ollaan perill\u00e4. Siin\u00e4 reitin varrella on kuitenkin Nasvan kyl\u00e4 ja sen kalasatama. Kyl\u00e4 on joen varrella ja [&hellip;]<\/p>\n","protected":false},"author":2,"featured_media":4504,"comment_status":"open","ping_status":"closed","sticky":false,"template":"","format":"standard","meta":{"footnotes":""},"categories":[16],"tags":[145,146],"yoast_head":"<!-- This site is optimized with the Yoast SEO plugin v24.5 - https:\/\/yoast.com\/wordpress\/plugins\/seo\/ -->\n<title>SxSW \u2013 Dark Empire - gREat MOments NEver forgotteN<\/title>\n<meta name=\"description\" content=\"Toisen p\u00e4iv\u00e4n kohdalla muutin suunnitelmia alkuper\u00e4isest\u00e4 ja p\u00e4\u00e4tin menn\u00e4 k\u00e4ym\u00e4\u00e4n S\u00f5rven majakalla. Se on tuttu kohden jo edelliselt\u00e4 reissulta.\" \/>\n<meta name=\"robots\" content=\"index, follow, max-snippet:-1, max-image-preview:large, max-video-preview:-1\" \/>\n<link rel=\"canonical\" href=\"https:\/\/www.remonen.fi\/WP\/blogi\/south-southwest-dark-empire\/\" \/>\n<meta property=\"og:locale\" content=\"fi_FI\" \/>\n<meta property=\"og:type\" content=\"article\" \/>\n<meta property=\"og:title\" content=\"SxSW \u2013 Dark Empire - gREat MOments NEver forgotteN\" \/>\n<meta property=\"og:description\" content=\"Toisen p\u00e4iv\u00e4n kohdalla muutin suunnitelmia alkuper\u00e4isest\u00e4 ja p\u00e4\u00e4tin menn\u00e4 k\u00e4ym\u00e4\u00e4n S\u00f5rven majakalla. Se on tuttu kohden jo edelliselt\u00e4 reissulta.\" \/>\n<meta property=\"og:url\" content=\"https:\/\/www.remonen.fi\/WP\/blogi\/south-southwest-dark-empire\/\" \/>\n<meta property=\"og:site_name\" content=\"remonen.fi\" \/>\n<meta property=\"article:published_time\" content=\"2014-07-01T16:36:06+00:00\" \/>\n<meta property=\"article:modified_time\" content=\"2014-07-04T15:52:26+00:00\" \/>\n<meta property=\"og:image\" content=\"https:\/\/www.remonen.fi\/WP\/wp-content\/uploads\/2014\/07\/Saarenmaa2014_Day3-14.jpg\" \/>\n\t<meta property=\"og:image:width\" content=\"800\" \/>\n\t<meta property=\"og:image:height\" content=\"295\" \/>\n\t<meta property=\"og:image:type\" content=\"image\/jpeg\" \/>\n<meta name=\"author\" content=\"Matti Remonen\" \/>\n<meta name=\"twitter:label1\" content=\"Kirjoittanut\" \/>\n\t<meta name=\"twitter:data1\" content=\"Matti Remonen\" \/>\n\t<meta name=\"twitter:label2\" content=\"Arvioitu lukuaika\" \/>\n\t<meta name=\"twitter:data2\" content=\"8 minuuttia\" \/>\n<script type=\"application\/ld+json\" class=\"yoast-schema-graph\">{\"@context\":\"https:\/\/schema.org\",\"@graph\":[{\"@type\":\"Article\",\"@id\":\"https:\/\/www.remonen.fi\/WP\/blogi\/south-southwest-dark-empire\/#article\",\"isPartOf\":{\"@id\":\"https:\/\/www.remonen.fi\/WP\/blogi\/south-southwest-dark-empire\/\"},\"author\":{\"name\":\"Matti Remonen\",\"@id\":\"https:\/\/www.remonen.fi\/WP\/#\/schema\/person\/1803c23d1d4f6722054eb2ac7f7a97cd\"},\"headline\":\"South by Southwest \u2013 Dark Empire\",\"datePublished\":\"2014-07-01T16:36:06+00:00\",\"dateModified\":\"2014-07-04T15:52:26+00:00\",\"mainEntityOfPage\":{\"@id\":\"https:\/\/www.remonen.fi\/WP\/blogi\/south-southwest-dark-empire\/\"},\"wordCount\":1629,\"commentCount\":0,\"publisher\":{\"@id\":\"https:\/\/www.remonen.fi\/WP\/#\/schema\/person\/1803c23d1d4f6722054eb2ac7f7a97cd\"},\"image\":{\"@id\":\"https:\/\/www.remonen.fi\/WP\/blogi\/south-southwest-dark-empire\/#primaryimage\"},\"thumbnailUrl\":\"https:\/\/www.remonen.fi\/WP\/wp-content\/uploads\/2014\/07\/Saarenmaa2014_Day3-14.jpg\",\"keywords\":[\"Kuressaari\",\"Saarenmaa\"],\"articleSection\":[\"Blog\"],\"inLanguage\":\"fi\",\"potentialAction\":[{\"@type\":\"CommentAction\",\"name\":\"Comment\",\"target\":[\"https:\/\/www.remonen.fi\/WP\/blogi\/south-southwest-dark-empire\/#respond\"]}]},{\"@type\":\"WebPage\",\"@id\":\"https:\/\/www.remonen.fi\/WP\/blogi\/south-southwest-dark-empire\/\",\"url\":\"https:\/\/www.remonen.fi\/WP\/blogi\/south-southwest-dark-empire\/\",\"name\":\"SxSW \u2013 Dark Empire - gREat MOments NEver forgotteN\",\"isPartOf\":{\"@id\":\"https:\/\/www.remonen.fi\/WP\/#website\"},\"primaryImageOfPage\":{\"@id\":\"https:\/\/www.remonen.fi\/WP\/blogi\/south-southwest-dark-empire\/#primaryimage\"},\"image\":{\"@id\":\"https:\/\/www.remonen.fi\/WP\/blogi\/south-southwest-dark-empire\/#primaryimage\"},\"thumbnailUrl\":\"https:\/\/www.remonen.fi\/WP\/wp-content\/uploads\/2014\/07\/Saarenmaa2014_Day3-14.jpg\",\"datePublished\":\"2014-07-01T16:36:06+00:00\",\"dateModified\":\"2014-07-04T15:52:26+00:00\",\"description\":\"Toisen p\u00e4iv\u00e4n kohdalla muutin suunnitelmia alkuper\u00e4isest\u00e4 ja p\u00e4\u00e4tin menn\u00e4 k\u00e4ym\u00e4\u00e4n S\u00f5rven majakalla. Se on tuttu kohden jo edelliselt\u00e4 reissulta.\",\"breadcrumb\":{\"@id\":\"https:\/\/www.remonen.fi\/WP\/blogi\/south-southwest-dark-empire\/#breadcrumb\"},\"inLanguage\":\"fi\",\"potentialAction\":[{\"@type\":\"ReadAction\",\"target\":[\"https:\/\/www.remonen.fi\/WP\/blogi\/south-southwest-dark-empire\/\"]}]},{\"@type\":\"ImageObject\",\"inLanguage\":\"fi\",\"@id\":\"https:\/\/www.remonen.fi\/WP\/blogi\/south-southwest-dark-empire\/#primaryimage\",\"url\":\"https:\/\/www.remonen.fi\/WP\/wp-content\/uploads\/2014\/07\/Saarenmaa2014_Day3-14.jpg\",\"contentUrl\":\"https:\/\/www.remonen.fi\/WP\/wp-content\/uploads\/2014\/07\/Saarenmaa2014_Day3-14.jpg\",\"width\":800,\"height\":295},{\"@type\":\"BreadcrumbList\",\"@id\":\"https:\/\/www.remonen.fi\/WP\/blogi\/south-southwest-dark-empire\/#breadcrumb\",\"itemListElement\":[{\"@type\":\"ListItem\",\"position\":1,\"name\":\"Etusivu\",\"item\":\"https:\/\/www.remonen.fi\/WP\/\"},{\"@type\":\"ListItem\",\"position\":2,\"name\":\"South by Southwest \u2013 Dark Empire\"}]},{\"@type\":\"WebSite\",\"@id\":\"https:\/\/www.remonen.fi\/WP\/#website\",\"url\":\"https:\/\/www.remonen.fi\/WP\/\",\"name\":\"remonen.fi\",\"description\":\"Valokuvia ja tarinaa laidasta laitaan\",\"publisher\":{\"@id\":\"https:\/\/www.remonen.fi\/WP\/#\/schema\/person\/1803c23d1d4f6722054eb2ac7f7a97cd\"},\"potentialAction\":[{\"@type\":\"SearchAction\",\"target\":{\"@type\":\"EntryPoint\",\"urlTemplate\":\"https:\/\/www.remonen.fi\/WP\/?s={search_term_string}\"},\"query-input\":{\"@type\":\"PropertyValueSpecification\",\"valueRequired\":true,\"valueName\":\"search_term_string\"}}],\"inLanguage\":\"fi\"},{\"@type\":[\"Person\",\"Organization\"],\"@id\":\"https:\/\/www.remonen.fi\/WP\/#\/schema\/person\/1803c23d1d4f6722054eb2ac7f7a97cd\",\"name\":\"Matti Remonen\",\"logo\":{\"@id\":\"https:\/\/www.remonen.fi\/WP\/#\/schema\/person\/image\/\"},\"url\":\"https:\/\/www.remonen.fi\/WP\/blogi\/author\/mre\/\"}]}<\/script>\n<!-- \/ Yoast SEO plugin. -->","yoast_head_json":{"title":"SxSW \u2013 Dark Empire - gREat MOments NEver forgotteN","description":"Toisen p\u00e4iv\u00e4n kohdalla muutin suunnitelmia alkuper\u00e4isest\u00e4 ja p\u00e4\u00e4tin menn\u00e4 k\u00e4ym\u00e4\u00e4n S\u00f5rven majakalla. Se on tuttu kohden jo edelliselt\u00e4 reissulta.","robots":{"index":"index","follow":"follow","max-snippet":"max-snippet:-1","max-image-preview":"max-image-preview:large","max-video-preview":"max-video-preview:-1"},"canonical":"https:\/\/www.remonen.fi\/WP\/blogi\/south-southwest-dark-empire\/","og_locale":"fi_FI","og_type":"article","og_title":"SxSW \u2013 Dark Empire - gREat MOments NEver forgotteN","og_description":"Toisen p\u00e4iv\u00e4n kohdalla muutin suunnitelmia alkuper\u00e4isest\u00e4 ja p\u00e4\u00e4tin menn\u00e4 k\u00e4ym\u00e4\u00e4n S\u00f5rven majakalla. Se on tuttu kohden jo edelliselt\u00e4 reissulta.","og_url":"https:\/\/www.remonen.fi\/WP\/blogi\/south-southwest-dark-empire\/","og_site_name":"remonen.fi","article_published_time":"2014-07-01T16:36:06+00:00","article_modified_time":"2014-07-04T15:52:26+00:00","og_image":[{"width":800,"height":295,"url":"https:\/\/www.remonen.fi\/WP\/wp-content\/uploads\/2014\/07\/Saarenmaa2014_Day3-14.jpg","type":"image\/jpeg"}],"author":"Matti Remonen","twitter_misc":{"Kirjoittanut":"Matti Remonen","Arvioitu lukuaika":"8 minuuttia"},"schema":{"@context":"https:\/\/schema.org","@graph":[{"@type":"Article","@id":"https:\/\/www.remonen.fi\/WP\/blogi\/south-southwest-dark-empire\/#article","isPartOf":{"@id":"https:\/\/www.remonen.fi\/WP\/blogi\/south-southwest-dark-empire\/"},"author":{"name":"Matti Remonen","@id":"https:\/\/www.remonen.fi\/WP\/#\/schema\/person\/1803c23d1d4f6722054eb2ac7f7a97cd"},"headline":"South by Southwest \u2013 Dark Empire","datePublished":"2014-07-01T16:36:06+00:00","dateModified":"2014-07-04T15:52:26+00:00","mainEntityOfPage":{"@id":"https:\/\/www.remonen.fi\/WP\/blogi\/south-southwest-dark-empire\/"},"wordCount":1629,"commentCount":0,"publisher":{"@id":"https:\/\/www.remonen.fi\/WP\/#\/schema\/person\/1803c23d1d4f6722054eb2ac7f7a97cd"},"image":{"@id":"https:\/\/www.remonen.fi\/WP\/blogi\/south-southwest-dark-empire\/#primaryimage"},"thumbnailUrl":"https:\/\/www.remonen.fi\/WP\/wp-content\/uploads\/2014\/07\/Saarenmaa2014_Day3-14.jpg","keywords":["Kuressaari","Saarenmaa"],"articleSection":["Blog"],"inLanguage":"fi","potentialAction":[{"@type":"CommentAction","name":"Comment","target":["https:\/\/www.remonen.fi\/WP\/blogi\/south-southwest-dark-empire\/#respond"]}]},{"@type":"WebPage","@id":"https:\/\/www.remonen.fi\/WP\/blogi\/south-southwest-dark-empire\/","url":"https:\/\/www.remonen.fi\/WP\/blogi\/south-southwest-dark-empire\/","name":"SxSW \u2013 Dark Empire - gREat MOments NEver forgotteN","isPartOf":{"@id":"https:\/\/www.remonen.fi\/WP\/#website"},"primaryImageOfPage":{"@id":"https:\/\/www.remonen.fi\/WP\/blogi\/south-southwest-dark-empire\/#primaryimage"},"image":{"@id":"https:\/\/www.remonen.fi\/WP\/blogi\/south-southwest-dark-empire\/#primaryimage"},"thumbnailUrl":"https:\/\/www.remonen.fi\/WP\/wp-content\/uploads\/2014\/07\/Saarenmaa2014_Day3-14.jpg","datePublished":"2014-07-01T16:36:06+00:00","dateModified":"2014-07-04T15:52:26+00:00","description":"Toisen p\u00e4iv\u00e4n kohdalla muutin suunnitelmia alkuper\u00e4isest\u00e4 ja p\u00e4\u00e4tin menn\u00e4 k\u00e4ym\u00e4\u00e4n S\u00f5rven majakalla. Se on tuttu kohden jo edelliselt\u00e4 reissulta.","breadcrumb":{"@id":"https:\/\/www.remonen.fi\/WP\/blogi\/south-southwest-dark-empire\/#breadcrumb"},"inLanguage":"fi","potentialAction":[{"@type":"ReadAction","target":["https:\/\/www.remonen.fi\/WP\/blogi\/south-southwest-dark-empire\/"]}]},{"@type":"ImageObject","inLanguage":"fi","@id":"https:\/\/www.remonen.fi\/WP\/blogi\/south-southwest-dark-empire\/#primaryimage","url":"https:\/\/www.remonen.fi\/WP\/wp-content\/uploads\/2014\/07\/Saarenmaa2014_Day3-14.jpg","contentUrl":"https:\/\/www.remonen.fi\/WP\/wp-content\/uploads\/2014\/07\/Saarenmaa2014_Day3-14.jpg","width":800,"height":295},{"@type":"BreadcrumbList","@id":"https:\/\/www.remonen.fi\/WP\/blogi\/south-southwest-dark-empire\/#breadcrumb","itemListElement":[{"@type":"ListItem","position":1,"name":"Etusivu","item":"https:\/\/www.remonen.fi\/WP\/"},{"@type":"ListItem","position":2,"name":"South by Southwest \u2013 Dark Empire"}]},{"@type":"WebSite","@id":"https:\/\/www.remonen.fi\/WP\/#website","url":"https:\/\/www.remonen.fi\/WP\/","name":"remonen.fi","description":"Valokuvia ja tarinaa laidasta laitaan","publisher":{"@id":"https:\/\/www.remonen.fi\/WP\/#\/schema\/person\/1803c23d1d4f6722054eb2ac7f7a97cd"},"potentialAction":[{"@type":"SearchAction","target":{"@type":"EntryPoint","urlTemplate":"https:\/\/www.remonen.fi\/WP\/?s={search_term_string}"},"query-input":{"@type":"PropertyValueSpecification","valueRequired":true,"valueName":"search_term_string"}}],"inLanguage":"fi"},{"@type":["Person","Organization"],"@id":"https:\/\/www.remonen.fi\/WP\/#\/schema\/person\/1803c23d1d4f6722054eb2ac7f7a97cd","name":"Matti Remonen","logo":{"@id":"https:\/\/www.remonen.fi\/WP\/#\/schema\/person\/image\/"},"url":"https:\/\/www.remonen.fi\/WP\/blogi\/author\/mre\/"}]}},"_links":{"self":[{"href":"https:\/\/www.remonen.fi\/WP\/wp-json\/wp\/v2\/posts\/4496"}],"collection":[{"href":"https:\/\/www.remonen.fi\/WP\/wp-json\/wp\/v2\/posts"}],"about":[{"href":"https:\/\/www.remonen.fi\/WP\/wp-json\/wp\/v2\/types\/post"}],"author":[{"embeddable":true,"href":"https:\/\/www.remonen.fi\/WP\/wp-json\/wp\/v2\/users\/2"}],"replies":[{"embeddable":true,"href":"https:\/\/www.remonen.fi\/WP\/wp-json\/wp\/v2\/comments?post=4496"}],"version-history":[{"count":0,"href":"https:\/\/www.remonen.fi\/WP\/wp-json\/wp\/v2\/posts\/4496\/revisions"}],"wp:featuredmedia":[{"embeddable":true,"href":"https:\/\/www.remonen.fi\/WP\/wp-json\/wp\/v2\/media\/4504"}],"wp:attachment":[{"href":"https:\/\/www.remonen.fi\/WP\/wp-json\/wp\/v2\/media?parent=4496"}],"wp:term":[{"taxonomy":"category","embeddable":true,"href":"https:\/\/www.remonen.fi\/WP\/wp-json\/wp\/v2\/categories?post=4496"},{"taxonomy":"post_tag","embeddable":true,"href":"https:\/\/www.remonen.fi\/WP\/wp-json\/wp\/v2\/tags?post=4496"}],"curies":[{"name":"wp","href":"https:\/\/api.w.org\/{rel}","templated":true}]}}