{"id":4554,"date":"2014-07-03T17:13:01","date_gmt":"2014-07-03T14:13:01","guid":{"rendered":"http:\/\/www.remonen.fi\/?p=4554"},"modified":"2014-07-04T18:51:24","modified_gmt":"2014-07-04T15:51:24","slug":"south-southwest-lost-translation","status":"publish","type":"post","link":"https:\/\/www.remonen.fi\/WP\/blogi\/south-southwest-lost-translation\/","title":{"rendered":"South by SouthWest &#8211; Lost in Translation"},"content":{"rendered":"<p>Nelj\u00e4s ja viiden p\u00e4iv\u00e4 on niputettu samaan blokiin, kun molempina p\u00e4ivin\u00e4 kohteita oli aika rajallinen m\u00e4\u00e4r\u00e4.<\/p>\n<table class=\" aligncenter\">\n<tbody>\n<tr>\n<td>\n<p><div id=\"attachment_4565\" style=\"width: 310px\" class=\"wp-caption alignnone\"><a href=\"http:\/\/www.remonen.fi\/WP\/wp-content\/uploads\/2014\/07\/Saarenmaa2014_Day4-Route.jpg\"><img loading=\"lazy\" decoding=\"async\" aria-describedby=\"caption-attachment-4565\" class=\"wp-image-4565 size-medium\" src=\"http:\/\/www.remonen.fi\/WP\/wp-content\/uploads\/2014\/07\/Saarenmaa2014_Day4-Route-300x189.jpg\" alt=\"Saarenmaa2014_Day4-Route\" width=\"300\" height=\"189\" srcset=\"https:\/\/www.remonen.fi\/WP\/wp-content\/uploads\/2014\/07\/Saarenmaa2014_Day4-Route-300x189.jpg 300w, https:\/\/www.remonen.fi\/WP\/wp-content\/uploads\/2014\/07\/Saarenmaa2014_Day4-Route-1024x647.jpg 1024w, https:\/\/www.remonen.fi\/WP\/wp-content\/uploads\/2014\/07\/Saarenmaa2014_Day4-Route.jpg 1154w\" sizes=\"(max-width: 300px) 100vw, 300px\" \/><\/a><p id=\"caption-attachment-4565\" class=\"wp-caption-text\">P\u00e4iv\u00e4 4<\/p><\/div><\/td>\n<td><\/td>\n<td>\n<p><div id=\"attachment_4566\" style=\"width: 310px\" class=\"wp-caption alignnone\"><a href=\"http:\/\/www.remonen.fi\/WP\/wp-content\/uploads\/2014\/07\/Saarenmaa2014_Day5-Route.jpg\"><img loading=\"lazy\" decoding=\"async\" aria-describedby=\"caption-attachment-4566\" class=\"wp-image-4566 size-medium\" src=\"http:\/\/www.remonen.fi\/WP\/wp-content\/uploads\/2014\/07\/Saarenmaa2014_Day5-Route-300x146.jpg\" alt=\"Saarenmaa2014_Day5-Route\" width=\"300\" height=\"146\" srcset=\"https:\/\/www.remonen.fi\/WP\/wp-content\/uploads\/2014\/07\/Saarenmaa2014_Day5-Route-300x146.jpg 300w, https:\/\/www.remonen.fi\/WP\/wp-content\/uploads\/2014\/07\/Saarenmaa2014_Day5-Route.jpg 979w\" sizes=\"(max-width: 300px) 100vw, 300px\" \/><\/a><p id=\"caption-attachment-4566\" class=\"wp-caption-text\">P\u00e4iv\u00e4 5<\/p><\/div><\/td>\n<\/tr>\n<\/tbody>\n<\/table>\n<h3><\/h3>\n<h3>Dejevo Punker ja Telkimisala<\/h3>\n<div id=\"attachment_4561\" style=\"width: 310px\" class=\"wp-caption alignright\"><a href=\"http:\/\/www.remonen.fi\/WP\/wp-content\/uploads\/2014\/07\/Saarenmaa2014_Day4_5-4.jpg\"><img loading=\"lazy\" decoding=\"async\" aria-describedby=\"caption-attachment-4561\" class=\"wp-image-4561 size-medium\" title=\"Aperture: &#402;\/5 | Credit: Matti Remonen | Camera: NIKON D800E | Taken: 26 kes\u00e4kuun, 2014 | Copyright: (c) Matti Remonen | Flash fired: no | Focal length: 35mm | ISO: 200 | Shutter speed: 1\/250s | \" src=\"http:\/\/www.remonen.fi\/WP\/wp-content\/uploads\/2014\/07\/Saarenmaa2014_Day4_5-4-300x200.jpg\" alt=\"\" width=\"300\" height=\"200\" srcset=\"https:\/\/www.remonen.fi\/WP\/wp-content\/uploads\/2014\/07\/Saarenmaa2014_Day4_5-4-300x200.jpg 300w, https:\/\/www.remonen.fi\/WP\/wp-content\/uploads\/2014\/07\/Saarenmaa2014_Day4_5-4.jpg 800w\" sizes=\"(max-width: 300px) 100vw, 300px\" \/><\/a><p id=\"caption-attachment-4561\" class=\"wp-caption-text\">No smoking&#8230;<\/p><\/div>\n<p style=\"text-align: left;\">Dejevon leiriytymisalue sijoittuu Saarenmaan suurimman neuvostoaikaisen ohjus\/rakettitukikohdan alueelle. Alue oli aikanaan eritt\u00e4in salainen ja tiukasti vartioitu. Sinne oli ilmeisesti sijoitettu pitk\u00e4nmatkan kantaman ilmatorjuntaohjuksia, joiden toimintas\u00e4de oli 240 km ja tasteluk\u00e4rki painoi 217 kg. Ohjukset olivat koko ajan 1.5 minuutin laukaisuvalmiudessa ja pystyiv\u00e4t torjumaan lentokoneita aina Tukholman\/Helsingin tasolle asti.<\/p>\n<p>Nyt paikka on kaikille avoin leiriytymisalue, jossa ei ole mit\u00e4\u00e4n sen kummempia palveluita. Grillikatos ja vanha hiekkakentt\u00e4. Alue koostuu kolmesta rinnakkaisesta keh\u00e4st\u00e4, joiden keskell\u00e4 on ollut aina ohjusbunkkeri. Alue on my\u00f6s pengerretty voimakkaasti tarkoituksen ilmeisesti minimoida mahdollisen vastahy\u00f6kk\u00e4yksen aiheuttamat vahingot. Alueelle p\u00e4\u00e4see autolla ja siell\u00e4 pystyy liikkumaan helposti.<\/p>\n<p>Pys\u00e4k\u00f6intialueen vieress\u00e4 on ollut miehistobunkkeri, joka on viel\u00e4 suhteellisen hyv\u00e4ss\u00e4 kunnossa. Ilmeisesti sit\u00e4 ovat k\u00e4ytt\u00e4neet my\u00f6s leiriytyj\u00e4t. Muut bunkkerit ovat enemm\u00e4n tai v\u00e4hemm\u00e4n rapautuneet, mutta kyll\u00e4 niist\u00e4 viel\u00e4 saa kuvan siit\u00e4, mit\u00e4 on ollut ja miss\u00e4.<\/p>\n<table class=\" aligncenter\">\n<tbody>\n<tr>\n<td><a href=\"http:\/\/www.remonen.fi\/WP\/wp-content\/uploads\/2014\/07\/Saarenmaa2014_Day4_5-1-2.jpg\"><img loading=\"lazy\" decoding=\"async\" class=\"alignnone wp-image-4575 size-medium\" title=\"Aperture: &#402;\/5 | Credit: Matti Remonen | Camera: NIKON D800E | Taken: 26 kes\u00e4kuun, 2014 | Copyright: (c) Matti Remonen | Flash fired: no | Focal length: 24mm | ISO: 200 | Shutter speed: 1\/160s | \" src=\"http:\/\/www.remonen.fi\/WP\/wp-content\/uploads\/2014\/07\/Saarenmaa2014_Day4_5-1-2-200x300.jpg\" alt=\"\" width=\"200\" height=\"300\" srcset=\"https:\/\/www.remonen.fi\/WP\/wp-content\/uploads\/2014\/07\/Saarenmaa2014_Day4_5-1-2-200x300.jpg 200w, https:\/\/www.remonen.fi\/WP\/wp-content\/uploads\/2014\/07\/Saarenmaa2014_Day4_5-1-2.jpg 534w\" sizes=\"(max-width: 200px) 100vw, 200px\" \/><\/a><\/td>\n<td><a href=\"http:\/\/www.remonen.fi\/WP\/wp-content\/uploads\/2014\/07\/Saarenmaa2014_Day4_5-3.jpg\"><img loading=\"lazy\" decoding=\"async\" class=\"alignnone wp-image-4562\" title=\"Aperture: &#402;\/2.8 | Credit: Matti Remonen | Camera: NIKON D800E | Taken: 26 kes\u00e4kuun, 2014 | Copyright: (c) Matti Remonen | Flash fired: no | Focal length: 32mm | ISO: 200 | Shutter speed: 1\/2000s | \" src=\"http:\/\/www.remonen.fi\/WP\/wp-content\/uploads\/2014\/07\/Saarenmaa2014_Day4_5-3-300x200.jpg\" alt=\"\" width=\"260\" height=\"174\" srcset=\"https:\/\/www.remonen.fi\/WP\/wp-content\/uploads\/2014\/07\/Saarenmaa2014_Day4_5-3-300x200.jpg 300w, https:\/\/www.remonen.fi\/WP\/wp-content\/uploads\/2014\/07\/Saarenmaa2014_Day4_5-3.jpg 800w\" sizes=\"(max-width: 260px) 100vw, 260px\" \/><\/a><\/td>\n<td><a href=\"http:\/\/www.remonen.fi\/WP\/wp-content\/uploads\/2014\/07\/Saarenmaa2014_Day4_5-2.jpg\"><img loading=\"lazy\" decoding=\"async\" class=\"alignnone wp-image-4563 size-medium\" title=\"Aperture: &#402;\/2.8 | Credit: Matti Remonen | Camera: NIKON D800E | Taken: 26 kes\u00e4kuun, 2014 | Copyright: (c) Matti Remonen | Flash fired: no | Focal length: 48mm | ISO: 2000 | Shutter speed: 1\/50s | \" src=\"http:\/\/www.remonen.fi\/WP\/wp-content\/uploads\/2014\/07\/Saarenmaa2014_Day4_5-2-200x300.jpg\" alt=\"\" width=\"200\" height=\"300\" srcset=\"https:\/\/www.remonen.fi\/WP\/wp-content\/uploads\/2014\/07\/Saarenmaa2014_Day4_5-2-200x300.jpg 200w, https:\/\/www.remonen.fi\/WP\/wp-content\/uploads\/2014\/07\/Saarenmaa2014_Day4_5-2.jpg 534w\" sizes=\"(max-width: 200px) 100vw, 200px\" \/><\/a><\/td>\n<\/tr>\n<\/tbody>\n<\/table>\n<p>Leiriytymisalueelta l\u00e4hdett\u00e4ess\u00e4 kohden Karuj\u00e4rve\u00e4, on tien 117 varrella useita hyl\u00e4ttyj\u00e4 asuintaloja. En k\u00e4ynyt niiss\u00e4.<\/p>\n<table>\n<tbody>\n<tr>\n<td>Kohde:<\/td>\n<td>[rating=4]<\/td>\n<\/tr>\n<tr>\n<td>Panos\/tuotto:<\/td>\n<td>[rating=5]<\/td>\n<\/tr>\n<\/tbody>\n<\/table>\n<p>&nbsp;<\/p>\n<h3>P\u00fcha Jakobi Kirik<\/h3>\n<p><a href=\"http:\/\/www.remonen.fi\/WP\/wp-content\/uploads\/2014\/07\/Saarenmaa2014_Day4_5-9.jpg\"><img loading=\"lazy\" decoding=\"async\" class=\"alignright wp-image-4556 size-medium\" title=\"Aperture: &#402;\/7.1 | Camera: NEX-5N | Taken: 27 kes\u00e4kuun, 2014 | Copyright: (c) Matti Remonen | Exposure bias: +2.3EV | Flash fired: no | Focal length: 18mm | ISO: 125 | Shutter speed: 1\/60s | \" src=\"http:\/\/www.remonen.fi\/WP\/wp-content\/uploads\/2014\/07\/Saarenmaa2014_Day4_5-9-300x199.jpg\" alt=\"\" width=\"300\" height=\"199\" srcset=\"https:\/\/www.remonen.fi\/WP\/wp-content\/uploads\/2014\/07\/Saarenmaa2014_Day4_5-9-300x199.jpg 300w, https:\/\/www.remonen.fi\/WP\/wp-content\/uploads\/2014\/07\/Saarenmaa2014_Day4_5-9.jpg 800w\" sizes=\"(max-width: 300px) 100vw, 300px\" \/><\/a><a title=\"Puha Kirik\" href=\"http:\/\/www.saaremaa.ee\/index.php?option=com_content&amp;view=article&amp;id=360\" target=\"_blank\">Pyh\u00e4n Jaakobin kirkko<\/a> (viitoitus: P\u00fcha kirik) l\u00f6ytyy Kuressaaresta ajettaessa tien 133 varrelta. Kirkko on varsin n\u00e4ytt\u00e4v\u00e4n n\u00e4k\u00f6inen, mutta sinne ei valitettavasti p\u00e4\u00e4ssyt ainakaan t\u00e4ll\u00e4 kertaa sis\u00e4lle. Kirkko on per\u00e4isin 1500-luvulta.<\/p>\n<table>\n<tbody>\n<tr>\n<td>Kohde:<\/td>\n<td>[rating=3]<\/td>\n<\/tr>\n<tr>\n<td>Panos\/tuotto:<\/td>\n<td>[rating=3]<\/td>\n<\/tr>\n<\/tbody>\n<\/table>\n<p>&nbsp;<\/p>\n<h3>Laidunina Tuletorn<\/h3>\n<p><a title=\"Laidunina Tuletorn\" href=\"http:\/\/www.etts.ee\/EE\/tuletornid\/tuletornide-nimekiri\/saaremaa\/laidunina\" target=\"_blank\">Laiduninan majakka<\/a> on 1900-luvun alussa rakennettu, arkkitehtuuriltaan ehk\u00e4 Saarenmaan kaunein majakka. Se on poistettu k\u00e4yt\u00f6st\u00e4 useammankin kerran, koska sijainti alunperin ei ollut majakalle paras mahdollinen ja nyttemmin se on t\u00e4ysin hyl\u00e4tty, vaikkakin suojeltu rakennus.<\/p>\n<table class=\" aligncenter\">\n<tbody>\n<tr>\n<td><a href=\"http:\/\/www.remonen.fi\/WP\/wp-content\/uploads\/2014\/07\/Saarenmaa2014_Day4_5-12.jpg\"><img loading=\"lazy\" decoding=\"async\" class=\"alignnone wp-image-4570 size-medium\" title=\"Aperture: &#402;\/7.1 | Credit: Matti Remonen | Camera: NIKON D800E | Taken: 27 kes\u00e4kuun, 2014 | Copyright: (c) Matti Remonen | Flash fired: no | Focal length: 24mm | ISO: 200 | Shutter speed: 1\/800s | \" src=\"http:\/\/www.remonen.fi\/WP\/wp-content\/uploads\/2014\/07\/Saarenmaa2014_Day4_5-12-200x300.jpg\" alt=\"\" width=\"200\" height=\"300\" srcset=\"https:\/\/www.remonen.fi\/WP\/wp-content\/uploads\/2014\/07\/Saarenmaa2014_Day4_5-12-200x300.jpg 200w, https:\/\/www.remonen.fi\/WP\/wp-content\/uploads\/2014\/07\/Saarenmaa2014_Day4_5-12.jpg 534w\" sizes=\"(max-width: 200px) 100vw, 200px\" \/><\/a><\/td>\n<td><a href=\"http:\/\/www.remonen.fi\/WP\/wp-content\/uploads\/2014\/07\/Saarenmaa2014_Day4_5-11-1.jpg\"><img loading=\"lazy\" decoding=\"async\" class=\"alignnone wp-image-4601 size-medium\" title=\"Aperture: &#402;\/7.1 | Camera: NEX-5N | Taken: 27 kes\u00e4kuun, 2014 | Copyright: (c) Matti Remonen | Flash fired: no | Focal length: 34mm | ISO: 100 | \" src=\"http:\/\/www.remonen.fi\/WP\/wp-content\/uploads\/2014\/07\/Saarenmaa2014_Day4_5-11-1-199x300.jpg\" alt=\"Saarenmaa2014_Day4_5-11-1\" width=\"199\" height=\"300\" srcset=\"https:\/\/www.remonen.fi\/WP\/wp-content\/uploads\/2014\/07\/Saarenmaa2014_Day4_5-11-1-199x300.jpg 199w, https:\/\/www.remonen.fi\/WP\/wp-content\/uploads\/2014\/07\/Saarenmaa2014_Day4_5-11-1.jpg 531w\" sizes=\"(max-width: 199px) 100vw, 199px\" \/><\/a><\/td>\n<td><a href=\"http:\/\/www.remonen.fi\/WP\/wp-content\/uploads\/2014\/07\/Saarenmaa2014_Day4_5-1-4.jpg\"><img loading=\"lazy\" decoding=\"async\" class=\"alignnone wp-image-4584 size-medium\" title=\"Aperture: &#402;\/7.1 | Credit: Matti Remonen | Camera: NIKON D800E | Taken: 27 kes\u00e4kuun, 2014 | Copyright: (c) Matti Remonen | Flash fired: no | Focal length: 40mm | ISO: 200 | Shutter speed: 1\/800s | \" src=\"http:\/\/www.remonen.fi\/WP\/wp-content\/uploads\/2014\/07\/Saarenmaa2014_Day4_5-1-4-200x300.jpg\" alt=\"\" width=\"200\" height=\"300\" srcset=\"https:\/\/www.remonen.fi\/WP\/wp-content\/uploads\/2014\/07\/Saarenmaa2014_Day4_5-1-4-200x300.jpg 200w, https:\/\/www.remonen.fi\/WP\/wp-content\/uploads\/2014\/07\/Saarenmaa2014_Day4_5-1-4.jpg 534w\" sizes=\"(max-width: 200px) 100vw, 200px\" \/><\/a><\/td>\n<\/tr>\n<\/tbody>\n<\/table>\n<p>Aikanaan majakan ymp\u00e4rill\u00e4 on ollut useitakin huolto- ja asuinrakennuksia, mutta niist\u00e4 ei en\u00e4\u00e4 ole j\u00e4ljell\u00e4 kuin kivijalat.<\/p>\n<p>Majakalle p\u00e4\u00e4see periaatteessa autolla, mutta tie on paikka paikoin huono (vaatii maavaraa). Auton voi j\u00e4tt\u00e4\u00e4 my\u00f6s kauemmas karjaportin taakse, jolloin k\u00e4velymatkaa tulee n. 3.5 km, mutta maasto on helppoa ja kovapintaista.<\/p>\n<p>Majakan tornin portaat on rikottu, joten torniin kiipe\u00e4minen ei ole kovin yksinkertaista. Eik\u00e4 ihan turvallistakaan.<\/p>\n<p>Ehdottomasti tutustumisen arvoinen paikka.<\/p>\n<table>\n<tbody>\n<tr>\n<td>Kohde:<\/td>\n<td>[rating=5]<\/td>\n<\/tr>\n<tr>\n<td>Panos\/tuotto:<\/td>\n<td>[rating=5]<\/td>\n<\/tr>\n<\/tbody>\n<\/table>\n<p>&nbsp;<\/p>\n<h3>Valjala Kirik<\/h3>\n<p><a href=\"http:\/\/www.remonen.fi\/WP\/wp-content\/uploads\/2014\/07\/Saarenmaa2014_Day4_5-14.jpg\"><img loading=\"lazy\" decoding=\"async\" class=\"alignright wp-image-4568 size-medium\" title=\"Aperture: &#402;\/7.1 | Credit: Matti Remonen | Camera: NIKON D800E | Taken: 27 kes\u00e4kuun, 2014 | Copyright: (c) Matti Remonen | Flash fired: no | Focal length: 26mm | ISO: 200 | Shutter speed: 1\/500s | \" src=\"http:\/\/www.remonen.fi\/WP\/wp-content\/uploads\/2014\/07\/Saarenmaa2014_Day4_5-14-300x200.jpg\" alt=\"\" width=\"300\" height=\"200\" srcset=\"https:\/\/www.remonen.fi\/WP\/wp-content\/uploads\/2014\/07\/Saarenmaa2014_Day4_5-14-300x200.jpg 300w, https:\/\/www.remonen.fi\/WP\/wp-content\/uploads\/2014\/07\/Saarenmaa2014_Day4_5-14.jpg 800w\" sizes=\"(max-width: 300px) 100vw, 300px\" \/><\/a><a title=\"Valjala Church\" href=\"http:\/\/en.wikipedia.org\/wiki\/Valjala_Church\" target=\"_blank\">Valjalan kirkko<\/a> on Valjalan kyl\u00e4ss\u00e4. Se on alunperin rakennettu 1200 -luvun alussa ja sit\u00e4 on sitten laajennettu vuosisadan loppupuolella. Kirkko on varsin vaikuttavan n\u00e4k\u00f6inen sek\u00e4 ulkoa ett\u00e4 sis\u00e4lt\u00e4. Kirkon ikkunat on koristeltu v\u00e4rikk\u00e4in lasimaalauksin, jotka luovat sis\u00e4tiloihin todella vaikuttavan tunnelman.<\/p>\n<p>Kirkon vieress\u00e4 on pieni kahvila, josta saa loistavia lihapiirakoita.<\/p>\n<table>\n<tbody>\n<tr>\n<td>Kohde:<\/td>\n<td>[rating=5]<\/td>\n<\/tr>\n<tr>\n<td>Panos\/tuotto:<\/td>\n<td>[rating=5]<\/td>\n<\/tr>\n<\/tbody>\n<\/table>\n<p>&nbsp;<\/p>\n<table class=\" aligncenter\">\n<tbody>\n<tr>\n<td><a href=\"http:\/\/www.remonen.fi\/WP\/wp-content\/uploads\/2014\/07\/Saarenmaa2014_Day4_5-13.jpg\"><img loading=\"lazy\" decoding=\"async\" class=\"alignnone wp-image-4569 size-medium\" title=\"Aperture: &#402;\/7.1 | Credit: Matti Remonen | Camera: NIKON D800E | Taken: 27 kes\u00e4kuun, 2014 | Copyright: (c) Matti Remonen | Flash fired: no | Focal length: 24mm | ISO: 200 | Shutter speed: 1\/500s | \" src=\"http:\/\/www.remonen.fi\/WP\/wp-content\/uploads\/2014\/07\/Saarenmaa2014_Day4_5-13-200x300.jpg\" alt=\"\" width=\"200\" height=\"300\" srcset=\"https:\/\/www.remonen.fi\/WP\/wp-content\/uploads\/2014\/07\/Saarenmaa2014_Day4_5-13-200x300.jpg 200w, https:\/\/www.remonen.fi\/WP\/wp-content\/uploads\/2014\/07\/Saarenmaa2014_Day4_5-13.jpg 534w\" sizes=\"(max-width: 200px) 100vw, 200px\" \/><\/a><\/td>\n<td><a href=\"http:\/\/www.remonen.fi\/WP\/wp-content\/uploads\/2014\/07\/Saarenmaa2014_Day4_5-15.jpg\"><img loading=\"lazy\" decoding=\"async\" class=\"alignnone wp-image-4567 size-medium\" title=\"HDR...\" src=\"http:\/\/www.remonen.fi\/WP\/wp-content\/uploads\/2014\/07\/Saarenmaa2014_Day4_5-15-197x300.jpg\" alt=\"Saarenmaa2014_Day4_5-15\" width=\"197\" height=\"300\" srcset=\"https:\/\/www.remonen.fi\/WP\/wp-content\/uploads\/2014\/07\/Saarenmaa2014_Day4_5-15-197x300.jpg 197w, https:\/\/www.remonen.fi\/WP\/wp-content\/uploads\/2014\/07\/Saarenmaa2014_Day4_5-15.jpg 527w\" sizes=\"(max-width: 197px) 100vw, 197px\" \/><\/a><\/td>\n<td><a href=\"http:\/\/www.remonen.fi\/WP\/wp-content\/uploads\/2014\/07\/Saarenmaa2014_Day4_5-1-3.jpg\"><img loading=\"lazy\" decoding=\"async\" class=\"alignnone wp-image-4582 size-medium\" title=\"Aperture: &#402;\/6.3 | Camera: NEX-5N | Taken: 27 kes\u00e4kuun, 2014 | Copyright: (c) Matti Remonen | Exposure bias: +2.3EV | Flash fired: no | Focal length: 20mm | ISO: 125 | Shutter speed: 1\/60s | \" src=\"http:\/\/www.remonen.fi\/WP\/wp-content\/uploads\/2014\/07\/Saarenmaa2014_Day4_5-1-3-199x300.jpg\" alt=\"\" width=\"199\" height=\"300\" srcset=\"https:\/\/www.remonen.fi\/WP\/wp-content\/uploads\/2014\/07\/Saarenmaa2014_Day4_5-1-3-199x300.jpg 199w, https:\/\/www.remonen.fi\/WP\/wp-content\/uploads\/2014\/07\/Saarenmaa2014_Day4_5-1-3.jpg 532w\" sizes=\"(max-width: 199px) 100vw, 199px\" \/><\/a><\/td>\n<\/tr>\n<\/tbody>\n<\/table>\n<p>&nbsp;<\/p>\n<h3>Kuressaare<\/h3>\n<p><a href=\"http:\/\/www.remonen.fi\/WP\/wp-content\/uploads\/2014\/07\/Saarenmaa2014_Day4_5-8.jpg\"><img loading=\"lazy\" decoding=\"async\" class=\"alignright wp-image-4557 size-medium\" title=\"Aperture: &#402;\/7.1 | Camera: NEX-5N | Taken: 27 kes\u00e4kuun, 2014 | Copyright: (c) Matti Remonen | Exposure bias: +2.3EV | Flash fired: no | Focal length: 18mm | ISO: 100 | Shutter speed: 1\/80s | \" src=\"http:\/\/www.remonen.fi\/WP\/wp-content\/uploads\/2014\/07\/Saarenmaa2014_Day4_5-8-300x199.jpg\" alt=\"\" width=\"300\" height=\"199\" srcset=\"https:\/\/www.remonen.fi\/WP\/wp-content\/uploads\/2014\/07\/Saarenmaa2014_Day4_5-8-300x199.jpg 300w, https:\/\/www.remonen.fi\/WP\/wp-content\/uploads\/2014\/07\/Saarenmaa2014_Day4_5-8.jpg 800w\" sizes=\"(max-width: 300px) 100vw, 300px\" \/><\/a>Viimeisen\u00e4 kohteena on tietysti Saarenmaan p\u00e4\u00e4kaupunki ja itse asiassa ainoa mainitsemisen arvoinen kaupunki koko saarella: <a title=\"Kuressaare\" href=\"http:\/\/fi.wikipedia.org\/wiki\/Kuressaare\" target=\"_blank\">Kuressaare<\/a>. Kaupunki on n. Loviisan kokoinen ja varsin pittoreski. Keskikaupunki on s\u00e4ilynyt varsin hyvin ja siin\u00e4 on sellaista vanhan kylpyl\u00e4kaupungin fiilist\u00e4. Raatihuoneen l\u00e4hettyvill\u00e4, p\u00e4\u00e4kadun varrella on lukuisia ravintoloita terasseineen. Meno on kuitenkin selv\u00e4sti rauhallisempaa kuin vaikkapa Tallinnassa. My\u00f6s hintataso on edullisempi, vaikka hinnat joka vuosi n\u00e4k\u00f6j\u00e4\u00e4n hieman nousevatkin (puolen litran olutlasi-indeksin perusteella).<\/p>\n<p>N\u00e4ht\u00e4vyyksi\u00e4 kaupungissa on eritoten piispanlinna, josta ensimm\u00e4iset maininnat ovat 1300-luvulta. Piispanlinnassa sijaitsee my\u00f6s maakuntamuseo, jota voin l\u00e4mpim\u00e4sti suositella. Ja linnan pihalla pidet\u00e4\u00e4n vuosittaiset Saarenmaan oopperajuhlat.<\/p>\n<p><a href=\"http:\/\/www.remonen.fi\/WP\/wp-content\/uploads\/2014\/07\/Saarenmaa2014_Day4_5-1.jpg\"><img loading=\"lazy\" decoding=\"async\" class=\"alignleft wp-image-4564 size-medium\" title=\"Aperture: &#402;\/7.1 | Camera: NEX-5N | Taken: 26 kes\u00e4kuun, 2014 | Copyright: (c) Matti Remonen | Exposure bias: +2.3EV | Flash fired: no | Focal length: 18mm | ISO: 1600 | Shutter speed: 1\/60s | \" src=\"http:\/\/www.remonen.fi\/WP\/wp-content\/uploads\/2014\/07\/Saarenmaa2014_Day4_5-1-300x199.jpg\" alt=\"\" width=\"300\" height=\"199\" srcset=\"https:\/\/www.remonen.fi\/WP\/wp-content\/uploads\/2014\/07\/Saarenmaa2014_Day4_5-1-300x199.jpg 300w, https:\/\/www.remonen.fi\/WP\/wp-content\/uploads\/2014\/07\/Saarenmaa2014_Day4_5-1.jpg 800w\" sizes=\"(max-width: 300px) 100vw, 300px\" \/><\/a>Yll\u00e4tysn\u00e4ht\u00e4vyyten\u00e4 voin suositella Kuressaaren (<a title=\"Kudjapen hautausmaa\" href=\"http:\/\/www.visitestonia.com\/fi\/kudjapen-hautausmaa\" target=\"_blank\">Kudjapen<\/a>) hautausmaata. Se on perustettu 1700-luvun loppupuolella ja siell\u00e4 on edelleen lukuisa m\u00e4\u00e4r\u00e4 vanhoja hautoja. Sinne on haudattu my\u00f6s Viron merkkihenkil\u00f6it\u00e4, joiden hautojen paikat on n\u00e4ht\u00e4vill\u00e4 hautausmaan edess\u00e4 olevasta opastaulusta.<\/p>\n<p>Hautausmaan v\u00e4litt\u00f6m\u00e4ss\u00e4 l\u00e4heisyydess\u00e4 sijaitsee my\u00f6s saksalainen hautausmaa, jonne on haudattu toisen maailmansodan aikana Saarenmaalla kaatuneita saksalaissotilaita.<\/p>\n<table>\n<tbody>\n<tr>\n<td>Kohde:<\/td>\n<td>[rating=5]<\/td>\n<\/tr>\n<tr>\n<td>Panos\/tuotto:<\/td>\n<td>[rating=5]<\/td>\n<\/tr>\n<\/tbody>\n<\/table>\n<p>&nbsp;<\/p>\n<h3>Adventure Behind the Adventure<\/h3>\n<div id=\"attachment_4555\" style=\"width: 310px\" class=\"wp-caption alignright\"><a href=\"http:\/\/www.remonen.fi\/WP\/wp-content\/uploads\/2014\/07\/Saarenmaa2014_Day4_5-10.jpg\"><img loading=\"lazy\" decoding=\"async\" aria-describedby=\"caption-attachment-4555\" class=\"wp-image-4555 size-medium\" title=\"Aperture: &#402;\/7.1 | Credit: Matti Remonen | Camera: NIKON D800E | Taken: 27 kes\u00e4kuun, 2014 | Copyright: (c) Matti Remonen | Flash fired: no | Focal length: 55mm | ISO: 200 | Shutter speed: 1\/320s | \" src=\"http:\/\/www.remonen.fi\/WP\/wp-content\/uploads\/2014\/07\/Saarenmaa2014_Day4_5-10-300x200.jpg\" alt=\"\" width=\"300\" height=\"200\" srcset=\"https:\/\/www.remonen.fi\/WP\/wp-content\/uploads\/2014\/07\/Saarenmaa2014_Day4_5-10-300x200.jpg 300w, https:\/\/www.remonen.fi\/WP\/wp-content\/uploads\/2014\/07\/Saarenmaa2014_Day4_5-10.jpg 800w\" sizes=\"(max-width: 300px) 100vw, 300px\" \/><\/a><p id=\"caption-attachment-4555\" class=\"wp-caption-text\">Meill\u00e4 Saarenmaalla tavataan antaa tiet\u00e4, jos n\u00e4tisti pyydet\u00e4\u00e4n. Suurempi ajoneuvokaan ei ole haitaksi&#8230;<\/p><\/div>\n<p style=\"text-align: left;\">N\u00e4in\u00e4 kahtena viimeisen\u00e4 p\u00e4iv\u00e4n\u00e4 ei tullut koettua mit\u00e4\u00e4n kummempaa suurta seikkailua. Mit\u00e4 nyt normaalia harhaan-ajoa ja seikkailua pitkin Saarenmaalaisia mets\u00e4teit\u00e4. Josta tuleekin mieleen, ett\u00e4 siell\u00e4 on melko vilkas puuteollisuus. En tied\u00e4 mihin sit\u00e4 puuta kuljetetaan, mutta puupinoja oli v\u00e4h\u00e4n siell\u00e4 sun t\u00e4\u00e4ll\u00e4 ja ne olivat kyll\u00e4 t\u00e4n\u00e4 vuonna kaadetuista puista. Ei mit\u00e4\u00e4n tsaarinaikaista.<\/p>\n<p>Yksi puunk\u00e4ytt\u00f6kohde lienee talojen l\u00e4mmitysj\u00e4rjestelm\u00e4t, sill\u00e4 ainakin Kuressaaressa on monen jopa kerrostalon pihalla suuret halkopinot. Mutta en tied\u00e4 onko tuolle puulle muuta jalostustapaa Saarenmaalla vai meneek\u00f6 kaikki tosiaan poltettavaksi.<\/p>\n<p><a title=\"South by SouthWest \u2013  Homebound Again\" href=\"http:\/\/www.remonen.fi\/photoblog\/south-southwest-homebound\/\">Yht\u00e4 vaille valmis&#8230;<\/a><\/p>\n","protected":false},"excerpt":{"rendered":"<p>Nelj\u00e4s ja viiden p\u00e4iv\u00e4 on niputettu samaan blokiin, kun molempina p\u00e4ivin\u00e4 kohteita oli aika rajallinen m\u00e4\u00e4r\u00e4. Dejevo Punker ja Telkimisala Dejevon leiriytymisalue sijoittuu Saarenmaan suurimman neuvostoaikaisen ohjus\/rakettitukikohdan alueelle. Alue oli aikanaan eritt\u00e4in salainen ja tiukasti vartioitu. Sinne oli ilmeisesti sijoitettu pitk\u00e4nmatkan kantaman ilmatorjuntaohjuksia, joiden toimintas\u00e4de oli 240 km ja tasteluk\u00e4rki painoi 217 kg. Ohjukset olivat [&hellip;]<\/p>\n","protected":false},"author":2,"featured_media":4597,"comment_status":"open","ping_status":"closed","sticky":false,"template":"","format":"standard","meta":{"footnotes":""},"categories":[16],"tags":[145,146],"yoast_head":"<!-- This site is optimized with the Yoast SEO plugin v24.5 - https:\/\/yoast.com\/wordpress\/plugins\/seo\/ -->\n<title>SxSW - Lost in Translation - gREat MOments NEver forgotteN<\/title>\n<meta name=\"description\" content=\"Dejevon leiriytymisalue sijoittuu Saarenmaan suurimman neuvostoaikaisen ohjus\/rakettitukikohdan alueelle. Alue oli aikanaan eritt\u00e4in salainen ja tiukasti...\" \/>\n<meta name=\"robots\" content=\"index, follow, max-snippet:-1, max-image-preview:large, max-video-preview:-1\" \/>\n<link rel=\"canonical\" href=\"https:\/\/www.remonen.fi\/WP\/blogi\/south-southwest-lost-translation\/\" \/>\n<meta property=\"og:locale\" content=\"fi_FI\" \/>\n<meta property=\"og:type\" content=\"article\" \/>\n<meta property=\"og:title\" content=\"SxSW - Lost in Translation - gREat MOments NEver forgotteN\" \/>\n<meta property=\"og:description\" content=\"Dejevon leiriytymisalue sijoittuu Saarenmaan suurimman neuvostoaikaisen ohjus\/rakettitukikohdan alueelle. Alue oli aikanaan eritt\u00e4in salainen ja tiukasti...\" \/>\n<meta property=\"og:url\" content=\"https:\/\/www.remonen.fi\/WP\/blogi\/south-southwest-lost-translation\/\" \/>\n<meta property=\"og:site_name\" content=\"remonen.fi\" \/>\n<meta property=\"article:published_time\" content=\"2014-07-03T14:13:01+00:00\" \/>\n<meta property=\"article:modified_time\" content=\"2014-07-04T15:51:24+00:00\" \/>\n<meta property=\"og:image\" content=\"https:\/\/www.remonen.fi\/WP\/wp-content\/uploads\/2014\/07\/Saarenmaa2014_Day4_5-1-5.jpg\" \/>\n\t<meta property=\"og:image:width\" content=\"800\" \/>\n\t<meta property=\"og:image:height\" content=\"396\" \/>\n\t<meta property=\"og:image:type\" content=\"image\/jpeg\" \/>\n<meta name=\"author\" content=\"Matti Remonen\" \/>\n<meta name=\"twitter:label1\" content=\"Kirjoittanut\" \/>\n\t<meta name=\"twitter:data1\" content=\"Matti Remonen\" \/>\n\t<meta name=\"twitter:label2\" content=\"Arvioitu lukuaika\" \/>\n\t<meta name=\"twitter:data2\" content=\"4 minuuttia\" \/>\n<script type=\"application\/ld+json\" class=\"yoast-schema-graph\">{\"@context\":\"https:\/\/schema.org\",\"@graph\":[{\"@type\":\"Article\",\"@id\":\"https:\/\/www.remonen.fi\/WP\/blogi\/south-southwest-lost-translation\/#article\",\"isPartOf\":{\"@id\":\"https:\/\/www.remonen.fi\/WP\/blogi\/south-southwest-lost-translation\/\"},\"author\":{\"name\":\"Matti Remonen\",\"@id\":\"https:\/\/www.remonen.fi\/WP\/#\/schema\/person\/1803c23d1d4f6722054eb2ac7f7a97cd\"},\"headline\":\"South by SouthWest &#8211; Lost in Translation\",\"datePublished\":\"2014-07-03T14:13:01+00:00\",\"dateModified\":\"2014-07-04T15:51:24+00:00\",\"mainEntityOfPage\":{\"@id\":\"https:\/\/www.remonen.fi\/WP\/blogi\/south-southwest-lost-translation\/\"},\"wordCount\":773,\"commentCount\":0,\"publisher\":{\"@id\":\"https:\/\/www.remonen.fi\/WP\/#\/schema\/person\/1803c23d1d4f6722054eb2ac7f7a97cd\"},\"image\":{\"@id\":\"https:\/\/www.remonen.fi\/WP\/blogi\/south-southwest-lost-translation\/#primaryimage\"},\"thumbnailUrl\":\"https:\/\/www.remonen.fi\/WP\/wp-content\/uploads\/2014\/07\/Saarenmaa2014_Day4_5-1-5.jpg\",\"keywords\":[\"Kuressaari\",\"Saarenmaa\"],\"articleSection\":[\"Blog\"],\"inLanguage\":\"fi\",\"potentialAction\":[{\"@type\":\"CommentAction\",\"name\":\"Comment\",\"target\":[\"https:\/\/www.remonen.fi\/WP\/blogi\/south-southwest-lost-translation\/#respond\"]}]},{\"@type\":\"WebPage\",\"@id\":\"https:\/\/www.remonen.fi\/WP\/blogi\/south-southwest-lost-translation\/\",\"url\":\"https:\/\/www.remonen.fi\/WP\/blogi\/south-southwest-lost-translation\/\",\"name\":\"SxSW - Lost in Translation - gREat MOments NEver forgotteN\",\"isPartOf\":{\"@id\":\"https:\/\/www.remonen.fi\/WP\/#website\"},\"primaryImageOfPage\":{\"@id\":\"https:\/\/www.remonen.fi\/WP\/blogi\/south-southwest-lost-translation\/#primaryimage\"},\"image\":{\"@id\":\"https:\/\/www.remonen.fi\/WP\/blogi\/south-southwest-lost-translation\/#primaryimage\"},\"thumbnailUrl\":\"https:\/\/www.remonen.fi\/WP\/wp-content\/uploads\/2014\/07\/Saarenmaa2014_Day4_5-1-5.jpg\",\"datePublished\":\"2014-07-03T14:13:01+00:00\",\"dateModified\":\"2014-07-04T15:51:24+00:00\",\"description\":\"Dejevon leiriytymisalue sijoittuu Saarenmaan suurimman neuvostoaikaisen ohjus\/rakettitukikohdan alueelle. Alue oli aikanaan eritt\u00e4in salainen ja tiukasti...\",\"breadcrumb\":{\"@id\":\"https:\/\/www.remonen.fi\/WP\/blogi\/south-southwest-lost-translation\/#breadcrumb\"},\"inLanguage\":\"fi\",\"potentialAction\":[{\"@type\":\"ReadAction\",\"target\":[\"https:\/\/www.remonen.fi\/WP\/blogi\/south-southwest-lost-translation\/\"]}]},{\"@type\":\"ImageObject\",\"inLanguage\":\"fi\",\"@id\":\"https:\/\/www.remonen.fi\/WP\/blogi\/south-southwest-lost-translation\/#primaryimage\",\"url\":\"https:\/\/www.remonen.fi\/WP\/wp-content\/uploads\/2014\/07\/Saarenmaa2014_Day4_5-1-5.jpg\",\"contentUrl\":\"https:\/\/www.remonen.fi\/WP\/wp-content\/uploads\/2014\/07\/Saarenmaa2014_Day4_5-1-5.jpg\",\"width\":800,\"height\":396},{\"@type\":\"BreadcrumbList\",\"@id\":\"https:\/\/www.remonen.fi\/WP\/blogi\/south-southwest-lost-translation\/#breadcrumb\",\"itemListElement\":[{\"@type\":\"ListItem\",\"position\":1,\"name\":\"Etusivu\",\"item\":\"https:\/\/www.remonen.fi\/WP\/\"},{\"@type\":\"ListItem\",\"position\":2,\"name\":\"South by SouthWest &#8211; Lost in Translation\"}]},{\"@type\":\"WebSite\",\"@id\":\"https:\/\/www.remonen.fi\/WP\/#website\",\"url\":\"https:\/\/www.remonen.fi\/WP\/\",\"name\":\"remonen.fi\",\"description\":\"Valokuvia ja tarinaa laidasta laitaan\",\"publisher\":{\"@id\":\"https:\/\/www.remonen.fi\/WP\/#\/schema\/person\/1803c23d1d4f6722054eb2ac7f7a97cd\"},\"potentialAction\":[{\"@type\":\"SearchAction\",\"target\":{\"@type\":\"EntryPoint\",\"urlTemplate\":\"https:\/\/www.remonen.fi\/WP\/?s={search_term_string}\"},\"query-input\":{\"@type\":\"PropertyValueSpecification\",\"valueRequired\":true,\"valueName\":\"search_term_string\"}}],\"inLanguage\":\"fi\"},{\"@type\":[\"Person\",\"Organization\"],\"@id\":\"https:\/\/www.remonen.fi\/WP\/#\/schema\/person\/1803c23d1d4f6722054eb2ac7f7a97cd\",\"name\":\"Matti Remonen\",\"logo\":{\"@id\":\"https:\/\/www.remonen.fi\/WP\/#\/schema\/person\/image\/\"},\"url\":\"https:\/\/www.remonen.fi\/WP\/blogi\/author\/mre\/\"}]}<\/script>\n<!-- \/ Yoast SEO plugin. -->","yoast_head_json":{"title":"SxSW - Lost in Translation - gREat MOments NEver forgotteN","description":"Dejevon leiriytymisalue sijoittuu Saarenmaan suurimman neuvostoaikaisen ohjus\/rakettitukikohdan alueelle. Alue oli aikanaan eritt\u00e4in salainen ja tiukasti...","robots":{"index":"index","follow":"follow","max-snippet":"max-snippet:-1","max-image-preview":"max-image-preview:large","max-video-preview":"max-video-preview:-1"},"canonical":"https:\/\/www.remonen.fi\/WP\/blogi\/south-southwest-lost-translation\/","og_locale":"fi_FI","og_type":"article","og_title":"SxSW - Lost in Translation - gREat MOments NEver forgotteN","og_description":"Dejevon leiriytymisalue sijoittuu Saarenmaan suurimman neuvostoaikaisen ohjus\/rakettitukikohdan alueelle. Alue oli aikanaan eritt\u00e4in salainen ja tiukasti...","og_url":"https:\/\/www.remonen.fi\/WP\/blogi\/south-southwest-lost-translation\/","og_site_name":"remonen.fi","article_published_time":"2014-07-03T14:13:01+00:00","article_modified_time":"2014-07-04T15:51:24+00:00","og_image":[{"width":800,"height":396,"url":"https:\/\/www.remonen.fi\/WP\/wp-content\/uploads\/2014\/07\/Saarenmaa2014_Day4_5-1-5.jpg","type":"image\/jpeg"}],"author":"Matti Remonen","twitter_misc":{"Kirjoittanut":"Matti Remonen","Arvioitu lukuaika":"4 minuuttia"},"schema":{"@context":"https:\/\/schema.org","@graph":[{"@type":"Article","@id":"https:\/\/www.remonen.fi\/WP\/blogi\/south-southwest-lost-translation\/#article","isPartOf":{"@id":"https:\/\/www.remonen.fi\/WP\/blogi\/south-southwest-lost-translation\/"},"author":{"name":"Matti Remonen","@id":"https:\/\/www.remonen.fi\/WP\/#\/schema\/person\/1803c23d1d4f6722054eb2ac7f7a97cd"},"headline":"South by SouthWest &#8211; Lost in Translation","datePublished":"2014-07-03T14:13:01+00:00","dateModified":"2014-07-04T15:51:24+00:00","mainEntityOfPage":{"@id":"https:\/\/www.remonen.fi\/WP\/blogi\/south-southwest-lost-translation\/"},"wordCount":773,"commentCount":0,"publisher":{"@id":"https:\/\/www.remonen.fi\/WP\/#\/schema\/person\/1803c23d1d4f6722054eb2ac7f7a97cd"},"image":{"@id":"https:\/\/www.remonen.fi\/WP\/blogi\/south-southwest-lost-translation\/#primaryimage"},"thumbnailUrl":"https:\/\/www.remonen.fi\/WP\/wp-content\/uploads\/2014\/07\/Saarenmaa2014_Day4_5-1-5.jpg","keywords":["Kuressaari","Saarenmaa"],"articleSection":["Blog"],"inLanguage":"fi","potentialAction":[{"@type":"CommentAction","name":"Comment","target":["https:\/\/www.remonen.fi\/WP\/blogi\/south-southwest-lost-translation\/#respond"]}]},{"@type":"WebPage","@id":"https:\/\/www.remonen.fi\/WP\/blogi\/south-southwest-lost-translation\/","url":"https:\/\/www.remonen.fi\/WP\/blogi\/south-southwest-lost-translation\/","name":"SxSW - Lost in Translation - gREat MOments NEver forgotteN","isPartOf":{"@id":"https:\/\/www.remonen.fi\/WP\/#website"},"primaryImageOfPage":{"@id":"https:\/\/www.remonen.fi\/WP\/blogi\/south-southwest-lost-translation\/#primaryimage"},"image":{"@id":"https:\/\/www.remonen.fi\/WP\/blogi\/south-southwest-lost-translation\/#primaryimage"},"thumbnailUrl":"https:\/\/www.remonen.fi\/WP\/wp-content\/uploads\/2014\/07\/Saarenmaa2014_Day4_5-1-5.jpg","datePublished":"2014-07-03T14:13:01+00:00","dateModified":"2014-07-04T15:51:24+00:00","description":"Dejevon leiriytymisalue sijoittuu Saarenmaan suurimman neuvostoaikaisen ohjus\/rakettitukikohdan alueelle. Alue oli aikanaan eritt\u00e4in salainen ja tiukasti...","breadcrumb":{"@id":"https:\/\/www.remonen.fi\/WP\/blogi\/south-southwest-lost-translation\/#breadcrumb"},"inLanguage":"fi","potentialAction":[{"@type":"ReadAction","target":["https:\/\/www.remonen.fi\/WP\/blogi\/south-southwest-lost-translation\/"]}]},{"@type":"ImageObject","inLanguage":"fi","@id":"https:\/\/www.remonen.fi\/WP\/blogi\/south-southwest-lost-translation\/#primaryimage","url":"https:\/\/www.remonen.fi\/WP\/wp-content\/uploads\/2014\/07\/Saarenmaa2014_Day4_5-1-5.jpg","contentUrl":"https:\/\/www.remonen.fi\/WP\/wp-content\/uploads\/2014\/07\/Saarenmaa2014_Day4_5-1-5.jpg","width":800,"height":396},{"@type":"BreadcrumbList","@id":"https:\/\/www.remonen.fi\/WP\/blogi\/south-southwest-lost-translation\/#breadcrumb","itemListElement":[{"@type":"ListItem","position":1,"name":"Etusivu","item":"https:\/\/www.remonen.fi\/WP\/"},{"@type":"ListItem","position":2,"name":"South by SouthWest &#8211; Lost in Translation"}]},{"@type":"WebSite","@id":"https:\/\/www.remonen.fi\/WP\/#website","url":"https:\/\/www.remonen.fi\/WP\/","name":"remonen.fi","description":"Valokuvia ja tarinaa laidasta laitaan","publisher":{"@id":"https:\/\/www.remonen.fi\/WP\/#\/schema\/person\/1803c23d1d4f6722054eb2ac7f7a97cd"},"potentialAction":[{"@type":"SearchAction","target":{"@type":"EntryPoint","urlTemplate":"https:\/\/www.remonen.fi\/WP\/?s={search_term_string}"},"query-input":{"@type":"PropertyValueSpecification","valueRequired":true,"valueName":"search_term_string"}}],"inLanguage":"fi"},{"@type":["Person","Organization"],"@id":"https:\/\/www.remonen.fi\/WP\/#\/schema\/person\/1803c23d1d4f6722054eb2ac7f7a97cd","name":"Matti Remonen","logo":{"@id":"https:\/\/www.remonen.fi\/WP\/#\/schema\/person\/image\/"},"url":"https:\/\/www.remonen.fi\/WP\/blogi\/author\/mre\/"}]}},"_links":{"self":[{"href":"https:\/\/www.remonen.fi\/WP\/wp-json\/wp\/v2\/posts\/4554"}],"collection":[{"href":"https:\/\/www.remonen.fi\/WP\/wp-json\/wp\/v2\/posts"}],"about":[{"href":"https:\/\/www.remonen.fi\/WP\/wp-json\/wp\/v2\/types\/post"}],"author":[{"embeddable":true,"href":"https:\/\/www.remonen.fi\/WP\/wp-json\/wp\/v2\/users\/2"}],"replies":[{"embeddable":true,"href":"https:\/\/www.remonen.fi\/WP\/wp-json\/wp\/v2\/comments?post=4554"}],"version-history":[{"count":0,"href":"https:\/\/www.remonen.fi\/WP\/wp-json\/wp\/v2\/posts\/4554\/revisions"}],"wp:featuredmedia":[{"embeddable":true,"href":"https:\/\/www.remonen.fi\/WP\/wp-json\/wp\/v2\/media\/4597"}],"wp:attachment":[{"href":"https:\/\/www.remonen.fi\/WP\/wp-json\/wp\/v2\/media?parent=4554"}],"wp:term":[{"taxonomy":"category","embeddable":true,"href":"https:\/\/www.remonen.fi\/WP\/wp-json\/wp\/v2\/categories?post=4554"},{"taxonomy":"post_tag","embeddable":true,"href":"https:\/\/www.remonen.fi\/WP\/wp-json\/wp\/v2\/tags?post=4554"}],"curies":[{"name":"wp","href":"https:\/\/api.w.org\/{rel}","templated":true}]}}