{"id":4754,"date":"2014-07-30T15:40:25","date_gmt":"2014-07-30T12:40:25","guid":{"rendered":"http:\/\/www.remonen.fi\/?p=4754"},"modified":"2014-07-31T11:13:10","modified_gmt":"2014-07-31T08:13:10","slug":"maakuntamatkailua","status":"publish","type":"post","link":"https:\/\/www.remonen.fi\/WP\/blogi\/maakuntamatkailua\/","title":{"rendered":"Maakuntamatkailua"},"content":{"rendered":"<p><a href=\"http:\/\/www.remonen.fi\/WP\/wp-content\/uploads\/2014\/07\/Stromfors-Loviisa-Porvoo-1-2.jpg\"><img loading=\"lazy\" decoding=\"async\" class=\"alignright wp-image-4774 size-medium\" title=\"Aperture: &#402;\/1.8 | Camera: ILCE-6000 | Taken: 29 hein\u00e4kuun, 2014 | Copyright: (c) Matti Remonen | Exposure bias: -1.3EV | Flash fired: no | Focal length: 32mm | ISO: 100 | Shutter speed: 1\/1600s | \" src=\"http:\/\/www.remonen.fi\/WP\/wp-content\/uploads\/2014\/07\/Stromfors-Loviisa-Porvoo-1-2-199x300.jpg\" alt=\"\" width=\"199\" height=\"300\" srcset=\"https:\/\/www.remonen.fi\/WP\/wp-content\/uploads\/2014\/07\/Stromfors-Loviisa-Porvoo-1-2-199x300.jpg 199w, https:\/\/www.remonen.fi\/WP\/wp-content\/uploads\/2014\/07\/Stromfors-Loviisa-Porvoo-1-2.jpg 533w\" sizes=\"(max-width: 199px) 100vw, 199px\" \/><\/a>Kaupunkimatkan vastapainoksi piti sitten l\u00e4hte\u00e4 heitt\u00e4m\u00e4\u00e4n lenkki it\u00e4iselle uudellemaalle. S\u00e4\u00e4 ei kyll\u00e4 oikein suosinut: parin viikon jatkuvan helteen ja auringonpaisteen j\u00e4lkeen aurinko p\u00e4\u00e4tti painua pilveen. Sade sin\u00e4ns\u00e4 oli ihan ok, varsinkin kun l\u00e4mp\u00f6tila putosi yli viisi astetta hieman siedett\u00e4v\u00e4mp\u00e4\u00e4n lukemaan 22.5C, mutta tasainen pilvipeite ei valokuvauksen kannalta ole se toivottavin keli.<\/p>\n<p>Ajoin ensin Str\u00f6mforsiin, Ruotsinpyht\u00e4\u00e4lle. Sinneh\u00e4n p\u00e4\u00e4see jo melkein koko matkan moottoritiet\u00e4, joten vaikka matkaa on sata kilometri\u00e4, niin se taittuu kuitenkin nopeasti ja vaivattomasti. Str\u00f6mforshan on perinteinen <a title=\"Str\u00f6mforsin Ruukki\" href=\"http:\/\/www.stromforsinruukki.fi\/\" target=\"_blank\">ruukkialue <\/a>pajoineen ja myllyineen. Vaikka oli hein\u00e4kuun viimeinen viikko, turistit loistivat poissaolollaan n\u00e4in keskell\u00e4 viikkoa, joten paikkoihin p\u00e4\u00e4si tutustumaan rauhassa. Toisaalta taas mik\u00e4\u00e4n ei sitten ollut auki, tai ainakaan museo ei ollut, joten tutustuminen rajoittui rakennusten ja ymp\u00e4rist\u00f6n dokumentoimiseen ulkoa k\u00e4sin.<\/p>\n<p><a href=\"http:\/\/www.remonen.fi\/WP\/wp-content\/uploads\/2014\/07\/Stromfors-Loviisa-Porvoo-1-3.jpg\"><img loading=\"lazy\" decoding=\"async\" class=\"aligncenter wp-image-4776\" title=\"Aperture: &#402;\/4 | Camera: NEX-5N | Taken: 29 hein\u00e4kuun, 2014 | Copyright: (c) Matti Remonen | Exposure bias: +2.3EV | Flash fired: no | Focal length: 10mm | ISO: 100 | Shutter speed: 1\/60s | \" src=\"http:\/\/www.remonen.fi\/WP\/wp-content\/uploads\/2014\/07\/Stromfors-Loviisa-Porvoo-1-3.jpg\" alt=\"\" width=\"600\" height=\"399\" srcset=\"https:\/\/www.remonen.fi\/WP\/wp-content\/uploads\/2014\/07\/Stromfors-Loviisa-Porvoo-1-3.jpg 800w, https:\/\/www.remonen.fi\/WP\/wp-content\/uploads\/2014\/07\/Stromfors-Loviisa-Porvoo-1-3-300x199.jpg 300w\" sizes=\"(max-width: 600px) 100vw, 600px\" \/><\/a><\/p>\n<p><a href=\"http:\/\/www.remonen.fi\/WP\/wp-content\/uploads\/2014\/07\/Stromfors-Loviisa-Porvoo-5.jpg\"><img loading=\"lazy\" decoding=\"async\" class=\"alignright wp-image-4758 size-medium\" title=\"Aperture: &#402;\/5.6 | Camera: ILCE-6000 | Taken: 29 hein\u00e4kuun, 2014 | Copyright: (c) Matti Remonen | Exposure bias: -1.3EV | Flash fired: no | Focal length: 32mm | ISO: 100 | Shutter speed: 1\/2000s | \" src=\"http:\/\/www.remonen.fi\/WP\/wp-content\/uploads\/2014\/07\/Stromfors-Loviisa-Porvoo-5-199x300.jpg\" alt=\"\" width=\"199\" height=\"300\" srcset=\"https:\/\/www.remonen.fi\/WP\/wp-content\/uploads\/2014\/07\/Stromfors-Loviisa-Porvoo-5-199x300.jpg 199w, https:\/\/www.remonen.fi\/WP\/wp-content\/uploads\/2014\/07\/Stromfors-Loviisa-Porvoo-5.jpg 533w\" sizes=\"(max-width: 199px) 100vw, 199px\" \/><\/a>Str\u00f6mforsin j\u00e4lkeen ajoin paluumatkalla Loviisaan, joka on varsin pittoreski kes\u00e4kaupunki. Mutta niinh\u00e4n ne kaikki Suomen kaupungit ovat. Meinaan kes\u00e4kaupunkeja. Mik\u00e4\u00e4n ei oikein ole edukseen marraskuussa, kun vett\u00e4 tulee vaakasuoraan. Tai huhtikuun loskakeleill\u00e4. Loviisassa kiertelin hetken, eip\u00e4 ole siell\u00e4k\u00e4\u00e4n tullut k\u00e4yty\u00e4 sen j\u00e4lkeen kun ohitustie aukesi joskus -90 -luvulla. Ranta-alue on varsin mukavaksi kunnostettu aittoineen ja venelaitureineen. Olisin halunnut k\u00e4yd\u00e4 my\u00f6s niemenk\u00e4rjess\u00e4, mutta en l\u00f6yt\u00e4nyt sinne tiet\u00e4. Loviisassa muita kuvauskohteita on ehdottomasti Loviisan kirkko, mutta sen osalta valo tulee oikeasta (puiston) suunnasta siin\u00e4 iltap\u00e4iv\u00e4ll\u00e4, nyt sekin v\u00e4h\u00e4inen valo joka tuli, tuli kirkon takaa.<\/p>\n<p>&nbsp;<\/p>\n<p><a href=\"http:\/\/www.remonen.fi\/WP\/wp-content\/uploads\/2014\/07\/Stromfors-Loviisa-Porvoo-6-1.jpg\"><img loading=\"lazy\" decoding=\"async\" class=\"aligncenter wp-image-4771\" title=\"Aperture: &#402;\/6.3 | Camera: NEX-5N | Taken: 29 hein\u00e4kuun, 2014 | Copyright: (c) Matti Remonen | Exposure bias: +2.3EV | Flash fired: no | Focal length: 10mm | ISO: 500 | Shutter speed: 1\/60s | \" src=\"http:\/\/www.remonen.fi\/WP\/wp-content\/uploads\/2014\/07\/Stromfors-Loviisa-Porvoo-6-1.jpg\" alt=\"\" width=\"600\" height=\"399\" srcset=\"https:\/\/www.remonen.fi\/WP\/wp-content\/uploads\/2014\/07\/Stromfors-Loviisa-Porvoo-6-1.jpg 800w, https:\/\/www.remonen.fi\/WP\/wp-content\/uploads\/2014\/07\/Stromfors-Loviisa-Porvoo-6-1-300x199.jpg 300w\" sizes=\"(max-width: 600px) 100vw, 600px\" \/><\/a><\/p>\n<p><a href=\"http:\/\/www.remonen.fi\/WP\/wp-content\/uploads\/2014\/07\/Stromfors-Loviisa-Porvoo-7.jpg\"><img loading=\"lazy\" decoding=\"async\" class=\"alignleft wp-image-4756 size-medium\" title=\"Aperture: &#402;\/5.6 | Camera: ILCE-6000 | Taken: 29 hein\u00e4kuun, 2014 | Copyright: (c) Matti Remonen | Exposure bias: +7\/10EV | Flash fired: no | Focal length: 32mm | ISO: 160 | Shutter speed: 1\/60s | \" src=\"http:\/\/www.remonen.fi\/WP\/wp-content\/uploads\/2014\/07\/Stromfors-Loviisa-Porvoo-7-300x199.jpg\" alt=\"\" width=\"300\" height=\"199\" srcset=\"https:\/\/www.remonen.fi\/WP\/wp-content\/uploads\/2014\/07\/Stromfors-Loviisa-Porvoo-7-300x199.jpg 300w, https:\/\/www.remonen.fi\/WP\/wp-content\/uploads\/2014\/07\/Stromfors-Loviisa-Porvoo-7.jpg 800w\" sizes=\"(max-width: 300px) 100vw, 300px\" \/><\/a>Viimeinen rasti oli Porvoo. J\u00e4lleen kerran. Porvoossa on tullut k\u00e4yty\u00e4 melko tasaiseen kameran kanssa ja ilman. Aina kuitenkin tuntuu l\u00f6yt\u00e4v\u00e4n jotain uutta, kunhan vaivautuu Brunbergin suklaakaupan maistiaishylly\u00e4 pidemm\u00e4lle. Turisteja ei en\u00e4\u00e4 siihen aikaan (noin klo 20:00 illalla) ollut juurikaan liikkeell\u00e4, joten vanhassa kaupungissakin oli helppo liikua. Tosin juottoloita lukuunottamatta ei siell\u00e4 ollut mit\u00e4\u00e4n aukikaan. Uutena kohteena bongasin Porvoon vanhan rautatieaseman ja ratapihan junineen\/vaunuineen. Nyt s\u00e4\u00e4 ja valaistus ei oiken suosinut, mutta tuonne pit\u00e4\u00e4 menn\u00e4 viel\u00e4 uudelleen jossain vaiheessa kuvaamaan noita rautahepoja.<\/p>\n<p>Maakuntavierailun teki Sony ILCE-6000 + SEL24f18z + Zeiss Touit 1.8\/32 sek\u00e4 infrapunakonvertoitu NEX-5N + SEL1018 + SEL1855<\/p>\n","protected":false},"excerpt":{"rendered":"<p>Kaupunkimatkan vastapainoksi piti sitten l\u00e4hte\u00e4 heitt\u00e4m\u00e4\u00e4n lenkki it\u00e4iselle uudellemaalle. S\u00e4\u00e4 ei kyll\u00e4 oikein suosinut: parin viikon jatkuvan helteen ja auringonpaisteen j\u00e4lkeen aurinko p\u00e4\u00e4tti painua pilveen. Sade sin\u00e4ns\u00e4 oli ihan ok, varsinkin kun l\u00e4mp\u00f6tila putosi yli viisi astetta hieman siedett\u00e4v\u00e4mp\u00e4\u00e4n lukemaan 22.5C, mutta tasainen pilvipeite ei valokuvauksen kannalta ole se toivottavin keli. Ajoin ensin Str\u00f6mforsiin, Ruotsinpyht\u00e4\u00e4lle. [&hellip;]<\/p>\n","protected":false},"author":2,"featured_media":4755,"comment_status":"open","ping_status":"closed","sticky":false,"template":"","format":"standard","meta":{"footnotes":""},"categories":[16],"tags":[199,62,198],"yoast_head":"<!-- This site is optimized with the Yoast SEO plugin v24.5 - https:\/\/yoast.com\/wordpress\/plugins\/seo\/ -->\n<title>Maakuntamatkailua - gREat MOments NEver forgotteN<\/title>\n<meta name=\"description\" content=\"Kaupunkimatkan vastapainoksi piti sitten l\u00e4hte\u00e4 heitt\u00e4m\u00e4\u00e4n lenkki it\u00e4iselle uudellemaalle. S\u00e4\u00e4 ei kyll\u00e4 oikein suosinut: parin viikon jatkuvan helteen...\" \/>\n<meta name=\"robots\" content=\"index, follow, max-snippet:-1, max-image-preview:large, max-video-preview:-1\" \/>\n<link rel=\"canonical\" href=\"https:\/\/www.remonen.fi\/WP\/blogi\/maakuntamatkailua\/\" \/>\n<meta property=\"og:locale\" content=\"fi_FI\" \/>\n<meta property=\"og:type\" content=\"article\" \/>\n<meta property=\"og:title\" content=\"Maakuntamatkailua - gREat MOments NEver forgotteN\" \/>\n<meta property=\"og:description\" content=\"Kaupunkimatkan vastapainoksi piti sitten l\u00e4hte\u00e4 heitt\u00e4m\u00e4\u00e4n lenkki it\u00e4iselle uudellemaalle. S\u00e4\u00e4 ei kyll\u00e4 oikein suosinut: parin viikon jatkuvan helteen...\" \/>\n<meta property=\"og:url\" content=\"https:\/\/www.remonen.fi\/WP\/blogi\/maakuntamatkailua\/\" \/>\n<meta property=\"og:site_name\" content=\"remonen.fi\" \/>\n<meta property=\"article:published_time\" content=\"2014-07-30T12:40:25+00:00\" \/>\n<meta property=\"article:modified_time\" content=\"2014-07-31T08:13:10+00:00\" \/>\n<meta property=\"og:image\" content=\"https:\/\/www.remonen.fi\/WP\/wp-content\/uploads\/2014\/07\/Stromfors-Loviisa-Porvoo-1.jpg\" \/>\n\t<meta property=\"og:image:width\" content=\"800\" \/>\n\t<meta property=\"og:image:height\" content=\"533\" \/>\n\t<meta property=\"og:image:type\" content=\"image\/jpeg\" \/>\n<meta name=\"author\" content=\"Matti Remonen\" \/>\n<meta name=\"twitter:label1\" content=\"Kirjoittanut\" \/>\n\t<meta name=\"twitter:data1\" content=\"Matti Remonen\" \/>\n\t<meta name=\"twitter:label2\" content=\"Arvioitu lukuaika\" \/>\n\t<meta name=\"twitter:data2\" content=\"2 minuuttia\" \/>\n<script type=\"application\/ld+json\" class=\"yoast-schema-graph\">{\"@context\":\"https:\/\/schema.org\",\"@graph\":[{\"@type\":\"Article\",\"@id\":\"https:\/\/www.remonen.fi\/WP\/blogi\/maakuntamatkailua\/#article\",\"isPartOf\":{\"@id\":\"https:\/\/www.remonen.fi\/WP\/blogi\/maakuntamatkailua\/\"},\"author\":{\"name\":\"Matti Remonen\",\"@id\":\"https:\/\/www.remonen.fi\/WP\/#\/schema\/person\/1803c23d1d4f6722054eb2ac7f7a97cd\"},\"headline\":\"Maakuntamatkailua\",\"datePublished\":\"2014-07-30T12:40:25+00:00\",\"dateModified\":\"2014-07-31T08:13:10+00:00\",\"mainEntityOfPage\":{\"@id\":\"https:\/\/www.remonen.fi\/WP\/blogi\/maakuntamatkailua\/\"},\"wordCount\":359,\"commentCount\":2,\"publisher\":{\"@id\":\"https:\/\/www.remonen.fi\/WP\/#\/schema\/person\/1803c23d1d4f6722054eb2ac7f7a97cd\"},\"image\":{\"@id\":\"https:\/\/www.remonen.fi\/WP\/blogi\/maakuntamatkailua\/#primaryimage\"},\"thumbnailUrl\":\"https:\/\/www.remonen.fi\/WP\/wp-content\/uploads\/2014\/07\/Stromfors-Loviisa-Porvoo-1.jpg\",\"keywords\":[\"Loviisa\",\"Porvoo\",\"Str\u00f6mfors\"],\"articleSection\":[\"Blog\"],\"inLanguage\":\"fi\",\"potentialAction\":[{\"@type\":\"CommentAction\",\"name\":\"Comment\",\"target\":[\"https:\/\/www.remonen.fi\/WP\/blogi\/maakuntamatkailua\/#respond\"]}]},{\"@type\":\"WebPage\",\"@id\":\"https:\/\/www.remonen.fi\/WP\/blogi\/maakuntamatkailua\/\",\"url\":\"https:\/\/www.remonen.fi\/WP\/blogi\/maakuntamatkailua\/\",\"name\":\"Maakuntamatkailua - gREat MOments NEver forgotteN\",\"isPartOf\":{\"@id\":\"https:\/\/www.remonen.fi\/WP\/#website\"},\"primaryImageOfPage\":{\"@id\":\"https:\/\/www.remonen.fi\/WP\/blogi\/maakuntamatkailua\/#primaryimage\"},\"image\":{\"@id\":\"https:\/\/www.remonen.fi\/WP\/blogi\/maakuntamatkailua\/#primaryimage\"},\"thumbnailUrl\":\"https:\/\/www.remonen.fi\/WP\/wp-content\/uploads\/2014\/07\/Stromfors-Loviisa-Porvoo-1.jpg\",\"datePublished\":\"2014-07-30T12:40:25+00:00\",\"dateModified\":\"2014-07-31T08:13:10+00:00\",\"description\":\"Kaupunkimatkan vastapainoksi piti sitten l\u00e4hte\u00e4 heitt\u00e4m\u00e4\u00e4n lenkki it\u00e4iselle uudellemaalle. S\u00e4\u00e4 ei kyll\u00e4 oikein suosinut: parin viikon jatkuvan helteen...\",\"breadcrumb\":{\"@id\":\"https:\/\/www.remonen.fi\/WP\/blogi\/maakuntamatkailua\/#breadcrumb\"},\"inLanguage\":\"fi\",\"potentialAction\":[{\"@type\":\"ReadAction\",\"target\":[\"https:\/\/www.remonen.fi\/WP\/blogi\/maakuntamatkailua\/\"]}]},{\"@type\":\"ImageObject\",\"inLanguage\":\"fi\",\"@id\":\"https:\/\/www.remonen.fi\/WP\/blogi\/maakuntamatkailua\/#primaryimage\",\"url\":\"https:\/\/www.remonen.fi\/WP\/wp-content\/uploads\/2014\/07\/Stromfors-Loviisa-Porvoo-1.jpg\",\"contentUrl\":\"https:\/\/www.remonen.fi\/WP\/wp-content\/uploads\/2014\/07\/Stromfors-Loviisa-Porvoo-1.jpg\",\"width\":800,\"height\":533},{\"@type\":\"BreadcrumbList\",\"@id\":\"https:\/\/www.remonen.fi\/WP\/blogi\/maakuntamatkailua\/#breadcrumb\",\"itemListElement\":[{\"@type\":\"ListItem\",\"position\":1,\"name\":\"Etusivu\",\"item\":\"https:\/\/www.remonen.fi\/WP\/\"},{\"@type\":\"ListItem\",\"position\":2,\"name\":\"Maakuntamatkailua\"}]},{\"@type\":\"WebSite\",\"@id\":\"https:\/\/www.remonen.fi\/WP\/#website\",\"url\":\"https:\/\/www.remonen.fi\/WP\/\",\"name\":\"remonen.fi\",\"description\":\"Valokuvia ja tarinaa laidasta laitaan\",\"publisher\":{\"@id\":\"https:\/\/www.remonen.fi\/WP\/#\/schema\/person\/1803c23d1d4f6722054eb2ac7f7a97cd\"},\"potentialAction\":[{\"@type\":\"SearchAction\",\"target\":{\"@type\":\"EntryPoint\",\"urlTemplate\":\"https:\/\/www.remonen.fi\/WP\/?s={search_term_string}\"},\"query-input\":{\"@type\":\"PropertyValueSpecification\",\"valueRequired\":true,\"valueName\":\"search_term_string\"}}],\"inLanguage\":\"fi\"},{\"@type\":[\"Person\",\"Organization\"],\"@id\":\"https:\/\/www.remonen.fi\/WP\/#\/schema\/person\/1803c23d1d4f6722054eb2ac7f7a97cd\",\"name\":\"Matti Remonen\",\"logo\":{\"@id\":\"https:\/\/www.remonen.fi\/WP\/#\/schema\/person\/image\/\"},\"url\":\"https:\/\/www.remonen.fi\/WP\/blogi\/author\/mre\/\"}]}<\/script>\n<!-- \/ Yoast SEO plugin. -->","yoast_head_json":{"title":"Maakuntamatkailua - gREat MOments NEver forgotteN","description":"Kaupunkimatkan vastapainoksi piti sitten l\u00e4hte\u00e4 heitt\u00e4m\u00e4\u00e4n lenkki it\u00e4iselle uudellemaalle. S\u00e4\u00e4 ei kyll\u00e4 oikein suosinut: parin viikon jatkuvan helteen...","robots":{"index":"index","follow":"follow","max-snippet":"max-snippet:-1","max-image-preview":"max-image-preview:large","max-video-preview":"max-video-preview:-1"},"canonical":"https:\/\/www.remonen.fi\/WP\/blogi\/maakuntamatkailua\/","og_locale":"fi_FI","og_type":"article","og_title":"Maakuntamatkailua - gREat MOments NEver forgotteN","og_description":"Kaupunkimatkan vastapainoksi piti sitten l\u00e4hte\u00e4 heitt\u00e4m\u00e4\u00e4n lenkki it\u00e4iselle uudellemaalle. S\u00e4\u00e4 ei kyll\u00e4 oikein suosinut: parin viikon jatkuvan helteen...","og_url":"https:\/\/www.remonen.fi\/WP\/blogi\/maakuntamatkailua\/","og_site_name":"remonen.fi","article_published_time":"2014-07-30T12:40:25+00:00","article_modified_time":"2014-07-31T08:13:10+00:00","og_image":[{"width":800,"height":533,"url":"https:\/\/www.remonen.fi\/WP\/wp-content\/uploads\/2014\/07\/Stromfors-Loviisa-Porvoo-1.jpg","type":"image\/jpeg"}],"author":"Matti Remonen","twitter_misc":{"Kirjoittanut":"Matti Remonen","Arvioitu lukuaika":"2 minuuttia"},"schema":{"@context":"https:\/\/schema.org","@graph":[{"@type":"Article","@id":"https:\/\/www.remonen.fi\/WP\/blogi\/maakuntamatkailua\/#article","isPartOf":{"@id":"https:\/\/www.remonen.fi\/WP\/blogi\/maakuntamatkailua\/"},"author":{"name":"Matti Remonen","@id":"https:\/\/www.remonen.fi\/WP\/#\/schema\/person\/1803c23d1d4f6722054eb2ac7f7a97cd"},"headline":"Maakuntamatkailua","datePublished":"2014-07-30T12:40:25+00:00","dateModified":"2014-07-31T08:13:10+00:00","mainEntityOfPage":{"@id":"https:\/\/www.remonen.fi\/WP\/blogi\/maakuntamatkailua\/"},"wordCount":359,"commentCount":2,"publisher":{"@id":"https:\/\/www.remonen.fi\/WP\/#\/schema\/person\/1803c23d1d4f6722054eb2ac7f7a97cd"},"image":{"@id":"https:\/\/www.remonen.fi\/WP\/blogi\/maakuntamatkailua\/#primaryimage"},"thumbnailUrl":"https:\/\/www.remonen.fi\/WP\/wp-content\/uploads\/2014\/07\/Stromfors-Loviisa-Porvoo-1.jpg","keywords":["Loviisa","Porvoo","Str\u00f6mfors"],"articleSection":["Blog"],"inLanguage":"fi","potentialAction":[{"@type":"CommentAction","name":"Comment","target":["https:\/\/www.remonen.fi\/WP\/blogi\/maakuntamatkailua\/#respond"]}]},{"@type":"WebPage","@id":"https:\/\/www.remonen.fi\/WP\/blogi\/maakuntamatkailua\/","url":"https:\/\/www.remonen.fi\/WP\/blogi\/maakuntamatkailua\/","name":"Maakuntamatkailua - gREat MOments NEver forgotteN","isPartOf":{"@id":"https:\/\/www.remonen.fi\/WP\/#website"},"primaryImageOfPage":{"@id":"https:\/\/www.remonen.fi\/WP\/blogi\/maakuntamatkailua\/#primaryimage"},"image":{"@id":"https:\/\/www.remonen.fi\/WP\/blogi\/maakuntamatkailua\/#primaryimage"},"thumbnailUrl":"https:\/\/www.remonen.fi\/WP\/wp-content\/uploads\/2014\/07\/Stromfors-Loviisa-Porvoo-1.jpg","datePublished":"2014-07-30T12:40:25+00:00","dateModified":"2014-07-31T08:13:10+00:00","description":"Kaupunkimatkan vastapainoksi piti sitten l\u00e4hte\u00e4 heitt\u00e4m\u00e4\u00e4n lenkki it\u00e4iselle uudellemaalle. S\u00e4\u00e4 ei kyll\u00e4 oikein suosinut: parin viikon jatkuvan helteen...","breadcrumb":{"@id":"https:\/\/www.remonen.fi\/WP\/blogi\/maakuntamatkailua\/#breadcrumb"},"inLanguage":"fi","potentialAction":[{"@type":"ReadAction","target":["https:\/\/www.remonen.fi\/WP\/blogi\/maakuntamatkailua\/"]}]},{"@type":"ImageObject","inLanguage":"fi","@id":"https:\/\/www.remonen.fi\/WP\/blogi\/maakuntamatkailua\/#primaryimage","url":"https:\/\/www.remonen.fi\/WP\/wp-content\/uploads\/2014\/07\/Stromfors-Loviisa-Porvoo-1.jpg","contentUrl":"https:\/\/www.remonen.fi\/WP\/wp-content\/uploads\/2014\/07\/Stromfors-Loviisa-Porvoo-1.jpg","width":800,"height":533},{"@type":"BreadcrumbList","@id":"https:\/\/www.remonen.fi\/WP\/blogi\/maakuntamatkailua\/#breadcrumb","itemListElement":[{"@type":"ListItem","position":1,"name":"Etusivu","item":"https:\/\/www.remonen.fi\/WP\/"},{"@type":"ListItem","position":2,"name":"Maakuntamatkailua"}]},{"@type":"WebSite","@id":"https:\/\/www.remonen.fi\/WP\/#website","url":"https:\/\/www.remonen.fi\/WP\/","name":"remonen.fi","description":"Valokuvia ja tarinaa laidasta laitaan","publisher":{"@id":"https:\/\/www.remonen.fi\/WP\/#\/schema\/person\/1803c23d1d4f6722054eb2ac7f7a97cd"},"potentialAction":[{"@type":"SearchAction","target":{"@type":"EntryPoint","urlTemplate":"https:\/\/www.remonen.fi\/WP\/?s={search_term_string}"},"query-input":{"@type":"PropertyValueSpecification","valueRequired":true,"valueName":"search_term_string"}}],"inLanguage":"fi"},{"@type":["Person","Organization"],"@id":"https:\/\/www.remonen.fi\/WP\/#\/schema\/person\/1803c23d1d4f6722054eb2ac7f7a97cd","name":"Matti Remonen","logo":{"@id":"https:\/\/www.remonen.fi\/WP\/#\/schema\/person\/image\/"},"url":"https:\/\/www.remonen.fi\/WP\/blogi\/author\/mre\/"}]}},"_links":{"self":[{"href":"https:\/\/www.remonen.fi\/WP\/wp-json\/wp\/v2\/posts\/4754"}],"collection":[{"href":"https:\/\/www.remonen.fi\/WP\/wp-json\/wp\/v2\/posts"}],"about":[{"href":"https:\/\/www.remonen.fi\/WP\/wp-json\/wp\/v2\/types\/post"}],"author":[{"embeddable":true,"href":"https:\/\/www.remonen.fi\/WP\/wp-json\/wp\/v2\/users\/2"}],"replies":[{"embeddable":true,"href":"https:\/\/www.remonen.fi\/WP\/wp-json\/wp\/v2\/comments?post=4754"}],"version-history":[{"count":0,"href":"https:\/\/www.remonen.fi\/WP\/wp-json\/wp\/v2\/posts\/4754\/revisions"}],"wp:featuredmedia":[{"embeddable":true,"href":"https:\/\/www.remonen.fi\/WP\/wp-json\/wp\/v2\/media\/4755"}],"wp:attachment":[{"href":"https:\/\/www.remonen.fi\/WP\/wp-json\/wp\/v2\/media?parent=4754"}],"wp:term":[{"taxonomy":"category","embeddable":true,"href":"https:\/\/www.remonen.fi\/WP\/wp-json\/wp\/v2\/categories?post=4754"},{"taxonomy":"post_tag","embeddable":true,"href":"https:\/\/www.remonen.fi\/WP\/wp-json\/wp\/v2\/tags?post=4754"}],"curies":[{"name":"wp","href":"https:\/\/api.w.org\/{rel}","templated":true}]}}