{"id":4815,"date":"2014-08-12T11:56:36","date_gmt":"2014-08-12T08:56:36","guid":{"rendered":"http:\/\/www.remonen.fi\/?p=4815"},"modified":"2014-08-12T11:57:20","modified_gmt":"2014-08-12T08:57:20","slug":"takinkaantoa-ja-muita-tapahtumia","status":"publish","type":"post","link":"https:\/\/www.remonen.fi\/WP\/blogi\/takinkaantoa-ja-muita-tapahtumia\/","title":{"rendered":"Takink\u00e4\u00e4nt\u00f6\u00e4 ja muita tapahtumia&#8230;"},"content":{"rendered":"<p><a title=\"Kaupunkimatkailua\" href=\"http:\/\/www.remonen.fi\/photoblog\/kaupunkimatkailua\/\">Kuten t\u00e4ss\u00e4 muutama aika sitten julisti<\/a>n, niin Nikonin uutukainen D810 ei todellakaan ole minua varten. Siis miksi menisin sellaisen ostamaan, kun kerran siin\u00e4 ei ole juurikaan parannuksia minulla jo olevaan D800E:hen. Jaa miksik\u00f6? No siksi. Siis 50+ -vuotta ei ole opettanut minulle itsest\u00e4ni mit\u00e4\u00e4n. Ei mit\u00e4\u00e4n. K\u00e4yt\u00e4nn\u00f6ss\u00e4 ostoperusteeksi minulle riitt\u00e4\u00e4 se, ett\u00e4 se on siell\u00e4 ja edes puolijulkisesti kaupan. Ja t\u00e4m\u00e4 &#8221;se&#8221; voi sitten olla mit\u00e4 tahansa. The Geekier, The Better. Kirjoitan joskus mun titaanirunkoisesta polkupy\u00f6r\u00e4st\u00e4, vm -93. Klassikko jo syntyess\u00e4\u00e4n.<\/p>\n<p><a href=\"http:\/\/www.remonen.fi\/WP\/wp-content\/uploads\/2014\/08\/Niita_naita_082014-1-2.jpg\"><img loading=\"lazy\" decoding=\"async\" class=\"alignleft wp-image-4814 size-medium\" title=\"Aperture: &#402;\/5.6 | Camera: ILCE-6000 | Taken: 11 elokuun, 2014 | Copyright: (c) Matti Remonen | Exposure bias: +7\/10EV | Flash fired: no | Focal length: 32mm | ISO: 1000 | Shutter speed: 1\/60s | \" src=\"http:\/\/www.remonen.fi\/WP\/wp-content\/uploads\/2014\/08\/Niita_naita_082014-1-2-300x199.jpg\" alt=\"\" width=\"300\" height=\"199\" srcset=\"https:\/\/www.remonen.fi\/WP\/wp-content\/uploads\/2014\/08\/Niita_naita_082014-1-2-300x199.jpg 300w, https:\/\/www.remonen.fi\/WP\/wp-content\/uploads\/2014\/08\/Niita_naita_082014-1-2.jpg 800w\" sizes=\"(max-width: 300px) 100vw, 300px\" \/><\/a>No, mutta n\u00e4in siin\u00e4 sitten k\u00e4vi, ett\u00e4 D800E p\u00e4ivittyi D810-versioon. Myin vanhan rungon dc.netin myyntipalstan kautta ja se menikin k\u00e4yt\u00e4nn\u00f6ss\u00e4 saman tien pyyt\u00e4m\u00e4\u00e4ni hintaan. Uskon, ett\u00e4 pyyntihinta oli my\u00f6s ostajalle ihan kohtuullinen. Yleens\u00e4 mulla on n\u00e4iss\u00e4 kalustojutuissa ideana se, ett\u00e4 kaupan pit\u00e4isi olla win-win: min\u00e4 haluan tavarasta eroon ja ostajallekin j\u00e4\u00e4 hyv\u00e4 mieli. Ehk\u00e4 &#8221;rankin&#8221; esimerkki l\u00e4hiajoilta oli se, kun myin Sigman 8-millisen kalansilm\u00e4n ostajalle, joka oli katsellut Samyongin vastaavaa. Myin Sigman Singsongin hintatasolla, vaikka l\u00e4ht\u00f6hinta oli kolminkertainen. Jos en kerran objektiivia k\u00e4ytt\u00e4nyt\/tarvinnut, niin ei se hyllyss\u00e4 juurikaan tuota. Ja jos joku toinen siit\u00e4 sitten sai mielens\u00e4 hyv\u00e4ksi, niin mik\u00e4 ettei. Ei omasta tavarastaan pid\u00e4 olla turhan tarkka, kuten joku joskus jotain ohjeisti.<\/p>\n<p>No joo, D810:st\u00e4 ei nyt ole viel\u00e4 juuri kokemuksia karttunut, kun se on ollut hallussani vain alle vuorokauden. Sen sijaan postailen t\u00e4h\u00e4n per\u00e4\u00e4n nyt sillisalaattia parilta edelt\u00e4v\u00e4lt\u00e4 viikolta, jotta valokuvablokiin nyt saisi edes parit kuvat.<\/p>\n<p><a href=\"http:\/\/www.remonen.fi\/WP\/wp-content\/uploads\/2014\/08\/Niita_naita_082014-1-3.jpg\"><img loading=\"lazy\" decoding=\"async\" class=\"aligncenter wp-image-4827\" title=\"Aperture: &#402;\/6.3 | Camera: NEX-5N | Taken: 2 elokuun, 2014 | Copyright: (c) Matti Remonen | Exposure bias: +1.7EV | Flash fired: no | Focal length: 18mm | ISO: 100 | Shutter speed: 1\/320s | \" src=\"http:\/\/www.remonen.fi\/WP\/wp-content\/uploads\/2014\/08\/Niita_naita_082014-1-3.jpg\" alt=\"\" width=\"600\" height=\"336\" srcset=\"https:\/\/www.remonen.fi\/WP\/wp-content\/uploads\/2014\/08\/Niita_naita_082014-1-3.jpg 800w, https:\/\/www.remonen.fi\/WP\/wp-content\/uploads\/2014\/08\/Niita_naita_082014-1-3-300x168.jpg 300w\" sizes=\"(max-width: 600px) 100vw, 600px\" \/><\/a><\/p>\n<p style=\"text-align: left;\"><a href=\"http:\/\/www.remonen.fi\/WP\/wp-content\/uploads\/2014\/08\/Niita_naita_082014-3.jpg\"><img loading=\"lazy\" decoding=\"async\" class=\"alignright wp-image-4810 size-medium\" title=\"Aperture: &#402;\/1.8 | Camera: ILCE-6000 | Taken: 2 elokuun, 2014 | Copyright: (c) Matti Remonen | Exposure bias: +7\/10EV | Flash fired: no | Focal length: 32mm | ISO: 100 | Shutter speed: 1\/3200s | \" src=\"http:\/\/www.remonen.fi\/WP\/wp-content\/uploads\/2014\/08\/Niita_naita_082014-3-199x300.jpg\" alt=\"\" width=\"199\" height=\"300\" srcset=\"https:\/\/www.remonen.fi\/WP\/wp-content\/uploads\/2014\/08\/Niita_naita_082014-3-199x300.jpg 199w, https:\/\/www.remonen.fi\/WP\/wp-content\/uploads\/2014\/08\/Niita_naita_082014-3.jpg 533w\" sizes=\"(max-width: 199px) 100vw, 199px\" \/><\/a>Pari viikkoa sitten matka suuntautui kohden entist\u00e4 kotikaupunkia Kotkaa, jossa meill\u00e4 oli luokkakokous. Kyseess\u00e4 vuoden -73 poikalyseon 2B-luokka. Mutta siit\u00e4 sen enemp\u00e4\u00e4, olin autolla liikenteess\u00e4. Sen sijaan kun oli aikaa, kiertelin Kotkaa muuten vain. Kotkan yleisilmeh\u00e4n on piristynyt vuosien saatossa hyvinkin paljon ja p\u00e4\u00e4osin kaupunginpuutarhurin toimesta. Sinne on perustettu uusia puistoja ja vanhoja on ehostettu. Uusimpana isona hankkeena on ollut vanhan \u00f6ljysatama-alueen muuttaminen merelliseksi ulkoilupuistoksi, <a title=\"Katariinan Meripuisto\" href=\"http:\/\/www.kotka.fi\/asukkaalle\/puistot_ja_viheralueet\/puistojen_esittely\/katariinan_meripuisto\" target=\"_blank\">Katariinanpuistoksi<\/a>.<\/p>\n<p style=\"text-align: left;\">Katariinanpuiston lis\u00e4ksi Kotkasta l\u00f6ytyy t<a title=\"Kotkan puistot\" href=\"http:\/\/www.kotka.fi\/asukkaalle\/puistot_ja_viheralueet\/puistojen_esittely\" target=\"_blank\">oistakymment\u00e4 erilaista puistoaluetta<\/a>, joissa on eri teemat. Kes\u00e4kaupunkinahan Kotka on mit\u00e4 mukavin, mutta kuten niin monen muunkin pikkukaupungin kanssa, niin talouden nykytila n\u00e4kyy aika nopeasti ja voimakkaasti. Valitettavasti. Paljon l\u00f6ytyy lopettaneita kauppoja ja muita tyhji\u00e4 liiketiloja eik\u00e4 nykyinen meno it\u00e4naapurin kanssa juuri helpota ven\u00e4l\u00e4isten matkailusta merkitt\u00e4vi\u00e4 tuloja saavaa seutukuntaa.<\/p>\n<div id=\"attachment_4798\" style=\"width: 610px\" class=\"wp-caption aligncenter\"><a href=\"http:\/\/www.remonen.fi\/WP\/wp-content\/uploads\/2014\/08\/Niita_naita_082014-1-e1407829958262.jpg\"><img loading=\"lazy\" decoding=\"async\" aria-describedby=\"caption-attachment-4798\" class=\"wp-image-4798\" title=\"\" src=\"http:\/\/www.remonen.fi\/WP\/wp-content\/uploads\/2014\/08\/Niita_naita_082014-1-e1407829958262.jpg\" alt=\"\" width=\"600\" height=\"718\" srcset=\"https:\/\/www.remonen.fi\/WP\/wp-content\/uploads\/2014\/08\/Niita_naita_082014-1-e1407829958262.jpg 652w, https:\/\/www.remonen.fi\/WP\/wp-content\/uploads\/2014\/08\/Niita_naita_082014-1-e1407829958262-250x300.jpg 250w\" sizes=\"(max-width: 600px) 100vw, 600px\" \/><\/a><p id=\"caption-attachment-4798\" class=\"wp-caption-text\">Kotka Shopping Hell &#8482;<\/p><\/div>\n<p style=\"text-align: left;\">Kotkan reisusta toivuttuani k\u00e4\u00e4nsin nokkani (ja vaimon nokan) kohden l\u00e4ntt\u00e4. Olin saanut D800E:n myyty\u00e4 ja lupasin toimittaa rungon ostajalle ihan k\u00e4teen. Ostaja kun asui Raaseporin suunnalla, niin p\u00e4\u00e4tin yhdist\u00e4\u00e4 liike- ja turistimatkailun. <a title=\"Mustion Linna\" href=\"http:\/\/www.mustionlinna.fi\/\" target=\"_blank\">Mustion kartanossa<\/a> ja <a title=\"Raaseporin linna\" href=\"http:\/\/www.raseborg.org\/slott\/fin\/\" target=\"_blank\">Raaseporin linnassa<\/a> k\u00e4ynneist\u00e4 oli ehtinyt vier\u00e4ht\u00e4\u00e4 jo useampi vuosi. Ja olin onnistunut aikanaan hukkaamaan muistikortin, jossa oli kuvat tuolta k\u00e4ynnilt\u00e4, niin miksip\u00e4 sit\u00e4 ei sitten voisi k\u00e4yd\u00e4 katsomassa nuokin paikat uudelleen.<\/p>\n<p style=\"text-align: left;\"><a href=\"http:\/\/www.remonen.fi\/WP\/wp-content\/uploads\/2014\/08\/Niita_naita_082014-8.jpg\"><img loading=\"lazy\" decoding=\"async\" class=\"aligncenter wp-image-4805\" title=\"Aperture: &#402;\/6.3 | Camera: NEX-5N | Taken: 3 elokuun, 2014 | Copyright: (c) Matti Remonen | Exposure bias: +2.3EV | Flash fired: no | Focal length: 10mm | ISO: 100 | Shutter speed: 1\/80s | \" src=\"http:\/\/www.remonen.fi\/WP\/wp-content\/uploads\/2014\/08\/Niita_naita_082014-8.jpg\" alt=\"\" width=\"600\" height=\"399\" srcset=\"https:\/\/www.remonen.fi\/WP\/wp-content\/uploads\/2014\/08\/Niita_naita_082014-8.jpg 800w, https:\/\/www.remonen.fi\/WP\/wp-content\/uploads\/2014\/08\/Niita_naita_082014-8-300x199.jpg 300w\" sizes=\"(max-width: 600px) 100vw, 600px\" \/><\/a><\/p>\n<p style=\"text-align: left;\">Raaseporin linna on varsin vaikuttavan n\u00e4k\u00f6inen, mutta keskip\u00e4iv\u00e4n auringossa ei oikein kunnollista kuvaa sielt\u00e4 saanut. Mustion kartanon alueella sen sijaan on hyvinkin paljon kuvattavaa ihan p\u00e4iv\u00e4selt\u00e4\u00e4nkin, l\u00f6ytyyh\u00e4n sielt\u00e4 nimitt\u00e4in vesielementti\u00e4, huvimajoja, patsaspuisto ja itse kartano.<\/p>\n<table class=\" aligncenter\">\n<tbody>\n<tr>\n<td><a href=\"http:\/\/www.remonen.fi\/WP\/wp-content\/uploads\/2014\/08\/Niita_naita_082014-9.jpg\"><img loading=\"lazy\" decoding=\"async\" class=\"alignnone wp-image-4804 size-medium\" title=\"Aperture: &#402;\/5.6 | Camera: ILCE-6000 | Taken: 3 elokuun, 2014 | Copyright: (c) Matti Remonen | Exposure bias: +7\/10EV | Flash fired: no | Focal length: 22mm | ISO: 100 | Shutter speed: 1\/640s | \" src=\"http:\/\/www.remonen.fi\/WP\/wp-content\/uploads\/2014\/08\/Niita_naita_082014-9-199x300.jpg\" alt=\"\" width=\"199\" height=\"300\" srcset=\"https:\/\/www.remonen.fi\/WP\/wp-content\/uploads\/2014\/08\/Niita_naita_082014-9-199x300.jpg 199w, https:\/\/www.remonen.fi\/WP\/wp-content\/uploads\/2014\/08\/Niita_naita_082014-9.jpg 533w\" sizes=\"(max-width: 199px) 100vw, 199px\" \/><\/a><\/td>\n<td><a href=\"http:\/\/www.remonen.fi\/WP\/wp-content\/uploads\/2014\/08\/Niita_naita_082014-6.jpg\"><img loading=\"lazy\" decoding=\"async\" class=\"alignnone wp-image-4807 size-medium\" title=\"Aperture: &#402;\/5.6 | Camera: ILCE-6000 | Taken: 3 elokuun, 2014 | Copyright: (c) Matti Remonen | Exposure bias: +7\/10EV | Flash fired: no | Focal length: 33mm | ISO: 100 | Shutter speed: 1\/800s | \" src=\"http:\/\/www.remonen.fi\/WP\/wp-content\/uploads\/2014\/08\/Niita_naita_082014-6-199x300.jpg\" alt=\"\" width=\"199\" height=\"300\" srcset=\"https:\/\/www.remonen.fi\/WP\/wp-content\/uploads\/2014\/08\/Niita_naita_082014-6-199x300.jpg 199w, https:\/\/www.remonen.fi\/WP\/wp-content\/uploads\/2014\/08\/Niita_naita_082014-6.jpg 533w\" sizes=\"(max-width: 199px) 100vw, 199px\" \/><\/a><\/td>\n<td><a href=\"http:\/\/www.remonen.fi\/WP\/wp-content\/uploads\/2014\/08\/Niita_naita_082014-7.jpg\"><img loading=\"lazy\" decoding=\"async\" class=\"alignnone wp-image-4806 size-medium\" title=\"Aperture: &#402;\/6.3 | Camera: NEX-5N | Taken: 3 elokuun, 2014 | Copyright: (c) Matti Remonen | Exposure bias: +2.3EV | Flash fired: no | Focal length: 10mm | ISO: 100 | Shutter speed: 1\/80s | \" src=\"http:\/\/www.remonen.fi\/WP\/wp-content\/uploads\/2014\/08\/Niita_naita_082014-7-199x300.jpg\" alt=\"\" width=\"199\" height=\"300\" srcset=\"https:\/\/www.remonen.fi\/WP\/wp-content\/uploads\/2014\/08\/Niita_naita_082014-7-199x300.jpg 199w, https:\/\/www.remonen.fi\/WP\/wp-content\/uploads\/2014\/08\/Niita_naita_082014-7.jpg 532w\" sizes=\"(max-width: 199px) 100vw, 199px\" \/><\/a><\/td>\n<\/tr>\n<\/tbody>\n<\/table>\n<p>Kun nuo maasetukierrokset oli saatu tehty\u00e4, niin seuraavana viikonloppuna keho huusi jo perinteist\u00e4 kaupunkimilj\u00f6\u00f6t\u00e4, joten p\u00e4\u00e4tin hoitaa Ateneumissa esill\u00e4 olevan Tove Janssonin 100-vuotisn\u00e4yttelyn ja Kansallismuseon Budo-n\u00e4yttelyn pois alta. Liika maaseutu vaatii kulttuuria vastapainokseen. V\u00e4h\u00e4n niin kuin rasvainen makkara huutaa olutta.<\/p>\n<p><a href=\"http:\/\/www.remonen.fi\/WP\/wp-content\/uploads\/2014\/08\/Niita_naita_082014-10.jpg\"><img loading=\"lazy\" decoding=\"async\" class=\"aligncenter wp-image-4803\" title=\"Aperture: &#402;\/5.6 | Camera: ILCE-6000 | Taken: 9 elokuun, 2014 | Copyright: (c) Matti Remonen | Exposure bias: +7\/10EV | Flash fired: no | Focal length: 32mm | ISO: 100 | Shutter speed: 1\/250s | \" src=\"http:\/\/www.remonen.fi\/WP\/wp-content\/uploads\/2014\/08\/Niita_naita_082014-10.jpg\" alt=\"\" width=\"600\" height=\"400\" srcset=\"https:\/\/www.remonen.fi\/WP\/wp-content\/uploads\/2014\/08\/Niita_naita_082014-10.jpg 800w, https:\/\/www.remonen.fi\/WP\/wp-content\/uploads\/2014\/08\/Niita_naita_082014-10-300x199.jpg 300w\" sizes=\"(max-width: 600px) 100vw, 600px\" \/><\/a><\/p>\n<p><a href=\"http:\/\/www.remonen.fi\/WP\/wp-content\/uploads\/2014\/08\/Niita_naita_082014-11.jpg\"><img loading=\"lazy\" decoding=\"async\" class=\"alignright wp-image-4802 size-medium\" title=\"Aperture: &#402;\/5.6 | Camera: ILCE-6000 | Taken: 9 elokuun, 2014 | Copyright: (c) Matti Remonen | Exposure bias: +7\/10EV | Flash fired: no | Focal length: 32mm | ISO: 500 | Shutter speed: 1\/60s | \" src=\"http:\/\/www.remonen.fi\/WP\/wp-content\/uploads\/2014\/08\/Niita_naita_082014-11-300x300.jpg\" alt=\"\" width=\"300\" height=\"300\" srcset=\"https:\/\/www.remonen.fi\/WP\/wp-content\/uploads\/2014\/08\/Niita_naita_082014-11-300x300.jpg 300w, https:\/\/www.remonen.fi\/WP\/wp-content\/uploads\/2014\/08\/Niita_naita_082014-11-150x150.jpg 150w, https:\/\/www.remonen.fi\/WP\/wp-content\/uploads\/2014\/08\/Niita_naita_082014-11.jpg 800w\" sizes=\"(max-width: 300px) 100vw, 300px\" \/><\/a>Tove Jansson on ollut minulle aina hyvin l\u00e4heinen. P\u00e4\u00e4osin tosin Muumien kautta. Olen aina pit\u00e4nyt niist\u00e4 tarinoista ja tarinoiden moniulotteisuudesta. Ne eiv\u00e4t todellakaan ole mit\u00e4\u00e4n (pelkki\u00e4) lasten satukirjoja, vaan ihan oikeaa tarinankerrontaa. Ehk\u00e4 minun Muumi-kiintymykseni on per\u00e4isin jo lastentarha-ajoilta, kun Kotkan Yksityisen lastentarhan salin sein\u00e4ll\u00e4 oli (on) Tove Janssonin tekem\u00e4 sein\u00e4maalaus, jossa on jo l\u00f6ydett\u00e4viss\u00e4 Muumien esi-asteita. Sit\u00e4 kun tuijotti silm\u00e4t suurina muutaman vuoden, niin Muumikirjat olivat kuin paluu kotiin. Mainitsinko jo 50+ -muumimukin kokoelmastani?<\/p>\n<p>Eniveis, Tove Jansson on ollut todella monipuolinen taiteilija: kirjailija ja taidemaalari. Voin vain kuvitella miten h\u00e4nell\u00e4 on ollut luomisen tuska, kun asioita on pit\u00e4nyt saada paperille ja kanvakselle. En sitten tied\u00e4, miten h\u00e4n itse suhtautui Muumi-kirjoihin, joka oli kuitenkin vain aika lyhyt aika h\u00e4nen urallaan. Ja niist\u00e4 h\u00e4net sitten viime k\u00e4dess\u00e4 kuitenkin tunnetaan. Toivottavasti h\u00e4n oli sinut asian kanssa. No, Ateneumissa ei saanut kuvata, joten sielt\u00e4 ei materiaalia t\u00e4nne ole, mutta toisaalta kaikkihan Muumin ovat n\u00e4hneet.<\/p>\n<p><a href=\"http:\/\/www.remonen.fi\/WP\/wp-content\/uploads\/2014\/08\/Niita_naita_082014-13.jpg\"><img loading=\"lazy\" decoding=\"async\" class=\"alignleft wp-image-4800 size-medium\" title=\"Aperture: &#402;\/1.8 | Camera: ILCE-6000 | Taken: 9 elokuun, 2014 | Copyright: (c) Matti Remonen | Exposure bias: +7\/10EV | Flash fired: no | Focal length: 32mm | ISO: 320 | Shutter speed: 1\/60s | \" src=\"http:\/\/www.remonen.fi\/WP\/wp-content\/uploads\/2014\/08\/Niita_naita_082014-13-199x300.jpg\" alt=\"\" width=\"199\" height=\"300\" srcset=\"https:\/\/www.remonen.fi\/WP\/wp-content\/uploads\/2014\/08\/Niita_naita_082014-13-199x300.jpg 199w, https:\/\/www.remonen.fi\/WP\/wp-content\/uploads\/2014\/08\/Niita_naita_082014-13.jpg 533w\" sizes=\"(max-width: 199px) 100vw, 199px\" \/><\/a>Kansallismuseossa oli sitten Budo-n\u00e4yttely &#8221;Soturin tie&#8221;, jossa oli n\u00e4ytill\u00e4 japanilaisia historiallisia Samurai-varusteita. Varusteet tosin olivat p\u00e4\u00e4osin rekonstruoituja, eik\u00e4 satoja vuosia vanhoja. Tosin kun kyseess\u00e4 on maailmaa kiert\u00e4v\u00e4 n\u00e4yttely, ei sinne varmaan laiteta mukaan mit\u00e4\u00e4n kansallisaarteita. N\u00e4yttely oli kuitenkin ihan vierailemisen v\u00e4\u00e4rti.<\/p>\n<p>Samaan aikaan Kansallismuseossa oli n\u00e4yttely, joka kertoi Ven\u00e4j\u00e4n Tsaarin kes\u00e4lomien vietosta Suomessa. No, kun muistaa, ett\u00e4 Kotkassa on <a title=\"Keisarin kalastusmaja\" href=\"http:\/\/www.langinkoskimuseo.com\/\" target=\"_blank\">Tsaari Aleksanteri III:lle aikanaan rakennettu kalastusmaja<\/a>, niin tuo n\u00e4yttely oli minulle hieman antikliimaksi. Paitsi silt\u00e4 osin, ett\u00e4 mit\u00e4\u00e4n materiaalia tuosta kalastusmajasta ei ollut n\u00e4ytill\u00e4, mik\u00e4 on hieman kummallista. Onhan kyseess\u00e4 kuitenkin ainoa Ven\u00e4j\u00e4n ulkopuolella sijaitseva Tsaarin omistama rakennus, joka on viel\u00e4 j\u00e4ljell\u00e4.<\/p>\n<table class=\" aligncenter\">\n<tbody>\n<tr>\n<td><a href=\"http:\/\/www.remonen.fi\/WP\/wp-content\/uploads\/2014\/08\/Niita_naita_082014-12.jpg\"><img loading=\"lazy\" decoding=\"async\" class=\"alignnone wp-image-4801 size-medium\" title=\"Aperture: &#402;\/1.8 | Camera: ILCE-6000 | Taken: 9 elokuun, 2014 | Copyright: (c) Matti Remonen | Exposure bias: +7\/10EV | Flash fired: no | Focal length: 32mm | ISO: 1250 | Shutter speed: 1\/60s | \" src=\"http:\/\/www.remonen.fi\/WP\/wp-content\/uploads\/2014\/08\/Niita_naita_082014-12-199x300.jpg\" alt=\"\" width=\"199\" height=\"300\" srcset=\"https:\/\/www.remonen.fi\/WP\/wp-content\/uploads\/2014\/08\/Niita_naita_082014-12-199x300.jpg 199w, https:\/\/www.remonen.fi\/WP\/wp-content\/uploads\/2014\/08\/Niita_naita_082014-12.jpg 533w\" sizes=\"(max-width: 199px) 100vw, 199px\" \/><\/a><\/td>\n<td><a href=\"http:\/\/www.remonen.fi\/WP\/wp-content\/uploads\/2014\/08\/Niita_naita_082014-14.jpg\"><img loading=\"lazy\" decoding=\"async\" class=\"alignnone wp-image-4799 size-medium\" title=\"Aperture: &#402;\/1.8 | Camera: ILCE-6000 | Taken: 9 elokuun, 2014 | Copyright: (c) Matti Remonen | Exposure bias: +7\/10EV | Flash fired: no | Focal length: 32mm | ISO: 320 | Shutter speed: 1\/60s | \" src=\"http:\/\/www.remonen.fi\/WP\/wp-content\/uploads\/2014\/08\/Niita_naita_082014-14-199x300.jpg\" alt=\"\" width=\"199\" height=\"300\" srcset=\"https:\/\/www.remonen.fi\/WP\/wp-content\/uploads\/2014\/08\/Niita_naita_082014-14-199x300.jpg 199w, https:\/\/www.remonen.fi\/WP\/wp-content\/uploads\/2014\/08\/Niita_naita_082014-14.jpg 533w\" sizes=\"(max-width: 199px) 100vw, 199px\" \/><\/a><\/td>\n<\/tr>\n<\/tbody>\n<\/table>\n<p>Notta t\u00e4ss\u00e4 t\u00e4llainen sm\u00f6rg\u00e5rdsboard-postaus: kaikiklle kaikkea eik\u00e4 kenellek\u00e4\u00e4n mit\u00e4\u00e4n. Kuvatulvasta huolehti t\u00e4ll\u00e4 kertaa ILCE6000 + Zeiss Touit 1.8\/32 + SEL1855 sek\u00e4 NEX-5N(IR) + SEL1018 + SEL1855<\/p>\n","protected":false},"excerpt":{"rendered":"<p>Kuten t\u00e4ss\u00e4 muutama aika sitten julistin, niin Nikonin uutukainen D810 ei todellakaan ole minua varten. Siis miksi menisin sellaisen ostamaan, kun kerran siin\u00e4 ei ole juurikaan parannuksia minulla jo olevaan D800E:hen. Jaa miksik\u00f6? No siksi. Siis 50+ -vuotta ei ole opettanut minulle itsest\u00e4ni mit\u00e4\u00e4n. Ei mit\u00e4\u00e4n. K\u00e4yt\u00e4nn\u00f6ss\u00e4 ostoperusteeksi minulle riitt\u00e4\u00e4 se, ett\u00e4 se on siell\u00e4 [&hellip;]<\/p>\n","protected":false},"author":2,"featured_media":4808,"comment_status":"open","ping_status":"closed","sticky":false,"template":"","format":"standard","meta":{"footnotes":""},"categories":[16],"tags":[],"yoast_head":"<!-- This site is optimized with the Yoast SEO plugin v24.5 - https:\/\/yoast.com\/wordpress\/plugins\/seo\/ -->\n<title>Takink\u00e4\u00e4nt\u00f6\u00e4 ja muita... - gREat MOments NEver forgotteN<\/title>\n<meta name=\"description\" content=\"Kuten t\u00e4ss\u00e4 muutama aika sitten julistin, niin Nikonin uutukainen D810 ei todellakaan ole minua varten. Siis miksi menisin sellaisen ostamaan?\" \/>\n<meta name=\"robots\" content=\"index, follow, max-snippet:-1, max-image-preview:large, max-video-preview:-1\" \/>\n<link rel=\"canonical\" href=\"https:\/\/www.remonen.fi\/WP\/blogi\/takinkaantoa-ja-muita-tapahtumia\/\" \/>\n<meta property=\"og:locale\" content=\"fi_FI\" \/>\n<meta property=\"og:type\" content=\"article\" \/>\n<meta property=\"og:title\" content=\"Takink\u00e4\u00e4nt\u00f6\u00e4 ja muita... - gREat MOments NEver forgotteN\" \/>\n<meta property=\"og:description\" content=\"Kuten t\u00e4ss\u00e4 muutama aika sitten julistin, niin Nikonin uutukainen D810 ei todellakaan ole minua varten. Siis miksi menisin sellaisen ostamaan?\" \/>\n<meta property=\"og:url\" content=\"https:\/\/www.remonen.fi\/WP\/blogi\/takinkaantoa-ja-muita-tapahtumia\/\" \/>\n<meta property=\"og:site_name\" content=\"remonen.fi\" \/>\n<meta property=\"article:published_time\" content=\"2014-08-12T08:56:36+00:00\" \/>\n<meta property=\"article:modified_time\" content=\"2014-08-12T08:57:20+00:00\" \/>\n<meta property=\"og:image\" content=\"https:\/\/www.remonen.fi\/WP\/wp-content\/uploads\/2014\/08\/Niita_naita_082014-5.jpg\" \/>\n\t<meta property=\"og:image:width\" content=\"800\" \/>\n\t<meta property=\"og:image:height\" content=\"533\" \/>\n\t<meta property=\"og:image:type\" content=\"image\/jpeg\" \/>\n<meta name=\"author\" content=\"Matti Remonen\" \/>\n<meta name=\"twitter:label1\" content=\"Kirjoittanut\" \/>\n\t<meta name=\"twitter:data1\" content=\"Matti Remonen\" \/>\n\t<meta name=\"twitter:label2\" content=\"Arvioitu lukuaika\" \/>\n\t<meta name=\"twitter:data2\" content=\"4 minuuttia\" \/>\n<script type=\"application\/ld+json\" class=\"yoast-schema-graph\">{\"@context\":\"https:\/\/schema.org\",\"@graph\":[{\"@type\":\"Article\",\"@id\":\"https:\/\/www.remonen.fi\/WP\/blogi\/takinkaantoa-ja-muita-tapahtumia\/#article\",\"isPartOf\":{\"@id\":\"https:\/\/www.remonen.fi\/WP\/blogi\/takinkaantoa-ja-muita-tapahtumia\/\"},\"author\":{\"name\":\"Matti Remonen\",\"@id\":\"https:\/\/www.remonen.fi\/WP\/#\/schema\/person\/1803c23d1d4f6722054eb2ac7f7a97cd\"},\"headline\":\"Takink\u00e4\u00e4nt\u00f6\u00e4 ja muita tapahtumia&#8230;\",\"datePublished\":\"2014-08-12T08:56:36+00:00\",\"dateModified\":\"2014-08-12T08:57:20+00:00\",\"mainEntityOfPage\":{\"@id\":\"https:\/\/www.remonen.fi\/WP\/blogi\/takinkaantoa-ja-muita-tapahtumia\/\"},\"wordCount\":902,\"commentCount\":0,\"publisher\":{\"@id\":\"https:\/\/www.remonen.fi\/WP\/#\/schema\/person\/1803c23d1d4f6722054eb2ac7f7a97cd\"},\"image\":{\"@id\":\"https:\/\/www.remonen.fi\/WP\/blogi\/takinkaantoa-ja-muita-tapahtumia\/#primaryimage\"},\"thumbnailUrl\":\"https:\/\/www.remonen.fi\/WP\/wp-content\/uploads\/2014\/08\/Niita_naita_082014-5.jpg\",\"articleSection\":[\"Blog\"],\"inLanguage\":\"fi\",\"potentialAction\":[{\"@type\":\"CommentAction\",\"name\":\"Comment\",\"target\":[\"https:\/\/www.remonen.fi\/WP\/blogi\/takinkaantoa-ja-muita-tapahtumia\/#respond\"]}]},{\"@type\":\"WebPage\",\"@id\":\"https:\/\/www.remonen.fi\/WP\/blogi\/takinkaantoa-ja-muita-tapahtumia\/\",\"url\":\"https:\/\/www.remonen.fi\/WP\/blogi\/takinkaantoa-ja-muita-tapahtumia\/\",\"name\":\"Takink\u00e4\u00e4nt\u00f6\u00e4 ja muita... - gREat MOments NEver forgotteN\",\"isPartOf\":{\"@id\":\"https:\/\/www.remonen.fi\/WP\/#website\"},\"primaryImageOfPage\":{\"@id\":\"https:\/\/www.remonen.fi\/WP\/blogi\/takinkaantoa-ja-muita-tapahtumia\/#primaryimage\"},\"image\":{\"@id\":\"https:\/\/www.remonen.fi\/WP\/blogi\/takinkaantoa-ja-muita-tapahtumia\/#primaryimage\"},\"thumbnailUrl\":\"https:\/\/www.remonen.fi\/WP\/wp-content\/uploads\/2014\/08\/Niita_naita_082014-5.jpg\",\"datePublished\":\"2014-08-12T08:56:36+00:00\",\"dateModified\":\"2014-08-12T08:57:20+00:00\",\"description\":\"Kuten t\u00e4ss\u00e4 muutama aika sitten julistin, niin Nikonin uutukainen D810 ei todellakaan ole minua varten. Siis miksi menisin sellaisen ostamaan?\",\"breadcrumb\":{\"@id\":\"https:\/\/www.remonen.fi\/WP\/blogi\/takinkaantoa-ja-muita-tapahtumia\/#breadcrumb\"},\"inLanguage\":\"fi\",\"potentialAction\":[{\"@type\":\"ReadAction\",\"target\":[\"https:\/\/www.remonen.fi\/WP\/blogi\/takinkaantoa-ja-muita-tapahtumia\/\"]}]},{\"@type\":\"ImageObject\",\"inLanguage\":\"fi\",\"@id\":\"https:\/\/www.remonen.fi\/WP\/blogi\/takinkaantoa-ja-muita-tapahtumia\/#primaryimage\",\"url\":\"https:\/\/www.remonen.fi\/WP\/wp-content\/uploads\/2014\/08\/Niita_naita_082014-5.jpg\",\"contentUrl\":\"https:\/\/www.remonen.fi\/WP\/wp-content\/uploads\/2014\/08\/Niita_naita_082014-5.jpg\",\"width\":800,\"height\":533},{\"@type\":\"BreadcrumbList\",\"@id\":\"https:\/\/www.remonen.fi\/WP\/blogi\/takinkaantoa-ja-muita-tapahtumia\/#breadcrumb\",\"itemListElement\":[{\"@type\":\"ListItem\",\"position\":1,\"name\":\"Etusivu\",\"item\":\"https:\/\/www.remonen.fi\/WP\/\"},{\"@type\":\"ListItem\",\"position\":2,\"name\":\"Takink\u00e4\u00e4nt\u00f6\u00e4 ja muita tapahtumia&#8230;\"}]},{\"@type\":\"WebSite\",\"@id\":\"https:\/\/www.remonen.fi\/WP\/#website\",\"url\":\"https:\/\/www.remonen.fi\/WP\/\",\"name\":\"remonen.fi\",\"description\":\"Valokuvia ja tarinaa laidasta laitaan\",\"publisher\":{\"@id\":\"https:\/\/www.remonen.fi\/WP\/#\/schema\/person\/1803c23d1d4f6722054eb2ac7f7a97cd\"},\"potentialAction\":[{\"@type\":\"SearchAction\",\"target\":{\"@type\":\"EntryPoint\",\"urlTemplate\":\"https:\/\/www.remonen.fi\/WP\/?s={search_term_string}\"},\"query-input\":{\"@type\":\"PropertyValueSpecification\",\"valueRequired\":true,\"valueName\":\"search_term_string\"}}],\"inLanguage\":\"fi\"},{\"@type\":[\"Person\",\"Organization\"],\"@id\":\"https:\/\/www.remonen.fi\/WP\/#\/schema\/person\/1803c23d1d4f6722054eb2ac7f7a97cd\",\"name\":\"Matti Remonen\",\"logo\":{\"@id\":\"https:\/\/www.remonen.fi\/WP\/#\/schema\/person\/image\/\"},\"url\":\"https:\/\/www.remonen.fi\/WP\/blogi\/author\/mre\/\"}]}<\/script>\n<!-- \/ Yoast SEO plugin. -->","yoast_head_json":{"title":"Takink\u00e4\u00e4nt\u00f6\u00e4 ja muita... - gREat MOments NEver forgotteN","description":"Kuten t\u00e4ss\u00e4 muutama aika sitten julistin, niin Nikonin uutukainen D810 ei todellakaan ole minua varten. Siis miksi menisin sellaisen ostamaan?","robots":{"index":"index","follow":"follow","max-snippet":"max-snippet:-1","max-image-preview":"max-image-preview:large","max-video-preview":"max-video-preview:-1"},"canonical":"https:\/\/www.remonen.fi\/WP\/blogi\/takinkaantoa-ja-muita-tapahtumia\/","og_locale":"fi_FI","og_type":"article","og_title":"Takink\u00e4\u00e4nt\u00f6\u00e4 ja muita... - gREat MOments NEver forgotteN","og_description":"Kuten t\u00e4ss\u00e4 muutama aika sitten julistin, niin Nikonin uutukainen D810 ei todellakaan ole minua varten. Siis miksi menisin sellaisen ostamaan?","og_url":"https:\/\/www.remonen.fi\/WP\/blogi\/takinkaantoa-ja-muita-tapahtumia\/","og_site_name":"remonen.fi","article_published_time":"2014-08-12T08:56:36+00:00","article_modified_time":"2014-08-12T08:57:20+00:00","og_image":[{"width":800,"height":533,"url":"https:\/\/www.remonen.fi\/WP\/wp-content\/uploads\/2014\/08\/Niita_naita_082014-5.jpg","type":"image\/jpeg"}],"author":"Matti Remonen","twitter_misc":{"Kirjoittanut":"Matti Remonen","Arvioitu lukuaika":"4 minuuttia"},"schema":{"@context":"https:\/\/schema.org","@graph":[{"@type":"Article","@id":"https:\/\/www.remonen.fi\/WP\/blogi\/takinkaantoa-ja-muita-tapahtumia\/#article","isPartOf":{"@id":"https:\/\/www.remonen.fi\/WP\/blogi\/takinkaantoa-ja-muita-tapahtumia\/"},"author":{"name":"Matti Remonen","@id":"https:\/\/www.remonen.fi\/WP\/#\/schema\/person\/1803c23d1d4f6722054eb2ac7f7a97cd"},"headline":"Takink\u00e4\u00e4nt\u00f6\u00e4 ja muita tapahtumia&#8230;","datePublished":"2014-08-12T08:56:36+00:00","dateModified":"2014-08-12T08:57:20+00:00","mainEntityOfPage":{"@id":"https:\/\/www.remonen.fi\/WP\/blogi\/takinkaantoa-ja-muita-tapahtumia\/"},"wordCount":902,"commentCount":0,"publisher":{"@id":"https:\/\/www.remonen.fi\/WP\/#\/schema\/person\/1803c23d1d4f6722054eb2ac7f7a97cd"},"image":{"@id":"https:\/\/www.remonen.fi\/WP\/blogi\/takinkaantoa-ja-muita-tapahtumia\/#primaryimage"},"thumbnailUrl":"https:\/\/www.remonen.fi\/WP\/wp-content\/uploads\/2014\/08\/Niita_naita_082014-5.jpg","articleSection":["Blog"],"inLanguage":"fi","potentialAction":[{"@type":"CommentAction","name":"Comment","target":["https:\/\/www.remonen.fi\/WP\/blogi\/takinkaantoa-ja-muita-tapahtumia\/#respond"]}]},{"@type":"WebPage","@id":"https:\/\/www.remonen.fi\/WP\/blogi\/takinkaantoa-ja-muita-tapahtumia\/","url":"https:\/\/www.remonen.fi\/WP\/blogi\/takinkaantoa-ja-muita-tapahtumia\/","name":"Takink\u00e4\u00e4nt\u00f6\u00e4 ja muita... - gREat MOments NEver forgotteN","isPartOf":{"@id":"https:\/\/www.remonen.fi\/WP\/#website"},"primaryImageOfPage":{"@id":"https:\/\/www.remonen.fi\/WP\/blogi\/takinkaantoa-ja-muita-tapahtumia\/#primaryimage"},"image":{"@id":"https:\/\/www.remonen.fi\/WP\/blogi\/takinkaantoa-ja-muita-tapahtumia\/#primaryimage"},"thumbnailUrl":"https:\/\/www.remonen.fi\/WP\/wp-content\/uploads\/2014\/08\/Niita_naita_082014-5.jpg","datePublished":"2014-08-12T08:56:36+00:00","dateModified":"2014-08-12T08:57:20+00:00","description":"Kuten t\u00e4ss\u00e4 muutama aika sitten julistin, niin Nikonin uutukainen D810 ei todellakaan ole minua varten. Siis miksi menisin sellaisen ostamaan?","breadcrumb":{"@id":"https:\/\/www.remonen.fi\/WP\/blogi\/takinkaantoa-ja-muita-tapahtumia\/#breadcrumb"},"inLanguage":"fi","potentialAction":[{"@type":"ReadAction","target":["https:\/\/www.remonen.fi\/WP\/blogi\/takinkaantoa-ja-muita-tapahtumia\/"]}]},{"@type":"ImageObject","inLanguage":"fi","@id":"https:\/\/www.remonen.fi\/WP\/blogi\/takinkaantoa-ja-muita-tapahtumia\/#primaryimage","url":"https:\/\/www.remonen.fi\/WP\/wp-content\/uploads\/2014\/08\/Niita_naita_082014-5.jpg","contentUrl":"https:\/\/www.remonen.fi\/WP\/wp-content\/uploads\/2014\/08\/Niita_naita_082014-5.jpg","width":800,"height":533},{"@type":"BreadcrumbList","@id":"https:\/\/www.remonen.fi\/WP\/blogi\/takinkaantoa-ja-muita-tapahtumia\/#breadcrumb","itemListElement":[{"@type":"ListItem","position":1,"name":"Etusivu","item":"https:\/\/www.remonen.fi\/WP\/"},{"@type":"ListItem","position":2,"name":"Takink\u00e4\u00e4nt\u00f6\u00e4 ja muita tapahtumia&#8230;"}]},{"@type":"WebSite","@id":"https:\/\/www.remonen.fi\/WP\/#website","url":"https:\/\/www.remonen.fi\/WP\/","name":"remonen.fi","description":"Valokuvia ja tarinaa laidasta laitaan","publisher":{"@id":"https:\/\/www.remonen.fi\/WP\/#\/schema\/person\/1803c23d1d4f6722054eb2ac7f7a97cd"},"potentialAction":[{"@type":"SearchAction","target":{"@type":"EntryPoint","urlTemplate":"https:\/\/www.remonen.fi\/WP\/?s={search_term_string}"},"query-input":{"@type":"PropertyValueSpecification","valueRequired":true,"valueName":"search_term_string"}}],"inLanguage":"fi"},{"@type":["Person","Organization"],"@id":"https:\/\/www.remonen.fi\/WP\/#\/schema\/person\/1803c23d1d4f6722054eb2ac7f7a97cd","name":"Matti Remonen","logo":{"@id":"https:\/\/www.remonen.fi\/WP\/#\/schema\/person\/image\/"},"url":"https:\/\/www.remonen.fi\/WP\/blogi\/author\/mre\/"}]}},"_links":{"self":[{"href":"https:\/\/www.remonen.fi\/WP\/wp-json\/wp\/v2\/posts\/4815"}],"collection":[{"href":"https:\/\/www.remonen.fi\/WP\/wp-json\/wp\/v2\/posts"}],"about":[{"href":"https:\/\/www.remonen.fi\/WP\/wp-json\/wp\/v2\/types\/post"}],"author":[{"embeddable":true,"href":"https:\/\/www.remonen.fi\/WP\/wp-json\/wp\/v2\/users\/2"}],"replies":[{"embeddable":true,"href":"https:\/\/www.remonen.fi\/WP\/wp-json\/wp\/v2\/comments?post=4815"}],"version-history":[{"count":0,"href":"https:\/\/www.remonen.fi\/WP\/wp-json\/wp\/v2\/posts\/4815\/revisions"}],"wp:featuredmedia":[{"embeddable":true,"href":"https:\/\/www.remonen.fi\/WP\/wp-json\/wp\/v2\/media\/4808"}],"wp:attachment":[{"href":"https:\/\/www.remonen.fi\/WP\/wp-json\/wp\/v2\/media?parent=4815"}],"wp:term":[{"taxonomy":"category","embeddable":true,"href":"https:\/\/www.remonen.fi\/WP\/wp-json\/wp\/v2\/categories?post=4815"},{"taxonomy":"post_tag","embeddable":true,"href":"https:\/\/www.remonen.fi\/WP\/wp-json\/wp\/v2\/tags?post=4815"}],"curies":[{"name":"wp","href":"https:\/\/api.w.org\/{rel}","templated":true}]}}