{"id":4886,"date":"2014-08-29T09:53:39","date_gmt":"2014-08-29T06:53:39","guid":{"rendered":"http:\/\/www.remonen.fi\/?p=4886"},"modified":"2014-08-30T07:30:34","modified_gmt":"2014-08-30T04:30:34","slug":"kasvit-maalla","status":"publish","type":"post","link":"https:\/\/www.remonen.fi\/WP\/blogi\/kasvit-maalla\/","title":{"rendered":"Kasvit maalla"},"content":{"rendered":"<p><a href=\"http:\/\/www.remonen.fi\/WP\/wp-content\/uploads\/2014\/08\/Kasvimaalla_14-3.jpg\"><img loading=\"lazy\" decoding=\"async\" class=\"alignright wp-image-4897 size-medium\" title=\"Aperture: &#402;\/5.6 | Credit: Matti Remonen | Camera: NIKON D810 | Taken: 28 elokuun, 2014 | Copyright: (c) Matti Remonen | Flash fired: no | Focal length: 105mm | ISO: 64 | Shutter speed: 1\/320s | \" src=\"http:\/\/www.remonen.fi\/WP\/wp-content\/uploads\/2014\/08\/Kasvimaalla_14-3-200x300.jpg\" alt=\"\" width=\"200\" height=\"300\" srcset=\"https:\/\/www.remonen.fi\/WP\/wp-content\/uploads\/2014\/08\/Kasvimaalla_14-3-200x300.jpg 200w, https:\/\/www.remonen.fi\/WP\/wp-content\/uploads\/2014\/08\/Kasvimaalla_14-3.jpg 534w\" sizes=\"(max-width: 200px) 100vw, 200px\" \/><\/a>Kes\u00e4 alkaa k\u00e4\u00e4ntym\u00e4\u00e4n kohden loppuaan, jollei ole jo k\u00e4\u00e4ntynyt. S\u00e4\u00e4kin on muuttunut. Oikeastaan aika j\u00e4nn\u00e4, kuinka totaalisesti s\u00e4\u00e4tila muuttui ja ihan p\u00e4iv\u00e4ss\u00e4. Yhten\u00e4 p\u00e4iv\u00e4n\u00e4 oli hirve\u00e4 helle ja kaikkialla oli kuivaa. Sen j\u00e4lkeen alkoivat ukkosmyrskyt ja niiden laannuttua on ainakin Mellunm\u00e4ess\u00e4 ollut kuin subtrooppisella alueella sadeaikaan: vett\u00e4 tulee kahden tunnin v\u00e4lein vartin kerrallaan. Ja usein sit\u00e4 tulee kuin Esterin per\u00e4st\u00e4.<\/p>\n<p>Kalenterin alkaessa n\u00e4ytt\u00e4\u00e4 elokuun loppup\u00e4ivi\u00e4 oli aika suunnata kasvimaalle. En oikein tied\u00e4 mik\u00e4 minua sinne vet\u00e4\u00e4 aina loppukes\u00e4st\u00e4, koska kaiken j\u00e4rjen mukaan jos kukkia haluaa kuvata, olisi syyt\u00e4 olla liikkeell\u00e4 niiden kasvukautena. Joka tapauksessa vuodesta toiseen loppukes\u00e4st\u00e4 matka suuntautuu tuonne meid\u00e4n viereiselle kaupungin kasvimaa-alueelle, jossa meill\u00e4kin on oma aarin palsta. Aurinko paistoi mukavasti, vaikka taivaalla olikin pilvi\u00e4.<\/p>\n<p><a href=\"http:\/\/www.remonen.fi\/WP\/wp-content\/uploads\/2014\/08\/Kasvimaalla_14-11.jpg\"><img loading=\"lazy\" decoding=\"async\" class=\"alignleft wp-image-4889 size-medium\" title=\"Aperture: &#402;\/5.6 | Credit: Matti Remonen | Camera: NIKON D810 | Taken: 28 elokuun, 2014 | Copyright: (c) Matti Remonen | Flash fired: no | Focal length: 105mm | ISO: 64 | Shutter speed: 1\/250s | \" src=\"http:\/\/www.remonen.fi\/WP\/wp-content\/uploads\/2014\/08\/Kasvimaalla_14-11-200x300.jpg\" alt=\"\" width=\"200\" height=\"300\" srcset=\"https:\/\/www.remonen.fi\/WP\/wp-content\/uploads\/2014\/08\/Kasvimaalla_14-11-200x300.jpg 200w, https:\/\/www.remonen.fi\/WP\/wp-content\/uploads\/2014\/08\/Kasvimaalla_14-11.jpg 534w\" sizes=\"(max-width: 200px) 100vw, 200px\" \/><\/a>Kasvimaalle p\u00e4\u00e4sty\u00e4ni ehdin kuvaamaan ehk\u00e4 siin\u00e4 vartin verran ennen kuin taivas (aurinko) meni pilveen. P\u00e4\u00e4tin, ett\u00e4 odotan, kunnes sadepilvet ovat menneet ohi. No, ensimm\u00e4isen pilvilautan j\u00e4lkeen tuli toinen ja sitten kolmas. Ja sitten viel\u00e4 sellainen pitk\u00e4 pilvenlonka, joka kulki juuri mukavasti auringon ja minun v\u00e4list\u00e4, niin ettei mit\u00e4\u00e4n paistetta tullut. Seisoskelin siell\u00e4 kasvimaalla varmaan yli tunnin ennen kuin aurinko taas suostui n\u00e4ytt\u00e4ytym\u00e4\u00e4n. Her\u00e4tin ainakin yhden palstanomistajan huomion, koska h\u00e4n tuli viel\u00e4 my\u00f6hemminkin katsomaan mit\u00e4 siell\u00e4 puuhastelin. En ollut kuitenkaan varastamassa sipuleita enk\u00e4 porkkanoita, vaan ikuistamassa kukkia kennolle. Tiedoksi l\u00e4hinn\u00e4 sinne Fallpakan viljelypalstojen yll\u00e4pidon suuntaan.<\/p>\n<p>&nbsp;<\/p>\n<p>&nbsp;<\/p>\n<p><a href=\"http:\/\/www.remonen.fi\/WP\/wp-content\/uploads\/2014\/08\/Kasvimaalla_14-7.jpg\"><img loading=\"lazy\" decoding=\"async\" class=\"aligncenter wp-image-4893\" title=\"Aperture: &#402;\/5.6 | Credit: Matti Remonen | Camera: NIKON D810 | Taken: 28 elokuun, 2014 | Copyright: (c) Matti Remonen | Flash fired: no | Focal length: 105mm | ISO: 125 | Shutter speed: 1\/125s | \" src=\"http:\/\/www.remonen.fi\/WP\/wp-content\/uploads\/2014\/08\/Kasvimaalla_14-7.jpg\" alt=\"\" width=\"600\" height=\"401\" srcset=\"https:\/\/www.remonen.fi\/WP\/wp-content\/uploads\/2014\/08\/Kasvimaalla_14-7.jpg 800w, https:\/\/www.remonen.fi\/WP\/wp-content\/uploads\/2014\/08\/Kasvimaalla_14-7-300x200.jpg 300w\" sizes=\"(max-width: 600px) 100vw, 600px\" \/><\/a><\/p>\n<p><a href=\"http:\/\/www.remonen.fi\/WP\/wp-content\/uploads\/2014\/08\/Kasvimaalla_14-6.jpg\"><img loading=\"lazy\" decoding=\"async\" class=\"alignleft wp-image-4894 size-medium\" title=\"Aperture: &#402;\/6.3 | Credit: Matti Remonen | Camera: NIKON D810 | Taken: 28 elokuun, 2014 | Copyright: (c) Matti Remonen | Flash fired: no | Focal length: 105mm | ISO: 280 | Shutter speed: 1\/125s | \" src=\"http:\/\/www.remonen.fi\/WP\/wp-content\/uploads\/2014\/08\/Kasvimaalla_14-6-300x200.jpg\" alt=\"\" width=\"300\" height=\"200\" srcset=\"https:\/\/www.remonen.fi\/WP\/wp-content\/uploads\/2014\/08\/Kasvimaalla_14-6-300x200.jpg 300w, https:\/\/www.remonen.fi\/WP\/wp-content\/uploads\/2014\/08\/Kasvimaalla_14-6.jpg 800w\" sizes=\"(max-width: 300px) 100vw, 300px\" \/><\/a>Joka tapauksessa silloin kun aurinko paistoi, sain mielest\u00e4ni ihan hyvi\u00e4 kuvia. Mulla on joku fiksaatio &#8221;kelluviin&#8221; kukkakuviin: lyhyell\u00e4 ter\u00e4vyysalueella kuva kukasta p\u00e4\u00e4osin suoraan ylh\u00e4\u00e4lt\u00e4 niin, ett\u00e4 taustalla oleva aluskasvisto muodostaa tasaisen (vihre\u00e4n) maton, jonka p\u00e4\u00e4ll\u00e4 itse kukka sitten &#8221;kelluu&#8221; ter\u00e4v\u00e4n\u00e4. Paras objektiivi t\u00e4llaisiin kuviin on joku makro. Yleens\u00e4 minulla on matkassa Nikonin 200-millinen, mutta t\u00e4ll\u00e4 kertaa otin 105-millisen. Se sopikin t\u00e4h\u00e4n tilanteeseen paremmin antaen mahdollisuuden kuvata hieman l\u00e4hemp\u00e4\u00e4. 200-millinen vaatii sen verran tilaa ymp\u00e4rilleen, ettei suoraan ylh\u00e4\u00e4lt\u00e4 p\u00e4in kuvaaminen onnistu.<\/p>\n<p><a href=\"http:\/\/www.remonen.fi\/WP\/wp-content\/uploads\/2014\/08\/Kasvimaalla_14-1.jpg\"><img loading=\"lazy\" decoding=\"async\" class=\"aligncenter wp-image-4888\" title=\"Aperture: &#402;\/4.5 | Credit: Matti Remonen | Camera: NIKON D810 | Taken: 28 elokuun, 2014 | Copyright: (c) Matti Remonen | Flash fired: no | Focal length: 35mm | ISO: 64 | Shutter speed: 1\/250s | \" src=\"http:\/\/www.remonen.fi\/WP\/wp-content\/uploads\/2014\/08\/Kasvimaalla_14-1.jpg\" alt=\"\" width=\"600\" height=\"401\" srcset=\"https:\/\/www.remonen.fi\/WP\/wp-content\/uploads\/2014\/08\/Kasvimaalla_14-1.jpg 800w, https:\/\/www.remonen.fi\/WP\/wp-content\/uploads\/2014\/08\/Kasvimaalla_14-1-300x200.jpg 300w\" sizes=\"(max-width: 600px) 100vw, 600px\" \/><\/a><\/p>\n<p>Kuvaan n\u00e4it\u00e4 kukkakuvia k\u00e4sivaralta, vaikka makrokuvaamisessa kaikkien oppikirjojen mukaan pit\u00e4\u00e4 k\u00e4ytt\u00e4\u00e4 jalustaa. Itse koen jalustan jotenkin kovin h\u00e4iritsev\u00e4ksi ja eih\u00e4n n\u00e4m\u00e4 mun kuvatkaan mit\u00e4\u00e4n todellisia makroja ole. Enemm\u00e4n l\u00e4hikuvia.<\/p>\n<p><a href=\"http:\/\/www.remonen.fi\/WP\/wp-content\/uploads\/2014\/08\/Kasvimaalla_14-9.jpg\"><img loading=\"lazy\" decoding=\"async\" class=\"aligncenter wp-image-4891\" title=\"Aperture: &#402;\/5.6 | Credit: Matti Remonen | Camera: NIKON D810 | Taken: 28 elokuun, 2014 | Copyright: (c) Matti Remonen | Flash fired: no | Focal length: 105mm | ISO: 110 | Shutter speed: 1\/125s | \" src=\"http:\/\/www.remonen.fi\/WP\/wp-content\/uploads\/2014\/08\/Kasvimaalla_14-9.jpg\" alt=\"\" width=\"600\" height=\"401\" srcset=\"https:\/\/www.remonen.fi\/WP\/wp-content\/uploads\/2014\/08\/Kasvimaalla_14-9.jpg 800w, https:\/\/www.remonen.fi\/WP\/wp-content\/uploads\/2014\/08\/Kasvimaalla_14-9-300x200.jpg 300w\" sizes=\"(max-width: 600px) 100vw, 600px\" \/><\/a><\/p>\n<p><a href=\"http:\/\/www.remonen.fi\/WP\/wp-content\/uploads\/2014\/08\/Kasvimaalla_14-8.jpg\"><img loading=\"lazy\" decoding=\"async\" class=\"aligncenter wp-image-4892\" title=\"Aperture: &#402;\/4.5 | Credit: Matti Remonen | Camera: NIKON D810 | Taken: 28 elokuun, 2014 | Copyright: (c) Matti Remonen | Flash fired: no | Focal length: 105mm | ISO: 180 | Shutter speed: 1\/125s | \" src=\"http:\/\/www.remonen.fi\/WP\/wp-content\/uploads\/2014\/08\/Kasvimaalla_14-8.jpg\" alt=\"Kasvimaalla_14-8\" width=\"600\" height=\"401\" srcset=\"https:\/\/www.remonen.fi\/WP\/wp-content\/uploads\/2014\/08\/Kasvimaalla_14-8.jpg 800w, https:\/\/www.remonen.fi\/WP\/wp-content\/uploads\/2014\/08\/Kasvimaalla_14-8-300x200.jpg 300w\" sizes=\"(max-width: 600px) 100vw, 600px\" \/><\/a><\/p>\n<p><a href=\"http:\/\/www.remonen.fi\/WP\/wp-content\/uploads\/2014\/08\/Kasvimaalla_14-4.jpg\"><img loading=\"lazy\" decoding=\"async\" class=\"aligncenter wp-image-4896\" title=\"Aperture: &#402;\/3.2 | Credit: Matti Remonen | Camera: NIKON D810 | Taken: 28 elokuun, 2014 | Copyright: (c) Matti Remonen | Flash fired: no | Focal length: 105mm | ISO: 64 | Shutter speed: 1\/400s | \" src=\"http:\/\/www.remonen.fi\/WP\/wp-content\/uploads\/2014\/08\/Kasvimaalla_14-4.jpg\" alt=\"\" width=\"600\" height=\"401\" srcset=\"https:\/\/www.remonen.fi\/WP\/wp-content\/uploads\/2014\/08\/Kasvimaalla_14-4.jpg 800w, https:\/\/www.remonen.fi\/WP\/wp-content\/uploads\/2014\/08\/Kasvimaalla_14-4-300x200.jpg 300w\" sizes=\"(max-width: 600px) 100vw, 600px\" \/><\/a><\/p>\n<p><a href=\"http:\/\/www.remonen.fi\/WP\/wp-content\/uploads\/2014\/08\/Kasvimaalla_14-10.jpg\"><img loading=\"lazy\" decoding=\"async\" class=\"alignright wp-image-4890 size-medium\" title=\"Aperture: &#402;\/5.6 | Credit: Matti Remonen | Camera: NIKON D810 | Taken: 28 elokuun, 2014 | Copyright: (c) Matti Remonen | Flash fired: no | Focal length: 105mm | ISO: 250 | Shutter speed: 1\/125s | \" src=\"http:\/\/www.remonen.fi\/WP\/wp-content\/uploads\/2014\/08\/Kasvimaalla_14-10-200x300.jpg\" alt=\"\" width=\"200\" height=\"300\" srcset=\"https:\/\/www.remonen.fi\/WP\/wp-content\/uploads\/2014\/08\/Kasvimaalla_14-10-200x300.jpg 200w, https:\/\/www.remonen.fi\/WP\/wp-content\/uploads\/2014\/08\/Kasvimaalla_14-10.jpg 534w\" sizes=\"(max-width: 200px) 100vw, 200px\" \/><\/a>Seuraavaksi sitten odotellaan ensimm\u00e4isi\u00e4 pakkasia, jotta saisi ikuistettua kukkia j\u00e4isell\u00e4 koristuksella. Viime syksy oli niin l\u00e4mmin, ett\u00e4 siin\u00e4 vaiheessa kun ensimm\u00e4iset y\u00f6pakkaset sattuivat kohdalle, kukat olivat jo kuolleet ja m\u00e4t\u00e4\u00e4ntyneet. Toivottavasti t\u00e4m\u00e4 vuonna silt\u00e4 osin olisi parempi onni. Mutta nyt tosiaan on aika kuvauksessa siirty\u00e4 kes\u00e4st\u00e4 syksyyn ja alkaa nauttimaan niist\u00e4 olosuhteista, joita loppukes\u00e4 \/ alkusyksy tarjoaa: viistoa valoa, v\u00e4rej\u00e4, kontrasteja. Voi l\u00e4hte\u00e4 vaikka keskell\u00e4 p\u00e4iv\u00e4\u00e4 kuvaamaan, niin silti valo tulee optimisuunnasta. Ei tarvitse pel\u00e4t\u00e4, ett\u00e4 valo olisi liian kovaa tai tulisi liikaa ylh\u00e4\u00e4lt\u00e4.<\/p>\n<p>Kasvimaata tonkimassa oli Nikon D810 + Sigma 35\/1.4 Art + Micro-Nikkor 105\/2.8G VR<\/p>\n","protected":false},"excerpt":{"rendered":"<p>Kes\u00e4 alkaa k\u00e4\u00e4ntym\u00e4\u00e4n kohden loppuaan, jollei ole jo k\u00e4\u00e4ntynyt. S\u00e4\u00e4kin on muuttunut. Oikeastaan aika j\u00e4nn\u00e4, kuinka totaalisesti s\u00e4\u00e4tila muuttui ja ihan p\u00e4iv\u00e4ss\u00e4. Yhten\u00e4 p\u00e4iv\u00e4n\u00e4 oli hirve\u00e4 helle ja kaikkialla oli kuivaa. Sen j\u00e4lkeen alkoivat ukkosmyrskyt ja niiden laannuttua on ainakin Mellunm\u00e4ess\u00e4 ollut kuin subtrooppisella alueella sadeaikaan: vett\u00e4 tulee kahden tunnin v\u00e4lein vartin kerrallaan. Ja usein [&hellip;]<\/p>\n","protected":false},"author":2,"featured_media":4887,"comment_status":"open","ping_status":"closed","sticky":false,"template":"","format":"standard","meta":{"footnotes":""},"categories":[16],"tags":[22],"yoast_head":"<!-- This site is optimized with the Yoast SEO plugin v24.5 - https:\/\/yoast.com\/wordpress\/plugins\/seo\/ -->\n<title>Kasvit maalla - gREat MOments NEver forgotteN<\/title>\n<meta name=\"description\" content=\"Kes\u00e4 alkaa k\u00e4\u00e4ntym\u00e4\u00e4n kohden loppuaan, jollei ole jo k\u00e4\u00e4ntynyt. S\u00e4\u00e4kin on muuttunut.\" \/>\n<meta name=\"robots\" content=\"index, follow, max-snippet:-1, max-image-preview:large, max-video-preview:-1\" \/>\n<link rel=\"canonical\" href=\"https:\/\/www.remonen.fi\/WP\/blogi\/kasvit-maalla\/\" \/>\n<meta property=\"og:locale\" content=\"fi_FI\" \/>\n<meta property=\"og:type\" content=\"article\" \/>\n<meta property=\"og:title\" content=\"Kasvit maalla - gREat MOments NEver forgotteN\" \/>\n<meta property=\"og:description\" content=\"Kes\u00e4 alkaa k\u00e4\u00e4ntym\u00e4\u00e4n kohden loppuaan, jollei ole jo k\u00e4\u00e4ntynyt. S\u00e4\u00e4kin on muuttunut.\" \/>\n<meta property=\"og:url\" content=\"https:\/\/www.remonen.fi\/WP\/blogi\/kasvit-maalla\/\" \/>\n<meta property=\"og:site_name\" content=\"remonen.fi\" \/>\n<meta property=\"article:published_time\" content=\"2014-08-29T06:53:39+00:00\" \/>\n<meta property=\"article:modified_time\" content=\"2014-08-30T04:30:34+00:00\" \/>\n<meta property=\"og:image\" content=\"https:\/\/www.remonen.fi\/WP\/wp-content\/uploads\/2014\/08\/Kasvimaalla_14-1-2.jpg\" \/>\n\t<meta property=\"og:image:width\" content=\"800\" \/>\n\t<meta property=\"og:image:height\" content=\"534\" \/>\n\t<meta property=\"og:image:type\" content=\"image\/jpeg\" \/>\n<meta name=\"author\" content=\"Matti Remonen\" \/>\n<meta name=\"twitter:label1\" content=\"Kirjoittanut\" \/>\n\t<meta name=\"twitter:data1\" content=\"Matti Remonen\" \/>\n\t<meta name=\"twitter:label2\" content=\"Arvioitu lukuaika\" \/>\n\t<meta name=\"twitter:data2\" content=\"2 minuuttia\" \/>\n<script type=\"application\/ld+json\" class=\"yoast-schema-graph\">{\"@context\":\"https:\/\/schema.org\",\"@graph\":[{\"@type\":\"Article\",\"@id\":\"https:\/\/www.remonen.fi\/WP\/blogi\/kasvit-maalla\/#article\",\"isPartOf\":{\"@id\":\"https:\/\/www.remonen.fi\/WP\/blogi\/kasvit-maalla\/\"},\"author\":{\"name\":\"Matti Remonen\",\"@id\":\"https:\/\/www.remonen.fi\/WP\/#\/schema\/person\/1803c23d1d4f6722054eb2ac7f7a97cd\"},\"headline\":\"Kasvit maalla\",\"datePublished\":\"2014-08-29T06:53:39+00:00\",\"dateModified\":\"2014-08-30T04:30:34+00:00\",\"mainEntityOfPage\":{\"@id\":\"https:\/\/www.remonen.fi\/WP\/blogi\/kasvit-maalla\/\"},\"wordCount\":493,\"commentCount\":0,\"publisher\":{\"@id\":\"https:\/\/www.remonen.fi\/WP\/#\/schema\/person\/1803c23d1d4f6722054eb2ac7f7a97cd\"},\"image\":{\"@id\":\"https:\/\/www.remonen.fi\/WP\/blogi\/kasvit-maalla\/#primaryimage\"},\"thumbnailUrl\":\"https:\/\/www.remonen.fi\/WP\/wp-content\/uploads\/2014\/08\/Kasvimaalla_14-1-2.jpg\",\"keywords\":[\"kasvimaa\"],\"articleSection\":[\"Blog\"],\"inLanguage\":\"fi\",\"potentialAction\":[{\"@type\":\"CommentAction\",\"name\":\"Comment\",\"target\":[\"https:\/\/www.remonen.fi\/WP\/blogi\/kasvit-maalla\/#respond\"]}]},{\"@type\":\"WebPage\",\"@id\":\"https:\/\/www.remonen.fi\/WP\/blogi\/kasvit-maalla\/\",\"url\":\"https:\/\/www.remonen.fi\/WP\/blogi\/kasvit-maalla\/\",\"name\":\"Kasvit maalla - gREat MOments NEver forgotteN\",\"isPartOf\":{\"@id\":\"https:\/\/www.remonen.fi\/WP\/#website\"},\"primaryImageOfPage\":{\"@id\":\"https:\/\/www.remonen.fi\/WP\/blogi\/kasvit-maalla\/#primaryimage\"},\"image\":{\"@id\":\"https:\/\/www.remonen.fi\/WP\/blogi\/kasvit-maalla\/#primaryimage\"},\"thumbnailUrl\":\"https:\/\/www.remonen.fi\/WP\/wp-content\/uploads\/2014\/08\/Kasvimaalla_14-1-2.jpg\",\"datePublished\":\"2014-08-29T06:53:39+00:00\",\"dateModified\":\"2014-08-30T04:30:34+00:00\",\"description\":\"Kes\u00e4 alkaa k\u00e4\u00e4ntym\u00e4\u00e4n kohden loppuaan, jollei ole jo k\u00e4\u00e4ntynyt. S\u00e4\u00e4kin on muuttunut.\",\"breadcrumb\":{\"@id\":\"https:\/\/www.remonen.fi\/WP\/blogi\/kasvit-maalla\/#breadcrumb\"},\"inLanguage\":\"fi\",\"potentialAction\":[{\"@type\":\"ReadAction\",\"target\":[\"https:\/\/www.remonen.fi\/WP\/blogi\/kasvit-maalla\/\"]}]},{\"@type\":\"ImageObject\",\"inLanguage\":\"fi\",\"@id\":\"https:\/\/www.remonen.fi\/WP\/blogi\/kasvit-maalla\/#primaryimage\",\"url\":\"https:\/\/www.remonen.fi\/WP\/wp-content\/uploads\/2014\/08\/Kasvimaalla_14-1-2.jpg\",\"contentUrl\":\"https:\/\/www.remonen.fi\/WP\/wp-content\/uploads\/2014\/08\/Kasvimaalla_14-1-2.jpg\",\"width\":800,\"height\":534},{\"@type\":\"BreadcrumbList\",\"@id\":\"https:\/\/www.remonen.fi\/WP\/blogi\/kasvit-maalla\/#breadcrumb\",\"itemListElement\":[{\"@type\":\"ListItem\",\"position\":1,\"name\":\"Etusivu\",\"item\":\"https:\/\/www.remonen.fi\/WP\/\"},{\"@type\":\"ListItem\",\"position\":2,\"name\":\"Kasvit maalla\"}]},{\"@type\":\"WebSite\",\"@id\":\"https:\/\/www.remonen.fi\/WP\/#website\",\"url\":\"https:\/\/www.remonen.fi\/WP\/\",\"name\":\"remonen.fi\",\"description\":\"Valokuvia ja tarinaa laidasta laitaan\",\"publisher\":{\"@id\":\"https:\/\/www.remonen.fi\/WP\/#\/schema\/person\/1803c23d1d4f6722054eb2ac7f7a97cd\"},\"potentialAction\":[{\"@type\":\"SearchAction\",\"target\":{\"@type\":\"EntryPoint\",\"urlTemplate\":\"https:\/\/www.remonen.fi\/WP\/?s={search_term_string}\"},\"query-input\":{\"@type\":\"PropertyValueSpecification\",\"valueRequired\":true,\"valueName\":\"search_term_string\"}}],\"inLanguage\":\"fi\"},{\"@type\":[\"Person\",\"Organization\"],\"@id\":\"https:\/\/www.remonen.fi\/WP\/#\/schema\/person\/1803c23d1d4f6722054eb2ac7f7a97cd\",\"name\":\"Matti Remonen\",\"logo\":{\"@id\":\"https:\/\/www.remonen.fi\/WP\/#\/schema\/person\/image\/\"},\"url\":\"https:\/\/www.remonen.fi\/WP\/blogi\/author\/mre\/\"}]}<\/script>\n<!-- \/ Yoast SEO plugin. -->","yoast_head_json":{"title":"Kasvit maalla - gREat MOments NEver forgotteN","description":"Kes\u00e4 alkaa k\u00e4\u00e4ntym\u00e4\u00e4n kohden loppuaan, jollei ole jo k\u00e4\u00e4ntynyt. S\u00e4\u00e4kin on muuttunut.","robots":{"index":"index","follow":"follow","max-snippet":"max-snippet:-1","max-image-preview":"max-image-preview:large","max-video-preview":"max-video-preview:-1"},"canonical":"https:\/\/www.remonen.fi\/WP\/blogi\/kasvit-maalla\/","og_locale":"fi_FI","og_type":"article","og_title":"Kasvit maalla - gREat MOments NEver forgotteN","og_description":"Kes\u00e4 alkaa k\u00e4\u00e4ntym\u00e4\u00e4n kohden loppuaan, jollei ole jo k\u00e4\u00e4ntynyt. S\u00e4\u00e4kin on muuttunut.","og_url":"https:\/\/www.remonen.fi\/WP\/blogi\/kasvit-maalla\/","og_site_name":"remonen.fi","article_published_time":"2014-08-29T06:53:39+00:00","article_modified_time":"2014-08-30T04:30:34+00:00","og_image":[{"width":800,"height":534,"url":"https:\/\/www.remonen.fi\/WP\/wp-content\/uploads\/2014\/08\/Kasvimaalla_14-1-2.jpg","type":"image\/jpeg"}],"author":"Matti Remonen","twitter_misc":{"Kirjoittanut":"Matti Remonen","Arvioitu lukuaika":"2 minuuttia"},"schema":{"@context":"https:\/\/schema.org","@graph":[{"@type":"Article","@id":"https:\/\/www.remonen.fi\/WP\/blogi\/kasvit-maalla\/#article","isPartOf":{"@id":"https:\/\/www.remonen.fi\/WP\/blogi\/kasvit-maalla\/"},"author":{"name":"Matti Remonen","@id":"https:\/\/www.remonen.fi\/WP\/#\/schema\/person\/1803c23d1d4f6722054eb2ac7f7a97cd"},"headline":"Kasvit maalla","datePublished":"2014-08-29T06:53:39+00:00","dateModified":"2014-08-30T04:30:34+00:00","mainEntityOfPage":{"@id":"https:\/\/www.remonen.fi\/WP\/blogi\/kasvit-maalla\/"},"wordCount":493,"commentCount":0,"publisher":{"@id":"https:\/\/www.remonen.fi\/WP\/#\/schema\/person\/1803c23d1d4f6722054eb2ac7f7a97cd"},"image":{"@id":"https:\/\/www.remonen.fi\/WP\/blogi\/kasvit-maalla\/#primaryimage"},"thumbnailUrl":"https:\/\/www.remonen.fi\/WP\/wp-content\/uploads\/2014\/08\/Kasvimaalla_14-1-2.jpg","keywords":["kasvimaa"],"articleSection":["Blog"],"inLanguage":"fi","potentialAction":[{"@type":"CommentAction","name":"Comment","target":["https:\/\/www.remonen.fi\/WP\/blogi\/kasvit-maalla\/#respond"]}]},{"@type":"WebPage","@id":"https:\/\/www.remonen.fi\/WP\/blogi\/kasvit-maalla\/","url":"https:\/\/www.remonen.fi\/WP\/blogi\/kasvit-maalla\/","name":"Kasvit maalla - gREat MOments NEver forgotteN","isPartOf":{"@id":"https:\/\/www.remonen.fi\/WP\/#website"},"primaryImageOfPage":{"@id":"https:\/\/www.remonen.fi\/WP\/blogi\/kasvit-maalla\/#primaryimage"},"image":{"@id":"https:\/\/www.remonen.fi\/WP\/blogi\/kasvit-maalla\/#primaryimage"},"thumbnailUrl":"https:\/\/www.remonen.fi\/WP\/wp-content\/uploads\/2014\/08\/Kasvimaalla_14-1-2.jpg","datePublished":"2014-08-29T06:53:39+00:00","dateModified":"2014-08-30T04:30:34+00:00","description":"Kes\u00e4 alkaa k\u00e4\u00e4ntym\u00e4\u00e4n kohden loppuaan, jollei ole jo k\u00e4\u00e4ntynyt. S\u00e4\u00e4kin on muuttunut.","breadcrumb":{"@id":"https:\/\/www.remonen.fi\/WP\/blogi\/kasvit-maalla\/#breadcrumb"},"inLanguage":"fi","potentialAction":[{"@type":"ReadAction","target":["https:\/\/www.remonen.fi\/WP\/blogi\/kasvit-maalla\/"]}]},{"@type":"ImageObject","inLanguage":"fi","@id":"https:\/\/www.remonen.fi\/WP\/blogi\/kasvit-maalla\/#primaryimage","url":"https:\/\/www.remonen.fi\/WP\/wp-content\/uploads\/2014\/08\/Kasvimaalla_14-1-2.jpg","contentUrl":"https:\/\/www.remonen.fi\/WP\/wp-content\/uploads\/2014\/08\/Kasvimaalla_14-1-2.jpg","width":800,"height":534},{"@type":"BreadcrumbList","@id":"https:\/\/www.remonen.fi\/WP\/blogi\/kasvit-maalla\/#breadcrumb","itemListElement":[{"@type":"ListItem","position":1,"name":"Etusivu","item":"https:\/\/www.remonen.fi\/WP\/"},{"@type":"ListItem","position":2,"name":"Kasvit maalla"}]},{"@type":"WebSite","@id":"https:\/\/www.remonen.fi\/WP\/#website","url":"https:\/\/www.remonen.fi\/WP\/","name":"remonen.fi","description":"Valokuvia ja tarinaa laidasta laitaan","publisher":{"@id":"https:\/\/www.remonen.fi\/WP\/#\/schema\/person\/1803c23d1d4f6722054eb2ac7f7a97cd"},"potentialAction":[{"@type":"SearchAction","target":{"@type":"EntryPoint","urlTemplate":"https:\/\/www.remonen.fi\/WP\/?s={search_term_string}"},"query-input":{"@type":"PropertyValueSpecification","valueRequired":true,"valueName":"search_term_string"}}],"inLanguage":"fi"},{"@type":["Person","Organization"],"@id":"https:\/\/www.remonen.fi\/WP\/#\/schema\/person\/1803c23d1d4f6722054eb2ac7f7a97cd","name":"Matti Remonen","logo":{"@id":"https:\/\/www.remonen.fi\/WP\/#\/schema\/person\/image\/"},"url":"https:\/\/www.remonen.fi\/WP\/blogi\/author\/mre\/"}]}},"_links":{"self":[{"href":"https:\/\/www.remonen.fi\/WP\/wp-json\/wp\/v2\/posts\/4886"}],"collection":[{"href":"https:\/\/www.remonen.fi\/WP\/wp-json\/wp\/v2\/posts"}],"about":[{"href":"https:\/\/www.remonen.fi\/WP\/wp-json\/wp\/v2\/types\/post"}],"author":[{"embeddable":true,"href":"https:\/\/www.remonen.fi\/WP\/wp-json\/wp\/v2\/users\/2"}],"replies":[{"embeddable":true,"href":"https:\/\/www.remonen.fi\/WP\/wp-json\/wp\/v2\/comments?post=4886"}],"version-history":[{"count":0,"href":"https:\/\/www.remonen.fi\/WP\/wp-json\/wp\/v2\/posts\/4886\/revisions"}],"wp:featuredmedia":[{"embeddable":true,"href":"https:\/\/www.remonen.fi\/WP\/wp-json\/wp\/v2\/media\/4887"}],"wp:attachment":[{"href":"https:\/\/www.remonen.fi\/WP\/wp-json\/wp\/v2\/media?parent=4886"}],"wp:term":[{"taxonomy":"category","embeddable":true,"href":"https:\/\/www.remonen.fi\/WP\/wp-json\/wp\/v2\/categories?post=4886"},{"taxonomy":"post_tag","embeddable":true,"href":"https:\/\/www.remonen.fi\/WP\/wp-json\/wp\/v2\/tags?post=4886"}],"curies":[{"name":"wp","href":"https:\/\/api.w.org\/{rel}","templated":true}]}}