{"id":5198,"date":"2014-12-11T12:24:36","date_gmt":"2014-12-11T10:24:36","guid":{"rendered":"http:\/\/www.remonen.fi\/?p=5198"},"modified":"2014-12-11T12:44:36","modified_gmt":"2014-12-11T10:44:36","slug":"meidan-helsinkimme","status":"publish","type":"post","link":"https:\/\/www.remonen.fi\/WP\/blogi\/meidan-helsinkimme\/","title":{"rendered":"Meid\u00e4n Helsinkimme"},"content":{"rendered":"<div id=\"attachment_5194\" style=\"width: 610px\" class=\"wp-caption aligncenter\"><a href=\"http:\/\/www.remonen.fi\/WP\/wp-content\/uploads\/2014\/12\/MeidanHelsinki-5.jpg\"><img loading=\"lazy\" decoding=\"async\" aria-describedby=\"caption-attachment-5194\" class=\"wp-image-5194\" title=\"Aperture: &#402;\/1.8 | Camera: ILCE-6000 | Taken: 2 joulukuun, 2014 | Copyright: (c) Matti Remonen | Exposure bias: +7\/10EV | Flash fired: no | Focal length: 32mm | ISO: 100 | Shutter speed: 1\/60s | \" src=\"http:\/\/www.remonen.fi\/WP\/wp-content\/uploads\/2014\/12\/MeidanHelsinki-5.jpg\" alt=\"MeidanHelsinki-5\" width=\"600\" height=\"400\" srcset=\"https:\/\/www.remonen.fi\/WP\/wp-content\/uploads\/2014\/12\/MeidanHelsinki-5.jpg 800w, https:\/\/www.remonen.fi\/WP\/wp-content\/uploads\/2014\/12\/MeidanHelsinki-5-300x199.jpg 300w\" sizes=\"(max-width: 600px) 100vw, 600px\" \/><\/a><p id=\"caption-attachment-5194\" class=\"wp-caption-text\">Ei, se en ole min\u00e4&#8230;<\/p><\/div>\n<p style=\"text-align: left;\"><a title=\"MetroPol.Helsinki\" href=\"http:\/\/www.remonen.fi\/photoblog\/metropol-helsinki\/\">Tuossa edell\u00e4<\/a> kirjoittelin noista mun metrokuvauksista ja valokuvan\u00e4yttelyst\u00e4. Sellainen tosiaan pystytettiinkin Oulunkyl\u00e4n kirjaston lukusaliin. T\u00e4llaisessa usean kuvaajan n\u00e4yttelyss\u00e4 on t\u00e4rke\u00e4\u00e4, ett\u00e4 yleisilme pysyy samanlaisena, ettei kuvien ulkoinen asu ja esillepano vie liikaa huomiota itse kohteesta. N\u00e4inollen p\u00e4\u00e4dyimme hankkimaan kaikille samanlaiset kehykset, <a title=\"Nyttja\" href=\"http:\/\/www.ikea.com\/fi\/fi\/catalog\/products\/70186052\/\" target=\"_blank\">Ikean Nyttja<\/a>-mallistoa. Tuosta ei paljon valokuvausbudjetti revennyt, kun yksi kehys maksoi 5.99 \u20ac. Ostin samalla kolmet, kun n\u00e4yttelyyn multa tuli kuvia kahden edest\u00e4 ja sitten viel\u00e4 pit\u00e4\u00e4 olla yksi varakehys. Jos tulee tarvetta. Ja tulihan sit\u00e4, kun yksi kehys tietenkin putosi sein\u00e4lt\u00e4 ja hajosi siihen. Onneksi mulla oli varaosat mukana. Taas. Sivuhuomautuksena sen verran, ett\u00e4 tuo kehyksenhakureissu vahvisti mielikuvaa siit\u00e4, ett\u00e4 Ikea on mun suosikkipaikka. Heti hammasl\u00e4\u00e4k\u00e4rin j\u00e4lkeen. Siis jos on juurihoitoa tiedossa.<\/p>\n<div id=\"attachment_5195\" style=\"width: 610px\" class=\"wp-caption aligncenter\"><a href=\"http:\/\/www.remonen.fi\/WP\/wp-content\/uploads\/2014\/12\/MeidanHelsinki-4.jpg\"><img loading=\"lazy\" decoding=\"async\" aria-describedby=\"caption-attachment-5195\" class=\"wp-image-5195\" title=\"Aperture: &#402;\/1.8 | Camera: ILCE-6000 | Taken: 2 joulukuun, 2014 | Copyright: (c) Matti Remonen | Exposure bias: +7\/10EV | Flash fired: no | Focal length: 50mm | ISO: 320 | Shutter speed: 1\/80s | \" src=\"http:\/\/www.remonen.fi\/WP\/wp-content\/uploads\/2014\/12\/MeidanHelsinki-4.jpg\" alt=\"\" width=\"600\" height=\"400\" srcset=\"https:\/\/www.remonen.fi\/WP\/wp-content\/uploads\/2014\/12\/MeidanHelsinki-4.jpg 800w, https:\/\/www.remonen.fi\/WP\/wp-content\/uploads\/2014\/12\/MeidanHelsinki-4-300x199.jpg 300w\" sizes=\"(max-width: 600px) 100vw, 600px\" \/><\/a><p id=\"caption-attachment-5195\" class=\"wp-caption-text\">Kuraattori on tyytyv\u00e4inen<\/p><\/div>\n<p style=\"text-align: left;\">N\u00e4yttelyn nimeksi tuli sitten &#8221;Meid\u00e4n Helsinkimme&#8221;, koska k\u00e4yt\u00e4nn\u00f6ss\u00e4 sit\u00e4 teemaa kaikki kuvat k\u00e4sitteliv\u00e4t: asioita ja paikkoja, jotka koimme Helsingiss\u00e4 t\u00e4rke\u00e4ksi.<\/p>\n<table class=\" aligncenter\">\n<tbody>\n<tr>\n<td><a href=\"http:\/\/www.remonen.fi\/WP\/wp-content\/uploads\/2014\/12\/MeidanHelsinki-2.jpg\"><img loading=\"lazy\" decoding=\"async\" class=\"alignnone wp-image-5197\" title=\"Aperture: &#402;\/3.5 | Camera: ILCE-6000 | Taken: 2 joulukuun, 2014 | Copyright: (c) Matti Remonen | Exposure bias: +7\/10EV | Flash fired: no | Focal length: 24mm | ISO: 1250 | Shutter speed: 1\/60s | \" src=\"http:\/\/www.remonen.fi\/WP\/wp-content\/uploads\/2014\/12\/MeidanHelsinki-2.jpg\" alt=\"\" width=\"300\" height=\"450\" srcset=\"https:\/\/www.remonen.fi\/WP\/wp-content\/uploads\/2014\/12\/MeidanHelsinki-2.jpg 533w, https:\/\/www.remonen.fi\/WP\/wp-content\/uploads\/2014\/12\/MeidanHelsinki-2-199x300.jpg 199w, https:\/\/www.remonen.fi\/WP\/wp-content\/uploads\/2014\/12\/MeidanHelsinki-2-300x450.jpg 300w\" sizes=\"(max-width: 300px) 100vw, 300px\" \/><\/a><\/td>\n<td><a href=\"http:\/\/www.remonen.fi\/WP\/wp-content\/uploads\/2014\/12\/MeidanHelsinki-3.jpg\"><img loading=\"lazy\" decoding=\"async\" class=\"alignnone wp-image-5196\" title=\"Aperture: &#402;\/3.5 | Camera: ILCE-6000 | Taken: 2 joulukuun, 2014 | Copyright: (c) Matti Remonen | Exposure bias: +7\/10EV | Flash fired: no | Focal length: 24mm | ISO: 1000 | Shutter speed: 1\/60s | \" src=\"http:\/\/www.remonen.fi\/WP\/wp-content\/uploads\/2014\/12\/MeidanHelsinki-3.jpg\" alt=\"\" width=\"300\" height=\"450\" srcset=\"https:\/\/www.remonen.fi\/WP\/wp-content\/uploads\/2014\/12\/MeidanHelsinki-3.jpg 533w, https:\/\/www.remonen.fi\/WP\/wp-content\/uploads\/2014\/12\/MeidanHelsinki-3-199x300.jpg 199w, https:\/\/www.remonen.fi\/WP\/wp-content\/uploads\/2014\/12\/MeidanHelsinki-3-300x450.jpg 300w\" sizes=\"(max-width: 300px) 100vw, 300px\" \/><\/a><\/td>\n<\/tr>\n<\/tbody>\n<\/table>\n<p>N\u00e4yttely on Oulunkyl\u00e4n kirjastossa auki 15.12. asti ja sen j\u00e4lkeen Oulunkyl\u00e4talon toisessa kerroksessa viel\u00e4 ennalta m\u00e4\u00e4r\u00e4\u00e4m\u00e4tt\u00f6m\u00e4n ajan. Senkin j\u00e4lkeen voi olla, ett\u00e4 kuvat saadaan ripustettua johonkin n\u00e4ytille. Onhan se nyt helpompaa, kun ne on kerran kehystetty ja ripustamistakin harjoiteltu.<\/p>\n<p><a href=\"http:\/\/www.remonen.fi\/WP\/wp-content\/uploads\/2014\/12\/MeidanHelsinki-6.jpg\"><img loading=\"lazy\" decoding=\"async\" class=\"aligncenter wp-image-5193\" title=\"Aperture: &#402;\/3.5 | Camera: ILCE-6000 | Taken: 2 joulukuun, 2014 | Copyright: (c) Matti Remonen | Exposure bias: +7\/10EV | Flash fired: no | Focal length: 24mm | ISO: 400 | Shutter speed: 1\/60s | \" src=\"http:\/\/www.remonen.fi\/WP\/wp-content\/uploads\/2014\/12\/MeidanHelsinki-6.jpg\" alt=\"\" width=\"600\" height=\"400\" srcset=\"https:\/\/www.remonen.fi\/WP\/wp-content\/uploads\/2014\/12\/MeidanHelsinki-6.jpg 800w, https:\/\/www.remonen.fi\/WP\/wp-content\/uploads\/2014\/12\/MeidanHelsinki-6-300x199.jpg 300w\" sizes=\"(max-width: 600px) 100vw, 600px\" \/><\/a><a href=\"http:\/\/www.remonen.fi\/WP\/wp-content\/uploads\/2014\/12\/MeidanHelsinki-7.jpg\"><img loading=\"lazy\" decoding=\"async\" class=\"aligncenter wp-image-5192\" title=\"Aperture: &#402;\/3.5 | Camera: ILCE-6000 | Taken: 2 joulukuun, 2014 | Copyright: (c) Matti Remonen | Exposure bias: +7\/10EV | Flash fired: no | Focal length: 24mm | ISO: 500 | Shutter speed: 1\/60s | \" src=\"http:\/\/www.remonen.fi\/WP\/wp-content\/uploads\/2014\/12\/MeidanHelsinki-7.jpg\" alt=\"\" width=\"600\" height=\"400\" srcset=\"https:\/\/www.remonen.fi\/WP\/wp-content\/uploads\/2014\/12\/MeidanHelsinki-7.jpg 800w, https:\/\/www.remonen.fi\/WP\/wp-content\/uploads\/2014\/12\/MeidanHelsinki-7-300x199.jpg 300w\" sizes=\"(max-width: 600px) 100vw, 600px\" \/><\/a><\/p>\n<p>Kulttuuria dokumentoi Sony a6000 + Sony Zeiss 24\/1.8 + Zeiss Touit 32\/1.8 + Sony SEL50f18<\/p>\n","protected":false},"excerpt":{"rendered":"<p>Tuossa edell\u00e4 kirjoittelin noista mun metrokuvauksista ja valokuvan\u00e4yttelyst\u00e4. Sellainen tosiaan pystytettiinkin Oulunkyl\u00e4n kirjaston lukusaliin. T\u00e4llaisessa usean kuvaajan n\u00e4yttelyss\u00e4 on t\u00e4rke\u00e4\u00e4, ett\u00e4 yleisilme pysyy samanlaisena, ettei kuvien ulkoinen asu ja esillepano vie liikaa huomiota itse kohteesta. N\u00e4inollen p\u00e4\u00e4dyimme hankkimaan kaikille samanlaiset kehykset, Ikean Nyttja-mallistoa. Tuosta ei paljon valokuvausbudjetti revennyt, kun yksi kehys maksoi 5.99 \u20ac. Ostin [&hellip;]<\/p>\n","protected":false},"author":2,"featured_media":5209,"comment_status":"open","ping_status":"closed","sticky":false,"template":"","format":"standard","meta":{"footnotes":""},"categories":[16],"tags":[158,112],"yoast_head":"<!-- This site is optimized with the Yoast SEO plugin v24.5 - https:\/\/yoast.com\/wordpress\/plugins\/seo\/ -->\n<title>Meid\u00e4n Helsinkimme - gREat MOments NEver forgotteN<\/title>\n<meta name=\"description\" content=\"Tuossa edell\u00e4 kirjoittelin noista mun metrokuvauksista ja valokuvan\u00e4yttelyst\u00e4. Sellainen tosiaan pystytettiinkin Oulunkyl\u00e4n kirjaston lukusaliin.\" \/>\n<meta name=\"robots\" content=\"index, follow, max-snippet:-1, max-image-preview:large, max-video-preview:-1\" \/>\n<link rel=\"canonical\" href=\"https:\/\/www.remonen.fi\/WP\/blogi\/meidan-helsinkimme\/\" \/>\n<meta property=\"og:locale\" content=\"fi_FI\" \/>\n<meta property=\"og:type\" content=\"article\" \/>\n<meta property=\"og:title\" content=\"Meid\u00e4n Helsinkimme - gREat MOments NEver forgotteN\" \/>\n<meta property=\"og:description\" content=\"Tuossa edell\u00e4 kirjoittelin noista mun metrokuvauksista ja valokuvan\u00e4yttelyst\u00e4. Sellainen tosiaan pystytettiinkin Oulunkyl\u00e4n kirjaston lukusaliin.\" \/>\n<meta property=\"og:url\" content=\"https:\/\/www.remonen.fi\/WP\/blogi\/meidan-helsinkimme\/\" \/>\n<meta property=\"og:site_name\" content=\"remonen.fi\" \/>\n<meta property=\"article:published_time\" content=\"2014-12-11T10:24:36+00:00\" \/>\n<meta property=\"article:modified_time\" content=\"2014-12-11T10:44:36+00:00\" \/>\n<meta property=\"og:image\" content=\"https:\/\/www.remonen.fi\/WP\/wp-content\/uploads\/2014\/12\/MeidanHelsinki-1.jpg\" \/>\n\t<meta property=\"og:image:width\" content=\"800\" \/>\n\t<meta property=\"og:image:height\" content=\"448\" \/>\n\t<meta property=\"og:image:type\" content=\"image\/jpeg\" \/>\n<meta name=\"author\" content=\"Matti Remonen\" \/>\n<meta name=\"twitter:label1\" content=\"Kirjoittanut\" \/>\n\t<meta name=\"twitter:data1\" content=\"Matti Remonen\" \/>\n\t<meta name=\"twitter:label2\" content=\"Arvioitu lukuaika\" \/>\n\t<meta name=\"twitter:data2\" content=\"1 minuutti\" \/>\n<script type=\"application\/ld+json\" class=\"yoast-schema-graph\">{\"@context\":\"https:\/\/schema.org\",\"@graph\":[{\"@type\":\"Article\",\"@id\":\"https:\/\/www.remonen.fi\/WP\/blogi\/meidan-helsinkimme\/#article\",\"isPartOf\":{\"@id\":\"https:\/\/www.remonen.fi\/WP\/blogi\/meidan-helsinkimme\/\"},\"author\":{\"name\":\"Matti Remonen\",\"@id\":\"https:\/\/www.remonen.fi\/WP\/#\/schema\/person\/1803c23d1d4f6722054eb2ac7f7a97cd\"},\"headline\":\"Meid\u00e4n Helsinkimme\",\"datePublished\":\"2014-12-11T10:24:36+00:00\",\"dateModified\":\"2014-12-11T10:44:36+00:00\",\"mainEntityOfPage\":{\"@id\":\"https:\/\/www.remonen.fi\/WP\/blogi\/meidan-helsinkimme\/\"},\"wordCount\":239,\"commentCount\":2,\"publisher\":{\"@id\":\"https:\/\/www.remonen.fi\/WP\/#\/schema\/person\/1803c23d1d4f6722054eb2ac7f7a97cd\"},\"image\":{\"@id\":\"https:\/\/www.remonen.fi\/WP\/blogi\/meidan-helsinkimme\/#primaryimage\"},\"thumbnailUrl\":\"https:\/\/www.remonen.fi\/WP\/wp-content\/uploads\/2014\/12\/MeidanHelsinki-1.jpg\",\"keywords\":[\"Lea K\u00f6mi\",\"Valokuvan\u00e4yttely\"],\"articleSection\":[\"Blog\"],\"inLanguage\":\"fi\",\"potentialAction\":[{\"@type\":\"CommentAction\",\"name\":\"Comment\",\"target\":[\"https:\/\/www.remonen.fi\/WP\/blogi\/meidan-helsinkimme\/#respond\"]}]},{\"@type\":\"WebPage\",\"@id\":\"https:\/\/www.remonen.fi\/WP\/blogi\/meidan-helsinkimme\/\",\"url\":\"https:\/\/www.remonen.fi\/WP\/blogi\/meidan-helsinkimme\/\",\"name\":\"Meid\u00e4n Helsinkimme - gREat MOments NEver forgotteN\",\"isPartOf\":{\"@id\":\"https:\/\/www.remonen.fi\/WP\/#website\"},\"primaryImageOfPage\":{\"@id\":\"https:\/\/www.remonen.fi\/WP\/blogi\/meidan-helsinkimme\/#primaryimage\"},\"image\":{\"@id\":\"https:\/\/www.remonen.fi\/WP\/blogi\/meidan-helsinkimme\/#primaryimage\"},\"thumbnailUrl\":\"https:\/\/www.remonen.fi\/WP\/wp-content\/uploads\/2014\/12\/MeidanHelsinki-1.jpg\",\"datePublished\":\"2014-12-11T10:24:36+00:00\",\"dateModified\":\"2014-12-11T10:44:36+00:00\",\"description\":\"Tuossa edell\u00e4 kirjoittelin noista mun metrokuvauksista ja valokuvan\u00e4yttelyst\u00e4. Sellainen tosiaan pystytettiinkin Oulunkyl\u00e4n kirjaston lukusaliin.\",\"breadcrumb\":{\"@id\":\"https:\/\/www.remonen.fi\/WP\/blogi\/meidan-helsinkimme\/#breadcrumb\"},\"inLanguage\":\"fi\",\"potentialAction\":[{\"@type\":\"ReadAction\",\"target\":[\"https:\/\/www.remonen.fi\/WP\/blogi\/meidan-helsinkimme\/\"]}]},{\"@type\":\"ImageObject\",\"inLanguage\":\"fi\",\"@id\":\"https:\/\/www.remonen.fi\/WP\/blogi\/meidan-helsinkimme\/#primaryimage\",\"url\":\"https:\/\/www.remonen.fi\/WP\/wp-content\/uploads\/2014\/12\/MeidanHelsinki-1.jpg\",\"contentUrl\":\"https:\/\/www.remonen.fi\/WP\/wp-content\/uploads\/2014\/12\/MeidanHelsinki-1.jpg\",\"width\":800,\"height\":448},{\"@type\":\"BreadcrumbList\",\"@id\":\"https:\/\/www.remonen.fi\/WP\/blogi\/meidan-helsinkimme\/#breadcrumb\",\"itemListElement\":[{\"@type\":\"ListItem\",\"position\":1,\"name\":\"Etusivu\",\"item\":\"https:\/\/www.remonen.fi\/WP\/\"},{\"@type\":\"ListItem\",\"position\":2,\"name\":\"Meid\u00e4n Helsinkimme\"}]},{\"@type\":\"WebSite\",\"@id\":\"https:\/\/www.remonen.fi\/WP\/#website\",\"url\":\"https:\/\/www.remonen.fi\/WP\/\",\"name\":\"remonen.fi\",\"description\":\"Valokuvia ja tarinaa laidasta laitaan\",\"publisher\":{\"@id\":\"https:\/\/www.remonen.fi\/WP\/#\/schema\/person\/1803c23d1d4f6722054eb2ac7f7a97cd\"},\"potentialAction\":[{\"@type\":\"SearchAction\",\"target\":{\"@type\":\"EntryPoint\",\"urlTemplate\":\"https:\/\/www.remonen.fi\/WP\/?s={search_term_string}\"},\"query-input\":{\"@type\":\"PropertyValueSpecification\",\"valueRequired\":true,\"valueName\":\"search_term_string\"}}],\"inLanguage\":\"fi\"},{\"@type\":[\"Person\",\"Organization\"],\"@id\":\"https:\/\/www.remonen.fi\/WP\/#\/schema\/person\/1803c23d1d4f6722054eb2ac7f7a97cd\",\"name\":\"Matti Remonen\",\"logo\":{\"@id\":\"https:\/\/www.remonen.fi\/WP\/#\/schema\/person\/image\/\"},\"url\":\"https:\/\/www.remonen.fi\/WP\/blogi\/author\/mre\/\"}]}<\/script>\n<!-- \/ Yoast SEO plugin. -->","yoast_head_json":{"title":"Meid\u00e4n Helsinkimme - gREat MOments NEver forgotteN","description":"Tuossa edell\u00e4 kirjoittelin noista mun metrokuvauksista ja valokuvan\u00e4yttelyst\u00e4. Sellainen tosiaan pystytettiinkin Oulunkyl\u00e4n kirjaston lukusaliin.","robots":{"index":"index","follow":"follow","max-snippet":"max-snippet:-1","max-image-preview":"max-image-preview:large","max-video-preview":"max-video-preview:-1"},"canonical":"https:\/\/www.remonen.fi\/WP\/blogi\/meidan-helsinkimme\/","og_locale":"fi_FI","og_type":"article","og_title":"Meid\u00e4n Helsinkimme - gREat MOments NEver forgotteN","og_description":"Tuossa edell\u00e4 kirjoittelin noista mun metrokuvauksista ja valokuvan\u00e4yttelyst\u00e4. Sellainen tosiaan pystytettiinkin Oulunkyl\u00e4n kirjaston lukusaliin.","og_url":"https:\/\/www.remonen.fi\/WP\/blogi\/meidan-helsinkimme\/","og_site_name":"remonen.fi","article_published_time":"2014-12-11T10:24:36+00:00","article_modified_time":"2014-12-11T10:44:36+00:00","og_image":[{"width":800,"height":448,"url":"https:\/\/www.remonen.fi\/WP\/wp-content\/uploads\/2014\/12\/MeidanHelsinki-1.jpg","type":"image\/jpeg"}],"author":"Matti Remonen","twitter_misc":{"Kirjoittanut":"Matti Remonen","Arvioitu lukuaika":"1 minuutti"},"schema":{"@context":"https:\/\/schema.org","@graph":[{"@type":"Article","@id":"https:\/\/www.remonen.fi\/WP\/blogi\/meidan-helsinkimme\/#article","isPartOf":{"@id":"https:\/\/www.remonen.fi\/WP\/blogi\/meidan-helsinkimme\/"},"author":{"name":"Matti Remonen","@id":"https:\/\/www.remonen.fi\/WP\/#\/schema\/person\/1803c23d1d4f6722054eb2ac7f7a97cd"},"headline":"Meid\u00e4n Helsinkimme","datePublished":"2014-12-11T10:24:36+00:00","dateModified":"2014-12-11T10:44:36+00:00","mainEntityOfPage":{"@id":"https:\/\/www.remonen.fi\/WP\/blogi\/meidan-helsinkimme\/"},"wordCount":239,"commentCount":2,"publisher":{"@id":"https:\/\/www.remonen.fi\/WP\/#\/schema\/person\/1803c23d1d4f6722054eb2ac7f7a97cd"},"image":{"@id":"https:\/\/www.remonen.fi\/WP\/blogi\/meidan-helsinkimme\/#primaryimage"},"thumbnailUrl":"https:\/\/www.remonen.fi\/WP\/wp-content\/uploads\/2014\/12\/MeidanHelsinki-1.jpg","keywords":["Lea K\u00f6mi","Valokuvan\u00e4yttely"],"articleSection":["Blog"],"inLanguage":"fi","potentialAction":[{"@type":"CommentAction","name":"Comment","target":["https:\/\/www.remonen.fi\/WP\/blogi\/meidan-helsinkimme\/#respond"]}]},{"@type":"WebPage","@id":"https:\/\/www.remonen.fi\/WP\/blogi\/meidan-helsinkimme\/","url":"https:\/\/www.remonen.fi\/WP\/blogi\/meidan-helsinkimme\/","name":"Meid\u00e4n Helsinkimme - gREat MOments NEver forgotteN","isPartOf":{"@id":"https:\/\/www.remonen.fi\/WP\/#website"},"primaryImageOfPage":{"@id":"https:\/\/www.remonen.fi\/WP\/blogi\/meidan-helsinkimme\/#primaryimage"},"image":{"@id":"https:\/\/www.remonen.fi\/WP\/blogi\/meidan-helsinkimme\/#primaryimage"},"thumbnailUrl":"https:\/\/www.remonen.fi\/WP\/wp-content\/uploads\/2014\/12\/MeidanHelsinki-1.jpg","datePublished":"2014-12-11T10:24:36+00:00","dateModified":"2014-12-11T10:44:36+00:00","description":"Tuossa edell\u00e4 kirjoittelin noista mun metrokuvauksista ja valokuvan\u00e4yttelyst\u00e4. Sellainen tosiaan pystytettiinkin Oulunkyl\u00e4n kirjaston lukusaliin.","breadcrumb":{"@id":"https:\/\/www.remonen.fi\/WP\/blogi\/meidan-helsinkimme\/#breadcrumb"},"inLanguage":"fi","potentialAction":[{"@type":"ReadAction","target":["https:\/\/www.remonen.fi\/WP\/blogi\/meidan-helsinkimme\/"]}]},{"@type":"ImageObject","inLanguage":"fi","@id":"https:\/\/www.remonen.fi\/WP\/blogi\/meidan-helsinkimme\/#primaryimage","url":"https:\/\/www.remonen.fi\/WP\/wp-content\/uploads\/2014\/12\/MeidanHelsinki-1.jpg","contentUrl":"https:\/\/www.remonen.fi\/WP\/wp-content\/uploads\/2014\/12\/MeidanHelsinki-1.jpg","width":800,"height":448},{"@type":"BreadcrumbList","@id":"https:\/\/www.remonen.fi\/WP\/blogi\/meidan-helsinkimme\/#breadcrumb","itemListElement":[{"@type":"ListItem","position":1,"name":"Etusivu","item":"https:\/\/www.remonen.fi\/WP\/"},{"@type":"ListItem","position":2,"name":"Meid\u00e4n Helsinkimme"}]},{"@type":"WebSite","@id":"https:\/\/www.remonen.fi\/WP\/#website","url":"https:\/\/www.remonen.fi\/WP\/","name":"remonen.fi","description":"Valokuvia ja tarinaa laidasta laitaan","publisher":{"@id":"https:\/\/www.remonen.fi\/WP\/#\/schema\/person\/1803c23d1d4f6722054eb2ac7f7a97cd"},"potentialAction":[{"@type":"SearchAction","target":{"@type":"EntryPoint","urlTemplate":"https:\/\/www.remonen.fi\/WP\/?s={search_term_string}"},"query-input":{"@type":"PropertyValueSpecification","valueRequired":true,"valueName":"search_term_string"}}],"inLanguage":"fi"},{"@type":["Person","Organization"],"@id":"https:\/\/www.remonen.fi\/WP\/#\/schema\/person\/1803c23d1d4f6722054eb2ac7f7a97cd","name":"Matti Remonen","logo":{"@id":"https:\/\/www.remonen.fi\/WP\/#\/schema\/person\/image\/"},"url":"https:\/\/www.remonen.fi\/WP\/blogi\/author\/mre\/"}]}},"_links":{"self":[{"href":"https:\/\/www.remonen.fi\/WP\/wp-json\/wp\/v2\/posts\/5198"}],"collection":[{"href":"https:\/\/www.remonen.fi\/WP\/wp-json\/wp\/v2\/posts"}],"about":[{"href":"https:\/\/www.remonen.fi\/WP\/wp-json\/wp\/v2\/types\/post"}],"author":[{"embeddable":true,"href":"https:\/\/www.remonen.fi\/WP\/wp-json\/wp\/v2\/users\/2"}],"replies":[{"embeddable":true,"href":"https:\/\/www.remonen.fi\/WP\/wp-json\/wp\/v2\/comments?post=5198"}],"version-history":[{"count":0,"href":"https:\/\/www.remonen.fi\/WP\/wp-json\/wp\/v2\/posts\/5198\/revisions"}],"wp:featuredmedia":[{"embeddable":true,"href":"https:\/\/www.remonen.fi\/WP\/wp-json\/wp\/v2\/media\/5209"}],"wp:attachment":[{"href":"https:\/\/www.remonen.fi\/WP\/wp-json\/wp\/v2\/media?parent=5198"}],"wp:term":[{"taxonomy":"category","embeddable":true,"href":"https:\/\/www.remonen.fi\/WP\/wp-json\/wp\/v2\/categories?post=5198"},{"taxonomy":"post_tag","embeddable":true,"href":"https:\/\/www.remonen.fi\/WP\/wp-json\/wp\/v2\/tags?post=5198"}],"curies":[{"name":"wp","href":"https:\/\/api.w.org\/{rel}","templated":true}]}}