{"id":5223,"date":"2014-12-11T16:40:36","date_gmt":"2014-12-11T14:40:36","guid":{"rendered":"http:\/\/www.remonen.fi\/?p=5223"},"modified":"2014-12-11T16:40:36","modified_gmt":"2014-12-11T14:40:36","slug":"oljya-laineille","status":"publish","type":"post","link":"https:\/\/www.remonen.fi\/WP\/blogi\/oljya-laineille\/","title":{"rendered":"\u00d6ljy\u00e4 laineille"},"content":{"rendered":"<div id=\"attachment_5184\" style=\"width: 210px\" class=\"wp-caption alignright\"><a href=\"http:\/\/www.remonen.fi\/WP\/wp-content\/uploads\/2014\/12\/Oljysailio_468_14-3.jpg\"><img loading=\"lazy\" decoding=\"async\" aria-describedby=\"caption-attachment-5184\" class=\"wp-image-5184 size-medium\" title=\"Aperture: &#402;\/5 | Credit: Matti Remonen | Camera: NIKON D810 | Taken: 9 joulukuun, 2014 | Copyright: (c) Matti Remonen | Exposure bias: -1EV | Flash fired: no | Focal length: 35mm | ISO: 64 | Shutter speed: 20s | \" src=\"http:\/\/www.remonen.fi\/WP\/wp-content\/uploads\/2014\/12\/Oljysailio_468_14-3-200x300.jpg\" alt=\"\" width=\"200\" height=\"300\" srcset=\"https:\/\/www.remonen.fi\/WP\/wp-content\/uploads\/2014\/12\/Oljysailio_468_14-3-200x300.jpg 200w, https:\/\/www.remonen.fi\/WP\/wp-content\/uploads\/2014\/12\/Oljysailio_468_14-3-300x449.jpg 300w, https:\/\/www.remonen.fi\/WP\/wp-content\/uploads\/2014\/12\/Oljysailio_468_14-3.jpg 534w\" sizes=\"(max-width: 200px) 100vw, 200px\" \/><\/a><p id=\"caption-attachment-5184\" class=\"wp-caption-text\">T\u00e4hdenlento (x2)<\/p><\/div>\n<p style=\"text-align: left;\">T\u00e4ss\u00e4 yhten\u00e4 iltana oli tarkoitus l\u00e4hte\u00e4 &#8221;miehiss\u00e4&#8221; kuvailemaan tuonne Laajasaloon \u00d6ljys\u00e4ili\u00f6 468:n maisemiin. No, mun aikataulut oli taas sellaiset, ettei yhteisretki oikein 100% onnistunut ja meninkin sinne jo etuk\u00e4teen. Jostain syyst\u00e4 \u00f6ljys\u00e4ili\u00f6 oli pime\u00e4n\u00e4, vaikka sen pit\u00e4isi olla valaistu aina pime\u00e4n aikaan. Kun kerran on olevinaan valotaideteos. Laitoinkin asiasta seuraavana p\u00e4iv\u00e4n\u00e4 eemeli\u00e4 kaupungin rakennusvirastoon ja siell\u00e4 kiitteliv\u00e4t kovin ilmoituksesta. Eli kyll\u00e4 sen pit\u00e4isi olla valaistu joka p\u00e4iv\u00e4 auringon laskusta aina kello 1:30 asti, kun Suomenlinnasta l\u00e4htee viimeinen lautta.<\/p>\n<p>\u00d6ljys\u00e4ili\u00f6ll\u00e4 olikin sitten pime\u00e4\u00e4 kuin esterin per..heess\u00e4, mutta toisaalta se sitten mahdollisti paremmin y\u00f6taivaan kuvauksen. Kun viel\u00e4 pilvetkin v\u00e4istyiv\u00e4t hetkeksi, p\u00e4\u00e4sin kokeilemaan t\u00e4htien kuvaamista. Kyll\u00e4h\u00e4n se onnistuu ihan t\u00e4\u00e4ll\u00e4 Helsingiss\u00e4kin, vaikkei mit\u00e4\u00e4n tajunnanr\u00e4j\u00e4ytt\u00e4v\u00e4\u00e4 linnunrataspektaakkelia saanutkaan aikaiseksi.<\/p>\n<p>Samaan aikaan kun olin kuvailemassa Kruununvuoren lahden yl\u00e4puolella kierteli lentokone. Sainkin ikuistettua sen valot pariin kuvaan. Toisessa kuvassa on my\u00f6s t\u00e4hdenlento. Edellisest\u00e4 kerrasta onkin varmaan 30 vuotta, kun Hyryl\u00e4ss\u00e4 puomiv\u00e4ijyss\u00e4 oli aikaa katsella taivaalle ja ihmetell\u00e4.<\/p>\n<p><a href=\"http:\/\/www.remonen.fi\/WP\/wp-content\/uploads\/2014\/12\/Oljysailio_468_14-2.jpg\"><img loading=\"lazy\" decoding=\"async\" class=\"aligncenter wp-image-5185\" title=\"Aperture: &#402;\/5 | Credit: Matti Remonen | Camera: NIKON D810 | Taken: 9 joulukuun, 2014 | Copyright: (c) Matti Remonen | Exposure bias: -1EV | Flash fired: no | Focal length: 35mm | ISO: 64 | Shutter speed: 25s | \" src=\"http:\/\/www.remonen.fi\/WP\/wp-content\/uploads\/2014\/12\/Oljysailio_468_14-2.jpg\" alt=\"\" width=\"600\" height=\"401\" srcset=\"https:\/\/www.remonen.fi\/WP\/wp-content\/uploads\/2014\/12\/Oljysailio_468_14-2.jpg 800w, https:\/\/www.remonen.fi\/WP\/wp-content\/uploads\/2014\/12\/Oljysailio_468_14-2-300x200.jpg 300w\" sizes=\"(max-width: 600px) 100vw, 600px\" \/><\/a><\/p>\n<p>\u00d6ljys\u00e4ili\u00f6st\u00e4 ei nyt t\u00e4ll\u00e4 kertaa kuvia tullut, mutta muuten tuli kuvailtua Helsinkiin ja Suomenlinnaan p\u00e4in.<\/p>\n<p><a href=\"http:\/\/www.remonen.fi\/WP\/wp-content\/uploads\/2014\/12\/Oljysailio_468_14-1.jpg\"><img loading=\"lazy\" decoding=\"async\" class=\"aligncenter wp-image-5186\" title=\"Aperture: &#402;\/5 | Credit: Matti Remonen | Camera: NIKON D810 | Taken: 9 joulukuun, 2014 | Copyright: (c) Matti Remonen | Exposure bias: -1EV | Flash fired: no | Focal length: 85mm | ISO: 200 | Shutter speed: 8s | \" src=\"http:\/\/www.remonen.fi\/WP\/wp-content\/uploads\/2014\/12\/Oljysailio_468_14-1.jpg\" alt=\"\" width=\"600\" height=\"401\" srcset=\"https:\/\/www.remonen.fi\/WP\/wp-content\/uploads\/2014\/12\/Oljysailio_468_14-1.jpg 800w, https:\/\/www.remonen.fi\/WP\/wp-content\/uploads\/2014\/12\/Oljysailio_468_14-1-300x200.jpg 300w\" sizes=\"(max-width: 600px) 100vw, 600px\" \/><\/a><\/p>\n<p>\u00d6ljyhommissa oli Nikon D810 + Nikkor AF-S 85\/1.8G + Sigma Art 35\/1.4<\/p>\n","protected":false},"excerpt":{"rendered":"<p>T\u00e4ss\u00e4 yhten\u00e4 iltana oli tarkoitus l\u00e4hte\u00e4 &#8221;miehiss\u00e4&#8221; kuvailemaan tuonne Laajasaloon \u00d6ljys\u00e4ili\u00f6 468:n maisemiin. No, mun aikataulut oli taas sellaiset, ettei yhteisretki oikein 100% onnistunut ja meninkin sinne jo etuk\u00e4teen. Jostain syyst\u00e4 \u00f6ljys\u00e4ili\u00f6 oli pime\u00e4n\u00e4, vaikka sen pit\u00e4isi olla valaistu aina pime\u00e4n aikaan. Kun kerran on olevinaan valotaideteos. Laitoinkin asiasta seuraavana p\u00e4iv\u00e4n\u00e4 eemeli\u00e4 kaupungin rakennusvirastoon ja [&hellip;]<\/p>\n","protected":false},"author":2,"featured_media":5186,"comment_status":"open","ping_status":"closed","sticky":false,"template":"","format":"standard","meta":{"footnotes":""},"categories":[16],"tags":[100],"yoast_head":"<!-- This site is optimized with the Yoast SEO plugin v24.5 - https:\/\/yoast.com\/wordpress\/plugins\/seo\/ -->\n<title>\u00d6ljy\u00e4 laineille - gREat MOments NEver forgotteN<\/title>\n<meta name=\"description\" content=\"T\u00e4ss\u00e4 yhten\u00e4 iltana oli tarkoitus l\u00e4hte\u00e4 &quot;miehiss\u00e4&quot; kuvailemaan tuonne Laajasaloon \u00d6ljys\u00e4ili\u00f6 468:n maisemiin. No, mun aikataulut oli taas sellaiset...\" \/>\n<meta name=\"robots\" content=\"index, follow, max-snippet:-1, max-image-preview:large, max-video-preview:-1\" \/>\n<link rel=\"canonical\" href=\"https:\/\/www.remonen.fi\/WP\/blogi\/oljya-laineille\/\" \/>\n<meta property=\"og:locale\" content=\"fi_FI\" \/>\n<meta property=\"og:type\" content=\"article\" \/>\n<meta property=\"og:title\" content=\"\u00d6ljy\u00e4 laineille - gREat MOments NEver forgotteN\" \/>\n<meta property=\"og:description\" content=\"T\u00e4ss\u00e4 yhten\u00e4 iltana oli tarkoitus l\u00e4hte\u00e4 &quot;miehiss\u00e4&quot; kuvailemaan tuonne Laajasaloon \u00d6ljys\u00e4ili\u00f6 468:n maisemiin. No, mun aikataulut oli taas sellaiset...\" \/>\n<meta property=\"og:url\" content=\"https:\/\/www.remonen.fi\/WP\/blogi\/oljya-laineille\/\" \/>\n<meta property=\"og:site_name\" content=\"remonen.fi\" \/>\n<meta property=\"article:published_time\" content=\"2014-12-11T14:40:36+00:00\" \/>\n<meta property=\"og:image\" content=\"https:\/\/www.remonen.fi\/WP\/wp-content\/uploads\/2014\/12\/Oljysailio_468_14-1.jpg\" \/>\n\t<meta property=\"og:image:width\" content=\"800\" \/>\n\t<meta property=\"og:image:height\" content=\"534\" \/>\n\t<meta property=\"og:image:type\" content=\"image\/jpeg\" \/>\n<meta name=\"author\" content=\"Matti Remonen\" \/>\n<meta name=\"twitter:label1\" content=\"Kirjoittanut\" \/>\n\t<meta name=\"twitter:data1\" content=\"Matti Remonen\" \/>\n\t<meta name=\"twitter:label2\" content=\"Arvioitu lukuaika\" \/>\n\t<meta name=\"twitter:data2\" content=\"1 minuutti\" \/>\n<script type=\"application\/ld+json\" class=\"yoast-schema-graph\">{\"@context\":\"https:\/\/schema.org\",\"@graph\":[{\"@type\":\"Article\",\"@id\":\"https:\/\/www.remonen.fi\/WP\/blogi\/oljya-laineille\/#article\",\"isPartOf\":{\"@id\":\"https:\/\/www.remonen.fi\/WP\/blogi\/oljya-laineille\/\"},\"author\":{\"name\":\"Matti Remonen\",\"@id\":\"https:\/\/www.remonen.fi\/WP\/#\/schema\/person\/1803c23d1d4f6722054eb2ac7f7a97cd\"},\"headline\":\"\u00d6ljy\u00e4 laineille\",\"datePublished\":\"2014-12-11T14:40:36+00:00\",\"mainEntityOfPage\":{\"@id\":\"https:\/\/www.remonen.fi\/WP\/blogi\/oljya-laineille\/\"},\"wordCount\":222,\"commentCount\":0,\"publisher\":{\"@id\":\"https:\/\/www.remonen.fi\/WP\/#\/schema\/person\/1803c23d1d4f6722054eb2ac7f7a97cd\"},\"image\":{\"@id\":\"https:\/\/www.remonen.fi\/WP\/blogi\/oljya-laineille\/#primaryimage\"},\"thumbnailUrl\":\"https:\/\/www.remonen.fi\/WP\/wp-content\/uploads\/2014\/12\/Oljysailio_468_14-1.jpg\",\"keywords\":[\"\u00d6ljys\u00e4ili\u00f6 468\"],\"articleSection\":[\"Blog\"],\"inLanguage\":\"fi\",\"potentialAction\":[{\"@type\":\"CommentAction\",\"name\":\"Comment\",\"target\":[\"https:\/\/www.remonen.fi\/WP\/blogi\/oljya-laineille\/#respond\"]}]},{\"@type\":\"WebPage\",\"@id\":\"https:\/\/www.remonen.fi\/WP\/blogi\/oljya-laineille\/\",\"url\":\"https:\/\/www.remonen.fi\/WP\/blogi\/oljya-laineille\/\",\"name\":\"\u00d6ljy\u00e4 laineille - gREat MOments NEver forgotteN\",\"isPartOf\":{\"@id\":\"https:\/\/www.remonen.fi\/WP\/#website\"},\"primaryImageOfPage\":{\"@id\":\"https:\/\/www.remonen.fi\/WP\/blogi\/oljya-laineille\/#primaryimage\"},\"image\":{\"@id\":\"https:\/\/www.remonen.fi\/WP\/blogi\/oljya-laineille\/#primaryimage\"},\"thumbnailUrl\":\"https:\/\/www.remonen.fi\/WP\/wp-content\/uploads\/2014\/12\/Oljysailio_468_14-1.jpg\",\"datePublished\":\"2014-12-11T14:40:36+00:00\",\"description\":\"T\u00e4ss\u00e4 yhten\u00e4 iltana oli tarkoitus l\u00e4hte\u00e4 \\\"miehiss\u00e4\\\" kuvailemaan tuonne Laajasaloon \u00d6ljys\u00e4ili\u00f6 468:n maisemiin. No, mun aikataulut oli taas sellaiset...\",\"breadcrumb\":{\"@id\":\"https:\/\/www.remonen.fi\/WP\/blogi\/oljya-laineille\/#breadcrumb\"},\"inLanguage\":\"fi\",\"potentialAction\":[{\"@type\":\"ReadAction\",\"target\":[\"https:\/\/www.remonen.fi\/WP\/blogi\/oljya-laineille\/\"]}]},{\"@type\":\"ImageObject\",\"inLanguage\":\"fi\",\"@id\":\"https:\/\/www.remonen.fi\/WP\/blogi\/oljya-laineille\/#primaryimage\",\"url\":\"https:\/\/www.remonen.fi\/WP\/wp-content\/uploads\/2014\/12\/Oljysailio_468_14-1.jpg\",\"contentUrl\":\"https:\/\/www.remonen.fi\/WP\/wp-content\/uploads\/2014\/12\/Oljysailio_468_14-1.jpg\",\"width\":800,\"height\":534,\"caption\":\"[exif id=\\\"5186\\\"]\"},{\"@type\":\"BreadcrumbList\",\"@id\":\"https:\/\/www.remonen.fi\/WP\/blogi\/oljya-laineille\/#breadcrumb\",\"itemListElement\":[{\"@type\":\"ListItem\",\"position\":1,\"name\":\"Etusivu\",\"item\":\"https:\/\/www.remonen.fi\/WP\/\"},{\"@type\":\"ListItem\",\"position\":2,\"name\":\"\u00d6ljy\u00e4 laineille\"}]},{\"@type\":\"WebSite\",\"@id\":\"https:\/\/www.remonen.fi\/WP\/#website\",\"url\":\"https:\/\/www.remonen.fi\/WP\/\",\"name\":\"remonen.fi\",\"description\":\"Valokuvia ja tarinaa laidasta laitaan\",\"publisher\":{\"@id\":\"https:\/\/www.remonen.fi\/WP\/#\/schema\/person\/1803c23d1d4f6722054eb2ac7f7a97cd\"},\"potentialAction\":[{\"@type\":\"SearchAction\",\"target\":{\"@type\":\"EntryPoint\",\"urlTemplate\":\"https:\/\/www.remonen.fi\/WP\/?s={search_term_string}\"},\"query-input\":{\"@type\":\"PropertyValueSpecification\",\"valueRequired\":true,\"valueName\":\"search_term_string\"}}],\"inLanguage\":\"fi\"},{\"@type\":[\"Person\",\"Organization\"],\"@id\":\"https:\/\/www.remonen.fi\/WP\/#\/schema\/person\/1803c23d1d4f6722054eb2ac7f7a97cd\",\"name\":\"Matti Remonen\",\"logo\":{\"@id\":\"https:\/\/www.remonen.fi\/WP\/#\/schema\/person\/image\/\"},\"url\":\"https:\/\/www.remonen.fi\/WP\/blogi\/author\/mre\/\"}]}<\/script>\n<!-- \/ Yoast SEO plugin. -->","yoast_head_json":{"title":"\u00d6ljy\u00e4 laineille - gREat MOments NEver forgotteN","description":"T\u00e4ss\u00e4 yhten\u00e4 iltana oli tarkoitus l\u00e4hte\u00e4 \"miehiss\u00e4\" kuvailemaan tuonne Laajasaloon \u00d6ljys\u00e4ili\u00f6 468:n maisemiin. No, mun aikataulut oli taas sellaiset...","robots":{"index":"index","follow":"follow","max-snippet":"max-snippet:-1","max-image-preview":"max-image-preview:large","max-video-preview":"max-video-preview:-1"},"canonical":"https:\/\/www.remonen.fi\/WP\/blogi\/oljya-laineille\/","og_locale":"fi_FI","og_type":"article","og_title":"\u00d6ljy\u00e4 laineille - gREat MOments NEver forgotteN","og_description":"T\u00e4ss\u00e4 yhten\u00e4 iltana oli tarkoitus l\u00e4hte\u00e4 \"miehiss\u00e4\" kuvailemaan tuonne Laajasaloon \u00d6ljys\u00e4ili\u00f6 468:n maisemiin. No, mun aikataulut oli taas sellaiset...","og_url":"https:\/\/www.remonen.fi\/WP\/blogi\/oljya-laineille\/","og_site_name":"remonen.fi","article_published_time":"2014-12-11T14:40:36+00:00","og_image":[{"width":800,"height":534,"url":"https:\/\/www.remonen.fi\/WP\/wp-content\/uploads\/2014\/12\/Oljysailio_468_14-1.jpg","type":"image\/jpeg"}],"author":"Matti Remonen","twitter_misc":{"Kirjoittanut":"Matti Remonen","Arvioitu lukuaika":"1 minuutti"},"schema":{"@context":"https:\/\/schema.org","@graph":[{"@type":"Article","@id":"https:\/\/www.remonen.fi\/WP\/blogi\/oljya-laineille\/#article","isPartOf":{"@id":"https:\/\/www.remonen.fi\/WP\/blogi\/oljya-laineille\/"},"author":{"name":"Matti Remonen","@id":"https:\/\/www.remonen.fi\/WP\/#\/schema\/person\/1803c23d1d4f6722054eb2ac7f7a97cd"},"headline":"\u00d6ljy\u00e4 laineille","datePublished":"2014-12-11T14:40:36+00:00","mainEntityOfPage":{"@id":"https:\/\/www.remonen.fi\/WP\/blogi\/oljya-laineille\/"},"wordCount":222,"commentCount":0,"publisher":{"@id":"https:\/\/www.remonen.fi\/WP\/#\/schema\/person\/1803c23d1d4f6722054eb2ac7f7a97cd"},"image":{"@id":"https:\/\/www.remonen.fi\/WP\/blogi\/oljya-laineille\/#primaryimage"},"thumbnailUrl":"https:\/\/www.remonen.fi\/WP\/wp-content\/uploads\/2014\/12\/Oljysailio_468_14-1.jpg","keywords":["\u00d6ljys\u00e4ili\u00f6 468"],"articleSection":["Blog"],"inLanguage":"fi","potentialAction":[{"@type":"CommentAction","name":"Comment","target":["https:\/\/www.remonen.fi\/WP\/blogi\/oljya-laineille\/#respond"]}]},{"@type":"WebPage","@id":"https:\/\/www.remonen.fi\/WP\/blogi\/oljya-laineille\/","url":"https:\/\/www.remonen.fi\/WP\/blogi\/oljya-laineille\/","name":"\u00d6ljy\u00e4 laineille - gREat MOments NEver forgotteN","isPartOf":{"@id":"https:\/\/www.remonen.fi\/WP\/#website"},"primaryImageOfPage":{"@id":"https:\/\/www.remonen.fi\/WP\/blogi\/oljya-laineille\/#primaryimage"},"image":{"@id":"https:\/\/www.remonen.fi\/WP\/blogi\/oljya-laineille\/#primaryimage"},"thumbnailUrl":"https:\/\/www.remonen.fi\/WP\/wp-content\/uploads\/2014\/12\/Oljysailio_468_14-1.jpg","datePublished":"2014-12-11T14:40:36+00:00","description":"T\u00e4ss\u00e4 yhten\u00e4 iltana oli tarkoitus l\u00e4hte\u00e4 \"miehiss\u00e4\" kuvailemaan tuonne Laajasaloon \u00d6ljys\u00e4ili\u00f6 468:n maisemiin. No, mun aikataulut oli taas sellaiset...","breadcrumb":{"@id":"https:\/\/www.remonen.fi\/WP\/blogi\/oljya-laineille\/#breadcrumb"},"inLanguage":"fi","potentialAction":[{"@type":"ReadAction","target":["https:\/\/www.remonen.fi\/WP\/blogi\/oljya-laineille\/"]}]},{"@type":"ImageObject","inLanguage":"fi","@id":"https:\/\/www.remonen.fi\/WP\/blogi\/oljya-laineille\/#primaryimage","url":"https:\/\/www.remonen.fi\/WP\/wp-content\/uploads\/2014\/12\/Oljysailio_468_14-1.jpg","contentUrl":"https:\/\/www.remonen.fi\/WP\/wp-content\/uploads\/2014\/12\/Oljysailio_468_14-1.jpg","width":800,"height":534,"caption":"[exif id=\"5186\"]"},{"@type":"BreadcrumbList","@id":"https:\/\/www.remonen.fi\/WP\/blogi\/oljya-laineille\/#breadcrumb","itemListElement":[{"@type":"ListItem","position":1,"name":"Etusivu","item":"https:\/\/www.remonen.fi\/WP\/"},{"@type":"ListItem","position":2,"name":"\u00d6ljy\u00e4 laineille"}]},{"@type":"WebSite","@id":"https:\/\/www.remonen.fi\/WP\/#website","url":"https:\/\/www.remonen.fi\/WP\/","name":"remonen.fi","description":"Valokuvia ja tarinaa laidasta laitaan","publisher":{"@id":"https:\/\/www.remonen.fi\/WP\/#\/schema\/person\/1803c23d1d4f6722054eb2ac7f7a97cd"},"potentialAction":[{"@type":"SearchAction","target":{"@type":"EntryPoint","urlTemplate":"https:\/\/www.remonen.fi\/WP\/?s={search_term_string}"},"query-input":{"@type":"PropertyValueSpecification","valueRequired":true,"valueName":"search_term_string"}}],"inLanguage":"fi"},{"@type":["Person","Organization"],"@id":"https:\/\/www.remonen.fi\/WP\/#\/schema\/person\/1803c23d1d4f6722054eb2ac7f7a97cd","name":"Matti Remonen","logo":{"@id":"https:\/\/www.remonen.fi\/WP\/#\/schema\/person\/image\/"},"url":"https:\/\/www.remonen.fi\/WP\/blogi\/author\/mre\/"}]}},"_links":{"self":[{"href":"https:\/\/www.remonen.fi\/WP\/wp-json\/wp\/v2\/posts\/5223"}],"collection":[{"href":"https:\/\/www.remonen.fi\/WP\/wp-json\/wp\/v2\/posts"}],"about":[{"href":"https:\/\/www.remonen.fi\/WP\/wp-json\/wp\/v2\/types\/post"}],"author":[{"embeddable":true,"href":"https:\/\/www.remonen.fi\/WP\/wp-json\/wp\/v2\/users\/2"}],"replies":[{"embeddable":true,"href":"https:\/\/www.remonen.fi\/WP\/wp-json\/wp\/v2\/comments?post=5223"}],"version-history":[{"count":0,"href":"https:\/\/www.remonen.fi\/WP\/wp-json\/wp\/v2\/posts\/5223\/revisions"}],"wp:featuredmedia":[{"embeddable":true,"href":"https:\/\/www.remonen.fi\/WP\/wp-json\/wp\/v2\/media\/5186"}],"wp:attachment":[{"href":"https:\/\/www.remonen.fi\/WP\/wp-json\/wp\/v2\/media?parent=5223"}],"wp:term":[{"taxonomy":"category","embeddable":true,"href":"https:\/\/www.remonen.fi\/WP\/wp-json\/wp\/v2\/categories?post=5223"},{"taxonomy":"post_tag","embeddable":true,"href":"https:\/\/www.remonen.fi\/WP\/wp-json\/wp\/v2\/tags?post=5223"}],"curies":[{"name":"wp","href":"https:\/\/api.w.org\/{rel}","templated":true}]}}