{"id":5251,"date":"2015-01-01T14:45:48","date_gmt":"2015-01-01T12:45:48","guid":{"rendered":"http:\/\/www.remonen.fi\/?p=5251"},"modified":"2015-01-01T14:47:37","modified_gmt":"2015-01-01T12:47:37","slug":"vuoden-vaihtuessa","status":"publish","type":"post","link":"https:\/\/www.remonen.fi\/WP\/blogi\/vuoden-vaihtuessa\/","title":{"rendered":"Vuoden vaihtuessa"},"content":{"rendered":"<p>Niin se vanha vuosi taas p\u00e4\u00e4ttyi ja uusi alkoi. Olin p\u00e4\u00e4tt\u00e4nyt, ett\u00e4 t\u00e4ll\u00e4 kertaa j\u00e4t\u00e4n kemialliset kokeilut v\u00e4hemm\u00e4lle ja l\u00e4hden sen sijaan kuvaamaan ilotulitusta ns. vakavalla mielell\u00e4. Ja selvin p\u00e4in. Mulla ei oikein koskaan ole tuo ilotulituskuvaus onnistunut, vaan kuvat ovat olleet aika lailla pliisuja ja ep\u00e4onnistuneita. Nyt sitten tutustuin hommaan hieman etuk\u00e4teen ja p\u00e4\u00e4tin ett\u00e4 t\u00e4ll\u00e4 kertaa on onnistuttava.<\/p>\n<p><a href=\"http:\/\/www.remonen.fi\/WP\/wp-content\/uploads\/2015\/01\/uusivuosi_14-1-3.jpg\"><img loading=\"lazy\" decoding=\"async\" class=\"aligncenter wp-image-5262\" title=\"Aperture: &#402;\/6.3 | Credit: Matti Remonen | Camera: NIKON D810 | Taken: 1 tammikuun, 2015 | Copyright: (c) Matti Remonen | Exposure bias: -1.3EV | Flash fired: no | Focal length: 310mm | ISO: 64 | Shutter speed: 15s | \" src=\"http:\/\/www.remonen.fi\/WP\/wp-content\/uploads\/2015\/01\/uusivuosi_14-1-3.jpg\" alt=\"\" width=\"600\" height=\"401\" srcset=\"https:\/\/www.remonen.fi\/WP\/wp-content\/uploads\/2015\/01\/uusivuosi_14-1-3.jpg 800w, https:\/\/www.remonen.fi\/WP\/wp-content\/uploads\/2015\/01\/uusivuosi_14-1-3-300x200.jpg 300w\" sizes=\"(max-width: 600px) 100vw, 600px\" \/><\/a><\/p>\n<p>Netiss\u00e4h\u00e4n on <a title=\"dc.net\" href=\"http:\/\/www.digicamera.net\/dnews14\/dnews_1214.htm\" target=\"_blank\">ohjeita ilotulituksen kuvaamiseen<\/a> vaikka kuinka paljon. Perusideana kaikissa on jalustan k\u00e4ytt\u00f6, manuaalitarkennus ja pitk\u00e4t suljinajat. N\u00e4ill\u00e4 ohjeilla pit\u00e4isi sitten tulla j\u00e4lke\u00e4. Yksi lopputulokseen vaikuttava tekij\u00e4 on kyll\u00e4 kaikista ohjeista j\u00e4\u00e4nyt pois. Ja seh\u00e4n on sama kuin ravintolan menestymisen perusresepti: sijainti, sijainti ja sijainti. Jos paikalle ei n\u00e4y ilotulitusta, on sit\u00e4 vaikea kuvata. Voi kuulostaa itsest\u00e4\u00e4nselvyydelt\u00e4, mutta hyv\u00e4 pit\u00e4\u00e4 mieless\u00e4. V\u00e4h\u00e4n sama kuin aikanaan Telell\u00e4 tietoturvaohjeessa luki, ett\u00e4 varmistuksia ei voi palauttaa, jollei niit\u00e4 ole otettu. Tele, tuo syv\u00e4ajattelijoiden hautomo. No, kyseisen ohjeen kirjaillut viettikin sitten my\u00f6hemmin aikaa valtion leiviss\u00e4, tai oikeammin leiv\u00e4tt\u00f6m\u00e4n p\u00f6yd\u00e4n \u00e4\u00e4ress\u00e4. Syy ei ollut t\u00e4ss\u00e4 aivopierussa, mutta olisi siit\u00e4kin voinut jonkun vuoden kakkua jakaa&#8230;<\/p>\n<p><a href=\"http:\/\/www.remonen.fi\/WP\/wp-content\/uploads\/2015\/01\/uusivuosi_14-1.jpg\"><img loading=\"lazy\" decoding=\"async\" class=\"aligncenter wp-image-5252\" title=\"Aperture: &#402;\/6.3 | Credit: Matti Remonen | Camera: NIKON D810 | Taken: 1 tammikuun, 2015 | Copyright: (c) Matti Remonen | Exposure bias: -1.3EV | Flash fired: no | Focal length: 270mm | ISO: 64 | Shutter speed: 15s | \" src=\"http:\/\/www.remonen.fi\/WP\/wp-content\/uploads\/2015\/01\/uusivuosi_14-1.jpg\" alt=\"\" width=\"600\" height=\"401\" srcset=\"https:\/\/www.remonen.fi\/WP\/wp-content\/uploads\/2015\/01\/uusivuosi_14-1.jpg 800w, https:\/\/www.remonen.fi\/WP\/wp-content\/uploads\/2015\/01\/uusivuosi_14-1-300x200.jpg 300w\" sizes=\"(max-width: 600px) 100vw, 600px\" \/><\/a><\/p>\n<p><a href=\"http:\/\/www.remonen.fi\/WP\/wp-content\/uploads\/2015\/01\/uusivuosi_14-3.jpg\"><img loading=\"lazy\" decoding=\"async\" class=\"aligncenter wp-image-5256\" title=\"Aperture: &#402;\/6.3 | Credit: Matti Remonen | Camera: NIKON D810 | Taken: 1 tammikuun, 2015 | Copyright: (c) Matti Remonen | Exposure bias: -1.3EV | Flash fired: no | Focal length: 400mm | ISO: 64 | Shutter speed: 15s | \" src=\"http:\/\/www.remonen.fi\/WP\/wp-content\/uploads\/2015\/01\/uusivuosi_14-3.jpg\" alt=\"\" width=\"600\" height=\"401\" srcset=\"https:\/\/www.remonen.fi\/WP\/wp-content\/uploads\/2015\/01\/uusivuosi_14-3.jpg 800w, https:\/\/www.remonen.fi\/WP\/wp-content\/uploads\/2015\/01\/uusivuosi_14-3-300x200.jpg 300w\" sizes=\"(max-width: 600px) 100vw, 600px\" \/><\/a><\/p>\n<p>Hieman harhauduttiin itse aiheesta, mutta mit\u00e4s n\u00e4ist\u00e4, kun ei n\u00e4m\u00e4k\u00e4\u00e4n meist\u00e4. Koska sijainti oli t\u00e4rkein, niin p\u00e4\u00e4tin l\u00e4hte\u00e4 Laajasaloon ja tarkemmin sinne \u00d6ljys\u00e4ili\u00f6 468:n maisemiin, jossa olen niin useasti aikaani viett\u00e4nyt. Sielt\u00e4 on Kruunuvuorenlahden yli hyv\u00e4 n\u00e4kym\u00e4 Helsingin keskustaan ja Tuomiokirkolle. Tosin matkaa on aika paljon, taitaa olla useampi kilometri, joten mit\u00e4\u00e4n kovin l\u00e4hikuvia tuolta ei saisi. Otinkin mukaan pisimm\u00e4n putkeni, Nikonin 80-400 -tsuumin. Objektiivi oli sin\u00e4ns\u00e4 oiva valinta, vaikkei mik\u00e4\u00e4n &#8221;nopeushirmu&#8221; olekaan (suurin aukko polttov\u00e4lin mukaan 3.5 &#8211; 5.6), mutta t\u00e4ll\u00e4 kertaa tuo ei haitannut, koska valotusajat oli joka tapauksessa saatava sekuntien pituisiksi. N\u00e4in j\u00e4lkeenp\u00e4in pit\u00e4\u00e4 todeta, ett\u00e4 tuo Benron jalusta ei ehk\u00e4 ole ihan se paras tuohon kombinaatioon. 400-milli\u00e4 15 sekunnin valotusajalla n\u00e4kyi joissain kuvissa. En tied\u00e4, pit\u00e4\u00e4k\u00f6 t\u00e4ss\u00e4 taas ostaa joku norsujalusta n\u00e4it\u00e4 tarpeita varten&#8230; kun juuri sain myyty\u00e4 Gitzon 3541LS-kolmijalan. Sit\u00e4 kun ei tullut juuri k\u00e4ytetty\u00e4 painon vuoksi.<\/p>\n<table class=\" aligncenter\">\n<tbody>\n<tr>\n<td><a href=\"http:\/\/www.remonen.fi\/WP\/wp-content\/uploads\/2015\/01\/uusivuosi_14-4.jpg\"><img loading=\"lazy\" decoding=\"async\" class=\"alignnone wp-image-5255\" title=\"Aperture: &#402;\/6.3 | Credit: Matti Remonen | Camera: NIKON D810 | Taken: 1 tammikuun, 2015 | Copyright: (c) Matti Remonen | Exposure bias: -1.3EV | Flash fired: no | Focal length: 400mm | ISO: 64 | Shutter speed: 15s | \" src=\"http:\/\/www.remonen.fi\/WP\/wp-content\/uploads\/2015\/01\/uusivuosi_14-4.jpg\" alt=\"\" width=\"330\" height=\"494\" srcset=\"https:\/\/www.remonen.fi\/WP\/wp-content\/uploads\/2015\/01\/uusivuosi_14-4.jpg 534w, https:\/\/www.remonen.fi\/WP\/wp-content\/uploads\/2015\/01\/uusivuosi_14-4-200x300.jpg 200w, https:\/\/www.remonen.fi\/WP\/wp-content\/uploads\/2015\/01\/uusivuosi_14-4-300x449.jpg 300w\" sizes=\"(max-width: 330px) 100vw, 330px\" \/><\/a><\/td>\n<td><a href=\"http:\/\/www.remonen.fi\/WP\/wp-content\/uploads\/2015\/01\/uusivuosi_14-1-4.jpg\"><img loading=\"lazy\" decoding=\"async\" class=\"alignnone wp-image-5268\" title=\"Aperture: &#402;\/5.3 | Credit: Matti Remonen | Camera: NIKON D810 | Taken: 1 tammikuun, 2015 | Copyright: (c) Matti Remonen | Exposure bias: -1.3EV | Flash fired: no | Focal length: 210mm | ISO: 160 | Shutter speed: 5s | \" src=\"http:\/\/www.remonen.fi\/WP\/wp-content\/uploads\/2015\/01\/uusivuosi_14-1-4.jpg\" alt=\"\" width=\"330\" height=\"494\" srcset=\"https:\/\/www.remonen.fi\/WP\/wp-content\/uploads\/2015\/01\/uusivuosi_14-1-4.jpg 534w, https:\/\/www.remonen.fi\/WP\/wp-content\/uploads\/2015\/01\/uusivuosi_14-1-4-200x300.jpg 200w, https:\/\/www.remonen.fi\/WP\/wp-content\/uploads\/2015\/01\/uusivuosi_14-1-4-300x449.jpg 300w\" sizes=\"(max-width: 330px) 100vw, 330px\" \/><\/a><\/td>\n<\/tr>\n<\/tbody>\n<\/table>\n<p>Porukkaa tuolla \u00f6ljys\u00e4ili\u00f6n luona oli yll\u00e4tt\u00e4v\u00e4n v\u00e4h\u00e4n. Ilmeisesti kuitenkin paikka on viel\u00e4 sen verran syrj\u00e4ss\u00e4, ettei sinne l\u00f6ydet\u00e4. Ja kun sinne p\u00e4\u00e4sy vaatii viel\u00e4 selv\u00e4n kuskin, niin uudenvuodeny\u00f6 ei ehk\u00e4 ole tuolle kombinaatiolle se paras. Toisaalta, olipahan sitten enemm\u00e4n tilaa kuvailla.<\/p>\n<p>Y\u00f6ss\u00e4 vaelsi Nikon D810 + Nikkor AF-S 80-400\/3.5-5.6G VR<\/p>\n","protected":false},"excerpt":{"rendered":"<p>Niin se vanha vuosi taas p\u00e4\u00e4ttyi ja uusi alkoi. Olin p\u00e4\u00e4tt\u00e4nyt, ett\u00e4 t\u00e4ll\u00e4 kertaa j\u00e4t\u00e4n kemialliset kokeilut v\u00e4hemm\u00e4lle ja l\u00e4hden sen sijaan kuvaamaan ilotulitusta ns. vakavalla mielell\u00e4. Ja selvin p\u00e4in. Mulla ei oikein koskaan ole tuo ilotulituskuvaus onnistunut, vaan kuvat ovat olleet aika lailla pliisuja ja ep\u00e4onnistuneita. Nyt sitten tutustuin hommaan hieman etuk\u00e4teen ja p\u00e4\u00e4tin [&hellip;]<\/p>\n","protected":false},"author":2,"featured_media":5257,"comment_status":"open","ping_status":"closed","sticky":false,"template":"","format":"standard","meta":{"footnotes":""},"categories":[16],"tags":[100,119],"yoast_head":"<!-- This site is optimized with the Yoast SEO plugin v24.5 - https:\/\/yoast.com\/wordpress\/plugins\/seo\/ -->\n<title>Vuoden vaihtuessa - gREat MOments NEver forgotteN<\/title>\n<meta name=\"robots\" content=\"index, follow, max-snippet:-1, max-image-preview:large, max-video-preview:-1\" \/>\n<link rel=\"canonical\" href=\"https:\/\/www.remonen.fi\/WP\/blogi\/vuoden-vaihtuessa\/\" \/>\n<meta property=\"og:locale\" content=\"fi_FI\" \/>\n<meta property=\"og:type\" content=\"article\" \/>\n<meta property=\"og:title\" content=\"Vuoden vaihtuessa - gREat MOments NEver forgotteN\" \/>\n<meta property=\"og:description\" content=\"Niin se vanha vuosi taas p\u00e4\u00e4ttyi ja uusi alkoi. Olin p\u00e4\u00e4tt\u00e4nyt, ett\u00e4 t\u00e4ll\u00e4 kertaa j\u00e4t\u00e4n kemialliset kokeilut v\u00e4hemm\u00e4lle ja l\u00e4hden sen sijaan kuvaamaan ilotulitusta ns. vakavalla mielell\u00e4. Ja selvin p\u00e4in. Mulla ei oikein koskaan ole tuo ilotulituskuvaus onnistunut, vaan kuvat ovat olleet aika lailla pliisuja ja ep\u00e4onnistuneita. Nyt sitten tutustuin hommaan hieman etuk\u00e4teen ja p\u00e4\u00e4tin [&hellip;]\" \/>\n<meta property=\"og:url\" content=\"https:\/\/www.remonen.fi\/WP\/blogi\/vuoden-vaihtuessa\/\" \/>\n<meta property=\"og:site_name\" content=\"remonen.fi\" \/>\n<meta property=\"article:published_time\" content=\"2015-01-01T12:45:48+00:00\" \/>\n<meta property=\"article:modified_time\" content=\"2015-01-01T12:47:37+00:00\" \/>\n<meta property=\"og:image\" content=\"https:\/\/www.remonen.fi\/WP\/wp-content\/uploads\/2015\/01\/uusivuosi_14-2.jpg\" \/>\n\t<meta property=\"og:image:width\" content=\"800\" \/>\n\t<meta property=\"og:image:height\" content=\"476\" \/>\n\t<meta property=\"og:image:type\" content=\"image\/jpeg\" \/>\n<meta name=\"author\" content=\"Matti Remonen\" \/>\n<meta name=\"twitter:label1\" content=\"Kirjoittanut\" \/>\n\t<meta name=\"twitter:data1\" content=\"Matti Remonen\" \/>\n\t<meta name=\"twitter:label2\" content=\"Arvioitu lukuaika\" \/>\n\t<meta name=\"twitter:data2\" content=\"2 minuuttia\" \/>\n<script type=\"application\/ld+json\" class=\"yoast-schema-graph\">{\"@context\":\"https:\/\/schema.org\",\"@graph\":[{\"@type\":\"Article\",\"@id\":\"https:\/\/www.remonen.fi\/WP\/blogi\/vuoden-vaihtuessa\/#article\",\"isPartOf\":{\"@id\":\"https:\/\/www.remonen.fi\/WP\/blogi\/vuoden-vaihtuessa\/\"},\"author\":{\"name\":\"Matti Remonen\",\"@id\":\"https:\/\/www.remonen.fi\/WP\/#\/schema\/person\/1803c23d1d4f6722054eb2ac7f7a97cd\"},\"headline\":\"Vuoden vaihtuessa\",\"datePublished\":\"2015-01-01T12:45:48+00:00\",\"dateModified\":\"2015-01-01T12:47:37+00:00\",\"mainEntityOfPage\":{\"@id\":\"https:\/\/www.remonen.fi\/WP\/blogi\/vuoden-vaihtuessa\/\"},\"wordCount\":436,\"commentCount\":0,\"publisher\":{\"@id\":\"https:\/\/www.remonen.fi\/WP\/#\/schema\/person\/1803c23d1d4f6722054eb2ac7f7a97cd\"},\"image\":{\"@id\":\"https:\/\/www.remonen.fi\/WP\/blogi\/vuoden-vaihtuessa\/#primaryimage\"},\"thumbnailUrl\":\"https:\/\/www.remonen.fi\/WP\/wp-content\/uploads\/2015\/01\/uusivuosi_14-2.jpg\",\"keywords\":[\"\u00d6ljys\u00e4ili\u00f6 468\",\"uusivuosi\"],\"articleSection\":[\"Blog\"],\"inLanguage\":\"fi\",\"potentialAction\":[{\"@type\":\"CommentAction\",\"name\":\"Comment\",\"target\":[\"https:\/\/www.remonen.fi\/WP\/blogi\/vuoden-vaihtuessa\/#respond\"]}]},{\"@type\":\"WebPage\",\"@id\":\"https:\/\/www.remonen.fi\/WP\/blogi\/vuoden-vaihtuessa\/\",\"url\":\"https:\/\/www.remonen.fi\/WP\/blogi\/vuoden-vaihtuessa\/\",\"name\":\"Vuoden vaihtuessa - gREat MOments NEver forgotteN\",\"isPartOf\":{\"@id\":\"https:\/\/www.remonen.fi\/WP\/#website\"},\"primaryImageOfPage\":{\"@id\":\"https:\/\/www.remonen.fi\/WP\/blogi\/vuoden-vaihtuessa\/#primaryimage\"},\"image\":{\"@id\":\"https:\/\/www.remonen.fi\/WP\/blogi\/vuoden-vaihtuessa\/#primaryimage\"},\"thumbnailUrl\":\"https:\/\/www.remonen.fi\/WP\/wp-content\/uploads\/2015\/01\/uusivuosi_14-2.jpg\",\"datePublished\":\"2015-01-01T12:45:48+00:00\",\"dateModified\":\"2015-01-01T12:47:37+00:00\",\"breadcrumb\":{\"@id\":\"https:\/\/www.remonen.fi\/WP\/blogi\/vuoden-vaihtuessa\/#breadcrumb\"},\"inLanguage\":\"fi\",\"potentialAction\":[{\"@type\":\"ReadAction\",\"target\":[\"https:\/\/www.remonen.fi\/WP\/blogi\/vuoden-vaihtuessa\/\"]}]},{\"@type\":\"ImageObject\",\"inLanguage\":\"fi\",\"@id\":\"https:\/\/www.remonen.fi\/WP\/blogi\/vuoden-vaihtuessa\/#primaryimage\",\"url\":\"https:\/\/www.remonen.fi\/WP\/wp-content\/uploads\/2015\/01\/uusivuosi_14-2.jpg\",\"contentUrl\":\"https:\/\/www.remonen.fi\/WP\/wp-content\/uploads\/2015\/01\/uusivuosi_14-2.jpg\",\"width\":800,\"height\":476},{\"@type\":\"BreadcrumbList\",\"@id\":\"https:\/\/www.remonen.fi\/WP\/blogi\/vuoden-vaihtuessa\/#breadcrumb\",\"itemListElement\":[{\"@type\":\"ListItem\",\"position\":1,\"name\":\"Etusivu\",\"item\":\"https:\/\/www.remonen.fi\/WP\/\"},{\"@type\":\"ListItem\",\"position\":2,\"name\":\"Vuoden vaihtuessa\"}]},{\"@type\":\"WebSite\",\"@id\":\"https:\/\/www.remonen.fi\/WP\/#website\",\"url\":\"https:\/\/www.remonen.fi\/WP\/\",\"name\":\"remonen.fi\",\"description\":\"Valokuvia ja tarinaa laidasta laitaan\",\"publisher\":{\"@id\":\"https:\/\/www.remonen.fi\/WP\/#\/schema\/person\/1803c23d1d4f6722054eb2ac7f7a97cd\"},\"potentialAction\":[{\"@type\":\"SearchAction\",\"target\":{\"@type\":\"EntryPoint\",\"urlTemplate\":\"https:\/\/www.remonen.fi\/WP\/?s={search_term_string}\"},\"query-input\":{\"@type\":\"PropertyValueSpecification\",\"valueRequired\":true,\"valueName\":\"search_term_string\"}}],\"inLanguage\":\"fi\"},{\"@type\":[\"Person\",\"Organization\"],\"@id\":\"https:\/\/www.remonen.fi\/WP\/#\/schema\/person\/1803c23d1d4f6722054eb2ac7f7a97cd\",\"name\":\"Matti Remonen\",\"logo\":{\"@id\":\"https:\/\/www.remonen.fi\/WP\/#\/schema\/person\/image\/\"},\"url\":\"https:\/\/www.remonen.fi\/WP\/blogi\/author\/mre\/\"}]}<\/script>\n<!-- \/ Yoast SEO plugin. -->","yoast_head_json":{"title":"Vuoden vaihtuessa - gREat MOments NEver forgotteN","robots":{"index":"index","follow":"follow","max-snippet":"max-snippet:-1","max-image-preview":"max-image-preview:large","max-video-preview":"max-video-preview:-1"},"canonical":"https:\/\/www.remonen.fi\/WP\/blogi\/vuoden-vaihtuessa\/","og_locale":"fi_FI","og_type":"article","og_title":"Vuoden vaihtuessa - gREat MOments NEver forgotteN","og_description":"Niin se vanha vuosi taas p\u00e4\u00e4ttyi ja uusi alkoi. Olin p\u00e4\u00e4tt\u00e4nyt, ett\u00e4 t\u00e4ll\u00e4 kertaa j\u00e4t\u00e4n kemialliset kokeilut v\u00e4hemm\u00e4lle ja l\u00e4hden sen sijaan kuvaamaan ilotulitusta ns. vakavalla mielell\u00e4. Ja selvin p\u00e4in. Mulla ei oikein koskaan ole tuo ilotulituskuvaus onnistunut, vaan kuvat ovat olleet aika lailla pliisuja ja ep\u00e4onnistuneita. Nyt sitten tutustuin hommaan hieman etuk\u00e4teen ja p\u00e4\u00e4tin [&hellip;]","og_url":"https:\/\/www.remonen.fi\/WP\/blogi\/vuoden-vaihtuessa\/","og_site_name":"remonen.fi","article_published_time":"2015-01-01T12:45:48+00:00","article_modified_time":"2015-01-01T12:47:37+00:00","og_image":[{"width":800,"height":476,"url":"https:\/\/www.remonen.fi\/WP\/wp-content\/uploads\/2015\/01\/uusivuosi_14-2.jpg","type":"image\/jpeg"}],"author":"Matti Remonen","twitter_misc":{"Kirjoittanut":"Matti Remonen","Arvioitu lukuaika":"2 minuuttia"},"schema":{"@context":"https:\/\/schema.org","@graph":[{"@type":"Article","@id":"https:\/\/www.remonen.fi\/WP\/blogi\/vuoden-vaihtuessa\/#article","isPartOf":{"@id":"https:\/\/www.remonen.fi\/WP\/blogi\/vuoden-vaihtuessa\/"},"author":{"name":"Matti Remonen","@id":"https:\/\/www.remonen.fi\/WP\/#\/schema\/person\/1803c23d1d4f6722054eb2ac7f7a97cd"},"headline":"Vuoden vaihtuessa","datePublished":"2015-01-01T12:45:48+00:00","dateModified":"2015-01-01T12:47:37+00:00","mainEntityOfPage":{"@id":"https:\/\/www.remonen.fi\/WP\/blogi\/vuoden-vaihtuessa\/"},"wordCount":436,"commentCount":0,"publisher":{"@id":"https:\/\/www.remonen.fi\/WP\/#\/schema\/person\/1803c23d1d4f6722054eb2ac7f7a97cd"},"image":{"@id":"https:\/\/www.remonen.fi\/WP\/blogi\/vuoden-vaihtuessa\/#primaryimage"},"thumbnailUrl":"https:\/\/www.remonen.fi\/WP\/wp-content\/uploads\/2015\/01\/uusivuosi_14-2.jpg","keywords":["\u00d6ljys\u00e4ili\u00f6 468","uusivuosi"],"articleSection":["Blog"],"inLanguage":"fi","potentialAction":[{"@type":"CommentAction","name":"Comment","target":["https:\/\/www.remonen.fi\/WP\/blogi\/vuoden-vaihtuessa\/#respond"]}]},{"@type":"WebPage","@id":"https:\/\/www.remonen.fi\/WP\/blogi\/vuoden-vaihtuessa\/","url":"https:\/\/www.remonen.fi\/WP\/blogi\/vuoden-vaihtuessa\/","name":"Vuoden vaihtuessa - gREat MOments NEver forgotteN","isPartOf":{"@id":"https:\/\/www.remonen.fi\/WP\/#website"},"primaryImageOfPage":{"@id":"https:\/\/www.remonen.fi\/WP\/blogi\/vuoden-vaihtuessa\/#primaryimage"},"image":{"@id":"https:\/\/www.remonen.fi\/WP\/blogi\/vuoden-vaihtuessa\/#primaryimage"},"thumbnailUrl":"https:\/\/www.remonen.fi\/WP\/wp-content\/uploads\/2015\/01\/uusivuosi_14-2.jpg","datePublished":"2015-01-01T12:45:48+00:00","dateModified":"2015-01-01T12:47:37+00:00","breadcrumb":{"@id":"https:\/\/www.remonen.fi\/WP\/blogi\/vuoden-vaihtuessa\/#breadcrumb"},"inLanguage":"fi","potentialAction":[{"@type":"ReadAction","target":["https:\/\/www.remonen.fi\/WP\/blogi\/vuoden-vaihtuessa\/"]}]},{"@type":"ImageObject","inLanguage":"fi","@id":"https:\/\/www.remonen.fi\/WP\/blogi\/vuoden-vaihtuessa\/#primaryimage","url":"https:\/\/www.remonen.fi\/WP\/wp-content\/uploads\/2015\/01\/uusivuosi_14-2.jpg","contentUrl":"https:\/\/www.remonen.fi\/WP\/wp-content\/uploads\/2015\/01\/uusivuosi_14-2.jpg","width":800,"height":476},{"@type":"BreadcrumbList","@id":"https:\/\/www.remonen.fi\/WP\/blogi\/vuoden-vaihtuessa\/#breadcrumb","itemListElement":[{"@type":"ListItem","position":1,"name":"Etusivu","item":"https:\/\/www.remonen.fi\/WP\/"},{"@type":"ListItem","position":2,"name":"Vuoden vaihtuessa"}]},{"@type":"WebSite","@id":"https:\/\/www.remonen.fi\/WP\/#website","url":"https:\/\/www.remonen.fi\/WP\/","name":"remonen.fi","description":"Valokuvia ja tarinaa laidasta laitaan","publisher":{"@id":"https:\/\/www.remonen.fi\/WP\/#\/schema\/person\/1803c23d1d4f6722054eb2ac7f7a97cd"},"potentialAction":[{"@type":"SearchAction","target":{"@type":"EntryPoint","urlTemplate":"https:\/\/www.remonen.fi\/WP\/?s={search_term_string}"},"query-input":{"@type":"PropertyValueSpecification","valueRequired":true,"valueName":"search_term_string"}}],"inLanguage":"fi"},{"@type":["Person","Organization"],"@id":"https:\/\/www.remonen.fi\/WP\/#\/schema\/person\/1803c23d1d4f6722054eb2ac7f7a97cd","name":"Matti Remonen","logo":{"@id":"https:\/\/www.remonen.fi\/WP\/#\/schema\/person\/image\/"},"url":"https:\/\/www.remonen.fi\/WP\/blogi\/author\/mre\/"}]}},"_links":{"self":[{"href":"https:\/\/www.remonen.fi\/WP\/wp-json\/wp\/v2\/posts\/5251"}],"collection":[{"href":"https:\/\/www.remonen.fi\/WP\/wp-json\/wp\/v2\/posts"}],"about":[{"href":"https:\/\/www.remonen.fi\/WP\/wp-json\/wp\/v2\/types\/post"}],"author":[{"embeddable":true,"href":"https:\/\/www.remonen.fi\/WP\/wp-json\/wp\/v2\/users\/2"}],"replies":[{"embeddable":true,"href":"https:\/\/www.remonen.fi\/WP\/wp-json\/wp\/v2\/comments?post=5251"}],"version-history":[{"count":0,"href":"https:\/\/www.remonen.fi\/WP\/wp-json\/wp\/v2\/posts\/5251\/revisions"}],"wp:featuredmedia":[{"embeddable":true,"href":"https:\/\/www.remonen.fi\/WP\/wp-json\/wp\/v2\/media\/5257"}],"wp:attachment":[{"href":"https:\/\/www.remonen.fi\/WP\/wp-json\/wp\/v2\/media?parent=5251"}],"wp:term":[{"taxonomy":"category","embeddable":true,"href":"https:\/\/www.remonen.fi\/WP\/wp-json\/wp\/v2\/categories?post=5251"},{"taxonomy":"post_tag","embeddable":true,"href":"https:\/\/www.remonen.fi\/WP\/wp-json\/wp\/v2\/tags?post=5251"}],"curies":[{"name":"wp","href":"https:\/\/api.w.org\/{rel}","templated":true}]}}