{"id":5271,"date":"2015-01-05T21:39:19","date_gmt":"2015-01-05T19:39:19","guid":{"rendered":"http:\/\/www.remonen.fi\/?p=5271"},"modified":"2015-01-05T21:43:39","modified_gmt":"2015-01-05T19:43:39","slug":"lahden-valoa-pain","status":"publish","type":"post","link":"https:\/\/www.remonen.fi\/WP\/blogi\/lahden-valoa-pain\/","title":{"rendered":"L\u00e4hden valoa p\u00e4in"},"content":{"rendered":"<p>Vuosi vaihtui ja kuten 20 kertaa aiemmin, nytkin koitti aika valon juhlan, <a title=\"Lux Helsinki\" href=\"http:\/\/www.luxhelsinki.fi\/\" target=\"_blank\">Lux Helsingin<\/a>. Alun perin juhla kulki nimell\u00e4 Valon Voimat, mutta on nyttemmin vakiintunut hieman myyvemp\u00e4\u00e4n muotoon &#8221;Lux Helsinki&#8221;. N\u00e4in t\u00e4t\u00e4 on varmaan helpompi markkinoida ulkomaillekin, kuin Villen seuraavan b\u00e4ndin nimen\u00e4. Vaikka taitaa se VV olla tunnetumpi Suomen rajojen ulkopuolella, kuin LH.<\/p>\n<p><a href=\"http:\/\/www.remonen.fi\/WP\/wp-content\/uploads\/2015\/01\/luxhelsinki_15-2.jpg\"><img loading=\"lazy\" decoding=\"async\" class=\"aligncenter wp-image-5281\" title=\"Aperture: &#402;\/3.2 | Credit: Matti Remonen | Camera: NIKON D810 | Taken: 4 tammikuun, 2015 | Copyright: (c) Matti Remonen | Exposure bias: -1EV | Flash fired: no | Focal length: 24mm | ISO: 1000 | Shutter speed: 1\/25s | \" src=\"http:\/\/www.remonen.fi\/WP\/wp-content\/uploads\/2015\/01\/luxhelsinki_15-2.jpg\" alt=\"\" width=\"600\" height=\"600\" srcset=\"https:\/\/www.remonen.fi\/WP\/wp-content\/uploads\/2015\/01\/luxhelsinki_15-2.jpg 800w, https:\/\/www.remonen.fi\/WP\/wp-content\/uploads\/2015\/01\/luxhelsinki_15-2-150x150.jpg 150w, https:\/\/www.remonen.fi\/WP\/wp-content\/uploads\/2015\/01\/luxhelsinki_15-2-300x300.jpg 300w\" sizes=\"(max-width: 600px) 100vw, 600px\" \/><\/a><\/p>\n<p>T\u00e4n\u00e4 vuonna jotenkin minulle v\u00e4littyi sellainen kuva, ett\u00e4 rahat &#8211; ja ehk\u00e4 ideatkin &#8211; alkaa olemaan loppu. Bileet ovat vain viisi p\u00e4iv\u00e4\u00e4, alkaen sunnuntaina 4.1. ja p\u00e4\u00e4ttyen Loppiaisen j\u00e4lkeen 8.1. Jollen nyt ihan v\u00e4\u00e4rin muista, on juhla ollut aiempina vuosina hieman pitk\u00e4kestoisempi. Ymm\u00e4rr\u00e4n kyll\u00e4, ett\u00e4 happeningin juoksevat kulut ovat varmaan aika korkeat 24\/7 -vartiointeineen ja muineen, mutta silti aikaj\u00e4nne tuntuu lyhyelt\u00e4, kun kuitenkin noiden teosten pystytt\u00e4miseenkin menee aikaa.<\/p>\n<table class=\" aligncenter\">\n<tbody>\n<tr>\n<td><a href=\"http:\/\/www.remonen.fi\/WP\/wp-content\/uploads\/2015\/01\/luxhelsinki_15-3.jpg\"><img loading=\"lazy\" decoding=\"async\" class=\"alignnone wp-image-5280\" title=\"Aperture: &#402;\/3.2 | Credit: Matti Remonen | Camera: NIKON D810 | Taken: 4 tammikuun, 2015 | Copyright: (c) Matti Remonen | Exposure bias: -1EV | Flash fired: no | Focal length: 44mm | ISO: 7200 | Shutter speed: 1\/50s | \" src=\"http:\/\/www.remonen.fi\/WP\/wp-content\/uploads\/2015\/01\/luxhelsinki_15-3.jpg\" alt=\"\" width=\"320\" height=\"479\" srcset=\"https:\/\/www.remonen.fi\/WP\/wp-content\/uploads\/2015\/01\/luxhelsinki_15-3.jpg 534w, https:\/\/www.remonen.fi\/WP\/wp-content\/uploads\/2015\/01\/luxhelsinki_15-3-200x300.jpg 200w, https:\/\/www.remonen.fi\/WP\/wp-content\/uploads\/2015\/01\/luxhelsinki_15-3-300x449.jpg 300w\" sizes=\"(max-width: 320px) 100vw, 320px\" \/><\/a><\/td>\n<td><a href=\"http:\/\/www.remonen.fi\/WP\/wp-content\/uploads\/2015\/01\/luxhelsinki_15-5.jpg\"><img loading=\"lazy\" decoding=\"async\" class=\"alignnone wp-image-5278\" title=\"Aperture: &#402;\/2.8 | Credit: Matti Remonen | Camera: NIKON D810 | Taken: 4 tammikuun, 2015 | Copyright: (c) Matti Remonen | Flash fired: no | Focal length: 70mm | ISO: 560 | Shutter speed: 1\/30s | \" src=\"http:\/\/www.remonen.fi\/WP\/wp-content\/uploads\/2015\/01\/luxhelsinki_15-5.jpg\" alt=\"\" width=\"320\" height=\"479\" srcset=\"https:\/\/www.remonen.fi\/WP\/wp-content\/uploads\/2015\/01\/luxhelsinki_15-5.jpg 534w, https:\/\/www.remonen.fi\/WP\/wp-content\/uploads\/2015\/01\/luxhelsinki_15-5-200x300.jpg 200w, https:\/\/www.remonen.fi\/WP\/wp-content\/uploads\/2015\/01\/luxhelsinki_15-5-300x449.jpg 300w\" sizes=\"(max-width: 320px) 100vw, 320px\" \/><\/a><\/td>\n<\/tr>\n<\/tbody>\n<\/table>\n<p><a href=\"http:\/\/www.remonen.fi\/WP\/wp-content\/uploads\/2015\/01\/luxhelsinki_15-9.jpg\"><img loading=\"lazy\" decoding=\"async\" class=\"alignleft wp-image-5274 size-medium\" title=\"Aperture: &#402;\/2.8 | Credit: Matti Remonen | Camera: NIKON D810 | Taken: 4 tammikuun, 2015 | Copyright: (c) Matti Remonen | Flash fired: no | Focal length: 24mm | ISO: 180 | Shutter speed: 1\/25s | \" src=\"http:\/\/www.remonen.fi\/WP\/wp-content\/uploads\/2015\/01\/luxhelsinki_15-9-200x300.jpg\" alt=\"\" width=\"200\" height=\"300\" srcset=\"https:\/\/www.remonen.fi\/WP\/wp-content\/uploads\/2015\/01\/luxhelsinki_15-9-200x300.jpg 200w, https:\/\/www.remonen.fi\/WP\/wp-content\/uploads\/2015\/01\/luxhelsinki_15-9-300x449.jpg 300w, https:\/\/www.remonen.fi\/WP\/wp-content\/uploads\/2015\/01\/luxhelsinki_15-9.jpg 534w\" sizes=\"(max-width: 200px) 100vw, 200px\" \/><\/a>Toinen k\u00f6yh\u00e4ilyfiilist\u00e4 lis\u00e4\u00e4v\u00e4 tekij\u00e4 ehk\u00e4 oli se, ett\u00e4 t\u00e4n\u00e4 vuonna ei my\u00f6sk\u00e4\u00e4n Senaatintorilla ollut mit\u00e4\u00e4n p\u00e4\u00e4t\u00e4r\u00e4j\u00e4ytt\u00e4v\u00e4\u00e4 valospektaakkelia, kuten aiempina vuosina kun tilaisuuteen olen osallistunut. Nyt paikalla oli &#8221;hatunnosto 163 vuotta t\u00e4ytt\u00e4v\u00e4lle Helsingin tuomiokirkolle ja onnentoivotus 80 vuotta t\u00e4ytt\u00e4v\u00e4lle s\u00e4velt\u00e4j\u00e4lle Aulis Salliselle&#8221;. Sanoo festivaalin ohjelma. Katin kontit sanoo kulttuurista ymm\u00e4rt\u00e4m\u00e4t\u00f6n valokuvaaja-insin\u00f6\u00f6ri ja osap\u00e4iv\u00e4inen mielens\u00e4pahoittaja. Siis \u00e4\u00e4nentoistolaitteistosta tuli jotain random pimputusta ja &#8221;valoshow&#8221; oli kun pari valokeilaa vaelsi pitkin Tuomiokirkon pintaa ja samalla joku suntio r\u00e4psytteli kirkon sis\u00e4ll\u00e4 valoja viime kes\u00e4n\u00e4 kadonnutta konjakkipulloa etsiess\u00e4\u00e4n. Siis hyv\u00e4t herrat: taiteen pit\u00e4\u00e4 olla sellaista, ettei sit\u00e4 pid\u00e4 sitten kotona sanakirjasta katsoa, ett\u00e4 oliko t\u00e4m\u00e4 taidetta vai ilmah\u00e4lytys.<\/p>\n<p>&nbsp;<\/p>\n<p><a href=\"http:\/\/www.remonen.fi\/WP\/wp-content\/uploads\/2015\/01\/luxhelsinki_15-7.jpg\"><img loading=\"lazy\" decoding=\"async\" class=\"aligncenter wp-image-5275\" title=\"Aperture: &#402;\/2.8 | Credit: Matti Remonen | Camera: NIKON D810 | Taken: 4 tammikuun, 2015 | Copyright: (c) Matti Remonen | Flash fired: no | Focal length: 24mm | ISO: 280 | Shutter speed: 1\/25s | \" src=\"http:\/\/www.remonen.fi\/WP\/wp-content\/uploads\/2015\/01\/luxhelsinki_15-7.jpg\" alt=\"\" width=\"600\" height=\"401\" srcset=\"https:\/\/www.remonen.fi\/WP\/wp-content\/uploads\/2015\/01\/luxhelsinki_15-7.jpg 800w, https:\/\/www.remonen.fi\/WP\/wp-content\/uploads\/2015\/01\/luxhelsinki_15-7-300x200.jpg 300w\" sizes=\"(max-width: 600px) 100vw, 600px\" \/><\/a><\/p>\n<p>Hakasalmen huvilan taakse pystytetty munateos sen sijaan oli visuaalisesti ja muutenkin mielenkiintoinen. Samoin kuin kansalaistorille pystytetty &#8221;Time Lapse Plant&#8221;, jossa led-valoilla saatiin aikaan v\u00e4rillisi\u00e4 varjoja siell\u00e4 seisoskelevista ihmisist\u00e4. Hetken aikaa meni, ennen kuin tajusi, ett\u00e4 mik\u00e4s t\u00e4ss\u00e4 on kummallista. Mutta siis se, ett\u00e4 varjot olivat v\u00e4rillisi\u00e4, ei mustia. Ensi kes\u00e4n hitti: hanki oma varjo mieliv\u00e4reiss\u00e4! My\u00f6s Finlandia-talon takana ollut &#8221;Anonymous&#8221;-teos oli vekkuli: siin\u00e4 oli valaistu kuutio, jonka sis\u00e4\u00e4n kuka tahansa sai menn\u00e4 pit\u00e4m\u00e4\u00e4n puheen tai esityksen. Samalla ko. henkil\u00f6n \u00e4\u00e4riviivat piirrettiin laserilla Finlandia-talon sein\u00e4\u00e4n ja ne viel\u00e4 eliv\u00e4t puheen tai laulun mukana. No, suomalainenhan ei puhu eik\u00e4 pussaa. Joku tosin k\u00e4vi vet\u00e4m\u00e4ss\u00e4 &#8221;Happy Birthday Mr. President&#8221;-biisin. Ei ihan Marilyn, mutta hyvin vedetty kuitenkin.<\/p>\n<table class=\" aligncenter\">\n<tbody>\n<tr>\n<td><a href=\"http:\/\/www.remonen.fi\/WP\/wp-content\/uploads\/2015\/01\/luxhelsinki_15-10.jpg\"><img loading=\"lazy\" decoding=\"async\" class=\"alignnone wp-image-5273\" title=\"Aperture: &#402;\/2.8 | Credit: Matti Remonen | Camera: NIKON D810 | Taken: 4 tammikuun, 2015 | Copyright: (c) Matti Remonen | Flash fired: no | Focal length: 56mm | ISO: 7200 | Shutter speed: 1\/60s | \" src=\"http:\/\/www.remonen.fi\/WP\/wp-content\/uploads\/2015\/01\/luxhelsinki_15-10.jpg\" alt=\"\" width=\"320\" height=\"479\" srcset=\"https:\/\/www.remonen.fi\/WP\/wp-content\/uploads\/2015\/01\/luxhelsinki_15-10.jpg 534w, https:\/\/www.remonen.fi\/WP\/wp-content\/uploads\/2015\/01\/luxhelsinki_15-10-200x300.jpg 200w, https:\/\/www.remonen.fi\/WP\/wp-content\/uploads\/2015\/01\/luxhelsinki_15-10-300x449.jpg 300w\" sizes=\"(max-width: 320px) 100vw, 320px\" \/><\/a><\/td>\n<td><a href=\"http:\/\/www.remonen.fi\/WP\/wp-content\/uploads\/2015\/01\/luxhelsinki_15-6.jpg\"><img loading=\"lazy\" decoding=\"async\" class=\"alignnone wp-image-5277\" title=\"Aperture: &#402;\/4 | Credit: Matti Remonen | Camera: NIKON D810 | Taken: 4 tammikuun, 2015 | Copyright: (c) Matti Remonen | Flash fired: no | Focal length: 70mm | ISO: 1400 | Shutter speed: 1\/80s | \" src=\"http:\/\/www.remonen.fi\/WP\/wp-content\/uploads\/2015\/01\/luxhelsinki_15-6.jpg\" alt=\"\" width=\"320\" height=\"479\" srcset=\"https:\/\/www.remonen.fi\/WP\/wp-content\/uploads\/2015\/01\/luxhelsinki_15-6.jpg 534w, https:\/\/www.remonen.fi\/WP\/wp-content\/uploads\/2015\/01\/luxhelsinki_15-6-200x300.jpg 200w, https:\/\/www.remonen.fi\/WP\/wp-content\/uploads\/2015\/01\/luxhelsinki_15-6-300x449.jpg 300w\" sizes=\"(max-width: 320px) 100vw, 320px\" \/><\/a><\/td>\n<\/tr>\n<tr>\n<td><a href=\"http:\/\/www.remonen.fi\/WP\/wp-content\/uploads\/2015\/01\/luxhelsinki_15-1.jpg\"><img loading=\"lazy\" decoding=\"async\" class=\"alignnone wp-image-5272\" title=\"Aperture: &#402;\/4 | Credit: Matti Remonen | Camera: NIKON D810 | Taken: 4 tammikuun, 2015 | Copyright: (c) Matti Remonen | Exposure bias: -1EV | Flash fired: no | Focal length: 70mm | ISO: 8000 | Shutter speed: 1\/60s | \" src=\"http:\/\/www.remonen.fi\/WP\/wp-content\/uploads\/2015\/01\/luxhelsinki_15-1.jpg\" alt=\"\" width=\"320\" height=\"479\" srcset=\"https:\/\/www.remonen.fi\/WP\/wp-content\/uploads\/2015\/01\/luxhelsinki_15-1.jpg 534w, https:\/\/www.remonen.fi\/WP\/wp-content\/uploads\/2015\/01\/luxhelsinki_15-1-200x300.jpg 200w, https:\/\/www.remonen.fi\/WP\/wp-content\/uploads\/2015\/01\/luxhelsinki_15-1-300x449.jpg 300w\" sizes=\"(max-width: 320px) 100vw, 320px\" \/><\/a><\/td>\n<td><a href=\"http:\/\/www.remonen.fi\/WP\/wp-content\/uploads\/2015\/01\/luxhelsinki_15-4.jpg\"><img loading=\"lazy\" decoding=\"async\" class=\"alignnone wp-image-5279\" title=\"Aperture: &#402;\/2.8 | Credit: Matti Remonen | Camera: NIKON D810 | Taken: 4 tammikuun, 2015 | Copyright: (c) Matti Remonen | Flash fired: no | Focal length: 70mm | ISO: 720 | Shutter speed: 1\/30s | \" src=\"http:\/\/www.remonen.fi\/WP\/wp-content\/uploads\/2015\/01\/luxhelsinki_15-4.jpg\" alt=\"\" width=\"320\" height=\"479\" srcset=\"https:\/\/www.remonen.fi\/WP\/wp-content\/uploads\/2015\/01\/luxhelsinki_15-4.jpg 534w, https:\/\/www.remonen.fi\/WP\/wp-content\/uploads\/2015\/01\/luxhelsinki_15-4-200x300.jpg 200w, https:\/\/www.remonen.fi\/WP\/wp-content\/uploads\/2015\/01\/luxhelsinki_15-4-300x449.jpg 300w\" sizes=\"(max-width: 320px) 100vw, 320px\" \/><\/a><\/td>\n<\/tr>\n<\/tbody>\n<\/table>\n<p>Joo, esitteen mukaan t\u00e4m\u00e4n vuoden teema oli &#8221;osallistuminen&#8221;, eli teokset olivat enemm\u00e4n tai v\u00e4hemm\u00e4n interaktiivisia. Hyv\u00e4 idea, mutta hieman spektaakkelimaisuus k\u00e4rsi. Tietysti ehk\u00e4 Berliiniin vertaaminen ei ole kovin reilua, mutta jos turisteja halutaan saada t\u00e4t\u00e4 ihmettelem\u00e4\u00e4n tulevaisuudessakin, pit\u00e4isi tapahtuman olla spektaakkelimaisempi. Tosin germaanithan ovat aina ymm\u00e4rt\u00e4neet joukkojen viihdytt\u00e4misen ja &#8221;awe-efektin&#8221; p\u00e4\u00e4lle. Kuten vaikka N\u00fcrnbergiss\u00e4 1935.<\/p>\n<p>Valoja ihmetteli Nikon D810 + AF-S 24-70\/2.8G<\/p>\n","protected":false},"excerpt":{"rendered":"<p>Vuosi vaihtui ja kuten 20 kertaa aiemmin, nytkin koitti aika valon juhlan, Lux Helsingin. Alun perin juhla kulki nimell\u00e4 Valon Voimat, mutta on nyttemmin vakiintunut hieman myyvemp\u00e4\u00e4n muotoon &#8221;Lux Helsinki&#8221;. N\u00e4in t\u00e4t\u00e4 on varmaan helpompi markkinoida ulkomaillekin, kuin Villen seuraavan b\u00e4ndin nimen\u00e4. Vaikka taitaa se VV olla tunnetumpi Suomen rajojen ulkopuolella, kuin LH. T\u00e4n\u00e4 vuonna [&hellip;]<\/p>\n","protected":false},"author":2,"featured_media":5276,"comment_status":"open","ping_status":"closed","sticky":false,"template":"","format":"standard","meta":{"footnotes":""},"categories":[16],"tags":[121],"yoast_head":"<!-- This site is optimized with the Yoast SEO plugin v24.5 - https:\/\/yoast.com\/wordpress\/plugins\/seo\/ -->\n<title>L\u00e4hden valoa p\u00e4in - gREat MOments NEver forgotteN<\/title>\n<meta name=\"description\" content=\"Vuosi vaihtui ja kuten 20 kertaa aiemmin, nytkin koitti aika valon juhlan, Lux Helsingin. Alun perin juhla kulki nimell\u00e4 Valon Voimat, ...\" \/>\n<meta name=\"robots\" content=\"index, follow, max-snippet:-1, max-image-preview:large, max-video-preview:-1\" \/>\n<link rel=\"canonical\" href=\"https:\/\/www.remonen.fi\/WP\/blogi\/lahden-valoa-pain\/\" \/>\n<meta property=\"og:locale\" content=\"fi_FI\" \/>\n<meta property=\"og:type\" content=\"article\" \/>\n<meta property=\"og:title\" content=\"L\u00e4hden valoa p\u00e4in - gREat MOments NEver forgotteN\" \/>\n<meta property=\"og:description\" content=\"Vuosi vaihtui ja kuten 20 kertaa aiemmin, nytkin koitti aika valon juhlan, Lux Helsingin. Alun perin juhla kulki nimell\u00e4 Valon Voimat, ...\" \/>\n<meta property=\"og:url\" content=\"https:\/\/www.remonen.fi\/WP\/blogi\/lahden-valoa-pain\/\" \/>\n<meta property=\"og:site_name\" content=\"remonen.fi\" \/>\n<meta property=\"article:published_time\" content=\"2015-01-05T19:39:19+00:00\" \/>\n<meta property=\"article:modified_time\" content=\"2015-01-05T19:43:39+00:00\" \/>\n<meta property=\"og:image\" content=\"https:\/\/www.remonen.fi\/WP\/wp-content\/uploads\/2015\/01\/luxhelsinki_15-8.jpg\" \/>\n\t<meta property=\"og:image:width\" content=\"800\" \/>\n\t<meta property=\"og:image:height\" content=\"453\" \/>\n\t<meta property=\"og:image:type\" content=\"image\/jpeg\" \/>\n<meta name=\"author\" content=\"Matti Remonen\" \/>\n<meta name=\"twitter:label1\" content=\"Kirjoittanut\" \/>\n\t<meta name=\"twitter:data1\" content=\"Matti Remonen\" \/>\n\t<meta name=\"twitter:label2\" content=\"Arvioitu lukuaika\" \/>\n\t<meta name=\"twitter:data2\" content=\"2 minuuttia\" \/>\n<script type=\"application\/ld+json\" class=\"yoast-schema-graph\">{\"@context\":\"https:\/\/schema.org\",\"@graph\":[{\"@type\":\"Article\",\"@id\":\"https:\/\/www.remonen.fi\/WP\/blogi\/lahden-valoa-pain\/#article\",\"isPartOf\":{\"@id\":\"https:\/\/www.remonen.fi\/WP\/blogi\/lahden-valoa-pain\/\"},\"author\":{\"name\":\"Matti Remonen\",\"@id\":\"https:\/\/www.remonen.fi\/WP\/#\/schema\/person\/1803c23d1d4f6722054eb2ac7f7a97cd\"},\"headline\":\"L\u00e4hden valoa p\u00e4in\",\"datePublished\":\"2015-01-05T19:39:19+00:00\",\"dateModified\":\"2015-01-05T19:43:39+00:00\",\"mainEntityOfPage\":{\"@id\":\"https:\/\/www.remonen.fi\/WP\/blogi\/lahden-valoa-pain\/\"},\"wordCount\":480,\"commentCount\":0,\"publisher\":{\"@id\":\"https:\/\/www.remonen.fi\/WP\/#\/schema\/person\/1803c23d1d4f6722054eb2ac7f7a97cd\"},\"image\":{\"@id\":\"https:\/\/www.remonen.fi\/WP\/blogi\/lahden-valoa-pain\/#primaryimage\"},\"thumbnailUrl\":\"https:\/\/www.remonen.fi\/WP\/wp-content\/uploads\/2015\/01\/luxhelsinki_15-8.jpg\",\"keywords\":[\"LUX Helsinki\"],\"articleSection\":[\"Blog\"],\"inLanguage\":\"fi\",\"potentialAction\":[{\"@type\":\"CommentAction\",\"name\":\"Comment\",\"target\":[\"https:\/\/www.remonen.fi\/WP\/blogi\/lahden-valoa-pain\/#respond\"]}]},{\"@type\":\"WebPage\",\"@id\":\"https:\/\/www.remonen.fi\/WP\/blogi\/lahden-valoa-pain\/\",\"url\":\"https:\/\/www.remonen.fi\/WP\/blogi\/lahden-valoa-pain\/\",\"name\":\"L\u00e4hden valoa p\u00e4in - gREat MOments NEver forgotteN\",\"isPartOf\":{\"@id\":\"https:\/\/www.remonen.fi\/WP\/#website\"},\"primaryImageOfPage\":{\"@id\":\"https:\/\/www.remonen.fi\/WP\/blogi\/lahden-valoa-pain\/#primaryimage\"},\"image\":{\"@id\":\"https:\/\/www.remonen.fi\/WP\/blogi\/lahden-valoa-pain\/#primaryimage\"},\"thumbnailUrl\":\"https:\/\/www.remonen.fi\/WP\/wp-content\/uploads\/2015\/01\/luxhelsinki_15-8.jpg\",\"datePublished\":\"2015-01-05T19:39:19+00:00\",\"dateModified\":\"2015-01-05T19:43:39+00:00\",\"description\":\"Vuosi vaihtui ja kuten 20 kertaa aiemmin, nytkin koitti aika valon juhlan, Lux Helsingin. Alun perin juhla kulki nimell\u00e4 Valon Voimat, ...\",\"breadcrumb\":{\"@id\":\"https:\/\/www.remonen.fi\/WP\/blogi\/lahden-valoa-pain\/#breadcrumb\"},\"inLanguage\":\"fi\",\"potentialAction\":[{\"@type\":\"ReadAction\",\"target\":[\"https:\/\/www.remonen.fi\/WP\/blogi\/lahden-valoa-pain\/\"]}]},{\"@type\":\"ImageObject\",\"inLanguage\":\"fi\",\"@id\":\"https:\/\/www.remonen.fi\/WP\/blogi\/lahden-valoa-pain\/#primaryimage\",\"url\":\"https:\/\/www.remonen.fi\/WP\/wp-content\/uploads\/2015\/01\/luxhelsinki_15-8.jpg\",\"contentUrl\":\"https:\/\/www.remonen.fi\/WP\/wp-content\/uploads\/2015\/01\/luxhelsinki_15-8.jpg\",\"width\":800,\"height\":453},{\"@type\":\"BreadcrumbList\",\"@id\":\"https:\/\/www.remonen.fi\/WP\/blogi\/lahden-valoa-pain\/#breadcrumb\",\"itemListElement\":[{\"@type\":\"ListItem\",\"position\":1,\"name\":\"Etusivu\",\"item\":\"https:\/\/www.remonen.fi\/WP\/\"},{\"@type\":\"ListItem\",\"position\":2,\"name\":\"L\u00e4hden valoa p\u00e4in\"}]},{\"@type\":\"WebSite\",\"@id\":\"https:\/\/www.remonen.fi\/WP\/#website\",\"url\":\"https:\/\/www.remonen.fi\/WP\/\",\"name\":\"remonen.fi\",\"description\":\"Valokuvia ja tarinaa laidasta laitaan\",\"publisher\":{\"@id\":\"https:\/\/www.remonen.fi\/WP\/#\/schema\/person\/1803c23d1d4f6722054eb2ac7f7a97cd\"},\"potentialAction\":[{\"@type\":\"SearchAction\",\"target\":{\"@type\":\"EntryPoint\",\"urlTemplate\":\"https:\/\/www.remonen.fi\/WP\/?s={search_term_string}\"},\"query-input\":{\"@type\":\"PropertyValueSpecification\",\"valueRequired\":true,\"valueName\":\"search_term_string\"}}],\"inLanguage\":\"fi\"},{\"@type\":[\"Person\",\"Organization\"],\"@id\":\"https:\/\/www.remonen.fi\/WP\/#\/schema\/person\/1803c23d1d4f6722054eb2ac7f7a97cd\",\"name\":\"Matti Remonen\",\"logo\":{\"@id\":\"https:\/\/www.remonen.fi\/WP\/#\/schema\/person\/image\/\"},\"url\":\"https:\/\/www.remonen.fi\/WP\/blogi\/author\/mre\/\"}]}<\/script>\n<!-- \/ Yoast SEO plugin. -->","yoast_head_json":{"title":"L\u00e4hden valoa p\u00e4in - gREat MOments NEver forgotteN","description":"Vuosi vaihtui ja kuten 20 kertaa aiemmin, nytkin koitti aika valon juhlan, Lux Helsingin. Alun perin juhla kulki nimell\u00e4 Valon Voimat, ...","robots":{"index":"index","follow":"follow","max-snippet":"max-snippet:-1","max-image-preview":"max-image-preview:large","max-video-preview":"max-video-preview:-1"},"canonical":"https:\/\/www.remonen.fi\/WP\/blogi\/lahden-valoa-pain\/","og_locale":"fi_FI","og_type":"article","og_title":"L\u00e4hden valoa p\u00e4in - gREat MOments NEver forgotteN","og_description":"Vuosi vaihtui ja kuten 20 kertaa aiemmin, nytkin koitti aika valon juhlan, Lux Helsingin. Alun perin juhla kulki nimell\u00e4 Valon Voimat, ...","og_url":"https:\/\/www.remonen.fi\/WP\/blogi\/lahden-valoa-pain\/","og_site_name":"remonen.fi","article_published_time":"2015-01-05T19:39:19+00:00","article_modified_time":"2015-01-05T19:43:39+00:00","og_image":[{"width":800,"height":453,"url":"https:\/\/www.remonen.fi\/WP\/wp-content\/uploads\/2015\/01\/luxhelsinki_15-8.jpg","type":"image\/jpeg"}],"author":"Matti Remonen","twitter_misc":{"Kirjoittanut":"Matti Remonen","Arvioitu lukuaika":"2 minuuttia"},"schema":{"@context":"https:\/\/schema.org","@graph":[{"@type":"Article","@id":"https:\/\/www.remonen.fi\/WP\/blogi\/lahden-valoa-pain\/#article","isPartOf":{"@id":"https:\/\/www.remonen.fi\/WP\/blogi\/lahden-valoa-pain\/"},"author":{"name":"Matti Remonen","@id":"https:\/\/www.remonen.fi\/WP\/#\/schema\/person\/1803c23d1d4f6722054eb2ac7f7a97cd"},"headline":"L\u00e4hden valoa p\u00e4in","datePublished":"2015-01-05T19:39:19+00:00","dateModified":"2015-01-05T19:43:39+00:00","mainEntityOfPage":{"@id":"https:\/\/www.remonen.fi\/WP\/blogi\/lahden-valoa-pain\/"},"wordCount":480,"commentCount":0,"publisher":{"@id":"https:\/\/www.remonen.fi\/WP\/#\/schema\/person\/1803c23d1d4f6722054eb2ac7f7a97cd"},"image":{"@id":"https:\/\/www.remonen.fi\/WP\/blogi\/lahden-valoa-pain\/#primaryimage"},"thumbnailUrl":"https:\/\/www.remonen.fi\/WP\/wp-content\/uploads\/2015\/01\/luxhelsinki_15-8.jpg","keywords":["LUX Helsinki"],"articleSection":["Blog"],"inLanguage":"fi","potentialAction":[{"@type":"CommentAction","name":"Comment","target":["https:\/\/www.remonen.fi\/WP\/blogi\/lahden-valoa-pain\/#respond"]}]},{"@type":"WebPage","@id":"https:\/\/www.remonen.fi\/WP\/blogi\/lahden-valoa-pain\/","url":"https:\/\/www.remonen.fi\/WP\/blogi\/lahden-valoa-pain\/","name":"L\u00e4hden valoa p\u00e4in - gREat MOments NEver forgotteN","isPartOf":{"@id":"https:\/\/www.remonen.fi\/WP\/#website"},"primaryImageOfPage":{"@id":"https:\/\/www.remonen.fi\/WP\/blogi\/lahden-valoa-pain\/#primaryimage"},"image":{"@id":"https:\/\/www.remonen.fi\/WP\/blogi\/lahden-valoa-pain\/#primaryimage"},"thumbnailUrl":"https:\/\/www.remonen.fi\/WP\/wp-content\/uploads\/2015\/01\/luxhelsinki_15-8.jpg","datePublished":"2015-01-05T19:39:19+00:00","dateModified":"2015-01-05T19:43:39+00:00","description":"Vuosi vaihtui ja kuten 20 kertaa aiemmin, nytkin koitti aika valon juhlan, Lux Helsingin. Alun perin juhla kulki nimell\u00e4 Valon Voimat, ...","breadcrumb":{"@id":"https:\/\/www.remonen.fi\/WP\/blogi\/lahden-valoa-pain\/#breadcrumb"},"inLanguage":"fi","potentialAction":[{"@type":"ReadAction","target":["https:\/\/www.remonen.fi\/WP\/blogi\/lahden-valoa-pain\/"]}]},{"@type":"ImageObject","inLanguage":"fi","@id":"https:\/\/www.remonen.fi\/WP\/blogi\/lahden-valoa-pain\/#primaryimage","url":"https:\/\/www.remonen.fi\/WP\/wp-content\/uploads\/2015\/01\/luxhelsinki_15-8.jpg","contentUrl":"https:\/\/www.remonen.fi\/WP\/wp-content\/uploads\/2015\/01\/luxhelsinki_15-8.jpg","width":800,"height":453},{"@type":"BreadcrumbList","@id":"https:\/\/www.remonen.fi\/WP\/blogi\/lahden-valoa-pain\/#breadcrumb","itemListElement":[{"@type":"ListItem","position":1,"name":"Etusivu","item":"https:\/\/www.remonen.fi\/WP\/"},{"@type":"ListItem","position":2,"name":"L\u00e4hden valoa p\u00e4in"}]},{"@type":"WebSite","@id":"https:\/\/www.remonen.fi\/WP\/#website","url":"https:\/\/www.remonen.fi\/WP\/","name":"remonen.fi","description":"Valokuvia ja tarinaa laidasta laitaan","publisher":{"@id":"https:\/\/www.remonen.fi\/WP\/#\/schema\/person\/1803c23d1d4f6722054eb2ac7f7a97cd"},"potentialAction":[{"@type":"SearchAction","target":{"@type":"EntryPoint","urlTemplate":"https:\/\/www.remonen.fi\/WP\/?s={search_term_string}"},"query-input":{"@type":"PropertyValueSpecification","valueRequired":true,"valueName":"search_term_string"}}],"inLanguage":"fi"},{"@type":["Person","Organization"],"@id":"https:\/\/www.remonen.fi\/WP\/#\/schema\/person\/1803c23d1d4f6722054eb2ac7f7a97cd","name":"Matti Remonen","logo":{"@id":"https:\/\/www.remonen.fi\/WP\/#\/schema\/person\/image\/"},"url":"https:\/\/www.remonen.fi\/WP\/blogi\/author\/mre\/"}]}},"_links":{"self":[{"href":"https:\/\/www.remonen.fi\/WP\/wp-json\/wp\/v2\/posts\/5271"}],"collection":[{"href":"https:\/\/www.remonen.fi\/WP\/wp-json\/wp\/v2\/posts"}],"about":[{"href":"https:\/\/www.remonen.fi\/WP\/wp-json\/wp\/v2\/types\/post"}],"author":[{"embeddable":true,"href":"https:\/\/www.remonen.fi\/WP\/wp-json\/wp\/v2\/users\/2"}],"replies":[{"embeddable":true,"href":"https:\/\/www.remonen.fi\/WP\/wp-json\/wp\/v2\/comments?post=5271"}],"version-history":[{"count":0,"href":"https:\/\/www.remonen.fi\/WP\/wp-json\/wp\/v2\/posts\/5271\/revisions"}],"wp:featuredmedia":[{"embeddable":true,"href":"https:\/\/www.remonen.fi\/WP\/wp-json\/wp\/v2\/media\/5276"}],"wp:attachment":[{"href":"https:\/\/www.remonen.fi\/WP\/wp-json\/wp\/v2\/media?parent=5271"}],"wp:term":[{"taxonomy":"category","embeddable":true,"href":"https:\/\/www.remonen.fi\/WP\/wp-json\/wp\/v2\/categories?post=5271"},{"taxonomy":"post_tag","embeddable":true,"href":"https:\/\/www.remonen.fi\/WP\/wp-json\/wp\/v2\/tags?post=5271"}],"curies":[{"name":"wp","href":"https:\/\/api.w.org\/{rel}","templated":true}]}}