{"id":5369,"date":"2015-03-22T16:54:54","date_gmt":"2015-03-22T14:54:54","guid":{"rendered":"http:\/\/www.remonen.fi\/?p=5369"},"modified":"2015-03-25T19:50:24","modified_gmt":"2015-03-25T17:50:24","slug":"turkkia-ristiin-rastiin-osa-1","status":"publish","type":"post","link":"https:\/\/www.remonen.fi\/WP\/blogi\/turkkia-ristiin-rastiin-osa-1\/","title":{"rendered":"Turkkia ristiin rastiin, osa 1"},"content":{"rendered":"<p><a href=\"http:\/\/www.remonen.fi\/WP\/wp-content\/uploads\/2015\/03\/Turkki_kiertomatka_osa1-9.jpg\"><img loading=\"lazy\" decoding=\"async\" class=\"aligncenter wp-image-5374\" title=\"Aperture: &#402;\/5.6 | Camera: ILCE-6000 | Taken: 13 maaliskuun, 2015 | Copyright: (c) Matti Remonen | Exposure bias: +7\/10EV | Flash fired: no | Focal length: 24mm | ISO: 100 | Shutter speed: 1\/1600s | \" src=\"http:\/\/www.remonen.fi\/WP\/wp-content\/uploads\/2015\/03\/Turkki_kiertomatka_osa1-9.jpg\" alt=\"\" width=\"680\" height=\"453\" srcset=\"https:\/\/www.remonen.fi\/WP\/wp-content\/uploads\/2015\/03\/Turkki_kiertomatka_osa1-9.jpg 800w, https:\/\/www.remonen.fi\/WP\/wp-content\/uploads\/2015\/03\/Turkki_kiertomatka_osa1-9-300x200.jpg 300w\" sizes=\"(max-width: 680px) 100vw, 680px\" \/><\/a><\/p>\n<p>Tuossa joskus syksyll\u00e4 jonkun lehden mukana pamahti \u201dtarjous\u201d halvasta Turkin kiertomatkasta. \u201dHalpa ei voi olla kuin hyv\u00e4\u00e4\u201d totesin vaimolle ja tilasin matkan kahdelle (nuoriso oli jo aiemmin ilmoittanut, ettei seuramme en\u00e4\u00e4 hiihtoloman aikaan kelpaa). Aikanaan sitten matkalle l\u00e4ht\u00f6 koitti ja meit\u00e4 kokoontuikin Helsingin Internationaalille lentokent\u00e4lle sekalainen joukko seurakuntaa. Pitk\u00e4n ja mukavan turistilennon j\u00e4lkeen sitten saavuimme Antalayaan pirtein\u00e4 kello 2:30 aamuy\u00f6st\u00e4 ja jo tunnin ajomatkan j\u00e4lkeen olimme hotellilla, jossa p\u00e4\u00e4simme nauttimaan kahden ja puolen tunnin y\u00f6unesta, koska her\u00e4tys oli vasta aamu kuudelta.<\/p>\n<h3>\u00a0P\u00e4iv\u00e4 1<\/h3>\n<p><a href=\"http:\/\/www.remonen.fi\/WP\/wp-content\/uploads\/2015\/03\/Turkki_kiertomatka_osa1-3.jpg\"><img loading=\"lazy\" decoding=\"async\" class=\"aligncenter wp-image-5382 size-full\" title=\"Aperture: &#402;\/5 | Camera: ILCE-6000 | Taken: 13 maaliskuun, 2015 | Copyright: (c) Matti Remonen | Exposure bias: +7\/10EV | Flash fired: no | Focal length: 24mm | ISO: 100 | Shutter speed: 1\/320s | \" src=\"http:\/\/www.remonen.fi\/WP\/wp-content\/uploads\/2015\/03\/Turkki_kiertomatka_osa1-3.jpg\" alt=\"\" width=\"533\" height=\"800\" srcset=\"https:\/\/www.remonen.fi\/WP\/wp-content\/uploads\/2015\/03\/Turkki_kiertomatka_osa1-3.jpg 533w, https:\/\/www.remonen.fi\/WP\/wp-content\/uploads\/2015\/03\/Turkki_kiertomatka_osa1-3-200x300.jpg 200w, https:\/\/www.remonen.fi\/WP\/wp-content\/uploads\/2015\/03\/Turkki_kiertomatka_osa1-3-300x450.jpg 300w\" sizes=\"(max-width: 533px) 100vw, 533px\" \/><\/a><\/p>\n<p><a href=\"http:\/\/www.remonen.fi\/WP\/wp-content\/uploads\/2015\/03\/Turkki_kiertomatka_osa1-4.jpg\"><img loading=\"lazy\" decoding=\"async\" class=\"aligncenter wp-image-5381 size-full\" title=\"Aperture: &#402;\/5 | Camera: ILCE-6000 | Taken: 13 maaliskuun, 2015 | Copyright: (c) Matti Remonen | Exposure bias: +7\/10EV | Flash fired: no | Focal length: 24mm | ISO: 100 | Shutter speed: 1\/800s | \" src=\"http:\/\/www.remonen.fi\/WP\/wp-content\/uploads\/2015\/03\/Turkki_kiertomatka_osa1-4.jpg\" alt=\"\" width=\"533\" height=\"800\" srcset=\"https:\/\/www.remonen.fi\/WP\/wp-content\/uploads\/2015\/03\/Turkki_kiertomatka_osa1-4.jpg 533w, https:\/\/www.remonen.fi\/WP\/wp-content\/uploads\/2015\/03\/Turkki_kiertomatka_osa1-4-200x300.jpg 200w, https:\/\/www.remonen.fi\/WP\/wp-content\/uploads\/2015\/03\/Turkki_kiertomatka_osa1-4-300x450.jpg 300w\" sizes=\"(max-width: 533px) 100vw, 533px\" \/><\/a><\/p>\n<p>Matka oli siis kiertomatka, teemana melko l\u00f6yh\u00e4sti &#8221;Aleksanteri Suuren jalanj\u00e4ljill\u00e4&#8221;. Samalla toki tulisi my\u00f6s n\u00e4hty\u00e4 Turkkia hieman enemm\u00e4n, kuin pelk\u00e4st\u00e4\u00e4n rantabaarissa istuen. Ensimm\u00e4isen\u00e4 varsinaisena matkap\u00e4iv\u00e4n\u00e4 bussin keula suunnattiin Antalayasta kohti Demre\u00e4, antiikin <a title=\"Myra\" href=\"http:\/\/en.wikipedia.org\/wiki\/Myra\" target=\"_blank\">Myraa <\/a>(jos nyt joku tuolla detaljilla jotain tekee), jossa tutustuimme <a title=\"St Nicholas Church, Demre\" href=\"http:\/\/en.wikipedia.org\/wiki\/St._Nicholas_Church,_Demre\" target=\"_blank\">Pyh\u00e4n Nikolauksen hautakirkkoon<\/a>. Jos joku ihmettelee, ett\u00e4 kuka t\u00e4m\u00e4 Pyh\u00e4 Nikolaus oli, niin ehk\u00e4 h\u00e4nen englanninkielinen nimens\u00e4 &#8221;Santa Claus&#8221; selvent\u00e4\u00e4 asiaa.<\/p>\n<p>Kirkko on ajan saatossa tuhoutunut aika lailla kokonaan, siit\u00e4 ovat pit\u00e4neet huolen alueella edes takaisin menneet valloittajat ja maanj\u00e4ristykset. Kirkkoa on yritetty entis\u00f6id\u00e4 ja on se enemm\u00e4n tai v\u00e4hemm\u00e4n s\u00e4\u00e4lt\u00e4 suojassa nyky\u00e4\u00e4n, mutta vanhoista ajoista ei oikein saa aistittua mit\u00e4\u00e4n. Luulisi Joulupukin pit\u00e4v\u00e4n parempaa huolta vanhasta k\u00e4mp\u00e4st\u00e4\u00e4n&#8230;<\/p>\n<p><a href=\"http:\/\/www.remonen.fi\/WP\/wp-content\/uploads\/2015\/03\/Turkki_kiertomatka_osa1-5.jpg\"><img loading=\"lazy\" decoding=\"async\" class=\"aligncenter wp-image-5379 size-full\" title=\"Aperture: &#402;\/5 | Camera: ILCE-6000 | Taken: 13 maaliskuun, 2015 | Copyright: (c) Matti Remonen | Exposure bias: +7\/10EV | Flash fired: no | Focal length: 24mm | ISO: 1600 | Shutter speed: 1\/60s | \" src=\"http:\/\/www.remonen.fi\/WP\/wp-content\/uploads\/2015\/03\/Turkki_kiertomatka_osa1-5.jpg\" alt=\"\" width=\"533\" height=\"800\" srcset=\"https:\/\/www.remonen.fi\/WP\/wp-content\/uploads\/2015\/03\/Turkki_kiertomatka_osa1-5.jpg 533w, https:\/\/www.remonen.fi\/WP\/wp-content\/uploads\/2015\/03\/Turkki_kiertomatka_osa1-5-200x300.jpg 200w, https:\/\/www.remonen.fi\/WP\/wp-content\/uploads\/2015\/03\/Turkki_kiertomatka_osa1-5-300x450.jpg 300w\" sizes=\"(max-width: 533px) 100vw, 533px\" \/><\/a><\/p>\n<p>Se ei kyll\u00e4 oikein aukene minulle, ett\u00e4 miten Joulupukki voi olla haudattuna johonkin Kreikan raunioituneeseen kirkkoon, kun h\u00e4n asuu ja voi hyvin Napapiirill\u00e4&#8230; Kirkon yhteydess\u00e4 oli tietysti matkamuistomyym\u00e4l\u00e4 tai jopa pari, joista olisi voinut ostaa vaikka mit\u00e4 aiheeseen liittyv\u00e4\u00e4 taikakalua. Kuten pieni\u00e4 joulupukkipatsaita.<\/p>\n<p><div id=\"attachment_5380\" style=\"width: 660px\" class=\"wp-caption aligncenter\"><a href=\"http:\/\/www.remonen.fi\/WP\/wp-content\/uploads\/2015\/03\/Turkki_kiertomatka_osa1-1-3.jpg\"><img loading=\"lazy\" decoding=\"async\" aria-describedby=\"caption-attachment-5380\" class=\"wp-image-5380\" title=\"Aperture: &#402;\/5 | Camera: ILCE-6000 | Taken: 13 maaliskuun, 2015 | Copyright: (c) Matti Remonen | Exposure bias: +7\/10EV | Flash fired: no | Focal length: 24mm | ISO: 3200 | Shutter speed: 1\/30s | \" src=\"http:\/\/www.remonen.fi\/WP\/wp-content\/uploads\/2015\/03\/Turkki_kiertomatka_osa1-1-3.jpg\" alt=\"\" width=\"650\" height=\"433\" srcset=\"https:\/\/www.remonen.fi\/WP\/wp-content\/uploads\/2015\/03\/Turkki_kiertomatka_osa1-1-3.jpg 800w, https:\/\/www.remonen.fi\/WP\/wp-content\/uploads\/2015\/03\/Turkki_kiertomatka_osa1-1-3-300x200.jpg 300w\" sizes=\"(max-width: 650px) 100vw, 650px\" \/><\/a><p id=\"caption-attachment-5380\" class=\"wp-caption-text\">Pyh\u00e4n Nikolauksen kirkon kattoreliefi<\/p><\/div><br \/>\n<a href=\"http:\/\/www.remonen.fi\/WP\/wp-content\/uploads\/2015\/03\/Turkki_kiertomatka_osa1-1-2.jpg\"><img loading=\"lazy\" decoding=\"async\" class=\"aligncenter wp-image-5378 size-full\" title=\"Aperture: &#402;\/5 | Camera: ILCE-6000 | Taken: 13 maaliskuun, 2015 | Copyright: (c) Matti Remonen | Exposure bias: +7\/10EV | Flash fired: no | Focal length: 24mm | ISO: 1000 | Shutter speed: 1\/60s | \" src=\"http:\/\/www.remonen.fi\/WP\/wp-content\/uploads\/2015\/03\/Turkki_kiertomatka_osa1-1-2.jpg\" alt=\"\" width=\"550\" height=\"800\" srcset=\"https:\/\/www.remonen.fi\/WP\/wp-content\/uploads\/2015\/03\/Turkki_kiertomatka_osa1-1-2.jpg 550w, https:\/\/www.remonen.fi\/WP\/wp-content\/uploads\/2015\/03\/Turkki_kiertomatka_osa1-1-2-206x300.jpg 206w, https:\/\/www.remonen.fi\/WP\/wp-content\/uploads\/2015\/03\/Turkki_kiertomatka_osa1-1-2-300x436.jpg 300w\" sizes=\"(max-width: 550px) 100vw, 550px\" \/><\/a><\/p>\n<p style=\"text-align: left;\">Joulupukin kirkon n\u00e4hty\u00e4mme lastauduimme takaisin bussiin ja siirryimme l\u00e4heisille antiikin aikaisen Myran kaupungin raunioille. Kaupunki on tunnettu eritoten kallioon hakatuista haudoista, joihin paikalliset suuruudet aikanaan sijoitettiin kuolemansa j\u00e4lkeen. Hautoihin ei valitettavasti p\u00e4\u00e4ssyt tutustumaan. Sen sijaan vieress\u00e4 oleva amfiteatteri oli vapaasti tutustuttavissa. Tosin sit\u00e4kin on aika, valloittajat ja maanj\u00e4ristykset raiskanneet, mutta kyll\u00e4 siit\u00e4 hyv\u00e4n kuvan ja k\u00e4sityksen saa millainen se on joskus ollut.<\/p>\n<p><a href=\"http:\/\/www.remonen.fi\/WP\/wp-content\/uploads\/2015\/03\/Turkki_kiertomatka_osa1-6.jpg\"><img loading=\"lazy\" decoding=\"async\" class=\"aligncenter wp-image-5377\" title=\"Aperture: &#402;\/5 | Camera: ILCE-6000 | Taken: 13 maaliskuun, 2015 | Copyright: (c) Matti Remonen | Exposure bias: +7\/10EV | Flash fired: no | Focal length: 11mm | ISO: 100 | Shutter speed: 1\/1000s | \" src=\"http:\/\/www.remonen.fi\/WP\/wp-content\/uploads\/2015\/03\/Turkki_kiertomatka_osa1-6.jpg\" alt=\"\" width=\"680\" height=\"453\" srcset=\"https:\/\/www.remonen.fi\/WP\/wp-content\/uploads\/2015\/03\/Turkki_kiertomatka_osa1-6.jpg 800w, https:\/\/www.remonen.fi\/WP\/wp-content\/uploads\/2015\/03\/Turkki_kiertomatka_osa1-6-300x200.jpg 300w\" sizes=\"(max-width: 680px) 100vw, 680px\" \/><\/a><\/p>\n<p><a href=\"http:\/\/www.remonen.fi\/WP\/wp-content\/uploads\/2015\/03\/Turkki_kiertomatka_osa1-7.jpg\"><img loading=\"lazy\" decoding=\"async\" class=\"aligncenter wp-image-5376 size-full\" title=\"Aperture: &#402;\/5 | Camera: ILCE-6000 | Taken: 13 maaliskuun, 2015 | Copyright: (c) Matti Remonen | Exposure bias: +7\/10EV | Flash fired: no | Focal length: 18mm | ISO: 100 | Shutter speed: 1\/500s | \" src=\"http:\/\/www.remonen.fi\/WP\/wp-content\/uploads\/2015\/03\/Turkki_kiertomatka_osa1-7.jpg\" alt=\"\" width=\"533\" height=\"800\" srcset=\"https:\/\/www.remonen.fi\/WP\/wp-content\/uploads\/2015\/03\/Turkki_kiertomatka_osa1-7.jpg 533w, https:\/\/www.remonen.fi\/WP\/wp-content\/uploads\/2015\/03\/Turkki_kiertomatka_osa1-7-200x300.jpg 200w, https:\/\/www.remonen.fi\/WP\/wp-content\/uploads\/2015\/03\/Turkki_kiertomatka_osa1-7-300x450.jpg 300w\" sizes=\"(max-width: 533px) 100vw, 533px\" \/><\/a><\/p>\n<p>Hilpe\u00e4n hautaretken j\u00e4lkeen suuntasimme nokkamme kera bussin parin tunnin ajomatkan p\u00e4\u00e4ss\u00e4 sijainneeseen pieneen Simenan kyl\u00e4\u00e4n, jonka edustalla sijaitsee <a title=\"Kekova\" href=\"http:\/\/en.wikipedia.org\/wiki\/Kekova\" target=\"_blank\">Kekovan<\/a> saari. Saaressa on ollut aikoinaan kaupunki, joka on maanj\u00e4ristyksen seurauksena jo ammoin romahtanut osittain veteen. Saaren rinteill\u00e4 n\u00e4kyy viel\u00e4 j\u00e4\u00e4nteit\u00e4 vanhoista rakennuksista, mutta saari on t\u00e4ll\u00e4 hetkell\u00e4 asumaton ja sinne rantautuminen on ankarasti kielletty. No, sen j\u00e4lkeen kun katsoin Keskiy\u00f6n Pikajunan joskus -70 -luvulla, minulla ei ole suuremmin ollut kiinnostusta tutustua turkkilaisiin vankiloihin etenk\u00e4\u00e4n sis\u00e4lt\u00e4 p\u00e4in&#8230;<\/p>\n<p><a href=\"http:\/\/www.remonen.fi\/WP\/wp-content\/uploads\/2015\/03\/Turkki_kiertomatka_osa1-8.jpg\"><img loading=\"lazy\" decoding=\"async\" class=\"aligncenter wp-image-5375\" title=\"Aperture: &#402;\/5.6 | Camera: ILCE-6000 | Taken: 13 maaliskuun, 2015 | Copyright: (c) Matti Remonen | Exposure bias: +7\/10EV | Flash fired: no | Focal length: 24mm | ISO: 100 | Shutter speed: 1\/250s | \" src=\"http:\/\/www.remonen.fi\/WP\/wp-content\/uploads\/2015\/03\/Turkki_kiertomatka_osa1-8.jpg\" alt=\"\" width=\"680\" height=\"453\" srcset=\"https:\/\/www.remonen.fi\/WP\/wp-content\/uploads\/2015\/03\/Turkki_kiertomatka_osa1-8.jpg 800w, https:\/\/www.remonen.fi\/WP\/wp-content\/uploads\/2015\/03\/Turkki_kiertomatka_osa1-8-300x200.jpg 300w\" sizes=\"(max-width: 680px) 100vw, 680px\" \/><\/a><\/p>\n<p><a href=\"http:\/\/www.remonen.fi\/WP\/wp-content\/uploads\/2015\/03\/Turkki_kiertomatka_osa1-1-4.jpg\"><img loading=\"lazy\" decoding=\"async\" class=\"aligncenter wp-image-5397\" title=\"Aperture: &#402;\/5.6 | Camera: ILCE-6000 | Taken: 13 maaliskuun, 2015 | Copyright: (c) Matti Remonen | Exposure bias: +7\/10EV | Flash fired: no | Focal length: 24mm | ISO: 100 | Shutter speed: 1\/125s | \" src=\"http:\/\/www.remonen.fi\/WP\/wp-content\/uploads\/2015\/03\/Turkki_kiertomatka_osa1-1-4.jpg\" alt=\"\" width=\"680\" height=\"453\" srcset=\"https:\/\/www.remonen.fi\/WP\/wp-content\/uploads\/2015\/03\/Turkki_kiertomatka_osa1-1-4.jpg 800w, https:\/\/www.remonen.fi\/WP\/wp-content\/uploads\/2015\/03\/Turkki_kiertomatka_osa1-1-4-300x200.jpg 300w\" sizes=\"(max-width: 680px) 100vw, 680px\" \/><\/a><\/p>\n<p>Uponneen kaupungin katsomisen j\u00e4lkeen ensimm\u00e4inen p\u00e4iv\u00e4 olikin ns. paketissa ja suuntasimme kulkumme y\u00f6pymispaikkaamme, joka sijaitsi jossain hiiden kuusessa. Hotellille saavuimme pilkkopime\u00e4ss\u00e4, joten ymp\u00e4r\u00f6iv\u00e4st\u00e4 maisemasta ei saanut mit\u00e4\u00e4n kuvaa. Hotelli oli jo parhaat p\u00e4iv\u00e4ns\u00e4 n\u00e4hnyt, mutta p\u00e4\u00e4asia oli, ett\u00e4 siell\u00e4 oli s\u00e4nky ja katto p\u00e4\u00e4n p\u00e4\u00e4ll\u00e4. Tosin kaikkia se ei auttanut, kun y\u00f6ll\u00e4 tuli ukkonen ja joillekin vesi satoi sis\u00e4\u00e4n&#8230; Ukkonen oli kyll\u00e4 paras mit\u00e4 olen kuunaan kokenut: Suomessa yleens\u00e4 ukkonen tulee ja menee. T\u00e4\u00e4ll\u00e4 se tuli ja tuli ja tuli&#8230; ja tuli. Ja aina suoraan p\u00e4\u00e4lle. Oli tosi juhlava kokemus. Tosin olin sen verran v\u00e4synyt, ettei se minua juuri haitannut.<\/p>\n<p><a href=\"http:\/\/www.remonen.fi\/WP\/wp-content\/uploads\/2015\/03\/Turkki_kiertomatka_osa1-11.jpg\"><img loading=\"lazy\" decoding=\"async\" class=\"aligncenter wp-image-5372 size-full\" title=\"Aperture: &#402;\/5.6 | Camera: ILCE-6000 | Taken: 14 maaliskuun, 2015 | Copyright: (c) Matti Remonen | Exposure bias: +7\/10EV | Flash fired: no | Focal length: 24mm | ISO: 800 | Shutter speed: 1\/60s | \" src=\"http:\/\/www.remonen.fi\/WP\/wp-content\/uploads\/2015\/03\/Turkki_kiertomatka_osa1-11.jpg\" alt=\"\" width=\"533\" height=\"800\" srcset=\"https:\/\/www.remonen.fi\/WP\/wp-content\/uploads\/2015\/03\/Turkki_kiertomatka_osa1-11.jpg 533w, https:\/\/www.remonen.fi\/WP\/wp-content\/uploads\/2015\/03\/Turkki_kiertomatka_osa1-11-200x300.jpg 200w, https:\/\/www.remonen.fi\/WP\/wp-content\/uploads\/2015\/03\/Turkki_kiertomatka_osa1-11-300x450.jpg 300w\" sizes=\"(max-width: 533px) 100vw, 533px\" \/><\/a><\/p>\n<p><a href=\"http:\/\/www.remonen.fi\/WP\/wp-content\/uploads\/2015\/03\/Turkki_kiertomatka_osa1-12.jpg\"><img loading=\"lazy\" decoding=\"async\" class=\"aligncenter wp-image-5390\" title=\"Aperture: &#402;\/5.6 | Camera: ILCE-6000 | Taken: 14 maaliskuun, 2015 | Copyright: (c) Matti Remonen | Exposure bias: +7\/10EV | Flash fired: no | Focal length: 24mm | ISO: 250 | Shutter speed: 1\/60s | \" src=\"http:\/\/www.remonen.fi\/WP\/wp-content\/uploads\/2015\/03\/Turkki_kiertomatka_osa1-12.jpg\" alt=\"\" width=\"680\" height=\"453\" srcset=\"https:\/\/www.remonen.fi\/WP\/wp-content\/uploads\/2015\/03\/Turkki_kiertomatka_osa1-12.jpg 800w, https:\/\/www.remonen.fi\/WP\/wp-content\/uploads\/2015\/03\/Turkki_kiertomatka_osa1-12-300x200.jpg 300w\" sizes=\"(max-width: 680px) 100vw, 680px\" \/><\/a><\/p>\n<h3>P\u00e4iv\u00e4 2<\/h3>\n<p>Seuraavana p\u00e4iv\u00e4n\u00e4 Ysuf (meid\u00e4n oppaamme) kokosi meid\u00e4t taas kasaan ja lastautti bussiin. Olisiko kello ollut jotain siin\u00e4 seiskan pintaan. Turkissa turistin kohtalo on kovempi kuin alokkaalla Suomen Raskaassa&#8230; Suuntana t\u00e4ll\u00e4 kertaa oli <a title=\"Kaunos\" href=\"http:\/\/en.wikipedia.org\/wiki\/Kaunos\" target=\"_blank\">Kaunoksen<\/a> kaupunki ja nimenomaan Dalyan-joki, josta l\u00f6yt\u00e4isimme &#8211; yll\u00e4tys, yll\u00e4tys &#8211; kalliohautoja. Tarinan mukaan my\u00f6s Aleksanteri Suuri vaikutti aikanaan n\u00e4ill\u00e4 seuduin ja kesken j\u00e4\u00e4nyt suuri hautakammio olisi h\u00e4nen. No, tied\u00e4 h\u00e4nt\u00e4, mutta ovathan nuo kovin vaikuttavan n\u00e4k\u00f6isi\u00e4.<\/p>\n<p><a href=\"http:\/\/www.remonen.fi\/WP\/wp-content\/uploads\/2015\/03\/Turkki_kiertomatka_osa1-14.jpg\"><img loading=\"lazy\" decoding=\"async\" class=\"aligncenter wp-image-5388\" title=\"Aperture: &#402;\/1.8 | Camera: ILCE-6000 | Taken: 14 maaliskuun, 2015 | Copyright: (c) Matti Remonen | Exposure bias: +7\/10EV | Flash fired: no | Focal length: 50mm | ISO: 100 | Shutter speed: 1\/500s | \" src=\"http:\/\/www.remonen.fi\/WP\/wp-content\/uploads\/2015\/03\/Turkki_kiertomatka_osa1-14.jpg\" alt=\"\" width=\"680\" height=\"453\" srcset=\"https:\/\/www.remonen.fi\/WP\/wp-content\/uploads\/2015\/03\/Turkki_kiertomatka_osa1-14.jpg 800w, https:\/\/www.remonen.fi\/WP\/wp-content\/uploads\/2015\/03\/Turkki_kiertomatka_osa1-14-300x200.jpg 300w\" sizes=\"(max-width: 680px) 100vw, 680px\" \/><\/a><\/p>\n<p><a href=\"http:\/\/www.remonen.fi\/WP\/wp-content\/uploads\/2015\/03\/Turkki_kiertomatka_osa1-15.jpg\"><img loading=\"lazy\" decoding=\"async\" class=\"aligncenter wp-image-5387 size-full\" title=\"Aperture: &#402;\/1.8 | Camera: ILCE-6000 | Taken: 14 maaliskuun, 2015 | Copyright: (c) Matti Remonen | Exposure bias: +7\/10EV | Flash fired: no | Focal length: 50mm | ISO: 100 | Shutter speed: 1\/500s | \" src=\"http:\/\/www.remonen.fi\/WP\/wp-content\/uploads\/2015\/03\/Turkki_kiertomatka_osa1-15.jpg\" alt=\"\" width=\"533\" height=\"800\" srcset=\"https:\/\/www.remonen.fi\/WP\/wp-content\/uploads\/2015\/03\/Turkki_kiertomatka_osa1-15.jpg 533w, https:\/\/www.remonen.fi\/WP\/wp-content\/uploads\/2015\/03\/Turkki_kiertomatka_osa1-15-200x300.jpg 200w, https:\/\/www.remonen.fi\/WP\/wp-content\/uploads\/2015\/03\/Turkki_kiertomatka_osa1-15-300x450.jpg 300w\" sizes=\"(max-width: 533px) 100vw, 533px\" \/><\/a>Jatkoimme samaa jokea pitkin kohden merta ja tavoitteena oli rantautua Iztuzun rannalle, joka on tunnettu merikilpikonnien lis\u00e4\u00e4ntymispaikka. Ilma oli tosin kylmempi kuin Helsingiss\u00e4 samaan aikaan ja satoi vett\u00e4, joten merikilpikonnillakin oli muut mieless\u00e4 kuin lis\u00e4\u00e4ntyminen. Veneretki oli kuitenkin ihan hauska, vaikkakin kylm\u00e4. J\u00e4lkimm\u00e4iseen auttoi s\u00e4\u00e4nn\u00f6llinen Rakin nauttiminen.<\/p>\n<p><a href=\"http:\/\/www.remonen.fi\/WP\/wp-content\/uploads\/2015\/03\/Turkki_kiertomatka_osa1-13.jpg\"><img loading=\"lazy\" decoding=\"async\" class=\"aligncenter wp-image-5389 size-full\" title=\"Aperture: &#402;\/1.8 | Camera: ILCE-6000 | Taken: 14 maaliskuun, 2015 | Copyright: (c) Matti Remonen | Exposure bias: +7\/10EV | Flash fired: no | Focal length: 50mm | ISO: 100 | Shutter speed: 1\/160s | \" src=\"http:\/\/www.remonen.fi\/WP\/wp-content\/uploads\/2015\/03\/Turkki_kiertomatka_osa1-13.jpg\" alt=\"\" width=\"533\" height=\"800\" srcset=\"https:\/\/www.remonen.fi\/WP\/wp-content\/uploads\/2015\/03\/Turkki_kiertomatka_osa1-13.jpg 533w, https:\/\/www.remonen.fi\/WP\/wp-content\/uploads\/2015\/03\/Turkki_kiertomatka_osa1-13-200x300.jpg 200w, https:\/\/www.remonen.fi\/WP\/wp-content\/uploads\/2015\/03\/Turkki_kiertomatka_osa1-13-300x450.jpg 300w\" sizes=\"(max-width: 533px) 100vw, 533px\" \/><\/a><\/p>\n<p><a href=\"http:\/\/www.remonen.fi\/WP\/wp-content\/uploads\/2015\/03\/Turkki_kiertomatka_osa1-16.jpg\"><img loading=\"lazy\" decoding=\"async\" class=\"aligncenter wp-image-5386 size-full\" title=\"Aperture: &#402;\/5.6 | Camera: ILCE-6000 | Taken: 14 maaliskuun, 2015 | Copyright: (c) Matti Remonen | Exposure bias: +7\/10EV | Flash fired: no | Focal length: 24mm | ISO: 100 | Shutter speed: 1\/200s | \" src=\"http:\/\/www.remonen.fi\/WP\/wp-content\/uploads\/2015\/03\/Turkki_kiertomatka_osa1-16.jpg\" alt=\"\" width=\"533\" height=\"800\" srcset=\"https:\/\/www.remonen.fi\/WP\/wp-content\/uploads\/2015\/03\/Turkki_kiertomatka_osa1-16.jpg 533w, https:\/\/www.remonen.fi\/WP\/wp-content\/uploads\/2015\/03\/Turkki_kiertomatka_osa1-16-200x300.jpg 200w, https:\/\/www.remonen.fi\/WP\/wp-content\/uploads\/2015\/03\/Turkki_kiertomatka_osa1-16-300x450.jpg 300w\" sizes=\"(max-width: 533px) 100vw, 533px\" \/><\/a><\/p>\n<p><div id=\"attachment_5385\" style=\"width: 660px\" class=\"wp-caption aligncenter\"><a href=\"http:\/\/www.remonen.fi\/WP\/wp-content\/uploads\/2015\/03\/Turkki_kiertomatka_osa1-17.jpg\"><img loading=\"lazy\" decoding=\"async\" aria-describedby=\"caption-attachment-5385\" class=\"wp-image-5385\" title=\"Aperture: &#402;\/5 | Camera: ILCE-6000 | Taken: 14 maaliskuun, 2015 | Copyright: (c) Matti Remonen | Exposure bias: +7\/10EV | Flash fired: no | Focal length: 24mm | ISO: 100 | Shutter speed: 1\/250s | \" src=\"http:\/\/www.remonen.fi\/WP\/wp-content\/uploads\/2015\/03\/Turkki_kiertomatka_osa1-17.jpg\" alt=\"\" width=\"650\" height=\"433\" srcset=\"https:\/\/www.remonen.fi\/WP\/wp-content\/uploads\/2015\/03\/Turkki_kiertomatka_osa1-17.jpg 800w, https:\/\/www.remonen.fi\/WP\/wp-content\/uploads\/2015\/03\/Turkki_kiertomatka_osa1-17-300x200.jpg 300w\" sizes=\"(max-width: 650px) 100vw, 650px\" \/><\/a><p id=\"caption-attachment-5385\" class=\"wp-caption-text\">Mekong-joella. Matkalla tapaamaan Eversti Kurtzia&#8230;<\/p><\/div>Kilpikonnarannalta jatkoimme kohden Kusadasin kaupunkia, jossa y\u00f6vyimme matkan ainoassa oikeassa 5-t\u00e4hden hotellissa (Turkin luokitus).<\/p>\n<p>Turkkia dokumentoi Sony ILCE-6000 + Sony Zeiss 24\/1.8 + SEL50f18 + SEL1018<\/p>\n","protected":false},"excerpt":{"rendered":"<p>Tuossa joskus syksyll\u00e4 jonkun lehden mukana pamahti \u201dtarjous\u201d halvasta Turkin kiertomatkasta. \u201dHalpa ei voi olla kuin hyv\u00e4\u00e4\u201d totesin vaimolle ja tilasin matkan kahdelle (nuoriso oli jo aiemmin ilmoittanut, ettei seuramme en\u00e4\u00e4 hiihtoloman aikaan kelpaa). Aikanaan sitten matkalle l\u00e4ht\u00f6 koitti ja meit\u00e4 kokoontuikin Helsingin Internationaalille lentokent\u00e4lle sekalainen joukko seurakuntaa. Pitk\u00e4n ja mukavan turistilennon j\u00e4lkeen sitten saavuimme [&hellip;]<\/p>\n","protected":false},"author":2,"featured_media":5384,"comment_status":"open","ping_status":"closed","sticky":false,"template":"","format":"standard","meta":{"footnotes":""},"categories":[16],"tags":[216,215,211],"yoast_head":"<!-- This site is optimized with the Yoast SEO plugin v24.5 - https:\/\/yoast.com\/wordpress\/plugins\/seo\/ -->\n<title>Turkkia ristiin rastiin, osa 1 - gREat MOments NEver forgotteN<\/title>\n<meta name=\"description\" content=\"Tuossa joskus syksyll\u00e4 jonkun lehden mukana pamahti \u201dtarjous\u201d halvasta Turkin kiertomatkasta. \u201dHalpa ei voi olla kuin hyv\u00e4\u00e4\u201d totesin vaimolle...\" \/>\n<meta name=\"robots\" content=\"index, follow, max-snippet:-1, max-image-preview:large, max-video-preview:-1\" \/>\n<link rel=\"canonical\" href=\"https:\/\/www.remonen.fi\/WP\/blogi\/turkkia-ristiin-rastiin-osa-1\/\" \/>\n<meta property=\"og:locale\" content=\"fi_FI\" \/>\n<meta property=\"og:type\" content=\"article\" \/>\n<meta property=\"og:title\" content=\"Turkkia ristiin rastiin, osa 1 - gREat MOments NEver forgotteN\" \/>\n<meta property=\"og:description\" content=\"Tuossa joskus syksyll\u00e4 jonkun lehden mukana pamahti \u201dtarjous\u201d halvasta Turkin kiertomatkasta. \u201dHalpa ei voi olla kuin hyv\u00e4\u00e4\u201d totesin vaimolle...\" \/>\n<meta property=\"og:url\" content=\"https:\/\/www.remonen.fi\/WP\/blogi\/turkkia-ristiin-rastiin-osa-1\/\" \/>\n<meta property=\"og:site_name\" content=\"remonen.fi\" \/>\n<meta property=\"article:published_time\" content=\"2015-03-22T14:54:54+00:00\" \/>\n<meta property=\"article:modified_time\" content=\"2015-03-25T17:50:24+00:00\" \/>\n<meta property=\"og:image\" content=\"https:\/\/www.remonen.fi\/WP\/wp-content\/uploads\/2015\/03\/Turkki_kiertomatka_osa1-1.jpg\" \/>\n\t<meta property=\"og:image:width\" content=\"800\" \/>\n\t<meta property=\"og:image:height\" content=\"377\" \/>\n\t<meta property=\"og:image:type\" content=\"image\/jpeg\" \/>\n<meta name=\"author\" content=\"Matti Remonen\" \/>\n<meta name=\"twitter:label1\" content=\"Kirjoittanut\" \/>\n\t<meta name=\"twitter:data1\" content=\"Matti Remonen\" \/>\n\t<meta name=\"twitter:label2\" content=\"Arvioitu lukuaika\" \/>\n\t<meta name=\"twitter:data2\" content=\"4 minuuttia\" \/>\n<script type=\"application\/ld+json\" class=\"yoast-schema-graph\">{\"@context\":\"https:\/\/schema.org\",\"@graph\":[{\"@type\":\"Article\",\"@id\":\"https:\/\/www.remonen.fi\/WP\/blogi\/turkkia-ristiin-rastiin-osa-1\/#article\",\"isPartOf\":{\"@id\":\"https:\/\/www.remonen.fi\/WP\/blogi\/turkkia-ristiin-rastiin-osa-1\/\"},\"author\":{\"name\":\"Matti Remonen\",\"@id\":\"https:\/\/www.remonen.fi\/WP\/#\/schema\/person\/1803c23d1d4f6722054eb2ac7f7a97cd\"},\"headline\":\"Turkkia ristiin rastiin, osa 1\",\"datePublished\":\"2015-03-22T14:54:54+00:00\",\"dateModified\":\"2015-03-25T17:50:24+00:00\",\"mainEntityOfPage\":{\"@id\":\"https:\/\/www.remonen.fi\/WP\/blogi\/turkkia-ristiin-rastiin-osa-1\/\"},\"wordCount\":747,\"commentCount\":2,\"publisher\":{\"@id\":\"https:\/\/www.remonen.fi\/WP\/#\/schema\/person\/1803c23d1d4f6722054eb2ac7f7a97cd\"},\"image\":{\"@id\":\"https:\/\/www.remonen.fi\/WP\/blogi\/turkkia-ristiin-rastiin-osa-1\/#primaryimage\"},\"thumbnailUrl\":\"https:\/\/www.remonen.fi\/WP\/wp-content\/uploads\/2015\/03\/Turkki_kiertomatka_osa1-1.jpg\",\"keywords\":[\"Kekova\",\"Myra\",\"Turkki\"],\"articleSection\":[\"Blog\"],\"inLanguage\":\"fi\",\"potentialAction\":[{\"@type\":\"CommentAction\",\"name\":\"Comment\",\"target\":[\"https:\/\/www.remonen.fi\/WP\/blogi\/turkkia-ristiin-rastiin-osa-1\/#respond\"]}]},{\"@type\":\"WebPage\",\"@id\":\"https:\/\/www.remonen.fi\/WP\/blogi\/turkkia-ristiin-rastiin-osa-1\/\",\"url\":\"https:\/\/www.remonen.fi\/WP\/blogi\/turkkia-ristiin-rastiin-osa-1\/\",\"name\":\"Turkkia ristiin rastiin, osa 1 - gREat MOments NEver forgotteN\",\"isPartOf\":{\"@id\":\"https:\/\/www.remonen.fi\/WP\/#website\"},\"primaryImageOfPage\":{\"@id\":\"https:\/\/www.remonen.fi\/WP\/blogi\/turkkia-ristiin-rastiin-osa-1\/#primaryimage\"},\"image\":{\"@id\":\"https:\/\/www.remonen.fi\/WP\/blogi\/turkkia-ristiin-rastiin-osa-1\/#primaryimage\"},\"thumbnailUrl\":\"https:\/\/www.remonen.fi\/WP\/wp-content\/uploads\/2015\/03\/Turkki_kiertomatka_osa1-1.jpg\",\"datePublished\":\"2015-03-22T14:54:54+00:00\",\"dateModified\":\"2015-03-25T17:50:24+00:00\",\"description\":\"Tuossa joskus syksyll\u00e4 jonkun lehden mukana pamahti \u201dtarjous\u201d halvasta Turkin kiertomatkasta. \u201dHalpa ei voi olla kuin hyv\u00e4\u00e4\u201d totesin vaimolle...\",\"breadcrumb\":{\"@id\":\"https:\/\/www.remonen.fi\/WP\/blogi\/turkkia-ristiin-rastiin-osa-1\/#breadcrumb\"},\"inLanguage\":\"fi\",\"potentialAction\":[{\"@type\":\"ReadAction\",\"target\":[\"https:\/\/www.remonen.fi\/WP\/blogi\/turkkia-ristiin-rastiin-osa-1\/\"]}]},{\"@type\":\"ImageObject\",\"inLanguage\":\"fi\",\"@id\":\"https:\/\/www.remonen.fi\/WP\/blogi\/turkkia-ristiin-rastiin-osa-1\/#primaryimage\",\"url\":\"https:\/\/www.remonen.fi\/WP\/wp-content\/uploads\/2015\/03\/Turkki_kiertomatka_osa1-1.jpg\",\"contentUrl\":\"https:\/\/www.remonen.fi\/WP\/wp-content\/uploads\/2015\/03\/Turkki_kiertomatka_osa1-1.jpg\",\"width\":800,\"height\":377},{\"@type\":\"BreadcrumbList\",\"@id\":\"https:\/\/www.remonen.fi\/WP\/blogi\/turkkia-ristiin-rastiin-osa-1\/#breadcrumb\",\"itemListElement\":[{\"@type\":\"ListItem\",\"position\":1,\"name\":\"Etusivu\",\"item\":\"https:\/\/www.remonen.fi\/WP\/\"},{\"@type\":\"ListItem\",\"position\":2,\"name\":\"Turkkia ristiin rastiin, osa 1\"}]},{\"@type\":\"WebSite\",\"@id\":\"https:\/\/www.remonen.fi\/WP\/#website\",\"url\":\"https:\/\/www.remonen.fi\/WP\/\",\"name\":\"remonen.fi\",\"description\":\"Valokuvia ja tarinaa laidasta laitaan\",\"publisher\":{\"@id\":\"https:\/\/www.remonen.fi\/WP\/#\/schema\/person\/1803c23d1d4f6722054eb2ac7f7a97cd\"},\"potentialAction\":[{\"@type\":\"SearchAction\",\"target\":{\"@type\":\"EntryPoint\",\"urlTemplate\":\"https:\/\/www.remonen.fi\/WP\/?s={search_term_string}\"},\"query-input\":{\"@type\":\"PropertyValueSpecification\",\"valueRequired\":true,\"valueName\":\"search_term_string\"}}],\"inLanguage\":\"fi\"},{\"@type\":[\"Person\",\"Organization\"],\"@id\":\"https:\/\/www.remonen.fi\/WP\/#\/schema\/person\/1803c23d1d4f6722054eb2ac7f7a97cd\",\"name\":\"Matti Remonen\",\"logo\":{\"@id\":\"https:\/\/www.remonen.fi\/WP\/#\/schema\/person\/image\/\"},\"url\":\"https:\/\/www.remonen.fi\/WP\/blogi\/author\/mre\/\"}]}<\/script>\n<!-- \/ Yoast SEO plugin. -->","yoast_head_json":{"title":"Turkkia ristiin rastiin, osa 1 - gREat MOments NEver forgotteN","description":"Tuossa joskus syksyll\u00e4 jonkun lehden mukana pamahti \u201dtarjous\u201d halvasta Turkin kiertomatkasta. \u201dHalpa ei voi olla kuin hyv\u00e4\u00e4\u201d totesin vaimolle...","robots":{"index":"index","follow":"follow","max-snippet":"max-snippet:-1","max-image-preview":"max-image-preview:large","max-video-preview":"max-video-preview:-1"},"canonical":"https:\/\/www.remonen.fi\/WP\/blogi\/turkkia-ristiin-rastiin-osa-1\/","og_locale":"fi_FI","og_type":"article","og_title":"Turkkia ristiin rastiin, osa 1 - gREat MOments NEver forgotteN","og_description":"Tuossa joskus syksyll\u00e4 jonkun lehden mukana pamahti \u201dtarjous\u201d halvasta Turkin kiertomatkasta. \u201dHalpa ei voi olla kuin hyv\u00e4\u00e4\u201d totesin vaimolle...","og_url":"https:\/\/www.remonen.fi\/WP\/blogi\/turkkia-ristiin-rastiin-osa-1\/","og_site_name":"remonen.fi","article_published_time":"2015-03-22T14:54:54+00:00","article_modified_time":"2015-03-25T17:50:24+00:00","og_image":[{"width":800,"height":377,"url":"https:\/\/www.remonen.fi\/WP\/wp-content\/uploads\/2015\/03\/Turkki_kiertomatka_osa1-1.jpg","type":"image\/jpeg"}],"author":"Matti Remonen","twitter_misc":{"Kirjoittanut":"Matti Remonen","Arvioitu lukuaika":"4 minuuttia"},"schema":{"@context":"https:\/\/schema.org","@graph":[{"@type":"Article","@id":"https:\/\/www.remonen.fi\/WP\/blogi\/turkkia-ristiin-rastiin-osa-1\/#article","isPartOf":{"@id":"https:\/\/www.remonen.fi\/WP\/blogi\/turkkia-ristiin-rastiin-osa-1\/"},"author":{"name":"Matti Remonen","@id":"https:\/\/www.remonen.fi\/WP\/#\/schema\/person\/1803c23d1d4f6722054eb2ac7f7a97cd"},"headline":"Turkkia ristiin rastiin, osa 1","datePublished":"2015-03-22T14:54:54+00:00","dateModified":"2015-03-25T17:50:24+00:00","mainEntityOfPage":{"@id":"https:\/\/www.remonen.fi\/WP\/blogi\/turkkia-ristiin-rastiin-osa-1\/"},"wordCount":747,"commentCount":2,"publisher":{"@id":"https:\/\/www.remonen.fi\/WP\/#\/schema\/person\/1803c23d1d4f6722054eb2ac7f7a97cd"},"image":{"@id":"https:\/\/www.remonen.fi\/WP\/blogi\/turkkia-ristiin-rastiin-osa-1\/#primaryimage"},"thumbnailUrl":"https:\/\/www.remonen.fi\/WP\/wp-content\/uploads\/2015\/03\/Turkki_kiertomatka_osa1-1.jpg","keywords":["Kekova","Myra","Turkki"],"articleSection":["Blog"],"inLanguage":"fi","potentialAction":[{"@type":"CommentAction","name":"Comment","target":["https:\/\/www.remonen.fi\/WP\/blogi\/turkkia-ristiin-rastiin-osa-1\/#respond"]}]},{"@type":"WebPage","@id":"https:\/\/www.remonen.fi\/WP\/blogi\/turkkia-ristiin-rastiin-osa-1\/","url":"https:\/\/www.remonen.fi\/WP\/blogi\/turkkia-ristiin-rastiin-osa-1\/","name":"Turkkia ristiin rastiin, osa 1 - gREat MOments NEver forgotteN","isPartOf":{"@id":"https:\/\/www.remonen.fi\/WP\/#website"},"primaryImageOfPage":{"@id":"https:\/\/www.remonen.fi\/WP\/blogi\/turkkia-ristiin-rastiin-osa-1\/#primaryimage"},"image":{"@id":"https:\/\/www.remonen.fi\/WP\/blogi\/turkkia-ristiin-rastiin-osa-1\/#primaryimage"},"thumbnailUrl":"https:\/\/www.remonen.fi\/WP\/wp-content\/uploads\/2015\/03\/Turkki_kiertomatka_osa1-1.jpg","datePublished":"2015-03-22T14:54:54+00:00","dateModified":"2015-03-25T17:50:24+00:00","description":"Tuossa joskus syksyll\u00e4 jonkun lehden mukana pamahti \u201dtarjous\u201d halvasta Turkin kiertomatkasta. \u201dHalpa ei voi olla kuin hyv\u00e4\u00e4\u201d totesin vaimolle...","breadcrumb":{"@id":"https:\/\/www.remonen.fi\/WP\/blogi\/turkkia-ristiin-rastiin-osa-1\/#breadcrumb"},"inLanguage":"fi","potentialAction":[{"@type":"ReadAction","target":["https:\/\/www.remonen.fi\/WP\/blogi\/turkkia-ristiin-rastiin-osa-1\/"]}]},{"@type":"ImageObject","inLanguage":"fi","@id":"https:\/\/www.remonen.fi\/WP\/blogi\/turkkia-ristiin-rastiin-osa-1\/#primaryimage","url":"https:\/\/www.remonen.fi\/WP\/wp-content\/uploads\/2015\/03\/Turkki_kiertomatka_osa1-1.jpg","contentUrl":"https:\/\/www.remonen.fi\/WP\/wp-content\/uploads\/2015\/03\/Turkki_kiertomatka_osa1-1.jpg","width":800,"height":377},{"@type":"BreadcrumbList","@id":"https:\/\/www.remonen.fi\/WP\/blogi\/turkkia-ristiin-rastiin-osa-1\/#breadcrumb","itemListElement":[{"@type":"ListItem","position":1,"name":"Etusivu","item":"https:\/\/www.remonen.fi\/WP\/"},{"@type":"ListItem","position":2,"name":"Turkkia ristiin rastiin, osa 1"}]},{"@type":"WebSite","@id":"https:\/\/www.remonen.fi\/WP\/#website","url":"https:\/\/www.remonen.fi\/WP\/","name":"remonen.fi","description":"Valokuvia ja tarinaa laidasta laitaan","publisher":{"@id":"https:\/\/www.remonen.fi\/WP\/#\/schema\/person\/1803c23d1d4f6722054eb2ac7f7a97cd"},"potentialAction":[{"@type":"SearchAction","target":{"@type":"EntryPoint","urlTemplate":"https:\/\/www.remonen.fi\/WP\/?s={search_term_string}"},"query-input":{"@type":"PropertyValueSpecification","valueRequired":true,"valueName":"search_term_string"}}],"inLanguage":"fi"},{"@type":["Person","Organization"],"@id":"https:\/\/www.remonen.fi\/WP\/#\/schema\/person\/1803c23d1d4f6722054eb2ac7f7a97cd","name":"Matti Remonen","logo":{"@id":"https:\/\/www.remonen.fi\/WP\/#\/schema\/person\/image\/"},"url":"https:\/\/www.remonen.fi\/WP\/blogi\/author\/mre\/"}]}},"_links":{"self":[{"href":"https:\/\/www.remonen.fi\/WP\/wp-json\/wp\/v2\/posts\/5369"}],"collection":[{"href":"https:\/\/www.remonen.fi\/WP\/wp-json\/wp\/v2\/posts"}],"about":[{"href":"https:\/\/www.remonen.fi\/WP\/wp-json\/wp\/v2\/types\/post"}],"author":[{"embeddable":true,"href":"https:\/\/www.remonen.fi\/WP\/wp-json\/wp\/v2\/users\/2"}],"replies":[{"embeddable":true,"href":"https:\/\/www.remonen.fi\/WP\/wp-json\/wp\/v2\/comments?post=5369"}],"version-history":[{"count":0,"href":"https:\/\/www.remonen.fi\/WP\/wp-json\/wp\/v2\/posts\/5369\/revisions"}],"wp:featuredmedia":[{"embeddable":true,"href":"https:\/\/www.remonen.fi\/WP\/wp-json\/wp\/v2\/media\/5384"}],"wp:attachment":[{"href":"https:\/\/www.remonen.fi\/WP\/wp-json\/wp\/v2\/media?parent=5369"}],"wp:term":[{"taxonomy":"category","embeddable":true,"href":"https:\/\/www.remonen.fi\/WP\/wp-json\/wp\/v2\/categories?post=5369"},{"taxonomy":"post_tag","embeddable":true,"href":"https:\/\/www.remonen.fi\/WP\/wp-json\/wp\/v2\/tags?post=5369"}],"curies":[{"name":"wp","href":"https:\/\/api.w.org\/{rel}","templated":true}]}}