{"id":5417,"date":"2015-03-24T17:07:39","date_gmt":"2015-03-24T15:07:39","guid":{"rendered":"http:\/\/www.remonen.fi\/?p=5417"},"modified":"2015-03-25T19:49:31","modified_gmt":"2015-03-25T17:49:31","slug":"turkkia-ristiin-rastiin-osa-2","status":"publish","type":"post","link":"https:\/\/www.remonen.fi\/WP\/blogi\/turkkia-ristiin-rastiin-osa-2\/","title":{"rendered":"Turkkia ristiin rastiin, osa 2"},"content":{"rendered":"<h3>P\u00e4iv\u00e4 3<\/h3>\n<p><a href=\"http:\/\/www.remonen.fi\/WP\/wp-content\/uploads\/2015\/03\/Turkki_kiertomatka_osa2-2.jpg\"><img loading=\"lazy\" decoding=\"async\" class=\"aligncenter wp-image-5522\" title=\"Aperture: &#402;\/4 | Camera: ILCE-6000 | Taken: 15 maaliskuun, 2015 | Copyright: (c) Matti Remonen | Exposure bias: +7\/10EV | Flash fired: no | Focal length: 24mm | ISO: 100 | Shutter speed: 1\/800s | \" src=\"http:\/\/www.remonen.fi\/WP\/wp-content\/uploads\/2015\/03\/Turkki_kiertomatka_osa2-2.jpg\" alt=\"\" width=\"680\" height=\"454\" srcset=\"https:\/\/www.remonen.fi\/WP\/wp-content\/uploads\/2015\/03\/Turkki_kiertomatka_osa2-2.jpg 1024w, https:\/\/www.remonen.fi\/WP\/wp-content\/uploads\/2015\/03\/Turkki_kiertomatka_osa2-2-300x200.jpg 300w, https:\/\/www.remonen.fi\/WP\/wp-content\/uploads\/2015\/03\/Turkki_kiertomatka_osa2-2-680x454.jpg 680w\" sizes=\"(max-width: 680px) 100vw, 680px\" \/><\/a>Hyvin nukutun y\u00f6n j\u00e4lkeen matka jatkui <a title=\"Efesos\" href=\"http:\/\/fi.wikipedia.org\/wiki\/Efesos\">Efesoksen <\/a>historialliseen kaupunkiin. Efesoshan oli, kuten kaikki muistamme, yksi antiikin Kreikan t\u00e4rkeimmist\u00e4 kaupungeista.<\/p>\n<p><a href=\"http:\/\/www.remonen.fi\/WP\/wp-content\/uploads\/2015\/03\/Turkki_kiertomatka_osa2-1-2.jpg\"><img loading=\"lazy\" decoding=\"async\" class=\"aligncenter wp-image-5531\" title=\"Aperture: &#402;\/2 | Camera: ILCE-6000 | Taken: 15 maaliskuun, 2015 | Copyright: (c) Matti Remonen | Exposure bias: +7\/10EV | Flash fired: no | Focal length: 24mm | ISO: 100 | Shutter speed: 1\/2000s | \" src=\"http:\/\/www.remonen.fi\/WP\/wp-content\/uploads\/2015\/03\/Turkki_kiertomatka_osa2-1-2.jpg\" alt=\"\" width=\"680\" height=\"454\" srcset=\"https:\/\/www.remonen.fi\/WP\/wp-content\/uploads\/2015\/03\/Turkki_kiertomatka_osa2-1-2.jpg 1024w, https:\/\/www.remonen.fi\/WP\/wp-content\/uploads\/2015\/03\/Turkki_kiertomatka_osa2-1-2-300x200.jpg 300w, https:\/\/www.remonen.fi\/WP\/wp-content\/uploads\/2015\/03\/Turkki_kiertomatka_osa2-1-2-680x454.jpg 680w\" sizes=\"(max-width: 680px) 100vw, 680px\" \/><\/a>Efesoslaiset olivat varsin edistyksellist\u00e4 v\u00e4ke\u00e4, sill\u00e4 kaupunkiin rakennettiin keskustakirjasto jo yli 2000 vuotta ennen Helsinki\u00e4. Se toimi paitsi rakennuttajansa hautana, niin my\u00f6s 12 000 kirjak\u00e4\u00e4r\u00f6n kotipaikkana. Valitettavasti kirjaston ovat raiskanneet niin aika, maanj\u00e4ristykset kuin tulipalotkin. Kirjastorakennuksen julkisivu on entis\u00f6ity -60 ja -70 -luvuilla k\u00e4ytt\u00e4en alkuper\u00e4isi\u00e4 rakenteita.<\/p>\n<p><a href=\"http:\/\/www.remonen.fi\/WP\/wp-content\/uploads\/2015\/03\/Turkki_kiertomatka_osa2-6.jpg\"><img loading=\"lazy\" decoding=\"async\" class=\"aligncenter wp-image-5518\" title=\"Aperture: &#402;\/8 | Camera: ILCE-6000 | Taken: 15 maaliskuun, 2015 | Copyright: (c) Matti Remonen | Exposure bias: +7\/10EV | Flash fired: no | Focal length: 10mm | ISO: 100 | Shutter speed: 1\/200s | \" src=\"http:\/\/www.remonen.fi\/WP\/wp-content\/uploads\/2015\/03\/Turkki_kiertomatka_osa2-6.jpg\" alt=\"\" width=\"680\" height=\"454\" srcset=\"https:\/\/www.remonen.fi\/WP\/wp-content\/uploads\/2015\/03\/Turkki_kiertomatka_osa2-6.jpg 1024w, https:\/\/www.remonen.fi\/WP\/wp-content\/uploads\/2015\/03\/Turkki_kiertomatka_osa2-6-300x200.jpg 300w, https:\/\/www.remonen.fi\/WP\/wp-content\/uploads\/2015\/03\/Turkki_kiertomatka_osa2-6-680x454.jpg 680w\" sizes=\"(max-width: 680px) 100vw, 680px\" \/><\/a><\/p>\n<p><a href=\"http:\/\/www.remonen.fi\/WP\/wp-content\/uploads\/2015\/03\/Turkki_kiertomatka_osa2-7.jpg\"><img loading=\"lazy\" decoding=\"async\" class=\"aligncenter wp-image-5517\" title=\"Aperture: &#402;\/8 | Camera: ILCE-6000 | Taken: 15 maaliskuun, 2015 | Copyright: (c) Matti Remonen | Exposure bias: +7\/10EV | Flash fired: no | Focal length: 10mm | ISO: 100 | Shutter speed: 1\/80s | \" src=\"http:\/\/www.remonen.fi\/WP\/wp-content\/uploads\/2015\/03\/Turkki_kiertomatka_osa2-7.jpg\" alt=\"\" width=\"454\" height=\"680\" srcset=\"https:\/\/www.remonen.fi\/WP\/wp-content\/uploads\/2015\/03\/Turkki_kiertomatka_osa2-7.jpg 683w, https:\/\/www.remonen.fi\/WP\/wp-content\/uploads\/2015\/03\/Turkki_kiertomatka_osa2-7-200x300.jpg 200w, https:\/\/www.remonen.fi\/WP\/wp-content\/uploads\/2015\/03\/Turkki_kiertomatka_osa2-7-454x680.jpg 454w, https:\/\/www.remonen.fi\/WP\/wp-content\/uploads\/2015\/03\/Turkki_kiertomatka_osa2-7-300x450.jpg 300w\" sizes=\"(max-width: 454px) 100vw, 454px\" \/><\/a>Aikanaan Efesos oli Rooman valtakunnan kolmanneksi suurin kaupunki vajaalla 60 tuhannella asukkaalla. Paikallisia julkkiksia aikanaan Efesoksessa olivat apostoli Johannes ja Neitsyt Maria. Ei ole tietoa, pitiv\u00e4tk\u00f6 yhteiskonserttia Agoralla&#8230; (<em>Saints on Tour A.D. 40<\/em> tjsp.). Efesoksen alueelta l\u00f6ytyi niin Artemiin temppeli, Amfiteatteri, t\u00e4ysimittainen Stadion kuin julkinen k\u00e4ym\u00e4l\u00e4kin. Viimeeksi mainittu vain varakkaille herrasmiehille.<\/p>\n<p>Efesoksen kaupunki oli rakennettu rinteeseen ja yl\u00e4osa kaupungista oli varattu poliitikoille ja papistolle. Kaupungissa oli my\u00f6s kaksi Agoraa (toria), joista toinen sijaitsi yl\u00e4kaupungissa toimi poliittisena n\u00e4ytt\u00e4m\u00f6n\u00e4. Se oli my\u00f6skin katettu. Alempi Agora oli alakaupungissa ja toimi normaalina torina. Alakaupungista yl\u00e4kaupunkiin johti katu, jota reunustivat ylh\u00e4ist\u00f6n asumukset ja kauppakojut. Katu p\u00e4\u00e4ttyi porttiin, josta ei tavallisella kansalla ollut asiaa menn\u00e4 l\u00e4pi. Jos halusi s\u00e4ilytt\u00e4\u00e4 p\u00e4\u00e4ns\u00e4.<\/p>\n<p><a href=\"http:\/\/www.remonen.fi\/WP\/wp-content\/uploads\/2015\/03\/Turkki_kiertomatka_osa2-9.jpg\"><img loading=\"lazy\" decoding=\"async\" class=\"aligncenter wp-image-5515\" title=\"Aperture: &#402;\/7.1 | Camera: NEX-5N | Taken: 15 maaliskuun, 2015 | Copyright: (c) Matti Remonen | Exposure bias: +2.7EV | Flash fired: no | Focal length: 18mm | ISO: 100 | Shutter speed: 1\/125s | \" src=\"http:\/\/www.remonen.fi\/WP\/wp-content\/uploads\/2015\/03\/Turkki_kiertomatka_osa2-9.jpg\" alt=\"\" width=\"452\" height=\"680\" srcset=\"https:\/\/www.remonen.fi\/WP\/wp-content\/uploads\/2015\/03\/Turkki_kiertomatka_osa2-9.jpg 680w, https:\/\/www.remonen.fi\/WP\/wp-content\/uploads\/2015\/03\/Turkki_kiertomatka_osa2-9-199x300.jpg 199w, https:\/\/www.remonen.fi\/WP\/wp-content\/uploads\/2015\/03\/Turkki_kiertomatka_osa2-9-452x680.jpg 452w, https:\/\/www.remonen.fi\/WP\/wp-content\/uploads\/2015\/03\/Turkki_kiertomatka_osa2-9-300x452.jpg 300w\" sizes=\"(max-width: 452px) 100vw, 452px\" \/><\/a>Nykyiset n\u00e4kyvill\u00e4 olevat Efesoksen rauniot ovat vain pieni osa aikanaan paikalla olleesta vilkkaasta kaupan, kulttuurin ja uskonnon keskuksesta. T\u00e4ll\u00e4 hetkell\u00e4 Efesosta asuttaa l\u00e4hinn\u00e4 kissat. Joita on paljon. Ja ne on s\u00f6p\u00f6j\u00e4&#8230;<\/p>\n<p><a href=\"http:\/\/www.remonen.fi\/WP\/wp-content\/uploads\/2015\/03\/Turkki_kiertomatka_osa2-10.jpg\"><img loading=\"lazy\" decoding=\"async\" class=\"aligncenter wp-image-5514\" title=\"Aperture: &#402;\/1.8 | Camera: ILCE-6000 | Taken: 15 maaliskuun, 2015 | Copyright: (c) Matti Remonen | Exposure bias: +7\/10EV | Flash fired: no | Focal length: 24mm | ISO: 100 | Shutter speed: 1\/3200s | \" src=\"http:\/\/www.remonen.fi\/WP\/wp-content\/uploads\/2015\/03\/Turkki_kiertomatka_osa2-10.jpg\" alt=\"\" width=\"454\" height=\"680\" srcset=\"https:\/\/www.remonen.fi\/WP\/wp-content\/uploads\/2015\/03\/Turkki_kiertomatka_osa2-10.jpg 683w, https:\/\/www.remonen.fi\/WP\/wp-content\/uploads\/2015\/03\/Turkki_kiertomatka_osa2-10-200x300.jpg 200w, https:\/\/www.remonen.fi\/WP\/wp-content\/uploads\/2015\/03\/Turkki_kiertomatka_osa2-10-454x680.jpg 454w, https:\/\/www.remonen.fi\/WP\/wp-content\/uploads\/2015\/03\/Turkki_kiertomatka_osa2-10-300x450.jpg 300w\" sizes=\"(max-width: 454px) 100vw, 454px\" \/><\/a>Efesoksen loiston p\u00e4iv\u00e4t selittyiv\u00e4t toimivalla satamalla ja sopivalla sijainnilla. Valitettavasti aikojen kuluessa satama liettyi umpeen ja kaupungin keskus siirrettiin muualle. Nyky\u00e4\u00e4n Efesoksesta on rantaan matkaa n. 9 km.<\/p>\n<p>Jos antiikin Kreikassa olisi halunnut ly\u00f6d\u00e4 rahoiksi, niin ehk\u00e4 t\u00e4ll\u00e4 tietoa olisin taipuvainen antamaan vahvan ostosuosituksen marmoripylv\u00e4sobligaatioihin. Kysynt\u00e4\u00e4 on ilmeisesti ollut&#8230;<\/p>\n<p><a href=\"http:\/\/www.remonen.fi\/WP\/wp-content\/uploads\/2015\/03\/Turkki_kiertomatka_osa2-1.jpg\"><img loading=\"lazy\" decoding=\"async\" class=\"aligncenter wp-image-5506\" title=\"Aperture: &#402;\/16 | Camera: ILCE-6000 | Taken: 15 maaliskuun, 2015 | Copyright: (c) Matti Remonen | Exposure bias: +7\/10EV | Flash fired: no | Focal length: 24mm | ISO: 100 | Shutter speed: 1\/250s | \" src=\"http:\/\/www.remonen.fi\/WP\/wp-content\/uploads\/2015\/03\/Turkki_kiertomatka_osa2-1.jpg\" alt=\"\" width=\"454\" height=\"680\" srcset=\"https:\/\/www.remonen.fi\/WP\/wp-content\/uploads\/2015\/03\/Turkki_kiertomatka_osa2-1.jpg 683w, https:\/\/www.remonen.fi\/WP\/wp-content\/uploads\/2015\/03\/Turkki_kiertomatka_osa2-1-200x300.jpg 200w, https:\/\/www.remonen.fi\/WP\/wp-content\/uploads\/2015\/03\/Turkki_kiertomatka_osa2-1-454x680.jpg 454w, https:\/\/www.remonen.fi\/WP\/wp-content\/uploads\/2015\/03\/Turkki_kiertomatka_osa2-1-300x450.jpg 300w\" sizes=\"(max-width: 454px) 100vw, 454px\" \/><\/a><\/p>\n<p><a href=\"http:\/\/www.remonen.fi\/WP\/wp-content\/uploads\/2015\/03\/Turkki_kiertomatka_osa2-11.jpg\"><img loading=\"lazy\" decoding=\"async\" class=\"aligncenter wp-image-5513\" title=\"Aperture: &#402;\/8 | Camera: ILCE-6000 | Taken: 15 maaliskuun, 2015 | Copyright: (c) Matti Remonen | Exposure bias: +7\/10EV | Flash fired: no | Focal length: 24mm | ISO: 100 | Shutter speed: 1\/200s | \" src=\"http:\/\/www.remonen.fi\/WP\/wp-content\/uploads\/2015\/03\/Turkki_kiertomatka_osa2-11.jpg\" alt=\"\" width=\"454\" height=\"680\" srcset=\"https:\/\/www.remonen.fi\/WP\/wp-content\/uploads\/2015\/03\/Turkki_kiertomatka_osa2-11.jpg 683w, https:\/\/www.remonen.fi\/WP\/wp-content\/uploads\/2015\/03\/Turkki_kiertomatka_osa2-11-200x300.jpg 200w, https:\/\/www.remonen.fi\/WP\/wp-content\/uploads\/2015\/03\/Turkki_kiertomatka_osa2-11-454x680.jpg 454w, https:\/\/www.remonen.fi\/WP\/wp-content\/uploads\/2015\/03\/Turkki_kiertomatka_osa2-11-300x450.jpg 300w\" sizes=\"(max-width: 454px) 100vw, 454px\" \/><\/a><\/p>\n<p><a href=\"http:\/\/www.remonen.fi\/WP\/wp-content\/uploads\/2015\/03\/Turkki_kiertomatka_osa2-8.jpg\"><img loading=\"lazy\" decoding=\"async\" class=\"aligncenter wp-image-5516\" title=\"Aperture: &#402;\/7.1 | Camera: NEX-5N | Taken: 15 maaliskuun, 2015 | Copyright: (c) Matti Remonen | Exposure bias: +2.7EV | Flash fired: no | Focal length: 23mm | ISO: 100 | Shutter speed: 1\/160s | \" src=\"http:\/\/www.remonen.fi\/WP\/wp-content\/uploads\/2015\/03\/Turkki_kiertomatka_osa2-8.jpg\" alt=\"\" width=\"452\" height=\"680\" srcset=\"https:\/\/www.remonen.fi\/WP\/wp-content\/uploads\/2015\/03\/Turkki_kiertomatka_osa2-8.jpg 680w, https:\/\/www.remonen.fi\/WP\/wp-content\/uploads\/2015\/03\/Turkki_kiertomatka_osa2-8-199x300.jpg 199w, https:\/\/www.remonen.fi\/WP\/wp-content\/uploads\/2015\/03\/Turkki_kiertomatka_osa2-8-452x680.jpg 452w, https:\/\/www.remonen.fi\/WP\/wp-content\/uploads\/2015\/03\/Turkki_kiertomatka_osa2-8-300x452.jpg 300w\" sizes=\"(max-width: 452px) 100vw, 452px\" \/><\/a><\/p>\n<p><a href=\"http:\/\/www.remonen.fi\/WP\/wp-content\/uploads\/2015\/03\/Turkki_kiertomatka_osa2-1-3.jpg\"><img loading=\"lazy\" decoding=\"async\" class=\"aligncenter wp-image-5533\" title=\"Aperture: &#402;\/8 | Camera: ILCE-6000 | Taken: 15 maaliskuun, 2015 | Copyright: (c) Matti Remonen | Exposure bias: +7\/10EV | Flash fired: no | Focal length: 24mm | ISO: 100 | Shutter speed: 1\/250s | \" src=\"http:\/\/www.remonen.fi\/WP\/wp-content\/uploads\/2015\/03\/Turkki_kiertomatka_osa2-1-3.jpg\" alt=\"\" width=\"454\" height=\"680\" srcset=\"https:\/\/www.remonen.fi\/WP\/wp-content\/uploads\/2015\/03\/Turkki_kiertomatka_osa2-1-3.jpg 683w, https:\/\/www.remonen.fi\/WP\/wp-content\/uploads\/2015\/03\/Turkki_kiertomatka_osa2-1-3-200x300.jpg 200w, https:\/\/www.remonen.fi\/WP\/wp-content\/uploads\/2015\/03\/Turkki_kiertomatka_osa2-1-3-454x680.jpg 454w, https:\/\/www.remonen.fi\/WP\/wp-content\/uploads\/2015\/03\/Turkki_kiertomatka_osa2-1-3-300x450.jpg 300w\" sizes=\"(max-width: 454px) 100vw, 454px\" \/><\/a><\/p>\n<p><a href=\"http:\/\/www.remonen.fi\/WP\/wp-content\/uploads\/2015\/03\/Turkki_kiertomatka_osa2-4.jpg\"><img loading=\"lazy\" decoding=\"async\" class=\"aligncenter wp-image-5520\" title=\"Aperture: &#402;\/5.6 | Camera: ILCE-6000 | Taken: 15 maaliskuun, 2015 | Copyright: (c) Matti Remonen | Exposure bias: +7\/10EV | Flash fired: no | Focal length: 24mm | ISO: 100 | Shutter speed: 1\/640s | \" src=\"http:\/\/www.remonen.fi\/WP\/wp-content\/uploads\/2015\/03\/Turkki_kiertomatka_osa2-4.jpg\" alt=\"\" width=\"454\" height=\"680\" srcset=\"https:\/\/www.remonen.fi\/WP\/wp-content\/uploads\/2015\/03\/Turkki_kiertomatka_osa2-4.jpg 683w, https:\/\/www.remonen.fi\/WP\/wp-content\/uploads\/2015\/03\/Turkki_kiertomatka_osa2-4-200x300.jpg 200w, https:\/\/www.remonen.fi\/WP\/wp-content\/uploads\/2015\/03\/Turkki_kiertomatka_osa2-4-454x680.jpg 454w, https:\/\/www.remonen.fi\/WP\/wp-content\/uploads\/2015\/03\/Turkki_kiertomatka_osa2-4-300x450.jpg 300w\" sizes=\"(max-width: 454px) 100vw, 454px\" \/><\/a><\/p>\n<p>Efesoksesta jatkoimme matkaa vuorille ja siell\u00e4 olleeseen pieneen kyl\u00e4\u00e4n, jossa meille oli tarjolla viininmaistelua. Kyl\u00e4n nimi ei j\u00e4\u00e4nyt minulle valitettavasti mieleen. Tosin ei viineiss\u00e4k\u00e4\u00e4n juuri ole muisteltavaa, ne olivat marjaviinej\u00e4 ja tehty persikoista, karhunvatukasta, ym. Ihan k\u00e4yp\u00e4ist\u00e4kin ryp\u00e4leist\u00e4 tehty\u00e4 viini\u00e4 on Turkista saatavilla, joten oli hieman kummallista ett\u00e4 meille juotettiin noita marjamehuja. Ilmeisesti varsinaiset viinintuotantoalueet sijaitsevat jossain muualla.<\/p>\n<p><div id=\"attachment_5507\" style=\"width: 650px\" class=\"wp-caption aligncenter\"><a href=\"http:\/\/www.remonen.fi\/WP\/wp-content\/uploads\/2015\/03\/Turkki_kiertomatka_osa2-16.jpg\"><img loading=\"lazy\" decoding=\"async\" aria-describedby=\"caption-attachment-5507\" class=\"wp-image-5507\" title=\"Aperture: &#402;\/5.6 | Camera: ILCE-6000 | Taken: 15 maaliskuun, 2015 | Copyright: (c) Matti Remonen | Exposure bias: +7\/10EV | Flash fired: no | Focal length: 50mm | ISO: 500 | Shutter speed: 1\/80s | \" src=\"http:\/\/www.remonen.fi\/WP\/wp-content\/uploads\/2015\/03\/Turkki_kiertomatka_osa2-16.jpg\" alt=\"\" width=\"640\" height=\"427\" srcset=\"https:\/\/www.remonen.fi\/WP\/wp-content\/uploads\/2015\/03\/Turkki_kiertomatka_osa2-16.jpg 1024w, https:\/\/www.remonen.fi\/WP\/wp-content\/uploads\/2015\/03\/Turkki_kiertomatka_osa2-16-300x200.jpg 300w, https:\/\/www.remonen.fi\/WP\/wp-content\/uploads\/2015\/03\/Turkki_kiertomatka_osa2-16-680x454.jpg 680w\" sizes=\"(max-width: 640px) 100vw, 640px\" \/><\/a><p id=\"caption-attachment-5507\" class=\"wp-caption-text\">Turkin mummot&#8230;<\/p><\/div><div id=\"attachment_5510\" style=\"width: 464px\" class=\"wp-caption aligncenter\"><a href=\"http:\/\/www.remonen.fi\/WP\/wp-content\/uploads\/2015\/03\/Turkki_kiertomatka_osa2-14.jpg\"><img loading=\"lazy\" decoding=\"async\" aria-describedby=\"caption-attachment-5510\" class=\"wp-image-5510\" title=\"Aperture: &#402;\/5.6 | Camera: ILCE-6000 | Taken: 15 maaliskuun, 2015 | Copyright: (c) Matti Remonen | Exposure bias: +7\/10EV | Flash fired: no | Focal length: 50mm | ISO: 125 | Shutter speed: 1\/80s | \" src=\"http:\/\/www.remonen.fi\/WP\/wp-content\/uploads\/2015\/03\/Turkki_kiertomatka_osa2-14.jpg\" alt=\"\" width=\"454\" height=\"680\" srcset=\"https:\/\/www.remonen.fi\/WP\/wp-content\/uploads\/2015\/03\/Turkki_kiertomatka_osa2-14.jpg 683w, https:\/\/www.remonen.fi\/WP\/wp-content\/uploads\/2015\/03\/Turkki_kiertomatka_osa2-14-200x300.jpg 200w, https:\/\/www.remonen.fi\/WP\/wp-content\/uploads\/2015\/03\/Turkki_kiertomatka_osa2-14-454x680.jpg 454w, https:\/\/www.remonen.fi\/WP\/wp-content\/uploads\/2015\/03\/Turkki_kiertomatka_osa2-14-300x450.jpg 300w\" sizes=\"(max-width: 454px) 100vw, 454px\" \/><\/a><p id=\"caption-attachment-5510\" class=\"wp-caption-text\">Ja paikallinen Elvis&#8230;<\/p><\/div><\/p>\n<p style=\"text-align: left;\">Kyl\u00e4 oli paikallisten turkkilaisten suosiossa ja vaikka siell\u00e4 oli my\u00f6s turistimyym\u00e4l\u00f6it\u00e4, niin kyl\u00e4 tuntui kuitenkin olevan enemm\u00e4n &#8221;aito&#8221;, kuin pelk\u00e4st\u00e4\u00e4n turisteja varten pystytetty.<\/p>\n<p><a href=\"http:\/\/www.remonen.fi\/WP\/wp-content\/uploads\/2015\/03\/Turkki_kiertomatka_osa2-13.jpg\"><img loading=\"lazy\" decoding=\"async\" class=\"aligncenter wp-image-5511\" title=\"Aperture: &#402;\/5.6 | Camera: ILCE-6000 | Taken: 15 maaliskuun, 2015 | Copyright: (c) Matti Remonen | Exposure bias: +7\/10EV | Flash fired: no | Focal length: 50mm | ISO: 100 | Shutter speed: 1\/80s | \" src=\"http:\/\/www.remonen.fi\/WP\/wp-content\/uploads\/2015\/03\/Turkki_kiertomatka_osa2-13.jpg\" alt=\"\" width=\"454\" height=\"680\" srcset=\"https:\/\/www.remonen.fi\/WP\/wp-content\/uploads\/2015\/03\/Turkki_kiertomatka_osa2-13.jpg 683w, https:\/\/www.remonen.fi\/WP\/wp-content\/uploads\/2015\/03\/Turkki_kiertomatka_osa2-13-200x300.jpg 200w, https:\/\/www.remonen.fi\/WP\/wp-content\/uploads\/2015\/03\/Turkki_kiertomatka_osa2-13-454x680.jpg 454w, https:\/\/www.remonen.fi\/WP\/wp-content\/uploads\/2015\/03\/Turkki_kiertomatka_osa2-13-300x450.jpg 300w\" sizes=\"(max-width: 454px) 100vw, 454px\" \/><\/a><\/p>\n<p><a href=\"http:\/\/www.remonen.fi\/WP\/wp-content\/uploads\/2015\/03\/Turkki_kiertomatka_osa2-15.jpg\"><img loading=\"lazy\" decoding=\"async\" class=\"aligncenter wp-image-5509\" title=\"Aperture: &#402;\/5.6 | Camera: ILCE-6000 | Taken: 15 maaliskuun, 2015 | Copyright: (c) Matti Remonen | Exposure bias: +7\/10EV | Flash fired: no | Focal length: 50mm | ISO: 160 | Shutter speed: 1\/80s | \" src=\"http:\/\/www.remonen.fi\/WP\/wp-content\/uploads\/2015\/03\/Turkki_kiertomatka_osa2-15.jpg\" alt=\"\" width=\"454\" height=\"680\" srcset=\"https:\/\/www.remonen.fi\/WP\/wp-content\/uploads\/2015\/03\/Turkki_kiertomatka_osa2-15.jpg 683w, https:\/\/www.remonen.fi\/WP\/wp-content\/uploads\/2015\/03\/Turkki_kiertomatka_osa2-15-200x300.jpg 200w, https:\/\/www.remonen.fi\/WP\/wp-content\/uploads\/2015\/03\/Turkki_kiertomatka_osa2-15-454x680.jpg 454w, https:\/\/www.remonen.fi\/WP\/wp-content\/uploads\/2015\/03\/Turkki_kiertomatka_osa2-15-300x450.jpg 300w\" sizes=\"(max-width: 454px) 100vw, 454px\" \/><\/a><\/p>\n<p><a href=\"http:\/\/www.remonen.fi\/WP\/wp-content\/uploads\/2015\/03\/Turkki_kiertomatka_osa2-12.jpg\"><img loading=\"lazy\" decoding=\"async\" class=\"aligncenter wp-image-5512\" title=\"Aperture: &#402;\/4 | Camera: ILCE-6000 | Taken: 15 maaliskuun, 2015 | Copyright: (c) Matti Remonen | Exposure bias: +7\/10EV | Flash fired: no | Focal length: 24mm | ISO: 100 | Shutter speed: 1\/400s | \" src=\"http:\/\/www.remonen.fi\/WP\/wp-content\/uploads\/2015\/03\/Turkki_kiertomatka_osa2-12.jpg\" alt=\"\" width=\"454\" height=\"680\" srcset=\"https:\/\/www.remonen.fi\/WP\/wp-content\/uploads\/2015\/03\/Turkki_kiertomatka_osa2-12.jpg 683w, https:\/\/www.remonen.fi\/WP\/wp-content\/uploads\/2015\/03\/Turkki_kiertomatka_osa2-12-200x300.jpg 200w, https:\/\/www.remonen.fi\/WP\/wp-content\/uploads\/2015\/03\/Turkki_kiertomatka_osa2-12-454x680.jpg 454w, https:\/\/www.remonen.fi\/WP\/wp-content\/uploads\/2015\/03\/Turkki_kiertomatka_osa2-12-300x450.jpg 300w\" sizes=\"(max-width: 454px) 100vw, 454px\" \/><\/a>Kyl\u00e4st\u00e4 suuntasimmekin sitten takaisin Kusadasin kaupunkiin, jossa y\u00f6vyimme samassa hotellissa kuin edellisen\u00e4 y\u00f6n\u00e4.<\/p>\n<p>Historiaa dokumentoi Sony ILCE6000 + Zony Zeiss 24f18 + SEL1018 +\u00a0 SEL50f18 sek\u00e4 IR-modattu Sony NEX-5N + SEL1855 + 820nm IR-suodin.<\/p>\n","protected":false},"excerpt":{"rendered":"<p>P\u00e4iv\u00e4 3 Hyvin nukutun y\u00f6n j\u00e4lkeen matka jatkui Efesoksen historialliseen kaupunkiin. Efesoshan oli, kuten kaikki muistamme, yksi antiikin Kreikan t\u00e4rkeimmist\u00e4 kaupungeista. Efesoslaiset olivat varsin edistyksellist\u00e4 v\u00e4ke\u00e4, sill\u00e4 kaupunkiin rakennettiin keskustakirjasto jo yli 2000 vuotta ennen Helsinki\u00e4. Se toimi paitsi rakennuttajansa hautana, niin my\u00f6s 12 000 kirjak\u00e4\u00e4r\u00f6n kotipaikkana. Valitettavasti kirjaston ovat raiskanneet niin aika, maanj\u00e4ristykset kuin [&hellip;]<\/p>\n","protected":false},"author":2,"featured_media":5508,"comment_status":"open","ping_status":"closed","sticky":false,"template":"","format":"standard","meta":{"footnotes":""},"categories":[16],"tags":[214,211],"yoast_head":"<!-- This site is optimized with the Yoast SEO plugin v24.5 - https:\/\/yoast.com\/wordpress\/plugins\/seo\/ -->\n<title>Turkkia ristiin rastiin, osa 2 - gREat MOments NEver forgotteN<\/title>\n<meta name=\"description\" content=\"Hyvin nukutun y\u00f6n j\u00e4lkeen matka jatkui Efesoksen historialliseen kaupunkiin. Efesoshan oli, kuten kaikki muistamme, yksi antiikin Kreikan t\u00e4rkeimmist\u00e4...\" \/>\n<meta name=\"robots\" content=\"index, follow, max-snippet:-1, max-image-preview:large, max-video-preview:-1\" \/>\n<link rel=\"canonical\" href=\"https:\/\/www.remonen.fi\/WP\/blogi\/turkkia-ristiin-rastiin-osa-2\/\" \/>\n<meta property=\"og:locale\" content=\"fi_FI\" \/>\n<meta property=\"og:type\" content=\"article\" \/>\n<meta property=\"og:title\" content=\"Turkkia ristiin rastiin, osa 2 - gREat MOments NEver forgotteN\" \/>\n<meta property=\"og:description\" content=\"Hyvin nukutun y\u00f6n j\u00e4lkeen matka jatkui Efesoksen historialliseen kaupunkiin. Efesoshan oli, kuten kaikki muistamme, yksi antiikin Kreikan t\u00e4rkeimmist\u00e4...\" \/>\n<meta property=\"og:url\" content=\"https:\/\/www.remonen.fi\/WP\/blogi\/turkkia-ristiin-rastiin-osa-2\/\" \/>\n<meta property=\"og:site_name\" content=\"remonen.fi\" \/>\n<meta property=\"article:published_time\" content=\"2015-03-24T15:07:39+00:00\" \/>\n<meta property=\"article:modified_time\" content=\"2015-03-25T17:49:31+00:00\" \/>\n<meta property=\"og:image\" content=\"https:\/\/www.remonen.fi\/WP\/wp-content\/uploads\/2015\/03\/Turkki_kiertomatka_osa2-17.jpg\" \/>\n\t<meta property=\"og:image:width\" content=\"1024\" \/>\n\t<meta property=\"og:image:height\" content=\"540\" \/>\n\t<meta property=\"og:image:type\" content=\"image\/jpeg\" \/>\n<meta name=\"author\" content=\"Matti Remonen\" \/>\n<meta name=\"twitter:label1\" content=\"Kirjoittanut\" \/>\n\t<meta name=\"twitter:data1\" content=\"Matti Remonen\" \/>\n\t<meta name=\"twitter:label2\" content=\"Arvioitu lukuaika\" \/>\n\t<meta name=\"twitter:data2\" content=\"2 minuuttia\" \/>\n<script type=\"application\/ld+json\" class=\"yoast-schema-graph\">{\"@context\":\"https:\/\/schema.org\",\"@graph\":[{\"@type\":\"Article\",\"@id\":\"https:\/\/www.remonen.fi\/WP\/blogi\/turkkia-ristiin-rastiin-osa-2\/#article\",\"isPartOf\":{\"@id\":\"https:\/\/www.remonen.fi\/WP\/blogi\/turkkia-ristiin-rastiin-osa-2\/\"},\"author\":{\"name\":\"Matti Remonen\",\"@id\":\"https:\/\/www.remonen.fi\/WP\/#\/schema\/person\/1803c23d1d4f6722054eb2ac7f7a97cd\"},\"headline\":\"Turkkia ristiin rastiin, osa 2\",\"datePublished\":\"2015-03-24T15:07:39+00:00\",\"dateModified\":\"2015-03-25T17:49:31+00:00\",\"mainEntityOfPage\":{\"@id\":\"https:\/\/www.remonen.fi\/WP\/blogi\/turkkia-ristiin-rastiin-osa-2\/\"},\"wordCount\":453,\"commentCount\":0,\"publisher\":{\"@id\":\"https:\/\/www.remonen.fi\/WP\/#\/schema\/person\/1803c23d1d4f6722054eb2ac7f7a97cd\"},\"image\":{\"@id\":\"https:\/\/www.remonen.fi\/WP\/blogi\/turkkia-ristiin-rastiin-osa-2\/#primaryimage\"},\"thumbnailUrl\":\"https:\/\/www.remonen.fi\/WP\/wp-content\/uploads\/2015\/03\/Turkki_kiertomatka_osa2-17.jpg\",\"keywords\":[\"Efesos\",\"Turkki\"],\"articleSection\":[\"Blog\"],\"inLanguage\":\"fi\",\"potentialAction\":[{\"@type\":\"CommentAction\",\"name\":\"Comment\",\"target\":[\"https:\/\/www.remonen.fi\/WP\/blogi\/turkkia-ristiin-rastiin-osa-2\/#respond\"]}]},{\"@type\":\"WebPage\",\"@id\":\"https:\/\/www.remonen.fi\/WP\/blogi\/turkkia-ristiin-rastiin-osa-2\/\",\"url\":\"https:\/\/www.remonen.fi\/WP\/blogi\/turkkia-ristiin-rastiin-osa-2\/\",\"name\":\"Turkkia ristiin rastiin, osa 2 - gREat MOments NEver forgotteN\",\"isPartOf\":{\"@id\":\"https:\/\/www.remonen.fi\/WP\/#website\"},\"primaryImageOfPage\":{\"@id\":\"https:\/\/www.remonen.fi\/WP\/blogi\/turkkia-ristiin-rastiin-osa-2\/#primaryimage\"},\"image\":{\"@id\":\"https:\/\/www.remonen.fi\/WP\/blogi\/turkkia-ristiin-rastiin-osa-2\/#primaryimage\"},\"thumbnailUrl\":\"https:\/\/www.remonen.fi\/WP\/wp-content\/uploads\/2015\/03\/Turkki_kiertomatka_osa2-17.jpg\",\"datePublished\":\"2015-03-24T15:07:39+00:00\",\"dateModified\":\"2015-03-25T17:49:31+00:00\",\"description\":\"Hyvin nukutun y\u00f6n j\u00e4lkeen matka jatkui Efesoksen historialliseen kaupunkiin. Efesoshan oli, kuten kaikki muistamme, yksi antiikin Kreikan t\u00e4rkeimmist\u00e4...\",\"breadcrumb\":{\"@id\":\"https:\/\/www.remonen.fi\/WP\/blogi\/turkkia-ristiin-rastiin-osa-2\/#breadcrumb\"},\"inLanguage\":\"fi\",\"potentialAction\":[{\"@type\":\"ReadAction\",\"target\":[\"https:\/\/www.remonen.fi\/WP\/blogi\/turkkia-ristiin-rastiin-osa-2\/\"]}]},{\"@type\":\"ImageObject\",\"inLanguage\":\"fi\",\"@id\":\"https:\/\/www.remonen.fi\/WP\/blogi\/turkkia-ristiin-rastiin-osa-2\/#primaryimage\",\"url\":\"https:\/\/www.remonen.fi\/WP\/wp-content\/uploads\/2015\/03\/Turkki_kiertomatka_osa2-17.jpg\",\"contentUrl\":\"https:\/\/www.remonen.fi\/WP\/wp-content\/uploads\/2015\/03\/Turkki_kiertomatka_osa2-17.jpg\",\"width\":1024,\"height\":540},{\"@type\":\"BreadcrumbList\",\"@id\":\"https:\/\/www.remonen.fi\/WP\/blogi\/turkkia-ristiin-rastiin-osa-2\/#breadcrumb\",\"itemListElement\":[{\"@type\":\"ListItem\",\"position\":1,\"name\":\"Etusivu\",\"item\":\"https:\/\/www.remonen.fi\/WP\/\"},{\"@type\":\"ListItem\",\"position\":2,\"name\":\"Turkkia ristiin rastiin, osa 2\"}]},{\"@type\":\"WebSite\",\"@id\":\"https:\/\/www.remonen.fi\/WP\/#website\",\"url\":\"https:\/\/www.remonen.fi\/WP\/\",\"name\":\"remonen.fi\",\"description\":\"Valokuvia ja tarinaa laidasta laitaan\",\"publisher\":{\"@id\":\"https:\/\/www.remonen.fi\/WP\/#\/schema\/person\/1803c23d1d4f6722054eb2ac7f7a97cd\"},\"potentialAction\":[{\"@type\":\"SearchAction\",\"target\":{\"@type\":\"EntryPoint\",\"urlTemplate\":\"https:\/\/www.remonen.fi\/WP\/?s={search_term_string}\"},\"query-input\":{\"@type\":\"PropertyValueSpecification\",\"valueRequired\":true,\"valueName\":\"search_term_string\"}}],\"inLanguage\":\"fi\"},{\"@type\":[\"Person\",\"Organization\"],\"@id\":\"https:\/\/www.remonen.fi\/WP\/#\/schema\/person\/1803c23d1d4f6722054eb2ac7f7a97cd\",\"name\":\"Matti Remonen\",\"logo\":{\"@id\":\"https:\/\/www.remonen.fi\/WP\/#\/schema\/person\/image\/\"},\"url\":\"https:\/\/www.remonen.fi\/WP\/blogi\/author\/mre\/\"}]}<\/script>\n<!-- \/ Yoast SEO plugin. -->","yoast_head_json":{"title":"Turkkia ristiin rastiin, osa 2 - gREat MOments NEver forgotteN","description":"Hyvin nukutun y\u00f6n j\u00e4lkeen matka jatkui Efesoksen historialliseen kaupunkiin. Efesoshan oli, kuten kaikki muistamme, yksi antiikin Kreikan t\u00e4rkeimmist\u00e4...","robots":{"index":"index","follow":"follow","max-snippet":"max-snippet:-1","max-image-preview":"max-image-preview:large","max-video-preview":"max-video-preview:-1"},"canonical":"https:\/\/www.remonen.fi\/WP\/blogi\/turkkia-ristiin-rastiin-osa-2\/","og_locale":"fi_FI","og_type":"article","og_title":"Turkkia ristiin rastiin, osa 2 - gREat MOments NEver forgotteN","og_description":"Hyvin nukutun y\u00f6n j\u00e4lkeen matka jatkui Efesoksen historialliseen kaupunkiin. Efesoshan oli, kuten kaikki muistamme, yksi antiikin Kreikan t\u00e4rkeimmist\u00e4...","og_url":"https:\/\/www.remonen.fi\/WP\/blogi\/turkkia-ristiin-rastiin-osa-2\/","og_site_name":"remonen.fi","article_published_time":"2015-03-24T15:07:39+00:00","article_modified_time":"2015-03-25T17:49:31+00:00","og_image":[{"width":1024,"height":540,"url":"https:\/\/www.remonen.fi\/WP\/wp-content\/uploads\/2015\/03\/Turkki_kiertomatka_osa2-17.jpg","type":"image\/jpeg"}],"author":"Matti Remonen","twitter_misc":{"Kirjoittanut":"Matti Remonen","Arvioitu lukuaika":"2 minuuttia"},"schema":{"@context":"https:\/\/schema.org","@graph":[{"@type":"Article","@id":"https:\/\/www.remonen.fi\/WP\/blogi\/turkkia-ristiin-rastiin-osa-2\/#article","isPartOf":{"@id":"https:\/\/www.remonen.fi\/WP\/blogi\/turkkia-ristiin-rastiin-osa-2\/"},"author":{"name":"Matti Remonen","@id":"https:\/\/www.remonen.fi\/WP\/#\/schema\/person\/1803c23d1d4f6722054eb2ac7f7a97cd"},"headline":"Turkkia ristiin rastiin, osa 2","datePublished":"2015-03-24T15:07:39+00:00","dateModified":"2015-03-25T17:49:31+00:00","mainEntityOfPage":{"@id":"https:\/\/www.remonen.fi\/WP\/blogi\/turkkia-ristiin-rastiin-osa-2\/"},"wordCount":453,"commentCount":0,"publisher":{"@id":"https:\/\/www.remonen.fi\/WP\/#\/schema\/person\/1803c23d1d4f6722054eb2ac7f7a97cd"},"image":{"@id":"https:\/\/www.remonen.fi\/WP\/blogi\/turkkia-ristiin-rastiin-osa-2\/#primaryimage"},"thumbnailUrl":"https:\/\/www.remonen.fi\/WP\/wp-content\/uploads\/2015\/03\/Turkki_kiertomatka_osa2-17.jpg","keywords":["Efesos","Turkki"],"articleSection":["Blog"],"inLanguage":"fi","potentialAction":[{"@type":"CommentAction","name":"Comment","target":["https:\/\/www.remonen.fi\/WP\/blogi\/turkkia-ristiin-rastiin-osa-2\/#respond"]}]},{"@type":"WebPage","@id":"https:\/\/www.remonen.fi\/WP\/blogi\/turkkia-ristiin-rastiin-osa-2\/","url":"https:\/\/www.remonen.fi\/WP\/blogi\/turkkia-ristiin-rastiin-osa-2\/","name":"Turkkia ristiin rastiin, osa 2 - gREat MOments NEver forgotteN","isPartOf":{"@id":"https:\/\/www.remonen.fi\/WP\/#website"},"primaryImageOfPage":{"@id":"https:\/\/www.remonen.fi\/WP\/blogi\/turkkia-ristiin-rastiin-osa-2\/#primaryimage"},"image":{"@id":"https:\/\/www.remonen.fi\/WP\/blogi\/turkkia-ristiin-rastiin-osa-2\/#primaryimage"},"thumbnailUrl":"https:\/\/www.remonen.fi\/WP\/wp-content\/uploads\/2015\/03\/Turkki_kiertomatka_osa2-17.jpg","datePublished":"2015-03-24T15:07:39+00:00","dateModified":"2015-03-25T17:49:31+00:00","description":"Hyvin nukutun y\u00f6n j\u00e4lkeen matka jatkui Efesoksen historialliseen kaupunkiin. Efesoshan oli, kuten kaikki muistamme, yksi antiikin Kreikan t\u00e4rkeimmist\u00e4...","breadcrumb":{"@id":"https:\/\/www.remonen.fi\/WP\/blogi\/turkkia-ristiin-rastiin-osa-2\/#breadcrumb"},"inLanguage":"fi","potentialAction":[{"@type":"ReadAction","target":["https:\/\/www.remonen.fi\/WP\/blogi\/turkkia-ristiin-rastiin-osa-2\/"]}]},{"@type":"ImageObject","inLanguage":"fi","@id":"https:\/\/www.remonen.fi\/WP\/blogi\/turkkia-ristiin-rastiin-osa-2\/#primaryimage","url":"https:\/\/www.remonen.fi\/WP\/wp-content\/uploads\/2015\/03\/Turkki_kiertomatka_osa2-17.jpg","contentUrl":"https:\/\/www.remonen.fi\/WP\/wp-content\/uploads\/2015\/03\/Turkki_kiertomatka_osa2-17.jpg","width":1024,"height":540},{"@type":"BreadcrumbList","@id":"https:\/\/www.remonen.fi\/WP\/blogi\/turkkia-ristiin-rastiin-osa-2\/#breadcrumb","itemListElement":[{"@type":"ListItem","position":1,"name":"Etusivu","item":"https:\/\/www.remonen.fi\/WP\/"},{"@type":"ListItem","position":2,"name":"Turkkia ristiin rastiin, osa 2"}]},{"@type":"WebSite","@id":"https:\/\/www.remonen.fi\/WP\/#website","url":"https:\/\/www.remonen.fi\/WP\/","name":"remonen.fi","description":"Valokuvia ja tarinaa laidasta laitaan","publisher":{"@id":"https:\/\/www.remonen.fi\/WP\/#\/schema\/person\/1803c23d1d4f6722054eb2ac7f7a97cd"},"potentialAction":[{"@type":"SearchAction","target":{"@type":"EntryPoint","urlTemplate":"https:\/\/www.remonen.fi\/WP\/?s={search_term_string}"},"query-input":{"@type":"PropertyValueSpecification","valueRequired":true,"valueName":"search_term_string"}}],"inLanguage":"fi"},{"@type":["Person","Organization"],"@id":"https:\/\/www.remonen.fi\/WP\/#\/schema\/person\/1803c23d1d4f6722054eb2ac7f7a97cd","name":"Matti Remonen","logo":{"@id":"https:\/\/www.remonen.fi\/WP\/#\/schema\/person\/image\/"},"url":"https:\/\/www.remonen.fi\/WP\/blogi\/author\/mre\/"}]}},"_links":{"self":[{"href":"https:\/\/www.remonen.fi\/WP\/wp-json\/wp\/v2\/posts\/5417"}],"collection":[{"href":"https:\/\/www.remonen.fi\/WP\/wp-json\/wp\/v2\/posts"}],"about":[{"href":"https:\/\/www.remonen.fi\/WP\/wp-json\/wp\/v2\/types\/post"}],"author":[{"embeddable":true,"href":"https:\/\/www.remonen.fi\/WP\/wp-json\/wp\/v2\/users\/2"}],"replies":[{"embeddable":true,"href":"https:\/\/www.remonen.fi\/WP\/wp-json\/wp\/v2\/comments?post=5417"}],"version-history":[{"count":0,"href":"https:\/\/www.remonen.fi\/WP\/wp-json\/wp\/v2\/posts\/5417\/revisions"}],"wp:featuredmedia":[{"embeddable":true,"href":"https:\/\/www.remonen.fi\/WP\/wp-json\/wp\/v2\/media\/5508"}],"wp:attachment":[{"href":"https:\/\/www.remonen.fi\/WP\/wp-json\/wp\/v2\/media?parent=5417"}],"wp:term":[{"taxonomy":"category","embeddable":true,"href":"https:\/\/www.remonen.fi\/WP\/wp-json\/wp\/v2\/categories?post=5417"},{"taxonomy":"post_tag","embeddable":true,"href":"https:\/\/www.remonen.fi\/WP\/wp-json\/wp\/v2\/tags?post=5417"}],"curies":[{"name":"wp","href":"https:\/\/api.w.org\/{rel}","templated":true}]}}