{"id":5535,"date":"2015-03-25T16:34:27","date_gmt":"2015-03-25T14:34:27","guid":{"rendered":"http:\/\/www.remonen.fi\/?p=5535"},"modified":"2015-03-26T08:16:04","modified_gmt":"2015-03-26T06:16:04","slug":"turkkia-ristiin-rastiin-osa-3","status":"publish","type":"post","link":"https:\/\/www.remonen.fi\/WP\/blogi\/turkkia-ristiin-rastiin-osa-3\/","title":{"rendered":"Turkkia ristiin rastiin, osa 3"},"content":{"rendered":"<h3>P\u00e4iv\u00e4 4<\/h3>\n<p>Nelj\u00e4s p\u00e4iv\u00e4 n\u00e4ki meid\u00e4t taas matkalaukkuinemme lastautumassa bussiin ja matkan suunta oli kohti <a title=\"Afrodisias\" href=\"http:\/\/en.wikipedia.org\/wiki\/Aphrodisias\" target=\"_blank\">Afrodisiaksen <\/a>kaupunkia. Afrodisiaksen l\u00e4hell\u00e4 sijaitsivat antiikin aikana suuret kivilouhimot ja kaupunki olikin tunnettu marmoriteollisuudestaan ja kuvanveist\u00e4j\u00e4koulustaan.<\/p>\n<p><a href=\"http:\/\/www.remonen.fi\/WP\/wp-content\/uploads\/2015\/03\/Turkki_kiertomatka_osa3-1.jpg\"><img loading=\"lazy\" decoding=\"async\" class=\"aligncenter wp-image-5539\" title=\"Aperture: &#402;\/5.6 | Camera: ILCE-6000 | Taken: 16 maaliskuun, 2015 | Copyright: (c) Matti Remonen | Exposure bias: +7\/10EV | Flash fired: no | Focal length: 24mm | ISO: 100 | Shutter speed: 1\/640s | \" src=\"http:\/\/www.remonen.fi\/WP\/wp-content\/uploads\/2015\/03\/Turkki_kiertomatka_osa3-1.jpg\" alt=\"\" width=\"680\" height=\"680\" srcset=\"https:\/\/www.remonen.fi\/WP\/wp-content\/uploads\/2015\/03\/Turkki_kiertomatka_osa3-1.jpg 1024w, https:\/\/www.remonen.fi\/WP\/wp-content\/uploads\/2015\/03\/Turkki_kiertomatka_osa3-1-300x300.jpg 300w, https:\/\/www.remonen.fi\/WP\/wp-content\/uploads\/2015\/03\/Turkki_kiertomatka_osa3-1-680x680.jpg 680w\" sizes=\"(max-width: 680px) 100vw, 680px\" \/><\/a><\/p>\n<p>Nyky\u00e4\u00e4n se on tunnettu hyvin s\u00e4ilyneest\u00e4 monumentaalisesta Afroditen temppelin portista ja kokonaisuudessaan s\u00e4ilyneest\u00e4 stadionista.<\/p>\n<p><a href=\"http:\/\/www.remonen.fi\/WP\/wp-content\/uploads\/2015\/03\/Turkki_kiertomatka_osa3-1-2.jpg\"><img loading=\"lazy\" decoding=\"async\" class=\"aligncenter wp-image-5550\" title=\"Aperture: &#402;\/5.6 | Camera: ILCE-6000 | Taken: 16 maaliskuun, 2015 | Copyright: (c) Matti Remonen | Exposure bias: +7\/10EV | Flash fired: no | Focal length: 24mm | ISO: 100 | Shutter speed: 1\/640s | \" src=\"http:\/\/www.remonen.fi\/WP\/wp-content\/uploads\/2015\/03\/Turkki_kiertomatka_osa3-1-2.jpg\" alt=\"\" width=\"454\" height=\"680\" srcset=\"https:\/\/www.remonen.fi\/WP\/wp-content\/uploads\/2015\/03\/Turkki_kiertomatka_osa3-1-2.jpg 683w, https:\/\/www.remonen.fi\/WP\/wp-content\/uploads\/2015\/03\/Turkki_kiertomatka_osa3-1-2-200x300.jpg 200w, https:\/\/www.remonen.fi\/WP\/wp-content\/uploads\/2015\/03\/Turkki_kiertomatka_osa3-1-2-454x680.jpg 454w, https:\/\/www.remonen.fi\/WP\/wp-content\/uploads\/2015\/03\/Turkki_kiertomatka_osa3-1-2-300x450.jpg 300w\" sizes=\"(max-width: 454px) 100vw, 454px\" \/><\/a><\/p>\n<p><a href=\"http:\/\/www.remonen.fi\/WP\/wp-content\/uploads\/2015\/03\/Turkki_kiertomatka_osa3-2.jpg\"><img loading=\"lazy\" decoding=\"async\" class=\"aligncenter wp-image-5549\" title=\"Aperture: &#402;\/7.1 | Camera: ILCE-6000 | Taken: 16 maaliskuun, 2015 | Copyright: (c) Matti Remonen | Exposure bias: +7\/10EV | Flash fired: no | Focal length: 10mm | ISO: 100 | Shutter speed: 1\/320s | \" src=\"http:\/\/www.remonen.fi\/WP\/wp-content\/uploads\/2015\/03\/Turkki_kiertomatka_osa3-2.jpg\" alt=\"\" width=\"454\" height=\"680\" srcset=\"https:\/\/www.remonen.fi\/WP\/wp-content\/uploads\/2015\/03\/Turkki_kiertomatka_osa3-2.jpg 683w, https:\/\/www.remonen.fi\/WP\/wp-content\/uploads\/2015\/03\/Turkki_kiertomatka_osa3-2-200x300.jpg 200w, https:\/\/www.remonen.fi\/WP\/wp-content\/uploads\/2015\/03\/Turkki_kiertomatka_osa3-2-454x680.jpg 454w, https:\/\/www.remonen.fi\/WP\/wp-content\/uploads\/2015\/03\/Turkki_kiertomatka_osa3-2-300x450.jpg 300w\" sizes=\"(max-width: 454px) 100vw, 454px\" \/><\/a><\/p>\n<p><a href=\"http:\/\/www.remonen.fi\/WP\/wp-content\/uploads\/2015\/03\/Turkki_kiertomatka_osa3-4.jpg\"><img loading=\"lazy\" decoding=\"async\" class=\"aligncenter wp-image-5547\" title=\"Aperture: &#402;\/7.1 | Camera: ILCE-6000 | Taken: 16 maaliskuun, 2015 | Copyright: (c) Matti Remonen | Exposure bias: +7\/10EV | Flash fired: no | Focal length: 10mm | ISO: 100 | Shutter speed: 1\/320s | \" src=\"http:\/\/www.remonen.fi\/WP\/wp-content\/uploads\/2015\/03\/Turkki_kiertomatka_osa3-4.jpg\" alt=\"\" width=\"680\" height=\"454\" srcset=\"https:\/\/www.remonen.fi\/WP\/wp-content\/uploads\/2015\/03\/Turkki_kiertomatka_osa3-4.jpg 1024w, https:\/\/www.remonen.fi\/WP\/wp-content\/uploads\/2015\/03\/Turkki_kiertomatka_osa3-4-300x200.jpg 300w, https:\/\/www.remonen.fi\/WP\/wp-content\/uploads\/2015\/03\/Turkki_kiertomatka_osa3-4-680x454.jpg 680w\" sizes=\"(max-width: 680px) 100vw, 680px\" \/><\/a><\/p>\n<p><a href=\"http:\/\/www.remonen.fi\/WP\/wp-content\/uploads\/2015\/03\/Turkki_kiertomatka_osa3-3.jpg\"><img loading=\"lazy\" decoding=\"async\" class=\"aligncenter wp-image-5548\" title=\"Aperture: &#402;\/7.1 | Camera: ILCE-6000 | Taken: 16 maaliskuun, 2015 | Copyright: (c) Matti Remonen | Exposure bias: +7\/10EV | Flash fired: no | Focal length: 50mm | ISO: 100 | Shutter speed: 1\/400s | \" src=\"http:\/\/www.remonen.fi\/WP\/wp-content\/uploads\/2015\/03\/Turkki_kiertomatka_osa3-3.jpg\" alt=\"\" width=\"454\" height=\"680\" srcset=\"https:\/\/www.remonen.fi\/WP\/wp-content\/uploads\/2015\/03\/Turkki_kiertomatka_osa3-3.jpg 683w, https:\/\/www.remonen.fi\/WP\/wp-content\/uploads\/2015\/03\/Turkki_kiertomatka_osa3-3-200x300.jpg 200w, https:\/\/www.remonen.fi\/WP\/wp-content\/uploads\/2015\/03\/Turkki_kiertomatka_osa3-3-454x680.jpg 454w, https:\/\/www.remonen.fi\/WP\/wp-content\/uploads\/2015\/03\/Turkki_kiertomatka_osa3-3-300x450.jpg 300w\" sizes=\"(max-width: 454px) 100vw, 454px\" \/><\/a>Kaupungissa sijaitsi my\u00f6s erityinen temppeli, Sebasteion \/ Augustion, jossa Rooman keisareita palvottiin jumalina. Rakennus on viel\u00e4 varsin hyv\u00e4kuntoinen ja sen sis\u00e4lt\u00f6 on l\u00f6ydetty lukuisia Rooman keisareita esitt\u00e4neit\u00e4 t\u00e4ysikokoisia patsaita. Patsaat on siirretty l\u00e4heiseen museoon suojaan. Museo ei valitettavasti ollut auki n\u00e4in turistikauden ulkopuolella.<\/p>\n<div id=\"attachment_5544\" style=\"width: 640px\" class=\"wp-caption aligncenter\"><a href=\"http:\/\/www.remonen.fi\/WP\/wp-content\/uploads\/2015\/03\/Turkki_kiertomatka_osa3-7.jpg\"><img loading=\"lazy\" decoding=\"async\" aria-describedby=\"caption-attachment-5544\" class=\"wp-image-5544\" title=\"Aperture: &#402;\/5.6 | Camera: NEX-5N | Taken: 16 maaliskuun, 2015 | Copyright: (c) Matti Remonen | Exposure bias: +2.7EV | Flash fired: no | Focal length: 18mm | ISO: 100 | Shutter speed: 1\/100s | \" src=\"http:\/\/www.remonen.fi\/WP\/wp-content\/uploads\/2015\/03\/Turkki_kiertomatka_osa3-7.jpg\" alt=\"\" width=\"630\" height=\"418\" srcset=\"https:\/\/www.remonen.fi\/WP\/wp-content\/uploads\/2015\/03\/Turkki_kiertomatka_osa3-7.jpg 1024w, https:\/\/www.remonen.fi\/WP\/wp-content\/uploads\/2015\/03\/Turkki_kiertomatka_osa3-7-300x199.jpg 300w, https:\/\/www.remonen.fi\/WP\/wp-content\/uploads\/2015\/03\/Turkki_kiertomatka_osa3-7-680x452.jpg 680w\" sizes=\"(max-width: 630px) 100vw, 630px\" \/><\/a><p id=\"caption-attachment-5544\" class=\"wp-caption-text\">Sebasteion<\/p><\/div>\n<p style=\"text-align: left;\"><a href=\"http:\/\/www.remonen.fi\/WP\/wp-content\/uploads\/2015\/03\/Turkki_kiertomatka_osa3-5.jpg\"><img loading=\"lazy\" decoding=\"async\" class=\"aligncenter wp-image-5546\" title=\"Aperture: &#402;\/5.6 | Camera: NEX-5N | Taken: 16 maaliskuun, 2015 | Copyright: (c) Matti Remonen | Exposure bias: +2.7EV | Flash fired: no | Focal length: 36mm | ISO: 100 | Shutter speed: 1\/100s | \" src=\"http:\/\/www.remonen.fi\/WP\/wp-content\/uploads\/2015\/03\/Turkki_kiertomatka_osa3-5.jpg\" alt=\"\" width=\"452\" height=\"680\" srcset=\"https:\/\/www.remonen.fi\/WP\/wp-content\/uploads\/2015\/03\/Turkki_kiertomatka_osa3-5.jpg 680w, https:\/\/www.remonen.fi\/WP\/wp-content\/uploads\/2015\/03\/Turkki_kiertomatka_osa3-5-199x300.jpg 199w, https:\/\/www.remonen.fi\/WP\/wp-content\/uploads\/2015\/03\/Turkki_kiertomatka_osa3-5-452x680.jpg 452w, https:\/\/www.remonen.fi\/WP\/wp-content\/uploads\/2015\/03\/Turkki_kiertomatka_osa3-5-300x452.jpg 300w\" sizes=\"(max-width: 452px) 100vw, 452px\" \/><\/a>Afrodisiaksen kaupungista jatkoimme matkaa <a title=\"Pamukkale\" href=\"http:\/\/en.wikipedia.org\/wiki\/Pamukkale\" target=\"_blank\">Pamukkaleen<\/a>. Ohjelman mukaan Pamukkale olisi ollut vuorossa vasta seuraavana p\u00e4iv\u00e4n\u00e4, mutta oppaamme p\u00e4\u00e4tti tehd\u00e4 ohjelmaan muutoksen, kun oli luvattu sadetta. P\u00e4\u00e4t\u00f6s olikin hyv\u00e4, sill\u00e4 seuraava p\u00e4iv\u00e4 oli s\u00e4\u00e4n puolesta selv\u00e4sti huonompi.<\/p>\n<p>Pamukkalessa sijaitsee UNESCON maailmanperint\u00f6kohteeksi p\u00e4\u00e4sseet kalkkikiviterassit. Itse asiassa &#8221;Pamukkale&#8221; tarkoittaa Puuvillalinnaa. Valitettavasti kohteen loistosta j\u00e4i n\u00e4kem\u00e4tt\u00e4 merkitt\u00e4v\u00e4 osa, kun nyky\u00e4\u00e4n veden juoksutusta n\u00e4ihin kaliikivialtaisiin rajoitetaan pohjaveden v\u00e4hentymisen vuoksi. T\u00e4st\u00e4 syyst\u00e4 kaikki n\u00e4ytt\u00e4vimm\u00e4t altaat olivat tyhj\u00e4n\u00e4 ja kuivillaan.<\/p>\n<p>Joka tapauksessa p\u00e4\u00e4simme kiipe\u00e4m\u00e4\u00e4n itse kukkulan p\u00e4\u00e4lle katsomaan hienoja maisemia. Kukkulan laella on aikanaan sijainnut Hieropoliksen kaupunki johon meill\u00e4 ei valitettavasti ollut aikaa tutustua. Pikaisen k\u00e4ynnin perusteella sanoisin, ett\u00e4 tuolla saa helposti kulumaan kokonaisen p\u00e4iv\u00e4n.<\/p>\n<p><div id=\"attachment_5540\" style=\"width: 670px\" class=\"wp-caption aligncenter\"><a href=\"http:\/\/www.remonen.fi\/WP\/wp-content\/uploads\/2015\/03\/Turkki_kiertomatka_osa3-10.jpg\"><img loading=\"lazy\" decoding=\"async\" aria-describedby=\"caption-attachment-5540\" class=\"wp-image-5540\" title=\"Aperture: &#402;\/7.1 | Camera: ILCE-6000 | Taken: 16 maaliskuun, 2015 | Copyright: (c) Matti Remonen | Flash fired: no | Focal length: 24mm | ISO: 100 | Shutter speed: 1\/500s | \" src=\"http:\/\/www.remonen.fi\/WP\/wp-content\/uploads\/2015\/03\/Turkki_kiertomatka_osa3-10.jpg\" alt=\"\" width=\"660\" height=\"440\" srcset=\"https:\/\/www.remonen.fi\/WP\/wp-content\/uploads\/2015\/03\/Turkki_kiertomatka_osa3-10.jpg 1024w, https:\/\/www.remonen.fi\/WP\/wp-content\/uploads\/2015\/03\/Turkki_kiertomatka_osa3-10-300x200.jpg 300w, https:\/\/www.remonen.fi\/WP\/wp-content\/uploads\/2015\/03\/Turkki_kiertomatka_osa3-10-680x454.jpg 680w\" sizes=\"(max-width: 660px) 100vw, 660px\" \/><\/a><p id=\"caption-attachment-5540\" class=\"wp-caption-text\">N\u00e4kym\u00e4 kukkulalta alas Pamukkalen kaupunkiin<\/p><\/div><div id=\"attachment_5543\" style=\"width: 670px\" class=\"wp-caption aligncenter\"><a href=\"http:\/\/www.remonen.fi\/WP\/wp-content\/uploads\/2015\/03\/Turkki_kiertomatka_osa3-8.jpg\"><img loading=\"lazy\" decoding=\"async\" aria-describedby=\"caption-attachment-5543\" class=\"wp-image-5543\" title=\"Aperture: &#402;\/7.1 | Camera: ILCE-6000 | Taken: 16 maaliskuun, 2015 | Copyright: (c) Matti Remonen | Flash fired: no | Focal length: 24mm | ISO: 100 | Shutter speed: 1\/1250s | \" src=\"http:\/\/www.remonen.fi\/WP\/wp-content\/uploads\/2015\/03\/Turkki_kiertomatka_osa3-8.jpg\" alt=\"\" width=\"660\" height=\"440\" srcset=\"https:\/\/www.remonen.fi\/WP\/wp-content\/uploads\/2015\/03\/Turkki_kiertomatka_osa3-8.jpg 1024w, https:\/\/www.remonen.fi\/WP\/wp-content\/uploads\/2015\/03\/Turkki_kiertomatka_osa3-8-300x200.jpg 300w, https:\/\/www.remonen.fi\/WP\/wp-content\/uploads\/2015\/03\/Turkki_kiertomatka_osa3-8-680x454.jpg 680w\" sizes=\"(max-width: 660px) 100vw, 660px\" \/><\/a><p id=\"caption-attachment-5543\" class=\"wp-caption-text\">Matkalla yl\u00f6s<\/p><\/div><\/p>\n<p style=\"text-align: left;\"><a href=\"http:\/\/www.remonen.fi\/WP\/wp-content\/uploads\/2015\/03\/Turkki_kiertomatka_osa3-9.jpg\"><img loading=\"lazy\" decoding=\"async\" class=\"aligncenter wp-image-5542\" title=\"Aperture: &#402;\/7.1 | Camera: ILCE-6000 | Taken: 16 maaliskuun, 2015 | Copyright: (c) Matti Remonen | Flash fired: no | Focal length: 24mm | ISO: 100 | Shutter speed: 1\/320s | \" src=\"http:\/\/www.remonen.fi\/WP\/wp-content\/uploads\/2015\/03\/Turkki_kiertomatka_osa3-9.jpg\" alt=\"\" width=\"680\" height=\"454\" srcset=\"https:\/\/www.remonen.fi\/WP\/wp-content\/uploads\/2015\/03\/Turkki_kiertomatka_osa3-9.jpg 1024w, https:\/\/www.remonen.fi\/WP\/wp-content\/uploads\/2015\/03\/Turkki_kiertomatka_osa3-9-300x200.jpg 300w, https:\/\/www.remonen.fi\/WP\/wp-content\/uploads\/2015\/03\/Turkki_kiertomatka_osa3-9-680x454.jpg 680w\" sizes=\"(max-width: 680px) 100vw, 680px\" \/><\/a>Pamukkalen j\u00e4lkeen p\u00e4iv\u00e4 olikin taas paketissa ja jatkoimme matkaa seuraavaan hotelliin, jossa oli mahdollisuus p\u00e4\u00e4st\u00e4 lillumaan uima-altaassa, jonka vesi oli per\u00e4isin suoraan kuumista l\u00e4hteist\u00e4. No, olihan se kokemus sekin&#8230; Puhumattakaan siit\u00e4, ett\u00e4 viel\u00e4 my\u00f6hemmin iltasella hotellin ravintolassa oli &#8221;perinteinen&#8221; napatanssiesitys. No, perinteist\u00e4 tied\u00e4, mutta kyll\u00e4h\u00e4n tuota mielell\u00e4\u00e4n seurasi. Kamera ei ollut mukana.<\/p>\n<p>Ja mukana kulki Sony ILCE-6000 + Sony Zeiss 24f18 + SEL50f18 + SEL1018 ja IR-modifioitu Sony NEX-5N + SEL1855<\/p>\n","protected":false},"excerpt":{"rendered":"<p>P\u00e4iv\u00e4 4 Nelj\u00e4s p\u00e4iv\u00e4 n\u00e4ki meid\u00e4t taas matkalaukkuinemme lastautumassa bussiin ja matkan suunta oli kohti Afrodisiaksen kaupunkia. Afrodisiaksen l\u00e4hell\u00e4 sijaitsivat antiikin aikana suuret kivilouhimot ja kaupunki olikin tunnettu marmoriteollisuudestaan ja kuvanveist\u00e4j\u00e4koulustaan. Nyky\u00e4\u00e4n se on tunnettu hyvin s\u00e4ilyneest\u00e4 monumentaalisesta Afroditen temppelin portista ja kokonaisuudessaan s\u00e4ilyneest\u00e4 stadionista. Kaupungissa sijaitsi my\u00f6s erityinen temppeli, Sebasteion \/ Augustion, jossa Rooman [&hellip;]<\/p>\n","protected":false},"author":2,"featured_media":5541,"comment_status":"open","ping_status":"closed","sticky":false,"template":"","format":"standard","meta":{"footnotes":""},"categories":[16],"tags":[213,212,211],"yoast_head":"<!-- This site is optimized with the Yoast SEO plugin v24.5 - https:\/\/yoast.com\/wordpress\/plugins\/seo\/ -->\n<title>Turkkia ristiin rastiin, osa 3 - gREat MOments NEver forgotteN<\/title>\n<meta name=\"description\" content=\"Nelj\u00e4s p\u00e4iv\u00e4 n\u00e4ki meid\u00e4t taas matkalaukkuinemme lastautumassa bussiin ja matkan suunta oli kohti Afrodisiaksen kaupunkia.\" \/>\n<meta name=\"robots\" content=\"index, follow, max-snippet:-1, max-image-preview:large, max-video-preview:-1\" \/>\n<link rel=\"canonical\" href=\"https:\/\/www.remonen.fi\/WP\/blogi\/turkkia-ristiin-rastiin-osa-3\/\" \/>\n<meta property=\"og:locale\" content=\"fi_FI\" \/>\n<meta property=\"og:type\" content=\"article\" \/>\n<meta property=\"og:title\" content=\"Turkkia ristiin rastiin, osa 3 - gREat MOments NEver forgotteN\" \/>\n<meta property=\"og:description\" content=\"Nelj\u00e4s p\u00e4iv\u00e4 n\u00e4ki meid\u00e4t taas matkalaukkuinemme lastautumassa bussiin ja matkan suunta oli kohti Afrodisiaksen kaupunkia.\" \/>\n<meta property=\"og:url\" content=\"https:\/\/www.remonen.fi\/WP\/blogi\/turkkia-ristiin-rastiin-osa-3\/\" \/>\n<meta property=\"og:site_name\" content=\"remonen.fi\" \/>\n<meta property=\"article:published_time\" content=\"2015-03-25T14:34:27+00:00\" \/>\n<meta property=\"article:modified_time\" content=\"2015-03-26T06:16:04+00:00\" \/>\n<meta property=\"og:image\" content=\"https:\/\/www.remonen.fi\/WP\/wp-content\/uploads\/2015\/03\/Turkki_kiertomatka_osa3-11.jpg\" \/>\n\t<meta property=\"og:image:width\" content=\"1024\" \/>\n\t<meta property=\"og:image:height\" content=\"509\" \/>\n\t<meta property=\"og:image:type\" content=\"image\/jpeg\" \/>\n<meta name=\"author\" content=\"Matti Remonen\" \/>\n<meta name=\"twitter:label1\" content=\"Kirjoittanut\" \/>\n\t<meta name=\"twitter:data1\" content=\"Matti Remonen\" \/>\n\t<meta name=\"twitter:label2\" content=\"Arvioitu lukuaika\" \/>\n\t<meta name=\"twitter:data2\" content=\"2 minuuttia\" \/>\n<script type=\"application\/ld+json\" class=\"yoast-schema-graph\">{\"@context\":\"https:\/\/schema.org\",\"@graph\":[{\"@type\":\"Article\",\"@id\":\"https:\/\/www.remonen.fi\/WP\/blogi\/turkkia-ristiin-rastiin-osa-3\/#article\",\"isPartOf\":{\"@id\":\"https:\/\/www.remonen.fi\/WP\/blogi\/turkkia-ristiin-rastiin-osa-3\/\"},\"author\":{\"name\":\"Matti Remonen\",\"@id\":\"https:\/\/www.remonen.fi\/WP\/#\/schema\/person\/1803c23d1d4f6722054eb2ac7f7a97cd\"},\"headline\":\"Turkkia ristiin rastiin, osa 3\",\"datePublished\":\"2015-03-25T14:34:27+00:00\",\"dateModified\":\"2015-03-26T06:16:04+00:00\",\"mainEntityOfPage\":{\"@id\":\"https:\/\/www.remonen.fi\/WP\/blogi\/turkkia-ristiin-rastiin-osa-3\/\"},\"wordCount\":354,\"commentCount\":0,\"publisher\":{\"@id\":\"https:\/\/www.remonen.fi\/WP\/#\/schema\/person\/1803c23d1d4f6722054eb2ac7f7a97cd\"},\"image\":{\"@id\":\"https:\/\/www.remonen.fi\/WP\/blogi\/turkkia-ristiin-rastiin-osa-3\/#primaryimage\"},\"thumbnailUrl\":\"https:\/\/www.remonen.fi\/WP\/wp-content\/uploads\/2015\/03\/Turkki_kiertomatka_osa3-11.jpg\",\"keywords\":[\"Afrodisias\",\"Pamukkale\",\"Turkki\"],\"articleSection\":[\"Blog\"],\"inLanguage\":\"fi\",\"potentialAction\":[{\"@type\":\"CommentAction\",\"name\":\"Comment\",\"target\":[\"https:\/\/www.remonen.fi\/WP\/blogi\/turkkia-ristiin-rastiin-osa-3\/#respond\"]}]},{\"@type\":\"WebPage\",\"@id\":\"https:\/\/www.remonen.fi\/WP\/blogi\/turkkia-ristiin-rastiin-osa-3\/\",\"url\":\"https:\/\/www.remonen.fi\/WP\/blogi\/turkkia-ristiin-rastiin-osa-3\/\",\"name\":\"Turkkia ristiin rastiin, osa 3 - gREat MOments NEver forgotteN\",\"isPartOf\":{\"@id\":\"https:\/\/www.remonen.fi\/WP\/#website\"},\"primaryImageOfPage\":{\"@id\":\"https:\/\/www.remonen.fi\/WP\/blogi\/turkkia-ristiin-rastiin-osa-3\/#primaryimage\"},\"image\":{\"@id\":\"https:\/\/www.remonen.fi\/WP\/blogi\/turkkia-ristiin-rastiin-osa-3\/#primaryimage\"},\"thumbnailUrl\":\"https:\/\/www.remonen.fi\/WP\/wp-content\/uploads\/2015\/03\/Turkki_kiertomatka_osa3-11.jpg\",\"datePublished\":\"2015-03-25T14:34:27+00:00\",\"dateModified\":\"2015-03-26T06:16:04+00:00\",\"description\":\"Nelj\u00e4s p\u00e4iv\u00e4 n\u00e4ki meid\u00e4t taas matkalaukkuinemme lastautumassa bussiin ja matkan suunta oli kohti Afrodisiaksen kaupunkia.\",\"breadcrumb\":{\"@id\":\"https:\/\/www.remonen.fi\/WP\/blogi\/turkkia-ristiin-rastiin-osa-3\/#breadcrumb\"},\"inLanguage\":\"fi\",\"potentialAction\":[{\"@type\":\"ReadAction\",\"target\":[\"https:\/\/www.remonen.fi\/WP\/blogi\/turkkia-ristiin-rastiin-osa-3\/\"]}]},{\"@type\":\"ImageObject\",\"inLanguage\":\"fi\",\"@id\":\"https:\/\/www.remonen.fi\/WP\/blogi\/turkkia-ristiin-rastiin-osa-3\/#primaryimage\",\"url\":\"https:\/\/www.remonen.fi\/WP\/wp-content\/uploads\/2015\/03\/Turkki_kiertomatka_osa3-11.jpg\",\"contentUrl\":\"https:\/\/www.remonen.fi\/WP\/wp-content\/uploads\/2015\/03\/Turkki_kiertomatka_osa3-11.jpg\",\"width\":1024,\"height\":509,\"caption\":\"[exif id=\\\"5541\\\"]\"},{\"@type\":\"BreadcrumbList\",\"@id\":\"https:\/\/www.remonen.fi\/WP\/blogi\/turkkia-ristiin-rastiin-osa-3\/#breadcrumb\",\"itemListElement\":[{\"@type\":\"ListItem\",\"position\":1,\"name\":\"Etusivu\",\"item\":\"https:\/\/www.remonen.fi\/WP\/\"},{\"@type\":\"ListItem\",\"position\":2,\"name\":\"Turkkia ristiin rastiin, osa 3\"}]},{\"@type\":\"WebSite\",\"@id\":\"https:\/\/www.remonen.fi\/WP\/#website\",\"url\":\"https:\/\/www.remonen.fi\/WP\/\",\"name\":\"remonen.fi\",\"description\":\"Valokuvia ja tarinaa laidasta laitaan\",\"publisher\":{\"@id\":\"https:\/\/www.remonen.fi\/WP\/#\/schema\/person\/1803c23d1d4f6722054eb2ac7f7a97cd\"},\"potentialAction\":[{\"@type\":\"SearchAction\",\"target\":{\"@type\":\"EntryPoint\",\"urlTemplate\":\"https:\/\/www.remonen.fi\/WP\/?s={search_term_string}\"},\"query-input\":{\"@type\":\"PropertyValueSpecification\",\"valueRequired\":true,\"valueName\":\"search_term_string\"}}],\"inLanguage\":\"fi\"},{\"@type\":[\"Person\",\"Organization\"],\"@id\":\"https:\/\/www.remonen.fi\/WP\/#\/schema\/person\/1803c23d1d4f6722054eb2ac7f7a97cd\",\"name\":\"Matti Remonen\",\"logo\":{\"@id\":\"https:\/\/www.remonen.fi\/WP\/#\/schema\/person\/image\/\"},\"url\":\"https:\/\/www.remonen.fi\/WP\/blogi\/author\/mre\/\"}]}<\/script>\n<!-- \/ Yoast SEO plugin. -->","yoast_head_json":{"title":"Turkkia ristiin rastiin, osa 3 - gREat MOments NEver forgotteN","description":"Nelj\u00e4s p\u00e4iv\u00e4 n\u00e4ki meid\u00e4t taas matkalaukkuinemme lastautumassa bussiin ja matkan suunta oli kohti Afrodisiaksen kaupunkia.","robots":{"index":"index","follow":"follow","max-snippet":"max-snippet:-1","max-image-preview":"max-image-preview:large","max-video-preview":"max-video-preview:-1"},"canonical":"https:\/\/www.remonen.fi\/WP\/blogi\/turkkia-ristiin-rastiin-osa-3\/","og_locale":"fi_FI","og_type":"article","og_title":"Turkkia ristiin rastiin, osa 3 - gREat MOments NEver forgotteN","og_description":"Nelj\u00e4s p\u00e4iv\u00e4 n\u00e4ki meid\u00e4t taas matkalaukkuinemme lastautumassa bussiin ja matkan suunta oli kohti Afrodisiaksen kaupunkia.","og_url":"https:\/\/www.remonen.fi\/WP\/blogi\/turkkia-ristiin-rastiin-osa-3\/","og_site_name":"remonen.fi","article_published_time":"2015-03-25T14:34:27+00:00","article_modified_time":"2015-03-26T06:16:04+00:00","og_image":[{"width":1024,"height":509,"url":"https:\/\/www.remonen.fi\/WP\/wp-content\/uploads\/2015\/03\/Turkki_kiertomatka_osa3-11.jpg","type":"image\/jpeg"}],"author":"Matti Remonen","twitter_misc":{"Kirjoittanut":"Matti Remonen","Arvioitu lukuaika":"2 minuuttia"},"schema":{"@context":"https:\/\/schema.org","@graph":[{"@type":"Article","@id":"https:\/\/www.remonen.fi\/WP\/blogi\/turkkia-ristiin-rastiin-osa-3\/#article","isPartOf":{"@id":"https:\/\/www.remonen.fi\/WP\/blogi\/turkkia-ristiin-rastiin-osa-3\/"},"author":{"name":"Matti Remonen","@id":"https:\/\/www.remonen.fi\/WP\/#\/schema\/person\/1803c23d1d4f6722054eb2ac7f7a97cd"},"headline":"Turkkia ristiin rastiin, osa 3","datePublished":"2015-03-25T14:34:27+00:00","dateModified":"2015-03-26T06:16:04+00:00","mainEntityOfPage":{"@id":"https:\/\/www.remonen.fi\/WP\/blogi\/turkkia-ristiin-rastiin-osa-3\/"},"wordCount":354,"commentCount":0,"publisher":{"@id":"https:\/\/www.remonen.fi\/WP\/#\/schema\/person\/1803c23d1d4f6722054eb2ac7f7a97cd"},"image":{"@id":"https:\/\/www.remonen.fi\/WP\/blogi\/turkkia-ristiin-rastiin-osa-3\/#primaryimage"},"thumbnailUrl":"https:\/\/www.remonen.fi\/WP\/wp-content\/uploads\/2015\/03\/Turkki_kiertomatka_osa3-11.jpg","keywords":["Afrodisias","Pamukkale","Turkki"],"articleSection":["Blog"],"inLanguage":"fi","potentialAction":[{"@type":"CommentAction","name":"Comment","target":["https:\/\/www.remonen.fi\/WP\/blogi\/turkkia-ristiin-rastiin-osa-3\/#respond"]}]},{"@type":"WebPage","@id":"https:\/\/www.remonen.fi\/WP\/blogi\/turkkia-ristiin-rastiin-osa-3\/","url":"https:\/\/www.remonen.fi\/WP\/blogi\/turkkia-ristiin-rastiin-osa-3\/","name":"Turkkia ristiin rastiin, osa 3 - gREat MOments NEver forgotteN","isPartOf":{"@id":"https:\/\/www.remonen.fi\/WP\/#website"},"primaryImageOfPage":{"@id":"https:\/\/www.remonen.fi\/WP\/blogi\/turkkia-ristiin-rastiin-osa-3\/#primaryimage"},"image":{"@id":"https:\/\/www.remonen.fi\/WP\/blogi\/turkkia-ristiin-rastiin-osa-3\/#primaryimage"},"thumbnailUrl":"https:\/\/www.remonen.fi\/WP\/wp-content\/uploads\/2015\/03\/Turkki_kiertomatka_osa3-11.jpg","datePublished":"2015-03-25T14:34:27+00:00","dateModified":"2015-03-26T06:16:04+00:00","description":"Nelj\u00e4s p\u00e4iv\u00e4 n\u00e4ki meid\u00e4t taas matkalaukkuinemme lastautumassa bussiin ja matkan suunta oli kohti Afrodisiaksen kaupunkia.","breadcrumb":{"@id":"https:\/\/www.remonen.fi\/WP\/blogi\/turkkia-ristiin-rastiin-osa-3\/#breadcrumb"},"inLanguage":"fi","potentialAction":[{"@type":"ReadAction","target":["https:\/\/www.remonen.fi\/WP\/blogi\/turkkia-ristiin-rastiin-osa-3\/"]}]},{"@type":"ImageObject","inLanguage":"fi","@id":"https:\/\/www.remonen.fi\/WP\/blogi\/turkkia-ristiin-rastiin-osa-3\/#primaryimage","url":"https:\/\/www.remonen.fi\/WP\/wp-content\/uploads\/2015\/03\/Turkki_kiertomatka_osa3-11.jpg","contentUrl":"https:\/\/www.remonen.fi\/WP\/wp-content\/uploads\/2015\/03\/Turkki_kiertomatka_osa3-11.jpg","width":1024,"height":509,"caption":"[exif id=\"5541\"]"},{"@type":"BreadcrumbList","@id":"https:\/\/www.remonen.fi\/WP\/blogi\/turkkia-ristiin-rastiin-osa-3\/#breadcrumb","itemListElement":[{"@type":"ListItem","position":1,"name":"Etusivu","item":"https:\/\/www.remonen.fi\/WP\/"},{"@type":"ListItem","position":2,"name":"Turkkia ristiin rastiin, osa 3"}]},{"@type":"WebSite","@id":"https:\/\/www.remonen.fi\/WP\/#website","url":"https:\/\/www.remonen.fi\/WP\/","name":"remonen.fi","description":"Valokuvia ja tarinaa laidasta laitaan","publisher":{"@id":"https:\/\/www.remonen.fi\/WP\/#\/schema\/person\/1803c23d1d4f6722054eb2ac7f7a97cd"},"potentialAction":[{"@type":"SearchAction","target":{"@type":"EntryPoint","urlTemplate":"https:\/\/www.remonen.fi\/WP\/?s={search_term_string}"},"query-input":{"@type":"PropertyValueSpecification","valueRequired":true,"valueName":"search_term_string"}}],"inLanguage":"fi"},{"@type":["Person","Organization"],"@id":"https:\/\/www.remonen.fi\/WP\/#\/schema\/person\/1803c23d1d4f6722054eb2ac7f7a97cd","name":"Matti Remonen","logo":{"@id":"https:\/\/www.remonen.fi\/WP\/#\/schema\/person\/image\/"},"url":"https:\/\/www.remonen.fi\/WP\/blogi\/author\/mre\/"}]}},"_links":{"self":[{"href":"https:\/\/www.remonen.fi\/WP\/wp-json\/wp\/v2\/posts\/5535"}],"collection":[{"href":"https:\/\/www.remonen.fi\/WP\/wp-json\/wp\/v2\/posts"}],"about":[{"href":"https:\/\/www.remonen.fi\/WP\/wp-json\/wp\/v2\/types\/post"}],"author":[{"embeddable":true,"href":"https:\/\/www.remonen.fi\/WP\/wp-json\/wp\/v2\/users\/2"}],"replies":[{"embeddable":true,"href":"https:\/\/www.remonen.fi\/WP\/wp-json\/wp\/v2\/comments?post=5535"}],"version-history":[{"count":0,"href":"https:\/\/www.remonen.fi\/WP\/wp-json\/wp\/v2\/posts\/5535\/revisions"}],"wp:featuredmedia":[{"embeddable":true,"href":"https:\/\/www.remonen.fi\/WP\/wp-json\/wp\/v2\/media\/5541"}],"wp:attachment":[{"href":"https:\/\/www.remonen.fi\/WP\/wp-json\/wp\/v2\/media?parent=5535"}],"wp:term":[{"taxonomy":"category","embeddable":true,"href":"https:\/\/www.remonen.fi\/WP\/wp-json\/wp\/v2\/categories?post=5535"},{"taxonomy":"post_tag","embeddable":true,"href":"https:\/\/www.remonen.fi\/WP\/wp-json\/wp\/v2\/tags?post=5535"}],"curies":[{"name":"wp","href":"https:\/\/api.w.org\/{rel}","templated":true}]}}