{"id":5627,"date":"2015-04-12T15:34:13","date_gmt":"2015-04-12T12:34:13","guid":{"rendered":"http:\/\/www.remonen.fi\/?p=5627"},"modified":"2015-04-12T20:10:31","modified_gmt":"2015-04-12T17:10:31","slug":"hanen-afrikkansa","status":"publish","type":"post","link":"https:\/\/www.remonen.fi\/WP\/blogi\/hanen-afrikkansa\/","title":{"rendered":"H\u00e4nen Afrikkansa"},"content":{"rendered":"<p>Mulla iski kauhea paniikki: <a title=\"Nick Brandt\" href=\"http:\/\/www.nickbrandt.com\/\" target=\"_blank\">Nick Brandtin<\/a> valokuvan\u00e4yttely oli p\u00e4\u00e4ttym\u00e4ss\u00e4, enk\u00e4 ollut ehtinyt k\u00e4ym\u00e4\u00e4n siell\u00e4. P\u00e4\u00e4tinkin, ett\u00e4 heti seuraavana viikonloppuna tekisin reissun Saloon. Otettuani l\u00e4\u00e4kkeet, havaitsin ett\u00e4 n\u00e4yttely p\u00e4\u00e4ttyisi vasta kuukauden p\u00e4\u00e4st\u00e4, mutta l\u00e4ht\u00f6p\u00e4\u00e4t\u00f6s oli tehty, joten sit\u00e4 oli noudatettava. Mukaan p\u00e4\u00e4tin matkaseuraksi ottaa blogini ainoan lukijan, Mikan. Oppiipahan olemaan tunkematta nokkaansa toisten blogeihin&#8230;<\/p>\n<p><a href=\"http:\/\/www.remonen.fi\/WP\/wp-content\/uploads\/2015\/04\/nick_brandt-2.jpg\"><img loading=\"lazy\" decoding=\"async\" class=\"aligncenter wp-image-5628\" title=\"Aperture: &#402;\/5.6 | Camera: ILCE-6000 | Taken: 11 huhtikuun, 2015 | Copyright: (c) Matti Remonen | Exposure bias: +7\/10EV | Flash fired: no | Focal length: 24mm | ISO: 100 | Shutter speed: 1\/800s | \" src=\"http:\/\/www.remonen.fi\/WP\/wp-content\/uploads\/2015\/04\/nick_brandt-2.jpg\" alt=\"\" width=\"482\" height=\"680\" srcset=\"https:\/\/www.remonen.fi\/WP\/wp-content\/uploads\/2015\/04\/nick_brandt-2.jpg 726w, https:\/\/www.remonen.fi\/WP\/wp-content\/uploads\/2015\/04\/nick_brandt-2-213x300.jpg 213w, https:\/\/www.remonen.fi\/WP\/wp-content\/uploads\/2015\/04\/nick_brandt-2-482x680.jpg 482w, https:\/\/www.remonen.fi\/WP\/wp-content\/uploads\/2015\/04\/nick_brandt-2-300x423.jpg 300w\" sizes=\"(max-width: 482px) 100vw, 482px\" \/><\/a><\/p>\n<p>Lauantai-aamulla sitten nokka kohti uljaan k\u00e4nnykk\u00e4teollisuuden savuavia raunioita. Ja matkahan siin\u00e4 sujuikin mukavasti valokuvauksesta keskustellen, kun oli matkaseuraa. Aina se yksinkeskustelun voittaa ja tulee v\u00e4hemm\u00e4n riitaakin.<\/p>\n<p>Aikanaan sitten saavuimme Saloon, jonne ei nyt ehk\u00e4 kannata raahata bussilastillista suomalaisesta nykyarkkitehtuurista kiinnostuneita. Tai sitten kannattaa, riippuu haluaako esitell\u00e4 suomalaisen arkkitehtuurin rappiota vai kunniaa. Lukijalla j\u00e4\u00e4k\u00f6\u00f6n mietitt\u00e4v\u00e4ksi, kumpaa Salon keskusta edustaa.<\/p>\n<p><a href=\"http:\/\/www.remonen.fi\/WP\/wp-content\/uploads\/2015\/04\/nick_brandt-3.jpg\"><img loading=\"lazy\" decoding=\"async\" class=\"aligncenter wp-image-5635\" title=\"Aperture: &#402;\/5.6 | Camera: ILCE-6000 | Taken: 11 huhtikuun, 2015 | Copyright: (c) Matti Remonen | Exposure bias: +7\/10EV | Flash fired: no | Focal length: 24mm | ISO: 100 | Shutter speed: 1\/160s | \" src=\"http:\/\/www.remonen.fi\/WP\/wp-content\/uploads\/2015\/04\/nick_brandt-3.jpg\" alt=\"\" width=\"493\" height=\"680\" srcset=\"https:\/\/www.remonen.fi\/WP\/wp-content\/uploads\/2015\/04\/nick_brandt-3.jpg 742w, https:\/\/www.remonen.fi\/WP\/wp-content\/uploads\/2015\/04\/nick_brandt-3-217x300.jpg 217w, https:\/\/www.remonen.fi\/WP\/wp-content\/uploads\/2015\/04\/nick_brandt-3-493x680.jpg 493w, https:\/\/www.remonen.fi\/WP\/wp-content\/uploads\/2015\/04\/nick_brandt-3-300x414.jpg 300w\" sizes=\"(max-width: 493px) 100vw, 493px\" \/><\/a><\/p>\n<p>Joka tapauksessa <a title=\"Salon taidemuseo\" href=\"http:\/\/www.salontaidemuseo.fi\/\" target=\"_blank\">Salon taidemuseo<\/a> on rakennettu vanhan veturitallin tiloihin, jotka ovatkin varsin toimivat ainakin valokuvataiteen esitt\u00e4miseen. Alunperin kyll\u00e4 hieman ihmettelin, ett\u00e4 mik\u00e4 j\u00e4rki on pystytt\u00e4\u00e4 valokuvan\u00e4yttely johonkin per\u00e4feriaan, mutta pit\u00e4\u00e4h\u00e4n villej\u00e4kin kai sivist\u00e4\u00e4. Itse asiassa paikka on ilmeisen hyv\u00e4, koska n\u00e4yttelyss\u00e4 oli selv\u00e4sti enemm\u00e4n porukkaa paikalla, kuin edellisell\u00e4 viikolla <a title=\"Ameriikan vaahtteraa\" href=\"http:\/\/www.remonen.fi\/photoblog\/ameriikan-vaahtteraa\/\">Mapplethorpen n\u00e4yttelyss\u00e4 Kiasmassa<\/a>. Eik\u00e4 tuonne nyt Helsingist\u00e4(k\u00e4\u00e4n) aja kuin reilun tunnin moottoritiet\u00e4 pitkin. Turusta ei sit\u00e4k\u00e4\u00e4n.<\/p>\n<p><a href=\"http:\/\/www.remonen.fi\/WP\/wp-content\/uploads\/2015\/04\/nick_brandt-4.jpg\"><img loading=\"lazy\" decoding=\"async\" class=\"aligncenter wp-image-5634\" title=\"Aperture: &#402;\/5.6 | Camera: ILCE-6000 | Taken: 11 huhtikuun, 2015 | Copyright: (c) Matti Remonen | Exposure bias: +7\/10EV | Flash fired: no | Focal length: 24mm | ISO: 100 | Shutter speed: 1\/800s | \" src=\"http:\/\/www.remonen.fi\/WP\/wp-content\/uploads\/2015\/04\/nick_brandt-4.jpg\" alt=\"\" width=\"454\" height=\"680\" srcset=\"https:\/\/www.remonen.fi\/WP\/wp-content\/uploads\/2015\/04\/nick_brandt-4.jpg 683w, https:\/\/www.remonen.fi\/WP\/wp-content\/uploads\/2015\/04\/nick_brandt-4-200x300.jpg 200w, https:\/\/www.remonen.fi\/WP\/wp-content\/uploads\/2015\/04\/nick_brandt-4-454x680.jpg 454w, https:\/\/www.remonen.fi\/WP\/wp-content\/uploads\/2015\/04\/nick_brandt-4-300x450.jpg 300w\" sizes=\"(max-width: 454px) 100vw, 454px\" \/><\/a><\/p>\n<p>N\u00e4yttely on ruotsalaisen <a title=\"Fotografiska\" href=\"http:\/\/fotografiska.eu\/en\/\" target=\"_blank\">Fotografiska Museetin<\/a> tuottama, museo on itse pit\u00e4nyt Nick Brandtin n\u00e4yttelyn vuonna 2011. Brandt on vuodesta 2002 l\u00e4htien rakentanut Afrikan villiel\u00e4imiin keskittyv\u00e4\u00e4 valokuvatrilogiaa, josta nyt Salossa on n\u00e4ht\u00e4vill\u00e4 kahden ensimm\u00e4isen osan valokuvia. Koko trilogia tulee n\u00e4ytille Tukholmassa Fotografiskassa kes\u00e4ll\u00e4 2015.<\/p>\n<p>T\u00e4ss\u00e4 Suomen n\u00e4yttelyss\u00e4 on siis esill\u00e4 n. 60 suurikokoista mustavalkoista vedosta. N\u00e4yttely on paikan p\u00e4\u00e4ll\u00e4 laajempi ja vaikuttavampi, kuin mit\u00e4 tuo valokuvien lukum\u00e4\u00e4r\u00e4 antaa ymm\u00e4rt\u00e4\u00e4. Vertailun vuoksi Mapplethorpen n\u00e4yttelyss\u00e4 on esill\u00e4 yli 250 teosta, mutta vaikuttavuudessaan se j\u00e4\u00e4 toiseksi. Ainakin omasta mielest\u00e4ni.<\/p>\n<div id=\"attachment_5633\" style=\"width: 690px\" class=\"wp-caption aligncenter\"><a href=\"http:\/\/www.remonen.fi\/WP\/wp-content\/uploads\/2015\/04\/nick_brandt-5.jpg\"><img loading=\"lazy\" decoding=\"async\" aria-describedby=\"caption-attachment-5633\" class=\"wp-image-5633\" title=\"Aperture: &#402;\/5.6 | Camera: ILCE-6000 | Taken: 11 huhtikuun, 2015 | Copyright: (c) Matti Remonen | Exposure bias: +7\/10EV | Flash fired: no | Focal length: 24mm | ISO: 3200 | Shutter speed: 1\/30s | \" src=\"http:\/\/www.remonen.fi\/WP\/wp-content\/uploads\/2015\/04\/nick_brandt-5.jpg\" alt=\"\" width=\"680\" height=\"454\" srcset=\"https:\/\/www.remonen.fi\/WP\/wp-content\/uploads\/2015\/04\/nick_brandt-5.jpg 1024w, https:\/\/www.remonen.fi\/WP\/wp-content\/uploads\/2015\/04\/nick_brandt-5-300x200.jpg 300w, https:\/\/www.remonen.fi\/WP\/wp-content\/uploads\/2015\/04\/nick_brandt-5-680x454.jpg 680w\" sizes=\"(max-width: 680px) 100vw, 680px\" \/><\/a><p id=\"caption-attachment-5633\" class=\"wp-caption-text\">Nor.Sut.<\/p><\/div>\n<p style=\"text-align: left;\">Nick Brandt luonnehtii itse\u00e4\u00e4n valokuvataiteilijaksi, eik\u00e4 luontokuvaajaksi. Ja t\u00e4m\u00e4 k\u00e4y kyll\u00e4 ilmi esill\u00e4 olleista kuvistakin: ne eiv\u00e4t ole perinteisi\u00e4 luontokuvia, vaan enemm\u00e4n perinteisi\u00e4 muotokuvia, joissa kohteena on el\u00e4in. Osa poseerauksista olisi istunut mink\u00e4 tahansa yrityksen johtokunnan kokoushuoneen sein\u00e4lle kohtaan &#8221;Perustajamme Leo Panthera III&#8221;. Erityisen l\u00e4hell\u00e4 Brandtin syd\u00e4nt\u00e4 (tai n\u00e4yttelyn kuraattorin syd\u00e4nt\u00e4) n\u00e4yttiv\u00e4t olevan norsut. Niit\u00e4 oli laumoittain menossa ja tulossa. Yksitt\u00e4isi\u00e4 norsuja poseeraamassa tai ihmettelem\u00e4ss\u00e4 omituisen sed\u00e4n h\u00e4\u00e4r\u00e4\u00e4mist\u00e4 laatikon kanssa.<\/p>\n<div id=\"attachment_5629\" style=\"width: 690px\" class=\"wp-caption aligncenter\"><a href=\"http:\/\/www.remonen.fi\/WP\/wp-content\/uploads\/2015\/04\/nick_brandt-9.jpg\"><img loading=\"lazy\" decoding=\"async\" aria-describedby=\"caption-attachment-5629\" class=\"wp-image-5629\" title=\"Aperture: &#402;\/5.6 | Camera: ILCE-6000 | Taken: 11 huhtikuun, 2015 | Copyright: (c) Matti Remonen | Exposure bias: +7\/10EV | Flash fired: no | Focal length: 24mm | ISO: 3200 | Shutter speed: 1\/30s | \" src=\"http:\/\/www.remonen.fi\/WP\/wp-content\/uploads\/2015\/04\/nick_brandt-9.jpg\" alt=\"\" width=\"680\" height=\"454\" srcset=\"https:\/\/www.remonen.fi\/WP\/wp-content\/uploads\/2015\/04\/nick_brandt-9.jpg 1024w, https:\/\/www.remonen.fi\/WP\/wp-content\/uploads\/2015\/04\/nick_brandt-9-300x200.jpg 300w, https:\/\/www.remonen.fi\/WP\/wp-content\/uploads\/2015\/04\/nick_brandt-9-680x454.jpg 680w\" sizes=\"(max-width: 680px) 100vw, 680px\" \/><\/a><p id=\"caption-attachment-5629\" class=\"wp-caption-text\">Ne jyr\u00e4\u00e4 meitin!<\/p><\/div>\n<p style=\"text-align: left;\">Meill\u00e4 meni n\u00e4yttely\u00e4 kiert\u00e4ess\u00e4 toista tuntia, kun analysoimme l\u00e4hes joka kuvan juurta jaksain. Ihan jokaisen kuvan sanoma ja valintaperuste ei meille auennut, pari kuvaa oli jopa sill\u00e4 tasolla, johon itsekin hyv\u00e4n\u00e4 p\u00e4iv\u00e4n\u00e4 p\u00e4\u00e4sisi. Ehk\u00e4. Muuten kyll\u00e4 kuvat olivat hyvin vaikuttavia, Brandt kuvaa keskikoon filmikameralla ja ainoastaan lyhyill\u00e4 kiinteill\u00e4 polttov\u00e4leill\u00e4. Joka tarkoittaa sit\u00e4, ett\u00e4 kuvatessa pit\u00e4\u00e4 p\u00e4\u00e4st\u00e4 l\u00e4helle. Ja se kyll\u00e4 n\u00e4kyi my\u00f6s lopputuloksesta: kuvista henki vahva l\u00e4sn\u00e4olon tuntu ja osassa jopa n\u00e4ki, kuinka el\u00e4in oli seurannut Nickin ty\u00f6skentely\u00e4, vaikka katse saattoi olla k\u00e4\u00e4nnetty sivuun. Tosin jos normaaliobjektiivilla kuvatessa etsimen t\u00e4ytt\u00e4\u00e4 suoraan kohti katsova leijonan p\u00e4\u00e4, voi olla syyt\u00e4 siirty\u00e4 johonkin suojaan, jollei halua osallistua p\u00e4iv\u00e4n lounaaseen.<\/p>\n<div id=\"attachment_5630\" style=\"width: 690px\" class=\"wp-caption aligncenter\"><a href=\"http:\/\/www.remonen.fi\/WP\/wp-content\/uploads\/2015\/04\/nick_brandt-8.jpg\"><img loading=\"lazy\" decoding=\"async\" aria-describedby=\"caption-attachment-5630\" class=\"wp-image-5630\" title=\"Aperture: &#402;\/5.6 | Camera: ILCE-6000 | Taken: 11 huhtikuun, 2015 | Copyright: (c) Matti Remonen | Exposure bias: +7\/10EV | Flash fired: no | Focal length: 14mm | ISO: 3200 | Shutter speed: 1\/30s | \" src=\"http:\/\/www.remonen.fi\/WP\/wp-content\/uploads\/2015\/04\/nick_brandt-8.jpg\" alt=\"\" width=\"680\" height=\"454\" srcset=\"https:\/\/www.remonen.fi\/WP\/wp-content\/uploads\/2015\/04\/nick_brandt-8.jpg 1024w, https:\/\/www.remonen.fi\/WP\/wp-content\/uploads\/2015\/04\/nick_brandt-8-300x200.jpg 300w, https:\/\/www.remonen.fi\/WP\/wp-content\/uploads\/2015\/04\/nick_brandt-8-680x454.jpg 680w\" sizes=\"(max-width: 680px) 100vw, 680px\" \/><\/a><p id=\"caption-attachment-5630\" class=\"wp-caption-text\">Norsut oloo!<\/p><\/div>\n<p style=\"text-align: left;\">N\u00e4yttely jakautui temaattisesti kahteen osaan: ensimm\u00e4inen osa k\u00e4sitteli Afrikkaa ja sen el\u00e4imist\u00f6\u00e4 yleens\u00e4. Toinen osa otti taas kantaa t\u00e4m\u00e4n el\u00e4imist\u00f6n uhanalaisuuteen ja sen katoamiseen mm. salamets\u00e4styksen johdosta. Brandt onkin omistautunut nyky\u00e4\u00e4n nimenomaan Afrikan el\u00e4imist\u00f6n suojelemiseen ja s\u00e4ilytt\u00e4miseen. 2010 h\u00e4n mm. perusti asiaan keskittyv\u00e4n <em>Big Life Foundation<\/em>-s\u00e4\u00e4ti\u00f6n.<\/p>\n<p style=\"text-align: left;\">Kuvaamisen osalta Brandtia ei voi ainakaan h\u00e4t\u00e4ilyst\u00e4 syytt\u00e4\u00e4. Esimerkiksi yht\u00e4 leijonakuvaa varten h\u00e4n oli odottanut 17 p\u00e4iv\u00e4\u00e4 sopivaa hetke\u00e4 ja tilannetta. Kahdeksantenatoista p\u00e4iv\u00e4n\u00e4 nousi myrsky, leijona nosti p\u00e4\u00e4t\u00e4\u00e4n ja klik&#8230; kuva oli purkissa.<\/p>\n<p><a href=\"http:\/\/www.remonen.fi\/WP\/wp-content\/uploads\/2015\/04\/nick_brandt-7.jpg\"><img loading=\"lazy\" decoding=\"async\" class=\"aligncenter wp-image-5631\" title=\"Aperture: &#402;\/5.6 | Camera: ILCE-6000 | Taken: 11 huhtikuun, 2015 | Copyright: (c) Matti Remonen | Exposure bias: +7\/10EV | Flash fired: no | Focal length: 15mm | ISO: 3200 | Shutter speed: 1\/25s | \" src=\"http:\/\/www.remonen.fi\/WP\/wp-content\/uploads\/2015\/04\/nick_brandt-7.jpg\" alt=\"\" width=\"454\" height=\"680\" srcset=\"https:\/\/www.remonen.fi\/WP\/wp-content\/uploads\/2015\/04\/nick_brandt-7.jpg 683w, https:\/\/www.remonen.fi\/WP\/wp-content\/uploads\/2015\/04\/nick_brandt-7-200x300.jpg 200w, https:\/\/www.remonen.fi\/WP\/wp-content\/uploads\/2015\/04\/nick_brandt-7-454x680.jpg 454w, https:\/\/www.remonen.fi\/WP\/wp-content\/uploads\/2015\/04\/nick_brandt-7-300x450.jpg 300w\" sizes=\"(max-width: 454px) 100vw, 454px\" \/><\/a>Vaikka Brandt kuvaakin filmille, h\u00e4n skannaa kuvat ja k\u00e4sittelee ne digitaalisina Photoshopissa. En tied\u00e4, ehtik\u00f6 h\u00e4n tavata Hannes Heikuraa, mutta vinjetti\u00e4 h\u00e4n viljelee v\u00e4hint\u00e4\u00e4n yht\u00e4 paljon. Sen sijaan tonaalisuudessa ei menn\u00e4 yht\u00e4 jyrk\u00e4lle alueelle, vaan kuvat kyll\u00e4 k\u00e4yttiv\u00e4t koko skaalan n\u00e4tisti. Osa kuvista oli toonattu, jolloin niihin oli saatu hieman vanhahtava klangi. Jotkut kuvat oli ilmiselv\u00e4sti otettu infrapunafilmille, n\u00e4in p\u00e4\u00e4ttelimme lopputuloksesta.<\/p>\n<p>2012 Brandt teki kuvausreissun Tansaniaan <a title=\"Lake Natron\" href=\"http:\/\/en.wikipedia.org\/wiki\/Lake_Natron\" target=\"_blank\">Natron-j\u00e4rvelle<\/a>. J\u00e4rvi on l\u00e4hes kuollut johtuen sen korkeasta suola- ja soodapitoisuudestaan, sen ph-arvokin on yli 12. J\u00e4rvi kuitenkin houkuttelee luokseen lintuja ja muita el\u00e4imi\u00e4, jotka kokevatkin sitten sen rannoilla nopean kuoleman. J\u00e4rve\u00e4 kiert\u00e4ess\u00e4\u00e4n Brandt ker\u00e4si n\u00e4it\u00e4 kuolleita el\u00e4imi\u00e4 ja <a title=\"Calcified Fish Eagle by Nick Brandt\" href=\"http:\/\/nickbrandtphotography.blogspot.fi\/2014\/06\/4-calcified-fish-eagle-lake-natron-2012_15.html\" target=\"_blank\">asetteli niit\u00e4 sitten enemm\u00e4n tai v\u00e4hemm\u00e4n luonnollisiin asentoihin<\/a> ja paikkoihin kuvausta varten. T\u00e4ss\u00e4 kohtaa aletaan minun mielest\u00e4ni olemaan aika lailla samassa tilanteessa, kuin jos koko jutun tekisi Photoshopissa. Kuitenkin Brandt muistaa itse mainita, ett\u00e4 vaikka h\u00e4n k\u00e4ytt\u00e4\u00e4kin photaria, niin h\u00e4n ei luo lopputulosta yhdistelem\u00e4ll\u00e4 useita ruutuja, vaan kuva on aina yhdest\u00e4 negatiivista. Ilmeisesti siis t\u00e4m\u00e4 linjaus ei sitten koskekaan itse kuvaustapahtuman rakentamista.<\/p>\n<div id=\"attachment_5632\" style=\"width: 464px\" class=\"wp-caption aligncenter\"><a href=\"http:\/\/www.remonen.fi\/WP\/wp-content\/uploads\/2015\/04\/nick_brandt-6.jpg\"><img loading=\"lazy\" decoding=\"async\" aria-describedby=\"caption-attachment-5632\" class=\"wp-image-5632\" title=\"Aperture: &#402;\/5.6 | Camera: ILCE-6000 | Taken: 11 huhtikuun, 2015 | Copyright: (c) Matti Remonen | Exposure bias: +7\/10EV | Flash fired: no | Focal length: 24mm | ISO: 3200 | Shutter speed: 1\/25s | \" src=\"http:\/\/www.remonen.fi\/WP\/wp-content\/uploads\/2015\/04\/nick_brandt-6.jpg\" alt=\"\" width=\"454\" height=\"680\" srcset=\"https:\/\/www.remonen.fi\/WP\/wp-content\/uploads\/2015\/04\/nick_brandt-6.jpg 683w, https:\/\/www.remonen.fi\/WP\/wp-content\/uploads\/2015\/04\/nick_brandt-6-200x300.jpg 200w, https:\/\/www.remonen.fi\/WP\/wp-content\/uploads\/2015\/04\/nick_brandt-6-454x680.jpg 454w, https:\/\/www.remonen.fi\/WP\/wp-content\/uploads\/2015\/04\/nick_brandt-6-300x450.jpg 300w\" sizes=\"(max-width: 454px) 100vw, 454px\" \/><\/a><p id=\"caption-attachment-5632\" class=\"wp-caption-text\">Yksityiskohta seeprakuvasta.<\/p><\/div>\n<p style=\"text-align: left;\">Kuvien analysointi meni v\u00e4lill\u00e4 hieman tekniikkapuolelle, kun aloimme arvuuttelemaan polttov\u00e4lej\u00e4 ja miettim\u00e4\u00e4n histogrammeja. Hieman harmittikin, ettei EXIF-tietoja ollut n\u00e4kyvill\u00e4. Josta saimmekin idean, jonka annamme t\u00e4ss\u00e4 nyt vapaaseen k\u00e4ytt\u00f6\u00f6n: kameraharrastajille pit\u00e4isi j\u00e4rjest\u00e4\u00e4 oma valokuvan\u00e4yttely, jossa itse kuva olisi kymppikuvan kokoa ja vieress\u00e4 olisi kuvan histogrammi v\u00e4hint\u00e4\u00e4n metrin levyisen\u00e4 ja infolehdell\u00e4 EXIF-tiedot. Niin ja 1:1-kroppi tarkennuspisteen kohdalta tietysti.<\/p>\n<div id=\"attachment_5636\" style=\"width: 690px\" class=\"wp-caption aligncenter\"><a href=\"http:\/\/www.remonen.fi\/WP\/wp-content\/uploads\/2015\/04\/nick_brandt-1.jpg\"><img loading=\"lazy\" decoding=\"async\" aria-describedby=\"caption-attachment-5636\" class=\"wp-image-5636\" title=\"Aperture: &#402;\/4 | Credit: Matti Remonen | Camera: NIKON D800E | Taken: 5 hein\u00e4kuun, 2012 | Copyright: www.remonen.net | Flash fired: no | Focal length: 400mm | ISO: 1100 | Shutter speed: 1\/1600s | \" src=\"http:\/\/www.remonen.fi\/WP\/wp-content\/uploads\/2015\/04\/nick_brandt-1.jpg\" alt=\"\" width=\"680\" height=\"454\" srcset=\"https:\/\/www.remonen.fi\/WP\/wp-content\/uploads\/2015\/04\/nick_brandt-1.jpg 1024w, https:\/\/www.remonen.fi\/WP\/wp-content\/uploads\/2015\/04\/nick_brandt-1-300x200.jpg 300w, https:\/\/www.remonen.fi\/WP\/wp-content\/uploads\/2015\/04\/nick_brandt-1-680x454.jpg 680w\" sizes=\"(max-width: 680px) 100vw, 680px\" \/><\/a><p id=\"caption-attachment-5636\" class=\"wp-caption-text\">Eik\u00e4 me olla veljeksi\u00e4, vaikka me ollaan kahden&#8230;<\/p><\/div>\n<p>Mutta joo, ehdottomasti k\u00e4ymisen arvoinen tapaus. Jos n\u00e4yttely olisi ollut ravintola ja t\u00e4m\u00e4 blogi Michelin-opas, niin kolme t\u00e4hte\u00e4: n\u00e4yttely on oman, varta vasten tehdyn matkan arvoinen.<\/p>\n<p>Gotcha! Viimeinen kuva on mun Kenian reissulta ottama \ud83d\ude42<\/p>\n<p>Taidetta mesenoi Sony ILCE-6000 + Sony Zeiss 24f18 + SEL1018.<\/p>\n<h3>N\u00e4yttelyiss\u00e4 kuvaamisesta:<\/h3>\n<p>Itse koen t\u00e4llaisen n\u00e4yttelyiss\u00e4 kuvaamisen kovin hankalaksi. Miten ja mit\u00e4 kuvata? Mihink\u00e4\u00e4n reproamiseen ei kannata alkaa, koska mit\u00e4 j\u00e4rke\u00e4 on yritt\u00e4\u00e4 j\u00e4ljent\u00e4\u00e4 toisen ottamia kuvia ja viel\u00e4 pilata ne omalla k\u00e4sittelyll\u00e4. Ja jos haluaa katsella kuvia j\u00e4lkeenp\u00e4in, ostaa taiteilijan kirjan, jolloin my\u00f6s korvaus kuvista menee oikeaan paikkaan.<\/p>\n<p>Siksi koitankin ottaa kuvia, joissa se varsinainen kuva ei ole v\u00e4ltt\u00e4m\u00e4tt\u00e4 p\u00e4\u00e4osassa. Toisaalta koitan v\u00e4ltt\u00e4\u00e4 kuvaamasta suoraan muita n\u00e4yttelyvieraita, kun julkaisun kanssa olisi sitten hieman niin ja n\u00e4in. Vaikka museot nyt ovatkin julkista tilaa. T\u00e4ll\u00e4 hetkell\u00e4 ratkaisuksi n\u00e4ytt\u00e4\u00e4 muodostuneen tapa ottaa kuva niin, ett\u00e4 varsinaisen p\u00e4\u00e4kohteen lis\u00e4ksi kuvassa on heijastumana jotain muuta. Kuten vaikka norsukuvassa leijona. Tai n\u00e4yttelyvieraan heijastus.<\/p>\n<p>Toinen mahdollisuus olisi olla kuvaamatta ollenkaan, mutta sitten blogin kuvitus pit\u00e4isi ratkaista jotenkin muuten. On minulla esimerkki sellaisestakin parin vuoden takaa, kun &#8221;<a title=\"H\u00e4py Endk\u00f6?\" href=\"http:\/\/www.remonen.fi\/photoblog\/hapy-endko\/\">happy end?<\/a>&#8221;-n\u00e4yttelyss\u00e4 kuvaaminen oli kielletty. Silloin kiersin sit\u00e4 kuvaamalla tapahtuman mainoksia&#8230; mutta ei sek\u00e4\u00e4n ratkaisu kovin toimiva ole.<\/p>\n","protected":false},"excerpt":{"rendered":"<p>Mulla iski kauhea paniikki: Nick Brandtin valokuvan\u00e4yttely oli p\u00e4\u00e4ttym\u00e4ss\u00e4, enk\u00e4 ollut ehtinyt k\u00e4ym\u00e4\u00e4n siell\u00e4. P\u00e4\u00e4tinkin, ett\u00e4 heti seuraavana viikonloppuna tekisin reissun Saloon. Otettuani l\u00e4\u00e4kkeet, havaitsin ett\u00e4 n\u00e4yttely p\u00e4\u00e4ttyisi vasta kuukauden p\u00e4\u00e4st\u00e4, mutta l\u00e4ht\u00f6p\u00e4\u00e4t\u00f6s oli tehty, joten sit\u00e4 oli noudatettava. Mukaan p\u00e4\u00e4tin matkaseuraksi ottaa blogini ainoan lukijan, Mikan. Oppiipahan olemaan tunkematta nokkaansa toisten blogeihin&#8230; Lauantai-aamulla sitten [&hellip;]<\/p>\n","protected":false},"author":2,"featured_media":5637,"comment_status":"open","ping_status":"closed","sticky":false,"template":"","format":"standard","meta":{"footnotes":""},"categories":[16],"tags":[218,112],"yoast_head":"<!-- This site is optimized with the Yoast SEO plugin v24.5 - https:\/\/yoast.com\/wordpress\/plugins\/seo\/ -->\n<title>H\u00e4nen Afrikkansa - gREat MOments NEver forgotteN<\/title>\n<meta name=\"robots\" content=\"index, follow, max-snippet:-1, max-image-preview:large, max-video-preview:-1\" \/>\n<link rel=\"canonical\" href=\"https:\/\/www.remonen.fi\/WP\/blogi\/hanen-afrikkansa\/\" \/>\n<meta property=\"og:locale\" content=\"fi_FI\" \/>\n<meta property=\"og:type\" content=\"article\" \/>\n<meta property=\"og:title\" content=\"H\u00e4nen Afrikkansa - gREat MOments NEver forgotteN\" \/>\n<meta property=\"og:description\" content=\"Mulla iski kauhea paniikki: Nick Brandtin valokuvan\u00e4yttely oli p\u00e4\u00e4ttym\u00e4ss\u00e4, enk\u00e4 ollut ehtinyt k\u00e4ym\u00e4\u00e4n siell\u00e4. P\u00e4\u00e4tinkin, ett\u00e4 heti seuraavana viikonloppuna tekisin reissun Saloon. Otettuani l\u00e4\u00e4kkeet, havaitsin ett\u00e4 n\u00e4yttely p\u00e4\u00e4ttyisi vasta kuukauden p\u00e4\u00e4st\u00e4, mutta l\u00e4ht\u00f6p\u00e4\u00e4t\u00f6s oli tehty, joten sit\u00e4 oli noudatettava. Mukaan p\u00e4\u00e4tin matkaseuraksi ottaa blogini ainoan lukijan, Mikan. Oppiipahan olemaan tunkematta nokkaansa toisten blogeihin&#8230; Lauantai-aamulla sitten [&hellip;]\" \/>\n<meta property=\"og:url\" content=\"https:\/\/www.remonen.fi\/WP\/blogi\/hanen-afrikkansa\/\" \/>\n<meta property=\"og:site_name\" content=\"remonen.fi\" \/>\n<meta property=\"article:published_time\" content=\"2015-04-12T12:34:13+00:00\" \/>\n<meta property=\"article:modified_time\" content=\"2015-04-12T17:10:31+00:00\" \/>\n<meta property=\"og:image\" content=\"https:\/\/www.remonen.fi\/WP\/wp-content\/uploads\/2015\/04\/nick_brandt-1-2.jpg\" \/>\n\t<meta property=\"og:image:width\" content=\"1024\" \/>\n\t<meta property=\"og:image:height\" content=\"432\" \/>\n\t<meta property=\"og:image:type\" content=\"image\/jpeg\" \/>\n<meta name=\"author\" content=\"Matti Remonen\" \/>\n<meta name=\"twitter:label1\" content=\"Kirjoittanut\" \/>\n\t<meta name=\"twitter:data1\" content=\"Matti Remonen\" \/>\n\t<meta name=\"twitter:label2\" content=\"Arvioitu lukuaika\" \/>\n\t<meta name=\"twitter:data2\" content=\"6 minuuttia\" \/>\n<script type=\"application\/ld+json\" class=\"yoast-schema-graph\">{\"@context\":\"https:\/\/schema.org\",\"@graph\":[{\"@type\":\"Article\",\"@id\":\"https:\/\/www.remonen.fi\/WP\/blogi\/hanen-afrikkansa\/#article\",\"isPartOf\":{\"@id\":\"https:\/\/www.remonen.fi\/WP\/blogi\/hanen-afrikkansa\/\"},\"author\":{\"name\":\"Matti Remonen\",\"@id\":\"https:\/\/www.remonen.fi\/WP\/#\/schema\/person\/1803c23d1d4f6722054eb2ac7f7a97cd\"},\"headline\":\"H\u00e4nen Afrikkansa\",\"datePublished\":\"2015-04-12T12:34:13+00:00\",\"dateModified\":\"2015-04-12T17:10:31+00:00\",\"mainEntityOfPage\":{\"@id\":\"https:\/\/www.remonen.fi\/WP\/blogi\/hanen-afrikkansa\/\"},\"wordCount\":1174,\"commentCount\":6,\"publisher\":{\"@id\":\"https:\/\/www.remonen.fi\/WP\/#\/schema\/person\/1803c23d1d4f6722054eb2ac7f7a97cd\"},\"image\":{\"@id\":\"https:\/\/www.remonen.fi\/WP\/blogi\/hanen-afrikkansa\/#primaryimage\"},\"thumbnailUrl\":\"https:\/\/www.remonen.fi\/WP\/wp-content\/uploads\/2015\/04\/nick_brandt-1-2.jpg\",\"keywords\":[\"Nick Brandt\",\"Valokuvan\u00e4yttely\"],\"articleSection\":[\"Blog\"],\"inLanguage\":\"fi\",\"potentialAction\":[{\"@type\":\"CommentAction\",\"name\":\"Comment\",\"target\":[\"https:\/\/www.remonen.fi\/WP\/blogi\/hanen-afrikkansa\/#respond\"]}]},{\"@type\":\"WebPage\",\"@id\":\"https:\/\/www.remonen.fi\/WP\/blogi\/hanen-afrikkansa\/\",\"url\":\"https:\/\/www.remonen.fi\/WP\/blogi\/hanen-afrikkansa\/\",\"name\":\"H\u00e4nen Afrikkansa - gREat MOments NEver forgotteN\",\"isPartOf\":{\"@id\":\"https:\/\/www.remonen.fi\/WP\/#website\"},\"primaryImageOfPage\":{\"@id\":\"https:\/\/www.remonen.fi\/WP\/blogi\/hanen-afrikkansa\/#primaryimage\"},\"image\":{\"@id\":\"https:\/\/www.remonen.fi\/WP\/blogi\/hanen-afrikkansa\/#primaryimage\"},\"thumbnailUrl\":\"https:\/\/www.remonen.fi\/WP\/wp-content\/uploads\/2015\/04\/nick_brandt-1-2.jpg\",\"datePublished\":\"2015-04-12T12:34:13+00:00\",\"dateModified\":\"2015-04-12T17:10:31+00:00\",\"breadcrumb\":{\"@id\":\"https:\/\/www.remonen.fi\/WP\/blogi\/hanen-afrikkansa\/#breadcrumb\"},\"inLanguage\":\"fi\",\"potentialAction\":[{\"@type\":\"ReadAction\",\"target\":[\"https:\/\/www.remonen.fi\/WP\/blogi\/hanen-afrikkansa\/\"]}]},{\"@type\":\"ImageObject\",\"inLanguage\":\"fi\",\"@id\":\"https:\/\/www.remonen.fi\/WP\/blogi\/hanen-afrikkansa\/#primaryimage\",\"url\":\"https:\/\/www.remonen.fi\/WP\/wp-content\/uploads\/2015\/04\/nick_brandt-1-2.jpg\",\"contentUrl\":\"https:\/\/www.remonen.fi\/WP\/wp-content\/uploads\/2015\/04\/nick_brandt-1-2.jpg\",\"width\":1024,\"height\":432},{\"@type\":\"BreadcrumbList\",\"@id\":\"https:\/\/www.remonen.fi\/WP\/blogi\/hanen-afrikkansa\/#breadcrumb\",\"itemListElement\":[{\"@type\":\"ListItem\",\"position\":1,\"name\":\"Etusivu\",\"item\":\"https:\/\/www.remonen.fi\/WP\/\"},{\"@type\":\"ListItem\",\"position\":2,\"name\":\"H\u00e4nen Afrikkansa\"}]},{\"@type\":\"WebSite\",\"@id\":\"https:\/\/www.remonen.fi\/WP\/#website\",\"url\":\"https:\/\/www.remonen.fi\/WP\/\",\"name\":\"remonen.fi\",\"description\":\"Valokuvia ja tarinaa laidasta laitaan\",\"publisher\":{\"@id\":\"https:\/\/www.remonen.fi\/WP\/#\/schema\/person\/1803c23d1d4f6722054eb2ac7f7a97cd\"},\"potentialAction\":[{\"@type\":\"SearchAction\",\"target\":{\"@type\":\"EntryPoint\",\"urlTemplate\":\"https:\/\/www.remonen.fi\/WP\/?s={search_term_string}\"},\"query-input\":{\"@type\":\"PropertyValueSpecification\",\"valueRequired\":true,\"valueName\":\"search_term_string\"}}],\"inLanguage\":\"fi\"},{\"@type\":[\"Person\",\"Organization\"],\"@id\":\"https:\/\/www.remonen.fi\/WP\/#\/schema\/person\/1803c23d1d4f6722054eb2ac7f7a97cd\",\"name\":\"Matti Remonen\",\"logo\":{\"@id\":\"https:\/\/www.remonen.fi\/WP\/#\/schema\/person\/image\/\"},\"url\":\"https:\/\/www.remonen.fi\/WP\/blogi\/author\/mre\/\"}]}<\/script>\n<!-- \/ Yoast SEO plugin. -->","yoast_head_json":{"title":"H\u00e4nen Afrikkansa - gREat MOments NEver forgotteN","robots":{"index":"index","follow":"follow","max-snippet":"max-snippet:-1","max-image-preview":"max-image-preview:large","max-video-preview":"max-video-preview:-1"},"canonical":"https:\/\/www.remonen.fi\/WP\/blogi\/hanen-afrikkansa\/","og_locale":"fi_FI","og_type":"article","og_title":"H\u00e4nen Afrikkansa - gREat MOments NEver forgotteN","og_description":"Mulla iski kauhea paniikki: Nick Brandtin valokuvan\u00e4yttely oli p\u00e4\u00e4ttym\u00e4ss\u00e4, enk\u00e4 ollut ehtinyt k\u00e4ym\u00e4\u00e4n siell\u00e4. P\u00e4\u00e4tinkin, ett\u00e4 heti seuraavana viikonloppuna tekisin reissun Saloon. Otettuani l\u00e4\u00e4kkeet, havaitsin ett\u00e4 n\u00e4yttely p\u00e4\u00e4ttyisi vasta kuukauden p\u00e4\u00e4st\u00e4, mutta l\u00e4ht\u00f6p\u00e4\u00e4t\u00f6s oli tehty, joten sit\u00e4 oli noudatettava. Mukaan p\u00e4\u00e4tin matkaseuraksi ottaa blogini ainoan lukijan, Mikan. Oppiipahan olemaan tunkematta nokkaansa toisten blogeihin&#8230; Lauantai-aamulla sitten [&hellip;]","og_url":"https:\/\/www.remonen.fi\/WP\/blogi\/hanen-afrikkansa\/","og_site_name":"remonen.fi","article_published_time":"2015-04-12T12:34:13+00:00","article_modified_time":"2015-04-12T17:10:31+00:00","og_image":[{"width":1024,"height":432,"url":"https:\/\/www.remonen.fi\/WP\/wp-content\/uploads\/2015\/04\/nick_brandt-1-2.jpg","type":"image\/jpeg"}],"author":"Matti Remonen","twitter_misc":{"Kirjoittanut":"Matti Remonen","Arvioitu lukuaika":"6 minuuttia"},"schema":{"@context":"https:\/\/schema.org","@graph":[{"@type":"Article","@id":"https:\/\/www.remonen.fi\/WP\/blogi\/hanen-afrikkansa\/#article","isPartOf":{"@id":"https:\/\/www.remonen.fi\/WP\/blogi\/hanen-afrikkansa\/"},"author":{"name":"Matti Remonen","@id":"https:\/\/www.remonen.fi\/WP\/#\/schema\/person\/1803c23d1d4f6722054eb2ac7f7a97cd"},"headline":"H\u00e4nen Afrikkansa","datePublished":"2015-04-12T12:34:13+00:00","dateModified":"2015-04-12T17:10:31+00:00","mainEntityOfPage":{"@id":"https:\/\/www.remonen.fi\/WP\/blogi\/hanen-afrikkansa\/"},"wordCount":1174,"commentCount":6,"publisher":{"@id":"https:\/\/www.remonen.fi\/WP\/#\/schema\/person\/1803c23d1d4f6722054eb2ac7f7a97cd"},"image":{"@id":"https:\/\/www.remonen.fi\/WP\/blogi\/hanen-afrikkansa\/#primaryimage"},"thumbnailUrl":"https:\/\/www.remonen.fi\/WP\/wp-content\/uploads\/2015\/04\/nick_brandt-1-2.jpg","keywords":["Nick Brandt","Valokuvan\u00e4yttely"],"articleSection":["Blog"],"inLanguage":"fi","potentialAction":[{"@type":"CommentAction","name":"Comment","target":["https:\/\/www.remonen.fi\/WP\/blogi\/hanen-afrikkansa\/#respond"]}]},{"@type":"WebPage","@id":"https:\/\/www.remonen.fi\/WP\/blogi\/hanen-afrikkansa\/","url":"https:\/\/www.remonen.fi\/WP\/blogi\/hanen-afrikkansa\/","name":"H\u00e4nen Afrikkansa - gREat MOments NEver forgotteN","isPartOf":{"@id":"https:\/\/www.remonen.fi\/WP\/#website"},"primaryImageOfPage":{"@id":"https:\/\/www.remonen.fi\/WP\/blogi\/hanen-afrikkansa\/#primaryimage"},"image":{"@id":"https:\/\/www.remonen.fi\/WP\/blogi\/hanen-afrikkansa\/#primaryimage"},"thumbnailUrl":"https:\/\/www.remonen.fi\/WP\/wp-content\/uploads\/2015\/04\/nick_brandt-1-2.jpg","datePublished":"2015-04-12T12:34:13+00:00","dateModified":"2015-04-12T17:10:31+00:00","breadcrumb":{"@id":"https:\/\/www.remonen.fi\/WP\/blogi\/hanen-afrikkansa\/#breadcrumb"},"inLanguage":"fi","potentialAction":[{"@type":"ReadAction","target":["https:\/\/www.remonen.fi\/WP\/blogi\/hanen-afrikkansa\/"]}]},{"@type":"ImageObject","inLanguage":"fi","@id":"https:\/\/www.remonen.fi\/WP\/blogi\/hanen-afrikkansa\/#primaryimage","url":"https:\/\/www.remonen.fi\/WP\/wp-content\/uploads\/2015\/04\/nick_brandt-1-2.jpg","contentUrl":"https:\/\/www.remonen.fi\/WP\/wp-content\/uploads\/2015\/04\/nick_brandt-1-2.jpg","width":1024,"height":432},{"@type":"BreadcrumbList","@id":"https:\/\/www.remonen.fi\/WP\/blogi\/hanen-afrikkansa\/#breadcrumb","itemListElement":[{"@type":"ListItem","position":1,"name":"Etusivu","item":"https:\/\/www.remonen.fi\/WP\/"},{"@type":"ListItem","position":2,"name":"H\u00e4nen Afrikkansa"}]},{"@type":"WebSite","@id":"https:\/\/www.remonen.fi\/WP\/#website","url":"https:\/\/www.remonen.fi\/WP\/","name":"remonen.fi","description":"Valokuvia ja tarinaa laidasta laitaan","publisher":{"@id":"https:\/\/www.remonen.fi\/WP\/#\/schema\/person\/1803c23d1d4f6722054eb2ac7f7a97cd"},"potentialAction":[{"@type":"SearchAction","target":{"@type":"EntryPoint","urlTemplate":"https:\/\/www.remonen.fi\/WP\/?s={search_term_string}"},"query-input":{"@type":"PropertyValueSpecification","valueRequired":true,"valueName":"search_term_string"}}],"inLanguage":"fi"},{"@type":["Person","Organization"],"@id":"https:\/\/www.remonen.fi\/WP\/#\/schema\/person\/1803c23d1d4f6722054eb2ac7f7a97cd","name":"Matti Remonen","logo":{"@id":"https:\/\/www.remonen.fi\/WP\/#\/schema\/person\/image\/"},"url":"https:\/\/www.remonen.fi\/WP\/blogi\/author\/mre\/"}]}},"_links":{"self":[{"href":"https:\/\/www.remonen.fi\/WP\/wp-json\/wp\/v2\/posts\/5627"}],"collection":[{"href":"https:\/\/www.remonen.fi\/WP\/wp-json\/wp\/v2\/posts"}],"about":[{"href":"https:\/\/www.remonen.fi\/WP\/wp-json\/wp\/v2\/types\/post"}],"author":[{"embeddable":true,"href":"https:\/\/www.remonen.fi\/WP\/wp-json\/wp\/v2\/users\/2"}],"replies":[{"embeddable":true,"href":"https:\/\/www.remonen.fi\/WP\/wp-json\/wp\/v2\/comments?post=5627"}],"version-history":[{"count":0,"href":"https:\/\/www.remonen.fi\/WP\/wp-json\/wp\/v2\/posts\/5627\/revisions"}],"wp:featuredmedia":[{"embeddable":true,"href":"https:\/\/www.remonen.fi\/WP\/wp-json\/wp\/v2\/media\/5637"}],"wp:attachment":[{"href":"https:\/\/www.remonen.fi\/WP\/wp-json\/wp\/v2\/media?parent=5627"}],"wp:term":[{"taxonomy":"category","embeddable":true,"href":"https:\/\/www.remonen.fi\/WP\/wp-json\/wp\/v2\/categories?post=5627"},{"taxonomy":"post_tag","embeddable":true,"href":"https:\/\/www.remonen.fi\/WP\/wp-json\/wp\/v2\/tags?post=5627"}],"curies":[{"name":"wp","href":"https:\/\/api.w.org\/{rel}","templated":true}]}}