{"id":5669,"date":"2015-04-23T11:59:18","date_gmt":"2015-04-23T08:59:18","guid":{"rendered":"http:\/\/www.remonen.fi\/?p=5669"},"modified":"2015-09-09T07:31:48","modified_gmt":"2015-09-09T04:31:48","slug":"antiikkia-antiikkia","status":"publish","type":"post","link":"https:\/\/www.remonen.fi\/WP\/blogi\/antiikkia-antiikkia\/","title":{"rendered":"Antiikkia, antiikkia"},"content":{"rendered":"<p><a href=\"http:\/\/www.remonen.fi\/WP\/wp-content\/uploads\/2015\/04\/ismo_kajander-4.jpg\"><img loading=\"lazy\" decoding=\"async\" class=\"aligncenter wp-image-5677\" title=\"Aperture: &#402;\/7.1 | Taken: 21 huhtikuun, 2015 | Copyright: (c) Matti Remonen | Exposure bias: +7\/10EV | Flash fired: no | Focal length: 24mm | ISO: 3200 | Shutter speed: 1\/25s | \" src=\"http:\/\/www.remonen.fi\/WP\/wp-content\/uploads\/2015\/04\/ismo_kajander-4.jpg\" alt=\"\" width=\"680\" height=\"454\" srcset=\"https:\/\/www.remonen.fi\/WP\/wp-content\/uploads\/2015\/04\/ismo_kajander-4.jpg 1024w, https:\/\/www.remonen.fi\/WP\/wp-content\/uploads\/2015\/04\/ismo_kajander-4-300x200.jpg 300w, https:\/\/www.remonen.fi\/WP\/wp-content\/uploads\/2015\/04\/ismo_kajander-4-680x454.jpg 680w\" sizes=\"(max-width: 680px) 100vw, 680px\" \/><\/a><\/p>\n<p>Olen siis k\u00e4ynyt t\u00e4t\u00e4 ty\u00f6v\u00e4enopiston valokuvauskurssia t\u00e4n\u00e4(kin) vuonna. Alunperin meid\u00e4n piti kokoontua enemm\u00e4n tai v\u00e4hemm\u00e4n joka kerta Oulunkyl\u00e4talossa, mutta siell\u00e4 onnistuttiin jotenkin tyrim\u00e4\u00e4n vesivahingon korjausremontti ja koko talo meni k\u00e4ytt\u00f6kieltoon. Suomalainen rakentamisen laatu&#8230; huoh. Jos tietoj\u00e4rjestelm\u00e4projekteista sanotaan, etteiv\u00e4t ne koskaan onnistu ajallaan ja\/tai budjetissaan, niin rakennusprojekteista voi sanoa, etteiv\u00e4t ne koskaan onnistu. Piste.<\/p>\n<div id=\"attachment_5680\" style=\"width: 690px\" class=\"wp-caption aligncenter\"><a href=\"http:\/\/www.remonen.fi\/WP\/wp-content\/uploads\/2015\/04\/ismo_kajander-2.jpg\"><img loading=\"lazy\" decoding=\"async\" aria-describedby=\"caption-attachment-5680\" class=\"wp-image-5680\" title=\"Aperture: &#402;\/4 | Taken: 21 huhtikuun, 2015 | Copyright: (c) Matti Remonen | Exposure bias: +7\/10EV | Flash fired: no | Focal length: 24mm | ISO: 1000 | Shutter speed: 1\/60s | \" src=\"http:\/\/www.remonen.fi\/WP\/wp-content\/uploads\/2015\/04\/ismo_kajander-2.jpg\" alt=\"\" width=\"680\" height=\"454\" srcset=\"https:\/\/www.remonen.fi\/WP\/wp-content\/uploads\/2015\/04\/ismo_kajander-2.jpg 1024w, https:\/\/www.remonen.fi\/WP\/wp-content\/uploads\/2015\/04\/ismo_kajander-2-300x200.jpg 300w, https:\/\/www.remonen.fi\/WP\/wp-content\/uploads\/2015\/04\/ismo_kajander-2-680x454.jpg 680w\" sizes=\"(max-width: 680px) 100vw, 680px\" \/><\/a><p id=\"caption-attachment-5680\" class=\"wp-caption-text\">Framed!<\/p><\/div>\n<p>No niin, mutta kun talo on ollut k\u00e4ytt\u00f6kiellossa, on meid\u00e4n pit\u00e4nyt keksi\u00e4 muita paikkoja tapaamisillemme. T\u00e4ll\u00e4 kertaa paikaksi ja tapahtumaksi oli valikoitunut <a title=\"Suomen Valokuvataiteen museo\" href=\"http:\/\/www.valokuvataiteenmuseo.fi\/\" target=\"_blank\">Suomen Valokuvataiteen Museo<\/a> ja siell\u00e4 oleva <a title=\"Ismo Kajander\" href=\"http:\/\/www.kajander.net\/suomi\/index.html\" target=\"_blank\">Ismo Kajanderin<\/a> &#8221;Vintage&#8221;-n\u00e4yttely. Ismo Kajanderhan on yksi suomalaisen valokuvan grand-old-man:eist\u00e4. H\u00e4n on opettanut valokuvausta Taideteollisessa korkeakoulussa, ollut perustamassa ensimm\u00e4ist\u00e4 suomalaista valokuvagalleriaa (<a title=\"Hippolyte\" href=\"http:\/\/www.hippolyte.fi\/\" target=\"_blank\">Hippolyte<\/a>) ja pit\u00e4nyt lukuisia n\u00e4yttelyit\u00e4.<\/p>\n<p><a href=\"http:\/\/www.remonen.fi\/WP\/wp-content\/uploads\/2015\/04\/ismo_kajander-8.jpg\"><img loading=\"lazy\" decoding=\"async\" class=\"aligncenter wp-image-5674\" title=\"Aperture: &#402;\/5.6 | Taken: 21 huhtikuun, 2015 | Copyright: (c) Matti Remonen | Exposure bias: +7\/10EV | Flash fired: no | Focal length: 24mm | ISO: 3200 | Shutter speed: 1\/60s | \" src=\"http:\/\/www.remonen.fi\/WP\/wp-content\/uploads\/2015\/04\/ismo_kajander-8.jpg\" alt=\"\" width=\"680\" height=\"454\" srcset=\"https:\/\/www.remonen.fi\/WP\/wp-content\/uploads\/2015\/04\/ismo_kajander-8.jpg 1024w, https:\/\/www.remonen.fi\/WP\/wp-content\/uploads\/2015\/04\/ismo_kajander-8-300x200.jpg 300w, https:\/\/www.remonen.fi\/WP\/wp-content\/uploads\/2015\/04\/ismo_kajander-8-680x454.jpg 680w\" sizes=\"(max-width: 680px) 100vw, 680px\" \/><\/a>Vintage-n\u00e4yttely on l\u00e4pileikkaus koko Kajanderin uralle ja uskollinen alkuper\u00e4isille esillepanoille jopa vedostasolla. Kuvia n\u00e4yttelyss\u00e4 on paljon, mutta ne on kaikki sijoitettu yhteen tilaan, joten n\u00e4yttelyst\u00e4 on helppo muodostaa yhten\u00e4inen kuva.<\/p>\n<p><a href=\"http:\/\/www.remonen.fi\/WP\/wp-content\/uploads\/2015\/04\/ismo_kajander-10.jpg\"><img loading=\"lazy\" decoding=\"async\" class=\"aligncenter wp-image-5672\" title=\"Aperture: &#402;\/8 | Taken: 21 huhtikuun, 2015 | Copyright: (c) Matti Remonen | Exposure bias: +7\/10EV | Flash fired: no | Focal length: 24mm | ISO: 3200 | Shutter speed: 1\/20s | \" src=\"http:\/\/www.remonen.fi\/WP\/wp-content\/uploads\/2015\/04\/ismo_kajander-10.jpg\" alt=\"\" width=\"680\" height=\"454\" srcset=\"https:\/\/www.remonen.fi\/WP\/wp-content\/uploads\/2015\/04\/ismo_kajander-10.jpg 1024w, https:\/\/www.remonen.fi\/WP\/wp-content\/uploads\/2015\/04\/ismo_kajander-10-300x200.jpg 300w, https:\/\/www.remonen.fi\/WP\/wp-content\/uploads\/2015\/04\/ismo_kajander-10-680x454.jpg 680w\" sizes=\"(max-width: 680px) 100vw, 680px\" \/><\/a><\/p>\n<p>Teht\u00e4v\u00e4ksi opettajamme Lea K\u00f6mi antoi kuvan analysoinnin: piti valita yksi kuva, jota sitten ryhm\u00e4ss\u00e4 keskusteltaisiin ja analysoitaisiin. Just my strong side&#8230; kun aloin k\u00e4ym\u00e4\u00e4n kuvia l\u00e4pi, niin ensiksi iski ep\u00e4toivo: kuvista n\u00e4kyi, ett\u00e4 Kajanderilla on hirve\u00e4 taiteellinen palo ja tarve tuoda n\u00e4kemyst\u00e4\u00e4n valokuvien kautta esille. Mutta en mill\u00e4\u00e4n tahtonut p\u00e4\u00e4st\u00e4 h\u00e4nen p\u00e4\u00e4ns\u00e4 sis\u00e4\u00e4n. Ukkoja p\u00f6n\u00f6tt\u00e4m\u00e4ss\u00e4 siell\u00e4 t\u00e4\u00e4ll\u00e4 ja tuolla. Ja Turussa viel\u00e4&#8230; ei, ei. Ja studiokuvia: lapsia studiossa polkupy\u00f6rineen, rokkareita kitaroineen,&#8230; siis ookoo Ismo, sulla on tarve kuvata ihmist\u00e4, mutta miten n\u00e4it\u00e4 nyt analysoisi. T\u00e4ss\u00e4h\u00e4n tarvitsisi psykoanalyytikon paperit ja jotain nestem\u00e4ist\u00e4 tajunnanlaajentajaa.<\/p>\n<p><a href=\"http:\/\/www.remonen.fi\/WP\/wp-content\/uploads\/2015\/04\/ismo_kajander-1-2.jpg\"><img loading=\"lazy\" decoding=\"async\" class=\"aligncenter wp-image-5683\" title=\"Aperture: &#402;\/5.6 | Taken: 21 huhtikuun, 2015 | Copyright: (c) Matti Remonen | Exposure bias: +7\/10EV | Flash fired: no | Focal length: 24mm | ISO: 3200 | Shutter speed: 1\/20s | \" src=\"http:\/\/www.remonen.fi\/WP\/wp-content\/uploads\/2015\/04\/ismo_kajander-1-2.jpg\" alt=\"\" width=\"454\" height=\"680\" srcset=\"https:\/\/www.remonen.fi\/WP\/wp-content\/uploads\/2015\/04\/ismo_kajander-1-2.jpg 683w, https:\/\/www.remonen.fi\/WP\/wp-content\/uploads\/2015\/04\/ismo_kajander-1-2-200x300.jpg 200w, https:\/\/www.remonen.fi\/WP\/wp-content\/uploads\/2015\/04\/ismo_kajander-1-2-454x680.jpg 454w, https:\/\/www.remonen.fi\/WP\/wp-content\/uploads\/2015\/04\/ismo_kajander-1-2-300x450.jpg 300w\" sizes=\"(max-width: 454px) 100vw, 454px\" \/><\/a><\/p>\n<p>Mutta sitten kun hetkeksi rauhoittui ja alkoi katsomaan &#8221;kuvien sis\u00e4\u00e4n&#8221;, ne alkoivatkin pikkuhiljaa avautumaan. Kuvissa oli taidokkaita sommitteluja, oivaltavaa valon k\u00e4ytt\u00f6\u00e4 ja kaikkialle tunkeutuva l\u00e4heisyys. Se oikein henki kuvista: niit\u00e4 ei oltu snaipattu 200-millisell\u00e4 kadun toiselta puolelta, vaan ihminen oli kohdattu joka kerta. Ja hyvin pitk\u00e4lle nimenomaan kuvattavan ehdoilla, koska kuvista henki jonkinlainen rauha. My\u00f6s studiokuvista henki hyvin lempe\u00e4 huumori kuvattavia kohtaan: kuviin oli saatu vangittua jotain kuvattavalle persoonallista. Tai ainakin t\u00e4llainen vaikutelma niist\u00e4 v\u00e4littyi.<\/p>\n<p><a href=\"http:\/\/www.remonen.fi\/WP\/wp-content\/uploads\/2015\/04\/ismo_kajander-6.jpg\"><img loading=\"lazy\" decoding=\"async\" class=\"aligncenter wp-image-5676\" title=\"Aperture: &#402;\/5.6 | Taken: 21 huhtikuun, 2015 | Copyright: (c) Matti Remonen | Exposure bias: +7\/10EV | Flash fired: no | Focal length: 24mm | ISO: 3200 | Shutter speed: 1\/20s | \" src=\"http:\/\/www.remonen.fi\/WP\/wp-content\/uploads\/2015\/04\/ismo_kajander-6.jpg\" alt=\"\" width=\"454\" height=\"680\" srcset=\"https:\/\/www.remonen.fi\/WP\/wp-content\/uploads\/2015\/04\/ismo_kajander-6.jpg 683w, https:\/\/www.remonen.fi\/WP\/wp-content\/uploads\/2015\/04\/ismo_kajander-6-200x300.jpg 200w, https:\/\/www.remonen.fi\/WP\/wp-content\/uploads\/2015\/04\/ismo_kajander-6-454x680.jpg 454w, https:\/\/www.remonen.fi\/WP\/wp-content\/uploads\/2015\/04\/ismo_kajander-6-300x450.jpg 300w\" sizes=\"(max-width: 454px) 100vw, 454px\" \/><\/a><\/p>\n<p>Henkil\u00f6kuvien lis\u00e4ksi n\u00e4ytill\u00e4 oli &#8221;taiteellisempaa&#8221; materiaalia, mutta se ei oikein minua jaksanut kiinnostaa eik\u00e4 sytytt\u00e4\u00e4. Kuten ei my\u00f6sk\u00e4\u00e4n Pariisin kuvat, vaikka niiss\u00e4 olikin haettu suurten mestarien tunnelmaa. Niist\u00e4 ei oikein v\u00e4littynyt se ajatus ja palo, mik\u00e4 Kajanderilla on niit\u00e4 kuvatessa ollut. Tosin insin\u00f6\u00f6rit harvoin innostuvat muusta kuin uudesta prosessorisukupolvesta. Tai kampiakselin laakerin v\u00e4lystoleranssista.<\/p>\n<div id=\"attachment_5673\" style=\"width: 690px\" class=\"wp-caption aligncenter\"><a href=\"http:\/\/www.remonen.fi\/WP\/wp-content\/uploads\/2015\/04\/ismo_kajander-9.jpg\"><img loading=\"lazy\" decoding=\"async\" aria-describedby=\"caption-attachment-5673\" class=\"wp-image-5673\" title=\"Aperture: &#402;\/5.6 | Taken: 21 huhtikuun, 2015 | Copyright: (c) Matti Remonen | Exposure bias: +7\/10EV | Flash fired: no | Focal length: 24mm | ISO: 3200 | Shutter speed: 1\/8s | \" src=\"http:\/\/www.remonen.fi\/WP\/wp-content\/uploads\/2015\/04\/ismo_kajander-9.jpg\" alt=\"\" width=\"680\" height=\"454\" srcset=\"https:\/\/www.remonen.fi\/WP\/wp-content\/uploads\/2015\/04\/ismo_kajander-9.jpg 1024w, https:\/\/www.remonen.fi\/WP\/wp-content\/uploads\/2015\/04\/ismo_kajander-9-300x200.jpg 300w, https:\/\/www.remonen.fi\/WP\/wp-content\/uploads\/2015\/04\/ismo_kajander-9-680x454.jpg 680w\" sizes=\"(max-width: 680px) 100vw, 680px\" \/><\/a><p id=\"caption-attachment-5673\" class=\"wp-caption-text\">Lady with Red Shoes&#8230;<\/p><\/div>\n<p style=\"text-align: left;\">Meill\u00e4 oli parisen tuntia aikaa n\u00e4yttelyyn tutustumisessa ja teht\u00e4v\u00e4n purussa. Alkukankeudesta ylip\u00e4\u00e4sty\u00e4ni olisin voinut viett\u00e4\u00e4 tuolla tuplasti aikaa kuviin upoten.<\/p>\n<p>Michelin-asteikolla t\u00e4m\u00e4 oli kahden t\u00e4hden n\u00e4yttely: t\u00e4m\u00e4n n\u00e4yttelyn takia kannattaa jo poiketa suunnitellulta matkareitilt\u00e4. Mutta en t\u00e4m\u00e4n vuoksi ehk\u00e4 ajaisi Turkuun asti&#8230; hyv\u00e4, ett\u00e4 Ruoholahteen p\u00e4\u00e4si. Kuvat olivat hyvi\u00e4, mutta eiv\u00e4t vaikuttavia. Toisaalta kuvat ovat my\u00f6s katsojaa kohtaan vaativampia kuin vaikkapa <a title=\"H\u00e4nen Afrikkansa\" href=\"http:\/\/www.remonen.fi\/photoblog\/hanen-afrikkansa\/\">Nick Brandtin n\u00e4yttelyn<\/a> kuvat: kukapa sit\u00e4 ei kivasta leijonasta tykk\u00e4isi, vaikkei sommittelusta ja valosta ymm\u00e4rr\u00e4 mit\u00e4\u00e4n. Sen sijaan suomalainen maanviljelij\u00e4 kumisaappaat jalassa ei v\u00e4ltt\u00e4m\u00e4tt\u00e4 laukaise heti reaktiota, ett\u00e4 kunpa saisin tuollaisen kotiini.<\/p>\n<p><div id=\"attachment_5679\" style=\"width: 464px\" class=\"wp-caption aligncenter\"><a href=\"http:\/\/www.remonen.fi\/WP\/wp-content\/uploads\/2015\/04\/ismo_kajander-3.jpg\"><img loading=\"lazy\" decoding=\"async\" aria-describedby=\"caption-attachment-5679\" class=\"wp-image-5679\" title=\"Aperture: &#402;\/4 | Taken: 21 huhtikuun, 2015 | Copyright: (c) Matti Remonen | Exposure bias: +7\/10EV | Flash fired: no | Focal length: 24mm | ISO: 3200 | Shutter speed: 1\/25s | \" src=\"http:\/\/www.remonen.fi\/WP\/wp-content\/uploads\/2015\/04\/ismo_kajander-3.jpg\" alt=\"\" width=\"454\" height=\"680\" srcset=\"https:\/\/www.remonen.fi\/WP\/wp-content\/uploads\/2015\/04\/ismo_kajander-3.jpg 683w, https:\/\/www.remonen.fi\/WP\/wp-content\/uploads\/2015\/04\/ismo_kajander-3-200x300.jpg 200w, https:\/\/www.remonen.fi\/WP\/wp-content\/uploads\/2015\/04\/ismo_kajander-3-454x680.jpg 454w, https:\/\/www.remonen.fi\/WP\/wp-content\/uploads\/2015\/04\/ismo_kajander-3-300x450.jpg 300w\" sizes=\"(max-width: 454px) 100vw, 454px\" \/><\/a><p id=\"caption-attachment-5679\" class=\"wp-caption-text\">Uutta pukkaa&#8230;<\/p><\/div>Taidetta dokumentoi Sony ILCE-6000 + Sony Zeiss 24f18<\/p>\n","protected":false},"excerpt":{"rendered":"<p>Olen siis k\u00e4ynyt t\u00e4t\u00e4 ty\u00f6v\u00e4enopiston valokuvauskurssia t\u00e4n\u00e4(kin) vuonna. Alunperin meid\u00e4n piti kokoontua enemm\u00e4n tai v\u00e4hemm\u00e4n joka kerta Oulunkyl\u00e4talossa, mutta siell\u00e4 onnistuttiin jotenkin tyrim\u00e4\u00e4n vesivahingon korjausremontti ja koko talo meni k\u00e4ytt\u00f6kieltoon. Suomalainen rakentamisen laatu&#8230; huoh. Jos tietoj\u00e4rjestelm\u00e4projekteista sanotaan, etteiv\u00e4t ne koskaan onnistu ajallaan ja\/tai budjetissaan, niin rakennusprojekteista voi sanoa, etteiv\u00e4t ne koskaan onnistu. Piste. &nbsp; No [&hellip;]<\/p>\n","protected":false},"author":2,"featured_media":5678,"comment_status":"open","ping_status":"closed","sticky":false,"template":"","format":"standard","meta":{"footnotes":""},"categories":[16],"tags":[220,158,112],"yoast_head":"<!-- This site is optimized with the Yoast SEO plugin v24.5 - https:\/\/yoast.com\/wordpress\/plugins\/seo\/ -->\n<title>Antiikkia, antiikkia - gREat MOments NEver forgotteN<\/title>\n<meta name=\"description\" content=\"T\u00e4ll\u00e4 kertaa paikaksi ja tapahtumaksi oli valokoitunut Suomen Valokuvataiteen Museo ja siell\u00e4 oleva Ismo Kajanderin &quot;Vintage&quot;-n\u00e4yttely.\" \/>\n<meta name=\"robots\" content=\"index, follow, max-snippet:-1, max-image-preview:large, max-video-preview:-1\" \/>\n<link rel=\"canonical\" href=\"https:\/\/www.remonen.fi\/WP\/blogi\/antiikkia-antiikkia\/\" \/>\n<meta property=\"og:locale\" content=\"fi_FI\" \/>\n<meta property=\"og:type\" content=\"article\" \/>\n<meta property=\"og:title\" content=\"Antiikkia, antiikkia - gREat MOments NEver forgotteN\" \/>\n<meta property=\"og:description\" content=\"T\u00e4ll\u00e4 kertaa paikaksi ja tapahtumaksi oli valokoitunut Suomen Valokuvataiteen Museo ja siell\u00e4 oleva Ismo Kajanderin &quot;Vintage&quot;-n\u00e4yttely.\" \/>\n<meta property=\"og:url\" content=\"https:\/\/www.remonen.fi\/WP\/blogi\/antiikkia-antiikkia\/\" \/>\n<meta property=\"og:site_name\" content=\"remonen.fi\" \/>\n<meta property=\"article:published_time\" content=\"2015-04-23T08:59:18+00:00\" \/>\n<meta property=\"article:modified_time\" content=\"2015-09-09T04:31:48+00:00\" \/>\n<meta property=\"og:image\" content=\"https:\/\/www.remonen.fi\/WP\/wp-content\/uploads\/2015\/04\/ismo_kajander-5.jpg\" \/>\n\t<meta property=\"og:image:width\" content=\"1024\" \/>\n\t<meta property=\"og:image:height\" content=\"485\" \/>\n\t<meta property=\"og:image:type\" content=\"image\/jpeg\" \/>\n<meta name=\"author\" content=\"Matti Remonen\" \/>\n<meta name=\"twitter:label1\" content=\"Kirjoittanut\" \/>\n\t<meta name=\"twitter:data1\" content=\"Matti Remonen\" \/>\n\t<meta name=\"twitter:label2\" content=\"Arvioitu lukuaika\" \/>\n\t<meta name=\"twitter:data2\" content=\"3 minuuttia\" \/>\n<script type=\"application\/ld+json\" class=\"yoast-schema-graph\">{\"@context\":\"https:\/\/schema.org\",\"@graph\":[{\"@type\":\"Article\",\"@id\":\"https:\/\/www.remonen.fi\/WP\/blogi\/antiikkia-antiikkia\/#article\",\"isPartOf\":{\"@id\":\"https:\/\/www.remonen.fi\/WP\/blogi\/antiikkia-antiikkia\/\"},\"author\":{\"name\":\"Matti Remonen\",\"@id\":\"https:\/\/www.remonen.fi\/WP\/#\/schema\/person\/1803c23d1d4f6722054eb2ac7f7a97cd\"},\"headline\":\"Antiikkia, antiikkia\",\"datePublished\":\"2015-04-23T08:59:18+00:00\",\"dateModified\":\"2015-09-09T04:31:48+00:00\",\"mainEntityOfPage\":{\"@id\":\"https:\/\/www.remonen.fi\/WP\/blogi\/antiikkia-antiikkia\/\"},\"wordCount\":590,\"commentCount\":0,\"publisher\":{\"@id\":\"https:\/\/www.remonen.fi\/WP\/#\/schema\/person\/1803c23d1d4f6722054eb2ac7f7a97cd\"},\"image\":{\"@id\":\"https:\/\/www.remonen.fi\/WP\/blogi\/antiikkia-antiikkia\/#primaryimage\"},\"thumbnailUrl\":\"https:\/\/www.remonen.fi\/WP\/wp-content\/uploads\/2015\/04\/ismo_kajander-5.jpg\",\"keywords\":[\"Ismo Kajander\",\"Lea K\u00f6mi\",\"Valokuvan\u00e4yttely\"],\"articleSection\":[\"Blog\"],\"inLanguage\":\"fi\",\"potentialAction\":[{\"@type\":\"CommentAction\",\"name\":\"Comment\",\"target\":[\"https:\/\/www.remonen.fi\/WP\/blogi\/antiikkia-antiikkia\/#respond\"]}]},{\"@type\":\"WebPage\",\"@id\":\"https:\/\/www.remonen.fi\/WP\/blogi\/antiikkia-antiikkia\/\",\"url\":\"https:\/\/www.remonen.fi\/WP\/blogi\/antiikkia-antiikkia\/\",\"name\":\"Antiikkia, antiikkia - gREat MOments NEver forgotteN\",\"isPartOf\":{\"@id\":\"https:\/\/www.remonen.fi\/WP\/#website\"},\"primaryImageOfPage\":{\"@id\":\"https:\/\/www.remonen.fi\/WP\/blogi\/antiikkia-antiikkia\/#primaryimage\"},\"image\":{\"@id\":\"https:\/\/www.remonen.fi\/WP\/blogi\/antiikkia-antiikkia\/#primaryimage\"},\"thumbnailUrl\":\"https:\/\/www.remonen.fi\/WP\/wp-content\/uploads\/2015\/04\/ismo_kajander-5.jpg\",\"datePublished\":\"2015-04-23T08:59:18+00:00\",\"dateModified\":\"2015-09-09T04:31:48+00:00\",\"description\":\"T\u00e4ll\u00e4 kertaa paikaksi ja tapahtumaksi oli valokoitunut Suomen Valokuvataiteen Museo ja siell\u00e4 oleva Ismo Kajanderin \\\"Vintage\\\"-n\u00e4yttely.\",\"breadcrumb\":{\"@id\":\"https:\/\/www.remonen.fi\/WP\/blogi\/antiikkia-antiikkia\/#breadcrumb\"},\"inLanguage\":\"fi\",\"potentialAction\":[{\"@type\":\"ReadAction\",\"target\":[\"https:\/\/www.remonen.fi\/WP\/blogi\/antiikkia-antiikkia\/\"]}]},{\"@type\":\"ImageObject\",\"inLanguage\":\"fi\",\"@id\":\"https:\/\/www.remonen.fi\/WP\/blogi\/antiikkia-antiikkia\/#primaryimage\",\"url\":\"https:\/\/www.remonen.fi\/WP\/wp-content\/uploads\/2015\/04\/ismo_kajander-5.jpg\",\"contentUrl\":\"https:\/\/www.remonen.fi\/WP\/wp-content\/uploads\/2015\/04\/ismo_kajander-5.jpg\",\"width\":1024,\"height\":485},{\"@type\":\"BreadcrumbList\",\"@id\":\"https:\/\/www.remonen.fi\/WP\/blogi\/antiikkia-antiikkia\/#breadcrumb\",\"itemListElement\":[{\"@type\":\"ListItem\",\"position\":1,\"name\":\"Etusivu\",\"item\":\"https:\/\/www.remonen.fi\/WP\/\"},{\"@type\":\"ListItem\",\"position\":2,\"name\":\"Antiikkia, antiikkia\"}]},{\"@type\":\"WebSite\",\"@id\":\"https:\/\/www.remonen.fi\/WP\/#website\",\"url\":\"https:\/\/www.remonen.fi\/WP\/\",\"name\":\"remonen.fi\",\"description\":\"Valokuvia ja tarinaa laidasta laitaan\",\"publisher\":{\"@id\":\"https:\/\/www.remonen.fi\/WP\/#\/schema\/person\/1803c23d1d4f6722054eb2ac7f7a97cd\"},\"potentialAction\":[{\"@type\":\"SearchAction\",\"target\":{\"@type\":\"EntryPoint\",\"urlTemplate\":\"https:\/\/www.remonen.fi\/WP\/?s={search_term_string}\"},\"query-input\":{\"@type\":\"PropertyValueSpecification\",\"valueRequired\":true,\"valueName\":\"search_term_string\"}}],\"inLanguage\":\"fi\"},{\"@type\":[\"Person\",\"Organization\"],\"@id\":\"https:\/\/www.remonen.fi\/WP\/#\/schema\/person\/1803c23d1d4f6722054eb2ac7f7a97cd\",\"name\":\"Matti Remonen\",\"logo\":{\"@id\":\"https:\/\/www.remonen.fi\/WP\/#\/schema\/person\/image\/\"},\"url\":\"https:\/\/www.remonen.fi\/WP\/blogi\/author\/mre\/\"}]}<\/script>\n<!-- \/ Yoast SEO plugin. -->","yoast_head_json":{"title":"Antiikkia, antiikkia - gREat MOments NEver forgotteN","description":"T\u00e4ll\u00e4 kertaa paikaksi ja tapahtumaksi oli valokoitunut Suomen Valokuvataiteen Museo ja siell\u00e4 oleva Ismo Kajanderin \"Vintage\"-n\u00e4yttely.","robots":{"index":"index","follow":"follow","max-snippet":"max-snippet:-1","max-image-preview":"max-image-preview:large","max-video-preview":"max-video-preview:-1"},"canonical":"https:\/\/www.remonen.fi\/WP\/blogi\/antiikkia-antiikkia\/","og_locale":"fi_FI","og_type":"article","og_title":"Antiikkia, antiikkia - gREat MOments NEver forgotteN","og_description":"T\u00e4ll\u00e4 kertaa paikaksi ja tapahtumaksi oli valokoitunut Suomen Valokuvataiteen Museo ja siell\u00e4 oleva Ismo Kajanderin \"Vintage\"-n\u00e4yttely.","og_url":"https:\/\/www.remonen.fi\/WP\/blogi\/antiikkia-antiikkia\/","og_site_name":"remonen.fi","article_published_time":"2015-04-23T08:59:18+00:00","article_modified_time":"2015-09-09T04:31:48+00:00","og_image":[{"width":1024,"height":485,"url":"https:\/\/www.remonen.fi\/WP\/wp-content\/uploads\/2015\/04\/ismo_kajander-5.jpg","type":"image\/jpeg"}],"author":"Matti Remonen","twitter_misc":{"Kirjoittanut":"Matti Remonen","Arvioitu lukuaika":"3 minuuttia"},"schema":{"@context":"https:\/\/schema.org","@graph":[{"@type":"Article","@id":"https:\/\/www.remonen.fi\/WP\/blogi\/antiikkia-antiikkia\/#article","isPartOf":{"@id":"https:\/\/www.remonen.fi\/WP\/blogi\/antiikkia-antiikkia\/"},"author":{"name":"Matti Remonen","@id":"https:\/\/www.remonen.fi\/WP\/#\/schema\/person\/1803c23d1d4f6722054eb2ac7f7a97cd"},"headline":"Antiikkia, antiikkia","datePublished":"2015-04-23T08:59:18+00:00","dateModified":"2015-09-09T04:31:48+00:00","mainEntityOfPage":{"@id":"https:\/\/www.remonen.fi\/WP\/blogi\/antiikkia-antiikkia\/"},"wordCount":590,"commentCount":0,"publisher":{"@id":"https:\/\/www.remonen.fi\/WP\/#\/schema\/person\/1803c23d1d4f6722054eb2ac7f7a97cd"},"image":{"@id":"https:\/\/www.remonen.fi\/WP\/blogi\/antiikkia-antiikkia\/#primaryimage"},"thumbnailUrl":"https:\/\/www.remonen.fi\/WP\/wp-content\/uploads\/2015\/04\/ismo_kajander-5.jpg","keywords":["Ismo Kajander","Lea K\u00f6mi","Valokuvan\u00e4yttely"],"articleSection":["Blog"],"inLanguage":"fi","potentialAction":[{"@type":"CommentAction","name":"Comment","target":["https:\/\/www.remonen.fi\/WP\/blogi\/antiikkia-antiikkia\/#respond"]}]},{"@type":"WebPage","@id":"https:\/\/www.remonen.fi\/WP\/blogi\/antiikkia-antiikkia\/","url":"https:\/\/www.remonen.fi\/WP\/blogi\/antiikkia-antiikkia\/","name":"Antiikkia, antiikkia - gREat MOments NEver forgotteN","isPartOf":{"@id":"https:\/\/www.remonen.fi\/WP\/#website"},"primaryImageOfPage":{"@id":"https:\/\/www.remonen.fi\/WP\/blogi\/antiikkia-antiikkia\/#primaryimage"},"image":{"@id":"https:\/\/www.remonen.fi\/WP\/blogi\/antiikkia-antiikkia\/#primaryimage"},"thumbnailUrl":"https:\/\/www.remonen.fi\/WP\/wp-content\/uploads\/2015\/04\/ismo_kajander-5.jpg","datePublished":"2015-04-23T08:59:18+00:00","dateModified":"2015-09-09T04:31:48+00:00","description":"T\u00e4ll\u00e4 kertaa paikaksi ja tapahtumaksi oli valokoitunut Suomen Valokuvataiteen Museo ja siell\u00e4 oleva Ismo Kajanderin \"Vintage\"-n\u00e4yttely.","breadcrumb":{"@id":"https:\/\/www.remonen.fi\/WP\/blogi\/antiikkia-antiikkia\/#breadcrumb"},"inLanguage":"fi","potentialAction":[{"@type":"ReadAction","target":["https:\/\/www.remonen.fi\/WP\/blogi\/antiikkia-antiikkia\/"]}]},{"@type":"ImageObject","inLanguage":"fi","@id":"https:\/\/www.remonen.fi\/WP\/blogi\/antiikkia-antiikkia\/#primaryimage","url":"https:\/\/www.remonen.fi\/WP\/wp-content\/uploads\/2015\/04\/ismo_kajander-5.jpg","contentUrl":"https:\/\/www.remonen.fi\/WP\/wp-content\/uploads\/2015\/04\/ismo_kajander-5.jpg","width":1024,"height":485},{"@type":"BreadcrumbList","@id":"https:\/\/www.remonen.fi\/WP\/blogi\/antiikkia-antiikkia\/#breadcrumb","itemListElement":[{"@type":"ListItem","position":1,"name":"Etusivu","item":"https:\/\/www.remonen.fi\/WP\/"},{"@type":"ListItem","position":2,"name":"Antiikkia, antiikkia"}]},{"@type":"WebSite","@id":"https:\/\/www.remonen.fi\/WP\/#website","url":"https:\/\/www.remonen.fi\/WP\/","name":"remonen.fi","description":"Valokuvia ja tarinaa laidasta laitaan","publisher":{"@id":"https:\/\/www.remonen.fi\/WP\/#\/schema\/person\/1803c23d1d4f6722054eb2ac7f7a97cd"},"potentialAction":[{"@type":"SearchAction","target":{"@type":"EntryPoint","urlTemplate":"https:\/\/www.remonen.fi\/WP\/?s={search_term_string}"},"query-input":{"@type":"PropertyValueSpecification","valueRequired":true,"valueName":"search_term_string"}}],"inLanguage":"fi"},{"@type":["Person","Organization"],"@id":"https:\/\/www.remonen.fi\/WP\/#\/schema\/person\/1803c23d1d4f6722054eb2ac7f7a97cd","name":"Matti Remonen","logo":{"@id":"https:\/\/www.remonen.fi\/WP\/#\/schema\/person\/image\/"},"url":"https:\/\/www.remonen.fi\/WP\/blogi\/author\/mre\/"}]}},"_links":{"self":[{"href":"https:\/\/www.remonen.fi\/WP\/wp-json\/wp\/v2\/posts\/5669"}],"collection":[{"href":"https:\/\/www.remonen.fi\/WP\/wp-json\/wp\/v2\/posts"}],"about":[{"href":"https:\/\/www.remonen.fi\/WP\/wp-json\/wp\/v2\/types\/post"}],"author":[{"embeddable":true,"href":"https:\/\/www.remonen.fi\/WP\/wp-json\/wp\/v2\/users\/2"}],"replies":[{"embeddable":true,"href":"https:\/\/www.remonen.fi\/WP\/wp-json\/wp\/v2\/comments?post=5669"}],"version-history":[{"count":0,"href":"https:\/\/www.remonen.fi\/WP\/wp-json\/wp\/v2\/posts\/5669\/revisions"}],"wp:featuredmedia":[{"embeddable":true,"href":"https:\/\/www.remonen.fi\/WP\/wp-json\/wp\/v2\/media\/5678"}],"wp:attachment":[{"href":"https:\/\/www.remonen.fi\/WP\/wp-json\/wp\/v2\/media?parent=5669"}],"wp:term":[{"taxonomy":"category","embeddable":true,"href":"https:\/\/www.remonen.fi\/WP\/wp-json\/wp\/v2\/categories?post=5669"},{"taxonomy":"post_tag","embeddable":true,"href":"https:\/\/www.remonen.fi\/WP\/wp-json\/wp\/v2\/tags?post=5669"}],"curies":[{"name":"wp","href":"https:\/\/api.w.org\/{rel}","templated":true}]}}