{"id":6098,"date":"2015-05-18T18:42:38","date_gmt":"2015-05-18T15:42:38","guid":{"rendered":"http:\/\/www.remonen.fi\/?p=6098"},"modified":"2015-05-19T19:50:49","modified_gmt":"2015-05-19T16:50:49","slug":"hevon-kuusessa-otto-2","status":"publish","type":"post","link":"https:\/\/www.remonen.fi\/WP\/blogi\/hevon-kuusessa-otto-2\/","title":{"rendered":"Hevon Kuusessa, Otto 2"},"content":{"rendered":"<p><a href=\"http:\/\/www.remonen.fi\/WP\/wp-content\/uploads\/2015\/05\/tyohevoskurssi-10.jpg\"><img loading=\"lazy\" decoding=\"async\" class=\"aligncenter wp-image-6087\" title=\"Aperture: &#402;\/4.5 | Credit: Matti Remonen | Camera: CORPORATION | Taken: 17 toukokuun, 2015 | Copyright: (c) Matti Remonen | Flash fired: no | Focal length: 200mm | ISO: 280 | Shutter speed: 1\/200s | \" src=\"http:\/\/www.remonen.fi\/WP\/wp-content\/uploads\/2015\/05\/tyohevoskurssi-10.jpg\" alt=\"\" width=\"680\" height=\"454\" srcset=\"https:\/\/www.remonen.fi\/WP\/wp-content\/uploads\/2015\/05\/tyohevoskurssi-10.jpg 1024w, https:\/\/www.remonen.fi\/WP\/wp-content\/uploads\/2015\/05\/tyohevoskurssi-10-300x200.jpg 300w, https:\/\/www.remonen.fi\/WP\/wp-content\/uploads\/2015\/05\/tyohevoskurssi-10-680x454.jpg 680w, https:\/\/www.remonen.fi\/WP\/wp-content\/uploads\/2015\/05\/tyohevoskurssi-10-440x293.jpg 440w, https:\/\/www.remonen.fi\/WP\/wp-content\/uploads\/2015\/05\/tyohevoskurssi-10-960x640.jpg 960w\" sizes=\"(max-width: 680px) 100vw, 680px\" \/><\/a><\/p>\n<p>Viime syksyn\u00e4 \/ loppukes\u00e4st\u00e4 olin <a href=\"http:\/\/www.remonen.fi\/photoblog\/hevon-kuusessa\/\">Hevon Kuusessa Miehikk\u00e4l\u00e4ss\u00e4<\/a> kuvaamassa orivarsojen kes\u00e4laitumen p\u00e4\u00e4ttymist\u00e4. Nyt edelliskerrasta viisastuneena tuumin, ett\u00e4 hevosia on l\u00f6ydytt\u00e4v\u00e4 kuusesta l\u00e4hemp\u00e4\u00e4kin. Ja kas, kuin tilauksesta Kumpulassa &#8211; tuolla maaseudun syv\u00e4ss\u00e4 rauhassa &#8211; j\u00e4rjestettiinkin <a href=\"https:\/\/tyohevosharrastajat.wordpress.com\/\" target=\"_blank\">Ty\u00f6hevosharrastajien kev\u00e4tty\u00f6kurssi<\/a>. Tokihan tuossa nimihirvi\u00f6ss\u00e4 oli minulle liian monta ty\u00f6per\u00e4ist\u00e4 sanaa, mutta ajattelin ett\u00e4 taiteilija p\u00e4\u00e4see aina v\u00e4hemm\u00e4ll\u00e4 vetoamalla ty\u00f6per\u00e4isen liikunnan aiheuttamaan pysyv\u00e4\u00e4n h\u00e4iri\u00f6\u00f6n luomishetkess\u00e4. Tai jotain sinne p\u00e4in, mutta en nyt kuitenkaan ajatellut l\u00e4hte\u00e4 sinne luomaan lantaa.<\/p>\n<p><div id=\"attachment_6083\" style=\"width: 464px\" class=\"wp-caption aligncenter\"><a href=\"http:\/\/www.remonen.fi\/WP\/wp-content\/uploads\/2015\/05\/tyohevoskurssi-1.jpg\"><img loading=\"lazy\" decoding=\"async\" aria-describedby=\"caption-attachment-6083\" class=\"wp-image-6083\" title=\"Aperture: &#402;\/3.2 | Credit: Matti Remonen | Camera: CORPORATION | Taken: 17 toukokuun, 2015 | Copyright: (c) Matti Remonen | Flash fired: no | Focal length: 62mm | ISO: 64 | Shutter speed: 1\/320s | \" src=\"http:\/\/www.remonen.fi\/WP\/wp-content\/uploads\/2015\/05\/tyohevoskurssi-1.jpg\" alt=\"\" width=\"454\" height=\"680\" srcset=\"https:\/\/www.remonen.fi\/WP\/wp-content\/uploads\/2015\/05\/tyohevoskurssi-1.jpg 683w, https:\/\/www.remonen.fi\/WP\/wp-content\/uploads\/2015\/05\/tyohevoskurssi-1-200x300.jpg 200w, https:\/\/www.remonen.fi\/WP\/wp-content\/uploads\/2015\/05\/tyohevoskurssi-1-454x680.jpg 454w, https:\/\/www.remonen.fi\/WP\/wp-content\/uploads\/2015\/05\/tyohevoskurssi-1-440x660.jpg 440w, https:\/\/www.remonen.fi\/WP\/wp-content\/uploads\/2015\/05\/tyohevoskurssi-1-300x450.jpg 300w\" sizes=\"(max-width: 454px) 100vw, 454px\" \/><\/a><p id=\"caption-attachment-6083\" class=\"wp-caption-text\">An pusu ny!<\/p><\/div>Eniveis, yst\u00e4v\u00e4ni Mikan kutsusta p\u00e4\u00e4dyin l\u00e4htem\u00e4\u00e4n kuvaamaan hevosia. Johan edellisest\u00e4 kerrasta olikin jo aikaa yli puoli vuotta ja hevosia kuvaamaan kannattaa matkustaa hieman pidempikin matka. En oikein tied\u00e4 mik\u00e4 noissa elikoissa minua vieh\u00e4tt\u00e4\u00e4, koska &#8211; jos totta puhutaan &#8211; hieman pelk\u00e4\u00e4n tai ainakin varon niit\u00e4. En osaa yht\u00e4\u00e4n &#8221;lukea&#8221; hevosta, joten en tied\u00e4 onko se tulossa silitett\u00e4v\u00e4ksi vai repim\u00e4\u00e4n minulta k\u00e4den irti. Varmuuden vuoksi l\u00e4hden j\u00e4lkimm\u00e4isest\u00e4 olettamasta.<\/p>\n<p><a href=\"http:\/\/www.remonen.fi\/WP\/wp-content\/uploads\/2015\/05\/tyohevoskurssi-1-3.jpg\"><img loading=\"lazy\" decoding=\"async\" class=\"aligncenter wp-image-6102\" title=\"Aperture: &#402;\/2.8 | Credit: Matti Remonen | Camera: CORPORATION | Taken: 17 toukokuun, 2015 | Copyright: (c) Matti Remonen | Flash fired: no | Focal length: 200mm | ISO: 64 | Shutter speed: 1\/320s | \" src=\"http:\/\/www.remonen.fi\/WP\/wp-content\/uploads\/2015\/05\/tyohevoskurssi-1-3.jpg\" alt=\"\" width=\"680\" height=\"454\" srcset=\"https:\/\/www.remonen.fi\/WP\/wp-content\/uploads\/2015\/05\/tyohevoskurssi-1-3.jpg 1024w, https:\/\/www.remonen.fi\/WP\/wp-content\/uploads\/2015\/05\/tyohevoskurssi-1-3-300x200.jpg 300w, https:\/\/www.remonen.fi\/WP\/wp-content\/uploads\/2015\/05\/tyohevoskurssi-1-3-680x454.jpg 680w, https:\/\/www.remonen.fi\/WP\/wp-content\/uploads\/2015\/05\/tyohevoskurssi-1-3-440x293.jpg 440w, https:\/\/www.remonen.fi\/WP\/wp-content\/uploads\/2015\/05\/tyohevoskurssi-1-3-960x640.jpg 960w\" sizes=\"(max-width: 680px) 100vw, 680px\" \/><\/a><\/p>\n<p>Kurssi j\u00e4rjestettiin <a href=\"http:\/\/www.lastenpuutarha.fi\/\" target=\"_blank\">Kumpulassa Lasten ja Nuorten puutarhayhdistyksen<\/a> mailla ja puutarhalla. Yhdistysh\u00e4n on keskittynyt pit\u00e4m\u00e4\u00e4n lapset ja nuorison kaidalla tiell\u00e4 ja kovassa ty\u00f6ss\u00e4. Mik\u00e4 sin\u00e4ns\u00e4 on hyv\u00e4 juttu. Toiminta on alkanut jo yli sata vuotta sitten ja jossain mieless\u00e4 ympyr\u00e4 on sulkeutumassa ainakin n\u00e4iden maansiirtokoneiden osalta. Varmaan alunperin toiminnassa oli hevosilla suuri rooli ja nyt ne ovat sitten palanneet. Toki joka p\u00e4iv\u00e4 eiv\u00e4t hepat tuolla vieraile, mutta hyv\u00e4 jos nyt kuitenkin edes silloin t\u00e4ll\u00f6in.<\/p>\n<p><div id=\"attachment_6085\" style=\"width: 690px\" class=\"wp-caption aligncenter\"><a href=\"http:\/\/www.remonen.fi\/WP\/wp-content\/uploads\/2015\/05\/tyohevoskurssi-11.jpg\"><img loading=\"lazy\" decoding=\"async\" aria-describedby=\"caption-attachment-6085\" class=\"wp-image-6085\" title=\"Aperture: &#402;\/5.6 | Credit: Matti Remonen | Camera: CORPORATION | Taken: 17 toukokuun, 2015 | Copyright: (c) Matti Remonen | Flash fired: no | Focal length: 70mm | ISO: 64 | Shutter speed: 1\/250s | \" src=\"http:\/\/www.remonen.fi\/WP\/wp-content\/uploads\/2015\/05\/tyohevoskurssi-11.jpg\" alt=\"\" width=\"680\" height=\"454\" srcset=\"https:\/\/www.remonen.fi\/WP\/wp-content\/uploads\/2015\/05\/tyohevoskurssi-11.jpg 1024w, https:\/\/www.remonen.fi\/WP\/wp-content\/uploads\/2015\/05\/tyohevoskurssi-11-300x200.jpg 300w, https:\/\/www.remonen.fi\/WP\/wp-content\/uploads\/2015\/05\/tyohevoskurssi-11-680x454.jpg 680w, https:\/\/www.remonen.fi\/WP\/wp-content\/uploads\/2015\/05\/tyohevoskurssi-11-440x293.jpg 440w, https:\/\/www.remonen.fi\/WP\/wp-content\/uploads\/2015\/05\/tyohevoskurssi-11-960x640.jpg 960w\" sizes=\"(max-width: 680px) 100vw, 680px\" \/><\/a><p id=\"caption-attachment-6085\" class=\"wp-caption-text\">Kato, m\u00e4 oon tapiiri&#8230;<\/p><\/div>Paikalle oli ker\u00e4\u00e4ntynyt taas suurehko joukko kouluttajia ja asiasta kiinnostuneita hevosharrastajia ja -omistajia. Min\u00e4 erotuin taas joukosta kuin kipe\u00e4 peukalo per&#8230; perjantaina maantien varressa odottamassa kyyti\u00e4. Sill\u00e4 mun l\u00e4hikokemus hevosista rajoittuu edelleen HK:n meetwurstiin. Kevyt-versioon viel\u00e4p\u00e4. Sen sijaan l\u00e4sn\u00e4olevien hevostuntemus mitattiin helposti kymmeniss\u00e4 vuosissa, varsinkin opettajien osalta.<br \/>\n<a href=\"http:\/\/www.remonen.fi\/WP\/wp-content\/uploads\/2015\/05\/tyohevoskurssi-3.jpg\"><img loading=\"lazy\" decoding=\"async\" class=\"aligncenter wp-image-6095\" title=\"Aperture: &#402;\/2.8 | Credit: Matti Remonen | Camera: CORPORATION | Taken: 17 toukokuun, 2015 | Copyright: (c) Matti Remonen | Flash fired: no | Focal length: 180mm | ISO: 64 | Shutter speed: 1\/500s | \" src=\"http:\/\/www.remonen.fi\/WP\/wp-content\/uploads\/2015\/05\/tyohevoskurssi-3.jpg\" alt=\"\" width=\"454\" height=\"680\" srcset=\"https:\/\/www.remonen.fi\/WP\/wp-content\/uploads\/2015\/05\/tyohevoskurssi-3.jpg 683w, https:\/\/www.remonen.fi\/WP\/wp-content\/uploads\/2015\/05\/tyohevoskurssi-3-200x300.jpg 200w, https:\/\/www.remonen.fi\/WP\/wp-content\/uploads\/2015\/05\/tyohevoskurssi-3-454x680.jpg 454w, https:\/\/www.remonen.fi\/WP\/wp-content\/uploads\/2015\/05\/tyohevoskurssi-3-440x660.jpg 440w, https:\/\/www.remonen.fi\/WP\/wp-content\/uploads\/2015\/05\/tyohevoskurssi-3-300x450.jpg 300w\" sizes=\"(max-width: 454px) 100vw, 454px\" \/><\/a><\/p>\n<blockquote><p>&#8221;siell\u00e4 ei kyll\u00e4 mik\u00e4\u00e4n ripakinttu ravuri ranskasta p\u00e4rj\u00e4\u00e4&#8221;<\/p><\/blockquote>\n<p>Itse koulutus keskittyi perusasioihin: hevosen valjastamiseen ja erilaisten vehkeiden viritt\u00e4miseen hevosen vedett\u00e4v\u00e4ksi. Sek\u00e4 sitten niihin varsinaisiin peltot\u00f6ihin: \u00e4estykseen, maan k\u00e4\u00e4nt\u00f6\u00f6n auralla, lannan levitt\u00e4miseen ja perunoiden istuttamiseen. T\u00e4ytyy sanoa, ett\u00e4 kunnioitus entisajan maanviljelij\u00e4\u00e4 kohtaan nousi aivan uusiin ulottuvuuksiin. En varsinaisesti koskaan ole kuvitellutkaan, ett\u00e4 se maanviljelij\u00e4n ty\u00f6 sata vuotta sitten oli mitenk\u00e4\u00e4n helppoa, mutta itsell\u00e4 meinasi kunto loppua jo ihan katseluosastossa. Ja tuossa my\u00f6s n\u00e4ki, kuinka rankkoja nuo peltoty\u00f6t ovat olleet my\u00f6s itse hevoselle: siell\u00e4 ei kyll\u00e4 mik\u00e4\u00e4n ripakinttu ravuri ranskasta p\u00e4rj\u00e4\u00e4. Vaan pit\u00e4\u00e4 olla kunnon Suomalainen Ty\u00f6 Hevonen &#8482;, jota ei pakkanen pane eik\u00e4 r\u00e4nt\u00e4sade raiskaa. J\u00e4mpti on n\u00e4in.<\/p>\n<p><a href=\"http:\/\/www.remonen.fi\/WP\/wp-content\/uploads\/2015\/05\/tyohevoskurssi-8.jpg\"><img loading=\"lazy\" decoding=\"async\" class=\"aligncenter wp-image-6090\" title=\"Aperture: &#402;\/8 | Credit: Matti Remonen | Camera: CORPORATION | Taken: 17 toukokuun, 2015 | Copyright: (c) Matti Remonen | Flash fired: no | Focal length: 70mm | ISO: 90 | Shutter speed: 1\/80s | \" src=\"http:\/\/www.remonen.fi\/WP\/wp-content\/uploads\/2015\/05\/tyohevoskurssi-8.jpg\" alt=\"\" width=\"680\" height=\"454\" srcset=\"https:\/\/www.remonen.fi\/WP\/wp-content\/uploads\/2015\/05\/tyohevoskurssi-8.jpg 1024w, https:\/\/www.remonen.fi\/WP\/wp-content\/uploads\/2015\/05\/tyohevoskurssi-8-300x200.jpg 300w, https:\/\/www.remonen.fi\/WP\/wp-content\/uploads\/2015\/05\/tyohevoskurssi-8-680x454.jpg 680w, https:\/\/www.remonen.fi\/WP\/wp-content\/uploads\/2015\/05\/tyohevoskurssi-8-440x293.jpg 440w, https:\/\/www.remonen.fi\/WP\/wp-content\/uploads\/2015\/05\/tyohevoskurssi-8-960x640.jpg 960w\" sizes=\"(max-width: 680px) 100vw, 680px\" \/><\/a><\/p>\n<p><a href=\"http:\/\/www.remonen.fi\/WP\/wp-content\/uploads\/2015\/05\/tyohevoskurssi-1-2.jpg\"><img loading=\"lazy\" decoding=\"async\" class=\"aligncenter wp-image-6103\" title=\"Aperture: &#402;\/2.8 | Credit: Matti Remonen | Camera: CORPORATION | Taken: 17 toukokuun, 2015 | Copyright: (c) Matti Remonen | Flash fired: no | Focal length: 200mm | ISO: 64 | Shutter speed: 1\/640s | \" src=\"http:\/\/www.remonen.fi\/WP\/wp-content\/uploads\/2015\/05\/tyohevoskurssi-1-2.jpg\" alt=\"\" width=\"680\" height=\"454\" srcset=\"https:\/\/www.remonen.fi\/WP\/wp-content\/uploads\/2015\/05\/tyohevoskurssi-1-2.jpg 1024w, https:\/\/www.remonen.fi\/WP\/wp-content\/uploads\/2015\/05\/tyohevoskurssi-1-2-300x200.jpg 300w, https:\/\/www.remonen.fi\/WP\/wp-content\/uploads\/2015\/05\/tyohevoskurssi-1-2-680x454.jpg 680w, https:\/\/www.remonen.fi\/WP\/wp-content\/uploads\/2015\/05\/tyohevoskurssi-1-2-440x293.jpg 440w, https:\/\/www.remonen.fi\/WP\/wp-content\/uploads\/2015\/05\/tyohevoskurssi-1-2-960x640.jpg 960w\" sizes=\"(max-width: 680px) 100vw, 680px\" \/><\/a><\/p>\n<p>Varsinaisen ty\u00f6n tekemisen lis\u00e4ksi oli mielenkiintoista tutkia l\u00e4hemmin hevosen valjaita ja niihin kuuluvia osia. T\u00e4\u00e4ll\u00e4 k\u00e4ytettiin n\u00e4k\u00f6j\u00e4\u00e4n <a href=\"http:\/\/fi.wikipedia.org\/wiki\/Luokki\" target=\"_blank\">luokkivaljaita <\/a>(ihan kuin min\u00e4 niist\u00e4 mit\u00e4\u00e4n ymm\u00e4rt\u00e4isin) ja se onkin tyypillinen (it\u00e4)suomalainen valjastustapa. Itse luokki, joka on yl\u00f6salaisin k\u00e4\u00e4nnetyn U:n muotoinen, pit\u00e4\u00e4 aisat erossa hevosen kyljist\u00e4 ja mahdollistaa raskaidenkin kuormien vet\u00e4misen vaikeissa olosuhteissa. Niin kuin esimerkiksi tukkireen vet\u00e4misen pois mets\u00e4st\u00e4 talvella tiett\u00f6mien taipaleiden takaa. Ja siis luokkia ei k\u00e4ytet\u00e4 miss\u00e4\u00e4n muualla kuin Suomessa. Niin ne esi-is\u00e4t on vain sellaisenkin keksineet ennen internetti\u00e4 ja 3D-tulostusta&#8230; edes Kiinasta ei tuollaista olisi saanut.<\/p>\n<p><a href=\"http:\/\/www.remonen.fi\/WP\/wp-content\/uploads\/2015\/05\/tyohevoskurssi-9.jpg\"><img loading=\"lazy\" decoding=\"async\" class=\"aligncenter wp-image-6088\" title=\"Aperture: &#402;\/2.8 | Credit: Matti Remonen | Camera: CORPORATION | Taken: 17 toukokuun, 2015 | Copyright: (c) Matti Remonen | Flash fired: no | Focal length: 200mm | ISO: 160 | Shutter speed: 1\/200s | \" src=\"http:\/\/www.remonen.fi\/WP\/wp-content\/uploads\/2015\/05\/tyohevoskurssi-9.jpg\" alt=\"\" width=\"680\" height=\"454\" srcset=\"https:\/\/www.remonen.fi\/WP\/wp-content\/uploads\/2015\/05\/tyohevoskurssi-9.jpg 1024w, https:\/\/www.remonen.fi\/WP\/wp-content\/uploads\/2015\/05\/tyohevoskurssi-9-300x200.jpg 300w, https:\/\/www.remonen.fi\/WP\/wp-content\/uploads\/2015\/05\/tyohevoskurssi-9-680x454.jpg 680w, https:\/\/www.remonen.fi\/WP\/wp-content\/uploads\/2015\/05\/tyohevoskurssi-9-440x293.jpg 440w, https:\/\/www.remonen.fi\/WP\/wp-content\/uploads\/2015\/05\/tyohevoskurssi-9-960x640.jpg 960w\" sizes=\"(max-width: 680px) 100vw, 680px\" \/><\/a><\/p>\n<p>Oli kyll\u00e4 kaiken kaikkiaan \u00e4\u00e4rimm\u00e4isen mielenkiintoinen tapahtuma. Todella onni, ett\u00e4 p\u00e4\u00e4sin tuonne kuvaamaan. Eik\u00e4 sek\u00e4\u00e4n kyll\u00e4 haitannut, ett\u00e4 aurinko paistoi ja linnut lauloivat.<\/p>\n<p><a href=\"http:\/\/www.remonen.fi\/WP\/wp-content\/uploads\/2015\/05\/tyohevoskurssi-2.jpg\"><img loading=\"lazy\" decoding=\"async\" class=\"aligncenter wp-image-6096\" title=\"Aperture: &#402;\/4 | Credit: Matti Remonen | Camera: CORPORATION | Taken: 17 toukokuun, 2015 | Copyright: (c) Matti Remonen | Flash fired: no | Focal length: 52mm | ISO: 64 | Shutter speed: 1\/400s | \" src=\"http:\/\/www.remonen.fi\/WP\/wp-content\/uploads\/2015\/05\/tyohevoskurssi-2.jpg\" alt=\"\" width=\"454\" height=\"680\" srcset=\"https:\/\/www.remonen.fi\/WP\/wp-content\/uploads\/2015\/05\/tyohevoskurssi-2.jpg 683w, https:\/\/www.remonen.fi\/WP\/wp-content\/uploads\/2015\/05\/tyohevoskurssi-2-200x300.jpg 200w, https:\/\/www.remonen.fi\/WP\/wp-content\/uploads\/2015\/05\/tyohevoskurssi-2-454x680.jpg 454w, https:\/\/www.remonen.fi\/WP\/wp-content\/uploads\/2015\/05\/tyohevoskurssi-2-440x660.jpg 440w, https:\/\/www.remonen.fi\/WP\/wp-content\/uploads\/2015\/05\/tyohevoskurssi-2-300x450.jpg 300w\" sizes=\"(max-width: 454px) 100vw, 454px\" \/><\/a><\/p>\n<p>Jaa-nii, viel\u00e4 sen verran, kun olen nyt n\u00e4iss\u00e4 hevosjutuissa py\u00f6rinyt muutaman kerran: hevosharrastajia ja -ammattilaisia yhdist\u00e4\u00e4 (ja muusta v\u00e4est\u00f6st\u00e4 erottaa) m\u00e4\u00e4r\u00e4tynlainen no-nonsense asenne: ei mit\u00e4\u00e4n paskanjauhamista, vaan hommiin tartutaan ja niit\u00e4 tehd\u00e4\u00e4n kaksin k\u00e4sin.<\/p>\n<p><div id=\"attachment_6091\" style=\"width: 690px\" class=\"wp-caption aligncenter\"><a href=\"http:\/\/www.remonen.fi\/WP\/wp-content\/uploads\/2015\/05\/tyohevoskurssi-7.jpg\"><img loading=\"lazy\" decoding=\"async\" aria-describedby=\"caption-attachment-6091\" class=\"wp-image-6091\" title=\"Aperture: &#402;\/2.8 | Credit: Matti Remonen | Camera: CORPORATION | Taken: 17 toukokuun, 2015 | Copyright: (c) Matti Remonen | Flash fired: no | Focal length: 70mm | ISO: 64 | Shutter speed: 1\/500s | \" src=\"http:\/\/www.remonen.fi\/WP\/wp-content\/uploads\/2015\/05\/tyohevoskurssi-7.jpg\" alt=\"\" width=\"680\" height=\"454\" srcset=\"https:\/\/www.remonen.fi\/WP\/wp-content\/uploads\/2015\/05\/tyohevoskurssi-7.jpg 1024w, https:\/\/www.remonen.fi\/WP\/wp-content\/uploads\/2015\/05\/tyohevoskurssi-7-300x200.jpg 300w, https:\/\/www.remonen.fi\/WP\/wp-content\/uploads\/2015\/05\/tyohevoskurssi-7-680x454.jpg 680w, https:\/\/www.remonen.fi\/WP\/wp-content\/uploads\/2015\/05\/tyohevoskurssi-7-440x293.jpg 440w, https:\/\/www.remonen.fi\/WP\/wp-content\/uploads\/2015\/05\/tyohevoskurssi-7-960x640.jpg 960w\" sizes=\"(max-width: 680px) 100vw, 680px\" \/><\/a><p id=\"caption-attachment-6091\" class=\"wp-caption-text\">Hevon Kuuset<\/p><\/div><div id=\"attachment_6104\" style=\"width: 464px\" class=\"wp-caption aligncenter\"><a href=\"http:\/\/www.remonen.fi\/WP\/wp-content\/uploads\/2015\/05\/tyohevoskurssi-1-4.jpg\"><img loading=\"lazy\" decoding=\"async\" aria-describedby=\"caption-attachment-6104\" class=\"wp-image-6104\" title=\"Aperture: &#402;\/2.8 | Credit: Matti Remonen | Camera: CORPORATION | Taken: 17 toukokuun, 2015 | Copyright: (c) Matti Remonen | Flash fired: no | Focal length: 200mm | ISO: 64 | Shutter speed: 1\/500s | \" src=\"http:\/\/www.remonen.fi\/WP\/wp-content\/uploads\/2015\/05\/tyohevoskurssi-1-4.jpg\" alt=\"\" width=\"454\" height=\"680\" srcset=\"https:\/\/www.remonen.fi\/WP\/wp-content\/uploads\/2015\/05\/tyohevoskurssi-1-4.jpg 684w, https:\/\/www.remonen.fi\/WP\/wp-content\/uploads\/2015\/05\/tyohevoskurssi-1-4-200x300.jpg 200w, https:\/\/www.remonen.fi\/WP\/wp-content\/uploads\/2015\/05\/tyohevoskurssi-1-4-454x680.jpg 454w, https:\/\/www.remonen.fi\/WP\/wp-content\/uploads\/2015\/05\/tyohevoskurssi-1-4-440x659.jpg 440w, https:\/\/www.remonen.fi\/WP\/wp-content\/uploads\/2015\/05\/tyohevoskurssi-1-4-300x449.jpg 300w\" sizes=\"(max-width: 454px) 100vw, 454px\" \/><\/a><p id=\"caption-attachment-6104\" class=\"wp-caption-text\">Helppoo ku hein\u00e4n teko&#8230;<\/p><\/div>Hevon Kuusessa seikkaili Nikon D810 + Nikkor AF-S 24-70\/2.8G + Nikkor AF-S 70-200\/2.8G VR II<\/p>\n","protected":false},"excerpt":{"rendered":"<p>Viime syksyn\u00e4 \/ loppukes\u00e4st\u00e4 olin Hevon Kuusessa Miehikk\u00e4l\u00e4ss\u00e4 kuvaamassa orivarsojen kes\u00e4laitumen p\u00e4\u00e4ttymist\u00e4. Nyt edelliskerrasta viisastuneena tuumin, ett\u00e4 hevosia on l\u00f6ydytt\u00e4v\u00e4 kuusesta l\u00e4hemp\u00e4\u00e4kin. Ja kas, kuin tilauksesta Kumpulassa &#8211; tuolla maaseudun syv\u00e4ss\u00e4 rauhassa &#8211; j\u00e4rjestettiinkin Ty\u00f6hevosharrastajien kev\u00e4tty\u00f6kurssi. Tokihan tuossa nimihirvi\u00f6ss\u00e4 oli minulle liian monta ty\u00f6per\u00e4ist\u00e4 sanaa, mutta ajattelin ett\u00e4 taiteilija p\u00e4\u00e4see aina v\u00e4hemm\u00e4ll\u00e4 vetoamalla ty\u00f6per\u00e4isen liikunnan [&hellip;]<\/p>\n","protected":false},"author":2,"featured_media":6091,"comment_status":"open","ping_status":"closed","sticky":false,"template":"","format":"standard","meta":{"footnotes":""},"categories":[16],"tags":[189,224],"yoast_head":"<!-- This site is optimized with the Yoast SEO plugin v24.5 - https:\/\/yoast.com\/wordpress\/plugins\/seo\/ -->\n<title>Hevon Kuusessa, Otto 2 &#187; remonen.fi<\/title>\n<meta name=\"robots\" content=\"index, follow, max-snippet:-1, max-image-preview:large, max-video-preview:-1\" \/>\n<link rel=\"canonical\" href=\"https:\/\/www.remonen.fi\/WP\/blogi\/hevon-kuusessa-otto-2\/\" \/>\n<meta property=\"og:locale\" content=\"fi_FI\" \/>\n<meta property=\"og:type\" content=\"article\" \/>\n<meta property=\"og:title\" content=\"Hevon Kuusessa, Otto 2 &#187; remonen.fi\" \/>\n<meta property=\"og:description\" content=\"Viime syksyn\u00e4 \/ loppukes\u00e4st\u00e4 olin Hevon Kuusessa Miehikk\u00e4l\u00e4ss\u00e4 kuvaamassa orivarsojen kes\u00e4laitumen p\u00e4\u00e4ttymist\u00e4. Nyt edelliskerrasta viisastuneena tuumin, ett\u00e4 hevosia on l\u00f6ydytt\u00e4v\u00e4 kuusesta l\u00e4hemp\u00e4\u00e4kin. Ja kas, kuin tilauksesta Kumpulassa &#8211; tuolla maaseudun syv\u00e4ss\u00e4 rauhassa &#8211; j\u00e4rjestettiinkin Ty\u00f6hevosharrastajien kev\u00e4tty\u00f6kurssi. Tokihan tuossa nimihirvi\u00f6ss\u00e4 oli minulle liian monta ty\u00f6per\u00e4ist\u00e4 sanaa, mutta ajattelin ett\u00e4 taiteilija p\u00e4\u00e4see aina v\u00e4hemm\u00e4ll\u00e4 vetoamalla ty\u00f6per\u00e4isen liikunnan [&hellip;]\" \/>\n<meta property=\"og:url\" content=\"https:\/\/www.remonen.fi\/WP\/blogi\/hevon-kuusessa-otto-2\/\" \/>\n<meta property=\"og:site_name\" content=\"remonen.fi\" \/>\n<meta property=\"article:published_time\" content=\"2015-05-18T15:42:38+00:00\" \/>\n<meta property=\"article:modified_time\" content=\"2015-05-19T16:50:49+00:00\" \/>\n<meta property=\"og:image\" content=\"https:\/\/www.remonen.fi\/WP\/wp-content\/uploads\/2015\/05\/tyohevoskurssi-7.jpg\" \/>\n\t<meta property=\"og:image:width\" content=\"1024\" \/>\n\t<meta property=\"og:image:height\" content=\"683\" \/>\n\t<meta property=\"og:image:type\" content=\"image\/jpeg\" \/>\n<meta name=\"author\" content=\"Matti Remonen\" \/>\n<meta name=\"twitter:label1\" content=\"Kirjoittanut\" \/>\n\t<meta name=\"twitter:data1\" content=\"Matti Remonen\" \/>\n\t<meta name=\"twitter:label2\" content=\"Arvioitu lukuaika\" \/>\n\t<meta name=\"twitter:data2\" content=\"3 minuuttia\" \/>\n<script type=\"application\/ld+json\" class=\"yoast-schema-graph\">{\"@context\":\"https:\/\/schema.org\",\"@graph\":[{\"@type\":\"Article\",\"@id\":\"https:\/\/www.remonen.fi\/WP\/blogi\/hevon-kuusessa-otto-2\/#article\",\"isPartOf\":{\"@id\":\"https:\/\/www.remonen.fi\/WP\/blogi\/hevon-kuusessa-otto-2\/\"},\"author\":{\"name\":\"Matti Remonen\",\"@id\":\"https:\/\/www.remonen.fi\/WP\/#\/schema\/person\/1803c23d1d4f6722054eb2ac7f7a97cd\"},\"headline\":\"Hevon Kuusessa, Otto 2\",\"datePublished\":\"2015-05-18T15:42:38+00:00\",\"dateModified\":\"2015-05-19T16:50:49+00:00\",\"mainEntityOfPage\":{\"@id\":\"https:\/\/www.remonen.fi\/WP\/blogi\/hevon-kuusessa-otto-2\/\"},\"wordCount\":684,\"commentCount\":4,\"publisher\":{\"@id\":\"https:\/\/www.remonen.fi\/WP\/#\/schema\/person\/1803c23d1d4f6722054eb2ac7f7a97cd\"},\"image\":{\"@id\":\"https:\/\/www.remonen.fi\/WP\/blogi\/hevon-kuusessa-otto-2\/#primaryimage\"},\"thumbnailUrl\":\"https:\/\/www.remonen.fi\/WP\/wp-content\/uploads\/2015\/05\/tyohevoskurssi-7.jpg\",\"keywords\":[\"Hevonen\",\"Ty\u00f6hevosharrastajat\"],\"articleSection\":[\"Blog\"],\"inLanguage\":\"fi\",\"potentialAction\":[{\"@type\":\"CommentAction\",\"name\":\"Comment\",\"target\":[\"https:\/\/www.remonen.fi\/WP\/blogi\/hevon-kuusessa-otto-2\/#respond\"]}]},{\"@type\":\"WebPage\",\"@id\":\"https:\/\/www.remonen.fi\/WP\/blogi\/hevon-kuusessa-otto-2\/\",\"url\":\"https:\/\/www.remonen.fi\/WP\/blogi\/hevon-kuusessa-otto-2\/\",\"name\":\"Hevon Kuusessa, Otto 2 &#187; remonen.fi\",\"isPartOf\":{\"@id\":\"https:\/\/www.remonen.fi\/WP\/#website\"},\"primaryImageOfPage\":{\"@id\":\"https:\/\/www.remonen.fi\/WP\/blogi\/hevon-kuusessa-otto-2\/#primaryimage\"},\"image\":{\"@id\":\"https:\/\/www.remonen.fi\/WP\/blogi\/hevon-kuusessa-otto-2\/#primaryimage\"},\"thumbnailUrl\":\"https:\/\/www.remonen.fi\/WP\/wp-content\/uploads\/2015\/05\/tyohevoskurssi-7.jpg\",\"datePublished\":\"2015-05-18T15:42:38+00:00\",\"dateModified\":\"2015-05-19T16:50:49+00:00\",\"breadcrumb\":{\"@id\":\"https:\/\/www.remonen.fi\/WP\/blogi\/hevon-kuusessa-otto-2\/#breadcrumb\"},\"inLanguage\":\"fi\",\"potentialAction\":[{\"@type\":\"ReadAction\",\"target\":[\"https:\/\/www.remonen.fi\/WP\/blogi\/hevon-kuusessa-otto-2\/\"]}]},{\"@type\":\"ImageObject\",\"inLanguage\":\"fi\",\"@id\":\"https:\/\/www.remonen.fi\/WP\/blogi\/hevon-kuusessa-otto-2\/#primaryimage\",\"url\":\"https:\/\/www.remonen.fi\/WP\/wp-content\/uploads\/2015\/05\/tyohevoskurssi-7.jpg\",\"contentUrl\":\"https:\/\/www.remonen.fi\/WP\/wp-content\/uploads\/2015\/05\/tyohevoskurssi-7.jpg\",\"width\":1024,\"height\":683,\"caption\":\"[exif id=\\\"6091\\\"]\"},{\"@type\":\"BreadcrumbList\",\"@id\":\"https:\/\/www.remonen.fi\/WP\/blogi\/hevon-kuusessa-otto-2\/#breadcrumb\",\"itemListElement\":[{\"@type\":\"ListItem\",\"position\":1,\"name\":\"Etusivu\",\"item\":\"https:\/\/www.remonen.fi\/WP\/\"},{\"@type\":\"ListItem\",\"position\":2,\"name\":\"Hevon Kuusessa, Otto 2\"}]},{\"@type\":\"WebSite\",\"@id\":\"https:\/\/www.remonen.fi\/WP\/#website\",\"url\":\"https:\/\/www.remonen.fi\/WP\/\",\"name\":\"remonen.fi\",\"description\":\"Valokuvia ja tarinaa laidasta laitaan\",\"publisher\":{\"@id\":\"https:\/\/www.remonen.fi\/WP\/#\/schema\/person\/1803c23d1d4f6722054eb2ac7f7a97cd\"},\"potentialAction\":[{\"@type\":\"SearchAction\",\"target\":{\"@type\":\"EntryPoint\",\"urlTemplate\":\"https:\/\/www.remonen.fi\/WP\/?s={search_term_string}\"},\"query-input\":{\"@type\":\"PropertyValueSpecification\",\"valueRequired\":true,\"valueName\":\"search_term_string\"}}],\"inLanguage\":\"fi\"},{\"@type\":[\"Person\",\"Organization\"],\"@id\":\"https:\/\/www.remonen.fi\/WP\/#\/schema\/person\/1803c23d1d4f6722054eb2ac7f7a97cd\",\"name\":\"Matti Remonen\",\"logo\":{\"@id\":\"https:\/\/www.remonen.fi\/WP\/#\/schema\/person\/image\/\"},\"url\":\"https:\/\/www.remonen.fi\/WP\/blogi\/author\/mre\/\"}]}<\/script>\n<!-- \/ Yoast SEO plugin. -->","yoast_head_json":{"title":"Hevon Kuusessa, Otto 2 &#187; remonen.fi","robots":{"index":"index","follow":"follow","max-snippet":"max-snippet:-1","max-image-preview":"max-image-preview:large","max-video-preview":"max-video-preview:-1"},"canonical":"https:\/\/www.remonen.fi\/WP\/blogi\/hevon-kuusessa-otto-2\/","og_locale":"fi_FI","og_type":"article","og_title":"Hevon Kuusessa, Otto 2 &#187; remonen.fi","og_description":"Viime syksyn\u00e4 \/ loppukes\u00e4st\u00e4 olin Hevon Kuusessa Miehikk\u00e4l\u00e4ss\u00e4 kuvaamassa orivarsojen kes\u00e4laitumen p\u00e4\u00e4ttymist\u00e4. Nyt edelliskerrasta viisastuneena tuumin, ett\u00e4 hevosia on l\u00f6ydytt\u00e4v\u00e4 kuusesta l\u00e4hemp\u00e4\u00e4kin. Ja kas, kuin tilauksesta Kumpulassa &#8211; tuolla maaseudun syv\u00e4ss\u00e4 rauhassa &#8211; j\u00e4rjestettiinkin Ty\u00f6hevosharrastajien kev\u00e4tty\u00f6kurssi. Tokihan tuossa nimihirvi\u00f6ss\u00e4 oli minulle liian monta ty\u00f6per\u00e4ist\u00e4 sanaa, mutta ajattelin ett\u00e4 taiteilija p\u00e4\u00e4see aina v\u00e4hemm\u00e4ll\u00e4 vetoamalla ty\u00f6per\u00e4isen liikunnan [&hellip;]","og_url":"https:\/\/www.remonen.fi\/WP\/blogi\/hevon-kuusessa-otto-2\/","og_site_name":"remonen.fi","article_published_time":"2015-05-18T15:42:38+00:00","article_modified_time":"2015-05-19T16:50:49+00:00","og_image":[{"width":1024,"height":683,"url":"https:\/\/www.remonen.fi\/WP\/wp-content\/uploads\/2015\/05\/tyohevoskurssi-7.jpg","type":"image\/jpeg"}],"author":"Matti Remonen","twitter_misc":{"Kirjoittanut":"Matti Remonen","Arvioitu lukuaika":"3 minuuttia"},"schema":{"@context":"https:\/\/schema.org","@graph":[{"@type":"Article","@id":"https:\/\/www.remonen.fi\/WP\/blogi\/hevon-kuusessa-otto-2\/#article","isPartOf":{"@id":"https:\/\/www.remonen.fi\/WP\/blogi\/hevon-kuusessa-otto-2\/"},"author":{"name":"Matti Remonen","@id":"https:\/\/www.remonen.fi\/WP\/#\/schema\/person\/1803c23d1d4f6722054eb2ac7f7a97cd"},"headline":"Hevon Kuusessa, Otto 2","datePublished":"2015-05-18T15:42:38+00:00","dateModified":"2015-05-19T16:50:49+00:00","mainEntityOfPage":{"@id":"https:\/\/www.remonen.fi\/WP\/blogi\/hevon-kuusessa-otto-2\/"},"wordCount":684,"commentCount":4,"publisher":{"@id":"https:\/\/www.remonen.fi\/WP\/#\/schema\/person\/1803c23d1d4f6722054eb2ac7f7a97cd"},"image":{"@id":"https:\/\/www.remonen.fi\/WP\/blogi\/hevon-kuusessa-otto-2\/#primaryimage"},"thumbnailUrl":"https:\/\/www.remonen.fi\/WP\/wp-content\/uploads\/2015\/05\/tyohevoskurssi-7.jpg","keywords":["Hevonen","Ty\u00f6hevosharrastajat"],"articleSection":["Blog"],"inLanguage":"fi","potentialAction":[{"@type":"CommentAction","name":"Comment","target":["https:\/\/www.remonen.fi\/WP\/blogi\/hevon-kuusessa-otto-2\/#respond"]}]},{"@type":"WebPage","@id":"https:\/\/www.remonen.fi\/WP\/blogi\/hevon-kuusessa-otto-2\/","url":"https:\/\/www.remonen.fi\/WP\/blogi\/hevon-kuusessa-otto-2\/","name":"Hevon Kuusessa, Otto 2 &#187; remonen.fi","isPartOf":{"@id":"https:\/\/www.remonen.fi\/WP\/#website"},"primaryImageOfPage":{"@id":"https:\/\/www.remonen.fi\/WP\/blogi\/hevon-kuusessa-otto-2\/#primaryimage"},"image":{"@id":"https:\/\/www.remonen.fi\/WP\/blogi\/hevon-kuusessa-otto-2\/#primaryimage"},"thumbnailUrl":"https:\/\/www.remonen.fi\/WP\/wp-content\/uploads\/2015\/05\/tyohevoskurssi-7.jpg","datePublished":"2015-05-18T15:42:38+00:00","dateModified":"2015-05-19T16:50:49+00:00","breadcrumb":{"@id":"https:\/\/www.remonen.fi\/WP\/blogi\/hevon-kuusessa-otto-2\/#breadcrumb"},"inLanguage":"fi","potentialAction":[{"@type":"ReadAction","target":["https:\/\/www.remonen.fi\/WP\/blogi\/hevon-kuusessa-otto-2\/"]}]},{"@type":"ImageObject","inLanguage":"fi","@id":"https:\/\/www.remonen.fi\/WP\/blogi\/hevon-kuusessa-otto-2\/#primaryimage","url":"https:\/\/www.remonen.fi\/WP\/wp-content\/uploads\/2015\/05\/tyohevoskurssi-7.jpg","contentUrl":"https:\/\/www.remonen.fi\/WP\/wp-content\/uploads\/2015\/05\/tyohevoskurssi-7.jpg","width":1024,"height":683,"caption":"[exif id=\"6091\"]"},{"@type":"BreadcrumbList","@id":"https:\/\/www.remonen.fi\/WP\/blogi\/hevon-kuusessa-otto-2\/#breadcrumb","itemListElement":[{"@type":"ListItem","position":1,"name":"Etusivu","item":"https:\/\/www.remonen.fi\/WP\/"},{"@type":"ListItem","position":2,"name":"Hevon Kuusessa, Otto 2"}]},{"@type":"WebSite","@id":"https:\/\/www.remonen.fi\/WP\/#website","url":"https:\/\/www.remonen.fi\/WP\/","name":"remonen.fi","description":"Valokuvia ja tarinaa laidasta laitaan","publisher":{"@id":"https:\/\/www.remonen.fi\/WP\/#\/schema\/person\/1803c23d1d4f6722054eb2ac7f7a97cd"},"potentialAction":[{"@type":"SearchAction","target":{"@type":"EntryPoint","urlTemplate":"https:\/\/www.remonen.fi\/WP\/?s={search_term_string}"},"query-input":{"@type":"PropertyValueSpecification","valueRequired":true,"valueName":"search_term_string"}}],"inLanguage":"fi"},{"@type":["Person","Organization"],"@id":"https:\/\/www.remonen.fi\/WP\/#\/schema\/person\/1803c23d1d4f6722054eb2ac7f7a97cd","name":"Matti Remonen","logo":{"@id":"https:\/\/www.remonen.fi\/WP\/#\/schema\/person\/image\/"},"url":"https:\/\/www.remonen.fi\/WP\/blogi\/author\/mre\/"}]}},"_links":{"self":[{"href":"https:\/\/www.remonen.fi\/WP\/wp-json\/wp\/v2\/posts\/6098"}],"collection":[{"href":"https:\/\/www.remonen.fi\/WP\/wp-json\/wp\/v2\/posts"}],"about":[{"href":"https:\/\/www.remonen.fi\/WP\/wp-json\/wp\/v2\/types\/post"}],"author":[{"embeddable":true,"href":"https:\/\/www.remonen.fi\/WP\/wp-json\/wp\/v2\/users\/2"}],"replies":[{"embeddable":true,"href":"https:\/\/www.remonen.fi\/WP\/wp-json\/wp\/v2\/comments?post=6098"}],"version-history":[{"count":0,"href":"https:\/\/www.remonen.fi\/WP\/wp-json\/wp\/v2\/posts\/6098\/revisions"}],"wp:featuredmedia":[{"embeddable":true,"href":"https:\/\/www.remonen.fi\/WP\/wp-json\/wp\/v2\/media\/6091"}],"wp:attachment":[{"href":"https:\/\/www.remonen.fi\/WP\/wp-json\/wp\/v2\/media?parent=6098"}],"wp:term":[{"taxonomy":"category","embeddable":true,"href":"https:\/\/www.remonen.fi\/WP\/wp-json\/wp\/v2\/categories?post=6098"},{"taxonomy":"post_tag","embeddable":true,"href":"https:\/\/www.remonen.fi\/WP\/wp-json\/wp\/v2\/tags?post=6098"}],"curies":[{"name":"wp","href":"https:\/\/api.w.org\/{rel}","templated":true}]}}