{"id":6175,"date":"2015-06-08T20:44:55","date_gmt":"2015-06-08T17:44:55","guid":{"rendered":"http:\/\/www.remonen.fi\/?p=6175"},"modified":"2015-06-14T19:01:29","modified_gmt":"2015-06-14T16:01:29","slug":"hevos-voimaa","status":"publish","type":"post","link":"https:\/\/www.remonen.fi\/WP\/blogi\/hevos-voimaa\/","title":{"rendered":"Hevos Voimaa"},"content":{"rendered":"<p>M\u00e4nn\u00e4perjantaina meinasi aamuliptoni menn\u00e4 v\u00e4\u00e4r\u00e4\u00e4n kurkkuun kun avasin Hesarin urheilusivut. Paitsi ett\u00e4 siell\u00e4 oli koko sivun artikkeli hevosurheilusta, niin minulle samalla selvisi, ett\u00e4 <a href=\"http:\/\/www.hevosopisto.fi\/fin\/tapahtumat\/finnderby\/\" target=\"_blank\">Yp\u00e4j\u00e4n Finnderby<\/a> oli j\u00e4lleen menossa ohi suun. Tosin olin kuullut koko h\u00e4ppeningist\u00e4 vasta viime vuonna, kun olin <a href=\"http:\/\/www.remonen.fi\/photoblog\/hevostelua\/\">Yp\u00e4j\u00e4ll\u00e4 hevoskuvauskurssilla<\/a>, mutta kahdesti kuultuhan on jo vanha juttu.<\/p>\n<p><a href=\"http:\/\/www.remonen.fi\/WP\/wp-content\/uploads\/2015\/06\/finnderby_2015-2.jpg\"><img loading=\"lazy\" decoding=\"async\" class=\"aligncenter wp-image-6174\" title=\"Aperture: &#402;\/5 | Credit: Matti Remonen | Camera: CORPORATION | Taken: 6 kes\u00e4kuun, 2015 | Copyright: (c) Matti Remonen | Flash fired: no | Focal length: 70mm | ISO: 220 | Shutter speed: 1\/320s | \" src=\"http:\/\/www.remonen.fi\/WP\/wp-content\/uploads\/2015\/06\/finnderby_2015-2.jpg\" alt=\"Yp\u00e4j\u00e4 Finnderby 2015\" width=\"680\" height=\"456\" \/><\/a><\/p>\n<p>Ei auttanut muuta kuin ottaa yhteytt\u00e4 Yp\u00e4j\u00e4n yleisnaiseen, Irinaan ja alkaa kyselem\u00e4\u00e4n, notta mites &#8211; viel\u00e4k\u00f6 lippuja l\u00f6ytyy. Yll\u00e4tyksekseni ja ilostuksekseni Irina lupasi j\u00e4rjest\u00e4\u00e4 minulle liput ja pressikortin. Jee! P\u00e4\u00e4sisin samalla keekoilemaan mun <a href=\"http:\/\/www.remonen.fi\/photoblog\/batman-vain-viitta-puuttuu\/\">Batman-vetimiss\u00e4<\/a> yleis\u00f6n eteen (viitta puuttuu yh\u00e4, kuin my\u00f6s kumipuku). Kaivoin samalla aikanaan hevoskuvauskurssia varten tekem\u00e4ni silhuettikuvat opasteksteineen esiin, ihan kertauksen vuoksi. Eli siis: nelj\u00e4 jalkaa, p\u00e4\u00e4 ja h\u00e4nt\u00e4. Voi olla hevonen. Jollei ole lehm\u00e4. Tai koira.<\/p>\n<p><div id=\"attachment_6142\" style=\"width: 690px\" class=\"wp-caption aligncenter\"><a href=\"http:\/\/www.remonen.fi\/WP\/wp-content\/uploads\/2015\/06\/finnderby_2015-1.jpg\"><img loading=\"lazy\" decoding=\"async\" aria-describedby=\"caption-attachment-6142\" class=\"wp-image-6142\" title=\"Aperture: &#402;\/2.8 | Credit: Matti Remonen | Camera: CORPORATION | Taken: 6 kes\u00e4kuun, 2015 | Copyright: (c) Matti Remonen | Exposure bias: -1.3EV | Flash fired: no | Focal length: 44mm | ISO: 64 | Shutter speed: 1\/320s | \" src=\"http:\/\/www.remonen.fi\/WP\/wp-content\/uploads\/2015\/06\/finnderby_2015-1.jpg\" alt=\"Yp\u00e4j\u00e4 Finnderby 2015\" width=\"680\" height=\"454\" \/><\/a><p id=\"caption-attachment-6142\" class=\"wp-caption-text\">He Vo Nen. Lapsineen.<\/p><\/div>Lauantaina sitten yl\u00f6s kukonlaulun aikaan ja auton nokka kohden Yp\u00e4j\u00e4\u00e4. Sinne on kyll\u00e4 mukava ajella, varsinkin kun p\u00e4\u00e4see Turun motarilta pois: sen j\u00e4lkeen maisemat alkavat pikkuhiljaa paranemaan ja n\u00e4in alkukes\u00e4st\u00e4 Suomen luonto ja maaseutu on kyll\u00e4 parhaimmillaan. Aikanaan sitten saavuinkin Yp\u00e4j\u00e4n vilkkaaseen keskustaan ja suuntasin kohden Hevosopiston alueita, jossa Finnderby j\u00e4rjestettiin. Irinakin ilmestyi paikalle ja saatiin j\u00e4rjestetty\u00e4 minulle ranneke ja pressikortti.<\/p>\n<p><div id=\"attachment_6208\" style=\"width: 690px\" class=\"wp-caption aligncenter\"><a href=\"http:\/\/www.remonen.fi\/WP\/wp-content\/uploads\/2015\/06\/finnderby_2015-5.jpg\"><img loading=\"lazy\" decoding=\"async\" aria-describedby=\"caption-attachment-6208\" class=\"wp-image-6208\" title=\"Aperture: &#402;\/5.6 | Credit: Matti Remonen | Camera: CORPORATION | Taken: 6 kes\u00e4kuun, 2015 | Copyright: (c) Matti Remonen | Flash fired: no | Focal length: 56mm | ISO: 90 | Shutter speed: 1\/320s | \" src=\"http:\/\/www.remonen.fi\/WP\/wp-content\/uploads\/2015\/06\/finnderby_2015-5.jpg\" alt=\"Yp\u00e4j\u00e4n sn\u00e4g\u00e4ri\" width=\"680\" height=\"454\" srcset=\"https:\/\/www.remonen.fi\/WP\/wp-content\/uploads\/2015\/06\/finnderby_2015-5.jpg 1024w, https:\/\/www.remonen.fi\/WP\/wp-content\/uploads\/2015\/06\/finnderby_2015-5-300x200.jpg 300w, https:\/\/www.remonen.fi\/WP\/wp-content\/uploads\/2015\/06\/finnderby_2015-5-680x454.jpg 680w, https:\/\/www.remonen.fi\/WP\/wp-content\/uploads\/2015\/06\/finnderby_2015-5-440x293.jpg 440w, https:\/\/www.remonen.fi\/WP\/wp-content\/uploads\/2015\/06\/finnderby_2015-5-960x640.jpg 960w\" sizes=\"(max-width: 680px) 100vw, 680px\" \/><\/a><p id=\"caption-attachment-6208\" class=\"wp-caption-text\">Metrilaku onkin So Last Season&#8230;<\/p><\/div>Kaivoin rensselit autosta ja viritt\u00e4ydyin tunnelmaan. Kunnes tajuntaani nousi tietoisuus siit\u00e4, ett\u00e4 oikeastaan en tied\u00e4 hevoskuvauksesta mit\u00e4\u00e4n. Puhumattakaan derbyst\u00e4. Pojalla oli aikanaan kyll\u00e4 Derbi-merkkinen mopo, mutta tuskin t\u00e4\u00e4ll\u00e4 mopoilla ajeltaisiin. No ei siin\u00e4 sitten auttanut itku markkinoilla, vaan oli tungettava eturiviin kameroineen ja koitettava n\u00e4ytt\u00e4\u00e4 silt\u00e4, ett\u00e4 t\u00e4m\u00e4 on jokap\u00e4iv\u00e4ist\u00e4 ruisleip\u00e4\u00e4. Onni onnettomuudessa oli se, ett\u00e4 yleis\u00f6 oli aamulla viel\u00e4 aika vaatimattomasti, joten haahuilu ei her\u00e4tt\u00e4nyt kovin suurta huomiota. Ehk\u00e4.<\/p>\n<blockquote><p>en halunnut olla se kuvaaja, joka pilaisi jonkun suorituksen olemalla v\u00e4\u00e4r\u00e4ss\u00e4 paikassa v\u00e4\u00e4r\u00e4\u00e4n aikaan<\/p><\/blockquote>\n<p><div id=\"attachment_6210\" style=\"width: 690px\" class=\"wp-caption aligncenter\"><a href=\"http:\/\/www.remonen.fi\/WP\/wp-content\/uploads\/2015\/06\/finnderby_2015-3.jpg\"><img loading=\"lazy\" decoding=\"async\" aria-describedby=\"caption-attachment-6210\" class=\"wp-image-6210\" title=\"Aperture: &#402;\/5 | Credit: Matti Remonen | Camera: CORPORATION | Taken: 6 kes\u00e4kuun, 2015 | Copyright: (c) Matti Remonen | Flash fired: no | Focal length: 130mm | ISO: 64 | Shutter speed: 1\/320s | \" src=\"http:\/\/www.remonen.fi\/WP\/wp-content\/uploads\/2015\/06\/finnderby_2015-3.jpg\" alt=\"Yp\u00e4j\u00e4 Finnderby 2015 pikku-poni GP\" width=\"680\" height=\"454\" srcset=\"https:\/\/www.remonen.fi\/WP\/wp-content\/uploads\/2015\/06\/finnderby_2015-3.jpg 1024w, https:\/\/www.remonen.fi\/WP\/wp-content\/uploads\/2015\/06\/finnderby_2015-3-300x200.jpg 300w, https:\/\/www.remonen.fi\/WP\/wp-content\/uploads\/2015\/06\/finnderby_2015-3-680x454.jpg 680w, https:\/\/www.remonen.fi\/WP\/wp-content\/uploads\/2015\/06\/finnderby_2015-3-440x293.jpg 440w, https:\/\/www.remonen.fi\/WP\/wp-content\/uploads\/2015\/06\/finnderby_2015-3-960x640.jpg 960w\" sizes=\"(max-width: 680px) 100vw, 680px\" \/><\/a><p id=\"caption-attachment-6210\" class=\"wp-caption-text\">Pikku-poni GP osakilpailu, mahdollisesti<\/p><\/div>Siin\u00e4 sitten aikani py\u00f6ritty\u00e4ni aloin vain kuvaamaan hevosia ja ratsastajia. Pari henkil\u00f6\u00e4 tuli kysym\u00e4\u00e4n, ett\u00e4 mihin lehteen kuvaan&#8230; valitettavasti kuvaan vain t\u00e4h\u00e4n blogiin ja facebookiin. Joista toisen levikki on keskim\u00e4\u00e4rin n. 3 lukijaa ja toisella miljardi tai pari. Ett\u00e4 repik\u00e4\u00e4 siit\u00e4 Maaseudun Tulevaisuus&#8230;<\/p>\n<p><div id=\"attachment_6209\" style=\"width: 464px\" class=\"wp-caption aligncenter\"><a href=\"http:\/\/www.remonen.fi\/WP\/wp-content\/uploads\/2015\/06\/finnderby_2015-4.jpg\"><img loading=\"lazy\" decoding=\"async\" aria-describedby=\"caption-attachment-6209\" class=\"wp-image-6209\" title=\"Aperture: &#402;\/5.6 | Credit: Matti Remonen | Camera: CORPORATION | Taken: 6 kes\u00e4kuun, 2015 | Copyright: (c) Matti Remonen | Flash fired: no | Focal length: 66mm | ISO: 110 | Shutter speed: 1\/320s | \" src=\"http:\/\/www.remonen.fi\/WP\/wp-content\/uploads\/2015\/06\/finnderby_2015-4.jpg\" alt=\"Yp\u00e4j\u00e4 Finnderby 2015 pikku-poni GP\" width=\"454\" height=\"680\" srcset=\"https:\/\/www.remonen.fi\/WP\/wp-content\/uploads\/2015\/06\/finnderby_2015-4.jpg 683w, https:\/\/www.remonen.fi\/WP\/wp-content\/uploads\/2015\/06\/finnderby_2015-4-200x300.jpg 200w, https:\/\/www.remonen.fi\/WP\/wp-content\/uploads\/2015\/06\/finnderby_2015-4-454x680.jpg 454w, https:\/\/www.remonen.fi\/WP\/wp-content\/uploads\/2015\/06\/finnderby_2015-4-440x660.jpg 440w, https:\/\/www.remonen.fi\/WP\/wp-content\/uploads\/2015\/06\/finnderby_2015-4-300x450.jpg 300w\" sizes=\"(max-width: 454px) 100vw, 454px\" \/><\/a><p id=\"caption-attachment-6209\" class=\"wp-caption-text\">Onnellinen voittaja<\/p><\/div>S\u00e4\u00e4 oli heti aamusta aurinkoinen vaikkakin hieman viile\u00e4. Tosin mit\u00e4\u00e4n megalomaanista hellett\u00e4 en kyll\u00e4 kaivannutkaan, mutta en my\u00f6sk\u00e4\u00e4n odottanut innolla iltap\u00e4iv\u00e4lle luvattua sadetta. Toivottavasti ei vain sataisi liikaa. Hevosia ja ratsastajia se tuskin haittaisi, hevosihmiset ovat tottuneet toimimaan luonnon ehdoilla ja armoilla, mutta lattevalokuvaaja kyll\u00e4 sulaisi heti ensimm\u00e4isten pisaroiden j\u00e4lkeen.<\/p>\n<blockquote><p>et semmonen toimittaja<\/p><\/blockquote>\n<p>Aikani siin\u00e4 derbykent\u00e4ll\u00e4 py\u00f6ritty\u00e4ni kello alkoikin olemaan sit\u00e4 luokkaa, ett\u00e4 vuorossa oli Mannerheimin kentt\u00e4ratsastuskilpailun maastokoe. Tuo kaikkien ratsastajien pelk\u00e4\u00e4m\u00e4 (n\u00e4in siis luki siin\u00e4 perjantain Hesarissa) koitos, jossa jyv\u00e4t erotettaisiin akanoista. Ja ratsastajat hevosista. Yleis\u00f6\u00e4kin alkoi olemaan paikalla jo mukavasti ja katsomo alkoi t\u00e4yttym\u00e4\u00e4n hyv\u00e4\u00e4 vauhtia.<\/p>\n<p><a href=\"http:\/\/www.remonen.fi\/WP\/wp-content\/uploads\/2015\/06\/finnderby_2015-21.jpg\"><img loading=\"lazy\" decoding=\"async\" class=\"aligncenter wp-image-6192\" title=\"Aperture: &#402;\/2.8 | Credit: Matti Remonen | Camera: CORPORATION | Taken: 6 kes\u00e4kuun, 2015 | Copyright: (c) Matti Remonen | Flash fired: no | Focal length: 78mm | ISO: 280 | Shutter speed: 1\/500s | \" src=\"http:\/\/www.remonen.fi\/WP\/wp-content\/uploads\/2015\/06\/finnderby_2015-21.jpg\" alt=\"Yp\u00e4j\u00e4 Finnderby 2015\" width=\"680\" height=\"370\" srcset=\"https:\/\/www.remonen.fi\/WP\/wp-content\/uploads\/2015\/06\/finnderby_2015-21.jpg 1024w, https:\/\/www.remonen.fi\/WP\/wp-content\/uploads\/2015\/06\/finnderby_2015-21-300x163.jpg 300w, https:\/\/www.remonen.fi\/WP\/wp-content\/uploads\/2015\/06\/finnderby_2015-21-680x370.jpg 680w, https:\/\/www.remonen.fi\/WP\/wp-content\/uploads\/2015\/06\/finnderby_2015-21-440x239.jpg 440w, https:\/\/www.remonen.fi\/WP\/wp-content\/uploads\/2015\/06\/finnderby_2015-21-960x522.jpg 960w\" sizes=\"(max-width: 680px) 100vw, 680px\" \/><\/a>Koska en oikein tuosta maastokokeesta mit\u00e4\u00e4n ymm\u00e4rt\u00e4nyt, p\u00e4\u00e4tin suunnistaa vesiesteelle. Siell\u00e4 ainakin tapahtuisi, jos jossakin. Tosin tietysti vesiestekuvissa on se huono puoli, ett\u00e4 melkein kun on n\u00e4hnyt yhden, on n\u00e4hnyt kaikki.<\/p>\n<p><div id=\"attachment_6205\" style=\"width: 690px\" class=\"wp-caption aligncenter\"><a href=\"http:\/\/www.remonen.fi\/WP\/wp-content\/uploads\/2015\/06\/finnderby_2015-8.jpg\"><img loading=\"lazy\" decoding=\"async\" aria-describedby=\"caption-attachment-6205\" class=\"wp-image-6205\" title=\"Aperture: &#402;\/5 | Credit: Matti Remonen | Camera: CORPORATION | Taken: 6 kes\u00e4kuun, 2015 | Copyright: (c) Matti Remonen | Flash fired: no | Focal length: 155mm | ISO: 280 | Shutter speed: 1\/320s | \" src=\"http:\/\/www.remonen.fi\/WP\/wp-content\/uploads\/2015\/06\/finnderby_2015-8.jpg\" alt=\"Yp\u00e4j\u00e4 Finnderby Maastokoe\" width=\"680\" height=\"454\" srcset=\"https:\/\/www.remonen.fi\/WP\/wp-content\/uploads\/2015\/06\/finnderby_2015-8.jpg 1024w, https:\/\/www.remonen.fi\/WP\/wp-content\/uploads\/2015\/06\/finnderby_2015-8-300x200.jpg 300w, https:\/\/www.remonen.fi\/WP\/wp-content\/uploads\/2015\/06\/finnderby_2015-8-680x454.jpg 680w, https:\/\/www.remonen.fi\/WP\/wp-content\/uploads\/2015\/06\/finnderby_2015-8-440x293.jpg 440w, https:\/\/www.remonen.fi\/WP\/wp-content\/uploads\/2015\/06\/finnderby_2015-8-960x640.jpg 960w\" sizes=\"(max-width: 680px) 100vw, 680px\" \/><\/a><p id=\"caption-attachment-6205\" class=\"wp-caption-text\">Hei laukkaa ratsu reima&#8230;<\/p><\/div><div id=\"attachment_6203\" style=\"width: 464px\" class=\"wp-caption aligncenter\"><a href=\"http:\/\/www.remonen.fi\/WP\/wp-content\/uploads\/2015\/06\/finnderby_2015-10.jpg\"><img loading=\"lazy\" decoding=\"async\" aria-describedby=\"caption-attachment-6203\" class=\"wp-image-6203\" title=\"Aperture: &#402;\/5 | Credit: Matti Remonen | Camera: CORPORATION | Taken: 6 kes\u00e4kuun, 2015 | Copyright: (c) Matti Remonen | Flash fired: no | Focal length: 140mm | ISO: 180 | Shutter speed: 1\/320s | \" src=\"http:\/\/www.remonen.fi\/WP\/wp-content\/uploads\/2015\/06\/finnderby_2015-10.jpg\" alt=\"Yp\u00e4j\u00e4 Finnderby 2015 Maastokoe\" width=\"454\" height=\"680\" srcset=\"https:\/\/www.remonen.fi\/WP\/wp-content\/uploads\/2015\/06\/finnderby_2015-10.jpg 683w, https:\/\/www.remonen.fi\/WP\/wp-content\/uploads\/2015\/06\/finnderby_2015-10-200x300.jpg 200w, https:\/\/www.remonen.fi\/WP\/wp-content\/uploads\/2015\/06\/finnderby_2015-10-454x680.jpg 454w, https:\/\/www.remonen.fi\/WP\/wp-content\/uploads\/2015\/06\/finnderby_2015-10-440x660.jpg 440w, https:\/\/www.remonen.fi\/WP\/wp-content\/uploads\/2015\/06\/finnderby_2015-10-300x450.jpg 300w\" sizes=\"(max-width: 454px) 100vw, 454px\" \/><\/a><p id=\"caption-attachment-6203\" class=\"wp-caption-text\">Ans ku isi n\u00e4ytt\u00e4\u00e4<\/p><\/div><div id=\"attachment_6202\" style=\"width: 690px\" class=\"wp-caption aligncenter\"><a href=\"http:\/\/www.remonen.fi\/WP\/wp-content\/uploads\/2015\/06\/finnderby_2015-11.jpg\"><img loading=\"lazy\" decoding=\"async\" aria-describedby=\"caption-attachment-6202\" class=\"wp-image-6202\" title=\"Aperture: &#402;\/5 | Credit: Matti Remonen | Camera: CORPORATION | Taken: 6 kes\u00e4kuun, 2015 | Copyright: (c) Matti Remonen | Flash fired: no | Focal length: 140mm | ISO: 220 | Shutter speed: 1\/320s | \" src=\"http:\/\/www.remonen.fi\/WP\/wp-content\/uploads\/2015\/06\/finnderby_2015-11.jpg\" alt=\"Yp\u00e4j\u00e4 Finnderby 2015 Maastokoe\" width=\"680\" height=\"454\" srcset=\"https:\/\/www.remonen.fi\/WP\/wp-content\/uploads\/2015\/06\/finnderby_2015-11.jpg 1024w, https:\/\/www.remonen.fi\/WP\/wp-content\/uploads\/2015\/06\/finnderby_2015-11-300x200.jpg 300w, https:\/\/www.remonen.fi\/WP\/wp-content\/uploads\/2015\/06\/finnderby_2015-11-680x454.jpg 680w, https:\/\/www.remonen.fi\/WP\/wp-content\/uploads\/2015\/06\/finnderby_2015-11-440x293.jpg 440w, https:\/\/www.remonen.fi\/WP\/wp-content\/uploads\/2015\/06\/finnderby_2015-11-960x640.jpg 960w\" sizes=\"(max-width: 680px) 100vw, 680px\" \/><\/a><p id=\"caption-attachment-6202\" class=\"wp-caption-text\">Mie sinnuu niin rakastan&#8230;<\/p><\/div>Mullahan ei tietysti siin\u00e4 kuvatessa ollut sen kummemmin tietoa eik\u00e4 ymm\u00e4rryst\u00e4, ett\u00e4 kuka kukin oli. Kun en ollut torvi edes ohjelmaa ottanut mukaan, et semmonen toimittaja. Mutta my\u00f6hemmin t\u00f6rm\u00e4sin alueella ex-pomooni L\u00e4hteenmaan Leena-Mariin ja poikaansa Juhoon. Onneksi olin tuurilla ottanut kuvan Juhostakin vesiesteell\u00e4, enk\u00e4 ollut haahuilemassa jossain mets\u00e4ss\u00e4 sienien per\u00e4ss\u00e4.<\/p>\n<p><div id=\"attachment_6201\" style=\"width: 690px\" class=\"wp-caption aligncenter\"><a href=\"http:\/\/www.remonen.fi\/WP\/wp-content\/uploads\/2015\/06\/finnderby_2015-12.jpg\"><img loading=\"lazy\" decoding=\"async\" aria-describedby=\"caption-attachment-6201\" class=\"wp-image-6201\" title=\"Aperture: &#402;\/5 | Credit: Matti Remonen | Camera: CORPORATION | Taken: 6 kes\u00e4kuun, 2015 | Copyright: (c) Matti Remonen | Exposure bias: -4\/6EV | Flash fired: no | Focal length: 140mm | ISO: 80 | Shutter speed: 1\/320s | \" src=\"http:\/\/www.remonen.fi\/WP\/wp-content\/uploads\/2015\/06\/finnderby_2015-12.jpg\" alt=\"Juho L\u00e4hteenmaa, Yp\u00e4j\u00e4 Finnderby 2015 Maastokoe\" width=\"680\" height=\"454\" srcset=\"https:\/\/www.remonen.fi\/WP\/wp-content\/uploads\/2015\/06\/finnderby_2015-12.jpg 1024w, https:\/\/www.remonen.fi\/WP\/wp-content\/uploads\/2015\/06\/finnderby_2015-12-300x200.jpg 300w, https:\/\/www.remonen.fi\/WP\/wp-content\/uploads\/2015\/06\/finnderby_2015-12-680x454.jpg 680w, https:\/\/www.remonen.fi\/WP\/wp-content\/uploads\/2015\/06\/finnderby_2015-12-440x293.jpg 440w, https:\/\/www.remonen.fi\/WP\/wp-content\/uploads\/2015\/06\/finnderby_2015-12-960x640.jpg 960w\" sizes=\"(max-width: 680px) 100vw, 680px\" \/><\/a><p id=\"caption-attachment-6201\" class=\"wp-caption-text\">Juho L\u00e4hteenmaa<\/p><\/div>Mets\u00e4st\u00e4 ja sienist\u00e4 sen verran, ett\u00e4 tajusin kuitenkin l\u00e4hte\u00e4 tuosta vesiesteelt\u00e4 kuljeskelemaan mets\u00e4\u00e4n ja reitin varrelle. Sielt\u00e4 sitten avautuivatkin toisenlaiset n\u00e4kym\u00e4t. Keskinopeushan maastokokeessa tulisi olla n. 33 km\/h ja kun ainakaan kaikille esteille ei voi tulla ns. lappu laudassa, niin siirtym\u00e4taipaleet joutuukin sitten menem\u00e4\u00e4n vauhdilla. Siell\u00e4 mets\u00e4n siimeksess\u00e4 kyll\u00e4 tanner t\u00f6misi ja havunneulaset p\u00f6llysiv\u00e4t. Olisi pit\u00e4nyt vain tajuta l\u00e4hte\u00e4 aikaisemmin k\u00e4velem\u00e4\u00e4n.<\/p>\n<p><div id=\"attachment_6199\" style=\"width: 464px\" class=\"wp-caption aligncenter\"><a href=\"http:\/\/www.remonen.fi\/WP\/wp-content\/uploads\/2015\/06\/finnderby_2015-14.jpg\"><img loading=\"lazy\" decoding=\"async\" aria-describedby=\"caption-attachment-6199\" class=\"wp-image-6199\" title=\"Aperture: &#402;\/5 | Credit: Matti Remonen | Camera: CORPORATION | Taken: 6 kes\u00e4kuun, 2015 | Copyright: (c) Matti Remonen | Flash fired: no | Focal length: 180mm | ISO: 125 | Shutter speed: 1\/320s | \" src=\"http:\/\/www.remonen.fi\/WP\/wp-content\/uploads\/2015\/06\/finnderby_2015-14.jpg\" alt=\"Yp\u00e4j\u00e4 Finnderby 2015 Maastokoe\" width=\"454\" height=\"680\" srcset=\"https:\/\/www.remonen.fi\/WP\/wp-content\/uploads\/2015\/06\/finnderby_2015-14.jpg 683w, https:\/\/www.remonen.fi\/WP\/wp-content\/uploads\/2015\/06\/finnderby_2015-14-200x300.jpg 200w, https:\/\/www.remonen.fi\/WP\/wp-content\/uploads\/2015\/06\/finnderby_2015-14-454x680.jpg 454w, https:\/\/www.remonen.fi\/WP\/wp-content\/uploads\/2015\/06\/finnderby_2015-14-440x660.jpg 440w, https:\/\/www.remonen.fi\/WP\/wp-content\/uploads\/2015\/06\/finnderby_2015-14-300x450.jpg 300w\" sizes=\"(max-width: 454px) 100vw, 454px\" \/><\/a><p id=\"caption-attachment-6199\" class=\"wp-caption-text\">Pois tielt\u00e4 oksat ja m\u00e4nnynk\u00e4vyt<\/p><\/div>Palasin sitten viel\u00e4 hetkeksi vesiesteelle katsomaan, miten Seniori-luokka taituroi. Ja mik\u00e4s siin\u00e4, menohan oli varsin vauhdikasta ja n\u00e4ytt\u00e4v\u00e4\u00e4.<\/p>\n<p><div id=\"attachment_6193\" style=\"width: 690px\" class=\"wp-caption aligncenter\"><a href=\"http:\/\/www.remonen.fi\/WP\/wp-content\/uploads\/2015\/06\/finnderby_2015-20.jpg\"><img loading=\"lazy\" decoding=\"async\" aria-describedby=\"caption-attachment-6193\" class=\"wp-image-6193\" title=\"Aperture: &#402;\/5 | Credit: Matti Remonen | Camera: CORPORATION | Taken: 6 kes\u00e4kuun, 2015 | Copyright: (c) Matti Remonen | Flash fired: no | Focal length: 92mm | ISO: 560 | Shutter speed: 1\/500s | \" src=\"http:\/\/www.remonen.fi\/WP\/wp-content\/uploads\/2015\/06\/finnderby_2015-20.jpg\" alt=\"Yp\u00e4j\u00e4 Finnderby 2015 Maastokoe\" width=\"680\" height=\"454\" srcset=\"https:\/\/www.remonen.fi\/WP\/wp-content\/uploads\/2015\/06\/finnderby_2015-20.jpg 1024w, https:\/\/www.remonen.fi\/WP\/wp-content\/uploads\/2015\/06\/finnderby_2015-20-300x200.jpg 300w, https:\/\/www.remonen.fi\/WP\/wp-content\/uploads\/2015\/06\/finnderby_2015-20-680x454.jpg 680w, https:\/\/www.remonen.fi\/WP\/wp-content\/uploads\/2015\/06\/finnderby_2015-20-440x293.jpg 440w, https:\/\/www.remonen.fi\/WP\/wp-content\/uploads\/2015\/06\/finnderby_2015-20-960x640.jpg 960w\" sizes=\"(max-width: 680px) 100vw, 680px\" \/><\/a><p id=\"caption-attachment-6193\" class=\"wp-caption-text\">V\u00e4h\u00e4n niin kuin Harrikalla ajais&#8230;<\/p><\/div>Maastokokeen j\u00e4lkeen oli hetki &#8221;vapaata aikaa&#8221;, ennen kuin alkaisi itse Finnderby: derbykent\u00e4ll\u00e4 k\u00e4yt\u00e4v\u00e4 vaativa estekilpailu. Kiertelinkin sitten markkina-alueella ja muutenkin katsastin paikkoja. Porukkaa n\u00e4ytti olevan mukavasti paikalla ja s\u00e4\u00e4kin oli kohtuullisen suosiollinen. Viel\u00e4.<\/p>\n<p><a href=\"http:\/\/www.remonen.fi\/WP\/wp-content\/uploads\/2015\/06\/finnderby_2015-7.jpg\"><img loading=\"lazy\" decoding=\"async\" class=\"aligncenter wp-image-6206\" title=\"Aperture: &#402;\/2.8 | Credit: Matti Remonen | Camera: CORPORATION | Taken: 6 kes\u00e4kuun, 2015 | Copyright: (c) Matti Remonen | Flash fired: no | Focal length: 200mm | ISO: 64 | Shutter speed: 1\/320s | \" src=\"http:\/\/www.remonen.fi\/WP\/wp-content\/uploads\/2015\/06\/finnderby_2015-7.jpg\" alt=\"Yp\u00e4j\u00e4 Finnderby 2015\" width=\"680\" height=\"454\" srcset=\"https:\/\/www.remonen.fi\/WP\/wp-content\/uploads\/2015\/06\/finnderby_2015-7.jpg 1024w, https:\/\/www.remonen.fi\/WP\/wp-content\/uploads\/2015\/06\/finnderby_2015-7-300x200.jpg 300w, https:\/\/www.remonen.fi\/WP\/wp-content\/uploads\/2015\/06\/finnderby_2015-7-680x454.jpg 680w, https:\/\/www.remonen.fi\/WP\/wp-content\/uploads\/2015\/06\/finnderby_2015-7-440x293.jpg 440w, https:\/\/www.remonen.fi\/WP\/wp-content\/uploads\/2015\/06\/finnderby_2015-7-960x640.jpg 960w\" sizes=\"(max-width: 680px) 100vw, 680px\" \/><\/a><\/p>\n<p>Osa porukkaa tosin n\u00e4ytti olevan jo riiheen viet\u00e4v\u00e4ss\u00e4 kunnossa. Jotain Agri-Marketin porukoita. Kumma etteiv\u00e4t tarkemmin katso, miten ty\u00f6ntekij\u00e4t julkisilla paikoilla k\u00e4ytt\u00e4ytyv\u00e4t.<\/p>\n<p><div id=\"attachment_6183\" style=\"width: 464px\" class=\"wp-caption aligncenter\"><a href=\"http:\/\/www.remonen.fi\/WP\/wp-content\/uploads\/2015\/06\/finnderby_2015-30.jpg\"><img loading=\"lazy\" decoding=\"async\" aria-describedby=\"caption-attachment-6183\" class=\"wp-image-6183\" title=\"Aperture: &#402;\/5 | Credit: Matti Remonen | Camera: CORPORATION | Taken: 6 kes\u00e4kuun, 2015 | Copyright: (c) Matti Remonen | Flash fired: no | Focal length: 70mm | ISO: 1100 | Shutter speed: 1\/500s | \" src=\"http:\/\/www.remonen.fi\/WP\/wp-content\/uploads\/2015\/06\/finnderby_2015-30.jpg\" alt=\"Yp\u00e4j\u00e4 Finnderby 2015\" width=\"454\" height=\"680\" srcset=\"https:\/\/www.remonen.fi\/WP\/wp-content\/uploads\/2015\/06\/finnderby_2015-30.jpg 683w, https:\/\/www.remonen.fi\/WP\/wp-content\/uploads\/2015\/06\/finnderby_2015-30-200x300.jpg 200w, https:\/\/www.remonen.fi\/WP\/wp-content\/uploads\/2015\/06\/finnderby_2015-30-454x680.jpg 454w, https:\/\/www.remonen.fi\/WP\/wp-content\/uploads\/2015\/06\/finnderby_2015-30-440x660.jpg 440w, https:\/\/www.remonen.fi\/WP\/wp-content\/uploads\/2015\/06\/finnderby_2015-30-300x450.jpg 300w\" sizes=\"(max-width: 454px) 100vw, 454px\" \/><\/a><p id=\"caption-attachment-6183\" class=\"wp-caption-text\">M\u00e4 leph\u00e4\u00e4n t\u00e4sh\u00e4 vaan htkhn&#8230;<\/p><\/div>No joo, ne oli kyll\u00e4 heinill\u00e4 t\u00e4ytettyj\u00e4 nukkeja. Siell\u00e4 oli joku puidenhalaustempaus meneill\u00e4\u00e4n.<\/p>\n<p>Sitten koittikin jo varsinaisen derbykisan aika ja siirryinkin derbykent\u00e4lle kuvaamaan. Pikkuhiljaa kuvaamiseenkin alkoi tulemaan rutiinia ja ajatusta. Eli ett\u00e4 mit\u00e4 oikein kuvista sitten haluaisin. Mutta koko ajan takaraivossa oli se, ett\u00e4 en halunnut olla se kuvaaja, joka pilaisi jonkun suorituksen olemalla v\u00e4\u00e4r\u00e4ss\u00e4 paikassa v\u00e4\u00e4r\u00e4\u00e4n aikaan. Batman-varusteissa&#8230;<\/p>\n<p><div id=\"attachment_6190\" style=\"width: 690px\" class=\"wp-caption aligncenter\"><a href=\"http:\/\/www.remonen.fi\/WP\/wp-content\/uploads\/2015\/06\/finnderby_2015-23.jpg\"><img loading=\"lazy\" decoding=\"async\" aria-describedby=\"caption-attachment-6190\" class=\"wp-image-6190\" title=\"Aperture: &#402;\/2.8 | Credit: Matti Remonen | Camera: CORPORATION | Taken: 6 kes\u00e4kuun, 2015 | Copyright: (c) Matti Remonen | Flash fired: no | Focal length: 75mm | ISO: 160 | Shutter speed: 1\/500s | \" src=\"http:\/\/www.remonen.fi\/WP\/wp-content\/uploads\/2015\/06\/finnderby_2015-23.jpg\" alt=\"Yp\u00e4j\u00e4 Finnderby 2015\" width=\"680\" height=\"454\" srcset=\"https:\/\/www.remonen.fi\/WP\/wp-content\/uploads\/2015\/06\/finnderby_2015-23.jpg 1024w, https:\/\/www.remonen.fi\/WP\/wp-content\/uploads\/2015\/06\/finnderby_2015-23-300x200.jpg 300w, https:\/\/www.remonen.fi\/WP\/wp-content\/uploads\/2015\/06\/finnderby_2015-23-680x454.jpg 680w, https:\/\/www.remonen.fi\/WP\/wp-content\/uploads\/2015\/06\/finnderby_2015-23-440x293.jpg 440w, https:\/\/www.remonen.fi\/WP\/wp-content\/uploads\/2015\/06\/finnderby_2015-23-960x640.jpg 960w\" sizes=\"(max-width: 680px) 100vw, 680px\" \/><\/a><p id=\"caption-attachment-6190\" class=\"wp-caption-text\">Hevosvoimaa. Yp\u00e4j\u00e4ll\u00e4.<\/p><\/div>Koitinkin peesailla muita kuvaajia, jotka olivat varmaan kovin iloisia siit\u00e4, ett\u00e4 tungin koko ajan samoille apajille&#8230; No, aina ei voi voittaa.<\/p>\n<p><div id=\"attachment_6189\" style=\"width: 690px\" class=\"wp-caption aligncenter\"><a href=\"http:\/\/www.remonen.fi\/WP\/wp-content\/uploads\/2015\/06\/finnderby_2015-24.jpg\"><img loading=\"lazy\" decoding=\"async\" aria-describedby=\"caption-attachment-6189\" class=\"wp-image-6189\" title=\"Aperture: &#402;\/2.8 | Credit: Matti Remonen | Camera: CORPORATION | Taken: 6 kes\u00e4kuun, 2015 | Copyright: (c) Matti Remonen | Flash fired: no | Focal length: 70mm | ISO: 200 | Shutter speed: 1\/500s | \" src=\"http:\/\/www.remonen.fi\/WP\/wp-content\/uploads\/2015\/06\/finnderby_2015-24.jpg\" alt=\"Yp\u00e4j\u00e4 Finnderby 2015\" width=\"680\" height=\"454\" srcset=\"https:\/\/www.remonen.fi\/WP\/wp-content\/uploads\/2015\/06\/finnderby_2015-24.jpg 1024w, https:\/\/www.remonen.fi\/WP\/wp-content\/uploads\/2015\/06\/finnderby_2015-24-300x200.jpg 300w, https:\/\/www.remonen.fi\/WP\/wp-content\/uploads\/2015\/06\/finnderby_2015-24-680x454.jpg 680w, https:\/\/www.remonen.fi\/WP\/wp-content\/uploads\/2015\/06\/finnderby_2015-24-440x293.jpg 440w, https:\/\/www.remonen.fi\/WP\/wp-content\/uploads\/2015\/06\/finnderby_2015-24-960x640.jpg 960w\" sizes=\"(max-width: 680px) 100vw, 680px\" \/><\/a><p id=\"caption-attachment-6189\" class=\"wp-caption-text\">No, p\u00e4j\u00e4ll\u00e4 evosvoimaa&#8230;<\/p><\/div>Jos nyt lukijalle on j\u00e4\u00e4nyt ep\u00e4selv\u00e4ksi, niin min\u00e4 en ole mik\u00e4\u00e4n hevosurheilun k\u00e4velev\u00e4 ensyklopedia tai muutenkaan kovin perehtynyt koko aiheeseen. Niin, tied\u00e4n, t\u00e4m\u00e4 tuli yll\u00e4tyksen\u00e4 ja t\u00e4ysin puskan takaa monille, mutta n\u00e4in se vain on. Hevosesta tied\u00e4n sen verran, ett\u00e4 se on iso ja mano-a-mano -tilanteessa lopputulema on aika selv\u00e4. Mutta tuolla kent\u00e4ll\u00e4 kun katseli noita ratsukoita, niin huonommillakin insin\u00f6\u00f6rin papereilla yksi erottui joukosta ja se oli Mikael Wahlman. Kiinnitin heti huomiota h\u00e4nen eritt\u00e4in rauhalliseen ratsastustyyliins\u00e4. Ja samoin siihen, miten h\u00e4n hevosta vei.<\/p>\n<p><div id=\"attachment_6188\" style=\"width: 464px\" class=\"wp-caption aligncenter\"><a href=\"http:\/\/www.remonen.fi\/WP\/wp-content\/uploads\/2015\/06\/finnderby_2015-25.jpg\"><img loading=\"lazy\" decoding=\"async\" aria-describedby=\"caption-attachment-6188\" class=\"wp-image-6188\" title=\"Aperture: &#402;\/2.8 | Credit: Matti Remonen | Camera: CORPORATION | Taken: 6 kes\u00e4kuun, 2015 | Copyright: (c) Matti Remonen | Flash fired: no | Focal length: 190mm | ISO: 160 | Shutter speed: 1\/500s | \" src=\"http:\/\/www.remonen.fi\/WP\/wp-content\/uploads\/2015\/06\/finnderby_2015-25.jpg\" alt=\"Yp\u00e4j\u00e4 Finnderby 2015\" width=\"454\" height=\"680\" srcset=\"https:\/\/www.remonen.fi\/WP\/wp-content\/uploads\/2015\/06\/finnderby_2015-25.jpg 683w, https:\/\/www.remonen.fi\/WP\/wp-content\/uploads\/2015\/06\/finnderby_2015-25-200x300.jpg 200w, https:\/\/www.remonen.fi\/WP\/wp-content\/uploads\/2015\/06\/finnderby_2015-25-454x680.jpg 454w, https:\/\/www.remonen.fi\/WP\/wp-content\/uploads\/2015\/06\/finnderby_2015-25-440x660.jpg 440w, https:\/\/www.remonen.fi\/WP\/wp-content\/uploads\/2015\/06\/finnderby_2015-25-300x450.jpg 300w\" sizes=\"(max-width: 454px) 100vw, 454px\" \/><\/a><p id=\"caption-attachment-6188\" class=\"wp-caption-text\">Mikael Wahlman<\/p><\/div><div id=\"attachment_6187\" style=\"width: 464px\" class=\"wp-caption aligncenter\"><a href=\"http:\/\/www.remonen.fi\/WP\/wp-content\/uploads\/2015\/06\/finnderby_2015-26.jpg\"><img loading=\"lazy\" decoding=\"async\" aria-describedby=\"caption-attachment-6187\" class=\"wp-image-6187\" title=\"Aperture: &#402;\/2.8 | Credit: Matti Remonen | Camera: CORPORATION | Taken: 6 kes\u00e4kuun, 2015 | Copyright: (c) Matti Remonen | Flash fired: no | Focal length: 190mm | ISO: 160 | Shutter speed: 1\/500s | \" src=\"http:\/\/www.remonen.fi\/WP\/wp-content\/uploads\/2015\/06\/finnderby_2015-26.jpg\" alt=\"\" width=\"454\" height=\"680\" srcset=\"https:\/\/www.remonen.fi\/WP\/wp-content\/uploads\/2015\/06\/finnderby_2015-26.jpg 683w, https:\/\/www.remonen.fi\/WP\/wp-content\/uploads\/2015\/06\/finnderby_2015-26-200x300.jpg 200w, https:\/\/www.remonen.fi\/WP\/wp-content\/uploads\/2015\/06\/finnderby_2015-26-454x680.jpg 454w, https:\/\/www.remonen.fi\/WP\/wp-content\/uploads\/2015\/06\/finnderby_2015-26-440x660.jpg 440w, https:\/\/www.remonen.fi\/WP\/wp-content\/uploads\/2015\/06\/finnderby_2015-26-300x450.jpg 300w\" sizes=\"(max-width: 454px) 100vw, 454px\" \/><\/a><p id=\"caption-attachment-6187\" class=\"wp-caption-text\">Mikael Wahlman<\/p><\/div>Ei muutkaan huonoja olleet, mutta joku tuossa Mikaelin tavassa k\u00e4sitell\u00e4 hevosta kiinnitti jopa minun huomioni. Ja ei ollut kovin suuri yll\u00e4tys kun Mikael vei koko potin kahdella nollatuloksella. Ensimm\u00e4isen kierroksen j\u00e4lkeen oli kaksi ratsastajaa saanut nollat, mik\u00e4 ei Yp\u00e4j\u00e4n Finnderbyss\u00e4 ole kovin tavallista (lieneek\u00f6 tapahtunut koskaan) ja mentiin uusintakierrokselle, jonka Mikael sitten selvitti senkin puhtaasti. Kovan vastuksen antoi Sari Lunden, mutta viidennell\u00e4 esteell\u00e4 h\u00e4n joutui sitten antautumaan.<\/p>\n<p><div id=\"attachment_6186\" style=\"width: 690px\" class=\"wp-caption aligncenter\"><a href=\"http:\/\/www.remonen.fi\/WP\/wp-content\/uploads\/2015\/06\/finnderby_2015-27.jpg\"><img loading=\"lazy\" decoding=\"async\" aria-describedby=\"caption-attachment-6186\" class=\"wp-image-6186\" title=\"Aperture: &#402;\/2.8 | Credit: Matti Remonen | Camera: CORPORATION | Taken: 6 kes\u00e4kuun, 2015 | Copyright: (c) Matti Remonen | Flash fired: no | Focal length: 70mm | ISO: 220 | Shutter speed: 1\/500s | \" src=\"http:\/\/www.remonen.fi\/WP\/wp-content\/uploads\/2015\/06\/finnderby_2015-27.jpg\" alt=\"Yp\u00e4j\u00e4 Finnderby 2015\" width=\"680\" height=\"454\" srcset=\"https:\/\/www.remonen.fi\/WP\/wp-content\/uploads\/2015\/06\/finnderby_2015-27.jpg 1024w, https:\/\/www.remonen.fi\/WP\/wp-content\/uploads\/2015\/06\/finnderby_2015-27-300x200.jpg 300w, https:\/\/www.remonen.fi\/WP\/wp-content\/uploads\/2015\/06\/finnderby_2015-27-680x454.jpg 680w, https:\/\/www.remonen.fi\/WP\/wp-content\/uploads\/2015\/06\/finnderby_2015-27-440x293.jpg 440w, https:\/\/www.remonen.fi\/WP\/wp-content\/uploads\/2015\/06\/finnderby_2015-27-960x640.jpg 960w\" sizes=\"(max-width: 680px) 100vw, 680px\" \/><\/a><p id=\"caption-attachment-6186\" class=\"wp-caption-text\">Sari Lunden ja este viisi&#8230;<\/p><\/div>Ja sitten olikin vuorossa p\u00f6n\u00e4tykset ja kunniakierros. Niin ja kansallishymni tietysti. Tajusin sent\u00e4\u00e4n ottaa lippiksen pois p\u00e4\u00e4st\u00e4&#8230; Derbyn aikana oli alkanut satamaan ja piti laittaa lippis p\u00e4\u00e4h\u00e4n, ettei silm\u00e4lasit sumene.<\/p>\n<p>N\u00e4ihin kuviin, n\u00e4ihin tunnelmiin. Pasila ja Porilaisten marssi&#8230;<\/p>\n<p><div id=\"attachment_6185\" style=\"width: 464px\" class=\"wp-caption aligncenter\"><a href=\"http:\/\/www.remonen.fi\/WP\/wp-content\/uploads\/2015\/06\/finnderby_2015-28.jpg\"><img loading=\"lazy\" decoding=\"async\" aria-describedby=\"caption-attachment-6185\" class=\"wp-image-6185\" title=\"Aperture: &#402;\/5 | Credit: Matti Remonen | Camera: CORPORATION | Taken: 6 kes\u00e4kuun, 2015 | Copyright: (c) Matti Remonen | Flash fired: no | Focal length: 66mm | ISO: 900 | Shutter speed: 1\/500s | \" src=\"http:\/\/www.remonen.fi\/WP\/wp-content\/uploads\/2015\/06\/finnderby_2015-28.jpg\" alt=\"Yp\u00e4j\u00e4 Finnderby 2015\" width=\"454\" height=\"680\" srcset=\"https:\/\/www.remonen.fi\/WP\/wp-content\/uploads\/2015\/06\/finnderby_2015-28.jpg 683w, https:\/\/www.remonen.fi\/WP\/wp-content\/uploads\/2015\/06\/finnderby_2015-28-200x300.jpg 200w, https:\/\/www.remonen.fi\/WP\/wp-content\/uploads\/2015\/06\/finnderby_2015-28-454x680.jpg 454w, https:\/\/www.remonen.fi\/WP\/wp-content\/uploads\/2015\/06\/finnderby_2015-28-440x660.jpg 440w, https:\/\/www.remonen.fi\/WP\/wp-content\/uploads\/2015\/06\/finnderby_2015-28-300x450.jpg 300w\" sizes=\"(max-width: 454px) 100vw, 454px\" \/><\/a><p id=\"caption-attachment-6185\" class=\"wp-caption-text\">Voittajan on helppo hymyill\u00e4<\/p><\/div><div id=\"attachment_6184\" style=\"width: 464px\" class=\"wp-caption aligncenter\"><a href=\"http:\/\/www.remonen.fi\/WP\/wp-content\/uploads\/2015\/06\/finnderby_2015-29.jpg\"><img loading=\"lazy\" decoding=\"async\" aria-describedby=\"caption-attachment-6184\" class=\"wp-image-6184\" title=\"Aperture: &#402;\/5 | Credit: Matti Remonen | Camera: CORPORATION | Taken: 6 kes\u00e4kuun, 2015 | Copyright: (c) Matti Remonen | Flash fired: no | Focal length: 50mm | ISO: 560 | Shutter speed: 1\/500s | \" src=\"http:\/\/www.remonen.fi\/WP\/wp-content\/uploads\/2015\/06\/finnderby_2015-29.jpg\" alt=\"Yp\u00e4j\u00e4 Finnderby 2015\" width=\"454\" height=\"680\" srcset=\"https:\/\/www.remonen.fi\/WP\/wp-content\/uploads\/2015\/06\/finnderby_2015-29.jpg 683w, https:\/\/www.remonen.fi\/WP\/wp-content\/uploads\/2015\/06\/finnderby_2015-29-200x300.jpg 200w, https:\/\/www.remonen.fi\/WP\/wp-content\/uploads\/2015\/06\/finnderby_2015-29-454x680.jpg 454w, https:\/\/www.remonen.fi\/WP\/wp-content\/uploads\/2015\/06\/finnderby_2015-29-440x660.jpg 440w, https:\/\/www.remonen.fi\/WP\/wp-content\/uploads\/2015\/06\/finnderby_2015-29-300x450.jpg 300w\" sizes=\"(max-width: 454px) 100vw, 454px\" \/><\/a><p id=\"caption-attachment-6184\" class=\"wp-caption-text\">Kunniakierroksella<\/p><\/div>Minunkin osaltani juhlat alkoivat olemaan ohi. 1300 otettua valokuvaa, niin kai siell\u00e4 joku onnistunut olisi&#8230;<\/p>\n<p>L\u00e4htiess\u00e4ni siin\u00e4 kiinitin huomioni derbykent\u00e4ll\u00e4 alkaneeseen estekisaan ja siell\u00e4 olleeseen ratsukkoon. Ratsastaja oli pukeutunut intin harmaisiin ja siit\u00e4h\u00e4n piti sitten viel\u00e4 ottaa kuva.<\/p>\n<p><div id=\"attachment_6181\" style=\"width: 690px\" class=\"wp-caption aligncenter\"><a href=\"http:\/\/www.remonen.fi\/WP\/wp-content\/uploads\/2015\/06\/finnderby_2015-32.jpg\"><img loading=\"lazy\" decoding=\"async\" aria-describedby=\"caption-attachment-6181\" class=\"wp-image-6181\" title=\"Aperture: &#402;\/3.5 | Credit: Matti Remonen | Camera: CORPORATION | Taken: 6 kes\u00e4kuun, 2015 | Copyright: (c) Matti Remonen | Flash fired: no | Focal length: 110mm | ISO: 220 | Shutter speed: 1\/500s | \" src=\"http:\/\/www.remonen.fi\/WP\/wp-content\/uploads\/2015\/06\/finnderby_2015-32.jpg\" alt=\"Yp\u00e4j\u00e4 Finnderby 2015\" width=\"680\" height=\"454\" srcset=\"https:\/\/www.remonen.fi\/WP\/wp-content\/uploads\/2015\/06\/finnderby_2015-32.jpg 1024w, https:\/\/www.remonen.fi\/WP\/wp-content\/uploads\/2015\/06\/finnderby_2015-32-300x200.jpg 300w, https:\/\/www.remonen.fi\/WP\/wp-content\/uploads\/2015\/06\/finnderby_2015-32-680x454.jpg 680w, https:\/\/www.remonen.fi\/WP\/wp-content\/uploads\/2015\/06\/finnderby_2015-32-440x293.jpg 440w, https:\/\/www.remonen.fi\/WP\/wp-content\/uploads\/2015\/06\/finnderby_2015-32-960x640.jpg 960w\" sizes=\"(max-width: 680px) 100vw, 680px\" \/><\/a><p id=\"caption-attachment-6181\" class=\"wp-caption-text\">Kersantti Koivusalo lataa menem\u00e4\u00e4n<\/p><\/div><div id=\"attachment_6180\" style=\"width: 464px\" class=\"wp-caption aligncenter\"><a href=\"http:\/\/www.remonen.fi\/WP\/wp-content\/uploads\/2015\/06\/finnderby_2015-33.jpg\"><img loading=\"lazy\" decoding=\"async\" aria-describedby=\"caption-attachment-6180\" class=\"wp-image-6180\" title=\"[exif id='6180' show='all'\" src=\"http:\/\/www.remonen.fi\/WP\/wp-content\/uploads\/2015\/06\/finnderby_2015-33.jpg\" alt=\"Yp\u00e4j\u00e4 Finnderby 2015\" width=\"454\" height=\"680\" srcset=\"https:\/\/www.remonen.fi\/WP\/wp-content\/uploads\/2015\/06\/finnderby_2015-33.jpg 683w, https:\/\/www.remonen.fi\/WP\/wp-content\/uploads\/2015\/06\/finnderby_2015-33-200x300.jpg 200w, https:\/\/www.remonen.fi\/WP\/wp-content\/uploads\/2015\/06\/finnderby_2015-33-454x680.jpg 454w, https:\/\/www.remonen.fi\/WP\/wp-content\/uploads\/2015\/06\/finnderby_2015-33-440x660.jpg 440w, https:\/\/www.remonen.fi\/WP\/wp-content\/uploads\/2015\/06\/finnderby_2015-33-300x450.jpg 300w\" sizes=\"(max-width: 454px) 100vw, 454px\" \/><\/a><p id=\"caption-attachment-6180\" class=\"wp-caption-text\">Canonistit on niin lutusii&#8230;<\/p><\/div>Sitten p\u00e4iv\u00e4 alkoi olemaan koko lailla pulkassa ja suuntasinkin autolle. Paljonhan tuolla j\u00e4i viel\u00e4 kuvattavaa. En oikein saanut mit\u00e4\u00e4n j\u00e4rkev\u00e4\u00e4 kuvaa kouluratsastuksesta enk\u00e4 n\u00e4hnyt l\u00e4nnenratsastusta ollenkaan (tiet\u00e4\u00e4kseni). Ja paljon paljon muuta. Ensi vuonna pit\u00e4\u00e4 varata koko viikonloppu ja ottaa Yp\u00e4j\u00e4lt\u00e4 majoitus ja keskitty\u00e4 kuvaamiseen ihan oikeasti.<\/p>\n<p>Finnderby tapahtumana oli huomattavasti mielenkiintoisempi, kuin mit\u00e4 olin osannut odottaa, vaikka nyt unohtaisi valokuvauksen t\u00e4st\u00e4 yht\u00e4l\u00f6st\u00e4. Voin suositella vaikkei nyt mik\u00e4\u00e4n HC hevosharrastaja olisikaan: kannattaa menn\u00e4 ehdottomasti.<\/p>\n<p>Suur-kiitokset viel\u00e4 kerran Irinalle ja koko Yp\u00e4j\u00e4n Hevosopistolle hienosta tilaisuudesta ja mun mahdollisuudesta p\u00e4\u00e4st\u00e4 kuvaamaan silt\u00e4 puolen aitaa, miss\u00e4 ruoho on vihre\u00e4mp\u00e4\u00e4.<\/p>\n<h3>Ja sitten tekniikkanurkkaus:<\/h3>\n<p>Kalustona mulla oli Nikon D810 pystykahvalla ja objektiiveina 24-70\/2.8 sek\u00e4 70-200\/2.8. Otetut kuvat jakautuivat noiden v\u00e4lill\u00e4 200 \/ 1100. Oli mulla my\u00f6s 80-400 mutta sen j\u00e4tin suosiolla autoon. Jossain tapauksissa sit\u00e4 olisi ehk\u00e4 voinut k\u00e4ytt\u00e4\u00e4, mutta p\u00e4\u00e4s\u00e4\u00e4nt\u00f6isesti 200-milli\u00e4 oli riitt\u00e4v\u00e4 polttov\u00e4li. Mukan oli my\u00f6s parit primet, mutta ne kulkivat vain painona vy\u00f6ll\u00e4.<\/p>\n<p>Kamera oli manuaalis\u00e4\u00e4d\u00f6ill\u00e4, mutta auto-ISO:lla. N\u00e4in sain pidetty\u00e4 suljinajan varmasti riitt\u00e4v\u00e4n lyhyen\u00e4 (kuvissa suljinajat vaihtelevat 1\/320 -&gt; 1\/500 sek) ja silti s\u00e4\u00e4t\u00e4\u00e4 aukkoa vapaasti. Valotus kuitenkin pysyi kuosissa, kun runko sitten s\u00e4\u00e4ti ISOa koko ajan. Valotuksen osalta olosuhteet olivat eritoten vesiesteell\u00e4 hankalat, joka n\u00e4kyy my\u00f6s kuvissa: valkoinen ratsastusasu tuppasi palamaan puhki, kun etsimen t\u00e4ytti tumma hevonen. Olisi pit\u00e4nyt raskaammin alivalottaa kuvaa. Aukko-arvot liikkuivat v\u00e4lill\u00e4 f\/2.8 -&gt; f\/5.6. Jossain kohtaa kun olen k\u00e4ytt\u00e4nyt aukkoa 3.5, niin ter\u00e4v\u00e4\u00e4 on ollut joko ratsastajan kasvot tai hevosen p\u00e4\u00e4\/naama. Eli seuraavalla kerralla aukko on syyt\u00e4 pit\u00e4\u00e4 siell\u00e4 5.0 -&gt; 5.6 -haarukassa noissa hyppykuvissa. Sitten jossain paikallaan olevissa jutuissa voi hifistell\u00e4 suuremmalla aukolla.<\/p>\n<p>Tarkennusmoodi kamerassa oli tietysti C eli jatkuva tarkennus. Tarkennus minulla tapahtuu erillisest\u00e4 napista, ei laukaisimesta. T\u00e4ll\u00e4 saa helpommin esimerkiksi liikkuvan kohteen seurannan aikaiseksi ennen kuin laukaisee. Tarkennuspistein\u00e4 minulla oli Nikonin oma valinta &#8221;Group&#8221;, jossa viisi tarkennuspistett\u00e4 on koko ajan aktiivisena ja objektiivi tarkennetaan sen pisteen mukaan, jossa kohde on l\u00e4himp\u00e4n\u00e4 kulloinkin. Tuota viiden pisteen ryp\u00e4st\u00e4 voi sitten siirrell\u00e4 manuaalisesti etsimess\u00e4 haluamaansa paikkaan. Tarkennus toimi mielest\u00e4ni olosuhteet ja osaaminen huomioon ottaen hyvin.<\/p>\n<p>T\u00e4ll\u00e4 kertaa t\u00e4m\u00e4 oli t\u00e4ss\u00e4. Toivottavasti tosiaan ensi vuonna on mahdollisuus menn\u00e4 tuonne uudelleen. Joko katsojana tai valokuvaajana.<\/p>\n","protected":false},"excerpt":{"rendered":"<p>M\u00e4nn\u00e4perjantaina meinasi aamuliptoni menn\u00e4 v\u00e4\u00e4r\u00e4\u00e4n kurkkuun kun avasin Hesarin urheilusivut. Paitsi ett\u00e4 siell\u00e4 oli koko sivun artikkeli hevosurheilusta, niin minulle samalla selvisi, ett\u00e4 Yp\u00e4j\u00e4n Finnderby oli j\u00e4lleen menossa ohi suun. Tosin olin kuullut koko h\u00e4ppeningist\u00e4 vasta viime vuonna, kun olin Yp\u00e4j\u00e4ll\u00e4 hevoskuvauskurssilla, mutta kahdesti kuultuhan on jo vanha juttu. Ei auttanut muuta kuin ottaa yhteytt\u00e4 [&hellip;]<\/p>\n","protected":false},"author":2,"featured_media":6194,"comment_status":"open","ping_status":"closed","sticky":false,"template":"","format":"standard","meta":{"footnotes":""},"categories":[16],"tags":[227,189,188],"yoast_head":"<!-- This site is optimized with the Yoast SEO plugin v24.5 - https:\/\/yoast.com\/wordpress\/plugins\/seo\/ -->\n<title>Hevos Voimaa &#187; remonen.fi<\/title>\n<meta name=\"robots\" content=\"index, follow, max-snippet:-1, max-image-preview:large, max-video-preview:-1\" \/>\n<link rel=\"canonical\" href=\"https:\/\/www.remonen.fi\/WP\/blogi\/hevos-voimaa\/\" \/>\n<meta property=\"og:locale\" content=\"fi_FI\" \/>\n<meta property=\"og:type\" content=\"article\" \/>\n<meta property=\"og:title\" content=\"Hevos Voimaa &#187; remonen.fi\" \/>\n<meta property=\"og:description\" content=\"M\u00e4nn\u00e4perjantaina meinasi aamuliptoni menn\u00e4 v\u00e4\u00e4r\u00e4\u00e4n kurkkuun kun avasin Hesarin urheilusivut. Paitsi ett\u00e4 siell\u00e4 oli koko sivun artikkeli hevosurheilusta, niin minulle samalla selvisi, ett\u00e4 Yp\u00e4j\u00e4n Finnderby oli j\u00e4lleen menossa ohi suun. Tosin olin kuullut koko h\u00e4ppeningist\u00e4 vasta viime vuonna, kun olin Yp\u00e4j\u00e4ll\u00e4 hevoskuvauskurssilla, mutta kahdesti kuultuhan on jo vanha juttu. Ei auttanut muuta kuin ottaa yhteytt\u00e4 [&hellip;]\" \/>\n<meta property=\"og:url\" content=\"https:\/\/www.remonen.fi\/WP\/blogi\/hevos-voimaa\/\" \/>\n<meta property=\"og:site_name\" content=\"remonen.fi\" \/>\n<meta property=\"article:published_time\" content=\"2015-06-08T17:44:55+00:00\" \/>\n<meta property=\"article:modified_time\" content=\"2015-06-14T16:01:29+00:00\" \/>\n<meta property=\"og:image\" content=\"https:\/\/www.remonen.fi\/WP\/wp-content\/uploads\/2015\/06\/finnderby_2015-19.jpg\" \/>\n\t<meta property=\"og:image:width\" content=\"1024\" \/>\n\t<meta property=\"og:image:height\" content=\"683\" \/>\n\t<meta property=\"og:image:type\" content=\"image\/jpeg\" \/>\n<meta name=\"author\" content=\"Matti Remonen\" \/>\n<meta name=\"twitter:label1\" content=\"Kirjoittanut\" \/>\n\t<meta name=\"twitter:data1\" content=\"Matti Remonen\" \/>\n\t<meta name=\"twitter:label2\" content=\"Arvioitu lukuaika\" \/>\n\t<meta name=\"twitter:data2\" content=\"8 minuuttia\" \/>\n<script type=\"application\/ld+json\" class=\"yoast-schema-graph\">{\"@context\":\"https:\/\/schema.org\",\"@graph\":[{\"@type\":\"Article\",\"@id\":\"https:\/\/www.remonen.fi\/WP\/blogi\/hevos-voimaa\/#article\",\"isPartOf\":{\"@id\":\"https:\/\/www.remonen.fi\/WP\/blogi\/hevos-voimaa\/\"},\"author\":{\"name\":\"Matti Remonen\",\"@id\":\"https:\/\/www.remonen.fi\/WP\/#\/schema\/person\/1803c23d1d4f6722054eb2ac7f7a97cd\"},\"headline\":\"Hevos Voimaa\",\"datePublished\":\"2015-06-08T17:44:55+00:00\",\"dateModified\":\"2015-06-14T16:01:29+00:00\",\"mainEntityOfPage\":{\"@id\":\"https:\/\/www.remonen.fi\/WP\/blogi\/hevos-voimaa\/\"},\"wordCount\":1700,\"commentCount\":0,\"publisher\":{\"@id\":\"https:\/\/www.remonen.fi\/WP\/#\/schema\/person\/1803c23d1d4f6722054eb2ac7f7a97cd\"},\"image\":{\"@id\":\"https:\/\/www.remonen.fi\/WP\/blogi\/hevos-voimaa\/#primaryimage\"},\"thumbnailUrl\":\"https:\/\/www.remonen.fi\/WP\/wp-content\/uploads\/2015\/06\/finnderby_2015-19.jpg\",\"keywords\":[\"Finnderby\",\"Hevonen\",\"Yp\u00e4j\u00e4\"],\"articleSection\":[\"Blog\"],\"inLanguage\":\"fi\",\"potentialAction\":[{\"@type\":\"CommentAction\",\"name\":\"Comment\",\"target\":[\"https:\/\/www.remonen.fi\/WP\/blogi\/hevos-voimaa\/#respond\"]}]},{\"@type\":\"WebPage\",\"@id\":\"https:\/\/www.remonen.fi\/WP\/blogi\/hevos-voimaa\/\",\"url\":\"https:\/\/www.remonen.fi\/WP\/blogi\/hevos-voimaa\/\",\"name\":\"Hevos Voimaa &#187; remonen.fi\",\"isPartOf\":{\"@id\":\"https:\/\/www.remonen.fi\/WP\/#website\"},\"primaryImageOfPage\":{\"@id\":\"https:\/\/www.remonen.fi\/WP\/blogi\/hevos-voimaa\/#primaryimage\"},\"image\":{\"@id\":\"https:\/\/www.remonen.fi\/WP\/blogi\/hevos-voimaa\/#primaryimage\"},\"thumbnailUrl\":\"https:\/\/www.remonen.fi\/WP\/wp-content\/uploads\/2015\/06\/finnderby_2015-19.jpg\",\"datePublished\":\"2015-06-08T17:44:55+00:00\",\"dateModified\":\"2015-06-14T16:01:29+00:00\",\"breadcrumb\":{\"@id\":\"https:\/\/www.remonen.fi\/WP\/blogi\/hevos-voimaa\/#breadcrumb\"},\"inLanguage\":\"fi\",\"potentialAction\":[{\"@type\":\"ReadAction\",\"target\":[\"https:\/\/www.remonen.fi\/WP\/blogi\/hevos-voimaa\/\"]}]},{\"@type\":\"ImageObject\",\"inLanguage\":\"fi\",\"@id\":\"https:\/\/www.remonen.fi\/WP\/blogi\/hevos-voimaa\/#primaryimage\",\"url\":\"https:\/\/www.remonen.fi\/WP\/wp-content\/uploads\/2015\/06\/finnderby_2015-19.jpg\",\"contentUrl\":\"https:\/\/www.remonen.fi\/WP\/wp-content\/uploads\/2015\/06\/finnderby_2015-19.jpg\",\"width\":1024,\"height\":683},{\"@type\":\"BreadcrumbList\",\"@id\":\"https:\/\/www.remonen.fi\/WP\/blogi\/hevos-voimaa\/#breadcrumb\",\"itemListElement\":[{\"@type\":\"ListItem\",\"position\":1,\"name\":\"Etusivu\",\"item\":\"https:\/\/www.remonen.fi\/WP\/\"},{\"@type\":\"ListItem\",\"position\":2,\"name\":\"Hevos Voimaa\"}]},{\"@type\":\"WebSite\",\"@id\":\"https:\/\/www.remonen.fi\/WP\/#website\",\"url\":\"https:\/\/www.remonen.fi\/WP\/\",\"name\":\"remonen.fi\",\"description\":\"Valokuvia ja tarinaa laidasta laitaan\",\"publisher\":{\"@id\":\"https:\/\/www.remonen.fi\/WP\/#\/schema\/person\/1803c23d1d4f6722054eb2ac7f7a97cd\"},\"potentialAction\":[{\"@type\":\"SearchAction\",\"target\":{\"@type\":\"EntryPoint\",\"urlTemplate\":\"https:\/\/www.remonen.fi\/WP\/?s={search_term_string}\"},\"query-input\":{\"@type\":\"PropertyValueSpecification\",\"valueRequired\":true,\"valueName\":\"search_term_string\"}}],\"inLanguage\":\"fi\"},{\"@type\":[\"Person\",\"Organization\"],\"@id\":\"https:\/\/www.remonen.fi\/WP\/#\/schema\/person\/1803c23d1d4f6722054eb2ac7f7a97cd\",\"name\":\"Matti Remonen\",\"logo\":{\"@id\":\"https:\/\/www.remonen.fi\/WP\/#\/schema\/person\/image\/\"},\"url\":\"https:\/\/www.remonen.fi\/WP\/blogi\/author\/mre\/\"}]}<\/script>\n<!-- \/ Yoast SEO plugin. -->","yoast_head_json":{"title":"Hevos Voimaa &#187; remonen.fi","robots":{"index":"index","follow":"follow","max-snippet":"max-snippet:-1","max-image-preview":"max-image-preview:large","max-video-preview":"max-video-preview:-1"},"canonical":"https:\/\/www.remonen.fi\/WP\/blogi\/hevos-voimaa\/","og_locale":"fi_FI","og_type":"article","og_title":"Hevos Voimaa &#187; remonen.fi","og_description":"M\u00e4nn\u00e4perjantaina meinasi aamuliptoni menn\u00e4 v\u00e4\u00e4r\u00e4\u00e4n kurkkuun kun avasin Hesarin urheilusivut. Paitsi ett\u00e4 siell\u00e4 oli koko sivun artikkeli hevosurheilusta, niin minulle samalla selvisi, ett\u00e4 Yp\u00e4j\u00e4n Finnderby oli j\u00e4lleen menossa ohi suun. Tosin olin kuullut koko h\u00e4ppeningist\u00e4 vasta viime vuonna, kun olin Yp\u00e4j\u00e4ll\u00e4 hevoskuvauskurssilla, mutta kahdesti kuultuhan on jo vanha juttu. Ei auttanut muuta kuin ottaa yhteytt\u00e4 [&hellip;]","og_url":"https:\/\/www.remonen.fi\/WP\/blogi\/hevos-voimaa\/","og_site_name":"remonen.fi","article_published_time":"2015-06-08T17:44:55+00:00","article_modified_time":"2015-06-14T16:01:29+00:00","og_image":[{"width":1024,"height":683,"url":"https:\/\/www.remonen.fi\/WP\/wp-content\/uploads\/2015\/06\/finnderby_2015-19.jpg","type":"image\/jpeg"}],"author":"Matti Remonen","twitter_misc":{"Kirjoittanut":"Matti Remonen","Arvioitu lukuaika":"8 minuuttia"},"schema":{"@context":"https:\/\/schema.org","@graph":[{"@type":"Article","@id":"https:\/\/www.remonen.fi\/WP\/blogi\/hevos-voimaa\/#article","isPartOf":{"@id":"https:\/\/www.remonen.fi\/WP\/blogi\/hevos-voimaa\/"},"author":{"name":"Matti Remonen","@id":"https:\/\/www.remonen.fi\/WP\/#\/schema\/person\/1803c23d1d4f6722054eb2ac7f7a97cd"},"headline":"Hevos Voimaa","datePublished":"2015-06-08T17:44:55+00:00","dateModified":"2015-06-14T16:01:29+00:00","mainEntityOfPage":{"@id":"https:\/\/www.remonen.fi\/WP\/blogi\/hevos-voimaa\/"},"wordCount":1700,"commentCount":0,"publisher":{"@id":"https:\/\/www.remonen.fi\/WP\/#\/schema\/person\/1803c23d1d4f6722054eb2ac7f7a97cd"},"image":{"@id":"https:\/\/www.remonen.fi\/WP\/blogi\/hevos-voimaa\/#primaryimage"},"thumbnailUrl":"https:\/\/www.remonen.fi\/WP\/wp-content\/uploads\/2015\/06\/finnderby_2015-19.jpg","keywords":["Finnderby","Hevonen","Yp\u00e4j\u00e4"],"articleSection":["Blog"],"inLanguage":"fi","potentialAction":[{"@type":"CommentAction","name":"Comment","target":["https:\/\/www.remonen.fi\/WP\/blogi\/hevos-voimaa\/#respond"]}]},{"@type":"WebPage","@id":"https:\/\/www.remonen.fi\/WP\/blogi\/hevos-voimaa\/","url":"https:\/\/www.remonen.fi\/WP\/blogi\/hevos-voimaa\/","name":"Hevos Voimaa &#187; remonen.fi","isPartOf":{"@id":"https:\/\/www.remonen.fi\/WP\/#website"},"primaryImageOfPage":{"@id":"https:\/\/www.remonen.fi\/WP\/blogi\/hevos-voimaa\/#primaryimage"},"image":{"@id":"https:\/\/www.remonen.fi\/WP\/blogi\/hevos-voimaa\/#primaryimage"},"thumbnailUrl":"https:\/\/www.remonen.fi\/WP\/wp-content\/uploads\/2015\/06\/finnderby_2015-19.jpg","datePublished":"2015-06-08T17:44:55+00:00","dateModified":"2015-06-14T16:01:29+00:00","breadcrumb":{"@id":"https:\/\/www.remonen.fi\/WP\/blogi\/hevos-voimaa\/#breadcrumb"},"inLanguage":"fi","potentialAction":[{"@type":"ReadAction","target":["https:\/\/www.remonen.fi\/WP\/blogi\/hevos-voimaa\/"]}]},{"@type":"ImageObject","inLanguage":"fi","@id":"https:\/\/www.remonen.fi\/WP\/blogi\/hevos-voimaa\/#primaryimage","url":"https:\/\/www.remonen.fi\/WP\/wp-content\/uploads\/2015\/06\/finnderby_2015-19.jpg","contentUrl":"https:\/\/www.remonen.fi\/WP\/wp-content\/uploads\/2015\/06\/finnderby_2015-19.jpg","width":1024,"height":683},{"@type":"BreadcrumbList","@id":"https:\/\/www.remonen.fi\/WP\/blogi\/hevos-voimaa\/#breadcrumb","itemListElement":[{"@type":"ListItem","position":1,"name":"Etusivu","item":"https:\/\/www.remonen.fi\/WP\/"},{"@type":"ListItem","position":2,"name":"Hevos Voimaa"}]},{"@type":"WebSite","@id":"https:\/\/www.remonen.fi\/WP\/#website","url":"https:\/\/www.remonen.fi\/WP\/","name":"remonen.fi","description":"Valokuvia ja tarinaa laidasta laitaan","publisher":{"@id":"https:\/\/www.remonen.fi\/WP\/#\/schema\/person\/1803c23d1d4f6722054eb2ac7f7a97cd"},"potentialAction":[{"@type":"SearchAction","target":{"@type":"EntryPoint","urlTemplate":"https:\/\/www.remonen.fi\/WP\/?s={search_term_string}"},"query-input":{"@type":"PropertyValueSpecification","valueRequired":true,"valueName":"search_term_string"}}],"inLanguage":"fi"},{"@type":["Person","Organization"],"@id":"https:\/\/www.remonen.fi\/WP\/#\/schema\/person\/1803c23d1d4f6722054eb2ac7f7a97cd","name":"Matti Remonen","logo":{"@id":"https:\/\/www.remonen.fi\/WP\/#\/schema\/person\/image\/"},"url":"https:\/\/www.remonen.fi\/WP\/blogi\/author\/mre\/"}]}},"_links":{"self":[{"href":"https:\/\/www.remonen.fi\/WP\/wp-json\/wp\/v2\/posts\/6175"}],"collection":[{"href":"https:\/\/www.remonen.fi\/WP\/wp-json\/wp\/v2\/posts"}],"about":[{"href":"https:\/\/www.remonen.fi\/WP\/wp-json\/wp\/v2\/types\/post"}],"author":[{"embeddable":true,"href":"https:\/\/www.remonen.fi\/WP\/wp-json\/wp\/v2\/users\/2"}],"replies":[{"embeddable":true,"href":"https:\/\/www.remonen.fi\/WP\/wp-json\/wp\/v2\/comments?post=6175"}],"version-history":[{"count":0,"href":"https:\/\/www.remonen.fi\/WP\/wp-json\/wp\/v2\/posts\/6175\/revisions"}],"wp:featuredmedia":[{"embeddable":true,"href":"https:\/\/www.remonen.fi\/WP\/wp-json\/wp\/v2\/media\/6194"}],"wp:attachment":[{"href":"https:\/\/www.remonen.fi\/WP\/wp-json\/wp\/v2\/media?parent=6175"}],"wp:term":[{"taxonomy":"category","embeddable":true,"href":"https:\/\/www.remonen.fi\/WP\/wp-json\/wp\/v2\/categories?post=6175"},{"taxonomy":"post_tag","embeddable":true,"href":"https:\/\/www.remonen.fi\/WP\/wp-json\/wp\/v2\/tags?post=6175"}],"curies":[{"name":"wp","href":"https:\/\/api.w.org\/{rel}","templated":true}]}}