{"id":6307,"date":"2015-06-20T16:36:40","date_gmt":"2015-06-20T13:36:40","guid":{"rendered":"http:\/\/www.remonen.fi\/?p=6307"},"modified":"2016-05-02T10:25:53","modified_gmt":"2016-05-02T07:25:53","slug":"jusseja-pidellyt","status":"publish","type":"post","link":"https:\/\/www.remonen.fi\/WP\/blogi\/jusseja-pidellyt\/","title":{"rendered":"Jusseja pidellyt"},"content":{"rendered":"<p>Tulihan se Juhannuskin sielt\u00e4. Ja vaikka s\u00e4\u00e4 n\u00e4ytti p\u00e4iv\u00e4ll\u00e4 harmaalta ja taisi parit pisaratkin ropsahdella, niin kummasti se vaan sitten kirkastui kokon sytytt\u00e4miseen menness\u00e4. T\u00e4n\u00e4 Juhannuksena olimme varanneet IHA-linesilt\u00e4 Juhannusristeilyn ruokineen kaikkineen. Voin l\u00e4mpim\u00e4sti suositella: ravintolatason ruoka ja mukava laiva. Toki osansa oli sill\u00e4kin, ett\u00e4 s\u00e4\u00e4 oli tyyni.<\/p>\n<p>Alus ajoi Kauppatorilta Sipoon Kaunissaareen, jossa oli Juhannuskokon sytytt\u00e4minen. Sen j\u00e4lkeen palattiin takaisin Helsinkiin.<\/p>\n<p>Seuraavaksi ohjelmassa Viro, jonne matkaan maanantaina. Per\u00e4st\u00e4 kuuluu, toivottavasti.<\/p>\n<p><code>[envira-gallery id=\"7573\"]<\/code><\/p>\n","protected":false},"excerpt":{"rendered":"<p>Tulihan se Juhannuskin sielt\u00e4. Ja vaikka s\u00e4\u00e4 n\u00e4ytti p\u00e4iv\u00e4ll\u00e4 harmaalta ja taisi parit pisaratkin ropsahdella, niin kummasti se vaan sitten kirkastui kokon sytytt\u00e4miseen menness\u00e4. T\u00e4n\u00e4 Juhannuksena olimme varanneet IHA-linesilt\u00e4 Juhannusristeilyn ruokineen kaikkineen. Voin l\u00e4mpim\u00e4sti suositella: ravintolatason ruoka ja mukava laiva. Toki osansa oli sill\u00e4kin, ett\u00e4 s\u00e4\u00e4 oli tyyni. Alus ajoi Kauppatorilta Sipoon Kaunissaareen, jossa oli [&hellip;]<\/p>\n","protected":false},"author":2,"featured_media":6314,"comment_status":"open","ping_status":"closed","sticky":false,"template":"","format":"standard","meta":{"footnotes":""},"categories":[16],"tags":[232,233],"yoast_head":"<!-- This site is optimized with the Yoast SEO plugin v24.5 - https:\/\/yoast.com\/wordpress\/plugins\/seo\/ -->\n<title>Jusseja pidellyt &#187; remonen.fi<\/title>\n<meta name=\"robots\" content=\"index, follow, max-snippet:-1, max-image-preview:large, max-video-preview:-1\" \/>\n<link rel=\"canonical\" href=\"https:\/\/www.remonen.fi\/WP\/blogi\/jusseja-pidellyt\/\" \/>\n<meta property=\"og:locale\" content=\"fi_FI\" \/>\n<meta property=\"og:type\" content=\"article\" \/>\n<meta property=\"og:title\" content=\"Jusseja pidellyt &#187; remonen.fi\" \/>\n<meta property=\"og:description\" content=\"Tulihan se Juhannuskin sielt\u00e4. Ja vaikka s\u00e4\u00e4 n\u00e4ytti p\u00e4iv\u00e4ll\u00e4 harmaalta ja taisi parit pisaratkin ropsahdella, niin kummasti se vaan sitten kirkastui kokon sytytt\u00e4miseen menness\u00e4. T\u00e4n\u00e4 Juhannuksena olimme varanneet IHA-linesilt\u00e4 Juhannusristeilyn ruokineen kaikkineen. Voin l\u00e4mpim\u00e4sti suositella: ravintolatason ruoka ja mukava laiva. Toki osansa oli sill\u00e4kin, ett\u00e4 s\u00e4\u00e4 oli tyyni. Alus ajoi Kauppatorilta Sipoon Kaunissaareen, jossa oli [&hellip;]\" \/>\n<meta property=\"og:url\" content=\"https:\/\/www.remonen.fi\/WP\/blogi\/jusseja-pidellyt\/\" \/>\n<meta property=\"og:site_name\" content=\"remonen.fi\" \/>\n<meta property=\"article:published_time\" content=\"2015-06-20T13:36:40+00:00\" \/>\n<meta property=\"article:modified_time\" content=\"2016-05-02T07:25:53+00:00\" \/>\n<meta property=\"og:image\" content=\"https:\/\/www.remonen.fi\/WP\/wp-content\/uploads\/2015\/06\/juhannnus_15-6.jpg\" \/>\n\t<meta property=\"og:image:width\" content=\"1024\" \/>\n\t<meta property=\"og:image:height\" content=\"683\" \/>\n\t<meta property=\"og:image:type\" content=\"image\/jpeg\" \/>\n<meta name=\"author\" content=\"Matti Remonen\" \/>\n<meta name=\"twitter:label1\" content=\"Kirjoittanut\" \/>\n\t<meta name=\"twitter:data1\" content=\"Matti Remonen\" \/>\n<script type=\"application\/ld+json\" class=\"yoast-schema-graph\">{\"@context\":\"https:\/\/schema.org\",\"@graph\":[{\"@type\":\"Article\",\"@id\":\"https:\/\/www.remonen.fi\/WP\/blogi\/jusseja-pidellyt\/#article\",\"isPartOf\":{\"@id\":\"https:\/\/www.remonen.fi\/WP\/blogi\/jusseja-pidellyt\/\"},\"author\":{\"name\":\"Matti Remonen\",\"@id\":\"https:\/\/www.remonen.fi\/WP\/#\/schema\/person\/1803c23d1d4f6722054eb2ac7f7a97cd\"},\"headline\":\"Jusseja pidellyt\",\"datePublished\":\"2015-06-20T13:36:40+00:00\",\"dateModified\":\"2016-05-02T07:25:53+00:00\",\"mainEntityOfPage\":{\"@id\":\"https:\/\/www.remonen.fi\/WP\/blogi\/jusseja-pidellyt\/\"},\"wordCount\":84,\"commentCount\":0,\"publisher\":{\"@id\":\"https:\/\/www.remonen.fi\/WP\/#\/schema\/person\/1803c23d1d4f6722054eb2ac7f7a97cd\"},\"image\":{\"@id\":\"https:\/\/www.remonen.fi\/WP\/blogi\/jusseja-pidellyt\/#primaryimage\"},\"thumbnailUrl\":\"https:\/\/www.remonen.fi\/WP\/wp-content\/uploads\/2015\/06\/juhannnus_15-6.jpg\",\"keywords\":[\"Juhannus\",\"Kaunissaari\"],\"articleSection\":[\"Blog\"],\"inLanguage\":\"fi\",\"potentialAction\":[{\"@type\":\"CommentAction\",\"name\":\"Comment\",\"target\":[\"https:\/\/www.remonen.fi\/WP\/blogi\/jusseja-pidellyt\/#respond\"]}]},{\"@type\":\"WebPage\",\"@id\":\"https:\/\/www.remonen.fi\/WP\/blogi\/jusseja-pidellyt\/\",\"url\":\"https:\/\/www.remonen.fi\/WP\/blogi\/jusseja-pidellyt\/\",\"name\":\"Jusseja pidellyt &#187; remonen.fi\",\"isPartOf\":{\"@id\":\"https:\/\/www.remonen.fi\/WP\/#website\"},\"primaryImageOfPage\":{\"@id\":\"https:\/\/www.remonen.fi\/WP\/blogi\/jusseja-pidellyt\/#primaryimage\"},\"image\":{\"@id\":\"https:\/\/www.remonen.fi\/WP\/blogi\/jusseja-pidellyt\/#primaryimage\"},\"thumbnailUrl\":\"https:\/\/www.remonen.fi\/WP\/wp-content\/uploads\/2015\/06\/juhannnus_15-6.jpg\",\"datePublished\":\"2015-06-20T13:36:40+00:00\",\"dateModified\":\"2016-05-02T07:25:53+00:00\",\"breadcrumb\":{\"@id\":\"https:\/\/www.remonen.fi\/WP\/blogi\/jusseja-pidellyt\/#breadcrumb\"},\"inLanguage\":\"fi\",\"potentialAction\":[{\"@type\":\"ReadAction\",\"target\":[\"https:\/\/www.remonen.fi\/WP\/blogi\/jusseja-pidellyt\/\"]}]},{\"@type\":\"ImageObject\",\"inLanguage\":\"fi\",\"@id\":\"https:\/\/www.remonen.fi\/WP\/blogi\/jusseja-pidellyt\/#primaryimage\",\"url\":\"https:\/\/www.remonen.fi\/WP\/wp-content\/uploads\/2015\/06\/juhannnus_15-6.jpg\",\"contentUrl\":\"https:\/\/www.remonen.fi\/WP\/wp-content\/uploads\/2015\/06\/juhannnus_15-6.jpg\",\"width\":1024,\"height\":683},{\"@type\":\"BreadcrumbList\",\"@id\":\"https:\/\/www.remonen.fi\/WP\/blogi\/jusseja-pidellyt\/#breadcrumb\",\"itemListElement\":[{\"@type\":\"ListItem\",\"position\":1,\"name\":\"Etusivu\",\"item\":\"https:\/\/www.remonen.fi\/WP\/\"},{\"@type\":\"ListItem\",\"position\":2,\"name\":\"Jusseja pidellyt\"}]},{\"@type\":\"WebSite\",\"@id\":\"https:\/\/www.remonen.fi\/WP\/#website\",\"url\":\"https:\/\/www.remonen.fi\/WP\/\",\"name\":\"remonen.fi\",\"description\":\"Valokuvia ja tarinaa laidasta laitaan\",\"publisher\":{\"@id\":\"https:\/\/www.remonen.fi\/WP\/#\/schema\/person\/1803c23d1d4f6722054eb2ac7f7a97cd\"},\"potentialAction\":[{\"@type\":\"SearchAction\",\"target\":{\"@type\":\"EntryPoint\",\"urlTemplate\":\"https:\/\/www.remonen.fi\/WP\/?s={search_term_string}\"},\"query-input\":{\"@type\":\"PropertyValueSpecification\",\"valueRequired\":true,\"valueName\":\"search_term_string\"}}],\"inLanguage\":\"fi\"},{\"@type\":[\"Person\",\"Organization\"],\"@id\":\"https:\/\/www.remonen.fi\/WP\/#\/schema\/person\/1803c23d1d4f6722054eb2ac7f7a97cd\",\"name\":\"Matti Remonen\",\"logo\":{\"@id\":\"https:\/\/www.remonen.fi\/WP\/#\/schema\/person\/image\/\"},\"url\":\"https:\/\/www.remonen.fi\/WP\/blogi\/author\/mre\/\"}]}<\/script>\n<!-- \/ Yoast SEO plugin. -->","yoast_head_json":{"title":"Jusseja pidellyt &#187; remonen.fi","robots":{"index":"index","follow":"follow","max-snippet":"max-snippet:-1","max-image-preview":"max-image-preview:large","max-video-preview":"max-video-preview:-1"},"canonical":"https:\/\/www.remonen.fi\/WP\/blogi\/jusseja-pidellyt\/","og_locale":"fi_FI","og_type":"article","og_title":"Jusseja pidellyt &#187; remonen.fi","og_description":"Tulihan se Juhannuskin sielt\u00e4. Ja vaikka s\u00e4\u00e4 n\u00e4ytti p\u00e4iv\u00e4ll\u00e4 harmaalta ja taisi parit pisaratkin ropsahdella, niin kummasti se vaan sitten kirkastui kokon sytytt\u00e4miseen menness\u00e4. T\u00e4n\u00e4 Juhannuksena olimme varanneet IHA-linesilt\u00e4 Juhannusristeilyn ruokineen kaikkineen. Voin l\u00e4mpim\u00e4sti suositella: ravintolatason ruoka ja mukava laiva. Toki osansa oli sill\u00e4kin, ett\u00e4 s\u00e4\u00e4 oli tyyni. Alus ajoi Kauppatorilta Sipoon Kaunissaareen, jossa oli [&hellip;]","og_url":"https:\/\/www.remonen.fi\/WP\/blogi\/jusseja-pidellyt\/","og_site_name":"remonen.fi","article_published_time":"2015-06-20T13:36:40+00:00","article_modified_time":"2016-05-02T07:25:53+00:00","og_image":[{"width":1024,"height":683,"url":"https:\/\/www.remonen.fi\/WP\/wp-content\/uploads\/2015\/06\/juhannnus_15-6.jpg","type":"image\/jpeg"}],"author":"Matti Remonen","twitter_misc":{"Kirjoittanut":"Matti Remonen"},"schema":{"@context":"https:\/\/schema.org","@graph":[{"@type":"Article","@id":"https:\/\/www.remonen.fi\/WP\/blogi\/jusseja-pidellyt\/#article","isPartOf":{"@id":"https:\/\/www.remonen.fi\/WP\/blogi\/jusseja-pidellyt\/"},"author":{"name":"Matti Remonen","@id":"https:\/\/www.remonen.fi\/WP\/#\/schema\/person\/1803c23d1d4f6722054eb2ac7f7a97cd"},"headline":"Jusseja pidellyt","datePublished":"2015-06-20T13:36:40+00:00","dateModified":"2016-05-02T07:25:53+00:00","mainEntityOfPage":{"@id":"https:\/\/www.remonen.fi\/WP\/blogi\/jusseja-pidellyt\/"},"wordCount":84,"commentCount":0,"publisher":{"@id":"https:\/\/www.remonen.fi\/WP\/#\/schema\/person\/1803c23d1d4f6722054eb2ac7f7a97cd"},"image":{"@id":"https:\/\/www.remonen.fi\/WP\/blogi\/jusseja-pidellyt\/#primaryimage"},"thumbnailUrl":"https:\/\/www.remonen.fi\/WP\/wp-content\/uploads\/2015\/06\/juhannnus_15-6.jpg","keywords":["Juhannus","Kaunissaari"],"articleSection":["Blog"],"inLanguage":"fi","potentialAction":[{"@type":"CommentAction","name":"Comment","target":["https:\/\/www.remonen.fi\/WP\/blogi\/jusseja-pidellyt\/#respond"]}]},{"@type":"WebPage","@id":"https:\/\/www.remonen.fi\/WP\/blogi\/jusseja-pidellyt\/","url":"https:\/\/www.remonen.fi\/WP\/blogi\/jusseja-pidellyt\/","name":"Jusseja pidellyt &#187; remonen.fi","isPartOf":{"@id":"https:\/\/www.remonen.fi\/WP\/#website"},"primaryImageOfPage":{"@id":"https:\/\/www.remonen.fi\/WP\/blogi\/jusseja-pidellyt\/#primaryimage"},"image":{"@id":"https:\/\/www.remonen.fi\/WP\/blogi\/jusseja-pidellyt\/#primaryimage"},"thumbnailUrl":"https:\/\/www.remonen.fi\/WP\/wp-content\/uploads\/2015\/06\/juhannnus_15-6.jpg","datePublished":"2015-06-20T13:36:40+00:00","dateModified":"2016-05-02T07:25:53+00:00","breadcrumb":{"@id":"https:\/\/www.remonen.fi\/WP\/blogi\/jusseja-pidellyt\/#breadcrumb"},"inLanguage":"fi","potentialAction":[{"@type":"ReadAction","target":["https:\/\/www.remonen.fi\/WP\/blogi\/jusseja-pidellyt\/"]}]},{"@type":"ImageObject","inLanguage":"fi","@id":"https:\/\/www.remonen.fi\/WP\/blogi\/jusseja-pidellyt\/#primaryimage","url":"https:\/\/www.remonen.fi\/WP\/wp-content\/uploads\/2015\/06\/juhannnus_15-6.jpg","contentUrl":"https:\/\/www.remonen.fi\/WP\/wp-content\/uploads\/2015\/06\/juhannnus_15-6.jpg","width":1024,"height":683},{"@type":"BreadcrumbList","@id":"https:\/\/www.remonen.fi\/WP\/blogi\/jusseja-pidellyt\/#breadcrumb","itemListElement":[{"@type":"ListItem","position":1,"name":"Etusivu","item":"https:\/\/www.remonen.fi\/WP\/"},{"@type":"ListItem","position":2,"name":"Jusseja pidellyt"}]},{"@type":"WebSite","@id":"https:\/\/www.remonen.fi\/WP\/#website","url":"https:\/\/www.remonen.fi\/WP\/","name":"remonen.fi","description":"Valokuvia ja tarinaa laidasta laitaan","publisher":{"@id":"https:\/\/www.remonen.fi\/WP\/#\/schema\/person\/1803c23d1d4f6722054eb2ac7f7a97cd"},"potentialAction":[{"@type":"SearchAction","target":{"@type":"EntryPoint","urlTemplate":"https:\/\/www.remonen.fi\/WP\/?s={search_term_string}"},"query-input":{"@type":"PropertyValueSpecification","valueRequired":true,"valueName":"search_term_string"}}],"inLanguage":"fi"},{"@type":["Person","Organization"],"@id":"https:\/\/www.remonen.fi\/WP\/#\/schema\/person\/1803c23d1d4f6722054eb2ac7f7a97cd","name":"Matti Remonen","logo":{"@id":"https:\/\/www.remonen.fi\/WP\/#\/schema\/person\/image\/"},"url":"https:\/\/www.remonen.fi\/WP\/blogi\/author\/mre\/"}]}},"_links":{"self":[{"href":"https:\/\/www.remonen.fi\/WP\/wp-json\/wp\/v2\/posts\/6307"}],"collection":[{"href":"https:\/\/www.remonen.fi\/WP\/wp-json\/wp\/v2\/posts"}],"about":[{"href":"https:\/\/www.remonen.fi\/WP\/wp-json\/wp\/v2\/types\/post"}],"author":[{"embeddable":true,"href":"https:\/\/www.remonen.fi\/WP\/wp-json\/wp\/v2\/users\/2"}],"replies":[{"embeddable":true,"href":"https:\/\/www.remonen.fi\/WP\/wp-json\/wp\/v2\/comments?post=6307"}],"version-history":[{"count":0,"href":"https:\/\/www.remonen.fi\/WP\/wp-json\/wp\/v2\/posts\/6307\/revisions"}],"wp:featuredmedia":[{"embeddable":true,"href":"https:\/\/www.remonen.fi\/WP\/wp-json\/wp\/v2\/media\/6314"}],"wp:attachment":[{"href":"https:\/\/www.remonen.fi\/WP\/wp-json\/wp\/v2\/media?parent=6307"}],"wp:term":[{"taxonomy":"category","embeddable":true,"href":"https:\/\/www.remonen.fi\/WP\/wp-json\/wp\/v2\/categories?post=6307"},{"taxonomy":"post_tag","embeddable":true,"href":"https:\/\/www.remonen.fi\/WP\/wp-json\/wp\/v2\/tags?post=6307"}],"curies":[{"name":"wp","href":"https:\/\/api.w.org\/{rel}","templated":true}]}}