{"id":6325,"date":"2015-06-30T21:22:15","date_gmt":"2015-06-30T18:22:15","guid":{"rendered":"http:\/\/www.remonen.fi\/?p=6325"},"modified":"2016-06-13T09:07:23","modified_gmt":"2016-06-13T06:07:23","slug":"eesti-mita-hittoa","status":"publish","type":"post","link":"https:\/\/www.remonen.fi\/WP\/blogi\/eesti-mita-hittoa\/","title":{"rendered":"Eesti, mit\u00e4 hittoa?"},"content":{"rendered":"<p>Kaikki tarinat alkavat jostain. T\u00e4m\u00e4 tarina alkoi kaksi vuotta sitten museovierailusta&#8230;<\/p>\n<p>Koko lailla kaksi vuotta sitten osallistuin Saarenmaalla j\u00e4rjestetylle, Lea K\u00f6min vet\u00e4m\u00e4lle &#8221;Hyv\u00e4n kuvan salaisuus&#8221;-valokuvakurssille. Sit\u00e4 ennen minun(kin) kokemukseni Virosta rajoittui Tallinnan kes\u00e4terasseihin. Tai no, olinhan ollut edellisen\u00e4 syksyn\u00e4 Virossa my\u00f6s katukuvauskurssilla, mutta sekin pidettiin Tallinnassa. Joka tapauksessa kaksi vuotta sitten suuntasin Saarenmaalle kera vaimon ja ajatuksena oli yhdist\u00e4\u00e4 valokuvauskurssi ja pieni kes\u00e4loman poikanen. Se onnistuikin varsin hyvin, vaikkei mit\u00e4\u00e4n hirveit\u00e4 rantakelej\u00e4 ollutkaan. Saarenmaalla ja sen p\u00e4\u00e4kaupungissa Kuressaaressa ollessamme k\u00e4vimme tutustumassa Saarenmaan museoon. Itseeni teki Viron pitk\u00e4 historia vaikutuksen, onhan Kuressaaren piispanlinnakin perustettu alunperin 1200-luvulla. Eli siin\u00e4 vaiheessa kun Suomessa viel\u00e4 asuttiin luolissa ja taottiin Sampoa, Viron puolella asuttiin linnoissa ja taottiin rahaa.<\/p>\n<p><a href=\"http:\/\/www.remonen.fi\/WP\/wp-content\/uploads\/2015\/06\/viro_2015_intro-1.jpg\"><img loading=\"lazy\" decoding=\"async\" class=\"aligncenter wp-image-6327\" title=\"Aperture: &#402;\/8 | Taken: 24 kes\u00e4kuun, 2014 | Copyright: (c) Matti Remonen | Exposure bias: +7\/10EV | Flash fired: no | Focal length: 24mm | ISO: 100 | Shutter speed: 1\/100s | \" src=\"http:\/\/www.remonen.fi\/WP\/wp-content\/uploads\/2015\/06\/viro_2015_intro-1.jpg\" alt=\"Kuressaare Bishop Castle\" width=\"680\" height=\"440\" srcset=\"https:\/\/www.remonen.fi\/WP\/wp-content\/uploads\/2015\/06\/viro_2015_intro-1.jpg 1024w, https:\/\/www.remonen.fi\/WP\/wp-content\/uploads\/2015\/06\/viro_2015_intro-1-300x194.jpg 300w, https:\/\/www.remonen.fi\/WP\/wp-content\/uploads\/2015\/06\/viro_2015_intro-1-680x440.jpg 680w, https:\/\/www.remonen.fi\/WP\/wp-content\/uploads\/2015\/06\/viro_2015_intro-1-440x284.jpg 440w, https:\/\/www.remonen.fi\/WP\/wp-content\/uploads\/2015\/06\/viro_2015_intro-1-960x621.jpg 960w\" sizes=\"(max-width: 680px) 100vw, 680px\" \/><\/a><\/p>\n<p>1200-luku tuntuu kuitenkin kovin kaukaiselta, joten itse\u00e4 vieh\u00e4tti enemmin l\u00e4hihistoria ja eritoten neuvostomiehityksen aika. Kyseinen aikakausi on museossa tuotu esiin tavalla, jota ei voi oikein luonnehtia viile\u00e4n akateemiseksi. Koko lailla tuli selv\u00e4ksi mit\u00e4 virolaiset, tai ainakin n\u00e4yttelyn rakentaja ajattelee miehitysajasta. Siin\u00e4 n\u00e4yttely\u00e4 kierrelless\u00e4ni kiinitin huomiota karttaan, jossa oli merkittyn\u00e4 Saarenmaan aikaiset kolhoosit ja sovhoosit jonain ajanhetken\u00e4. Kartassa oli my\u00f6s kuva yhden sovhoosin kulttuurikeskuksesta, joka j\u00e4i jostain syyst\u00e4 kaivelemaan mielen sopukoihin. Se pit\u00e4isi l\u00f6yt\u00e4\u00e4, jos se olisi viel\u00e4 pystyss\u00e4.<\/p>\n<p><div id=\"attachment_6330\" style=\"width: 690px\" class=\"wp-caption aligncenter\"><a href=\"http:\/\/www.remonen.fi\/WP\/wp-content\/uploads\/2015\/06\/viro_2015_intro-2.jpg\"><img loading=\"lazy\" decoding=\"async\" aria-describedby=\"caption-attachment-6330\" class=\"wp-image-6330\" title=\"Aperture: &#402;\/1.8 | Taken: 25 kes\u00e4kuun, 2015 | Copyright: (c) Matti Remonen | Exposure bias: -7\/10EV | Flash fired: no | Focal length: 24mm | ISO: 100 | Shutter speed: 1\/20s | \" src=\"http:\/\/www.remonen.fi\/WP\/wp-content\/uploads\/2015\/06\/viro_2015_intro-2.jpg\" alt=\"\" width=\"680\" height=\"454\" srcset=\"https:\/\/www.remonen.fi\/WP\/wp-content\/uploads\/2015\/06\/viro_2015_intro-2.jpg 1024w, https:\/\/www.remonen.fi\/WP\/wp-content\/uploads\/2015\/06\/viro_2015_intro-2-300x200.jpg 300w, https:\/\/www.remonen.fi\/WP\/wp-content\/uploads\/2015\/06\/viro_2015_intro-2-680x454.jpg 680w, https:\/\/www.remonen.fi\/WP\/wp-content\/uploads\/2015\/06\/viro_2015_intro-2-440x293.jpg 440w, https:\/\/www.remonen.fi\/WP\/wp-content\/uploads\/2015\/06\/viro_2015_intro-2-960x640.jpg 960w\" sizes=\"(max-width: 680px) 100vw, 680px\" \/><\/a><p id=\"caption-attachment-6330\" class=\"wp-caption-text\">L\u00fcmanda sovhoos kontor-klubi vuonna 1984 (ylh\u00e4\u00e4ll\u00e4 keskell\u00e4)<\/p><\/div>Seuraavan talven aikana mieless\u00e4ni alkoi kypsym\u00e4\u00e4n ajatus, ett\u00e4 l\u00e4hden Saarenmaalle tutkimaan vanhoja neuvosto-ajan rakennuksia. En kyll\u00e4 ollut ihan varma, ett\u00e4 mit\u00e4 siell\u00e4 pit\u00e4isi olla, mutta se sovhoosi nyt kuitenkin olisi l\u00f6ydett\u00e4v\u00e4.<\/p>\n<p>Kes\u00e4ll\u00e4 2014 sitten Juhannuksen j\u00e4lkeen pakkasin itseni ja kamerat autoon ja suuntasin auton nokan kohden Saarenmaata. Olin suunnitellut kohteita etuk\u00e4teen k\u00e4ytt\u00e4en hyv\u00e4kseni netist\u00e4 l\u00f6ytyvi\u00e4 kuvia ja tietoja, eik\u00e4 siit\u00e4 reissusta sen enemp\u00e4\u00e4, siit\u00e4 <a href=\"http:\/\/www.remonen.fi\/photoblog\/south-southwest\/\">kirjoitin jo vuosi sitten<\/a>. Netist\u00e4 l\u00f6ytyi helposti tietoa esimerkiksi neuvosto-miehityksen aikaisista sotilaskohteista ja tietysti valokuvia historiallisista kirkoista. Sovhooseista ei tosin ollut mit\u00e4\u00e4n havaintoa vaikka olin saanut Kuressaaren museosta kartankin Saarenmaan kolhooseista ja sovhooseista. Kolhoosien ja sovhoosien vanhoja talousrakennuksia, kuten navettoja ja sikaloita saari on pullollaan, mutta varsinaisesti mit\u00e4\u00e4n hallintorakennuksia muistuttavaa ei kohdalle sattunut, joten sovhoosin kulttuurikeskuskin j\u00e4i l\u00f6ytym\u00e4tt\u00e4.<\/p>\n<p>Sen verran j\u00e4i kuitenkin reissusta hampaankoloon, ett\u00e4 p\u00e4\u00e4tin menn\u00e4 t\u00e4n\u00e4 vuonna uudelleen Saarenmaalle. Pidensin reissua muutamalla y\u00f6ll\u00e4 ja otin ohjelmaan my\u00f6s naapurisaari Hiidenmaan. En jaksanut tehd\u00e4 niin perinpohjaista suunnitelmaa kuin viime vuonna, vaan bongasin muutamat kriittiset kohteet ja loput vedett\u00e4isiin sitten fiiliksen mukaan. Reitti suuntautuisi Tallinna-Haapsalu-Hiiumaa-Saarenmaa-Tallinna, y\u00f6pymiset Hiiumaalla ja Saarenmaalla.<\/p>\n<h3>Ent\u00e4s se sovhoosi?<\/h3>\n<p>Sen verran olin edellisvuoden virheest\u00e4 ottanut opikseni, ett\u00e4 aikanaan Kuressaareen saavuttuani k\u00e4vin ensi t\u00f6ikseni museossa tarkistamassa, ett\u00e4 mik\u00e4 se kuva oikein oli, mit\u00e4 olin aiemmin ihmetellyt. Nyt sitten painoin mieleeni sovhoosin sijainnin ja sielt\u00e4h\u00e4n se rakennuskin sitten l\u00f6ytyi. Mission accomplished.<\/p>\n<p><div id=\"attachment_6329\" style=\"width: 690px\" class=\"wp-caption aligncenter\"><a href=\"http:\/\/www.remonen.fi\/WP\/wp-content\/uploads\/2015\/06\/viro_2015_intro-3.jpg\"><img loading=\"lazy\" decoding=\"async\" aria-describedby=\"caption-attachment-6329\" class=\"wp-image-6329\" title=\"Aperture: &#402;\/7.1 | Credit: Matti Remonen | Camera: CORPORATION | Taken: 26 kes\u00e4kuun, 2015 | Copyright: (c) Matti Remonen | Flash fired: no | Focal length: 27mm | ISO: 64 | Shutter speed: 1\/500s | \" src=\"http:\/\/www.remonen.fi\/WP\/wp-content\/uploads\/2015\/06\/viro_2015_intro-3.jpg\" alt=\"L\u00fcmanda sovhoos kontor\" width=\"680\" height=\"454\" srcset=\"https:\/\/www.remonen.fi\/WP\/wp-content\/uploads\/2015\/06\/viro_2015_intro-3.jpg 1024w, https:\/\/www.remonen.fi\/WP\/wp-content\/uploads\/2015\/06\/viro_2015_intro-3-300x200.jpg 300w, https:\/\/www.remonen.fi\/WP\/wp-content\/uploads\/2015\/06\/viro_2015_intro-3-680x454.jpg 680w, https:\/\/www.remonen.fi\/WP\/wp-content\/uploads\/2015\/06\/viro_2015_intro-3-440x293.jpg 440w, https:\/\/www.remonen.fi\/WP\/wp-content\/uploads\/2015\/06\/viro_2015_intro-3-960x640.jpg 960w\" sizes=\"(max-width: 680px) 100vw, 680px\" \/><\/a><p id=\"caption-attachment-6329\" class=\"wp-caption-text\">L\u00fcmanda ex-sovhoos kontor-klubi vuonna 2015<\/p><\/div>My\u00f6hemmin sitten ikuistin toisenkin sovhoosin konttorirakennuksen (kartalla nro. 14). N\u00e4k\u00f6j\u00e4\u00e4n sovhooseilla, jotka siis olivat valtion omistamia yhteistuotantotiloja, oli enemm\u00e4n rahaa ja halua pullistella rakennuksilla. Ehk\u00e4 kolhooseissa, jotka sen sijaan olivat viljelij\u00f6iden yhteisomistuksessa, rahat pantiin maanviljelyyn. Tai maksettiin veroina Moskovaan&#8230;<\/p>\n<p><a href=\"http:\/\/www.remonen.fi\/WP\/wp-content\/uploads\/2015\/06\/viro_2015_intro-4.jpg\"><img loading=\"lazy\" decoding=\"async\" class=\"aligncenter wp-image-6328\" title=\"Aperture: &#402;\/7.1 | Credit: Matti Remonen | Camera: CORPORATION | Taken: 28 kes\u00e4kuun, 2015 | Copyright: (c) Matti Remonen | Flash fired: no | Focal length: 48mm | ISO: 64 | Shutter speed: 1\/250s | \" src=\"http:\/\/www.remonen.fi\/WP\/wp-content\/uploads\/2015\/06\/viro_2015_intro-4.jpg\" alt=\"\" width=\"680\" height=\"454\" srcset=\"https:\/\/www.remonen.fi\/WP\/wp-content\/uploads\/2015\/06\/viro_2015_intro-4.jpg 1024w, https:\/\/www.remonen.fi\/WP\/wp-content\/uploads\/2015\/06\/viro_2015_intro-4-300x200.jpg 300w, https:\/\/www.remonen.fi\/WP\/wp-content\/uploads\/2015\/06\/viro_2015_intro-4-680x454.jpg 680w, https:\/\/www.remonen.fi\/WP\/wp-content\/uploads\/2015\/06\/viro_2015_intro-4-440x293.jpg 440w, https:\/\/www.remonen.fi\/WP\/wp-content\/uploads\/2015\/06\/viro_2015_intro-4-960x640.jpg 960w\" sizes=\"(max-width: 680px) 100vw, 680px\" \/><\/a><\/p>\n<p>Mutta matkan alun ja n\u00e4iden hetkien v\u00e4lill\u00e4 ehti tapahtua paljon&#8230;<\/p>\n<h3>Haapsalu, oletan<\/h3>\n<p>Ennen kuin sovhooseita p\u00e4\u00e4st\u00e4\u00e4n tutkimaan, pit\u00e4\u00e4 matka aloittaa. Ja t\u00e4m\u00e4 oikeastaan alkoi vasta Haapsalusta. Eli kun olin p\u00e4\u00e4tt\u00e4nyt, ett\u00e4 retki kohdistuisi my\u00f6s Hiidenmaahan (itse pid\u00e4n enemm\u00e4n vironkielisest\u00e4 nimest\u00e4 Hiiumaa), niin sinne p\u00e4\u00e4sisi parhaiten Haapsalun kautta. Jossain vaiheessa minulla oli ajatuksena k\u00e4yd\u00e4 my\u00f6s Paldiskissa, joka niinik\u00e4\u00e4n oli neuvosto-Viron aikaan suljettu alue, mutta siell\u00e4 ei kuitenkaan n\u00e4ytt\u00e4nyt olevan mit\u00e4\u00e4n kiinnostavaa. Ydinvoimalakin on niin tiukasti vartioitu, ettei sinne p\u00e4\u00e4se seikkailemaan.<\/p>\n<p>Mutta siis Haapsaluun. Karttaa tutkimalla olin selvitt\u00e4nyt, ett\u00e4 kaupungissa on ainakin yhdet vanhat kartanonrauniot sek\u00e4 hyl\u00e4tty lentokentt\u00e4. Molemmat olisivat matkalla satamaan, jossa ensin k\u00e4vin tarkistamassa lautta-aikataulut. Minulla n\u00e4yttikin olevan runsaasti aikaa, joten k\u00e4\u00e4nsin nokan takaisin kohti kaupunkia ja kuvauskohteita.<\/p>\n<p>Ensin kohdalle sattuivat kartanon rauniot. <a href=\"http:\/\/www.visitestonia.com\/en\/ungru-manor\" target=\"_blank\">Kartano<\/a> on ollut aikanaan varsin vaikuttavan n\u00e4k\u00f6inen, mutta se tuhoutui osittain jo toisessa maailmansodassa. Lopullisen tuhon varmistivat nuo aina niin k\u00e4yt\u00e4nn\u00f6lliset neuvostoliittolaiset, jotka k\u00e4yttiv\u00e4t kolmanneksen kartanon rakennelmista l\u00e4heisen sotilaslentokent\u00e4n kiitotien parannuksiin. Ja sitten ihmetell\u00e4\u00e4n, miksi virolaiset eiv\u00e4t oikein jaksa arvostaa ven\u00e4l\u00e4isi\u00e4&#8230;<\/p>\n<p>Enivei, nykyiset omistajat ovat p\u00e4\u00e4tt\u00e4neet j\u00e4tt\u00e4\u00e4 rauniot nykytilaan kaikkien ihailtavaksi. Aikanaan kartano on varmasti ollut komea n\u00e4ky.<\/p>\n<p><a href=\"http:\/\/www.remonen.fi\/WP\/wp-content\/uploads\/2015\/06\/viro_2015_haapsalu-2.jpg\"><img loading=\"lazy\" decoding=\"async\" class=\"aligncenter wp-image-6339\" title=\"Aperture: &#402;\/6.3 | Taken: 22 kes\u00e4kuun, 2015 | Copyright: (c) Matti Remonen | Exposure bias: +2EV | Flash fired: no | Focal length: 18mm | ISO: 100 | Shutter speed: 1\/200s | \" src=\"http:\/\/www.remonen.fi\/WP\/wp-content\/uploads\/2015\/06\/viro_2015_haapsalu-2.jpg\" alt=\"Ungru manor\" width=\"680\" height=\"452\" srcset=\"https:\/\/www.remonen.fi\/WP\/wp-content\/uploads\/2015\/06\/viro_2015_haapsalu-2.jpg 1024w, https:\/\/www.remonen.fi\/WP\/wp-content\/uploads\/2015\/06\/viro_2015_haapsalu-2-300x199.jpg 300w, https:\/\/www.remonen.fi\/WP\/wp-content\/uploads\/2015\/06\/viro_2015_haapsalu-2-680x452.jpg 680w, https:\/\/www.remonen.fi\/WP\/wp-content\/uploads\/2015\/06\/viro_2015_haapsalu-2-440x292.jpg 440w, https:\/\/www.remonen.fi\/WP\/wp-content\/uploads\/2015\/06\/viro_2015_haapsalu-2-960x638.jpg 960w\" sizes=\"(max-width: 680px) 100vw, 680px\" \/><\/a><\/p>\n<p>Ja sitten se lentokentt\u00e4&#8230; kartanon ja satamaan viev\u00e4n tien vieress\u00e4 on varsin <a href=\"https:\/\/en.wikipedia.org\/wiki\/Haapsalu_Airfield\" target=\"_blank\">hyv\u00e4kuntoinen hyl\u00e4tty lentokentt\u00e4<\/a>. Kent\u00e4lt\u00e4 l\u00f6ytyy n.kaksi ja puoli kilometri\u00e4 eritt\u00e4in hyv\u00e4kuntoista kiitotiet\u00e4, eik\u00e4 sinne p\u00e4\u00e4sy\u00e4 my\u00f6s ole mitenk\u00e4\u00e4n estetty. No, minunhan piti kokeill\u00e4, miten M\u00f6hk\u00f6 kulkee&#8230; hyvin kulkee, kiitos kysym\u00e4st\u00e4. Poisl\u00e4htiess\u00e4 ulosajorampin kohdalla oli poliisit mittaamassa tutkalla maantiell\u00e4 ajavien nopeuksia. Poliisia ei minun lentokentt\u00e4vierailu kiinnostanut p\u00e4tk\u00e4\u00e4k\u00e4\u00e4n&#8230; et sillee viros&#8230; Ja varmasti kuulivat, kun M\u00f6hk\u00f6 ulvoi tuskaansa kiitotiell\u00e4. Suomessa olisi ollut minimiss\u00e4\u00e4n vakavan puhuttelun paikka. Voin suositella vierailua kent\u00e4ll\u00e4, jos haluaa kokeilla mihin auto kykenee. Omalla vastuulla tosin.<\/p>\n<p><div id=\"attachment_6340\" style=\"width: 690px\" class=\"wp-caption aligncenter\"><a href=\"http:\/\/www.remonen.fi\/WP\/wp-content\/uploads\/2015\/06\/viro_2015_haapsalu-1.jpg\"><img loading=\"lazy\" decoding=\"async\" aria-describedby=\"caption-attachment-6340\" class=\"wp-image-6340\" title=\"Aperture: &#402;\/5 | Credit: Matti Remonen | Camera: CORPORATION | Taken: 22 kes\u00e4kuun, 2015 | Copyright: (c) Matti Remonen | Flash fired: no | Focal length: 24mm | ISO: 64 | Shutter speed: 1\/640s | \" src=\"http:\/\/www.remonen.fi\/WP\/wp-content\/uploads\/2015\/06\/viro_2015_haapsalu-1.jpg\" alt=\"Kiltsi Airfield\" width=\"680\" height=\"454\" srcset=\"https:\/\/www.remonen.fi\/WP\/wp-content\/uploads\/2015\/06\/viro_2015_haapsalu-1.jpg 1024w, https:\/\/www.remonen.fi\/WP\/wp-content\/uploads\/2015\/06\/viro_2015_haapsalu-1-300x200.jpg 300w, https:\/\/www.remonen.fi\/WP\/wp-content\/uploads\/2015\/06\/viro_2015_haapsalu-1-680x454.jpg 680w, https:\/\/www.remonen.fi\/WP\/wp-content\/uploads\/2015\/06\/viro_2015_haapsalu-1-440x293.jpg 440w, https:\/\/www.remonen.fi\/WP\/wp-content\/uploads\/2015\/06\/viro_2015_haapsalu-1-960x640.jpg 960w\" sizes=\"(max-width: 680px) 100vw, 680px\" \/><\/a><p id=\"caption-attachment-6340\" class=\"wp-caption-text\">MiG-5 a.k.a. &#8221;M\u00f6hk\u00f6&#8221;<\/p><\/div>Kent\u00e4lt\u00e4 sitten ajelin takaisin Haapsalun keskustaan, kun lautan l\u00e4ht\u00f6\u00f6n oli viel\u00e4 aikaa. Etsin paikallisen teleoperaattorin myym\u00e4l\u00e4n ja k\u00e4vin hankkimassa prepaid-datakortin tablettiin, jotta saisin Google Maps-sovelluksen toimimaan kunnolla my\u00f6s Virossa. Olin hankkinut kyll\u00e4 Suomesta Soneran prepaid-kortin, jonka olisi pit\u00e4nyt toimia my\u00f6s Virossa, mutta niinh\u00e4n mun olis pit\u00e4nyt voittaa lotossakin. Ett\u00e4 terveisi\u00e4 vaan saneralle: ei toimi kortti ei. Tosin sitten t\u00e4m\u00e4 Virosta ostettu Soneran (EMT:n) kortti toimi kyll\u00e4.<\/p>\n<p>Haapsalun keskustassa on my\u00f6s vanhan aseman yhteydess\u00e4 rautatiemuseo, joka on k\u00e4yt\u00e4nn\u00f6ss\u00e4 vanha ratapiha, johon veturit ovat unohtuneet. Sis\u00e4\u00e4np\u00e4\u00e4symaksua ei ole, kun ei ole mit\u00e4\u00e4n sis\u00e4\u00e4k\u00e4\u00e4n, johon p\u00e4\u00e4st\u00e4. Asemalla on kyll\u00e4 pisin asemalaituri, jonka olen v\u00e4h\u00e4\u00e4n aikaan n\u00e4hnyt. Mihin ihmeeseen noin jumalatonta laituria on oikein tarvittu?<\/p>\n<p><a href=\"http:\/\/www.remonen.fi\/WP\/wp-content\/uploads\/2015\/06\/viro_2015_haapsalu-1-2.jpg\"><img loading=\"lazy\" decoding=\"async\" class=\"aligncenter wp-image-6347\" title=\"Aperture: &#402;\/5.6 | Credit: Matti Remonen | Camera: CORPORATION | Taken: 22 kes\u00e4kuun, 2015 | Copyright: (c) Matti Remonen | Flash fired: no | Focal length: 24mm | ISO: 64 | Shutter speed: 1\/60s | \" src=\"http:\/\/www.remonen.fi\/WP\/wp-content\/uploads\/2015\/06\/viro_2015_haapsalu-1-2.jpg\" alt=\"Haapsalu Railway Museum\" width=\"454\" height=\"680\" srcset=\"https:\/\/www.remonen.fi\/WP\/wp-content\/uploads\/2015\/06\/viro_2015_haapsalu-1-2.jpg 683w, https:\/\/www.remonen.fi\/WP\/wp-content\/uploads\/2015\/06\/viro_2015_haapsalu-1-2-200x300.jpg 200w, https:\/\/www.remonen.fi\/WP\/wp-content\/uploads\/2015\/06\/viro_2015_haapsalu-1-2-454x680.jpg 454w, https:\/\/www.remonen.fi\/WP\/wp-content\/uploads\/2015\/06\/viro_2015_haapsalu-1-2-440x660.jpg 440w, https:\/\/www.remonen.fi\/WP\/wp-content\/uploads\/2015\/06\/viro_2015_haapsalu-1-2-300x450.jpg 300w\" sizes=\"(max-width: 454px) 100vw, 454px\" \/><\/a><\/p>\n<p>N\u00e4ytill\u00e4 olevat veturit olivat kyll\u00e4 varsin kuvauksellisia: vanhoja neuvostoliiton aikaisia pelej\u00e4. Ajalta kun veturit olivat rautaa ja kommunistit punaisia.<\/p>\n<p><code>[envira-gallery id=\"7567\"]<\/code><\/p>\n<p><em>(BTW. blogia on p\u00e4ivitetty Lightbox-ominaisuudella, eli kuvan klikkaaminen avaa sen Lightboxiin ja koko blogauksen kuvia voi selata ilman, ett\u00e4 pit\u00e4\u00e4 lukea jorinoita. My\u00f6s yll\u00e4olevat galleriat avautuvat erilliseen Lightboxiin.)<\/em><\/p>\n<p>&nbsp;<\/p>\n","protected":false},"excerpt":{"rendered":"<p>Kaikki tarinat alkavat jostain. T\u00e4m\u00e4 tarina alkoi kaksi vuotta sitten museovierailusta&#8230; Koko lailla kaksi vuotta sitten osallistuin Saarenmaalla j\u00e4rjestetylle, Lea K\u00f6min vet\u00e4m\u00e4lle &#8221;Hyv\u00e4n kuvan salaisuus&#8221;-valokuvakurssille. Sit\u00e4 ennen minun(kin) kokemukseni Virosta rajoittui Tallinnan kes\u00e4terasseihin. Tai no, olinhan ollut edellisen\u00e4 syksyn\u00e4 Virossa my\u00f6s katukuvauskurssilla, mutta sekin pidettiin Tallinnassa. Joka tapauksessa kaksi vuotta sitten suuntasin Saarenmaalle kera vaimon [&hellip;]<\/p>\n","protected":false},"author":2,"featured_media":6330,"comment_status":"open","ping_status":"closed","sticky":false,"template":"","format":"standard","meta":{"footnotes":""},"categories":[16],"tags":[234,145,147],"yoast_head":"<!-- This site is optimized with the Yoast SEO plugin v24.5 - https:\/\/yoast.com\/wordpress\/plugins\/seo\/ -->\n<title>Eesti, mit\u00e4 hittoa? &#187; remonen.fi<\/title>\n<meta name=\"description\" content=\"Kaikki tarinat alkavat jostain. T\u00e4m\u00e4 tarina alkoi kaksi vuotta sitten museovierailusta... Taas koitti jussin j\u00e4lkeen loma ja perinteinen Vironreissu...\" \/>\n<meta name=\"robots\" content=\"index, follow, max-snippet:-1, max-image-preview:large, max-video-preview:-1\" \/>\n<link rel=\"canonical\" href=\"https:\/\/www.remonen.fi\/WP\/blogi\/eesti-mita-hittoa\/\" \/>\n<meta property=\"og:locale\" content=\"fi_FI\" \/>\n<meta property=\"og:type\" content=\"article\" \/>\n<meta property=\"og:title\" content=\"Eesti, mit\u00e4 hittoa? &#187; remonen.fi\" \/>\n<meta property=\"og:description\" content=\"Kaikki tarinat alkavat jostain. T\u00e4m\u00e4 tarina alkoi kaksi vuotta sitten museovierailusta... Taas koitti jussin j\u00e4lkeen loma ja perinteinen Vironreissu...\" \/>\n<meta property=\"og:url\" content=\"https:\/\/www.remonen.fi\/WP\/blogi\/eesti-mita-hittoa\/\" \/>\n<meta property=\"og:site_name\" content=\"remonen.fi\" \/>\n<meta property=\"article:published_time\" content=\"2015-06-30T18:22:15+00:00\" \/>\n<meta property=\"article:modified_time\" content=\"2016-06-13T06:07:23+00:00\" \/>\n<meta property=\"og:image\" content=\"https:\/\/www.remonen.fi\/WP\/wp-content\/uploads\/2015\/06\/viro_2015_intro-2.jpg\" \/>\n\t<meta property=\"og:image:width\" content=\"1024\" \/>\n\t<meta property=\"og:image:height\" content=\"683\" \/>\n\t<meta property=\"og:image:type\" content=\"image\/jpeg\" \/>\n<meta name=\"author\" content=\"Matti Remonen\" \/>\n<meta name=\"twitter:label1\" content=\"Kirjoittanut\" \/>\n\t<meta name=\"twitter:data1\" content=\"Matti Remonen\" \/>\n\t<meta name=\"twitter:label2\" content=\"Arvioitu lukuaika\" \/>\n\t<meta name=\"twitter:data2\" content=\"5 minuuttia\" \/>\n<script type=\"application\/ld+json\" class=\"yoast-schema-graph\">{\"@context\":\"https:\/\/schema.org\",\"@graph\":[{\"@type\":\"Article\",\"@id\":\"https:\/\/www.remonen.fi\/WP\/blogi\/eesti-mita-hittoa\/#article\",\"isPartOf\":{\"@id\":\"https:\/\/www.remonen.fi\/WP\/blogi\/eesti-mita-hittoa\/\"},\"author\":{\"name\":\"Matti Remonen\",\"@id\":\"https:\/\/www.remonen.fi\/WP\/#\/schema\/person\/1803c23d1d4f6722054eb2ac7f7a97cd\"},\"headline\":\"Eesti, mit\u00e4 hittoa?\",\"datePublished\":\"2015-06-30T18:22:15+00:00\",\"dateModified\":\"2016-06-13T06:07:23+00:00\",\"mainEntityOfPage\":{\"@id\":\"https:\/\/www.remonen.fi\/WP\/blogi\/eesti-mita-hittoa\/\"},\"wordCount\":1069,\"commentCount\":2,\"publisher\":{\"@id\":\"https:\/\/www.remonen.fi\/WP\/#\/schema\/person\/1803c23d1d4f6722054eb2ac7f7a97cd\"},\"image\":{\"@id\":\"https:\/\/www.remonen.fi\/WP\/blogi\/eesti-mita-hittoa\/#primaryimage\"},\"thumbnailUrl\":\"https:\/\/www.remonen.fi\/WP\/wp-content\/uploads\/2015\/06\/viro_2015_intro-2.jpg\",\"keywords\":[\"Haapsalu\",\"Kuressaari\",\"Viro\"],\"articleSection\":[\"Blog\"],\"inLanguage\":\"fi\",\"potentialAction\":[{\"@type\":\"CommentAction\",\"name\":\"Comment\",\"target\":[\"https:\/\/www.remonen.fi\/WP\/blogi\/eesti-mita-hittoa\/#respond\"]}]},{\"@type\":\"WebPage\",\"@id\":\"https:\/\/www.remonen.fi\/WP\/blogi\/eesti-mita-hittoa\/\",\"url\":\"https:\/\/www.remonen.fi\/WP\/blogi\/eesti-mita-hittoa\/\",\"name\":\"Eesti, mit\u00e4 hittoa? &#187; remonen.fi\",\"isPartOf\":{\"@id\":\"https:\/\/www.remonen.fi\/WP\/#website\"},\"primaryImageOfPage\":{\"@id\":\"https:\/\/www.remonen.fi\/WP\/blogi\/eesti-mita-hittoa\/#primaryimage\"},\"image\":{\"@id\":\"https:\/\/www.remonen.fi\/WP\/blogi\/eesti-mita-hittoa\/#primaryimage\"},\"thumbnailUrl\":\"https:\/\/www.remonen.fi\/WP\/wp-content\/uploads\/2015\/06\/viro_2015_intro-2.jpg\",\"datePublished\":\"2015-06-30T18:22:15+00:00\",\"dateModified\":\"2016-06-13T06:07:23+00:00\",\"description\":\"Kaikki tarinat alkavat jostain. T\u00e4m\u00e4 tarina alkoi kaksi vuotta sitten museovierailusta... Taas koitti jussin j\u00e4lkeen loma ja perinteinen Vironreissu...\",\"breadcrumb\":{\"@id\":\"https:\/\/www.remonen.fi\/WP\/blogi\/eesti-mita-hittoa\/#breadcrumb\"},\"inLanguage\":\"fi\",\"potentialAction\":[{\"@type\":\"ReadAction\",\"target\":[\"https:\/\/www.remonen.fi\/WP\/blogi\/eesti-mita-hittoa\/\"]}]},{\"@type\":\"ImageObject\",\"inLanguage\":\"fi\",\"@id\":\"https:\/\/www.remonen.fi\/WP\/blogi\/eesti-mita-hittoa\/#primaryimage\",\"url\":\"https:\/\/www.remonen.fi\/WP\/wp-content\/uploads\/2015\/06\/viro_2015_intro-2.jpg\",\"contentUrl\":\"https:\/\/www.remonen.fi\/WP\/wp-content\/uploads\/2015\/06\/viro_2015_intro-2.jpg\",\"width\":1024,\"height\":683,\"caption\":\"[exif id=\\\"6330\\\"]\"},{\"@type\":\"BreadcrumbList\",\"@id\":\"https:\/\/www.remonen.fi\/WP\/blogi\/eesti-mita-hittoa\/#breadcrumb\",\"itemListElement\":[{\"@type\":\"ListItem\",\"position\":1,\"name\":\"Etusivu\",\"item\":\"https:\/\/www.remonen.fi\/WP\/\"},{\"@type\":\"ListItem\",\"position\":2,\"name\":\"Eesti, mit\u00e4 hittoa?\"}]},{\"@type\":\"WebSite\",\"@id\":\"https:\/\/www.remonen.fi\/WP\/#website\",\"url\":\"https:\/\/www.remonen.fi\/WP\/\",\"name\":\"remonen.fi\",\"description\":\"Valokuvia ja tarinaa laidasta laitaan\",\"publisher\":{\"@id\":\"https:\/\/www.remonen.fi\/WP\/#\/schema\/person\/1803c23d1d4f6722054eb2ac7f7a97cd\"},\"potentialAction\":[{\"@type\":\"SearchAction\",\"target\":{\"@type\":\"EntryPoint\",\"urlTemplate\":\"https:\/\/www.remonen.fi\/WP\/?s={search_term_string}\"},\"query-input\":{\"@type\":\"PropertyValueSpecification\",\"valueRequired\":true,\"valueName\":\"search_term_string\"}}],\"inLanguage\":\"fi\"},{\"@type\":[\"Person\",\"Organization\"],\"@id\":\"https:\/\/www.remonen.fi\/WP\/#\/schema\/person\/1803c23d1d4f6722054eb2ac7f7a97cd\",\"name\":\"Matti Remonen\",\"logo\":{\"@id\":\"https:\/\/www.remonen.fi\/WP\/#\/schema\/person\/image\/\"},\"url\":\"https:\/\/www.remonen.fi\/WP\/blogi\/author\/mre\/\"}]}<\/script>\n<!-- \/ Yoast SEO plugin. -->","yoast_head_json":{"title":"Eesti, mit\u00e4 hittoa? &#187; remonen.fi","description":"Kaikki tarinat alkavat jostain. T\u00e4m\u00e4 tarina alkoi kaksi vuotta sitten museovierailusta... Taas koitti jussin j\u00e4lkeen loma ja perinteinen Vironreissu...","robots":{"index":"index","follow":"follow","max-snippet":"max-snippet:-1","max-image-preview":"max-image-preview:large","max-video-preview":"max-video-preview:-1"},"canonical":"https:\/\/www.remonen.fi\/WP\/blogi\/eesti-mita-hittoa\/","og_locale":"fi_FI","og_type":"article","og_title":"Eesti, mit\u00e4 hittoa? &#187; remonen.fi","og_description":"Kaikki tarinat alkavat jostain. T\u00e4m\u00e4 tarina alkoi kaksi vuotta sitten museovierailusta... Taas koitti jussin j\u00e4lkeen loma ja perinteinen Vironreissu...","og_url":"https:\/\/www.remonen.fi\/WP\/blogi\/eesti-mita-hittoa\/","og_site_name":"remonen.fi","article_published_time":"2015-06-30T18:22:15+00:00","article_modified_time":"2016-06-13T06:07:23+00:00","og_image":[{"width":1024,"height":683,"url":"https:\/\/www.remonen.fi\/WP\/wp-content\/uploads\/2015\/06\/viro_2015_intro-2.jpg","type":"image\/jpeg"}],"author":"Matti Remonen","twitter_misc":{"Kirjoittanut":"Matti Remonen","Arvioitu lukuaika":"5 minuuttia"},"schema":{"@context":"https:\/\/schema.org","@graph":[{"@type":"Article","@id":"https:\/\/www.remonen.fi\/WP\/blogi\/eesti-mita-hittoa\/#article","isPartOf":{"@id":"https:\/\/www.remonen.fi\/WP\/blogi\/eesti-mita-hittoa\/"},"author":{"name":"Matti Remonen","@id":"https:\/\/www.remonen.fi\/WP\/#\/schema\/person\/1803c23d1d4f6722054eb2ac7f7a97cd"},"headline":"Eesti, mit\u00e4 hittoa?","datePublished":"2015-06-30T18:22:15+00:00","dateModified":"2016-06-13T06:07:23+00:00","mainEntityOfPage":{"@id":"https:\/\/www.remonen.fi\/WP\/blogi\/eesti-mita-hittoa\/"},"wordCount":1069,"commentCount":2,"publisher":{"@id":"https:\/\/www.remonen.fi\/WP\/#\/schema\/person\/1803c23d1d4f6722054eb2ac7f7a97cd"},"image":{"@id":"https:\/\/www.remonen.fi\/WP\/blogi\/eesti-mita-hittoa\/#primaryimage"},"thumbnailUrl":"https:\/\/www.remonen.fi\/WP\/wp-content\/uploads\/2015\/06\/viro_2015_intro-2.jpg","keywords":["Haapsalu","Kuressaari","Viro"],"articleSection":["Blog"],"inLanguage":"fi","potentialAction":[{"@type":"CommentAction","name":"Comment","target":["https:\/\/www.remonen.fi\/WP\/blogi\/eesti-mita-hittoa\/#respond"]}]},{"@type":"WebPage","@id":"https:\/\/www.remonen.fi\/WP\/blogi\/eesti-mita-hittoa\/","url":"https:\/\/www.remonen.fi\/WP\/blogi\/eesti-mita-hittoa\/","name":"Eesti, mit\u00e4 hittoa? &#187; remonen.fi","isPartOf":{"@id":"https:\/\/www.remonen.fi\/WP\/#website"},"primaryImageOfPage":{"@id":"https:\/\/www.remonen.fi\/WP\/blogi\/eesti-mita-hittoa\/#primaryimage"},"image":{"@id":"https:\/\/www.remonen.fi\/WP\/blogi\/eesti-mita-hittoa\/#primaryimage"},"thumbnailUrl":"https:\/\/www.remonen.fi\/WP\/wp-content\/uploads\/2015\/06\/viro_2015_intro-2.jpg","datePublished":"2015-06-30T18:22:15+00:00","dateModified":"2016-06-13T06:07:23+00:00","description":"Kaikki tarinat alkavat jostain. T\u00e4m\u00e4 tarina alkoi kaksi vuotta sitten museovierailusta... Taas koitti jussin j\u00e4lkeen loma ja perinteinen Vironreissu...","breadcrumb":{"@id":"https:\/\/www.remonen.fi\/WP\/blogi\/eesti-mita-hittoa\/#breadcrumb"},"inLanguage":"fi","potentialAction":[{"@type":"ReadAction","target":["https:\/\/www.remonen.fi\/WP\/blogi\/eesti-mita-hittoa\/"]}]},{"@type":"ImageObject","inLanguage":"fi","@id":"https:\/\/www.remonen.fi\/WP\/blogi\/eesti-mita-hittoa\/#primaryimage","url":"https:\/\/www.remonen.fi\/WP\/wp-content\/uploads\/2015\/06\/viro_2015_intro-2.jpg","contentUrl":"https:\/\/www.remonen.fi\/WP\/wp-content\/uploads\/2015\/06\/viro_2015_intro-2.jpg","width":1024,"height":683,"caption":"[exif id=\"6330\"]"},{"@type":"BreadcrumbList","@id":"https:\/\/www.remonen.fi\/WP\/blogi\/eesti-mita-hittoa\/#breadcrumb","itemListElement":[{"@type":"ListItem","position":1,"name":"Etusivu","item":"https:\/\/www.remonen.fi\/WP\/"},{"@type":"ListItem","position":2,"name":"Eesti, mit\u00e4 hittoa?"}]},{"@type":"WebSite","@id":"https:\/\/www.remonen.fi\/WP\/#website","url":"https:\/\/www.remonen.fi\/WP\/","name":"remonen.fi","description":"Valokuvia ja tarinaa laidasta laitaan","publisher":{"@id":"https:\/\/www.remonen.fi\/WP\/#\/schema\/person\/1803c23d1d4f6722054eb2ac7f7a97cd"},"potentialAction":[{"@type":"SearchAction","target":{"@type":"EntryPoint","urlTemplate":"https:\/\/www.remonen.fi\/WP\/?s={search_term_string}"},"query-input":{"@type":"PropertyValueSpecification","valueRequired":true,"valueName":"search_term_string"}}],"inLanguage":"fi"},{"@type":["Person","Organization"],"@id":"https:\/\/www.remonen.fi\/WP\/#\/schema\/person\/1803c23d1d4f6722054eb2ac7f7a97cd","name":"Matti Remonen","logo":{"@id":"https:\/\/www.remonen.fi\/WP\/#\/schema\/person\/image\/"},"url":"https:\/\/www.remonen.fi\/WP\/blogi\/author\/mre\/"}]}},"_links":{"self":[{"href":"https:\/\/www.remonen.fi\/WP\/wp-json\/wp\/v2\/posts\/6325"}],"collection":[{"href":"https:\/\/www.remonen.fi\/WP\/wp-json\/wp\/v2\/posts"}],"about":[{"href":"https:\/\/www.remonen.fi\/WP\/wp-json\/wp\/v2\/types\/post"}],"author":[{"embeddable":true,"href":"https:\/\/www.remonen.fi\/WP\/wp-json\/wp\/v2\/users\/2"}],"replies":[{"embeddable":true,"href":"https:\/\/www.remonen.fi\/WP\/wp-json\/wp\/v2\/comments?post=6325"}],"version-history":[{"count":0,"href":"https:\/\/www.remonen.fi\/WP\/wp-json\/wp\/v2\/posts\/6325\/revisions"}],"wp:featuredmedia":[{"embeddable":true,"href":"https:\/\/www.remonen.fi\/WP\/wp-json\/wp\/v2\/media\/6330"}],"wp:attachment":[{"href":"https:\/\/www.remonen.fi\/WP\/wp-json\/wp\/v2\/media?parent=6325"}],"wp:term":[{"taxonomy":"category","embeddable":true,"href":"https:\/\/www.remonen.fi\/WP\/wp-json\/wp\/v2\/categories?post=6325"},{"taxonomy":"post_tag","embeddable":true,"href":"https:\/\/www.remonen.fi\/WP\/wp-json\/wp\/v2\/tags?post=6325"}],"curies":[{"name":"wp","href":"https:\/\/api.w.org\/{rel}","templated":true}]}}