{"id":6349,"date":"2015-07-01T20:37:49","date_gmt":"2015-07-01T17:37:49","guid":{"rendered":"http:\/\/www.remonen.fi\/?p=6349"},"modified":"2015-10-01T19:13:59","modified_gmt":"2015-10-01T16:13:59","slug":"hiiuli-hei-huolta-nyt-ei","status":"publish","type":"post","link":"https:\/\/www.remonen.fi\/WP\/blogi\/hiiuli-hei-huolta-nyt-ei\/","title":{"rendered":"Hiiuli hei, huolta nyt ei"},"content":{"rendered":"<p>P\u00e4\u00e4sin sitten vihdoin Hiiumaan puolellekin, vaikka eih\u00e4n siin\u00e4 mit\u00e4\u00e4n ihmeellist\u00e4 ole. Virossa n\u00e4m\u00e4 saariyhteydet toimivat kuin kello: lautat l\u00e4htev\u00e4t aikataulun mukaan ja lauttalipun voi ostaa joko ennakkoon tai vasta satamasta. Ennakkolipulla tietysti paikka on varma, mutta viel\u00e4 n\u00e4in sesongin ulkopuolella ei varsinaista ruuhkaa ollut muutenkaan. Tosin sen verran pit\u00e4\u00e4 varoituksen sanaa sanoa, ett\u00e4 n\u00e4it\u00e4 aikoja liikkuessa (kes\u00e4kuun loppupuolella) on hyv\u00e4 tiedostaa, ett\u00e4 Virossa Juhannus vietet\u00e4\u00e4n kalenterin mukaan. Eli Juhannusp\u00e4iv\u00e4 on 24.6. viikonp\u00e4iv\u00e4st\u00e4 riippumatta. Silloin my\u00f6s kaupat ja ainakin osa ravintoloista on kiinni. Liikenne vilkastuu selv\u00e4sti Juhannusaattop\u00e4iv\u00e4n\u00e4, joten siihen ei noita ylityksi\u00e4 kannata j\u00e4rjest\u00e4\u00e4, jollei ole ihan pakko.<\/p>\n<p><a href=\"http:\/\/www.remonen.fi\/WP\/wp-content\/uploads\/2015\/07\/viro_2015_hiiumaa-1-2.jpg\"><img loading=\"lazy\" decoding=\"async\" class=\"aligncenter wp-image-6362\" title=\"Aperture: &#402;\/5.6 | Credit: Matti Remonen | Camera: CORPORATION | Taken: 23 kes\u00e4kuun, 2015 | Copyright: (c) Matti Remonen | Flash fired: no | Focal length: 70mm | ISO: 64 | Shutter speed: 1\/1000s | \" src=\"http:\/\/www.remonen.fi\/WP\/wp-content\/uploads\/2015\/07\/viro_2015_hiiumaa-1-2.jpg\" alt=\"Hiiumaa Heltermaan satama\" width=\"680\" height=\"454\" srcset=\"https:\/\/www.remonen.fi\/WP\/wp-content\/uploads\/2015\/07\/viro_2015_hiiumaa-1-2.jpg 1024w, https:\/\/www.remonen.fi\/WP\/wp-content\/uploads\/2015\/07\/viro_2015_hiiumaa-1-2-300x200.jpg 300w, https:\/\/www.remonen.fi\/WP\/wp-content\/uploads\/2015\/07\/viro_2015_hiiumaa-1-2-680x454.jpg 680w, https:\/\/www.remonen.fi\/WP\/wp-content\/uploads\/2015\/07\/viro_2015_hiiumaa-1-2-440x293.jpg 440w, https:\/\/www.remonen.fi\/WP\/wp-content\/uploads\/2015\/07\/viro_2015_hiiumaa-1-2-960x640.jpg 960w\" sizes=\"(max-width: 680px) 100vw, 680px\" \/><\/a><\/p>\n<p>Hiiumaalta minulla oli varattuna hotelli heti Heltermaalta, joka on samalla lauttasatama. Hotellista ei pahaa sanaa, mutta ei se nyt varsinaisesti mik\u00e4\u00e4n Ritz ollut. Ihan sama kuin majoittuisi Tallinkin terminaaliin Ruoholahdessa. Mutta hotellista l\u00f6ytyi suihku, s\u00e4nky ja hyv\u00e4 aamupala 22 EURolla per y\u00f6, joten eip\u00e4 valittamista. Saari itsess\u00e4\u00e4n on n. 40 km pitk\u00e4, joten autolla liikuttaessa se on koko lailla se ja sama miss\u00e4 kohden saarta majoittuu.<\/p>\n<p><a href=\"http:\/\/www.remonen.fi\/WP\/wp-content\/uploads\/2015\/07\/viro_2015_hiiumaa-1-3.jpg\"><img loading=\"lazy\" decoding=\"async\" class=\"aligncenter wp-image-6363\" title=\"Aperture: &#402;\/8 | Credit: Matti Remonen | Camera: CORPORATION | Taken: 23 kes\u00e4kuun, 2015 | Copyright: (c) Matti Remonen | Exposure bias: -2EV | Flash fired: no | Focal length: 70mm | ISO: 64 | Shutter speed: 1\/400s | \" src=\"http:\/\/www.remonen.fi\/WP\/wp-content\/uploads\/2015\/07\/viro_2015_hiiumaa-1-3.jpg\" alt=\"Hiiumaa Heltermaan satama\" width=\"454\" height=\"680\" srcset=\"https:\/\/www.remonen.fi\/WP\/wp-content\/uploads\/2015\/07\/viro_2015_hiiumaa-1-3.jpg 683w, https:\/\/www.remonen.fi\/WP\/wp-content\/uploads\/2015\/07\/viro_2015_hiiumaa-1-3-200x300.jpg 200w, https:\/\/www.remonen.fi\/WP\/wp-content\/uploads\/2015\/07\/viro_2015_hiiumaa-1-3-454x680.jpg 454w, https:\/\/www.remonen.fi\/WP\/wp-content\/uploads\/2015\/07\/viro_2015_hiiumaa-1-3-440x660.jpg 440w, https:\/\/www.remonen.fi\/WP\/wp-content\/uploads\/2015\/07\/viro_2015_hiiumaa-1-3-300x450.jpg 300w\" sizes=\"(max-width: 454px) 100vw, 454px\" \/><\/a><\/p>\n<p>En ollut etuk\u00e4teen tietoinen, mutta Juhannusaatoksi, eli saapumisp\u00e4iv\u00e4\u00e4ni seuraavaksi p\u00e4iv\u00e4ksi Hiiumaan p\u00e4\u00e4kaupungissa K\u00e4rdlassa oli j\u00e4rjestetty Viron Voitonp\u00e4iv\u00e4n paraati. Sinne odotettiin osallistujia Viron sotilasvoimien lis\u00e4ksi my\u00f6s Pohjoismaista, Hollannista ja USA:sta. Lautalla olikin menossa jos jonkinn\u00e4k\u00f6ist\u00e4 suurta viskaalia prenikat rintapieliss\u00e4 kilisten. Ja edellisell\u00e4 lautalla meni ainakin pari Humveeta lavetilla. Joka tapauksessa paraati tarkoitti sit\u00e4, ett\u00e4 kaikki hotellit K\u00e4rdlan ymp\u00e4rist\u00f6ss\u00e4 oli buukattu t\u00e4yteen ja K\u00e4rdlan keskusta suljettu liikenteelt\u00e4 Juhannusaattoaamusta. Tosin minua se nyt ei suuremmin haitannut, kun en ajatellut sinne menn\u00e4.<\/p>\n<p>Aamulla l\u00e4ksin sitten liikkeelle ja suuntana l\u00e4nsi. Tarkoituksena oli k\u00e4yd\u00e4 katsomassa parit majakat ja saaren l\u00e4nsik\u00e4rjess\u00e4 oleva &#8221;Surf Paradiis&#8221;.<\/p>\n<p><a href=\"http:\/\/www.remonen.fi\/WP\/wp-content\/uploads\/2015\/07\/viro_2015_hiiumaa-11.jpg\"><img loading=\"lazy\" decoding=\"async\" class=\"aligncenter wp-image-6361\" title=\"Aperture: &#402;\/2.8 | Credit: Matti Remonen | Camera: CORPORATION | Taken: 23 kes\u00e4kuun, 2015 | Copyright: (c) Matti Remonen | Exposure bias: -2EV | Flash fired: no | Focal length: 36mm | ISO: 64 | Shutter speed: 1\/5000s | \" src=\"http:\/\/www.remonen.fi\/WP\/wp-content\/uploads\/2015\/07\/viro_2015_hiiumaa-11.jpg\" alt=\"Hiiumaa Surf Paradiis\" width=\"680\" height=\"454\" srcset=\"https:\/\/www.remonen.fi\/WP\/wp-content\/uploads\/2015\/07\/viro_2015_hiiumaa-11.jpg 1024w, https:\/\/www.remonen.fi\/WP\/wp-content\/uploads\/2015\/07\/viro_2015_hiiumaa-11-300x200.jpg 300w, https:\/\/www.remonen.fi\/WP\/wp-content\/uploads\/2015\/07\/viro_2015_hiiumaa-11-680x454.jpg 680w, https:\/\/www.remonen.fi\/WP\/wp-content\/uploads\/2015\/07\/viro_2015_hiiumaa-11-440x293.jpg 440w, https:\/\/www.remonen.fi\/WP\/wp-content\/uploads\/2015\/07\/viro_2015_hiiumaa-11-960x640.jpg 960w\" sizes=\"(max-width: 680px) 100vw, 680px\" \/><\/a><\/p>\n<p>Matkan varrella t\u00f6rm\u00e4sin Kuristen kyl\u00e4ss\u00e4 <a href=\"http:\/\/www.visitestonia.com\/fi\/kuristen-kirkko\" target=\"_blank\">ortodoksiseen kirkkoon<\/a>, tosin vain kuvaannollisesti. Mun t\u00e4ytyy kyll\u00e4 sanoa, ett\u00e4 joku noissa Hiiumaan ja Saarenmaan ortodoksisissa kirkoissa vieh\u00e4tt\u00e4\u00e4 minua. Ne ovat kyll\u00e4kin melko lailla samasta muotista, mutta tuo kiviarkkitehtuuri iskee ainakin minuun. Kirkkojen samankaltaisuutta selitt\u00e4nee se, ett\u00e4 ne on rakennettu aika lailla samoihin aikoihin 1800-luvun loppupuolella, kun ortodoksisuus alkoi seudulla levi\u00e4m\u00e4\u00e4n.<\/p>\n<p><a href=\"http:\/\/www.remonen.fi\/WP\/wp-content\/uploads\/2015\/07\/viro_2015_hiiumaa-3.jpg\"><img loading=\"lazy\" decoding=\"async\" class=\"aligncenter wp-image-6357\" title=\"Aperture: &#402;\/6.3 | Taken: 23 kes\u00e4kuun, 2015 | Copyright: (c) Matti Remonen | Exposure bias: +1.7EV | Flash fired: no | Focal length: 30mm | ISO: 100 | Shutter speed: 1\/320s | \" src=\"http:\/\/www.remonen.fi\/WP\/wp-content\/uploads\/2015\/07\/viro_2015_hiiumaa-3.jpg\" alt=\"Kuriste ortodoksinen kirkko\" width=\"680\" height=\"411\" srcset=\"https:\/\/www.remonen.fi\/WP\/wp-content\/uploads\/2015\/07\/viro_2015_hiiumaa-3.jpg 1024w, https:\/\/www.remonen.fi\/WP\/wp-content\/uploads\/2015\/07\/viro_2015_hiiumaa-3-300x181.jpg 300w, https:\/\/www.remonen.fi\/WP\/wp-content\/uploads\/2015\/07\/viro_2015_hiiumaa-3-680x411.jpg 680w, https:\/\/www.remonen.fi\/WP\/wp-content\/uploads\/2015\/07\/viro_2015_hiiumaa-3-440x266.jpg 440w, https:\/\/www.remonen.fi\/WP\/wp-content\/uploads\/2015\/07\/viro_2015_hiiumaa-3-960x580.jpg 960w\" sizes=\"(max-width: 680px) 100vw, 680px\" \/><\/a><\/p>\n<p><a href=\"http:\/\/www.remonen.fi\/WP\/wp-content\/uploads\/2015\/07\/viro_2015_hiiumaa-4.jpg\"><img loading=\"lazy\" decoding=\"async\" class=\"aligncenter wp-image-6356\" title=\"Aperture: &#402;\/8 | Credit: Matti Remonen | Camera: CORPORATION | Taken: 23 kes\u00e4kuun, 2015 | Copyright: (c) Matti Remonen | Flash fired: no | Focal length: 45mm | ISO: 64 | Shutter speed: 1\/80s | \" src=\"http:\/\/www.remonen.fi\/WP\/wp-content\/uploads\/2015\/07\/viro_2015_hiiumaa-4.jpg\" alt=\"Kuriste ortodoksinen kirkko\" width=\"680\" height=\"680\" srcset=\"https:\/\/www.remonen.fi\/WP\/wp-content\/uploads\/2015\/07\/viro_2015_hiiumaa-4.jpg 1024w, https:\/\/www.remonen.fi\/WP\/wp-content\/uploads\/2015\/07\/viro_2015_hiiumaa-4-300x300.jpg 300w, https:\/\/www.remonen.fi\/WP\/wp-content\/uploads\/2015\/07\/viro_2015_hiiumaa-4-680x680.jpg 680w, https:\/\/www.remonen.fi\/WP\/wp-content\/uploads\/2015\/07\/viro_2015_hiiumaa-4-440x440.jpg 440w, https:\/\/www.remonen.fi\/WP\/wp-content\/uploads\/2015\/07\/viro_2015_hiiumaa-4-960x960.jpg 960w, https:\/\/www.remonen.fi\/WP\/wp-content\/uploads\/2015\/07\/viro_2015_hiiumaa-4-109x109.jpg 109w, https:\/\/www.remonen.fi\/WP\/wp-content\/uploads\/2015\/07\/viro_2015_hiiumaa-4-100x100.jpg 100w\" sizes=\"(max-width: 680px) 100vw, 680px\" \/><\/a>Kirkkoa on entis\u00f6ity ja korjattu, kupolit oli vaihdettu uusiin, ikkunat korjattu ja seini\u00e4 paikkailtu. Toisenlaisiakin esimerkkej\u00e4 saarilta l\u00f6ytyy, mutta se on selv\u00e4, ettei kenenk\u00e4\u00e4n rahat riit\u00e4 kaikkien seinien pelastamiseen.<\/p>\n<p><a href=\"http:\/\/www.remonen.fi\/WP\/wp-content\/uploads\/2015\/07\/viro_2015_hiiumaa-5.jpg\"><img loading=\"lazy\" decoding=\"async\" class=\"aligncenter wp-image-6355\" title=\"Aperture: &#402;\/6.3 | Taken: 23 kes\u00e4kuun, 2015 | Copyright: (c) Matti Remonen | Exposure bias: +1.7EV | Flash fired: no | Focal length: 22mm | ISO: 100 | Shutter speed: 1\/250s | \" src=\"http:\/\/www.remonen.fi\/WP\/wp-content\/uploads\/2015\/07\/viro_2015_hiiumaa-5.jpg\" alt=\"Kuriste ortodoksinen kirkko\" width=\"680\" height=\"452\" srcset=\"https:\/\/www.remonen.fi\/WP\/wp-content\/uploads\/2015\/07\/viro_2015_hiiumaa-5.jpg 1024w, https:\/\/www.remonen.fi\/WP\/wp-content\/uploads\/2015\/07\/viro_2015_hiiumaa-5-300x199.jpg 300w, https:\/\/www.remonen.fi\/WP\/wp-content\/uploads\/2015\/07\/viro_2015_hiiumaa-5-680x452.jpg 680w, https:\/\/www.remonen.fi\/WP\/wp-content\/uploads\/2015\/07\/viro_2015_hiiumaa-5-440x292.jpg 440w, https:\/\/www.remonen.fi\/WP\/wp-content\/uploads\/2015\/07\/viro_2015_hiiumaa-5-960x638.jpg 960w\" sizes=\"(max-width: 680px) 100vw, 680px\" \/><\/a><\/p>\n<p>Kirkon vieress\u00e4 oli samaan tyyliin rakennettu pappilarakennus. Siin\u00e4 on papin kelvannut piikatytt\u00f6j\u00e4 vikitell\u00e4&#8230;<\/p>\n<p><a href=\"http:\/\/www.remonen.fi\/WP\/wp-content\/uploads\/2015\/07\/viro_2015_hiiumaa-6.jpg\"><img loading=\"lazy\" decoding=\"async\" class=\"aligncenter wp-image-6354\" title=\"Aperture: &#402;\/8 | Credit: Matti Remonen | Camera: CORPORATION | Taken: 23 kes\u00e4kuun, 2015 | Copyright: (c) Matti Remonen | Flash fired: no | Focal length: 31mm | ISO: 64 | Shutter speed: 1\/160s | \" src=\"http:\/\/www.remonen.fi\/WP\/wp-content\/uploads\/2015\/07\/viro_2015_hiiumaa-6.jpg\" alt=\"Kuriste ortodoksinen kirkko\" width=\"680\" height=\"454\" srcset=\"https:\/\/www.remonen.fi\/WP\/wp-content\/uploads\/2015\/07\/viro_2015_hiiumaa-6.jpg 1024w, https:\/\/www.remonen.fi\/WP\/wp-content\/uploads\/2015\/07\/viro_2015_hiiumaa-6-300x200.jpg 300w, https:\/\/www.remonen.fi\/WP\/wp-content\/uploads\/2015\/07\/viro_2015_hiiumaa-6-680x454.jpg 680w, https:\/\/www.remonen.fi\/WP\/wp-content\/uploads\/2015\/07\/viro_2015_hiiumaa-6-440x293.jpg 440w, https:\/\/www.remonen.fi\/WP\/wp-content\/uploads\/2015\/07\/viro_2015_hiiumaa-6-960x640.jpg 960w\" sizes=\"(max-width: 680px) 100vw, 680px\" \/><\/a><\/p>\n<p>Kirkon j\u00e4lkeen suuntana olikin Kopun majakka, <a href=\"https:\/\/en.wikipedia.org\/wiki\/K%C3%B5pu_Lighthouse\" target=\"_blank\">K\u00f5pu tuletorn<\/a>.\u00a0 Se on paitsi Viron, niin my\u00f6s Baltian ja It\u00e4meren alueen vanhin majakka, rakennettu 1500-luvulla. Alunperin majakka oli vain alaosan tukirakennelmien korkuinen, eik\u00e4 siin\u00e4 palanut tulta. My\u00f6hemmin siihen lis\u00e4ttiin korkeutta hieman ja sen laella alettiin polttaa tulta pime\u00e4n\u00e4 aikana. Varsin rattoisa paikka olla tulenvartijana tammikuisena y\u00f6n\u00e4, kun pakkasta on -20 ja tuulee&#8230; Polttopuut vintattiin k\u00e4sipelill\u00e4 yl\u00f6s kaltevia sein\u00e4ramppeja pitkin. My\u00f6hemmin, 1800-luvulla, majakkaa p\u00e4ivitettiin majakkahuoneen verran ja sen huipulle tuli linssikoppi. Polttoainekin muuttui \u00f6ljyksi.Alunperin majakkaan noustiin ulkopuolisia tikkaita my\u00f6ten, mutta jossain vaiheessa siihen on hakattu kulkutie sis\u00e4kautta. Ettei tarvinnut tikkaissa roikkua.<\/p>\n<p><a href=\"http:\/\/www.remonen.fi\/WP\/wp-content\/uploads\/2015\/07\/viro_2015_hiiumaa-1-5.jpg\"><img loading=\"lazy\" decoding=\"async\" class=\"aligncenter wp-image-6384\" title=\"Aperture: &#402;\/8 | Credit: Matti Remonen | Camera: CORPORATION | Taken: 23 kes\u00e4kuun, 2015 | Copyright: (c) Matti Remonen | Flash fired: no | Focal length: 35mm | ISO: 64 | Shutter speed: 1\/500s | \" src=\"http:\/\/www.remonen.fi\/WP\/wp-content\/uploads\/2015\/07\/viro_2015_hiiumaa-1-5.jpg\" alt=\"\" width=\"454\" height=\"680\" srcset=\"https:\/\/www.remonen.fi\/WP\/wp-content\/uploads\/2015\/07\/viro_2015_hiiumaa-1-5.jpg 684w, https:\/\/www.remonen.fi\/WP\/wp-content\/uploads\/2015\/07\/viro_2015_hiiumaa-1-5-200x300.jpg 200w, https:\/\/www.remonen.fi\/WP\/wp-content\/uploads\/2015\/07\/viro_2015_hiiumaa-1-5-454x680.jpg 454w, https:\/\/www.remonen.fi\/WP\/wp-content\/uploads\/2015\/07\/viro_2015_hiiumaa-1-5-440x659.jpg 440w, https:\/\/www.remonen.fi\/WP\/wp-content\/uploads\/2015\/07\/viro_2015_hiiumaa-1-5-300x449.jpg 300w\" sizes=\"(max-width: 454px) 100vw, 454px\" \/><\/a><\/p>\n<p>Majakka selvisi toisesta maailmansodasta, mutta meinasi murentua k\u00e4siin 1980-luvulla tehdyn &#8221;restauroinnin&#8221; seurauksena.<\/p>\n<p><div id=\"attachment_6352\" style=\"width: 464px\" class=\"wp-caption aligncenter\"><a href=\"http:\/\/www.remonen.fi\/WP\/wp-content\/uploads\/2015\/07\/viro_2015_hiiumaa-8.jpg\"><img loading=\"lazy\" decoding=\"async\" aria-describedby=\"caption-attachment-6352\" class=\"wp-image-6352\" title=\"\" src=\"http:\/\/www.remonen.fi\/WP\/wp-content\/uploads\/2015\/07\/viro_2015_hiiumaa-8.jpg\" alt=\"Hiiumaa Kopun majakka\" width=\"454\" height=\"680\" srcset=\"https:\/\/www.remonen.fi\/WP\/wp-content\/uploads\/2015\/07\/viro_2015_hiiumaa-8.jpg 683w, https:\/\/www.remonen.fi\/WP\/wp-content\/uploads\/2015\/07\/viro_2015_hiiumaa-8-200x300.jpg 200w, https:\/\/www.remonen.fi\/WP\/wp-content\/uploads\/2015\/07\/viro_2015_hiiumaa-8-454x680.jpg 454w, https:\/\/www.remonen.fi\/WP\/wp-content\/uploads\/2015\/07\/viro_2015_hiiumaa-8-440x660.jpg 440w, https:\/\/www.remonen.fi\/WP\/wp-content\/uploads\/2015\/07\/viro_2015_hiiumaa-8-300x450.jpg 300w\" sizes=\"(max-width: 454px) 100vw, 454px\" \/><\/a><p id=\"caption-attachment-6352\" class=\"wp-caption-text\">N\u00e4kym\u00e4 majakasta<\/p><\/div>Kun oli majakoiden makuun p\u00e4\u00e4sty, niin eih\u00e4n sit\u00e4 voinut hommaa vain yhteen tolppaan j\u00e4tt\u00e4\u00e4. Ajoinkin sitten <a href=\"http:\/\/www.etts.ee\/EN\/lighthouses\/lighthouses-list\/hiiu-ja-laanemaa\/673-ristna-tuletorn\" target=\"_blank\">Ristnan majakalle<\/a> katsastamaan mink\u00e4lainen tuikku sielt\u00e4 l\u00f6ytyy. Majakka onkin varsin omaleimaisen n\u00e4k\u00f6inen, vaikkei en\u00e4\u00e4 rautainen tukiristikko olekaan n\u00e4kyvill\u00e4. Majakkaan p\u00e4\u00e4see my\u00f6s sis\u00e4lle ja sen vierell\u00e4 on varsin vieh\u00e4tt\u00e4v\u00e4 pieni kahvila.<\/p>\n<p><a href=\"http:\/\/www.remonen.fi\/WP\/wp-content\/uploads\/2015\/07\/viro_2015_hiiumaa-9.jpg\"><img loading=\"lazy\" decoding=\"async\" class=\"aligncenter wp-image-6351\" title=\"Aperture: &#402;\/6.3 | Taken: 23 kes\u00e4kuun, 2015 | Copyright: (c) Matti Remonen | Exposure bias: +1.7EV | Flash fired: no | Focal length: 30mm | ISO: 100 | Shutter speed: 1\/320s | \" src=\"http:\/\/www.remonen.fi\/WP\/wp-content\/uploads\/2015\/07\/viro_2015_hiiumaa-9.jpg\" alt=\"Hiiumaa Ristnan majakka\" width=\"452\" height=\"680\" srcset=\"https:\/\/www.remonen.fi\/WP\/wp-content\/uploads\/2015\/07\/viro_2015_hiiumaa-9.jpg 680w, https:\/\/www.remonen.fi\/WP\/wp-content\/uploads\/2015\/07\/viro_2015_hiiumaa-9-199x300.jpg 199w, https:\/\/www.remonen.fi\/WP\/wp-content\/uploads\/2015\/07\/viro_2015_hiiumaa-9-452x680.jpg 452w, https:\/\/www.remonen.fi\/WP\/wp-content\/uploads\/2015\/07\/viro_2015_hiiumaa-9-440x663.jpg 440w, https:\/\/www.remonen.fi\/WP\/wp-content\/uploads\/2015\/07\/viro_2015_hiiumaa-9-300x452.jpg 300w\" sizes=\"(max-width: 452px) 100vw, 452px\" \/><\/a><\/p>\n<p>Majakan v\u00e4ritys on my\u00f6s varsin omaleimainen.<\/p>\n<p><a href=\"http:\/\/www.remonen.fi\/WP\/wp-content\/uploads\/2015\/07\/viro_2015_hiiumaa-10.jpg\"><img loading=\"lazy\" decoding=\"async\" class=\"aligncenter wp-image-6350\" title=\"Aperture: &#402;\/6.3 | Credit: Matti Remonen | Camera: CORPORATION | Taken: 23 kes\u00e4kuun, 2015 | Copyright: (c) Matti Remonen | Flash fired: no | Focal length: 26mm | ISO: 64 | Shutter speed: 1\/400s | \" src=\"http:\/\/www.remonen.fi\/WP\/wp-content\/uploads\/2015\/07\/viro_2015_hiiumaa-10.jpg\" alt=\"Hiiumaa Ristnan majakka\" width=\"454\" height=\"680\" srcset=\"https:\/\/www.remonen.fi\/WP\/wp-content\/uploads\/2015\/07\/viro_2015_hiiumaa-10.jpg 683w, https:\/\/www.remonen.fi\/WP\/wp-content\/uploads\/2015\/07\/viro_2015_hiiumaa-10-200x300.jpg 200w, https:\/\/www.remonen.fi\/WP\/wp-content\/uploads\/2015\/07\/viro_2015_hiiumaa-10-454x680.jpg 454w, https:\/\/www.remonen.fi\/WP\/wp-content\/uploads\/2015\/07\/viro_2015_hiiumaa-10-440x660.jpg 440w, https:\/\/www.remonen.fi\/WP\/wp-content\/uploads\/2015\/07\/viro_2015_hiiumaa-10-300x450.jpg 300w\" sizes=\"(max-width: 454px) 100vw, 454px\" \/><\/a><\/p>\n<p>Majakoista p\u00e4\u00e4sty\u00e4ni suuntasin <a href=\"https:\/\/www.lonelyplanet.com\/estonia\/western-hiiumaa\/sights\/sporting-venues\/surf-paradiis\" target=\"_blank\">surffaajan paratiisiin<\/a>, joka sijaitseekin k\u00e4yt\u00e4nn\u00f6ss\u00e4 Ristnan majakan juurella. Olin toivonnut, ett\u00e4 p\u00e4\u00e4sisin kuvaamaan purje- tai liitovarjolautailua, mutta ajankohdasta johtuen surffiporukka n\u00e4ytti olevan aika lailla krapuloissaan, joten ainoaksi teht\u00e4v\u00e4ksi j\u00e4i juoda pakollinen Corona ja ihailla maisemia. Rannalla on varsin n\u00e4ytt\u00e4v\u00e4n n\u00e4k\u00f6inen kelohonkainen &#8221;klubitalo&#8221;.<\/p>\n<p><a href=\"http:\/\/www.remonen.fi\/WP\/wp-content\/uploads\/2015\/07\/viro_2015_hiiumaa-12.jpg\"><img loading=\"lazy\" decoding=\"async\" class=\"aligncenter wp-image-6360\" title=\"Aperture: &#402;\/8 | Credit: Matti Remonen | Camera: CORPORATION | Taken: 23 kes\u00e4kuun, 2015 | Copyright: (c) Matti Remonen | Flash fired: no | Focal length: 24mm | ISO: 64 | Shutter speed: 1\/250s | \" src=\"http:\/\/www.remonen.fi\/WP\/wp-content\/uploads\/2015\/07\/viro_2015_hiiumaa-12.jpg\" alt=\"Hiiumaa Surf Paradiis\" width=\"454\" height=\"680\" srcset=\"https:\/\/www.remonen.fi\/WP\/wp-content\/uploads\/2015\/07\/viro_2015_hiiumaa-12.jpg 683w, https:\/\/www.remonen.fi\/WP\/wp-content\/uploads\/2015\/07\/viro_2015_hiiumaa-12-200x300.jpg 200w, https:\/\/www.remonen.fi\/WP\/wp-content\/uploads\/2015\/07\/viro_2015_hiiumaa-12-454x680.jpg 454w, https:\/\/www.remonen.fi\/WP\/wp-content\/uploads\/2015\/07\/viro_2015_hiiumaa-12-440x660.jpg 440w, https:\/\/www.remonen.fi\/WP\/wp-content\/uploads\/2015\/07\/viro_2015_hiiumaa-12-300x450.jpg 300w\" sizes=\"(max-width: 454px) 100vw, 454px\" \/><\/a><\/p>\n<p>Loppu(ilta)p\u00e4iv\u00e4 kuluikin sitten rattoisasti ruokapaikkaa etsien. Hiiumaa ei ole varsinaisesti mik\u00e4\u00e4n matkailijan paratiisi palvelujen osalta. L\u00e4hes ainoat ravintolat ovat K\u00e4rdlassa ja siell\u00e4 sitten k\u00e4vinkin sy\u00f6m\u00e4ss\u00e4 kaupungin uimarannan v\u00e4litt\u00f6m\u00e4ss\u00e4 l\u00e4heisyydess\u00e4 olevassa ruokapaikassa. Se taisi olla ainoa paikka, mik\u00e4 kaupungissa oli auki.<\/p>\n<h3>P\u00e4iv\u00e4 2 (24.6.2015)<\/h3>\n<p>Seuraavana aamuna, joka oli siis Juhannusaamu, tarkoitus oli suunnata katsomaan Tahkunan majakkaa. S\u00e4\u00e4 olikin perinteisen juhannuksinen: satoi kuin saavista kaataen ja l\u00e4mp\u00f6\u00e4kin oli per\u00e4ti 15 astetta. Normaalista poiketen mulla ei ollut krapulaa. Mik\u00e4 olikin varsin hyv\u00e4 juttu, sill\u00e4 parin kilometrin p\u00e4\u00e4ss\u00e4 olivat poliisised\u00e4t puhalluttamassa&#8230; nollilla mentiin. Olin hieman h\u00e4mm\u00e4stynyt, kun olin ollut melko varma, ett\u00e4 edellisp\u00e4iv\u00e4n paraati oli sy\u00f6nyt Viron poliisin ylity\u00f6m\u00e4\u00e4r\u00e4rahat melko lailla tappiin, mutta joko siell\u00e4 tehd\u00e4\u00e4n hommat talkoilla, ei tunneta pyh\u00e4lisi\u00e4 tai sitten vain rahaa on enemm\u00e4n. No, ei siin\u00e4 mit\u00e4\u00e4n ja kaasua lis\u00e4\u00e4. Nopeusrajoitukset tuolla saarilla ovat taajamien ulkopuolella p\u00e4\u00e4s\u00e4\u00e4nt\u00f6isesti 90 km\/h jopa sellaisilla hiekkateill\u00e4, joissa ei ole mit\u00e4\u00e4n saumaa pit\u00e4\u00e4 ko. nopeuksia. P\u00e4\u00e4tiet tosin ovat p\u00e4\u00e4s\u00e4\u00e4nt\u00f6isesti hyv\u00e4kuntoisia ja suhteellisen tasaisia. Joten nopeudet hieman tuppaavat v\u00e4lill\u00e4 karkaamaan. Josta sitten my\u00f6hemmin.<\/p>\n<p>Matkalla kaamasen tiell\u00e4 t\u00f6rm\u00e4sin sitten oheiseen kirkkoon. Kuten hetki sitten kirjoitin, kaikkia kirkkoja ei ole restauroitu, eik\u00e4 varmaan aiotakaan. Mutta jos ja kun tarkkaan katsoo, on t\u00e4m\u00e4 koko lailla samoilla piirustuksilla tehty kuin edellinen.<\/p>\n<p><div id=\"attachment_6367\" style=\"width: 690px\" class=\"wp-caption aligncenter\"><a href=\"http:\/\/www.remonen.fi\/WP\/wp-content\/uploads\/2015\/07\/viro_2015_hiiumaa-13.jpg\"><img loading=\"lazy\" decoding=\"async\" aria-describedby=\"caption-attachment-6367\" class=\"wp-image-6367\" title=\"Aperture: &#402;\/6.3 | Taken: 24 kes\u00e4kuun, 2015 | Copyright: (c) Matti Remonen | Exposure bias: +1.7EV | Flash fired: no | Focal length: 26mm | ISO: 100 | Shutter speed: 1\/160s | \" src=\"http:\/\/www.remonen.fi\/WP\/wp-content\/uploads\/2015\/07\/viro_2015_hiiumaa-13.jpg\" alt=\"Hiiumaa Kurin ortodoksinen kirkko\" width=\"680\" height=\"452\" srcset=\"https:\/\/www.remonen.fi\/WP\/wp-content\/uploads\/2015\/07\/viro_2015_hiiumaa-13.jpg 1024w, https:\/\/www.remonen.fi\/WP\/wp-content\/uploads\/2015\/07\/viro_2015_hiiumaa-13-300x199.jpg 300w, https:\/\/www.remonen.fi\/WP\/wp-content\/uploads\/2015\/07\/viro_2015_hiiumaa-13-680x452.jpg 680w, https:\/\/www.remonen.fi\/WP\/wp-content\/uploads\/2015\/07\/viro_2015_hiiumaa-13-440x292.jpg 440w, https:\/\/www.remonen.fi\/WP\/wp-content\/uploads\/2015\/07\/viro_2015_hiiumaa-13-960x638.jpg 960w\" sizes=\"(max-width: 680px) 100vw, 680px\" \/><\/a><p id=\"caption-attachment-6367\" class=\"wp-caption-text\">Kurin ortodoksisen kirkon rauniot<\/p><\/div>Siit\u00e4 sitten jatkoin matkaa Suursadaman alueelle. Satama on aikoinaan ollut Viron laivateollisuuden keskus, siis joskus 1500-luvulla. Siit\u00e4 muistona sataman alueella oli jos jonkinlaista laivoihin liittyv\u00e4\u00e4 tavaraa, kuten vanhoja ankkureita ja merimiinan kuoria. Noita j\u00e4lkimm\u00e4isi\u00e4 n\u00e4kyi Hiiumaalla v\u00e4h\u00e4n joka toisessa paikassa. Veli ven\u00e4l\u00e4inen on aikanaan j\u00e4tt\u00e4nyt niit\u00e4 j\u00e4lkeens\u00e4 melkoisen m\u00e4\u00e4r\u00e4n.<\/p>\n<p><div id=\"attachment_6378\" style=\"width: 464px\" class=\"wp-caption aligncenter\"><a href=\"http:\/\/www.remonen.fi\/WP\/wp-content\/uploads\/2015\/07\/viro_2015_hiiumaa-14.jpg\"><img loading=\"lazy\" decoding=\"async\" aria-describedby=\"caption-attachment-6378\" class=\"wp-image-6378\" title=\"Aperture: &#402;\/5.6 | Credit: Matti Remonen | Camera: CORPORATION | Taken: 24 kes\u00e4kuun, 2015 | Copyright: (c) Matti Remonen | Flash fired: no | Focal length: 70mm | ISO: 250 | Shutter speed: 1\/80s | \" src=\"http:\/\/www.remonen.fi\/WP\/wp-content\/uploads\/2015\/07\/viro_2015_hiiumaa-14.jpg\" alt=\"Hiiumaa Suursadam\" width=\"454\" height=\"680\" srcset=\"https:\/\/www.remonen.fi\/WP\/wp-content\/uploads\/2015\/07\/viro_2015_hiiumaa-14.jpg 683w, https:\/\/www.remonen.fi\/WP\/wp-content\/uploads\/2015\/07\/viro_2015_hiiumaa-14-200x300.jpg 200w, https:\/\/www.remonen.fi\/WP\/wp-content\/uploads\/2015\/07\/viro_2015_hiiumaa-14-454x680.jpg 454w, https:\/\/www.remonen.fi\/WP\/wp-content\/uploads\/2015\/07\/viro_2015_hiiumaa-14-440x660.jpg 440w, https:\/\/www.remonen.fi\/WP\/wp-content\/uploads\/2015\/07\/viro_2015_hiiumaa-14-300x450.jpg 300w\" sizes=\"(max-width: 454px) 100vw, 454px\" \/><\/a><p id=\"caption-attachment-6378\" class=\"wp-caption-text\">Miina ja Misse<\/p><\/div>Suursatamasta l\u00e4ksin ajelemaan eteenp\u00e4in jotain random-m\u00f6kkipolkua, jossa tuskin p\u00e4\u00e4si M\u00f6hk\u00f6ll\u00e4 etenem\u00e4\u00e4n, niin yht&#8217;\u00e4kki\u00e4 eteen tuli jotkut kolhoosin tai varuskunnan rauniot. J\u00e4lleen keskell\u00e4 ns. ei mit\u00e4\u00e4n. T\u00e4t\u00e4 tavaraa tuolla riitt\u00e4\u00e4 loputtomiin. En jaksanut l\u00e4hte\u00e4 m\u00e4rk\u00e4\u00e4n heinikkoon rymy\u00e4m\u00e4\u00e4n, vaikka punkkirokotukset onkin otettu.<\/p>\n<p><a href=\"http:\/\/www.remonen.fi\/WP\/wp-content\/uploads\/2015\/07\/viro_2015_hiiumaa-15.jpg\"><img loading=\"lazy\" decoding=\"async\" class=\"aligncenter wp-image-6377\" title=\"Aperture: &#402;\/5 | Credit: Matti Remonen | Camera: CORPORATION | Taken: 24 kes\u00e4kuun, 2015 | Copyright: (c) Matti Remonen | Flash fired: no | Focal length: 38mm | ISO: 1250 | Shutter speed: 1\/160s | \" src=\"http:\/\/www.remonen.fi\/WP\/wp-content\/uploads\/2015\/07\/viro_2015_hiiumaa-15.jpg\" alt=\"\" width=\"680\" height=\"454\" srcset=\"https:\/\/www.remonen.fi\/WP\/wp-content\/uploads\/2015\/07\/viro_2015_hiiumaa-15.jpg 1024w, https:\/\/www.remonen.fi\/WP\/wp-content\/uploads\/2015\/07\/viro_2015_hiiumaa-15-300x200.jpg 300w, https:\/\/www.remonen.fi\/WP\/wp-content\/uploads\/2015\/07\/viro_2015_hiiumaa-15-680x454.jpg 680w, https:\/\/www.remonen.fi\/WP\/wp-content\/uploads\/2015\/07\/viro_2015_hiiumaa-15-440x293.jpg 440w, https:\/\/www.remonen.fi\/WP\/wp-content\/uploads\/2015\/07\/viro_2015_hiiumaa-15-960x640.jpg 960w\" sizes=\"(max-width: 680px) 100vw, 680px\" \/><\/a>M\u00f6kkitielt\u00e4 selvitty\u00e4ni ajoin l\u00e4heiseen vierasvenesatamaan, jossa kohtasin t\u00e4m\u00e4n kuiville nostetun kalastajaveneen.<\/p>\n<p><a href=\"http:\/\/www.remonen.fi\/WP\/wp-content\/uploads\/2015\/07\/viro_2015_hiiumaa-16.jpg\"><img loading=\"lazy\" decoding=\"async\" class=\"aligncenter wp-image-6376\" title=\"Aperture: &#402;\/13 | Credit: Matti Remonen | Camera: CORPORATION | Taken: 24 kes\u00e4kuun, 2015 | Copyright: (c) Matti Remonen | Flash fired: no | Focal length: 42mm | ISO: 64 | Shutter speed: 1\/125s | \" src=\"http:\/\/www.remonen.fi\/WP\/wp-content\/uploads\/2015\/07\/viro_2015_hiiumaa-16.jpg\" alt=\"\" width=\"680\" height=\"454\" srcset=\"https:\/\/www.remonen.fi\/WP\/wp-content\/uploads\/2015\/07\/viro_2015_hiiumaa-16.jpg 1024w, https:\/\/www.remonen.fi\/WP\/wp-content\/uploads\/2015\/07\/viro_2015_hiiumaa-16-300x200.jpg 300w, https:\/\/www.remonen.fi\/WP\/wp-content\/uploads\/2015\/07\/viro_2015_hiiumaa-16-680x454.jpg 680w, https:\/\/www.remonen.fi\/WP\/wp-content\/uploads\/2015\/07\/viro_2015_hiiumaa-16-440x293.jpg 440w, https:\/\/www.remonen.fi\/WP\/wp-content\/uploads\/2015\/07\/viro_2015_hiiumaa-16-960x640.jpg 960w\" sizes=\"(max-width: 680px) 100vw, 680px\" \/><\/a>Viel\u00e4 ennen kuin p\u00e4\u00e4sin majakalle, k\u00e4vin Lehtman satamassa, mutta baari oli jo kiinni.<\/p>\n<p><a href=\"http:\/\/www.remonen.fi\/WP\/wp-content\/uploads\/2015\/07\/viro_2015_hiiumaa-17.jpg\"><img loading=\"lazy\" decoding=\"async\" class=\"aligncenter wp-image-6375\" title=\"Aperture: &#402;\/7.1 | Credit: Matti Remonen | Camera: CORPORATION | Taken: 24 kes\u00e4kuun, 2015 | Copyright: (c) Matti Remonen | Flash fired: no | Focal length: 27mm | ISO: 64 | Shutter speed: 1\/50s | \" src=\"http:\/\/www.remonen.fi\/WP\/wp-content\/uploads\/2015\/07\/viro_2015_hiiumaa-17.jpg\" alt=\"Hiiumaa Lehtma Sadam\" width=\"680\" height=\"454\" srcset=\"https:\/\/www.remonen.fi\/WP\/wp-content\/uploads\/2015\/07\/viro_2015_hiiumaa-17.jpg 1024w, https:\/\/www.remonen.fi\/WP\/wp-content\/uploads\/2015\/07\/viro_2015_hiiumaa-17-300x200.jpg 300w, https:\/\/www.remonen.fi\/WP\/wp-content\/uploads\/2015\/07\/viro_2015_hiiumaa-17-680x454.jpg 680w, https:\/\/www.remonen.fi\/WP\/wp-content\/uploads\/2015\/07\/viro_2015_hiiumaa-17-440x293.jpg 440w, https:\/\/www.remonen.fi\/WP\/wp-content\/uploads\/2015\/07\/viro_2015_hiiumaa-17-960x640.jpg 960w\" sizes=\"(max-width: 680px) 100vw, 680px\" \/><\/a><\/p>\n<p>Vihdoin sitten p\u00e4\u00e4sin Tahkunan majakalle asti. Vett\u00e4 satoi ja oli tosi harmaata. Maksoin kuitenkin p\u00e4\u00e4symaksun ja kiipesin urheasti yl\u00f6s majakkaan. Ei t\u00e4\u00e4ll\u00e4 joka viikko kuitenkaan tule k\u00e4yty\u00e4.<\/p>\n<p><a href=\"http:\/\/www.remonen.fi\/WP\/wp-content\/uploads\/2015\/07\/viro_2015_hiiumaa-18.jpg\"><img loading=\"lazy\" decoding=\"async\" class=\"aligncenter wp-image-6374\" title=\"Aperture: &#402;\/11 | Credit: Matti Remonen | Camera: CORPORATION | Taken: 24 kes\u00e4kuun, 2015 | Copyright: (c) Matti Remonen | Flash fired: no | Focal length: 58mm | ISO: 90 | Shutter speed: 1\/60s | \" src=\"http:\/\/www.remonen.fi\/WP\/wp-content\/uploads\/2015\/07\/viro_2015_hiiumaa-18.jpg\" alt=\"Tahkunan majakka\" width=\"454\" height=\"680\" srcset=\"https:\/\/www.remonen.fi\/WP\/wp-content\/uploads\/2015\/07\/viro_2015_hiiumaa-18.jpg 683w, https:\/\/www.remonen.fi\/WP\/wp-content\/uploads\/2015\/07\/viro_2015_hiiumaa-18-200x300.jpg 200w, https:\/\/www.remonen.fi\/WP\/wp-content\/uploads\/2015\/07\/viro_2015_hiiumaa-18-454x680.jpg 454w, https:\/\/www.remonen.fi\/WP\/wp-content\/uploads\/2015\/07\/viro_2015_hiiumaa-18-440x660.jpg 440w, https:\/\/www.remonen.fi\/WP\/wp-content\/uploads\/2015\/07\/viro_2015_hiiumaa-18-300x450.jpg 300w\" sizes=\"(max-width: 454px) 100vw, 454px\" \/><\/a><\/p>\n<p><a href=\"http:\/\/www.remonen.fi\/WP\/wp-content\/uploads\/2015\/07\/viro_2015_hiiumaa-20.jpg\"><img loading=\"lazy\" decoding=\"async\" class=\"aligncenter wp-image-6372\" title=\"Aperture: &#402;\/9 | Credit: Matti Remonen | Camera: CORPORATION | Taken: 24 kes\u00e4kuun, 2015 | Copyright: (c) Matti Remonen | Flash fired: no | Focal length: 50mm | ISO: 64 | Shutter speed: 1\/160s | \" src=\"http:\/\/www.remonen.fi\/WP\/wp-content\/uploads\/2015\/07\/viro_2015_hiiumaa-20.jpg\" alt=\"Hiiumaa Tahkunan majakka\" width=\"454\" height=\"680\" srcset=\"https:\/\/www.remonen.fi\/WP\/wp-content\/uploads\/2015\/07\/viro_2015_hiiumaa-20.jpg 683w, https:\/\/www.remonen.fi\/WP\/wp-content\/uploads\/2015\/07\/viro_2015_hiiumaa-20-200x300.jpg 200w, https:\/\/www.remonen.fi\/WP\/wp-content\/uploads\/2015\/07\/viro_2015_hiiumaa-20-454x680.jpg 454w, https:\/\/www.remonen.fi\/WP\/wp-content\/uploads\/2015\/07\/viro_2015_hiiumaa-20-440x660.jpg 440w, https:\/\/www.remonen.fi\/WP\/wp-content\/uploads\/2015\/07\/viro_2015_hiiumaa-20-300x450.jpg 300w\" sizes=\"(max-width: 454px) 100vw, 454px\" \/><\/a><\/p>\n<p><a href=\"http:\/\/www.remonen.fi\/WP\/wp-content\/uploads\/2015\/07\/viro_2015_hiiumaa-19.jpg\"><img loading=\"lazy\" decoding=\"async\" class=\"aligncenter wp-image-6373\" title=\"Aperture: &#402;\/14 | Credit: Matti Remonen | Camera: CORPORATION | Taken: 24 kes\u00e4kuun, 2015 | Copyright: (c) Matti Remonen | Flash fired: no | Focal length: 28mm | ISO: 200 | Shutter speed: 1\/30s | \" src=\"http:\/\/www.remonen.fi\/WP\/wp-content\/uploads\/2015\/07\/viro_2015_hiiumaa-19.jpg\" alt=\"Hiiumaa Tahkunan majakka\" width=\"454\" height=\"680\" srcset=\"https:\/\/www.remonen.fi\/WP\/wp-content\/uploads\/2015\/07\/viro_2015_hiiumaa-19.jpg 683w, https:\/\/www.remonen.fi\/WP\/wp-content\/uploads\/2015\/07\/viro_2015_hiiumaa-19-200x300.jpg 200w, https:\/\/www.remonen.fi\/WP\/wp-content\/uploads\/2015\/07\/viro_2015_hiiumaa-19-454x680.jpg 454w, https:\/\/www.remonen.fi\/WP\/wp-content\/uploads\/2015\/07\/viro_2015_hiiumaa-19-440x660.jpg 440w, https:\/\/www.remonen.fi\/WP\/wp-content\/uploads\/2015\/07\/viro_2015_hiiumaa-19-300x450.jpg 300w\" sizes=\"(max-width: 454px) 100vw, 454px\" \/><\/a><\/p>\n<p>T\u00e4ss\u00e4 vaiheessa p\u00e4iv\u00e4 alkoikin olemaan jo koko lailla pulkassa, mutta p\u00e4\u00e4tin k\u00e4yd\u00e4 viel\u00e4 Hiiumaan sotamuseossa. Se on kyll\u00e4 hieman ammattimaisemmin toteutettu kuin Saarenmaan vastaava, mutta k\u00e4yt\u00e4nn\u00f6ss\u00e4 enemm\u00e4n tai v\u00e4hemm\u00e4n samat rojut ne on siell\u00e4kin. Saarenmaalla on ehk\u00e4 enemm\u00e4n itse saarelta ker\u00e4tty\u00e4 tavaraa, koska siell\u00e4 on aikanaan taisteltu enemm\u00e4n. T\u00e4\u00e4ll\u00e4 oli taas enemm\u00e4n erikseen tuotua ja tuotettua tavaraa. Molemmat ovat kyll\u00e4 k\u00e4ymisen arvoisia paikkoja.<\/p>\n<p>Museolta l\u00e4htiess\u00e4ni p\u00e4\u00e4tin viel\u00e4 piipahtaa l\u00e4heisell\u00e4 rannikkotykist\u00f6n patterilla. Kyseess\u00e4 oli ensimm\u00e4isen ja toisen maailmansodan aikaisesta 130-millisen rannikkotykist\u00f6n patterista. Siell\u00e4 oli, kuten Saarenmaallakin, kaksikerroksinen tykkibunkkeri, johon en j\u00e4lleen kerran yksin halunnut sis\u00e4\u00e4n menn\u00e4. Joskus pit\u00e4\u00e4 saada joku toinen onneton mukaan n\u00e4ille matkoille, niin voi koluta kaikki viimeisetkin kolot.<\/p>\n<p><div id=\"attachment_6370\" style=\"width: 690px\" class=\"wp-caption aligncenter\"><a href=\"http:\/\/www.remonen.fi\/WP\/wp-content\/uploads\/2015\/07\/viro_2015_hiiumaa-22.jpg\"><img loading=\"lazy\" decoding=\"async\" aria-describedby=\"caption-attachment-6370\" class=\"wp-image-6370\" title=\"Aperture: &#402;\/11 | Credit: Matti Remonen | Camera: CORPORATION | Taken: 24 kes\u00e4kuun, 2015 | Copyright: (c) Matti Remonen | Flash fired: no | Focal length: 52mm | ISO: 220 | Shutter speed: 1\/50s | \" src=\"http:\/\/www.remonen.fi\/WP\/wp-content\/uploads\/2015\/07\/viro_2015_hiiumaa-22.jpg\" alt=\"Hiiumaa Kukeraba patarei\" width=\"680\" height=\"454\" srcset=\"https:\/\/www.remonen.fi\/WP\/wp-content\/uploads\/2015\/07\/viro_2015_hiiumaa-22.jpg 1024w, https:\/\/www.remonen.fi\/WP\/wp-content\/uploads\/2015\/07\/viro_2015_hiiumaa-22-300x200.jpg 300w, https:\/\/www.remonen.fi\/WP\/wp-content\/uploads\/2015\/07\/viro_2015_hiiumaa-22-680x454.jpg 680w, https:\/\/www.remonen.fi\/WP\/wp-content\/uploads\/2015\/07\/viro_2015_hiiumaa-22-440x293.jpg 440w, https:\/\/www.remonen.fi\/WP\/wp-content\/uploads\/2015\/07\/viro_2015_hiiumaa-22-960x640.jpg 960w\" sizes=\"(max-width: 680px) 100vw, 680px\" \/><\/a><p id=\"caption-attachment-6370\" class=\"wp-caption-text\">Rannikkotykist\u00f6patterin t\u00e4hystyskupu<\/p><\/div><div id=\"attachment_6369\" style=\"width: 464px\" class=\"wp-caption aligncenter\"><a href=\"http:\/\/www.remonen.fi\/WP\/wp-content\/uploads\/2015\/07\/viro_2015_hiiumaa-23.jpg\"><img loading=\"lazy\" decoding=\"async\" aria-describedby=\"caption-attachment-6369\" class=\"wp-image-6369\" title=\"Aperture: &#402;\/2.8 | Credit: Matti Remonen | Camera: CORPORATION | Taken: 24 kes\u00e4kuun, 2015 | Copyright: (c) Matti Remonen | Flash fired: yes | Focal length: 52mm | ISO: 64 | Shutter speed: 1\/60s | \" src=\"http:\/\/www.remonen.fi\/WP\/wp-content\/uploads\/2015\/07\/viro_2015_hiiumaa-23.jpg\" alt=\"Hiiumaa Kukeraba patarei\" width=\"454\" height=\"680\" srcset=\"https:\/\/www.remonen.fi\/WP\/wp-content\/uploads\/2015\/07\/viro_2015_hiiumaa-23.jpg 683w, https:\/\/www.remonen.fi\/WP\/wp-content\/uploads\/2015\/07\/viro_2015_hiiumaa-23-200x300.jpg 200w, https:\/\/www.remonen.fi\/WP\/wp-content\/uploads\/2015\/07\/viro_2015_hiiumaa-23-454x680.jpg 454w, https:\/\/www.remonen.fi\/WP\/wp-content\/uploads\/2015\/07\/viro_2015_hiiumaa-23-440x660.jpg 440w, https:\/\/www.remonen.fi\/WP\/wp-content\/uploads\/2015\/07\/viro_2015_hiiumaa-23-300x450.jpg 300w\" sizes=\"(max-width: 454px) 100vw, 454px\" \/><\/a><p id=\"caption-attachment-6369\" class=\"wp-caption-text\">Ja sis\u00e4\u00e4nk\u00e4ynti. T\u00e4st\u00e4 on kuvulle matkaa n. 30-40 metri\u00e4&#8230;<\/p><\/div><\/p>\n<h3>Liiga paljo kiirus&#8230;<\/h3>\n<p>Paluumatkalla sitten v\u00e4h\u00e4n ennen hotellia tempasin iloiseen puskatutkaan. Yhdeks\u00e4nkympin alueella sataviis&#8230; &#8221;Liiga paljo kiirus&#8221; totesi sympaattinen poliisiset\u00e4 ja tarjosi pilli\u00e4 puhallettavaksi. Puhalsin tietysti nollat ja poliisit toivottivat hyv\u00e4t matkat&#8230; Turistiyst\u00e4v\u00e4llinen maa.<\/p>\n<h3>P\u00e4iv\u00e4 3 (25.6.2015)<\/h3>\n<p>Kolmas ja viimeinen p\u00e4iv\u00e4 Hiiumaalla. Tarkoituksena oli k\u00e4yd\u00e4 katsastamassa saaren etel\u00e4rannalla oleva hiekkas\u00e4rkk\u00e4, S\u00e4\u00e4re tirp. Sit\u00e4 ennen kuitenkin oli taas maantiell\u00e4 puhallusratisa. Poliisita vain vilkuttivat jatkamaan matkaa. Alkoi heit\u00e4kin jo kyll\u00e4stytt\u00e4\u00e4&#8230;<\/p>\n<p>Jatkoin sitten matkaa S\u00e4\u00e4re tirpille. Ihan perille ei autolla p\u00e4\u00e4se, vaan k\u00e4velt\u00e4v\u00e4\u00e4 tulee parisen kilometri\u00e4. Keli oli edelleen melkoisen viile\u00e4 ja sadetta enteilev\u00e4, mutta sinneh\u00e4n oli ment\u00e4v\u00e4 kun t\u00e4nne asti oli tultu.<\/p>\n<p>No, S\u00e4\u00e4re tirp tuli n\u00e4hty\u00e4. Hyv\u00e4ll\u00e4 kelill\u00e4 tuolta saisi varmaan hienonn\u00e4k\u00f6ist\u00e4 kuvaa. Tai syksyll\u00e4 pime\u00e4ss\u00e4 t\u00e4htitaivasta.<\/p>\n<p><a href=\"http:\/\/www.remonen.fi\/WP\/wp-content\/uploads\/2015\/07\/viro_2015_hiiumaa-24.jpg\"><img loading=\"lazy\" decoding=\"async\" class=\"aligncenter wp-image-6368\" title=\"Aperture: &#402;\/11 | Credit: Matti Remonen | Camera: CORPORATION | Taken: 25 kes\u00e4kuun, 2015 | Copyright: (c) Matti Remonen | Flash fired: no | Focal length: 24mm | ISO: 64 | Shutter speed: 1\/80s | \" src=\"http:\/\/www.remonen.fi\/WP\/wp-content\/uploads\/2015\/07\/viro_2015_hiiumaa-24.jpg\" alt=\"Hiiumaa S\u00e4\u00e4re tirp\" width=\"680\" height=\"454\" srcset=\"https:\/\/www.remonen.fi\/WP\/wp-content\/uploads\/2015\/07\/viro_2015_hiiumaa-24.jpg 1024w, https:\/\/www.remonen.fi\/WP\/wp-content\/uploads\/2015\/07\/viro_2015_hiiumaa-24-300x200.jpg 300w, https:\/\/www.remonen.fi\/WP\/wp-content\/uploads\/2015\/07\/viro_2015_hiiumaa-24-680x454.jpg 680w, https:\/\/www.remonen.fi\/WP\/wp-content\/uploads\/2015\/07\/viro_2015_hiiumaa-24-440x293.jpg 440w, https:\/\/www.remonen.fi\/WP\/wp-content\/uploads\/2015\/07\/viro_2015_hiiumaa-24-960x640.jpg 960w\" sizes=\"(max-width: 680px) 100vw, 680px\" \/><\/a><\/p>\n<p>Sitten olikin aika ajaa lautalle ja siirty\u00e4 Saarenmaalle.<\/p>\n","protected":false},"excerpt":{"rendered":"<p>P\u00e4\u00e4sin sitten vihdoin Hiiumaan puolellekin, vaikka eih\u00e4n siin\u00e4 mit\u00e4\u00e4n ihmeellist\u00e4 ole. Virossa n\u00e4m\u00e4 saariyhteydet toimivat kuin kello: lautat l\u00e4htev\u00e4t aikataulun mukaan ja lauttalipun voi ostaa joko ennakkoon tai vasta satamasta. Ennakkolipulla tietysti paikka on varma, mutta viel\u00e4 n\u00e4in sesongin ulkopuolella ei varsinaista ruuhkaa ollut muutenkaan. Tosin sen verran pit\u00e4\u00e4 varoituksen sanaa sanoa, ett\u00e4 n\u00e4it\u00e4 aikoja [&hellip;]<\/p>\n","protected":false},"author":2,"featured_media":6371,"comment_status":"open","ping_status":"closed","sticky":false,"template":"","format":"standard","meta":{"footnotes":""},"categories":[16],"tags":[235,147],"yoast_head":"<!-- This site is optimized with the Yoast SEO plugin v24.5 - https:\/\/yoast.com\/wordpress\/plugins\/seo\/ -->\n<title>Hiiuli hei, huolta nyt ei &#187; remonen.fi<\/title>\n<meta name=\"description\" content=\"P\u00e4\u00e4sin sitten vihdoin Hiiumaan puolellekin, vaikka eih\u00e4n siin\u00e4 mit\u00e4\u00e4n ihmeellist\u00e4 ole. Virossa n\u00e4m\u00e4 saariyhteydet toimivat kuin kello: lautat l\u00e4htev\u00e4t...\" \/>\n<meta name=\"robots\" content=\"index, follow, max-snippet:-1, max-image-preview:large, max-video-preview:-1\" \/>\n<link rel=\"canonical\" href=\"https:\/\/www.remonen.fi\/WP\/blogi\/hiiuli-hei-huolta-nyt-ei\/\" \/>\n<meta property=\"og:locale\" content=\"fi_FI\" \/>\n<meta property=\"og:type\" content=\"article\" \/>\n<meta property=\"og:title\" content=\"Hiiuli hei, huolta nyt ei &#187; remonen.fi\" \/>\n<meta property=\"og:description\" content=\"P\u00e4\u00e4sin sitten vihdoin Hiiumaan puolellekin, vaikka eih\u00e4n siin\u00e4 mit\u00e4\u00e4n ihmeellist\u00e4 ole. Virossa n\u00e4m\u00e4 saariyhteydet toimivat kuin kello: lautat l\u00e4htev\u00e4t...\" \/>\n<meta property=\"og:url\" content=\"https:\/\/www.remonen.fi\/WP\/blogi\/hiiuli-hei-huolta-nyt-ei\/\" \/>\n<meta property=\"og:site_name\" content=\"remonen.fi\" \/>\n<meta property=\"article:published_time\" content=\"2015-07-01T17:37:49+00:00\" \/>\n<meta property=\"article:modified_time\" content=\"2015-10-01T16:13:59+00:00\" \/>\n<meta property=\"og:image\" content=\"https:\/\/www.remonen.fi\/WP\/wp-content\/uploads\/2015\/07\/viro_2015_hiiumaa-21.jpg\" \/>\n\t<meta property=\"og:image:width\" content=\"1024\" \/>\n\t<meta property=\"og:image:height\" content=\"683\" \/>\n\t<meta property=\"og:image:type\" content=\"image\/jpeg\" \/>\n<meta name=\"author\" content=\"Matti Remonen\" \/>\n<meta name=\"twitter:label1\" content=\"Kirjoittanut\" \/>\n\t<meta name=\"twitter:data1\" content=\"Matti Remonen\" \/>\n\t<meta name=\"twitter:label2\" content=\"Arvioitu lukuaika\" \/>\n\t<meta name=\"twitter:data2\" content=\"7 minuuttia\" \/>\n<script type=\"application\/ld+json\" class=\"yoast-schema-graph\">{\"@context\":\"https:\/\/schema.org\",\"@graph\":[{\"@type\":\"Article\",\"@id\":\"https:\/\/www.remonen.fi\/WP\/blogi\/hiiuli-hei-huolta-nyt-ei\/#article\",\"isPartOf\":{\"@id\":\"https:\/\/www.remonen.fi\/WP\/blogi\/hiiuli-hei-huolta-nyt-ei\/\"},\"author\":{\"name\":\"Matti Remonen\",\"@id\":\"https:\/\/www.remonen.fi\/WP\/#\/schema\/person\/1803c23d1d4f6722054eb2ac7f7a97cd\"},\"headline\":\"Hiiuli hei, huolta nyt ei\",\"datePublished\":\"2015-07-01T17:37:49+00:00\",\"dateModified\":\"2015-10-01T16:13:59+00:00\",\"mainEntityOfPage\":{\"@id\":\"https:\/\/www.remonen.fi\/WP\/blogi\/hiiuli-hei-huolta-nyt-ei\/\"},\"wordCount\":1444,\"commentCount\":2,\"publisher\":{\"@id\":\"https:\/\/www.remonen.fi\/WP\/#\/schema\/person\/1803c23d1d4f6722054eb2ac7f7a97cd\"},\"image\":{\"@id\":\"https:\/\/www.remonen.fi\/WP\/blogi\/hiiuli-hei-huolta-nyt-ei\/#primaryimage\"},\"thumbnailUrl\":\"https:\/\/www.remonen.fi\/WP\/wp-content\/uploads\/2015\/07\/viro_2015_hiiumaa-21.jpg\",\"keywords\":[\"Hiiumaa\",\"Viro\"],\"articleSection\":[\"Blog\"],\"inLanguage\":\"fi\",\"potentialAction\":[{\"@type\":\"CommentAction\",\"name\":\"Comment\",\"target\":[\"https:\/\/www.remonen.fi\/WP\/blogi\/hiiuli-hei-huolta-nyt-ei\/#respond\"]}]},{\"@type\":\"WebPage\",\"@id\":\"https:\/\/www.remonen.fi\/WP\/blogi\/hiiuli-hei-huolta-nyt-ei\/\",\"url\":\"https:\/\/www.remonen.fi\/WP\/blogi\/hiiuli-hei-huolta-nyt-ei\/\",\"name\":\"Hiiuli hei, huolta nyt ei &#187; remonen.fi\",\"isPartOf\":{\"@id\":\"https:\/\/www.remonen.fi\/WP\/#website\"},\"primaryImageOfPage\":{\"@id\":\"https:\/\/www.remonen.fi\/WP\/blogi\/hiiuli-hei-huolta-nyt-ei\/#primaryimage\"},\"image\":{\"@id\":\"https:\/\/www.remonen.fi\/WP\/blogi\/hiiuli-hei-huolta-nyt-ei\/#primaryimage\"},\"thumbnailUrl\":\"https:\/\/www.remonen.fi\/WP\/wp-content\/uploads\/2015\/07\/viro_2015_hiiumaa-21.jpg\",\"datePublished\":\"2015-07-01T17:37:49+00:00\",\"dateModified\":\"2015-10-01T16:13:59+00:00\",\"description\":\"P\u00e4\u00e4sin sitten vihdoin Hiiumaan puolellekin, vaikka eih\u00e4n siin\u00e4 mit\u00e4\u00e4n ihmeellist\u00e4 ole. Virossa n\u00e4m\u00e4 saariyhteydet toimivat kuin kello: lautat l\u00e4htev\u00e4t...\",\"breadcrumb\":{\"@id\":\"https:\/\/www.remonen.fi\/WP\/blogi\/hiiuli-hei-huolta-nyt-ei\/#breadcrumb\"},\"inLanguage\":\"fi\",\"potentialAction\":[{\"@type\":\"ReadAction\",\"target\":[\"https:\/\/www.remonen.fi\/WP\/blogi\/hiiuli-hei-huolta-nyt-ei\/\"]}]},{\"@type\":\"ImageObject\",\"inLanguage\":\"fi\",\"@id\":\"https:\/\/www.remonen.fi\/WP\/blogi\/hiiuli-hei-huolta-nyt-ei\/#primaryimage\",\"url\":\"https:\/\/www.remonen.fi\/WP\/wp-content\/uploads\/2015\/07\/viro_2015_hiiumaa-21.jpg\",\"contentUrl\":\"https:\/\/www.remonen.fi\/WP\/wp-content\/uploads\/2015\/07\/viro_2015_hiiumaa-21.jpg\",\"width\":1024,\"height\":683},{\"@type\":\"BreadcrumbList\",\"@id\":\"https:\/\/www.remonen.fi\/WP\/blogi\/hiiuli-hei-huolta-nyt-ei\/#breadcrumb\",\"itemListElement\":[{\"@type\":\"ListItem\",\"position\":1,\"name\":\"Etusivu\",\"item\":\"https:\/\/www.remonen.fi\/WP\/\"},{\"@type\":\"ListItem\",\"position\":2,\"name\":\"Hiiuli hei, huolta nyt ei\"}]},{\"@type\":\"WebSite\",\"@id\":\"https:\/\/www.remonen.fi\/WP\/#website\",\"url\":\"https:\/\/www.remonen.fi\/WP\/\",\"name\":\"remonen.fi\",\"description\":\"Valokuvia ja tarinaa laidasta laitaan\",\"publisher\":{\"@id\":\"https:\/\/www.remonen.fi\/WP\/#\/schema\/person\/1803c23d1d4f6722054eb2ac7f7a97cd\"},\"potentialAction\":[{\"@type\":\"SearchAction\",\"target\":{\"@type\":\"EntryPoint\",\"urlTemplate\":\"https:\/\/www.remonen.fi\/WP\/?s={search_term_string}\"},\"query-input\":{\"@type\":\"PropertyValueSpecification\",\"valueRequired\":true,\"valueName\":\"search_term_string\"}}],\"inLanguage\":\"fi\"},{\"@type\":[\"Person\",\"Organization\"],\"@id\":\"https:\/\/www.remonen.fi\/WP\/#\/schema\/person\/1803c23d1d4f6722054eb2ac7f7a97cd\",\"name\":\"Matti Remonen\",\"logo\":{\"@id\":\"https:\/\/www.remonen.fi\/WP\/#\/schema\/person\/image\/\"},\"url\":\"https:\/\/www.remonen.fi\/WP\/blogi\/author\/mre\/\"}]}<\/script>\n<!-- \/ Yoast SEO plugin. -->","yoast_head_json":{"title":"Hiiuli hei, huolta nyt ei &#187; remonen.fi","description":"P\u00e4\u00e4sin sitten vihdoin Hiiumaan puolellekin, vaikka eih\u00e4n siin\u00e4 mit\u00e4\u00e4n ihmeellist\u00e4 ole. Virossa n\u00e4m\u00e4 saariyhteydet toimivat kuin kello: lautat l\u00e4htev\u00e4t...","robots":{"index":"index","follow":"follow","max-snippet":"max-snippet:-1","max-image-preview":"max-image-preview:large","max-video-preview":"max-video-preview:-1"},"canonical":"https:\/\/www.remonen.fi\/WP\/blogi\/hiiuli-hei-huolta-nyt-ei\/","og_locale":"fi_FI","og_type":"article","og_title":"Hiiuli hei, huolta nyt ei &#187; remonen.fi","og_description":"P\u00e4\u00e4sin sitten vihdoin Hiiumaan puolellekin, vaikka eih\u00e4n siin\u00e4 mit\u00e4\u00e4n ihmeellist\u00e4 ole. Virossa n\u00e4m\u00e4 saariyhteydet toimivat kuin kello: lautat l\u00e4htev\u00e4t...","og_url":"https:\/\/www.remonen.fi\/WP\/blogi\/hiiuli-hei-huolta-nyt-ei\/","og_site_name":"remonen.fi","article_published_time":"2015-07-01T17:37:49+00:00","article_modified_time":"2015-10-01T16:13:59+00:00","og_image":[{"width":1024,"height":683,"url":"https:\/\/www.remonen.fi\/WP\/wp-content\/uploads\/2015\/07\/viro_2015_hiiumaa-21.jpg","type":"image\/jpeg"}],"author":"Matti Remonen","twitter_misc":{"Kirjoittanut":"Matti Remonen","Arvioitu lukuaika":"7 minuuttia"},"schema":{"@context":"https:\/\/schema.org","@graph":[{"@type":"Article","@id":"https:\/\/www.remonen.fi\/WP\/blogi\/hiiuli-hei-huolta-nyt-ei\/#article","isPartOf":{"@id":"https:\/\/www.remonen.fi\/WP\/blogi\/hiiuli-hei-huolta-nyt-ei\/"},"author":{"name":"Matti Remonen","@id":"https:\/\/www.remonen.fi\/WP\/#\/schema\/person\/1803c23d1d4f6722054eb2ac7f7a97cd"},"headline":"Hiiuli hei, huolta nyt ei","datePublished":"2015-07-01T17:37:49+00:00","dateModified":"2015-10-01T16:13:59+00:00","mainEntityOfPage":{"@id":"https:\/\/www.remonen.fi\/WP\/blogi\/hiiuli-hei-huolta-nyt-ei\/"},"wordCount":1444,"commentCount":2,"publisher":{"@id":"https:\/\/www.remonen.fi\/WP\/#\/schema\/person\/1803c23d1d4f6722054eb2ac7f7a97cd"},"image":{"@id":"https:\/\/www.remonen.fi\/WP\/blogi\/hiiuli-hei-huolta-nyt-ei\/#primaryimage"},"thumbnailUrl":"https:\/\/www.remonen.fi\/WP\/wp-content\/uploads\/2015\/07\/viro_2015_hiiumaa-21.jpg","keywords":["Hiiumaa","Viro"],"articleSection":["Blog"],"inLanguage":"fi","potentialAction":[{"@type":"CommentAction","name":"Comment","target":["https:\/\/www.remonen.fi\/WP\/blogi\/hiiuli-hei-huolta-nyt-ei\/#respond"]}]},{"@type":"WebPage","@id":"https:\/\/www.remonen.fi\/WP\/blogi\/hiiuli-hei-huolta-nyt-ei\/","url":"https:\/\/www.remonen.fi\/WP\/blogi\/hiiuli-hei-huolta-nyt-ei\/","name":"Hiiuli hei, huolta nyt ei &#187; remonen.fi","isPartOf":{"@id":"https:\/\/www.remonen.fi\/WP\/#website"},"primaryImageOfPage":{"@id":"https:\/\/www.remonen.fi\/WP\/blogi\/hiiuli-hei-huolta-nyt-ei\/#primaryimage"},"image":{"@id":"https:\/\/www.remonen.fi\/WP\/blogi\/hiiuli-hei-huolta-nyt-ei\/#primaryimage"},"thumbnailUrl":"https:\/\/www.remonen.fi\/WP\/wp-content\/uploads\/2015\/07\/viro_2015_hiiumaa-21.jpg","datePublished":"2015-07-01T17:37:49+00:00","dateModified":"2015-10-01T16:13:59+00:00","description":"P\u00e4\u00e4sin sitten vihdoin Hiiumaan puolellekin, vaikka eih\u00e4n siin\u00e4 mit\u00e4\u00e4n ihmeellist\u00e4 ole. Virossa n\u00e4m\u00e4 saariyhteydet toimivat kuin kello: lautat l\u00e4htev\u00e4t...","breadcrumb":{"@id":"https:\/\/www.remonen.fi\/WP\/blogi\/hiiuli-hei-huolta-nyt-ei\/#breadcrumb"},"inLanguage":"fi","potentialAction":[{"@type":"ReadAction","target":["https:\/\/www.remonen.fi\/WP\/blogi\/hiiuli-hei-huolta-nyt-ei\/"]}]},{"@type":"ImageObject","inLanguage":"fi","@id":"https:\/\/www.remonen.fi\/WP\/blogi\/hiiuli-hei-huolta-nyt-ei\/#primaryimage","url":"https:\/\/www.remonen.fi\/WP\/wp-content\/uploads\/2015\/07\/viro_2015_hiiumaa-21.jpg","contentUrl":"https:\/\/www.remonen.fi\/WP\/wp-content\/uploads\/2015\/07\/viro_2015_hiiumaa-21.jpg","width":1024,"height":683},{"@type":"BreadcrumbList","@id":"https:\/\/www.remonen.fi\/WP\/blogi\/hiiuli-hei-huolta-nyt-ei\/#breadcrumb","itemListElement":[{"@type":"ListItem","position":1,"name":"Etusivu","item":"https:\/\/www.remonen.fi\/WP\/"},{"@type":"ListItem","position":2,"name":"Hiiuli hei, huolta nyt ei"}]},{"@type":"WebSite","@id":"https:\/\/www.remonen.fi\/WP\/#website","url":"https:\/\/www.remonen.fi\/WP\/","name":"remonen.fi","description":"Valokuvia ja tarinaa laidasta laitaan","publisher":{"@id":"https:\/\/www.remonen.fi\/WP\/#\/schema\/person\/1803c23d1d4f6722054eb2ac7f7a97cd"},"potentialAction":[{"@type":"SearchAction","target":{"@type":"EntryPoint","urlTemplate":"https:\/\/www.remonen.fi\/WP\/?s={search_term_string}"},"query-input":{"@type":"PropertyValueSpecification","valueRequired":true,"valueName":"search_term_string"}}],"inLanguage":"fi"},{"@type":["Person","Organization"],"@id":"https:\/\/www.remonen.fi\/WP\/#\/schema\/person\/1803c23d1d4f6722054eb2ac7f7a97cd","name":"Matti Remonen","logo":{"@id":"https:\/\/www.remonen.fi\/WP\/#\/schema\/person\/image\/"},"url":"https:\/\/www.remonen.fi\/WP\/blogi\/author\/mre\/"}]}},"_links":{"self":[{"href":"https:\/\/www.remonen.fi\/WP\/wp-json\/wp\/v2\/posts\/6349"}],"collection":[{"href":"https:\/\/www.remonen.fi\/WP\/wp-json\/wp\/v2\/posts"}],"about":[{"href":"https:\/\/www.remonen.fi\/WP\/wp-json\/wp\/v2\/types\/post"}],"author":[{"embeddable":true,"href":"https:\/\/www.remonen.fi\/WP\/wp-json\/wp\/v2\/users\/2"}],"replies":[{"embeddable":true,"href":"https:\/\/www.remonen.fi\/WP\/wp-json\/wp\/v2\/comments?post=6349"}],"version-history":[{"count":0,"href":"https:\/\/www.remonen.fi\/WP\/wp-json\/wp\/v2\/posts\/6349\/revisions"}],"wp:featuredmedia":[{"embeddable":true,"href":"https:\/\/www.remonen.fi\/WP\/wp-json\/wp\/v2\/media\/6371"}],"wp:attachment":[{"href":"https:\/\/www.remonen.fi\/WP\/wp-json\/wp\/v2\/media?parent=6349"}],"wp:term":[{"taxonomy":"category","embeddable":true,"href":"https:\/\/www.remonen.fi\/WP\/wp-json\/wp\/v2\/categories?post=6349"},{"taxonomy":"post_tag","embeddable":true,"href":"https:\/\/www.remonen.fi\/WP\/wp-json\/wp\/v2\/tags?post=6349"}],"curies":[{"name":"wp","href":"https:\/\/api.w.org\/{rel}","templated":true}]}}