{"id":6386,"date":"2015-07-02T15:38:50","date_gmt":"2015-07-02T12:38:50","guid":{"rendered":"http:\/\/www.remonen.fi\/?p=6386"},"modified":"2015-10-01T19:10:50","modified_gmt":"2015-10-01T16:10:50","slug":"saarenmaan-valssi","status":"publish","type":"post","link":"https:\/\/www.remonen.fi\/WP\/blogi\/saarenmaan-valssi\/","title":{"rendered":"Saarenmaan valssi"},"content":{"rendered":"<h3>25.6.2016<\/h3>\n<p><a href=\"http:\/\/www.remonen.fi\/WP\/wp-content\/uploads\/2015\/07\/viro_2015_saarenmaa_1-1.jpg\"><img loading=\"lazy\" decoding=\"async\" class=\"aligncenter wp-image-6391\" title=\"Aperture: &#402;\/6.3 | Taken: 25 kes\u00e4kuun, 2015 | Copyright: (c) Matti Remonen | Flash fired: no | Focal length: 24mm | ISO: 100 | Shutter speed: 1\/125s | \" src=\"http:\/\/www.remonen.fi\/WP\/wp-content\/uploads\/2015\/07\/viro_2015_saarenmaa_1-1.jpg\" alt=\"Saarenmaa\" width=\"462\" height=\"680\" srcset=\"https:\/\/www.remonen.fi\/WP\/wp-content\/uploads\/2015\/07\/viro_2015_saarenmaa_1-1.jpg 695w, https:\/\/www.remonen.fi\/WP\/wp-content\/uploads\/2015\/07\/viro_2015_saarenmaa_1-1-204x300.jpg 204w, https:\/\/www.remonen.fi\/WP\/wp-content\/uploads\/2015\/07\/viro_2015_saarenmaa_1-1-462x680.jpg 462w, https:\/\/www.remonen.fi\/WP\/wp-content\/uploads\/2015\/07\/viro_2015_saarenmaa_1-1-440x648.jpg 440w, https:\/\/www.remonen.fi\/WP\/wp-content\/uploads\/2015\/07\/viro_2015_saarenmaa_1-1-300x442.jpg 300w\" sizes=\"(max-width: 462px) 100vw, 462px\" \/><\/a><\/p>\n<p>Aikanaan sitten saavuinkin Saarenmaalle Hiiumaalta ja ajoin suoraan saaren p\u00e4\u00e4kaupunkiin Kuressaareen, josta minulla oli hotelli varattuna. Kello oli sen verran, etten en\u00e4\u00e4 jaksanut l\u00e4hte\u00e4 ajelemaan saarta ymp\u00e4ri, varsinkin kun kelik\u00e4\u00e4n ei ollut mitenk\u00e4\u00e4n loistava. Toisaalta kello oli viel\u00e4 niin v\u00e4h\u00e4n, ettei nukkumaankaan voinut menn\u00e4. P\u00e4\u00e4tin siis menn\u00e4 vierailemaan uudelleen Saarenmaan museoon, joka sijaitsee Kuressaaren p\u00e4\u00e4n\u00e4ht\u00e4vyydess\u00e4, Piispanlinnassa. N\u00e4in sitten teinkin ja taka-ajatuksena oli katsoa, ett\u00e4 mit\u00e4 silloin aikanaan olin museossa ihmetellyt. T\u00e4st\u00e4h\u00e4n kirjoitin jo tuossa introssa.<\/p>\n<p><a href=\"http:\/\/www.remonen.fi\/WP\/wp-content\/uploads\/2015\/07\/viro_2015_saarenmaa_1-3.jpg\"><img loading=\"lazy\" decoding=\"async\" class=\"aligncenter wp-image-6389\" title=\"Aperture: &#402;\/7.1 | Taken: 25 kes\u00e4kuun, 2015 | Copyright: (c) Matti Remonen | Exposure bias: +7\/10EV | Flash fired: no | Focal length: 24mm | ISO: 100 | Shutter speed: 1\/60s | \" src=\"http:\/\/www.remonen.fi\/WP\/wp-content\/uploads\/2015\/07\/viro_2015_saarenmaa_1-3.jpg\" alt=\"Saarenmaa Kuressaare\" width=\"680\" height=\"454\" srcset=\"https:\/\/www.remonen.fi\/WP\/wp-content\/uploads\/2015\/07\/viro_2015_saarenmaa_1-3.jpg 1024w, https:\/\/www.remonen.fi\/WP\/wp-content\/uploads\/2015\/07\/viro_2015_saarenmaa_1-3-300x200.jpg 300w, https:\/\/www.remonen.fi\/WP\/wp-content\/uploads\/2015\/07\/viro_2015_saarenmaa_1-3-680x454.jpg 680w, https:\/\/www.remonen.fi\/WP\/wp-content\/uploads\/2015\/07\/viro_2015_saarenmaa_1-3-440x293.jpg 440w, https:\/\/www.remonen.fi\/WP\/wp-content\/uploads\/2015\/07\/viro_2015_saarenmaa_1-3-960x640.jpg 960w\" sizes=\"(max-width: 680px) 100vw, 680px\" \/><\/a><\/p>\n<p>Kolhoosi-kartan lis\u00e4ksi museossa on n\u00e4ytill\u00e4 kartta saarella olleista neuvosto-Viron aikaisista sotilastukikohdista ja seh\u00e4n oli minulle varsin hyv\u00e4 tietol\u00e4hde tulevien p\u00e4ivien osalta. Saarenmaallahan oli rajavartiotoiminnan lis\u00e4ksi my\u00f6s lukuisia ilmatorjuntaohjuspattereita, joita ajattelin menn\u00e4 katsomaan. Edellisen\u00e4 vuonna olin k\u00e4ynyt Dejevon rakettitukikohdassa, jossa oli aikanaan ollut Neuvostoliiton pitk\u00e4n matkan ilmatorjuntaohjuksia viiden minuutin laukaisuvalmiudessa 24\/7. Ohjusten kantama ylettyi aina Helsingin ja Tukholman tasalle.<\/p>\n<p><a href=\"http:\/\/www.remonen.fi\/WP\/wp-content\/uploads\/2015\/07\/viro_2015_saarenmaa_1-6.jpg\"><img loading=\"lazy\" decoding=\"async\" class=\"aligncenter wp-image-6387\" title=\"Aperture: &#402;\/4 | Taken: 25 kes\u00e4kuun, 2015 | Copyright: (c) Matti Remonen | Flash fired: no | Focal length: 24mm | ISO: 250 | Shutter speed: 1\/250s | \" src=\"http:\/\/www.remonen.fi\/WP\/wp-content\/uploads\/2015\/07\/viro_2015_saarenmaa_1-6.jpg\" alt=\"Saarenmaa museo\" width=\"680\" height=\"454\" srcset=\"https:\/\/www.remonen.fi\/WP\/wp-content\/uploads\/2015\/07\/viro_2015_saarenmaa_1-6.jpg 1024w, https:\/\/www.remonen.fi\/WP\/wp-content\/uploads\/2015\/07\/viro_2015_saarenmaa_1-6-300x200.jpg 300w, https:\/\/www.remonen.fi\/WP\/wp-content\/uploads\/2015\/07\/viro_2015_saarenmaa_1-6-680x454.jpg 680w, https:\/\/www.remonen.fi\/WP\/wp-content\/uploads\/2015\/07\/viro_2015_saarenmaa_1-6-440x293.jpg 440w, https:\/\/www.remonen.fi\/WP\/wp-content\/uploads\/2015\/07\/viro_2015_saarenmaa_1-6-960x640.jpg 960w\" sizes=\"(max-width: 680px) 100vw, 680px\" \/><\/a><\/p>\n<p>Bongasinkin kartalta yhden keskimatkan IT-ohjuspatterin sijainnin, joka itse asiassa viime vuonna j\u00e4i minulta jostain syyst\u00e4 v\u00e4liin, vaikka olin k\u00e4ynyt ihan vieress\u00e4. P\u00e4\u00e4tin sitten suunnata sinne ensimm\u00e4iseksi heti seuraavana aamuna.<\/p>\n<h3>26.6.2015<\/h3>\n<p><div id=\"attachment_6410\" style=\"width: 464px\" class=\"wp-caption aligncenter\"><a href=\"http:\/\/www.remonen.fi\/WP\/wp-content\/uploads\/2015\/07\/viro_2015_saarenmaa_1-7.jpg\"><img loading=\"lazy\" decoding=\"async\" aria-describedby=\"caption-attachment-6410\" class=\"wp-image-6410\" title=\"Aperture: &#402;\/8 | Credit: Matti Remonen | Camera: CORPORATION | Taken: 26 kes\u00e4kuun, 2015 | Copyright: (c) Matti Remonen | Flash fired: no | Focal length: 29mm | ISO: 64 | Shutter speed: 1\/100s | \" src=\"http:\/\/www.remonen.fi\/WP\/wp-content\/uploads\/2015\/07\/viro_2015_saarenmaa_1-7.jpg\" alt=\"viro_2015_saarenmaa_1-7\" width=\"454\" height=\"680\" srcset=\"https:\/\/www.remonen.fi\/WP\/wp-content\/uploads\/2015\/07\/viro_2015_saarenmaa_1-7.jpg 683w, https:\/\/www.remonen.fi\/WP\/wp-content\/uploads\/2015\/07\/viro_2015_saarenmaa_1-7-200x300.jpg 200w, https:\/\/www.remonen.fi\/WP\/wp-content\/uploads\/2015\/07\/viro_2015_saarenmaa_1-7-454x680.jpg 454w, https:\/\/www.remonen.fi\/WP\/wp-content\/uploads\/2015\/07\/viro_2015_saarenmaa_1-7-440x660.jpg 440w, https:\/\/www.remonen.fi\/WP\/wp-content\/uploads\/2015\/07\/viro_2015_saarenmaa_1-7-300x450.jpg 300w\" sizes=\"(max-width: 454px) 100vw, 454px\" \/><\/a><p id=\"caption-attachment-6410\" class=\"wp-caption-text\">Tagarannan liikenneympyr\u00e4<\/p><\/div>Aamulla sitten auton nokka kohden pohjoista ja osoitteeksi Tagaranna. Se on varsin pittoreski kalastajakyl\u00e4, jossa kannattaa k\u00e4yd\u00e4, vaikkei ohjuspatterit kiinnostakaan. Itse kyl\u00e4 on alhaalla rannalla ja sotilasn\u00e4ht\u00e4vyys sitten ylh\u00e4\u00e4ll\u00e4 kukkulalla. Samoissa maisemissa on my\u00f6s Estonialla hukkuneiden muistomerkki, jos siell\u00e4 haluaa vierailla.<\/p>\n<p>Kyl\u00e4st\u00e4 johtaa k\u00e4rrypolku yl\u00f6s kukkulalle ja suoraan kasarmialueen pihalle. Siell\u00e4 on sitten normaalit n\u00e4ht\u00e4vyydet pitk\u00e4lti samaan tyyliin, kuin mit\u00e4 viime kes\u00e4n\u00e4 oli Tammunan aluevalvontakeskusessa: hallinto\/p\u00e4\u00e4rakennus, asuintalo, varastorakennukset, huoltorakennus, ohjussuojat ja tietysti juoksuhauta bunkkereineen. Lis\u00e4mausteena t\u00e4\u00e4ll\u00e4 on ilmeisesti kasvatettu my\u00f6s itse vihanneksia ym. kun paikalla oli raunioitunut kasvihuone. Joku oli my\u00f6s unohtanut kent\u00e4lle veneen. Hetki menee, ennen kuin vesi nousee n\u00e4in korkealle, mutta ei tuo ihan soutukunnossa n\u00e4ytt\u00e4nyt en\u00e4\u00e4 olevan. Niin, ja l\u00f6ytyih\u00e4n tuolta my\u00f6s pesutilat saunoineen ja &#8221;uima-altaineen&#8221;.<\/p>\n<p><div id=\"attachment_6409\" style=\"width: 690px\" class=\"wp-caption aligncenter\"><a href=\"http:\/\/www.remonen.fi\/WP\/wp-content\/uploads\/2015\/07\/viro_2015_saarenmaa_1-8.jpg\"><img loading=\"lazy\" decoding=\"async\" aria-describedby=\"caption-attachment-6409\" class=\"wp-image-6409\" title=\"Aperture: &#402;\/8 | Credit: Matti Remonen | Camera: CORPORATION | Taken: 26 kes\u00e4kuun, 2015 | Copyright: (c) Matti Remonen | Flash fired: no | Focal length: 24mm | ISO: 64 | Shutter speed: 1\/100s | \" src=\"http:\/\/www.remonen.fi\/WP\/wp-content\/uploads\/2015\/07\/viro_2015_saarenmaa_1-8.jpg\" alt=\"Saarenmaa Tagaranna ohjupatteri\" width=\"680\" height=\"454\" srcset=\"https:\/\/www.remonen.fi\/WP\/wp-content\/uploads\/2015\/07\/viro_2015_saarenmaa_1-8.jpg 1024w, https:\/\/www.remonen.fi\/WP\/wp-content\/uploads\/2015\/07\/viro_2015_saarenmaa_1-8-300x200.jpg 300w, https:\/\/www.remonen.fi\/WP\/wp-content\/uploads\/2015\/07\/viro_2015_saarenmaa_1-8-680x454.jpg 680w, https:\/\/www.remonen.fi\/WP\/wp-content\/uploads\/2015\/07\/viro_2015_saarenmaa_1-8-440x293.jpg 440w, https:\/\/www.remonen.fi\/WP\/wp-content\/uploads\/2015\/07\/viro_2015_saarenmaa_1-8-960x640.jpg 960w\" sizes=\"(max-width: 680px) 100vw, 680px\" \/><\/a><p id=\"caption-attachment-6409\" class=\"wp-caption-text\">P\u00e4\u00e4rakennus<\/p><\/div><code>[envira-gallery id=\"6414\"]<\/code><\/p>\n<p>Tuolta sitten selvitty\u00e4ni ajoin l\u00e4heiselle &#8221;Vaatlustornille&#8221;, eli t\u00e4hystystornille. Virolaiset ovat varsin pragmaattista ja kekseli\u00e4st\u00e4 porukkaa: kun kerran noita Neuvostoliittolaisten hylk\u00e4\u00e4mi\u00e4 t\u00e4hystystorneja on niemet ja notkot pullollaan, niin osasta on tehty lintujen tarkkailuun sopivia torneja. Siell\u00e4 sit\u00e4 kelpaa sis\u00e4tiloista v\u00e4ijy\u00e4 lintuja.<\/p>\n<p><a href=\"http:\/\/www.remonen.fi\/WP\/wp-content\/uploads\/2015\/07\/viro_2015_saarenmaa_1-19.jpg\"><img loading=\"lazy\" decoding=\"async\" class=\"aligncenter wp-image-6398\" title=\"Aperture: &#402;\/5.6 | Credit: Matti Remonen | Camera: CORPORATION | Taken: 26 kes\u00e4kuun, 2015 | Copyright: (c) Matti Remonen | Flash fired: no | Focal length: 34mm | ISO: 64 | Shutter speed: 1\/800s | \" src=\"http:\/\/www.remonen.fi\/WP\/wp-content\/uploads\/2015\/07\/viro_2015_saarenmaa_1-19.jpg\" alt=\"Tagaranna Vaatlustorn\" width=\"454\" height=\"680\" srcset=\"https:\/\/www.remonen.fi\/WP\/wp-content\/uploads\/2015\/07\/viro_2015_saarenmaa_1-19.jpg 683w, https:\/\/www.remonen.fi\/WP\/wp-content\/uploads\/2015\/07\/viro_2015_saarenmaa_1-19-200x300.jpg 200w, https:\/\/www.remonen.fi\/WP\/wp-content\/uploads\/2015\/07\/viro_2015_saarenmaa_1-19-454x680.jpg 454w, https:\/\/www.remonen.fi\/WP\/wp-content\/uploads\/2015\/07\/viro_2015_saarenmaa_1-19-440x660.jpg 440w, https:\/\/www.remonen.fi\/WP\/wp-content\/uploads\/2015\/07\/viro_2015_saarenmaa_1-19-300x450.jpg 300w\" sizes=\"(max-width: 454px) 100vw, 454px\" \/><\/a><\/p>\n<p><div id=\"attachment_6399\" style=\"width: 690px\" class=\"wp-caption aligncenter\"><a href=\"http:\/\/www.remonen.fi\/WP\/wp-content\/uploads\/2015\/07\/viro_2015_saarenmaa_1-18.jpg\"><img loading=\"lazy\" decoding=\"async\" aria-describedby=\"caption-attachment-6399\" class=\"wp-image-6399\" title=\"Aperture: &#402;\/5.6 | Credit: Matti Remonen | Camera: CORPORATION | Taken: 26 kes\u00e4kuun, 2015 | Copyright: (c) Matti Remonen | Flash fired: no | Focal length: 24mm | ISO: 64 | Shutter speed: 1\/500s | \" src=\"http:\/\/www.remonen.fi\/WP\/wp-content\/uploads\/2015\/07\/viro_2015_saarenmaa_1-18.jpg\" alt=\"Tagaranna Vaatlustorn\" width=\"680\" height=\"454\" srcset=\"https:\/\/www.remonen.fi\/WP\/wp-content\/uploads\/2015\/07\/viro_2015_saarenmaa_1-18.jpg 1024w, https:\/\/www.remonen.fi\/WP\/wp-content\/uploads\/2015\/07\/viro_2015_saarenmaa_1-18-300x200.jpg 300w, https:\/\/www.remonen.fi\/WP\/wp-content\/uploads\/2015\/07\/viro_2015_saarenmaa_1-18-680x454.jpg 680w, https:\/\/www.remonen.fi\/WP\/wp-content\/uploads\/2015\/07\/viro_2015_saarenmaa_1-18-440x293.jpg 440w, https:\/\/www.remonen.fi\/WP\/wp-content\/uploads\/2015\/07\/viro_2015_saarenmaa_1-18-960x640.jpg 960w\" sizes=\"(max-width: 680px) 100vw, 680px\" \/><\/a><p id=\"caption-attachment-6399\" class=\"wp-caption-text\"><br \/>N\u00e4kym\u00e4 tornista. Huomaa l\u00e4hitorjuntabunkkeri alavasemmalla.<\/p><\/div><br \/>\nTuolta l\u00e4ksin sitten ajelemaan keskisaareen ilman sen suurempaa suunnitelmaa. Ajoin ensin &#8221;Panga pankille&#8221;, joka on pohjois-rannalla oleva jyrk\u00e4nne. Saarihan on muodostunut pitk\u00e4lti hiekkakivest\u00e4, joten aikojen kuluessa meri on sy\u00f6nyt rantat\u00f6rm\u00e4n niin, ett\u00e4 pudotusta mereen on toistakymmenta metri\u00e4.<\/p>\n<p><a href=\"http:\/\/www.remonen.fi\/WP\/wp-content\/uploads\/2015\/07\/viro_2015_saarenmaa_1-20.jpg\"><img loading=\"lazy\" decoding=\"async\" class=\"aligncenter wp-image-6397\" title=\"Aperture: &#402;\/14 | Credit: Matti Remonen | Camera: CORPORATION | Taken: 26 kes\u00e4kuun, 2015 | Copyright: (c) Matti Remonen | Flash fired: no | Focal length: 26mm | ISO: 64 | Shutter speed: 1\/80s | \" src=\"http:\/\/www.remonen.fi\/WP\/wp-content\/uploads\/2015\/07\/viro_2015_saarenmaa_1-20.jpg\" alt=\"Panga pank\" width=\"680\" height=\"454\" srcset=\"https:\/\/www.remonen.fi\/WP\/wp-content\/uploads\/2015\/07\/viro_2015_saarenmaa_1-20.jpg 1024w, https:\/\/www.remonen.fi\/WP\/wp-content\/uploads\/2015\/07\/viro_2015_saarenmaa_1-20-300x200.jpg 300w, https:\/\/www.remonen.fi\/WP\/wp-content\/uploads\/2015\/07\/viro_2015_saarenmaa_1-20-680x454.jpg 680w, https:\/\/www.remonen.fi\/WP\/wp-content\/uploads\/2015\/07\/viro_2015_saarenmaa_1-20-440x293.jpg 440w, https:\/\/www.remonen.fi\/WP\/wp-content\/uploads\/2015\/07\/viro_2015_saarenmaa_1-20-960x640.jpg 960w\" sizes=\"(max-width: 680px) 100vw, 680px\" \/><\/a><\/p>\n<p>Sy\u00f6ty\u00e4ni siell\u00e4 j\u00e4\u00e4tel\u00f6n jatkoin matkaa toiselle saaren &#8221;p\u00e4\u00e4n\u00e4ht\u00e4vyyksist\u00e4&#8221;: Anglan tuulimyllypuistoon. Tuo ei nyt minuun kovin suurta vaikutusta tehnyt, mutta onpahan sekin nyt sitten n\u00e4hty&#8230; jaa-nii, mik\u00e4 se toinen n\u00e4ht\u00e4vyys on? No se on Kaalin meteorikraateri, joka &#8211; jos mahdollista &#8211; on viel\u00e4 suurempi antikliimaksi. En jaksa laittaa siit\u00e4 edes kuvaa: likaista vett\u00e4 py\u00f6re\u00e4ss\u00e4 lammessa. Mutta t\u00e4ss\u00e4 nyt parit tuulimyllyt:<\/p>\n<p><a href=\"http:\/\/www.remonen.fi\/WP\/wp-content\/uploads\/2015\/07\/viro_2015_saarenmaa_1-21.jpg\"><img loading=\"lazy\" decoding=\"async\" class=\"aligncenter wp-image-6396\" title=\"Aperture: &#402;\/9 | Taken: 26 kes\u00e4kuun, 2015 | Copyright: (c) Matti Remonen | Exposure bias: +1.7EV | Flash fired: no | Focal length: 21mm | ISO: 100 | Shutter speed: 1\/160s | \" src=\"http:\/\/www.remonen.fi\/WP\/wp-content\/uploads\/2015\/07\/viro_2015_saarenmaa_1-21.jpg\" alt=\"Angla tuulikumaki\" width=\"680\" height=\"452\" srcset=\"https:\/\/www.remonen.fi\/WP\/wp-content\/uploads\/2015\/07\/viro_2015_saarenmaa_1-21.jpg 1024w, https:\/\/www.remonen.fi\/WP\/wp-content\/uploads\/2015\/07\/viro_2015_saarenmaa_1-21-300x199.jpg 300w, https:\/\/www.remonen.fi\/WP\/wp-content\/uploads\/2015\/07\/viro_2015_saarenmaa_1-21-680x452.jpg 680w, https:\/\/www.remonen.fi\/WP\/wp-content\/uploads\/2015\/07\/viro_2015_saarenmaa_1-21-440x292.jpg 440w, https:\/\/www.remonen.fi\/WP\/wp-content\/uploads\/2015\/07\/viro_2015_saarenmaa_1-21-960x638.jpg 960w\" sizes=\"(max-width: 680px) 100vw, 680px\" \/><\/a><br \/>\nJaa, mit\u00e4 min\u00e4 h\u00f6perehdin. Onhan minulla kuva my\u00f6s Anglasta&#8230; kerrostalon halkopino. Ei ollut turha reissu sek\u00e4\u00e4n, ei.<\/p>\n<p><a href=\"http:\/\/www.remonen.fi\/WP\/wp-content\/uploads\/2015\/07\/viro_2015_saarenmaa_1-22.jpg\"><img loading=\"lazy\" decoding=\"async\" class=\"aligncenter wp-image-6395\" title=\"Aperture: &#402;\/4.5 | Credit: Matti Remonen | Camera: CORPORATION | Taken: 26 kes\u00e4kuun, 2015 | Copyright: (c) Matti Remonen | Flash fired: no | Focal length: 48mm | ISO: 64 | Shutter speed: 1\/125s | \" src=\"http:\/\/www.remonen.fi\/WP\/wp-content\/uploads\/2015\/07\/viro_2015_saarenmaa_1-22.jpg\" alt=\"Kaali halkopinot\" width=\"680\" height=\"454\" srcset=\"https:\/\/www.remonen.fi\/WP\/wp-content\/uploads\/2015\/07\/viro_2015_saarenmaa_1-22.jpg 1024w, https:\/\/www.remonen.fi\/WP\/wp-content\/uploads\/2015\/07\/viro_2015_saarenmaa_1-22-300x200.jpg 300w, https:\/\/www.remonen.fi\/WP\/wp-content\/uploads\/2015\/07\/viro_2015_saarenmaa_1-22-680x454.jpg 680w, https:\/\/www.remonen.fi\/WP\/wp-content\/uploads\/2015\/07\/viro_2015_saarenmaa_1-22-440x293.jpg 440w, https:\/\/www.remonen.fi\/WP\/wp-content\/uploads\/2015\/07\/viro_2015_saarenmaa_1-22-960x640.jpg 960w\" sizes=\"(max-width: 680px) 100vw, 680px\" \/><\/a><br \/>\nSaarenmaalla iso osa vanhoista kerrostaloista l\u00e4mpi\u00e4\u00e4 viel\u00e4 haloilla. Ihme, ett\u00e4 saarella riitt\u00e4\u00e4 puuta moiseen.<\/p>\n<p>Anglasta sitten k\u00e4\u00e4nsin suunnan kohti Kuressaarta ja hotellia. Matkalla silmiini sattui hieno hyl\u00e4tylt\u00e4 vaikuttava &#8221;kolhoosirakennus&#8221;, ja ei kun sinne vaan pihaan ja kamera kouraan. Ainoa vain, ettei se ollut hyl\u00e4tty. Eik\u00e4 kolhoosi. Paikkahan oli teollisen mittakaavan mylly&#8230; ja paikalla oli my\u00f6s omistaja, vanha saarenmaalainen myll\u00e4ri. Ristus, ett\u00e4 paikka oli t\u00e4ynn\u00e4 mielenkiintoista tavaraa, olisin voinut olla siell\u00e4 vaikka koko viikon. Valitettavasti vain mun eestinkieli rajoittuu repliikkeihin &#8221;Yks ol\u00fc&#8221; ja &#8221;Ma ei r\u00e4\u00e4gi eesti keel&#8221;. Niill\u00e4 ei nyt tuossa tilanteessa kovin pitk\u00e4lle p\u00e4rj\u00e4tty, mutta ei se tosin haitannut. Set\u00e4 esitteli minulle paikkoja ja puhui sujuvasti viroa. Min\u00e4 kuuntelin yht\u00e4 sujuvasti ja ny\u00f6kyttelin kovin ymm\u00e4rt\u00e4v\u00e4n oloisesti. En sitten kuitenkaan kehdannut j\u00e4\u00e4d\u00e4 sinne kuvaamaan pidemm\u00e4ksi aikaa, mutta muutaman kuvan r\u00e4ps\u00e4isin.<\/p>\n<p><a href=\"http:\/\/www.remonen.fi\/WP\/wp-content\/uploads\/2015\/07\/viro_2015_saarenmaa_1-23.jpg\"><img loading=\"lazy\" decoding=\"async\" class=\"aligncenter wp-image-6394\" title=\"Aperture: &#402;\/14 | Credit: Matti Remonen | Camera: CORPORATION | Taken: 26 kes\u00e4kuun, 2015 | Copyright: (c) Matti Remonen | Flash fired: no | Focal length: 24mm | ISO: 110 | Shutter speed: 1\/50s | \" src=\"http:\/\/www.remonen.fi\/WP\/wp-content\/uploads\/2015\/07\/viro_2015_saarenmaa_1-23.jpg\" alt=\"Saarenmaa mylly\" width=\"680\" height=\"454\" srcset=\"https:\/\/www.remonen.fi\/WP\/wp-content\/uploads\/2015\/07\/viro_2015_saarenmaa_1-23.jpg 1024w, https:\/\/www.remonen.fi\/WP\/wp-content\/uploads\/2015\/07\/viro_2015_saarenmaa_1-23-300x200.jpg 300w, https:\/\/www.remonen.fi\/WP\/wp-content\/uploads\/2015\/07\/viro_2015_saarenmaa_1-23-680x454.jpg 680w, https:\/\/www.remonen.fi\/WP\/wp-content\/uploads\/2015\/07\/viro_2015_saarenmaa_1-23-440x293.jpg 440w, https:\/\/www.remonen.fi\/WP\/wp-content\/uploads\/2015\/07\/viro_2015_saarenmaa_1-23-960x640.jpg 960w\" sizes=\"(max-width: 680px) 100vw, 680px\" \/><\/a><\/p>\n<p><div id=\"attachment_6392\" style=\"width: 464px\" class=\"wp-caption aligncenter\"><a href=\"http:\/\/www.remonen.fi\/WP\/wp-content\/uploads\/2015\/07\/viro_2015_saarenmaa_1-25.jpg\"><img loading=\"lazy\" decoding=\"async\" aria-describedby=\"caption-attachment-6392\" class=\"wp-image-6392\" title=\"Aperture: &#402;\/6.3 | Credit: Matti Remonen | Camera: CORPORATION | Taken: 26 kes\u00e4kuun, 2015 | Copyright: (c) Matti Remonen | Flash fired: no | Focal length: 24mm | ISO: 3600 | Shutter speed: 1\/50s | \" src=\"http:\/\/www.remonen.fi\/WP\/wp-content\/uploads\/2015\/07\/viro_2015_saarenmaa_1-25.jpg\" alt=\"Saarenmaa mylly\" width=\"454\" height=\"680\" srcset=\"https:\/\/www.remonen.fi\/WP\/wp-content\/uploads\/2015\/07\/viro_2015_saarenmaa_1-25.jpg 683w, https:\/\/www.remonen.fi\/WP\/wp-content\/uploads\/2015\/07\/viro_2015_saarenmaa_1-25-200x300.jpg 200w, https:\/\/www.remonen.fi\/WP\/wp-content\/uploads\/2015\/07\/viro_2015_saarenmaa_1-25-454x680.jpg 454w, https:\/\/www.remonen.fi\/WP\/wp-content\/uploads\/2015\/07\/viro_2015_saarenmaa_1-25-440x660.jpg 440w, https:\/\/www.remonen.fi\/WP\/wp-content\/uploads\/2015\/07\/viro_2015_saarenmaa_1-25-300x450.jpg 300w\" sizes=\"(max-width: 454px) 100vw, 454px\" \/><\/a><p id=\"caption-attachment-6392\" class=\"wp-caption-text\"><br \/>Paahdettua viljaa saatavilla<\/p><\/div><div id=\"attachment_6393\" style=\"width: 464px\" class=\"wp-caption aligncenter\"><a href=\"http:\/\/www.remonen.fi\/WP\/wp-content\/uploads\/2015\/07\/viro_2015_saarenmaa_1-24.jpg\"><img loading=\"lazy\" decoding=\"async\" aria-describedby=\"caption-attachment-6393\" class=\"wp-image-6393\" title=\"Aperture: &#402;\/14 | Credit: Matti Remonen | Camera: CORPORATION | Taken: 26 kes\u00e4kuun, 2015 | Copyright: (c) Matti Remonen | Flash fired: no | Focal length: 52mm | ISO: 640 | Shutter speed: 1\/100s | \" src=\"http:\/\/www.remonen.fi\/WP\/wp-content\/uploads\/2015\/07\/viro_2015_saarenmaa_1-24.jpg\" alt=\"Saarenmaa mylly\" width=\"454\" height=\"680\" srcset=\"https:\/\/www.remonen.fi\/WP\/wp-content\/uploads\/2015\/07\/viro_2015_saarenmaa_1-24.jpg 683w, https:\/\/www.remonen.fi\/WP\/wp-content\/uploads\/2015\/07\/viro_2015_saarenmaa_1-24-200x300.jpg 200w, https:\/\/www.remonen.fi\/WP\/wp-content\/uploads\/2015\/07\/viro_2015_saarenmaa_1-24-454x680.jpg 454w, https:\/\/www.remonen.fi\/WP\/wp-content\/uploads\/2015\/07\/viro_2015_saarenmaa_1-24-440x660.jpg 440w, https:\/\/www.remonen.fi\/WP\/wp-content\/uploads\/2015\/07\/viro_2015_saarenmaa_1-24-300x450.jpg 300w\" sizes=\"(max-width: 454px) 100vw, 454px\" \/><\/a><p id=\"caption-attachment-6393\" class=\"wp-caption-text\">Myll\u00e4ri itse. N\u00e4ytt\u00e4\u00e4 peukkua, ei nyrkki\u00e4.<\/p><\/div><br \/>\nSiin\u00e4 se sitten sekin p\u00e4iv\u00e4 oli pulkassa. Seuraavana p\u00e4iv\u00e4n\u00e4 oli ohjelmassa ydinohjuksia, vaikka viel\u00e4 t\u00e4ss\u00e4 vaiheessa olin siit\u00e4 onnellisen tiet\u00e4m\u00e4t\u00f6n.<\/p>\n","protected":false},"excerpt":{"rendered":"<p>25.6.2016 Aikanaan sitten saavuinkin Saarenmaalle Hiiumaalta ja ajoin suoraan saaren p\u00e4\u00e4kaupunkiin Kuressaareen, josta minulla oli hotelli varattuna. Kello oli sen verran, etten en\u00e4\u00e4 jaksanut l\u00e4hte\u00e4 ajelemaan saarta ymp\u00e4ri, varsinkin kun kelik\u00e4\u00e4n ei ollut mitenk\u00e4\u00e4n loistava. Toisaalta kello oli viel\u00e4 niin v\u00e4h\u00e4n, ettei nukkumaankaan voinut menn\u00e4. P\u00e4\u00e4tin siis menn\u00e4 vierailemaan uudelleen Saarenmaan museoon, joka sijaitsee Kuressaaren [&hellip;]<\/p>\n","protected":false},"author":2,"featured_media":6409,"comment_status":"open","ping_status":"closed","sticky":false,"template":"","format":"standard","meta":{"footnotes":""},"categories":[16],"tags":[237,236,146,238,147],"yoast_head":"<!-- This site is optimized with the Yoast SEO plugin v24.5 - https:\/\/yoast.com\/wordpress\/plugins\/seo\/ -->\n<title>Saarenmaan valssi &#187; remonen.fi<\/title>\n<meta name=\"description\" content=\"Aikanaan sitten saavuinkin Saarenmaalle Hiiumaalta ja ajoin suoraan saaren p\u00e4\u00e4kaupunkiin Kuressaareen, josta minulla oli hotelli varattuna.\" \/>\n<meta name=\"robots\" content=\"index, follow, max-snippet:-1, max-image-preview:large, max-video-preview:-1\" \/>\n<link rel=\"canonical\" href=\"https:\/\/www.remonen.fi\/WP\/blogi\/saarenmaan-valssi\/\" \/>\n<meta property=\"og:locale\" content=\"fi_FI\" \/>\n<meta property=\"og:type\" content=\"article\" \/>\n<meta property=\"og:title\" content=\"Saarenmaan valssi &#187; remonen.fi\" \/>\n<meta property=\"og:description\" content=\"Aikanaan sitten saavuinkin Saarenmaalle Hiiumaalta ja ajoin suoraan saaren p\u00e4\u00e4kaupunkiin Kuressaareen, josta minulla oli hotelli varattuna.\" \/>\n<meta property=\"og:url\" content=\"https:\/\/www.remonen.fi\/WP\/blogi\/saarenmaan-valssi\/\" \/>\n<meta property=\"og:site_name\" content=\"remonen.fi\" \/>\n<meta property=\"article:published_time\" content=\"2015-07-02T12:38:50+00:00\" \/>\n<meta property=\"article:modified_time\" content=\"2015-10-01T16:10:50+00:00\" \/>\n<meta property=\"og:image\" content=\"https:\/\/www.remonen.fi\/WP\/wp-content\/uploads\/2015\/07\/viro_2015_saarenmaa_1-8.jpg\" \/>\n\t<meta property=\"og:image:width\" content=\"1024\" \/>\n\t<meta property=\"og:image:height\" content=\"683\" \/>\n\t<meta property=\"og:image:type\" content=\"image\/jpeg\" \/>\n<meta name=\"author\" content=\"Matti Remonen\" \/>\n<meta name=\"twitter:label1\" content=\"Kirjoittanut\" \/>\n\t<meta name=\"twitter:data1\" content=\"Matti Remonen\" \/>\n\t<meta name=\"twitter:label2\" content=\"Arvioitu lukuaika\" \/>\n\t<meta name=\"twitter:data2\" content=\"4 minuuttia\" \/>\n<script type=\"application\/ld+json\" class=\"yoast-schema-graph\">{\"@context\":\"https:\/\/schema.org\",\"@graph\":[{\"@type\":\"Article\",\"@id\":\"https:\/\/www.remonen.fi\/WP\/blogi\/saarenmaan-valssi\/#article\",\"isPartOf\":{\"@id\":\"https:\/\/www.remonen.fi\/WP\/blogi\/saarenmaan-valssi\/\"},\"author\":{\"name\":\"Matti Remonen\",\"@id\":\"https:\/\/www.remonen.fi\/WP\/#\/schema\/person\/1803c23d1d4f6722054eb2ac7f7a97cd\"},\"headline\":\"Saarenmaan valssi\",\"datePublished\":\"2015-07-02T12:38:50+00:00\",\"dateModified\":\"2015-10-01T16:10:50+00:00\",\"mainEntityOfPage\":{\"@id\":\"https:\/\/www.remonen.fi\/WP\/blogi\/saarenmaan-valssi\/\"},\"wordCount\":752,\"commentCount\":2,\"publisher\":{\"@id\":\"https:\/\/www.remonen.fi\/WP\/#\/schema\/person\/1803c23d1d4f6722054eb2ac7f7a97cd\"},\"image\":{\"@id\":\"https:\/\/www.remonen.fi\/WP\/blogi\/saarenmaan-valssi\/#primaryimage\"},\"thumbnailUrl\":\"https:\/\/www.remonen.fi\/WP\/wp-content\/uploads\/2015\/07\/viro_2015_saarenmaa_1-8.jpg\",\"keywords\":[\"Angla\",\"Kaali\",\"Saarenmaa\",\"Tagaranna\",\"Viro\"],\"articleSection\":[\"Blog\"],\"inLanguage\":\"fi\",\"potentialAction\":[{\"@type\":\"CommentAction\",\"name\":\"Comment\",\"target\":[\"https:\/\/www.remonen.fi\/WP\/blogi\/saarenmaan-valssi\/#respond\"]}]},{\"@type\":\"WebPage\",\"@id\":\"https:\/\/www.remonen.fi\/WP\/blogi\/saarenmaan-valssi\/\",\"url\":\"https:\/\/www.remonen.fi\/WP\/blogi\/saarenmaan-valssi\/\",\"name\":\"Saarenmaan valssi &#187; remonen.fi\",\"isPartOf\":{\"@id\":\"https:\/\/www.remonen.fi\/WP\/#website\"},\"primaryImageOfPage\":{\"@id\":\"https:\/\/www.remonen.fi\/WP\/blogi\/saarenmaan-valssi\/#primaryimage\"},\"image\":{\"@id\":\"https:\/\/www.remonen.fi\/WP\/blogi\/saarenmaan-valssi\/#primaryimage\"},\"thumbnailUrl\":\"https:\/\/www.remonen.fi\/WP\/wp-content\/uploads\/2015\/07\/viro_2015_saarenmaa_1-8.jpg\",\"datePublished\":\"2015-07-02T12:38:50+00:00\",\"dateModified\":\"2015-10-01T16:10:50+00:00\",\"description\":\"Aikanaan sitten saavuinkin Saarenmaalle Hiiumaalta ja ajoin suoraan saaren p\u00e4\u00e4kaupunkiin Kuressaareen, josta minulla oli hotelli varattuna.\",\"breadcrumb\":{\"@id\":\"https:\/\/www.remonen.fi\/WP\/blogi\/saarenmaan-valssi\/#breadcrumb\"},\"inLanguage\":\"fi\",\"potentialAction\":[{\"@type\":\"ReadAction\",\"target\":[\"https:\/\/www.remonen.fi\/WP\/blogi\/saarenmaan-valssi\/\"]}]},{\"@type\":\"ImageObject\",\"inLanguage\":\"fi\",\"@id\":\"https:\/\/www.remonen.fi\/WP\/blogi\/saarenmaan-valssi\/#primaryimage\",\"url\":\"https:\/\/www.remonen.fi\/WP\/wp-content\/uploads\/2015\/07\/viro_2015_saarenmaa_1-8.jpg\",\"contentUrl\":\"https:\/\/www.remonen.fi\/WP\/wp-content\/uploads\/2015\/07\/viro_2015_saarenmaa_1-8.jpg\",\"width\":1024,\"height\":683},{\"@type\":\"BreadcrumbList\",\"@id\":\"https:\/\/www.remonen.fi\/WP\/blogi\/saarenmaan-valssi\/#breadcrumb\",\"itemListElement\":[{\"@type\":\"ListItem\",\"position\":1,\"name\":\"Etusivu\",\"item\":\"https:\/\/www.remonen.fi\/WP\/\"},{\"@type\":\"ListItem\",\"position\":2,\"name\":\"Saarenmaan valssi\"}]},{\"@type\":\"WebSite\",\"@id\":\"https:\/\/www.remonen.fi\/WP\/#website\",\"url\":\"https:\/\/www.remonen.fi\/WP\/\",\"name\":\"remonen.fi\",\"description\":\"Valokuvia ja tarinaa laidasta laitaan\",\"publisher\":{\"@id\":\"https:\/\/www.remonen.fi\/WP\/#\/schema\/person\/1803c23d1d4f6722054eb2ac7f7a97cd\"},\"potentialAction\":[{\"@type\":\"SearchAction\",\"target\":{\"@type\":\"EntryPoint\",\"urlTemplate\":\"https:\/\/www.remonen.fi\/WP\/?s={search_term_string}\"},\"query-input\":{\"@type\":\"PropertyValueSpecification\",\"valueRequired\":true,\"valueName\":\"search_term_string\"}}],\"inLanguage\":\"fi\"},{\"@type\":[\"Person\",\"Organization\"],\"@id\":\"https:\/\/www.remonen.fi\/WP\/#\/schema\/person\/1803c23d1d4f6722054eb2ac7f7a97cd\",\"name\":\"Matti Remonen\",\"logo\":{\"@id\":\"https:\/\/www.remonen.fi\/WP\/#\/schema\/person\/image\/\"},\"url\":\"https:\/\/www.remonen.fi\/WP\/blogi\/author\/mre\/\"}]}<\/script>\n<!-- \/ Yoast SEO plugin. -->","yoast_head_json":{"title":"Saarenmaan valssi &#187; remonen.fi","description":"Aikanaan sitten saavuinkin Saarenmaalle Hiiumaalta ja ajoin suoraan saaren p\u00e4\u00e4kaupunkiin Kuressaareen, josta minulla oli hotelli varattuna.","robots":{"index":"index","follow":"follow","max-snippet":"max-snippet:-1","max-image-preview":"max-image-preview:large","max-video-preview":"max-video-preview:-1"},"canonical":"https:\/\/www.remonen.fi\/WP\/blogi\/saarenmaan-valssi\/","og_locale":"fi_FI","og_type":"article","og_title":"Saarenmaan valssi &#187; remonen.fi","og_description":"Aikanaan sitten saavuinkin Saarenmaalle Hiiumaalta ja ajoin suoraan saaren p\u00e4\u00e4kaupunkiin Kuressaareen, josta minulla oli hotelli varattuna.","og_url":"https:\/\/www.remonen.fi\/WP\/blogi\/saarenmaan-valssi\/","og_site_name":"remonen.fi","article_published_time":"2015-07-02T12:38:50+00:00","article_modified_time":"2015-10-01T16:10:50+00:00","og_image":[{"width":1024,"height":683,"url":"https:\/\/www.remonen.fi\/WP\/wp-content\/uploads\/2015\/07\/viro_2015_saarenmaa_1-8.jpg","type":"image\/jpeg"}],"author":"Matti Remonen","twitter_misc":{"Kirjoittanut":"Matti Remonen","Arvioitu lukuaika":"4 minuuttia"},"schema":{"@context":"https:\/\/schema.org","@graph":[{"@type":"Article","@id":"https:\/\/www.remonen.fi\/WP\/blogi\/saarenmaan-valssi\/#article","isPartOf":{"@id":"https:\/\/www.remonen.fi\/WP\/blogi\/saarenmaan-valssi\/"},"author":{"name":"Matti Remonen","@id":"https:\/\/www.remonen.fi\/WP\/#\/schema\/person\/1803c23d1d4f6722054eb2ac7f7a97cd"},"headline":"Saarenmaan valssi","datePublished":"2015-07-02T12:38:50+00:00","dateModified":"2015-10-01T16:10:50+00:00","mainEntityOfPage":{"@id":"https:\/\/www.remonen.fi\/WP\/blogi\/saarenmaan-valssi\/"},"wordCount":752,"commentCount":2,"publisher":{"@id":"https:\/\/www.remonen.fi\/WP\/#\/schema\/person\/1803c23d1d4f6722054eb2ac7f7a97cd"},"image":{"@id":"https:\/\/www.remonen.fi\/WP\/blogi\/saarenmaan-valssi\/#primaryimage"},"thumbnailUrl":"https:\/\/www.remonen.fi\/WP\/wp-content\/uploads\/2015\/07\/viro_2015_saarenmaa_1-8.jpg","keywords":["Angla","Kaali","Saarenmaa","Tagaranna","Viro"],"articleSection":["Blog"],"inLanguage":"fi","potentialAction":[{"@type":"CommentAction","name":"Comment","target":["https:\/\/www.remonen.fi\/WP\/blogi\/saarenmaan-valssi\/#respond"]}]},{"@type":"WebPage","@id":"https:\/\/www.remonen.fi\/WP\/blogi\/saarenmaan-valssi\/","url":"https:\/\/www.remonen.fi\/WP\/blogi\/saarenmaan-valssi\/","name":"Saarenmaan valssi &#187; remonen.fi","isPartOf":{"@id":"https:\/\/www.remonen.fi\/WP\/#website"},"primaryImageOfPage":{"@id":"https:\/\/www.remonen.fi\/WP\/blogi\/saarenmaan-valssi\/#primaryimage"},"image":{"@id":"https:\/\/www.remonen.fi\/WP\/blogi\/saarenmaan-valssi\/#primaryimage"},"thumbnailUrl":"https:\/\/www.remonen.fi\/WP\/wp-content\/uploads\/2015\/07\/viro_2015_saarenmaa_1-8.jpg","datePublished":"2015-07-02T12:38:50+00:00","dateModified":"2015-10-01T16:10:50+00:00","description":"Aikanaan sitten saavuinkin Saarenmaalle Hiiumaalta ja ajoin suoraan saaren p\u00e4\u00e4kaupunkiin Kuressaareen, josta minulla oli hotelli varattuna.","breadcrumb":{"@id":"https:\/\/www.remonen.fi\/WP\/blogi\/saarenmaan-valssi\/#breadcrumb"},"inLanguage":"fi","potentialAction":[{"@type":"ReadAction","target":["https:\/\/www.remonen.fi\/WP\/blogi\/saarenmaan-valssi\/"]}]},{"@type":"ImageObject","inLanguage":"fi","@id":"https:\/\/www.remonen.fi\/WP\/blogi\/saarenmaan-valssi\/#primaryimage","url":"https:\/\/www.remonen.fi\/WP\/wp-content\/uploads\/2015\/07\/viro_2015_saarenmaa_1-8.jpg","contentUrl":"https:\/\/www.remonen.fi\/WP\/wp-content\/uploads\/2015\/07\/viro_2015_saarenmaa_1-8.jpg","width":1024,"height":683},{"@type":"BreadcrumbList","@id":"https:\/\/www.remonen.fi\/WP\/blogi\/saarenmaan-valssi\/#breadcrumb","itemListElement":[{"@type":"ListItem","position":1,"name":"Etusivu","item":"https:\/\/www.remonen.fi\/WP\/"},{"@type":"ListItem","position":2,"name":"Saarenmaan valssi"}]},{"@type":"WebSite","@id":"https:\/\/www.remonen.fi\/WP\/#website","url":"https:\/\/www.remonen.fi\/WP\/","name":"remonen.fi","description":"Valokuvia ja tarinaa laidasta laitaan","publisher":{"@id":"https:\/\/www.remonen.fi\/WP\/#\/schema\/person\/1803c23d1d4f6722054eb2ac7f7a97cd"},"potentialAction":[{"@type":"SearchAction","target":{"@type":"EntryPoint","urlTemplate":"https:\/\/www.remonen.fi\/WP\/?s={search_term_string}"},"query-input":{"@type":"PropertyValueSpecification","valueRequired":true,"valueName":"search_term_string"}}],"inLanguage":"fi"},{"@type":["Person","Organization"],"@id":"https:\/\/www.remonen.fi\/WP\/#\/schema\/person\/1803c23d1d4f6722054eb2ac7f7a97cd","name":"Matti Remonen","logo":{"@id":"https:\/\/www.remonen.fi\/WP\/#\/schema\/person\/image\/"},"url":"https:\/\/www.remonen.fi\/WP\/blogi\/author\/mre\/"}]}},"_links":{"self":[{"href":"https:\/\/www.remonen.fi\/WP\/wp-json\/wp\/v2\/posts\/6386"}],"collection":[{"href":"https:\/\/www.remonen.fi\/WP\/wp-json\/wp\/v2\/posts"}],"about":[{"href":"https:\/\/www.remonen.fi\/WP\/wp-json\/wp\/v2\/types\/post"}],"author":[{"embeddable":true,"href":"https:\/\/www.remonen.fi\/WP\/wp-json\/wp\/v2\/users\/2"}],"replies":[{"embeddable":true,"href":"https:\/\/www.remonen.fi\/WP\/wp-json\/wp\/v2\/comments?post=6386"}],"version-history":[{"count":0,"href":"https:\/\/www.remonen.fi\/WP\/wp-json\/wp\/v2\/posts\/6386\/revisions"}],"wp:featuredmedia":[{"embeddable":true,"href":"https:\/\/www.remonen.fi\/WP\/wp-json\/wp\/v2\/media\/6409"}],"wp:attachment":[{"href":"https:\/\/www.remonen.fi\/WP\/wp-json\/wp\/v2\/media?parent=6386"}],"wp:term":[{"taxonomy":"category","embeddable":true,"href":"https:\/\/www.remonen.fi\/WP\/wp-json\/wp\/v2\/categories?post=6386"},{"taxonomy":"post_tag","embeddable":true,"href":"https:\/\/www.remonen.fi\/WP\/wp-json\/wp\/v2\/tags?post=6386"}],"curies":[{"name":"wp","href":"https:\/\/api.w.org\/{rel}","templated":true}]}}