{"id":6478,"date":"2015-07-06T19:53:12","date_gmt":"2015-07-06T16:53:12","guid":{"rendered":"http:\/\/www.remonen.fi\/?p=6478"},"modified":"2016-05-02T10:25:25","modified_gmt":"2016-05-02T07:25:25","slug":"see-on-lopp","status":"publish","type":"post","link":"https:\/\/www.remonen.fi\/WP\/blogi\/see-on-lopp\/","title":{"rendered":"See on l\u00f5pp&#8230;"},"content":{"rendered":"<p>Kaikki loppuu aikanaan, my\u00f6s t\u00e4m\u00e4kin matka.<\/p>\n<h3>28.6.2015<\/h3>\n<p>T\u00e4lle p\u00e4iv\u00e4ll\u00e4 ei ollut muita suunnitelmia, kuin k\u00e4yd\u00e4 K\u00fcbassaare tuletornia katsastamassa. Se on pitk\u00e4n niemen p\u00e4\u00e4ss\u00e4 koillis-Saarenmaalla. Aamusta sitten l\u00e4ksinkin ajelemaan sinnep\u00e4in ilman suurempaa suunnitelmaa. Matkalla t\u00f6rm\u00e4sin yhteen ortodoksiseen kirkkoon, joka oli mukavann\u00e4k\u00f6isesti kukkulan p\u00e4\u00e4ll\u00e4, vaikkei muuten nyt ollutkaan ehk\u00e4 kympin arvoinen. Varsin perinteisen n\u00e4k\u00f6inen, tuli jotenkin mieleen Kotkan vastaava. Joka muuten on Kotkan vanhin rakennus, s\u00e4ilyi my\u00f6s englantilaisten h\u00e4vitykselt\u00e4 silloin oolannin sodassa. Joka oli kauhea. Sumffaraa, sumffaraa&#8230;<\/p>\n<p><a href=\"http:\/\/www.remonen.fi\/WP\/wp-content\/uploads\/2015\/07\/viro_2015_saarenmaa_3-1.jpg\"><img loading=\"lazy\" decoding=\"async\" class=\"aligncenter wp-image-6490\" title=\"Aperture: &#402;\/7.1 | Credit: Matti Remonen | Camera: CORPORATION | Taken: 28 kes\u00e4kuun, 2015 | Copyright: (c) Matti Remonen | Flash fired: no | Focal length: 70mm | ISO: 64 | Shutter speed: 1\/400s | \" src=\"http:\/\/www.remonen.fi\/WP\/wp-content\/uploads\/2015\/07\/viro_2015_saarenmaa_3-1.jpg\" alt=\"Tornim\u00e4en kirkko\" width=\"454\" height=\"680\" srcset=\"https:\/\/www.remonen.fi\/WP\/wp-content\/uploads\/2015\/07\/viro_2015_saarenmaa_3-1.jpg 683w, https:\/\/www.remonen.fi\/WP\/wp-content\/uploads\/2015\/07\/viro_2015_saarenmaa_3-1-200x300.jpg 200w, https:\/\/www.remonen.fi\/WP\/wp-content\/uploads\/2015\/07\/viro_2015_saarenmaa_3-1-454x680.jpg 454w, https:\/\/www.remonen.fi\/WP\/wp-content\/uploads\/2015\/07\/viro_2015_saarenmaa_3-1-440x660.jpg 440w, https:\/\/www.remonen.fi\/WP\/wp-content\/uploads\/2015\/07\/viro_2015_saarenmaa_3-1-300x450.jpg 300w\" sizes=\"(max-width: 454px) 100vw, 454px\" \/><\/a><\/p>\n<p>Siit\u00e4 sitten jatkoin matkaa hyl\u00e4ttyyn satamaan, jonka olin jostain syyst\u00e4 bongannut kartalle. Satama sin\u00e4ns\u00e4 ei ollut mist\u00e4\u00e4n kotoisin, mutta sen vieress\u00e4 oli sen sijaan varsin hyv\u00e4kuntoinen hyl\u00e4tty puinen asuinrakennus. J\u00e4ljist\u00e4 p\u00e4\u00e4tellen sielt\u00e4 on aikanaan l\u00e4hdetty ns. seisovilta jaloilta: kaapeissa oli viel\u00e4 hillopurkit ja muutakin roipetta oli vaikka kuinka paljon. Rakennusta ei my\u00f6sk\u00e4\u00e4n oltu ry\u00f6stelty tyhj\u00e4ksi, en sitten tied\u00e4 miksi. Johtuuko syrj\u00e4isest\u00e4 sijainnista, vai onko sitten hyl\u00e4tty vasta hiljan.<\/p>\n<p><a href=\"http:\/\/www.remonen.fi\/WP\/wp-content\/uploads\/2015\/07\/viro_2015_saarenmaa_3-5.jpg\"><img loading=\"lazy\" decoding=\"async\" class=\"aligncenter wp-image-6486\" title=\"Aperture: &#402;\/6.3 | Credit: Matti Remonen | Camera: CORPORATION | Taken: 28 kes\u00e4kuun, 2015 | Copyright: (c) Matti Remonen | Flash fired: no | Focal length: 24mm | ISO: 64 | Shutter speed: 1\/320s | \" src=\"http:\/\/www.remonen.fi\/WP\/wp-content\/uploads\/2015\/07\/viro_2015_saarenmaa_3-5.jpg\" alt=\"Saarenmaa hyl\u00e4tty talo hyl\u00e4tyn sataman liepeill\u00e4\" width=\"680\" height=\"454\" srcset=\"https:\/\/www.remonen.fi\/WP\/wp-content\/uploads\/2015\/07\/viro_2015_saarenmaa_3-5.jpg 1024w, https:\/\/www.remonen.fi\/WP\/wp-content\/uploads\/2015\/07\/viro_2015_saarenmaa_3-5-300x200.jpg 300w, https:\/\/www.remonen.fi\/WP\/wp-content\/uploads\/2015\/07\/viro_2015_saarenmaa_3-5-680x454.jpg 680w, https:\/\/www.remonen.fi\/WP\/wp-content\/uploads\/2015\/07\/viro_2015_saarenmaa_3-5-440x293.jpg 440w, https:\/\/www.remonen.fi\/WP\/wp-content\/uploads\/2015\/07\/viro_2015_saarenmaa_3-5-960x640.jpg 960w\" sizes=\"(max-width: 680px) 100vw, 680px\" \/><\/a><\/p>\n<p><code>[envira-gallery id=\"7551\"]<\/code><\/p>\n<p>Kun olin tuon katsastanut l\u00e4pi, suuntasin majakalle. Se oli melkoinen pettymys: itse majakka-alue oli jostain syyst\u00e4 yksityisaluetta (n\u00e4in p\u00e4\u00e4ttelin &#8221;eraval&#8221;-kyltist\u00e4 ja piikkilangasta). En sitten jaksanut l\u00e4hte\u00e4 kiert\u00e4m\u00e4\u00e4n meren kautta, kun ei majakasta kuitenkaan olisi saanut kunnon kuvaa.<\/p>\n<p>Palasin sitten niine hyvineni takaisin Kuressaareen ja leikin loppup\u00e4iv\u00e4n turistia.<\/p>\n<h3>29.6.2015<\/h3>\n<p>Koitti sitten l\u00e4ht\u00f6p\u00e4iv\u00e4. Ei muuta kuin tavarat autoon ja nokka kohti Tallinnaa. Siin\u00e4 v\u00e4liss\u00e4 kuitenkin otin suunnaksi Tallinnan it\u00e4puolella olevan J\u00e4gala juga-putouksen (tai siis J\u00e4g\u00e4lan putouksen, juga on &#8221;vesiputous&#8221;). Olin taas netist\u00e4 bongannut kohteen etuk\u00e4teen ja kun aikaa oli, niin k\u00e4vin tuon sitten katsastamassa. Varsin kuvauksellinen paikka. Puolen p\u00e4iv\u00e4n aikaan vaan valo ei ollut oikein kohteelle suosiollinen, tuo vaatisi uudemman k\u00e4ynnin paremmalla ajalla.<\/p>\n<p><a href=\"http:\/\/www.remonen.fi\/WP\/wp-content\/uploads\/2015\/07\/viro_2015_saarenmaa_3-8.jpg\"><img loading=\"lazy\" decoding=\"async\" class=\"aligncenter wp-image-6483\" title=\"Aperture: &#402;\/11 | Credit: Matti Remonen | Camera: CORPORATION | Taken: 29 kes\u00e4kuun, 2015 | Copyright: (c) Matti Remonen | Flash fired: no | Focal length: 42mm | ISO: 72 | Shutter speed: 1\/100s | \" src=\"http:\/\/www.remonen.fi\/WP\/wp-content\/uploads\/2015\/07\/viro_2015_saarenmaa_3-8.jpg\" alt=\"J\u00e4gala juga\" width=\"454\" height=\"680\" srcset=\"https:\/\/www.remonen.fi\/WP\/wp-content\/uploads\/2015\/07\/viro_2015_saarenmaa_3-8.jpg 683w, https:\/\/www.remonen.fi\/WP\/wp-content\/uploads\/2015\/07\/viro_2015_saarenmaa_3-8-200x300.jpg 200w, https:\/\/www.remonen.fi\/WP\/wp-content\/uploads\/2015\/07\/viro_2015_saarenmaa_3-8-454x680.jpg 454w, https:\/\/www.remonen.fi\/WP\/wp-content\/uploads\/2015\/07\/viro_2015_saarenmaa_3-8-440x660.jpg 440w, https:\/\/www.remonen.fi\/WP\/wp-content\/uploads\/2015\/07\/viro_2015_saarenmaa_3-8-300x450.jpg 300w\" sizes=\"(max-width: 454px) 100vw, 454px\" \/><\/a><\/p>\n<p><a href=\"http:\/\/www.remonen.fi\/WP\/wp-content\/uploads\/2015\/07\/viro_2015_saarenmaa_3-6.jpg\"><img loading=\"lazy\" decoding=\"async\" class=\"aligncenter wp-image-6485\" title=\"Aperture: &#402;\/14 | Credit: Matti Remonen | Camera: CORPORATION | Taken: 29 kes\u00e4kuun, 2015 | Copyright: (c) Matti Remonen | Flash fired: no | Focal length: 24mm | ISO: 64 | Shutter speed: 20s | \" src=\"http:\/\/www.remonen.fi\/WP\/wp-content\/uploads\/2015\/07\/viro_2015_saarenmaa_3-6.jpg\" alt=\"J\u00e4gala juga\" width=\"680\" height=\"454\" srcset=\"https:\/\/www.remonen.fi\/WP\/wp-content\/uploads\/2015\/07\/viro_2015_saarenmaa_3-6.jpg 1024w, https:\/\/www.remonen.fi\/WP\/wp-content\/uploads\/2015\/07\/viro_2015_saarenmaa_3-6-300x200.jpg 300w, https:\/\/www.remonen.fi\/WP\/wp-content\/uploads\/2015\/07\/viro_2015_saarenmaa_3-6-680x454.jpg 680w, https:\/\/www.remonen.fi\/WP\/wp-content\/uploads\/2015\/07\/viro_2015_saarenmaa_3-6-440x293.jpg 440w, https:\/\/www.remonen.fi\/WP\/wp-content\/uploads\/2015\/07\/viro_2015_saarenmaa_3-6-960x640.jpg 960w\" sizes=\"(max-width: 680px) 100vw, 680px\" \/><\/a><\/p>\n<p>N\u00e4it\u00e4 putouksia on Viron puolella enemm\u00e4nkin. Minulla on t\u00e4ll\u00e4 hetkell\u00e4 tiedossa ainakin Keila juga ja Valaste juga, joka onkin korkein putous Balttiassa. Suosittelen k\u00e4ym\u00e4\u00e4n, jos noilla suunnilla liikkuu.<\/p>\n<p><a href=\"http:\/\/www.remonen.fi\/WP\/wp-content\/uploads\/2015\/07\/viro_2015_saarenmaa_3-7.jpg\"><img loading=\"lazy\" decoding=\"async\" class=\"aligncenter wp-image-6484\" title=\"Aperture: &#402;\/11 | Credit: Matti Remonen | Camera: CORPORATION | Taken: 29 kes\u00e4kuun, 2015 | Copyright: (c) Matti Remonen | Flash fired: no | Focal length: 24mm | ISO: 64 | Shutter speed: 30s | \" src=\"http:\/\/www.remonen.fi\/WP\/wp-content\/uploads\/2015\/07\/viro_2015_saarenmaa_3-7.jpg\" alt=\"J\u00e4gala juga\" width=\"680\" height=\"454\" srcset=\"https:\/\/www.remonen.fi\/WP\/wp-content\/uploads\/2015\/07\/viro_2015_saarenmaa_3-7.jpg 1024w, https:\/\/www.remonen.fi\/WP\/wp-content\/uploads\/2015\/07\/viro_2015_saarenmaa_3-7-300x200.jpg 300w, https:\/\/www.remonen.fi\/WP\/wp-content\/uploads\/2015\/07\/viro_2015_saarenmaa_3-7-680x454.jpg 680w, https:\/\/www.remonen.fi\/WP\/wp-content\/uploads\/2015\/07\/viro_2015_saarenmaa_3-7-440x293.jpg 440w, https:\/\/www.remonen.fi\/WP\/wp-content\/uploads\/2015\/07\/viro_2015_saarenmaa_3-7-960x640.jpg 960w\" sizes=\"(max-width: 680px) 100vw, 680px\" \/><\/a><\/p>\n<p>Ja sitten suunta kohti Tallinnaa. Ristus, ett\u00e4 meinasi p\u00e4\u00e4 hajota vanhassa kaupungissa (muiden) turistien keskell\u00e4. Minulla oli tarkoitus vierailla Valloitusmuseossa (Museum of Occupation), mutta se oli tietysti maanantaisin kiinni. Ensi kerralla sitten.<\/p>\n<h3>The gear<\/h3>\n<p>Romua oli reisussa mukana enemm\u00e4n kuin tarpeeksi, eli k\u00e4yt\u00e4nn\u00f6ss\u00e4 kaikki mit\u00e4 omistan valokuvauspuolella. P\u00e4\u00e4kamerana toimi Nikon D810 ja yleisimmin k\u00e4ytetty objektiivi oli AF-S 24-70\/2.8G. Joitain kuvia on otettu AF-S 80-400\/3.5-5.6G VRII:lla ja ehk\u00e4 jollain muulla. Mustavalkokuvat on otettu IR-konvertoidulla Sony NEX-5N:ll\u00e4, jossa on ollut kiinni SEL1855 + 720nm IR-suodin. Jotain Kuressaari-kuvia on sitten otettu Sony ILCE-6000 + Sony Zeiss 24f18 -kombolla. Jalustoja oli parit kappaleet, Benroja molemmat.<\/p>\n<p><a href=\"http:\/\/www.remonen.fi\/WP\/wp-content\/uploads\/2015\/07\/viro_2015_saarenmaa_2-231.jpg\"><img loading=\"lazy\" decoding=\"async\" class=\"aligncenter wp-image-6480\" title=\"Aperture: &#402;\/5.6 | Taken: 28 kes\u00e4kuun, 2015 | Copyright: (c) Matti Remonen | Exposure bias: +7\/10EV | Flash fired: no | Focal length: 24mm | ISO: 100 | Shutter speed: 1\/160s | \" src=\"http:\/\/www.remonen.fi\/WP\/wp-content\/uploads\/2015\/07\/viro_2015_saarenmaa_2-231.jpg\" alt=\"Saarenmaa\" width=\"680\" height=\"454\" srcset=\"https:\/\/www.remonen.fi\/WP\/wp-content\/uploads\/2015\/07\/viro_2015_saarenmaa_2-231.jpg 1024w, https:\/\/www.remonen.fi\/WP\/wp-content\/uploads\/2015\/07\/viro_2015_saarenmaa_2-231-300x200.jpg 300w, https:\/\/www.remonen.fi\/WP\/wp-content\/uploads\/2015\/07\/viro_2015_saarenmaa_2-231-680x454.jpg 680w, https:\/\/www.remonen.fi\/WP\/wp-content\/uploads\/2015\/07\/viro_2015_saarenmaa_2-231-440x293.jpg 440w, https:\/\/www.remonen.fi\/WP\/wp-content\/uploads\/2015\/07\/viro_2015_saarenmaa_2-231-960x640.jpg 960w\" sizes=\"(max-width: 680px) 100vw, 680px\" \/><\/a><\/p>\n<p>Muuta roinaa edusti M\u00f6hk\u00f6 kuljetusalustana ja kamerankantolaitteena L\u00f6wepro Street&amp;Field-systeemi. Molemmat hoitivat leivisk\u00e4ns\u00e4 loistavasti: M\u00f6hk\u00f6 vei minne piti ja toi viel\u00e4 takaisinkin. L\u00f6wepro sitten kuljetti kamerat siin\u00e4 vaiheessa kun jalkauduttiin. L\u00f6wepron pakettia on sitten viime n\u00e4kem\u00e4n t\u00e4ydennetty erillisell\u00e4 kuvausliivill\u00e4 (joka korvaa valjaat) ja L\u00f6wepron omalla S&amp;F repulla, johon tuon koko paketin kameroineen kaikkineen saa n\u00e4pp\u00e4r\u00e4sti heitetty\u00e4 ja siell\u00e4 s\u00e4ilytetty\u00e4.<\/p>\n<p><div id=\"attachment_6479\" style=\"width: 690px\" class=\"wp-caption aligncenter\"><a href=\"http:\/\/www.remonen.fi\/WP\/wp-content\/uploads\/2015\/07\/viro_2015_saarenmaa_2-241.jpg\"><img loading=\"lazy\" decoding=\"async\" aria-describedby=\"caption-attachment-6479\" class=\"wp-image-6479\" title=\"Aperture: &#402;\/6.3 | Credit: Matti Remonen | Camera: CORPORATION | Taken: 28 kes\u00e4kuun, 2015 | Copyright: (c) Matti Remonen | Flash fired: no | Focal length: 48mm | ISO: 64 | Shutter speed: 1\/320s | \" src=\"http:\/\/www.remonen.fi\/WP\/wp-content\/uploads\/2015\/07\/viro_2015_saarenmaa_2-241.jpg\" alt=\"Saarenmaa\" width=\"680\" height=\"454\" srcset=\"https:\/\/www.remonen.fi\/WP\/wp-content\/uploads\/2015\/07\/viro_2015_saarenmaa_2-241.jpg 1024w, https:\/\/www.remonen.fi\/WP\/wp-content\/uploads\/2015\/07\/viro_2015_saarenmaa_2-241-300x200.jpg 300w, https:\/\/www.remonen.fi\/WP\/wp-content\/uploads\/2015\/07\/viro_2015_saarenmaa_2-241-680x454.jpg 680w, https:\/\/www.remonen.fi\/WP\/wp-content\/uploads\/2015\/07\/viro_2015_saarenmaa_2-241-440x293.jpg 440w, https:\/\/www.remonen.fi\/WP\/wp-content\/uploads\/2015\/07\/viro_2015_saarenmaa_2-241-960x640.jpg 960w\" sizes=\"(max-width: 680px) 100vw, 680px\" \/><\/a><p id=\"caption-attachment-6479\" class=\"wp-caption-text\">Think P!nk&#8230;<\/p><\/div>Jos M\u00f6hk\u00f6 huolehti kuljettamisesta niin sen navi sitten siit\u00e4, ett\u00e4 p\u00e4\u00e4st\u00e4\u00e4n mihin ollaan menossa. Tosin autonavigaattori ei n\u00e4ill\u00e4 reissuilla riit\u00e4. Se tuli viime vuonna todistettua: se ohjaa v\u00e4lill\u00e4 kyll\u00e4 niin kummallisesti, ettei siihen voi t\u00e4ysin luottaa. Siksip\u00e4 sen kaverina oli Samsung Galaxy Tab 10.5&#8243;, johon hankin Viron puolelta pre-paid -kortin, kun Suomesta hankittu Soneran pre-paid ei Virossa toiminut vaikka olisi pit\u00e4nyt. Sen sijaan tuo Viron pre-paid toimii t\u00e4ll\u00e4(kin) hetkell\u00e4 t\u00e4\u00e4ll\u00e4 Suomessa. Go Figure&#8230; Enivei, tabletilla ja google-mapsilla sitten pystyi navigoimaan paremmin ja muodostamaan kokonaisn\u00e4kym\u00e4n, ett\u00e4 miss\u00e4 ollaan ja mihin pit\u00e4isi menn\u00e4. Tabletti kulki autossa mukitelineeseen asennettavassa telineess\u00e4, niin ett\u00e4 sit\u00e4 pystyi k\u00e4ytt\u00e4m\u00e4\u00e4n ajon aikana (ei me sellasta). Tabletti oli lis\u00e4ksi pakattu erilliseen suojakoteloon, joka suojasi n\u00e4ytt\u00f6\u00e4 ja koko tablettia esim. kun sen heitti reppuun. Suojakuori ei kuitenkaan est\u00e4nyt tabletin k\u00e4ytt\u00f6\u00e4 mitenk\u00e4\u00e4n.<\/p>\n<p>Sitten oli tietysti kaikenlaista survival-tavaraa, kuten paracord-narua, taskulamppuja, kumisaappaat, sipsej\u00e4 ja namia. Tavaraa oli liikaa, mutta toisaalta kun auto kuljettaa, niin eip\u00e4 sill\u00e4 suurempaa v\u00e4li\u00e4 ole.<\/p>\n<p><a href=\"http:\/\/www.remonen.fi\/WP\/wp-content\/uploads\/2015\/07\/viro_2015_saarenmaa_3-9.jpg\"><img loading=\"lazy\" decoding=\"async\" class=\"aligncenter wp-image-6482\" title=\"Aperture: &#402;\/7.1 | Taken: 29 kes\u00e4kuun, 2015 | Copyright: (c) Matti Remonen | Exposure bias: +7\/10EV | Flash fired: no | Focal length: 24mm | ISO: 250 | Shutter speed: 1\/60s | \" src=\"http:\/\/www.remonen.fi\/WP\/wp-content\/uploads\/2015\/07\/viro_2015_saarenmaa_3-9.jpg\" alt=\"Tallinna satama\" width=\"680\" height=\"454\" srcset=\"https:\/\/www.remonen.fi\/WP\/wp-content\/uploads\/2015\/07\/viro_2015_saarenmaa_3-9.jpg 1024w, https:\/\/www.remonen.fi\/WP\/wp-content\/uploads\/2015\/07\/viro_2015_saarenmaa_3-9-300x200.jpg 300w, https:\/\/www.remonen.fi\/WP\/wp-content\/uploads\/2015\/07\/viro_2015_saarenmaa_3-9-680x454.jpg 680w, https:\/\/www.remonen.fi\/WP\/wp-content\/uploads\/2015\/07\/viro_2015_saarenmaa_3-9-440x293.jpg 440w, https:\/\/www.remonen.fi\/WP\/wp-content\/uploads\/2015\/07\/viro_2015_saarenmaa_3-9-960x640.jpg 960w\" sizes=\"(max-width: 680px) 100vw, 680px\" \/><\/a><\/p>\n<p>Ett\u00e4 n\u00e4in t\u00e4n\u00e4 vuonna. Katsotaan sitten, josko ensi vuonna taas. Paljonhan tuolla on n\u00e4ht\u00e4v\u00e4\u00e4, ei tullut aika pitk\u00e4ksi.<\/p>\n","protected":false},"excerpt":{"rendered":"<p>Kaikki loppuu aikanaan, my\u00f6s t\u00e4m\u00e4kin matka. 28.6.2015 T\u00e4lle p\u00e4iv\u00e4ll\u00e4 ei ollut muita suunnitelmia, kuin k\u00e4yd\u00e4 K\u00fcbassaare tuletornia katsastamassa. Se on pitk\u00e4n niemen p\u00e4\u00e4ss\u00e4 koillis-Saarenmaalla. Aamusta sitten l\u00e4ksinkin ajelemaan sinnep\u00e4in ilman suurempaa suunnitelmaa. Matkalla t\u00f6rm\u00e4sin yhteen ortodoksiseen kirkkoon, joka oli mukavann\u00e4k\u00f6isesti kukkulan p\u00e4\u00e4ll\u00e4, vaikkei muuten nyt ollutkaan ehk\u00e4 kympin arvoinen. Varsin perinteisen n\u00e4k\u00f6inen, tuli jotenkin mieleen [&hellip;]<\/p>\n","protected":false},"author":2,"featured_media":6485,"comment_status":"open","ping_status":"closed","sticky":false,"template":"","format":"standard","meta":{"footnotes":""},"categories":[16],"tags":[241,145,146,40],"yoast_head":"<!-- This site is optimized with the Yoast SEO plugin v24.5 - https:\/\/yoast.com\/wordpress\/plugins\/seo\/ -->\n<title>See on l\u00f5pp... &#187; remonen.fi<\/title>\n<meta name=\"description\" content=\"T\u00e4lle p\u00e4iv\u00e4ll\u00e4 ei ollut muita suunnitelmia, kuin k\u00e4yd\u00e4 K\u00fcbassaare tuletornia katsastamassa. Se on pitk\u00e4n niemen p\u00e4\u00e4ss\u00e4 koillis-Saarenmaalla.\" \/>\n<meta name=\"robots\" content=\"index, follow, max-snippet:-1, max-image-preview:large, max-video-preview:-1\" \/>\n<link rel=\"canonical\" href=\"https:\/\/www.remonen.fi\/WP\/blogi\/see-on-lopp\/\" \/>\n<meta property=\"og:locale\" content=\"fi_FI\" \/>\n<meta property=\"og:type\" content=\"article\" \/>\n<meta property=\"og:title\" content=\"See on l\u00f5pp... &#187; remonen.fi\" \/>\n<meta property=\"og:description\" content=\"T\u00e4lle p\u00e4iv\u00e4ll\u00e4 ei ollut muita suunnitelmia, kuin k\u00e4yd\u00e4 K\u00fcbassaare tuletornia katsastamassa. Se on pitk\u00e4n niemen p\u00e4\u00e4ss\u00e4 koillis-Saarenmaalla.\" \/>\n<meta property=\"og:url\" content=\"https:\/\/www.remonen.fi\/WP\/blogi\/see-on-lopp\/\" \/>\n<meta property=\"og:site_name\" content=\"remonen.fi\" \/>\n<meta property=\"article:published_time\" content=\"2015-07-06T16:53:12+00:00\" \/>\n<meta property=\"article:modified_time\" content=\"2016-05-02T07:25:25+00:00\" \/>\n<meta property=\"og:image\" content=\"https:\/\/www.remonen.fi\/WP\/wp-content\/uploads\/2015\/07\/viro_2015_saarenmaa_3-6.jpg\" \/>\n\t<meta property=\"og:image:width\" content=\"1024\" \/>\n\t<meta property=\"og:image:height\" content=\"683\" \/>\n\t<meta property=\"og:image:type\" content=\"image\/jpeg\" \/>\n<meta name=\"author\" content=\"Matti Remonen\" \/>\n<meta name=\"twitter:label1\" content=\"Kirjoittanut\" \/>\n\t<meta name=\"twitter:data1\" content=\"Matti Remonen\" \/>\n\t<meta name=\"twitter:label2\" content=\"Arvioitu lukuaika\" \/>\n\t<meta name=\"twitter:data2\" content=\"4 minuuttia\" \/>\n<script type=\"application\/ld+json\" class=\"yoast-schema-graph\">{\"@context\":\"https:\/\/schema.org\",\"@graph\":[{\"@type\":\"Article\",\"@id\":\"https:\/\/www.remonen.fi\/WP\/blogi\/see-on-lopp\/#article\",\"isPartOf\":{\"@id\":\"https:\/\/www.remonen.fi\/WP\/blogi\/see-on-lopp\/\"},\"author\":{\"name\":\"Matti Remonen\",\"@id\":\"https:\/\/www.remonen.fi\/WP\/#\/schema\/person\/1803c23d1d4f6722054eb2ac7f7a97cd\"},\"headline\":\"See on l\u00f5pp&#8230;\",\"datePublished\":\"2015-07-06T16:53:12+00:00\",\"dateModified\":\"2016-05-02T07:25:25+00:00\",\"mainEntityOfPage\":{\"@id\":\"https:\/\/www.remonen.fi\/WP\/blogi\/see-on-lopp\/\"},\"wordCount\":745,\"commentCount\":4,\"publisher\":{\"@id\":\"https:\/\/www.remonen.fi\/WP\/#\/schema\/person\/1803c23d1d4f6722054eb2ac7f7a97cd\"},\"image\":{\"@id\":\"https:\/\/www.remonen.fi\/WP\/blogi\/see-on-lopp\/#primaryimage\"},\"thumbnailUrl\":\"https:\/\/www.remonen.fi\/WP\/wp-content\/uploads\/2015\/07\/viro_2015_saarenmaa_3-6.jpg\",\"keywords\":[\"J\u00e4gala juga\",\"Kuressaari\",\"Saarenmaa\",\"Tallinna\"],\"articleSection\":[\"Blog\"],\"inLanguage\":\"fi\",\"potentialAction\":[{\"@type\":\"CommentAction\",\"name\":\"Comment\",\"target\":[\"https:\/\/www.remonen.fi\/WP\/blogi\/see-on-lopp\/#respond\"]}]},{\"@type\":\"WebPage\",\"@id\":\"https:\/\/www.remonen.fi\/WP\/blogi\/see-on-lopp\/\",\"url\":\"https:\/\/www.remonen.fi\/WP\/blogi\/see-on-lopp\/\",\"name\":\"See on l\u00f5pp... &#187; remonen.fi\",\"isPartOf\":{\"@id\":\"https:\/\/www.remonen.fi\/WP\/#website\"},\"primaryImageOfPage\":{\"@id\":\"https:\/\/www.remonen.fi\/WP\/blogi\/see-on-lopp\/#primaryimage\"},\"image\":{\"@id\":\"https:\/\/www.remonen.fi\/WP\/blogi\/see-on-lopp\/#primaryimage\"},\"thumbnailUrl\":\"https:\/\/www.remonen.fi\/WP\/wp-content\/uploads\/2015\/07\/viro_2015_saarenmaa_3-6.jpg\",\"datePublished\":\"2015-07-06T16:53:12+00:00\",\"dateModified\":\"2016-05-02T07:25:25+00:00\",\"description\":\"T\u00e4lle p\u00e4iv\u00e4ll\u00e4 ei ollut muita suunnitelmia, kuin k\u00e4yd\u00e4 K\u00fcbassaare tuletornia katsastamassa. Se on pitk\u00e4n niemen p\u00e4\u00e4ss\u00e4 koillis-Saarenmaalla.\",\"breadcrumb\":{\"@id\":\"https:\/\/www.remonen.fi\/WP\/blogi\/see-on-lopp\/#breadcrumb\"},\"inLanguage\":\"fi\",\"potentialAction\":[{\"@type\":\"ReadAction\",\"target\":[\"https:\/\/www.remonen.fi\/WP\/blogi\/see-on-lopp\/\"]}]},{\"@type\":\"ImageObject\",\"inLanguage\":\"fi\",\"@id\":\"https:\/\/www.remonen.fi\/WP\/blogi\/see-on-lopp\/#primaryimage\",\"url\":\"https:\/\/www.remonen.fi\/WP\/wp-content\/uploads\/2015\/07\/viro_2015_saarenmaa_3-6.jpg\",\"contentUrl\":\"https:\/\/www.remonen.fi\/WP\/wp-content\/uploads\/2015\/07\/viro_2015_saarenmaa_3-6.jpg\",\"width\":1024,\"height\":683},{\"@type\":\"BreadcrumbList\",\"@id\":\"https:\/\/www.remonen.fi\/WP\/blogi\/see-on-lopp\/#breadcrumb\",\"itemListElement\":[{\"@type\":\"ListItem\",\"position\":1,\"name\":\"Etusivu\",\"item\":\"https:\/\/www.remonen.fi\/WP\/\"},{\"@type\":\"ListItem\",\"position\":2,\"name\":\"See on l\u00f5pp&#8230;\"}]},{\"@type\":\"WebSite\",\"@id\":\"https:\/\/www.remonen.fi\/WP\/#website\",\"url\":\"https:\/\/www.remonen.fi\/WP\/\",\"name\":\"remonen.fi\",\"description\":\"Valokuvia ja tarinaa laidasta laitaan\",\"publisher\":{\"@id\":\"https:\/\/www.remonen.fi\/WP\/#\/schema\/person\/1803c23d1d4f6722054eb2ac7f7a97cd\"},\"potentialAction\":[{\"@type\":\"SearchAction\",\"target\":{\"@type\":\"EntryPoint\",\"urlTemplate\":\"https:\/\/www.remonen.fi\/WP\/?s={search_term_string}\"},\"query-input\":{\"@type\":\"PropertyValueSpecification\",\"valueRequired\":true,\"valueName\":\"search_term_string\"}}],\"inLanguage\":\"fi\"},{\"@type\":[\"Person\",\"Organization\"],\"@id\":\"https:\/\/www.remonen.fi\/WP\/#\/schema\/person\/1803c23d1d4f6722054eb2ac7f7a97cd\",\"name\":\"Matti Remonen\",\"logo\":{\"@id\":\"https:\/\/www.remonen.fi\/WP\/#\/schema\/person\/image\/\"},\"url\":\"https:\/\/www.remonen.fi\/WP\/blogi\/author\/mre\/\"}]}<\/script>\n<!-- \/ Yoast SEO plugin. -->","yoast_head_json":{"title":"See on l\u00f5pp... &#187; remonen.fi","description":"T\u00e4lle p\u00e4iv\u00e4ll\u00e4 ei ollut muita suunnitelmia, kuin k\u00e4yd\u00e4 K\u00fcbassaare tuletornia katsastamassa. Se on pitk\u00e4n niemen p\u00e4\u00e4ss\u00e4 koillis-Saarenmaalla.","robots":{"index":"index","follow":"follow","max-snippet":"max-snippet:-1","max-image-preview":"max-image-preview:large","max-video-preview":"max-video-preview:-1"},"canonical":"https:\/\/www.remonen.fi\/WP\/blogi\/see-on-lopp\/","og_locale":"fi_FI","og_type":"article","og_title":"See on l\u00f5pp... &#187; remonen.fi","og_description":"T\u00e4lle p\u00e4iv\u00e4ll\u00e4 ei ollut muita suunnitelmia, kuin k\u00e4yd\u00e4 K\u00fcbassaare tuletornia katsastamassa. Se on pitk\u00e4n niemen p\u00e4\u00e4ss\u00e4 koillis-Saarenmaalla.","og_url":"https:\/\/www.remonen.fi\/WP\/blogi\/see-on-lopp\/","og_site_name":"remonen.fi","article_published_time":"2015-07-06T16:53:12+00:00","article_modified_time":"2016-05-02T07:25:25+00:00","og_image":[{"width":1024,"height":683,"url":"https:\/\/www.remonen.fi\/WP\/wp-content\/uploads\/2015\/07\/viro_2015_saarenmaa_3-6.jpg","type":"image\/jpeg"}],"author":"Matti Remonen","twitter_misc":{"Kirjoittanut":"Matti Remonen","Arvioitu lukuaika":"4 minuuttia"},"schema":{"@context":"https:\/\/schema.org","@graph":[{"@type":"Article","@id":"https:\/\/www.remonen.fi\/WP\/blogi\/see-on-lopp\/#article","isPartOf":{"@id":"https:\/\/www.remonen.fi\/WP\/blogi\/see-on-lopp\/"},"author":{"name":"Matti Remonen","@id":"https:\/\/www.remonen.fi\/WP\/#\/schema\/person\/1803c23d1d4f6722054eb2ac7f7a97cd"},"headline":"See on l\u00f5pp&#8230;","datePublished":"2015-07-06T16:53:12+00:00","dateModified":"2016-05-02T07:25:25+00:00","mainEntityOfPage":{"@id":"https:\/\/www.remonen.fi\/WP\/blogi\/see-on-lopp\/"},"wordCount":745,"commentCount":4,"publisher":{"@id":"https:\/\/www.remonen.fi\/WP\/#\/schema\/person\/1803c23d1d4f6722054eb2ac7f7a97cd"},"image":{"@id":"https:\/\/www.remonen.fi\/WP\/blogi\/see-on-lopp\/#primaryimage"},"thumbnailUrl":"https:\/\/www.remonen.fi\/WP\/wp-content\/uploads\/2015\/07\/viro_2015_saarenmaa_3-6.jpg","keywords":["J\u00e4gala juga","Kuressaari","Saarenmaa","Tallinna"],"articleSection":["Blog"],"inLanguage":"fi","potentialAction":[{"@type":"CommentAction","name":"Comment","target":["https:\/\/www.remonen.fi\/WP\/blogi\/see-on-lopp\/#respond"]}]},{"@type":"WebPage","@id":"https:\/\/www.remonen.fi\/WP\/blogi\/see-on-lopp\/","url":"https:\/\/www.remonen.fi\/WP\/blogi\/see-on-lopp\/","name":"See on l\u00f5pp... &#187; remonen.fi","isPartOf":{"@id":"https:\/\/www.remonen.fi\/WP\/#website"},"primaryImageOfPage":{"@id":"https:\/\/www.remonen.fi\/WP\/blogi\/see-on-lopp\/#primaryimage"},"image":{"@id":"https:\/\/www.remonen.fi\/WP\/blogi\/see-on-lopp\/#primaryimage"},"thumbnailUrl":"https:\/\/www.remonen.fi\/WP\/wp-content\/uploads\/2015\/07\/viro_2015_saarenmaa_3-6.jpg","datePublished":"2015-07-06T16:53:12+00:00","dateModified":"2016-05-02T07:25:25+00:00","description":"T\u00e4lle p\u00e4iv\u00e4ll\u00e4 ei ollut muita suunnitelmia, kuin k\u00e4yd\u00e4 K\u00fcbassaare tuletornia katsastamassa. Se on pitk\u00e4n niemen p\u00e4\u00e4ss\u00e4 koillis-Saarenmaalla.","breadcrumb":{"@id":"https:\/\/www.remonen.fi\/WP\/blogi\/see-on-lopp\/#breadcrumb"},"inLanguage":"fi","potentialAction":[{"@type":"ReadAction","target":["https:\/\/www.remonen.fi\/WP\/blogi\/see-on-lopp\/"]}]},{"@type":"ImageObject","inLanguage":"fi","@id":"https:\/\/www.remonen.fi\/WP\/blogi\/see-on-lopp\/#primaryimage","url":"https:\/\/www.remonen.fi\/WP\/wp-content\/uploads\/2015\/07\/viro_2015_saarenmaa_3-6.jpg","contentUrl":"https:\/\/www.remonen.fi\/WP\/wp-content\/uploads\/2015\/07\/viro_2015_saarenmaa_3-6.jpg","width":1024,"height":683},{"@type":"BreadcrumbList","@id":"https:\/\/www.remonen.fi\/WP\/blogi\/see-on-lopp\/#breadcrumb","itemListElement":[{"@type":"ListItem","position":1,"name":"Etusivu","item":"https:\/\/www.remonen.fi\/WP\/"},{"@type":"ListItem","position":2,"name":"See on l\u00f5pp&#8230;"}]},{"@type":"WebSite","@id":"https:\/\/www.remonen.fi\/WP\/#website","url":"https:\/\/www.remonen.fi\/WP\/","name":"remonen.fi","description":"Valokuvia ja tarinaa laidasta laitaan","publisher":{"@id":"https:\/\/www.remonen.fi\/WP\/#\/schema\/person\/1803c23d1d4f6722054eb2ac7f7a97cd"},"potentialAction":[{"@type":"SearchAction","target":{"@type":"EntryPoint","urlTemplate":"https:\/\/www.remonen.fi\/WP\/?s={search_term_string}"},"query-input":{"@type":"PropertyValueSpecification","valueRequired":true,"valueName":"search_term_string"}}],"inLanguage":"fi"},{"@type":["Person","Organization"],"@id":"https:\/\/www.remonen.fi\/WP\/#\/schema\/person\/1803c23d1d4f6722054eb2ac7f7a97cd","name":"Matti Remonen","logo":{"@id":"https:\/\/www.remonen.fi\/WP\/#\/schema\/person\/image\/"},"url":"https:\/\/www.remonen.fi\/WP\/blogi\/author\/mre\/"}]}},"_links":{"self":[{"href":"https:\/\/www.remonen.fi\/WP\/wp-json\/wp\/v2\/posts\/6478"}],"collection":[{"href":"https:\/\/www.remonen.fi\/WP\/wp-json\/wp\/v2\/posts"}],"about":[{"href":"https:\/\/www.remonen.fi\/WP\/wp-json\/wp\/v2\/types\/post"}],"author":[{"embeddable":true,"href":"https:\/\/www.remonen.fi\/WP\/wp-json\/wp\/v2\/users\/2"}],"replies":[{"embeddable":true,"href":"https:\/\/www.remonen.fi\/WP\/wp-json\/wp\/v2\/comments?post=6478"}],"version-history":[{"count":0,"href":"https:\/\/www.remonen.fi\/WP\/wp-json\/wp\/v2\/posts\/6478\/revisions"}],"wp:featuredmedia":[{"embeddable":true,"href":"https:\/\/www.remonen.fi\/WP\/wp-json\/wp\/v2\/media\/6485"}],"wp:attachment":[{"href":"https:\/\/www.remonen.fi\/WP\/wp-json\/wp\/v2\/media?parent=6478"}],"wp:term":[{"taxonomy":"category","embeddable":true,"href":"https:\/\/www.remonen.fi\/WP\/wp-json\/wp\/v2\/categories?post=6478"},{"taxonomy":"post_tag","embeddable":true,"href":"https:\/\/www.remonen.fi\/WP\/wp-json\/wp\/v2\/tags?post=6478"}],"curies":[{"name":"wp","href":"https:\/\/api.w.org\/{rel}","templated":true}]}}