{"id":6501,"date":"2015-07-19T18:20:31","date_gmt":"2015-07-19T15:20:31","guid":{"rendered":"http:\/\/www.remonen.fi\/?p=6501"},"modified":"2015-07-25T13:25:31","modified_gmt":"2015-07-25T10:25:31","slug":"silppua-ja-salaa","status":"publish","type":"post","link":"https:\/\/www.remonen.fi\/WP\/blogi\/silppua-ja-salaa\/","title":{"rendered":"Silppua ja s\u00e4l\u00e4\u00e4"},"content":{"rendered":"<p><a href=\"http:\/\/www.remonen.fi\/WP\/wp-content\/uploads\/2015\/07\/sielta_taalta-2.jpg\"><img loading=\"lazy\" decoding=\"async\" class=\"aligncenter wp-image-6508\" title=\"Aperture: &#402;\/8 | Taken: 11 hein\u00e4kuun, 2015 | Copyright: (c) Matti Remonen | Exposure bias: +1.7EV | Flash fired: no | Focal length: 18mm | ISO: 100 | Shutter speed: 1\/125s | \" src=\"http:\/\/www.remonen.fi\/WP\/wp-content\/uploads\/2015\/07\/sielta_taalta-2.jpg\" alt=\"Riviera\" width=\"680\" height=\"452\" srcset=\"https:\/\/www.remonen.fi\/WP\/wp-content\/uploads\/2015\/07\/sielta_taalta-2.jpg 1024w, https:\/\/www.remonen.fi\/WP\/wp-content\/uploads\/2015\/07\/sielta_taalta-2-300x199.jpg 300w, https:\/\/www.remonen.fi\/WP\/wp-content\/uploads\/2015\/07\/sielta_taalta-2-680x452.jpg 680w, https:\/\/www.remonen.fi\/WP\/wp-content\/uploads\/2015\/07\/sielta_taalta-2-440x292.jpg 440w, https:\/\/www.remonen.fi\/WP\/wp-content\/uploads\/2015\/07\/sielta_taalta-2-960x638.jpg 960w\" sizes=\"(max-width: 680px) 100vw, 680px\" \/><\/a><\/p>\n<p>Ei ole Viron reissun j\u00e4lkeen oikein tullut paneuduttua valokuvaamiseen oikein tosissaan. Mennyt enemm\u00e4n lomaillessa t\u00e4m\u00e4 loma, mutta kaipa se sen tarkoitus onkin. Ja kun puhutaan harrastamisesta, niin eik\u00f6h\u00e4n siit\u00e4 voi j\u00e4tt\u00e4\u00e4 pois pakonomaisen yritt\u00e4misen, jos homma ei vain jostain syyst\u00e4 luista.<\/p>\n<p><a href=\"http:\/\/www.remonen.fi\/WP\/wp-content\/uploads\/2015\/07\/sielta_taalta-1.jpg\"><img loading=\"lazy\" decoding=\"async\" class=\"aligncenter wp-image-6502\" title=\"Aperture: &#402;\/5.6 | Credit: Matti Remonen | Camera: CORPORATION | Taken: 7 hein\u00e4kuun, 2015 | Copyright: (c) Matti Remonen | Flash fired: no | Focal length: 105mm | ISO: 560 | Shutter speed: 1\/250s | \" src=\"http:\/\/www.remonen.fi\/WP\/wp-content\/uploads\/2015\/07\/sielta_taalta-1.jpg\" alt=\"Lehti sateessa\" width=\"680\" height=\"454\" srcset=\"https:\/\/www.remonen.fi\/WP\/wp-content\/uploads\/2015\/07\/sielta_taalta-1.jpg 1024w, https:\/\/www.remonen.fi\/WP\/wp-content\/uploads\/2015\/07\/sielta_taalta-1-300x200.jpg 300w, https:\/\/www.remonen.fi\/WP\/wp-content\/uploads\/2015\/07\/sielta_taalta-1-680x454.jpg 680w, https:\/\/www.remonen.fi\/WP\/wp-content\/uploads\/2015\/07\/sielta_taalta-1-440x293.jpg 440w, https:\/\/www.remonen.fi\/WP\/wp-content\/uploads\/2015\/07\/sielta_taalta-1-960x640.jpg 960w\" sizes=\"(max-width: 680px) 100vw, 680px\" \/><\/a><\/p>\n<p>Sen verran on tullut kuitenkin kameran kanssa kuljeskeltua, ett\u00e4 sain vihdoin kuvattua Sibieliusmonumentin. Kuvista nyt tuli 100% turistir\u00e4psyj\u00e4, mutta mink\u00e4s teet. Tuonne kyll\u00e4 pit\u00e4isi menn\u00e4 ajan kanssa ja mietti\u00e4, miten kuluneesta aiheesta saisi jotain uutta irti. Sama koskee tosin kaikkia muitakin maailman turistikohteita: k\u00e4yt\u00e4nn\u00f6ss\u00e4 kaikki kuvat on jo maailmassa otettu, loppu on vain toisintoa. Toisaalta onhan siin\u00e4 itse otetussa kuitenkin arvo sin\u00e4ns\u00e4.<\/p>\n<p><a href=\"http:\/\/www.remonen.fi\/WP\/wp-content\/uploads\/2015\/07\/sielta_taalta-4.jpg\"><img loading=\"lazy\" decoding=\"async\" class=\"aligncenter wp-image-6506\" title=\"Aperture: &#402;\/8 | Taken: 11 hein\u00e4kuun, 2015 | Copyright: (c) Matti Remonen | Exposure bias: +2.3EV | Flash fired: no | Focal length: 10mm | ISO: 500 | Shutter speed: 1\/60s | \" src=\"http:\/\/www.remonen.fi\/WP\/wp-content\/uploads\/2015\/07\/sielta_taalta-4.jpg\" alt=\"Sibeliusmonumentti\" width=\"680\" height=\"452\" srcset=\"https:\/\/www.remonen.fi\/WP\/wp-content\/uploads\/2015\/07\/sielta_taalta-4.jpg 1024w, https:\/\/www.remonen.fi\/WP\/wp-content\/uploads\/2015\/07\/sielta_taalta-4-300x199.jpg 300w, https:\/\/www.remonen.fi\/WP\/wp-content\/uploads\/2015\/07\/sielta_taalta-4-680x452.jpg 680w, https:\/\/www.remonen.fi\/WP\/wp-content\/uploads\/2015\/07\/sielta_taalta-4-440x292.jpg 440w, https:\/\/www.remonen.fi\/WP\/wp-content\/uploads\/2015\/07\/sielta_taalta-4-960x638.jpg 960w\" sizes=\"(max-width: 680px) 100vw, 680px\" \/><\/a><\/p>\n<p><a href=\"http:\/\/www.remonen.fi\/WP\/wp-content\/uploads\/2015\/07\/sielta_taalta-3.jpg\"><img loading=\"lazy\" decoding=\"async\" class=\"aligncenter wp-image-6507\" title=\"Aperture: &#402;\/8 | Taken: 11 hein\u00e4kuun, 2015 | Copyright: (c) Matti Remonen | Exposure bias: +2.3EV | Flash fired: no | Focal length: 18mm | ISO: 100 | Shutter speed: 1\/100s | \" src=\"http:\/\/www.remonen.fi\/WP\/wp-content\/uploads\/2015\/07\/sielta_taalta-3.jpg\" alt=\"sielta_taalta-3\" width=\"452\" height=\"680\" srcset=\"https:\/\/www.remonen.fi\/WP\/wp-content\/uploads\/2015\/07\/sielta_taalta-3.jpg 680w, https:\/\/www.remonen.fi\/WP\/wp-content\/uploads\/2015\/07\/sielta_taalta-3-199x300.jpg 199w, https:\/\/www.remonen.fi\/WP\/wp-content\/uploads\/2015\/07\/sielta_taalta-3-452x680.jpg 452w, https:\/\/www.remonen.fi\/WP\/wp-content\/uploads\/2015\/07\/sielta_taalta-3-440x663.jpg 440w, https:\/\/www.remonen.fi\/WP\/wp-content\/uploads\/2015\/07\/sielta_taalta-3-300x452.jpg 300w\" sizes=\"(max-width: 452px) 100vw, 452px\" \/><\/a><\/p>\n<p>Toinen &#8221;lomareissu&#8221; suuntautui Lonnaan ja Suomenlinnaan. Ei sielt\u00e4k\u00e4\u00e4n oikein sit\u00e4 inspiraatiota l\u00f6ytynyt, mutta jonkun kuvan sielt\u00e4kin sai mukaansa.<\/p>\n<p><a href=\"http:\/\/www.remonen.fi\/WP\/wp-content\/uploads\/2015\/07\/sielta_taalta-7.jpg\"><img loading=\"lazy\" decoding=\"async\" class=\"aligncenter wp-image-6503\" title=\"Aperture: &#402;\/8 | Taken: 15 hein\u00e4kuun, 2015 | Copyright: (c) Matti Remonen | Exposure bias: +2.3EV | Flash fired: no | Focal length: 32mm | ISO: 125 | Shutter speed: 1\/60s | \" src=\"http:\/\/www.remonen.fi\/WP\/wp-content\/uploads\/2015\/07\/sielta_taalta-7.jpg\" alt=\"Suomenlinna\" width=\"680\" height=\"452\" srcset=\"https:\/\/www.remonen.fi\/WP\/wp-content\/uploads\/2015\/07\/sielta_taalta-7.jpg 1024w, https:\/\/www.remonen.fi\/WP\/wp-content\/uploads\/2015\/07\/sielta_taalta-7-300x199.jpg 300w, https:\/\/www.remonen.fi\/WP\/wp-content\/uploads\/2015\/07\/sielta_taalta-7-680x452.jpg 680w, https:\/\/www.remonen.fi\/WP\/wp-content\/uploads\/2015\/07\/sielta_taalta-7-440x292.jpg 440w, https:\/\/www.remonen.fi\/WP\/wp-content\/uploads\/2015\/07\/sielta_taalta-7-960x638.jpg 960w\" sizes=\"(max-width: 680px) 100vw, 680px\" \/><\/a><\/p>\n<p>Huomenna on tarkoitus suunnata Hankoon ja siell\u00e4 on varattuna risteilyt Bengtsk\u00e4riin ja Russar\u00f6h\u00f6n, joten josko se ilmaston vaihto auttaisi l\u00f6yt\u00e4m\u00e4\u00e4n sen inspiksen. J\u00e4\u00e4 n\u00e4ht\u00e4v\u00e4ksi&#8230;<\/p>\n<p><a href=\"http:\/\/www.remonen.fi\/WP\/wp-content\/uploads\/2015\/07\/sielta_taalta-6.jpg\"><img loading=\"lazy\" decoding=\"async\" class=\"aligncenter wp-image-6504\" title=\"Aperture: &#402;\/3 | Credit: Matti Remonen | Camera: CORPORATION | Taken: 14 hein\u00e4kuun, 2015 | Copyright: (c) Matti Remonen | Flash fired: no | Focal length: 105mm | ISO: 64 | Shutter speed: 1\/500s | \" src=\"http:\/\/www.remonen.fi\/WP\/wp-content\/uploads\/2015\/07\/sielta_taalta-6.jpg\" alt=\"Kukka parvekkeella\" width=\"454\" height=\"680\" srcset=\"https:\/\/www.remonen.fi\/WP\/wp-content\/uploads\/2015\/07\/sielta_taalta-6.jpg 683w, https:\/\/www.remonen.fi\/WP\/wp-content\/uploads\/2015\/07\/sielta_taalta-6-200x300.jpg 200w, https:\/\/www.remonen.fi\/WP\/wp-content\/uploads\/2015\/07\/sielta_taalta-6-454x680.jpg 454w, https:\/\/www.remonen.fi\/WP\/wp-content\/uploads\/2015\/07\/sielta_taalta-6-440x660.jpg 440w, https:\/\/www.remonen.fi\/WP\/wp-content\/uploads\/2015\/07\/sielta_taalta-6-300x450.jpg 300w\" sizes=\"(max-width: 454px) 100vw, 454px\" \/><\/a><\/p>\n<p>Kameroina ik\u00e4v\u00e4n karkoituksessa on toimineet Sony ILCE-6000, IR-konvertoitu Sony NEX-5N ja Nikon D810. Objektiiveina vastaavasti Sony Zeiss 18f24; SEL1855 ja Micro-Nikkor AF-S 105\/2.8G.<\/p>\n","protected":false},"excerpt":{"rendered":"<p>Ei ole Viron reissun j\u00e4lkeen oikein tullut paneuduttua valokuvaamiseen oikein tosissaan. Mennyt enemm\u00e4n lomaillessa t\u00e4m\u00e4 loma, mutta kaipa se sen tarkoitus onkin. Ja kun puhutaan harrastamisesta, niin eik\u00f6h\u00e4n siit\u00e4 voi j\u00e4tt\u00e4\u00e4 pois pakonomaisen yritt\u00e4misen, jos homma ei vain jostain syyst\u00e4 luista. Sen verran on tullut kuitenkin kameran kanssa kuljeskeltua, ett\u00e4 sain vihdoin kuvattua Sibieliusmonumentin. Kuvista [&hellip;]<\/p>\n","protected":false},"author":2,"featured_media":6505,"comment_status":"open","ping_status":"closed","sticky":false,"template":"","format":"standard","meta":{"footnotes":""},"categories":[16],"tags":[242,201],"yoast_head":"<!-- This site is optimized with the Yoast SEO plugin v24.5 - https:\/\/yoast.com\/wordpress\/plugins\/seo\/ -->\n<title>Silppua ja s\u00e4l\u00e4\u00e4 &#187; remonen.fi<\/title>\n<meta name=\"robots\" content=\"index, follow, max-snippet:-1, max-image-preview:large, max-video-preview:-1\" \/>\n<link rel=\"canonical\" href=\"https:\/\/www.remonen.fi\/WP\/blogi\/silppua-ja-salaa\/\" \/>\n<meta property=\"og:locale\" content=\"fi_FI\" \/>\n<meta property=\"og:type\" content=\"article\" \/>\n<meta property=\"og:title\" content=\"Silppua ja s\u00e4l\u00e4\u00e4 &#187; remonen.fi\" \/>\n<meta property=\"og:description\" content=\"Ei ole Viron reissun j\u00e4lkeen oikein tullut paneuduttua valokuvaamiseen oikein tosissaan. Mennyt enemm\u00e4n lomaillessa t\u00e4m\u00e4 loma, mutta kaipa se sen tarkoitus onkin. Ja kun puhutaan harrastamisesta, niin eik\u00f6h\u00e4n siit\u00e4 voi j\u00e4tt\u00e4\u00e4 pois pakonomaisen yritt\u00e4misen, jos homma ei vain jostain syyst\u00e4 luista. Sen verran on tullut kuitenkin kameran kanssa kuljeskeltua, ett\u00e4 sain vihdoin kuvattua Sibieliusmonumentin. Kuvista [&hellip;]\" \/>\n<meta property=\"og:url\" content=\"https:\/\/www.remonen.fi\/WP\/blogi\/silppua-ja-salaa\/\" \/>\n<meta property=\"og:site_name\" content=\"remonen.fi\" \/>\n<meta property=\"article:published_time\" content=\"2015-07-19T15:20:31+00:00\" \/>\n<meta property=\"article:modified_time\" content=\"2015-07-25T10:25:31+00:00\" \/>\n<meta property=\"og:image\" content=\"https:\/\/www.remonen.fi\/WP\/wp-content\/uploads\/2015\/07\/sielta_taalta-5.jpg\" \/>\n\t<meta property=\"og:image:width\" content=\"1024\" \/>\n\t<meta property=\"og:image:height\" content=\"680\" \/>\n\t<meta property=\"og:image:type\" content=\"image\/jpeg\" \/>\n<meta name=\"author\" content=\"Matti Remonen\" \/>\n<meta name=\"twitter:label1\" content=\"Kirjoittanut\" \/>\n\t<meta name=\"twitter:data1\" content=\"Matti Remonen\" \/>\n\t<meta name=\"twitter:label2\" content=\"Arvioitu lukuaika\" \/>\n\t<meta name=\"twitter:data2\" content=\"1 minuutti\" \/>\n<script type=\"application\/ld+json\" class=\"yoast-schema-graph\">{\"@context\":\"https:\/\/schema.org\",\"@graph\":[{\"@type\":\"Article\",\"@id\":\"https:\/\/www.remonen.fi\/WP\/blogi\/silppua-ja-salaa\/#article\",\"isPartOf\":{\"@id\":\"https:\/\/www.remonen.fi\/WP\/blogi\/silppua-ja-salaa\/\"},\"author\":{\"name\":\"Matti Remonen\",\"@id\":\"https:\/\/www.remonen.fi\/WP\/#\/schema\/person\/1803c23d1d4f6722054eb2ac7f7a97cd\"},\"headline\":\"Silppua ja s\u00e4l\u00e4\u00e4\",\"datePublished\":\"2015-07-19T15:20:31+00:00\",\"dateModified\":\"2015-07-25T10:25:31+00:00\",\"mainEntityOfPage\":{\"@id\":\"https:\/\/www.remonen.fi\/WP\/blogi\/silppua-ja-salaa\/\"},\"wordCount\":201,\"commentCount\":2,\"publisher\":{\"@id\":\"https:\/\/www.remonen.fi\/WP\/#\/schema\/person\/1803c23d1d4f6722054eb2ac7f7a97cd\"},\"image\":{\"@id\":\"https:\/\/www.remonen.fi\/WP\/blogi\/silppua-ja-salaa\/#primaryimage\"},\"thumbnailUrl\":\"https:\/\/www.remonen.fi\/WP\/wp-content\/uploads\/2015\/07\/sielta_taalta-5.jpg\",\"keywords\":[\"Sibeliusmonumentti\",\"Suomenlinna\"],\"articleSection\":[\"Blog\"],\"inLanguage\":\"fi\",\"potentialAction\":[{\"@type\":\"CommentAction\",\"name\":\"Comment\",\"target\":[\"https:\/\/www.remonen.fi\/WP\/blogi\/silppua-ja-salaa\/#respond\"]}]},{\"@type\":\"WebPage\",\"@id\":\"https:\/\/www.remonen.fi\/WP\/blogi\/silppua-ja-salaa\/\",\"url\":\"https:\/\/www.remonen.fi\/WP\/blogi\/silppua-ja-salaa\/\",\"name\":\"Silppua ja s\u00e4l\u00e4\u00e4 &#187; remonen.fi\",\"isPartOf\":{\"@id\":\"https:\/\/www.remonen.fi\/WP\/#website\"},\"primaryImageOfPage\":{\"@id\":\"https:\/\/www.remonen.fi\/WP\/blogi\/silppua-ja-salaa\/#primaryimage\"},\"image\":{\"@id\":\"https:\/\/www.remonen.fi\/WP\/blogi\/silppua-ja-salaa\/#primaryimage\"},\"thumbnailUrl\":\"https:\/\/www.remonen.fi\/WP\/wp-content\/uploads\/2015\/07\/sielta_taalta-5.jpg\",\"datePublished\":\"2015-07-19T15:20:31+00:00\",\"dateModified\":\"2015-07-25T10:25:31+00:00\",\"breadcrumb\":{\"@id\":\"https:\/\/www.remonen.fi\/WP\/blogi\/silppua-ja-salaa\/#breadcrumb\"},\"inLanguage\":\"fi\",\"potentialAction\":[{\"@type\":\"ReadAction\",\"target\":[\"https:\/\/www.remonen.fi\/WP\/blogi\/silppua-ja-salaa\/\"]}]},{\"@type\":\"ImageObject\",\"inLanguage\":\"fi\",\"@id\":\"https:\/\/www.remonen.fi\/WP\/blogi\/silppua-ja-salaa\/#primaryimage\",\"url\":\"https:\/\/www.remonen.fi\/WP\/wp-content\/uploads\/2015\/07\/sielta_taalta-5.jpg\",\"contentUrl\":\"https:\/\/www.remonen.fi\/WP\/wp-content\/uploads\/2015\/07\/sielta_taalta-5.jpg\",\"width\":1024,\"height\":680},{\"@type\":\"BreadcrumbList\",\"@id\":\"https:\/\/www.remonen.fi\/WP\/blogi\/silppua-ja-salaa\/#breadcrumb\",\"itemListElement\":[{\"@type\":\"ListItem\",\"position\":1,\"name\":\"Etusivu\",\"item\":\"https:\/\/www.remonen.fi\/WP\/\"},{\"@type\":\"ListItem\",\"position\":2,\"name\":\"Silppua ja s\u00e4l\u00e4\u00e4\"}]},{\"@type\":\"WebSite\",\"@id\":\"https:\/\/www.remonen.fi\/WP\/#website\",\"url\":\"https:\/\/www.remonen.fi\/WP\/\",\"name\":\"remonen.fi\",\"description\":\"Valokuvia ja tarinaa laidasta laitaan\",\"publisher\":{\"@id\":\"https:\/\/www.remonen.fi\/WP\/#\/schema\/person\/1803c23d1d4f6722054eb2ac7f7a97cd\"},\"potentialAction\":[{\"@type\":\"SearchAction\",\"target\":{\"@type\":\"EntryPoint\",\"urlTemplate\":\"https:\/\/www.remonen.fi\/WP\/?s={search_term_string}\"},\"query-input\":{\"@type\":\"PropertyValueSpecification\",\"valueRequired\":true,\"valueName\":\"search_term_string\"}}],\"inLanguage\":\"fi\"},{\"@type\":[\"Person\",\"Organization\"],\"@id\":\"https:\/\/www.remonen.fi\/WP\/#\/schema\/person\/1803c23d1d4f6722054eb2ac7f7a97cd\",\"name\":\"Matti Remonen\",\"logo\":{\"@id\":\"https:\/\/www.remonen.fi\/WP\/#\/schema\/person\/image\/\"},\"url\":\"https:\/\/www.remonen.fi\/WP\/blogi\/author\/mre\/\"}]}<\/script>\n<!-- \/ Yoast SEO plugin. -->","yoast_head_json":{"title":"Silppua ja s\u00e4l\u00e4\u00e4 &#187; remonen.fi","robots":{"index":"index","follow":"follow","max-snippet":"max-snippet:-1","max-image-preview":"max-image-preview:large","max-video-preview":"max-video-preview:-1"},"canonical":"https:\/\/www.remonen.fi\/WP\/blogi\/silppua-ja-salaa\/","og_locale":"fi_FI","og_type":"article","og_title":"Silppua ja s\u00e4l\u00e4\u00e4 &#187; remonen.fi","og_description":"Ei ole Viron reissun j\u00e4lkeen oikein tullut paneuduttua valokuvaamiseen oikein tosissaan. Mennyt enemm\u00e4n lomaillessa t\u00e4m\u00e4 loma, mutta kaipa se sen tarkoitus onkin. Ja kun puhutaan harrastamisesta, niin eik\u00f6h\u00e4n siit\u00e4 voi j\u00e4tt\u00e4\u00e4 pois pakonomaisen yritt\u00e4misen, jos homma ei vain jostain syyst\u00e4 luista. Sen verran on tullut kuitenkin kameran kanssa kuljeskeltua, ett\u00e4 sain vihdoin kuvattua Sibieliusmonumentin. Kuvista [&hellip;]","og_url":"https:\/\/www.remonen.fi\/WP\/blogi\/silppua-ja-salaa\/","og_site_name":"remonen.fi","article_published_time":"2015-07-19T15:20:31+00:00","article_modified_time":"2015-07-25T10:25:31+00:00","og_image":[{"width":1024,"height":680,"url":"https:\/\/www.remonen.fi\/WP\/wp-content\/uploads\/2015\/07\/sielta_taalta-5.jpg","type":"image\/jpeg"}],"author":"Matti Remonen","twitter_misc":{"Kirjoittanut":"Matti Remonen","Arvioitu lukuaika":"1 minuutti"},"schema":{"@context":"https:\/\/schema.org","@graph":[{"@type":"Article","@id":"https:\/\/www.remonen.fi\/WP\/blogi\/silppua-ja-salaa\/#article","isPartOf":{"@id":"https:\/\/www.remonen.fi\/WP\/blogi\/silppua-ja-salaa\/"},"author":{"name":"Matti Remonen","@id":"https:\/\/www.remonen.fi\/WP\/#\/schema\/person\/1803c23d1d4f6722054eb2ac7f7a97cd"},"headline":"Silppua ja s\u00e4l\u00e4\u00e4","datePublished":"2015-07-19T15:20:31+00:00","dateModified":"2015-07-25T10:25:31+00:00","mainEntityOfPage":{"@id":"https:\/\/www.remonen.fi\/WP\/blogi\/silppua-ja-salaa\/"},"wordCount":201,"commentCount":2,"publisher":{"@id":"https:\/\/www.remonen.fi\/WP\/#\/schema\/person\/1803c23d1d4f6722054eb2ac7f7a97cd"},"image":{"@id":"https:\/\/www.remonen.fi\/WP\/blogi\/silppua-ja-salaa\/#primaryimage"},"thumbnailUrl":"https:\/\/www.remonen.fi\/WP\/wp-content\/uploads\/2015\/07\/sielta_taalta-5.jpg","keywords":["Sibeliusmonumentti","Suomenlinna"],"articleSection":["Blog"],"inLanguage":"fi","potentialAction":[{"@type":"CommentAction","name":"Comment","target":["https:\/\/www.remonen.fi\/WP\/blogi\/silppua-ja-salaa\/#respond"]}]},{"@type":"WebPage","@id":"https:\/\/www.remonen.fi\/WP\/blogi\/silppua-ja-salaa\/","url":"https:\/\/www.remonen.fi\/WP\/blogi\/silppua-ja-salaa\/","name":"Silppua ja s\u00e4l\u00e4\u00e4 &#187; remonen.fi","isPartOf":{"@id":"https:\/\/www.remonen.fi\/WP\/#website"},"primaryImageOfPage":{"@id":"https:\/\/www.remonen.fi\/WP\/blogi\/silppua-ja-salaa\/#primaryimage"},"image":{"@id":"https:\/\/www.remonen.fi\/WP\/blogi\/silppua-ja-salaa\/#primaryimage"},"thumbnailUrl":"https:\/\/www.remonen.fi\/WP\/wp-content\/uploads\/2015\/07\/sielta_taalta-5.jpg","datePublished":"2015-07-19T15:20:31+00:00","dateModified":"2015-07-25T10:25:31+00:00","breadcrumb":{"@id":"https:\/\/www.remonen.fi\/WP\/blogi\/silppua-ja-salaa\/#breadcrumb"},"inLanguage":"fi","potentialAction":[{"@type":"ReadAction","target":["https:\/\/www.remonen.fi\/WP\/blogi\/silppua-ja-salaa\/"]}]},{"@type":"ImageObject","inLanguage":"fi","@id":"https:\/\/www.remonen.fi\/WP\/blogi\/silppua-ja-salaa\/#primaryimage","url":"https:\/\/www.remonen.fi\/WP\/wp-content\/uploads\/2015\/07\/sielta_taalta-5.jpg","contentUrl":"https:\/\/www.remonen.fi\/WP\/wp-content\/uploads\/2015\/07\/sielta_taalta-5.jpg","width":1024,"height":680},{"@type":"BreadcrumbList","@id":"https:\/\/www.remonen.fi\/WP\/blogi\/silppua-ja-salaa\/#breadcrumb","itemListElement":[{"@type":"ListItem","position":1,"name":"Etusivu","item":"https:\/\/www.remonen.fi\/WP\/"},{"@type":"ListItem","position":2,"name":"Silppua ja s\u00e4l\u00e4\u00e4"}]},{"@type":"WebSite","@id":"https:\/\/www.remonen.fi\/WP\/#website","url":"https:\/\/www.remonen.fi\/WP\/","name":"remonen.fi","description":"Valokuvia ja tarinaa laidasta laitaan","publisher":{"@id":"https:\/\/www.remonen.fi\/WP\/#\/schema\/person\/1803c23d1d4f6722054eb2ac7f7a97cd"},"potentialAction":[{"@type":"SearchAction","target":{"@type":"EntryPoint","urlTemplate":"https:\/\/www.remonen.fi\/WP\/?s={search_term_string}"},"query-input":{"@type":"PropertyValueSpecification","valueRequired":true,"valueName":"search_term_string"}}],"inLanguage":"fi"},{"@type":["Person","Organization"],"@id":"https:\/\/www.remonen.fi\/WP\/#\/schema\/person\/1803c23d1d4f6722054eb2ac7f7a97cd","name":"Matti Remonen","logo":{"@id":"https:\/\/www.remonen.fi\/WP\/#\/schema\/person\/image\/"},"url":"https:\/\/www.remonen.fi\/WP\/blogi\/author\/mre\/"}]}},"_links":{"self":[{"href":"https:\/\/www.remonen.fi\/WP\/wp-json\/wp\/v2\/posts\/6501"}],"collection":[{"href":"https:\/\/www.remonen.fi\/WP\/wp-json\/wp\/v2\/posts"}],"about":[{"href":"https:\/\/www.remonen.fi\/WP\/wp-json\/wp\/v2\/types\/post"}],"author":[{"embeddable":true,"href":"https:\/\/www.remonen.fi\/WP\/wp-json\/wp\/v2\/users\/2"}],"replies":[{"embeddable":true,"href":"https:\/\/www.remonen.fi\/WP\/wp-json\/wp\/v2\/comments?post=6501"}],"version-history":[{"count":0,"href":"https:\/\/www.remonen.fi\/WP\/wp-json\/wp\/v2\/posts\/6501\/revisions"}],"wp:featuredmedia":[{"embeddable":true,"href":"https:\/\/www.remonen.fi\/WP\/wp-json\/wp\/v2\/media\/6505"}],"wp:attachment":[{"href":"https:\/\/www.remonen.fi\/WP\/wp-json\/wp\/v2\/media?parent=6501"}],"wp:term":[{"taxonomy":"category","embeddable":true,"href":"https:\/\/www.remonen.fi\/WP\/wp-json\/wp\/v2\/categories?post=6501"},{"taxonomy":"post_tag","embeddable":true,"href":"https:\/\/www.remonen.fi\/WP\/wp-json\/wp\/v2\/tags?post=6501"}],"curies":[{"name":"wp","href":"https:\/\/api.w.org\/{rel}","templated":true}]}}