{"id":6555,"date":"2015-07-27T19:55:08","date_gmt":"2015-07-27T16:55:08","guid":{"rendered":"http:\/\/www.remonen.fi\/?p=6555"},"modified":"2015-09-27T12:49:00","modified_gmt":"2015-09-27T09:49:00","slug":"hameen-linnassa-hameenlinnassa","status":"publish","type":"post","link":"https:\/\/www.remonen.fi\/WP\/blogi\/hameen-linnassa-hameenlinnassa\/","title":{"rendered":"H\u00e4meen linnassa H\u00e4meenlinnassa"},"content":{"rendered":"<p>Tuli k\u00e4yty\u00e4 sitten my\u00f6s <a href=\"https:\/\/fi.wikipedia.org\/wiki\/H%C3%A4meen_linna\" target=\"_blank\">H\u00e4meen linnassa<\/a>. Yhdyssanaversiossa on tullut k\u00e4yty\u00e4 enemminkin, t\u00e4ss\u00e4 erillisversiossa sitten hieman harvemmin.<\/p>\n<p><div id=\"attachment_6562\" style=\"width: 464px\" class=\"wp-caption aligncenter\"><a href=\"http:\/\/www.remonen.fi\/WP\/wp-content\/uploads\/2015\/07\/hameenlinna-2.jpg\"><img loading=\"lazy\" decoding=\"async\" aria-describedby=\"caption-attachment-6562\" class=\"wp-image-6562\" title=\"Aperture: &#402;\/7.1 | Taken: 24 hein\u00e4kuun, 2015 | Copyright: (c) Matti Remonen | Exposure bias: +7\/10EV | Flash fired: no | Focal length: 24mm | ISO: 100 | Shutter speed: 1\/160s | \" src=\"http:\/\/www.remonen.fi\/WP\/wp-content\/uploads\/2015\/07\/hameenlinna-2.jpg\" alt=\"H\u00e4meen Linna, p\u00e4\u00e4portti\" width=\"454\" height=\"680\" srcset=\"https:\/\/www.remonen.fi\/WP\/wp-content\/uploads\/2015\/07\/hameenlinna-2.jpg 683w, https:\/\/www.remonen.fi\/WP\/wp-content\/uploads\/2015\/07\/hameenlinna-2-200x300.jpg 200w, https:\/\/www.remonen.fi\/WP\/wp-content\/uploads\/2015\/07\/hameenlinna-2-454x680.jpg 454w, https:\/\/www.remonen.fi\/WP\/wp-content\/uploads\/2015\/07\/hameenlinna-2-440x660.jpg 440w, https:\/\/www.remonen.fi\/WP\/wp-content\/uploads\/2015\/07\/hameenlinna-2-300x450.jpg 300w\" sizes=\"(max-width: 454px) 100vw, 454px\" \/><\/a><p id=\"caption-attachment-6562\" class=\"wp-caption-text\">Ken t\u00e4st\u00e4 k\u00e4y&#8230; saa Museokorttia k\u00e4ytt\u00e4\u00e4<\/p><\/div>Ihan vaikuttavann\u00e4k\u00f6inen pytinki, ei siin\u00e4 mit\u00e4\u00e4n. Linnahan oli p\u00e4\u00e4ssyt aika heikkoon happeen, ennen kuin sit\u00e4 alettiin entis\u00f6im\u00e4\u00e4n joskus tuossa -50 -luvulla ja lopullisesti se valmistui vasta kahdeksankymment\u00e4luvun lopulla, kun viimeisetkin vangit oli saatu h\u00e4\u00e4detty\u00e4 sielt\u00e4 pois.<\/p>\n<p><div id=\"attachment_6561\" style=\"width: 464px\" class=\"wp-caption aligncenter\"><a href=\"http:\/\/www.remonen.fi\/WP\/wp-content\/uploads\/2015\/07\/hameenlinna-3.jpg\"><img loading=\"lazy\" decoding=\"async\" aria-describedby=\"caption-attachment-6561\" class=\"wp-image-6561\" title=\"Aperture: &#402;\/4.5 | Taken: 24 hein\u00e4kuun, 2015 | Copyright: (c) Matti Remonen | Exposure bias: +7\/10EV | Flash fired: no | Focal length: 24mm | ISO: 3200 | Shutter speed: 1\/5s | \" src=\"http:\/\/www.remonen.fi\/WP\/wp-content\/uploads\/2015\/07\/hameenlinna-3.jpg\" alt=\"H\u00e4meen Linna tykkitorni\" width=\"454\" height=\"680\" srcset=\"https:\/\/www.remonen.fi\/WP\/wp-content\/uploads\/2015\/07\/hameenlinna-3.jpg 683w, https:\/\/www.remonen.fi\/WP\/wp-content\/uploads\/2015\/07\/hameenlinna-3-200x300.jpg 200w, https:\/\/www.remonen.fi\/WP\/wp-content\/uploads\/2015\/07\/hameenlinna-3-454x680.jpg 454w, https:\/\/www.remonen.fi\/WP\/wp-content\/uploads\/2015\/07\/hameenlinna-3-440x660.jpg 440w, https:\/\/www.remonen.fi\/WP\/wp-content\/uploads\/2015\/07\/hameenlinna-3-300x450.jpg 300w\" sizes=\"(max-width: 454px) 100vw, 454px\" \/><\/a><p id=\"caption-attachment-6561\" class=\"wp-caption-text\">Vanha tykkitorni<\/p><\/div>Osallistuimme opastetulle kierrokselle, kun sellainen kohdalle sattui. Linna ei ole koskaan oikein n\u00e4hnyt ns. oikeaa toimintaa. Ainoastaan kerran novgorodilaiset piirittiv\u00e4t sit\u00e4 kolme p\u00e4iv\u00e4\u00e4 ilman suurempaa menestyst\u00e4. Sen j\u00e4lkeen linna on vaihtanut omistajaa melko rauhanomaisissa merkeiss\u00e4.<\/p>\n<p><div id=\"attachment_6559\" style=\"width: 690px\" class=\"wp-caption aligncenter\"><a href=\"http:\/\/www.remonen.fi\/WP\/wp-content\/uploads\/2015\/07\/hameenlinna-5.jpg\"><img loading=\"lazy\" decoding=\"async\" aria-describedby=\"caption-attachment-6559\" class=\"wp-image-6559\" title=\"Aperture: &#402;\/5.6 | Taken: 24 hein\u00e4kuun, 2015 | Copyright: (c) Matti Remonen | Exposure bias: +7\/10EV | Flash fired: no | Focal length: 24mm | ISO: 3200 | Shutter speed: 1\/40s | \" src=\"http:\/\/www.remonen.fi\/WP\/wp-content\/uploads\/2015\/07\/hameenlinna-5.jpg\" alt=\"Kuninkaanhuone, H\u00e4meen Linna\" width=\"680\" height=\"454\" srcset=\"https:\/\/www.remonen.fi\/WP\/wp-content\/uploads\/2015\/07\/hameenlinna-5.jpg 1024w, https:\/\/www.remonen.fi\/WP\/wp-content\/uploads\/2015\/07\/hameenlinna-5-300x200.jpg 300w, https:\/\/www.remonen.fi\/WP\/wp-content\/uploads\/2015\/07\/hameenlinna-5-680x454.jpg 680w, https:\/\/www.remonen.fi\/WP\/wp-content\/uploads\/2015\/07\/hameenlinna-5-440x293.jpg 440w, https:\/\/www.remonen.fi\/WP\/wp-content\/uploads\/2015\/07\/hameenlinna-5-960x640.jpg 960w\" sizes=\"(max-width: 680px) 100vw, 680px\" \/><\/a><p id=\"caption-attachment-6559\" class=\"wp-caption-text\">Kuninkaanhuoneen katto entis\u00f6ityn\u00e4<\/p><\/div>Ihan vierailun arvoinen paikka. Ja onhan se kuitenkin 1200 -luvulta per\u00e4isin, joten on t\u00e4\u00e4ll\u00e4kin jotain siihen aikaan tapahtunut. Vaikka v\u00e4lill\u00e4 tuntuu, ett\u00e4 maailman mielenkiinto noina aikoina lopahti Suomenlahden etel\u00e4puolelle.<\/p>\n<p><a href=\"http:\/\/www.remonen.fi\/WP\/wp-content\/uploads\/2015\/07\/hameenlinna-4.jpg\"><img loading=\"lazy\" decoding=\"async\" class=\"aligncenter wp-image-6560\" title=\"Aperture: &#402;\/5.6 | Taken: 24 hein\u00e4kuun, 2015 | Copyright: (c) Matti Remonen | Exposure bias: +7\/10EV | Flash fired: no | Focal length: 24mm | ISO: 3200 | Shutter speed: 1\/40s | \" src=\"http:\/\/www.remonen.fi\/WP\/wp-content\/uploads\/2015\/07\/hameenlinna-4.jpg\" alt=\"H\u00e4meen Linna, detalji\" width=\"454\" height=\"680\" srcset=\"https:\/\/www.remonen.fi\/WP\/wp-content\/uploads\/2015\/07\/hameenlinna-4.jpg 683w, https:\/\/www.remonen.fi\/WP\/wp-content\/uploads\/2015\/07\/hameenlinna-4-200x300.jpg 200w, https:\/\/www.remonen.fi\/WP\/wp-content\/uploads\/2015\/07\/hameenlinna-4-454x680.jpg 454w, https:\/\/www.remonen.fi\/WP\/wp-content\/uploads\/2015\/07\/hameenlinna-4-440x660.jpg 440w, https:\/\/www.remonen.fi\/WP\/wp-content\/uploads\/2015\/07\/hameenlinna-4-300x450.jpg 300w\" sizes=\"(max-width: 454px) 100vw, 454px\" \/><\/a><\/p>\n<p>Linna on entis\u00f6ity varsin pieteetill\u00e4. Miss\u00e4\u00e4n varsinaisessa alkuper\u00e4isess\u00e4 asussaan se ei ole, koska mit\u00e4\u00e4n alkuper\u00e4ist\u00e4 ei ole. Entis\u00f6inti on tehty tapaus- ja huonekohtaisesti jonkin aikakauden mukaiseksi.<\/p>\n<p><div id=\"attachment_6558\" style=\"width: 690px\" class=\"wp-caption aligncenter\"><a href=\"http:\/\/www.remonen.fi\/WP\/wp-content\/uploads\/2015\/07\/hameenlinna-6.jpg\"><img loading=\"lazy\" decoding=\"async\" aria-describedby=\"caption-attachment-6558\" class=\"wp-image-6558\" title=\"Aperture: &#402;\/5.6 | Taken: 24 hein\u00e4kuun, 2015 | Copyright: (c) Matti Remonen | Exposure bias: +7\/10EV | Flash fired: no | Focal length: 24mm | ISO: 320 | Shutter speed: 1\/60s | \" src=\"http:\/\/www.remonen.fi\/WP\/wp-content\/uploads\/2015\/07\/hameenlinna-6.jpg\" alt=\"H\u00e4meen Linna, piha\" width=\"680\" height=\"454\" srcset=\"https:\/\/www.remonen.fi\/WP\/wp-content\/uploads\/2015\/07\/hameenlinna-6.jpg 1024w, https:\/\/www.remonen.fi\/WP\/wp-content\/uploads\/2015\/07\/hameenlinna-6-300x200.jpg 300w, https:\/\/www.remonen.fi\/WP\/wp-content\/uploads\/2015\/07\/hameenlinna-6-680x454.jpg 680w, https:\/\/www.remonen.fi\/WP\/wp-content\/uploads\/2015\/07\/hameenlinna-6-440x293.jpg 440w, https:\/\/www.remonen.fi\/WP\/wp-content\/uploads\/2015\/07\/hameenlinna-6-960x640.jpg 960w\" sizes=\"(max-width: 680px) 100vw, 680px\" \/><\/a><p id=\"caption-attachment-6558\" class=\"wp-caption-text\">Linnan pihakiveys<\/p><\/div>Emme ehtineet k\u00e4yd\u00e4 vankilamuseon puolella, kun piti jo rient\u00e4\u00e4 muualle. T\u00e4m\u00e4 koko k\u00e4ynti oli enemm\u00e4n t\u00e4llainen p\u00e4\u00e4h\u00e4npisto ja v\u00e4lipala. Mutta ihan kannattava sellainen.<\/p>\n<p><div id=\"attachment_6557\" style=\"width: 464px\" class=\"wp-caption aligncenter\"><a href=\"http:\/\/www.remonen.fi\/WP\/wp-content\/uploads\/2015\/07\/hameenlinna-7.jpg\"><img loading=\"lazy\" decoding=\"async\" aria-describedby=\"caption-attachment-6557\" class=\"wp-image-6557\" title=\"Aperture: &#402;\/5 | Taken: 24 hein\u00e4kuun, 2015 | Copyright: (c) Matti Remonen | Exposure bias: +7\/10EV | Flash fired: no | Focal length: 24mm | ISO: 200 | Shutter speed: 1\/60s | \" src=\"http:\/\/www.remonen.fi\/WP\/wp-content\/uploads\/2015\/07\/hameenlinna-7.jpg\" alt=\"H\u00e4meen Linna kummitus\" width=\"454\" height=\"680\" srcset=\"https:\/\/www.remonen.fi\/WP\/wp-content\/uploads\/2015\/07\/hameenlinna-7.jpg 683w, https:\/\/www.remonen.fi\/WP\/wp-content\/uploads\/2015\/07\/hameenlinna-7-200x300.jpg 200w, https:\/\/www.remonen.fi\/WP\/wp-content\/uploads\/2015\/07\/hameenlinna-7-454x680.jpg 454w, https:\/\/www.remonen.fi\/WP\/wp-content\/uploads\/2015\/07\/hameenlinna-7-440x660.jpg 440w, https:\/\/www.remonen.fi\/WP\/wp-content\/uploads\/2015\/07\/hameenlinna-7-300x450.jpg 300w\" sizes=\"(max-width: 454px) 100vw, 454px\" \/><\/a><p id=\"caption-attachment-6557\" class=\"wp-caption-text\">Linnan neito(ko). Vai kummitus?<\/p><\/div>Linnassa viihtyi Sony ILCE-6000 ja Sony Zeiss 24f18.<\/p>\n","protected":false},"excerpt":{"rendered":"<p>Tuli k\u00e4yty\u00e4 sitten my\u00f6s H\u00e4meen linnassa. Yhdyssanaversiossa on tullut k\u00e4yty\u00e4 enemminkin, t\u00e4ss\u00e4 erillisversiossa sitten hieman harvemmin. Ihan vaikuttavann\u00e4k\u00f6inen pytinki, ei siin\u00e4 mit\u00e4\u00e4n. Linnahan oli p\u00e4\u00e4ssyt aika heikkoon happeen, ennen kuin sit\u00e4 alettiin entis\u00f6im\u00e4\u00e4n joskus tuossa -50 -luvulla ja lopullisesti se valmistui vasta kahdeksankymment\u00e4luvun lopulla, kun viimeisetkin vangit oli saatu h\u00e4\u00e4detty\u00e4 sielt\u00e4 pois. Osallistuimme opastetulle kierrokselle, [&hellip;]<\/p>\n","protected":false},"author":2,"featured_media":6556,"comment_status":"open","ping_status":"closed","sticky":false,"template":"","format":"standard","meta":{"footnotes":""},"categories":[16],"tags":[247],"yoast_head":"<!-- This site is optimized with the Yoast SEO plugin v24.5 - https:\/\/yoast.com\/wordpress\/plugins\/seo\/ -->\n<title>H\u00e4meen linnassa H\u00e4meenlinnassa &#187; remonen.fi<\/title>\n<meta name=\"description\" content=\"Tuli k\u00e4yty\u00e4 sitten my\u00f6s H\u00e4meen linnassa. Yhdyssanaversiossa on tullut k\u00e4yty\u00e4 enemminkin, t\u00e4ss\u00e4 erillisversiossa sitten hieman harvemmin.\" \/>\n<meta name=\"robots\" content=\"index, follow, max-snippet:-1, max-image-preview:large, max-video-preview:-1\" \/>\n<link rel=\"canonical\" href=\"https:\/\/www.remonen.fi\/WP\/blogi\/hameen-linnassa-hameenlinnassa\/\" \/>\n<meta property=\"og:locale\" content=\"fi_FI\" \/>\n<meta property=\"og:type\" content=\"article\" \/>\n<meta property=\"og:title\" content=\"H\u00e4meen linnassa H\u00e4meenlinnassa &#187; remonen.fi\" \/>\n<meta property=\"og:description\" content=\"Tuli k\u00e4yty\u00e4 sitten my\u00f6s H\u00e4meen linnassa. Yhdyssanaversiossa on tullut k\u00e4yty\u00e4 enemminkin, t\u00e4ss\u00e4 erillisversiossa sitten hieman harvemmin.\" \/>\n<meta property=\"og:url\" content=\"https:\/\/www.remonen.fi\/WP\/blogi\/hameen-linnassa-hameenlinnassa\/\" \/>\n<meta property=\"og:site_name\" content=\"remonen.fi\" \/>\n<meta property=\"article:published_time\" content=\"2015-07-27T16:55:08+00:00\" \/>\n<meta property=\"article:modified_time\" content=\"2015-09-27T09:49:00+00:00\" \/>\n<meta property=\"og:image\" content=\"https:\/\/www.remonen.fi\/WP\/wp-content\/uploads\/2015\/07\/hameenlinna-1.jpg\" \/>\n\t<meta property=\"og:image:width\" content=\"1024\" \/>\n\t<meta property=\"og:image:height\" content=\"683\" \/>\n\t<meta property=\"og:image:type\" content=\"image\/jpeg\" \/>\n<meta name=\"author\" content=\"Matti Remonen\" \/>\n<meta name=\"twitter:label1\" content=\"Kirjoittanut\" \/>\n\t<meta name=\"twitter:data1\" content=\"Matti Remonen\" \/>\n\t<meta name=\"twitter:label2\" content=\"Arvioitu lukuaika\" \/>\n\t<meta name=\"twitter:data2\" content=\"1 minuutti\" \/>\n<script type=\"application\/ld+json\" class=\"yoast-schema-graph\">{\"@context\":\"https:\/\/schema.org\",\"@graph\":[{\"@type\":\"Article\",\"@id\":\"https:\/\/www.remonen.fi\/WP\/blogi\/hameen-linnassa-hameenlinnassa\/#article\",\"isPartOf\":{\"@id\":\"https:\/\/www.remonen.fi\/WP\/blogi\/hameen-linnassa-hameenlinnassa\/\"},\"author\":{\"name\":\"Matti Remonen\",\"@id\":\"https:\/\/www.remonen.fi\/WP\/#\/schema\/person\/1803c23d1d4f6722054eb2ac7f7a97cd\"},\"headline\":\"H\u00e4meen linnassa H\u00e4meenlinnassa\",\"datePublished\":\"2015-07-27T16:55:08+00:00\",\"dateModified\":\"2015-09-27T09:49:00+00:00\",\"mainEntityOfPage\":{\"@id\":\"https:\/\/www.remonen.fi\/WP\/blogi\/hameen-linnassa-hameenlinnassa\/\"},\"wordCount\":270,\"commentCount\":2,\"publisher\":{\"@id\":\"https:\/\/www.remonen.fi\/WP\/#\/schema\/person\/1803c23d1d4f6722054eb2ac7f7a97cd\"},\"image\":{\"@id\":\"https:\/\/www.remonen.fi\/WP\/blogi\/hameen-linnassa-hameenlinnassa\/#primaryimage\"},\"thumbnailUrl\":\"https:\/\/www.remonen.fi\/WP\/wp-content\/uploads\/2015\/07\/hameenlinna-1.jpg\",\"keywords\":[\"H\u00e4meen linna\"],\"articleSection\":[\"Blog\"],\"inLanguage\":\"fi\",\"potentialAction\":[{\"@type\":\"CommentAction\",\"name\":\"Comment\",\"target\":[\"https:\/\/www.remonen.fi\/WP\/blogi\/hameen-linnassa-hameenlinnassa\/#respond\"]}]},{\"@type\":\"WebPage\",\"@id\":\"https:\/\/www.remonen.fi\/WP\/blogi\/hameen-linnassa-hameenlinnassa\/\",\"url\":\"https:\/\/www.remonen.fi\/WP\/blogi\/hameen-linnassa-hameenlinnassa\/\",\"name\":\"H\u00e4meen linnassa H\u00e4meenlinnassa &#187; remonen.fi\",\"isPartOf\":{\"@id\":\"https:\/\/www.remonen.fi\/WP\/#website\"},\"primaryImageOfPage\":{\"@id\":\"https:\/\/www.remonen.fi\/WP\/blogi\/hameen-linnassa-hameenlinnassa\/#primaryimage\"},\"image\":{\"@id\":\"https:\/\/www.remonen.fi\/WP\/blogi\/hameen-linnassa-hameenlinnassa\/#primaryimage\"},\"thumbnailUrl\":\"https:\/\/www.remonen.fi\/WP\/wp-content\/uploads\/2015\/07\/hameenlinna-1.jpg\",\"datePublished\":\"2015-07-27T16:55:08+00:00\",\"dateModified\":\"2015-09-27T09:49:00+00:00\",\"description\":\"Tuli k\u00e4yty\u00e4 sitten my\u00f6s H\u00e4meen linnassa. Yhdyssanaversiossa on tullut k\u00e4yty\u00e4 enemminkin, t\u00e4ss\u00e4 erillisversiossa sitten hieman harvemmin.\",\"breadcrumb\":{\"@id\":\"https:\/\/www.remonen.fi\/WP\/blogi\/hameen-linnassa-hameenlinnassa\/#breadcrumb\"},\"inLanguage\":\"fi\",\"potentialAction\":[{\"@type\":\"ReadAction\",\"target\":[\"https:\/\/www.remonen.fi\/WP\/blogi\/hameen-linnassa-hameenlinnassa\/\"]}]},{\"@type\":\"ImageObject\",\"inLanguage\":\"fi\",\"@id\":\"https:\/\/www.remonen.fi\/WP\/blogi\/hameen-linnassa-hameenlinnassa\/#primaryimage\",\"url\":\"https:\/\/www.remonen.fi\/WP\/wp-content\/uploads\/2015\/07\/hameenlinna-1.jpg\",\"contentUrl\":\"https:\/\/www.remonen.fi\/WP\/wp-content\/uploads\/2015\/07\/hameenlinna-1.jpg\",\"width\":1024,\"height\":683},{\"@type\":\"BreadcrumbList\",\"@id\":\"https:\/\/www.remonen.fi\/WP\/blogi\/hameen-linnassa-hameenlinnassa\/#breadcrumb\",\"itemListElement\":[{\"@type\":\"ListItem\",\"position\":1,\"name\":\"Etusivu\",\"item\":\"https:\/\/www.remonen.fi\/WP\/\"},{\"@type\":\"ListItem\",\"position\":2,\"name\":\"H\u00e4meen linnassa H\u00e4meenlinnassa\"}]},{\"@type\":\"WebSite\",\"@id\":\"https:\/\/www.remonen.fi\/WP\/#website\",\"url\":\"https:\/\/www.remonen.fi\/WP\/\",\"name\":\"remonen.fi\",\"description\":\"Valokuvia ja tarinaa laidasta laitaan\",\"publisher\":{\"@id\":\"https:\/\/www.remonen.fi\/WP\/#\/schema\/person\/1803c23d1d4f6722054eb2ac7f7a97cd\"},\"potentialAction\":[{\"@type\":\"SearchAction\",\"target\":{\"@type\":\"EntryPoint\",\"urlTemplate\":\"https:\/\/www.remonen.fi\/WP\/?s={search_term_string}\"},\"query-input\":{\"@type\":\"PropertyValueSpecification\",\"valueRequired\":true,\"valueName\":\"search_term_string\"}}],\"inLanguage\":\"fi\"},{\"@type\":[\"Person\",\"Organization\"],\"@id\":\"https:\/\/www.remonen.fi\/WP\/#\/schema\/person\/1803c23d1d4f6722054eb2ac7f7a97cd\",\"name\":\"Matti Remonen\",\"logo\":{\"@id\":\"https:\/\/www.remonen.fi\/WP\/#\/schema\/person\/image\/\"},\"url\":\"https:\/\/www.remonen.fi\/WP\/blogi\/author\/mre\/\"}]}<\/script>\n<!-- \/ Yoast SEO plugin. -->","yoast_head_json":{"title":"H\u00e4meen linnassa H\u00e4meenlinnassa &#187; remonen.fi","description":"Tuli k\u00e4yty\u00e4 sitten my\u00f6s H\u00e4meen linnassa. Yhdyssanaversiossa on tullut k\u00e4yty\u00e4 enemminkin, t\u00e4ss\u00e4 erillisversiossa sitten hieman harvemmin.","robots":{"index":"index","follow":"follow","max-snippet":"max-snippet:-1","max-image-preview":"max-image-preview:large","max-video-preview":"max-video-preview:-1"},"canonical":"https:\/\/www.remonen.fi\/WP\/blogi\/hameen-linnassa-hameenlinnassa\/","og_locale":"fi_FI","og_type":"article","og_title":"H\u00e4meen linnassa H\u00e4meenlinnassa &#187; remonen.fi","og_description":"Tuli k\u00e4yty\u00e4 sitten my\u00f6s H\u00e4meen linnassa. Yhdyssanaversiossa on tullut k\u00e4yty\u00e4 enemminkin, t\u00e4ss\u00e4 erillisversiossa sitten hieman harvemmin.","og_url":"https:\/\/www.remonen.fi\/WP\/blogi\/hameen-linnassa-hameenlinnassa\/","og_site_name":"remonen.fi","article_published_time":"2015-07-27T16:55:08+00:00","article_modified_time":"2015-09-27T09:49:00+00:00","og_image":[{"width":1024,"height":683,"url":"https:\/\/www.remonen.fi\/WP\/wp-content\/uploads\/2015\/07\/hameenlinna-1.jpg","type":"image\/jpeg"}],"author":"Matti Remonen","twitter_misc":{"Kirjoittanut":"Matti Remonen","Arvioitu lukuaika":"1 minuutti"},"schema":{"@context":"https:\/\/schema.org","@graph":[{"@type":"Article","@id":"https:\/\/www.remonen.fi\/WP\/blogi\/hameen-linnassa-hameenlinnassa\/#article","isPartOf":{"@id":"https:\/\/www.remonen.fi\/WP\/blogi\/hameen-linnassa-hameenlinnassa\/"},"author":{"name":"Matti Remonen","@id":"https:\/\/www.remonen.fi\/WP\/#\/schema\/person\/1803c23d1d4f6722054eb2ac7f7a97cd"},"headline":"H\u00e4meen linnassa H\u00e4meenlinnassa","datePublished":"2015-07-27T16:55:08+00:00","dateModified":"2015-09-27T09:49:00+00:00","mainEntityOfPage":{"@id":"https:\/\/www.remonen.fi\/WP\/blogi\/hameen-linnassa-hameenlinnassa\/"},"wordCount":270,"commentCount":2,"publisher":{"@id":"https:\/\/www.remonen.fi\/WP\/#\/schema\/person\/1803c23d1d4f6722054eb2ac7f7a97cd"},"image":{"@id":"https:\/\/www.remonen.fi\/WP\/blogi\/hameen-linnassa-hameenlinnassa\/#primaryimage"},"thumbnailUrl":"https:\/\/www.remonen.fi\/WP\/wp-content\/uploads\/2015\/07\/hameenlinna-1.jpg","keywords":["H\u00e4meen linna"],"articleSection":["Blog"],"inLanguage":"fi","potentialAction":[{"@type":"CommentAction","name":"Comment","target":["https:\/\/www.remonen.fi\/WP\/blogi\/hameen-linnassa-hameenlinnassa\/#respond"]}]},{"@type":"WebPage","@id":"https:\/\/www.remonen.fi\/WP\/blogi\/hameen-linnassa-hameenlinnassa\/","url":"https:\/\/www.remonen.fi\/WP\/blogi\/hameen-linnassa-hameenlinnassa\/","name":"H\u00e4meen linnassa H\u00e4meenlinnassa &#187; remonen.fi","isPartOf":{"@id":"https:\/\/www.remonen.fi\/WP\/#website"},"primaryImageOfPage":{"@id":"https:\/\/www.remonen.fi\/WP\/blogi\/hameen-linnassa-hameenlinnassa\/#primaryimage"},"image":{"@id":"https:\/\/www.remonen.fi\/WP\/blogi\/hameen-linnassa-hameenlinnassa\/#primaryimage"},"thumbnailUrl":"https:\/\/www.remonen.fi\/WP\/wp-content\/uploads\/2015\/07\/hameenlinna-1.jpg","datePublished":"2015-07-27T16:55:08+00:00","dateModified":"2015-09-27T09:49:00+00:00","description":"Tuli k\u00e4yty\u00e4 sitten my\u00f6s H\u00e4meen linnassa. Yhdyssanaversiossa on tullut k\u00e4yty\u00e4 enemminkin, t\u00e4ss\u00e4 erillisversiossa sitten hieman harvemmin.","breadcrumb":{"@id":"https:\/\/www.remonen.fi\/WP\/blogi\/hameen-linnassa-hameenlinnassa\/#breadcrumb"},"inLanguage":"fi","potentialAction":[{"@type":"ReadAction","target":["https:\/\/www.remonen.fi\/WP\/blogi\/hameen-linnassa-hameenlinnassa\/"]}]},{"@type":"ImageObject","inLanguage":"fi","@id":"https:\/\/www.remonen.fi\/WP\/blogi\/hameen-linnassa-hameenlinnassa\/#primaryimage","url":"https:\/\/www.remonen.fi\/WP\/wp-content\/uploads\/2015\/07\/hameenlinna-1.jpg","contentUrl":"https:\/\/www.remonen.fi\/WP\/wp-content\/uploads\/2015\/07\/hameenlinna-1.jpg","width":1024,"height":683},{"@type":"BreadcrumbList","@id":"https:\/\/www.remonen.fi\/WP\/blogi\/hameen-linnassa-hameenlinnassa\/#breadcrumb","itemListElement":[{"@type":"ListItem","position":1,"name":"Etusivu","item":"https:\/\/www.remonen.fi\/WP\/"},{"@type":"ListItem","position":2,"name":"H\u00e4meen linnassa H\u00e4meenlinnassa"}]},{"@type":"WebSite","@id":"https:\/\/www.remonen.fi\/WP\/#website","url":"https:\/\/www.remonen.fi\/WP\/","name":"remonen.fi","description":"Valokuvia ja tarinaa laidasta laitaan","publisher":{"@id":"https:\/\/www.remonen.fi\/WP\/#\/schema\/person\/1803c23d1d4f6722054eb2ac7f7a97cd"},"potentialAction":[{"@type":"SearchAction","target":{"@type":"EntryPoint","urlTemplate":"https:\/\/www.remonen.fi\/WP\/?s={search_term_string}"},"query-input":{"@type":"PropertyValueSpecification","valueRequired":true,"valueName":"search_term_string"}}],"inLanguage":"fi"},{"@type":["Person","Organization"],"@id":"https:\/\/www.remonen.fi\/WP\/#\/schema\/person\/1803c23d1d4f6722054eb2ac7f7a97cd","name":"Matti Remonen","logo":{"@id":"https:\/\/www.remonen.fi\/WP\/#\/schema\/person\/image\/"},"url":"https:\/\/www.remonen.fi\/WP\/blogi\/author\/mre\/"}]}},"_links":{"self":[{"href":"https:\/\/www.remonen.fi\/WP\/wp-json\/wp\/v2\/posts\/6555"}],"collection":[{"href":"https:\/\/www.remonen.fi\/WP\/wp-json\/wp\/v2\/posts"}],"about":[{"href":"https:\/\/www.remonen.fi\/WP\/wp-json\/wp\/v2\/types\/post"}],"author":[{"embeddable":true,"href":"https:\/\/www.remonen.fi\/WP\/wp-json\/wp\/v2\/users\/2"}],"replies":[{"embeddable":true,"href":"https:\/\/www.remonen.fi\/WP\/wp-json\/wp\/v2\/comments?post=6555"}],"version-history":[{"count":0,"href":"https:\/\/www.remonen.fi\/WP\/wp-json\/wp\/v2\/posts\/6555\/revisions"}],"wp:featuredmedia":[{"embeddable":true,"href":"https:\/\/www.remonen.fi\/WP\/wp-json\/wp\/v2\/media\/6556"}],"wp:attachment":[{"href":"https:\/\/www.remonen.fi\/WP\/wp-json\/wp\/v2\/media?parent=6555"}],"wp:term":[{"taxonomy":"category","embeddable":true,"href":"https:\/\/www.remonen.fi\/WP\/wp-json\/wp\/v2\/categories?post=6555"},{"taxonomy":"post_tag","embeddable":true,"href":"https:\/\/www.remonen.fi\/WP\/wp-json\/wp\/v2\/tags?post=6555"}],"curies":[{"name":"wp","href":"https:\/\/api.w.org\/{rel}","templated":true}]}}