{"id":6655,"date":"2015-09-01T19:48:05","date_gmt":"2015-09-01T16:48:05","guid":{"rendered":"http:\/\/www.remonen.fi\/?p=6655"},"modified":"2016-05-02T10:24:53","modified_gmt":"2016-05-02T07:24:53","slug":"ypaja-revisited","status":"publish","type":"post","link":"https:\/\/www.remonen.fi\/WP\/blogi\/ypaja-revisited\/","title":{"rendered":"Yp\u00e4j\u00e4 Revisited"},"content":{"rendered":"<p>Ei t\u00e4m\u00e4 nyt ihan <a href=\"https:\/\/en.wikipedia.org\/wiki\/Brideshead_Revisited\" target=\"_blank\">Brideshead Revisited<\/a>-juttu ole, mutta aika l\u00e4helle&#8230; alkukes\u00e4st\u00e4 fb:n Yp\u00e4j\u00e4-ryhm\u00e4ss\u00e4 oli ilmoitus kes\u00e4n lopulla pidett\u00e4v\u00e4st\u00e4 valokuvauskurssista. Multa oli pari aiempaa kurssia mennyt jostain syyst\u00e4 sivu suun, mutta nyt p\u00e4\u00e4tin ett\u00e4 t\u00e4lle kurssille on p\u00e4\u00e4st\u00e4v\u00e4, olihan taas luvassa hulvatonta menoa ja tym\u00e4kk\u00e4\u00e4 opetusta. Ilmoittauduinkin kurssille saman tien ja merkkasin p\u00e4iv\u00e4t kalenteriin, ettei vain tulisi lupauduttua johonkin turhanp\u00e4iv\u00e4isemp\u00e4\u00e4n. Kuten vaikka ilmaiselle maailmanymp\u00e4rimatkalle tai tankotanssikurssille.<\/p>\n<p>Aikanaan sitten hetki kurssin koittikin. S\u00e4\u00e4tkin loppujen lopuksi n\u00e4yttiv\u00e4t ihan hyvilt\u00e4, vaikka aluksi oli n\u00e4ytt\u00e4nyt silt\u00e4, ett\u00e4 loppukse\u00e4n helteet purkautuvat sateeksi juuri tuona valittuna viikonloppuna. Mutta valokuvauksen jumalat olivat olleet hereill\u00e4 ja p\u00e4\u00e4tt\u00e4neet j\u00e4rjest\u00e4\u00e4 meille kunnon kuvauskelit. Kiitos siit\u00e4 heille. Tai Irinalle, jonka iltarukouksia oli selv\u00e4sti kuultu.<\/p>\n<p><a href=\"http:\/\/www.remonen.fi\/WP\/wp-content\/uploads\/2015\/08\/ypaja_15-8.jpg\"><img loading=\"lazy\" decoding=\"async\" class=\"aligncenter wp-image-6648\" title=\"Aperture: &#402;\/2.8 | Credit: Matti Remonen | Camera: NIKON D810 | Taken: 29 elokuun, 2015 | Copyright: (c) Matti Remonen | Flash fired: no | Focal length: 105mm | ISO: 400 | Shutter speed: 1\/250s | \" src=\"http:\/\/www.remonen.fi\/WP\/wp-content\/uploads\/2015\/08\/ypaja_15-8.jpg\" alt=\"Yp\u00e4j\u00e4n hevosopisto\" width=\"680\" height=\"454\" srcset=\"https:\/\/www.remonen.fi\/WP\/wp-content\/uploads\/2015\/08\/ypaja_15-8.jpg 1024w, https:\/\/www.remonen.fi\/WP\/wp-content\/uploads\/2015\/08\/ypaja_15-8-300x200.jpg 300w, https:\/\/www.remonen.fi\/WP\/wp-content\/uploads\/2015\/08\/ypaja_15-8-680x454.jpg 680w, https:\/\/www.remonen.fi\/WP\/wp-content\/uploads\/2015\/08\/ypaja_15-8-440x293.jpg 440w, https:\/\/www.remonen.fi\/WP\/wp-content\/uploads\/2015\/08\/ypaja_15-8-960x640.jpg 960w\" sizes=\"(max-width: 680px) 100vw, 680px\" \/><\/a><\/p>\n<p>L\u00e4ksin sen verran ajoissa liikkeelle, ett\u00e4 p\u00e4\u00e4tin ajaa Koski TL:n kautta ja kuvata sen pit\u00e4j\u00e4n l\u00e4pi kulkevan kosken (kunnanisill\u00e4 aikanaan ollut sahti lopussa, kun nime\u00e4 mietitty). Pys\u00e4hdyinkin siell\u00e4 ja r\u00e4ps\u00e4isin kuvan tai pari, mutta ei niist\u00e4 mit\u00e4\u00e4n tullut. Hyvin lupaavan n\u00e4k\u00f6inen maisema ja paikka, mutta vaatisi enemm\u00e4n aikaa ja paneutumista, jotta kohteesta saisi hyvi\u00e4 kuvia. Ehk\u00e4 ensi kerralla&#8230;<\/p>\n<p>Koski TL:st\u00e4 ei sitten <a href=\"http:\/\/www.hevosopisto.fi\/\" target=\"_blank\">Hevosopistolle <\/a>olekaan en\u00e4\u00e4 kuin pollenkusema, joten olinkin siell\u00e4 ns. kello hyviss\u00e4 ajoin. Paikalla ei viel\u00e4 ollut ket\u00e4\u00e4n, mutta hetken p\u00e4\u00e4st\u00e4 sitten alkoi porukkaa ilmaantua. Ensimm\u00e4isen\u00e4 opettajakaksikko Juhani (L\u00e4nsiluoto) ja Seppo (P\u00f6ll\u00e4nen). Samat veijarit kuin vuosi sitten. Ja mik\u00e4s siin\u00e4, Juhanin ravikuvaustaitoja tuskin kukaan asettaa kyseenalaiseksi ja Seppokin saa hyv\u00e4n\u00e4 p\u00e4iv\u00e4n\u00e4 jonkun ter\u00e4v\u00e4n kuvan aikaiseksi. Pikkuhiljaa sitten muutkin leiril\u00e4iset saapuivat paikalle. Meit\u00e4 oli (taas) t\u00e4ll\u00e4 kertaa sekalainen seurakunta: osa oli ns. &#8221;vanhoja konkareita&#8221; ja osa kuvausuransa alkutaivalta aloittavia. Mukana oli my\u00f6s Hevosopistolla opiskelevia nuoria, jotka olivat uhranneet vapaan viikonlopun valokuvauksen alttarille. Ihan toivotonta t\u00e4m\u00e4 meid\u00e4n nuoriso ei siis taida olla.<\/p>\n<p><div id=\"attachment_6635\" style=\"width: 464px\" class=\"wp-caption aligncenter\"><a href=\"http:\/\/www.remonen.fi\/WP\/wp-content\/uploads\/2015\/08\/ypaja_15-21.jpg\"><img loading=\"lazy\" decoding=\"async\" aria-describedby=\"caption-attachment-6635\" class=\"wp-image-6635\" title=\"Aperture: &#402;\/7.1 | Credit: Matti Remonen | Camera: NIKON D810 | Taken: 29 elokuun, 2015 | Copyright: (c) Matti Remonen | Flash fired: no | Focal length: 70mm | ISO: 3200 | Shutter speed: 1\/160s | \" src=\"http:\/\/www.remonen.fi\/WP\/wp-content\/uploads\/2015\/08\/ypaja_15-21.jpg\" alt=\"\" width=\"454\" height=\"680\" srcset=\"https:\/\/www.remonen.fi\/WP\/wp-content\/uploads\/2015\/08\/ypaja_15-21.jpg 683w, https:\/\/www.remonen.fi\/WP\/wp-content\/uploads\/2015\/08\/ypaja_15-21-200x300.jpg 200w, https:\/\/www.remonen.fi\/WP\/wp-content\/uploads\/2015\/08\/ypaja_15-21-454x680.jpg 454w, https:\/\/www.remonen.fi\/WP\/wp-content\/uploads\/2015\/08\/ypaja_15-21-440x660.jpg 440w, https:\/\/www.remonen.fi\/WP\/wp-content\/uploads\/2015\/08\/ypaja_15-21-300x450.jpg 300w\" sizes=\"(max-width: 454px) 100vw, 454px\" \/><\/a><p id=\"caption-attachment-6635\" class=\"wp-caption-text\">&#8221;Hevoskuiskaaja&#8221; L\u00e4nsiluoto<\/p><\/div>Alkujohdantojen ja -l\u00f6pin\u00f6iden (t\u00e4ll\u00e4 kertaa ei ollut kuohuviini\u00e4) j\u00e4lkeen l\u00e4hdettiin kuvaamaan auringonlaskua l\u00e4heiselle niitylle, jossa rouvahevoiset lapsineen laidunsivat. Tai siis olisi kuvattu, jollei aurinko olisi ollut jo maillaan. Seppo innostui puristamaan oman 15-minuuttisensa hieman runsaaseen 45 minuuttiin, joten olimme my\u00f6h\u00e4ss\u00e4 jo aloittaessa. Haastavaksi homman teki viel\u00e4 se, ett\u00e4 suurimmalla osalla nuorisoa ei kuvauskalusto ollut y\u00f6kuvaukseen varsinaisesti suunniteltua. Mutta toisaalta tunnelma oli mahtava: hevosilla oli selv\u00e4sti ollut laitumella tyls\u00e4\u00e4, koska ne tulivat v\u00e4litt\u00f6m\u00e4sti meid\u00e4n tyk\u00f6 ja koittivat tehd\u00e4 l\u00e4hemp\u00e4\u00e4 tuttavuutta. Esimerkiksi sy\u00f6m\u00e4ll\u00e4 kamerat. My\u00f6s kuvaaminen oli aavistuksen haastavaa, kun hevosen turpa oli vastavalosuojan sis\u00e4puolella. Ei sill\u00e4, ett\u00e4 vastavalosuojalla tuolla pimeydess\u00e4 mit\u00e4\u00e4n muuta olisi tehnytk\u00e4\u00e4n, mutta et\u00e4isyydet hevosiin alkoivat olemaan kaveriselfien luokkaa. Mutta kyll\u00e4h\u00e4n sielt\u00e4 muutaman kuvan sai aikaiseksi. Varsinkin kun t\u00e4ysikuu loi omaa valoaan.<\/p>\n<p>&nbsp;<\/p>\n<p><a href=\"http:\/\/www.remonen.fi\/WP\/wp-content\/uploads\/2015\/08\/ypaja_15-4.jpg\"><img loading=\"lazy\" decoding=\"async\" class=\"aligncenter wp-image-6652\" title=\"Aperture: &#402;\/4.5 | Credit: Matti Remonen | Camera: NIKON D810 | Taken: 30 elokuun, 2015 | Copyright: (c) Matti Remonen | Flash fired: no | Focal length: 200mm | ISO: 250 | Shutter speed: 1\/400s | \" src=\"http:\/\/www.remonen.fi\/WP\/wp-content\/uploads\/2015\/08\/ypaja_15-4.jpg\" alt=\"Yp\u00e4j\u00e4n hevosopisto\" width=\"454\" height=\"680\" srcset=\"https:\/\/www.remonen.fi\/WP\/wp-content\/uploads\/2015\/08\/ypaja_15-4.jpg 683w, https:\/\/www.remonen.fi\/WP\/wp-content\/uploads\/2015\/08\/ypaja_15-4-200x300.jpg 200w, https:\/\/www.remonen.fi\/WP\/wp-content\/uploads\/2015\/08\/ypaja_15-4-454x680.jpg 454w, https:\/\/www.remonen.fi\/WP\/wp-content\/uploads\/2015\/08\/ypaja_15-4-440x660.jpg 440w, https:\/\/www.remonen.fi\/WP\/wp-content\/uploads\/2015\/08\/ypaja_15-4-300x450.jpg 300w\" sizes=\"(max-width: 454px) 100vw, 454px\" \/><\/a><\/p>\n<p>&nbsp;<\/p>\n<p><div id=\"attachment_6653\" style=\"width: 464px\" class=\"wp-caption aligncenter\"><a href=\"http:\/\/www.remonen.fi\/WP\/wp-content\/uploads\/2015\/08\/ypaja_15-3.jpg\"><img loading=\"lazy\" decoding=\"async\" aria-describedby=\"caption-attachment-6653\" class=\"wp-image-6653\" title=\"Aperture: &#402;\/2.8 | Credit: Matti Remonen | Camera: NIKON D810 | Taken: 28 elokuun, 2015 | Copyright: (c) Matti Remonen | Flash fired: no | Focal length: 70mm | ISO: 4000 | Shutter speed: 1\/160s | \" src=\"http:\/\/www.remonen.fi\/WP\/wp-content\/uploads\/2015\/08\/ypaja_15-3.jpg\" alt=\"Yp\u00e4j\u00e4n hevosopisto\" width=\"454\" height=\"680\" srcset=\"https:\/\/www.remonen.fi\/WP\/wp-content\/uploads\/2015\/08\/ypaja_15-3.jpg 683w, https:\/\/www.remonen.fi\/WP\/wp-content\/uploads\/2015\/08\/ypaja_15-3-200x300.jpg 200w, https:\/\/www.remonen.fi\/WP\/wp-content\/uploads\/2015\/08\/ypaja_15-3-454x680.jpg 454w, https:\/\/www.remonen.fi\/WP\/wp-content\/uploads\/2015\/08\/ypaja_15-3-440x660.jpg 440w, https:\/\/www.remonen.fi\/WP\/wp-content\/uploads\/2015\/08\/ypaja_15-3-300x450.jpg 300w\" sizes=\"(max-width: 454px) 100vw, 454px\" \/><\/a><p id=\"caption-attachment-6653\" class=\"wp-caption-text\">Eoseenikauden alkuhevonen matkaa kohden uusia seikkailuja<\/p><\/div>Aamulla sitten her\u00e4sinkin sopivasti puoli viiden pintaan, kun meill\u00e4 oli sovittu l\u00e4ht\u00f6 aamulaitumelle varttia vaille kuusi. Jotain hy\u00f6ty\u00e4 n\u00e4ist\u00e4 vanhan miehen vaivoista&#8230; No, olinpahan ajoissa liikkeell\u00e4. Suuntasin samalle laitumelle kuvaamaan aamusumua, jota olikin melkoisessa m\u00e4\u00e4rin.<\/p>\n<p>&nbsp;<\/p>\n<p><div id=\"attachment_6649\" style=\"width: 690px\" class=\"wp-caption aligncenter\"><a href=\"http:\/\/www.remonen.fi\/WP\/wp-content\/uploads\/2015\/08\/ypaja_15-7.jpg\"><img loading=\"lazy\" decoding=\"async\" aria-describedby=\"caption-attachment-6649\" class=\"wp-image-6649\" title=\"Aperture: &#402;\/2.8 | Credit: Matti Remonen | Camera: NIKON D810 | Taken: 29 elokuun, 2015 | Copyright: (c) Matti Remonen | Exposure bias: -1EV | Flash fired: no | Focal length: 32mm | ISO: 720 | Shutter speed: 1\/60s | \" src=\"http:\/\/www.remonen.fi\/WP\/wp-content\/uploads\/2015\/08\/ypaja_15-7.jpg\" alt=\"Yp\u00e4j\u00e4n hevosopisto\" width=\"680\" height=\"454\" srcset=\"https:\/\/www.remonen.fi\/WP\/wp-content\/uploads\/2015\/08\/ypaja_15-7.jpg 1024w, https:\/\/www.remonen.fi\/WP\/wp-content\/uploads\/2015\/08\/ypaja_15-7-300x200.jpg 300w, https:\/\/www.remonen.fi\/WP\/wp-content\/uploads\/2015\/08\/ypaja_15-7-680x454.jpg 680w, https:\/\/www.remonen.fi\/WP\/wp-content\/uploads\/2015\/08\/ypaja_15-7-440x293.jpg 440w, https:\/\/www.remonen.fi\/WP\/wp-content\/uploads\/2015\/08\/ypaja_15-7-960x640.jpg 960w\" sizes=\"(max-width: 680px) 100vw, 680px\" \/><\/a><p id=\"caption-attachment-6649\" class=\"wp-caption-text\">Silta yli synk\u00e4n virran<\/p><\/div>Ihan sit\u00e4 toivottua v\u00e4rien ilotulitusta ei saatu aikaiseksi, kun taivaanrannassa oli pilvi\u00e4, joiden l\u00e4pi aurinko ei p\u00e4\u00e4ssyt paistamaan. Ja siin\u00e4 vaiheessa kun aurinko oli pilvien yl\u00e4puolella, se oli jo niin korkealla, ett\u00e4 se tiukin aamurusko j\u00e4i n\u00e4kem\u00e4tt\u00e4.<\/p>\n<p><a href=\"http:\/\/www.remonen.fi\/WP\/wp-content\/uploads\/2015\/08\/ypaja_15-10.jpg\"><img loading=\"lazy\" decoding=\"async\" class=\"aligncenter wp-image-6646\" title=\"Aperture: &#402;\/2.8 | Credit: Matti Remonen | Camera: NIKON D810 | Taken: 29 elokuun, 2015 | Copyright: (c) Matti Remonen | Exposure bias: +4\/6EV | Flash fired: no | Focal length: 70mm | ISO: 100 | Shutter speed: 1\/800s | \" src=\"http:\/\/www.remonen.fi\/WP\/wp-content\/uploads\/2015\/08\/ypaja_15-10.jpg\" alt=\"Yp\u00e4j\u00e4n hevosopisto\" width=\"680\" height=\"454\" srcset=\"https:\/\/www.remonen.fi\/WP\/wp-content\/uploads\/2015\/08\/ypaja_15-10.jpg 1024w, https:\/\/www.remonen.fi\/WP\/wp-content\/uploads\/2015\/08\/ypaja_15-10-300x200.jpg 300w, https:\/\/www.remonen.fi\/WP\/wp-content\/uploads\/2015\/08\/ypaja_15-10-680x454.jpg 680w, https:\/\/www.remonen.fi\/WP\/wp-content\/uploads\/2015\/08\/ypaja_15-10-440x293.jpg 440w, https:\/\/www.remonen.fi\/WP\/wp-content\/uploads\/2015\/08\/ypaja_15-10-960x640.jpg 960w\" sizes=\"(max-width: 680px) 100vw, 680px\" \/><\/a><\/p>\n<p>Mutta kyll\u00e4h\u00e4n sielt\u00e4 ihan mukavaa kuvaa sai aikaiseksi siit\u00e4 huolimatta.<\/p>\n<p><a href=\"http:\/\/www.remonen.fi\/WP\/wp-content\/uploads\/2015\/08\/ypaja_15-9.jpg\"><img loading=\"lazy\" decoding=\"async\" class=\"aligncenter wp-image-6647\" title=\"Aperture: &#402;\/2.8 | Credit: Matti Remonen | Camera: NIKON D810 | Taken: 29 elokuun, 2015 | Copyright: (c) Matti Remonen | Flash fired: no | Focal length: 70mm | ISO: 100 | Shutter speed: 1\/6400s | \" src=\"http:\/\/www.remonen.fi\/WP\/wp-content\/uploads\/2015\/08\/ypaja_15-9.jpg\" alt=\"Yp\u00e4j\u00e4n hevosopisto\" width=\"680\" height=\"454\" srcset=\"https:\/\/www.remonen.fi\/WP\/wp-content\/uploads\/2015\/08\/ypaja_15-9.jpg 1024w, https:\/\/www.remonen.fi\/WP\/wp-content\/uploads\/2015\/08\/ypaja_15-9-300x200.jpg 300w, https:\/\/www.remonen.fi\/WP\/wp-content\/uploads\/2015\/08\/ypaja_15-9-680x454.jpg 680w, https:\/\/www.remonen.fi\/WP\/wp-content\/uploads\/2015\/08\/ypaja_15-9-440x293.jpg 440w, https:\/\/www.remonen.fi\/WP\/wp-content\/uploads\/2015\/08\/ypaja_15-9-960x640.jpg 960w\" sizes=\"(max-width: 680px) 100vw, 680px\" \/><\/a><\/p>\n<p><a href=\"http:\/\/www.remonen.fi\/WP\/wp-content\/uploads\/2015\/08\/ypaja_15-11.jpg\"><img loading=\"lazy\" decoding=\"async\" class=\"aligncenter wp-image-6645\" title=\"Aperture: &#402;\/5.6 | Credit: Matti Remonen | Camera: NIKON D810 | Taken: 29 elokuun, 2015 | Copyright: (c) Matti Remonen | Flash fired: no | Focal length: 170mm | ISO: 110 | Shutter speed: 1\/400s | \" src=\"http:\/\/www.remonen.fi\/WP\/wp-content\/uploads\/2015\/08\/ypaja_15-11.jpg\" alt=\"Yp\u00e4j\u00e4n hevosopisto\" width=\"680\" height=\"454\" srcset=\"https:\/\/www.remonen.fi\/WP\/wp-content\/uploads\/2015\/08\/ypaja_15-11.jpg 1024w, https:\/\/www.remonen.fi\/WP\/wp-content\/uploads\/2015\/08\/ypaja_15-11-300x200.jpg 300w, https:\/\/www.remonen.fi\/WP\/wp-content\/uploads\/2015\/08\/ypaja_15-11-680x454.jpg 680w, https:\/\/www.remonen.fi\/WP\/wp-content\/uploads\/2015\/08\/ypaja_15-11-440x293.jpg 440w, https:\/\/www.remonen.fi\/WP\/wp-content\/uploads\/2015\/08\/ypaja_15-11-960x640.jpg 960w\" sizes=\"(max-width: 680px) 100vw, 680px\" \/><\/a><\/p>\n<p>P\u00e4iv\u00e4 jatkuitkin sitten aamiaisen j\u00e4lkeen teht\u00e4v\u00e4ksiannolla. Homman nimi oli harjoitella liikkeen pys\u00e4ytt\u00e4mist\u00e4 ja sen korostamista. Ja harjoituskappaleina tietysti hevoset, sill\u00e4 t\u00e4m\u00e4h\u00e4n oli hevosvalokuvauskurssi. Siirrymmekin pienen perustekniikan kertauksen (Sepon \u00e4mp\u00e4ripuhe) j\u00e4lkeen koulun raviradalle treenailemaan. Meill\u00e4 piti olla my\u00f6s esteratsastuksen kuvausharjoitus, mutta hevosella oli mennyt kivi kenk\u00e4\u00e4n, eik\u00e4 se n\u00e4in ollen halunnut esiinty\u00e4 meille. Eik\u00e4 muutkaan, vaikka kysyttiin.<\/p>\n<p><code>[envira-gallery id=\"7521\"]<\/code><\/p>\n<p><div id=\"attachment_6642\" style=\"width: 690px\" class=\"wp-caption aligncenter\"><a href=\"http:\/\/www.remonen.fi\/WP\/wp-content\/uploads\/2015\/08\/ypaja_15-14.jpg\"><img loading=\"lazy\" decoding=\"async\" aria-describedby=\"caption-attachment-6642\" class=\"wp-image-6642\" title=\"Aperture: &#402;\/8 | Credit: Matti Remonen | Camera: NIKON D810 | Taken: 29 elokuun, 2015 | Copyright: (c) Matti Remonen | Flash fired: no | Focal length: 100mm | ISO: 320 | Shutter speed: 1\/320s | \" src=\"http:\/\/www.remonen.fi\/WP\/wp-content\/uploads\/2015\/08\/ypaja_15-14.jpg\" alt=\"Yp\u00e4j\u00e4n hevosopisto\" width=\"680\" height=\"680\" srcset=\"https:\/\/www.remonen.fi\/WP\/wp-content\/uploads\/2015\/08\/ypaja_15-14.jpg 1024w, https:\/\/www.remonen.fi\/WP\/wp-content\/uploads\/2015\/08\/ypaja_15-14-300x300.jpg 300w, https:\/\/www.remonen.fi\/WP\/wp-content\/uploads\/2015\/08\/ypaja_15-14-680x680.jpg 680w, https:\/\/www.remonen.fi\/WP\/wp-content\/uploads\/2015\/08\/ypaja_15-14-440x440.jpg 440w, https:\/\/www.remonen.fi\/WP\/wp-content\/uploads\/2015\/08\/ypaja_15-14-960x960.jpg 960w, https:\/\/www.remonen.fi\/WP\/wp-content\/uploads\/2015\/08\/ypaja_15-14-109x109.jpg 109w, https:\/\/www.remonen.fi\/WP\/wp-content\/uploads\/2015\/08\/ypaja_15-14-100x100.jpg 100w\" sizes=\"(max-width: 680px) 100vw, 680px\" \/><\/a><p id=\"caption-attachment-6642\" class=\"wp-caption-text\">Kato, m\u00e4 osaan hyp\u00e4t\u00e4 ja n\u00e4ytt\u00e4\u00e4 kielt\u00e4 samaan aikaan&#8230;<\/p><\/div>Raskaan teht\u00e4v\u00e4n j\u00e4lkeen olikin jo lounaan aika&#8230; jonka p\u00e4\u00e4lle seniorikansalaiset saivat menn\u00e4 p\u00e4iv\u00e4nokosille. Iltap\u00e4iv\u00e4ll\u00e4 sitten jatkettin teht\u00e4v\u00e4n purun ja kuvien katselun merkeiss\u00e4.<\/p>\n<p>T\u00e4ll\u00e4 kertaa olimme oppineet omista virheist\u00e4mme ja Seppo laitettiin komeroon viiden j\u00e4lkeen, jotta p\u00e4\u00e4simme l\u00e4htem\u00e4\u00e4n laitumelle ennen auringon sammumista. Olimmekin paikan p\u00e4\u00e4ll\u00e4 niin hyviss\u00e4 ajoin, ett\u00e4 aurinko oli viel\u00e4 melko korkealla. Tosin t\u00e4ll\u00e4k\u00e4\u00e4n kertaa ei sit\u00e4 ihan viimeist\u00e4 laskevan auringon s\u00e4dett\u00e4 saatu laitumella kuvattua, kun aurinko laski mets\u00e4n taakse. Mutta ihan hyv\u00e4\u00e4 kuvaa sielt\u00e4 kuitenkin sai.<\/p>\n<p>&nbsp;<\/p>\n<p><div id=\"attachment_6638\" style=\"width: 690px\" class=\"wp-caption aligncenter\"><a href=\"http:\/\/www.remonen.fi\/WP\/wp-content\/uploads\/2015\/08\/ypaja_15-18.jpg\"><img loading=\"lazy\" decoding=\"async\" aria-describedby=\"caption-attachment-6638\" class=\"wp-image-6638\" title=\"Aperture: &#402;\/4 | Credit: Matti Remonen | Camera: NIKON D810 | Taken: 29 elokuun, 2015 | Copyright: (c) Matti Remonen | Flash fired: no | Focal length: 170mm | ISO: 500 | Shutter speed: 1\/400s | \" src=\"http:\/\/www.remonen.fi\/WP\/wp-content\/uploads\/2015\/08\/ypaja_15-18.jpg\" alt=\"Yp\u00e4j\u00e4n hevosopisto\" width=\"680\" height=\"454\" srcset=\"https:\/\/www.remonen.fi\/WP\/wp-content\/uploads\/2015\/08\/ypaja_15-18.jpg 1024w, https:\/\/www.remonen.fi\/WP\/wp-content\/uploads\/2015\/08\/ypaja_15-18-300x200.jpg 300w, https:\/\/www.remonen.fi\/WP\/wp-content\/uploads\/2015\/08\/ypaja_15-18-680x454.jpg 680w, https:\/\/www.remonen.fi\/WP\/wp-content\/uploads\/2015\/08\/ypaja_15-18-440x293.jpg 440w, https:\/\/www.remonen.fi\/WP\/wp-content\/uploads\/2015\/08\/ypaja_15-18-960x640.jpg 960w\" sizes=\"(max-width: 680px) 100vw, 680px\" \/><\/a><p id=\"caption-attachment-6638\" class=\"wp-caption-text\">Jahs, mit\u00e4s t\u00e4\u00e4ll\u00e4 kassissa on&#8230; y\u00e4k, k\u00e4nonia&#8230;<\/dd>\n<dd class=\"wp-caption-dd\">&nbsp;<\/p>\n<p><\/p><\/div><div id=\"attachment_6637\" style=\"width: 690px\" class=\"wp-caption aligncenter\"><a href=\"http:\/\/www.remonen.fi\/WP\/wp-content\/uploads\/2015\/08\/ypaja_15-19.jpg\"><img loading=\"lazy\" decoding=\"async\" aria-describedby=\"caption-attachment-6637\" class=\"wp-image-6637\" title=\"Aperture: &#402;\/4.5 | Credit: Matti Remonen | Camera: NIKON D810 | Taken: 29 elokuun, 2015 | Copyright: (c) Matti Remonen | Flash fired: no | Focal length: 200mm | ISO: 1250 | Shutter speed: 1\/400s | \" src=\"http:\/\/www.remonen.fi\/WP\/wp-content\/uploads\/2015\/08\/ypaja_15-19.jpg\" alt=\"Yp\u00e4j\u00e4n hevosopisto\" width=\"680\" height=\"454\" srcset=\"https:\/\/www.remonen.fi\/WP\/wp-content\/uploads\/2015\/08\/ypaja_15-19.jpg 1024w, https:\/\/www.remonen.fi\/WP\/wp-content\/uploads\/2015\/08\/ypaja_15-19-300x200.jpg 300w, https:\/\/www.remonen.fi\/WP\/wp-content\/uploads\/2015\/08\/ypaja_15-19-680x454.jpg 680w, https:\/\/www.remonen.fi\/WP\/wp-content\/uploads\/2015\/08\/ypaja_15-19-440x293.jpg 440w, https:\/\/www.remonen.fi\/WP\/wp-content\/uploads\/2015\/08\/ypaja_15-19-960x640.jpg 960w\" sizes=\"(max-width: 680px) 100vw, 680px\" \/><\/a><p id=\"caption-attachment-6637\" class=\"wp-caption-text\">M\u00e4 joka p\u00e4iv\u00e4 t\u00f6it\u00e4 teen, joka ainoa aamu seitsem\u00e4ksi meen&#8230;<\/p><\/div><code>[envira-gallery id=\"6682\"]<\/code><\/p>\n<p><div id=\"attachment_6636\" style=\"width: 690px\" class=\"wp-caption aligncenter\"><a href=\"http:\/\/www.remonen.fi\/WP\/wp-content\/uploads\/2015\/08\/ypaja_15-20.jpg\"><img loading=\"lazy\" decoding=\"async\" aria-describedby=\"caption-attachment-6636\" class=\"wp-image-6636\" title=\"Aperture: &#402;\/7.1 | Credit: Matti Remonen | Camera: NIKON D810 | Taken: 29 elokuun, 2015 | Copyright: (c) Matti Remonen | Flash fired: no | Focal length: 200mm | ISO: 64 | Shutter speed: 1\/800s | \" src=\"http:\/\/www.remonen.fi\/WP\/wp-content\/uploads\/2015\/08\/ypaja_15-20.jpg\" alt=\"Yp\u00e4j\u00e4n hevosopisto\" width=\"680\" height=\"454\" srcset=\"https:\/\/www.remonen.fi\/WP\/wp-content\/uploads\/2015\/08\/ypaja_15-20.jpg 1024w, https:\/\/www.remonen.fi\/WP\/wp-content\/uploads\/2015\/08\/ypaja_15-20-300x200.jpg 300w, https:\/\/www.remonen.fi\/WP\/wp-content\/uploads\/2015\/08\/ypaja_15-20-680x454.jpg 680w, https:\/\/www.remonen.fi\/WP\/wp-content\/uploads\/2015\/08\/ypaja_15-20-440x293.jpg 440w, https:\/\/www.remonen.fi\/WP\/wp-content\/uploads\/2015\/08\/ypaja_15-20-960x640.jpg 960w\" sizes=\"(max-width: 680px) 100vw, 680px\" \/><\/a><p id=\"caption-attachment-6636\" class=\"wp-caption-text\">BBQ-hevoset<\/p><\/div><br \/>\nSitten olikin taas aika painua pehkuihin. Aamulla her\u00e4sin siin\u00e4 varttia vaille kuusi, mutta laiskuus iski ja p\u00e4\u00e4tin, ettei ulkona ole sumua. Olin v\u00e4\u00e4r\u00e4ss\u00e4. Viel\u00e4 siin\u00e4 puoli kahdeksan maissa oli maisema aivan sumussa&#8230; no, laiskasta ruumiista k\u00e4rsii koko p\u00e4\u00e4.<\/p>\n<p>Aamiaisen j\u00e4lkeen oli vuorossa viimeisen teht\u00e4v\u00e4n anto ja koulutussessio. Tarkoitus oli kuvata hevosesta taas kantakirjakuva. Kyseh\u00e4n on tarkoin m\u00e4\u00e4r\u00e4tyst\u00e4 tavasta kuvata hevonen niinik\u00e4\u00e4n tarkoin m\u00e4\u00e4r\u00e4tyss\u00e4 asennossa. No, kun on n\u00e4hnyt yhden kantakirjakuvan, on n\u00e4hnyt ne kaikki (siis nyt puhuu ihminen, joka erottaa hevosen tanskandogista, jos niill\u00e4 on kyltit. lat.huom.). Joten p\u00e4\u00e4tin keskitty\u00e4 enemm\u00e4n luonnekuviin. Paikalle tulikin kaksi hevosta omistajineen ja p\u00e4\u00e4simme kuvaamaan syd\u00e4memme kyllyydest\u00e4.<\/p>\n<p>&nbsp;<\/p>\n<div id=\"attachment_6633\" style=\"width: 690px\" class=\"wp-caption aligncenter\"><a href=\"http:\/\/www.remonen.fi\/WP\/wp-content\/uploads\/2015\/08\/ypaja_15-23.jpg\"><img loading=\"lazy\" decoding=\"async\" aria-describedby=\"caption-attachment-6633\" class=\"wp-image-6633\" title=\"Aperture: &#402;\/5 | Credit: Matti Remonen | Camera: NIKON D810 | Taken: 30 elokuun, 2015 | Copyright: (c) Matti Remonen | Flash fired: no | Focal length: 82mm | ISO: 640 | Shutter speed: 1\/200s | \" src=\"http:\/\/www.remonen.fi\/WP\/wp-content\/uploads\/2015\/08\/ypaja_15-23.jpg\" alt=\"Yp\u00e4j\u00e4n hevosopisto\" width=\"680\" height=\"454\" srcset=\"https:\/\/www.remonen.fi\/WP\/wp-content\/uploads\/2015\/08\/ypaja_15-23.jpg 1024w, https:\/\/www.remonen.fi\/WP\/wp-content\/uploads\/2015\/08\/ypaja_15-23-300x200.jpg 300w, https:\/\/www.remonen.fi\/WP\/wp-content\/uploads\/2015\/08\/ypaja_15-23-680x454.jpg 680w, https:\/\/www.remonen.fi\/WP\/wp-content\/uploads\/2015\/08\/ypaja_15-23-440x293.jpg 440w, https:\/\/www.remonen.fi\/WP\/wp-content\/uploads\/2015\/08\/ypaja_15-23-960x640.jpg 960w\" sizes=\"(max-width: 680px) 100vw, 680px\" \/><\/a><p id=\"caption-attachment-6633\" class=\"wp-caption-text\">Golden Cap &#8211; kuiva omenasiideri<\/p><\/div>\n<div id=\"attachment_6631\" style=\"width: 464px\" class=\"wp-caption aligncenter\"><a href=\"http:\/\/www.remonen.fi\/WP\/wp-content\/uploads\/2015\/08\/ypaja_15-25.jpg\"><img loading=\"lazy\" decoding=\"async\" aria-describedby=\"caption-attachment-6631\" class=\"wp-image-6631\" title=\"Aperture: &#402;\/4.5 | Credit: Matti Remonen | Camera: NIKON D810 | Taken: 30 elokuun, 2015 | Copyright: (c) Matti Remonen | Flash fired: no | Focal length: 200mm | ISO: 250 | Shutter speed: 1\/400s | \" src=\"http:\/\/www.remonen.fi\/WP\/wp-content\/uploads\/2015\/08\/ypaja_15-25.jpg\" alt=\"Yp\u00e4j\u00e4n hevosopisto\" width=\"454\" height=\"680\" srcset=\"https:\/\/www.remonen.fi\/WP\/wp-content\/uploads\/2015\/08\/ypaja_15-25.jpg 683w, https:\/\/www.remonen.fi\/WP\/wp-content\/uploads\/2015\/08\/ypaja_15-25-200x300.jpg 200w, https:\/\/www.remonen.fi\/WP\/wp-content\/uploads\/2015\/08\/ypaja_15-25-454x680.jpg 454w, https:\/\/www.remonen.fi\/WP\/wp-content\/uploads\/2015\/08\/ypaja_15-25-440x660.jpg 440w, https:\/\/www.remonen.fi\/WP\/wp-content\/uploads\/2015\/08\/ypaja_15-25-300x450.jpg 300w\" sizes=\"(max-width: 454px) 100vw, 454px\" \/><\/a><p id=\"caption-attachment-6631\" class=\"wp-caption-text\">Vanha kunnon eskimotervehdys toimii aina<\/p><\/div>\n<div id=\"attachment_6634\" style=\"width: 464px\" class=\"wp-caption aligncenter\"><a href=\"http:\/\/www.remonen.fi\/WP\/wp-content\/uploads\/2015\/08\/ypaja_15-22.jpg\"><img loading=\"lazy\" decoding=\"async\" aria-describedby=\"caption-attachment-6634\" class=\"wp-image-6634\" title=\"Aperture: &#402;\/2.8 | Credit: Matti Remonen | Camera: NIKON D810 | Taken: 30 elokuun, 2015 | Copyright: (c) Matti Remonen | Flash fired: no | Focal length: 200mm | ISO: 140 | Shutter speed: 1\/400s | \" src=\"http:\/\/www.remonen.fi\/WP\/wp-content\/uploads\/2015\/08\/ypaja_15-22.jpg\" alt=\"Yp\u00e4j\u00e4n hevosopisto\" width=\"454\" height=\"680\" srcset=\"https:\/\/www.remonen.fi\/WP\/wp-content\/uploads\/2015\/08\/ypaja_15-22.jpg 683w, https:\/\/www.remonen.fi\/WP\/wp-content\/uploads\/2015\/08\/ypaja_15-22-200x300.jpg 200w, https:\/\/www.remonen.fi\/WP\/wp-content\/uploads\/2015\/08\/ypaja_15-22-454x680.jpg 454w, https:\/\/www.remonen.fi\/WP\/wp-content\/uploads\/2015\/08\/ypaja_15-22-440x660.jpg 440w, https:\/\/www.remonen.fi\/WP\/wp-content\/uploads\/2015\/08\/ypaja_15-22-300x450.jpg 300w\" sizes=\"(max-width: 454px) 100vw, 454px\" \/><\/a><p id=\"caption-attachment-6634\" class=\"wp-caption-text\">Rento meininki &#8211; parempi mieli<\/p><\/div>\n<p><div id=\"attachment_6632\" style=\"width: 690px\" class=\"wp-caption aligncenter\"><a href=\"http:\/\/www.remonen.fi\/WP\/wp-content\/uploads\/2015\/08\/ypaja_15-24.jpg\"><img loading=\"lazy\" decoding=\"async\" aria-describedby=\"caption-attachment-6632\" class=\"wp-image-6632\" title=\"Aperture: &#402;\/5.6 | Credit: Matti Remonen | Camera: NIKON D810 | Taken: 30 elokuun, 2015 | Copyright: (c) Matti Remonen | Flash fired: no | Focal length: 70mm | ISO: 400 | Shutter speed: 1\/160s | \" src=\"http:\/\/www.remonen.fi\/WP\/wp-content\/uploads\/2015\/08\/ypaja_15-24.jpg\" alt=\"Yp\u00e4j\u00e4n hevosopisto\" width=\"680\" height=\"454\" srcset=\"https:\/\/www.remonen.fi\/WP\/wp-content\/uploads\/2015\/08\/ypaja_15-24.jpg 1024w, https:\/\/www.remonen.fi\/WP\/wp-content\/uploads\/2015\/08\/ypaja_15-24-300x200.jpg 300w, https:\/\/www.remonen.fi\/WP\/wp-content\/uploads\/2015\/08\/ypaja_15-24-680x454.jpg 680w, https:\/\/www.remonen.fi\/WP\/wp-content\/uploads\/2015\/08\/ypaja_15-24-440x293.jpg 440w, https:\/\/www.remonen.fi\/WP\/wp-content\/uploads\/2015\/08\/ypaja_15-24-960x640.jpg 960w\" sizes=\"(max-width: 680px) 100vw, 680px\" \/><\/a><p id=\"caption-attachment-6632\" class=\"wp-caption-text\">No, jaa&#8230; etunojaa<\/p><\/div><br \/>\nKaikki p\u00e4\u00e4ttyy aikanaan, niin my\u00f6s t\u00e4m\u00e4kin kurssi. Oli taas tosi hauskaa olla Yp\u00e4j\u00e4ll\u00e4 rennon porukan kanssa. En tied\u00e4 mik\u00e4 mulla on mennyt kotikasvatuksessa pieleen, mutta noita reissuja ja kursseja alkaa oikein jo odottaa. Ja aina niill\u00e4 oppii jotain uutta, vaikka ehk\u00e4 aukkosarjat mulla onkin jo mieless\u00e4, niin se ei tarkoita ettenk\u00f6 olisi viel\u00e4 noviisi. Siit\u00e4 kertoo jo se, ett\u00e4 t\u00e4ss\u00e4 postauksessa on parikymment\u00e4 kuvaa ja min\u00e4 otin niit\u00e4 1200+&#8230; Iso osa oli ep\u00e4ter\u00e4vi\u00e4, t\u00e4r\u00e4ht\u00e4neit\u00e4 tai muuten viturallaan. Horisontti vinossa joka toisessa kuvassa. Kuten vaikka t\u00e4ss\u00e4:<\/p>\n<p><a href=\"http:\/\/www.remonen.fi\/WP\/wp-content\/uploads\/2015\/09\/ypaja_15-1-3.jpg\"><img loading=\"lazy\" decoding=\"async\" class=\"aligncenter wp-image-6671\" title=\"Aperture: &#402;\/4 | Credit: Matti Remonen | Camera: NIKON D810 | Taken: 29 elokuun, 2015 | Copyright: (c) Matti Remonen | Exposure bias: +4\/6EV | Flash fired: no | Focal length: 130mm | ISO: 64 | Shutter speed: 1\/8000s | \" src=\"http:\/\/www.remonen.fi\/WP\/wp-content\/uploads\/2015\/09\/ypaja_15-1-3.jpg\" alt=\"Yp\u00e4j\u00e4n hevosopisto\" width=\"680\" height=\"454\" srcset=\"https:\/\/www.remonen.fi\/WP\/wp-content\/uploads\/2015\/09\/ypaja_15-1-3.jpg 1024w, https:\/\/www.remonen.fi\/WP\/wp-content\/uploads\/2015\/09\/ypaja_15-1-3-300x200.jpg 300w, https:\/\/www.remonen.fi\/WP\/wp-content\/uploads\/2015\/09\/ypaja_15-1-3-680x454.jpg 680w, https:\/\/www.remonen.fi\/WP\/wp-content\/uploads\/2015\/09\/ypaja_15-1-3-440x293.jpg 440w, https:\/\/www.remonen.fi\/WP\/wp-content\/uploads\/2015\/09\/ypaja_15-1-3-960x640.jpg 960w\" sizes=\"(max-width: 680px) 100vw, 680px\" \/><\/a><\/p>\n<p>Miten helvetiss\u00e4 ihminen saa kameran noin vinoon? Ei hyv\u00e4\u00e4 p\u00e4iv\u00e4\u00e4&#8230;<\/p>\n<p>Kun kurssin aikana k\u00e4ytiin l\u00e4pi muiden ottamia kuvia, niin t\u00e4ytyy nostaa hattua kurssilaisille. Taas tuli n\u00e4hty\u00e4 ja koettua se kipe\u00e4 asia, ettei rahalla saa, vaikka ilmeisesti hevosella p\u00e4\u00e4seekin. Mun mukana olleet vehkeet maksaa varmaan saman verran kuin koko muun porukan yhteens\u00e4 Seppoa, Irinaa, Juhania ja paria muuta lukuunottamatta. Samoin mulla on kuvauskokemusta enemm\u00e4n kuin puolella porukkaa ik\u00e4vuosia. Siit\u00e4 huolimatta tai juuri sen takia tuolla sai n\u00e4hd\u00e4 taas aivan loistavaa kuvaa. Samoin oli hauska katsoa, ett\u00e4 mink\u00e4laista kuvaa eri ihmiset ottivat samasta paikasta. Kuvien kirjo oli melkoinen.<\/p>\n<p>Mutta joo, t\u00e4m\u00e4 kurssi oli t\u00e4ll\u00e4 kertaa t\u00e4ss\u00e4. Kiitos j\u00e4rjestelyist\u00e4 Irinalle, kiitos opetuksesta Juhanille ja Sepolle ja kiitos kaikille muille hyv\u00e4st\u00e4 ja hauskasta seurasta. Seuraavaa kurssia odotellessa.<\/p>\n<p>Meetwurstin alkul\u00e4hteill\u00e4 mukana my\u00f6s Nikon D810 + Nikkor AF-S 24-70\/2.8G + Sigma Art 35\/1.4 + Nikkor Af-S 70-200\/2.8G VR II + Nikkor AF-S 80-400\/3.5-5.6G VR<\/p>\n","protected":false},"excerpt":{"rendered":"<p>Ei t\u00e4m\u00e4 nyt ihan Brideshead Revisited-juttu ole, mutta aika l\u00e4helle&#8230; alkukes\u00e4st\u00e4 fb:n Yp\u00e4j\u00e4-ryhm\u00e4ss\u00e4 oli ilmoitus kes\u00e4n lopulla pidett\u00e4v\u00e4st\u00e4 valokuvauskurssista. Multa oli pari aiempaa kurssia mennyt jostain syyst\u00e4 sivu suun, mutta nyt p\u00e4\u00e4tin ett\u00e4 t\u00e4lle kurssille on p\u00e4\u00e4st\u00e4v\u00e4, olihan taas luvassa hulvatonta menoa ja tym\u00e4kk\u00e4\u00e4 opetusta. Ilmoittauduinkin kurssille saman tien ja merkkasin p\u00e4iv\u00e4t kalenteriin, ettei vain [&hellip;]<\/p>\n","protected":false},"author":2,"featured_media":6633,"comment_status":"open","ping_status":"closed","sticky":false,"template":"","format":"standard","meta":{"footnotes":""},"categories":[16],"tags":[189,148,188],"yoast_head":"<!-- This site is optimized with the Yoast SEO plugin v24.5 - https:\/\/yoast.com\/wordpress\/plugins\/seo\/ -->\n<title>Yp\u00e4j\u00e4 Revisited &#187; remonen.fi<\/title>\n<meta name=\"robots\" content=\"index, follow, max-snippet:-1, max-image-preview:large, max-video-preview:-1\" \/>\n<link rel=\"canonical\" href=\"https:\/\/www.remonen.fi\/WP\/blogi\/ypaja-revisited\/\" \/>\n<meta property=\"og:locale\" content=\"fi_FI\" \/>\n<meta property=\"og:type\" content=\"article\" \/>\n<meta property=\"og:title\" content=\"Yp\u00e4j\u00e4 Revisited &#187; remonen.fi\" \/>\n<meta property=\"og:description\" content=\"Ei t\u00e4m\u00e4 nyt ihan Brideshead Revisited-juttu ole, mutta aika l\u00e4helle&#8230; alkukes\u00e4st\u00e4 fb:n Yp\u00e4j\u00e4-ryhm\u00e4ss\u00e4 oli ilmoitus kes\u00e4n lopulla pidett\u00e4v\u00e4st\u00e4 valokuvauskurssista. Multa oli pari aiempaa kurssia mennyt jostain syyst\u00e4 sivu suun, mutta nyt p\u00e4\u00e4tin ett\u00e4 t\u00e4lle kurssille on p\u00e4\u00e4st\u00e4v\u00e4, olihan taas luvassa hulvatonta menoa ja tym\u00e4kk\u00e4\u00e4 opetusta. Ilmoittauduinkin kurssille saman tien ja merkkasin p\u00e4iv\u00e4t kalenteriin, ettei vain [&hellip;]\" \/>\n<meta property=\"og:url\" content=\"https:\/\/www.remonen.fi\/WP\/blogi\/ypaja-revisited\/\" \/>\n<meta property=\"og:site_name\" content=\"remonen.fi\" \/>\n<meta property=\"article:published_time\" content=\"2015-09-01T16:48:05+00:00\" \/>\n<meta property=\"article:modified_time\" content=\"2016-05-02T07:24:53+00:00\" \/>\n<meta property=\"og:image\" content=\"https:\/\/www.remonen.fi\/WP\/wp-content\/uploads\/2015\/08\/ypaja_15-23.jpg\" \/>\n\t<meta property=\"og:image:width\" content=\"1024\" \/>\n\t<meta property=\"og:image:height\" content=\"683\" \/>\n\t<meta property=\"og:image:type\" content=\"image\/jpeg\" \/>\n<meta name=\"author\" content=\"Matti Remonen\" \/>\n<meta name=\"twitter:label1\" content=\"Kirjoittanut\" \/>\n\t<meta name=\"twitter:data1\" content=\"Matti Remonen\" \/>\n\t<meta name=\"twitter:label2\" content=\"Arvioitu lukuaika\" \/>\n\t<meta name=\"twitter:data2\" content=\"6 minuuttia\" \/>\n<script type=\"application\/ld+json\" class=\"yoast-schema-graph\">{\"@context\":\"https:\/\/schema.org\",\"@graph\":[{\"@type\":\"Article\",\"@id\":\"https:\/\/www.remonen.fi\/WP\/blogi\/ypaja-revisited\/#article\",\"isPartOf\":{\"@id\":\"https:\/\/www.remonen.fi\/WP\/blogi\/ypaja-revisited\/\"},\"author\":{\"name\":\"Matti Remonen\",\"@id\":\"https:\/\/www.remonen.fi\/WP\/#\/schema\/person\/1803c23d1d4f6722054eb2ac7f7a97cd\"},\"headline\":\"Yp\u00e4j\u00e4 Revisited\",\"datePublished\":\"2015-09-01T16:48:05+00:00\",\"dateModified\":\"2016-05-02T07:24:53+00:00\",\"mainEntityOfPage\":{\"@id\":\"https:\/\/www.remonen.fi\/WP\/blogi\/ypaja-revisited\/\"},\"wordCount\":1289,\"commentCount\":4,\"publisher\":{\"@id\":\"https:\/\/www.remonen.fi\/WP\/#\/schema\/person\/1803c23d1d4f6722054eb2ac7f7a97cd\"},\"image\":{\"@id\":\"https:\/\/www.remonen.fi\/WP\/blogi\/ypaja-revisited\/#primaryimage\"},\"thumbnailUrl\":\"https:\/\/www.remonen.fi\/WP\/wp-content\/uploads\/2015\/08\/ypaja_15-23.jpg\",\"keywords\":[\"Hevonen\",\"Valokuvauskurssi\",\"Yp\u00e4j\u00e4\"],\"articleSection\":[\"Blog\"],\"inLanguage\":\"fi\",\"potentialAction\":[{\"@type\":\"CommentAction\",\"name\":\"Comment\",\"target\":[\"https:\/\/www.remonen.fi\/WP\/blogi\/ypaja-revisited\/#respond\"]}]},{\"@type\":\"WebPage\",\"@id\":\"https:\/\/www.remonen.fi\/WP\/blogi\/ypaja-revisited\/\",\"url\":\"https:\/\/www.remonen.fi\/WP\/blogi\/ypaja-revisited\/\",\"name\":\"Yp\u00e4j\u00e4 Revisited &#187; remonen.fi\",\"isPartOf\":{\"@id\":\"https:\/\/www.remonen.fi\/WP\/#website\"},\"primaryImageOfPage\":{\"@id\":\"https:\/\/www.remonen.fi\/WP\/blogi\/ypaja-revisited\/#primaryimage\"},\"image\":{\"@id\":\"https:\/\/www.remonen.fi\/WP\/blogi\/ypaja-revisited\/#primaryimage\"},\"thumbnailUrl\":\"https:\/\/www.remonen.fi\/WP\/wp-content\/uploads\/2015\/08\/ypaja_15-23.jpg\",\"datePublished\":\"2015-09-01T16:48:05+00:00\",\"dateModified\":\"2016-05-02T07:24:53+00:00\",\"breadcrumb\":{\"@id\":\"https:\/\/www.remonen.fi\/WP\/blogi\/ypaja-revisited\/#breadcrumb\"},\"inLanguage\":\"fi\",\"potentialAction\":[{\"@type\":\"ReadAction\",\"target\":[\"https:\/\/www.remonen.fi\/WP\/blogi\/ypaja-revisited\/\"]}]},{\"@type\":\"ImageObject\",\"inLanguage\":\"fi\",\"@id\":\"https:\/\/www.remonen.fi\/WP\/blogi\/ypaja-revisited\/#primaryimage\",\"url\":\"https:\/\/www.remonen.fi\/WP\/wp-content\/uploads\/2015\/08\/ypaja_15-23.jpg\",\"contentUrl\":\"https:\/\/www.remonen.fi\/WP\/wp-content\/uploads\/2015\/08\/ypaja_15-23.jpg\",\"width\":1024,\"height\":683,\"caption\":\"[exif id=\\\"6633\\\"]\"},{\"@type\":\"BreadcrumbList\",\"@id\":\"https:\/\/www.remonen.fi\/WP\/blogi\/ypaja-revisited\/#breadcrumb\",\"itemListElement\":[{\"@type\":\"ListItem\",\"position\":1,\"name\":\"Etusivu\",\"item\":\"https:\/\/www.remonen.fi\/WP\/\"},{\"@type\":\"ListItem\",\"position\":2,\"name\":\"Yp\u00e4j\u00e4 Revisited\"}]},{\"@type\":\"WebSite\",\"@id\":\"https:\/\/www.remonen.fi\/WP\/#website\",\"url\":\"https:\/\/www.remonen.fi\/WP\/\",\"name\":\"remonen.fi\",\"description\":\"Valokuvia ja tarinaa laidasta laitaan\",\"publisher\":{\"@id\":\"https:\/\/www.remonen.fi\/WP\/#\/schema\/person\/1803c23d1d4f6722054eb2ac7f7a97cd\"},\"potentialAction\":[{\"@type\":\"SearchAction\",\"target\":{\"@type\":\"EntryPoint\",\"urlTemplate\":\"https:\/\/www.remonen.fi\/WP\/?s={search_term_string}\"},\"query-input\":{\"@type\":\"PropertyValueSpecification\",\"valueRequired\":true,\"valueName\":\"search_term_string\"}}],\"inLanguage\":\"fi\"},{\"@type\":[\"Person\",\"Organization\"],\"@id\":\"https:\/\/www.remonen.fi\/WP\/#\/schema\/person\/1803c23d1d4f6722054eb2ac7f7a97cd\",\"name\":\"Matti Remonen\",\"logo\":{\"@id\":\"https:\/\/www.remonen.fi\/WP\/#\/schema\/person\/image\/\"},\"url\":\"https:\/\/www.remonen.fi\/WP\/blogi\/author\/mre\/\"}]}<\/script>\n<!-- \/ Yoast SEO plugin. -->","yoast_head_json":{"title":"Yp\u00e4j\u00e4 Revisited &#187; remonen.fi","robots":{"index":"index","follow":"follow","max-snippet":"max-snippet:-1","max-image-preview":"max-image-preview:large","max-video-preview":"max-video-preview:-1"},"canonical":"https:\/\/www.remonen.fi\/WP\/blogi\/ypaja-revisited\/","og_locale":"fi_FI","og_type":"article","og_title":"Yp\u00e4j\u00e4 Revisited &#187; remonen.fi","og_description":"Ei t\u00e4m\u00e4 nyt ihan Brideshead Revisited-juttu ole, mutta aika l\u00e4helle&#8230; alkukes\u00e4st\u00e4 fb:n Yp\u00e4j\u00e4-ryhm\u00e4ss\u00e4 oli ilmoitus kes\u00e4n lopulla pidett\u00e4v\u00e4st\u00e4 valokuvauskurssista. Multa oli pari aiempaa kurssia mennyt jostain syyst\u00e4 sivu suun, mutta nyt p\u00e4\u00e4tin ett\u00e4 t\u00e4lle kurssille on p\u00e4\u00e4st\u00e4v\u00e4, olihan taas luvassa hulvatonta menoa ja tym\u00e4kk\u00e4\u00e4 opetusta. Ilmoittauduinkin kurssille saman tien ja merkkasin p\u00e4iv\u00e4t kalenteriin, ettei vain [&hellip;]","og_url":"https:\/\/www.remonen.fi\/WP\/blogi\/ypaja-revisited\/","og_site_name":"remonen.fi","article_published_time":"2015-09-01T16:48:05+00:00","article_modified_time":"2016-05-02T07:24:53+00:00","og_image":[{"width":1024,"height":683,"url":"https:\/\/www.remonen.fi\/WP\/wp-content\/uploads\/2015\/08\/ypaja_15-23.jpg","type":"image\/jpeg"}],"author":"Matti Remonen","twitter_misc":{"Kirjoittanut":"Matti Remonen","Arvioitu lukuaika":"6 minuuttia"},"schema":{"@context":"https:\/\/schema.org","@graph":[{"@type":"Article","@id":"https:\/\/www.remonen.fi\/WP\/blogi\/ypaja-revisited\/#article","isPartOf":{"@id":"https:\/\/www.remonen.fi\/WP\/blogi\/ypaja-revisited\/"},"author":{"name":"Matti Remonen","@id":"https:\/\/www.remonen.fi\/WP\/#\/schema\/person\/1803c23d1d4f6722054eb2ac7f7a97cd"},"headline":"Yp\u00e4j\u00e4 Revisited","datePublished":"2015-09-01T16:48:05+00:00","dateModified":"2016-05-02T07:24:53+00:00","mainEntityOfPage":{"@id":"https:\/\/www.remonen.fi\/WP\/blogi\/ypaja-revisited\/"},"wordCount":1289,"commentCount":4,"publisher":{"@id":"https:\/\/www.remonen.fi\/WP\/#\/schema\/person\/1803c23d1d4f6722054eb2ac7f7a97cd"},"image":{"@id":"https:\/\/www.remonen.fi\/WP\/blogi\/ypaja-revisited\/#primaryimage"},"thumbnailUrl":"https:\/\/www.remonen.fi\/WP\/wp-content\/uploads\/2015\/08\/ypaja_15-23.jpg","keywords":["Hevonen","Valokuvauskurssi","Yp\u00e4j\u00e4"],"articleSection":["Blog"],"inLanguage":"fi","potentialAction":[{"@type":"CommentAction","name":"Comment","target":["https:\/\/www.remonen.fi\/WP\/blogi\/ypaja-revisited\/#respond"]}]},{"@type":"WebPage","@id":"https:\/\/www.remonen.fi\/WP\/blogi\/ypaja-revisited\/","url":"https:\/\/www.remonen.fi\/WP\/blogi\/ypaja-revisited\/","name":"Yp\u00e4j\u00e4 Revisited &#187; remonen.fi","isPartOf":{"@id":"https:\/\/www.remonen.fi\/WP\/#website"},"primaryImageOfPage":{"@id":"https:\/\/www.remonen.fi\/WP\/blogi\/ypaja-revisited\/#primaryimage"},"image":{"@id":"https:\/\/www.remonen.fi\/WP\/blogi\/ypaja-revisited\/#primaryimage"},"thumbnailUrl":"https:\/\/www.remonen.fi\/WP\/wp-content\/uploads\/2015\/08\/ypaja_15-23.jpg","datePublished":"2015-09-01T16:48:05+00:00","dateModified":"2016-05-02T07:24:53+00:00","breadcrumb":{"@id":"https:\/\/www.remonen.fi\/WP\/blogi\/ypaja-revisited\/#breadcrumb"},"inLanguage":"fi","potentialAction":[{"@type":"ReadAction","target":["https:\/\/www.remonen.fi\/WP\/blogi\/ypaja-revisited\/"]}]},{"@type":"ImageObject","inLanguage":"fi","@id":"https:\/\/www.remonen.fi\/WP\/blogi\/ypaja-revisited\/#primaryimage","url":"https:\/\/www.remonen.fi\/WP\/wp-content\/uploads\/2015\/08\/ypaja_15-23.jpg","contentUrl":"https:\/\/www.remonen.fi\/WP\/wp-content\/uploads\/2015\/08\/ypaja_15-23.jpg","width":1024,"height":683,"caption":"[exif id=\"6633\"]"},{"@type":"BreadcrumbList","@id":"https:\/\/www.remonen.fi\/WP\/blogi\/ypaja-revisited\/#breadcrumb","itemListElement":[{"@type":"ListItem","position":1,"name":"Etusivu","item":"https:\/\/www.remonen.fi\/WP\/"},{"@type":"ListItem","position":2,"name":"Yp\u00e4j\u00e4 Revisited"}]},{"@type":"WebSite","@id":"https:\/\/www.remonen.fi\/WP\/#website","url":"https:\/\/www.remonen.fi\/WP\/","name":"remonen.fi","description":"Valokuvia ja tarinaa laidasta laitaan","publisher":{"@id":"https:\/\/www.remonen.fi\/WP\/#\/schema\/person\/1803c23d1d4f6722054eb2ac7f7a97cd"},"potentialAction":[{"@type":"SearchAction","target":{"@type":"EntryPoint","urlTemplate":"https:\/\/www.remonen.fi\/WP\/?s={search_term_string}"},"query-input":{"@type":"PropertyValueSpecification","valueRequired":true,"valueName":"search_term_string"}}],"inLanguage":"fi"},{"@type":["Person","Organization"],"@id":"https:\/\/www.remonen.fi\/WP\/#\/schema\/person\/1803c23d1d4f6722054eb2ac7f7a97cd","name":"Matti Remonen","logo":{"@id":"https:\/\/www.remonen.fi\/WP\/#\/schema\/person\/image\/"},"url":"https:\/\/www.remonen.fi\/WP\/blogi\/author\/mre\/"}]}},"_links":{"self":[{"href":"https:\/\/www.remonen.fi\/WP\/wp-json\/wp\/v2\/posts\/6655"}],"collection":[{"href":"https:\/\/www.remonen.fi\/WP\/wp-json\/wp\/v2\/posts"}],"about":[{"href":"https:\/\/www.remonen.fi\/WP\/wp-json\/wp\/v2\/types\/post"}],"author":[{"embeddable":true,"href":"https:\/\/www.remonen.fi\/WP\/wp-json\/wp\/v2\/users\/2"}],"replies":[{"embeddable":true,"href":"https:\/\/www.remonen.fi\/WP\/wp-json\/wp\/v2\/comments?post=6655"}],"version-history":[{"count":0,"href":"https:\/\/www.remonen.fi\/WP\/wp-json\/wp\/v2\/posts\/6655\/revisions"}],"wp:featuredmedia":[{"embeddable":true,"href":"https:\/\/www.remonen.fi\/WP\/wp-json\/wp\/v2\/media\/6633"}],"wp:attachment":[{"href":"https:\/\/www.remonen.fi\/WP\/wp-json\/wp\/v2\/media?parent=6655"}],"wp:term":[{"taxonomy":"category","embeddable":true,"href":"https:\/\/www.remonen.fi\/WP\/wp-json\/wp\/v2\/categories?post=6655"},{"taxonomy":"post_tag","embeddable":true,"href":"https:\/\/www.remonen.fi\/WP\/wp-json\/wp\/v2\/tags?post=6655"}],"curies":[{"name":"wp","href":"https:\/\/api.w.org\/{rel}","templated":true}]}}