{"id":6702,"date":"2015-09-11T13:24:43","date_gmt":"2015-09-11T10:24:43","guid":{"rendered":"http:\/\/www.remonen.fi\/?p=6702"},"modified":"2015-09-11T15:19:17","modified_gmt":"2015-09-11T12:19:17","slug":"toimintasyksya-pukkaa","status":"publish","type":"post","link":"https:\/\/www.remonen.fi\/WP\/blogi\/toimintasyksya-pukkaa\/","title":{"rendered":"Toimintasyksy\u00e4 pukkaa"},"content":{"rendered":"<p><a href=\"http:\/\/www.remonen.fi\/WP\/wp-content\/uploads\/2015\/09\/liike_kuvassa_15-1.jpg\"><img loading=\"lazy\" decoding=\"async\" class=\"aligncenter wp-image-6703\" title=\"Aperture: &#402;\/6.3 | Credit: Matti Remonen | Camera: NIKON D810 | Taken: 10 syyskuun, 2015 | Copyright: (c) Matti Remonen | Flash fired: no | Focal length: 66mm | ISO: 560 | Keywords: Muut | Shutter speed: 1\/160s | \" src=\"http:\/\/www.remonen.fi\/WP\/wp-content\/uploads\/2015\/09\/liike_kuvassa_15-1.jpg\" alt=\"Action-valokuvauskurssi, Stoa\" width=\"680\" height=\"454\" srcset=\"https:\/\/www.remonen.fi\/WP\/wp-content\/uploads\/2015\/09\/liike_kuvassa_15-1.jpg 1024w, https:\/\/www.remonen.fi\/WP\/wp-content\/uploads\/2015\/09\/liike_kuvassa_15-1-300x200.jpg 300w, https:\/\/www.remonen.fi\/WP\/wp-content\/uploads\/2015\/09\/liike_kuvassa_15-1-680x454.jpg 680w, https:\/\/www.remonen.fi\/WP\/wp-content\/uploads\/2015\/09\/liike_kuvassa_15-1-440x293.jpg 440w, https:\/\/www.remonen.fi\/WP\/wp-content\/uploads\/2015\/09\/liike_kuvassa_15-1-960x640.jpg 960w\" sizes=\"(max-width: 680px) 100vw, 680px\" \/><\/a><\/p>\n<p>Niin se kes\u00e4 meni ja syksy saa. Samalla ty\u00f6v\u00e4enopiston kurssit tulivat taas haettavaksi ja ilmoittauduinkin kolmelle eri valokuvauskurssille. T\u00e4ll\u00e4 kertaa <a href=\"https:\/\/ilmonet.fi\/#fi\" target=\"_blank\">Ilmonet<\/a> pysyi pystyss\u00e4 ja ilmoittautumiset onnistuivat ilman suurempaa kiroilua. P\u00e4\u00e4sin kaikille kolmelle haluamalleni kurssille. Tai itse asiassa p\u00e4\u00e4sin nelj\u00e4lle, mutta yksi piti peruuttaa, kun se meni muiden kurssien kanssa p\u00e4\u00e4llekk\u00e4in.<\/p>\n<blockquote><p>Jahs. Katsotaan nyt, tuleeko muuta kuin tuskanhiki pintaan.<\/p><\/blockquote>\n<p>T\u00e4n\u00e4 syksyn\u00e4 valitsin kursseja paitsi itse aiheen, niin my\u00f6s aikataulun perusteella. Otin l\u00e4hinn\u00e4 sellaisia, joissa ei ole opetustunteja kovin montaa ja nekin mielell\u00e4\u00e4n viikonloppuisin. Aika n\u00e4ytt\u00e4\u00e4 oliko t\u00e4m\u00e4 hyv\u00e4 p\u00e4\u00e4t\u00f6s.<\/p>\n<p>Ensimm\u00e4isen\u00e4 kurssina vuorossa oli &#8221;Action&#8221;-valokuvauskurssi, josta oheinen kuvaus:<\/p>\n<p><em>&#8221;Kurssilla kuvaamme vauhtia, toimintaa ja liikett\u00e4. Toiminnallisen valokuvauksen kurssi, jossa tallennamme kameralla liikett\u00e4, vauhtia ja toimintaa. Teemme kuvausretki\u00e4 urheiluhalleihin ja mikroautoradoille. Kurssin aikana my\u00f6s motivoivia kotiteht\u00e4vi\u00e4. Kurssilla saat hien (kennon) pintaan takuuvarmasti!&#8221;<\/em><\/p>\n<p><div id=\"attachment_6707\" style=\"width: 690px\" class=\"wp-caption aligncenter\"><a href=\"http:\/\/www.remonen.fi\/WP\/wp-content\/uploads\/2015\/09\/liike_kuvassa_15-3.jpg\"><img loading=\"lazy\" decoding=\"async\" aria-describedby=\"caption-attachment-6707\" class=\"wp-image-6707\" title=\"Aperture: &#402;\/13 | Credit: Matti Remonen | Camera: NIKON D810 | Taken: 10 syyskuun, 2015 | Copyright: (c) Matti Remonen | Flash fired: no | Focal length: 70mm | ISO: 64 | Keywords: It\u00e4keskus, Kulkuv\u00e4lineet, Metro | Shutter speed: 1\/15s | \" src=\"http:\/\/www.remonen.fi\/WP\/wp-content\/uploads\/2015\/09\/liike_kuvassa_15-3.jpg\" alt=\"Action-valokuvauskurssi, Stoa\" width=\"680\" height=\"454\" srcset=\"https:\/\/www.remonen.fi\/WP\/wp-content\/uploads\/2015\/09\/liike_kuvassa_15-3.jpg 1024w, https:\/\/www.remonen.fi\/WP\/wp-content\/uploads\/2015\/09\/liike_kuvassa_15-3-300x200.jpg 300w, https:\/\/www.remonen.fi\/WP\/wp-content\/uploads\/2015\/09\/liike_kuvassa_15-3-680x454.jpg 680w, https:\/\/www.remonen.fi\/WP\/wp-content\/uploads\/2015\/09\/liike_kuvassa_15-3-440x293.jpg 440w, https:\/\/www.remonen.fi\/WP\/wp-content\/uploads\/2015\/09\/liike_kuvassa_15-3-960x640.jpg 960w\" sizes=\"(max-width: 680px) 100vw, 680px\" \/><\/a><p id=\"caption-attachment-6707\" class=\"wp-caption-text\">\u00c4x\u00f6nbussi<\/p><\/div>Jahs. Katsotaan nyt, tuleeko muuta kuin tuskanhiki pintaan. Kurssin pitopaikkana on It\u00e4keskuksen Stoa, joten p\u00e4\u00e4dyimme ensimm\u00e4isell\u00e4 kerralla kuvaamaan metrojunia. Mullahan oli jo vuosi sitten se <a href=\"http:\/\/www.remonen.fi\/photoblog\/metropol-helsinki\/\">metrojuna-projekti<\/a>, joten aihe tuntui hieman kalutulta. Teht\u00e4v\u00e4n\u00e4 oli kuvata junat liikkeess\u00e4 liikkeen pys\u00e4ytt\u00e4en ja sit\u00e4 korostaen. No, molemmat ovat peruskauraa, mutta yll\u00e4tyksen\u00e4 tuli se, ett\u00e4 suoraan ohikulkevan &#8211; vaikkakin juuri asemalta l\u00e4hteneen &#8211; metrojunan liikkeen t\u00e4ydellinen pys\u00e4ytt\u00e4minen vaati 1\/4000 suljinajan. Itse ajattelin\/luulin, ett\u00e4 joku 1\/500 on enemm\u00e4n kuin tarpeeksi. Ei ollut.<\/p>\n<p><div id=\"attachment_6708\" style=\"width: 690px\" class=\"wp-caption aligncenter\"><a href=\"http:\/\/www.remonen.fi\/WP\/wp-content\/uploads\/2015\/09\/liike_kuvassa_15-2.jpg\"><img loading=\"lazy\" decoding=\"async\" aria-describedby=\"caption-attachment-6708\" class=\"wp-image-6708\" title=\"Aperture: &#402;\/5 | Credit: Matti Remonen | Camera: NIKON D810 | Taken: 10 syyskuun, 2015 | Copyright: (c) Matti Remonen | Flash fired: no | Focal length: 70mm | ISO: 4500 | Keywords: It\u00e4keskus, Kulkuv\u00e4lineet, Metro | Shutter speed: 1\/4000s | \" src=\"http:\/\/www.remonen.fi\/WP\/wp-content\/uploads\/2015\/09\/liike_kuvassa_15-2.jpg\" alt=\"Action-valokuvauskurssi, Stoa\" width=\"680\" height=\"454\" srcset=\"https:\/\/www.remonen.fi\/WP\/wp-content\/uploads\/2015\/09\/liike_kuvassa_15-2.jpg 1024w, https:\/\/www.remonen.fi\/WP\/wp-content\/uploads\/2015\/09\/liike_kuvassa_15-2-300x200.jpg 300w, https:\/\/www.remonen.fi\/WP\/wp-content\/uploads\/2015\/09\/liike_kuvassa_15-2-680x454.jpg 680w, https:\/\/www.remonen.fi\/WP\/wp-content\/uploads\/2015\/09\/liike_kuvassa_15-2-440x293.jpg 440w, https:\/\/www.remonen.fi\/WP\/wp-content\/uploads\/2015\/09\/liike_kuvassa_15-2-960x640.jpg 960w\" sizes=\"(max-width: 680px) 100vw, 680px\" \/><\/a><p id=\"caption-attachment-6708\" class=\"wp-caption-text\">Metrojuna seisoo, kun set\u00e4 v\u00e4\u00e4nt\u00e4\u00e4 1\/4000sek kameraan<\/p><\/div><div id=\"attachment_6706\" style=\"width: 690px\" class=\"wp-caption aligncenter\"><a href=\"http:\/\/www.remonen.fi\/WP\/wp-content\/uploads\/2015\/09\/liike_kuvassa_15-4.jpg\"><img loading=\"lazy\" decoding=\"async\" aria-describedby=\"caption-attachment-6706\" class=\"wp-image-6706\" title=\"Aperture: &#402;\/13 | Credit: Matti Remonen | Camera: NIKON D810 | Taken: 10 syyskuun, 2015 | Copyright: (c) Matti Remonen | Flash fired: no | Focal length: 70mm | ISO: 220 | Keywords: It\u00e4keskus, Kulkuv\u00e4lineet, Metro | Shutter speed: 1\/30s | \" src=\"http:\/\/www.remonen.fi\/WP\/wp-content\/uploads\/2015\/09\/liike_kuvassa_15-4.jpg\" alt=\"Action-valokuvauskurssi, Stoa\" width=\"680\" height=\"454\" srcset=\"https:\/\/www.remonen.fi\/WP\/wp-content\/uploads\/2015\/09\/liike_kuvassa_15-4.jpg 1024w, https:\/\/www.remonen.fi\/WP\/wp-content\/uploads\/2015\/09\/liike_kuvassa_15-4-300x200.jpg 300w, https:\/\/www.remonen.fi\/WP\/wp-content\/uploads\/2015\/09\/liike_kuvassa_15-4-680x454.jpg 680w, https:\/\/www.remonen.fi\/WP\/wp-content\/uploads\/2015\/09\/liike_kuvassa_15-4-440x293.jpg 440w, https:\/\/www.remonen.fi\/WP\/wp-content\/uploads\/2015\/09\/liike_kuvassa_15-4-960x640.jpg 960w\" sizes=\"(max-width: 680px) 100vw, 680px\" \/><\/a><p id=\"caption-attachment-6706\" class=\"wp-caption-text\">Hei hulinaa&#8230; 1\/30sek&#8230;<\/p><\/div>Muuten tuolla tuli sitten huviteltua &#8221;taidekuvia&#8221; r\u00e4psim\u00e4ll\u00e4. Ehk\u00e4 olisi enemm\u00e4nkin voinut mietti\u00e4 erilaisia kuvakulmia itse aiheeseen, mutta nyt mentiin n\u00e4ill\u00e4. Seuraavalla kerralla meill\u00e4 on kuvaussessio jossain &#8221;luonnossa&#8221;. Joko ulkona tai sis\u00e4ll\u00e4. Yhten\u00e4 ehdotuksena oli tanssin kuvaaminen studiossa. Se voisi olla aika mielenkiintoista.<\/p>\n<p><a href=\"http:\/\/www.remonen.fi\/WP\/wp-content\/uploads\/2015\/09\/liike_kuvassa_15-6.jpg\"><img loading=\"lazy\" decoding=\"async\" class=\"aligncenter wp-image-6704\" title=\"Aperture: &#402;\/8 | Credit: Matti Remonen | Camera: NIKON D810 | Taken: 10 syyskuun, 2015 | Copyright: (c) Matti Remonen | Flash fired: no | Focal length: 45mm | ISO: 280 | Keywords: It\u00e4keskus, Kulkuv\u00e4lineet, Metro | Shutter speed: 1\/25s | \" src=\"http:\/\/www.remonen.fi\/WP\/wp-content\/uploads\/2015\/09\/liike_kuvassa_15-6.jpg\" alt=\"Action-valokuvauskurssi, Stoa\" width=\"680\" height=\"454\" srcset=\"https:\/\/www.remonen.fi\/WP\/wp-content\/uploads\/2015\/09\/liike_kuvassa_15-6.jpg 1024w, https:\/\/www.remonen.fi\/WP\/wp-content\/uploads\/2015\/09\/liike_kuvassa_15-6-300x200.jpg 300w, https:\/\/www.remonen.fi\/WP\/wp-content\/uploads\/2015\/09\/liike_kuvassa_15-6-680x454.jpg 680w, https:\/\/www.remonen.fi\/WP\/wp-content\/uploads\/2015\/09\/liike_kuvassa_15-6-440x293.jpg 440w, https:\/\/www.remonen.fi\/WP\/wp-content\/uploads\/2015\/09\/liike_kuvassa_15-6-960x640.jpg 960w\" sizes=\"(max-width: 680px) 100vw, 680px\" \/><\/a><\/p>\n<p>Nyt kun on n\u00e4ill\u00e4 ty\u00f6v\u00e4enopiston kursseilla k\u00e4ynyt muutamana vuotena, niin alkaa porukatkin olemaan jo (puoli)tuttuja. Samat henkil\u00f6t kiert\u00e4v\u00e4t n\u00e4it\u00e4 vuodesta toiseen ja mik\u00e4s siin\u00e4, voisihan sit\u00e4 huonomminkin aikaansa viett\u00e4\u00e4.<\/p>\n<p><div id=\"attachment_6705\" style=\"width: 464px\" class=\"wp-caption aligncenter\"><a href=\"http:\/\/www.remonen.fi\/WP\/wp-content\/uploads\/2015\/09\/liike_kuvassa_15-5.jpg\"><img loading=\"lazy\" decoding=\"async\" aria-describedby=\"caption-attachment-6705\" class=\"wp-image-6705\" title=\"Aperture: &#402;\/7.1 | Credit: Matti Remonen | Camera: NIKON D810 | Taken: 10 syyskuun, 2015 | Copyright: (c) Matti Remonen | Flash fired: yes | Focal length: 70mm | ISO: 64 | Keywords: It\u00e4keskus, Kulkuv\u00e4lineet, Metro | Shutter speed: 1\/30s | \" src=\"http:\/\/www.remonen.fi\/WP\/wp-content\/uploads\/2015\/09\/liike_kuvassa_15-5.jpg\" alt=\"Action-valokuvauskurssi, Stoa\" width=\"454\" height=\"680\" srcset=\"https:\/\/www.remonen.fi\/WP\/wp-content\/uploads\/2015\/09\/liike_kuvassa_15-5.jpg 683w, https:\/\/www.remonen.fi\/WP\/wp-content\/uploads\/2015\/09\/liike_kuvassa_15-5-200x300.jpg 200w, https:\/\/www.remonen.fi\/WP\/wp-content\/uploads\/2015\/09\/liike_kuvassa_15-5-454x680.jpg 454w, https:\/\/www.remonen.fi\/WP\/wp-content\/uploads\/2015\/09\/liike_kuvassa_15-5-440x660.jpg 440w, https:\/\/www.remonen.fi\/WP\/wp-content\/uploads\/2015\/09\/liike_kuvassa_15-5-300x450.jpg 300w\" sizes=\"(max-width: 454px) 100vw, 454px\" \/><\/a><p id=\"caption-attachment-6705\" class=\"wp-caption-text\">Kiisi flarettaa&#8230;<\/p><\/div>Metroja mets\u00e4sti Nikon D810 + Nikkor AF-S 24-70\/2.8G<\/p>\n","protected":false},"excerpt":{"rendered":"<p>Niin se kes\u00e4 meni ja syksy saa. Samalla ty\u00f6v\u00e4enopiston kurssit tulivat taas haettavaksi ja ilmoittauduinkin kolmelle eri valokuvauskurssille. T\u00e4ll\u00e4 kertaa Ilmonet pysyi pystyss\u00e4 ja ilmoittautumiset onnistuivat ilman suurempaa kiroilua. P\u00e4\u00e4sin kaikille kolmelle haluamalleni kurssille. Tai itse asiassa p\u00e4\u00e4sin nelj\u00e4lle, mutta yksi piti peruuttaa, kun se meni muiden kurssien kanssa p\u00e4\u00e4llekk\u00e4in. Jahs. Katsotaan nyt, tuleeko muuta [&hellip;]<\/p>\n","protected":false},"author":2,"featured_media":6707,"comment_status":"open","ping_status":"closed","sticky":false,"template":"","format":"standard","meta":{"footnotes":""},"categories":[16],"tags":[208,210,148],"yoast_head":"<!-- This site is optimized with the Yoast SEO plugin v24.5 - https:\/\/yoast.com\/wordpress\/plugins\/seo\/ -->\n<title>Toimintasyksy\u00e4 pukkaa &#187; remonen.fi<\/title>\n<meta name=\"description\" content=\"Ty\u00f6v\u00e4enopiston kurssit tulivat taas haettavaksi ja ilmoittauduinkin kolmelle eri valokuvauskurssille, joista ensimm\u00e4isen pitopaikkana oli It\u00e4keskuksen Stoa.\" \/>\n<meta name=\"robots\" content=\"index, follow, max-snippet:-1, max-image-preview:large, max-video-preview:-1\" \/>\n<link rel=\"canonical\" href=\"https:\/\/www.remonen.fi\/WP\/blogi\/toimintasyksya-pukkaa\/\" \/>\n<meta property=\"og:locale\" content=\"fi_FI\" \/>\n<meta property=\"og:type\" content=\"article\" \/>\n<meta property=\"og:title\" content=\"Toimintasyksy\u00e4 pukkaa &#187; remonen.fi\" \/>\n<meta property=\"og:description\" content=\"Ty\u00f6v\u00e4enopiston kurssit tulivat taas haettavaksi ja ilmoittauduinkin kolmelle eri valokuvauskurssille, joista ensimm\u00e4isen pitopaikkana oli It\u00e4keskuksen Stoa.\" \/>\n<meta property=\"og:url\" content=\"https:\/\/www.remonen.fi\/WP\/blogi\/toimintasyksya-pukkaa\/\" \/>\n<meta property=\"og:site_name\" content=\"remonen.fi\" \/>\n<meta property=\"article:published_time\" content=\"2015-09-11T10:24:43+00:00\" \/>\n<meta property=\"article:modified_time\" content=\"2015-09-11T12:19:17+00:00\" \/>\n<meta property=\"og:image\" content=\"https:\/\/www.remonen.fi\/WP\/wp-content\/uploads\/2015\/09\/liike_kuvassa_15-3.jpg\" \/>\n\t<meta property=\"og:image:width\" content=\"1024\" \/>\n\t<meta property=\"og:image:height\" content=\"683\" \/>\n\t<meta property=\"og:image:type\" content=\"image\/jpeg\" \/>\n<meta name=\"author\" content=\"Matti Remonen\" \/>\n<meta name=\"twitter:label1\" content=\"Kirjoittanut\" \/>\n\t<meta name=\"twitter:data1\" content=\"Matti Remonen\" \/>\n\t<meta name=\"twitter:label2\" content=\"Arvioitu lukuaika\" \/>\n\t<meta name=\"twitter:data2\" content=\"2 minuuttia\" \/>\n<script type=\"application\/ld+json\" class=\"yoast-schema-graph\">{\"@context\":\"https:\/\/schema.org\",\"@graph\":[{\"@type\":\"Article\",\"@id\":\"https:\/\/www.remonen.fi\/WP\/blogi\/toimintasyksya-pukkaa\/#article\",\"isPartOf\":{\"@id\":\"https:\/\/www.remonen.fi\/WP\/blogi\/toimintasyksya-pukkaa\/\"},\"author\":{\"name\":\"Matti Remonen\",\"@id\":\"https:\/\/www.remonen.fi\/WP\/#\/schema\/person\/1803c23d1d4f6722054eb2ac7f7a97cd\"},\"headline\":\"Toimintasyksy\u00e4 pukkaa\",\"datePublished\":\"2015-09-11T10:24:43+00:00\",\"dateModified\":\"2015-09-11T12:19:17+00:00\",\"mainEntityOfPage\":{\"@id\":\"https:\/\/www.remonen.fi\/WP\/blogi\/toimintasyksya-pukkaa\/\"},\"wordCount\":376,\"commentCount\":2,\"publisher\":{\"@id\":\"https:\/\/www.remonen.fi\/WP\/#\/schema\/person\/1803c23d1d4f6722054eb2ac7f7a97cd\"},\"image\":{\"@id\":\"https:\/\/www.remonen.fi\/WP\/blogi\/toimintasyksya-pukkaa\/#primaryimage\"},\"thumbnailUrl\":\"https:\/\/www.remonen.fi\/WP\/wp-content\/uploads\/2015\/09\/liike_kuvassa_15-3.jpg\",\"keywords\":[\"Metro\",\"Ty\u00f6v\u00e4enopisto\",\"Valokuvauskurssi\"],\"articleSection\":[\"Blog\"],\"inLanguage\":\"fi\",\"potentialAction\":[{\"@type\":\"CommentAction\",\"name\":\"Comment\",\"target\":[\"https:\/\/www.remonen.fi\/WP\/blogi\/toimintasyksya-pukkaa\/#respond\"]}]},{\"@type\":\"WebPage\",\"@id\":\"https:\/\/www.remonen.fi\/WP\/blogi\/toimintasyksya-pukkaa\/\",\"url\":\"https:\/\/www.remonen.fi\/WP\/blogi\/toimintasyksya-pukkaa\/\",\"name\":\"Toimintasyksy\u00e4 pukkaa &#187; remonen.fi\",\"isPartOf\":{\"@id\":\"https:\/\/www.remonen.fi\/WP\/#website\"},\"primaryImageOfPage\":{\"@id\":\"https:\/\/www.remonen.fi\/WP\/blogi\/toimintasyksya-pukkaa\/#primaryimage\"},\"image\":{\"@id\":\"https:\/\/www.remonen.fi\/WP\/blogi\/toimintasyksya-pukkaa\/#primaryimage\"},\"thumbnailUrl\":\"https:\/\/www.remonen.fi\/WP\/wp-content\/uploads\/2015\/09\/liike_kuvassa_15-3.jpg\",\"datePublished\":\"2015-09-11T10:24:43+00:00\",\"dateModified\":\"2015-09-11T12:19:17+00:00\",\"description\":\"Ty\u00f6v\u00e4enopiston kurssit tulivat taas haettavaksi ja ilmoittauduinkin kolmelle eri valokuvauskurssille, joista ensimm\u00e4isen pitopaikkana oli It\u00e4keskuksen Stoa.\",\"breadcrumb\":{\"@id\":\"https:\/\/www.remonen.fi\/WP\/blogi\/toimintasyksya-pukkaa\/#breadcrumb\"},\"inLanguage\":\"fi\",\"potentialAction\":[{\"@type\":\"ReadAction\",\"target\":[\"https:\/\/www.remonen.fi\/WP\/blogi\/toimintasyksya-pukkaa\/\"]}]},{\"@type\":\"ImageObject\",\"inLanguage\":\"fi\",\"@id\":\"https:\/\/www.remonen.fi\/WP\/blogi\/toimintasyksya-pukkaa\/#primaryimage\",\"url\":\"https:\/\/www.remonen.fi\/WP\/wp-content\/uploads\/2015\/09\/liike_kuvassa_15-3.jpg\",\"contentUrl\":\"https:\/\/www.remonen.fi\/WP\/wp-content\/uploads\/2015\/09\/liike_kuvassa_15-3.jpg\",\"width\":1024,\"height\":683,\"caption\":\"[exif id=\\\"6707\\\"]\"},{\"@type\":\"BreadcrumbList\",\"@id\":\"https:\/\/www.remonen.fi\/WP\/blogi\/toimintasyksya-pukkaa\/#breadcrumb\",\"itemListElement\":[{\"@type\":\"ListItem\",\"position\":1,\"name\":\"Etusivu\",\"item\":\"https:\/\/www.remonen.fi\/WP\/\"},{\"@type\":\"ListItem\",\"position\":2,\"name\":\"Toimintasyksy\u00e4 pukkaa\"}]},{\"@type\":\"WebSite\",\"@id\":\"https:\/\/www.remonen.fi\/WP\/#website\",\"url\":\"https:\/\/www.remonen.fi\/WP\/\",\"name\":\"remonen.fi\",\"description\":\"Valokuvia ja tarinaa laidasta laitaan\",\"publisher\":{\"@id\":\"https:\/\/www.remonen.fi\/WP\/#\/schema\/person\/1803c23d1d4f6722054eb2ac7f7a97cd\"},\"potentialAction\":[{\"@type\":\"SearchAction\",\"target\":{\"@type\":\"EntryPoint\",\"urlTemplate\":\"https:\/\/www.remonen.fi\/WP\/?s={search_term_string}\"},\"query-input\":{\"@type\":\"PropertyValueSpecification\",\"valueRequired\":true,\"valueName\":\"search_term_string\"}}],\"inLanguage\":\"fi\"},{\"@type\":[\"Person\",\"Organization\"],\"@id\":\"https:\/\/www.remonen.fi\/WP\/#\/schema\/person\/1803c23d1d4f6722054eb2ac7f7a97cd\",\"name\":\"Matti Remonen\",\"logo\":{\"@id\":\"https:\/\/www.remonen.fi\/WP\/#\/schema\/person\/image\/\"},\"url\":\"https:\/\/www.remonen.fi\/WP\/blogi\/author\/mre\/\"}]}<\/script>\n<!-- \/ Yoast SEO plugin. -->","yoast_head_json":{"title":"Toimintasyksy\u00e4 pukkaa &#187; remonen.fi","description":"Ty\u00f6v\u00e4enopiston kurssit tulivat taas haettavaksi ja ilmoittauduinkin kolmelle eri valokuvauskurssille, joista ensimm\u00e4isen pitopaikkana oli It\u00e4keskuksen Stoa.","robots":{"index":"index","follow":"follow","max-snippet":"max-snippet:-1","max-image-preview":"max-image-preview:large","max-video-preview":"max-video-preview:-1"},"canonical":"https:\/\/www.remonen.fi\/WP\/blogi\/toimintasyksya-pukkaa\/","og_locale":"fi_FI","og_type":"article","og_title":"Toimintasyksy\u00e4 pukkaa &#187; remonen.fi","og_description":"Ty\u00f6v\u00e4enopiston kurssit tulivat taas haettavaksi ja ilmoittauduinkin kolmelle eri valokuvauskurssille, joista ensimm\u00e4isen pitopaikkana oli It\u00e4keskuksen Stoa.","og_url":"https:\/\/www.remonen.fi\/WP\/blogi\/toimintasyksya-pukkaa\/","og_site_name":"remonen.fi","article_published_time":"2015-09-11T10:24:43+00:00","article_modified_time":"2015-09-11T12:19:17+00:00","og_image":[{"width":1024,"height":683,"url":"https:\/\/www.remonen.fi\/WP\/wp-content\/uploads\/2015\/09\/liike_kuvassa_15-3.jpg","type":"image\/jpeg"}],"author":"Matti Remonen","twitter_misc":{"Kirjoittanut":"Matti Remonen","Arvioitu lukuaika":"2 minuuttia"},"schema":{"@context":"https:\/\/schema.org","@graph":[{"@type":"Article","@id":"https:\/\/www.remonen.fi\/WP\/blogi\/toimintasyksya-pukkaa\/#article","isPartOf":{"@id":"https:\/\/www.remonen.fi\/WP\/blogi\/toimintasyksya-pukkaa\/"},"author":{"name":"Matti Remonen","@id":"https:\/\/www.remonen.fi\/WP\/#\/schema\/person\/1803c23d1d4f6722054eb2ac7f7a97cd"},"headline":"Toimintasyksy\u00e4 pukkaa","datePublished":"2015-09-11T10:24:43+00:00","dateModified":"2015-09-11T12:19:17+00:00","mainEntityOfPage":{"@id":"https:\/\/www.remonen.fi\/WP\/blogi\/toimintasyksya-pukkaa\/"},"wordCount":376,"commentCount":2,"publisher":{"@id":"https:\/\/www.remonen.fi\/WP\/#\/schema\/person\/1803c23d1d4f6722054eb2ac7f7a97cd"},"image":{"@id":"https:\/\/www.remonen.fi\/WP\/blogi\/toimintasyksya-pukkaa\/#primaryimage"},"thumbnailUrl":"https:\/\/www.remonen.fi\/WP\/wp-content\/uploads\/2015\/09\/liike_kuvassa_15-3.jpg","keywords":["Metro","Ty\u00f6v\u00e4enopisto","Valokuvauskurssi"],"articleSection":["Blog"],"inLanguage":"fi","potentialAction":[{"@type":"CommentAction","name":"Comment","target":["https:\/\/www.remonen.fi\/WP\/blogi\/toimintasyksya-pukkaa\/#respond"]}]},{"@type":"WebPage","@id":"https:\/\/www.remonen.fi\/WP\/blogi\/toimintasyksya-pukkaa\/","url":"https:\/\/www.remonen.fi\/WP\/blogi\/toimintasyksya-pukkaa\/","name":"Toimintasyksy\u00e4 pukkaa &#187; remonen.fi","isPartOf":{"@id":"https:\/\/www.remonen.fi\/WP\/#website"},"primaryImageOfPage":{"@id":"https:\/\/www.remonen.fi\/WP\/blogi\/toimintasyksya-pukkaa\/#primaryimage"},"image":{"@id":"https:\/\/www.remonen.fi\/WP\/blogi\/toimintasyksya-pukkaa\/#primaryimage"},"thumbnailUrl":"https:\/\/www.remonen.fi\/WP\/wp-content\/uploads\/2015\/09\/liike_kuvassa_15-3.jpg","datePublished":"2015-09-11T10:24:43+00:00","dateModified":"2015-09-11T12:19:17+00:00","description":"Ty\u00f6v\u00e4enopiston kurssit tulivat taas haettavaksi ja ilmoittauduinkin kolmelle eri valokuvauskurssille, joista ensimm\u00e4isen pitopaikkana oli It\u00e4keskuksen Stoa.","breadcrumb":{"@id":"https:\/\/www.remonen.fi\/WP\/blogi\/toimintasyksya-pukkaa\/#breadcrumb"},"inLanguage":"fi","potentialAction":[{"@type":"ReadAction","target":["https:\/\/www.remonen.fi\/WP\/blogi\/toimintasyksya-pukkaa\/"]}]},{"@type":"ImageObject","inLanguage":"fi","@id":"https:\/\/www.remonen.fi\/WP\/blogi\/toimintasyksya-pukkaa\/#primaryimage","url":"https:\/\/www.remonen.fi\/WP\/wp-content\/uploads\/2015\/09\/liike_kuvassa_15-3.jpg","contentUrl":"https:\/\/www.remonen.fi\/WP\/wp-content\/uploads\/2015\/09\/liike_kuvassa_15-3.jpg","width":1024,"height":683,"caption":"[exif id=\"6707\"]"},{"@type":"BreadcrumbList","@id":"https:\/\/www.remonen.fi\/WP\/blogi\/toimintasyksya-pukkaa\/#breadcrumb","itemListElement":[{"@type":"ListItem","position":1,"name":"Etusivu","item":"https:\/\/www.remonen.fi\/WP\/"},{"@type":"ListItem","position":2,"name":"Toimintasyksy\u00e4 pukkaa"}]},{"@type":"WebSite","@id":"https:\/\/www.remonen.fi\/WP\/#website","url":"https:\/\/www.remonen.fi\/WP\/","name":"remonen.fi","description":"Valokuvia ja tarinaa laidasta laitaan","publisher":{"@id":"https:\/\/www.remonen.fi\/WP\/#\/schema\/person\/1803c23d1d4f6722054eb2ac7f7a97cd"},"potentialAction":[{"@type":"SearchAction","target":{"@type":"EntryPoint","urlTemplate":"https:\/\/www.remonen.fi\/WP\/?s={search_term_string}"},"query-input":{"@type":"PropertyValueSpecification","valueRequired":true,"valueName":"search_term_string"}}],"inLanguage":"fi"},{"@type":["Person","Organization"],"@id":"https:\/\/www.remonen.fi\/WP\/#\/schema\/person\/1803c23d1d4f6722054eb2ac7f7a97cd","name":"Matti Remonen","logo":{"@id":"https:\/\/www.remonen.fi\/WP\/#\/schema\/person\/image\/"},"url":"https:\/\/www.remonen.fi\/WP\/blogi\/author\/mre\/"}]}},"_links":{"self":[{"href":"https:\/\/www.remonen.fi\/WP\/wp-json\/wp\/v2\/posts\/6702"}],"collection":[{"href":"https:\/\/www.remonen.fi\/WP\/wp-json\/wp\/v2\/posts"}],"about":[{"href":"https:\/\/www.remonen.fi\/WP\/wp-json\/wp\/v2\/types\/post"}],"author":[{"embeddable":true,"href":"https:\/\/www.remonen.fi\/WP\/wp-json\/wp\/v2\/users\/2"}],"replies":[{"embeddable":true,"href":"https:\/\/www.remonen.fi\/WP\/wp-json\/wp\/v2\/comments?post=6702"}],"version-history":[{"count":0,"href":"https:\/\/www.remonen.fi\/WP\/wp-json\/wp\/v2\/posts\/6702\/revisions"}],"wp:featuredmedia":[{"embeddable":true,"href":"https:\/\/www.remonen.fi\/WP\/wp-json\/wp\/v2\/media\/6707"}],"wp:attachment":[{"href":"https:\/\/www.remonen.fi\/WP\/wp-json\/wp\/v2\/media?parent=6702"}],"wp:term":[{"taxonomy":"category","embeddable":true,"href":"https:\/\/www.remonen.fi\/WP\/wp-json\/wp\/v2\/categories?post=6702"},{"taxonomy":"post_tag","embeddable":true,"href":"https:\/\/www.remonen.fi\/WP\/wp-json\/wp\/v2\/tags?post=6702"}],"curies":[{"name":"wp","href":"https:\/\/api.w.org\/{rel}","templated":true}]}}