{"id":6722,"date":"2015-09-18T17:28:53","date_gmt":"2015-09-18T14:28:53","guid":{"rendered":"http:\/\/www.remonen.fi\/?p=6722"},"modified":"2016-05-02T10:24:33","modified_gmt":"2016-05-02T07:24:33","slug":"viinia-wienissa","status":"publish","type":"post","link":"https:\/\/www.remonen.fi\/WP\/blogi\/viinia-wienissa\/","title":{"rendered":"Viini\u00e4 Wieniss\u00e4"},"content":{"rendered":"<div style=\"text-align: center\"><em>Oon m\u00e4 juonut viinii Wieniss\u00e4 <\/em><\/div>\n<div style=\"text-align: center\"><em>monta pitk\u00e4\u00e4 kylm\u00e4\u00e4 Lyypekiss\u00e4 <\/em><\/div>\n<div style=\"text-align: center\"><em>niiden juomiseenkin vain on syy Peggyss\u00e4<\/em><\/div>\n<div style=\"text-align: center\"><\/div>\n<div style=\"text-align: center\"><em>&#8211; Samuli Edelman, Peggy &#8211;<\/em><\/div>\n<p>Mulla on ollut jo pidemm\u00e4n aikaa ajatuksena ja haaveena tehd\u00e4 KKK:t, eli k\u00e4yd\u00e4 &#8221;kolmessa kovassa kaupungissa&#8221; Budapestiss\u00e4, Prahassa tai Wieniss\u00e4. Kev\u00e4\u00e4ll\u00e4 sitten p\u00e4\u00e4tin tilata matkan ja kohteeksi valikoitui Wien. Matka-ajankohdaksi valitsimme vaimon kanssa syyskuun puolenv\u00e4lin sill\u00e4 ajatuksella, ett\u00e4 pahin turistikausi olisi jo ohi, mutta silti s\u00e4\u00e4 olisi viel\u00e4 suomalaisittain kes\u00e4inen.<\/p>\n<p>Matkaa varatessa katselin Hotels.com:ia ja vastaavia sek\u00e4 halpoja lentoja, mutta eip\u00e4 niill\u00e4 ainakaan t\u00e4h\u00e4n kohteeseen ja t\u00e4h\u00e4n aikaan vuodesta mit\u00e4\u00e4n suuria s\u00e4\u00e4st\u00f6j\u00e4 olisi saanut aikaan. Lennoissa olisi s\u00e4\u00e4st\u00e4nyt ehk\u00e4 satasen tai sinne p\u00e4in. Jos olisi lent\u00e4nyt Norwegianilla v\u00e4lilaskullisen lennon. Ja v\u00e4lilasku Oslossa&#8230; lentoaika 8 tuntia, kun Finnair vei reilussa kahdessa. P\u00e4\u00e4t\u00f6ksen teko oli aika lailla no-brainer ja otimme Tj\u00e4reborgin kautta ns. flex-matkan. Etuna noissa on my\u00f6s se, ett\u00e4 matkaan p\u00e4tev\u00e4t valmismatkas\u00e4\u00e4nn\u00f6t matkustajaturvineen. T\u00e4lle optiollehan olisi tullut k\u00e4ytt\u00f6\u00e4, jos paluumme olisi ollut p\u00e4iv\u00e4\u00e4 my\u00f6hemmin, kun Suomi oli &#8221;yleislakossa&#8221;. T\u00e4ll\u00e4 kertaa siit\u00e4(kin) selvittin s\u00e4ik\u00e4hdyksell\u00e4.<\/p>\n<p><a href=\"http:\/\/www.remonen.fi\/WP\/wp-content\/uploads\/2015\/09\/wien_15-1.jpg\"><img loading=\"lazy\" decoding=\"async\" class=\"aligncenter wp-image-6742\" title=\"Aperture: &#402;\/5 | Camera: ILCE-6000 | Taken: 12 syyskuun, 2015 | Copyright: (c) Matti Remonen | Exposure bias: +7\/10EV | Flash fired: no | Focal length: 24mm | ISO: 100 | Keywords: It\u00e4valta, Maat - Kaupungit - Paikat, Wien | Shutter speed: 1\/250s | \" src=\"http:\/\/www.remonen.fi\/WP\/wp-content\/uploads\/2015\/09\/wien_15-1.jpg\" alt=\"\" width=\"454\" height=\"680\" srcset=\"https:\/\/www.remonen.fi\/WP\/wp-content\/uploads\/2015\/09\/wien_15-1.jpg 683w, https:\/\/www.remonen.fi\/WP\/wp-content\/uploads\/2015\/09\/wien_15-1-200x300.jpg 200w, https:\/\/www.remonen.fi\/WP\/wp-content\/uploads\/2015\/09\/wien_15-1-454x680.jpg 454w, https:\/\/www.remonen.fi\/WP\/wp-content\/uploads\/2015\/09\/wien_15-1-440x660.jpg 440w, https:\/\/www.remonen.fi\/WP\/wp-content\/uploads\/2015\/09\/wien_15-1-300x450.jpg 300w\" sizes=\"(max-width: 454px) 100vw, 454px\" \/><\/a><\/p>\n<p>L\u00e4hd\u00f6n aikakin koitti vihdoin ja lensimme sinivalkoisin siivin kohden It\u00e4vallan p\u00e4\u00e4kaupunkia. Matka meni yll\u00e4tyksett\u00f6m\u00e4sti, kuten my\u00f6s siirtyminen kent\u00e4lt\u00e4 hotellille. Wieniss\u00e4 on v\u00e4hint\u00e4\u00e4n Helsingin luokkaa oleva julkinen liikenne, joten joka paikkaan p\u00e4\u00e4see metrolla, raitiovaunulla tai bussilla.<\/p>\n<p><a href=\"http:\/\/www.remonen.fi\/WP\/wp-content\/uploads\/2015\/09\/wien_15-3.jpg\"><img loading=\"lazy\" decoding=\"async\" class=\"aligncenter wp-image-6740\" title=\"Aperture: &#402;\/5 | Camera: ILCE-6000 | Taken: 12 syyskuun, 2015 | Copyright: (c) Matti Remonen | Exposure bias: +7\/10EV | Flash fired: no | Focal length: 24mm | ISO: 100 | Keywords: It\u00e4valta, Maat - Kaupungit - Paikat, Wien | Shutter speed: 1\/400s | \" src=\"http:\/\/www.remonen.fi\/WP\/wp-content\/uploads\/2015\/09\/wien_15-3.jpg\" alt=\"\" width=\"454\" height=\"680\" srcset=\"https:\/\/www.remonen.fi\/WP\/wp-content\/uploads\/2015\/09\/wien_15-3.jpg 683w, https:\/\/www.remonen.fi\/WP\/wp-content\/uploads\/2015\/09\/wien_15-3-200x300.jpg 200w, https:\/\/www.remonen.fi\/WP\/wp-content\/uploads\/2015\/09\/wien_15-3-454x680.jpg 454w, https:\/\/www.remonen.fi\/WP\/wp-content\/uploads\/2015\/09\/wien_15-3-440x660.jpg 440w, https:\/\/www.remonen.fi\/WP\/wp-content\/uploads\/2015\/09\/wien_15-3-300x450.jpg 300w\" sizes=\"(max-width: 454px) 100vw, 454px\" \/><\/a><\/p>\n<p>Hetken hotellilla happea vedetty\u00e4mme suuntasimme kaupungille katselemaan suuren maailman menoa. Ei meill\u00e4 ollut sen kummempaa suunnitelmaa, mutta yleens\u00e4 aloitamme turistitoimistosta, jos sellainen vain l\u00f6ytyy. Ja l\u00f6ytyih\u00e4n se. Kunhan ensin olimme k\u00e4yneet vet\u00e4m\u00e4ss\u00e4 pakolliset Wienerschnitzelit. Mit Bier, Jawolh. Ostimme turistib\u00fcroosta tavan mukaan parin p\u00e4iv\u00e4n Hop On-Hop Off -tyyppiset kiertoajeluliput. Niit\u00e4h\u00e4n voi n\u00e4pp\u00e4r\u00e4sti k\u00e4ytt\u00e4\u00e4 my\u00f6s julkisen liikenteen korvikkeena, jos vain reitit osuvat.<\/p>\n<p><a href=\"http:\/\/www.remonen.fi\/WP\/wp-content\/uploads\/2015\/09\/wien_15-2.jpg\"><img loading=\"lazy\" decoding=\"async\" class=\"aligncenter wp-image-6741\" title=\"Aperture: &#402;\/5 | Camera: ILCE-6000 | Taken: 12 syyskuun, 2015 | Copyright: (c) Matti Remonen | Exposure bias: +7\/10EV | Flash fired: no | Focal length: 24mm | ISO: 200 | Keywords: It\u00e4valta, Maat - Kaupungit - Paikat, Wien | Shutter speed: 1\/60s | \" src=\"http:\/\/www.remonen.fi\/WP\/wp-content\/uploads\/2015\/09\/wien_15-2.jpg\" alt=\"\" width=\"454\" height=\"680\" srcset=\"https:\/\/www.remonen.fi\/WP\/wp-content\/uploads\/2015\/09\/wien_15-2.jpg 683w, https:\/\/www.remonen.fi\/WP\/wp-content\/uploads\/2015\/09\/wien_15-2-200x300.jpg 200w, https:\/\/www.remonen.fi\/WP\/wp-content\/uploads\/2015\/09\/wien_15-2-454x680.jpg 454w, https:\/\/www.remonen.fi\/WP\/wp-content\/uploads\/2015\/09\/wien_15-2-440x660.jpg 440w, https:\/\/www.remonen.fi\/WP\/wp-content\/uploads\/2015\/09\/wien_15-2-300x450.jpg 300w\" sizes=\"(max-width: 454px) 100vw, 454px\" \/><\/a><\/p>\n<p>Ekana p\u00e4iv\u00e4n\u00e4 emme viel\u00e4 hoppineet on eik\u00e4 off, vaan l\u00e4ksimme kiertelem\u00e4\u00e4n kaupunkia ja kyll\u00e4h\u00e4n sit\u00e4 n\u00e4ht\u00e4v\u00e4\u00e4 riitti. Ilmeisesti saapumisp\u00e4iv\u00e4n\u00e4mme Wieniss\u00e4 oli menossa joku isompi yleinen juhlaviikonloppu tyyliin Taiteiden Y\u00f6, sill\u00e4 n\u00e4ht\u00e4v\u00e4\u00e4 ja koettavaa oli joka suunnalla.<\/p>\n<p><a href=\"http:\/\/www.remonen.fi\/WP\/wp-content\/uploads\/2015\/09\/wien_15-4.jpg\"><img loading=\"lazy\" decoding=\"async\" class=\"aligncenter wp-image-6739\" title=\"Aperture: &#402;\/5.6 | Camera: ILCE-6000 | Taken: 12 syyskuun, 2015 | Copyright: (c) Matti Remonen | Exposure bias: +7\/10EV | Flash fired: no | Focal length: 24mm | ISO: 400 | Keywords: It\u00e4valta, Maat - Kaupungit - Paikat, Wien | Shutter speed: 1\/60s | \" src=\"http:\/\/www.remonen.fi\/WP\/wp-content\/uploads\/2015\/09\/wien_15-4.jpg\" alt=\"\" width=\"680\" height=\"454\" srcset=\"https:\/\/www.remonen.fi\/WP\/wp-content\/uploads\/2015\/09\/wien_15-4.jpg 1024w, https:\/\/www.remonen.fi\/WP\/wp-content\/uploads\/2015\/09\/wien_15-4-300x200.jpg 300w, https:\/\/www.remonen.fi\/WP\/wp-content\/uploads\/2015\/09\/wien_15-4-680x454.jpg 680w, https:\/\/www.remonen.fi\/WP\/wp-content\/uploads\/2015\/09\/wien_15-4-440x293.jpg 440w, https:\/\/www.remonen.fi\/WP\/wp-content\/uploads\/2015\/09\/wien_15-4-960x640.jpg 960w\" sizes=\"(max-width: 680px) 100vw, 680px\" \/><\/a><\/p>\n<p>Ensimm\u00e4iseksi turistibyroosta l\u00e4hd\u00f6n j\u00e4lkeen osuimme <a href=\"https:\/\/en.wikipedia.org\/wiki\/Naschmarkt\" target=\"_blank\">Naschmarktille<\/a>. Miten sinne jouduimme, en tied\u00e4, mutta sielt\u00e4 itsemme l\u00f6ysimme. Naschmarkt on ikiaikainen markkina-alue Wieniss\u00e4, joka nyky\u00e4\u00e4n on t\u00e4ynn\u00e4 erilaisia kojuja ja ravintoloita. Viikonloppuisin siell\u00e4 toimii my\u00f6s kirpputori, jossa myyd\u00e4\u00e4n jos jonkinlaista tavaraa. Koitin katsella, josko jossain olisi ollut Mein Kampf omistuskirjoituksella, mutta sellaista ei nyt sattunut silm\u00e4\u00e4n. Kierrelless\u00e4 tuli kuitenkin sen verran jano, ett\u00e4 piti pys\u00e4hty\u00e4 olusille. Tai kaksille.<\/p>\n<p><div id=\"attachment_6738\" style=\"width: 464px\" class=\"wp-caption aligncenter\"><a href=\"http:\/\/www.remonen.fi\/WP\/wp-content\/uploads\/2015\/09\/wien_15-5.jpg\"><img loading=\"lazy\" decoding=\"async\" aria-describedby=\"caption-attachment-6738\" class=\"wp-image-6738\" title=\"Aperture: &#402;\/5.6 | Camera: ILCE-6000 | Taken: 12 syyskuun, 2015 | Copyright: (c) Matti Remonen | Exposure bias: +7\/10EV | Flash fired: no | Focal length: 24mm | ISO: 160 | Keywords: It\u00e4valta, Maat - Kaupungit - Paikat, Wien | Shutter speed: 1\/60s | \" src=\"http:\/\/www.remonen.fi\/WP\/wp-content\/uploads\/2015\/09\/wien_15-5.jpg\" alt=\"\" width=\"454\" height=\"680\" srcset=\"https:\/\/www.remonen.fi\/WP\/wp-content\/uploads\/2015\/09\/wien_15-5.jpg 683w, https:\/\/www.remonen.fi\/WP\/wp-content\/uploads\/2015\/09\/wien_15-5-200x300.jpg 200w, https:\/\/www.remonen.fi\/WP\/wp-content\/uploads\/2015\/09\/wien_15-5-454x680.jpg 454w, https:\/\/www.remonen.fi\/WP\/wp-content\/uploads\/2015\/09\/wien_15-5-440x660.jpg 440w, https:\/\/www.remonen.fi\/WP\/wp-content\/uploads\/2015\/09\/wien_15-5-300x450.jpg 300w\" sizes=\"(max-width: 454px) 100vw, 454px\" \/><\/a><p id=\"caption-attachment-6738\" class=\"wp-caption-text\">Silm\u00e4nruokaa Naschmarktilla<\/p><\/div>Naschmarktilta jatkoimme matkaa <a href=\"https:\/\/en.wikipedia.org\/wiki\/Museumsquartier\" target=\"_blank\">Museum Quartier:iin<\/a>, jossa piti olla jotakin happeningi\u00e4 menossa. Ja olihan siell\u00e4, meno oli tosiaan kuin Taiteiden Y\u00f6ss\u00e4 konsanaan, musiikkia ja meteli\u00e4 riitti.<\/p>\n<p><a href=\"http:\/\/www.remonen.fi\/WP\/wp-content\/uploads\/2015\/09\/wien_15-7.jpg\"><img loading=\"lazy\" decoding=\"async\" class=\"aligncenter wp-image-6736\" title=\"Aperture: &#402;\/5.6 | Camera: ILCE-6000 | Taken: 12 syyskuun, 2015 | Copyright: (c) Matti Remonen | Exposure bias: +7\/10EV | Flash fired: no | Focal length: 24mm | ISO: 100 | Keywords: It\u00e4valta, Maat - Kaupungit - Paikat, Wien | Shutter speed: 1\/500s | \" src=\"http:\/\/www.remonen.fi\/WP\/wp-content\/uploads\/2015\/09\/wien_15-7.jpg\" alt=\"\" width=\"680\" height=\"454\" srcset=\"https:\/\/www.remonen.fi\/WP\/wp-content\/uploads\/2015\/09\/wien_15-7.jpg 1024w, https:\/\/www.remonen.fi\/WP\/wp-content\/uploads\/2015\/09\/wien_15-7-300x200.jpg 300w, https:\/\/www.remonen.fi\/WP\/wp-content\/uploads\/2015\/09\/wien_15-7-680x454.jpg 680w, https:\/\/www.remonen.fi\/WP\/wp-content\/uploads\/2015\/09\/wien_15-7-440x293.jpg 440w, https:\/\/www.remonen.fi\/WP\/wp-content\/uploads\/2015\/09\/wien_15-7-960x640.jpg 960w\" sizes=\"(max-width: 680px) 100vw, 680px\" \/><\/a><\/p>\n<p><a href=\"http:\/\/www.remonen.fi\/WP\/wp-content\/uploads\/2015\/09\/wien_15-6.jpg\"><img loading=\"lazy\" decoding=\"async\" class=\"aligncenter wp-image-6737\" src=\"http:\/\/www.remonen.fi\/WP\/wp-content\/uploads\/2015\/09\/wien_15-6.jpg\" alt=\"Aperture: &#402;\/5.6 | Camera: ILCE-6000 | Taken: 12 syyskuun, 2015 | Copyright: (c) Matti Remonen | Exposure bias: +7\/10EV | Flash fired: no | Focal length: 24mm | ISO: 100 | Keywords: It\u00e4valta, Maat - Kaupungit - Paikat, Wien | Shutter speed: 1\/125s | \" width=\"454\" height=\"680\" srcset=\"https:\/\/www.remonen.fi\/WP\/wp-content\/uploads\/2015\/09\/wien_15-6.jpg 683w, https:\/\/www.remonen.fi\/WP\/wp-content\/uploads\/2015\/09\/wien_15-6-200x300.jpg 200w, https:\/\/www.remonen.fi\/WP\/wp-content\/uploads\/2015\/09\/wien_15-6-454x680.jpg 454w, https:\/\/www.remonen.fi\/WP\/wp-content\/uploads\/2015\/09\/wien_15-6-440x660.jpg 440w, https:\/\/www.remonen.fi\/WP\/wp-content\/uploads\/2015\/09\/wien_15-6-300x450.jpg 300w\" sizes=\"(max-width: 454px) 100vw, 454px\" \/><\/a>MQ:lla saimme aikaa kulumaan sen verran, ett\u00e4 p\u00e4iv\u00e4 alkoi k\u00e4\u00e4ntym\u00e4\u00e4n kohden iltaa. Piipahdimme viel\u00e4 hetkeksi l\u00e4heiselle k\u00e4velykadulle josta sain ostettua pre-paid datakortin tablettiin. Kortti oli 3G, ilmeisesti 4G tekee viel\u00e4 tuloaan It\u00e4valtaan. Muutenkin tuolla tunnutaan el\u00e4v\u00e4n jossain asioissa viel\u00e4 -90 -luvulla, esimerkiksi k\u00e4teinen on edelleen kova sana. Kortilla ei saanut eik\u00e4 pystynyt maksamaan juuri miss\u00e4\u00e4n. Tavarataloissa se k\u00e4vi, mutta muuten Cash is the King. Enk\u00e4 nyt puhu Johnnyst\u00e4.<\/p>\n<p>Ja olihan siell\u00e4 k\u00e4velykadullakin joku paraati tietysti meneill\u00e4\u00e4n&#8230;<\/p>\n<p><a href=\"http:\/\/www.remonen.fi\/WP\/wp-content\/uploads\/2015\/09\/wien_15-10.jpg\"><img loading=\"lazy\" decoding=\"async\" class=\"aligncenter wp-image-6733\" title=\"Aperture: &#402;\/8 | Camera: ILCE-6000 | Taken: 12 syyskuun, 2015 | Copyright: (c) Matti Remonen | Exposure bias: +7\/10EV | Flash fired: no | Focal length: 24mm | ISO: 100 | Keywords: It\u00e4valta, Maat - Kaupungit - Paikat, Wien | Shutter speed: 1\/100s | \" src=\"http:\/\/www.remonen.fi\/WP\/wp-content\/uploads\/2015\/09\/wien_15-10.jpg\" alt=\"\" width=\"454\" height=\"680\" srcset=\"https:\/\/www.remonen.fi\/WP\/wp-content\/uploads\/2015\/09\/wien_15-10.jpg 683w, https:\/\/www.remonen.fi\/WP\/wp-content\/uploads\/2015\/09\/wien_15-10-200x300.jpg 200w, https:\/\/www.remonen.fi\/WP\/wp-content\/uploads\/2015\/09\/wien_15-10-454x680.jpg 454w, https:\/\/www.remonen.fi\/WP\/wp-content\/uploads\/2015\/09\/wien_15-10-440x660.jpg 440w, https:\/\/www.remonen.fi\/WP\/wp-content\/uploads\/2015\/09\/wien_15-10-300x450.jpg 300w\" sizes=\"(max-width: 454px) 100vw, 454px\" \/><\/a><\/p>\n<p>Viimeisen\u00e4 kohteena meill\u00e4 oli <a href=\"https:\/\/en.wikipedia.org\/wiki\/Karlsplatz\" target=\"_blank\">Karlsplatz<\/a>, josta olin turistibyroossa bongannut viel\u00e4 jonkun tilaisuuden. Ja siell\u00e4 olikin hurja hulabaloo menossa, porukkaa kuin Kotkan Merip\u00e4ivill\u00e4, vaikka ei ehk\u00e4 yht\u00e4 k\u00e4nniss\u00e4 ja menoa kuin Helsingin Valoviikoilla. Oli tulishowta ja kaikenlaista akrobatiaa. Alkoholiakin oli tarjolla useammassakin teltassa, mutta en kyll\u00e4 n\u00e4hnyt k\u00e4nnisi\u00e4 nuoria miss\u00e4\u00e4n.<\/p>\n<p>Mekin k\u00e4vimme sivistyneesti juomassa Wiener Melange avec Apfelstrudel.<\/p>\n<p><a href=\"http:\/\/www.remonen.fi\/WP\/wp-content\/uploads\/2015\/09\/wien_15-13.jpg\"><img loading=\"lazy\" decoding=\"async\" class=\"aligncenter wp-image-6730\" title=\"Aperture: &#402;\/11 | Camera: ILCE-6000 | Taken: 12 syyskuun, 2015 | Copyright: (c) Matti Remonen | Exposure bias: +7\/10EV | Flash fired: no | Focal length: 24mm | ISO: 800 | Keywords: It\u00e4valta, Maat - Kaupungit - Paikat, Wien | Shutter speed: 1\/60s | \" src=\"http:\/\/www.remonen.fi\/WP\/wp-content\/uploads\/2015\/09\/wien_15-13.jpg\" alt=\"\" width=\"454\" height=\"680\" srcset=\"https:\/\/www.remonen.fi\/WP\/wp-content\/uploads\/2015\/09\/wien_15-13.jpg 683w, https:\/\/www.remonen.fi\/WP\/wp-content\/uploads\/2015\/09\/wien_15-13-200x300.jpg 200w, https:\/\/www.remonen.fi\/WP\/wp-content\/uploads\/2015\/09\/wien_15-13-454x680.jpg 454w, https:\/\/www.remonen.fi\/WP\/wp-content\/uploads\/2015\/09\/wien_15-13-440x660.jpg 440w, https:\/\/www.remonen.fi\/WP\/wp-content\/uploads\/2015\/09\/wien_15-13-300x450.jpg 300w\" sizes=\"(max-width: 454px) 100vw, 454px\" \/><\/a><\/p>\n<p><a href=\"http:\/\/www.remonen.fi\/WP\/wp-content\/uploads\/2015\/09\/wien_15-16-1.jpg\"><img loading=\"lazy\" decoding=\"async\" class=\"aligncenter wp-image-6746\" title=\"Aperture: &#402;\/4.5 | Camera: ILCE-6000 | Taken: 12 syyskuun, 2015 | Copyright: (c) Matti Remonen | Exposure bias: +7\/10EV | Flash fired: no | Focal length: 12mm | ISO: 3200 | Keywords: It\u00e4valta, Maat - Kaupungit - Paikat, Wien | Shutter speed: 1\/8s | \" src=\"http:\/\/www.remonen.fi\/WP\/wp-content\/uploads\/2015\/09\/wien_15-16-1.jpg\" alt=\"\" width=\"454\" height=\"680\" srcset=\"https:\/\/www.remonen.fi\/WP\/wp-content\/uploads\/2015\/09\/wien_15-16-1.jpg 683w, https:\/\/www.remonen.fi\/WP\/wp-content\/uploads\/2015\/09\/wien_15-16-1-200x300.jpg 200w, https:\/\/www.remonen.fi\/WP\/wp-content\/uploads\/2015\/09\/wien_15-16-1-454x680.jpg 454w, https:\/\/www.remonen.fi\/WP\/wp-content\/uploads\/2015\/09\/wien_15-16-1-440x660.jpg 440w, https:\/\/www.remonen.fi\/WP\/wp-content\/uploads\/2015\/09\/wien_15-16-1-300x450.jpg 300w\" sizes=\"(max-width: 454px) 100vw, 454px\" \/><\/a>Valitettavasti aukiolla oleva Karlskirche oli remontissa ja osittain peitettyn\u00e4. Mutta se oli kyll\u00e4 aika lailla &#8221;tune of the day&#8221; koko reissun ajan: useampikin kohde Wieniss\u00e4 oli rakennustelineiden ja tai pressujen peitossa. En tied\u00e4 mik\u00e4 yleinen remonttibuumi siell\u00e4 on menossa. Rahasta ei kuitenkaan n\u00e4yt\u00e4 olevan tiukkaa.<\/p>\n<p><code>[envira-gallery id=\"7508\"]<\/code><\/p>\n<p>Kello alkoikin sitten olemaan varttia yli s\u00e4ngyn, joten suuntasimme hotellille p\u00e4in. Matkalla koukkasimme hotellin l\u00e4hell\u00e4 olleen suihkul\u00e4hteen, <a href=\"http:\/\/www.tourmycountry.com\/austria\/hochstrahlbrunnen-fountain.htm\" target=\"_blank\">Hochstrahlbrunnen<\/a>, kautta. Heti sodan j\u00e4lkeen Neuvostoliittolaiset rakensivat l\u00e4hteen taakse oman sotamuistomerkkins\u00e4, jota wienil\u00e4iset eiv\u00e4t ole raaskineet purkaa.<\/p>\n<p><a href=\"http:\/\/www.remonen.fi\/WP\/wp-content\/uploads\/2015\/09\/wien_15-19.jpg\"><img loading=\"lazy\" decoding=\"async\" class=\"aligncenter wp-image-6724\" title=\"Aperture: &#402;\/4 | Camera: ILCE-6000 | Taken: 12 syyskuun, 2015 | Copyright: (c) Matti Remonen | Exposure bias: +7\/10EV | Flash fired: yes | Focal length: 24mm | ISO: 3200 | Keywords: It\u00e4valta, Maat - Kaupungit - Paikat, Wien | Shutter speed: 1\/60s | \" src=\"http:\/\/www.remonen.fi\/WP\/wp-content\/uploads\/2015\/09\/wien_15-19.jpg\" alt=\"\" width=\"454\" height=\"680\" srcset=\"https:\/\/www.remonen.fi\/WP\/wp-content\/uploads\/2015\/09\/wien_15-19.jpg 683w, https:\/\/www.remonen.fi\/WP\/wp-content\/uploads\/2015\/09\/wien_15-19-200x300.jpg 200w, https:\/\/www.remonen.fi\/WP\/wp-content\/uploads\/2015\/09\/wien_15-19-454x680.jpg 454w, https:\/\/www.remonen.fi\/WP\/wp-content\/uploads\/2015\/09\/wien_15-19-440x660.jpg 440w, https:\/\/www.remonen.fi\/WP\/wp-content\/uploads\/2015\/09\/wien_15-19-300x450.jpg 300w\" sizes=\"(max-width: 454px) 100vw, 454px\" \/><\/a>Ja n\u00e4in ensimm\u00e4inen p\u00e4iv\u00e4 oli pulkassa&#8230; niin ent\u00e4s se viini Wieniss\u00e4? J\u00e4t\u00e4n suosiolla viinit Lyypekkiin ja juon olutta Wieniss\u00e4, vaikkei siit\u00e4 sitten hyv\u00e4\u00e4 riimi\u00e4 saakaan.<\/p>\n<p>Wieniss\u00e4 ensimm\u00e4isen p\u00e4iv\u00e4n ahkeroi Sony a6000 + Sony Zeiss 24f18 + Sony SEL50f18.<\/p>\n","protected":false},"excerpt":{"rendered":"<p>Oon m\u00e4 juonut viinii Wieniss\u00e4 monta pitk\u00e4\u00e4 kylm\u00e4\u00e4 Lyypekiss\u00e4 niiden juomiseenkin vain on syy Peggyss\u00e4 &#8211; Samuli Edelman, Peggy &#8211; Mulla on ollut jo pidemm\u00e4n aikaa ajatuksena ja haaveena tehd\u00e4 KKK:t, eli k\u00e4yd\u00e4 &#8221;kolmessa kovassa kaupungissa&#8221; Budapestiss\u00e4, Prahassa tai Wieniss\u00e4. Kev\u00e4\u00e4ll\u00e4 sitten p\u00e4\u00e4tin tilata matkan ja kohteeksi valikoitui Wien. Matka-ajankohdaksi valitsimme vaimon kanssa syyskuun puolenv\u00e4lin [&hellip;]<\/p>\n","protected":false},"author":2,"featured_media":6750,"comment_status":"open","ping_status":"closed","sticky":false,"template":"","format":"standard","meta":{"footnotes":""},"categories":[16],"tags":[252],"yoast_head":"<!-- This site is optimized with the Yoast SEO plugin v24.5 - https:\/\/yoast.com\/wordpress\/plugins\/seo\/ -->\n<title>Viini\u00e4 Wieniss\u00e4 &#187; remonen.fi<\/title>\n<meta name=\"description\" content=\"Viisi p\u00e4iv\u00e4\u00e4 Wieniss\u00e4 kameran kanssa. Kuvia ja tarinaa laidasta laitaan.\" \/>\n<meta name=\"robots\" content=\"index, follow, max-snippet:-1, max-image-preview:large, max-video-preview:-1\" \/>\n<link rel=\"canonical\" href=\"https:\/\/www.remonen.fi\/WP\/blogi\/viinia-wienissa\/\" \/>\n<meta property=\"og:locale\" content=\"fi_FI\" \/>\n<meta property=\"og:type\" content=\"article\" \/>\n<meta property=\"og:title\" content=\"Viini\u00e4 Wieniss\u00e4 &#187; remonen.fi\" \/>\n<meta property=\"og:description\" content=\"Viisi p\u00e4iv\u00e4\u00e4 Wieniss\u00e4 kameran kanssa. Kuvia ja tarinaa laidasta laitaan.\" \/>\n<meta property=\"og:url\" content=\"https:\/\/www.remonen.fi\/WP\/blogi\/viinia-wienissa\/\" \/>\n<meta property=\"og:site_name\" content=\"remonen.fi\" \/>\n<meta property=\"article:published_time\" content=\"2015-09-18T14:28:53+00:00\" \/>\n<meta property=\"article:modified_time\" content=\"2016-05-02T07:24:33+00:00\" \/>\n<meta property=\"og:image\" content=\"https:\/\/www.remonen.fi\/WP\/wp-content\/uploads\/2015\/09\/wien_15-1-2.jpg\" \/>\n\t<meta property=\"og:image:width\" content=\"1024\" \/>\n\t<meta property=\"og:image:height\" content=\"664\" \/>\n\t<meta property=\"og:image:type\" content=\"image\/jpeg\" \/>\n<meta name=\"author\" content=\"Matti Remonen\" \/>\n<meta name=\"twitter:label1\" content=\"Kirjoittanut\" \/>\n\t<meta name=\"twitter:data1\" content=\"Matti Remonen\" \/>\n\t<meta name=\"twitter:label2\" content=\"Arvioitu lukuaika\" \/>\n\t<meta name=\"twitter:data2\" content=\"4 minuuttia\" \/>\n<script type=\"application\/ld+json\" class=\"yoast-schema-graph\">{\"@context\":\"https:\/\/schema.org\",\"@graph\":[{\"@type\":\"Article\",\"@id\":\"https:\/\/www.remonen.fi\/WP\/blogi\/viinia-wienissa\/#article\",\"isPartOf\":{\"@id\":\"https:\/\/www.remonen.fi\/WP\/blogi\/viinia-wienissa\/\"},\"author\":{\"name\":\"Matti Remonen\",\"@id\":\"https:\/\/www.remonen.fi\/WP\/#\/schema\/person\/1803c23d1d4f6722054eb2ac7f7a97cd\"},\"headline\":\"Viini\u00e4 Wieniss\u00e4\",\"datePublished\":\"2015-09-18T14:28:53+00:00\",\"dateModified\":\"2016-05-02T07:24:33+00:00\",\"mainEntityOfPage\":{\"@id\":\"https:\/\/www.remonen.fi\/WP\/blogi\/viinia-wienissa\/\"},\"wordCount\":774,\"commentCount\":2,\"publisher\":{\"@id\":\"https:\/\/www.remonen.fi\/WP\/#\/schema\/person\/1803c23d1d4f6722054eb2ac7f7a97cd\"},\"image\":{\"@id\":\"https:\/\/www.remonen.fi\/WP\/blogi\/viinia-wienissa\/#primaryimage\"},\"thumbnailUrl\":\"https:\/\/www.remonen.fi\/WP\/wp-content\/uploads\/2015\/09\/wien_15-1-2.jpg\",\"keywords\":[\"Wien\"],\"articleSection\":[\"Blog\"],\"inLanguage\":\"fi\",\"potentialAction\":[{\"@type\":\"CommentAction\",\"name\":\"Comment\",\"target\":[\"https:\/\/www.remonen.fi\/WP\/blogi\/viinia-wienissa\/#respond\"]}]},{\"@type\":\"WebPage\",\"@id\":\"https:\/\/www.remonen.fi\/WP\/blogi\/viinia-wienissa\/\",\"url\":\"https:\/\/www.remonen.fi\/WP\/blogi\/viinia-wienissa\/\",\"name\":\"Viini\u00e4 Wieniss\u00e4 &#187; remonen.fi\",\"isPartOf\":{\"@id\":\"https:\/\/www.remonen.fi\/WP\/#website\"},\"primaryImageOfPage\":{\"@id\":\"https:\/\/www.remonen.fi\/WP\/blogi\/viinia-wienissa\/#primaryimage\"},\"image\":{\"@id\":\"https:\/\/www.remonen.fi\/WP\/blogi\/viinia-wienissa\/#primaryimage\"},\"thumbnailUrl\":\"https:\/\/www.remonen.fi\/WP\/wp-content\/uploads\/2015\/09\/wien_15-1-2.jpg\",\"datePublished\":\"2015-09-18T14:28:53+00:00\",\"dateModified\":\"2016-05-02T07:24:33+00:00\",\"description\":\"Viisi p\u00e4iv\u00e4\u00e4 Wieniss\u00e4 kameran kanssa. Kuvia ja tarinaa laidasta laitaan.\",\"breadcrumb\":{\"@id\":\"https:\/\/www.remonen.fi\/WP\/blogi\/viinia-wienissa\/#breadcrumb\"},\"inLanguage\":\"fi\",\"potentialAction\":[{\"@type\":\"ReadAction\",\"target\":[\"https:\/\/www.remonen.fi\/WP\/blogi\/viinia-wienissa\/\"]}]},{\"@type\":\"ImageObject\",\"inLanguage\":\"fi\",\"@id\":\"https:\/\/www.remonen.fi\/WP\/blogi\/viinia-wienissa\/#primaryimage\",\"url\":\"https:\/\/www.remonen.fi\/WP\/wp-content\/uploads\/2015\/09\/wien_15-1-2.jpg\",\"contentUrl\":\"https:\/\/www.remonen.fi\/WP\/wp-content\/uploads\/2015\/09\/wien_15-1-2.jpg\",\"width\":1024,\"height\":664},{\"@type\":\"BreadcrumbList\",\"@id\":\"https:\/\/www.remonen.fi\/WP\/blogi\/viinia-wienissa\/#breadcrumb\",\"itemListElement\":[{\"@type\":\"ListItem\",\"position\":1,\"name\":\"Etusivu\",\"item\":\"https:\/\/www.remonen.fi\/WP\/\"},{\"@type\":\"ListItem\",\"position\":2,\"name\":\"Viini\u00e4 Wieniss\u00e4\"}]},{\"@type\":\"WebSite\",\"@id\":\"https:\/\/www.remonen.fi\/WP\/#website\",\"url\":\"https:\/\/www.remonen.fi\/WP\/\",\"name\":\"remonen.fi\",\"description\":\"Valokuvia ja tarinaa laidasta laitaan\",\"publisher\":{\"@id\":\"https:\/\/www.remonen.fi\/WP\/#\/schema\/person\/1803c23d1d4f6722054eb2ac7f7a97cd\"},\"potentialAction\":[{\"@type\":\"SearchAction\",\"target\":{\"@type\":\"EntryPoint\",\"urlTemplate\":\"https:\/\/www.remonen.fi\/WP\/?s={search_term_string}\"},\"query-input\":{\"@type\":\"PropertyValueSpecification\",\"valueRequired\":true,\"valueName\":\"search_term_string\"}}],\"inLanguage\":\"fi\"},{\"@type\":[\"Person\",\"Organization\"],\"@id\":\"https:\/\/www.remonen.fi\/WP\/#\/schema\/person\/1803c23d1d4f6722054eb2ac7f7a97cd\",\"name\":\"Matti Remonen\",\"logo\":{\"@id\":\"https:\/\/www.remonen.fi\/WP\/#\/schema\/person\/image\/\"},\"url\":\"https:\/\/www.remonen.fi\/WP\/blogi\/author\/mre\/\"}]}<\/script>\n<!-- \/ Yoast SEO plugin. -->","yoast_head_json":{"title":"Viini\u00e4 Wieniss\u00e4 &#187; remonen.fi","description":"Viisi p\u00e4iv\u00e4\u00e4 Wieniss\u00e4 kameran kanssa. Kuvia ja tarinaa laidasta laitaan.","robots":{"index":"index","follow":"follow","max-snippet":"max-snippet:-1","max-image-preview":"max-image-preview:large","max-video-preview":"max-video-preview:-1"},"canonical":"https:\/\/www.remonen.fi\/WP\/blogi\/viinia-wienissa\/","og_locale":"fi_FI","og_type":"article","og_title":"Viini\u00e4 Wieniss\u00e4 &#187; remonen.fi","og_description":"Viisi p\u00e4iv\u00e4\u00e4 Wieniss\u00e4 kameran kanssa. Kuvia ja tarinaa laidasta laitaan.","og_url":"https:\/\/www.remonen.fi\/WP\/blogi\/viinia-wienissa\/","og_site_name":"remonen.fi","article_published_time":"2015-09-18T14:28:53+00:00","article_modified_time":"2016-05-02T07:24:33+00:00","og_image":[{"width":1024,"height":664,"url":"https:\/\/www.remonen.fi\/WP\/wp-content\/uploads\/2015\/09\/wien_15-1-2.jpg","type":"image\/jpeg"}],"author":"Matti Remonen","twitter_misc":{"Kirjoittanut":"Matti Remonen","Arvioitu lukuaika":"4 minuuttia"},"schema":{"@context":"https:\/\/schema.org","@graph":[{"@type":"Article","@id":"https:\/\/www.remonen.fi\/WP\/blogi\/viinia-wienissa\/#article","isPartOf":{"@id":"https:\/\/www.remonen.fi\/WP\/blogi\/viinia-wienissa\/"},"author":{"name":"Matti Remonen","@id":"https:\/\/www.remonen.fi\/WP\/#\/schema\/person\/1803c23d1d4f6722054eb2ac7f7a97cd"},"headline":"Viini\u00e4 Wieniss\u00e4","datePublished":"2015-09-18T14:28:53+00:00","dateModified":"2016-05-02T07:24:33+00:00","mainEntityOfPage":{"@id":"https:\/\/www.remonen.fi\/WP\/blogi\/viinia-wienissa\/"},"wordCount":774,"commentCount":2,"publisher":{"@id":"https:\/\/www.remonen.fi\/WP\/#\/schema\/person\/1803c23d1d4f6722054eb2ac7f7a97cd"},"image":{"@id":"https:\/\/www.remonen.fi\/WP\/blogi\/viinia-wienissa\/#primaryimage"},"thumbnailUrl":"https:\/\/www.remonen.fi\/WP\/wp-content\/uploads\/2015\/09\/wien_15-1-2.jpg","keywords":["Wien"],"articleSection":["Blog"],"inLanguage":"fi","potentialAction":[{"@type":"CommentAction","name":"Comment","target":["https:\/\/www.remonen.fi\/WP\/blogi\/viinia-wienissa\/#respond"]}]},{"@type":"WebPage","@id":"https:\/\/www.remonen.fi\/WP\/blogi\/viinia-wienissa\/","url":"https:\/\/www.remonen.fi\/WP\/blogi\/viinia-wienissa\/","name":"Viini\u00e4 Wieniss\u00e4 &#187; remonen.fi","isPartOf":{"@id":"https:\/\/www.remonen.fi\/WP\/#website"},"primaryImageOfPage":{"@id":"https:\/\/www.remonen.fi\/WP\/blogi\/viinia-wienissa\/#primaryimage"},"image":{"@id":"https:\/\/www.remonen.fi\/WP\/blogi\/viinia-wienissa\/#primaryimage"},"thumbnailUrl":"https:\/\/www.remonen.fi\/WP\/wp-content\/uploads\/2015\/09\/wien_15-1-2.jpg","datePublished":"2015-09-18T14:28:53+00:00","dateModified":"2016-05-02T07:24:33+00:00","description":"Viisi p\u00e4iv\u00e4\u00e4 Wieniss\u00e4 kameran kanssa. Kuvia ja tarinaa laidasta laitaan.","breadcrumb":{"@id":"https:\/\/www.remonen.fi\/WP\/blogi\/viinia-wienissa\/#breadcrumb"},"inLanguage":"fi","potentialAction":[{"@type":"ReadAction","target":["https:\/\/www.remonen.fi\/WP\/blogi\/viinia-wienissa\/"]}]},{"@type":"ImageObject","inLanguage":"fi","@id":"https:\/\/www.remonen.fi\/WP\/blogi\/viinia-wienissa\/#primaryimage","url":"https:\/\/www.remonen.fi\/WP\/wp-content\/uploads\/2015\/09\/wien_15-1-2.jpg","contentUrl":"https:\/\/www.remonen.fi\/WP\/wp-content\/uploads\/2015\/09\/wien_15-1-2.jpg","width":1024,"height":664},{"@type":"BreadcrumbList","@id":"https:\/\/www.remonen.fi\/WP\/blogi\/viinia-wienissa\/#breadcrumb","itemListElement":[{"@type":"ListItem","position":1,"name":"Etusivu","item":"https:\/\/www.remonen.fi\/WP\/"},{"@type":"ListItem","position":2,"name":"Viini\u00e4 Wieniss\u00e4"}]},{"@type":"WebSite","@id":"https:\/\/www.remonen.fi\/WP\/#website","url":"https:\/\/www.remonen.fi\/WP\/","name":"remonen.fi","description":"Valokuvia ja tarinaa laidasta laitaan","publisher":{"@id":"https:\/\/www.remonen.fi\/WP\/#\/schema\/person\/1803c23d1d4f6722054eb2ac7f7a97cd"},"potentialAction":[{"@type":"SearchAction","target":{"@type":"EntryPoint","urlTemplate":"https:\/\/www.remonen.fi\/WP\/?s={search_term_string}"},"query-input":{"@type":"PropertyValueSpecification","valueRequired":true,"valueName":"search_term_string"}}],"inLanguage":"fi"},{"@type":["Person","Organization"],"@id":"https:\/\/www.remonen.fi\/WP\/#\/schema\/person\/1803c23d1d4f6722054eb2ac7f7a97cd","name":"Matti Remonen","logo":{"@id":"https:\/\/www.remonen.fi\/WP\/#\/schema\/person\/image\/"},"url":"https:\/\/www.remonen.fi\/WP\/blogi\/author\/mre\/"}]}},"_links":{"self":[{"href":"https:\/\/www.remonen.fi\/WP\/wp-json\/wp\/v2\/posts\/6722"}],"collection":[{"href":"https:\/\/www.remonen.fi\/WP\/wp-json\/wp\/v2\/posts"}],"about":[{"href":"https:\/\/www.remonen.fi\/WP\/wp-json\/wp\/v2\/types\/post"}],"author":[{"embeddable":true,"href":"https:\/\/www.remonen.fi\/WP\/wp-json\/wp\/v2\/users\/2"}],"replies":[{"embeddable":true,"href":"https:\/\/www.remonen.fi\/WP\/wp-json\/wp\/v2\/comments?post=6722"}],"version-history":[{"count":0,"href":"https:\/\/www.remonen.fi\/WP\/wp-json\/wp\/v2\/posts\/6722\/revisions"}],"wp:featuredmedia":[{"embeddable":true,"href":"https:\/\/www.remonen.fi\/WP\/wp-json\/wp\/v2\/media\/6750"}],"wp:attachment":[{"href":"https:\/\/www.remonen.fi\/WP\/wp-json\/wp\/v2\/media?parent=6722"}],"wp:term":[{"taxonomy":"category","embeddable":true,"href":"https:\/\/www.remonen.fi\/WP\/wp-json\/wp\/v2\/categories?post=6722"},{"taxonomy":"post_tag","embeddable":true,"href":"https:\/\/www.remonen.fi\/WP\/wp-json\/wp\/v2\/tags?post=6722"}],"curies":[{"name":"wp","href":"https:\/\/api.w.org\/{rel}","templated":true}]}}