{"id":6787,"date":"2015-09-22T17:15:24","date_gmt":"2015-09-22T14:15:24","guid":{"rendered":"http:\/\/www.remonen.fi\/?p=6787"},"modified":"2016-05-02T10:24:15","modified_gmt":"2016-05-02T07:24:15","slug":"ulkomailla-ulkomailla","status":"publish","type":"post","link":"https:\/\/www.remonen.fi\/WP\/blogi\/ulkomailla-ulkomailla\/","title":{"rendered":"Ulkomailla ulkomailla"},"content":{"rendered":"<h3>P\u00e4iv\u00e4 4, Bratislava<\/h3>\n<p>Sateisen ja muutenkin kostean edellisp\u00e4iv\u00e4n j\u00e4ljilt\u00e4 p\u00e4\u00e4timme l\u00e4hte\u00e4 k\u00e4ym\u00e4\u00e4n Slovakian p\u00e4\u00e4kaupungissa Bratislavassa. Seh\u00e4n on vain noin tunnin junamatkan p\u00e4\u00e4ss\u00e4 Wienist\u00e4. Ei muuta kuin suunta kohden Hauptbahnhofia ja lippuja ostamaan. Ei meill\u00e4 ollut mit\u00e4\u00e4n k\u00e4sityst\u00e4 siit\u00e4 milloin ja mist\u00e4 niit\u00e4 junia menee, mutta Hbf on aina varma paikka n\u00e4iss\u00e4 saksankielisiss\u00e4 maissa. Wienin p\u00e4\u00e4rautatieasema onkin varsin hulppea ilmestys, kunhan ensin l\u00f6ysimme sis\u00e4\u00e4nk\u00e4ynnin. Asema on aivan uusi, jopa niin uusi, ettei kaikkia raiteita ole viel\u00e4 asennettu.<\/p>\n<p><a href=\"http:\/\/www.remonen.fi\/WP\/wp-content\/uploads\/2015\/09\/wien_2015-45.jpg\"><img loading=\"lazy\" decoding=\"async\" class=\"aligncenter wp-image-6788\" title=\"Aperture: &#402;\/1.8 | Camera: ILCE-6000 | Taken: 15 syyskuun, 2015 | Copyright: (c) Matti Remonen | Exposure bias: +7\/10EV | Flash fired: no | Focal length: 24mm | ISO: 200 | Keywords: Bratislava, Maat - Kaupungit - Paikat, Slovakia | Shutter speed: 1\/125s | \" src=\"http:\/\/www.remonen.fi\/WP\/wp-content\/uploads\/2015\/09\/wien_2015-45.jpg\" alt=\"Wien Hauptbahnhof\" width=\"680\" height=\"262\" srcset=\"https:\/\/www.remonen.fi\/WP\/wp-content\/uploads\/2015\/09\/wien_2015-45.jpg 1024w, https:\/\/www.remonen.fi\/WP\/wp-content\/uploads\/2015\/09\/wien_2015-45-300x115.jpg 300w, https:\/\/www.remonen.fi\/WP\/wp-content\/uploads\/2015\/09\/wien_2015-45-680x262.jpg 680w, https:\/\/www.remonen.fi\/WP\/wp-content\/uploads\/2015\/09\/wien_2015-45-440x169.jpg 440w, https:\/\/www.remonen.fi\/WP\/wp-content\/uploads\/2015\/09\/wien_2015-45-960x369.jpg 960w\" sizes=\"(max-width: 680px) 100vw, 680px\" \/><\/a><\/p>\n<p>Asemalla meit\u00e4 oli vastassa Euroopan uusi tilanne: pakolaiset. Lipunmyyntitoimiston edess\u00e4 oli parin-kolmensadan pakolaisen tungos ja heit\u00e4 paimentamassa liuta poliiseja. Tilanne oli hieman, mutta vain hieman kaoottinen. Ja onneksi me olimme menossa ulkomaille, joten menimme ostamaan liput viereisest\u00e4 matkatoimistosta. Sielt\u00e4 saimmekin liput ja aikataulut. Seuraavan junan l\u00e4ht\u00f6\u00f6n olisi aikaa parikymment\u00e4 minuuttia ja niit\u00e4 kulkisi tunnin v\u00e4lein molempiin suuntiin. Menopaluu Bratislavaan maksoi 16 EURoa hengelt\u00e4 ja hintaan sis\u00e4ltyi viel\u00e4 Bratislavan joukkoliikennelippu yhdelle p\u00e4iv\u00e4lle. Halpaa, sanoisin.<\/p>\n<p><a href=\"http:\/\/www.remonen.fi\/WP\/wp-content\/uploads\/2015\/09\/wien_2015-46.jpg\"><img loading=\"lazy\" decoding=\"async\" class=\"aligncenter wp-image-6817\" title=\"Aperture: &#402;\/5.6 | Camera: ILCE-6000 | Taken: 15 syyskuun, 2015 | Copyright: (c) Matti Remonen | Exposure bias: +7\/10EV | Flash fired: no | Focal length: 24mm | ISO: 1250 | Keywords: Bratislava, Maat - Kaupungit - Paikat, Slovakia | Shutter speed: 1\/60s | \" src=\"http:\/\/www.remonen.fi\/WP\/wp-content\/uploads\/2015\/09\/wien_2015-46.jpg\" alt=\"Wien Hauptbahnhof\" width=\"454\" height=\"680\" srcset=\"https:\/\/www.remonen.fi\/WP\/wp-content\/uploads\/2015\/09\/wien_2015-46.jpg 683w, https:\/\/www.remonen.fi\/WP\/wp-content\/uploads\/2015\/09\/wien_2015-46-200x300.jpg 200w, https:\/\/www.remonen.fi\/WP\/wp-content\/uploads\/2015\/09\/wien_2015-46-454x680.jpg 454w, https:\/\/www.remonen.fi\/WP\/wp-content\/uploads\/2015\/09\/wien_2015-46-440x660.jpg 440w, https:\/\/www.remonen.fi\/WP\/wp-content\/uploads\/2015\/09\/wien_2015-46-300x450.jpg 300w\" sizes=\"(max-width: 454px) 100vw, 454px\" \/><\/a><\/p>\n<p>Tunnin sitten junassa istuttuamme saavuimme Bratislavaan ja haimme aseman infopisteest\u00e4 opaskartan ja hieman ohjeita siit\u00e4, ett\u00e4 mihin suuntaan olisi syyt\u00e4 l\u00e4hte\u00e4. Osuimmekin aseman edest\u00e4 l\u00e4htev\u00e4\u00e4n bussiin ja ajoimme parin kilometrin p\u00e4\u00e4h\u00e4n keskustaan. Siell\u00e4(kin) oli joku karnevaali menossa. Siis bilett\u00e4\u00e4k\u00f6 n\u00e4m\u00e4 keskieurooppalaiset joka p\u00e4iv\u00e4? Nytkin oli tiistai ja t\u00e4ysi meno p\u00e4\u00e4ll\u00e4 heti aamusta.<\/p>\n<blockquote><p>&#8221; Canonistit on Slovakiassa kyyditetty Tsekin puolelle jo buurisotien aikaan<\/p><\/blockquote>\n<p>Emme kuitenkaan j\u00e4\u00e4neet py\u00f6rim\u00e4\u00e4n humuun ja sumuun vaan suuntasimme vanhan kaupungin alueelle. Silt\u00e4 osin Bratislava muistuttaa Tallinnaa: kapeita kujia, matalia vanhoja rakennuksia ja ravintoloiden terasseja kadut t\u00e4ynn\u00e4. Ja <a href=\"https:\/\/fi.wikipedia.org\/wiki\/Bratislavan_linna\" target=\"_blank\">linna kaupungin yll\u00e4<\/a>.<\/p>\n<p><a href=\"http:\/\/www.remonen.fi\/WP\/wp-content\/uploads\/2015\/09\/wien_2015-47.jpg\"><img loading=\"lazy\" decoding=\"async\" class=\"aligncenter wp-image-6816\" title=\"Aperture: &#402;\/7.1 | Camera: ILCE-6000 | Taken: 15 syyskuun, 2015 | Copyright: (c) Matti Remonen | Exposure bias: +7\/10EV | Flash fired: no | Focal length: 24mm | ISO: 200 | Keywords: Bratislava, Maat - Kaupungit - Paikat, Slovakia | Shutter speed: 1\/500s | \" src=\"http:\/\/www.remonen.fi\/WP\/wp-content\/uploads\/2015\/09\/wien_2015-47.jpg\" alt=\"Bratislava\" width=\"680\" height=\"454\" srcset=\"https:\/\/www.remonen.fi\/WP\/wp-content\/uploads\/2015\/09\/wien_2015-47.jpg 1024w, https:\/\/www.remonen.fi\/WP\/wp-content\/uploads\/2015\/09\/wien_2015-47-300x200.jpg 300w, https:\/\/www.remonen.fi\/WP\/wp-content\/uploads\/2015\/09\/wien_2015-47-680x454.jpg 680w, https:\/\/www.remonen.fi\/WP\/wp-content\/uploads\/2015\/09\/wien_2015-47-440x293.jpg 440w, https:\/\/www.remonen.fi\/WP\/wp-content\/uploads\/2015\/09\/wien_2015-47-960x640.jpg 960w\" sizes=\"(max-width: 680px) 100vw, 680px\" \/><\/a><\/p>\n<p>Virkistetty\u00e4mme itse\u00e4mme kahvilla ja kuchenilla l\u00e4ksimme opaskartan avustuksella kiertelem\u00e4\u00e4n kujia. Kyll\u00e4h\u00e4n tuolla n\u00e4ht\u00e4v\u00e4\u00e4 riitti.<\/p>\n<p><code>[envira-gallery id=\"7489\"]<\/code><\/p>\n<p>N\u00e4in valokuvaharrastajan mielt\u00e4 l\u00e4mmitti se, ett\u00e4 vanhassa kaupungissa sijaitsevassa puistossa oli valokuvan\u00e4yttely. Bratislavassa oli pidetty vuotinen <a href=\"http:\/\/www.fotoroka.sk\/en\" target=\"_blank\">Foto Roka<\/a> (Photo of the Year) ja sen seurauksena valokuvan\u00e4yttely oli ripustettu puistoon! Kuvat olivat alumiinilevylle vedostettuja ja roikkuivat puiden v\u00e4liin viritetyist\u00e4 naruista. Mitenh\u00e4n vastaava toimisi Suomessa? En usko, ett\u00e4 kovin hyvin. Valitettavasti<\/p>\n<p><a href=\"http:\/\/www.remonen.fi\/WP\/wp-content\/uploads\/2015\/09\/wien_2015-54.jpg\"><img loading=\"lazy\" decoding=\"async\" class=\"aligncenter wp-image-6809\" title=\"Aperture: &#402;\/7.1 | Camera: ILCE-6000 | Taken: 15 syyskuun, 2015 | Copyright: (c) Matti Remonen | Exposure bias: -7\/10EV | Flash fired: no | Focal length: 24mm | ISO: 200 | Keywords: Bratislava, Maat - Kaupungit - Paikat, Slovakia | Shutter speed: 1\/250s | \" src=\"http:\/\/www.remonen.fi\/WP\/wp-content\/uploads\/2015\/09\/wien_2015-54.jpg\" alt=\"Bratislava Photo Festival 2015\" width=\"454\" height=\"680\" srcset=\"https:\/\/www.remonen.fi\/WP\/wp-content\/uploads\/2015\/09\/wien_2015-54.jpg 683w, https:\/\/www.remonen.fi\/WP\/wp-content\/uploads\/2015\/09\/wien_2015-54-200x300.jpg 200w, https:\/\/www.remonen.fi\/WP\/wp-content\/uploads\/2015\/09\/wien_2015-54-454x680.jpg 454w, https:\/\/www.remonen.fi\/WP\/wp-content\/uploads\/2015\/09\/wien_2015-54-440x660.jpg 440w, https:\/\/www.remonen.fi\/WP\/wp-content\/uploads\/2015\/09\/wien_2015-54-300x450.jpg 300w\" sizes=\"(max-width: 454px) 100vw, 454px\" \/><\/a>Sitten olikin aika l\u00e4hte\u00e4 kohden linnaa. Seh\u00e4n tosiaan on kaupungin yll\u00e4 kuin Tallinnassa ik\u00e4\u00e4n. Ihan Toompean m\u00e4ke\u00e4 t\u00e4\u00e4ll\u00e4 ei ollut, mutta vastaava kukkula kuitenkin. Linna valitettavasti tuhoutui tulipalossa 1811 ja rakennettiin uudelleen vasta 1956 &#8211; 1968, joten ei siell\u00e4 paljoa historiallisia j\u00e4\u00e4nteit\u00e4 ollut. Muurit kuitenkin lienev\u00e4t osin alkuper\u00e4isi\u00e4. Linnan muureilta on hienot n\u00e4kym\u00e4t alas kaupunkiin.<\/p>\n<p><a href=\"http:\/\/www.remonen.fi\/WP\/wp-content\/uploads\/2015\/09\/wien_2015-59.jpg\"><img loading=\"lazy\" decoding=\"async\" class=\"aligncenter wp-image-6804\" title=\"Aperture: &#402;\/6.3 | Camera: ILCE-6000 | Taken: 15 syyskuun, 2015 | Copyright: (c) Matti Remonen | Exposure bias: -7\/10EV | Flash fired: no | Focal length: 24mm | ISO: 200 | Keywords: Bratislava, Maat - Kaupungit - Paikat, Slovakia | Shutter speed: 1\/2000s | \" src=\"http:\/\/www.remonen.fi\/WP\/wp-content\/uploads\/2015\/09\/wien_2015-59.jpg\" alt=\"Bratislava\" width=\"680\" height=\"454\" srcset=\"https:\/\/www.remonen.fi\/WP\/wp-content\/uploads\/2015\/09\/wien_2015-59.jpg 1024w, https:\/\/www.remonen.fi\/WP\/wp-content\/uploads\/2015\/09\/wien_2015-59-300x200.jpg 300w, https:\/\/www.remonen.fi\/WP\/wp-content\/uploads\/2015\/09\/wien_2015-59-680x454.jpg 680w, https:\/\/www.remonen.fi\/WP\/wp-content\/uploads\/2015\/09\/wien_2015-59-440x293.jpg 440w, https:\/\/www.remonen.fi\/WP\/wp-content\/uploads\/2015\/09\/wien_2015-59-960x640.jpg 960w\" sizes=\"(max-width: 680px) 100vw, 680px\" \/><\/a>Linnalta alas tullessamme t\u00f6rm\u00e4simme varsin vieh\u00e4tt\u00e4v\u00e4\u00e4n n\u00e4kyyn. Paikalla oli kaksi ballerinatytt\u00f6st\u00e4 ja heit\u00e4 kuvaamassa \u00e4iti\/valmentaja\/naapuri\/&#8221;jos tulisit ottaan kuvia meid\u00e4n tyt\u00f6ist\u00e4 kun sulla on hieno kamerakin&#8221;\/tai joku muu. Kamerana n\u00e4ytti olevan tietysti Nikon, kuulemma Canonistit on Slovakiassa kyyditetty Tsekin puolelle jo buurisotien aikaan. Enivei, luonnonvalossa kuvaamisella on kyll\u00e4 oma arvonsa, mutta heijastin olisi ollut kyll\u00e4 poikaa tuossa sessiossa. Toivottavasti kuvat kuitenkin onnistuivat.<\/p>\n<p><a href=\"http:\/\/www.remonen.fi\/WP\/wp-content\/uploads\/2015\/09\/wien_2015-61.jpg\"><img loading=\"lazy\" decoding=\"async\" class=\"aligncenter wp-image-6819\" title=\"Aperture: &#402;\/6.3 | Camera: ILCE-6000 | Taken: 15 syyskuun, 2015 | Copyright: (c) Matti Remonen | Exposure bias: -7\/10EV | Flash fired: no | Focal length: 24mm | ISO: 500 | Keywords: Bratislava, Maat - Kaupungit - Paikat, Slovakia | Shutter speed: 1\/60s | \" src=\"http:\/\/www.remonen.fi\/WP\/wp-content\/uploads\/2015\/09\/wien_2015-61.jpg\" alt=\"Bratislava\" width=\"680\" height=\"454\" srcset=\"https:\/\/www.remonen.fi\/WP\/wp-content\/uploads\/2015\/09\/wien_2015-61.jpg 1024w, https:\/\/www.remonen.fi\/WP\/wp-content\/uploads\/2015\/09\/wien_2015-61-300x200.jpg 300w, https:\/\/www.remonen.fi\/WP\/wp-content\/uploads\/2015\/09\/wien_2015-61-680x454.jpg 680w, https:\/\/www.remonen.fi\/WP\/wp-content\/uploads\/2015\/09\/wien_2015-61-440x293.jpg 440w, https:\/\/www.remonen.fi\/WP\/wp-content\/uploads\/2015\/09\/wien_2015-61-960x640.jpg 960w\" sizes=\"(max-width: 680px) 100vw, 680px\" \/><\/a>Olisin kyll\u00e4 voinut j\u00e4\u00e4d\u00e4 kuvailemaan itsekin vaikka pidemm\u00e4ksi aikaa. Varsinkin jos olisi oma Nikon sattunut olemaan matkassa. Puitteet olivat sen verran upeat ja kontrasti herkkien ballerinojen ja raskaiden kivimuurien v\u00e4lill\u00e4 todella hieno.<\/p>\n<p><a href=\"http:\/\/www.remonen.fi\/WP\/wp-content\/uploads\/2015\/09\/wien_2015-62.jpg\"><img loading=\"lazy\" decoding=\"async\" class=\"aligncenter wp-image-6801\" title=\"Aperture: &#402;\/6.3 | Camera: ILCE-6000 | Taken: 15 syyskuun, 2015 | Copyright: (c) Matti Remonen | Exposure bias: -7\/10EV | Flash fired: no | Focal length: 24mm | ISO: 200 | Keywords: Bratislava, Maat - Kaupungit - Paikat, Slovakia | Shutter speed: 1\/500s | \" src=\"http:\/\/www.remonen.fi\/WP\/wp-content\/uploads\/2015\/09\/wien_2015-62.jpg\" alt=\"Bratislava\" width=\"454\" height=\"680\" srcset=\"https:\/\/www.remonen.fi\/WP\/wp-content\/uploads\/2015\/09\/wien_2015-62.jpg 683w, https:\/\/www.remonen.fi\/WP\/wp-content\/uploads\/2015\/09\/wien_2015-62-200x300.jpg 200w, https:\/\/www.remonen.fi\/WP\/wp-content\/uploads\/2015\/09\/wien_2015-62-454x680.jpg 454w, https:\/\/www.remonen.fi\/WP\/wp-content\/uploads\/2015\/09\/wien_2015-62-440x660.jpg 440w, https:\/\/www.remonen.fi\/WP\/wp-content\/uploads\/2015\/09\/wien_2015-62-300x450.jpg 300w\" sizes=\"(max-width: 454px) 100vw, 454px\" \/><\/a>Sitten Bratislava alkoi olemaan taputeltu ja palasimme junalla takaisin Wieniin. Jos Wieniss\u00e4 p\u00e4in liikkuu ja on ylim\u00e4\u00e4r\u00e4inen p\u00e4iv\u00e4 k\u00e4ytett\u00e4v\u00e4ksi, suosittelen ehdottomasti Bratislavan reissua. Kaupunki on hieno ja hintataso kolmanneksen Wieni\u00e4 halvempi (olut-indeksill\u00e4 mitattuna).<\/p>\n<h3>P\u00e4iv\u00e4 5, Das Ende<\/h3>\n<p>Viides p\u00e4iv\u00e4kin valkeni aikanaan ja ohjelmassa oli paitsi Sch\u00f6nbrunnin ep\u00e4onnistuneen keikan paikkailua, niin my\u00f6s Hundertwasserhausiin tutustuminen.<\/p>\n<p><div id=\"attachment_6800\" style=\"width: 464px\" class=\"wp-caption aligncenter\"><a href=\"http:\/\/www.remonen.fi\/WP\/wp-content\/uploads\/2015\/09\/wien_2015-63.jpg\"><img loading=\"lazy\" decoding=\"async\" aria-describedby=\"caption-attachment-6800\" class=\"wp-image-6800\" title=\"Aperture: &#402;\/6.3 | Camera: ILCE-6000 | Taken: 16 syyskuun, 2015 | Copyright: (c) Matti Remonen | Exposure bias: +7\/10EV | Flash fired: no | Focal length: 24mm | ISO: 200 | Keywords: It\u00e4valta, Maat - Kaupungit - Paikat, Wien | Shutter speed: 1\/400s | \" src=\"http:\/\/www.remonen.fi\/WP\/wp-content\/uploads\/2015\/09\/wien_2015-63.jpg\" alt=\"Wien\" width=\"454\" height=\"680\" srcset=\"https:\/\/www.remonen.fi\/WP\/wp-content\/uploads\/2015\/09\/wien_2015-63.jpg 683w, https:\/\/www.remonen.fi\/WP\/wp-content\/uploads\/2015\/09\/wien_2015-63-200x300.jpg 200w, https:\/\/www.remonen.fi\/WP\/wp-content\/uploads\/2015\/09\/wien_2015-63-454x680.jpg 454w, https:\/\/www.remonen.fi\/WP\/wp-content\/uploads\/2015\/09\/wien_2015-63-440x660.jpg 440w, https:\/\/www.remonen.fi\/WP\/wp-content\/uploads\/2015\/09\/wien_2015-63-300x450.jpg 300w\" sizes=\"(max-width: 454px) 100vw, 454px\" \/><\/a><p id=\"caption-attachment-6800\" class=\"wp-caption-text\">Ei, t\u00e4m\u00e4 ei ole Hundertwasserhaus<\/p><\/div>P\u00e4\u00e4timme suunnata ensin j\u00e4lkimm\u00e4iseen, eli <a href=\"https:\/\/fi.wikipedia.org\/wiki\/Hundertwasserhaus\" target=\"_blank\">Hundertwasserhausin<\/a> suuntaan. Sadanvedentalo on eksentrisen taiteilijan ja arrkitehdin <a href=\"https:\/\/fi.wikipedia.org\/wiki\/Friedensreich_Hundertwasser\" target=\"_blank\">Friedensreich Hundertwasserin<\/a> suunnittelema kerrostalo Wieniss\u00e4. T\u00e4m\u00e4 paikallinen Miina \u00c4kkijyrkk\u00e4 on suunnitellut my\u00f6s muita rakennuksia pitkin It\u00e4valtaa ja tuottanut taidetta joka suuntaan. Varsin kuuluisa ja tuottelias kaveri, mutta minua l\u00e4hinn\u00e4 ihmetytt\u00e4\u00e4 se, ettei miss\u00e4\u00e4n h\u00e4nt\u00e4 k\u00e4sittelev\u00e4ss\u00e4 artikkelissa (jonka olen lukenut, niit\u00e4 ei ole montaa) mainita mit\u00e4\u00e4n Gaudista. Mielest\u00e4ni h\u00e4nell\u00e4 on hyvin samanlainen muotokieli, kuin <a href=\"https:\/\/fi.wikipedia.org\/wiki\/Antoni_Gaudi\" target=\"_blank\">Gaudin<\/a> rakennuksissa. Esimerkiksi parvekkeet ovat l\u00e4hes yksi yhteen. No, mik\u00e4s arkkitehtuurin professori min\u00e4 olen n\u00e4it\u00e4 arvioimaan.<\/p>\n<p><div id=\"attachment_6798\" style=\"width: 464px\" class=\"wp-caption aligncenter\"><a href=\"http:\/\/www.remonen.fi\/WP\/wp-content\/uploads\/2015\/09\/wien_2015-65.jpg\"><img loading=\"lazy\" decoding=\"async\" aria-describedby=\"caption-attachment-6798\" class=\"wp-image-6798\" title=\"Aperture: &#402;\/6.3 | Camera: ILCE-6000 | Taken: 16 syyskuun, 2015 | Copyright: (c) Matti Remonen | Exposure bias: -1.3EV | Flash fired: no | Focal length: 24mm | ISO: 200 | Keywords: It\u00e4valta, Maat - Kaupungit - Paikat, Wien | Shutter speed: 1\/640s | \" src=\"http:\/\/www.remonen.fi\/WP\/wp-content\/uploads\/2015\/09\/wien_2015-65.jpg\" alt=\"Hundertwasserhaus, Wien\" width=\"454\" height=\"680\" srcset=\"https:\/\/www.remonen.fi\/WP\/wp-content\/uploads\/2015\/09\/wien_2015-65.jpg 683w, https:\/\/www.remonen.fi\/WP\/wp-content\/uploads\/2015\/09\/wien_2015-65-200x300.jpg 200w, https:\/\/www.remonen.fi\/WP\/wp-content\/uploads\/2015\/09\/wien_2015-65-454x680.jpg 454w, https:\/\/www.remonen.fi\/WP\/wp-content\/uploads\/2015\/09\/wien_2015-65-440x660.jpg 440w, https:\/\/www.remonen.fi\/WP\/wp-content\/uploads\/2015\/09\/wien_2015-65-300x450.jpg 300w\" sizes=\"(max-width: 454px) 100vw, 454px\" \/><\/a><p id=\"caption-attachment-6798\" class=\"wp-caption-text\">Sen sijaan t\u00e4m\u00e4 on. Hundertwasserhaus<\/p><\/div><code>[envira-gallery id=\"6824\"]<\/code><\/p>\n<p>Kun sadanvedentalo oli katseltu, niin suuntasimme kohden Sch\u00f6nbrunnin palatsia. Joka oli siis j\u00e4\u00e4nyt kuvaustalkoissa v\u00e4liin sateisen maanantain johdosta. Nyt s\u00e4\u00e4 olikin hieman parempi, vaikka pient\u00e4 sateen uhkaa oli havaittavissa.<\/p>\n<p><a href=\"http:\/\/www.remonen.fi\/WP\/wp-content\/uploads\/2015\/09\/wien_2015-71.jpg\"><img loading=\"lazy\" decoding=\"async\" class=\"aligncenter wp-image-6792\" title=\"Aperture: &#402;\/5.6 | Camera: ILCE-6000 | Taken: 16 syyskuun, 2015 | Copyright: (c) Matti Remonen | Exposure bias: +7\/10EV | Flash fired: no | Focal length: 24mm | ISO: 100 | Keywords: It\u00e4valta, Maat - Kaupungit - Paikat, Wien | Shutter speed: 1\/500s | \" src=\"http:\/\/www.remonen.fi\/WP\/wp-content\/uploads\/2015\/09\/wien_2015-71.jpg\" alt=\"Sch\u00f6nbrunn Palace\" width=\"680\" height=\"292\" srcset=\"https:\/\/www.remonen.fi\/WP\/wp-content\/uploads\/2015\/09\/wien_2015-71.jpg 1024w, https:\/\/www.remonen.fi\/WP\/wp-content\/uploads\/2015\/09\/wien_2015-71-300x129.jpg 300w, https:\/\/www.remonen.fi\/WP\/wp-content\/uploads\/2015\/09\/wien_2015-71-680x292.jpg 680w, https:\/\/www.remonen.fi\/WP\/wp-content\/uploads\/2015\/09\/wien_2015-71-440x189.jpg 440w, https:\/\/www.remonen.fi\/WP\/wp-content\/uploads\/2015\/09\/wien_2015-71-960x413.jpg 960w\" sizes=\"(max-width: 680px) 100vw, 680px\" \/><\/a>Emme jaksaneet menn\u00e4 palatsiin sis\u00e4lle, kuten emme itse asiassa k\u00e4yneet miss\u00e4\u00e4n muuallakaan museossa, linnassa tai palatsissa koko reissun aikana. Noita on Wieniss\u00e4 sen verran paljon, ett\u00e4 niiss\u00e4 vieraileminen vaatisi oman matkansa.<\/p>\n<p>K\u00e4velimme palatsin puiston poikki toisessa p\u00e4\u00e4ss\u00e4 olevalle Gloriettelle. Se lienee aikanaan ollut kiva kes\u00e4maja, jossa kunkku perheineen on voinut viett\u00e4\u00e4 p\u00e4iv\u00e4n kes\u00e4isen. Kunhan sinne on ensin mennyt n. 100 palvelijaa ja lakeijaa laittelemaan paikkoja kuntoon ja sitten on valjakolla karautettu fiinisti palatsilta m\u00f6ks\u00e4lle.<\/p>\n<p>Gloriettekin on sodassa saanut sen verran osumaa, ett\u00e4 ainakin etualan patsaat on tehty my\u00f6hemm\u00e4ll\u00e4 ajalla uusiksi.<\/p>\n<p><a href=\"http:\/\/www.remonen.fi\/WP\/wp-content\/uploads\/2015\/09\/wien_2015-73.jpg\"><img loading=\"lazy\" decoding=\"async\" class=\"aligncenter wp-image-6790\" title=\"Aperture: &#402;\/6.3 | Camera: NEX-5N | Taken: 16 syyskuun, 2015 | Copyright: (c) Matti Remonen | Exposure bias: +3EV | Flash fired: no | Focal length: 18mm | ISO: 100 | Keywords: It\u00e4valta, Maat - Kaupungit - Paikat, Wien | Shutter speed: 1\/80s | \" src=\"http:\/\/www.remonen.fi\/WP\/wp-content\/uploads\/2015\/09\/wien_2015-73.jpg\" alt=\"\" width=\"452\" height=\"680\" srcset=\"https:\/\/www.remonen.fi\/WP\/wp-content\/uploads\/2015\/09\/wien_2015-73.jpg 681w, https:\/\/www.remonen.fi\/WP\/wp-content\/uploads\/2015\/09\/wien_2015-73-200x300.jpg 200w, https:\/\/www.remonen.fi\/WP\/wp-content\/uploads\/2015\/09\/wien_2015-73-452x680.jpg 452w, https:\/\/www.remonen.fi\/WP\/wp-content\/uploads\/2015\/09\/wien_2015-73-440x662.jpg 440w, https:\/\/www.remonen.fi\/WP\/wp-content\/uploads\/2015\/09\/wien_2015-73-300x451.jpg 300w\" sizes=\"(max-width: 452px) 100vw, 452px\" \/><\/a>Muuten emme puistossa jaksaneet kiert\u00e4\u00e4, emmek\u00e4 ostaneet p\u00e4\u00e4sylippuja edes <a href=\"http:\/\/www.schoenbrunn.at\/en\/things-to-know\/gardens\/tour-through-the-park\/schoenbrunn-zoo.html\" target=\"_blank\">el\u00e4intarhaan<\/a>, joka kuuleman mukaan on kyll\u00e4 ihan vierailemisen arvoinen paikka.<\/p>\n<p><a href=\"http:\/\/www.remonen.fi\/WP\/wp-content\/uploads\/2015\/09\/wien_2015-74.jpg\"><img loading=\"lazy\" decoding=\"async\" class=\"aligncenter wp-image-6789\" title=\"Aperture: &#402;\/11 | Camera: ILCE-6000 | Taken: 16 syyskuun, 2015 | Copyright: (c) Matti Remonen | Exposure bias: -3\/10EV | Flash fired: no | Focal length: 24mm | ISO: 200 | Keywords: It\u00e4valta, Maat - Kaupungit - Paikat, Wien | Shutter speed: 1\/500s | \" src=\"http:\/\/www.remonen.fi\/WP\/wp-content\/uploads\/2015\/09\/wien_2015-74.jpg\" alt=\"Sch\u00f6nbrunn Palace\" width=\"454\" height=\"680\" srcset=\"https:\/\/www.remonen.fi\/WP\/wp-content\/uploads\/2015\/09\/wien_2015-74.jpg 683w, https:\/\/www.remonen.fi\/WP\/wp-content\/uploads\/2015\/09\/wien_2015-74-200x300.jpg 200w, https:\/\/www.remonen.fi\/WP\/wp-content\/uploads\/2015\/09\/wien_2015-74-454x680.jpg 454w, https:\/\/www.remonen.fi\/WP\/wp-content\/uploads\/2015\/09\/wien_2015-74-440x660.jpg 440w, https:\/\/www.remonen.fi\/WP\/wp-content\/uploads\/2015\/09\/wien_2015-74-300x450.jpg 300w\" sizes=\"(max-width: 454px) 100vw, 454px\" \/><\/a>T\u00e4m\u00e4n j\u00e4lkeen Wienin n\u00e4ht\u00e4vyydet oli katsottu ja poistuimme kaupungille tekem\u00e4\u00e4n viime hetken ostoksia. Ja seuraavana p\u00e4iv\u00e4n\u00e4 olikin sitten ohjelmassa vain paluu Suomeen.<\/p>\n<p><a href=\"http:\/\/www.remonen.fi\/WP\/wp-content\/uploads\/2015\/09\/wien_2015-64.jpg\"><img loading=\"lazy\" decoding=\"async\" class=\"aligncenter wp-image-6799\" title=\"Aperture: &#402;\/1.8 | Camera: ILCE-6000 | Taken: 16 syyskuun, 2015 | Copyright: (c) Matti Remonen | Exposure bias: +7\/10EV | Flash fired: no | Focal length: 24mm | ISO: 200 | Keywords: It\u00e4valta, Maat - Kaupungit - Paikat, Wien | Shutter speed: 1\/1250s | \" src=\"http:\/\/www.remonen.fi\/WP\/wp-content\/uploads\/2015\/09\/wien_2015-64.jpg\" alt=\"Wien\" width=\"454\" height=\"680\" srcset=\"https:\/\/www.remonen.fi\/WP\/wp-content\/uploads\/2015\/09\/wien_2015-64.jpg 683w, https:\/\/www.remonen.fi\/WP\/wp-content\/uploads\/2015\/09\/wien_2015-64-200x300.jpg 200w, https:\/\/www.remonen.fi\/WP\/wp-content\/uploads\/2015\/09\/wien_2015-64-454x680.jpg 454w, https:\/\/www.remonen.fi\/WP\/wp-content\/uploads\/2015\/09\/wien_2015-64-440x660.jpg 440w, https:\/\/www.remonen.fi\/WP\/wp-content\/uploads\/2015\/09\/wien_2015-64-300x450.jpg 300w\" sizes=\"(max-width: 454px) 100vw, 454px\" \/><\/a>Reissussa jaksoi Sony a6000 + Sony Zeiss 24f18 + Sony SEL50f18 sek\u00e4 infrapunaisena hehkui Sony NEX-5N + SEL1855 + 720nm suodin<\/p>\n","protected":false},"excerpt":{"rendered":"<p>P\u00e4iv\u00e4 4, Bratislava Sateisen ja muutenkin kostean edellisp\u00e4iv\u00e4n j\u00e4ljilt\u00e4 p\u00e4\u00e4timme l\u00e4hte\u00e4 k\u00e4ym\u00e4\u00e4n Slovakian p\u00e4\u00e4kaupungissa Bratislavassa. Seh\u00e4n on vain noin tunnin junamatkan p\u00e4\u00e4ss\u00e4 Wienist\u00e4. Ei muuta kuin suunta kohden Hauptbahnhofia ja lippuja ostamaan. Ei meill\u00e4 ollut mit\u00e4\u00e4n k\u00e4sityst\u00e4 siit\u00e4 milloin ja mist\u00e4 niit\u00e4 junia menee, mutta Hbf on aina varma paikka n\u00e4iss\u00e4 saksankielisiss\u00e4 maissa. Wienin p\u00e4\u00e4rautatieasema [&hellip;]<\/p>\n","protected":false},"author":2,"featured_media":6804,"comment_status":"open","ping_status":"closed","sticky":false,"template":"","format":"standard","meta":{"footnotes":""},"categories":[16],"tags":[253,252],"yoast_head":"<!-- This site is optimized with the Yoast SEO plugin v24.5 - https:\/\/yoast.com\/wordpress\/plugins\/seo\/ -->\n<title>Ulkomailla ulkomailla &#187; remonen.fi<\/title>\n<meta name=\"description\" content=\"Wieni\u00e4 ristiin rastiin ja k\u00e4ytiinp\u00e4 sit\u00e4 Bratislavassakin. Kuvaa ja tarinaa asiasta ja asian vierest\u00e4.\" \/>\n<meta name=\"robots\" content=\"index, follow, max-snippet:-1, max-image-preview:large, max-video-preview:-1\" \/>\n<link rel=\"canonical\" href=\"https:\/\/www.remonen.fi\/WP\/blogi\/ulkomailla-ulkomailla\/\" \/>\n<meta property=\"og:locale\" content=\"fi_FI\" \/>\n<meta property=\"og:type\" content=\"article\" \/>\n<meta property=\"og:title\" content=\"Ulkomailla ulkomailla &#187; remonen.fi\" \/>\n<meta property=\"og:description\" content=\"Wieni\u00e4 ristiin rastiin ja k\u00e4ytiinp\u00e4 sit\u00e4 Bratislavassakin. Kuvaa ja tarinaa asiasta ja asian vierest\u00e4.\" \/>\n<meta property=\"og:url\" content=\"https:\/\/www.remonen.fi\/WP\/blogi\/ulkomailla-ulkomailla\/\" \/>\n<meta property=\"og:site_name\" content=\"remonen.fi\" \/>\n<meta property=\"article:published_time\" content=\"2015-09-22T14:15:24+00:00\" \/>\n<meta property=\"article:modified_time\" content=\"2016-05-02T07:24:15+00:00\" \/>\n<meta property=\"og:image\" content=\"https:\/\/www.remonen.fi\/WP\/wp-content\/uploads\/2015\/09\/wien_2015-59.jpg\" \/>\n\t<meta property=\"og:image:width\" content=\"1024\" \/>\n\t<meta property=\"og:image:height\" content=\"683\" \/>\n\t<meta property=\"og:image:type\" content=\"image\/jpeg\" \/>\n<meta name=\"author\" content=\"Matti Remonen\" \/>\n<meta name=\"twitter:label1\" content=\"Kirjoittanut\" \/>\n\t<meta name=\"twitter:data1\" content=\"Matti Remonen\" \/>\n\t<meta name=\"twitter:label2\" content=\"Arvioitu lukuaika\" \/>\n\t<meta name=\"twitter:data2\" content=\"5 minuuttia\" \/>\n<script type=\"application\/ld+json\" class=\"yoast-schema-graph\">{\"@context\":\"https:\/\/schema.org\",\"@graph\":[{\"@type\":\"Article\",\"@id\":\"https:\/\/www.remonen.fi\/WP\/blogi\/ulkomailla-ulkomailla\/#article\",\"isPartOf\":{\"@id\":\"https:\/\/www.remonen.fi\/WP\/blogi\/ulkomailla-ulkomailla\/\"},\"author\":{\"name\":\"Matti Remonen\",\"@id\":\"https:\/\/www.remonen.fi\/WP\/#\/schema\/person\/1803c23d1d4f6722054eb2ac7f7a97cd\"},\"headline\":\"Ulkomailla ulkomailla\",\"datePublished\":\"2015-09-22T14:15:24+00:00\",\"dateModified\":\"2016-05-02T07:24:15+00:00\",\"mainEntityOfPage\":{\"@id\":\"https:\/\/www.remonen.fi\/WP\/blogi\/ulkomailla-ulkomailla\/\"},\"wordCount\":923,\"commentCount\":0,\"publisher\":{\"@id\":\"https:\/\/www.remonen.fi\/WP\/#\/schema\/person\/1803c23d1d4f6722054eb2ac7f7a97cd\"},\"image\":{\"@id\":\"https:\/\/www.remonen.fi\/WP\/blogi\/ulkomailla-ulkomailla\/#primaryimage\"},\"thumbnailUrl\":\"https:\/\/www.remonen.fi\/WP\/wp-content\/uploads\/2015\/09\/wien_2015-59.jpg\",\"keywords\":[\"Bratislava\",\"Wien\"],\"articleSection\":[\"Blog\"],\"inLanguage\":\"fi\",\"potentialAction\":[{\"@type\":\"CommentAction\",\"name\":\"Comment\",\"target\":[\"https:\/\/www.remonen.fi\/WP\/blogi\/ulkomailla-ulkomailla\/#respond\"]}]},{\"@type\":\"WebPage\",\"@id\":\"https:\/\/www.remonen.fi\/WP\/blogi\/ulkomailla-ulkomailla\/\",\"url\":\"https:\/\/www.remonen.fi\/WP\/blogi\/ulkomailla-ulkomailla\/\",\"name\":\"Ulkomailla ulkomailla &#187; remonen.fi\",\"isPartOf\":{\"@id\":\"https:\/\/www.remonen.fi\/WP\/#website\"},\"primaryImageOfPage\":{\"@id\":\"https:\/\/www.remonen.fi\/WP\/blogi\/ulkomailla-ulkomailla\/#primaryimage\"},\"image\":{\"@id\":\"https:\/\/www.remonen.fi\/WP\/blogi\/ulkomailla-ulkomailla\/#primaryimage\"},\"thumbnailUrl\":\"https:\/\/www.remonen.fi\/WP\/wp-content\/uploads\/2015\/09\/wien_2015-59.jpg\",\"datePublished\":\"2015-09-22T14:15:24+00:00\",\"dateModified\":\"2016-05-02T07:24:15+00:00\",\"description\":\"Wieni\u00e4 ristiin rastiin ja k\u00e4ytiinp\u00e4 sit\u00e4 Bratislavassakin. Kuvaa ja tarinaa asiasta ja asian vierest\u00e4.\",\"breadcrumb\":{\"@id\":\"https:\/\/www.remonen.fi\/WP\/blogi\/ulkomailla-ulkomailla\/#breadcrumb\"},\"inLanguage\":\"fi\",\"potentialAction\":[{\"@type\":\"ReadAction\",\"target\":[\"https:\/\/www.remonen.fi\/WP\/blogi\/ulkomailla-ulkomailla\/\"]}]},{\"@type\":\"ImageObject\",\"inLanguage\":\"fi\",\"@id\":\"https:\/\/www.remonen.fi\/WP\/blogi\/ulkomailla-ulkomailla\/#primaryimage\",\"url\":\"https:\/\/www.remonen.fi\/WP\/wp-content\/uploads\/2015\/09\/wien_2015-59.jpg\",\"contentUrl\":\"https:\/\/www.remonen.fi\/WP\/wp-content\/uploads\/2015\/09\/wien_2015-59.jpg\",\"width\":1024,\"height\":683,\"caption\":\"[exif id=\\\"6804\\\"]\"},{\"@type\":\"BreadcrumbList\",\"@id\":\"https:\/\/www.remonen.fi\/WP\/blogi\/ulkomailla-ulkomailla\/#breadcrumb\",\"itemListElement\":[{\"@type\":\"ListItem\",\"position\":1,\"name\":\"Etusivu\",\"item\":\"https:\/\/www.remonen.fi\/WP\/\"},{\"@type\":\"ListItem\",\"position\":2,\"name\":\"Ulkomailla ulkomailla\"}]},{\"@type\":\"WebSite\",\"@id\":\"https:\/\/www.remonen.fi\/WP\/#website\",\"url\":\"https:\/\/www.remonen.fi\/WP\/\",\"name\":\"remonen.fi\",\"description\":\"Valokuvia ja tarinaa laidasta laitaan\",\"publisher\":{\"@id\":\"https:\/\/www.remonen.fi\/WP\/#\/schema\/person\/1803c23d1d4f6722054eb2ac7f7a97cd\"},\"potentialAction\":[{\"@type\":\"SearchAction\",\"target\":{\"@type\":\"EntryPoint\",\"urlTemplate\":\"https:\/\/www.remonen.fi\/WP\/?s={search_term_string}\"},\"query-input\":{\"@type\":\"PropertyValueSpecification\",\"valueRequired\":true,\"valueName\":\"search_term_string\"}}],\"inLanguage\":\"fi\"},{\"@type\":[\"Person\",\"Organization\"],\"@id\":\"https:\/\/www.remonen.fi\/WP\/#\/schema\/person\/1803c23d1d4f6722054eb2ac7f7a97cd\",\"name\":\"Matti Remonen\",\"logo\":{\"@id\":\"https:\/\/www.remonen.fi\/WP\/#\/schema\/person\/image\/\"},\"url\":\"https:\/\/www.remonen.fi\/WP\/blogi\/author\/mre\/\"}]}<\/script>\n<!-- \/ Yoast SEO plugin. -->","yoast_head_json":{"title":"Ulkomailla ulkomailla &#187; remonen.fi","description":"Wieni\u00e4 ristiin rastiin ja k\u00e4ytiinp\u00e4 sit\u00e4 Bratislavassakin. Kuvaa ja tarinaa asiasta ja asian vierest\u00e4.","robots":{"index":"index","follow":"follow","max-snippet":"max-snippet:-1","max-image-preview":"max-image-preview:large","max-video-preview":"max-video-preview:-1"},"canonical":"https:\/\/www.remonen.fi\/WP\/blogi\/ulkomailla-ulkomailla\/","og_locale":"fi_FI","og_type":"article","og_title":"Ulkomailla ulkomailla &#187; remonen.fi","og_description":"Wieni\u00e4 ristiin rastiin ja k\u00e4ytiinp\u00e4 sit\u00e4 Bratislavassakin. Kuvaa ja tarinaa asiasta ja asian vierest\u00e4.","og_url":"https:\/\/www.remonen.fi\/WP\/blogi\/ulkomailla-ulkomailla\/","og_site_name":"remonen.fi","article_published_time":"2015-09-22T14:15:24+00:00","article_modified_time":"2016-05-02T07:24:15+00:00","og_image":[{"width":1024,"height":683,"url":"https:\/\/www.remonen.fi\/WP\/wp-content\/uploads\/2015\/09\/wien_2015-59.jpg","type":"image\/jpeg"}],"author":"Matti Remonen","twitter_misc":{"Kirjoittanut":"Matti Remonen","Arvioitu lukuaika":"5 minuuttia"},"schema":{"@context":"https:\/\/schema.org","@graph":[{"@type":"Article","@id":"https:\/\/www.remonen.fi\/WP\/blogi\/ulkomailla-ulkomailla\/#article","isPartOf":{"@id":"https:\/\/www.remonen.fi\/WP\/blogi\/ulkomailla-ulkomailla\/"},"author":{"name":"Matti Remonen","@id":"https:\/\/www.remonen.fi\/WP\/#\/schema\/person\/1803c23d1d4f6722054eb2ac7f7a97cd"},"headline":"Ulkomailla ulkomailla","datePublished":"2015-09-22T14:15:24+00:00","dateModified":"2016-05-02T07:24:15+00:00","mainEntityOfPage":{"@id":"https:\/\/www.remonen.fi\/WP\/blogi\/ulkomailla-ulkomailla\/"},"wordCount":923,"commentCount":0,"publisher":{"@id":"https:\/\/www.remonen.fi\/WP\/#\/schema\/person\/1803c23d1d4f6722054eb2ac7f7a97cd"},"image":{"@id":"https:\/\/www.remonen.fi\/WP\/blogi\/ulkomailla-ulkomailla\/#primaryimage"},"thumbnailUrl":"https:\/\/www.remonen.fi\/WP\/wp-content\/uploads\/2015\/09\/wien_2015-59.jpg","keywords":["Bratislava","Wien"],"articleSection":["Blog"],"inLanguage":"fi","potentialAction":[{"@type":"CommentAction","name":"Comment","target":["https:\/\/www.remonen.fi\/WP\/blogi\/ulkomailla-ulkomailla\/#respond"]}]},{"@type":"WebPage","@id":"https:\/\/www.remonen.fi\/WP\/blogi\/ulkomailla-ulkomailla\/","url":"https:\/\/www.remonen.fi\/WP\/blogi\/ulkomailla-ulkomailla\/","name":"Ulkomailla ulkomailla &#187; remonen.fi","isPartOf":{"@id":"https:\/\/www.remonen.fi\/WP\/#website"},"primaryImageOfPage":{"@id":"https:\/\/www.remonen.fi\/WP\/blogi\/ulkomailla-ulkomailla\/#primaryimage"},"image":{"@id":"https:\/\/www.remonen.fi\/WP\/blogi\/ulkomailla-ulkomailla\/#primaryimage"},"thumbnailUrl":"https:\/\/www.remonen.fi\/WP\/wp-content\/uploads\/2015\/09\/wien_2015-59.jpg","datePublished":"2015-09-22T14:15:24+00:00","dateModified":"2016-05-02T07:24:15+00:00","description":"Wieni\u00e4 ristiin rastiin ja k\u00e4ytiinp\u00e4 sit\u00e4 Bratislavassakin. Kuvaa ja tarinaa asiasta ja asian vierest\u00e4.","breadcrumb":{"@id":"https:\/\/www.remonen.fi\/WP\/blogi\/ulkomailla-ulkomailla\/#breadcrumb"},"inLanguage":"fi","potentialAction":[{"@type":"ReadAction","target":["https:\/\/www.remonen.fi\/WP\/blogi\/ulkomailla-ulkomailla\/"]}]},{"@type":"ImageObject","inLanguage":"fi","@id":"https:\/\/www.remonen.fi\/WP\/blogi\/ulkomailla-ulkomailla\/#primaryimage","url":"https:\/\/www.remonen.fi\/WP\/wp-content\/uploads\/2015\/09\/wien_2015-59.jpg","contentUrl":"https:\/\/www.remonen.fi\/WP\/wp-content\/uploads\/2015\/09\/wien_2015-59.jpg","width":1024,"height":683,"caption":"[exif id=\"6804\"]"},{"@type":"BreadcrumbList","@id":"https:\/\/www.remonen.fi\/WP\/blogi\/ulkomailla-ulkomailla\/#breadcrumb","itemListElement":[{"@type":"ListItem","position":1,"name":"Etusivu","item":"https:\/\/www.remonen.fi\/WP\/"},{"@type":"ListItem","position":2,"name":"Ulkomailla ulkomailla"}]},{"@type":"WebSite","@id":"https:\/\/www.remonen.fi\/WP\/#website","url":"https:\/\/www.remonen.fi\/WP\/","name":"remonen.fi","description":"Valokuvia ja tarinaa laidasta laitaan","publisher":{"@id":"https:\/\/www.remonen.fi\/WP\/#\/schema\/person\/1803c23d1d4f6722054eb2ac7f7a97cd"},"potentialAction":[{"@type":"SearchAction","target":{"@type":"EntryPoint","urlTemplate":"https:\/\/www.remonen.fi\/WP\/?s={search_term_string}"},"query-input":{"@type":"PropertyValueSpecification","valueRequired":true,"valueName":"search_term_string"}}],"inLanguage":"fi"},{"@type":["Person","Organization"],"@id":"https:\/\/www.remonen.fi\/WP\/#\/schema\/person\/1803c23d1d4f6722054eb2ac7f7a97cd","name":"Matti Remonen","logo":{"@id":"https:\/\/www.remonen.fi\/WP\/#\/schema\/person\/image\/"},"url":"https:\/\/www.remonen.fi\/WP\/blogi\/author\/mre\/"}]}},"_links":{"self":[{"href":"https:\/\/www.remonen.fi\/WP\/wp-json\/wp\/v2\/posts\/6787"}],"collection":[{"href":"https:\/\/www.remonen.fi\/WP\/wp-json\/wp\/v2\/posts"}],"about":[{"href":"https:\/\/www.remonen.fi\/WP\/wp-json\/wp\/v2\/types\/post"}],"author":[{"embeddable":true,"href":"https:\/\/www.remonen.fi\/WP\/wp-json\/wp\/v2\/users\/2"}],"replies":[{"embeddable":true,"href":"https:\/\/www.remonen.fi\/WP\/wp-json\/wp\/v2\/comments?post=6787"}],"version-history":[{"count":0,"href":"https:\/\/www.remonen.fi\/WP\/wp-json\/wp\/v2\/posts\/6787\/revisions"}],"wp:featuredmedia":[{"embeddable":true,"href":"https:\/\/www.remonen.fi\/WP\/wp-json\/wp\/v2\/media\/6804"}],"wp:attachment":[{"href":"https:\/\/www.remonen.fi\/WP\/wp-json\/wp\/v2\/media?parent=6787"}],"wp:term":[{"taxonomy":"category","embeddable":true,"href":"https:\/\/www.remonen.fi\/WP\/wp-json\/wp\/v2\/categories?post=6787"},{"taxonomy":"post_tag","embeddable":true,"href":"https:\/\/www.remonen.fi\/WP\/wp-json\/wp\/v2\/tags?post=6787"}],"curies":[{"name":"wp","href":"https:\/\/api.w.org\/{rel}","templated":true}]}}