{"id":6902,"date":"2015-10-03T18:12:31","date_gmt":"2015-10-03T15:12:31","guid":{"rendered":"http:\/\/www.remonen.fi\/?p=6902"},"modified":"2015-10-04T16:06:17","modified_gmt":"2015-10-04T13:06:17","slug":"matkan-paa","status":"publish","type":"post","link":"https:\/\/www.remonen.fi\/WP\/blogi\/matkan-paa\/","title":{"rendered":"Matkan p\u00e4\u00e4"},"content":{"rendered":"<p>Helsingin <a href=\"http:\/\/virka.fi\/fi\/galleria\/index\">virka-galleriassa<\/a> on jo muutaman viikon ajan ollut n\u00e4ytill\u00e4 Hannes Heikuran &#8221;End of the Road&#8221;-n\u00e4yttelyn kuvia. N\u00e4yttely on osa Heikuran trilogiaa, jonka aikaisemmat osat koostuivat kokonaan mustavalkoisista kuvista ja ne olivat nimelt\u00e4\u00e4n &#8221;Dark Zone&#8221; (2010) ja &#8221;We Walk Alone&#8221; (2013). &#8221;End of the Road&#8221; sen sijaan hehkuu punaisena ja utuisena. Kuvat on kuvattu Helsingin keskustassa varsin pienell\u00e4 alueella ja y\u00f6ll\u00e4 kello kolmen ja kuuden v\u00e4lill\u00e4, kun katulamppujen ja auringonvalon v\u00e4ril\u00e4mp\u00f6tilat kohtaavat.<\/p>\n<p>N\u00e4yttely ja siihen liittyv\u00e4 kirja (tai toisin p\u00e4in) julkaistiin postuumisti. Hannes Heikura kuoli maaliskuussa 2015 kuuleman mukaan syd\u00e4nkohtaukseen. Joka tekee trilogian p\u00e4\u00e4t\u00f6sosasta viel\u00e4 entist\u00e4 rankemman. Aivan kuin h\u00e4n olisi ennustanut oman kohtalonsa.<\/p>\n<p><a href=\"http:\/\/www.remonen.fi\/WP\/wp-content\/uploads\/2015\/10\/heikura_end_of_the_road-2.jpg\"><img loading=\"lazy\" decoding=\"async\" class=\"aligncenter wp-image-6906\" title=\"Aperture: &#402;\/7.1 | Camera: ILCE-6000 | Taken: 3 lokakuun, 2015 | Copyright: (c) Matti Remonen | Flash fired: no | Focal length: 24mm | ISO: 3200 | Keywords: Hannes Heikura, N\u00e4yttelyt | Shutter speed: 1\/15s | \" src=\"http:\/\/www.remonen.fi\/WP\/wp-content\/uploads\/2015\/10\/heikura_end_of_the_road-2.jpg\" alt=\"Hannes Heikura End of the Road\" width=\"680\" height=\"454\" srcset=\"https:\/\/www.remonen.fi\/WP\/wp-content\/uploads\/2015\/10\/heikura_end_of_the_road-2.jpg 1024w, https:\/\/www.remonen.fi\/WP\/wp-content\/uploads\/2015\/10\/heikura_end_of_the_road-2-300x200.jpg 300w, https:\/\/www.remonen.fi\/WP\/wp-content\/uploads\/2015\/10\/heikura_end_of_the_road-2-680x454.jpg 680w, https:\/\/www.remonen.fi\/WP\/wp-content\/uploads\/2015\/10\/heikura_end_of_the_road-2-440x293.jpg 440w, https:\/\/www.remonen.fi\/WP\/wp-content\/uploads\/2015\/10\/heikura_end_of_the_road-2-960x640.jpg 960w\" sizes=\"(max-width: 680px) 100vw, 680px\" \/><\/a><\/p>\n<p>Joka tapauksessa kun Heikuran kuvia katsoo, niin niist\u00e4 v\u00e4littyy aivan k\u00e4sitt\u00e4m\u00e4t\u00f6n visuaalisuus, tunnelma ja melankolinen rauha. Ei ole mik\u00e4\u00e4n ihme, ett\u00e4 Heikura aikanaan palkittiin k\u00e4yt\u00e4nn\u00f6ss\u00e4 kaikilla mahdollisilla valokuvaan tai journalismiin liittyvill\u00e4 palkinnoilla. Sill\u00e4 journalisti nimenomaan Heikura oli. Ja t\u00e4ydellisen kuvan mets\u00e4st\u00e4j\u00e4, joka sai my\u00f6s saalista. Heikuran j\u00e4ljilt\u00e4 j\u00e4i monta kuvaa, jotka ovat painuneet ihmisten mieliin l\u00e4htem\u00e4tt\u00f6m\u00e4sti. Kuten vaikka Mika Myllyl\u00e4 suolla. Tai sotilas Afganistanissa unikkopellolla.<\/p>\n<p><a href=\"http:\/\/www.remonen.fi\/WP\/wp-content\/uploads\/2015\/10\/heikura_end_of_the_road-3.jpg\"><img loading=\"lazy\" decoding=\"async\" class=\"aligncenter wp-image-6905\" title=\"Aperture: &#402;\/7.1 | Camera: ILCE-6000 | Taken: 3 lokakuun, 2015 | Copyright: (c) Matti Remonen | Flash fired: no | Focal length: 24mm | ISO: 2500 | Keywords: Hannes Heikura, N\u00e4yttelyt | Shutter speed: 1\/60s | \" src=\"http:\/\/www.remonen.fi\/WP\/wp-content\/uploads\/2015\/10\/heikura_end_of_the_road-3.jpg\" alt=\"Hannes Heikura End of the Road\" width=\"680\" height=\"454\" srcset=\"https:\/\/www.remonen.fi\/WP\/wp-content\/uploads\/2015\/10\/heikura_end_of_the_road-3.jpg 1024w, https:\/\/www.remonen.fi\/WP\/wp-content\/uploads\/2015\/10\/heikura_end_of_the_road-3-300x200.jpg 300w, https:\/\/www.remonen.fi\/WP\/wp-content\/uploads\/2015\/10\/heikura_end_of_the_road-3-680x454.jpg 680w, https:\/\/www.remonen.fi\/WP\/wp-content\/uploads\/2015\/10\/heikura_end_of_the_road-3-440x293.jpg 440w, https:\/\/www.remonen.fi\/WP\/wp-content\/uploads\/2015\/10\/heikura_end_of_the_road-3-960x640.jpg 960w\" sizes=\"(max-width: 680px) 100vw, 680px\" \/><\/a><\/p>\n<p>N\u00e4yttelyss\u00e4 on valokuvien lis\u00e4ksi Heikurasta tehty <a href=\"https:\/\/vimeo.com\/137026335\" target=\"_blank\">haastatteluvideo<\/a>, joka kannattaa pys\u00e4hty\u00e4 katsomaan. Se on kaikessa lakonisuudessaan hyvin avaava ja Heikuran sielunmaisemaa luotaava. Pohjimmiltaan Hannes Heikura oli ilmeisesti hyvin yksin\u00e4inen ihminen ja\u00a0 loppuvaiheessa my\u00f6s jossain m\u00e4\u00e4rin ihmisyyteen pettynyt.<\/p>\n<p><a href=\"http:\/\/www.remonen.fi\/WP\/wp-content\/uploads\/2015\/10\/heikura_end_of_the_road-4.jpg\"><img loading=\"lazy\" decoding=\"async\" class=\"aligncenter wp-image-6904\" title=\"Aperture: &#402;\/7.1 | Camera: ILCE-6000 | Taken: 3 lokakuun, 2015 | Copyright: (c) Matti Remonen | Flash fired: no | Focal length: 24mm | ISO: 3200 | Keywords: Hannes Heikura, N\u00e4yttelyt | Shutter speed: 1\/25s | \" src=\"http:\/\/www.remonen.fi\/WP\/wp-content\/uploads\/2015\/10\/heikura_end_of_the_road-4.jpg\" alt=\"Hannes Heikura End of the Road\" width=\"680\" height=\"454\" srcset=\"https:\/\/www.remonen.fi\/WP\/wp-content\/uploads\/2015\/10\/heikura_end_of_the_road-4.jpg 1024w, https:\/\/www.remonen.fi\/WP\/wp-content\/uploads\/2015\/10\/heikura_end_of_the_road-4-300x200.jpg 300w, https:\/\/www.remonen.fi\/WP\/wp-content\/uploads\/2015\/10\/heikura_end_of_the_road-4-680x454.jpg 680w, https:\/\/www.remonen.fi\/WP\/wp-content\/uploads\/2015\/10\/heikura_end_of_the_road-4-440x293.jpg 440w, https:\/\/www.remonen.fi\/WP\/wp-content\/uploads\/2015\/10\/heikura_end_of_the_road-4-960x640.jpg 960w\" sizes=\"(max-width: 680px) 100vw, 680px\" \/><\/a><\/p>\n<p>Suosittelen ehdottomasti k\u00e4ym\u00e4\u00e4n n\u00e4yttelyss\u00e4, kun se viel\u00e4 on esill\u00e4.<\/p>\n<p><a href=\"http:\/\/www.hs.fi\/muistot\/a1305936106001\" target=\"_blank\">Hannes Heikura 1958 &#8211; 2015<\/a><\/p>\n","protected":false},"excerpt":{"rendered":"<p>Helsingin virka-galleriassa on jo muutaman viikon ajan ollut n\u00e4ytill\u00e4 Hannes Heikuran &#8221;End of the Road&#8221;-n\u00e4yttelyn kuvia. N\u00e4yttely on osa Heikuran trilogiaa, jonka aikaisemmat osat koostuivat kokonaan mustavalkoisista kuvista ja ne olivat nimelt\u00e4\u00e4n &#8221;Dark Zone&#8221; (2010) ja &#8221;We Walk Alone&#8221; (2013). &#8221;End of the Road&#8221; sen sijaan hehkuu punaisena ja utuisena. Kuvat on kuvattu Helsingin keskustassa [&hellip;]<\/p>\n","protected":false},"author":2,"featured_media":6903,"comment_status":"open","ping_status":"closed","sticky":false,"template":"","format":"standard","meta":{"footnotes":""},"categories":[16],"tags":[256],"yoast_head":"<!-- This site is optimized with the Yoast SEO plugin v24.5 - https:\/\/yoast.com\/wordpress\/plugins\/seo\/ -->\n<title>Matkan p\u00e4\u00e4 &#187; remonen.fi<\/title>\n<meta name=\"description\" content=\"Helsingin virka-galleriassa on n\u00e4ytill\u00e4 Hannes Heikuran &quot;End of the Road&quot;-n\u00e4yttelyn kuvia. N\u00e4yttely on Heikuran trilogian viimeinen osa.\" \/>\n<meta name=\"robots\" content=\"index, follow, max-snippet:-1, max-image-preview:large, max-video-preview:-1\" \/>\n<link rel=\"canonical\" href=\"https:\/\/www.remonen.fi\/WP\/blogi\/matkan-paa\/\" \/>\n<meta property=\"og:locale\" content=\"fi_FI\" \/>\n<meta property=\"og:type\" content=\"article\" \/>\n<meta property=\"og:title\" content=\"Matkan p\u00e4\u00e4 &#187; remonen.fi\" \/>\n<meta property=\"og:description\" content=\"Helsingin virka-galleriassa on n\u00e4ytill\u00e4 Hannes Heikuran &quot;End of the Road&quot;-n\u00e4yttelyn kuvia. N\u00e4yttely on Heikuran trilogian viimeinen osa.\" \/>\n<meta property=\"og:url\" content=\"https:\/\/www.remonen.fi\/WP\/blogi\/matkan-paa\/\" \/>\n<meta property=\"og:site_name\" content=\"remonen.fi\" \/>\n<meta property=\"article:published_time\" content=\"2015-10-03T15:12:31+00:00\" \/>\n<meta property=\"article:modified_time\" content=\"2015-10-04T13:06:17+00:00\" \/>\n<meta property=\"og:image\" content=\"https:\/\/www.remonen.fi\/WP\/wp-content\/uploads\/2015\/10\/heikura_end_of_the_road-1.jpg\" \/>\n\t<meta property=\"og:image:width\" content=\"1024\" \/>\n\t<meta property=\"og:image:height\" content=\"683\" \/>\n\t<meta property=\"og:image:type\" content=\"image\/jpeg\" \/>\n<meta name=\"author\" content=\"Matti Remonen\" \/>\n<meta name=\"twitter:label1\" content=\"Kirjoittanut\" \/>\n\t<meta name=\"twitter:data1\" content=\"Matti Remonen\" \/>\n\t<meta name=\"twitter:label2\" content=\"Arvioitu lukuaika\" \/>\n\t<meta name=\"twitter:data2\" content=\"1 minuutti\" \/>\n<script type=\"application\/ld+json\" class=\"yoast-schema-graph\">{\"@context\":\"https:\/\/schema.org\",\"@graph\":[{\"@type\":\"Article\",\"@id\":\"https:\/\/www.remonen.fi\/WP\/blogi\/matkan-paa\/#article\",\"isPartOf\":{\"@id\":\"https:\/\/www.remonen.fi\/WP\/blogi\/matkan-paa\/\"},\"author\":{\"name\":\"Matti Remonen\",\"@id\":\"https:\/\/www.remonen.fi\/WP\/#\/schema\/person\/1803c23d1d4f6722054eb2ac7f7a97cd\"},\"headline\":\"Matkan p\u00e4\u00e4\",\"datePublished\":\"2015-10-03T15:12:31+00:00\",\"dateModified\":\"2015-10-04T13:06:17+00:00\",\"mainEntityOfPage\":{\"@id\":\"https:\/\/www.remonen.fi\/WP\/blogi\/matkan-paa\/\"},\"wordCount\":259,\"commentCount\":1,\"publisher\":{\"@id\":\"https:\/\/www.remonen.fi\/WP\/#\/schema\/person\/1803c23d1d4f6722054eb2ac7f7a97cd\"},\"image\":{\"@id\":\"https:\/\/www.remonen.fi\/WP\/blogi\/matkan-paa\/#primaryimage\"},\"thumbnailUrl\":\"https:\/\/www.remonen.fi\/WP\/wp-content\/uploads\/2015\/10\/heikura_end_of_the_road-1.jpg\",\"keywords\":[\"Hannes Heikura\"],\"articleSection\":[\"Blog\"],\"inLanguage\":\"fi\",\"potentialAction\":[{\"@type\":\"CommentAction\",\"name\":\"Comment\",\"target\":[\"https:\/\/www.remonen.fi\/WP\/blogi\/matkan-paa\/#respond\"]}]},{\"@type\":\"WebPage\",\"@id\":\"https:\/\/www.remonen.fi\/WP\/blogi\/matkan-paa\/\",\"url\":\"https:\/\/www.remonen.fi\/WP\/blogi\/matkan-paa\/\",\"name\":\"Matkan p\u00e4\u00e4 &#187; remonen.fi\",\"isPartOf\":{\"@id\":\"https:\/\/www.remonen.fi\/WP\/#website\"},\"primaryImageOfPage\":{\"@id\":\"https:\/\/www.remonen.fi\/WP\/blogi\/matkan-paa\/#primaryimage\"},\"image\":{\"@id\":\"https:\/\/www.remonen.fi\/WP\/blogi\/matkan-paa\/#primaryimage\"},\"thumbnailUrl\":\"https:\/\/www.remonen.fi\/WP\/wp-content\/uploads\/2015\/10\/heikura_end_of_the_road-1.jpg\",\"datePublished\":\"2015-10-03T15:12:31+00:00\",\"dateModified\":\"2015-10-04T13:06:17+00:00\",\"description\":\"Helsingin virka-galleriassa on n\u00e4ytill\u00e4 Hannes Heikuran \\\"End of the Road\\\"-n\u00e4yttelyn kuvia. N\u00e4yttely on Heikuran trilogian viimeinen osa.\",\"breadcrumb\":{\"@id\":\"https:\/\/www.remonen.fi\/WP\/blogi\/matkan-paa\/#breadcrumb\"},\"inLanguage\":\"fi\",\"potentialAction\":[{\"@type\":\"ReadAction\",\"target\":[\"https:\/\/www.remonen.fi\/WP\/blogi\/matkan-paa\/\"]}]},{\"@type\":\"ImageObject\",\"inLanguage\":\"fi\",\"@id\":\"https:\/\/www.remonen.fi\/WP\/blogi\/matkan-paa\/#primaryimage\",\"url\":\"https:\/\/www.remonen.fi\/WP\/wp-content\/uploads\/2015\/10\/heikura_end_of_the_road-1.jpg\",\"contentUrl\":\"https:\/\/www.remonen.fi\/WP\/wp-content\/uploads\/2015\/10\/heikura_end_of_the_road-1.jpg\",\"width\":1024,\"height\":683},{\"@type\":\"BreadcrumbList\",\"@id\":\"https:\/\/www.remonen.fi\/WP\/blogi\/matkan-paa\/#breadcrumb\",\"itemListElement\":[{\"@type\":\"ListItem\",\"position\":1,\"name\":\"Etusivu\",\"item\":\"https:\/\/www.remonen.fi\/WP\/\"},{\"@type\":\"ListItem\",\"position\":2,\"name\":\"Matkan p\u00e4\u00e4\"}]},{\"@type\":\"WebSite\",\"@id\":\"https:\/\/www.remonen.fi\/WP\/#website\",\"url\":\"https:\/\/www.remonen.fi\/WP\/\",\"name\":\"remonen.fi\",\"description\":\"Valokuvia ja tarinaa laidasta laitaan\",\"publisher\":{\"@id\":\"https:\/\/www.remonen.fi\/WP\/#\/schema\/person\/1803c23d1d4f6722054eb2ac7f7a97cd\"},\"potentialAction\":[{\"@type\":\"SearchAction\",\"target\":{\"@type\":\"EntryPoint\",\"urlTemplate\":\"https:\/\/www.remonen.fi\/WP\/?s={search_term_string}\"},\"query-input\":{\"@type\":\"PropertyValueSpecification\",\"valueRequired\":true,\"valueName\":\"search_term_string\"}}],\"inLanguage\":\"fi\"},{\"@type\":[\"Person\",\"Organization\"],\"@id\":\"https:\/\/www.remonen.fi\/WP\/#\/schema\/person\/1803c23d1d4f6722054eb2ac7f7a97cd\",\"name\":\"Matti Remonen\",\"logo\":{\"@id\":\"https:\/\/www.remonen.fi\/WP\/#\/schema\/person\/image\/\"},\"url\":\"https:\/\/www.remonen.fi\/WP\/blogi\/author\/mre\/\"}]}<\/script>\n<!-- \/ Yoast SEO plugin. -->","yoast_head_json":{"title":"Matkan p\u00e4\u00e4 &#187; remonen.fi","description":"Helsingin virka-galleriassa on n\u00e4ytill\u00e4 Hannes Heikuran \"End of the Road\"-n\u00e4yttelyn kuvia. N\u00e4yttely on Heikuran trilogian viimeinen osa.","robots":{"index":"index","follow":"follow","max-snippet":"max-snippet:-1","max-image-preview":"max-image-preview:large","max-video-preview":"max-video-preview:-1"},"canonical":"https:\/\/www.remonen.fi\/WP\/blogi\/matkan-paa\/","og_locale":"fi_FI","og_type":"article","og_title":"Matkan p\u00e4\u00e4 &#187; remonen.fi","og_description":"Helsingin virka-galleriassa on n\u00e4ytill\u00e4 Hannes Heikuran \"End of the Road\"-n\u00e4yttelyn kuvia. N\u00e4yttely on Heikuran trilogian viimeinen osa.","og_url":"https:\/\/www.remonen.fi\/WP\/blogi\/matkan-paa\/","og_site_name":"remonen.fi","article_published_time":"2015-10-03T15:12:31+00:00","article_modified_time":"2015-10-04T13:06:17+00:00","og_image":[{"width":1024,"height":683,"url":"https:\/\/www.remonen.fi\/WP\/wp-content\/uploads\/2015\/10\/heikura_end_of_the_road-1.jpg","type":"image\/jpeg"}],"author":"Matti Remonen","twitter_misc":{"Kirjoittanut":"Matti Remonen","Arvioitu lukuaika":"1 minuutti"},"schema":{"@context":"https:\/\/schema.org","@graph":[{"@type":"Article","@id":"https:\/\/www.remonen.fi\/WP\/blogi\/matkan-paa\/#article","isPartOf":{"@id":"https:\/\/www.remonen.fi\/WP\/blogi\/matkan-paa\/"},"author":{"name":"Matti Remonen","@id":"https:\/\/www.remonen.fi\/WP\/#\/schema\/person\/1803c23d1d4f6722054eb2ac7f7a97cd"},"headline":"Matkan p\u00e4\u00e4","datePublished":"2015-10-03T15:12:31+00:00","dateModified":"2015-10-04T13:06:17+00:00","mainEntityOfPage":{"@id":"https:\/\/www.remonen.fi\/WP\/blogi\/matkan-paa\/"},"wordCount":259,"commentCount":1,"publisher":{"@id":"https:\/\/www.remonen.fi\/WP\/#\/schema\/person\/1803c23d1d4f6722054eb2ac7f7a97cd"},"image":{"@id":"https:\/\/www.remonen.fi\/WP\/blogi\/matkan-paa\/#primaryimage"},"thumbnailUrl":"https:\/\/www.remonen.fi\/WP\/wp-content\/uploads\/2015\/10\/heikura_end_of_the_road-1.jpg","keywords":["Hannes Heikura"],"articleSection":["Blog"],"inLanguage":"fi","potentialAction":[{"@type":"CommentAction","name":"Comment","target":["https:\/\/www.remonen.fi\/WP\/blogi\/matkan-paa\/#respond"]}]},{"@type":"WebPage","@id":"https:\/\/www.remonen.fi\/WP\/blogi\/matkan-paa\/","url":"https:\/\/www.remonen.fi\/WP\/blogi\/matkan-paa\/","name":"Matkan p\u00e4\u00e4 &#187; remonen.fi","isPartOf":{"@id":"https:\/\/www.remonen.fi\/WP\/#website"},"primaryImageOfPage":{"@id":"https:\/\/www.remonen.fi\/WP\/blogi\/matkan-paa\/#primaryimage"},"image":{"@id":"https:\/\/www.remonen.fi\/WP\/blogi\/matkan-paa\/#primaryimage"},"thumbnailUrl":"https:\/\/www.remonen.fi\/WP\/wp-content\/uploads\/2015\/10\/heikura_end_of_the_road-1.jpg","datePublished":"2015-10-03T15:12:31+00:00","dateModified":"2015-10-04T13:06:17+00:00","description":"Helsingin virka-galleriassa on n\u00e4ytill\u00e4 Hannes Heikuran \"End of the Road\"-n\u00e4yttelyn kuvia. N\u00e4yttely on Heikuran trilogian viimeinen osa.","breadcrumb":{"@id":"https:\/\/www.remonen.fi\/WP\/blogi\/matkan-paa\/#breadcrumb"},"inLanguage":"fi","potentialAction":[{"@type":"ReadAction","target":["https:\/\/www.remonen.fi\/WP\/blogi\/matkan-paa\/"]}]},{"@type":"ImageObject","inLanguage":"fi","@id":"https:\/\/www.remonen.fi\/WP\/blogi\/matkan-paa\/#primaryimage","url":"https:\/\/www.remonen.fi\/WP\/wp-content\/uploads\/2015\/10\/heikura_end_of_the_road-1.jpg","contentUrl":"https:\/\/www.remonen.fi\/WP\/wp-content\/uploads\/2015\/10\/heikura_end_of_the_road-1.jpg","width":1024,"height":683},{"@type":"BreadcrumbList","@id":"https:\/\/www.remonen.fi\/WP\/blogi\/matkan-paa\/#breadcrumb","itemListElement":[{"@type":"ListItem","position":1,"name":"Etusivu","item":"https:\/\/www.remonen.fi\/WP\/"},{"@type":"ListItem","position":2,"name":"Matkan p\u00e4\u00e4"}]},{"@type":"WebSite","@id":"https:\/\/www.remonen.fi\/WP\/#website","url":"https:\/\/www.remonen.fi\/WP\/","name":"remonen.fi","description":"Valokuvia ja tarinaa laidasta laitaan","publisher":{"@id":"https:\/\/www.remonen.fi\/WP\/#\/schema\/person\/1803c23d1d4f6722054eb2ac7f7a97cd"},"potentialAction":[{"@type":"SearchAction","target":{"@type":"EntryPoint","urlTemplate":"https:\/\/www.remonen.fi\/WP\/?s={search_term_string}"},"query-input":{"@type":"PropertyValueSpecification","valueRequired":true,"valueName":"search_term_string"}}],"inLanguage":"fi"},{"@type":["Person","Organization"],"@id":"https:\/\/www.remonen.fi\/WP\/#\/schema\/person\/1803c23d1d4f6722054eb2ac7f7a97cd","name":"Matti Remonen","logo":{"@id":"https:\/\/www.remonen.fi\/WP\/#\/schema\/person\/image\/"},"url":"https:\/\/www.remonen.fi\/WP\/blogi\/author\/mre\/"}]}},"_links":{"self":[{"href":"https:\/\/www.remonen.fi\/WP\/wp-json\/wp\/v2\/posts\/6902"}],"collection":[{"href":"https:\/\/www.remonen.fi\/WP\/wp-json\/wp\/v2\/posts"}],"about":[{"href":"https:\/\/www.remonen.fi\/WP\/wp-json\/wp\/v2\/types\/post"}],"author":[{"embeddable":true,"href":"https:\/\/www.remonen.fi\/WP\/wp-json\/wp\/v2\/users\/2"}],"replies":[{"embeddable":true,"href":"https:\/\/www.remonen.fi\/WP\/wp-json\/wp\/v2\/comments?post=6902"}],"version-history":[{"count":0,"href":"https:\/\/www.remonen.fi\/WP\/wp-json\/wp\/v2\/posts\/6902\/revisions"}],"wp:featuredmedia":[{"embeddable":true,"href":"https:\/\/www.remonen.fi\/WP\/wp-json\/wp\/v2\/media\/6903"}],"wp:attachment":[{"href":"https:\/\/www.remonen.fi\/WP\/wp-json\/wp\/v2\/media?parent=6902"}],"wp:term":[{"taxonomy":"category","embeddable":true,"href":"https:\/\/www.remonen.fi\/WP\/wp-json\/wp\/v2\/categories?post=6902"},{"taxonomy":"post_tag","embeddable":true,"href":"https:\/\/www.remonen.fi\/WP\/wp-json\/wp\/v2\/tags?post=6902"}],"curies":[{"name":"wp","href":"https:\/\/api.w.org\/{rel}","templated":true}]}}