{"id":6948,"date":"2015-10-15T20:57:51","date_gmt":"2015-10-15T17:57:51","guid":{"rendered":"http:\/\/www.remonen.fi\/?p=6948"},"modified":"2016-05-02T10:23:41","modified_gmt":"2016-05-02T07:23:41","slug":"vaalit-karnevaalit","status":"publish","type":"post","link":"https:\/\/www.remonen.fi\/WP\/blogi\/vaalit-karnevaalit\/","title":{"rendered":"Vaalit, karnevaalit"},"content":{"rendered":"<p>Taas oli vuorossa vaalit. Persujen alam\u00e4est\u00e4 huolimatta kyseess\u00e4 eiv\u00e4t olleet Eduskunta- vaan <a href=\"http:\/\/www.linnanmaki.fi\" target=\"_blank\">Linnanm\u00e4en valokarnevaalit<\/a>. Jotka tapahtumana ovatkin paljon v\u00e4rikk\u00e4\u00e4mm\u00e4t ja my\u00f6s yleis\u00f6yst\u00e4v\u00e4llisemm\u00e4t. Ensin olin v\u00e4h\u00e4n sit\u00e4 mielt\u00e4, etten tuonne jaksa menn\u00e4, vaan lojun senkin ajan kotona. Mutta sitten kun sopiva tilaisuus sattui kohdalle, niin p\u00e4\u00e4tinkin pakata kamerat kassiin ja suunnata kohden Lintsi\u00e4.<\/p>\n<p><a href=\"http:\/\/www.remonen.fi\/WP\/wp-content\/uploads\/2015\/10\/linnanmaki_valokarnevaali15-7.jpg\"><img loading=\"lazy\" decoding=\"async\" class=\"aligncenter wp-image-6960\" title=\"Aperture: &#402;\/9 | Credit: Matti Remonen | Camera: NIKON D810 | Taken: 14 lokakuun, 2015 | Copyright: (c) Matti Remonen | Flash fired: no | Focal length: 380mm | ISO: 8000 | Keywords: Linnanm\u00e4ki Valokarnevaali -13, Tapahtumat | Shutter speed: 1\/640s | \" src=\"http:\/\/www.remonen.fi\/WP\/wp-content\/uploads\/2015\/10\/linnanmaki_valokarnevaali15-7.jpg\" alt=\"\" width=\"454\" height=\"680\" srcset=\"https:\/\/www.remonen.fi\/WP\/wp-content\/uploads\/2015\/10\/linnanmaki_valokarnevaali15-7.jpg 683w, https:\/\/www.remonen.fi\/WP\/wp-content\/uploads\/2015\/10\/linnanmaki_valokarnevaali15-7-200x300.jpg 200w, https:\/\/www.remonen.fi\/WP\/wp-content\/uploads\/2015\/10\/linnanmaki_valokarnevaali15-7-454x680.jpg 454w, https:\/\/www.remonen.fi\/WP\/wp-content\/uploads\/2015\/10\/linnanmaki_valokarnevaali15-7-440x660.jpg 440w, https:\/\/www.remonen.fi\/WP\/wp-content\/uploads\/2015\/10\/linnanmaki_valokarnevaali15-7-300x450.jpg 300w\" sizes=\"(max-width: 454px) 100vw, 454px\" \/><\/a><\/p>\n<p><a href=\"http:\/\/www.remonen.fi\/blogi\/haloo-onks-valoo\/\">Edellisest\u00e4 kerrasta<\/a> &#8211; ja itse asiassa yleens\u00e4 Lintsill\u00e4 k\u00e4ynnist\u00e4 &#8211; oli vier\u00e4ht\u00e4nyt parisen vuotta. Ja onhan se Linnanm\u00e4ki siin\u00e4 ajassa taas muuttunut. Sen mit\u00e4 tuollainen varsin rajatulla alueella oleva huvipuisto nyt muuttumaan pystyy. Uusia laitteita oli tullut kai pari, mutta suurimman uudistukset liittyiv\u00e4t alueen kokonaisj\u00e4rjestelyihin. Sinne oli rakennettu uusia kulkuv\u00e4yli\u00e4 ja sijoiteltu ruokapaikkoja ymp\u00e4riins\u00e4. Selke\u00e4sti Lintsi hakee K\u00f6piksen Tivolin tyyppist\u00e4 koko perheen ja koko p\u00e4iv\u00e4n tapahtumapaikkaa, johon tullaan ajan kanssa oleskelemaan eik\u00e4 vain vuoristoradalla ajelemaan. Toivottavasti Lintsi tavoitteessaan onnistuu ja homma tuosta kehittyy. Oman haasteensa toki tuo Suomen vallitseva s\u00e4\u00e4 ja vuodenajat, jota vastaan t\u00e4m\u00e4 Valokarnevaalikin on alunperin kehitetty. Linnanm\u00e4ell\u00e4 on selke\u00e4sti toisena tavoitteena jatkaa sesonkia pidemm\u00e4lle syksyyn. Eik\u00e4 siin\u00e4 mit\u00e4\u00e4n.<\/p>\n<p><a href=\"http:\/\/www.remonen.fi\/WP\/wp-content\/uploads\/2015\/10\/linnanmaki_valokarnevaali15-1.jpg\"><img loading=\"lazy\" decoding=\"async\" class=\"aligncenter wp-image-6966\" title=\"Aperture: &#402;\/9 | Credit: Matti Remonen | Camera: NIKON D810 | Taken: 14 lokakuun, 2015 | Copyright: (c) Matti Remonen | Flash fired: no | Focal length: 24mm | ISO: 400 | Keywords: Linnanm\u00e4ki Valokarnevaali -13, Tapahtumat | Shutter speed: 1\/50s | \" src=\"http:\/\/www.remonen.fi\/WP\/wp-content\/uploads\/2015\/10\/linnanmaki_valokarnevaali15-1.jpg\" alt=\"\" width=\"680\" height=\"454\" srcset=\"https:\/\/www.remonen.fi\/WP\/wp-content\/uploads\/2015\/10\/linnanmaki_valokarnevaali15-1.jpg 1024w, https:\/\/www.remonen.fi\/WP\/wp-content\/uploads\/2015\/10\/linnanmaki_valokarnevaali15-1-300x200.jpg 300w, https:\/\/www.remonen.fi\/WP\/wp-content\/uploads\/2015\/10\/linnanmaki_valokarnevaali15-1-680x454.jpg 680w, https:\/\/www.remonen.fi\/WP\/wp-content\/uploads\/2015\/10\/linnanmaki_valokarnevaali15-1-440x293.jpg 440w, https:\/\/www.remonen.fi\/WP\/wp-content\/uploads\/2015\/10\/linnanmaki_valokarnevaali15-1-960x640.jpg 960w\" sizes=\"(max-width: 680px) 100vw, 680px\" \/><\/a><\/p>\n<p>Olin paikalla siin\u00e4 noin kuuden aikaan. Kokemus on opettanut ett\u00e4 viel\u00e4 siihen aikaan pys\u00e4k\u00f6intipaikalla on tilaa, kuten oli nytkin. Tunnin p\u00e4\u00e4st\u00e4, kun k\u00e4vin palauttamassa yhden objektiivin autoon, parkkipaikka oli jo t\u00e4ynn\u00e4 ja auton olisi saanut vied\u00e4 johonkin hiiden kuuseen. Joka tapauksessa kuuden maissa aurinko paistaa &#8211; jos on paistaakseen &#8211; viel\u00e4 viistosti Lintsin ylimpiin osiin ja sielt\u00e4 saa halutessaan hyv\u00e4\u00e4 ja v\u00e4rik\u00e4st\u00e4 kuvaa. T\u00e4ll\u00e4 kertaa ei ollut ihan se paras paiste, mutta kyll\u00e4 tuolta muutaman kuvan sai.<\/p>\n<p><a href=\"http:\/\/www.remonen.fi\/WP\/wp-content\/uploads\/2015\/10\/linnanmaki_valokarnevaali15-2.jpg\"><img loading=\"lazy\" decoding=\"async\" class=\"aligncenter wp-image-6964\" title=\"Aperture: &#402;\/5.6 | Credit: Matti Remonen | Camera: NIKON D810 | Taken: 14 lokakuun, 2015 | Copyright: (c) Matti Remonen | Flash fired: no | Focal length: 230mm | ISO: 500 | Keywords: Linnanm\u00e4ki Valokarnevaali -13, Tapahtumat | Shutter speed: 1\/500s | \" src=\"http:\/\/www.remonen.fi\/WP\/wp-content\/uploads\/2015\/10\/linnanmaki_valokarnevaali15-2.jpg\" alt=\"\" width=\"680\" height=\"454\" srcset=\"https:\/\/www.remonen.fi\/WP\/wp-content\/uploads\/2015\/10\/linnanmaki_valokarnevaali15-2.jpg 1024w, https:\/\/www.remonen.fi\/WP\/wp-content\/uploads\/2015\/10\/linnanmaki_valokarnevaali15-2-300x200.jpg 300w, https:\/\/www.remonen.fi\/WP\/wp-content\/uploads\/2015\/10\/linnanmaki_valokarnevaali15-2-680x454.jpg 680w, https:\/\/www.remonen.fi\/WP\/wp-content\/uploads\/2015\/10\/linnanmaki_valokarnevaali15-2-440x293.jpg 440w, https:\/\/www.remonen.fi\/WP\/wp-content\/uploads\/2015\/10\/linnanmaki_valokarnevaali15-2-960x640.jpg 960w\" sizes=\"(max-width: 680px) 100vw, 680px\" \/><\/a><\/p>\n<p>T\u00e4m\u00e4 kerta taisi olla minulle viides valokuvausreissu Valokarnevaaleille ja pikkuhiljaa ne pitk\u00e4n valotusajan h\u00e4rvelikuvat alkavat olemaan otettu. Joten ei auttanut muuta kuin alkaa mietti\u00e4 jotain muuta t\u00e4hystelt\u00e4v\u00e4\u00e4. Ensin sitten paneuduinkin vangitsemaan sit\u00e4 katoavaa auringonvaloa suhteessa ymp\u00e4r\u00f6iviin h\u00e4rveleihin.<\/p>\n<p><a href=\"http:\/\/www.remonen.fi\/WP\/wp-content\/uploads\/2015\/10\/linnanmaki_valokarnevaali15-5.jpg\"><img loading=\"lazy\" decoding=\"async\" class=\"aligncenter wp-image-6962\" title=\"Aperture: &#402;\/13 | Credit: Matti Remonen | Camera: NIKON D810 | Taken: 14 lokakuun, 2015 | Copyright: (c) Matti Remonen | Flash fired: no | Focal length: 102mm | ISO: 100 | Keywords: Linnanm\u00e4ki Valokarnevaali -13, Tapahtumat | Shutter speed: 1\/10s | \" src=\"http:\/\/www.remonen.fi\/WP\/wp-content\/uploads\/2015\/10\/linnanmaki_valokarnevaali15-5.jpg\" alt=\"\" width=\"454\" height=\"680\" srcset=\"https:\/\/www.remonen.fi\/WP\/wp-content\/uploads\/2015\/10\/linnanmaki_valokarnevaali15-5.jpg 683w, https:\/\/www.remonen.fi\/WP\/wp-content\/uploads\/2015\/10\/linnanmaki_valokarnevaali15-5-200x300.jpg 200w, https:\/\/www.remonen.fi\/WP\/wp-content\/uploads\/2015\/10\/linnanmaki_valokarnevaali15-5-454x680.jpg 454w, https:\/\/www.remonen.fi\/WP\/wp-content\/uploads\/2015\/10\/linnanmaki_valokarnevaali15-5-440x660.jpg 440w, https:\/\/www.remonen.fi\/WP\/wp-content\/uploads\/2015\/10\/linnanmaki_valokarnevaali15-5-300x450.jpg 300w\" sizes=\"(max-width: 454px) 100vw, 454px\" \/><\/a><\/p>\n<p>Pikkuhiljaa illan pimetess\u00e4 aloin sitten etsim\u00e4\u00e4n muuta kuvattavaa, kun tuo musta silhuetti pime\u00e4\u00e4 taivasta vasten ei oikein toimi.<\/p>\n<p><a href=\"http:\/\/www.remonen.fi\/WP\/wp-content\/uploads\/2015\/10\/linnanmaki_valokarnevaali15-10.jpg\"><img loading=\"lazy\" decoding=\"async\" class=\"aligncenter wp-image-6957\" title=\"Aperture: &#402;\/6.3 | Credit: Matti Remonen | Camera: NIKON D810 | Taken: 14 lokakuun, 2015 | Copyright: (c) Matti Remonen | Flash fired: no | Focal length: 36mm | ISO: 3600 | Keywords: Linnanm\u00e4ki Valokarnevaali -13, Tapahtumat | Shutter speed: 1\/80s | \" src=\"http:\/\/www.remonen.fi\/WP\/wp-content\/uploads\/2015\/10\/linnanmaki_valokarnevaali15-10.jpg\" alt=\"\" width=\"454\" height=\"680\" srcset=\"https:\/\/www.remonen.fi\/WP\/wp-content\/uploads\/2015\/10\/linnanmaki_valokarnevaali15-10.jpg 683w, https:\/\/www.remonen.fi\/WP\/wp-content\/uploads\/2015\/10\/linnanmaki_valokarnevaali15-10-200x300.jpg 200w, https:\/\/www.remonen.fi\/WP\/wp-content\/uploads\/2015\/10\/linnanmaki_valokarnevaali15-10-454x680.jpg 454w, https:\/\/www.remonen.fi\/WP\/wp-content\/uploads\/2015\/10\/linnanmaki_valokarnevaali15-10-440x660.jpg 440w, https:\/\/www.remonen.fi\/WP\/wp-content\/uploads\/2015\/10\/linnanmaki_valokarnevaali15-10-300x450.jpg 300w\" sizes=\"(max-width: 454px) 100vw, 454px\" \/><\/a><\/p>\n<p>Lintsi alkaa olemaan niin t\u00e4yteen rakennettu, ett\u00e4 varsinaisilta k\u00e4velyteilt\u00e4 ja -poluilta ei parane poiketa. L\u00f6ysin mielest\u00e4ni hyv\u00e4n paikan, josta saisi Kiepin etualalle ja viel\u00e4 hieman valoisan horisontin taka-alalle, mutta se oli kuulemma kielletty paikka. Sain kuitenkin puhuttua itselleni sen verran kuvausaikaa ko. paikassa, jotta sain oheisen kuvan talteen.<\/p>\n<p><a href=\"http:\/\/www.remonen.fi\/WP\/wp-content\/uploads\/2015\/10\/linnanmaki_valokarnevaali15-12.jpg\"><img loading=\"lazy\" decoding=\"async\" class=\"aligncenter wp-image-6955\" title=\"Aperture: &#402;\/8 | Credit: Matti Remonen | Camera: NIKON D810 | Taken: 14 lokakuun, 2015 | Copyright: (c) Matti Remonen | Flash fired: no | Focal length: 38mm | ISO: 160 | Keywords: Linnanm\u00e4ki Valokarnevaali -13, Tapahtumat | Shutter speed: 1.6s | \" src=\"http:\/\/www.remonen.fi\/WP\/wp-content\/uploads\/2015\/10\/linnanmaki_valokarnevaali15-12.jpg\" alt=\"\" width=\"454\" height=\"680\" srcset=\"https:\/\/www.remonen.fi\/WP\/wp-content\/uploads\/2015\/10\/linnanmaki_valokarnevaali15-12.jpg 683w, https:\/\/www.remonen.fi\/WP\/wp-content\/uploads\/2015\/10\/linnanmaki_valokarnevaali15-12-200x300.jpg 200w, https:\/\/www.remonen.fi\/WP\/wp-content\/uploads\/2015\/10\/linnanmaki_valokarnevaali15-12-454x680.jpg 454w, https:\/\/www.remonen.fi\/WP\/wp-content\/uploads\/2015\/10\/linnanmaki_valokarnevaali15-12-440x660.jpg 440w, https:\/\/www.remonen.fi\/WP\/wp-content\/uploads\/2015\/10\/linnanmaki_valokarnevaali15-12-300x450.jpg 300w\" sizes=\"(max-width: 454px) 100vw, 454px\" \/><\/a><\/p>\n<p>Muuten sitten viel\u00e4 py\u00f6rin tuolla tovin tai kaksi, mutta porukkaa alkoi kertym\u00e4\u00e4n paikalle siin\u00e4 m\u00e4\u00e4rin, ett\u00e4 liikkuminen kameran ja jalustan kanssa alkoi olemaan aika haasteellista. Otin viel\u00e4 parit pikaiset kuvat ja sitten olikin jo aika suunnata kotia kohden.<\/p>\n<p><a href=\"http:\/\/www.remonen.fi\/WP\/wp-content\/uploads\/2015\/10\/linnanmaki_valokarnevaali15-15.jpg\"><img loading=\"lazy\" decoding=\"async\" class=\"aligncenter wp-image-6952\" title=\"Aperture: &#402;\/2.8 | Credit: Matti Remonen | Camera: NIKON D810 | Taken: 14 lokakuun, 2015 | Copyright: (c) Matti Remonen | Flash fired: no | Focal length: 24mm | ISO: 6400 | Keywords: Linnanm\u00e4ki Valokarnevaali -13, Tapahtumat | Shutter speed: 1\/50s | \" src=\"http:\/\/www.remonen.fi\/WP\/wp-content\/uploads\/2015\/10\/linnanmaki_valokarnevaali15-15.jpg\" alt=\"\" width=\"454\" height=\"680\" srcset=\"https:\/\/www.remonen.fi\/WP\/wp-content\/uploads\/2015\/10\/linnanmaki_valokarnevaali15-15.jpg 683w, https:\/\/www.remonen.fi\/WP\/wp-content\/uploads\/2015\/10\/linnanmaki_valokarnevaali15-15-200x300.jpg 200w, https:\/\/www.remonen.fi\/WP\/wp-content\/uploads\/2015\/10\/linnanmaki_valokarnevaali15-15-454x680.jpg 454w, https:\/\/www.remonen.fi\/WP\/wp-content\/uploads\/2015\/10\/linnanmaki_valokarnevaali15-15-440x660.jpg 440w, https:\/\/www.remonen.fi\/WP\/wp-content\/uploads\/2015\/10\/linnanmaki_valokarnevaali15-15-300x450.jpg 300w\" sizes=\"(max-width: 454px) 100vw, 454px\" \/><\/a><\/p>\n<p><code>[envira-gallery id=\"7475\"]<\/code><\/p>\n<p style=\"padding-left: 30px;\"><em><span style=\"font-size: 8pt;\">P.S. klikkaamalla kuvia ne avautuvat isompina erilliseen Lightboxiin.<\/span><\/em><\/p>\n<p>Vaalitarkkailijana toimi Nikon D810 ja tukijoukkoina Nikkor AF-S 24-70\/2.8G sek\u00e4 Nikkor AF-S 80-400\/3.5-5.6G VRII.<\/p>\n<p>BTW. Mik\u00e4h\u00e4n mun kuvauksessa on, kun nyky\u00e4\u00e4n mulla pukkaa 90% kuvista pystykuvia? En tahdo osata kuvata vaakaa en\u00e4\u00e4n ollenkaan. Sigmund saisi t\u00e4st\u00e4 aikaan varmaan luennon tai kaksi, jos olisi viel\u00e4 elossa.<\/p>\n","protected":false},"excerpt":{"rendered":"<p>Taas oli vuorossa vaalit. Persujen alam\u00e4est\u00e4 huolimatta kyseess\u00e4 eiv\u00e4t olleet Eduskunta- vaan Linnanm\u00e4en valokarnevaalit. Jotka tapahtumana ovatkin paljon v\u00e4rikk\u00e4\u00e4mm\u00e4t ja my\u00f6s yleis\u00f6yst\u00e4v\u00e4llisemm\u00e4t. Ensin olin v\u00e4h\u00e4n sit\u00e4 mielt\u00e4, etten tuonne jaksa menn\u00e4, vaan lojun senkin ajan kotona. Mutta sitten kun sopiva tilaisuus sattui kohdalle, niin p\u00e4\u00e4tinkin pakata kamerat kassiin ja suunnata kohden Lintsi\u00e4. Edellisest\u00e4 kerrasta &#8211; [&hellip;]<\/p>\n","protected":false},"author":2,"featured_media":6967,"comment_status":"open","ping_status":"closed","sticky":false,"template":"","format":"standard","meta":{"footnotes":""},"categories":[16],"tags":[95,96],"yoast_head":"<!-- This site is optimized with the Yoast SEO plugin v24.5 - https:\/\/yoast.com\/wordpress\/plugins\/seo\/ -->\n<title>Vaalit, karnevaalit &#187; remonen.fi<\/title>\n<meta name=\"description\" content=\"Linnanm\u00e4en Valokarnevaalit 2015. Kuvia ja vanhan miehen turinaa aiheesta ja aiheen vierest\u00e4.\" \/>\n<meta name=\"robots\" content=\"index, follow, max-snippet:-1, max-image-preview:large, max-video-preview:-1\" \/>\n<link rel=\"canonical\" href=\"https:\/\/www.remonen.fi\/WP\/blogi\/vaalit-karnevaalit\/\" \/>\n<meta property=\"og:locale\" content=\"fi_FI\" \/>\n<meta property=\"og:type\" content=\"article\" \/>\n<meta property=\"og:title\" content=\"Vaalit, karnevaalit &#187; remonen.fi\" \/>\n<meta property=\"og:description\" content=\"Linnanm\u00e4en Valokarnevaalit 2015. Kuvia ja vanhan miehen turinaa aiheesta ja aiheen vierest\u00e4.\" \/>\n<meta property=\"og:url\" content=\"https:\/\/www.remonen.fi\/WP\/blogi\/vaalit-karnevaalit\/\" \/>\n<meta property=\"og:site_name\" content=\"remonen.fi\" \/>\n<meta property=\"article:published_time\" content=\"2015-10-15T17:57:51+00:00\" \/>\n<meta property=\"article:modified_time\" content=\"2016-05-02T07:23:41+00:00\" \/>\n<meta property=\"og:image\" content=\"https:\/\/www.remonen.fi\/WP\/wp-content\/uploads\/2015\/10\/linnanmaki_valokarnevaali15-1-2.jpg\" \/>\n\t<meta property=\"og:image:width\" content=\"1024\" \/>\n\t<meta property=\"og:image:height\" content=\"683\" \/>\n\t<meta property=\"og:image:type\" content=\"image\/jpeg\" \/>\n<meta name=\"author\" content=\"Matti Remonen\" \/>\n<meta name=\"twitter:label1\" content=\"Kirjoittanut\" \/>\n\t<meta name=\"twitter:data1\" content=\"Matti Remonen\" \/>\n\t<meta name=\"twitter:label2\" content=\"Arvioitu lukuaika\" \/>\n\t<meta name=\"twitter:data2\" content=\"3 minuuttia\" \/>\n<script type=\"application\/ld+json\" class=\"yoast-schema-graph\">{\"@context\":\"https:\/\/schema.org\",\"@graph\":[{\"@type\":\"Article\",\"@id\":\"https:\/\/www.remonen.fi\/WP\/blogi\/vaalit-karnevaalit\/#article\",\"isPartOf\":{\"@id\":\"https:\/\/www.remonen.fi\/WP\/blogi\/vaalit-karnevaalit\/\"},\"author\":{\"name\":\"Matti Remonen\",\"@id\":\"https:\/\/www.remonen.fi\/WP\/#\/schema\/person\/1803c23d1d4f6722054eb2ac7f7a97cd\"},\"headline\":\"Vaalit, karnevaalit\",\"datePublished\":\"2015-10-15T17:57:51+00:00\",\"dateModified\":\"2016-05-02T07:23:41+00:00\",\"mainEntityOfPage\":{\"@id\":\"https:\/\/www.remonen.fi\/WP\/blogi\/vaalit-karnevaalit\/\"},\"wordCount\":500,\"commentCount\":0,\"publisher\":{\"@id\":\"https:\/\/www.remonen.fi\/WP\/#\/schema\/person\/1803c23d1d4f6722054eb2ac7f7a97cd\"},\"image\":{\"@id\":\"https:\/\/www.remonen.fi\/WP\/blogi\/vaalit-karnevaalit\/#primaryimage\"},\"thumbnailUrl\":\"https:\/\/www.remonen.fi\/WP\/wp-content\/uploads\/2015\/10\/linnanmaki_valokarnevaali15-1-2.jpg\",\"keywords\":[\"Linnanm\u00e4ki\",\"Valokarnevaalit\"],\"articleSection\":[\"Blog\"],\"inLanguage\":\"fi\",\"potentialAction\":[{\"@type\":\"CommentAction\",\"name\":\"Comment\",\"target\":[\"https:\/\/www.remonen.fi\/WP\/blogi\/vaalit-karnevaalit\/#respond\"]}]},{\"@type\":\"WebPage\",\"@id\":\"https:\/\/www.remonen.fi\/WP\/blogi\/vaalit-karnevaalit\/\",\"url\":\"https:\/\/www.remonen.fi\/WP\/blogi\/vaalit-karnevaalit\/\",\"name\":\"Vaalit, karnevaalit &#187; remonen.fi\",\"isPartOf\":{\"@id\":\"https:\/\/www.remonen.fi\/WP\/#website\"},\"primaryImageOfPage\":{\"@id\":\"https:\/\/www.remonen.fi\/WP\/blogi\/vaalit-karnevaalit\/#primaryimage\"},\"image\":{\"@id\":\"https:\/\/www.remonen.fi\/WP\/blogi\/vaalit-karnevaalit\/#primaryimage\"},\"thumbnailUrl\":\"https:\/\/www.remonen.fi\/WP\/wp-content\/uploads\/2015\/10\/linnanmaki_valokarnevaali15-1-2.jpg\",\"datePublished\":\"2015-10-15T17:57:51+00:00\",\"dateModified\":\"2016-05-02T07:23:41+00:00\",\"description\":\"Linnanm\u00e4en Valokarnevaalit 2015. Kuvia ja vanhan miehen turinaa aiheesta ja aiheen vierest\u00e4.\",\"breadcrumb\":{\"@id\":\"https:\/\/www.remonen.fi\/WP\/blogi\/vaalit-karnevaalit\/#breadcrumb\"},\"inLanguage\":\"fi\",\"potentialAction\":[{\"@type\":\"ReadAction\",\"target\":[\"https:\/\/www.remonen.fi\/WP\/blogi\/vaalit-karnevaalit\/\"]}]},{\"@type\":\"ImageObject\",\"inLanguage\":\"fi\",\"@id\":\"https:\/\/www.remonen.fi\/WP\/blogi\/vaalit-karnevaalit\/#primaryimage\",\"url\":\"https:\/\/www.remonen.fi\/WP\/wp-content\/uploads\/2015\/10\/linnanmaki_valokarnevaali15-1-2.jpg\",\"contentUrl\":\"https:\/\/www.remonen.fi\/WP\/wp-content\/uploads\/2015\/10\/linnanmaki_valokarnevaali15-1-2.jpg\",\"width\":1024,\"height\":683},{\"@type\":\"BreadcrumbList\",\"@id\":\"https:\/\/www.remonen.fi\/WP\/blogi\/vaalit-karnevaalit\/#breadcrumb\",\"itemListElement\":[{\"@type\":\"ListItem\",\"position\":1,\"name\":\"Etusivu\",\"item\":\"https:\/\/www.remonen.fi\/WP\/\"},{\"@type\":\"ListItem\",\"position\":2,\"name\":\"Vaalit, karnevaalit\"}]},{\"@type\":\"WebSite\",\"@id\":\"https:\/\/www.remonen.fi\/WP\/#website\",\"url\":\"https:\/\/www.remonen.fi\/WP\/\",\"name\":\"remonen.fi\",\"description\":\"Valokuvia ja tarinaa laidasta laitaan\",\"publisher\":{\"@id\":\"https:\/\/www.remonen.fi\/WP\/#\/schema\/person\/1803c23d1d4f6722054eb2ac7f7a97cd\"},\"potentialAction\":[{\"@type\":\"SearchAction\",\"target\":{\"@type\":\"EntryPoint\",\"urlTemplate\":\"https:\/\/www.remonen.fi\/WP\/?s={search_term_string}\"},\"query-input\":{\"@type\":\"PropertyValueSpecification\",\"valueRequired\":true,\"valueName\":\"search_term_string\"}}],\"inLanguage\":\"fi\"},{\"@type\":[\"Person\",\"Organization\"],\"@id\":\"https:\/\/www.remonen.fi\/WP\/#\/schema\/person\/1803c23d1d4f6722054eb2ac7f7a97cd\",\"name\":\"Matti Remonen\",\"logo\":{\"@id\":\"https:\/\/www.remonen.fi\/WP\/#\/schema\/person\/image\/\"},\"url\":\"https:\/\/www.remonen.fi\/WP\/blogi\/author\/mre\/\"}]}<\/script>\n<!-- \/ Yoast SEO plugin. -->","yoast_head_json":{"title":"Vaalit, karnevaalit &#187; remonen.fi","description":"Linnanm\u00e4en Valokarnevaalit 2015. Kuvia ja vanhan miehen turinaa aiheesta ja aiheen vierest\u00e4.","robots":{"index":"index","follow":"follow","max-snippet":"max-snippet:-1","max-image-preview":"max-image-preview:large","max-video-preview":"max-video-preview:-1"},"canonical":"https:\/\/www.remonen.fi\/WP\/blogi\/vaalit-karnevaalit\/","og_locale":"fi_FI","og_type":"article","og_title":"Vaalit, karnevaalit &#187; remonen.fi","og_description":"Linnanm\u00e4en Valokarnevaalit 2015. Kuvia ja vanhan miehen turinaa aiheesta ja aiheen vierest\u00e4.","og_url":"https:\/\/www.remonen.fi\/WP\/blogi\/vaalit-karnevaalit\/","og_site_name":"remonen.fi","article_published_time":"2015-10-15T17:57:51+00:00","article_modified_time":"2016-05-02T07:23:41+00:00","og_image":[{"width":1024,"height":683,"url":"https:\/\/www.remonen.fi\/WP\/wp-content\/uploads\/2015\/10\/linnanmaki_valokarnevaali15-1-2.jpg","type":"image\/jpeg"}],"author":"Matti Remonen","twitter_misc":{"Kirjoittanut":"Matti Remonen","Arvioitu lukuaika":"3 minuuttia"},"schema":{"@context":"https:\/\/schema.org","@graph":[{"@type":"Article","@id":"https:\/\/www.remonen.fi\/WP\/blogi\/vaalit-karnevaalit\/#article","isPartOf":{"@id":"https:\/\/www.remonen.fi\/WP\/blogi\/vaalit-karnevaalit\/"},"author":{"name":"Matti Remonen","@id":"https:\/\/www.remonen.fi\/WP\/#\/schema\/person\/1803c23d1d4f6722054eb2ac7f7a97cd"},"headline":"Vaalit, karnevaalit","datePublished":"2015-10-15T17:57:51+00:00","dateModified":"2016-05-02T07:23:41+00:00","mainEntityOfPage":{"@id":"https:\/\/www.remonen.fi\/WP\/blogi\/vaalit-karnevaalit\/"},"wordCount":500,"commentCount":0,"publisher":{"@id":"https:\/\/www.remonen.fi\/WP\/#\/schema\/person\/1803c23d1d4f6722054eb2ac7f7a97cd"},"image":{"@id":"https:\/\/www.remonen.fi\/WP\/blogi\/vaalit-karnevaalit\/#primaryimage"},"thumbnailUrl":"https:\/\/www.remonen.fi\/WP\/wp-content\/uploads\/2015\/10\/linnanmaki_valokarnevaali15-1-2.jpg","keywords":["Linnanm\u00e4ki","Valokarnevaalit"],"articleSection":["Blog"],"inLanguage":"fi","potentialAction":[{"@type":"CommentAction","name":"Comment","target":["https:\/\/www.remonen.fi\/WP\/blogi\/vaalit-karnevaalit\/#respond"]}]},{"@type":"WebPage","@id":"https:\/\/www.remonen.fi\/WP\/blogi\/vaalit-karnevaalit\/","url":"https:\/\/www.remonen.fi\/WP\/blogi\/vaalit-karnevaalit\/","name":"Vaalit, karnevaalit &#187; remonen.fi","isPartOf":{"@id":"https:\/\/www.remonen.fi\/WP\/#website"},"primaryImageOfPage":{"@id":"https:\/\/www.remonen.fi\/WP\/blogi\/vaalit-karnevaalit\/#primaryimage"},"image":{"@id":"https:\/\/www.remonen.fi\/WP\/blogi\/vaalit-karnevaalit\/#primaryimage"},"thumbnailUrl":"https:\/\/www.remonen.fi\/WP\/wp-content\/uploads\/2015\/10\/linnanmaki_valokarnevaali15-1-2.jpg","datePublished":"2015-10-15T17:57:51+00:00","dateModified":"2016-05-02T07:23:41+00:00","description":"Linnanm\u00e4en Valokarnevaalit 2015. Kuvia ja vanhan miehen turinaa aiheesta ja aiheen vierest\u00e4.","breadcrumb":{"@id":"https:\/\/www.remonen.fi\/WP\/blogi\/vaalit-karnevaalit\/#breadcrumb"},"inLanguage":"fi","potentialAction":[{"@type":"ReadAction","target":["https:\/\/www.remonen.fi\/WP\/blogi\/vaalit-karnevaalit\/"]}]},{"@type":"ImageObject","inLanguage":"fi","@id":"https:\/\/www.remonen.fi\/WP\/blogi\/vaalit-karnevaalit\/#primaryimage","url":"https:\/\/www.remonen.fi\/WP\/wp-content\/uploads\/2015\/10\/linnanmaki_valokarnevaali15-1-2.jpg","contentUrl":"https:\/\/www.remonen.fi\/WP\/wp-content\/uploads\/2015\/10\/linnanmaki_valokarnevaali15-1-2.jpg","width":1024,"height":683},{"@type":"BreadcrumbList","@id":"https:\/\/www.remonen.fi\/WP\/blogi\/vaalit-karnevaalit\/#breadcrumb","itemListElement":[{"@type":"ListItem","position":1,"name":"Etusivu","item":"https:\/\/www.remonen.fi\/WP\/"},{"@type":"ListItem","position":2,"name":"Vaalit, karnevaalit"}]},{"@type":"WebSite","@id":"https:\/\/www.remonen.fi\/WP\/#website","url":"https:\/\/www.remonen.fi\/WP\/","name":"remonen.fi","description":"Valokuvia ja tarinaa laidasta laitaan","publisher":{"@id":"https:\/\/www.remonen.fi\/WP\/#\/schema\/person\/1803c23d1d4f6722054eb2ac7f7a97cd"},"potentialAction":[{"@type":"SearchAction","target":{"@type":"EntryPoint","urlTemplate":"https:\/\/www.remonen.fi\/WP\/?s={search_term_string}"},"query-input":{"@type":"PropertyValueSpecification","valueRequired":true,"valueName":"search_term_string"}}],"inLanguage":"fi"},{"@type":["Person","Organization"],"@id":"https:\/\/www.remonen.fi\/WP\/#\/schema\/person\/1803c23d1d4f6722054eb2ac7f7a97cd","name":"Matti Remonen","logo":{"@id":"https:\/\/www.remonen.fi\/WP\/#\/schema\/person\/image\/"},"url":"https:\/\/www.remonen.fi\/WP\/blogi\/author\/mre\/"}]}},"_links":{"self":[{"href":"https:\/\/www.remonen.fi\/WP\/wp-json\/wp\/v2\/posts\/6948"}],"collection":[{"href":"https:\/\/www.remonen.fi\/WP\/wp-json\/wp\/v2\/posts"}],"about":[{"href":"https:\/\/www.remonen.fi\/WP\/wp-json\/wp\/v2\/types\/post"}],"author":[{"embeddable":true,"href":"https:\/\/www.remonen.fi\/WP\/wp-json\/wp\/v2\/users\/2"}],"replies":[{"embeddable":true,"href":"https:\/\/www.remonen.fi\/WP\/wp-json\/wp\/v2\/comments?post=6948"}],"version-history":[{"count":0,"href":"https:\/\/www.remonen.fi\/WP\/wp-json\/wp\/v2\/posts\/6948\/revisions"}],"wp:featuredmedia":[{"embeddable":true,"href":"https:\/\/www.remonen.fi\/WP\/wp-json\/wp\/v2\/media\/6967"}],"wp:attachment":[{"href":"https:\/\/www.remonen.fi\/WP\/wp-json\/wp\/v2\/media?parent=6948"}],"wp:term":[{"taxonomy":"category","embeddable":true,"href":"https:\/\/www.remonen.fi\/WP\/wp-json\/wp\/v2\/categories?post=6948"},{"taxonomy":"post_tag","embeddable":true,"href":"https:\/\/www.remonen.fi\/WP\/wp-json\/wp\/v2\/tags?post=6948"}],"curies":[{"name":"wp","href":"https:\/\/api.w.org\/{rel}","templated":true}]}}