{"id":7022,"date":"2015-11-03T20:01:34","date_gmt":"2015-11-03T18:01:34","guid":{"rendered":"http:\/\/www.remonen.fi\/?p=7022"},"modified":"2016-05-02T10:23:19","modified_gmt":"2016-05-02T07:23:19","slug":"varjojen-valtias","status":"publish","type":"post","link":"https:\/\/www.remonen.fi\/WP\/blogi\/varjojen-valtias\/","title":{"rendered":"Varjojen valtias"},"content":{"rendered":"<p>Eilen p\u00e4\u00e4tin l\u00e4hte\u00e4 pitk\u00e4st\u00e4 aikaa ison kyl\u00e4n keskustaan t\u00f6iden j\u00e4lkeen. Sinne ei vet\u00e4nyt alkanut pikkujoulukausi vaan <a href=\"http:\/\/www.lasipalatsi.fi\/tapahtumat\/event\/501---dramaattiset-varjot-lea-koemin-valokuvia-naeyttelytilassa\" target=\"_blank\">Lea K\u00f6min Dramaattisia Varjoja-valokuvan\u00e4yttelyn<\/a> avajaiset. Asia liippasi itse\u00e4n\u00e4 l\u00e4helt\u00e4 siksikin, kun olen usemmallakin Lean kurssilla k\u00e4ynyt ja varsinkin siksi, kun olen nimenomaan k\u00e4ynyt Lean <a href=\"http:\/\/www.remonen.fi\/blogi\/yksi-filmi-mustana-kiitos\/\">film noir-teemakurssin<\/a> parisen vuotta sitten.<\/p>\n<p><a href=\"http:\/\/www.remonen.fi\/WP\/wp-content\/uploads\/2015\/11\/dramaattisia_varjoja-1-2.jpg\"><img loading=\"lazy\" decoding=\"async\" class=\"aligncenter wp-image-7036\" title=\"Aperture: &#402;\/5 | Credit: Matti Remonen | Camera: NIKON D810 | Taken: 2 marraskuun, 2015 | Copyright: (c) Matti Remonen | Flash fired: yes | Focal length: 58mm | ISO: 250 | Keywords: Lea K\u00f6mi: Dramaatisia Varjoja, N\u00e4yttelyt | Shutter speed: 1\/125s | \" src=\"http:\/\/www.remonen.fi\/WP\/wp-content\/uploads\/2015\/11\/dramaattisia_varjoja-1-2.jpg\" alt=\"\" width=\"680\" height=\"454\" srcset=\"https:\/\/www.remonen.fi\/WP\/wp-content\/uploads\/2015\/11\/dramaattisia_varjoja-1-2.jpg 1024w, https:\/\/www.remonen.fi\/WP\/wp-content\/uploads\/2015\/11\/dramaattisia_varjoja-1-2-300x200.jpg 300w, https:\/\/www.remonen.fi\/WP\/wp-content\/uploads\/2015\/11\/dramaattisia_varjoja-1-2-680x454.jpg 680w, https:\/\/www.remonen.fi\/WP\/wp-content\/uploads\/2015\/11\/dramaattisia_varjoja-1-2-440x293.jpg 440w, https:\/\/www.remonen.fi\/WP\/wp-content\/uploads\/2015\/11\/dramaattisia_varjoja-1-2-960x640.jpg 960w\" sizes=\"(max-width: 680px) 100vw, 680px\" \/><\/a><\/p>\n<p>No, saavuin sitten Lasipalatsille h-hetken tiet\u00e4miss\u00e4 ja n\u00e4yttelytila alkoi pikkuhiljaa t\u00e4yttym\u00e4\u00e4n vieraista. Itselle n\u00e4m\u00e4 n\u00e4yttelynavajaiset olivat ihan ensimm\u00e4inen kerta. Ei oikein ole tullut t\u00e4h\u00e4n taideskeneen tutustuttua aiemmin, mutta eih\u00e4n sit\u00e4 tied\u00e4 miten sit\u00e4 viel\u00e4 innostuu. Ilmaiseen sampanjaan voisi vaikka tottuakin&#8230;<\/p>\n<p><a href=\"http:\/\/www.remonen.fi\/WP\/wp-content\/uploads\/2015\/11\/dramaattisia_varjoja-2-2.jpg\"><img loading=\"lazy\" decoding=\"async\" class=\"aligncenter wp-image-7037\" title=\"Aperture: &#402;\/5.6 | Credit: Matti Remonen | Camera: NIKON D810 | Taken: 2 marraskuun, 2015 | Copyright: (c) Matti Remonen | Flash fired: yes | Focal length: 35mm | ISO: 280 | Keywords: Lea K\u00f6mi: Dramaatisia Varjoja, N\u00e4yttelyt | Shutter speed: 1\/80s | \" src=\"http:\/\/www.remonen.fi\/WP\/wp-content\/uploads\/2015\/11\/dramaattisia_varjoja-2-2.jpg\" alt=\"\" width=\"680\" height=\"454\" srcset=\"https:\/\/www.remonen.fi\/WP\/wp-content\/uploads\/2015\/11\/dramaattisia_varjoja-2-2.jpg 1024w, https:\/\/www.remonen.fi\/WP\/wp-content\/uploads\/2015\/11\/dramaattisia_varjoja-2-2-300x200.jpg 300w, https:\/\/www.remonen.fi\/WP\/wp-content\/uploads\/2015\/11\/dramaattisia_varjoja-2-2-680x454.jpg 680w, https:\/\/www.remonen.fi\/WP\/wp-content\/uploads\/2015\/11\/dramaattisia_varjoja-2-2-440x293.jpg 440w, https:\/\/www.remonen.fi\/WP\/wp-content\/uploads\/2015\/11\/dramaattisia_varjoja-2-2-960x640.jpg 960w\" sizes=\"(max-width: 680px) 100vw, 680px\" \/><\/a><\/p>\n<p>Paikalle tuli aika paljon tuttavuuksia valokuvakursseilta ja k\u00f6mil\u00e4isten kuvausreissuilta. Ja mukavahan sit\u00e4 on aina tuttuja tavata ja turista joutavia. Olin ottanut mukaan my\u00f6s kameran ja t\u00e4ll\u00e4 kertaa poikkeuksellisesti my\u00f6s k\u00e4sisalaman. Taisi olla eka kerta kun mun salama p\u00e4\u00e4si reissuun, en oikein ole mik\u00e4\u00e4n salamakuvaaja. Muuten vaan nopea ja kirkas. Sen verran mulla oli ollut j\u00e4rke\u00e4 mukana, ett\u00e4 olin ottanut salamaan erillisen diffuuserin, mutta ihan tuubiin ei sek\u00e4\u00e4n mennyt. Otin nimitt\u00e4in valkoisen, kun mulla olisi ollut my\u00f6s kullanv\u00e4rinen saatavilla. Ja tietysti ei voinut ottaa mukaan molempia. Joka sitten tarkoitti sit\u00e4, ett\u00e4 kuvien valkotasapainon kanssa tuli heti ongelmia, kun n\u00e4yttelytilassa oli varsin l\u00e4mpim\u00e4nv\u00e4rinen valaistus ja salami ampui sitten sit\u00e4 vakiota 6500 kelvini\u00e4. No, aina oppii.<\/p>\n<p><a href=\"http:\/\/www.remonen.fi\/WP\/wp-content\/uploads\/2015\/11\/dramaattisia_varjoja-3.jpg\"><img loading=\"lazy\" decoding=\"async\" class=\"aligncenter wp-image-7034 size-full\" title=\"Aperture: &#402;\/5.6 | Credit: Matti Remonen | Camera: NIKON D810 | Taken: 2 marraskuun, 2015 | Copyright: (c) Matti Remonen | Flash fired: no | Focal length: 45mm | ISO: 8000 | Keywords: Lea K\u00f6mi: Dramaatisia Varjoja, N\u00e4yttelyt | Shutter speed: 1\/100s | \" src=\"http:\/\/www.remonen.fi\/WP\/wp-content\/uploads\/2015\/11\/dramaattisia_varjoja-3.jpg\" alt=\"\" width=\"1024\" height=\"683\" srcset=\"https:\/\/www.remonen.fi\/WP\/wp-content\/uploads\/2015\/11\/dramaattisia_varjoja-3.jpg 1024w, https:\/\/www.remonen.fi\/WP\/wp-content\/uploads\/2015\/11\/dramaattisia_varjoja-3-300x200.jpg 300w, https:\/\/www.remonen.fi\/WP\/wp-content\/uploads\/2015\/11\/dramaattisia_varjoja-3-680x454.jpg 680w, https:\/\/www.remonen.fi\/WP\/wp-content\/uploads\/2015\/11\/dramaattisia_varjoja-3-440x293.jpg 440w, https:\/\/www.remonen.fi\/WP\/wp-content\/uploads\/2015\/11\/dramaattisia_varjoja-3-960x640.jpg 960w\" sizes=\"(max-width: 1024px) 100vw, 1024px\" \/><\/a><\/p>\n<p>Porukkaahan tuolla oli kuin helluntaiepistolassa. Ja kun kaikki olivat sulloutuneet sis\u00e4\u00e4n, varsinainen ohjelma p\u00e4\u00e4si alkamaan. Lean puheen<\/p>\n<p><a href=\"http:\/\/www.remonen.fi\/WP\/wp-content\/uploads\/2015\/11\/dramaattisia_varjoja-1-31.jpg\"><img loading=\"lazy\" decoding=\"async\" class=\"aligncenter wp-image-7047\" title=\"Aperture: &#402;\/6.3 | Credit: Matti Remonen | Camera: NIKON D810 | Taken: 2 marraskuun, 2015 | Copyright: (c) Matti Remonen | Flash fired: yes | Focal length: 44mm | ISO: 800 | Keywords: Lea K\u00f6mi: Dramaatisia Varjoja, N\u00e4yttelyt | Shutter speed: 1\/100s | \" src=\"http:\/\/www.remonen.fi\/WP\/wp-content\/uploads\/2015\/11\/dramaattisia_varjoja-1-31.jpg\" alt=\"\" width=\"454\" height=\"680\" srcset=\"https:\/\/www.remonen.fi\/WP\/wp-content\/uploads\/2015\/11\/dramaattisia_varjoja-1-31.jpg 683w, https:\/\/www.remonen.fi\/WP\/wp-content\/uploads\/2015\/11\/dramaattisia_varjoja-1-31-200x300.jpg 200w, https:\/\/www.remonen.fi\/WP\/wp-content\/uploads\/2015\/11\/dramaattisia_varjoja-1-31-454x680.jpg 454w, https:\/\/www.remonen.fi\/WP\/wp-content\/uploads\/2015\/11\/dramaattisia_varjoja-1-31-440x660.jpg 440w, https:\/\/www.remonen.fi\/WP\/wp-content\/uploads\/2015\/11\/dramaattisia_varjoja-1-31-300x450.jpg 300w\" sizes=\"(max-width: 454px) 100vw, 454px\" \/><\/a><\/p>\n<p>lis\u00e4ksi kuulimme runonlausuntaa<\/p>\n<p><a href=\"http:\/\/www.remonen.fi\/WP\/wp-content\/uploads\/2015\/11\/dramaattisia_varjoja-7.jpg\"><img loading=\"lazy\" decoding=\"async\" class=\"aligncenter wp-image-7030\" title=\"Aperture: &#402;\/2.8 | Credit: Matti Remonen | Camera: NIKON D810 | Taken: 2 marraskuun, 2015 | Copyright: (c) Matti Remonen | Flash fired: yes | Focal length: 56mm | ISO: 250 | Keywords: Lea K\u00f6mi: Dramaatisia Varjoja, N\u00e4yttelyt | Shutter speed: 1\/125s | \" src=\"http:\/\/www.remonen.fi\/WP\/wp-content\/uploads\/2015\/11\/dramaattisia_varjoja-7.jpg\" alt=\"\" width=\"454\" height=\"680\" srcset=\"https:\/\/www.remonen.fi\/WP\/wp-content\/uploads\/2015\/11\/dramaattisia_varjoja-7.jpg 683w, https:\/\/www.remonen.fi\/WP\/wp-content\/uploads\/2015\/11\/dramaattisia_varjoja-7-200x300.jpg 200w, https:\/\/www.remonen.fi\/WP\/wp-content\/uploads\/2015\/11\/dramaattisia_varjoja-7-454x680.jpg 454w, https:\/\/www.remonen.fi\/WP\/wp-content\/uploads\/2015\/11\/dramaattisia_varjoja-7-440x660.jpg 440w, https:\/\/www.remonen.fi\/WP\/wp-content\/uploads\/2015\/11\/dramaattisia_varjoja-7-300x450.jpg 300w\" sizes=\"(max-width: 454px) 100vw, 454px\" \/><\/a><\/p>\n<p>ja saksofonin soittoa.<\/p>\n<p><a href=\"http:\/\/www.remonen.fi\/WP\/wp-content\/uploads\/2015\/11\/dramaattisia_varjoja-8.jpg\"><img loading=\"lazy\" decoding=\"async\" class=\"aligncenter wp-image-7029\" title=\"Aperture: &#402;\/5 | Credit: Matti Remonen | Camera: NIKON D810 | Taken: 2 marraskuun, 2015 | Copyright: (c) Matti Remonen | Flash fired: yes | Focal length: 38mm | ISO: 1600 | Keywords: Lea K\u00f6mi: Dramaatisia Varjoja, N\u00e4yttelyt | Shutter speed: 1\/80s | \" src=\"http:\/\/www.remonen.fi\/WP\/wp-content\/uploads\/2015\/11\/dramaattisia_varjoja-8.jpg\" alt=\"\" width=\"454\" height=\"680\" srcset=\"https:\/\/www.remonen.fi\/WP\/wp-content\/uploads\/2015\/11\/dramaattisia_varjoja-8.jpg 683w, https:\/\/www.remonen.fi\/WP\/wp-content\/uploads\/2015\/11\/dramaattisia_varjoja-8-200x300.jpg 200w, https:\/\/www.remonen.fi\/WP\/wp-content\/uploads\/2015\/11\/dramaattisia_varjoja-8-454x680.jpg 454w, https:\/\/www.remonen.fi\/WP\/wp-content\/uploads\/2015\/11\/dramaattisia_varjoja-8-440x660.jpg 440w, https:\/\/www.remonen.fi\/WP\/wp-content\/uploads\/2015\/11\/dramaattisia_varjoja-8-300x450.jpg 300w\" sizes=\"(max-width: 454px) 100vw, 454px\" \/><\/a><\/p>\n<p>Paikalla oli my\u00f6s lammashuutokauppa. Onneksi <a href=\"https:\/\/fi.wikipedia.org\/wiki\/Sini_Saarela\" target=\"_blank\">Sini Saarela<\/a> oli samaan aikaan lukittuna hiililaivaan&#8230;<\/p>\n<p><a href=\"http:\/\/www.remonen.fi\/WP\/wp-content\/uploads\/2015\/11\/dramaattisia_varjoja-6.jpg\"><img loading=\"lazy\" decoding=\"async\" class=\"aligncenter wp-image-7031\" title=\"Aperture: &#402;\/2.8 | Credit: Matti Remonen | Camera: NIKON D810 | Taken: 2 marraskuun, 2015 | Copyright: (c) Matti Remonen | Flash fired: yes | Focal length: 36mm | ISO: 250 | Keywords: Lea K\u00f6mi: Dramaatisia Varjoja, N\u00e4yttelyt | Shutter speed: 1\/80s | \" src=\"http:\/\/www.remonen.fi\/WP\/wp-content\/uploads\/2015\/11\/dramaattisia_varjoja-6.jpg\" alt=\"\" width=\"454\" height=\"680\" srcset=\"https:\/\/www.remonen.fi\/WP\/wp-content\/uploads\/2015\/11\/dramaattisia_varjoja-6.jpg 683w, https:\/\/www.remonen.fi\/WP\/wp-content\/uploads\/2015\/11\/dramaattisia_varjoja-6-200x300.jpg 200w, https:\/\/www.remonen.fi\/WP\/wp-content\/uploads\/2015\/11\/dramaattisia_varjoja-6-454x680.jpg 454w, https:\/\/www.remonen.fi\/WP\/wp-content\/uploads\/2015\/11\/dramaattisia_varjoja-6-440x660.jpg 440w, https:\/\/www.remonen.fi\/WP\/wp-content\/uploads\/2015\/11\/dramaattisia_varjoja-6-300x450.jpg 300w\" sizes=\"(max-width: 454px) 100vw, 454px\" \/><\/a><\/p>\n<p>Tilaisuus oli muutenkin l\u00e4mminhenkinen ja ajoittain jopa riehakas<a href=\"http:\/\/www.remonen.fi\/WP\/wp-content\/uploads\/2015\/11\/dramaattisia_varjoja-5.jpg\"><img loading=\"lazy\" decoding=\"async\" class=\"aligncenter wp-image-7032\" title=\"Aperture: &#402;\/6.3 | Credit: Matti Remonen | Camera: NIKON D810 | Taken: 2 marraskuun, 2015 | Copyright: (c) Matti Remonen | Flash fired: yes | Focal length: 70mm | ISO: 1100 | Keywords: Lea K\u00f6mi: Dramaatisia Varjoja, N\u00e4yttelyt | Shutter speed: 1\/160s | \" src=\"http:\/\/www.remonen.fi\/WP\/wp-content\/uploads\/2015\/11\/dramaattisia_varjoja-5.jpg\" alt=\"\" width=\"454\" height=\"680\" srcset=\"https:\/\/www.remonen.fi\/WP\/wp-content\/uploads\/2015\/11\/dramaattisia_varjoja-5.jpg 683w, https:\/\/www.remonen.fi\/WP\/wp-content\/uploads\/2015\/11\/dramaattisia_varjoja-5-200x300.jpg 200w, https:\/\/www.remonen.fi\/WP\/wp-content\/uploads\/2015\/11\/dramaattisia_varjoja-5-454x680.jpg 454w, https:\/\/www.remonen.fi\/WP\/wp-content\/uploads\/2015\/11\/dramaattisia_varjoja-5-440x660.jpg 440w, https:\/\/www.remonen.fi\/WP\/wp-content\/uploads\/2015\/11\/dramaattisia_varjoja-5-300x450.jpg 300w\" sizes=\"(max-width: 454px) 100vw, 454px\" \/><\/a><\/p>\n<p>vaikka joillain aina mopo keulii kun on ilmaista sihijuomaa.<\/p>\n<p><a href=\"http:\/\/www.remonen.fi\/WP\/wp-content\/uploads\/2015\/11\/dramaattisia_varjoja-13.jpg\"><img loading=\"lazy\" decoding=\"async\" class=\"aligncenter wp-image-7024\" title=\"Aperture: &#402;\/5.6 | Credit: Matti Remonen | Camera: NIKON D810 | Taken: 2 marraskuun, 2015 | Copyright: (c) Matti Remonen | Flash fired: yes | Focal length: 44mm | ISO: 280 | Keywords: Lea K\u00f6mi: Dramaatisia Varjoja, N\u00e4yttelyt | Shutter speed: 1\/100s | \" src=\"http:\/\/www.remonen.fi\/WP\/wp-content\/uploads\/2015\/11\/dramaattisia_varjoja-13.jpg\" alt=\"\" width=\"454\" height=\"680\" srcset=\"https:\/\/www.remonen.fi\/WP\/wp-content\/uploads\/2015\/11\/dramaattisia_varjoja-13.jpg 683w, https:\/\/www.remonen.fi\/WP\/wp-content\/uploads\/2015\/11\/dramaattisia_varjoja-13-200x300.jpg 200w, https:\/\/www.remonen.fi\/WP\/wp-content\/uploads\/2015\/11\/dramaattisia_varjoja-13-454x680.jpg 454w, https:\/\/www.remonen.fi\/WP\/wp-content\/uploads\/2015\/11\/dramaattisia_varjoja-13-440x660.jpg 440w, https:\/\/www.remonen.fi\/WP\/wp-content\/uploads\/2015\/11\/dramaattisia_varjoja-13-300x450.jpg 300w\" sizes=\"(max-width: 454px) 100vw, 454px\" \/><\/a><\/p>\n<p>Mutta p\u00e4\u00e4asiahan oli, ett\u00e4 juhlakalu oli onnellinen.<\/p>\n<p><a href=\"http:\/\/www.remonen.fi\/WP\/wp-content\/uploads\/2015\/11\/dramaattisia_varjoja-1-4.jpg\"><img loading=\"lazy\" decoding=\"async\" class=\"aligncenter wp-image-7048\" title=\"Aperture: &#402;\/5.6 | Credit: Matti Remonen | Camera: NIKON D810 | Taken: 2 marraskuun, 2015 | Copyright: (c) Matti Remonen | Flash fired: yes | Focal length: 35mm | ISO: 500 | Keywords: Lea K\u00f6mi: Dramaatisia Varjoja, N\u00e4yttelyt | Shutter speed: 1\/80s | \" src=\"http:\/\/www.remonen.fi\/WP\/wp-content\/uploads\/2015\/11\/dramaattisia_varjoja-1-4.jpg\" alt=\"\" width=\"454\" height=\"680\" srcset=\"https:\/\/www.remonen.fi\/WP\/wp-content\/uploads\/2015\/11\/dramaattisia_varjoja-1-4.jpg 683w, https:\/\/www.remonen.fi\/WP\/wp-content\/uploads\/2015\/11\/dramaattisia_varjoja-1-4-200x300.jpg 200w, https:\/\/www.remonen.fi\/WP\/wp-content\/uploads\/2015\/11\/dramaattisia_varjoja-1-4-454x680.jpg 454w, https:\/\/www.remonen.fi\/WP\/wp-content\/uploads\/2015\/11\/dramaattisia_varjoja-1-4-440x660.jpg 440w, https:\/\/www.remonen.fi\/WP\/wp-content\/uploads\/2015\/11\/dramaattisia_varjoja-1-4-300x450.jpg 300w\" sizes=\"(max-width: 454px) 100vw, 454px\" \/><\/a><code>[envira-gallery id=\"7464\"]<\/code><\/p>\n<p><a href=\"http:\/\/www.remonen.fi\/WP\/wp-content\/uploads\/2015\/11\/dramaattisia_varjoja-11.jpg\"><img loading=\"lazy\" decoding=\"async\" class=\"aligncenter wp-image-7026\" title=\"Aperture: &#402;\/5.6 | Credit: Matti Remonen | Camera: NIKON D810 | Taken: 2 marraskuun, 2015 | Copyright: (c) Matti Remonen | Flash fired: yes | Focal length: 70mm | ISO: 360 | Keywords: Lea K\u00f6mi: Dramaatisia Varjoja, N\u00e4yttelyt | Shutter speed: 1\/160s | \" src=\"http:\/\/www.remonen.fi\/WP\/wp-content\/uploads\/2015\/11\/dramaattisia_varjoja-11.jpg\" alt=\"\" width=\"680\" height=\"454\" srcset=\"https:\/\/www.remonen.fi\/WP\/wp-content\/uploads\/2015\/11\/dramaattisia_varjoja-11.jpg 1024w, https:\/\/www.remonen.fi\/WP\/wp-content\/uploads\/2015\/11\/dramaattisia_varjoja-11-300x200.jpg 300w, https:\/\/www.remonen.fi\/WP\/wp-content\/uploads\/2015\/11\/dramaattisia_varjoja-11-680x454.jpg 680w, https:\/\/www.remonen.fi\/WP\/wp-content\/uploads\/2015\/11\/dramaattisia_varjoja-11-440x293.jpg 440w, https:\/\/www.remonen.fi\/WP\/wp-content\/uploads\/2015\/11\/dramaattisia_varjoja-11-960x640.jpg 960w\" sizes=\"(max-width: 680px) 100vw, 680px\" \/><\/a><\/p>\n<p>Taidetta mesenoi Nikon D810 + Nikkor AF-S 24-70\/2.8G + SB900-salami<\/p>\n<p>BTW. jos j\u00e4i ep\u00e4selv\u00e4ksi, ett\u00e4 mit\u00e4 n\u00e4yttelyss\u00e4 nyt sitten oikein oli, niin suosittelen lukemaan <a href=\"http:\/\/taidetarkkailija.blogspot.fi\/2015\/11\/lea-komi-lataa-intohimon-ja-petoksen.html\" target=\"_blank\">Sirpan yll\u00e4pit\u00e4m\u00e4st\u00e4 blogista<\/a> ihan toimittajan kirjoittaman artikkelin. Ja n\u00e4yttelyyn ehtii viel\u00e4 tutustumaan loppuviikon ajan, se on avoinna 8.11. asti joka p\u00e4iv\u00e4.<\/p>\n","protected":false},"excerpt":{"rendered":"<p>Eilen p\u00e4\u00e4tin l\u00e4hte\u00e4 pitk\u00e4st\u00e4 aikaa ison kyl\u00e4n keskustaan t\u00f6iden j\u00e4lkeen. Sinne ei vet\u00e4nyt alkanut pikkujoulukausi vaan Lea K\u00f6min Dramaattisia Varjoja-valokuvan\u00e4yttelyn avajaiset. Asia liippasi itse\u00e4n\u00e4 l\u00e4helt\u00e4 siksikin, kun olen usemmallakin Lean kurssilla k\u00e4ynyt ja varsinkin siksi, kun olen nimenomaan k\u00e4ynyt Lean film noir-teemakurssin parisen vuotta sitten. No, saavuin sitten Lasipalatsille h-hetken tiet\u00e4miss\u00e4 ja n\u00e4yttelytila alkoi pikkuhiljaa [&hellip;]<\/p>\n","protected":false},"author":2,"featured_media":7035,"comment_status":"open","ping_status":"closed","sticky":false,"template":"","format":"standard","meta":{"footnotes":""},"categories":[16],"tags":[259,159,158],"yoast_head":"<!-- This site is optimized with the Yoast SEO plugin v24.5 - https:\/\/yoast.com\/wordpress\/plugins\/seo\/ -->\n<title>Varjojen valtias &#187; remonen.fi<\/title>\n<meta name=\"description\" content=\"Lea K\u00f6min Dramaattisia Varjoja-n\u00e4yttely Helsingin Lasipalatsissa 3.-8.11.2015. Kuvia ja tunnelmia avajaisista.\" \/>\n<meta name=\"robots\" content=\"index, follow, max-snippet:-1, max-image-preview:large, max-video-preview:-1\" \/>\n<link rel=\"canonical\" href=\"https:\/\/www.remonen.fi\/WP\/blogi\/varjojen-valtias\/\" \/>\n<meta property=\"og:locale\" content=\"fi_FI\" \/>\n<meta property=\"og:type\" content=\"article\" \/>\n<meta property=\"og:title\" content=\"Varjojen valtias &#187; remonen.fi\" \/>\n<meta property=\"og:description\" content=\"Lea K\u00f6min Dramaattisia Varjoja-n\u00e4yttely Helsingin Lasipalatsissa 3.-8.11.2015. Kuvia ja tunnelmia avajaisista.\" \/>\n<meta property=\"og:url\" content=\"https:\/\/www.remonen.fi\/WP\/blogi\/varjojen-valtias\/\" \/>\n<meta property=\"og:site_name\" content=\"remonen.fi\" \/>\n<meta property=\"article:published_time\" content=\"2015-11-03T18:01:34+00:00\" \/>\n<meta property=\"article:modified_time\" content=\"2016-05-02T07:23:19+00:00\" \/>\n<meta property=\"og:image\" content=\"https:\/\/www.remonen.fi\/WP\/wp-content\/uploads\/2015\/11\/dramaattisia_varjoja-2.jpg\" \/>\n\t<meta property=\"og:image:width\" content=\"1024\" \/>\n\t<meta property=\"og:image:height\" content=\"683\" \/>\n\t<meta property=\"og:image:type\" content=\"image\/jpeg\" \/>\n<meta name=\"author\" content=\"Matti Remonen\" \/>\n<meta name=\"twitter:label1\" content=\"Kirjoittanut\" \/>\n\t<meta name=\"twitter:data1\" content=\"Matti Remonen\" \/>\n\t<meta name=\"twitter:label2\" content=\"Arvioitu lukuaika\" \/>\n\t<meta name=\"twitter:data2\" content=\"2 minuuttia\" \/>\n<script type=\"application\/ld+json\" class=\"yoast-schema-graph\">{\"@context\":\"https:\/\/schema.org\",\"@graph\":[{\"@type\":\"Article\",\"@id\":\"https:\/\/www.remonen.fi\/WP\/blogi\/varjojen-valtias\/#article\",\"isPartOf\":{\"@id\":\"https:\/\/www.remonen.fi\/WP\/blogi\/varjojen-valtias\/\"},\"author\":{\"name\":\"Matti Remonen\",\"@id\":\"https:\/\/www.remonen.fi\/WP\/#\/schema\/person\/1803c23d1d4f6722054eb2ac7f7a97cd\"},\"headline\":\"Varjojen valtias\",\"datePublished\":\"2015-11-03T18:01:34+00:00\",\"dateModified\":\"2016-05-02T07:23:19+00:00\",\"mainEntityOfPage\":{\"@id\":\"https:\/\/www.remonen.fi\/WP\/blogi\/varjojen-valtias\/\"},\"wordCount\":357,\"commentCount\":0,\"publisher\":{\"@id\":\"https:\/\/www.remonen.fi\/WP\/#\/schema\/person\/1803c23d1d4f6722054eb2ac7f7a97cd\"},\"image\":{\"@id\":\"https:\/\/www.remonen.fi\/WP\/blogi\/varjojen-valtias\/#primaryimage\"},\"thumbnailUrl\":\"https:\/\/www.remonen.fi\/WP\/wp-content\/uploads\/2015\/11\/dramaattisia_varjoja-2.jpg\",\"keywords\":[\"Dramaattisia Varjoja\",\"Film Noir\",\"Lea K\u00f6mi\"],\"articleSection\":[\"Blog\"],\"inLanguage\":\"fi\",\"potentialAction\":[{\"@type\":\"CommentAction\",\"name\":\"Comment\",\"target\":[\"https:\/\/www.remonen.fi\/WP\/blogi\/varjojen-valtias\/#respond\"]}]},{\"@type\":\"WebPage\",\"@id\":\"https:\/\/www.remonen.fi\/WP\/blogi\/varjojen-valtias\/\",\"url\":\"https:\/\/www.remonen.fi\/WP\/blogi\/varjojen-valtias\/\",\"name\":\"Varjojen valtias &#187; remonen.fi\",\"isPartOf\":{\"@id\":\"https:\/\/www.remonen.fi\/WP\/#website\"},\"primaryImageOfPage\":{\"@id\":\"https:\/\/www.remonen.fi\/WP\/blogi\/varjojen-valtias\/#primaryimage\"},\"image\":{\"@id\":\"https:\/\/www.remonen.fi\/WP\/blogi\/varjojen-valtias\/#primaryimage\"},\"thumbnailUrl\":\"https:\/\/www.remonen.fi\/WP\/wp-content\/uploads\/2015\/11\/dramaattisia_varjoja-2.jpg\",\"datePublished\":\"2015-11-03T18:01:34+00:00\",\"dateModified\":\"2016-05-02T07:23:19+00:00\",\"description\":\"Lea K\u00f6min Dramaattisia Varjoja-n\u00e4yttely Helsingin Lasipalatsissa 3.-8.11.2015. Kuvia ja tunnelmia avajaisista.\",\"breadcrumb\":{\"@id\":\"https:\/\/www.remonen.fi\/WP\/blogi\/varjojen-valtias\/#breadcrumb\"},\"inLanguage\":\"fi\",\"potentialAction\":[{\"@type\":\"ReadAction\",\"target\":[\"https:\/\/www.remonen.fi\/WP\/blogi\/varjojen-valtias\/\"]}]},{\"@type\":\"ImageObject\",\"inLanguage\":\"fi\",\"@id\":\"https:\/\/www.remonen.fi\/WP\/blogi\/varjojen-valtias\/#primaryimage\",\"url\":\"https:\/\/www.remonen.fi\/WP\/wp-content\/uploads\/2015\/11\/dramaattisia_varjoja-2.jpg\",\"contentUrl\":\"https:\/\/www.remonen.fi\/WP\/wp-content\/uploads\/2015\/11\/dramaattisia_varjoja-2.jpg\",\"width\":1024,\"height\":683},{\"@type\":\"BreadcrumbList\",\"@id\":\"https:\/\/www.remonen.fi\/WP\/blogi\/varjojen-valtias\/#breadcrumb\",\"itemListElement\":[{\"@type\":\"ListItem\",\"position\":1,\"name\":\"Etusivu\",\"item\":\"https:\/\/www.remonen.fi\/WP\/\"},{\"@type\":\"ListItem\",\"position\":2,\"name\":\"Varjojen valtias\"}]},{\"@type\":\"WebSite\",\"@id\":\"https:\/\/www.remonen.fi\/WP\/#website\",\"url\":\"https:\/\/www.remonen.fi\/WP\/\",\"name\":\"remonen.fi\",\"description\":\"Valokuvia ja tarinaa laidasta laitaan\",\"publisher\":{\"@id\":\"https:\/\/www.remonen.fi\/WP\/#\/schema\/person\/1803c23d1d4f6722054eb2ac7f7a97cd\"},\"potentialAction\":[{\"@type\":\"SearchAction\",\"target\":{\"@type\":\"EntryPoint\",\"urlTemplate\":\"https:\/\/www.remonen.fi\/WP\/?s={search_term_string}\"},\"query-input\":{\"@type\":\"PropertyValueSpecification\",\"valueRequired\":true,\"valueName\":\"search_term_string\"}}],\"inLanguage\":\"fi\"},{\"@type\":[\"Person\",\"Organization\"],\"@id\":\"https:\/\/www.remonen.fi\/WP\/#\/schema\/person\/1803c23d1d4f6722054eb2ac7f7a97cd\",\"name\":\"Matti Remonen\",\"logo\":{\"@id\":\"https:\/\/www.remonen.fi\/WP\/#\/schema\/person\/image\/\"},\"url\":\"https:\/\/www.remonen.fi\/WP\/blogi\/author\/mre\/\"}]}<\/script>\n<!-- \/ Yoast SEO plugin. -->","yoast_head_json":{"title":"Varjojen valtias &#187; remonen.fi","description":"Lea K\u00f6min Dramaattisia Varjoja-n\u00e4yttely Helsingin Lasipalatsissa 3.-8.11.2015. Kuvia ja tunnelmia avajaisista.","robots":{"index":"index","follow":"follow","max-snippet":"max-snippet:-1","max-image-preview":"max-image-preview:large","max-video-preview":"max-video-preview:-1"},"canonical":"https:\/\/www.remonen.fi\/WP\/blogi\/varjojen-valtias\/","og_locale":"fi_FI","og_type":"article","og_title":"Varjojen valtias &#187; remonen.fi","og_description":"Lea K\u00f6min Dramaattisia Varjoja-n\u00e4yttely Helsingin Lasipalatsissa 3.-8.11.2015. Kuvia ja tunnelmia avajaisista.","og_url":"https:\/\/www.remonen.fi\/WP\/blogi\/varjojen-valtias\/","og_site_name":"remonen.fi","article_published_time":"2015-11-03T18:01:34+00:00","article_modified_time":"2016-05-02T07:23:19+00:00","og_image":[{"width":1024,"height":683,"url":"https:\/\/www.remonen.fi\/WP\/wp-content\/uploads\/2015\/11\/dramaattisia_varjoja-2.jpg","type":"image\/jpeg"}],"author":"Matti Remonen","twitter_misc":{"Kirjoittanut":"Matti Remonen","Arvioitu lukuaika":"2 minuuttia"},"schema":{"@context":"https:\/\/schema.org","@graph":[{"@type":"Article","@id":"https:\/\/www.remonen.fi\/WP\/blogi\/varjojen-valtias\/#article","isPartOf":{"@id":"https:\/\/www.remonen.fi\/WP\/blogi\/varjojen-valtias\/"},"author":{"name":"Matti Remonen","@id":"https:\/\/www.remonen.fi\/WP\/#\/schema\/person\/1803c23d1d4f6722054eb2ac7f7a97cd"},"headline":"Varjojen valtias","datePublished":"2015-11-03T18:01:34+00:00","dateModified":"2016-05-02T07:23:19+00:00","mainEntityOfPage":{"@id":"https:\/\/www.remonen.fi\/WP\/blogi\/varjojen-valtias\/"},"wordCount":357,"commentCount":0,"publisher":{"@id":"https:\/\/www.remonen.fi\/WP\/#\/schema\/person\/1803c23d1d4f6722054eb2ac7f7a97cd"},"image":{"@id":"https:\/\/www.remonen.fi\/WP\/blogi\/varjojen-valtias\/#primaryimage"},"thumbnailUrl":"https:\/\/www.remonen.fi\/WP\/wp-content\/uploads\/2015\/11\/dramaattisia_varjoja-2.jpg","keywords":["Dramaattisia Varjoja","Film Noir","Lea K\u00f6mi"],"articleSection":["Blog"],"inLanguage":"fi","potentialAction":[{"@type":"CommentAction","name":"Comment","target":["https:\/\/www.remonen.fi\/WP\/blogi\/varjojen-valtias\/#respond"]}]},{"@type":"WebPage","@id":"https:\/\/www.remonen.fi\/WP\/blogi\/varjojen-valtias\/","url":"https:\/\/www.remonen.fi\/WP\/blogi\/varjojen-valtias\/","name":"Varjojen valtias &#187; remonen.fi","isPartOf":{"@id":"https:\/\/www.remonen.fi\/WP\/#website"},"primaryImageOfPage":{"@id":"https:\/\/www.remonen.fi\/WP\/blogi\/varjojen-valtias\/#primaryimage"},"image":{"@id":"https:\/\/www.remonen.fi\/WP\/blogi\/varjojen-valtias\/#primaryimage"},"thumbnailUrl":"https:\/\/www.remonen.fi\/WP\/wp-content\/uploads\/2015\/11\/dramaattisia_varjoja-2.jpg","datePublished":"2015-11-03T18:01:34+00:00","dateModified":"2016-05-02T07:23:19+00:00","description":"Lea K\u00f6min Dramaattisia Varjoja-n\u00e4yttely Helsingin Lasipalatsissa 3.-8.11.2015. Kuvia ja tunnelmia avajaisista.","breadcrumb":{"@id":"https:\/\/www.remonen.fi\/WP\/blogi\/varjojen-valtias\/#breadcrumb"},"inLanguage":"fi","potentialAction":[{"@type":"ReadAction","target":["https:\/\/www.remonen.fi\/WP\/blogi\/varjojen-valtias\/"]}]},{"@type":"ImageObject","inLanguage":"fi","@id":"https:\/\/www.remonen.fi\/WP\/blogi\/varjojen-valtias\/#primaryimage","url":"https:\/\/www.remonen.fi\/WP\/wp-content\/uploads\/2015\/11\/dramaattisia_varjoja-2.jpg","contentUrl":"https:\/\/www.remonen.fi\/WP\/wp-content\/uploads\/2015\/11\/dramaattisia_varjoja-2.jpg","width":1024,"height":683},{"@type":"BreadcrumbList","@id":"https:\/\/www.remonen.fi\/WP\/blogi\/varjojen-valtias\/#breadcrumb","itemListElement":[{"@type":"ListItem","position":1,"name":"Etusivu","item":"https:\/\/www.remonen.fi\/WP\/"},{"@type":"ListItem","position":2,"name":"Varjojen valtias"}]},{"@type":"WebSite","@id":"https:\/\/www.remonen.fi\/WP\/#website","url":"https:\/\/www.remonen.fi\/WP\/","name":"remonen.fi","description":"Valokuvia ja tarinaa laidasta laitaan","publisher":{"@id":"https:\/\/www.remonen.fi\/WP\/#\/schema\/person\/1803c23d1d4f6722054eb2ac7f7a97cd"},"potentialAction":[{"@type":"SearchAction","target":{"@type":"EntryPoint","urlTemplate":"https:\/\/www.remonen.fi\/WP\/?s={search_term_string}"},"query-input":{"@type":"PropertyValueSpecification","valueRequired":true,"valueName":"search_term_string"}}],"inLanguage":"fi"},{"@type":["Person","Organization"],"@id":"https:\/\/www.remonen.fi\/WP\/#\/schema\/person\/1803c23d1d4f6722054eb2ac7f7a97cd","name":"Matti Remonen","logo":{"@id":"https:\/\/www.remonen.fi\/WP\/#\/schema\/person\/image\/"},"url":"https:\/\/www.remonen.fi\/WP\/blogi\/author\/mre\/"}]}},"_links":{"self":[{"href":"https:\/\/www.remonen.fi\/WP\/wp-json\/wp\/v2\/posts\/7022"}],"collection":[{"href":"https:\/\/www.remonen.fi\/WP\/wp-json\/wp\/v2\/posts"}],"about":[{"href":"https:\/\/www.remonen.fi\/WP\/wp-json\/wp\/v2\/types\/post"}],"author":[{"embeddable":true,"href":"https:\/\/www.remonen.fi\/WP\/wp-json\/wp\/v2\/users\/2"}],"replies":[{"embeddable":true,"href":"https:\/\/www.remonen.fi\/WP\/wp-json\/wp\/v2\/comments?post=7022"}],"version-history":[{"count":0,"href":"https:\/\/www.remonen.fi\/WP\/wp-json\/wp\/v2\/posts\/7022\/revisions"}],"wp:featuredmedia":[{"embeddable":true,"href":"https:\/\/www.remonen.fi\/WP\/wp-json\/wp\/v2\/media\/7035"}],"wp:attachment":[{"href":"https:\/\/www.remonen.fi\/WP\/wp-json\/wp\/v2\/media?parent=7022"}],"wp:term":[{"taxonomy":"category","embeddable":true,"href":"https:\/\/www.remonen.fi\/WP\/wp-json\/wp\/v2\/categories?post=7022"},{"taxonomy":"post_tag","embeddable":true,"href":"https:\/\/www.remonen.fi\/WP\/wp-json\/wp\/v2\/tags?post=7022"}],"curies":[{"name":"wp","href":"https:\/\/api.w.org\/{rel}","templated":true}]}}