{"id":7090,"date":"2015-12-11T19:13:53","date_gmt":"2015-12-11T17:13:53","guid":{"rendered":"http:\/\/www.remonen.fi\/?p=7090"},"modified":"2016-05-02T10:22:57","modified_gmt":"2016-05-02T07:22:57","slug":"tyovaenmarssilla","status":"publish","type":"post","link":"https:\/\/www.remonen.fi\/WP\/blogi\/tyovaenmarssilla\/","title":{"rendered":"Ty\u00f6v\u00e4enmarssilla"},"content":{"rendered":"<p>Vaikka Vappu oli ja meni ja seuraavakin Walpuri antaa viel\u00e4 odottaa itse\u00e4\u00e4n, oli aika ty\u00f6v\u00e4enmarssin. Tai oikeammin kyseess\u00e4 oli nykyisin niin trendik\u00e4s Photowalk, mutta Ty\u00f6v\u00e4enopiston j\u00e4rjest\u00e4m\u00e4n\u00e4. Vet\u00e4j\u00e4n\u00e4 ikipirte\u00e4 vanhuksemme Lea K\u00f6mi. Kuvak\u00e4velyn aiheena oli l\u00f6yh\u00e4sti &#8221;Kamerat haltioitukoon jouluvaloista&#8221; ja Lea oli valmistellut meille kymmenen teht\u00e4v\u00e4\u00e4kin tyyliin &#8221;Joulun valot&#8221; tai &#8221;Joulun muoto&#8221;. Olen joskus aiemminkin todennut, ett\u00e4 olen tosi surkea kuvaamaan annetun teht\u00e4v\u00e4n mukaan ja niin k\u00e4vi nytkin. Tungin lapun taskuun ja sinne se unohtuikin. Kun nostin kameran kuvausasentoon koko lappu poistui mielest\u00e4ni eik\u00e4 palannut ennen kuin etsin auton avaimia taskusta ja h\u00e4mm\u00e4stelin, ett\u00e4 mik\u00e4s t\u00e4m\u00e4 lista oikein on&#8230;<\/p>\n<p><a href=\"http:\/\/www.remonen.fi\/WP\/wp-content\/uploads\/2015\/12\/photowalk_2015_joulu-4.jpg\" rel=\"attachment wp-att-7110\"><img loading=\"lazy\" decoding=\"async\" class=\"aligncenter wp-image-7110\" title=\"Aperture: &#402;\/2.8 | Credit: Matti Remonen | Camera: NIKON D810 | Taken: 8 joulukuun, 2015 | Copyright: (c)www.remonen.fi | Flash fired: no | Focal length: 44mm | ISO: 2500 | Shutter speed: 1\/100s | \" src=\"http:\/\/www.remonen.fi\/WP\/wp-content\/uploads\/2015\/12\/photowalk_2015_joulu-4.jpg\" alt=\"Tuomaan Markkinat\" width=\"454\" height=\"680\" srcset=\"https:\/\/www.remonen.fi\/WP\/wp-content\/uploads\/2015\/12\/photowalk_2015_joulu-4.jpg 683w, https:\/\/www.remonen.fi\/WP\/wp-content\/uploads\/2015\/12\/photowalk_2015_joulu-4-200x300.jpg 200w, https:\/\/www.remonen.fi\/WP\/wp-content\/uploads\/2015\/12\/photowalk_2015_joulu-4-454x680.jpg 454w, https:\/\/www.remonen.fi\/WP\/wp-content\/uploads\/2015\/12\/photowalk_2015_joulu-4-440x660.jpg 440w, https:\/\/www.remonen.fi\/WP\/wp-content\/uploads\/2015\/12\/photowalk_2015_joulu-4-300x450.jpg 300w\" sizes=\"(max-width: 454px) 100vw, 454px\" \/><\/a><\/p>\n<p>KKKKK (K\u00f6min KuvaKlubin KuvaK\u00e4vely) alkoi Tuomiokirkon yl\u00e4tasanteelta, josta sai hyv\u00e4\u00e4 kuvaa torille, jossa oli menossa Tuomaan Markkinat. Sielt\u00e4 sitten jatkoimme Aleksanterinkatua pitkin Stockan kulmalle, josta sitten siirryimmekin Espan puistoon ja koko homma sai arvoisensa p\u00e4\u00e4t\u00f6ksen Kappelissa gl\u00f6gin \u00e4\u00e4ress\u00e4.<\/p>\n<p><a href=\"http:\/\/www.remonen.fi\/WP\/wp-content\/uploads\/2015\/12\/photowalk_2015_joulu-3.jpg\" rel=\"attachment wp-att-7111\"><img loading=\"lazy\" decoding=\"async\" class=\"aligncenter wp-image-7111\" title=\"Aperture: &#402;\/5 | Credit: Matti Remonen | Camera: NIKON D810 | Taken: 8 joulukuun, 2015 | Copyright: (c)www.remonen.fi | Flash fired: no | Focal length: 48mm | ISO: 8000 | Shutter speed: 1\/100s | \" src=\"http:\/\/www.remonen.fi\/WP\/wp-content\/uploads\/2015\/12\/photowalk_2015_joulu-3.jpg\" alt=\"Tuomaan Markkinat\" width=\"680\" height=\"454\" srcset=\"https:\/\/www.remonen.fi\/WP\/wp-content\/uploads\/2015\/12\/photowalk_2015_joulu-3.jpg 1024w, https:\/\/www.remonen.fi\/WP\/wp-content\/uploads\/2015\/12\/photowalk_2015_joulu-3-300x200.jpg 300w, https:\/\/www.remonen.fi\/WP\/wp-content\/uploads\/2015\/12\/photowalk_2015_joulu-3-680x454.jpg 680w, https:\/\/www.remonen.fi\/WP\/wp-content\/uploads\/2015\/12\/photowalk_2015_joulu-3-768x512.jpg 768w, https:\/\/www.remonen.fi\/WP\/wp-content\/uploads\/2015\/12\/photowalk_2015_joulu-3-440x293.jpg 440w, https:\/\/www.remonen.fi\/WP\/wp-content\/uploads\/2015\/12\/photowalk_2015_joulu-3-960x640.jpg 960w\" sizes=\"(max-width: 680px) 100vw, 680px\" \/><\/a><\/p>\n<p><div id=\"attachment_7112\" style=\"width: 464px\" class=\"wp-caption aligncenter\"><a href=\"http:\/\/www.remonen.fi\/WP\/wp-content\/uploads\/2015\/12\/photowalk_2015_joulu-2.jpg\" rel=\"attachment wp-att-7112\"><img loading=\"lazy\" decoding=\"async\" aria-describedby=\"caption-attachment-7112\" class=\"wp-image-7112\" title=\"Aperture: &#402;\/3.5 | Credit: Matti Remonen | Camera: NIKON D810 | Taken: 8 joulukuun, 2015 | Copyright: (c)www.remonen.fi | Flash fired: no | Focal length: 38mm | ISO: 80 | Shutter speed: 1.3s | \" src=\"http:\/\/www.remonen.fi\/WP\/wp-content\/uploads\/2015\/12\/photowalk_2015_joulu-2.jpg\" alt=\"Tuomaan Markkinat 2015\" width=\"454\" height=\"680\" srcset=\"https:\/\/www.remonen.fi\/WP\/wp-content\/uploads\/2015\/12\/photowalk_2015_joulu-2.jpg 683w, https:\/\/www.remonen.fi\/WP\/wp-content\/uploads\/2015\/12\/photowalk_2015_joulu-2-200x300.jpg 200w, https:\/\/www.remonen.fi\/WP\/wp-content\/uploads\/2015\/12\/photowalk_2015_joulu-2-454x680.jpg 454w, https:\/\/www.remonen.fi\/WP\/wp-content\/uploads\/2015\/12\/photowalk_2015_joulu-2-440x660.jpg 440w, https:\/\/www.remonen.fi\/WP\/wp-content\/uploads\/2015\/12\/photowalk_2015_joulu-2-300x450.jpg 300w\" sizes=\"(max-width: 454px) 100vw, 454px\" \/><\/a><p id=\"caption-attachment-7112\" class=\"wp-caption-text\">SexPlosion &#8211; Kuusir\u00e4j\u00e4hdys<\/p><\/div>S\u00e4\u00e4 suosi meit\u00e4, oli kuivaa eik\u00e4 tuullutkaan kovin paljoa. Edellisen\u00e4 p\u00e4iv\u00e4n\u00e4 maanantaina vett\u00e4 tuli viel\u00e4 niin, ett\u00e4 sorsat kauhoivat pitkin Mannerheimintiet\u00e4.<\/p>\n<p><a href=\"http:\/\/www.remonen.fi\/WP\/wp-content\/uploads\/2015\/12\/photowalk_2015_joulu-11.jpg\" rel=\"attachment wp-att-7103\"><img loading=\"lazy\" decoding=\"async\" class=\"aligncenter wp-image-7103\" title=\"Aperture: &#402;\/2.8 | Credit: Matti Remonen | Camera: NIKON D810 | Taken: 8 joulukuun, 2015 | Copyright: (c)www.remonen.fi | Flash fired: no | Focal length: 70mm | ISO: 800 | Shutter speed: 1\/160s | \" src=\"http:\/\/www.remonen.fi\/WP\/wp-content\/uploads\/2015\/12\/photowalk_2015_joulu-11.jpg\" alt=\"Tuomaan Markkinat 2015\" width=\"454\" height=\"680\" srcset=\"https:\/\/www.remonen.fi\/WP\/wp-content\/uploads\/2015\/12\/photowalk_2015_joulu-11.jpg 683w, https:\/\/www.remonen.fi\/WP\/wp-content\/uploads\/2015\/12\/photowalk_2015_joulu-11-200x300.jpg 200w, https:\/\/www.remonen.fi\/WP\/wp-content\/uploads\/2015\/12\/photowalk_2015_joulu-11-454x680.jpg 454w, https:\/\/www.remonen.fi\/WP\/wp-content\/uploads\/2015\/12\/photowalk_2015_joulu-11-440x660.jpg 440w, https:\/\/www.remonen.fi\/WP\/wp-content\/uploads\/2015\/12\/photowalk_2015_joulu-11-300x450.jpg 300w\" sizes=\"(max-width: 454px) 100vw, 454px\" \/><\/a><br \/>\nEn tosiaan sitten tied\u00e4 sainko oikeastaan yht\u00e4\u00e4n teht\u00e4v\u00e4nmukaista kuvaa aikaiseksi, mutta onko sill\u00e4 nyt niin v\u00e4li\u00e4k\u00e4\u00e4n. P\u00e4\u00e4asia ett\u00e4 sai taas itsens\u00e4 irti kotisohvalta ja valokuvaamaan. On se kyll\u00e4 kumma kuinka vaikeaa sit\u00e4 on saada laardi liikkeelle vaikka huono omatunto kolkuttaa koko ajan.<\/p>\n<p><a href=\"http:\/\/www.remonen.fi\/WP\/wp-content\/uploads\/2015\/12\/photowalk_2015_joulu-14.jpg\" rel=\"attachment wp-att-7100\"><img loading=\"lazy\" decoding=\"async\" class=\"aligncenter wp-image-7100\" title=\"Aperture: &#402;\/2.8 | Credit: Matti Remonen | Camera: NIKON D810 | Taken: 8 joulukuun, 2015 | Copyright: (c)www.remonen.fi | Flash fired: no | Focal length: 62mm | ISO: 360 | Shutter speed: 1\/125s | \" src=\"http:\/\/www.remonen.fi\/WP\/wp-content\/uploads\/2015\/12\/photowalk_2015_joulu-14.jpg\" alt=\"Tuomaan Markkinat 2015\" width=\"680\" height=\"454\" srcset=\"https:\/\/www.remonen.fi\/WP\/wp-content\/uploads\/2015\/12\/photowalk_2015_joulu-14.jpg 1024w, https:\/\/www.remonen.fi\/WP\/wp-content\/uploads\/2015\/12\/photowalk_2015_joulu-14-300x200.jpg 300w, https:\/\/www.remonen.fi\/WP\/wp-content\/uploads\/2015\/12\/photowalk_2015_joulu-14-680x454.jpg 680w, https:\/\/www.remonen.fi\/WP\/wp-content\/uploads\/2015\/12\/photowalk_2015_joulu-14-768x512.jpg 768w, https:\/\/www.remonen.fi\/WP\/wp-content\/uploads\/2015\/12\/photowalk_2015_joulu-14-440x293.jpg 440w, https:\/\/www.remonen.fi\/WP\/wp-content\/uploads\/2015\/12\/photowalk_2015_joulu-14-960x640.jpg 960w\" sizes=\"(max-width: 680px) 100vw, 680px\" \/><\/a><\/p>\n<p><a href=\"http:\/\/www.remonen.fi\/WP\/wp-content\/uploads\/2015\/12\/photowalk_2015_joulu-18.jpg\" rel=\"attachment wp-att-7096\"><img loading=\"lazy\" decoding=\"async\" class=\"aligncenter wp-image-7096\" title=\"Aperture: &#402;\/6.3 | Credit: Matti Remonen | Camera: NIKON D810 | Taken: 8 joulukuun, 2015 | Copyright: (c)www.remonen.fi | Flash fired: no | Focal length: 62mm | ISO: 7200 | Shutter speed: 1\/125s | \" src=\"http:\/\/www.remonen.fi\/WP\/wp-content\/uploads\/2015\/12\/photowalk_2015_joulu-18.jpg\" alt=\"Tuomaan Markkinat 2015\" width=\"454\" height=\"680\" srcset=\"https:\/\/www.remonen.fi\/WP\/wp-content\/uploads\/2015\/12\/photowalk_2015_joulu-18.jpg 683w, https:\/\/www.remonen.fi\/WP\/wp-content\/uploads\/2015\/12\/photowalk_2015_joulu-18-200x300.jpg 200w, https:\/\/www.remonen.fi\/WP\/wp-content\/uploads\/2015\/12\/photowalk_2015_joulu-18-454x680.jpg 454w, https:\/\/www.remonen.fi\/WP\/wp-content\/uploads\/2015\/12\/photowalk_2015_joulu-18-440x660.jpg 440w, https:\/\/www.remonen.fi\/WP\/wp-content\/uploads\/2015\/12\/photowalk_2015_joulu-18-300x450.jpg 300w\" sizes=\"(max-width: 454px) 100vw, 454px\" \/><\/a><\/p>\n<p>Siin\u00e4 keskustassa k\u00e4velless\u00e4 oli hauska havaita, ett\u00e4 Helsingiss\u00e4kin ollaan her\u00e4\u00e4m\u00e4ss\u00e4 siihen ett\u00e4 t\u00e4\u00e4ll\u00e4 on t\u00e4h\u00e4n aikaan vuodesta melko pime\u00e4\u00e4 ja pime\u00e4n vastakohta on valo. Varsinkin Espan puistossa on valoihin panostettu ihan kunnolla. T\u00e4ss\u00e4 kohtaa tulemme kyll\u00e4 Tallinnan per\u00e4ss\u00e4 aika lailla. Tallinnan vanhankaupungin ymp\u00e4rist\u00f6 on ollut Joulunaikaan valaituna jo useamman vuoden. On se kyll\u00e4 kumma kun t\u00e4\u00e4ll\u00e4 pit\u00e4\u00e4 kaikki oppi hakea muualta. No, nyt t\u00e4n\u00e4 vuonna nuo Espan valot pysynev\u00e4t ilmeisesti tammikuun loppuun asti ja se on hyv\u00e4 se.<\/p>\n<p><a href=\"http:\/\/www.remonen.fi\/WP\/wp-content\/uploads\/2015\/12\/photowalk_2015_joulu-17.jpg\" rel=\"attachment wp-att-7097\"><img loading=\"lazy\" decoding=\"async\" class=\"aligncenter wp-image-7097\" title=\"Aperture: &#402;\/4 | Credit: Matti Remonen | Camera: NIKON D810 | Taken: 8 joulukuun, 2015 | Copyright: (c)www.remonen.fi | Flash fired: no | Focal length: 24mm | ISO: 1800 | Shutter speed: 1\/50s | \" src=\"http:\/\/www.remonen.fi\/WP\/wp-content\/uploads\/2015\/12\/photowalk_2015_joulu-17.jpg\" alt=\"Tuomaan Markkinat 2015\" width=\"680\" height=\"454\" srcset=\"https:\/\/www.remonen.fi\/WP\/wp-content\/uploads\/2015\/12\/photowalk_2015_joulu-17.jpg 1024w, https:\/\/www.remonen.fi\/WP\/wp-content\/uploads\/2015\/12\/photowalk_2015_joulu-17-300x200.jpg 300w, https:\/\/www.remonen.fi\/WP\/wp-content\/uploads\/2015\/12\/photowalk_2015_joulu-17-680x454.jpg 680w, https:\/\/www.remonen.fi\/WP\/wp-content\/uploads\/2015\/12\/photowalk_2015_joulu-17-768x512.jpg 768w, https:\/\/www.remonen.fi\/WP\/wp-content\/uploads\/2015\/12\/photowalk_2015_joulu-17-440x293.jpg 440w, https:\/\/www.remonen.fi\/WP\/wp-content\/uploads\/2015\/12\/photowalk_2015_joulu-17-960x640.jpg 960w\" sizes=\"(max-width: 680px) 100vw, 680px\" \/><\/a><\/p>\n<p><a href=\"http:\/\/www.remonen.fi\/WP\/wp-content\/uploads\/2015\/12\/photowalk_2015_joulu-19.jpg\" rel=\"attachment wp-att-7094\"><img loading=\"lazy\" decoding=\"async\" class=\"aligncenter wp-image-7094\" title=\"Aperture: &#402;\/2.8 | Credit: Matti Remonen | Camera: NIKON D810 | Taken: 8 joulukuun, 2015 | Copyright: (c)www.remonen.fi | Flash fired: no | Focal length: 48mm | ISO: 220 | Shutter speed: 1\/100s | \" src=\"http:\/\/www.remonen.fi\/WP\/wp-content\/uploads\/2015\/12\/photowalk_2015_joulu-19.jpg\" alt=\"Tuomaan Markkinat 2015\" width=\"454\" height=\"680\" srcset=\"https:\/\/www.remonen.fi\/WP\/wp-content\/uploads\/2015\/12\/photowalk_2015_joulu-19.jpg 683w, https:\/\/www.remonen.fi\/WP\/wp-content\/uploads\/2015\/12\/photowalk_2015_joulu-19-200x300.jpg 200w, https:\/\/www.remonen.fi\/WP\/wp-content\/uploads\/2015\/12\/photowalk_2015_joulu-19-454x680.jpg 454w, https:\/\/www.remonen.fi\/WP\/wp-content\/uploads\/2015\/12\/photowalk_2015_joulu-19-440x660.jpg 440w, https:\/\/www.remonen.fi\/WP\/wp-content\/uploads\/2015\/12\/photowalk_2015_joulu-19-300x450.jpg 300w\" sizes=\"(max-width: 454px) 100vw, 454px\" \/><\/a><\/p>\n<p><a href=\"http:\/\/www.remonen.fi\/WP\/wp-content\/uploads\/2015\/12\/photowalk_2015_joulu-16.jpg\" rel=\"attachment wp-att-7098\"><img loading=\"lazy\" decoding=\"async\" class=\"aligncenter wp-image-7098\" title=\"Aperture: &#402;\/6.3 | Credit: Matti Remonen | Camera: NIKON D810 | Taken: 8 joulukuun, 2015 | Copyright: (c)www.remonen.fi | Flash fired: no | Focal length: 24mm | ISO: 360 | Shutter speed: 1\/1.3s | \" src=\"http:\/\/www.remonen.fi\/WP\/wp-content\/uploads\/2015\/12\/photowalk_2015_joulu-16.jpg\" alt=\"Tuomaan Markkinat 2015\" width=\"454\" height=\"680\" srcset=\"https:\/\/www.remonen.fi\/WP\/wp-content\/uploads\/2015\/12\/photowalk_2015_joulu-16.jpg 683w, https:\/\/www.remonen.fi\/WP\/wp-content\/uploads\/2015\/12\/photowalk_2015_joulu-16-200x300.jpg 200w, https:\/\/www.remonen.fi\/WP\/wp-content\/uploads\/2015\/12\/photowalk_2015_joulu-16-454x680.jpg 454w, https:\/\/www.remonen.fi\/WP\/wp-content\/uploads\/2015\/12\/photowalk_2015_joulu-16-440x660.jpg 440w, https:\/\/www.remonen.fi\/WP\/wp-content\/uploads\/2015\/12\/photowalk_2015_joulu-16-300x450.jpg 300w\" sizes=\"(max-width: 454px) 100vw, 454px\" \/><\/a><\/p>\n<p>Jaa-nii, samalla reissulla k\u00e4vin Rajalassa vaihtamassa Zeiss Touit 1.8\/32 -lasin k\u00e4ytettyyn Sony RX100 mk3-pokkariin. Olen jo pidemm\u00e4n aikaa haaveillut tuosta kamerasta sellaiseksi k\u00e4vely- ja n\u00e4pp\u00e4ilyvehkeeksi (niin kuin min\u00e4 nyt sitten k\u00e4velisin). Otin sill\u00e4kin muutaman kuvan, mutta jatkoon niist\u00e4 ei kyll\u00e4 p\u00e4\u00e4ssyt kuin kaksi, tuo artikkelikuvana oleva yleiskuva torista ja Tuomiokirkon sis\u00e4ll\u00e4 otettu s\u00e4hk\u00f6kynttil\u00e4kuva. Tosin kun kilpakumppanina oli Nikonin D810, niin vertailu ei ollut kovinkaan reilu. Hyv\u00e4ll\u00e4 valolla tuo pikkusoni tekee varmasti ihan kelpoista j\u00e4lke\u00e4.<\/p>\n<p><code>[envira-gallery id=\"7456\"]<\/code><\/p>\n<p>Valoista h\u00e4ik\u00e4istyi Nikon D810 + Nikkor AF-S 24-70\/2.8G + DC-Nikkor AF 135\/2D sek\u00e4 Sony RX100 mk3<\/p>\n","protected":false},"excerpt":{"rendered":"<p>Vaikka Vappu oli ja meni ja seuraavakin Walpuri antaa viel\u00e4 odottaa itse\u00e4\u00e4n, oli aika ty\u00f6v\u00e4enmarssin. Tai oikeammin kyseess\u00e4 oli nykyisin niin trendik\u00e4s Photowalk, mutta Ty\u00f6v\u00e4enopiston j\u00e4rjest\u00e4m\u00e4n\u00e4. Vet\u00e4j\u00e4n\u00e4 ikipirte\u00e4 vanhuksemme Lea K\u00f6mi. Kuvak\u00e4velyn aiheena oli l\u00f6yh\u00e4sti &#8221;Kamerat haltioitukoon jouluvaloista&#8221; ja Lea oli valmistellut meille kymmenen teht\u00e4v\u00e4\u00e4kin tyyliin &#8221;Joulun valot&#8221; tai &#8221;Joulun muoto&#8221;. Olen joskus aiemminkin todennut, [&hellip;]<\/p>\n","protected":false},"author":2,"featured_media":7108,"comment_status":"open","ping_status":"closed","sticky":false,"template":"","format":"standard","meta":{"footnotes":""},"categories":[16],"tags":[158,42,210],"yoast_head":"<!-- This site is optimized with the Yoast SEO plugin v24.5 - https:\/\/yoast.com\/wordpress\/plugins\/seo\/ -->\n<title>Ty\u00f6v\u00e4enmarssilla &#187; remonen.fi<\/title>\n<meta name=\"description\" content=\"Ty\u00f6v\u00e4enopiston Photowalk Helsingin keskustassa Jouluvalojen loistaessa.\" \/>\n<meta name=\"robots\" content=\"index, follow, max-snippet:-1, max-image-preview:large, max-video-preview:-1\" \/>\n<link rel=\"canonical\" href=\"https:\/\/www.remonen.fi\/WP\/blogi\/tyovaenmarssilla\/\" \/>\n<meta property=\"og:locale\" content=\"fi_FI\" \/>\n<meta property=\"og:type\" content=\"article\" \/>\n<meta property=\"og:title\" content=\"Photowalk Jouluvalot\" \/>\n<meta property=\"og:description\" content=\"Lean kanssa Photowalkilla katsomassa ja kuvaamassa Joulun valoja.\" \/>\n<meta property=\"og:url\" content=\"https:\/\/www.remonen.fi\/WP\/blogi\/tyovaenmarssilla\/\" \/>\n<meta property=\"og:site_name\" content=\"remonen.fi\" \/>\n<meta property=\"article:published_time\" content=\"2015-12-11T17:13:53+00:00\" \/>\n<meta property=\"article:modified_time\" content=\"2016-05-02T07:22:57+00:00\" \/>\n<meta property=\"og:image\" content=\"https:\/\/www.remonen.fi\/WP\/wp-content\/uploads\/2015\/12\/photowalk_2015_joulu-6.jpg\" \/>\n\t<meta property=\"og:image:width\" content=\"1024\" \/>\n\t<meta property=\"og:image:height\" content=\"683\" \/>\n\t<meta property=\"og:image:type\" content=\"image\/jpeg\" \/>\n<meta name=\"author\" content=\"Matti Remonen\" \/>\n<meta name=\"twitter:label1\" content=\"Kirjoittanut\" \/>\n\t<meta name=\"twitter:data1\" content=\"Matti Remonen\" \/>\n\t<meta name=\"twitter:label2\" content=\"Arvioitu lukuaika\" \/>\n\t<meta name=\"twitter:data2\" content=\"2 minuuttia\" \/>\n<script type=\"application\/ld+json\" class=\"yoast-schema-graph\">{\"@context\":\"https:\/\/schema.org\",\"@graph\":[{\"@type\":\"Article\",\"@id\":\"https:\/\/www.remonen.fi\/WP\/blogi\/tyovaenmarssilla\/#article\",\"isPartOf\":{\"@id\":\"https:\/\/www.remonen.fi\/WP\/blogi\/tyovaenmarssilla\/\"},\"author\":{\"name\":\"Matti Remonen\",\"@id\":\"https:\/\/www.remonen.fi\/WP\/#\/schema\/person\/1803c23d1d4f6722054eb2ac7f7a97cd\"},\"headline\":\"Ty\u00f6v\u00e4enmarssilla\",\"datePublished\":\"2015-12-11T17:13:53+00:00\",\"dateModified\":\"2016-05-02T07:22:57+00:00\",\"mainEntityOfPage\":{\"@id\":\"https:\/\/www.remonen.fi\/WP\/blogi\/tyovaenmarssilla\/\"},\"wordCount\":452,\"commentCount\":2,\"publisher\":{\"@id\":\"https:\/\/www.remonen.fi\/WP\/#\/schema\/person\/1803c23d1d4f6722054eb2ac7f7a97cd\"},\"image\":{\"@id\":\"https:\/\/www.remonen.fi\/WP\/blogi\/tyovaenmarssilla\/#primaryimage\"},\"thumbnailUrl\":\"https:\/\/www.remonen.fi\/WP\/wp-content\/uploads\/2015\/12\/photowalk_2015_joulu-6.jpg\",\"keywords\":[\"Lea K\u00f6mi\",\"Tuomaan Markkinat\",\"Ty\u00f6v\u00e4enopisto\"],\"articleSection\":[\"Blog\"],\"inLanguage\":\"fi\",\"potentialAction\":[{\"@type\":\"CommentAction\",\"name\":\"Comment\",\"target\":[\"https:\/\/www.remonen.fi\/WP\/blogi\/tyovaenmarssilla\/#respond\"]}]},{\"@type\":\"WebPage\",\"@id\":\"https:\/\/www.remonen.fi\/WP\/blogi\/tyovaenmarssilla\/\",\"url\":\"https:\/\/www.remonen.fi\/WP\/blogi\/tyovaenmarssilla\/\",\"name\":\"Ty\u00f6v\u00e4enmarssilla &#187; remonen.fi\",\"isPartOf\":{\"@id\":\"https:\/\/www.remonen.fi\/WP\/#website\"},\"primaryImageOfPage\":{\"@id\":\"https:\/\/www.remonen.fi\/WP\/blogi\/tyovaenmarssilla\/#primaryimage\"},\"image\":{\"@id\":\"https:\/\/www.remonen.fi\/WP\/blogi\/tyovaenmarssilla\/#primaryimage\"},\"thumbnailUrl\":\"https:\/\/www.remonen.fi\/WP\/wp-content\/uploads\/2015\/12\/photowalk_2015_joulu-6.jpg\",\"datePublished\":\"2015-12-11T17:13:53+00:00\",\"dateModified\":\"2016-05-02T07:22:57+00:00\",\"description\":\"Ty\u00f6v\u00e4enopiston Photowalk Helsingin keskustassa Jouluvalojen loistaessa.\",\"breadcrumb\":{\"@id\":\"https:\/\/www.remonen.fi\/WP\/blogi\/tyovaenmarssilla\/#breadcrumb\"},\"inLanguage\":\"fi\",\"potentialAction\":[{\"@type\":\"ReadAction\",\"target\":[\"https:\/\/www.remonen.fi\/WP\/blogi\/tyovaenmarssilla\/\"]}]},{\"@type\":\"ImageObject\",\"inLanguage\":\"fi\",\"@id\":\"https:\/\/www.remonen.fi\/WP\/blogi\/tyovaenmarssilla\/#primaryimage\",\"url\":\"https:\/\/www.remonen.fi\/WP\/wp-content\/uploads\/2015\/12\/photowalk_2015_joulu-6.jpg\",\"contentUrl\":\"https:\/\/www.remonen.fi\/WP\/wp-content\/uploads\/2015\/12\/photowalk_2015_joulu-6.jpg\",\"width\":1024,\"height\":683},{\"@type\":\"BreadcrumbList\",\"@id\":\"https:\/\/www.remonen.fi\/WP\/blogi\/tyovaenmarssilla\/#breadcrumb\",\"itemListElement\":[{\"@type\":\"ListItem\",\"position\":1,\"name\":\"Etusivu\",\"item\":\"https:\/\/www.remonen.fi\/WP\/\"},{\"@type\":\"ListItem\",\"position\":2,\"name\":\"Ty\u00f6v\u00e4enmarssilla\"}]},{\"@type\":\"WebSite\",\"@id\":\"https:\/\/www.remonen.fi\/WP\/#website\",\"url\":\"https:\/\/www.remonen.fi\/WP\/\",\"name\":\"remonen.fi\",\"description\":\"Valokuvia ja tarinaa laidasta laitaan\",\"publisher\":{\"@id\":\"https:\/\/www.remonen.fi\/WP\/#\/schema\/person\/1803c23d1d4f6722054eb2ac7f7a97cd\"},\"potentialAction\":[{\"@type\":\"SearchAction\",\"target\":{\"@type\":\"EntryPoint\",\"urlTemplate\":\"https:\/\/www.remonen.fi\/WP\/?s={search_term_string}\"},\"query-input\":{\"@type\":\"PropertyValueSpecification\",\"valueRequired\":true,\"valueName\":\"search_term_string\"}}],\"inLanguage\":\"fi\"},{\"@type\":[\"Person\",\"Organization\"],\"@id\":\"https:\/\/www.remonen.fi\/WP\/#\/schema\/person\/1803c23d1d4f6722054eb2ac7f7a97cd\",\"name\":\"Matti Remonen\",\"logo\":{\"@id\":\"https:\/\/www.remonen.fi\/WP\/#\/schema\/person\/image\/\"},\"url\":\"https:\/\/www.remonen.fi\/WP\/blogi\/author\/mre\/\"}]}<\/script>\n<!-- \/ Yoast SEO plugin. -->","yoast_head_json":{"title":"Ty\u00f6v\u00e4enmarssilla &#187; remonen.fi","description":"Ty\u00f6v\u00e4enopiston Photowalk Helsingin keskustassa Jouluvalojen loistaessa.","robots":{"index":"index","follow":"follow","max-snippet":"max-snippet:-1","max-image-preview":"max-image-preview:large","max-video-preview":"max-video-preview:-1"},"canonical":"https:\/\/www.remonen.fi\/WP\/blogi\/tyovaenmarssilla\/","og_locale":"fi_FI","og_type":"article","og_title":"Photowalk Jouluvalot","og_description":"Lean kanssa Photowalkilla katsomassa ja kuvaamassa Joulun valoja.","og_url":"https:\/\/www.remonen.fi\/WP\/blogi\/tyovaenmarssilla\/","og_site_name":"remonen.fi","article_published_time":"2015-12-11T17:13:53+00:00","article_modified_time":"2016-05-02T07:22:57+00:00","og_image":[{"width":1024,"height":683,"url":"https:\/\/www.remonen.fi\/WP\/wp-content\/uploads\/2015\/12\/photowalk_2015_joulu-6.jpg","type":"image\/jpeg"}],"author":"Matti Remonen","twitter_misc":{"Kirjoittanut":"Matti Remonen","Arvioitu lukuaika":"2 minuuttia"},"schema":{"@context":"https:\/\/schema.org","@graph":[{"@type":"Article","@id":"https:\/\/www.remonen.fi\/WP\/blogi\/tyovaenmarssilla\/#article","isPartOf":{"@id":"https:\/\/www.remonen.fi\/WP\/blogi\/tyovaenmarssilla\/"},"author":{"name":"Matti Remonen","@id":"https:\/\/www.remonen.fi\/WP\/#\/schema\/person\/1803c23d1d4f6722054eb2ac7f7a97cd"},"headline":"Ty\u00f6v\u00e4enmarssilla","datePublished":"2015-12-11T17:13:53+00:00","dateModified":"2016-05-02T07:22:57+00:00","mainEntityOfPage":{"@id":"https:\/\/www.remonen.fi\/WP\/blogi\/tyovaenmarssilla\/"},"wordCount":452,"commentCount":2,"publisher":{"@id":"https:\/\/www.remonen.fi\/WP\/#\/schema\/person\/1803c23d1d4f6722054eb2ac7f7a97cd"},"image":{"@id":"https:\/\/www.remonen.fi\/WP\/blogi\/tyovaenmarssilla\/#primaryimage"},"thumbnailUrl":"https:\/\/www.remonen.fi\/WP\/wp-content\/uploads\/2015\/12\/photowalk_2015_joulu-6.jpg","keywords":["Lea K\u00f6mi","Tuomaan Markkinat","Ty\u00f6v\u00e4enopisto"],"articleSection":["Blog"],"inLanguage":"fi","potentialAction":[{"@type":"CommentAction","name":"Comment","target":["https:\/\/www.remonen.fi\/WP\/blogi\/tyovaenmarssilla\/#respond"]}]},{"@type":"WebPage","@id":"https:\/\/www.remonen.fi\/WP\/blogi\/tyovaenmarssilla\/","url":"https:\/\/www.remonen.fi\/WP\/blogi\/tyovaenmarssilla\/","name":"Ty\u00f6v\u00e4enmarssilla &#187; remonen.fi","isPartOf":{"@id":"https:\/\/www.remonen.fi\/WP\/#website"},"primaryImageOfPage":{"@id":"https:\/\/www.remonen.fi\/WP\/blogi\/tyovaenmarssilla\/#primaryimage"},"image":{"@id":"https:\/\/www.remonen.fi\/WP\/blogi\/tyovaenmarssilla\/#primaryimage"},"thumbnailUrl":"https:\/\/www.remonen.fi\/WP\/wp-content\/uploads\/2015\/12\/photowalk_2015_joulu-6.jpg","datePublished":"2015-12-11T17:13:53+00:00","dateModified":"2016-05-02T07:22:57+00:00","description":"Ty\u00f6v\u00e4enopiston Photowalk Helsingin keskustassa Jouluvalojen loistaessa.","breadcrumb":{"@id":"https:\/\/www.remonen.fi\/WP\/blogi\/tyovaenmarssilla\/#breadcrumb"},"inLanguage":"fi","potentialAction":[{"@type":"ReadAction","target":["https:\/\/www.remonen.fi\/WP\/blogi\/tyovaenmarssilla\/"]}]},{"@type":"ImageObject","inLanguage":"fi","@id":"https:\/\/www.remonen.fi\/WP\/blogi\/tyovaenmarssilla\/#primaryimage","url":"https:\/\/www.remonen.fi\/WP\/wp-content\/uploads\/2015\/12\/photowalk_2015_joulu-6.jpg","contentUrl":"https:\/\/www.remonen.fi\/WP\/wp-content\/uploads\/2015\/12\/photowalk_2015_joulu-6.jpg","width":1024,"height":683},{"@type":"BreadcrumbList","@id":"https:\/\/www.remonen.fi\/WP\/blogi\/tyovaenmarssilla\/#breadcrumb","itemListElement":[{"@type":"ListItem","position":1,"name":"Etusivu","item":"https:\/\/www.remonen.fi\/WP\/"},{"@type":"ListItem","position":2,"name":"Ty\u00f6v\u00e4enmarssilla"}]},{"@type":"WebSite","@id":"https:\/\/www.remonen.fi\/WP\/#website","url":"https:\/\/www.remonen.fi\/WP\/","name":"remonen.fi","description":"Valokuvia ja tarinaa laidasta laitaan","publisher":{"@id":"https:\/\/www.remonen.fi\/WP\/#\/schema\/person\/1803c23d1d4f6722054eb2ac7f7a97cd"},"potentialAction":[{"@type":"SearchAction","target":{"@type":"EntryPoint","urlTemplate":"https:\/\/www.remonen.fi\/WP\/?s={search_term_string}"},"query-input":{"@type":"PropertyValueSpecification","valueRequired":true,"valueName":"search_term_string"}}],"inLanguage":"fi"},{"@type":["Person","Organization"],"@id":"https:\/\/www.remonen.fi\/WP\/#\/schema\/person\/1803c23d1d4f6722054eb2ac7f7a97cd","name":"Matti Remonen","logo":{"@id":"https:\/\/www.remonen.fi\/WP\/#\/schema\/person\/image\/"},"url":"https:\/\/www.remonen.fi\/WP\/blogi\/author\/mre\/"}]}},"_links":{"self":[{"href":"https:\/\/www.remonen.fi\/WP\/wp-json\/wp\/v2\/posts\/7090"}],"collection":[{"href":"https:\/\/www.remonen.fi\/WP\/wp-json\/wp\/v2\/posts"}],"about":[{"href":"https:\/\/www.remonen.fi\/WP\/wp-json\/wp\/v2\/types\/post"}],"author":[{"embeddable":true,"href":"https:\/\/www.remonen.fi\/WP\/wp-json\/wp\/v2\/users\/2"}],"replies":[{"embeddable":true,"href":"https:\/\/www.remonen.fi\/WP\/wp-json\/wp\/v2\/comments?post=7090"}],"version-history":[{"count":0,"href":"https:\/\/www.remonen.fi\/WP\/wp-json\/wp\/v2\/posts\/7090\/revisions"}],"wp:featuredmedia":[{"embeddable":true,"href":"https:\/\/www.remonen.fi\/WP\/wp-json\/wp\/v2\/media\/7108"}],"wp:attachment":[{"href":"https:\/\/www.remonen.fi\/WP\/wp-json\/wp\/v2\/media?parent=7090"}],"wp:term":[{"taxonomy":"category","embeddable":true,"href":"https:\/\/www.remonen.fi\/WP\/wp-json\/wp\/v2\/categories?post=7090"},{"taxonomy":"post_tag","embeddable":true,"href":"https:\/\/www.remonen.fi\/WP\/wp-json\/wp\/v2\/tags?post=7090"}],"curies":[{"name":"wp","href":"https:\/\/api.w.org\/{rel}","templated":true}]}}