{"id":7215,"date":"2016-01-10T15:54:26","date_gmt":"2016-01-10T13:54:26","guid":{"rendered":"http:\/\/www.remonen.fi\/?p=7215"},"modified":"2016-05-02T10:22:33","modified_gmt":"2016-05-02T07:22:33","slug":"valon-hetki","status":"publish","type":"post","link":"https:\/\/www.remonen.fi\/WP\/blogi\/valon-hetki\/","title":{"rendered":"Valon hetki"},"content":{"rendered":"<p>Ei, t\u00e4m\u00e4 ei ole Ville Valon uusi tuleminen, vaan kuvakooste <a href=\"http:\/\/www.luxhelsinki.fi\/\" target=\"_blank\">Lux Helsinki 2016 <\/a>-tapahtumasta. T\u00e4m\u00e4 jokavuotinen tapahtumahan on aina heti vuoden alussa, loppiaisesta seuraavaan sunnuntaihin. Itse olen osallistunut tapahtumaan vuodesta 2012 l\u00e4htien, jolloin tapahtuma tunnettiin viel\u00e4 nimell\u00e4 Valon Vuodenaika. Ja mik\u00e4s siin\u00e4, onhan t\u00e4m\u00e4 varsin valokuvauksellinen happening vuoden pimeimp\u00e4\u00e4n aikaan. Vuosien saatossa on sattunut kaikenlaista keli\u00e4, mutta jotenkin minulla on sellainen muistikuva j\u00e4\u00e4nyt, ett\u00e4 useammin on ollut l\u00e4mp\u00f6tilat plussan kuin miiinuksen puolella. Kun katselin noita m\u00e4nn\u00e4vuosien kuvia, niin 2012 n\u00e4ytti olleen &#8221;kunnon talvi&#8221;, kuin my\u00f6s <a href=\"http:\/\/www.remonen.fi\/blogi\/luxhelsinki-2013\/\">2013<\/a>. Sen sijaan vuosina <a href=\"http:\/\/www.remonen.fi\/blogi\/lux-helsinki-2014-otto-1-sademiehen-paluu\/\">2014 <\/a>ja <a href=\"http:\/\/www.remonen.fi\/blogi\/lahden-valoa-pain\/\">2015 <\/a>on satanut vett\u00e4. Muistaakseni 2014 sit\u00e4 tuli viel\u00e4 aika rajustikin.<\/p>\n<p><a href=\"http:\/\/www.remonen.fi\/WP\/wp-content\/uploads\/2016\/01\/lux_helsinki_2016-1.jpg\" rel=\"attachment wp-att-7217\"><img loading=\"lazy\" decoding=\"async\" class=\"aligncenter wp-image-7217\" title=\"Aperture: &#402;\/8 | Credit: Matti Remonen | Camera: NIKON D810 | Taken: 9 tammikuun, 2016 | Copyright: (c)www.remonen.fi | Flash fired: no | Focal length: 24mm | ISO: 64 | Keywords: Lux Helsinki 2016, Tapahtumat | Shutter speed: 1.6s | \" src=\"http:\/\/www.remonen.fi\/WP\/wp-content\/uploads\/2016\/01\/lux_helsinki_2016-1-1024x690.jpg\" alt=\"Lux Helsinki 2016\" width=\"680\" height=\"458\" srcset=\"https:\/\/www.remonen.fi\/WP\/wp-content\/uploads\/2016\/01\/lux_helsinki_2016-1.jpg 1024w, https:\/\/www.remonen.fi\/WP\/wp-content\/uploads\/2016\/01\/lux_helsinki_2016-1-300x202.jpg 300w, https:\/\/www.remonen.fi\/WP\/wp-content\/uploads\/2016\/01\/lux_helsinki_2016-1-680x458.jpg 680w, https:\/\/www.remonen.fi\/WP\/wp-content\/uploads\/2016\/01\/lux_helsinki_2016-1-768x518.jpg 768w, https:\/\/www.remonen.fi\/WP\/wp-content\/uploads\/2016\/01\/lux_helsinki_2016-1-440x296.jpg 440w, https:\/\/www.remonen.fi\/WP\/wp-content\/uploads\/2016\/01\/lux_helsinki_2016-1-960x647.jpg 960w\" sizes=\"(max-width: 680px) 100vw, 680px\" \/><\/a><\/p>\n<p>No, t\u00e4n\u00e4 vuonna ei ollut pelkoa siit\u00e4, ett\u00e4 jalat kastuisivat. Pakkastahan oli Tapaninp\u00e4iv\u00e4n\u00e4 rapsakat 25 astetta ja viel\u00e4 eilenkin sit\u00e4 riitti yli kymmenen asteen verran. En tied\u00e4 onko se ik\u00e4 vai mik\u00e4 (jompi kumpi), mutta pakkaskest\u00e4vyys on pahasti p\u00e4\u00e4ssyt rapistumaan. Tuolla meinasi j\u00e4\u00e4ty\u00e4 totaalisen pystyyn heti k\u00e4rkeen.<\/p>\n<p><a href=\"http:\/\/www.remonen.fi\/WP\/wp-content\/uploads\/2016\/01\/lux_helsinki_2016-2.jpg\" rel=\"attachment wp-att-7234\"><img loading=\"lazy\" decoding=\"async\" class=\"aligncenter wp-image-7234\" title=\"Aperture: &#402;\/5 | Credit: Matti Remonen | Camera: NIKON D810 | Taken: 9 tammikuun, 2016 | Copyright: (c)www.remonen.fi | Flash fired: no | Focal length: 29mm | ISO: 1800 | Keywords: Lux Helsinki 2016, Tapahtumat | Shutter speed: 1\/60s | \" src=\"http:\/\/www.remonen.fi\/WP\/wp-content\/uploads\/2016\/01\/lux_helsinki_2016-2-1024x683.jpg\" alt=\"Lux Helsinki 2016\" width=\"680\" height=\"454\" srcset=\"https:\/\/www.remonen.fi\/WP\/wp-content\/uploads\/2016\/01\/lux_helsinki_2016-2.jpg 1024w, https:\/\/www.remonen.fi\/WP\/wp-content\/uploads\/2016\/01\/lux_helsinki_2016-2-300x200.jpg 300w, https:\/\/www.remonen.fi\/WP\/wp-content\/uploads\/2016\/01\/lux_helsinki_2016-2-680x454.jpg 680w, https:\/\/www.remonen.fi\/WP\/wp-content\/uploads\/2016\/01\/lux_helsinki_2016-2-768x512.jpg 768w, https:\/\/www.remonen.fi\/WP\/wp-content\/uploads\/2016\/01\/lux_helsinki_2016-2-440x293.jpg 440w, https:\/\/www.remonen.fi\/WP\/wp-content\/uploads\/2016\/01\/lux_helsinki_2016-2-960x640.jpg 960w\" sizes=\"(max-width: 680px) 100vw, 680px\" \/><\/a><\/p>\n<p>Toinen merkillepantava asia t\u00e4n\u00e4 vuonna oli se, ett\u00e4 paikalla tuntui olevan koko Helsinki ja apujoukot Vantaalta. Keskusta oli aivan tupaten t\u00e4ynn\u00e4 porukkaa, jopa niin ett\u00e4 liikkuminen oli vaikeaa. Mist\u00e4\u00e4n jalustalla kuvaamisesta &#8211; Senaatintoria lukuunottamatta &#8211; ei kannattanut haaveillakaan. K\u00e4sivaralta vedeltiin ja se n\u00e4kyy valitettavasti kuvien lopputuloksessa.<\/p>\n<p><a href=\"http:\/\/www.remonen.fi\/WP\/wp-content\/uploads\/2016\/01\/lux_helsinki_2016-4.jpg\" rel=\"attachment wp-att-7232\"><img loading=\"lazy\" decoding=\"async\" class=\"aligncenter wp-image-7232\" title=\"Aperture: &#402;\/4.5 | Credit: Matti Remonen | Camera: NIKON D810 | Taken: 9 tammikuun, 2016 | Copyright: (c)www.remonen.fi | Exposure bias: -4\/6EV | Flash fired: no | Focal length: 62mm | ISO: 8000 | Keywords: Lux Helsinki 2016, Tapahtumat | Shutter speed: 1\/15s | \" src=\"http:\/\/www.remonen.fi\/WP\/wp-content\/uploads\/2016\/01\/lux_helsinki_2016-4-683x1024.jpg\" alt=\"Lux Helsinki 2016\" width=\"454\" height=\"680\" srcset=\"https:\/\/www.remonen.fi\/WP\/wp-content\/uploads\/2016\/01\/lux_helsinki_2016-4.jpg 683w, https:\/\/www.remonen.fi\/WP\/wp-content\/uploads\/2016\/01\/lux_helsinki_2016-4-200x300.jpg 200w, https:\/\/www.remonen.fi\/WP\/wp-content\/uploads\/2016\/01\/lux_helsinki_2016-4-454x680.jpg 454w, https:\/\/www.remonen.fi\/WP\/wp-content\/uploads\/2016\/01\/lux_helsinki_2016-4-440x660.jpg 440w, https:\/\/www.remonen.fi\/WP\/wp-content\/uploads\/2016\/01\/lux_helsinki_2016-4-300x450.jpg 300w\" sizes=\"(max-width: 454px) 100vw, 454px\" \/><\/a><\/p>\n<p>Sin\u00e4ns\u00e4 se on harmi, koska itse tilaisuus ja taideteokset olivat t\u00e4n\u00e4 vuonna mielest\u00e4ni ehk\u00e4 n\u00e4ytt\u00e4vimm\u00e4t t\u00e4h\u00e4n asti. Rakennuksia oli k\u00e4ytetty laajasti hyv\u00e4ksi valaistuksen kohteena, t\u00e4m\u00e4 alkoi muistuttaa jo hyvin paljon Berliinin valoviikkoja. Siell\u00e4h\u00e4n n\u00e4m\u00e4 jutut keskittyv\u00e4t paljolti nimenomaan tunnettujen rakennusten uudelleenvalaisuun. Itse asiassa Helsingiss\u00e4 Tuomiokirkon tapuliin toteutettu valoteos oli hyvin samanlainen kuin mit\u00e4 2014 syksyll\u00e4 sain n\u00e4hd\u00e4 Berliiniss\u00e4 Brandenburgin portilla.<\/p>\n<p><a href=\"http:\/\/www.remonen.fi\/WP\/wp-content\/uploads\/2016\/01\/lux_helsinki_2016-1-2.jpg\" rel=\"attachment wp-att-7235\"><img loading=\"lazy\" decoding=\"async\" class=\"aligncenter wp-image-7235\" title=\"Aperture: &#402;\/4.5 | Credit: Matti Remonen | Camera: NIKON D810 | Taken: 9 tammikuun, 2016 | Copyright: (c)www.remonen.fi | Exposure bias: -4\/6EV | Flash fired: no | Focal length: 70mm | ISO: 8000 | Keywords: Lux Helsinki 2016, Tapahtumat | Shutter speed: 1\/100s | \" src=\"http:\/\/www.remonen.fi\/WP\/wp-content\/uploads\/2016\/01\/lux_helsinki_2016-1-2.jpg\" alt=\"Lux Helsinki 2016\" width=\"680\" height=\"680\" srcset=\"https:\/\/www.remonen.fi\/WP\/wp-content\/uploads\/2016\/01\/lux_helsinki_2016-1-2.jpg 1024w, https:\/\/www.remonen.fi\/WP\/wp-content\/uploads\/2016\/01\/lux_helsinki_2016-1-2-300x300.jpg 300w, https:\/\/www.remonen.fi\/WP\/wp-content\/uploads\/2016\/01\/lux_helsinki_2016-1-2-680x680.jpg 680w, https:\/\/www.remonen.fi\/WP\/wp-content\/uploads\/2016\/01\/lux_helsinki_2016-1-2-768x768.jpg 768w, https:\/\/www.remonen.fi\/WP\/wp-content\/uploads\/2016\/01\/lux_helsinki_2016-1-2-440x440.jpg 440w, https:\/\/www.remonen.fi\/WP\/wp-content\/uploads\/2016\/01\/lux_helsinki_2016-1-2-960x960.jpg 960w, https:\/\/www.remonen.fi\/WP\/wp-content\/uploads\/2016\/01\/lux_helsinki_2016-1-2-109x109.jpg 109w, https:\/\/www.remonen.fi\/WP\/wp-content\/uploads\/2016\/01\/lux_helsinki_2016-1-2-100x100.jpg 100w\" sizes=\"(max-width: 680px) 100vw, 680px\" \/><\/a><\/p>\n<p>Tuomiokirkko oli taas t\u00e4n\u00e4 vuonna valaistu taideteoksin, kuten useampana aiempana vuonna. Joka vuosi tuo vain n\u00e4ytt\u00e4\u00e4 yht\u00e4 hienolta. Jonain vuonnahan tuolla yritettiin jonkinlaista muuta l\u00e4hestymistapaa, mutta mielest\u00e4ni tuo Tuomiokirkon valaisu on se koko tilaisuuden &#8221;clue&#8221;.<\/p>\n<p><a href=\"http:\/\/www.remonen.fi\/WP\/wp-content\/uploads\/2016\/01\/lux_helsinki_2016-6.jpg\" rel=\"attachment wp-att-7230\"><img loading=\"lazy\" decoding=\"async\" class=\"aligncenter wp-image-7230\" title=\"Aperture: &#402;\/4.5 | Credit: Matti Remonen | Camera: NIKON D810 | Taken: 9 tammikuun, 2016 | Copyright: (c)www.remonen.fi | Exposure bias: -4\/6EV | Flash fired: no | Focal length: 38mm | ISO: 800 | Keywords: Lux Helsinki 2016, Tapahtumat | Shutter speed: 1\/13s | \" src=\"http:\/\/www.remonen.fi\/WP\/wp-content\/uploads\/2016\/01\/lux_helsinki_2016-6-1024x683.jpg\" alt=\"Lux Helsinki 2016\" width=\"680\" height=\"454\" srcset=\"https:\/\/www.remonen.fi\/WP\/wp-content\/uploads\/2016\/01\/lux_helsinki_2016-6.jpg 1024w, https:\/\/www.remonen.fi\/WP\/wp-content\/uploads\/2016\/01\/lux_helsinki_2016-6-300x200.jpg 300w, https:\/\/www.remonen.fi\/WP\/wp-content\/uploads\/2016\/01\/lux_helsinki_2016-6-680x454.jpg 680w, https:\/\/www.remonen.fi\/WP\/wp-content\/uploads\/2016\/01\/lux_helsinki_2016-6-768x512.jpg 768w, https:\/\/www.remonen.fi\/WP\/wp-content\/uploads\/2016\/01\/lux_helsinki_2016-6-440x293.jpg 440w, https:\/\/www.remonen.fi\/WP\/wp-content\/uploads\/2016\/01\/lux_helsinki_2016-6-960x640.jpg 960w\" sizes=\"(max-width: 680px) 100vw, 680px\" \/><\/a><\/p>\n<p><a href=\"http:\/\/www.remonen.fi\/WP\/wp-content\/uploads\/2016\/01\/lux_helsinki_2016-7.jpg\" rel=\"attachment wp-att-7229\"><img loading=\"lazy\" decoding=\"async\" class=\"aligncenter wp-image-7229\" title=\"Aperture: &#402;\/4.5 | Credit: Matti Remonen | Camera: NIKON D810 | Taken: 9 tammikuun, 2016 | Copyright: (c)www.remonen.fi | Exposure bias: -4\/6EV | Flash fired: no | Focal length: 38mm | ISO: 800 | Keywords: Lux Helsinki 2016, Tapahtumat | Shutter speed: 1\/10s | \" src=\"http:\/\/www.remonen.fi\/WP\/wp-content\/uploads\/2016\/01\/lux_helsinki_2016-7-1024x683.jpg\" alt=\"Lux helsinki 2016\" width=\"680\" height=\"454\" srcset=\"https:\/\/www.remonen.fi\/WP\/wp-content\/uploads\/2016\/01\/lux_helsinki_2016-7.jpg 1024w, https:\/\/www.remonen.fi\/WP\/wp-content\/uploads\/2016\/01\/lux_helsinki_2016-7-300x200.jpg 300w, https:\/\/www.remonen.fi\/WP\/wp-content\/uploads\/2016\/01\/lux_helsinki_2016-7-680x454.jpg 680w, https:\/\/www.remonen.fi\/WP\/wp-content\/uploads\/2016\/01\/lux_helsinki_2016-7-768x512.jpg 768w, https:\/\/www.remonen.fi\/WP\/wp-content\/uploads\/2016\/01\/lux_helsinki_2016-7-440x293.jpg 440w, https:\/\/www.remonen.fi\/WP\/wp-content\/uploads\/2016\/01\/lux_helsinki_2016-7-960x640.jpg 960w\" sizes=\"(max-width: 680px) 100vw, 680px\" \/><\/a><\/p>\n<p>Mutta joo, porukkaa oli paljon. Siis ehk\u00e4 hieman liikaa minun makuuni, mutta mink\u00e4s teet. Tosin ihmisten m\u00e4\u00e4r\u00e4 oli ilmeisesti yll\u00e4tt\u00e4nyt my\u00f6s j\u00e4rjest\u00e4j\u00e4t, koska esimerkiksi Sofiankadun Senaatintorin puoleinen p\u00e4\u00e4 oli suljettu jostain syyst\u00e4 ja siell\u00e4 kulkemista s\u00e4\u00e4teliv\u00e4t j\u00e4rjestysmiehet. Mielest\u00e4ni siin\u00e4 ei kyll\u00e4 ollut j\u00e4rjen h\u00e4iv\u00e4\u00e4, koska n\u00e4in koko homma puuroutui siihen Sofiankadun p\u00e4\u00e4h\u00e4n. Kauppatorin puoleinen p\u00e4\u00e4 oli auki, eik\u00e4 siell\u00e4 ollut mit\u00e4\u00e4n tungosta eik\u00e4 h\u00e4ss\u00e4kk\u00e4\u00e4. Itse Sofiankadulla olleen <a href=\"http:\/\/www.luxhelsinki.fi\/teokset-ja-tekijat#he-olivat-taalla\" target=\"_blank\">&#8221;He olivat t\u00e4\u00e4ll\u00e4&#8221;<\/a> teoksen kuvaaminen oli liki mahdotonta koska porukkaa oli niin paljon. Jos joku ei tunkenut sinun ja kuvauskohteen v\u00e4liin, niin minimiss\u00e4\u00e4n v\u00e4kijoukko pimensi uv-valot, jolloin teokset eiv\u00e4t hehkuneet suunnitellulla tavalla.<\/p>\n<p><a href=\"http:\/\/www.remonen.fi\/WP\/wp-content\/uploads\/2016\/01\/lux_helsinki_2016-8.jpg\" rel=\"attachment wp-att-7228\"><img loading=\"lazy\" decoding=\"async\" class=\"aligncenter wp-image-7228\" title=\"Aperture: &#402;\/5 | Credit: Matti Remonen | Camera: NIKON D810 | Taken: 9 tammikuun, 2016 | Copyright: (c)www.remonen.fi | Exposure bias: -4\/6EV | Flash fired: no | Focal length: 38mm | ISO: 8000 | Keywords: Lux Helsinki 2016, Tapahtumat | Shutter speed: 1\/30s | \" src=\"http:\/\/www.remonen.fi\/WP\/wp-content\/uploads\/2016\/01\/lux_helsinki_2016-8-683x1024.jpg\" alt=\"Lux Helsinki 2016\" width=\"454\" height=\"680\" srcset=\"https:\/\/www.remonen.fi\/WP\/wp-content\/uploads\/2016\/01\/lux_helsinki_2016-8.jpg 683w, https:\/\/www.remonen.fi\/WP\/wp-content\/uploads\/2016\/01\/lux_helsinki_2016-8-200x300.jpg 200w, https:\/\/www.remonen.fi\/WP\/wp-content\/uploads\/2016\/01\/lux_helsinki_2016-8-454x680.jpg 454w, https:\/\/www.remonen.fi\/WP\/wp-content\/uploads\/2016\/01\/lux_helsinki_2016-8-440x660.jpg 440w, https:\/\/www.remonen.fi\/WP\/wp-content\/uploads\/2016\/01\/lux_helsinki_2016-8-300x450.jpg 300w\" sizes=\"(max-width: 454px) 100vw, 454px\" \/><\/a><\/p>\n<p>Espalle oli pystytetty vanhoja -60 -luvun p\u00f6yt\u00e4valaisimia. Jokaiselta l\u00f6ytyy tuollainen jostain vintin nurkasta. Hieman pienemp\u00e4n\u00e4 tosin. Mielest\u00e4ni nuo olivat varsin hauskoja ja niin kuin joku jossain kirjoittikin, niin vuo voisivat j\u00e4\u00e4d\u00e4 Espalle pysyv\u00e4sti.<\/p>\n<p><a href=\"http:\/\/www.remonen.fi\/WP\/wp-content\/uploads\/2016\/01\/lux_helsinki_2016-11.jpg\" rel=\"attachment wp-att-7225\"><img loading=\"lazy\" decoding=\"async\" class=\"aligncenter wp-image-7225\" title=\"Aperture: &#402;\/2.8 | Credit: Matti Remonen | Camera: NIKON D810 | Taken: 9 tammikuun, 2016 | Copyright: (c)www.remonen.fi | Exposure bias: -4\/6EV | Flash fired: no | Focal length: 26mm | ISO: 2000 | Keywords: Lux Helsinki 2016, Tapahtumat | Shutter speed: 1\/50s | \" src=\"http:\/\/www.remonen.fi\/WP\/wp-content\/uploads\/2016\/01\/lux_helsinki_2016-11-683x1024.jpg\" alt=\"Lux Helsinki 2016\" width=\"454\" height=\"680\" srcset=\"https:\/\/www.remonen.fi\/WP\/wp-content\/uploads\/2016\/01\/lux_helsinki_2016-11.jpg 683w, https:\/\/www.remonen.fi\/WP\/wp-content\/uploads\/2016\/01\/lux_helsinki_2016-11-200x300.jpg 200w, https:\/\/www.remonen.fi\/WP\/wp-content\/uploads\/2016\/01\/lux_helsinki_2016-11-454x680.jpg 454w, https:\/\/www.remonen.fi\/WP\/wp-content\/uploads\/2016\/01\/lux_helsinki_2016-11-440x660.jpg 440w, https:\/\/www.remonen.fi\/WP\/wp-content\/uploads\/2016\/01\/lux_helsinki_2016-11-300x450.jpg 300w\" sizes=\"(max-width: 454px) 100vw, 454px\" \/><\/a><\/p>\n<p>Espalta matka ei jatkunutkaan totutusti Kansalaisaukiolle ja T\u00f6\u00f6l\u00f6nlahden rantaan, vaan Ruttopuistoon (Vanha kirkkopuisto) ja sielt\u00e4 Annankadulle. Tuossa vaiheessa mulla alkoi olemaan p\u00e4\u00e4 ja k\u00e4det niin j\u00e4\u00e4ss\u00e4, ett\u00e4 kuvaaminen oli enemm\u00e4n sellaista &#8221;r\u00e4ps ja eteenp\u00e4in&#8221;.<\/p>\n<p><a href=\"http:\/\/www.remonen.fi\/WP\/wp-content\/uploads\/2016\/01\/lux_helsinki_2016-14.jpg\" rel=\"attachment wp-att-7222\"><img loading=\"lazy\" decoding=\"async\" class=\"aligncenter wp-image-7222\" title=\"Aperture: &#402;\/5 | Credit: Matti Remonen | Camera: NIKON D810 | Taken: 9 tammikuun, 2016 | Copyright: (c)www.remonen.fi | Exposure bias: -4\/6EV | Flash fired: no | Focal length: 34mm | ISO: 4000 | Keywords: Lux Helsinki 2016, Tapahtumat | Shutter speed: 1\/80s | \" src=\"http:\/\/www.remonen.fi\/WP\/wp-content\/uploads\/2016\/01\/lux_helsinki_2016-14-1024x683.jpg\" alt=\"Lux Helsinki 2016\" width=\"680\" height=\"454\" srcset=\"https:\/\/www.remonen.fi\/WP\/wp-content\/uploads\/2016\/01\/lux_helsinki_2016-14.jpg 1024w, https:\/\/www.remonen.fi\/WP\/wp-content\/uploads\/2016\/01\/lux_helsinki_2016-14-300x200.jpg 300w, https:\/\/www.remonen.fi\/WP\/wp-content\/uploads\/2016\/01\/lux_helsinki_2016-14-680x454.jpg 680w, https:\/\/www.remonen.fi\/WP\/wp-content\/uploads\/2016\/01\/lux_helsinki_2016-14-768x512.jpg 768w, https:\/\/www.remonen.fi\/WP\/wp-content\/uploads\/2016\/01\/lux_helsinki_2016-14-440x293.jpg 440w, https:\/\/www.remonen.fi\/WP\/wp-content\/uploads\/2016\/01\/lux_helsinki_2016-14-960x640.jpg 960w\" sizes=\"(max-width: 680px) 100vw, 680px\" \/><\/a><\/p>\n<p>Joo, upea tapahtuma ja mielenkiintoisia teoksia. Valitettavasti vain kire\u00e4 pakkanen vei omalta kohdaltani sen parhaan ter\u00e4n, joten kuvat eiv\u00e4t oikein tee kunniaa tapahtumalle.<\/p>\n<p><a href=\"http:\/\/www.remonen.fi\/WP\/wp-content\/uploads\/2016\/01\/lux_helsinki_2016-18.jpg\" rel=\"attachment wp-att-7218\"><img loading=\"lazy\" decoding=\"async\" class=\"aligncenter wp-image-7218\" title=\"Aperture: &#402;\/5 | Credit: Matti Remonen | Camera: NIKON D810 | Taken: 9 tammikuun, 2016 | Copyright: (c)www.remonen.fi | Exposure bias: -1EV | Flash fired: no | Focal length: 34mm | ISO: 200 | Keywords: Lux Helsinki 2016, Tapahtumat | Shutter speed: 1\/80s | \" src=\"http:\/\/www.remonen.fi\/WP\/wp-content\/uploads\/2016\/01\/lux_helsinki_2016-18-1024x683.jpg\" alt=\"Lux Helsinki 2016\" width=\"680\" height=\"454\" srcset=\"https:\/\/www.remonen.fi\/WP\/wp-content\/uploads\/2016\/01\/lux_helsinki_2016-18.jpg 1024w, https:\/\/www.remonen.fi\/WP\/wp-content\/uploads\/2016\/01\/lux_helsinki_2016-18-300x200.jpg 300w, https:\/\/www.remonen.fi\/WP\/wp-content\/uploads\/2016\/01\/lux_helsinki_2016-18-680x454.jpg 680w, https:\/\/www.remonen.fi\/WP\/wp-content\/uploads\/2016\/01\/lux_helsinki_2016-18-768x512.jpg 768w, https:\/\/www.remonen.fi\/WP\/wp-content\/uploads\/2016\/01\/lux_helsinki_2016-18-440x293.jpg 440w, https:\/\/www.remonen.fi\/WP\/wp-content\/uploads\/2016\/01\/lux_helsinki_2016-18-960x640.jpg 960w\" sizes=\"(max-width: 680px) 100vw, 680px\" \/><\/a><\/p>\n<p>Valossa kylpi Nikon D810 + Nikkor AF-S 24-70\/2.8G + Benro C2580T-jalusta ja Arca Swiss Z1-kuulap\u00e4\u00e4.<\/p>\n<p><code>[envira-gallery id=\"7448\"]<\/code><\/p>\n","protected":false},"excerpt":{"rendered":"<p>Ei, t\u00e4m\u00e4 ei ole Ville Valon uusi tuleminen, vaan kuvakooste Lux Helsinki 2016 -tapahtumasta. T\u00e4m\u00e4 jokavuotinen tapahtumahan on aina heti vuoden alussa, loppiaisesta seuraavaan sunnuntaihin. Itse olen osallistunut tapahtumaan vuodesta 2012 l\u00e4htien, jolloin tapahtuma tunnettiin viel\u00e4 nimell\u00e4 Valon Vuodenaika. Ja mik\u00e4s siin\u00e4, onhan t\u00e4m\u00e4 varsin valokuvauksellinen happening vuoden pimeimp\u00e4\u00e4n aikaan. Vuosien saatossa on sattunut kaikenlaista [&hellip;]<\/p>\n","protected":false},"author":2,"featured_media":7234,"comment_status":"open","ping_status":"closed","sticky":false,"template":"","format":"standard","meta":{"footnotes":""},"categories":[16],"tags":[121],"yoast_head":"<!-- This site is optimized with the Yoast SEO plugin v24.5 - https:\/\/yoast.com\/wordpress\/plugins\/seo\/ -->\n<title>Valon hetki &#187; remonen.fi<\/title>\n<meta name=\"description\" content=\"Valokuvia ja mietteit\u00e4 Lux Helsinki 2016 -tapahtumasta pakkasen ja ihmisten keskelt\u00e4.\" \/>\n<meta name=\"robots\" content=\"index, follow, max-snippet:-1, max-image-preview:large, max-video-preview:-1\" \/>\n<link rel=\"canonical\" href=\"https:\/\/www.remonen.fi\/WP\/blogi\/valon-hetki\/\" \/>\n<meta property=\"og:locale\" content=\"fi_FI\" \/>\n<meta property=\"og:type\" content=\"article\" \/>\n<meta property=\"og:title\" content=\"Lux Helsinki 2016\" \/>\n<meta property=\"og:description\" content=\"Kuvia ja ajatelmia pakkasen ja ihmisten keskelt\u00e4 Lux Helsinki 2016-tapahtumasta eilen.\" \/>\n<meta property=\"og:url\" content=\"https:\/\/www.remonen.fi\/WP\/blogi\/valon-hetki\/\" \/>\n<meta property=\"og:site_name\" content=\"remonen.fi\" \/>\n<meta property=\"article:published_time\" content=\"2016-01-10T13:54:26+00:00\" \/>\n<meta property=\"article:modified_time\" content=\"2016-05-02T07:22:33+00:00\" \/>\n<meta property=\"og:image\" content=\"https:\/\/www.remonen.fi\/WP\/wp-content\/uploads\/2016\/01\/lux_helsinki_2016-2.jpg\" \/>\n\t<meta property=\"og:image:width\" content=\"1024\" \/>\n\t<meta property=\"og:image:height\" content=\"683\" \/>\n\t<meta property=\"og:image:type\" content=\"image\/jpeg\" \/>\n<meta name=\"author\" content=\"Matti Remonen\" \/>\n<meta name=\"twitter:label1\" content=\"Kirjoittanut\" \/>\n\t<meta name=\"twitter:data1\" content=\"Matti Remonen\" \/>\n\t<meta name=\"twitter:label2\" content=\"Arvioitu lukuaika\" \/>\n\t<meta name=\"twitter:data2\" content=\"3 minuuttia\" \/>\n<script type=\"application\/ld+json\" class=\"yoast-schema-graph\">{\"@context\":\"https:\/\/schema.org\",\"@graph\":[{\"@type\":\"Article\",\"@id\":\"https:\/\/www.remonen.fi\/WP\/blogi\/valon-hetki\/#article\",\"isPartOf\":{\"@id\":\"https:\/\/www.remonen.fi\/WP\/blogi\/valon-hetki\/\"},\"author\":{\"name\":\"Matti Remonen\",\"@id\":\"https:\/\/www.remonen.fi\/WP\/#\/schema\/person\/1803c23d1d4f6722054eb2ac7f7a97cd\"},\"headline\":\"Valon hetki\",\"datePublished\":\"2016-01-10T13:54:26+00:00\",\"dateModified\":\"2016-05-02T07:22:33+00:00\",\"mainEntityOfPage\":{\"@id\":\"https:\/\/www.remonen.fi\/WP\/blogi\/valon-hetki\/\"},\"wordCount\":574,\"commentCount\":0,\"publisher\":{\"@id\":\"https:\/\/www.remonen.fi\/WP\/#\/schema\/person\/1803c23d1d4f6722054eb2ac7f7a97cd\"},\"image\":{\"@id\":\"https:\/\/www.remonen.fi\/WP\/blogi\/valon-hetki\/#primaryimage\"},\"thumbnailUrl\":\"https:\/\/www.remonen.fi\/WP\/wp-content\/uploads\/2016\/01\/lux_helsinki_2016-2.jpg\",\"keywords\":[\"LUX Helsinki\"],\"articleSection\":[\"Blog\"],\"inLanguage\":\"fi\",\"potentialAction\":[{\"@type\":\"CommentAction\",\"name\":\"Comment\",\"target\":[\"https:\/\/www.remonen.fi\/WP\/blogi\/valon-hetki\/#respond\"]}]},{\"@type\":\"WebPage\",\"@id\":\"https:\/\/www.remonen.fi\/WP\/blogi\/valon-hetki\/\",\"url\":\"https:\/\/www.remonen.fi\/WP\/blogi\/valon-hetki\/\",\"name\":\"Valon hetki &#187; remonen.fi\",\"isPartOf\":{\"@id\":\"https:\/\/www.remonen.fi\/WP\/#website\"},\"primaryImageOfPage\":{\"@id\":\"https:\/\/www.remonen.fi\/WP\/blogi\/valon-hetki\/#primaryimage\"},\"image\":{\"@id\":\"https:\/\/www.remonen.fi\/WP\/blogi\/valon-hetki\/#primaryimage\"},\"thumbnailUrl\":\"https:\/\/www.remonen.fi\/WP\/wp-content\/uploads\/2016\/01\/lux_helsinki_2016-2.jpg\",\"datePublished\":\"2016-01-10T13:54:26+00:00\",\"dateModified\":\"2016-05-02T07:22:33+00:00\",\"description\":\"Valokuvia ja mietteit\u00e4 Lux Helsinki 2016 -tapahtumasta pakkasen ja ihmisten keskelt\u00e4.\",\"breadcrumb\":{\"@id\":\"https:\/\/www.remonen.fi\/WP\/blogi\/valon-hetki\/#breadcrumb\"},\"inLanguage\":\"fi\",\"potentialAction\":[{\"@type\":\"ReadAction\",\"target\":[\"https:\/\/www.remonen.fi\/WP\/blogi\/valon-hetki\/\"]}]},{\"@type\":\"ImageObject\",\"inLanguage\":\"fi\",\"@id\":\"https:\/\/www.remonen.fi\/WP\/blogi\/valon-hetki\/#primaryimage\",\"url\":\"https:\/\/www.remonen.fi\/WP\/wp-content\/uploads\/2016\/01\/lux_helsinki_2016-2.jpg\",\"contentUrl\":\"https:\/\/www.remonen.fi\/WP\/wp-content\/uploads\/2016\/01\/lux_helsinki_2016-2.jpg\",\"width\":1024,\"height\":683,\"caption\":\"[exif id=\\\"7234\\\"]\"},{\"@type\":\"BreadcrumbList\",\"@id\":\"https:\/\/www.remonen.fi\/WP\/blogi\/valon-hetki\/#breadcrumb\",\"itemListElement\":[{\"@type\":\"ListItem\",\"position\":1,\"name\":\"Etusivu\",\"item\":\"https:\/\/www.remonen.fi\/WP\/\"},{\"@type\":\"ListItem\",\"position\":2,\"name\":\"Valon hetki\"}]},{\"@type\":\"WebSite\",\"@id\":\"https:\/\/www.remonen.fi\/WP\/#website\",\"url\":\"https:\/\/www.remonen.fi\/WP\/\",\"name\":\"remonen.fi\",\"description\":\"Valokuvia ja tarinaa laidasta laitaan\",\"publisher\":{\"@id\":\"https:\/\/www.remonen.fi\/WP\/#\/schema\/person\/1803c23d1d4f6722054eb2ac7f7a97cd\"},\"potentialAction\":[{\"@type\":\"SearchAction\",\"target\":{\"@type\":\"EntryPoint\",\"urlTemplate\":\"https:\/\/www.remonen.fi\/WP\/?s={search_term_string}\"},\"query-input\":{\"@type\":\"PropertyValueSpecification\",\"valueRequired\":true,\"valueName\":\"search_term_string\"}}],\"inLanguage\":\"fi\"},{\"@type\":[\"Person\",\"Organization\"],\"@id\":\"https:\/\/www.remonen.fi\/WP\/#\/schema\/person\/1803c23d1d4f6722054eb2ac7f7a97cd\",\"name\":\"Matti Remonen\",\"logo\":{\"@id\":\"https:\/\/www.remonen.fi\/WP\/#\/schema\/person\/image\/\"},\"url\":\"https:\/\/www.remonen.fi\/WP\/blogi\/author\/mre\/\"}]}<\/script>\n<!-- \/ Yoast SEO plugin. -->","yoast_head_json":{"title":"Valon hetki &#187; remonen.fi","description":"Valokuvia ja mietteit\u00e4 Lux Helsinki 2016 -tapahtumasta pakkasen ja ihmisten keskelt\u00e4.","robots":{"index":"index","follow":"follow","max-snippet":"max-snippet:-1","max-image-preview":"max-image-preview:large","max-video-preview":"max-video-preview:-1"},"canonical":"https:\/\/www.remonen.fi\/WP\/blogi\/valon-hetki\/","og_locale":"fi_FI","og_type":"article","og_title":"Lux Helsinki 2016","og_description":"Kuvia ja ajatelmia pakkasen ja ihmisten keskelt\u00e4 Lux Helsinki 2016-tapahtumasta eilen.","og_url":"https:\/\/www.remonen.fi\/WP\/blogi\/valon-hetki\/","og_site_name":"remonen.fi","article_published_time":"2016-01-10T13:54:26+00:00","article_modified_time":"2016-05-02T07:22:33+00:00","og_image":[{"width":1024,"height":683,"url":"https:\/\/www.remonen.fi\/WP\/wp-content\/uploads\/2016\/01\/lux_helsinki_2016-2.jpg","type":"image\/jpeg"}],"author":"Matti Remonen","twitter_misc":{"Kirjoittanut":"Matti Remonen","Arvioitu lukuaika":"3 minuuttia"},"schema":{"@context":"https:\/\/schema.org","@graph":[{"@type":"Article","@id":"https:\/\/www.remonen.fi\/WP\/blogi\/valon-hetki\/#article","isPartOf":{"@id":"https:\/\/www.remonen.fi\/WP\/blogi\/valon-hetki\/"},"author":{"name":"Matti Remonen","@id":"https:\/\/www.remonen.fi\/WP\/#\/schema\/person\/1803c23d1d4f6722054eb2ac7f7a97cd"},"headline":"Valon hetki","datePublished":"2016-01-10T13:54:26+00:00","dateModified":"2016-05-02T07:22:33+00:00","mainEntityOfPage":{"@id":"https:\/\/www.remonen.fi\/WP\/blogi\/valon-hetki\/"},"wordCount":574,"commentCount":0,"publisher":{"@id":"https:\/\/www.remonen.fi\/WP\/#\/schema\/person\/1803c23d1d4f6722054eb2ac7f7a97cd"},"image":{"@id":"https:\/\/www.remonen.fi\/WP\/blogi\/valon-hetki\/#primaryimage"},"thumbnailUrl":"https:\/\/www.remonen.fi\/WP\/wp-content\/uploads\/2016\/01\/lux_helsinki_2016-2.jpg","keywords":["LUX Helsinki"],"articleSection":["Blog"],"inLanguage":"fi","potentialAction":[{"@type":"CommentAction","name":"Comment","target":["https:\/\/www.remonen.fi\/WP\/blogi\/valon-hetki\/#respond"]}]},{"@type":"WebPage","@id":"https:\/\/www.remonen.fi\/WP\/blogi\/valon-hetki\/","url":"https:\/\/www.remonen.fi\/WP\/blogi\/valon-hetki\/","name":"Valon hetki &#187; remonen.fi","isPartOf":{"@id":"https:\/\/www.remonen.fi\/WP\/#website"},"primaryImageOfPage":{"@id":"https:\/\/www.remonen.fi\/WP\/blogi\/valon-hetki\/#primaryimage"},"image":{"@id":"https:\/\/www.remonen.fi\/WP\/blogi\/valon-hetki\/#primaryimage"},"thumbnailUrl":"https:\/\/www.remonen.fi\/WP\/wp-content\/uploads\/2016\/01\/lux_helsinki_2016-2.jpg","datePublished":"2016-01-10T13:54:26+00:00","dateModified":"2016-05-02T07:22:33+00:00","description":"Valokuvia ja mietteit\u00e4 Lux Helsinki 2016 -tapahtumasta pakkasen ja ihmisten keskelt\u00e4.","breadcrumb":{"@id":"https:\/\/www.remonen.fi\/WP\/blogi\/valon-hetki\/#breadcrumb"},"inLanguage":"fi","potentialAction":[{"@type":"ReadAction","target":["https:\/\/www.remonen.fi\/WP\/blogi\/valon-hetki\/"]}]},{"@type":"ImageObject","inLanguage":"fi","@id":"https:\/\/www.remonen.fi\/WP\/blogi\/valon-hetki\/#primaryimage","url":"https:\/\/www.remonen.fi\/WP\/wp-content\/uploads\/2016\/01\/lux_helsinki_2016-2.jpg","contentUrl":"https:\/\/www.remonen.fi\/WP\/wp-content\/uploads\/2016\/01\/lux_helsinki_2016-2.jpg","width":1024,"height":683,"caption":"[exif id=\"7234\"]"},{"@type":"BreadcrumbList","@id":"https:\/\/www.remonen.fi\/WP\/blogi\/valon-hetki\/#breadcrumb","itemListElement":[{"@type":"ListItem","position":1,"name":"Etusivu","item":"https:\/\/www.remonen.fi\/WP\/"},{"@type":"ListItem","position":2,"name":"Valon hetki"}]},{"@type":"WebSite","@id":"https:\/\/www.remonen.fi\/WP\/#website","url":"https:\/\/www.remonen.fi\/WP\/","name":"remonen.fi","description":"Valokuvia ja tarinaa laidasta laitaan","publisher":{"@id":"https:\/\/www.remonen.fi\/WP\/#\/schema\/person\/1803c23d1d4f6722054eb2ac7f7a97cd"},"potentialAction":[{"@type":"SearchAction","target":{"@type":"EntryPoint","urlTemplate":"https:\/\/www.remonen.fi\/WP\/?s={search_term_string}"},"query-input":{"@type":"PropertyValueSpecification","valueRequired":true,"valueName":"search_term_string"}}],"inLanguage":"fi"},{"@type":["Person","Organization"],"@id":"https:\/\/www.remonen.fi\/WP\/#\/schema\/person\/1803c23d1d4f6722054eb2ac7f7a97cd","name":"Matti Remonen","logo":{"@id":"https:\/\/www.remonen.fi\/WP\/#\/schema\/person\/image\/"},"url":"https:\/\/www.remonen.fi\/WP\/blogi\/author\/mre\/"}]}},"_links":{"self":[{"href":"https:\/\/www.remonen.fi\/WP\/wp-json\/wp\/v2\/posts\/7215"}],"collection":[{"href":"https:\/\/www.remonen.fi\/WP\/wp-json\/wp\/v2\/posts"}],"about":[{"href":"https:\/\/www.remonen.fi\/WP\/wp-json\/wp\/v2\/types\/post"}],"author":[{"embeddable":true,"href":"https:\/\/www.remonen.fi\/WP\/wp-json\/wp\/v2\/users\/2"}],"replies":[{"embeddable":true,"href":"https:\/\/www.remonen.fi\/WP\/wp-json\/wp\/v2\/comments?post=7215"}],"version-history":[{"count":0,"href":"https:\/\/www.remonen.fi\/WP\/wp-json\/wp\/v2\/posts\/7215\/revisions"}],"wp:featuredmedia":[{"embeddable":true,"href":"https:\/\/www.remonen.fi\/WP\/wp-json\/wp\/v2\/media\/7234"}],"wp:attachment":[{"href":"https:\/\/www.remonen.fi\/WP\/wp-json\/wp\/v2\/media?parent=7215"}],"wp:term":[{"taxonomy":"category","embeddable":true,"href":"https:\/\/www.remonen.fi\/WP\/wp-json\/wp\/v2\/categories?post=7215"},{"taxonomy":"post_tag","embeddable":true,"href":"https:\/\/www.remonen.fi\/WP\/wp-json\/wp\/v2\/tags?post=7215"}],"curies":[{"name":"wp","href":"https:\/\/api.w.org\/{rel}","templated":true}]}}