{"id":7244,"date":"2016-01-16T15:46:53","date_gmt":"2016-01-16T13:46:53","guid":{"rendered":"http:\/\/www.remonen.fi\/?p=7244"},"modified":"2016-01-20T07:51:05","modified_gmt":"2016-01-20T05:51:05","slug":"wotkinia-vermossa","status":"publish","type":"post","link":"https:\/\/www.remonen.fi\/WP\/blogi\/wotkinia-vermossa\/","title":{"rendered":"Wotkinia Vermossa"},"content":{"rendered":"<p>Koska edellisen\u00e4 viikonloppuna <a href=\"http:\/\/www.remonen.fi\/blogi\/valon-hetki\/\">Lux Helsingiss\u00e4<\/a> oli ollut kylm\u00e4\u00e4 kuin siperialaisessa pakastimessa tammikuussa, p\u00e4\u00e4tin l\u00e4hte\u00e4 <a href=\"http:\/\/www.vermo.fi\/\" target=\"_blank\">Vermoon <\/a>kuvaamaan, kun mittarikin n\u00e4ytti vain -10 astetta celsiusta. Vermossahan on (l\u00e4hes) joka keskiviikko ravit, joten siell\u00e4 on aina saatavissa taattua ohjelmaa vakiomuotissa. Ja Wotkinin makkaroita kokonaisedullisesti. Eik\u00e4 se Vermon sis\u00e4\u00e4np\u00e4\u00e4syk\u00e4\u00e4n ket\u00e4\u00e4n vaivaistaloon aja: nelj\u00e4ll\u00e4 eurolla p\u00e4\u00e4see kansainv\u00e4lisen uhkapelin maailmaan. Monacossa ei nelj\u00e4ll\u00e4 eurolla p\u00e4\u00e4se edes kasinon vessaan.<\/p>\n<p><div id=\"attachment_7264\" style=\"width: 890px\" class=\"wp-caption aligncenter\"><a href=\"http:\/\/www.remonen.fi\/WP\/wp-content\/uploads\/2016\/01\/vermo_2016-9.jpg\" rel=\"attachment wp-att-7264\"><img loading=\"lazy\" decoding=\"async\" aria-describedby=\"caption-attachment-7264\" class=\"wp-image-7264\" title=\"Aperture: &#402;\/3.2 | Credit: Matti Remonen | Camera: NIKON D810 | Taken: 13 tammikuun, 2016 | Copyright: (c)www.remonen.fi | Flash fired: no | Focal length: 200mm | ISO: 1600 | Keywords: Helsinki, Maat - Kaupungit - Paikat, Suomi, Vermo | Shutter speed: 1\/400s | \" src=\"http:\/\/www.remonen.fi\/WP\/wp-content\/uploads\/2016\/01\/vermo_2016-9.jpg\" alt=\"Vermo 2016\" width=\"880\" height=\"587\" srcset=\"https:\/\/www.remonen.fi\/WP\/wp-content\/uploads\/2016\/01\/vermo_2016-9.jpg 1280w, https:\/\/www.remonen.fi\/WP\/wp-content\/uploads\/2016\/01\/vermo_2016-9-300x200.jpg 300w, https:\/\/www.remonen.fi\/WP\/wp-content\/uploads\/2016\/01\/vermo_2016-9-680x454.jpg 680w, https:\/\/www.remonen.fi\/WP\/wp-content\/uploads\/2016\/01\/vermo_2016-9-768x512.jpg 768w, https:\/\/www.remonen.fi\/WP\/wp-content\/uploads\/2016\/01\/vermo_2016-9-1024x683.jpg 1024w, https:\/\/www.remonen.fi\/WP\/wp-content\/uploads\/2016\/01\/vermo_2016-9-440x294.jpg 440w, https:\/\/www.remonen.fi\/WP\/wp-content\/uploads\/2016\/01\/vermo_2016-9-960x641.jpg 960w\" sizes=\"(max-width: 880px) 100vw, 880px\" \/><\/a><p id=\"caption-attachment-7264\" class=\"wp-caption-text\">L\u00e4ht\u00f6 1, voittajaa ei edes erota kuvasta, olisiko viimeisen\u00e4 t\u00e4ss\u00e4 kohtaa<\/p><\/div>Vermossa on aina mukava ja v\u00e4lit\u00f6n fiilis. Porukkaahan ei t\u00e4llaisena normi-iltana kauheasti ole, pakkanenkin varmaan verotti osaltaan. Mutta muuten meno oli niin kuin aina. Toki tallialue oli mielest\u00e4ni kyll\u00e4 pienempi kuin kes\u00e4ll\u00e4, mutta voi se olla, ett\u00e4 muisti pett\u00e4\u00e4 tuossa kohden.<\/p>\n<div id=\"attachment_7277\" style=\"width: 890px\" class=\"wp-caption aligncenter\"><a href=\"http:\/\/www.remonen.fi\/WP\/wp-content\/uploads\/2016\/01\/vermo_2016-1.jpg\" rel=\"attachment wp-att-7277\"><img loading=\"lazy\" decoding=\"async\" aria-describedby=\"caption-attachment-7277\" class=\"wp-image-7277\" title=\"Aperture: &#402;\/3.2 | Credit: Matti Remonen | Camera: NIKON D810 | Taken: 13 tammikuun, 2016 | Copyright: (c)www.remonen.fi | Flash fired: no | Focal length: 150mm | ISO: 1000 | Keywords: Helsinki, Maat - Kaupungit - Paikat, Suomi, Vermo | Shutter speed: 1\/320s | \" src=\"http:\/\/www.remonen.fi\/WP\/wp-content\/uploads\/2016\/01\/vermo_2016-1.jpg\" alt=\"Vermo 2016\" width=\"880\" height=\"587\" srcset=\"https:\/\/www.remonen.fi\/WP\/wp-content\/uploads\/2016\/01\/vermo_2016-1.jpg 1280w, https:\/\/www.remonen.fi\/WP\/wp-content\/uploads\/2016\/01\/vermo_2016-1-300x200.jpg 300w, https:\/\/www.remonen.fi\/WP\/wp-content\/uploads\/2016\/01\/vermo_2016-1-680x454.jpg 680w, https:\/\/www.remonen.fi\/WP\/wp-content\/uploads\/2016\/01\/vermo_2016-1-768x512.jpg 768w, https:\/\/www.remonen.fi\/WP\/wp-content\/uploads\/2016\/01\/vermo_2016-1-1024x683.jpg 1024w, https:\/\/www.remonen.fi\/WP\/wp-content\/uploads\/2016\/01\/vermo_2016-1-440x294.jpg 440w, https:\/\/www.remonen.fi\/WP\/wp-content\/uploads\/2016\/01\/vermo_2016-1-960x641.jpg 960w\" sizes=\"(max-width: 880px) 100vw, 880px\" \/><\/a><p id=\"caption-attachment-7277\" class=\"wp-caption-text\">L\u00e4ht\u00f6 1: Rite On Birdland \/ M Forss &#8211; voittoon&#8230;<\/p><\/div>\n<blockquote><p>Siis kuinka vaikeaa voi olla jalkojen asetteleminen niin, ett\u00e4 ravi n\u00e4ytt\u00e4\u00e4 ravilta eik\u00e4 auran vet\u00e4miselt\u00e4?<\/p><\/blockquote>\n<p><div id=\"attachment_7272\" style=\"width: 890px\" class=\"wp-caption aligncenter\"><a href=\"http:\/\/www.remonen.fi\/WP\/wp-content\/uploads\/2016\/01\/vermo_2016-6.jpg\" rel=\"attachment wp-att-7272\"><img loading=\"lazy\" decoding=\"async\" aria-describedby=\"caption-attachment-7272\" class=\"wp-image-7272\" title=\"Aperture: &#402;\/2.8 | Credit: Matti Remonen | Camera: NIKON D810 | Taken: 13 tammikuun, 2016 | Copyright: (c)www.remonen.fi | Flash fired: no | Focal length: 200mm | ISO: 1250 | Keywords: Helsinki, Maat - Kaupungit - Paikat, Suomi, Vermo | Shutter speed: 1\/400s | \" src=\"http:\/\/www.remonen.fi\/WP\/wp-content\/uploads\/2016\/01\/vermo_2016-6.jpg\" alt=\"Vermo 2016\" width=\"880\" height=\"587\" srcset=\"https:\/\/www.remonen.fi\/WP\/wp-content\/uploads\/2016\/01\/vermo_2016-6.jpg 1280w, https:\/\/www.remonen.fi\/WP\/wp-content\/uploads\/2016\/01\/vermo_2016-6-300x200.jpg 300w, https:\/\/www.remonen.fi\/WP\/wp-content\/uploads\/2016\/01\/vermo_2016-6-680x454.jpg 680w, https:\/\/www.remonen.fi\/WP\/wp-content\/uploads\/2016\/01\/vermo_2016-6-768x512.jpg 768w, https:\/\/www.remonen.fi\/WP\/wp-content\/uploads\/2016\/01\/vermo_2016-6-1024x683.jpg 1024w, https:\/\/www.remonen.fi\/WP\/wp-content\/uploads\/2016\/01\/vermo_2016-6-440x294.jpg 440w, https:\/\/www.remonen.fi\/WP\/wp-content\/uploads\/2016\/01\/vermo_2016-6-960x641.jpg 960w\" sizes=\"(max-width: 880px) 100vw, 880px\" \/><\/a><p id=\"caption-attachment-7272\" class=\"wp-caption-text\">L\u00e4ht\u00f6 2: johdossa ja voittoon 3 Vispaus \/ T Okkolin<\/p><\/div><div id=\"attachment_7270\" style=\"width: 890px\" class=\"wp-caption aligncenter\"><a href=\"http:\/\/www.remonen.fi\/WP\/wp-content\/uploads\/2016\/01\/vermo_2016-12.jpg\" rel=\"attachment wp-att-7270\"><img loading=\"lazy\" decoding=\"async\" aria-describedby=\"caption-attachment-7270\" class=\"wp-image-7270\" title=\"Aperture: &#402;\/2.8 | Credit: Matti Remonen | Camera: NIKON D810 | Taken: 13 tammikuun, 2016 | Copyright: (c)www.remonen.fi | Flash fired: no | Focal length: 190mm | ISO: 1100 | Keywords: Helsinki, Maat - Kaupungit - Paikat, Suomi, Vermo | Shutter speed: 1\/400s | \" src=\"http:\/\/www.remonen.fi\/WP\/wp-content\/uploads\/2016\/01\/vermo_2016-12.jpg\" alt=\"Vermo 2016\" width=\"880\" height=\"587\" srcset=\"https:\/\/www.remonen.fi\/WP\/wp-content\/uploads\/2016\/01\/vermo_2016-12.jpg 1280w, https:\/\/www.remonen.fi\/WP\/wp-content\/uploads\/2016\/01\/vermo_2016-12-300x200.jpg 300w, https:\/\/www.remonen.fi\/WP\/wp-content\/uploads\/2016\/01\/vermo_2016-12-680x454.jpg 680w, https:\/\/www.remonen.fi\/WP\/wp-content\/uploads\/2016\/01\/vermo_2016-12-768x512.jpg 768w, https:\/\/www.remonen.fi\/WP\/wp-content\/uploads\/2016\/01\/vermo_2016-12-1024x683.jpg 1024w, https:\/\/www.remonen.fi\/WP\/wp-content\/uploads\/2016\/01\/vermo_2016-12-440x294.jpg 440w, https:\/\/www.remonen.fi\/WP\/wp-content\/uploads\/2016\/01\/vermo_2016-12-960x641.jpg 960w\" sizes=\"(max-width: 880px) 100vw, 880px\" \/><\/a><p id=\"caption-attachment-7270\" class=\"wp-caption-text\">L\u00e4ht\u00f6 2: Vispaus \/ T Okkolin, tosin kuva taitaa olla l\u00e4mmittelyst\u00e4<\/p><\/div>P\u00e4\u00e4asia, eli <a href=\"http:\/\/www.chef-wotkins.com\/\" target=\"_blank\">Wotkinin grillimakkarat<\/a> olivat kuitenkin taas tarjolla ohjastajien kuppilan kupeessa. Hinta oli kyll\u00e4 pompsahtanut sitten viime kerran. Olisiko edellisell\u00e4 kerralla makkara maksanut kaksi euroa, mutta nyt siit\u00e4 joutui pulittamaan 2.50. Silti edelleen kohtuullisen edullista ja tarjolla ollut sinappi oli hyv\u00e4\u00e4. Michelinin asteikolla yhden t\u00e4hden paikka: ei ehk\u00e4 oman reisunsa v\u00e4\u00e4rti, mutta jos olet huudeilla, niin ehdottomasti k\u00e4ymisen arvoinen.<\/p>\n<p><div id=\"attachment_7273\" style=\"width: 890px\" class=\"wp-caption aligncenter\"><a href=\"http:\/\/www.remonen.fi\/WP\/wp-content\/uploads\/2016\/01\/vermo_2016-5.jpg\" rel=\"attachment wp-att-7273\"><img loading=\"lazy\" decoding=\"async\" aria-describedby=\"caption-attachment-7273\" class=\"wp-image-7273\" title=\"Aperture: &#402;\/2.8 | Credit: Matti Remonen | Camera: NIKON D810 | Taken: 13 tammikuun, 2016 | Copyright: (c)www.remonen.fi | Flash fired: no | Focal length: 200mm | ISO: 1000 | Keywords: Helsinki, Maat - Kaupungit - Paikat, Suomi, Vermo | Shutter speed: 1\/400s | \" src=\"http:\/\/www.remonen.fi\/WP\/wp-content\/uploads\/2016\/01\/vermo_2016-5.jpg\" alt=\"Vermo 2016\" width=\"880\" height=\"587\" srcset=\"https:\/\/www.remonen.fi\/WP\/wp-content\/uploads\/2016\/01\/vermo_2016-5.jpg 1280w, https:\/\/www.remonen.fi\/WP\/wp-content\/uploads\/2016\/01\/vermo_2016-5-300x200.jpg 300w, https:\/\/www.remonen.fi\/WP\/wp-content\/uploads\/2016\/01\/vermo_2016-5-680x454.jpg 680w, https:\/\/www.remonen.fi\/WP\/wp-content\/uploads\/2016\/01\/vermo_2016-5-768x512.jpg 768w, https:\/\/www.remonen.fi\/WP\/wp-content\/uploads\/2016\/01\/vermo_2016-5-1024x683.jpg 1024w, https:\/\/www.remonen.fi\/WP\/wp-content\/uploads\/2016\/01\/vermo_2016-5-440x294.jpg 440w, https:\/\/www.remonen.fi\/WP\/wp-content\/uploads\/2016\/01\/vermo_2016-5-960x641.jpg 960w\" sizes=\"(max-width: 880px) 100vw, 880px\" \/><\/a><p id=\"caption-attachment-7273\" class=\"wp-caption-text\">L\u00e4ht\u00f6 2 edelleen<\/p><\/div>Mutta siis raveihin ja kuvaamiseen. Mulla k\u00e4vi taas vanhanaikaisesti ja muutamat ekat kuvat meniv\u00e4t suoraan roskiin, kun kameran s\u00e4\u00e4d\u00f6t olivat Lux Helsingin j\u00e4ljilt\u00e4 mit\u00e4 olivat. Vaikka olen kuvannut kohta sen viisikymment\u00e4 vuotta, niin perusasiat ovat viel\u00e4 totaalisen hakusessa. T\u00e4ytyy toivoa, ett\u00e4 sadan vuoden elinik\u00e4odote pit\u00e4\u00e4 paikkansa, jolloin minullakin on toiveita saada nuo perusjutut hallintaan viel\u00e4 ennen hautaa.<\/p>\n<p><div id=\"attachment_7276\" style=\"width: 597px\" class=\"wp-caption aligncenter\"><a href=\"http:\/\/www.remonen.fi\/WP\/wp-content\/uploads\/2016\/01\/vermo_2016-2.jpg\" rel=\"attachment wp-att-7276\"><img loading=\"lazy\" decoding=\"async\" aria-describedby=\"caption-attachment-7276\" class=\"wp-image-7276\" title=\"Aperture: &#402;\/3.2 | Credit: Matti Remonen | Camera: NIKON D810 | Taken: 13 tammikuun, 2016 | Copyright: (c)www.remonen.fi | Flash fired: no | Focal length: 200mm | ISO: 4000 | Keywords: Helsinki, Maat - Kaupungit - Paikat, Suomi, Vermo | Shutter speed: 1\/400s | \" src=\"http:\/\/www.remonen.fi\/WP\/wp-content\/uploads\/2016\/01\/vermo_2016-2.jpg\" alt=\"Vermo 2016\" width=\"587\" height=\"880\" srcset=\"https:\/\/www.remonen.fi\/WP\/wp-content\/uploads\/2016\/01\/vermo_2016-2.jpg 854w, https:\/\/www.remonen.fi\/WP\/wp-content\/uploads\/2016\/01\/vermo_2016-2-200x300.jpg 200w, https:\/\/www.remonen.fi\/WP\/wp-content\/uploads\/2016\/01\/vermo_2016-2-454x680.jpg 454w, https:\/\/www.remonen.fi\/WP\/wp-content\/uploads\/2016\/01\/vermo_2016-2-768x1151.jpg 768w, https:\/\/www.remonen.fi\/WP\/wp-content\/uploads\/2016\/01\/vermo_2016-2-683x1024.jpg 683w, https:\/\/www.remonen.fi\/WP\/wp-content\/uploads\/2016\/01\/vermo_2016-2-440x659.jpg 440w, https:\/\/www.remonen.fi\/WP\/wp-content\/uploads\/2016\/01\/vermo_2016-2-300x450.jpg 300w\" sizes=\"(max-width: 587px) 100vw, 587px\" \/><\/a><p id=\"caption-attachment-7276\" class=\"wp-caption-text\">Gabriella Sunsign \/ Is Korhonen<\/p><\/div>Ensi alkuun ajattelin, ett\u00e4 kuvaaminen talvella Vermossa on helppoa kuin hein\u00e4n teko. Siell\u00e4h\u00e4n on pakko olla hyv\u00e4t valot, kun Ravi-TV n\u00e4ytt\u00e4\u00e4 sielt\u00e4 el\u00e4v\u00e4\u00e4 kuvaa jatkuvasti. No n\u00e4inh\u00e4n se periaatteessa olikin, mutta silti oli yll\u00e4tt\u00e4v\u00e4n haastavaa kuvata tummia hevosia valkoisessa ymp\u00e4rist\u00f6ss\u00e4. S\u00e4vyala oli aika lailla kahtia jakautunut: joko t\u00e4ysin valkoista tai sitten tummaa. Lis\u00e4ksi radan keskell\u00e4 j\u00e4\u00e4v\u00e4 osahan ei ole valaistu, joten hevosten taustalle tuli helposti mustaa. Tummanruskea hevonen tummaa taustaa vasten valkoisella etualalla ylitti monessa kohtaa minun taitoni.<\/p>\n<p><div id=\"attachment_7278\" style=\"width: 890px\" class=\"wp-caption aligncenter\"><a href=\"http:\/\/www.remonen.fi\/WP\/wp-content\/uploads\/2016\/01\/vermo_2016-10.jpg\" rel=\"attachment wp-att-7278\"><img loading=\"lazy\" decoding=\"async\" aria-describedby=\"caption-attachment-7278\" class=\"wp-image-7278\" title=\"Aperture: &#402;\/3.2 | Credit: Matti Remonen | Camera: NIKON D810 | Taken: 13 tammikuun, 2016 | Copyright: (c)www.remonen.fi | Flash fired: no | Focal length: 160mm | ISO: 1000 | Keywords: Helsinki, Maat - Kaupungit - Paikat, Suomi, Vermo | Shutter speed: 1\/320s | \" src=\"http:\/\/www.remonen.fi\/WP\/wp-content\/uploads\/2016\/01\/vermo_2016-10.jpg\" alt=\"Vermo 2016\" width=\"880\" height=\"587\" srcset=\"https:\/\/www.remonen.fi\/WP\/wp-content\/uploads\/2016\/01\/vermo_2016-10.jpg 1280w, https:\/\/www.remonen.fi\/WP\/wp-content\/uploads\/2016\/01\/vermo_2016-10-300x200.jpg 300w, https:\/\/www.remonen.fi\/WP\/wp-content\/uploads\/2016\/01\/vermo_2016-10-680x454.jpg 680w, https:\/\/www.remonen.fi\/WP\/wp-content\/uploads\/2016\/01\/vermo_2016-10-768x512.jpg 768w, https:\/\/www.remonen.fi\/WP\/wp-content\/uploads\/2016\/01\/vermo_2016-10-1024x683.jpg 1024w, https:\/\/www.remonen.fi\/WP\/wp-content\/uploads\/2016\/01\/vermo_2016-10-440x294.jpg 440w, https:\/\/www.remonen.fi\/WP\/wp-content\/uploads\/2016\/01\/vermo_2016-10-960x641.jpg 960w\" sizes=\"(max-width: 880px) 100vw, 880px\" \/><\/a><p id=\"caption-attachment-7278\" class=\"wp-caption-text\">Musta hevonen on mustakin musta. Ja mustalla taustalla.<\/p><\/div>Lis\u00e4ksi lumi, kuten kaikki tied\u00e4mme, on paitsi automaattisen valotuksen osalta haasteellinen, niin my\u00f6s automaattinen valkotasapaino heitt\u00e4\u00e4 t\u00e4ysin h\u00e4r\u00e4npylly\u00e4, kun kamera p\u00e4\u00e4tt\u00e4\u00e4, ett\u00e4 lumi on keskiharmaa. No, kun kuvaa raaka-rokia, niin onneksi valotusta ja valkotasapainoa voi s\u00e4\u00e4t\u00e4\u00e4 sitten syd\u00e4mens\u00e4 kyllyydest\u00e4 j\u00e4lkik\u00e4teen. Ja onpahan sitten sit\u00e4 lunta mist\u00e4 ottaa referenssipiste.<\/p>\n<p><div id=\"attachment_7274\" style=\"width: 890px\" class=\"wp-caption aligncenter\"><a href=\"http:\/\/www.remonen.fi\/WP\/wp-content\/uploads\/2016\/01\/vermo_2016-4.jpg\" rel=\"attachment wp-att-7274\"><img loading=\"lazy\" decoding=\"async\" aria-describedby=\"caption-attachment-7274\" class=\"wp-image-7274\" title=\"Aperture: &#402;\/2.8 | Credit: Matti Remonen | Camera: NIKON D810 | Taken: 13 tammikuun, 2016 | Copyright: (c)www.remonen.fi | Flash fired: no | Focal length: 116mm | ISO: 4000 | Keywords: Helsinki, Maat - Kaupungit - Paikat, Suomi, Vermo | Shutter speed: 1\/250s | \" src=\"http:\/\/www.remonen.fi\/WP\/wp-content\/uploads\/2016\/01\/vermo_2016-4.jpg\" alt=\"Vermo 2016\" width=\"880\" height=\"587\" srcset=\"https:\/\/www.remonen.fi\/WP\/wp-content\/uploads\/2016\/01\/vermo_2016-4.jpg 1280w, https:\/\/www.remonen.fi\/WP\/wp-content\/uploads\/2016\/01\/vermo_2016-4-300x200.jpg 300w, https:\/\/www.remonen.fi\/WP\/wp-content\/uploads\/2016\/01\/vermo_2016-4-680x454.jpg 680w, https:\/\/www.remonen.fi\/WP\/wp-content\/uploads\/2016\/01\/vermo_2016-4-768x512.jpg 768w, https:\/\/www.remonen.fi\/WP\/wp-content\/uploads\/2016\/01\/vermo_2016-4-1024x683.jpg 1024w, https:\/\/www.remonen.fi\/WP\/wp-content\/uploads\/2016\/01\/vermo_2016-4-440x294.jpg 440w, https:\/\/www.remonen.fi\/WP\/wp-content\/uploads\/2016\/01\/vermo_2016-4-960x641.jpg 960w\" sizes=\"(max-width: 880px) 100vw, 880px\" \/><\/a><p id=\"caption-attachment-7274\" class=\"wp-caption-text\">Karot\u00e4hti \/ P Puikkonen<\/p><\/div>Hevoskuvauksessahan on vain yksi s\u00e4\u00e4nt\u00f6 (Lex L\u00e4nsiluoto): hevosen tulee n\u00e4ytt\u00e4\u00e4 kuvassa hyv\u00e4lt\u00e4. Tietysti t\u00e4t\u00e4kin s\u00e4\u00e4nt\u00f6\u00e4 voi rikkoa, kun sen tiet\u00e4\u00e4, mutta perusl\u00e4ht\u00f6kohta on se, ett\u00e4 jos kohde ei n\u00e4yt\u00e4 hyv\u00e4lt\u00e4, niin kuva on huono. Liikkuvaa hevosta kuvatessa sitten ongelmana on se liike: hevonen perkele heiluttaa niit\u00e4 jalkojaan kuin heikkop\u00e4inen. Ei mit\u00e4\u00e4n ymm\u00e4rryst\u00e4 estetiikasta tai antiikin kreikkalaisesti plastisista asennoista. Vaikuttaisi ihan silt\u00e4, kuin ne olisivat autuaan tiet\u00e4m\u00e4tt\u00f6mi\u00e4 siit\u00e4, milt\u00e4 ne suurimman osan aikaa n\u00e4ytt\u00e4v\u00e4t ja aivan kuin ne keskittyisiv\u00e4t vain siihen raviin.<\/p>\n<p><div id=\"attachment_7269\" style=\"width: 597px\" class=\"wp-caption aligncenter\"><a href=\"http:\/\/www.remonen.fi\/WP\/wp-content\/uploads\/2016\/01\/vermo_2016-7.jpg\" rel=\"attachment wp-att-7269\"><img loading=\"lazy\" decoding=\"async\" aria-describedby=\"caption-attachment-7269\" class=\"wp-image-7269\" title=\"Aperture: &#402;\/3.2 | Credit: Matti Remonen | Camera: NIKON D810 | Taken: 13 tammikuun, 2016 | Copyright: (c)www.remonen.fi | Flash fired: no | Focal length: 70mm | ISO: 900 | Keywords: Helsinki, Maat - Kaupungit - Paikat, Suomi, Vermo | Shutter speed: 1\/160s | \" src=\"http:\/\/www.remonen.fi\/WP\/wp-content\/uploads\/2016\/01\/vermo_2016-7.jpg\" alt=\"Vermo 2016\" width=\"587\" height=\"880\" srcset=\"https:\/\/www.remonen.fi\/WP\/wp-content\/uploads\/2016\/01\/vermo_2016-7.jpg 854w, https:\/\/www.remonen.fi\/WP\/wp-content\/uploads\/2016\/01\/vermo_2016-7-200x300.jpg 200w, https:\/\/www.remonen.fi\/WP\/wp-content\/uploads\/2016\/01\/vermo_2016-7-454x680.jpg 454w, https:\/\/www.remonen.fi\/WP\/wp-content\/uploads\/2016\/01\/vermo_2016-7-768x1151.jpg 768w, https:\/\/www.remonen.fi\/WP\/wp-content\/uploads\/2016\/01\/vermo_2016-7-683x1024.jpg 683w, https:\/\/www.remonen.fi\/WP\/wp-content\/uploads\/2016\/01\/vermo_2016-7-440x659.jpg 440w, https:\/\/www.remonen.fi\/WP\/wp-content\/uploads\/2016\/01\/vermo_2016-7-300x450.jpg 300w\" sizes=\"(max-width: 587px) 100vw, 587px\" \/><\/a><p id=\"caption-attachment-7269\" class=\"wp-caption-text\">No Vispaus tiet\u00e4\u00e4 kun kuvataan, vaikka Harmi&#8217;s Frido yritt\u00e4\u00e4kin photobombata<\/p><\/div>Siis kuinka vaikeaa voi olla jalkojen asetteleminen niin, ett\u00e4 ravi n\u00e4ytt\u00e4\u00e4 ravilta eik\u00e4 auran vet\u00e4miselt\u00e4? Ilmeisen vaikeaa, sill\u00e4 suurin osa kuvista oli tyyli\u00e4 &#8221;polle pellolla aura per\u00e4ss\u00e4&#8221;. Ehdottaisin kyll\u00e4 Yp\u00e4j\u00e4lle ensi kes\u00e4ksi valmennuskurssia hevosille: &#8221;kuinka n\u00e4ytt\u00e4\u00e4 hyv\u00e4lt\u00e4 ja silti voittaa raveja&#8221;. My\u00f6s hevosten on syyt\u00e4 tiedostaa somen voima.<\/p>\n<p><div id=\"attachment_7271\" style=\"width: 890px\" class=\"wp-caption aligncenter\"><a href=\"http:\/\/www.remonen.fi\/WP\/wp-content\/uploads\/2016\/01\/vermo_2016-11.jpg\" rel=\"attachment wp-att-7271\"><img loading=\"lazy\" decoding=\"async\" aria-describedby=\"caption-attachment-7271\" class=\"wp-image-7271\" title=\"Aperture: &#402;\/2.8 | Credit: Matti Remonen | Camera: NIKON D810 | Taken: 13 tammikuun, 2016 | Copyright: (c)www.remonen.fi | Flash fired: no | Focal length: 70mm | ISO: 500 | Keywords: Helsinki, Maat - Kaupungit - Paikat, Suomi, Vermo | Shutter speed: 1\/160s | \" src=\"http:\/\/www.remonen.fi\/WP\/wp-content\/uploads\/2016\/01\/vermo_2016-11.jpg\" alt=\"Vermo 2016\" width=\"880\" height=\"587\" srcset=\"https:\/\/www.remonen.fi\/WP\/wp-content\/uploads\/2016\/01\/vermo_2016-11.jpg 1280w, https:\/\/www.remonen.fi\/WP\/wp-content\/uploads\/2016\/01\/vermo_2016-11-300x200.jpg 300w, https:\/\/www.remonen.fi\/WP\/wp-content\/uploads\/2016\/01\/vermo_2016-11-680x454.jpg 680w, https:\/\/www.remonen.fi\/WP\/wp-content\/uploads\/2016\/01\/vermo_2016-11-768x512.jpg 768w, https:\/\/www.remonen.fi\/WP\/wp-content\/uploads\/2016\/01\/vermo_2016-11-1024x683.jpg 1024w, https:\/\/www.remonen.fi\/WP\/wp-content\/uploads\/2016\/01\/vermo_2016-11-440x294.jpg 440w, https:\/\/www.remonen.fi\/WP\/wp-content\/uploads\/2016\/01\/vermo_2016-11-960x641.jpg 960w\" sizes=\"(max-width: 880px) 100vw, 880px\" \/><\/a><p id=\"caption-attachment-7271\" class=\"wp-caption-text\">M\u00e4 joka p\u00e4iv\u00e4 t\u00f6it\u00e4 teen ja auraa veen&#8230;<\/p><\/div>Josta p\u00e4\u00e4st\u00e4\u00e4nkin aiheeseen kukkaruukku: koska en ollut akkreditoitu kuvaaja enk\u00e4 oikein kuvaajakaan, niin kuvausmahdollisuudet olivat aika lailla rajatut, vaikka sin\u00e4ns\u00e4 tuolla saa liikkua aika vapaasti. Rata-alue on kuitenkin ehdottomasti off-limits muille kuin &#8221;virallisille&#8221; kuvaajille.<\/p>\n<p><div id=\"attachment_7267\" style=\"width: 890px\" class=\"wp-caption aligncenter\"><a href=\"http:\/\/www.remonen.fi\/WP\/wp-content\/uploads\/2016\/01\/vermo_2016-13.jpg\" rel=\"attachment wp-att-7267\"><img loading=\"lazy\" decoding=\"async\" aria-describedby=\"caption-attachment-7267\" class=\"wp-image-7267\" title=\"Aperture: &#402;\/6.3 | Credit: Matti Remonen | Camera: NIKON D810 | Taken: 13 tammikuun, 2016 | Copyright: (c)www.remonen.fi | Flash fired: no | Focal length: 240mm | ISO: 2800 | Keywords: Helsinki, Maat - Kaupungit - Paikat, Suomi, Vermo | Shutter speed: 1\/125s | \" src=\"http:\/\/www.remonen.fi\/WP\/wp-content\/uploads\/2016\/01\/vermo_2016-13.jpg\" alt=\"Vermo 2016\" width=\"880\" height=\"587\" srcset=\"https:\/\/www.remonen.fi\/WP\/wp-content\/uploads\/2016\/01\/vermo_2016-13.jpg 1280w, https:\/\/www.remonen.fi\/WP\/wp-content\/uploads\/2016\/01\/vermo_2016-13-300x200.jpg 300w, https:\/\/www.remonen.fi\/WP\/wp-content\/uploads\/2016\/01\/vermo_2016-13-680x454.jpg 680w, https:\/\/www.remonen.fi\/WP\/wp-content\/uploads\/2016\/01\/vermo_2016-13-768x512.jpg 768w, https:\/\/www.remonen.fi\/WP\/wp-content\/uploads\/2016\/01\/vermo_2016-13-1024x683.jpg 1024w, https:\/\/www.remonen.fi\/WP\/wp-content\/uploads\/2016\/01\/vermo_2016-13-440x294.jpg 440w, https:\/\/www.remonen.fi\/WP\/wp-content\/uploads\/2016\/01\/vermo_2016-13-960x641.jpg 960w\" sizes=\"(max-width: 880px) 100vw, 880px\" \/><\/a><p id=\"caption-attachment-7267\" class=\"wp-caption-text\">L\u00e4ht\u00f6 3: Global Option \/ E-P M\u00e4kinen antaa vauhtin\u00e4ytteen (4. sija)<\/p><\/div>Toisaalta t\u00e4m\u00e4 on ymm\u00e4rrett\u00e4v\u00e4\u00e4, mutta toisaalta el\u00e4mme kuitenkin jo 2010 -luvun j\u00e4lkimm\u00e4ist\u00e4 puoliskoa ja mit\u00e4 olen ymm\u00e4rt\u00e4nyt, niin ravibusiness ei mitenk\u00e4\u00e4n nyt kaadu liian julkisuuden taakan alle. Joten olisiko ihan mahdotonta, ett\u00e4 tuollaisissa perus-raveissa voisi &#8221;rekister\u00f6ity\u00e4&#8221; some-kuvaajaksi ja p\u00e4\u00e4sisi kuvaamaan hieman vapaammin?<\/p>\n<p><div id=\"attachment_7275\" style=\"width: 890px\" class=\"wp-caption aligncenter\"><a href=\"http:\/\/www.remonen.fi\/WP\/wp-content\/uploads\/2016\/01\/vermo_2016-3-1.jpg\" rel=\"attachment wp-att-7275\"><img loading=\"lazy\" decoding=\"async\" aria-describedby=\"caption-attachment-7275\" class=\"wp-image-7275\" title=\"Aperture: &#402;\/3.2 | Credit: Matti Remonen | Camera: NIKON D810 | Taken: 13 tammikuun, 2016 | Copyright: (c)www.remonen.fi | Flash fired: no | Focal length: 180mm | ISO: 4500 | Keywords: Helsinki, Maat - Kaupungit - Paikat, Suomi, Vermo | Shutter speed: 1\/400s | \" src=\"http:\/\/www.remonen.fi\/WP\/wp-content\/uploads\/2016\/01\/vermo_2016-3-1.jpg\" alt=\"Vermo 2016\" width=\"880\" height=\"587\" srcset=\"https:\/\/www.remonen.fi\/WP\/wp-content\/uploads\/2016\/01\/vermo_2016-3-1.jpg 1280w, https:\/\/www.remonen.fi\/WP\/wp-content\/uploads\/2016\/01\/vermo_2016-3-1-300x200.jpg 300w, https:\/\/www.remonen.fi\/WP\/wp-content\/uploads\/2016\/01\/vermo_2016-3-1-680x454.jpg 680w, https:\/\/www.remonen.fi\/WP\/wp-content\/uploads\/2016\/01\/vermo_2016-3-1-768x512.jpg 768w, https:\/\/www.remonen.fi\/WP\/wp-content\/uploads\/2016\/01\/vermo_2016-3-1-1024x683.jpg 1024w, https:\/\/www.remonen.fi\/WP\/wp-content\/uploads\/2016\/01\/vermo_2016-3-1-440x294.jpg 440w, https:\/\/www.remonen.fi\/WP\/wp-content\/uploads\/2016\/01\/vermo_2016-3-1-960x641.jpg 960w\" sizes=\"(max-width: 880px) 100vw, 880px\" \/><\/a><p id=\"caption-attachment-7275\" class=\"wp-caption-text\">L\u00e4ht\u00f6 4: Gabriella Sunsign \/ Is Korhonen (hpl)<\/p><\/div>Nyt taas kun seurasin virallisen kuvaajan touhuja tuolla, niin kuvaaminen oli sit\u00e4 koulukuvaustyyli\u00e4: kuvat voittajasta ja omistajasta. Sin\u00e4ns\u00e4 varmaan &#8221;ihan kiva&#8221; ja Raviurheiluun sopiva, mutta jos raveja aiotaan markkinoida yht\u00e4\u00e4n trendikk\u00e4\u00e4mmin ja muille kuin ennen sotia syntyneille, niin kannattaisi mietti\u00e4 miten somen valjastaisi t\u00e4t\u00e4 edist\u00e4m\u00e4\u00e4n.<\/p>\n<p><div id=\"attachment_7266\" style=\"width: 890px\" class=\"wp-caption aligncenter\"><a href=\"http:\/\/www.remonen.fi\/WP\/wp-content\/uploads\/2016\/01\/vermo_2016-14.jpg\" rel=\"attachment wp-att-7266\"><img loading=\"lazy\" decoding=\"async\" aria-describedby=\"caption-attachment-7266\" class=\"wp-image-7266\" title=\"Aperture: &#402;\/6.3 | Credit: Matti Remonen | Camera: NIKON D810 | Taken: 13 tammikuun, 2016 | Copyright: (c)www.remonen.fi | Flash fired: no | Focal length: 200mm | ISO: 1600 | Keywords: Helsinki, Maat - Kaupungit - Paikat, Suomi, Vermo | Shutter speed: 1\/100s | \" src=\"http:\/\/www.remonen.fi\/WP\/wp-content\/uploads\/2016\/01\/vermo_2016-14.jpg\" alt=\"Vermo 2016\" width=\"880\" height=\"587\" srcset=\"https:\/\/www.remonen.fi\/WP\/wp-content\/uploads\/2016\/01\/vermo_2016-14.jpg 1280w, https:\/\/www.remonen.fi\/WP\/wp-content\/uploads\/2016\/01\/vermo_2016-14-300x200.jpg 300w, https:\/\/www.remonen.fi\/WP\/wp-content\/uploads\/2016\/01\/vermo_2016-14-680x454.jpg 680w, https:\/\/www.remonen.fi\/WP\/wp-content\/uploads\/2016\/01\/vermo_2016-14-768x512.jpg 768w, https:\/\/www.remonen.fi\/WP\/wp-content\/uploads\/2016\/01\/vermo_2016-14-1024x683.jpg 1024w, https:\/\/www.remonen.fi\/WP\/wp-content\/uploads\/2016\/01\/vermo_2016-14-440x294.jpg 440w, https:\/\/www.remonen.fi\/WP\/wp-content\/uploads\/2016\/01\/vermo_2016-14-960x641.jpg 960w\" sizes=\"(max-width: 880px) 100vw, 880px\" \/><\/a><p id=\"caption-attachment-7266\" class=\"wp-caption-text\">L\u00e4ht\u00f6 5: voittoon Lecrosse \/ O Koivunen<\/p><\/div>Mutta joo: kaikesta huolimatta kyll\u00e4 tuolla p\u00e4\u00e4see liikkumaan varsin vapaasti ja hyv\u00e4 niin. Vertaa tuota nyt sitten j\u00e4\u00e4kiekkoon, yleisurheiluun tai rata-autoiluun.<\/p>\n<p><div id=\"attachment_7265\" style=\"width: 890px\" class=\"wp-caption aligncenter\"><a href=\"http:\/\/www.remonen.fi\/WP\/wp-content\/uploads\/2016\/01\/vermo_2016-15.jpg\" rel=\"attachment wp-att-7265\"><img loading=\"lazy\" decoding=\"async\" aria-describedby=\"caption-attachment-7265\" class=\"wp-image-7265\" title=\"Aperture: &#402;\/6.3 | Credit: Matti Remonen | Camera: NIKON D810 | Taken: 13 tammikuun, 2016 | Copyright: (c)www.remonen.fi | Flash fired: no | Focal length: 110mm | ISO: 1600 | Keywords: Helsinki, Maat - Kaupungit - Paikat, Suomi, Vermo | Shutter speed: 1\/60s | \" src=\"http:\/\/www.remonen.fi\/WP\/wp-content\/uploads\/2016\/01\/vermo_2016-15.jpg\" alt=\"Vermo 2016\" width=\"880\" height=\"587\" srcset=\"https:\/\/www.remonen.fi\/WP\/wp-content\/uploads\/2016\/01\/vermo_2016-15.jpg 1280w, https:\/\/www.remonen.fi\/WP\/wp-content\/uploads\/2016\/01\/vermo_2016-15-300x200.jpg 300w, https:\/\/www.remonen.fi\/WP\/wp-content\/uploads\/2016\/01\/vermo_2016-15-680x454.jpg 680w, https:\/\/www.remonen.fi\/WP\/wp-content\/uploads\/2016\/01\/vermo_2016-15-768x512.jpg 768w, https:\/\/www.remonen.fi\/WP\/wp-content\/uploads\/2016\/01\/vermo_2016-15-1024x683.jpg 1024w, https:\/\/www.remonen.fi\/WP\/wp-content\/uploads\/2016\/01\/vermo_2016-15-440x294.jpg 440w, https:\/\/www.remonen.fi\/WP\/wp-content\/uploads\/2016\/01\/vermo_2016-15-960x641.jpg 960w\" sizes=\"(max-width: 880px) 100vw, 880px\" \/><\/a><p id=\"caption-attachment-7265\" class=\"wp-caption-text\">L\u00e4ht\u00f6 7: Monsieur Cannibale \/ M Forss (2. sija)<\/p><\/div>Vermossa makkaran per\u00e4ss\u00e4 Nikon D810 + Nikkor AF-S 24-70\/2.8G + Nikkor AF-S 70-200\/2.8G VR II + Nikkor 80-400\/4.5-5.6G VR<\/p>\n<p>P.S. Kaikki kuvissa oleva &#8221;kohina&#8221; ei ole kennolta. Tuolla tuli v\u00e4lill\u00e4 lunta aika lailla riitt\u00e4v\u00e4sti.<\/p>\n<p>P.P.S. Olen yritt\u00e4nyt olla huolellinen ja tarkistaa nuo l\u00e4ht\u00f6-, tulos- ja hevostiedot, mutta kun erotan hevosen tuolista vain jalkojen lukum\u00e4\u00e4r\u00e4st\u00e4, niin tuolla voi olla virheit\u00e4. Otan ne kaikki omaan piikkiini.<\/p>\n<p><strong>Flash update:<\/strong> Hesarin toimittajan oli vieraillut Vermossa samaan aikaan kuin min\u00e4kin. Kuvia ja tarinaa voi verrata <a href=\"http:\/\/www.hs.fi\/kaupunki\/a1453183555327\" target=\"_blank\">&#8221;Netti tyhjensi ravipyh\u00e4t\u00f6t&#8221;<\/a>.<\/p>\n","protected":false},"excerpt":{"rendered":"<p>Koska edellisen\u00e4 viikonloppuna Lux Helsingiss\u00e4 oli ollut kylm\u00e4\u00e4 kuin siperialaisessa pakastimessa tammikuussa, p\u00e4\u00e4tin l\u00e4hte\u00e4 Vermoon kuvaamaan, kun mittarikin n\u00e4ytti vain -10 astetta celsiusta. Vermossahan on (l\u00e4hes) joka keskiviikko ravit, joten siell\u00e4 on aina saatavissa taattua ohjelmaa vakiomuotissa. Ja Wotkinin makkaroita kokonaisedullisesti. Eik\u00e4 se Vermon sis\u00e4\u00e4np\u00e4\u00e4syk\u00e4\u00e4n ket\u00e4\u00e4n vaivaistaloon aja: nelj\u00e4ll\u00e4 eurolla p\u00e4\u00e4see kansainv\u00e4lisen uhkapelin maailmaan. Monacossa [&hellip;]<\/p>\n","protected":false},"author":2,"featured_media":7268,"comment_status":"open","ping_status":"closed","sticky":false,"template":"","format":"standard","meta":{"footnotes":""},"categories":[16],"tags":[189,165],"yoast_head":"<!-- This site is optimized with the Yoast SEO plugin v24.5 - https:\/\/yoast.com\/wordpress\/plugins\/seo\/ -->\n<title>Wotkinia Vermossa &#187; remonen.fi<\/title>\n<meta name=\"description\" content=\"Vermo 2016: kauden avausravit 13.1.2016. Valokuvia ja mietteit\u00e4 kameran takaa ja raviradan \u00e4\u00e4relt\u00e4.\" \/>\n<meta name=\"robots\" content=\"index, follow, max-snippet:-1, max-image-preview:large, max-video-preview:-1\" \/>\n<link rel=\"canonical\" href=\"https:\/\/www.remonen.fi\/WP\/blogi\/wotkinia-vermossa\/\" \/>\n<meta property=\"og:locale\" content=\"fi_FI\" \/>\n<meta property=\"og:type\" content=\"article\" \/>\n<meta property=\"og:title\" content=\"Vermon vuoden avajaisravit\" \/>\n<meta property=\"og:description\" content=\"Vermon kauden 2016 avaus. Valokuvia ja mietteit\u00e4 kameran takaa ja radan vierelt\u00e4.\" \/>\n<meta property=\"og:url\" content=\"https:\/\/www.remonen.fi\/WP\/blogi\/wotkinia-vermossa\/\" \/>\n<meta property=\"og:site_name\" content=\"remonen.fi\" \/>\n<meta property=\"article:published_time\" content=\"2016-01-16T13:46:53+00:00\" \/>\n<meta property=\"article:modified_time\" content=\"2016-01-20T05:51:05+00:00\" \/>\n<meta property=\"og:image\" content=\"https:\/\/www.remonen.fi\/WP\/wp-content\/uploads\/2016\/01\/vermo_2016-14.jpg\" \/>\n\t<meta property=\"og:image:width\" content=\"1280\" \/>\n\t<meta property=\"og:image:height\" content=\"854\" \/>\n\t<meta property=\"og:image:type\" content=\"image\/jpeg\" \/>\n<meta name=\"author\" content=\"Matti Remonen\" \/>\n<meta name=\"twitter:label1\" content=\"Kirjoittanut\" \/>\n\t<meta name=\"twitter:data1\" content=\"Matti Remonen\" \/>\n\t<meta name=\"twitter:label2\" content=\"Arvioitu lukuaika\" \/>\n\t<meta name=\"twitter:data2\" content=\"5 minuuttia\" \/>\n<script type=\"application\/ld+json\" class=\"yoast-schema-graph\">{\"@context\":\"https:\/\/schema.org\",\"@graph\":[{\"@type\":\"Article\",\"@id\":\"https:\/\/www.remonen.fi\/WP\/blogi\/wotkinia-vermossa\/#article\",\"isPartOf\":{\"@id\":\"https:\/\/www.remonen.fi\/WP\/blogi\/wotkinia-vermossa\/\"},\"author\":{\"name\":\"Matti Remonen\",\"@id\":\"https:\/\/www.remonen.fi\/WP\/#\/schema\/person\/1803c23d1d4f6722054eb2ac7f7a97cd\"},\"headline\":\"Wotkinia Vermossa\",\"datePublished\":\"2016-01-16T13:46:53+00:00\",\"dateModified\":\"2016-01-20T05:51:05+00:00\",\"mainEntityOfPage\":{\"@id\":\"https:\/\/www.remonen.fi\/WP\/blogi\/wotkinia-vermossa\/\"},\"wordCount\":1051,\"commentCount\":2,\"publisher\":{\"@id\":\"https:\/\/www.remonen.fi\/WP\/#\/schema\/person\/1803c23d1d4f6722054eb2ac7f7a97cd\"},\"image\":{\"@id\":\"https:\/\/www.remonen.fi\/WP\/blogi\/wotkinia-vermossa\/#primaryimage\"},\"thumbnailUrl\":\"https:\/\/www.remonen.fi\/WP\/wp-content\/uploads\/2016\/01\/vermo_2016-8.jpg\",\"keywords\":[\"Hevonen\",\"Vermo\"],\"articleSection\":[\"Blog\"],\"inLanguage\":\"fi\",\"potentialAction\":[{\"@type\":\"CommentAction\",\"name\":\"Comment\",\"target\":[\"https:\/\/www.remonen.fi\/WP\/blogi\/wotkinia-vermossa\/#respond\"]}]},{\"@type\":\"WebPage\",\"@id\":\"https:\/\/www.remonen.fi\/WP\/blogi\/wotkinia-vermossa\/\",\"url\":\"https:\/\/www.remonen.fi\/WP\/blogi\/wotkinia-vermossa\/\",\"name\":\"Wotkinia Vermossa &#187; remonen.fi\",\"isPartOf\":{\"@id\":\"https:\/\/www.remonen.fi\/WP\/#website\"},\"primaryImageOfPage\":{\"@id\":\"https:\/\/www.remonen.fi\/WP\/blogi\/wotkinia-vermossa\/#primaryimage\"},\"image\":{\"@id\":\"https:\/\/www.remonen.fi\/WP\/blogi\/wotkinia-vermossa\/#primaryimage\"},\"thumbnailUrl\":\"https:\/\/www.remonen.fi\/WP\/wp-content\/uploads\/2016\/01\/vermo_2016-8.jpg\",\"datePublished\":\"2016-01-16T13:46:53+00:00\",\"dateModified\":\"2016-01-20T05:51:05+00:00\",\"description\":\"Vermo 2016: kauden avausravit 13.1.2016. Valokuvia ja mietteit\u00e4 kameran takaa ja raviradan \u00e4\u00e4relt\u00e4.\",\"breadcrumb\":{\"@id\":\"https:\/\/www.remonen.fi\/WP\/blogi\/wotkinia-vermossa\/#breadcrumb\"},\"inLanguage\":\"fi\",\"potentialAction\":[{\"@type\":\"ReadAction\",\"target\":[\"https:\/\/www.remonen.fi\/WP\/blogi\/wotkinia-vermossa\/\"]}]},{\"@type\":\"ImageObject\",\"inLanguage\":\"fi\",\"@id\":\"https:\/\/www.remonen.fi\/WP\/blogi\/wotkinia-vermossa\/#primaryimage\",\"url\":\"https:\/\/www.remonen.fi\/WP\/wp-content\/uploads\/2016\/01\/vermo_2016-8.jpg\",\"contentUrl\":\"https:\/\/www.remonen.fi\/WP\/wp-content\/uploads\/2016\/01\/vermo_2016-8.jpg\",\"width\":1280,\"height\":854},{\"@type\":\"BreadcrumbList\",\"@id\":\"https:\/\/www.remonen.fi\/WP\/blogi\/wotkinia-vermossa\/#breadcrumb\",\"itemListElement\":[{\"@type\":\"ListItem\",\"position\":1,\"name\":\"Etusivu\",\"item\":\"https:\/\/www.remonen.fi\/WP\/\"},{\"@type\":\"ListItem\",\"position\":2,\"name\":\"Wotkinia Vermossa\"}]},{\"@type\":\"WebSite\",\"@id\":\"https:\/\/www.remonen.fi\/WP\/#website\",\"url\":\"https:\/\/www.remonen.fi\/WP\/\",\"name\":\"remonen.fi\",\"description\":\"Valokuvia ja tarinaa laidasta laitaan\",\"publisher\":{\"@id\":\"https:\/\/www.remonen.fi\/WP\/#\/schema\/person\/1803c23d1d4f6722054eb2ac7f7a97cd\"},\"potentialAction\":[{\"@type\":\"SearchAction\",\"target\":{\"@type\":\"EntryPoint\",\"urlTemplate\":\"https:\/\/www.remonen.fi\/WP\/?s={search_term_string}\"},\"query-input\":{\"@type\":\"PropertyValueSpecification\",\"valueRequired\":true,\"valueName\":\"search_term_string\"}}],\"inLanguage\":\"fi\"},{\"@type\":[\"Person\",\"Organization\"],\"@id\":\"https:\/\/www.remonen.fi\/WP\/#\/schema\/person\/1803c23d1d4f6722054eb2ac7f7a97cd\",\"name\":\"Matti Remonen\",\"logo\":{\"@id\":\"https:\/\/www.remonen.fi\/WP\/#\/schema\/person\/image\/\"},\"url\":\"https:\/\/www.remonen.fi\/WP\/blogi\/author\/mre\/\"}]}<\/script>\n<!-- \/ Yoast SEO plugin. -->","yoast_head_json":{"title":"Wotkinia Vermossa &#187; remonen.fi","description":"Vermo 2016: kauden avausravit 13.1.2016. Valokuvia ja mietteit\u00e4 kameran takaa ja raviradan \u00e4\u00e4relt\u00e4.","robots":{"index":"index","follow":"follow","max-snippet":"max-snippet:-1","max-image-preview":"max-image-preview:large","max-video-preview":"max-video-preview:-1"},"canonical":"https:\/\/www.remonen.fi\/WP\/blogi\/wotkinia-vermossa\/","og_locale":"fi_FI","og_type":"article","og_title":"Vermon vuoden avajaisravit","og_description":"Vermon kauden 2016 avaus. Valokuvia ja mietteit\u00e4 kameran takaa ja radan vierelt\u00e4.","og_url":"https:\/\/www.remonen.fi\/WP\/blogi\/wotkinia-vermossa\/","og_site_name":"remonen.fi","article_published_time":"2016-01-16T13:46:53+00:00","article_modified_time":"2016-01-20T05:51:05+00:00","og_image":[{"width":1280,"height":854,"url":"https:\/\/www.remonen.fi\/WP\/wp-content\/uploads\/2016\/01\/vermo_2016-14.jpg","type":"image\/jpeg"}],"author":"Matti Remonen","twitter_misc":{"Kirjoittanut":"Matti Remonen","Arvioitu lukuaika":"5 minuuttia"},"schema":{"@context":"https:\/\/schema.org","@graph":[{"@type":"Article","@id":"https:\/\/www.remonen.fi\/WP\/blogi\/wotkinia-vermossa\/#article","isPartOf":{"@id":"https:\/\/www.remonen.fi\/WP\/blogi\/wotkinia-vermossa\/"},"author":{"name":"Matti Remonen","@id":"https:\/\/www.remonen.fi\/WP\/#\/schema\/person\/1803c23d1d4f6722054eb2ac7f7a97cd"},"headline":"Wotkinia Vermossa","datePublished":"2016-01-16T13:46:53+00:00","dateModified":"2016-01-20T05:51:05+00:00","mainEntityOfPage":{"@id":"https:\/\/www.remonen.fi\/WP\/blogi\/wotkinia-vermossa\/"},"wordCount":1051,"commentCount":2,"publisher":{"@id":"https:\/\/www.remonen.fi\/WP\/#\/schema\/person\/1803c23d1d4f6722054eb2ac7f7a97cd"},"image":{"@id":"https:\/\/www.remonen.fi\/WP\/blogi\/wotkinia-vermossa\/#primaryimage"},"thumbnailUrl":"https:\/\/www.remonen.fi\/WP\/wp-content\/uploads\/2016\/01\/vermo_2016-8.jpg","keywords":["Hevonen","Vermo"],"articleSection":["Blog"],"inLanguage":"fi","potentialAction":[{"@type":"CommentAction","name":"Comment","target":["https:\/\/www.remonen.fi\/WP\/blogi\/wotkinia-vermossa\/#respond"]}]},{"@type":"WebPage","@id":"https:\/\/www.remonen.fi\/WP\/blogi\/wotkinia-vermossa\/","url":"https:\/\/www.remonen.fi\/WP\/blogi\/wotkinia-vermossa\/","name":"Wotkinia Vermossa &#187; remonen.fi","isPartOf":{"@id":"https:\/\/www.remonen.fi\/WP\/#website"},"primaryImageOfPage":{"@id":"https:\/\/www.remonen.fi\/WP\/blogi\/wotkinia-vermossa\/#primaryimage"},"image":{"@id":"https:\/\/www.remonen.fi\/WP\/blogi\/wotkinia-vermossa\/#primaryimage"},"thumbnailUrl":"https:\/\/www.remonen.fi\/WP\/wp-content\/uploads\/2016\/01\/vermo_2016-8.jpg","datePublished":"2016-01-16T13:46:53+00:00","dateModified":"2016-01-20T05:51:05+00:00","description":"Vermo 2016: kauden avausravit 13.1.2016. Valokuvia ja mietteit\u00e4 kameran takaa ja raviradan \u00e4\u00e4relt\u00e4.","breadcrumb":{"@id":"https:\/\/www.remonen.fi\/WP\/blogi\/wotkinia-vermossa\/#breadcrumb"},"inLanguage":"fi","potentialAction":[{"@type":"ReadAction","target":["https:\/\/www.remonen.fi\/WP\/blogi\/wotkinia-vermossa\/"]}]},{"@type":"ImageObject","inLanguage":"fi","@id":"https:\/\/www.remonen.fi\/WP\/blogi\/wotkinia-vermossa\/#primaryimage","url":"https:\/\/www.remonen.fi\/WP\/wp-content\/uploads\/2016\/01\/vermo_2016-8.jpg","contentUrl":"https:\/\/www.remonen.fi\/WP\/wp-content\/uploads\/2016\/01\/vermo_2016-8.jpg","width":1280,"height":854},{"@type":"BreadcrumbList","@id":"https:\/\/www.remonen.fi\/WP\/blogi\/wotkinia-vermossa\/#breadcrumb","itemListElement":[{"@type":"ListItem","position":1,"name":"Etusivu","item":"https:\/\/www.remonen.fi\/WP\/"},{"@type":"ListItem","position":2,"name":"Wotkinia Vermossa"}]},{"@type":"WebSite","@id":"https:\/\/www.remonen.fi\/WP\/#website","url":"https:\/\/www.remonen.fi\/WP\/","name":"remonen.fi","description":"Valokuvia ja tarinaa laidasta laitaan","publisher":{"@id":"https:\/\/www.remonen.fi\/WP\/#\/schema\/person\/1803c23d1d4f6722054eb2ac7f7a97cd"},"potentialAction":[{"@type":"SearchAction","target":{"@type":"EntryPoint","urlTemplate":"https:\/\/www.remonen.fi\/WP\/?s={search_term_string}"},"query-input":{"@type":"PropertyValueSpecification","valueRequired":true,"valueName":"search_term_string"}}],"inLanguage":"fi"},{"@type":["Person","Organization"],"@id":"https:\/\/www.remonen.fi\/WP\/#\/schema\/person\/1803c23d1d4f6722054eb2ac7f7a97cd","name":"Matti Remonen","logo":{"@id":"https:\/\/www.remonen.fi\/WP\/#\/schema\/person\/image\/"},"url":"https:\/\/www.remonen.fi\/WP\/blogi\/author\/mre\/"}]}},"_links":{"self":[{"href":"https:\/\/www.remonen.fi\/WP\/wp-json\/wp\/v2\/posts\/7244"}],"collection":[{"href":"https:\/\/www.remonen.fi\/WP\/wp-json\/wp\/v2\/posts"}],"about":[{"href":"https:\/\/www.remonen.fi\/WP\/wp-json\/wp\/v2\/types\/post"}],"author":[{"embeddable":true,"href":"https:\/\/www.remonen.fi\/WP\/wp-json\/wp\/v2\/users\/2"}],"replies":[{"embeddable":true,"href":"https:\/\/www.remonen.fi\/WP\/wp-json\/wp\/v2\/comments?post=7244"}],"version-history":[{"count":0,"href":"https:\/\/www.remonen.fi\/WP\/wp-json\/wp\/v2\/posts\/7244\/revisions"}],"wp:featuredmedia":[{"embeddable":true,"href":"https:\/\/www.remonen.fi\/WP\/wp-json\/wp\/v2\/media\/7268"}],"wp:attachment":[{"href":"https:\/\/www.remonen.fi\/WP\/wp-json\/wp\/v2\/media?parent=7244"}],"wp:term":[{"taxonomy":"category","embeddable":true,"href":"https:\/\/www.remonen.fi\/WP\/wp-json\/wp\/v2\/categories?post=7244"},{"taxonomy":"post_tag","embeddable":true,"href":"https:\/\/www.remonen.fi\/WP\/wp-json\/wp\/v2\/tags?post=7244"}],"curies":[{"name":"wp","href":"https:\/\/api.w.org\/{rel}","templated":true}]}}