{"id":7394,"date":"2016-03-28T13:30:51","date_gmt":"2016-03-28T10:30:51","guid":{"rendered":"http:\/\/www.remonen.fi\/?p=7394"},"modified":"2016-03-28T14:10:56","modified_gmt":"2016-03-28T11:10:56","slug":"pyha-metso","status":"publish","type":"post","link":"https:\/\/www.remonen.fi\/WP\/blogi\/pyha-metso\/","title":{"rendered":"Pyh\u00e4 Metso"},"content":{"rendered":"<p>P\u00e4\u00e4si\u00e4isen\u00e4, siin\u00e4 m\u00e4mmin ja pashan v\u00e4liss\u00e4, p\u00e4\u00e4timme l\u00e4hte\u00e4 katsomaan <a href=\"http:\/\/www.juhametso.com\/valokuvaaja-juha-metso.html\" target=\"_blank\">Juha Metson<\/a> &#8221;<a href=\"http:\/\/www.salontaidemuseo.fi\/nayttelyt\/tallahetkella\/juhametso\/default.aspx\" target=\"_blank\">Emotion in Motion<\/a>&#8221;-valokuvan\u00e4yttely\u00e4 Saloon. Mukaan otettiin vaimon ja kameran lis\u00e4ksi tuttavaperhe jakamaan t\u00e4t\u00e4 taidenautintoa. Ja onhan Salo aina yhden, jollei jopa kahden reissun v\u00e4\u00e4rti. Mutta siit\u00e4 hieman tuonnempana.<\/p>\n<p><a href=\"http:\/\/www.remonen.fi\/WP\/wp-content\/uploads\/2016\/03\/juhametso-1-2.jpg\" rel=\"attachment wp-att-7406\"><img loading=\"lazy\" decoding=\"async\" class=\"aligncenter wp-image-7406\" title=\"Aperture: &#402;\/6.3 | Camera: ILCE-6000 | Taken: 26 maaliskuun, 2016 | Copyright: (c) Matti Remonen | Exposure bias: +7\/10EV | Flash fired: no | Focal length: 24mm | ISO: 125 | Shutter speed: 1\/60s | \" src=\"http:\/\/www.remonen.fi\/WP\/wp-content\/uploads\/2016\/03\/juhametso-1-2.jpg\" alt=\"Juha Metso\" width=\"880\" height=\"586\" srcset=\"https:\/\/www.remonen.fi\/WP\/wp-content\/uploads\/2016\/03\/juhametso-1-2.jpg 1280w, https:\/\/www.remonen.fi\/WP\/wp-content\/uploads\/2016\/03\/juhametso-1-2-300x200.jpg 300w, https:\/\/www.remonen.fi\/WP\/wp-content\/uploads\/2016\/03\/juhametso-1-2-680x453.jpg 680w, https:\/\/www.remonen.fi\/WP\/wp-content\/uploads\/2016\/03\/juhametso-1-2-768x512.jpg 768w, https:\/\/www.remonen.fi\/WP\/wp-content\/uploads\/2016\/03\/juhametso-1-2-1024x682.jpg 1024w, https:\/\/www.remonen.fi\/WP\/wp-content\/uploads\/2016\/03\/juhametso-1-2-440x293.jpg 440w, https:\/\/www.remonen.fi\/WP\/wp-content\/uploads\/2016\/03\/juhametso-1-2-960x640.jpg 960w\" sizes=\"(max-width: 880px) 100vw, 880px\" \/><\/a><\/p>\n<p>Juha Metso. Kymiss\u00e4 syntynyt, tai kai sit\u00e4 pit\u00e4isi sanoa ett\u00e4 Kotkassa. Mutta seh\u00e4n ei pid\u00e4 paikkaansa. Jos kymil\u00e4isten kanssa keskustelee, niin Kotkan lohkaiseminen Kymist\u00e4 1878 oli se alkuper\u00e4inen moka, jonka j\u00e4lki\u00e4 on sittemmin paikkailtu huonolla menestyksell\u00e4. Nykyinen Kotkahan kattaa k\u00e4yt\u00e4nn\u00f6ss\u00e4 vanhan historiallisen Kymin alueet, vain nimi on vaihtunut.<\/p>\n<p>Mutta joo, Kymi. Itse olen syntynyt Kotkan saarella nelj\u00e4 vuotta aiemmin kuin Juha Metso. Vaikka olemme l\u00e4hes samanik\u00e4iset ja asuneet nuoruutemme melko l\u00e4hekk\u00e4in, tiemme eiv\u00e4t ole koskaan kohdanneet. Kotkasta katsottuna Kymi on kauempana kuin Helsinki. Kymist\u00e4 katsottuna Kotkaa ei ole.<\/p>\n<p><a href=\"http:\/\/www.remonen.fi\/WP\/wp-content\/uploads\/2016\/03\/juhametso-6.jpg\" rel=\"attachment wp-att-7400\"><img loading=\"lazy\" decoding=\"async\" class=\"aligncenter wp-image-7400\" title=\"Aperture: &#402;\/5 | Camera: ILCE-6000 | Taken: 26 maaliskuun, 2016 | Copyright: (c) Matti Remonen | Exposure bias: +7\/10EV | Flash fired: no | Focal length: 24mm | ISO: 3200 | Shutter speed: 1\/20s | \" src=\"http:\/\/www.remonen.fi\/WP\/wp-content\/uploads\/2016\/03\/juhametso-6.jpg\" alt=\"Juha Metso\" width=\"880\" height=\"586\" srcset=\"https:\/\/www.remonen.fi\/WP\/wp-content\/uploads\/2016\/03\/juhametso-6.jpg 1280w, https:\/\/www.remonen.fi\/WP\/wp-content\/uploads\/2016\/03\/juhametso-6-300x200.jpg 300w, https:\/\/www.remonen.fi\/WP\/wp-content\/uploads\/2016\/03\/juhametso-6-680x453.jpg 680w, https:\/\/www.remonen.fi\/WP\/wp-content\/uploads\/2016\/03\/juhametso-6-768x512.jpg 768w, https:\/\/www.remonen.fi\/WP\/wp-content\/uploads\/2016\/03\/juhametso-6-1024x682.jpg 1024w, https:\/\/www.remonen.fi\/WP\/wp-content\/uploads\/2016\/03\/juhametso-6-440x293.jpg 440w, https:\/\/www.remonen.fi\/WP\/wp-content\/uploads\/2016\/03\/juhametso-6-960x640.jpg 960w\" sizes=\"(max-width: 880px) 100vw, 880px\" \/><\/a><\/p>\n<p>Taiden\u00e4yttely on Salon Veturitallin ja Lappeenrannan taidemuseon yhteishanke ja kuvat ovat nyt esill\u00e4 ensin Salossa. N\u00e4yttely on Juhan ensimm\u00e4inen retrospektiivinen paketti, pienempi\u00e4 n\u00e4yttelyit\u00e4 h\u00e4nell\u00e4 on ollut aiemmin useampiakin, mutta t\u00e4m\u00e4 on ensimm\u00e4inen l\u00e4pileikkaus koko uraan.<\/p>\n<p>Juha Metso on hyvin monipuolinen kuvaaja. Jollain tavalla rinnastan h\u00e4net siin\u00e4 suhteessa Hannes Heikuraan: Juha pystyy kuvaamaan reportaasimaista kuvaa siin\u00e4 kuin ihan taidekuvaakin. Tai konserttitaltiointia siin\u00e4 kuin henkil\u00f6kuviakin. Juhan kuviin t\u00f6rm\u00e4\u00e4 v\u00e4lill\u00e4 sanomalehdiss\u00e4, esimerkiksi Kaakkois-Suomessa ilmestyv\u00e4ss\u00e4 Kymen Sanomissa on s\u00e4\u00e4nn\u00f6llisesti Juhan ottamia reportaasikuvia.<\/p>\n<p>Itse alunperin tutustuin Juhan kuviin Miina \u00c4kkijyrk\u00e4st\u00e4 kertovan kirjan kautta. Vaimo oli ostanut minulle ko. kirjan ihan vain Miinan, ei Juhan kuvien vuoksi. Minulla ja Miinalla oli (minulle) kovin traumaattinen kohtaaminen joskus 10 vuotta sitten kun ajoin Skatan tilan l\u00e4pi kulkeneell\u00e4 (yleisell\u00e4) tiell\u00e4 polkupy\u00f6r\u00e4ll\u00e4ni. Silloin Miina kertoi minulle mit\u00e4 ajattelee insin\u00f6\u00f6reist\u00e4 ja muista tyhj\u00e4ntoimittajista yleens\u00e4kin. En sittemmin allekirjoittanut &#8221;Pelastakaa Miina ja Skatan tila&#8221;-adressia&#8230; Mutta enivei, Miina on Miina, mutta Juhan kuvat ko. kirjassa pys\u00e4yttiv\u00e4t. Eik\u00e4 v\u00e4hiten siksi, ett\u00e4 siin\u00e4 oli kuvattu lehmi\u00e4, mun suosikkiel\u00e4imi\u00e4. Hevosten j\u00e4lkeen. Sen kirjan j\u00e4lkeen aloin sitten seurata tarkemmin, ett\u00e4 kukas t\u00e4m\u00e4 Juha Metso oikein on. Ja h\u00e4nen tuotoksiinsa sitten alkoikin t\u00f6rm\u00e4\u00e4m\u00e4\u00e4n aika-ajoin. Ehk\u00e4 viimeinen niitti oli sitten Ville Haapasalosta julkaistut kirjat &#8221;Et kuitenkaan usko&#8230;&#8221; ja &#8221;Et muuten t\u00e4t\u00e4k\u00e4\u00e4n usko&#8230;&#8221;. Juhan kuvaustyyli sopii Villeen kuin pipo p\u00e4\u00e4h\u00e4n. Molemmissa on juuri sit\u00e4 rosoa ja kirveell\u00e4 veistetty\u00e4 l\u00e4sn\u00e4oloa, jotka t\u00e4ydent\u00e4v\u00e4t toisiaan saumattomasti.<\/p>\n<p>N\u00e4yttely on sopivan kokoinen. Itse olin hieman pel\u00e4nnyt etuk\u00e4teen ilmoitettua kuvien suurta m\u00e4\u00e4r\u00e4\u00e4 (toistasataa kuvaa), kun muistissa oli viel\u00e4 HCB:n Ateneum-n\u00e4yttely. Siell\u00e4 kuvia oli yksinkertaisesti liikaa, ne alkoivat jo sy\u00f6m\u00e4\u00e4n toistensa tehoa. Sen sijaan Salossa iso osa noista yli sadasta kuvasta on osana installaatioita, joita ei ole tarkoituskaan analysoida jokaisen yksitt\u00e4isen kuvan kohdalla. Tai n\u00e4in ainakin itse sen tein. Sen sijaan kaikki yksitt\u00e4iset kuvat oli valittu huolella ja niill\u00e4 jokaisella oli jotain annettavaa yksin\u00e4\u00e4n ja osana kokonaisuutta. Kuvat on j\u00e4rjestetty teemoittain, joten n\u00e4yttelyst\u00e4 syntyy harmoninen kokonaisuus.<\/p>\n<p><a href=\"http:\/\/www.remonen.fi\/WP\/wp-content\/uploads\/2016\/03\/juhametso-13.jpg\" rel=\"attachment wp-att-7408\"><img loading=\"lazy\" decoding=\"async\" class=\"aligncenter wp-image-7408\" title=\"Aperture: &#402;\/5 | Camera: ILCE-6000 | Taken: 26 maaliskuun, 2016 | Copyright: (c) Matti Remonen | Exposure bias: +7\/10EV | Flash fired: no | Focal length: 24mm | ISO: 3200 | Shutter speed: 1\/20s | \" src=\"http:\/\/www.remonen.fi\/WP\/wp-content\/uploads\/2016\/03\/juhametso-13.jpg\" alt=\"Juha Metso\" width=\"880\" height=\"586\" srcset=\"https:\/\/www.remonen.fi\/WP\/wp-content\/uploads\/2016\/03\/juhametso-13.jpg 1280w, https:\/\/www.remonen.fi\/WP\/wp-content\/uploads\/2016\/03\/juhametso-13-300x200.jpg 300w, https:\/\/www.remonen.fi\/WP\/wp-content\/uploads\/2016\/03\/juhametso-13-680x453.jpg 680w, https:\/\/www.remonen.fi\/WP\/wp-content\/uploads\/2016\/03\/juhametso-13-768x512.jpg 768w, https:\/\/www.remonen.fi\/WP\/wp-content\/uploads\/2016\/03\/juhametso-13-1024x682.jpg 1024w, https:\/\/www.remonen.fi\/WP\/wp-content\/uploads\/2016\/03\/juhametso-13-440x293.jpg 440w, https:\/\/www.remonen.fi\/WP\/wp-content\/uploads\/2016\/03\/juhametso-13-960x640.jpg 960w\" sizes=\"(max-width: 880px) 100vw, 880px\" \/><\/a><\/p>\n<p>T\u00e4m\u00e4 n\u00e4yttely avasi minulle aika lailla lis\u00e4\u00e4 Juhan tuotannon laajuutta. Olin oppinut &#8221;tuntemaan&#8221; Juhan valokuvakirjojen kautta tunnettujen henkil\u00f6iden kuvaajana ja samoin perus-lehtikuvaajana Hesarin ja Kymen Sanomien kautta. Sen sijaan esimerkiksi Juhan laaja tapahtumakuvaustuotanto oli minulle t\u00e4ysin uutta. Juhan kameran eteen ovat p\u00e4\u00e4sseet kaikki kuuluisuudet Vladimir Putinista Lemmy Kilmisteriin. Yhteist\u00e4 Juhan kuville on se, ett\u00e4 niiss\u00e4 yleens\u00e4 on jotain yll\u00e4tyksellist\u00e4 tai huumoria. Usein molempia.<\/p>\n<p><a href=\"http:\/\/www.remonen.fi\/WP\/wp-content\/uploads\/2016\/03\/juhametso-8.jpg\" rel=\"attachment wp-att-7398\"><img loading=\"lazy\" decoding=\"async\" class=\"aligncenter wp-image-7398\" title=\"Aperture: &#402;\/5.6 | Camera: ILCE-6000 | Taken: 26 maaliskuun, 2016 | Copyright: (c) Matti Remonen | Exposure bias: +7\/10EV | Flash fired: no | Focal length: 24mm | ISO: 3200 | Shutter speed: 1\/20s | \" src=\"http:\/\/www.remonen.fi\/WP\/wp-content\/uploads\/2016\/03\/juhametso-8.jpg\" alt=\"Juha Metso\" width=\"880\" height=\"586\" srcset=\"https:\/\/www.remonen.fi\/WP\/wp-content\/uploads\/2016\/03\/juhametso-8.jpg 1280w, https:\/\/www.remonen.fi\/WP\/wp-content\/uploads\/2016\/03\/juhametso-8-300x200.jpg 300w, https:\/\/www.remonen.fi\/WP\/wp-content\/uploads\/2016\/03\/juhametso-8-680x453.jpg 680w, https:\/\/www.remonen.fi\/WP\/wp-content\/uploads\/2016\/03\/juhametso-8-768x512.jpg 768w, https:\/\/www.remonen.fi\/WP\/wp-content\/uploads\/2016\/03\/juhametso-8-1024x682.jpg 1024w, https:\/\/www.remonen.fi\/WP\/wp-content\/uploads\/2016\/03\/juhametso-8-440x293.jpg 440w, https:\/\/www.remonen.fi\/WP\/wp-content\/uploads\/2016\/03\/juhametso-8-960x640.jpg 960w\" sizes=\"(max-width: 880px) 100vw, 880px\" \/><\/a><\/p>\n<p>My\u00f6s osasta kuvia l\u00f6ytyv\u00e4 uskontoon viittaava sanoma on h\u00e4nelle tunnusomaista. Omien sanojensa mukaan Juha ei varsinaisesti tunnusta mit\u00e4\u00e4n uskontokuntaa, mutta on kiinnostunut uskonnoista ja niiden koodistoista yleisesti. T\u00e4st\u00e4 esimerkkin\u00e4 vaikka Juha Vakkurin kanssa julkaistu &#8221;Voodoo &#8211; Afrikan arkea&#8221;, jota Juha oli yksin kuvaamassa Beniniss\u00e4 kahden kuukauden ajan saamansa apurahan turvin. Voodoo-kirja on aika lailla afrikkalaisen uskonnon ytimess\u00e4, mutta muistakin Juhan kuvista l\u00f6ytyy uskonollisia elementtej\u00e4. Esimerkkin\u00e4 vaikka n\u00e4yttelyn tunnuskuva Ville Haapasalosta, jolla on voitettu &#8221;Vuoden henkil\u00f6kuva&#8221;-palkinto 2014. Tuossa kuvassa Ville on kuin Kristus Via Cruciksella. Todellista P\u00e4\u00e4si\u00e4isen ajan kuvastoa.<\/p>\n<p><a href=\"http:\/\/www.remonen.fi\/WP\/wp-content\/uploads\/2016\/03\/juhametso-1.jpg\" rel=\"attachment wp-att-7405\"><img loading=\"lazy\" decoding=\"async\" class=\"aligncenter wp-image-7405\" title=\"Aperture: &#402;\/6.3 | Camera: ILCE-6000 | Taken: 26 maaliskuun, 2016 | Copyright: (c) Matti Remonen | Exposure bias: +7\/10EV | Flash fired: no | Focal length: 24mm | ISO: 320 | Shutter speed: 1\/60s | \" src=\"http:\/\/www.remonen.fi\/WP\/wp-content\/uploads\/2016\/03\/juhametso-1.jpg\" alt=\"Juha Metso\" width=\"586\" height=\"880\" srcset=\"https:\/\/www.remonen.fi\/WP\/wp-content\/uploads\/2016\/03\/juhametso-1.jpg 853w, https:\/\/www.remonen.fi\/WP\/wp-content\/uploads\/2016\/03\/juhametso-1-200x300.jpg 200w, https:\/\/www.remonen.fi\/WP\/wp-content\/uploads\/2016\/03\/juhametso-1-453x680.jpg 453w, https:\/\/www.remonen.fi\/WP\/wp-content\/uploads\/2016\/03\/juhametso-1-768x1152.jpg 768w, https:\/\/www.remonen.fi\/WP\/wp-content\/uploads\/2016\/03\/juhametso-1-682x1024.jpg 682w, https:\/\/www.remonen.fi\/WP\/wp-content\/uploads\/2016\/03\/juhametso-1-440x660.jpg 440w, https:\/\/www.remonen.fi\/WP\/wp-content\/uploads\/2016\/03\/juhametso-1-300x450.jpg 300w\" sizes=\"(max-width: 586px) 100vw, 586px\" \/><\/a>My\u00f6s Juhan uusimmasta sarjasta &#8221;J\u00e4\u00e4 &#8211; J\u00e4\u00e4, Ice &#8211; Stay, Is &#8211; Bleib&#8221; pystyy kaivamaan moniulotteisia merkityksi\u00e4 l\u00e4htien ilmastonmuutoksesta ja p\u00e4\u00e4tyen uskonnolliseen kuvastoon. Oma suosikkini oli kuva soutajasta lumen t\u00e4ytt\u00e4m\u00e4ss\u00e4 veneess\u00e4. En tied\u00e4 miksi, mutta minulle siit\u00e4 tuli mieleen Kharon, manalan lautturi. Ehk\u00e4 pit\u00e4isi leikata suklaamunien sy\u00f6nti\u00e4 P\u00e4\u00e4si\u00e4isen aikaan. Toinen, mik\u00e4 minulle kotkalaisena sai hymyn huulille, oli kuva alastomasta &#8221;perheest\u00e4&#8221; veneens\u00e4 \u00e4\u00e4ress\u00e4. Kuvassa on jotain syv\u00e4llisen kotkalaista, jonka vain toinen kotkalainen voi bongata. Vaikka kuva on otettu talvella, j\u00e4\u00e4ll\u00e4 ja lumessa, niin minulle siit\u00e4 tuli mieleen kes\u00e4 ja Lehm\u00e4nsaaren ranta. Joka toisella kotkalaisella on tuollainen meril\u00e4ismallinen vene, jolla ajetaan l\u00e4hisaareen keitt\u00e4m\u00e4\u00e4n kaffet ja pesem\u00e4\u00e4n r\u00e4symatot.<\/p>\n<p><a href=\"http:\/\/www.remonen.fi\/WP\/wp-content\/uploads\/2016\/03\/juhametso-2.jpg\" rel=\"attachment wp-att-7404\"><img loading=\"lazy\" decoding=\"async\" class=\"aligncenter wp-image-7404\" title=\"Aperture: &#402;\/6.3 | Camera: ILCE-6000 | Taken: 26 maaliskuun, 2016 | Copyright: (c) Matti Remonen | Exposure bias: +7\/10EV | Flash fired: no | Focal length: 24mm | ISO: 3200 | Shutter speed: 1\/40s | \" src=\"http:\/\/www.remonen.fi\/WP\/wp-content\/uploads\/2016\/03\/juhametso-2.jpg\" alt=\"Juha Metso\" width=\"880\" height=\"586\" srcset=\"https:\/\/www.remonen.fi\/WP\/wp-content\/uploads\/2016\/03\/juhametso-2.jpg 1280w, https:\/\/www.remonen.fi\/WP\/wp-content\/uploads\/2016\/03\/juhametso-2-300x200.jpg 300w, https:\/\/www.remonen.fi\/WP\/wp-content\/uploads\/2016\/03\/juhametso-2-680x453.jpg 680w, https:\/\/www.remonen.fi\/WP\/wp-content\/uploads\/2016\/03\/juhametso-2-768x512.jpg 768w, https:\/\/www.remonen.fi\/WP\/wp-content\/uploads\/2016\/03\/juhametso-2-1024x682.jpg 1024w, https:\/\/www.remonen.fi\/WP\/wp-content\/uploads\/2016\/03\/juhametso-2-440x293.jpg 440w, https:\/\/www.remonen.fi\/WP\/wp-content\/uploads\/2016\/03\/juhametso-2-960x640.jpg 960w\" sizes=\"(max-width: 880px) 100vw, 880px\" \/><\/a>Muutenkin Juhan kuvista ja teemoista paistaa aika-ajoin l\u00e4pi jotain hellyytt\u00e4v\u00e4n kotkalaista (ok, kymil\u00e4ist\u00e4 &#8211; tosin Kymi ei ole meren rannalla). Meri on usein l\u00e4sn\u00e4 ja linnut. Samoin Juha on kuvannut Suursaarta l\u00e4pikotaisin. Suursaarihan edustaa kotkalaisille jotain menetetty\u00e4 ja saavuttamatonta. Se n\u00e4kyy hyv\u00e4ll\u00e4 ilmalla horisontissa, mutta sinne ei p\u00e4\u00e4se. Itse olen k\u00e4ynyt kerran Tyt\u00e4rsaaressa, joka my\u00f6s kuuluu ns. menetettyihin alueisiin. Eik\u00e4 sinnek\u00e4\u00e4n nyky\u00e4\u00e4n en\u00e4\u00e4 p\u00e4\u00e4se. Appiukko oli sielt\u00e4 kotoisin ja kerran k\u00e4vimme tosiaan kotitalon kivijalkaa potkimassa.<\/p>\n<p><a href=\"http:\/\/www.remonen.fi\/WP\/wp-content\/uploads\/2016\/03\/juhametso-4.jpg\" rel=\"attachment wp-att-7402\"><img loading=\"lazy\" decoding=\"async\" class=\"aligncenter wp-image-7402\" title=\"Aperture: &#402;\/6.3 | Camera: ILCE-6000 | Taken: 26 maaliskuun, 2016 | Copyright: (c) Matti Remonen | Exposure bias: +7\/10EV | Flash fired: no | Focal length: 24mm | ISO: 3200 | Shutter speed: 1\/20s | \" src=\"http:\/\/www.remonen.fi\/WP\/wp-content\/uploads\/2016\/03\/juhametso-4.jpg\" alt=\"Juha Metso\" width=\"880\" height=\"586\" srcset=\"https:\/\/www.remonen.fi\/WP\/wp-content\/uploads\/2016\/03\/juhametso-4.jpg 1280w, https:\/\/www.remonen.fi\/WP\/wp-content\/uploads\/2016\/03\/juhametso-4-300x200.jpg 300w, https:\/\/www.remonen.fi\/WP\/wp-content\/uploads\/2016\/03\/juhametso-4-680x453.jpg 680w, https:\/\/www.remonen.fi\/WP\/wp-content\/uploads\/2016\/03\/juhametso-4-768x512.jpg 768w, https:\/\/www.remonen.fi\/WP\/wp-content\/uploads\/2016\/03\/juhametso-4-1024x682.jpg 1024w, https:\/\/www.remonen.fi\/WP\/wp-content\/uploads\/2016\/03\/juhametso-4-440x293.jpg 440w, https:\/\/www.remonen.fi\/WP\/wp-content\/uploads\/2016\/03\/juhametso-4-960x640.jpg 960w\" sizes=\"(max-width: 880px) 100vw, 880px\" \/><\/a>Yksi Benin-sarjan kuvista kiinnitti huomiotani, koska se on jotenkin niin selv\u00e4 pastissi Martin Munkacsin kuvasta, joka innotti aikanaan jopa HCB:t\u00e4. En tosin pysty sanomaan, onko tuo tahallinen vai tahaton, mutta tuo kuva johdatti ajatukset Munckacsin &#8221;Three boys at Lake Tanganjika&#8221;-kuvaan.<\/p>\n<p><a href=\"http:\/\/www.remonen.fi\/WP\/wp-content\/uploads\/2016\/03\/juhametso-3.jpg\" rel=\"attachment wp-att-7403\"><img loading=\"lazy\" decoding=\"async\" class=\"aligncenter wp-image-7403\" title=\"Aperture: &#402;\/6.3 | Camera: ILCE-6000 | Taken: 26 maaliskuun, 2016 | Copyright: (c) Matti Remonen | Exposure bias: +7\/10EV | Flash fired: no | Focal length: 24mm | ISO: 3200 | Shutter speed: 1\/50s | \" src=\"http:\/\/www.remonen.fi\/WP\/wp-content\/uploads\/2016\/03\/juhametso-3.jpg\" alt=\"Juha Metso\" width=\"880\" height=\"586\" srcset=\"https:\/\/www.remonen.fi\/WP\/wp-content\/uploads\/2016\/03\/juhametso-3.jpg 1280w, https:\/\/www.remonen.fi\/WP\/wp-content\/uploads\/2016\/03\/juhametso-3-300x200.jpg 300w, https:\/\/www.remonen.fi\/WP\/wp-content\/uploads\/2016\/03\/juhametso-3-680x453.jpg 680w, https:\/\/www.remonen.fi\/WP\/wp-content\/uploads\/2016\/03\/juhametso-3-768x512.jpg 768w, https:\/\/www.remonen.fi\/WP\/wp-content\/uploads\/2016\/03\/juhametso-3-1024x682.jpg 1024w, https:\/\/www.remonen.fi\/WP\/wp-content\/uploads\/2016\/03\/juhametso-3-440x293.jpg 440w, https:\/\/www.remonen.fi\/WP\/wp-content\/uploads\/2016\/03\/juhametso-3-960x640.jpg 960w\" sizes=\"(max-width: 880px) 100vw, 880px\" \/><\/a><\/p>\n<p>Toinen kuvaaja, joka Juhasta tulee mieleen, on Arno Rafael Minkkinen. Juhalla on samanlainen tapa k\u00e4ytt\u00e4\u00e4 itse\u00e4\u00e4n ja omaa kehoaan osana kuvaa. T\u00e4m\u00e4 voi olla osa performanssia, kuten makaaminen julkisella paikalla maassa samalla tutkien miten ymp\u00e4rist\u00f6 siihen reagoi. Tai sitten hautaamalla itsens\u00e4 lumeen&#8230;<\/p>\n<p>Mutta joopa. Pari tuntia vier\u00e4hti n\u00e4yttelyss\u00e4 helposti. Olisihan siell\u00e4 saanut kulumaan viel\u00e4 toisen mokomankin, mutta matkaseura ei jaksanut jakaa taiteellista paloa yht\u00e4\u00e4n pidemp\u00e4\u00e4n. N\u00e4yttely on ehdottomasti kolmen Michelin-t\u00e4hden arvoinen, eli oman matkansa v\u00e4\u00e4rti. Ja kun olette n\u00e4yttelyss\u00e4, muistakaan k\u00e4yd\u00e4 katsomassa Metson tarinallinen videokin, jossa h\u00e4n valottaa n\u00e4kemyksi\u00e4\u00e4n kuvistaan ja itsest\u00e4\u00e4n. Samoin kannattaa ehdottomasti ottaa kassalta kuulokkeet, joiden kautta kuulee Metson kertovan lis\u00e4\u00e4 kuvistaan. Aidolla kotkalaisella nuotilla. Josta matkaseura kertoi, ett\u00e4 Juha kuulostaa ihan minulta \ud83d\ude42<\/p>\n<p>N\u00e4yttelyn j\u00e4lkeen pist\u00e4ydyimme Salon keskustassa sy\u00f6m\u00e4ss\u00e4 jossain &#8221;meksikolaisessa&#8221; ja siin\u00e4 k\u00e4velless\u00e4 minulle tuli mieleen, ett\u00e4 pit\u00e4isik\u00f6 tehd\u00e4 &#8221;Kouvola&#8221;-kuvasarja suomalaisten kaupunkien keskustoista. Jokaisesta v\u00e4h\u00e4nk\u00e4\u00e4n pienemm\u00e4st\u00e4 kaupungist\u00e4 l\u00f6ytyy kouvola. Tuo seitsem\u00e4nkymment\u00e4luvulla piirrettyjen laatikoiden keskittym\u00e4, jossa ainoa v\u00e4ripilkku on siwan umpeen teipattu &#8221;n\u00e4yteikkuna&#8221;. Saisikohan siit\u00e4 sarjan MoMAan? Fotofinlandiaan kuitenkin.<\/p>\n<p><div id=\"attachment_7395\" style=\"width: 890px\" class=\"wp-caption aligncenter\"><a href=\"http:\/\/www.remonen.fi\/WP\/wp-content\/uploads\/2016\/03\/juhametso-11.jpg\" rel=\"attachment wp-att-7395\"><img loading=\"lazy\" decoding=\"async\" aria-describedby=\"caption-attachment-7395\" class=\"wp-image-7395\" title=\"Aperture: &#402;\/4.5 | Camera: DSC-RX100M3 | Taken: 26 maaliskuun, 2016 | Copyright: (c) Matti Remonen | Exposure bias: +7\/10EV | Flash fired: no | Focal length: 8.8mm | ISO: 800 | Shutter speed: 1\/30s | \" src=\"http:\/\/www.remonen.fi\/WP\/wp-content\/uploads\/2016\/03\/juhametso-11.jpg\" alt=\"Kasvihuoneilmi\u00f6\" width=\"880\" height=\"586\" srcset=\"https:\/\/www.remonen.fi\/WP\/wp-content\/uploads\/2016\/03\/juhametso-11.jpg 1280w, https:\/\/www.remonen.fi\/WP\/wp-content\/uploads\/2016\/03\/juhametso-11-300x200.jpg 300w, https:\/\/www.remonen.fi\/WP\/wp-content\/uploads\/2016\/03\/juhametso-11-680x453.jpg 680w, https:\/\/www.remonen.fi\/WP\/wp-content\/uploads\/2016\/03\/juhametso-11-768x512.jpg 768w, https:\/\/www.remonen.fi\/WP\/wp-content\/uploads\/2016\/03\/juhametso-11-1024x682.jpg 1024w, https:\/\/www.remonen.fi\/WP\/wp-content\/uploads\/2016\/03\/juhametso-11-440x293.jpg 440w, https:\/\/www.remonen.fi\/WP\/wp-content\/uploads\/2016\/03\/juhametso-11-960x640.jpg 960w\" sizes=\"(max-width: 880px) 100vw, 880px\" \/><\/a><p id=\"caption-attachment-7395\" class=\"wp-caption-text\">Muovisia c-vitamiineja<\/p><\/div>Paluumatkalla k\u00e4vimme sitten Tuurin j\u00e4lkeen pahimmassa ostoshelvetiss\u00e4, eli Kasvihuoneilmi\u00f6ss\u00e4. Jos paikka ei ole tuttu, niin se on vanhan Turun tien varrella oleva entinen kasvihuonerakennus, josta on tehty 1000% \u00f6veriksi vedetty kaikkien tiimarien Godzilla. Jos joskus tuo paikka menee konkurssiin, niin veikkaan ett\u00e4 pes\u00e4nhoitajaksi m\u00e4\u00e4r\u00e4tty lakihemmo k\u00e4y y\u00f6n pimein\u00e4 tunteina tuikkaamassa tuon ter\u00e4shallin tuleen. Inventaarion tekeminen tuohon rihkamam\u00e4\u00e4r\u00e4\u00e4n ja -valikoimaan on mahdoton teht\u00e4v\u00e4. Kuka tarvitsee aidon kokoista peltihaarniskaa? Oikeesti? Tai norsun kokoista kipsileijonaa pihalle? Paitsi tietysti Cecil B. DeMille.<\/p>\n<p><a href=\"http:\/\/www.remonen.fi\/WP\/wp-content\/uploads\/2016\/03\/juhametso-9.jpg\" rel=\"attachment wp-att-7397\"><img loading=\"lazy\" decoding=\"async\" class=\"aligncenter wp-image-7397\" title=\"Aperture: &#402;\/4.5 | Camera: DSC-RX100M3 | Taken: 26 maaliskuun, 2016 | Copyright: (c) Matti Remonen | Exposure bias: +7\/10EV | Flash fired: no | Focal length: 8.8mm | ISO: 1250 | Shutter speed: 1\/30s | \" src=\"http:\/\/www.remonen.fi\/WP\/wp-content\/uploads\/2016\/03\/juhametso-9.jpg\" alt=\"Kasvihuoneilmi\u00f6\" width=\"586\" height=\"880\" srcset=\"https:\/\/www.remonen.fi\/WP\/wp-content\/uploads\/2016\/03\/juhametso-9.jpg 853w, https:\/\/www.remonen.fi\/WP\/wp-content\/uploads\/2016\/03\/juhametso-9-200x300.jpg 200w, https:\/\/www.remonen.fi\/WP\/wp-content\/uploads\/2016\/03\/juhametso-9-453x680.jpg 453w, https:\/\/www.remonen.fi\/WP\/wp-content\/uploads\/2016\/03\/juhametso-9-768x1152.jpg 768w, https:\/\/www.remonen.fi\/WP\/wp-content\/uploads\/2016\/03\/juhametso-9-682x1024.jpg 682w, https:\/\/www.remonen.fi\/WP\/wp-content\/uploads\/2016\/03\/juhametso-9-440x660.jpg 440w, https:\/\/www.remonen.fi\/WP\/wp-content\/uploads\/2016\/03\/juhametso-9-300x450.jpg 300w\" sizes=\"(max-width: 586px) 100vw, 586px\" \/><\/a><\/p>\n<p>Taiteesta haltioitui Sony a6000 + Sony Zeiss 24f18 sek\u00e4 Sony RX100 mk3.<\/p>\n","protected":false},"excerpt":{"rendered":"<p>P\u00e4\u00e4si\u00e4isen\u00e4, siin\u00e4 m\u00e4mmin ja pashan v\u00e4liss\u00e4, p\u00e4\u00e4timme l\u00e4hte\u00e4 katsomaan Juha Metson &#8221;Emotion in Motion&#8221;-valokuvan\u00e4yttely\u00e4 Saloon. Mukaan otettiin vaimon ja kameran lis\u00e4ksi tuttavaperhe jakamaan t\u00e4t\u00e4 taidenautintoa. Ja onhan Salo aina yhden, jollei jopa kahden reissun v\u00e4\u00e4rti. Mutta siit\u00e4 hieman tuonnempana. Juha Metso. Kymiss\u00e4 syntynyt, tai kai sit\u00e4 pit\u00e4isi sanoa ett\u00e4 Kotkassa. Mutta seh\u00e4n ei pid\u00e4 paikkaansa. [&hellip;]<\/p>\n","protected":false},"author":2,"featured_media":7401,"comment_status":"open","ping_status":"closed","sticky":false,"template":"","format":"standard","meta":{"footnotes":""},"categories":[16],"tags":[269,270,271,112],"yoast_head":"<!-- This site is optimized with the Yoast SEO plugin v24.5 - https:\/\/yoast.com\/wordpress\/plugins\/seo\/ -->\n<title>Juha Metso &quot;Emotion in Motion&quot; - remonen.fi<\/title>\n<meta name=\"description\" content=\"Juha Metso Salon Veturitallissa. Juha Metson retrospektiivinen valokuvan\u00e4yttely &quot;Emotion in Motion&quot; Salossa 30.1. - 15.5.2016.\" \/>\n<meta name=\"robots\" content=\"index, follow, max-snippet:-1, max-image-preview:large, max-video-preview:-1\" \/>\n<link rel=\"canonical\" href=\"https:\/\/www.remonen.fi\/WP\/blogi\/pyha-metso\/\" \/>\n<meta property=\"og:locale\" content=\"fi_FI\" \/>\n<meta property=\"og:type\" content=\"article\" \/>\n<meta property=\"og:title\" content=\"Juha Metso &quot;Emotion in Motion&quot; - remonen.fi\" \/>\n<meta property=\"og:description\" content=\"Juha Metso Salon Veturitallissa. Juha Metson retrospektiivinen valokuvan\u00e4yttely &quot;Emotion in Motion&quot; Salossa 30.1. - 15.5.2016.\" \/>\n<meta property=\"og:url\" content=\"https:\/\/www.remonen.fi\/WP\/blogi\/pyha-metso\/\" \/>\n<meta property=\"og:site_name\" content=\"remonen.fi\" \/>\n<meta property=\"article:published_time\" content=\"2016-03-28T10:30:51+00:00\" \/>\n<meta property=\"article:modified_time\" content=\"2016-03-28T11:10:56+00:00\" \/>\n<meta property=\"og:image\" content=\"https:\/\/www.remonen.fi\/WP\/wp-content\/uploads\/2016\/03\/juhametso-5.jpg\" \/>\n\t<meta property=\"og:image:width\" content=\"1280\" \/>\n\t<meta property=\"og:image:height\" content=\"853\" \/>\n\t<meta property=\"og:image:type\" content=\"image\/jpeg\" \/>\n<meta name=\"author\" content=\"Matti Remonen\" \/>\n<meta name=\"twitter:label1\" content=\"Kirjoittanut\" \/>\n\t<meta name=\"twitter:data1\" content=\"Matti Remonen\" \/>\n\t<meta name=\"twitter:label2\" content=\"Arvioitu lukuaika\" \/>\n\t<meta name=\"twitter:data2\" content=\"6 minuuttia\" \/>\n<script type=\"application\/ld+json\" class=\"yoast-schema-graph\">{\"@context\":\"https:\/\/schema.org\",\"@graph\":[{\"@type\":\"Article\",\"@id\":\"https:\/\/www.remonen.fi\/WP\/blogi\/pyha-metso\/#article\",\"isPartOf\":{\"@id\":\"https:\/\/www.remonen.fi\/WP\/blogi\/pyha-metso\/\"},\"author\":{\"name\":\"Matti Remonen\",\"@id\":\"https:\/\/www.remonen.fi\/WP\/#\/schema\/person\/1803c23d1d4f6722054eb2ac7f7a97cd\"},\"headline\":\"Pyh\u00e4 Metso\",\"datePublished\":\"2016-03-28T10:30:51+00:00\",\"dateModified\":\"2016-03-28T11:10:56+00:00\",\"mainEntityOfPage\":{\"@id\":\"https:\/\/www.remonen.fi\/WP\/blogi\/pyha-metso\/\"},\"wordCount\":1247,\"commentCount\":0,\"publisher\":{\"@id\":\"https:\/\/www.remonen.fi\/WP\/#\/schema\/person\/1803c23d1d4f6722054eb2ac7f7a97cd\"},\"image\":{\"@id\":\"https:\/\/www.remonen.fi\/WP\/blogi\/pyha-metso\/#primaryimage\"},\"thumbnailUrl\":\"https:\/\/www.remonen.fi\/WP\/wp-content\/uploads\/2016\/03\/juhametso-5.jpg\",\"keywords\":[\"Juha Metso\",\"Salo\",\"Salon Veturitalli\",\"Valokuvan\u00e4yttely\"],\"articleSection\":[\"Blog\"],\"inLanguage\":\"fi\",\"potentialAction\":[{\"@type\":\"CommentAction\",\"name\":\"Comment\",\"target\":[\"https:\/\/www.remonen.fi\/WP\/blogi\/pyha-metso\/#respond\"]}]},{\"@type\":\"WebPage\",\"@id\":\"https:\/\/www.remonen.fi\/WP\/blogi\/pyha-metso\/\",\"url\":\"https:\/\/www.remonen.fi\/WP\/blogi\/pyha-metso\/\",\"name\":\"Juha Metso \\\"Emotion in Motion\\\" - remonen.fi\",\"isPartOf\":{\"@id\":\"https:\/\/www.remonen.fi\/WP\/#website\"},\"primaryImageOfPage\":{\"@id\":\"https:\/\/www.remonen.fi\/WP\/blogi\/pyha-metso\/#primaryimage\"},\"image\":{\"@id\":\"https:\/\/www.remonen.fi\/WP\/blogi\/pyha-metso\/#primaryimage\"},\"thumbnailUrl\":\"https:\/\/www.remonen.fi\/WP\/wp-content\/uploads\/2016\/03\/juhametso-5.jpg\",\"datePublished\":\"2016-03-28T10:30:51+00:00\",\"dateModified\":\"2016-03-28T11:10:56+00:00\",\"description\":\"Juha Metso Salon Veturitallissa. Juha Metson retrospektiivinen valokuvan\u00e4yttely \\\"Emotion in Motion\\\" Salossa 30.1. - 15.5.2016.\",\"breadcrumb\":{\"@id\":\"https:\/\/www.remonen.fi\/WP\/blogi\/pyha-metso\/#breadcrumb\"},\"inLanguage\":\"fi\",\"potentialAction\":[{\"@type\":\"ReadAction\",\"target\":[\"https:\/\/www.remonen.fi\/WP\/blogi\/pyha-metso\/\"]}]},{\"@type\":\"ImageObject\",\"inLanguage\":\"fi\",\"@id\":\"https:\/\/www.remonen.fi\/WP\/blogi\/pyha-metso\/#primaryimage\",\"url\":\"https:\/\/www.remonen.fi\/WP\/wp-content\/uploads\/2016\/03\/juhametso-5.jpg\",\"contentUrl\":\"https:\/\/www.remonen.fi\/WP\/wp-content\/uploads\/2016\/03\/juhametso-5.jpg\",\"width\":1280,\"height\":853},{\"@type\":\"BreadcrumbList\",\"@id\":\"https:\/\/www.remonen.fi\/WP\/blogi\/pyha-metso\/#breadcrumb\",\"itemListElement\":[{\"@type\":\"ListItem\",\"position\":1,\"name\":\"Etusivu\",\"item\":\"https:\/\/www.remonen.fi\/WP\/\"},{\"@type\":\"ListItem\",\"position\":2,\"name\":\"Pyh\u00e4 Metso\"}]},{\"@type\":\"WebSite\",\"@id\":\"https:\/\/www.remonen.fi\/WP\/#website\",\"url\":\"https:\/\/www.remonen.fi\/WP\/\",\"name\":\"remonen.fi\",\"description\":\"Valokuvia ja tarinaa laidasta laitaan\",\"publisher\":{\"@id\":\"https:\/\/www.remonen.fi\/WP\/#\/schema\/person\/1803c23d1d4f6722054eb2ac7f7a97cd\"},\"potentialAction\":[{\"@type\":\"SearchAction\",\"target\":{\"@type\":\"EntryPoint\",\"urlTemplate\":\"https:\/\/www.remonen.fi\/WP\/?s={search_term_string}\"},\"query-input\":{\"@type\":\"PropertyValueSpecification\",\"valueRequired\":true,\"valueName\":\"search_term_string\"}}],\"inLanguage\":\"fi\"},{\"@type\":[\"Person\",\"Organization\"],\"@id\":\"https:\/\/www.remonen.fi\/WP\/#\/schema\/person\/1803c23d1d4f6722054eb2ac7f7a97cd\",\"name\":\"Matti Remonen\",\"logo\":{\"@id\":\"https:\/\/www.remonen.fi\/WP\/#\/schema\/person\/image\/\"},\"url\":\"https:\/\/www.remonen.fi\/WP\/blogi\/author\/mre\/\"}]}<\/script>\n<!-- \/ Yoast SEO plugin. -->","yoast_head_json":{"title":"Juha Metso \"Emotion in Motion\" - remonen.fi","description":"Juha Metso Salon Veturitallissa. Juha Metson retrospektiivinen valokuvan\u00e4yttely \"Emotion in Motion\" Salossa 30.1. - 15.5.2016.","robots":{"index":"index","follow":"follow","max-snippet":"max-snippet:-1","max-image-preview":"max-image-preview:large","max-video-preview":"max-video-preview:-1"},"canonical":"https:\/\/www.remonen.fi\/WP\/blogi\/pyha-metso\/","og_locale":"fi_FI","og_type":"article","og_title":"Juha Metso \"Emotion in Motion\" - remonen.fi","og_description":"Juha Metso Salon Veturitallissa. Juha Metson retrospektiivinen valokuvan\u00e4yttely \"Emotion in Motion\" Salossa 30.1. - 15.5.2016.","og_url":"https:\/\/www.remonen.fi\/WP\/blogi\/pyha-metso\/","og_site_name":"remonen.fi","article_published_time":"2016-03-28T10:30:51+00:00","article_modified_time":"2016-03-28T11:10:56+00:00","og_image":[{"width":1280,"height":853,"url":"https:\/\/www.remonen.fi\/WP\/wp-content\/uploads\/2016\/03\/juhametso-5.jpg","type":"image\/jpeg"}],"author":"Matti Remonen","twitter_misc":{"Kirjoittanut":"Matti Remonen","Arvioitu lukuaika":"6 minuuttia"},"schema":{"@context":"https:\/\/schema.org","@graph":[{"@type":"Article","@id":"https:\/\/www.remonen.fi\/WP\/blogi\/pyha-metso\/#article","isPartOf":{"@id":"https:\/\/www.remonen.fi\/WP\/blogi\/pyha-metso\/"},"author":{"name":"Matti Remonen","@id":"https:\/\/www.remonen.fi\/WP\/#\/schema\/person\/1803c23d1d4f6722054eb2ac7f7a97cd"},"headline":"Pyh\u00e4 Metso","datePublished":"2016-03-28T10:30:51+00:00","dateModified":"2016-03-28T11:10:56+00:00","mainEntityOfPage":{"@id":"https:\/\/www.remonen.fi\/WP\/blogi\/pyha-metso\/"},"wordCount":1247,"commentCount":0,"publisher":{"@id":"https:\/\/www.remonen.fi\/WP\/#\/schema\/person\/1803c23d1d4f6722054eb2ac7f7a97cd"},"image":{"@id":"https:\/\/www.remonen.fi\/WP\/blogi\/pyha-metso\/#primaryimage"},"thumbnailUrl":"https:\/\/www.remonen.fi\/WP\/wp-content\/uploads\/2016\/03\/juhametso-5.jpg","keywords":["Juha Metso","Salo","Salon Veturitalli","Valokuvan\u00e4yttely"],"articleSection":["Blog"],"inLanguage":"fi","potentialAction":[{"@type":"CommentAction","name":"Comment","target":["https:\/\/www.remonen.fi\/WP\/blogi\/pyha-metso\/#respond"]}]},{"@type":"WebPage","@id":"https:\/\/www.remonen.fi\/WP\/blogi\/pyha-metso\/","url":"https:\/\/www.remonen.fi\/WP\/blogi\/pyha-metso\/","name":"Juha Metso \"Emotion in Motion\" - remonen.fi","isPartOf":{"@id":"https:\/\/www.remonen.fi\/WP\/#website"},"primaryImageOfPage":{"@id":"https:\/\/www.remonen.fi\/WP\/blogi\/pyha-metso\/#primaryimage"},"image":{"@id":"https:\/\/www.remonen.fi\/WP\/blogi\/pyha-metso\/#primaryimage"},"thumbnailUrl":"https:\/\/www.remonen.fi\/WP\/wp-content\/uploads\/2016\/03\/juhametso-5.jpg","datePublished":"2016-03-28T10:30:51+00:00","dateModified":"2016-03-28T11:10:56+00:00","description":"Juha Metso Salon Veturitallissa. Juha Metson retrospektiivinen valokuvan\u00e4yttely \"Emotion in Motion\" Salossa 30.1. - 15.5.2016.","breadcrumb":{"@id":"https:\/\/www.remonen.fi\/WP\/blogi\/pyha-metso\/#breadcrumb"},"inLanguage":"fi","potentialAction":[{"@type":"ReadAction","target":["https:\/\/www.remonen.fi\/WP\/blogi\/pyha-metso\/"]}]},{"@type":"ImageObject","inLanguage":"fi","@id":"https:\/\/www.remonen.fi\/WP\/blogi\/pyha-metso\/#primaryimage","url":"https:\/\/www.remonen.fi\/WP\/wp-content\/uploads\/2016\/03\/juhametso-5.jpg","contentUrl":"https:\/\/www.remonen.fi\/WP\/wp-content\/uploads\/2016\/03\/juhametso-5.jpg","width":1280,"height":853},{"@type":"BreadcrumbList","@id":"https:\/\/www.remonen.fi\/WP\/blogi\/pyha-metso\/#breadcrumb","itemListElement":[{"@type":"ListItem","position":1,"name":"Etusivu","item":"https:\/\/www.remonen.fi\/WP\/"},{"@type":"ListItem","position":2,"name":"Pyh\u00e4 Metso"}]},{"@type":"WebSite","@id":"https:\/\/www.remonen.fi\/WP\/#website","url":"https:\/\/www.remonen.fi\/WP\/","name":"remonen.fi","description":"Valokuvia ja tarinaa laidasta laitaan","publisher":{"@id":"https:\/\/www.remonen.fi\/WP\/#\/schema\/person\/1803c23d1d4f6722054eb2ac7f7a97cd"},"potentialAction":[{"@type":"SearchAction","target":{"@type":"EntryPoint","urlTemplate":"https:\/\/www.remonen.fi\/WP\/?s={search_term_string}"},"query-input":{"@type":"PropertyValueSpecification","valueRequired":true,"valueName":"search_term_string"}}],"inLanguage":"fi"},{"@type":["Person","Organization"],"@id":"https:\/\/www.remonen.fi\/WP\/#\/schema\/person\/1803c23d1d4f6722054eb2ac7f7a97cd","name":"Matti Remonen","logo":{"@id":"https:\/\/www.remonen.fi\/WP\/#\/schema\/person\/image\/"},"url":"https:\/\/www.remonen.fi\/WP\/blogi\/author\/mre\/"}]}},"_links":{"self":[{"href":"https:\/\/www.remonen.fi\/WP\/wp-json\/wp\/v2\/posts\/7394"}],"collection":[{"href":"https:\/\/www.remonen.fi\/WP\/wp-json\/wp\/v2\/posts"}],"about":[{"href":"https:\/\/www.remonen.fi\/WP\/wp-json\/wp\/v2\/types\/post"}],"author":[{"embeddable":true,"href":"https:\/\/www.remonen.fi\/WP\/wp-json\/wp\/v2\/users\/2"}],"replies":[{"embeddable":true,"href":"https:\/\/www.remonen.fi\/WP\/wp-json\/wp\/v2\/comments?post=7394"}],"version-history":[{"count":0,"href":"https:\/\/www.remonen.fi\/WP\/wp-json\/wp\/v2\/posts\/7394\/revisions"}],"wp:featuredmedia":[{"embeddable":true,"href":"https:\/\/www.remonen.fi\/WP\/wp-json\/wp\/v2\/media\/7401"}],"wp:attachment":[{"href":"https:\/\/www.remonen.fi\/WP\/wp-json\/wp\/v2\/media?parent=7394"}],"wp:term":[{"taxonomy":"category","embeddable":true,"href":"https:\/\/www.remonen.fi\/WP\/wp-json\/wp\/v2\/categories?post=7394"},{"taxonomy":"post_tag","embeddable":true,"href":"https:\/\/www.remonen.fi\/WP\/wp-json\/wp\/v2\/tags?post=7394"}],"curies":[{"name":"wp","href":"https:\/\/api.w.org\/{rel}","templated":true}]}}