{"id":7724,"date":"2016-06-02T19:39:38","date_gmt":"2016-06-02T16:39:38","guid":{"rendered":"http:\/\/www.remonen.fi\/?p=7724"},"modified":"2016-06-02T19:39:38","modified_gmt":"2016-06-02T16:39:38","slug":"kesaleirille","status":"publish","type":"post","link":"https:\/\/www.remonen.fi\/WP\/blogi\/kesaleirille\/","title":{"rendered":"Kes\u00e4leirille"},"content":{"rendered":"<p>Koska hevosopiston tuntikehys on pienempi kuin amiksessa, niin hevoset p\u00e4\u00e4sev\u00e4t my\u00f6s lomille aikaisemmin kuin amislaiset. Siin\u00e4 miss\u00e4 teini painaa valkolakin p\u00e4\u00e4h\u00e4ns\u00e4 vasta tulevana viikonloppuna, pari-kolmivuotiaat orhit ovat jo viett\u00e4neet kes\u00e4lomaa viikon.<\/p>\n<p><a href=\"http:\/\/www.remonen.fi\/WP\/wp-content\/uploads\/2016\/05\/Miehikkala_2016_kevat-2.jpg\"><img loading=\"lazy\" decoding=\"async\" class=\"aligncenter wp-image-7721\" title=\"Aperture: &#402;\/5 | Credit: Matti Remonen | Camera: NIKON D810 | Taken: 29 toukokuun, 2016 | Copyright: (c)www.remonen.fi | Flash fired: no | Focal length: 18mm | ISO: 100 | Shutter speed: 1\/400s | \" src=\"http:\/\/www.remonen.fi\/WP\/wp-content\/uploads\/2016\/05\/Miehikkala_2016_kevat-2.jpg\" alt=\"Miehikk\u00e4l\u00e4\" width=\"880\" height=\"587\" srcset=\"https:\/\/www.remonen.fi\/WP\/wp-content\/uploads\/2016\/05\/Miehikkala_2016_kevat-2.jpg 1280w, https:\/\/www.remonen.fi\/WP\/wp-content\/uploads\/2016\/05\/Miehikkala_2016_kevat-2-300x200.jpg 300w, https:\/\/www.remonen.fi\/WP\/wp-content\/uploads\/2016\/05\/Miehikkala_2016_kevat-2-680x454.jpg 680w, https:\/\/www.remonen.fi\/WP\/wp-content\/uploads\/2016\/05\/Miehikkala_2016_kevat-2-768x512.jpg 768w, https:\/\/www.remonen.fi\/WP\/wp-content\/uploads\/2016\/05\/Miehikkala_2016_kevat-2-1024x683.jpg 1024w, https:\/\/www.remonen.fi\/WP\/wp-content\/uploads\/2016\/05\/Miehikkala_2016_kevat-2-440x294.jpg 440w, https:\/\/www.remonen.fi\/WP\/wp-content\/uploads\/2016\/05\/Miehikkala_2016_kevat-2-960x641.jpg 960w\" sizes=\"(max-width: 880px) 100vw, 880px\" \/><\/a><\/p>\n<p>T\u00e4ll\u00e4 kertaa olin seuraamassa lomallel\u00e4ht\u00f6\u00e4 oikein Suur-Miehikk\u00e4l\u00e4ss\u00e4. Edellinenh\u00e4n Suomessa suoritettu Suur- nimen sis\u00e4lt\u00e4nyt operaatiohan p\u00e4\u00e4ttyi, kuten kaikki tied\u00e4mme, Suomen hienoon toiseen sijaan ja turhista maa-alueista eroonp\u00e4\u00e4semiseen. Mutta Miehikk\u00e4l\u00e4ss\u00e4 ei ole t\u00e4t\u00e4 pel\u00e4tty, vaan menn\u00e4\u00e4n rinta rottingilla. Niin, ja ne hevoset&#8230; elik\u00e4s Kymen-Karjalan hevosjalostusliiton <a href=\"http:\/\/www.miehikkala.fi\/FI\/Tapahtumat\/Orivarsojen%20laitumellelasku\/\">Orivarsojen laitumellelaskutilaisuus<\/a> oli siis Suur-Miehikk\u00e4l\u00e4ss\u00e4, Syv\u00e4j\u00e4rveen rajoittuvalla laitumella.<\/p>\n<p><div id=\"attachment_7701\" style=\"width: 890px\" class=\"wp-caption aligncenter\"><a href=\"http:\/\/www.remonen.fi\/WP\/wp-content\/uploads\/2016\/05\/Miehikkala_2016_kevat-1.jpg\"><img loading=\"lazy\" decoding=\"async\" aria-describedby=\"caption-attachment-7701\" class=\"wp-image-7701\" title=\"Aperture: &#402;\/5 | Credit: Matti Remonen | Camera: NIKON D810 | Taken: 29 toukokuun, 2016 | Copyright: (c)www.remonen.fi | Flash fired: no | Focal length: 24mm | ISO: 100 | Shutter speed: 1\/640s | \" src=\"http:\/\/www.remonen.fi\/WP\/wp-content\/uploads\/2016\/05\/Miehikkala_2016_kevat-1.jpg\" alt=\"Miehikk\u00e4l\u00e4\" width=\"880\" height=\"587\" srcset=\"https:\/\/www.remonen.fi\/WP\/wp-content\/uploads\/2016\/05\/Miehikkala_2016_kevat-1.jpg 1280w, https:\/\/www.remonen.fi\/WP\/wp-content\/uploads\/2016\/05\/Miehikkala_2016_kevat-1-300x200.jpg 300w, https:\/\/www.remonen.fi\/WP\/wp-content\/uploads\/2016\/05\/Miehikkala_2016_kevat-1-680x454.jpg 680w, https:\/\/www.remonen.fi\/WP\/wp-content\/uploads\/2016\/05\/Miehikkala_2016_kevat-1-768x512.jpg 768w, https:\/\/www.remonen.fi\/WP\/wp-content\/uploads\/2016\/05\/Miehikkala_2016_kevat-1-1024x683.jpg 1024w, https:\/\/www.remonen.fi\/WP\/wp-content\/uploads\/2016\/05\/Miehikkala_2016_kevat-1-440x294.jpg 440w, https:\/\/www.remonen.fi\/WP\/wp-content\/uploads\/2016\/05\/Miehikkala_2016_kevat-1-960x641.jpg 960w\" sizes=\"(max-width: 880px) 100vw, 880px\" \/><\/a><p id=\"caption-attachment-7701\" class=\"wp-caption-text\">Lakua ja maggaraa<\/p><\/div>Tilaisuus on seutukunnalla varsin tunnettu perhetepahtuma ja sinne tulee porukkaa kauempaakin seuraamaan orien kirmailua niityll\u00e4. Paikalle odotettiin satoja katsojia edellisvuosien tapaan. Itse l\u00e4ksin liikkeelle tapani mukaan sen verran aikaisin, ett\u00e4 olin kai ensimm\u00e4inen ulkopuolinen. No, olipahan aikaa tutustua seutuun ja lakumyym\u00e4l\u00e4\u00e4n. <a href=\"http:\/\/www.remonen.fi\/blogi\/hevos-voimaa\/\">Hamppukauppaa <\/a>ei t\u00e4ll\u00e4 kertaa ollut paikalla. Johtuneeko syrj\u00e4isest\u00e4 sijainnista vai tapahtuman perheluonteesta. Toista se on Yp\u00e4j\u00e4ll\u00e4&#8230; Itse paikka oli minulle tuttu parin vuoden takaa, <a href=\"http:\/\/www.remonen.fi\/blogi\/hevon-kuusessa\/\">kun k\u00e4vin kuvaamassa tarinan lopun<\/a>, eli orhien noudon laitumelta kes\u00e4n p\u00e4\u00e4tteeksi.<\/p>\n<p><a href=\"http:\/\/www.remonen.fi\/WP\/wp-content\/uploads\/2016\/05\/Miehikkala_2016_kevat-7.jpg\"><img loading=\"lazy\" decoding=\"async\" class=\"aligncenter wp-image-7716\" title=\"Aperture: &#402;\/5 | Credit: Matti Remonen | Camera: NIKON D810 | Taken: 29 toukokuun, 2016 | Copyright: (c)www.remonen.fi | Flash fired: no | Focal length: 70mm | ISO: 100 | Shutter speed: 1\/200s | \" src=\"http:\/\/www.remonen.fi\/WP\/wp-content\/uploads\/2016\/05\/Miehikkala_2016_kevat-7.jpg\" alt=\"Miehikk\u00e4l\u00e4\" width=\"880\" height=\"587\" srcset=\"https:\/\/www.remonen.fi\/WP\/wp-content\/uploads\/2016\/05\/Miehikkala_2016_kevat-7.jpg 1280w, https:\/\/www.remonen.fi\/WP\/wp-content\/uploads\/2016\/05\/Miehikkala_2016_kevat-7-300x200.jpg 300w, https:\/\/www.remonen.fi\/WP\/wp-content\/uploads\/2016\/05\/Miehikkala_2016_kevat-7-680x454.jpg 680w, https:\/\/www.remonen.fi\/WP\/wp-content\/uploads\/2016\/05\/Miehikkala_2016_kevat-7-768x512.jpg 768w, https:\/\/www.remonen.fi\/WP\/wp-content\/uploads\/2016\/05\/Miehikkala_2016_kevat-7-1024x683.jpg 1024w, https:\/\/www.remonen.fi\/WP\/wp-content\/uploads\/2016\/05\/Miehikkala_2016_kevat-7-440x294.jpg 440w, https:\/\/www.remonen.fi\/WP\/wp-content\/uploads\/2016\/05\/Miehikkala_2016_kevat-7-960x641.jpg 960w\" sizes=\"(max-width: 880px) 100vw, 880px\" \/><\/a><\/p>\n<p>Aikanaan sitten kello tuli yksitoista ja varsinainen show alkoi. Ja se alkoikin n\u00e4ytt\u00e4v\u00e4sti hevosten numeroimisella. Koska emme ole en\u00e4\u00e4 villis\u00e4\u00e4 l\u00e4nness\u00e4, josko koskaan olleetkaan, niin numero poltettiin vain hevosen kavioon, eik\u00e4 persaukseen. T\u00e4m\u00e4 onkin hevosen, lasten ja omistajien kannalta se mukavampi vaihtoehto.<\/p>\n<p><a href=\"http:\/\/www.remonen.fi\/WP\/wp-content\/uploads\/2016\/05\/Miehikkala_2016_kevat-9.jpg\"><img loading=\"lazy\" decoding=\"async\" class=\"aligncenter wp-image-7714\" title=\"Aperture: &#402;\/2.8 | Credit: Matti Remonen | Camera: NIKON D810 | Taken: 29 toukokuun, 2016 | Copyright: (c)www.remonen.fi | Flash fired: no | Focal length: 200mm | ISO: 64 | Shutter speed: 1\/500s | \" src=\"http:\/\/www.remonen.fi\/WP\/wp-content\/uploads\/2016\/05\/Miehikkala_2016_kevat-9.jpg\" alt=\"Miehikk\u00e4l\u00e4 orivarsalaidun\" width=\"586\" height=\"880\" srcset=\"https:\/\/www.remonen.fi\/WP\/wp-content\/uploads\/2016\/05\/Miehikkala_2016_kevat-9.jpg 853w, https:\/\/www.remonen.fi\/WP\/wp-content\/uploads\/2016\/05\/Miehikkala_2016_kevat-9-200x300.jpg 200w, https:\/\/www.remonen.fi\/WP\/wp-content\/uploads\/2016\/05\/Miehikkala_2016_kevat-9-453x680.jpg 453w, https:\/\/www.remonen.fi\/WP\/wp-content\/uploads\/2016\/05\/Miehikkala_2016_kevat-9-768x1152.jpg 768w, https:\/\/www.remonen.fi\/WP\/wp-content\/uploads\/2016\/05\/Miehikkala_2016_kevat-9-682x1024.jpg 682w, https:\/\/www.remonen.fi\/WP\/wp-content\/uploads\/2016\/05\/Miehikkala_2016_kevat-9-440x660.jpg 440w, https:\/\/www.remonen.fi\/WP\/wp-content\/uploads\/2016\/05\/Miehikkala_2016_kevat-9-300x450.jpg 300w\" sizes=\"(max-width: 586px) 100vw, 586px\" \/><\/a><\/p>\n<p>Kun kaikki hepot oli saatu numeroitua, kuuluttajan johdolla p\u00e4itset, riimut ja muut kuonokopat irrotettiin ja orhit p\u00e4\u00e4siv\u00e4t vapaaksi. Hetken ihmetelty\u00e4\u00e4n ne alkoivatkin tehd\u00e4 tuttavuutta toistensa kanssa. Kunhan ensin oli katsottu nokkimisj\u00e4rjestys kuntoon.<\/p>\n<p><a href=\"http:\/\/www.remonen.fi\/WP\/wp-content\/uploads\/2016\/05\/Miehikkala_2016_kevat-17.jpg\"><img loading=\"lazy\" decoding=\"async\" class=\"aligncenter wp-image-7706\" title=\"Aperture: &#402;\/5.6 | Credit: Matti Remonen | Camera: NIKON D810 | Taken: 29 toukokuun, 2016 | Copyright: (c)www.remonen.fi | Flash fired: no | Focal length: 340mm | ISO: 280 | Shutter speed: 1\/800s | \" src=\"http:\/\/www.remonen.fi\/WP\/wp-content\/uploads\/2016\/05\/Miehikkala_2016_kevat-17.jpg\" alt=\"Miehikk\u00e4l\u00e4 orilaidun\" width=\"586\" height=\"880\" srcset=\"https:\/\/www.remonen.fi\/WP\/wp-content\/uploads\/2016\/05\/Miehikkala_2016_kevat-17.jpg 853w, https:\/\/www.remonen.fi\/WP\/wp-content\/uploads\/2016\/05\/Miehikkala_2016_kevat-17-200x300.jpg 200w, https:\/\/www.remonen.fi\/WP\/wp-content\/uploads\/2016\/05\/Miehikkala_2016_kevat-17-453x680.jpg 453w, https:\/\/www.remonen.fi\/WP\/wp-content\/uploads\/2016\/05\/Miehikkala_2016_kevat-17-768x1152.jpg 768w, https:\/\/www.remonen.fi\/WP\/wp-content\/uploads\/2016\/05\/Miehikkala_2016_kevat-17-682x1024.jpg 682w, https:\/\/www.remonen.fi\/WP\/wp-content\/uploads\/2016\/05\/Miehikkala_2016_kevat-17-440x660.jpg 440w, https:\/\/www.remonen.fi\/WP\/wp-content\/uploads\/2016\/05\/Miehikkala_2016_kevat-17-300x450.jpg 300w\" sizes=\"(max-width: 586px) 100vw, 586px\" \/><\/a><\/p>\n<p>Ja seh\u00e4n se on varsinaisesti t\u00e4m\u00e4n humpan ja tilaisuuden juoni: katsotaan kun hepot koulukiusaavat toisiaan. Jos lysk\u00e4n pihalla aikanaan meno olisi ollut tuollaista, niin j\u00e4lki-istuntoahan siit\u00e4 olisi tullut.<\/p>\n<p><a href=\"http:\/\/www.remonen.fi\/WP\/wp-content\/uploads\/2016\/05\/Miehikkala_2016_kevat-16.jpg\"><img loading=\"lazy\" decoding=\"async\" class=\"aligncenter wp-image-7707\" title=\"Aperture: &#402;\/5.6 | Credit: Matti Remonen | Camera: NIKON D810 | Taken: 29 toukokuun, 2016 | Copyright: (c)www.remonen.fi | Flash fired: no | Focal length: 116mm | ISO: 90 | Shutter speed: 1\/250s | \" src=\"http:\/\/www.remonen.fi\/WP\/wp-content\/uploads\/2016\/05\/Miehikkala_2016_kevat-16.jpg\" width=\"880\" height=\"587\" srcset=\"https:\/\/www.remonen.fi\/WP\/wp-content\/uploads\/2016\/05\/Miehikkala_2016_kevat-16.jpg 1280w, https:\/\/www.remonen.fi\/WP\/wp-content\/uploads\/2016\/05\/Miehikkala_2016_kevat-16-300x200.jpg 300w, https:\/\/www.remonen.fi\/WP\/wp-content\/uploads\/2016\/05\/Miehikkala_2016_kevat-16-680x454.jpg 680w, https:\/\/www.remonen.fi\/WP\/wp-content\/uploads\/2016\/05\/Miehikkala_2016_kevat-16-768x512.jpg 768w, https:\/\/www.remonen.fi\/WP\/wp-content\/uploads\/2016\/05\/Miehikkala_2016_kevat-16-1024x683.jpg 1024w, https:\/\/www.remonen.fi\/WP\/wp-content\/uploads\/2016\/05\/Miehikkala_2016_kevat-16-440x294.jpg 440w, https:\/\/www.remonen.fi\/WP\/wp-content\/uploads\/2016\/05\/Miehikkala_2016_kevat-16-960x641.jpg 960w\" sizes=\"(max-width: 880px) 100vw, 880px\" \/><\/a><\/p>\n<p>Sitten riittikin aikaa ja tarmoa yleiseen kirmaamiseen.<\/p>\n<p><a href=\"http:\/\/www.remonen.fi\/WP\/wp-content\/uploads\/2016\/05\/Miehikkala_2016_kevat-12.jpg\"><img loading=\"lazy\" decoding=\"async\" class=\"aligncenter wp-image-7711\" title=\"Aperture: &#402;\/5.6 | Credit: Matti Remonen | Camera: NIKON D810 | Taken: 29 toukokuun, 2016 | Copyright: (c)www.remonen.fi | Flash fired: no | Focal length: 300mm | ISO: 220 | Shutter speed: 1\/640s | \" src=\"http:\/\/www.remonen.fi\/WP\/wp-content\/uploads\/2016\/05\/Miehikkala_2016_kevat-12.jpg\" alt=\"MIehikk\u00e4l\u00e4 orilaidun\" width=\"880\" height=\"587\" srcset=\"https:\/\/www.remonen.fi\/WP\/wp-content\/uploads\/2016\/05\/Miehikkala_2016_kevat-12.jpg 1280w, https:\/\/www.remonen.fi\/WP\/wp-content\/uploads\/2016\/05\/Miehikkala_2016_kevat-12-300x200.jpg 300w, https:\/\/www.remonen.fi\/WP\/wp-content\/uploads\/2016\/05\/Miehikkala_2016_kevat-12-680x454.jpg 680w, https:\/\/www.remonen.fi\/WP\/wp-content\/uploads\/2016\/05\/Miehikkala_2016_kevat-12-768x512.jpg 768w, https:\/\/www.remonen.fi\/WP\/wp-content\/uploads\/2016\/05\/Miehikkala_2016_kevat-12-1024x683.jpg 1024w, https:\/\/www.remonen.fi\/WP\/wp-content\/uploads\/2016\/05\/Miehikkala_2016_kevat-12-440x294.jpg 440w, https:\/\/www.remonen.fi\/WP\/wp-content\/uploads\/2016\/05\/Miehikkala_2016_kevat-12-960x641.jpg 960w\" sizes=\"(max-width: 880px) 100vw, 880px\" \/><\/a><\/p>\n<p><a href=\"http:\/\/www.remonen.fi\/WP\/wp-content\/uploads\/2016\/05\/Miehikkala_2016_kevat-14.jpg\"><img loading=\"lazy\" decoding=\"async\" class=\"aligncenter wp-image-7709\" title=\"Aperture: &#402;\/5.6 | Credit: Matti Remonen | Camera: NIKON D810 | Taken: 29 toukokuun, 2016 | Copyright: (c)www.remonen.fi | Flash fired: no | Focal length: 400mm | ISO: 400 | Shutter speed: 1\/800s | \" src=\"http:\/\/www.remonen.fi\/WP\/wp-content\/uploads\/2016\/05\/Miehikkala_2016_kevat-14.jpg\" alt=\"Miehikk\u00e4l\u00e4 orilaidun\" width=\"880\" height=\"587\" srcset=\"https:\/\/www.remonen.fi\/WP\/wp-content\/uploads\/2016\/05\/Miehikkala_2016_kevat-14.jpg 1280w, https:\/\/www.remonen.fi\/WP\/wp-content\/uploads\/2016\/05\/Miehikkala_2016_kevat-14-300x200.jpg 300w, https:\/\/www.remonen.fi\/WP\/wp-content\/uploads\/2016\/05\/Miehikkala_2016_kevat-14-680x454.jpg 680w, https:\/\/www.remonen.fi\/WP\/wp-content\/uploads\/2016\/05\/Miehikkala_2016_kevat-14-768x512.jpg 768w, https:\/\/www.remonen.fi\/WP\/wp-content\/uploads\/2016\/05\/Miehikkala_2016_kevat-14-1024x683.jpg 1024w, https:\/\/www.remonen.fi\/WP\/wp-content\/uploads\/2016\/05\/Miehikkala_2016_kevat-14-440x294.jpg 440w, https:\/\/www.remonen.fi\/WP\/wp-content\/uploads\/2016\/05\/Miehikkala_2016_kevat-14-960x641.jpg 960w\" sizes=\"(max-width: 880px) 100vw, 880px\" \/><\/a><\/p>\n<p><a href=\"http:\/\/www.remonen.fi\/WP\/wp-content\/uploads\/2016\/05\/Miehikkala_2016_kevat-19.jpg\"><img loading=\"lazy\" decoding=\"async\" class=\"aligncenter wp-image-7704 size-full\" title=\"Aperture: &#402;\/5 | Credit: Matti Remonen | Camera: NIKON D810 | Taken: 29 toukokuun, 2016 | Copyright: (c)www.remonen.fi | Flash fired: no | Focal length: 80mm | ISO: 64 | Shutter speed: 1\/320s | \" src=\"http:\/\/www.remonen.fi\/WP\/wp-content\/uploads\/2016\/05\/Miehikkala_2016_kevat-19.jpg\" alt=\"Miehikk\u00e4l\u00e4 orivarsalaidun\" width=\"1280\" height=\"854\" srcset=\"https:\/\/www.remonen.fi\/WP\/wp-content\/uploads\/2016\/05\/Miehikkala_2016_kevat-19.jpg 1280w, https:\/\/www.remonen.fi\/WP\/wp-content\/uploads\/2016\/05\/Miehikkala_2016_kevat-19-300x200.jpg 300w, https:\/\/www.remonen.fi\/WP\/wp-content\/uploads\/2016\/05\/Miehikkala_2016_kevat-19-680x454.jpg 680w, https:\/\/www.remonen.fi\/WP\/wp-content\/uploads\/2016\/05\/Miehikkala_2016_kevat-19-768x512.jpg 768w, https:\/\/www.remonen.fi\/WP\/wp-content\/uploads\/2016\/05\/Miehikkala_2016_kevat-19-1024x683.jpg 1024w, https:\/\/www.remonen.fi\/WP\/wp-content\/uploads\/2016\/05\/Miehikkala_2016_kevat-19-440x294.jpg 440w, https:\/\/www.remonen.fi\/WP\/wp-content\/uploads\/2016\/05\/Miehikkala_2016_kevat-19-960x641.jpg 960w\" sizes=\"(max-width: 1280px) 100vw, 1280px\" \/><\/a><\/p>\n<p>Kun oli tarpeeksi laukattu, ravattu, t\u00f6lt\u00e4tty ja nelistetty, oli aika ottaa hieman rauhallisemmin.<\/p>\n<p><a href=\"http:\/\/www.remonen.fi\/WP\/wp-content\/uploads\/2016\/05\/Miehikkala_2016_kevat-13.jpg\"><img loading=\"lazy\" decoding=\"async\" class=\"aligncenter wp-image-7710\" title=\"Aperture: &#402;\/5.6 | Credit: Matti Remonen | Camera: NIKON D810 | Taken: 29 toukokuun, 2016 | Copyright: (c)www.remonen.fi | Flash fired: no | Focal length: 80mm | ISO: 64 | Shutter speed: 1\/160s | \" src=\"http:\/\/www.remonen.fi\/WP\/wp-content\/uploads\/2016\/05\/Miehikkala_2016_kevat-13.jpg\" alt=\"Miehikk\u00e4l\u00e4 orilaidun\" width=\"880\" height=\"587\" srcset=\"https:\/\/www.remonen.fi\/WP\/wp-content\/uploads\/2016\/05\/Miehikkala_2016_kevat-13.jpg 1280w, https:\/\/www.remonen.fi\/WP\/wp-content\/uploads\/2016\/05\/Miehikkala_2016_kevat-13-300x200.jpg 300w, https:\/\/www.remonen.fi\/WP\/wp-content\/uploads\/2016\/05\/Miehikkala_2016_kevat-13-680x454.jpg 680w, https:\/\/www.remonen.fi\/WP\/wp-content\/uploads\/2016\/05\/Miehikkala_2016_kevat-13-768x512.jpg 768w, https:\/\/www.remonen.fi\/WP\/wp-content\/uploads\/2016\/05\/Miehikkala_2016_kevat-13-1024x683.jpg 1024w, https:\/\/www.remonen.fi\/WP\/wp-content\/uploads\/2016\/05\/Miehikkala_2016_kevat-13-440x294.jpg 440w, https:\/\/www.remonen.fi\/WP\/wp-content\/uploads\/2016\/05\/Miehikkala_2016_kevat-13-960x641.jpg 960w\" sizes=\"(max-width: 880px) 100vw, 880px\" \/><\/a><\/p>\n<p><a href=\"http:\/\/www.remonen.fi\/WP\/wp-content\/uploads\/2016\/05\/Miehikkala_2016_kevat-15.jpg\"><img loading=\"lazy\" decoding=\"async\" class=\"aligncenter wp-image-7708\" title=\"Aperture: &#402;\/5.6 | Credit: Matti Remonen | Camera: NIKON D810 | Taken: 29 toukokuun, 2016 | Copyright: (c)www.remonen.fi | Flash fired: no | Focal length: 390mm | ISO: 180 | Shutter speed: 1\/800s | \" src=\"http:\/\/www.remonen.fi\/WP\/wp-content\/uploads\/2016\/05\/Miehikkala_2016_kevat-15.jpg\" alt=\"Miehikk\u00e4l\u00e4 orilaidun\" width=\"587\" height=\"880\" srcset=\"https:\/\/www.remonen.fi\/WP\/wp-content\/uploads\/2016\/05\/Miehikkala_2016_kevat-15.jpg 854w, https:\/\/www.remonen.fi\/WP\/wp-content\/uploads\/2016\/05\/Miehikkala_2016_kevat-15-200x300.jpg 200w, https:\/\/www.remonen.fi\/WP\/wp-content\/uploads\/2016\/05\/Miehikkala_2016_kevat-15-454x680.jpg 454w, https:\/\/www.remonen.fi\/WP\/wp-content\/uploads\/2016\/05\/Miehikkala_2016_kevat-15-768x1151.jpg 768w, https:\/\/www.remonen.fi\/WP\/wp-content\/uploads\/2016\/05\/Miehikkala_2016_kevat-15-683x1024.jpg 683w, https:\/\/www.remonen.fi\/WP\/wp-content\/uploads\/2016\/05\/Miehikkala_2016_kevat-15-440x659.jpg 440w, https:\/\/www.remonen.fi\/WP\/wp-content\/uploads\/2016\/05\/Miehikkala_2016_kevat-15-300x450.jpg 300w\" sizes=\"(max-width: 587px) 100vw, 587px\" \/><\/a><\/p>\n<p><a href=\"http:\/\/www.remonen.fi\/WP\/wp-content\/uploads\/2016\/05\/Miehikkala_2016_kevat-20.jpg\"><img loading=\"lazy\" decoding=\"async\" class=\"aligncenter wp-image-7703\" title=\"Aperture: &#402;\/5.6 | Credit: Matti Remonen | Camera: NIKON D810 | Taken: 29 toukokuun, 2016 | Copyright: (c) Matti Remonen | Flash fired: no | Focal length: 400mm | ISO: 640 | Shutter speed: 1\/800s | \" src=\"http:\/\/www.remonen.fi\/WP\/wp-content\/uploads\/2016\/05\/Miehikkala_2016_kevat-20.jpg\" alt=\"Miehikk\u00e4l\u00e4 orilaidun\" width=\"880\" height=\"587\" srcset=\"https:\/\/www.remonen.fi\/WP\/wp-content\/uploads\/2016\/05\/Miehikkala_2016_kevat-20.jpg 1280w, https:\/\/www.remonen.fi\/WP\/wp-content\/uploads\/2016\/05\/Miehikkala_2016_kevat-20-300x200.jpg 300w, https:\/\/www.remonen.fi\/WP\/wp-content\/uploads\/2016\/05\/Miehikkala_2016_kevat-20-680x454.jpg 680w, https:\/\/www.remonen.fi\/WP\/wp-content\/uploads\/2016\/05\/Miehikkala_2016_kevat-20-768x512.jpg 768w, https:\/\/www.remonen.fi\/WP\/wp-content\/uploads\/2016\/05\/Miehikkala_2016_kevat-20-1024x683.jpg 1024w, https:\/\/www.remonen.fi\/WP\/wp-content\/uploads\/2016\/05\/Miehikkala_2016_kevat-20-440x294.jpg 440w, https:\/\/www.remonen.fi\/WP\/wp-content\/uploads\/2016\/05\/Miehikkala_2016_kevat-20-960x641.jpg 960w\" sizes=\"(max-width: 880px) 100vw, 880px\" \/><\/a><\/p>\n<p>Ja kes\u00e4 kun on, niin rupeaahan sit\u00e4 romanssikin roihuamaan. Ah tuota nuorta poikarakkautta&#8230; ei puutu kuin Suomen Tomppa.<\/p>\n<p><a href=\"http:\/\/www.remonen.fi\/WP\/wp-content\/uploads\/2016\/05\/Miehikkala_2016_kevat-21.jpg\"><img loading=\"lazy\" decoding=\"async\" class=\"aligncenter wp-image-7702\" title=\"Aperture: &#402;\/5.6 | Credit: Matti Remonen | Camera: NIKON D810 | Taken: 29 toukokuun, 2016 | Copyright: (c) Matti Remonen | Flash fired: no | Focal length: 400mm | ISO: 280 | Shutter speed: 1\/800s | \" src=\"http:\/\/www.remonen.fi\/WP\/wp-content\/uploads\/2016\/05\/Miehikkala_2016_kevat-21.jpg\" alt=\"Miehikk\u00e4l\u00e4 orilaidun\" width=\"880\" height=\"587\" srcset=\"https:\/\/www.remonen.fi\/WP\/wp-content\/uploads\/2016\/05\/Miehikkala_2016_kevat-21.jpg 1280w, https:\/\/www.remonen.fi\/WP\/wp-content\/uploads\/2016\/05\/Miehikkala_2016_kevat-21-300x200.jpg 300w, https:\/\/www.remonen.fi\/WP\/wp-content\/uploads\/2016\/05\/Miehikkala_2016_kevat-21-680x454.jpg 680w, https:\/\/www.remonen.fi\/WP\/wp-content\/uploads\/2016\/05\/Miehikkala_2016_kevat-21-768x512.jpg 768w, https:\/\/www.remonen.fi\/WP\/wp-content\/uploads\/2016\/05\/Miehikkala_2016_kevat-21-1024x683.jpg 1024w, https:\/\/www.remonen.fi\/WP\/wp-content\/uploads\/2016\/05\/Miehikkala_2016_kevat-21-440x294.jpg 440w, https:\/\/www.remonen.fi\/WP\/wp-content\/uploads\/2016\/05\/Miehikkala_2016_kevat-21-960x641.jpg 960w\" sizes=\"(max-width: 880px) 100vw, 880px\" \/><\/a><\/p>\n<p><a href=\"http:\/\/www.remonen.fi\/WP\/wp-content\/uploads\/2016\/05\/Miehikkala_2016_kevat-18.jpg\"><img loading=\"lazy\" decoding=\"async\" class=\"aligncenter wp-image-7705\" title=\"Aperture: &#402;\/5.3 | Credit: Matti Remonen | Camera: NIKON D810 | Taken: 29 toukokuun, 2016 | Copyright: (c)www.remonen.fi | Flash fired: no | Focal length: 200mm | ISO: 250 | Shutter speed: 1\/400s | \" src=\"http:\/\/www.remonen.fi\/WP\/wp-content\/uploads\/2016\/05\/Miehikkala_2016_kevat-18.jpg\" alt=\"Miehikk\u00e4l\u00e4 orilaidun\" width=\"587\" height=\"880\" srcset=\"https:\/\/www.remonen.fi\/WP\/wp-content\/uploads\/2016\/05\/Miehikkala_2016_kevat-18.jpg 854w, https:\/\/www.remonen.fi\/WP\/wp-content\/uploads\/2016\/05\/Miehikkala_2016_kevat-18-200x300.jpg 200w, https:\/\/www.remonen.fi\/WP\/wp-content\/uploads\/2016\/05\/Miehikkala_2016_kevat-18-454x680.jpg 454w, https:\/\/www.remonen.fi\/WP\/wp-content\/uploads\/2016\/05\/Miehikkala_2016_kevat-18-768x1151.jpg 768w, https:\/\/www.remonen.fi\/WP\/wp-content\/uploads\/2016\/05\/Miehikkala_2016_kevat-18-683x1024.jpg 683w, https:\/\/www.remonen.fi\/WP\/wp-content\/uploads\/2016\/05\/Miehikkala_2016_kevat-18-440x659.jpg 440w, https:\/\/www.remonen.fi\/WP\/wp-content\/uploads\/2016\/05\/Miehikkala_2016_kevat-18-300x450.jpg 300w\" sizes=\"(max-width: 587px) 100vw, 587px\" \/><\/a>Sitten alkoikin olemaan aika laittaa pillit ja kamerat pussiin ja suunnata takaisin kohti sivistyst\u00e4.<\/p>\n<p>Orhia kurkki Nikon D810 + Nikkor AF-S 18-35\/3.5-4.5G + AF-S 70-200\/2.8G VRII + AF-S 80-400\/4.5-5.6G VRII<\/p>\n","protected":false},"excerpt":{"rendered":"<p>Koska hevosopiston tuntikehys on pienempi kuin amiksessa, niin hevoset p\u00e4\u00e4sev\u00e4t my\u00f6s lomille aikaisemmin kuin amislaiset. Siin\u00e4 miss\u00e4 teini painaa valkolakin p\u00e4\u00e4h\u00e4ns\u00e4 vasta tulevana viikonloppuna, pari-kolmivuotiaat orhit ovat jo viett\u00e4neet kes\u00e4lomaa viikon. T\u00e4ll\u00e4 kertaa olin seuraamassa lomallel\u00e4ht\u00f6\u00e4 oikein Suur-Miehikk\u00e4l\u00e4ss\u00e4. Edellinenh\u00e4n Suomessa suoritettu Suur- nimen sis\u00e4lt\u00e4nyt operaatiohan p\u00e4\u00e4ttyi, kuten kaikki tied\u00e4mme, Suomen hienoon toiseen sijaan ja turhista [&hellip;]<\/p>\n","protected":false},"author":2,"featured_media":7712,"comment_status":"open","ping_status":"closed","sticky":false,"template":"","format":"standard","meta":{"footnotes":""},"categories":[16],"tags":[276,278,277],"yoast_head":"<!-- This site is optimized with the Yoast SEO plugin v24.5 - https:\/\/yoast.com\/wordpress\/plugins\/seo\/ -->\n<title>Kes\u00e4leirille &#187; remonen.fi<\/title>\n<meta name=\"description\" content=\"Miehikk\u00e4l\u00e4 orivarsalaidun 2016 - orivarsojen laitumellelaskutilaisuus Suur-Miehikk\u00e4l\u00e4ss\u00e4 kev\u00e4\u00e4ll\u00e4 2016. Kuvia ja tarinaa tilaisuudesta.\" \/>\n<meta name=\"robots\" content=\"index, follow, max-snippet:-1, max-image-preview:large, max-video-preview:-1\" \/>\n<link rel=\"canonical\" href=\"https:\/\/www.remonen.fi\/WP\/blogi\/kesaleirille\/\" \/>\n<meta property=\"og:locale\" content=\"fi_FI\" \/>\n<meta property=\"og:type\" content=\"article\" \/>\n<meta property=\"og:title\" content=\"Kes\u00e4leirille &#187; remonen.fi\" \/>\n<meta property=\"og:description\" content=\"Miehikk\u00e4l\u00e4 orivarsalaidun 2016 - orivarsojen laitumellelaskutilaisuus Suur-Miehikk\u00e4l\u00e4ss\u00e4 kev\u00e4\u00e4ll\u00e4 2016. Kuvia ja tarinaa tilaisuudesta.\" \/>\n<meta property=\"og:url\" content=\"https:\/\/www.remonen.fi\/WP\/blogi\/kesaleirille\/\" \/>\n<meta property=\"og:site_name\" content=\"remonen.fi\" \/>\n<meta property=\"article:published_time\" content=\"2016-06-02T16:39:38+00:00\" \/>\n<meta property=\"og:image\" content=\"https:\/\/www.remonen.fi\/WP\/wp-content\/uploads\/2016\/05\/Miehikkala_2016_kevat-11.jpg\" \/>\n\t<meta property=\"og:image:width\" content=\"1280\" \/>\n\t<meta property=\"og:image:height\" content=\"854\" \/>\n\t<meta property=\"og:image:type\" content=\"image\/jpeg\" \/>\n<meta name=\"author\" content=\"Matti Remonen\" \/>\n<meta name=\"twitter:label1\" content=\"Kirjoittanut\" \/>\n\t<meta name=\"twitter:data1\" content=\"Matti Remonen\" \/>\n\t<meta name=\"twitter:label2\" content=\"Arvioitu lukuaika\" \/>\n\t<meta name=\"twitter:data2\" content=\"2 minuuttia\" \/>\n<script type=\"application\/ld+json\" class=\"yoast-schema-graph\">{\"@context\":\"https:\/\/schema.org\",\"@graph\":[{\"@type\":\"Article\",\"@id\":\"https:\/\/www.remonen.fi\/WP\/blogi\/kesaleirille\/#article\",\"isPartOf\":{\"@id\":\"https:\/\/www.remonen.fi\/WP\/blogi\/kesaleirille\/\"},\"author\":{\"name\":\"Matti Remonen\",\"@id\":\"https:\/\/www.remonen.fi\/WP\/#\/schema\/person\/1803c23d1d4f6722054eb2ac7f7a97cd\"},\"headline\":\"Kes\u00e4leirille\",\"datePublished\":\"2016-06-02T16:39:38+00:00\",\"mainEntityOfPage\":{\"@id\":\"https:\/\/www.remonen.fi\/WP\/blogi\/kesaleirille\/\"},\"wordCount\":397,\"commentCount\":0,\"publisher\":{\"@id\":\"https:\/\/www.remonen.fi\/WP\/#\/schema\/person\/1803c23d1d4f6722054eb2ac7f7a97cd\"},\"image\":{\"@id\":\"https:\/\/www.remonen.fi\/WP\/blogi\/kesaleirille\/#primaryimage\"},\"thumbnailUrl\":\"https:\/\/www.remonen.fi\/WP\/wp-content\/uploads\/2016\/05\/Miehikkala_2016_kevat-11.jpg\",\"keywords\":[\"Miehikk\u00e4l\u00e4\",\"Orilaidun\",\"Orivarsat\"],\"articleSection\":[\"Blog\"],\"inLanguage\":\"fi\",\"potentialAction\":[{\"@type\":\"CommentAction\",\"name\":\"Comment\",\"target\":[\"https:\/\/www.remonen.fi\/WP\/blogi\/kesaleirille\/#respond\"]}]},{\"@type\":\"WebPage\",\"@id\":\"https:\/\/www.remonen.fi\/WP\/blogi\/kesaleirille\/\",\"url\":\"https:\/\/www.remonen.fi\/WP\/blogi\/kesaleirille\/\",\"name\":\"Kes\u00e4leirille &#187; remonen.fi\",\"isPartOf\":{\"@id\":\"https:\/\/www.remonen.fi\/WP\/#website\"},\"primaryImageOfPage\":{\"@id\":\"https:\/\/www.remonen.fi\/WP\/blogi\/kesaleirille\/#primaryimage\"},\"image\":{\"@id\":\"https:\/\/www.remonen.fi\/WP\/blogi\/kesaleirille\/#primaryimage\"},\"thumbnailUrl\":\"https:\/\/www.remonen.fi\/WP\/wp-content\/uploads\/2016\/05\/Miehikkala_2016_kevat-11.jpg\",\"datePublished\":\"2016-06-02T16:39:38+00:00\",\"description\":\"Miehikk\u00e4l\u00e4 orivarsalaidun 2016 - orivarsojen laitumellelaskutilaisuus Suur-Miehikk\u00e4l\u00e4ss\u00e4 kev\u00e4\u00e4ll\u00e4 2016. Kuvia ja tarinaa tilaisuudesta.\",\"breadcrumb\":{\"@id\":\"https:\/\/www.remonen.fi\/WP\/blogi\/kesaleirille\/#breadcrumb\"},\"inLanguage\":\"fi\",\"potentialAction\":[{\"@type\":\"ReadAction\",\"target\":[\"https:\/\/www.remonen.fi\/WP\/blogi\/kesaleirille\/\"]}]},{\"@type\":\"ImageObject\",\"inLanguage\":\"fi\",\"@id\":\"https:\/\/www.remonen.fi\/WP\/blogi\/kesaleirille\/#primaryimage\",\"url\":\"https:\/\/www.remonen.fi\/WP\/wp-content\/uploads\/2016\/05\/Miehikkala_2016_kevat-11.jpg\",\"contentUrl\":\"https:\/\/www.remonen.fi\/WP\/wp-content\/uploads\/2016\/05\/Miehikkala_2016_kevat-11.jpg\",\"width\":1280,\"height\":854},{\"@type\":\"BreadcrumbList\",\"@id\":\"https:\/\/www.remonen.fi\/WP\/blogi\/kesaleirille\/#breadcrumb\",\"itemListElement\":[{\"@type\":\"ListItem\",\"position\":1,\"name\":\"Etusivu\",\"item\":\"https:\/\/www.remonen.fi\/WP\/\"},{\"@type\":\"ListItem\",\"position\":2,\"name\":\"Kes\u00e4leirille\"}]},{\"@type\":\"WebSite\",\"@id\":\"https:\/\/www.remonen.fi\/WP\/#website\",\"url\":\"https:\/\/www.remonen.fi\/WP\/\",\"name\":\"remonen.fi\",\"description\":\"Valokuvia ja tarinaa laidasta laitaan\",\"publisher\":{\"@id\":\"https:\/\/www.remonen.fi\/WP\/#\/schema\/person\/1803c23d1d4f6722054eb2ac7f7a97cd\"},\"potentialAction\":[{\"@type\":\"SearchAction\",\"target\":{\"@type\":\"EntryPoint\",\"urlTemplate\":\"https:\/\/www.remonen.fi\/WP\/?s={search_term_string}\"},\"query-input\":{\"@type\":\"PropertyValueSpecification\",\"valueRequired\":true,\"valueName\":\"search_term_string\"}}],\"inLanguage\":\"fi\"},{\"@type\":[\"Person\",\"Organization\"],\"@id\":\"https:\/\/www.remonen.fi\/WP\/#\/schema\/person\/1803c23d1d4f6722054eb2ac7f7a97cd\",\"name\":\"Matti Remonen\",\"logo\":{\"@id\":\"https:\/\/www.remonen.fi\/WP\/#\/schema\/person\/image\/\"},\"url\":\"https:\/\/www.remonen.fi\/WP\/blogi\/author\/mre\/\"}]}<\/script>\n<!-- \/ Yoast SEO plugin. -->","yoast_head_json":{"title":"Kes\u00e4leirille &#187; remonen.fi","description":"Miehikk\u00e4l\u00e4 orivarsalaidun 2016 - orivarsojen laitumellelaskutilaisuus Suur-Miehikk\u00e4l\u00e4ss\u00e4 kev\u00e4\u00e4ll\u00e4 2016. Kuvia ja tarinaa tilaisuudesta.","robots":{"index":"index","follow":"follow","max-snippet":"max-snippet:-1","max-image-preview":"max-image-preview:large","max-video-preview":"max-video-preview:-1"},"canonical":"https:\/\/www.remonen.fi\/WP\/blogi\/kesaleirille\/","og_locale":"fi_FI","og_type":"article","og_title":"Kes\u00e4leirille &#187; remonen.fi","og_description":"Miehikk\u00e4l\u00e4 orivarsalaidun 2016 - orivarsojen laitumellelaskutilaisuus Suur-Miehikk\u00e4l\u00e4ss\u00e4 kev\u00e4\u00e4ll\u00e4 2016. Kuvia ja tarinaa tilaisuudesta.","og_url":"https:\/\/www.remonen.fi\/WP\/blogi\/kesaleirille\/","og_site_name":"remonen.fi","article_published_time":"2016-06-02T16:39:38+00:00","og_image":[{"width":1280,"height":854,"url":"https:\/\/www.remonen.fi\/WP\/wp-content\/uploads\/2016\/05\/Miehikkala_2016_kevat-11.jpg","type":"image\/jpeg"}],"author":"Matti Remonen","twitter_misc":{"Kirjoittanut":"Matti Remonen","Arvioitu lukuaika":"2 minuuttia"},"schema":{"@context":"https:\/\/schema.org","@graph":[{"@type":"Article","@id":"https:\/\/www.remonen.fi\/WP\/blogi\/kesaleirille\/#article","isPartOf":{"@id":"https:\/\/www.remonen.fi\/WP\/blogi\/kesaleirille\/"},"author":{"name":"Matti Remonen","@id":"https:\/\/www.remonen.fi\/WP\/#\/schema\/person\/1803c23d1d4f6722054eb2ac7f7a97cd"},"headline":"Kes\u00e4leirille","datePublished":"2016-06-02T16:39:38+00:00","mainEntityOfPage":{"@id":"https:\/\/www.remonen.fi\/WP\/blogi\/kesaleirille\/"},"wordCount":397,"commentCount":0,"publisher":{"@id":"https:\/\/www.remonen.fi\/WP\/#\/schema\/person\/1803c23d1d4f6722054eb2ac7f7a97cd"},"image":{"@id":"https:\/\/www.remonen.fi\/WP\/blogi\/kesaleirille\/#primaryimage"},"thumbnailUrl":"https:\/\/www.remonen.fi\/WP\/wp-content\/uploads\/2016\/05\/Miehikkala_2016_kevat-11.jpg","keywords":["Miehikk\u00e4l\u00e4","Orilaidun","Orivarsat"],"articleSection":["Blog"],"inLanguage":"fi","potentialAction":[{"@type":"CommentAction","name":"Comment","target":["https:\/\/www.remonen.fi\/WP\/blogi\/kesaleirille\/#respond"]}]},{"@type":"WebPage","@id":"https:\/\/www.remonen.fi\/WP\/blogi\/kesaleirille\/","url":"https:\/\/www.remonen.fi\/WP\/blogi\/kesaleirille\/","name":"Kes\u00e4leirille &#187; remonen.fi","isPartOf":{"@id":"https:\/\/www.remonen.fi\/WP\/#website"},"primaryImageOfPage":{"@id":"https:\/\/www.remonen.fi\/WP\/blogi\/kesaleirille\/#primaryimage"},"image":{"@id":"https:\/\/www.remonen.fi\/WP\/blogi\/kesaleirille\/#primaryimage"},"thumbnailUrl":"https:\/\/www.remonen.fi\/WP\/wp-content\/uploads\/2016\/05\/Miehikkala_2016_kevat-11.jpg","datePublished":"2016-06-02T16:39:38+00:00","description":"Miehikk\u00e4l\u00e4 orivarsalaidun 2016 - orivarsojen laitumellelaskutilaisuus Suur-Miehikk\u00e4l\u00e4ss\u00e4 kev\u00e4\u00e4ll\u00e4 2016. Kuvia ja tarinaa tilaisuudesta.","breadcrumb":{"@id":"https:\/\/www.remonen.fi\/WP\/blogi\/kesaleirille\/#breadcrumb"},"inLanguage":"fi","potentialAction":[{"@type":"ReadAction","target":["https:\/\/www.remonen.fi\/WP\/blogi\/kesaleirille\/"]}]},{"@type":"ImageObject","inLanguage":"fi","@id":"https:\/\/www.remonen.fi\/WP\/blogi\/kesaleirille\/#primaryimage","url":"https:\/\/www.remonen.fi\/WP\/wp-content\/uploads\/2016\/05\/Miehikkala_2016_kevat-11.jpg","contentUrl":"https:\/\/www.remonen.fi\/WP\/wp-content\/uploads\/2016\/05\/Miehikkala_2016_kevat-11.jpg","width":1280,"height":854},{"@type":"BreadcrumbList","@id":"https:\/\/www.remonen.fi\/WP\/blogi\/kesaleirille\/#breadcrumb","itemListElement":[{"@type":"ListItem","position":1,"name":"Etusivu","item":"https:\/\/www.remonen.fi\/WP\/"},{"@type":"ListItem","position":2,"name":"Kes\u00e4leirille"}]},{"@type":"WebSite","@id":"https:\/\/www.remonen.fi\/WP\/#website","url":"https:\/\/www.remonen.fi\/WP\/","name":"remonen.fi","description":"Valokuvia ja tarinaa laidasta laitaan","publisher":{"@id":"https:\/\/www.remonen.fi\/WP\/#\/schema\/person\/1803c23d1d4f6722054eb2ac7f7a97cd"},"potentialAction":[{"@type":"SearchAction","target":{"@type":"EntryPoint","urlTemplate":"https:\/\/www.remonen.fi\/WP\/?s={search_term_string}"},"query-input":{"@type":"PropertyValueSpecification","valueRequired":true,"valueName":"search_term_string"}}],"inLanguage":"fi"},{"@type":["Person","Organization"],"@id":"https:\/\/www.remonen.fi\/WP\/#\/schema\/person\/1803c23d1d4f6722054eb2ac7f7a97cd","name":"Matti Remonen","logo":{"@id":"https:\/\/www.remonen.fi\/WP\/#\/schema\/person\/image\/"},"url":"https:\/\/www.remonen.fi\/WP\/blogi\/author\/mre\/"}]}},"_links":{"self":[{"href":"https:\/\/www.remonen.fi\/WP\/wp-json\/wp\/v2\/posts\/7724"}],"collection":[{"href":"https:\/\/www.remonen.fi\/WP\/wp-json\/wp\/v2\/posts"}],"about":[{"href":"https:\/\/www.remonen.fi\/WP\/wp-json\/wp\/v2\/types\/post"}],"author":[{"embeddable":true,"href":"https:\/\/www.remonen.fi\/WP\/wp-json\/wp\/v2\/users\/2"}],"replies":[{"embeddable":true,"href":"https:\/\/www.remonen.fi\/WP\/wp-json\/wp\/v2\/comments?post=7724"}],"version-history":[{"count":0,"href":"https:\/\/www.remonen.fi\/WP\/wp-json\/wp\/v2\/posts\/7724\/revisions"}],"wp:featuredmedia":[{"embeddable":true,"href":"https:\/\/www.remonen.fi\/WP\/wp-json\/wp\/v2\/media\/7712"}],"wp:attachment":[{"href":"https:\/\/www.remonen.fi\/WP\/wp-json\/wp\/v2\/media?parent=7724"}],"wp:term":[{"taxonomy":"category","embeddable":true,"href":"https:\/\/www.remonen.fi\/WP\/wp-json\/wp\/v2\/categories?post=7724"},{"taxonomy":"post_tag","embeddable":true,"href":"https:\/\/www.remonen.fi\/WP\/wp-json\/wp\/v2\/tags?post=7724"}],"curies":[{"name":"wp","href":"https:\/\/api.w.org\/{rel}","templated":true}]}}