{"id":7730,"date":"2016-06-04T16:55:44","date_gmt":"2016-06-04T13:55:44","guid":{"rendered":"http:\/\/www.remonen.fi\/?p=7730"},"modified":"2016-06-04T16:55:44","modified_gmt":"2016-06-04T13:55:44","slug":"kesa-kukkeimmillaan","status":"publish","type":"post","link":"https:\/\/www.remonen.fi\/WP\/blogi\/kesa-kukkeimmillaan\/","title":{"rendered":"Kes\u00e4 kukkeimmillaan"},"content":{"rendered":"<p>On taas aika kes\u00e4kukkapl\u00e4j\u00e4yksen. T\u00e4ll\u00e4 kertaa jo heti n\u00e4in kes\u00e4kuun alussa. Yleens\u00e4 olen t\u00e4m\u00e4 postannut l\u00e4hemp\u00e4n\u00e4 hein\u00e4kuuta, kun rhododendronit kukkivat, mutta nyt ne ovat jo t\u00e4ydess\u00e4 t\u00e4mmingiss\u00e4. Aiemmin muistaakseni olen k\u00e4ynyt noita kuvailemassa joskus Juhannuksen aikoihin. Mutta nyt piti menn\u00e4 kuvaamaan kes\u00e4kukkia jo t\u00e4ss\u00e4 vaiheessa.<\/p>\n<p><a href=\"http:\/\/www.remonen.fi\/WP\/wp-content\/uploads\/2016\/06\/kukat_2016-3.jpg\"><img loading=\"lazy\" decoding=\"async\" class=\"aligncenter wp-image-7738\" title=\"Aperture: &#402;\/2 | Credit: Matti Remonen | Camera: NIKON D810 | Taken: 4 kes\u00e4kuun, 2016 | Copyright: (c) Matti Remonen | Flash fired: no | Focal length: 135mm | ISO: 64 | Shutter speed: 1\/3200s | \" src=\"http:\/\/www.remonen.fi\/WP\/wp-content\/uploads\/2016\/06\/kukat_2016-3.jpg\" alt=\"Rhododendron\" width=\"880\" height=\"587\" srcset=\"https:\/\/www.remonen.fi\/WP\/wp-content\/uploads\/2016\/06\/kukat_2016-3.jpg 1280w, https:\/\/www.remonen.fi\/WP\/wp-content\/uploads\/2016\/06\/kukat_2016-3-300x200.jpg 300w, https:\/\/www.remonen.fi\/WP\/wp-content\/uploads\/2016\/06\/kukat_2016-3-680x454.jpg 680w, https:\/\/www.remonen.fi\/WP\/wp-content\/uploads\/2016\/06\/kukat_2016-3-768x512.jpg 768w, https:\/\/www.remonen.fi\/WP\/wp-content\/uploads\/2016\/06\/kukat_2016-3-1024x683.jpg 1024w, https:\/\/www.remonen.fi\/WP\/wp-content\/uploads\/2016\/06\/kukat_2016-3-440x294.jpg 440w, https:\/\/www.remonen.fi\/WP\/wp-content\/uploads\/2016\/06\/kukat_2016-3-960x641.jpg 960w\" sizes=\"(max-width: 880px) 100vw, 880px\" \/><\/a><\/p>\n<p>Jostain syyst\u00e4 joku on perustanut l\u00e4hes keskelle mets\u00e4\u00e4 rodopuiston. Vai onko se l\u00e4htenyt liikkeelle sitten yhdest\u00e4, jo ammoin jonkun huvilan pihalle istutetusta rodosta. Joka on sitten levinnyt, vaikka huvilasta on jo aika j\u00e4tt\u00e4nyt. En tied\u00e4, mutta varsin vieh\u00e4tt\u00e4v\u00e4 paikka tuo on ja rodotkin ovat sellaisia 2-3 metri\u00e4 korkeita.<\/p>\n<p><a href=\"http:\/\/www.remonen.fi\/WP\/wp-content\/uploads\/2016\/06\/kukat_2016-2.jpg\"><img loading=\"lazy\" decoding=\"async\" class=\"aligncenter wp-image-7737\" title=\"Aperture: &#402;\/2 | Credit: Matti Remonen | Camera: NIKON D810 | Taken: 4 kes\u00e4kuun, 2016 | Copyright: (c) Matti Remonen | Flash fired: no | Focal length: 135mm | ISO: 64 | Shutter speed: 1\/4000s | \" src=\"http:\/\/www.remonen.fi\/WP\/wp-content\/uploads\/2016\/06\/kukat_2016-2.jpg\" alt=\"Rhododendron\" width=\"587\" height=\"880\" srcset=\"https:\/\/www.remonen.fi\/WP\/wp-content\/uploads\/2016\/06\/kukat_2016-2.jpg 854w, https:\/\/www.remonen.fi\/WP\/wp-content\/uploads\/2016\/06\/kukat_2016-2-200x300.jpg 200w, https:\/\/www.remonen.fi\/WP\/wp-content\/uploads\/2016\/06\/kukat_2016-2-454x680.jpg 454w, https:\/\/www.remonen.fi\/WP\/wp-content\/uploads\/2016\/06\/kukat_2016-2-768x1151.jpg 768w, https:\/\/www.remonen.fi\/WP\/wp-content\/uploads\/2016\/06\/kukat_2016-2-683x1024.jpg 683w, https:\/\/www.remonen.fi\/WP\/wp-content\/uploads\/2016\/06\/kukat_2016-2-440x659.jpg 440w, https:\/\/www.remonen.fi\/WP\/wp-content\/uploads\/2016\/06\/kukat_2016-2-300x450.jpg 300w\" sizes=\"(max-width: 587px) 100vw, 587px\" \/><\/a><\/p>\n<p>Rodojen lis\u00e4ksi sitten vierailin l\u00e4heisell\u00e4 kasvimaalla, jossa meill\u00e4kin on sellainen aarin palsta. Vaimo siell\u00e4 viljelee kaikkea mansikasta valkosipuliin ja tietysti siell\u00e4 on marjapensaita sen verran, ett\u00e4 vuoden mehut saamme omalta maalta. Saisikohan tuohon EU-tukea?<\/p>\n<p><a href=\"http:\/\/www.remonen.fi\/WP\/wp-content\/uploads\/2016\/06\/kukat_2016-6.jpg\"><img loading=\"lazy\" decoding=\"async\" class=\"aligncenter wp-image-7734\" title=\"Aperture: &#402;\/3.5 | Credit: Matti Remonen | Camera: NIKON D810 | Taken: 4 kes\u00e4kuun, 2016 | Copyright: (c) Matti Remonen | Flash fired: no | Focal length: 105mm | ISO: 64 | Shutter speed: 1\/1000s | \" src=\"http:\/\/www.remonen.fi\/WP\/wp-content\/uploads\/2016\/06\/kukat_2016-6.jpg\" alt=\"kes\u00e4kukkia\" width=\"880\" height=\"587\" srcset=\"https:\/\/www.remonen.fi\/WP\/wp-content\/uploads\/2016\/06\/kukat_2016-6.jpg 1280w, https:\/\/www.remonen.fi\/WP\/wp-content\/uploads\/2016\/06\/kukat_2016-6-300x200.jpg 300w, https:\/\/www.remonen.fi\/WP\/wp-content\/uploads\/2016\/06\/kukat_2016-6-680x454.jpg 680w, https:\/\/www.remonen.fi\/WP\/wp-content\/uploads\/2016\/06\/kukat_2016-6-768x512.jpg 768w, https:\/\/www.remonen.fi\/WP\/wp-content\/uploads\/2016\/06\/kukat_2016-6-1024x683.jpg 1024w, https:\/\/www.remonen.fi\/WP\/wp-content\/uploads\/2016\/06\/kukat_2016-6-440x294.jpg 440w, https:\/\/www.remonen.fi\/WP\/wp-content\/uploads\/2016\/06\/kukat_2016-6-960x641.jpg 960w\" sizes=\"(max-width: 880px) 100vw, 880px\" \/><\/a><\/p>\n<p><a href=\"http:\/\/www.remonen.fi\/WP\/wp-content\/uploads\/2016\/06\/kukat_2016-1.jpg\"><img loading=\"lazy\" decoding=\"async\" class=\"aligncenter wp-image-7739\" title=\"Aperture: &#402;\/4.5 | Credit: Matti Remonen | Camera: NIKON D810 | Taken: 4 kes\u00e4kuun, 2016 | Copyright: (c) Matti Remonen | Flash fired: no | Focal length: 105mm | ISO: 64 | Shutter speed: 1\/400s | \" src=\"http:\/\/www.remonen.fi\/WP\/wp-content\/uploads\/2016\/06\/kukat_2016-1.jpg\" alt=\"Ruusu\" width=\"587\" height=\"880\" srcset=\"https:\/\/www.remonen.fi\/WP\/wp-content\/uploads\/2016\/06\/kukat_2016-1.jpg 854w, https:\/\/www.remonen.fi\/WP\/wp-content\/uploads\/2016\/06\/kukat_2016-1-200x300.jpg 200w, https:\/\/www.remonen.fi\/WP\/wp-content\/uploads\/2016\/06\/kukat_2016-1-454x680.jpg 454w, https:\/\/www.remonen.fi\/WP\/wp-content\/uploads\/2016\/06\/kukat_2016-1-768x1151.jpg 768w, https:\/\/www.remonen.fi\/WP\/wp-content\/uploads\/2016\/06\/kukat_2016-1-683x1024.jpg 683w, https:\/\/www.remonen.fi\/WP\/wp-content\/uploads\/2016\/06\/kukat_2016-1-440x659.jpg 440w, https:\/\/www.remonen.fi\/WP\/wp-content\/uploads\/2016\/06\/kukat_2016-1-300x450.jpg 300w\" sizes=\"(max-width: 587px) 100vw, 587px\" \/><\/a><\/p>\n<p><a href=\"http:\/\/www.remonen.fi\/WP\/wp-content\/uploads\/2016\/06\/kukat_2016-7.jpg\"><img loading=\"lazy\" decoding=\"async\" class=\"aligncenter wp-image-7733\" title=\"Aperture: &#402;\/3 | Credit: Matti Remonen | Camera: NIKON D810 | Taken: 4 kes\u00e4kuun, 2016 | Copyright: (c) Matti Remonen | Flash fired: no | Focal length: 105mm | ISO: 64 | Shutter speed: 1\/2000s | \" src=\"http:\/\/www.remonen.fi\/WP\/wp-content\/uploads\/2016\/06\/kukat_2016-7.jpg\" alt=\"P\u00e4iv\u00e4nkakkara\" width=\"880\" height=\"587\" srcset=\"https:\/\/www.remonen.fi\/WP\/wp-content\/uploads\/2016\/06\/kukat_2016-7.jpg 1280w, https:\/\/www.remonen.fi\/WP\/wp-content\/uploads\/2016\/06\/kukat_2016-7-300x200.jpg 300w, https:\/\/www.remonen.fi\/WP\/wp-content\/uploads\/2016\/06\/kukat_2016-7-680x454.jpg 680w, https:\/\/www.remonen.fi\/WP\/wp-content\/uploads\/2016\/06\/kukat_2016-7-768x512.jpg 768w, https:\/\/www.remonen.fi\/WP\/wp-content\/uploads\/2016\/06\/kukat_2016-7-1024x683.jpg 1024w, https:\/\/www.remonen.fi\/WP\/wp-content\/uploads\/2016\/06\/kukat_2016-7-440x294.jpg 440w, https:\/\/www.remonen.fi\/WP\/wp-content\/uploads\/2016\/06\/kukat_2016-7-960x641.jpg 960w\" sizes=\"(max-width: 880px) 100vw, 880px\" \/><\/a>Kuten joskus aiemminkin olen kirjoittanut, olen jostain syyst\u00e4 tyk\u00e4stynyt kukkien osalta &#8221;kelluviin&#8221; kuviin, jossa itse kukka on ter\u00e4v\u00e4, mutta tausta h\u00e4ipyy n\u00e4kyvist\u00e4. T\u00e4m\u00e4 edellytt\u00e4\u00e4 pitk\u00e4hk\u00f6\u00e4 polttov\u00e4li\u00e4 ja suurta aukkoa. Sen t\u00e4hden n\u00e4m\u00e4 t\u00e4m\u00e4nkertaiset kuvat onkin otettu 105\/2.8 ja 135\/2.0 -objektiiveilla.<\/p>\n<p><a href=\"http:\/\/www.remonen.fi\/WP\/wp-content\/uploads\/2016\/06\/kukat_2016-8.jpg\"><img loading=\"lazy\" decoding=\"async\" class=\"aligncenter wp-image-7732\" title=\"Aperture: &#402;\/3 | Credit: Matti Remonen | Camera: NIKON D810 | Taken: 4 kes\u00e4kuun, 2016 | Copyright: (c) Matti Remonen | Flash fired: no | Focal length: 105mm | ISO: 64 | Shutter speed: 1\/400s | \" src=\"http:\/\/www.remonen.fi\/WP\/wp-content\/uploads\/2016\/06\/kukat_2016-8.jpg\" alt=\"Leijonankita\" width=\"587\" height=\"880\" srcset=\"https:\/\/www.remonen.fi\/WP\/wp-content\/uploads\/2016\/06\/kukat_2016-8.jpg 854w, https:\/\/www.remonen.fi\/WP\/wp-content\/uploads\/2016\/06\/kukat_2016-8-200x300.jpg 200w, https:\/\/www.remonen.fi\/WP\/wp-content\/uploads\/2016\/06\/kukat_2016-8-454x680.jpg 454w, https:\/\/www.remonen.fi\/WP\/wp-content\/uploads\/2016\/06\/kukat_2016-8-768x1151.jpg 768w, https:\/\/www.remonen.fi\/WP\/wp-content\/uploads\/2016\/06\/kukat_2016-8-683x1024.jpg 683w, https:\/\/www.remonen.fi\/WP\/wp-content\/uploads\/2016\/06\/kukat_2016-8-440x659.jpg 440w, https:\/\/www.remonen.fi\/WP\/wp-content\/uploads\/2016\/06\/kukat_2016-8-300x450.jpg 300w\" sizes=\"(max-width: 587px) 100vw, 587px\" \/><\/a>Olen my\u00f6s tyk\u00e4stynyt kovin lupiineihin, vaikka onkin vieraslajike ja vie tilaa kotoper\u00e4isilt\u00e4, kuten horsmalta, Rentun ruusulta. Mist\u00e4 tiet\u00e4\u00e4, ett\u00e4 lupiini on vieraslajike? No, koittakaa itse: &#8221;Saat multa lupiinin, se Rentun ruusu on&#8221;. Ei soi, ei.<\/p>\n<p><a href=\"http:\/\/www.remonen.fi\/WP\/wp-content\/uploads\/2016\/06\/kukat_2016-9.jpg\"><img loading=\"lazy\" decoding=\"async\" class=\"aligncenter wp-image-7731\" title=\"Aperture: &#402;\/3.2 | Credit: Matti Remonen | Camera: NIKON D810 | Taken: 4 kes\u00e4kuun, 2016 | Copyright: (c) Matti Remonen | Flash fired: no | Focal length: 105mm | ISO: 64 | Shutter speed: 1\/500s | \" src=\"http:\/\/www.remonen.fi\/WP\/wp-content\/uploads\/2016\/06\/kukat_2016-9.jpg\" alt=\"Lupiini\" width=\"587\" height=\"880\" srcset=\"https:\/\/www.remonen.fi\/WP\/wp-content\/uploads\/2016\/06\/kukat_2016-9.jpg 854w, https:\/\/www.remonen.fi\/WP\/wp-content\/uploads\/2016\/06\/kukat_2016-9-200x300.jpg 200w, https:\/\/www.remonen.fi\/WP\/wp-content\/uploads\/2016\/06\/kukat_2016-9-454x680.jpg 454w, https:\/\/www.remonen.fi\/WP\/wp-content\/uploads\/2016\/06\/kukat_2016-9-768x1151.jpg 768w, https:\/\/www.remonen.fi\/WP\/wp-content\/uploads\/2016\/06\/kukat_2016-9-683x1024.jpg 683w, https:\/\/www.remonen.fi\/WP\/wp-content\/uploads\/2016\/06\/kukat_2016-9-440x659.jpg 440w, https:\/\/www.remonen.fi\/WP\/wp-content\/uploads\/2016\/06\/kukat_2016-9-300x450.jpg 300w\" sizes=\"(max-width: 587px) 100vw, 587px\" \/><\/a>T\u00e4mm\u00f6inen ylioppilasviikonlopun pl\u00e4j\u00e4ys. Katsotaan mit\u00e4 seuraavaksi&#8230;<\/p>\n<p>Kasvimaata tonki Nikon D810 + Micro-Nikkor AF-S 105\/2.8G VR + Nikkor AF-D 135\/2.0 DC<\/p>\n","protected":false},"excerpt":{"rendered":"<p>On taas aika kes\u00e4kukkapl\u00e4j\u00e4yksen. T\u00e4ll\u00e4 kertaa jo heti n\u00e4in kes\u00e4kuun alussa. Yleens\u00e4 olen t\u00e4m\u00e4 postannut l\u00e4hemp\u00e4n\u00e4 hein\u00e4kuuta, kun rhododendronit kukkivat, mutta nyt ne ovat jo t\u00e4ydess\u00e4 t\u00e4mmingiss\u00e4. Aiemmin muistaakseni olen k\u00e4ynyt noita kuvailemassa joskus Juhannuksen aikoihin. Mutta nyt piti menn\u00e4 kuvaamaan kes\u00e4kukkia jo t\u00e4ss\u00e4 vaiheessa. Jostain syyst\u00e4 joku on perustanut l\u00e4hes keskelle mets\u00e4\u00e4 rodopuiston. Vai [&hellip;]<\/p>\n","protected":false},"author":2,"featured_media":7738,"comment_status":"open","ping_status":"closed","sticky":false,"template":"","format":"standard","meta":{"footnotes":""},"categories":[16],"tags":[22,279,230],"yoast_head":"<!-- This site is optimized with the Yoast SEO plugin v24.5 - https:\/\/yoast.com\/wordpress\/plugins\/seo\/ -->\n<title>Kes\u00e4 kukkeimmillaan &#187; remonen.fi<\/title>\n<meta name=\"description\" content=\"Se on nyt sitten kesa alkanut ja kes\u00e4kukkia puskee joka suunnalta. Niit\u00e4 k\u00e4vin kuvailemassa l\u00e4heisell\u00e4 kasvimaalla ja Rodo-puistossa.\" \/>\n<meta name=\"robots\" content=\"index, follow, max-snippet:-1, max-image-preview:large, max-video-preview:-1\" \/>\n<link rel=\"canonical\" href=\"https:\/\/www.remonen.fi\/WP\/blogi\/kesa-kukkeimmillaan\/\" \/>\n<meta property=\"og:locale\" content=\"fi_FI\" \/>\n<meta property=\"og:type\" content=\"article\" \/>\n<meta property=\"og:title\" content=\"Kes\u00e4 kukkeimmillaan &#187; remonen.fi\" \/>\n<meta property=\"og:description\" content=\"Se on nyt sitten kesa alkanut ja kes\u00e4kukkia puskee joka suunnalta. Niit\u00e4 k\u00e4vin kuvailemassa l\u00e4heisell\u00e4 kasvimaalla ja Rodo-puistossa.\" \/>\n<meta property=\"og:url\" content=\"https:\/\/www.remonen.fi\/WP\/blogi\/kesa-kukkeimmillaan\/\" \/>\n<meta property=\"og:site_name\" content=\"remonen.fi\" \/>\n<meta property=\"article:published_time\" content=\"2016-06-04T13:55:44+00:00\" \/>\n<meta property=\"og:image\" content=\"https:\/\/www.remonen.fi\/WP\/wp-content\/uploads\/2016\/06\/kukat_2016-3.jpg\" \/>\n\t<meta property=\"og:image:width\" content=\"1280\" \/>\n\t<meta property=\"og:image:height\" content=\"854\" \/>\n\t<meta property=\"og:image:type\" content=\"image\/jpeg\" \/>\n<meta name=\"author\" content=\"Matti Remonen\" \/>\n<meta name=\"twitter:label1\" content=\"Kirjoittanut\" \/>\n\t<meta name=\"twitter:data1\" content=\"Matti Remonen\" \/>\n\t<meta name=\"twitter:label2\" content=\"Arvioitu lukuaika\" \/>\n\t<meta name=\"twitter:data2\" content=\"1 minuutti\" \/>\n<script type=\"application\/ld+json\" class=\"yoast-schema-graph\">{\"@context\":\"https:\/\/schema.org\",\"@graph\":[{\"@type\":\"Article\",\"@id\":\"https:\/\/www.remonen.fi\/WP\/blogi\/kesa-kukkeimmillaan\/#article\",\"isPartOf\":{\"@id\":\"https:\/\/www.remonen.fi\/WP\/blogi\/kesa-kukkeimmillaan\/\"},\"author\":{\"name\":\"Matti Remonen\",\"@id\":\"https:\/\/www.remonen.fi\/WP\/#\/schema\/person\/1803c23d1d4f6722054eb2ac7f7a97cd\"},\"headline\":\"Kes\u00e4 kukkeimmillaan\",\"datePublished\":\"2016-06-04T13:55:44+00:00\",\"mainEntityOfPage\":{\"@id\":\"https:\/\/www.remonen.fi\/WP\/blogi\/kesa-kukkeimmillaan\/\"},\"wordCount\":261,\"commentCount\":0,\"publisher\":{\"@id\":\"https:\/\/www.remonen.fi\/WP\/#\/schema\/person\/1803c23d1d4f6722054eb2ac7f7a97cd\"},\"image\":{\"@id\":\"https:\/\/www.remonen.fi\/WP\/blogi\/kesa-kukkeimmillaan\/#primaryimage\"},\"thumbnailUrl\":\"https:\/\/www.remonen.fi\/WP\/wp-content\/uploads\/2016\/06\/kukat_2016-3.jpg\",\"keywords\":[\"kasvimaa\",\"kes\u00e4kukkia\",\"Kukat\"],\"articleSection\":[\"Blog\"],\"inLanguage\":\"fi\",\"potentialAction\":[{\"@type\":\"CommentAction\",\"name\":\"Comment\",\"target\":[\"https:\/\/www.remonen.fi\/WP\/blogi\/kesa-kukkeimmillaan\/#respond\"]}]},{\"@type\":\"WebPage\",\"@id\":\"https:\/\/www.remonen.fi\/WP\/blogi\/kesa-kukkeimmillaan\/\",\"url\":\"https:\/\/www.remonen.fi\/WP\/blogi\/kesa-kukkeimmillaan\/\",\"name\":\"Kes\u00e4 kukkeimmillaan &#187; remonen.fi\",\"isPartOf\":{\"@id\":\"https:\/\/www.remonen.fi\/WP\/#website\"},\"primaryImageOfPage\":{\"@id\":\"https:\/\/www.remonen.fi\/WP\/blogi\/kesa-kukkeimmillaan\/#primaryimage\"},\"image\":{\"@id\":\"https:\/\/www.remonen.fi\/WP\/blogi\/kesa-kukkeimmillaan\/#primaryimage\"},\"thumbnailUrl\":\"https:\/\/www.remonen.fi\/WP\/wp-content\/uploads\/2016\/06\/kukat_2016-3.jpg\",\"datePublished\":\"2016-06-04T13:55:44+00:00\",\"description\":\"Se on nyt sitten kesa alkanut ja kes\u00e4kukkia puskee joka suunnalta. Niit\u00e4 k\u00e4vin kuvailemassa l\u00e4heisell\u00e4 kasvimaalla ja Rodo-puistossa.\",\"breadcrumb\":{\"@id\":\"https:\/\/www.remonen.fi\/WP\/blogi\/kesa-kukkeimmillaan\/#breadcrumb\"},\"inLanguage\":\"fi\",\"potentialAction\":[{\"@type\":\"ReadAction\",\"target\":[\"https:\/\/www.remonen.fi\/WP\/blogi\/kesa-kukkeimmillaan\/\"]}]},{\"@type\":\"ImageObject\",\"inLanguage\":\"fi\",\"@id\":\"https:\/\/www.remonen.fi\/WP\/blogi\/kesa-kukkeimmillaan\/#primaryimage\",\"url\":\"https:\/\/www.remonen.fi\/WP\/wp-content\/uploads\/2016\/06\/kukat_2016-3.jpg\",\"contentUrl\":\"https:\/\/www.remonen.fi\/WP\/wp-content\/uploads\/2016\/06\/kukat_2016-3.jpg\",\"width\":1280,\"height\":854,\"caption\":\"[exif id=\\\"7738\\\"]\"},{\"@type\":\"BreadcrumbList\",\"@id\":\"https:\/\/www.remonen.fi\/WP\/blogi\/kesa-kukkeimmillaan\/#breadcrumb\",\"itemListElement\":[{\"@type\":\"ListItem\",\"position\":1,\"name\":\"Etusivu\",\"item\":\"https:\/\/www.remonen.fi\/WP\/\"},{\"@type\":\"ListItem\",\"position\":2,\"name\":\"Kes\u00e4 kukkeimmillaan\"}]},{\"@type\":\"WebSite\",\"@id\":\"https:\/\/www.remonen.fi\/WP\/#website\",\"url\":\"https:\/\/www.remonen.fi\/WP\/\",\"name\":\"remonen.fi\",\"description\":\"Valokuvia ja tarinaa laidasta laitaan\",\"publisher\":{\"@id\":\"https:\/\/www.remonen.fi\/WP\/#\/schema\/person\/1803c23d1d4f6722054eb2ac7f7a97cd\"},\"potentialAction\":[{\"@type\":\"SearchAction\",\"target\":{\"@type\":\"EntryPoint\",\"urlTemplate\":\"https:\/\/www.remonen.fi\/WP\/?s={search_term_string}\"},\"query-input\":{\"@type\":\"PropertyValueSpecification\",\"valueRequired\":true,\"valueName\":\"search_term_string\"}}],\"inLanguage\":\"fi\"},{\"@type\":[\"Person\",\"Organization\"],\"@id\":\"https:\/\/www.remonen.fi\/WP\/#\/schema\/person\/1803c23d1d4f6722054eb2ac7f7a97cd\",\"name\":\"Matti Remonen\",\"logo\":{\"@id\":\"https:\/\/www.remonen.fi\/WP\/#\/schema\/person\/image\/\"},\"url\":\"https:\/\/www.remonen.fi\/WP\/blogi\/author\/mre\/\"}]}<\/script>\n<!-- \/ Yoast SEO plugin. -->","yoast_head_json":{"title":"Kes\u00e4 kukkeimmillaan &#187; remonen.fi","description":"Se on nyt sitten kesa alkanut ja kes\u00e4kukkia puskee joka suunnalta. Niit\u00e4 k\u00e4vin kuvailemassa l\u00e4heisell\u00e4 kasvimaalla ja Rodo-puistossa.","robots":{"index":"index","follow":"follow","max-snippet":"max-snippet:-1","max-image-preview":"max-image-preview:large","max-video-preview":"max-video-preview:-1"},"canonical":"https:\/\/www.remonen.fi\/WP\/blogi\/kesa-kukkeimmillaan\/","og_locale":"fi_FI","og_type":"article","og_title":"Kes\u00e4 kukkeimmillaan &#187; remonen.fi","og_description":"Se on nyt sitten kesa alkanut ja kes\u00e4kukkia puskee joka suunnalta. Niit\u00e4 k\u00e4vin kuvailemassa l\u00e4heisell\u00e4 kasvimaalla ja Rodo-puistossa.","og_url":"https:\/\/www.remonen.fi\/WP\/blogi\/kesa-kukkeimmillaan\/","og_site_name":"remonen.fi","article_published_time":"2016-06-04T13:55:44+00:00","og_image":[{"width":1280,"height":854,"url":"https:\/\/www.remonen.fi\/WP\/wp-content\/uploads\/2016\/06\/kukat_2016-3.jpg","type":"image\/jpeg"}],"author":"Matti Remonen","twitter_misc":{"Kirjoittanut":"Matti Remonen","Arvioitu lukuaika":"1 minuutti"},"schema":{"@context":"https:\/\/schema.org","@graph":[{"@type":"Article","@id":"https:\/\/www.remonen.fi\/WP\/blogi\/kesa-kukkeimmillaan\/#article","isPartOf":{"@id":"https:\/\/www.remonen.fi\/WP\/blogi\/kesa-kukkeimmillaan\/"},"author":{"name":"Matti Remonen","@id":"https:\/\/www.remonen.fi\/WP\/#\/schema\/person\/1803c23d1d4f6722054eb2ac7f7a97cd"},"headline":"Kes\u00e4 kukkeimmillaan","datePublished":"2016-06-04T13:55:44+00:00","mainEntityOfPage":{"@id":"https:\/\/www.remonen.fi\/WP\/blogi\/kesa-kukkeimmillaan\/"},"wordCount":261,"commentCount":0,"publisher":{"@id":"https:\/\/www.remonen.fi\/WP\/#\/schema\/person\/1803c23d1d4f6722054eb2ac7f7a97cd"},"image":{"@id":"https:\/\/www.remonen.fi\/WP\/blogi\/kesa-kukkeimmillaan\/#primaryimage"},"thumbnailUrl":"https:\/\/www.remonen.fi\/WP\/wp-content\/uploads\/2016\/06\/kukat_2016-3.jpg","keywords":["kasvimaa","kes\u00e4kukkia","Kukat"],"articleSection":["Blog"],"inLanguage":"fi","potentialAction":[{"@type":"CommentAction","name":"Comment","target":["https:\/\/www.remonen.fi\/WP\/blogi\/kesa-kukkeimmillaan\/#respond"]}]},{"@type":"WebPage","@id":"https:\/\/www.remonen.fi\/WP\/blogi\/kesa-kukkeimmillaan\/","url":"https:\/\/www.remonen.fi\/WP\/blogi\/kesa-kukkeimmillaan\/","name":"Kes\u00e4 kukkeimmillaan &#187; remonen.fi","isPartOf":{"@id":"https:\/\/www.remonen.fi\/WP\/#website"},"primaryImageOfPage":{"@id":"https:\/\/www.remonen.fi\/WP\/blogi\/kesa-kukkeimmillaan\/#primaryimage"},"image":{"@id":"https:\/\/www.remonen.fi\/WP\/blogi\/kesa-kukkeimmillaan\/#primaryimage"},"thumbnailUrl":"https:\/\/www.remonen.fi\/WP\/wp-content\/uploads\/2016\/06\/kukat_2016-3.jpg","datePublished":"2016-06-04T13:55:44+00:00","description":"Se on nyt sitten kesa alkanut ja kes\u00e4kukkia puskee joka suunnalta. Niit\u00e4 k\u00e4vin kuvailemassa l\u00e4heisell\u00e4 kasvimaalla ja Rodo-puistossa.","breadcrumb":{"@id":"https:\/\/www.remonen.fi\/WP\/blogi\/kesa-kukkeimmillaan\/#breadcrumb"},"inLanguage":"fi","potentialAction":[{"@type":"ReadAction","target":["https:\/\/www.remonen.fi\/WP\/blogi\/kesa-kukkeimmillaan\/"]}]},{"@type":"ImageObject","inLanguage":"fi","@id":"https:\/\/www.remonen.fi\/WP\/blogi\/kesa-kukkeimmillaan\/#primaryimage","url":"https:\/\/www.remonen.fi\/WP\/wp-content\/uploads\/2016\/06\/kukat_2016-3.jpg","contentUrl":"https:\/\/www.remonen.fi\/WP\/wp-content\/uploads\/2016\/06\/kukat_2016-3.jpg","width":1280,"height":854,"caption":"[exif id=\"7738\"]"},{"@type":"BreadcrumbList","@id":"https:\/\/www.remonen.fi\/WP\/blogi\/kesa-kukkeimmillaan\/#breadcrumb","itemListElement":[{"@type":"ListItem","position":1,"name":"Etusivu","item":"https:\/\/www.remonen.fi\/WP\/"},{"@type":"ListItem","position":2,"name":"Kes\u00e4 kukkeimmillaan"}]},{"@type":"WebSite","@id":"https:\/\/www.remonen.fi\/WP\/#website","url":"https:\/\/www.remonen.fi\/WP\/","name":"remonen.fi","description":"Valokuvia ja tarinaa laidasta laitaan","publisher":{"@id":"https:\/\/www.remonen.fi\/WP\/#\/schema\/person\/1803c23d1d4f6722054eb2ac7f7a97cd"},"potentialAction":[{"@type":"SearchAction","target":{"@type":"EntryPoint","urlTemplate":"https:\/\/www.remonen.fi\/WP\/?s={search_term_string}"},"query-input":{"@type":"PropertyValueSpecification","valueRequired":true,"valueName":"search_term_string"}}],"inLanguage":"fi"},{"@type":["Person","Organization"],"@id":"https:\/\/www.remonen.fi\/WP\/#\/schema\/person\/1803c23d1d4f6722054eb2ac7f7a97cd","name":"Matti Remonen","logo":{"@id":"https:\/\/www.remonen.fi\/WP\/#\/schema\/person\/image\/"},"url":"https:\/\/www.remonen.fi\/WP\/blogi\/author\/mre\/"}]}},"_links":{"self":[{"href":"https:\/\/www.remonen.fi\/WP\/wp-json\/wp\/v2\/posts\/7730"}],"collection":[{"href":"https:\/\/www.remonen.fi\/WP\/wp-json\/wp\/v2\/posts"}],"about":[{"href":"https:\/\/www.remonen.fi\/WP\/wp-json\/wp\/v2\/types\/post"}],"author":[{"embeddable":true,"href":"https:\/\/www.remonen.fi\/WP\/wp-json\/wp\/v2\/users\/2"}],"replies":[{"embeddable":true,"href":"https:\/\/www.remonen.fi\/WP\/wp-json\/wp\/v2\/comments?post=7730"}],"version-history":[{"count":0,"href":"https:\/\/www.remonen.fi\/WP\/wp-json\/wp\/v2\/posts\/7730\/revisions"}],"wp:featuredmedia":[{"embeddable":true,"href":"https:\/\/www.remonen.fi\/WP\/wp-json\/wp\/v2\/media\/7738"}],"wp:attachment":[{"href":"https:\/\/www.remonen.fi\/WP\/wp-json\/wp\/v2\/media?parent=7730"}],"wp:term":[{"taxonomy":"category","embeddable":true,"href":"https:\/\/www.remonen.fi\/WP\/wp-json\/wp\/v2\/categories?post=7730"},{"taxonomy":"post_tag","embeddable":true,"href":"https:\/\/www.remonen.fi\/WP\/wp-json\/wp\/v2\/tags?post=7730"}],"curies":[{"name":"wp","href":"https:\/\/api.w.org\/{rel}","templated":true}]}}