{"id":7745,"date":"2016-06-12T20:24:00","date_gmt":"2016-06-12T17:24:00","guid":{"rendered":"http:\/\/www.remonen.fi\/?p=7745"},"modified":"2016-06-12T20:24:00","modified_gmt":"2016-06-12T17:24:00","slug":"puudelit-puomilla","status":"publish","type":"post","link":"https:\/\/www.remonen.fi\/WP\/blogi\/puudelit-puomilla\/","title":{"rendered":"Puudelit puomilla"},"content":{"rendered":"<p>Sain eilen kauan (kolme viikkoa, mutta odottavan aika on pitk\u00e4) odottamani uuden kameran rungon, Nikon D500:n. Ja sit\u00e4h\u00e4n piti tietysti l\u00e4hte\u00e4 kokeilemaan. Koska kyse on l\u00e4hinn\u00e4 urheilu- tai lintukuvaukseen suunnattu runko, niin t\u00e4ll\u00e4 kertaa ei kannattanut suunnata kasvimaalle kuvaamaan kun nurmikko kasvaa. P\u00e4\u00e4tinkin suunnistaa Kivikon BMX-radalle josko siell\u00e4 olisi jotain toimintaa. No, kun sinne p\u00e4\u00e4sin, niin huomasin ett\u00e4 viereisell\u00e4 Agility-radalla olikin menossa kilpailut. Ja koska en tied\u00e4 <a href=\"https:\/\/fi.wikipedia.org\/wiki\/Agility\">Agilityst\u00e4 <\/a>tuon taivaallista, niin seh\u00e4n oli varsin otollinen kohde osoittaa erinomaisuuteni t\u00e4ll\u00e4(kin) saralla. N\u00e4ytt\u00e4v\u00e4t n\u00e4m\u00e4 minun kiinnostusalueet valikoituvan sen mukaan, ett\u00e4 mit\u00e4 v\u00e4hemm\u00e4n tiet\u00e4\u00e4, niin sit\u00e4 parempi.<\/p>\n<p><a href=\"http:\/\/www.remonen.fi\/WP\/wp-content\/uploads\/2016\/06\/agility_2016-3.jpg\"><img loading=\"lazy\" decoding=\"async\" class=\"aligncenter wp-image-7765\" title=\"Aperture: &#402;\/2.8 | Credit: Matti Remonen | Camera: NIKON D500 | Taken: 12 kes\u00e4kuun, 2016 | Copyright: (c) Matti Remonen | Focal length: 200mm | ISO: 100 | Keywords: Agility 2016, Tapahtumat | Shutter speed: 1\/1600s | \" src=\"http:\/\/www.remonen.fi\/WP\/wp-content\/uploads\/2016\/06\/agility_2016-3.jpg\" alt=\"Agility Kivikko\" width=\"880\" height=\"586\" srcset=\"https:\/\/www.remonen.fi\/WP\/wp-content\/uploads\/2016\/06\/agility_2016-3.jpg 1280w, https:\/\/www.remonen.fi\/WP\/wp-content\/uploads\/2016\/06\/agility_2016-3-300x200.jpg 300w, https:\/\/www.remonen.fi\/WP\/wp-content\/uploads\/2016\/06\/agility_2016-3-680x453.jpg 680w, https:\/\/www.remonen.fi\/WP\/wp-content\/uploads\/2016\/06\/agility_2016-3-768x512.jpg 768w, https:\/\/www.remonen.fi\/WP\/wp-content\/uploads\/2016\/06\/agility_2016-3-1024x682.jpg 1024w, https:\/\/www.remonen.fi\/WP\/wp-content\/uploads\/2016\/06\/agility_2016-3-440x293.jpg 440w, https:\/\/www.remonen.fi\/WP\/wp-content\/uploads\/2016\/06\/agility_2016-3-960x640.jpg 960w\" sizes=\"(max-width: 880px) 100vw, 880px\" \/><\/a><\/p>\n<p><a href=\"http:\/\/www.remonen.fi\/WP\/wp-content\/uploads\/2016\/06\/agility_2016-12.jpg\"><img loading=\"lazy\" decoding=\"async\" class=\"aligncenter wp-image-7756\" title=\"Aperture: &#402;\/2.8 | Credit: Matti Remonen | Camera: NIKON D500 | Taken: 12 kes\u00e4kuun, 2016 | Copyright: (c) Matti Remonen | Focal length: 160mm | ISO: 100 | Keywords: Agility 2016, Tapahtumat | Shutter speed: 1\/4000s | \" src=\"http:\/\/www.remonen.fi\/WP\/wp-content\/uploads\/2016\/06\/agility_2016-12.jpg\" alt=\"Agility Kivikko\" width=\"586\" height=\"880\" srcset=\"https:\/\/www.remonen.fi\/WP\/wp-content\/uploads\/2016\/06\/agility_2016-12.jpg 853w, https:\/\/www.remonen.fi\/WP\/wp-content\/uploads\/2016\/06\/agility_2016-12-200x300.jpg 200w, https:\/\/www.remonen.fi\/WP\/wp-content\/uploads\/2016\/06\/agility_2016-12-453x680.jpg 453w, https:\/\/www.remonen.fi\/WP\/wp-content\/uploads\/2016\/06\/agility_2016-12-768x1152.jpg 768w, https:\/\/www.remonen.fi\/WP\/wp-content\/uploads\/2016\/06\/agility_2016-12-682x1024.jpg 682w, https:\/\/www.remonen.fi\/WP\/wp-content\/uploads\/2016\/06\/agility_2016-12-440x660.jpg 440w, https:\/\/www.remonen.fi\/WP\/wp-content\/uploads\/2016\/06\/agility_2016-12-300x450.jpg 300w\" sizes=\"(max-width: 586px) 100vw, 586px\" \/><\/a><\/p>\n<p>Joopa, Kivikossa on <a href=\"http:\/\/www.ihah.net\/\">It\u00e4-Helsingin Agilityharrastajien<\/a> oma rata-alue, jossa siis kilpailut j\u00e4rjestettiin. Sarjoina oli nyt ainakin mini ja medium. J\u00e4lkimm\u00e4inen k\u00e4sitt\u00e4\u00e4kseni tarkoittaa Agilityss\u00e4 kokoa, ei kypsyysastetta. Ilmeisesti on sitten viel\u00e4 maksiluokkakin, jossa kisaavat todenn\u00e4k\u00f6sesti Tanskandogit ja muut hevosen kokoiset koirat. Mini ja medi -luokissa sen sijaan koirat ovat sellaista syli- ja perhekoirakokoa.<\/p>\n<p><a href=\"http:\/\/www.remonen.fi\/WP\/wp-content\/uploads\/2016\/06\/agility_2016-14.jpg\"><img loading=\"lazy\" decoding=\"async\" class=\"aligncenter wp-image-7754\" title=\"Aperture: &#402;\/2.8 | Credit: Matti Remonen | Camera: NIKON D500 | Taken: 12 kes\u00e4kuun, 2016 | Copyright: (c) Matti Remonen | Focal length: 200mm | ISO: 100 | Keywords: Agility 2016, Tapahtumat | Shutter speed: 1\/2000s | \" src=\"http:\/\/www.remonen.fi\/WP\/wp-content\/uploads\/2016\/06\/agility_2016-14.jpg\" alt=\"Agility Kivikko\" width=\"586\" height=\"880\" srcset=\"https:\/\/www.remonen.fi\/WP\/wp-content\/uploads\/2016\/06\/agility_2016-14.jpg 853w, https:\/\/www.remonen.fi\/WP\/wp-content\/uploads\/2016\/06\/agility_2016-14-200x300.jpg 200w, https:\/\/www.remonen.fi\/WP\/wp-content\/uploads\/2016\/06\/agility_2016-14-453x680.jpg 453w, https:\/\/www.remonen.fi\/WP\/wp-content\/uploads\/2016\/06\/agility_2016-14-768x1152.jpg 768w, https:\/\/www.remonen.fi\/WP\/wp-content\/uploads\/2016\/06\/agility_2016-14-682x1024.jpg 682w, https:\/\/www.remonen.fi\/WP\/wp-content\/uploads\/2016\/06\/agility_2016-14-440x660.jpg 440w, https:\/\/www.remonen.fi\/WP\/wp-content\/uploads\/2016\/06\/agility_2016-14-300x450.jpg 300w\" sizes=\"(max-width: 586px) 100vw, 586px\" \/><\/a><\/p>\n<p><a href=\"http:\/\/www.remonen.fi\/WP\/wp-content\/uploads\/2016\/06\/agility_2016-2.jpg\"><img loading=\"lazy\" decoding=\"async\" class=\"aligncenter wp-image-7766\" title=\"Aperture: &#402;\/2.8 | Credit: Matti Remonen | Camera: NIKON D500 | Taken: 12 kes\u00e4kuun, 2016 | Copyright: (c) Matti Remonen | Focal length: 145mm | ISO: 100 | Keywords: Agility 2016, Tapahtumat | Shutter speed: 1\/3200s | \" src=\"http:\/\/www.remonen.fi\/WP\/wp-content\/uploads\/2016\/06\/agility_2016-2.jpg\" alt=\"Agility Kivikko\" width=\"586\" height=\"880\" srcset=\"https:\/\/www.remonen.fi\/WP\/wp-content\/uploads\/2016\/06\/agility_2016-2.jpg 853w, https:\/\/www.remonen.fi\/WP\/wp-content\/uploads\/2016\/06\/agility_2016-2-200x300.jpg 200w, https:\/\/www.remonen.fi\/WP\/wp-content\/uploads\/2016\/06\/agility_2016-2-453x680.jpg 453w, https:\/\/www.remonen.fi\/WP\/wp-content\/uploads\/2016\/06\/agility_2016-2-768x1152.jpg 768w, https:\/\/www.remonen.fi\/WP\/wp-content\/uploads\/2016\/06\/agility_2016-2-682x1024.jpg 682w, https:\/\/www.remonen.fi\/WP\/wp-content\/uploads\/2016\/06\/agility_2016-2-440x660.jpg 440w, https:\/\/www.remonen.fi\/WP\/wp-content\/uploads\/2016\/06\/agility_2016-2-300x450.jpg 300w\" sizes=\"(max-width: 586px) 100vw, 586px\" \/><\/a><\/p>\n<p>Ihan alussa rata koostui hyp\u00e4tt\u00e4vist\u00e4 esteist\u00e4, putkista ja sitten parista kiivett\u00e4v\u00e4st\u00e4 h\u00e4kkyr\u00e4st\u00e4, joista toinen oli keinu. Varsin vauhdikasta oli meno, sit\u00e4 ei voi kielt\u00e4\u00e4. Rata oli 160m pitk\u00e4 ja maksimiaika oli jotain 45 sek luokkaa, joten siin\u00e4 sai rekku painaa syd\u00e4mens\u00e4 kyllyydest\u00e4 jos meinasi p\u00e4\u00e4st\u00e4 tuon alle. Ja samalla piti muistaa hyp\u00e4t\u00e4, juosta, kiivet\u00e4 &#8211; ja haukkua. Ja haukkuahan riitti. Mutta hauskaahan noilla n\u00e4ytti olevan.<\/p>\n<p><a href=\"http:\/\/www.remonen.fi\/WP\/wp-content\/uploads\/2016\/06\/agility_2016-7.jpg\"><img loading=\"lazy\" decoding=\"async\" class=\"aligncenter wp-image-7761\" title=\"Aperture: &#402;\/2.8 | Credit: Matti Remonen | Camera: NIKON D500 | Taken: 12 kes\u00e4kuun, 2016 | Copyright: (c) Matti Remonen | Focal length: 200mm | ISO: 100 | Keywords: Agility 2016, Tapahtumat | Shutter speed: 1\/3200s | \" src=\"http:\/\/www.remonen.fi\/WP\/wp-content\/uploads\/2016\/06\/agility_2016-7.jpg\" alt=\"Agility Kivikko\" width=\"586\" height=\"880\" srcset=\"https:\/\/www.remonen.fi\/WP\/wp-content\/uploads\/2016\/06\/agility_2016-7.jpg 853w, https:\/\/www.remonen.fi\/WP\/wp-content\/uploads\/2016\/06\/agility_2016-7-200x300.jpg 200w, https:\/\/www.remonen.fi\/WP\/wp-content\/uploads\/2016\/06\/agility_2016-7-453x680.jpg 453w, https:\/\/www.remonen.fi\/WP\/wp-content\/uploads\/2016\/06\/agility_2016-7-768x1152.jpg 768w, https:\/\/www.remonen.fi\/WP\/wp-content\/uploads\/2016\/06\/agility_2016-7-682x1024.jpg 682w, https:\/\/www.remonen.fi\/WP\/wp-content\/uploads\/2016\/06\/agility_2016-7-440x660.jpg 440w, https:\/\/www.remonen.fi\/WP\/wp-content\/uploads\/2016\/06\/agility_2016-7-300x450.jpg 300w\" sizes=\"(max-width: 586px) 100vw, 586px\" \/><\/a><\/p>\n<p><a href=\"http:\/\/www.remonen.fi\/WP\/wp-content\/uploads\/2016\/06\/agility_2016-8.jpg\"><img loading=\"lazy\" decoding=\"async\" class=\"aligncenter wp-image-7760\" title=\"Aperture: &#402;\/2.8 | Credit: Matti Remonen | Camera: NIKON D500 | Taken: 12 kes\u00e4kuun, 2016 | Copyright: (c) Matti Remonen | Focal length: 140mm | ISO: 100 | Keywords: Agility 2016, Tapahtumat | Shutter speed: 1\/4000s | \" src=\"http:\/\/www.remonen.fi\/WP\/wp-content\/uploads\/2016\/06\/agility_2016-8.jpg\" alt=\"Agility Kivikko\" width=\"586\" height=\"880\" srcset=\"https:\/\/www.remonen.fi\/WP\/wp-content\/uploads\/2016\/06\/agility_2016-8.jpg 853w, https:\/\/www.remonen.fi\/WP\/wp-content\/uploads\/2016\/06\/agility_2016-8-200x300.jpg 200w, https:\/\/www.remonen.fi\/WP\/wp-content\/uploads\/2016\/06\/agility_2016-8-453x680.jpg 453w, https:\/\/www.remonen.fi\/WP\/wp-content\/uploads\/2016\/06\/agility_2016-8-768x1152.jpg 768w, https:\/\/www.remonen.fi\/WP\/wp-content\/uploads\/2016\/06\/agility_2016-8-682x1024.jpg 682w, https:\/\/www.remonen.fi\/WP\/wp-content\/uploads\/2016\/06\/agility_2016-8-440x660.jpg 440w, https:\/\/www.remonen.fi\/WP\/wp-content\/uploads\/2016\/06\/agility_2016-8-300x450.jpg 300w\" sizes=\"(max-width: 586px) 100vw, 586px\" \/><\/a><\/p>\n<p>N\u00e4in ulkopuoliselle kaikkein hauskinta oli, kun ns. sylikoirina pit\u00e4m\u00e4ni haukut painoivat pitkin rataa niin ett\u00e4 turkki hulmusi. Ei meinaan jostain <a href=\"http:\/\/www.bichonfrisery.com\/\">Bichon Fris\u00e9st\u00e4<\/a> arvaisi ett\u00e4 millainen taskuraketti sen pumpulin alla piilee.<\/p>\n<p><a href=\"http:\/\/www.remonen.fi\/WP\/wp-content\/uploads\/2016\/06\/agility_2016-21.jpg\"><img loading=\"lazy\" decoding=\"async\" class=\"aligncenter wp-image-7748\" title=\"Aperture: &#402;\/4 | Credit: Matti Remonen | Camera: NIKON D500 | Taken: 12 kes\u00e4kuun, 2016 | Copyright: (c) Matti Remonen | Focal length: 195mm | ISO: 100 | Keywords: Agility 2016, Tapahtumat | Shutter speed: 1\/1250s | \" src=\"http:\/\/www.remonen.fi\/WP\/wp-content\/uploads\/2016\/06\/agility_2016-21.jpg\" alt=\"Agility Kivikko\" width=\"880\" height=\"586\" srcset=\"https:\/\/www.remonen.fi\/WP\/wp-content\/uploads\/2016\/06\/agility_2016-21.jpg 1280w, https:\/\/www.remonen.fi\/WP\/wp-content\/uploads\/2016\/06\/agility_2016-21-300x200.jpg 300w, https:\/\/www.remonen.fi\/WP\/wp-content\/uploads\/2016\/06\/agility_2016-21-680x453.jpg 680w, https:\/\/www.remonen.fi\/WP\/wp-content\/uploads\/2016\/06\/agility_2016-21-768x512.jpg 768w, https:\/\/www.remonen.fi\/WP\/wp-content\/uploads\/2016\/06\/agility_2016-21-1024x682.jpg 1024w, https:\/\/www.remonen.fi\/WP\/wp-content\/uploads\/2016\/06\/agility_2016-21-440x293.jpg 440w, https:\/\/www.remonen.fi\/WP\/wp-content\/uploads\/2016\/06\/agility_2016-21-960x640.jpg 960w\" sizes=\"(max-width: 880px) 100vw, 880px\" \/><\/a><\/p>\n<p><a href=\"http:\/\/www.remonen.fi\/WP\/wp-content\/uploads\/2016\/06\/agility_2016-4.jpg\"><img loading=\"lazy\" decoding=\"async\" class=\"aligncenter wp-image-7764\" title=\"Aperture: &#402;\/2.8 | Credit: Matti Remonen | Camera: NIKON D500 | Taken: 12 kes\u00e4kuun, 2016 | Copyright: (c) Matti Remonen | Focal length: 180mm | ISO: 100 | Keywords: Agility 2016, Tapahtumat | Shutter speed: 1\/2000s | \" src=\"http:\/\/www.remonen.fi\/WP\/wp-content\/uploads\/2016\/06\/agility_2016-4.jpg\" alt=\"Agility Kivikko\" width=\"879\" height=\"586\" srcset=\"https:\/\/www.remonen.fi\/WP\/wp-content\/uploads\/2016\/06\/agility_2016-4.jpg 1280w, https:\/\/www.remonen.fi\/WP\/wp-content\/uploads\/2016\/06\/agility_2016-4-300x200.jpg 300w, https:\/\/www.remonen.fi\/WP\/wp-content\/uploads\/2016\/06\/agility_2016-4-680x453.jpg 680w, https:\/\/www.remonen.fi\/WP\/wp-content\/uploads\/2016\/06\/agility_2016-4-768x512.jpg 768w, https:\/\/www.remonen.fi\/WP\/wp-content\/uploads\/2016\/06\/agility_2016-4-1024x682.jpg 1024w, https:\/\/www.remonen.fi\/WP\/wp-content\/uploads\/2016\/06\/agility_2016-4-440x293.jpg 440w, https:\/\/www.remonen.fi\/WP\/wp-content\/uploads\/2016\/06\/agility_2016-4-960x640.jpg 960w\" sizes=\"(max-width: 879px) 100vw, 879px\" \/><\/a><\/p>\n<p><a href=\"http:\/\/www.remonen.fi\/WP\/wp-content\/uploads\/2016\/06\/agility_2016-10.jpg\"><img loading=\"lazy\" decoding=\"async\" class=\"aligncenter wp-image-7758\" title=\"Aperture: &#402;\/2.8 | Credit: Matti Remonen | Camera: NIKON D500 | Taken: 12 kes\u00e4kuun, 2016 | Copyright: (c) Matti Remonen | Focal length: 122mm | ISO: 100 | Keywords: Agility 2016, Tapahtumat | Shutter speed: 1\/2000s | \" src=\"http:\/\/www.remonen.fi\/WP\/wp-content\/uploads\/2016\/06\/agility_2016-10.jpg\" alt=\"Agility Kivikko\" width=\"880\" height=\"586\" srcset=\"https:\/\/www.remonen.fi\/WP\/wp-content\/uploads\/2016\/06\/agility_2016-10.jpg 1280w, https:\/\/www.remonen.fi\/WP\/wp-content\/uploads\/2016\/06\/agility_2016-10-300x200.jpg 300w, https:\/\/www.remonen.fi\/WP\/wp-content\/uploads\/2016\/06\/agility_2016-10-680x453.jpg 680w, https:\/\/www.remonen.fi\/WP\/wp-content\/uploads\/2016\/06\/agility_2016-10-768x512.jpg 768w, https:\/\/www.remonen.fi\/WP\/wp-content\/uploads\/2016\/06\/agility_2016-10-1024x682.jpg 1024w, https:\/\/www.remonen.fi\/WP\/wp-content\/uploads\/2016\/06\/agility_2016-10-440x293.jpg 440w, https:\/\/www.remonen.fi\/WP\/wp-content\/uploads\/2016\/06\/agility_2016-10-960x640.jpg 960w\" sizes=\"(max-width: 880px) 100vw, 880px\" \/><\/a><\/p>\n<p>Sitten kun aamup\u00e4iv\u00e4n sarjat oli juostu, rataa muutettiin. Keinu ja A-este kannettiin pois ja tilalle tuotiin lis\u00e4\u00e4 hyp\u00e4tt\u00e4vi\u00e4 esteit\u00e4 ja putkia. Ja sitten taas juostiin. Ja hiekka p\u00f6llysi. Taisi kyll\u00e4 jokunen koira p\u00e4\u00e4st\u00e4 kotona suihkuun t\u00e4m\u00e4n p\u00e4iv\u00e4n p\u00e4\u00e4lle, kun tuolla p\u00f6llyss\u00e4 painoivat.<\/p>\n<p><a href=\"http:\/\/www.remonen.fi\/WP\/wp-content\/uploads\/2016\/06\/agility_2016-5.jpg\"><img loading=\"lazy\" decoding=\"async\" class=\"aligncenter wp-image-7763\" title=\"Aperture: &#402;\/2.8 | Credit: Matti Remonen | Camera: NIKON D500 | Taken: 12 kes\u00e4kuun, 2016 | Copyright: (c) Matti Remonen | Focal length: 200mm | ISO: 100 | Keywords: Agility 2016, Tapahtumat | Shutter speed: 1\/2500s | \" src=\"http:\/\/www.remonen.fi\/WP\/wp-content\/uploads\/2016\/06\/agility_2016-5.jpg\" alt=\"Agility Kivikko\" width=\"880\" height=\"586\" srcset=\"https:\/\/www.remonen.fi\/WP\/wp-content\/uploads\/2016\/06\/agility_2016-5.jpg 1280w, https:\/\/www.remonen.fi\/WP\/wp-content\/uploads\/2016\/06\/agility_2016-5-300x200.jpg 300w, https:\/\/www.remonen.fi\/WP\/wp-content\/uploads\/2016\/06\/agility_2016-5-680x453.jpg 680w, https:\/\/www.remonen.fi\/WP\/wp-content\/uploads\/2016\/06\/agility_2016-5-768x512.jpg 768w, https:\/\/www.remonen.fi\/WP\/wp-content\/uploads\/2016\/06\/agility_2016-5-1024x682.jpg 1024w, https:\/\/www.remonen.fi\/WP\/wp-content\/uploads\/2016\/06\/agility_2016-5-440x293.jpg 440w, https:\/\/www.remonen.fi\/WP\/wp-content\/uploads\/2016\/06\/agility_2016-5-960x640.jpg 960w\" sizes=\"(max-width: 880px) 100vw, 880px\" \/><\/a><\/p>\n<p><a href=\"http:\/\/www.remonen.fi\/WP\/wp-content\/uploads\/2016\/06\/agility_2016-9.jpg\"><img loading=\"lazy\" decoding=\"async\" class=\"aligncenter wp-image-7759\" title=\"Aperture: &#402;\/2.8 | Credit: Matti Remonen | Camera: NIKON D500 | Taken: 12 kes\u00e4kuun, 2016 | Copyright: (c) Matti Remonen | Focal length: 160mm | ISO: 100 | Keywords: Agility 2016, Tapahtumat | Shutter speed: 1\/2500s | \" src=\"http:\/\/www.remonen.fi\/WP\/wp-content\/uploads\/2016\/06\/agility_2016-9.jpg\" alt=\"Agility Kivikko\" width=\"880\" height=\"586\" srcset=\"https:\/\/www.remonen.fi\/WP\/wp-content\/uploads\/2016\/06\/agility_2016-9.jpg 1280w, https:\/\/www.remonen.fi\/WP\/wp-content\/uploads\/2016\/06\/agility_2016-9-300x200.jpg 300w, https:\/\/www.remonen.fi\/WP\/wp-content\/uploads\/2016\/06\/agility_2016-9-680x453.jpg 680w, https:\/\/www.remonen.fi\/WP\/wp-content\/uploads\/2016\/06\/agility_2016-9-768x512.jpg 768w, https:\/\/www.remonen.fi\/WP\/wp-content\/uploads\/2016\/06\/agility_2016-9-1024x682.jpg 1024w, https:\/\/www.remonen.fi\/WP\/wp-content\/uploads\/2016\/06\/agility_2016-9-440x293.jpg 440w, https:\/\/www.remonen.fi\/WP\/wp-content\/uploads\/2016\/06\/agility_2016-9-960x640.jpg 960w\" sizes=\"(max-width: 880px) 100vw, 880px\" \/><\/a><\/p>\n<p>Joo, mutta varsin mielenkiintoinen oli tuo kisa ja koko tilaisuus. Olisihan siell\u00e4 pidemp\u00e4\u00e4kin viihtynyt, mutta olin katsonut kalenterista v\u00e4\u00e4rin, ett\u00e4 on kes\u00e4 ja pukeutunut sen mukaan. Pois olivat j\u00e4\u00e4neet toppatakki, pitk\u00e4t housut ja hanskat. No, ensi kerralla sitten ymm\u00e4rt\u00e4\u00e4 pakata laskettelukamat vintille vasta Juhannuksen j\u00e4lkeen.<\/p>\n<p><a href=\"http:\/\/www.remonen.fi\/WP\/wp-content\/uploads\/2016\/06\/agility_2016-17.jpg\"><img loading=\"lazy\" decoding=\"async\" class=\"aligncenter wp-image-7751\" title=\"Aperture: &#402;\/2.8 | Credit: Matti Remonen | Camera: NIKON D500 | Taken: 12 kes\u00e4kuun, 2016 | Copyright: (c) Matti Remonen | Focal length: 190mm | ISO: 100 | Keywords: Agility 2016, Tapahtumat | Shutter speed: 1\/800s | \" src=\"http:\/\/www.remonen.fi\/WP\/wp-content\/uploads\/2016\/06\/agility_2016-17.jpg\" alt=\"Agility Kivikko\" width=\"880\" height=\"586\" srcset=\"https:\/\/www.remonen.fi\/WP\/wp-content\/uploads\/2016\/06\/agility_2016-17.jpg 1280w, https:\/\/www.remonen.fi\/WP\/wp-content\/uploads\/2016\/06\/agility_2016-17-300x200.jpg 300w, https:\/\/www.remonen.fi\/WP\/wp-content\/uploads\/2016\/06\/agility_2016-17-680x453.jpg 680w, https:\/\/www.remonen.fi\/WP\/wp-content\/uploads\/2016\/06\/agility_2016-17-768x512.jpg 768w, https:\/\/www.remonen.fi\/WP\/wp-content\/uploads\/2016\/06\/agility_2016-17-1024x682.jpg 1024w, https:\/\/www.remonen.fi\/WP\/wp-content\/uploads\/2016\/06\/agility_2016-17-440x293.jpg 440w, https:\/\/www.remonen.fi\/WP\/wp-content\/uploads\/2016\/06\/agility_2016-17-960x640.jpg 960w\" sizes=\"(max-width: 880px) 100vw, 880px\" \/><\/a><\/p>\n<p><code id=\"envira_shortcode_7768\">[envira-gallery id=\"7768\"]<\/code><\/p>\n<p>Koirien kanssa voimisteli Nikon D500 + Nikkor AF-S 70-200\/2.8G VRII<\/p>\n","protected":false},"excerpt":{"rendered":"<p>Sain eilen kauan (kolme viikkoa, mutta odottavan aika on pitk\u00e4) odottamani uuden kameran rungon, Nikon D500:n. Ja sit\u00e4h\u00e4n piti tietysti l\u00e4hte\u00e4 kokeilemaan. Koska kyse on l\u00e4hinn\u00e4 urheilu- tai lintukuvaukseen suunnattu runko, niin t\u00e4ll\u00e4 kertaa ei kannattanut suunnata kasvimaalle kuvaamaan kun nurmikko kasvaa. P\u00e4\u00e4tinkin suunnistaa Kivikon BMX-radalle josko siell\u00e4 olisi jotain toimintaa. No, kun sinne p\u00e4\u00e4sin, [&hellip;]<\/p>\n","protected":false},"author":2,"featured_media":7764,"comment_status":"open","ping_status":"closed","sticky":false,"template":"","format":"standard","meta":{"footnotes":""},"categories":[16],"tags":[280,282,281],"yoast_head":"<!-- This site is optimized with the Yoast SEO plugin v24.5 - https:\/\/yoast.com\/wordpress\/plugins\/seo\/ -->\n<title>Puudelit puomilla &#187; remonen.fi<\/title>\n<meta name=\"description\" content=\"Uuden Nikon D500-kameran testailua Kivikon Agility -radalla 12.6.2016. H\u00e4mm\u00e4styksekseni l\u00f6ysin itseni kuvailemasta siell\u00e4, vaikka piti menn\u00e4 ihan muualle.\" \/>\n<meta name=\"robots\" content=\"index, follow, max-snippet:-1, max-image-preview:large, max-video-preview:-1\" \/>\n<link rel=\"canonical\" href=\"https:\/\/www.remonen.fi\/WP\/blogi\/puudelit-puomilla\/\" \/>\n<meta property=\"og:locale\" content=\"fi_FI\" \/>\n<meta property=\"og:type\" content=\"article\" \/>\n<meta property=\"og:title\" content=\"Puudelit puomilla &#187; remonen.fi\" \/>\n<meta property=\"og:description\" content=\"Uuden Nikon D500-kameran testailua Kivikon Agility -radalla 12.6.2016. H\u00e4mm\u00e4styksekseni l\u00f6ysin itseni kuvailemasta siell\u00e4, vaikka piti menn\u00e4 ihan muualle.\" \/>\n<meta property=\"og:url\" content=\"https:\/\/www.remonen.fi\/WP\/blogi\/puudelit-puomilla\/\" \/>\n<meta property=\"og:site_name\" content=\"remonen.fi\" \/>\n<meta property=\"article:published_time\" content=\"2016-06-12T17:24:00+00:00\" \/>\n<meta property=\"og:image\" content=\"https:\/\/www.remonen.fi\/WP\/wp-content\/uploads\/2016\/06\/agility_2016-4.jpg\" \/>\n\t<meta property=\"og:image:width\" content=\"1280\" \/>\n\t<meta property=\"og:image:height\" content=\"853\" \/>\n\t<meta property=\"og:image:type\" content=\"image\/jpeg\" \/>\n<meta name=\"author\" content=\"Matti Remonen\" \/>\n<meta name=\"twitter:label1\" content=\"Kirjoittanut\" \/>\n\t<meta name=\"twitter:data1\" content=\"Matti Remonen\" \/>\n\t<meta name=\"twitter:label2\" content=\"Arvioitu lukuaika\" \/>\n\t<meta name=\"twitter:data2\" content=\"2 minuuttia\" \/>\n<script type=\"application\/ld+json\" class=\"yoast-schema-graph\">{\"@context\":\"https:\/\/schema.org\",\"@graph\":[{\"@type\":\"Article\",\"@id\":\"https:\/\/www.remonen.fi\/WP\/blogi\/puudelit-puomilla\/#article\",\"isPartOf\":{\"@id\":\"https:\/\/www.remonen.fi\/WP\/blogi\/puudelit-puomilla\/\"},\"author\":{\"name\":\"Matti Remonen\",\"@id\":\"https:\/\/www.remonen.fi\/WP\/#\/schema\/person\/1803c23d1d4f6722054eb2ac7f7a97cd\"},\"headline\":\"Puudelit puomilla\",\"datePublished\":\"2016-06-12T17:24:00+00:00\",\"mainEntityOfPage\":{\"@id\":\"https:\/\/www.remonen.fi\/WP\/blogi\/puudelit-puomilla\/\"},\"wordCount\":395,\"commentCount\":0,\"publisher\":{\"@id\":\"https:\/\/www.remonen.fi\/WP\/#\/schema\/person\/1803c23d1d4f6722054eb2ac7f7a97cd\"},\"image\":{\"@id\":\"https:\/\/www.remonen.fi\/WP\/blogi\/puudelit-puomilla\/#primaryimage\"},\"thumbnailUrl\":\"https:\/\/www.remonen.fi\/WP\/wp-content\/uploads\/2016\/06\/agility_2016-4.jpg\",\"keywords\":[\"Agility\",\"Kivikko\",\"Koirat\"],\"articleSection\":[\"Blog\"],\"inLanguage\":\"fi\",\"potentialAction\":[{\"@type\":\"CommentAction\",\"name\":\"Comment\",\"target\":[\"https:\/\/www.remonen.fi\/WP\/blogi\/puudelit-puomilla\/#respond\"]}]},{\"@type\":\"WebPage\",\"@id\":\"https:\/\/www.remonen.fi\/WP\/blogi\/puudelit-puomilla\/\",\"url\":\"https:\/\/www.remonen.fi\/WP\/blogi\/puudelit-puomilla\/\",\"name\":\"Puudelit puomilla &#187; remonen.fi\",\"isPartOf\":{\"@id\":\"https:\/\/www.remonen.fi\/WP\/#website\"},\"primaryImageOfPage\":{\"@id\":\"https:\/\/www.remonen.fi\/WP\/blogi\/puudelit-puomilla\/#primaryimage\"},\"image\":{\"@id\":\"https:\/\/www.remonen.fi\/WP\/blogi\/puudelit-puomilla\/#primaryimage\"},\"thumbnailUrl\":\"https:\/\/www.remonen.fi\/WP\/wp-content\/uploads\/2016\/06\/agility_2016-4.jpg\",\"datePublished\":\"2016-06-12T17:24:00+00:00\",\"description\":\"Uuden Nikon D500-kameran testailua Kivikon Agility -radalla 12.6.2016. H\u00e4mm\u00e4styksekseni l\u00f6ysin itseni kuvailemasta siell\u00e4, vaikka piti menn\u00e4 ihan muualle.\",\"breadcrumb\":{\"@id\":\"https:\/\/www.remonen.fi\/WP\/blogi\/puudelit-puomilla\/#breadcrumb\"},\"inLanguage\":\"fi\",\"potentialAction\":[{\"@type\":\"ReadAction\",\"target\":[\"https:\/\/www.remonen.fi\/WP\/blogi\/puudelit-puomilla\/\"]}]},{\"@type\":\"ImageObject\",\"inLanguage\":\"fi\",\"@id\":\"https:\/\/www.remonen.fi\/WP\/blogi\/puudelit-puomilla\/#primaryimage\",\"url\":\"https:\/\/www.remonen.fi\/WP\/wp-content\/uploads\/2016\/06\/agility_2016-4.jpg\",\"contentUrl\":\"https:\/\/www.remonen.fi\/WP\/wp-content\/uploads\/2016\/06\/agility_2016-4.jpg\",\"width\":1280,\"height\":853,\"caption\":\"[exif id=\\\"7764\\\"]\"},{\"@type\":\"BreadcrumbList\",\"@id\":\"https:\/\/www.remonen.fi\/WP\/blogi\/puudelit-puomilla\/#breadcrumb\",\"itemListElement\":[{\"@type\":\"ListItem\",\"position\":1,\"name\":\"Etusivu\",\"item\":\"https:\/\/www.remonen.fi\/WP\/\"},{\"@type\":\"ListItem\",\"position\":2,\"name\":\"Puudelit puomilla\"}]},{\"@type\":\"WebSite\",\"@id\":\"https:\/\/www.remonen.fi\/WP\/#website\",\"url\":\"https:\/\/www.remonen.fi\/WP\/\",\"name\":\"remonen.fi\",\"description\":\"Valokuvia ja tarinaa laidasta laitaan\",\"publisher\":{\"@id\":\"https:\/\/www.remonen.fi\/WP\/#\/schema\/person\/1803c23d1d4f6722054eb2ac7f7a97cd\"},\"potentialAction\":[{\"@type\":\"SearchAction\",\"target\":{\"@type\":\"EntryPoint\",\"urlTemplate\":\"https:\/\/www.remonen.fi\/WP\/?s={search_term_string}\"},\"query-input\":{\"@type\":\"PropertyValueSpecification\",\"valueRequired\":true,\"valueName\":\"search_term_string\"}}],\"inLanguage\":\"fi\"},{\"@type\":[\"Person\",\"Organization\"],\"@id\":\"https:\/\/www.remonen.fi\/WP\/#\/schema\/person\/1803c23d1d4f6722054eb2ac7f7a97cd\",\"name\":\"Matti Remonen\",\"logo\":{\"@id\":\"https:\/\/www.remonen.fi\/WP\/#\/schema\/person\/image\/\"},\"url\":\"https:\/\/www.remonen.fi\/WP\/blogi\/author\/mre\/\"}]}<\/script>\n<!-- \/ Yoast SEO plugin. -->","yoast_head_json":{"title":"Puudelit puomilla &#187; remonen.fi","description":"Uuden Nikon D500-kameran testailua Kivikon Agility -radalla 12.6.2016. H\u00e4mm\u00e4styksekseni l\u00f6ysin itseni kuvailemasta siell\u00e4, vaikka piti menn\u00e4 ihan muualle.","robots":{"index":"index","follow":"follow","max-snippet":"max-snippet:-1","max-image-preview":"max-image-preview:large","max-video-preview":"max-video-preview:-1"},"canonical":"https:\/\/www.remonen.fi\/WP\/blogi\/puudelit-puomilla\/","og_locale":"fi_FI","og_type":"article","og_title":"Puudelit puomilla &#187; remonen.fi","og_description":"Uuden Nikon D500-kameran testailua Kivikon Agility -radalla 12.6.2016. H\u00e4mm\u00e4styksekseni l\u00f6ysin itseni kuvailemasta siell\u00e4, vaikka piti menn\u00e4 ihan muualle.","og_url":"https:\/\/www.remonen.fi\/WP\/blogi\/puudelit-puomilla\/","og_site_name":"remonen.fi","article_published_time":"2016-06-12T17:24:00+00:00","og_image":[{"width":1280,"height":853,"url":"https:\/\/www.remonen.fi\/WP\/wp-content\/uploads\/2016\/06\/agility_2016-4.jpg","type":"image\/jpeg"}],"author":"Matti Remonen","twitter_misc":{"Kirjoittanut":"Matti Remonen","Arvioitu lukuaika":"2 minuuttia"},"schema":{"@context":"https:\/\/schema.org","@graph":[{"@type":"Article","@id":"https:\/\/www.remonen.fi\/WP\/blogi\/puudelit-puomilla\/#article","isPartOf":{"@id":"https:\/\/www.remonen.fi\/WP\/blogi\/puudelit-puomilla\/"},"author":{"name":"Matti Remonen","@id":"https:\/\/www.remonen.fi\/WP\/#\/schema\/person\/1803c23d1d4f6722054eb2ac7f7a97cd"},"headline":"Puudelit puomilla","datePublished":"2016-06-12T17:24:00+00:00","mainEntityOfPage":{"@id":"https:\/\/www.remonen.fi\/WP\/blogi\/puudelit-puomilla\/"},"wordCount":395,"commentCount":0,"publisher":{"@id":"https:\/\/www.remonen.fi\/WP\/#\/schema\/person\/1803c23d1d4f6722054eb2ac7f7a97cd"},"image":{"@id":"https:\/\/www.remonen.fi\/WP\/blogi\/puudelit-puomilla\/#primaryimage"},"thumbnailUrl":"https:\/\/www.remonen.fi\/WP\/wp-content\/uploads\/2016\/06\/agility_2016-4.jpg","keywords":["Agility","Kivikko","Koirat"],"articleSection":["Blog"],"inLanguage":"fi","potentialAction":[{"@type":"CommentAction","name":"Comment","target":["https:\/\/www.remonen.fi\/WP\/blogi\/puudelit-puomilla\/#respond"]}]},{"@type":"WebPage","@id":"https:\/\/www.remonen.fi\/WP\/blogi\/puudelit-puomilla\/","url":"https:\/\/www.remonen.fi\/WP\/blogi\/puudelit-puomilla\/","name":"Puudelit puomilla &#187; remonen.fi","isPartOf":{"@id":"https:\/\/www.remonen.fi\/WP\/#website"},"primaryImageOfPage":{"@id":"https:\/\/www.remonen.fi\/WP\/blogi\/puudelit-puomilla\/#primaryimage"},"image":{"@id":"https:\/\/www.remonen.fi\/WP\/blogi\/puudelit-puomilla\/#primaryimage"},"thumbnailUrl":"https:\/\/www.remonen.fi\/WP\/wp-content\/uploads\/2016\/06\/agility_2016-4.jpg","datePublished":"2016-06-12T17:24:00+00:00","description":"Uuden Nikon D500-kameran testailua Kivikon Agility -radalla 12.6.2016. H\u00e4mm\u00e4styksekseni l\u00f6ysin itseni kuvailemasta siell\u00e4, vaikka piti menn\u00e4 ihan muualle.","breadcrumb":{"@id":"https:\/\/www.remonen.fi\/WP\/blogi\/puudelit-puomilla\/#breadcrumb"},"inLanguage":"fi","potentialAction":[{"@type":"ReadAction","target":["https:\/\/www.remonen.fi\/WP\/blogi\/puudelit-puomilla\/"]}]},{"@type":"ImageObject","inLanguage":"fi","@id":"https:\/\/www.remonen.fi\/WP\/blogi\/puudelit-puomilla\/#primaryimage","url":"https:\/\/www.remonen.fi\/WP\/wp-content\/uploads\/2016\/06\/agility_2016-4.jpg","contentUrl":"https:\/\/www.remonen.fi\/WP\/wp-content\/uploads\/2016\/06\/agility_2016-4.jpg","width":1280,"height":853,"caption":"[exif id=\"7764\"]"},{"@type":"BreadcrumbList","@id":"https:\/\/www.remonen.fi\/WP\/blogi\/puudelit-puomilla\/#breadcrumb","itemListElement":[{"@type":"ListItem","position":1,"name":"Etusivu","item":"https:\/\/www.remonen.fi\/WP\/"},{"@type":"ListItem","position":2,"name":"Puudelit puomilla"}]},{"@type":"WebSite","@id":"https:\/\/www.remonen.fi\/WP\/#website","url":"https:\/\/www.remonen.fi\/WP\/","name":"remonen.fi","description":"Valokuvia ja tarinaa laidasta laitaan","publisher":{"@id":"https:\/\/www.remonen.fi\/WP\/#\/schema\/person\/1803c23d1d4f6722054eb2ac7f7a97cd"},"potentialAction":[{"@type":"SearchAction","target":{"@type":"EntryPoint","urlTemplate":"https:\/\/www.remonen.fi\/WP\/?s={search_term_string}"},"query-input":{"@type":"PropertyValueSpecification","valueRequired":true,"valueName":"search_term_string"}}],"inLanguage":"fi"},{"@type":["Person","Organization"],"@id":"https:\/\/www.remonen.fi\/WP\/#\/schema\/person\/1803c23d1d4f6722054eb2ac7f7a97cd","name":"Matti Remonen","logo":{"@id":"https:\/\/www.remonen.fi\/WP\/#\/schema\/person\/image\/"},"url":"https:\/\/www.remonen.fi\/WP\/blogi\/author\/mre\/"}]}},"_links":{"self":[{"href":"https:\/\/www.remonen.fi\/WP\/wp-json\/wp\/v2\/posts\/7745"}],"collection":[{"href":"https:\/\/www.remonen.fi\/WP\/wp-json\/wp\/v2\/posts"}],"about":[{"href":"https:\/\/www.remonen.fi\/WP\/wp-json\/wp\/v2\/types\/post"}],"author":[{"embeddable":true,"href":"https:\/\/www.remonen.fi\/WP\/wp-json\/wp\/v2\/users\/2"}],"replies":[{"embeddable":true,"href":"https:\/\/www.remonen.fi\/WP\/wp-json\/wp\/v2\/comments?post=7745"}],"version-history":[{"count":0,"href":"https:\/\/www.remonen.fi\/WP\/wp-json\/wp\/v2\/posts\/7745\/revisions"}],"wp:featuredmedia":[{"embeddable":true,"href":"https:\/\/www.remonen.fi\/WP\/wp-json\/wp\/v2\/media\/7764"}],"wp:attachment":[{"href":"https:\/\/www.remonen.fi\/WP\/wp-json\/wp\/v2\/media?parent=7745"}],"wp:term":[{"taxonomy":"category","embeddable":true,"href":"https:\/\/www.remonen.fi\/WP\/wp-json\/wp\/v2\/categories?post=7745"},{"taxonomy":"post_tag","embeddable":true,"href":"https:\/\/www.remonen.fi\/WP\/wp-json\/wp\/v2\/tags?post=7745"}],"curies":[{"name":"wp","href":"https:\/\/api.w.org\/{rel}","templated":true}]}}