{"id":7832,"date":"2016-06-28T21:25:14","date_gmt":"2016-06-28T18:25:14","guid":{"rendered":"http:\/\/www.remonen.fi\/?p=7832"},"modified":"2016-06-30T17:30:45","modified_gmt":"2016-06-30T14:30:45","slug":"kitesurf-kallvik","status":"publish","type":"post","link":"https:\/\/www.remonen.fi\/WP\/blogi\/kitesurf-kallvik\/","title":{"rendered":"Kitesurf Kallvik"},"content":{"rendered":"<p><a href=\"http:\/\/www.remonen.fi\/WP\/wp-content\/uploads\/2016\/06\/kitesurfing_062016-12.jpg\"><img loading=\"lazy\" decoding=\"async\" class=\"aligncenter wp-image-7836\" src=\"http:\/\/www.remonen.fi\/WP\/wp-content\/uploads\/2016\/06\/kitesurfing_062016-12.jpg\" alt=\"Kitesurfing Kallvik\" width=\"880\" height=\"326\" srcset=\"https:\/\/www.remonen.fi\/WP\/wp-content\/uploads\/2016\/06\/kitesurfing_062016-12.jpg 1280w, https:\/\/www.remonen.fi\/WP\/wp-content\/uploads\/2016\/06\/kitesurfing_062016-12-300x111.jpg 300w, https:\/\/www.remonen.fi\/WP\/wp-content\/uploads\/2016\/06\/kitesurfing_062016-12-680x252.jpg 680w, https:\/\/www.remonen.fi\/WP\/wp-content\/uploads\/2016\/06\/kitesurfing_062016-12-768x284.jpg 768w, https:\/\/www.remonen.fi\/WP\/wp-content\/uploads\/2016\/06\/kitesurfing_062016-12-1024x379.jpg 1024w, https:\/\/www.remonen.fi\/WP\/wp-content\/uploads\/2016\/06\/kitesurfing_062016-12-440x163.jpg 440w, https:\/\/www.remonen.fi\/WP\/wp-content\/uploads\/2016\/06\/kitesurfing_062016-12-960x356.jpg 960w\" sizes=\"(max-width: 880px) 100vw, 880px\" \/><\/a>Oli sen verran kaunis p\u00e4iv\u00e4 taas tiistaina, ett\u00e4 jotain piti keksi\u00e4. Vaihtoehtoina oli joko l\u00e4hte\u00e4 fillarilenkille tai sitten koittaa tyynnytt\u00e4\u00e4 omatunto jollain ns. j\u00e4rkev\u00e4mm\u00e4ll\u00e4. Aikani siin\u00e4 sohvalla maatessa mieleen putkahti, jottako <a href=\"https:\/\/fi.wikipedia.org\/wiki\/Kallahti\">Kallvikissa <\/a>olisi leijasurffaajia paikalla. Samalla tulisi viel\u00e4 reenailtua kameraa viikonlopun koitoksia varten.<\/p>\n<p><a href=\"http:\/\/www.remonen.fi\/WP\/wp-content\/uploads\/2016\/06\/kitesurfing_062016-14.jpg\"><img loading=\"lazy\" decoding=\"async\" class=\"aligncenter wp-image-7834\" title=\"Aperture: &#402;\/4 | Credit: Matti Remonen | Camera: NIKON D500 | Taken: 28 kes\u00e4kuun, 2016 | Copyright: (c) Matti Remonen | Focal length: 145mm | ISO: 280 | Shutter speed: 1\/5000s | \" src=\"http:\/\/www.remonen.fi\/WP\/wp-content\/uploads\/2016\/06\/kitesurfing_062016-14.jpg\" alt=\"Kallvik\" width=\"880\" height=\"586\" srcset=\"https:\/\/www.remonen.fi\/WP\/wp-content\/uploads\/2016\/06\/kitesurfing_062016-14.jpg 1280w, https:\/\/www.remonen.fi\/WP\/wp-content\/uploads\/2016\/06\/kitesurfing_062016-14-300x200.jpg 300w, https:\/\/www.remonen.fi\/WP\/wp-content\/uploads\/2016\/06\/kitesurfing_062016-14-680x453.jpg 680w, https:\/\/www.remonen.fi\/WP\/wp-content\/uploads\/2016\/06\/kitesurfing_062016-14-768x512.jpg 768w, https:\/\/www.remonen.fi\/WP\/wp-content\/uploads\/2016\/06\/kitesurfing_062016-14-1024x682.jpg 1024w, https:\/\/www.remonen.fi\/WP\/wp-content\/uploads\/2016\/06\/kitesurfing_062016-14-440x293.jpg 440w, https:\/\/www.remonen.fi\/WP\/wp-content\/uploads\/2016\/06\/kitesurfing_062016-14-960x640.jpg 960w\" sizes=\"(max-width: 880px) 100vw, 880px\" \/><\/a>Pakkasinkin kameran ja parit putket reppuun ja ajoin Kallvikiin. Laiskuuttani autolla&#8230; Eik\u00e4 mulla olekaan sellaista reppua miss\u00e4 kamera kulkisi fillarin kanssa vaivattomasti. Tai n\u00e4in itselleni vakuutin.<\/p>\n<p><a href=\"http:\/\/www.remonen.fi\/WP\/wp-content\/uploads\/2016\/06\/kitesurfing_062016-10.jpg\"><img loading=\"lazy\" decoding=\"async\" class=\"aligncenter wp-image-7839\" title=\"Aperture: &#402;\/4 | Credit: Matti Remonen | Camera: NIKON D500 | Taken: 28 kes\u00e4kuun, 2016 | Copyright: (c) Matti Remonen | Focal length: 24mm | ISO: 100 | Shutter speed: 1\/640s | \" src=\"http:\/\/www.remonen.fi\/WP\/wp-content\/uploads\/2016\/06\/kitesurfing_062016-10.jpg\" alt=\"Kitesurfing Kallvik\" width=\"880\" height=\"586\" srcset=\"https:\/\/www.remonen.fi\/WP\/wp-content\/uploads\/2016\/06\/kitesurfing_062016-10.jpg 1280w, https:\/\/www.remonen.fi\/WP\/wp-content\/uploads\/2016\/06\/kitesurfing_062016-10-300x200.jpg 300w, https:\/\/www.remonen.fi\/WP\/wp-content\/uploads\/2016\/06\/kitesurfing_062016-10-680x453.jpg 680w, https:\/\/www.remonen.fi\/WP\/wp-content\/uploads\/2016\/06\/kitesurfing_062016-10-768x512.jpg 768w, https:\/\/www.remonen.fi\/WP\/wp-content\/uploads\/2016\/06\/kitesurfing_062016-10-1024x682.jpg 1024w, https:\/\/www.remonen.fi\/WP\/wp-content\/uploads\/2016\/06\/kitesurfing_062016-10-440x293.jpg 440w, https:\/\/www.remonen.fi\/WP\/wp-content\/uploads\/2016\/06\/kitesurfing_062016-10-960x640.jpg 960w\" sizes=\"(max-width: 880px) 100vw, 880px\" \/><\/a><\/p>\n<p>Kallvikissahan oli meno kuumimmillaan. Rannalla joku heebo paisteli lehm\u00e4nsorkkia ja meren puolella <a href=\"https:\/\/sites.google.com\/site\/kallviksurf\/\">Kallvikin Kitesurffaajat<\/a> vetiv\u00e4t ristiin rastiin. My\u00f6s muutama auringonottaja\/uimari oli eksynyt paikalle, mutta yll\u00e4tt\u00e4v\u00e4n v\u00e4h\u00e4n heit\u00e4 kuitenkin tuolla oli. Yleens\u00e4 Kallvikin uimaranta on ihan tukossa n\u00e4in kauniina p\u00e4iv\u00e4n\u00e4. Varsinkin kun ranta on niin matala, ett\u00e4 vesi on l\u00e4mmint\u00e4 jos v\u00e4h\u00e4nk\u00e4\u00e4n paistaa.<\/p>\n<div class=\"one_half \"><a href=\"http:\/\/www.remonen.fi\/WP\/wp-content\/uploads\/2016\/06\/kitesurfing_062016-2.jpg\"><img loading=\"lazy\" decoding=\"async\" class=\"aligncenter wp-image-7847\" title=\"Aperture: &#402;\/2.8 | Credit: Matti Remonen | Camera: NIKON D500 | Taken: 28 kes\u00e4kuun, 2016 | Copyright: (c) Matti Remonen | Focal length: 70mm | ISO: 100 | Shutter speed: 1\/640s | \" src=\"http:\/\/www.remonen.fi\/WP\/wp-content\/uploads\/2016\/06\/kitesurfing_062016-2.jpg\" alt=\"Kitesurfing Kallvik\" width=\"586\" height=\"880\" srcset=\"https:\/\/www.remonen.fi\/WP\/wp-content\/uploads\/2016\/06\/kitesurfing_062016-2.jpg 853w, https:\/\/www.remonen.fi\/WP\/wp-content\/uploads\/2016\/06\/kitesurfing_062016-2-200x300.jpg 200w, https:\/\/www.remonen.fi\/WP\/wp-content\/uploads\/2016\/06\/kitesurfing_062016-2-453x680.jpg 453w, https:\/\/www.remonen.fi\/WP\/wp-content\/uploads\/2016\/06\/kitesurfing_062016-2-768x1152.jpg 768w, https:\/\/www.remonen.fi\/WP\/wp-content\/uploads\/2016\/06\/kitesurfing_062016-2-682x1024.jpg 682w, https:\/\/www.remonen.fi\/WP\/wp-content\/uploads\/2016\/06\/kitesurfing_062016-2-440x660.jpg 440w, https:\/\/www.remonen.fi\/WP\/wp-content\/uploads\/2016\/06\/kitesurfing_062016-2-300x450.jpg 300w\" sizes=\"(max-width: 586px) 100vw, 586px\" \/><\/a><\/div>\n<div class=\"one_half last \"><a href=\"http:\/\/www.remonen.fi\/WP\/wp-content\/uploads\/2016\/06\/kitesurfing_062016-6.jpg\"><img loading=\"lazy\" decoding=\"async\" class=\"aligncenter wp-image-7849\" title=\"Aperture: &#402;\/2.8 | Credit: Matti Remonen | Camera: NIKON D500 | Taken: 28 kes\u00e4kuun, 2016 | Copyright: (c) Matti Remonen | Focal length: 200mm | ISO: 100 | Keywords: Kitesurfing, Tapahtumat | Shutter speed: 1\/640s | \" src=\"http:\/\/www.remonen.fi\/WP\/wp-content\/uploads\/2016\/06\/kitesurfing_062016-6.jpg\" alt=\"Kitesurfing Kallvik\" width=\"586\" height=\"880\" srcset=\"https:\/\/www.remonen.fi\/WP\/wp-content\/uploads\/2016\/06\/kitesurfing_062016-6.jpg 853w, https:\/\/www.remonen.fi\/WP\/wp-content\/uploads\/2016\/06\/kitesurfing_062016-6-200x300.jpg 200w, https:\/\/www.remonen.fi\/WP\/wp-content\/uploads\/2016\/06\/kitesurfing_062016-6-453x680.jpg 453w, https:\/\/www.remonen.fi\/WP\/wp-content\/uploads\/2016\/06\/kitesurfing_062016-6-768x1152.jpg 768w, https:\/\/www.remonen.fi\/WP\/wp-content\/uploads\/2016\/06\/kitesurfing_062016-6-682x1024.jpg 682w, https:\/\/www.remonen.fi\/WP\/wp-content\/uploads\/2016\/06\/kitesurfing_062016-6-440x660.jpg 440w, https:\/\/www.remonen.fi\/WP\/wp-content\/uploads\/2016\/06\/kitesurfing_062016-6-300x450.jpg 300w\" sizes=\"(max-width: 586px) 100vw, 586px\" \/><\/a><\/div>\n<p><br class=\"clear\"\/><\/p>\n<p><a href=\"http:\/\/www.remonen.fi\/WP\/wp-content\/uploads\/2016\/06\/kitesurfing_062016-7.jpg\"><img loading=\"lazy\" decoding=\"async\" class=\"aligncenter wp-image-7842\" title=\"Aperture: &#402;\/4 | Credit: Matti Remonen | Camera: NIKON D500 | Taken: 28 kes\u00e4kuun, 2016 | Copyright: (c) Matti Remonen | Focal length: 70mm | ISO: 100 | Shutter speed: 1\/640s | \" src=\"http:\/\/www.remonen.fi\/WP\/wp-content\/uploads\/2016\/06\/kitesurfing_062016-7.jpg\" alt=\"Kitesurfing Kallvik\" width=\"880\" height=\"586\" srcset=\"https:\/\/www.remonen.fi\/WP\/wp-content\/uploads\/2016\/06\/kitesurfing_062016-7.jpg 1280w, https:\/\/www.remonen.fi\/WP\/wp-content\/uploads\/2016\/06\/kitesurfing_062016-7-300x200.jpg 300w, https:\/\/www.remonen.fi\/WP\/wp-content\/uploads\/2016\/06\/kitesurfing_062016-7-680x453.jpg 680w, https:\/\/www.remonen.fi\/WP\/wp-content\/uploads\/2016\/06\/kitesurfing_062016-7-768x512.jpg 768w, https:\/\/www.remonen.fi\/WP\/wp-content\/uploads\/2016\/06\/kitesurfing_062016-7-1024x682.jpg 1024w, https:\/\/www.remonen.fi\/WP\/wp-content\/uploads\/2016\/06\/kitesurfing_062016-7-440x293.jpg 440w, https:\/\/www.remonen.fi\/WP\/wp-content\/uploads\/2016\/06\/kitesurfing_062016-7-960x640.jpg 960w\" sizes=\"(max-width: 880px) 100vw, 880px\" \/><\/a><\/p>\n<p>Kuvailin sitten surffaajia rannalta jonkin aikaa, kunnes kehotuksesta p\u00e4\u00e4tin siirty\u00e4 vetten p\u00e4\u00e4lle. Kuten sanottua, ranta on varsin (lue: \u00e4lytt\u00f6m\u00e4n) matala, vett\u00e4 on alta polven silm\u00e4nkantamattomiin. Menin sitten isohkon kiven viereen seisoskelemaan ja kuvailemaan. N\u00e4in en ainakaan olisi kenenk\u00e4\u00e4n reitill\u00e4 enk\u00e4 tiell\u00e4. (note to myself: farkkusortsit imev\u00e4t varsin tehokkaasti vett\u00e4 vaikkei niist\u00e4 ottaisi veteen kuin sentti tai kaksi).<\/p>\n<div class=\"one_half \"><a href=\"http:\/\/www.remonen.fi\/WP\/wp-content\/uploads\/2016\/06\/kitesurfing_062016-5.jpg\"><img loading=\"lazy\" decoding=\"async\" class=\"aligncenter wp-image-7844\" title=\"Aperture: &#402;\/2.8 | Credit: Matti Remonen | Camera: NIKON D500 | Taken: 28 kes\u00e4kuun, 2016 | Copyright: (c) Matti Remonen | Focal length: 200mm | ISO: 100 | Shutter speed: 1\/640s | \" src=\"http:\/\/www.remonen.fi\/WP\/wp-content\/uploads\/2016\/06\/kitesurfing_062016-5.jpg\" alt=\"Kitesurf Kallvik\" width=\"586\" height=\"880\" srcset=\"https:\/\/www.remonen.fi\/WP\/wp-content\/uploads\/2016\/06\/kitesurfing_062016-5.jpg 853w, https:\/\/www.remonen.fi\/WP\/wp-content\/uploads\/2016\/06\/kitesurfing_062016-5-200x300.jpg 200w, https:\/\/www.remonen.fi\/WP\/wp-content\/uploads\/2016\/06\/kitesurfing_062016-5-453x680.jpg 453w, https:\/\/www.remonen.fi\/WP\/wp-content\/uploads\/2016\/06\/kitesurfing_062016-5-768x1152.jpg 768w, https:\/\/www.remonen.fi\/WP\/wp-content\/uploads\/2016\/06\/kitesurfing_062016-5-682x1024.jpg 682w, https:\/\/www.remonen.fi\/WP\/wp-content\/uploads\/2016\/06\/kitesurfing_062016-5-440x660.jpg 440w, https:\/\/www.remonen.fi\/WP\/wp-content\/uploads\/2016\/06\/kitesurfing_062016-5-300x450.jpg 300w\" sizes=\"(max-width: 586px) 100vw, 586px\" \/><\/a><\/div>\n<div class=\"one_half last \"><a href=\"http:\/\/www.remonen.fi\/WP\/wp-content\/uploads\/2016\/06\/kitesurfing_062016-9.jpg\"><img loading=\"lazy\" decoding=\"async\" class=\"aligncenter wp-image-7840\" title=\"Aperture: &#402;\/4 | Credit: Matti Remonen | Camera: NIKON D500 | Taken: 28 kes\u00e4kuun, 2016 | Copyright: (c) Matti Remonen | Focal length: 70mm | ISO: 100 | Shutter speed: 1\/640s | \" src=\"http:\/\/www.remonen.fi\/WP\/wp-content\/uploads\/2016\/06\/kitesurfing_062016-9.jpg\" alt=\"Kitesurf Kallvik\" width=\"586\" height=\"880\" srcset=\"https:\/\/www.remonen.fi\/WP\/wp-content\/uploads\/2016\/06\/kitesurfing_062016-9.jpg 853w, https:\/\/www.remonen.fi\/WP\/wp-content\/uploads\/2016\/06\/kitesurfing_062016-9-200x300.jpg 200w, https:\/\/www.remonen.fi\/WP\/wp-content\/uploads\/2016\/06\/kitesurfing_062016-9-453x680.jpg 453w, https:\/\/www.remonen.fi\/WP\/wp-content\/uploads\/2016\/06\/kitesurfing_062016-9-768x1152.jpg 768w, https:\/\/www.remonen.fi\/WP\/wp-content\/uploads\/2016\/06\/kitesurfing_062016-9-682x1024.jpg 682w, https:\/\/www.remonen.fi\/WP\/wp-content\/uploads\/2016\/06\/kitesurfing_062016-9-440x660.jpg 440w, https:\/\/www.remonen.fi\/WP\/wp-content\/uploads\/2016\/06\/kitesurfing_062016-9-300x450.jpg 300w\" sizes=\"(max-width: 586px) 100vw, 586px\" \/><\/a><\/div>\n<p><br class=\"clear\"\/><\/p>\n<div class=\"one_half \"><a href=\"http:\/\/www.remonen.fi\/WP\/wp-content\/uploads\/2016\/06\/kitesurfing_062016-11.jpg\"><img loading=\"lazy\" decoding=\"async\" class=\"aligncenter wp-image-7837\" title=\"Aperture: &#402;\/4 | Credit: Matti Remonen | Camera: NIKON D500 | Taken: 28 kes\u00e4kuun, 2016 | Copyright: (c) Matti Remonen | Focal length: 26mm | ISO: 100 | Shutter speed: 1\/640s | \" src=\"http:\/\/www.remonen.fi\/WP\/wp-content\/uploads\/2016\/06\/kitesurfing_062016-11.jpg\" alt=\"Kitesurf Kallvik\" width=\"586\" height=\"880\" srcset=\"https:\/\/www.remonen.fi\/WP\/wp-content\/uploads\/2016\/06\/kitesurfing_062016-11.jpg 853w, https:\/\/www.remonen.fi\/WP\/wp-content\/uploads\/2016\/06\/kitesurfing_062016-11-200x300.jpg 200w, https:\/\/www.remonen.fi\/WP\/wp-content\/uploads\/2016\/06\/kitesurfing_062016-11-453x680.jpg 453w, https:\/\/www.remonen.fi\/WP\/wp-content\/uploads\/2016\/06\/kitesurfing_062016-11-768x1152.jpg 768w, https:\/\/www.remonen.fi\/WP\/wp-content\/uploads\/2016\/06\/kitesurfing_062016-11-682x1024.jpg 682w, https:\/\/www.remonen.fi\/WP\/wp-content\/uploads\/2016\/06\/kitesurfing_062016-11-440x660.jpg 440w, https:\/\/www.remonen.fi\/WP\/wp-content\/uploads\/2016\/06\/kitesurfing_062016-11-300x450.jpg 300w\" sizes=\"(max-width: 586px) 100vw, 586px\" \/><\/a><\/div>\n<div class=\"one_half last \"><a href=\"http:\/\/www.remonen.fi\/WP\/wp-content\/uploads\/2016\/06\/kitesurfing_062016-8.jpg\"><img loading=\"lazy\" decoding=\"async\" class=\"aligncenter wp-image-7841\" title=\"Aperture: &#402;\/4 | Credit: Matti Remonen | Camera: NIKON D500 | Taken: 28 kes\u00e4kuun, 2016 | Copyright: (c) Matti Remonen | Focal length: 200mm | ISO: 100 | Shutter speed: 1\/640s | \" src=\"http:\/\/www.remonen.fi\/WP\/wp-content\/uploads\/2016\/06\/kitesurfing_062016-8.jpg\" alt=\"Kitesurf Kallvik\" width=\"586\" height=\"880\" srcset=\"https:\/\/www.remonen.fi\/WP\/wp-content\/uploads\/2016\/06\/kitesurfing_062016-8.jpg 853w, https:\/\/www.remonen.fi\/WP\/wp-content\/uploads\/2016\/06\/kitesurfing_062016-8-200x300.jpg 200w, https:\/\/www.remonen.fi\/WP\/wp-content\/uploads\/2016\/06\/kitesurfing_062016-8-453x680.jpg 453w, https:\/\/www.remonen.fi\/WP\/wp-content\/uploads\/2016\/06\/kitesurfing_062016-8-768x1152.jpg 768w, https:\/\/www.remonen.fi\/WP\/wp-content\/uploads\/2016\/06\/kitesurfing_062016-8-682x1024.jpg 682w, https:\/\/www.remonen.fi\/WP\/wp-content\/uploads\/2016\/06\/kitesurfing_062016-8-440x660.jpg 440w, https:\/\/www.remonen.fi\/WP\/wp-content\/uploads\/2016\/06\/kitesurfing_062016-8-300x450.jpg 300w\" sizes=\"(max-width: 586px) 100vw, 586px\" \/><\/a><\/div>\n<p><br class=\"clear\"\/><\/p>\n<p>T\u00e4m\u00e4kin laji nyt sitten sattui olemaan sellainen, ettei aiempaa kuvauskokemusta siit\u00e4 ollut, joten kuvat nyt ovat mit\u00e4 ovat. Mutta fiilis oli kyll\u00e4 hieno ja tuonne pit\u00e4\u00e4 viel\u00e4 loman aikana menn\u00e4 uudemman kerran kuvailemaan ja chillailemaan.<\/p>\n<div class=\"one_half \"><a href=\"http:\/\/www.remonen.fi\/WP\/wp-content\/uploads\/2016\/06\/kitesurfing_062016-13.jpg\"><img loading=\"lazy\" decoding=\"async\" class=\"aligncenter wp-image-7835\" title=\"Aperture: &#402;\/4 | Credit: Matti Remonen | Camera: NIKON D500 | Taken: 28 kes\u00e4kuun, 2016 | Copyright: (c) Matti Remonen | Focal length: 200mm | ISO: 100 | Shutter speed: 1\/640s | \" src=\"http:\/\/www.remonen.fi\/WP\/wp-content\/uploads\/2016\/06\/kitesurfing_062016-13.jpg\" alt=\"Kitesurf Kallvik\" width=\"586\" height=\"880\" srcset=\"https:\/\/www.remonen.fi\/WP\/wp-content\/uploads\/2016\/06\/kitesurfing_062016-13.jpg 853w, https:\/\/www.remonen.fi\/WP\/wp-content\/uploads\/2016\/06\/kitesurfing_062016-13-200x300.jpg 200w, https:\/\/www.remonen.fi\/WP\/wp-content\/uploads\/2016\/06\/kitesurfing_062016-13-453x680.jpg 453w, https:\/\/www.remonen.fi\/WP\/wp-content\/uploads\/2016\/06\/kitesurfing_062016-13-768x1152.jpg 768w, https:\/\/www.remonen.fi\/WP\/wp-content\/uploads\/2016\/06\/kitesurfing_062016-13-682x1024.jpg 682w, https:\/\/www.remonen.fi\/WP\/wp-content\/uploads\/2016\/06\/kitesurfing_062016-13-440x660.jpg 440w, https:\/\/www.remonen.fi\/WP\/wp-content\/uploads\/2016\/06\/kitesurfing_062016-13-300x450.jpg 300w\" sizes=\"(max-width: 586px) 100vw, 586px\" \/><\/a><\/div>\n<div class=\"one_half last \"><a href=\"http:\/\/www.remonen.fi\/WP\/wp-content\/uploads\/2016\/06\/kitesurfing_062016-3.jpg\"><img loading=\"lazy\" decoding=\"async\" class=\"aligncenter wp-image-7846\" title=\"Aperture: &#402;\/2.8 | Credit: Matti Remonen | Camera: NIKON D500 | Taken: 28 kes\u00e4kuun, 2016 | Copyright: (c) Matti Remonen | Focal length: 135mm | ISO: 100 | Shutter speed: 1\/640s | \" src=\"http:\/\/www.remonen.fi\/WP\/wp-content\/uploads\/2016\/06\/kitesurfing_062016-3.jpg\" alt=\"Kitesurf Kallvik\" width=\"586\" height=\"880\" srcset=\"https:\/\/www.remonen.fi\/WP\/wp-content\/uploads\/2016\/06\/kitesurfing_062016-3.jpg 853w, https:\/\/www.remonen.fi\/WP\/wp-content\/uploads\/2016\/06\/kitesurfing_062016-3-200x300.jpg 200w, https:\/\/www.remonen.fi\/WP\/wp-content\/uploads\/2016\/06\/kitesurfing_062016-3-453x680.jpg 453w, https:\/\/www.remonen.fi\/WP\/wp-content\/uploads\/2016\/06\/kitesurfing_062016-3-768x1152.jpg 768w, https:\/\/www.remonen.fi\/WP\/wp-content\/uploads\/2016\/06\/kitesurfing_062016-3-682x1024.jpg 682w, https:\/\/www.remonen.fi\/WP\/wp-content\/uploads\/2016\/06\/kitesurfing_062016-3-440x660.jpg 440w, https:\/\/www.remonen.fi\/WP\/wp-content\/uploads\/2016\/06\/kitesurfing_062016-3-300x450.jpg 300w\" sizes=\"(max-width: 586px) 100vw, 586px\" \/><\/a><\/div>\n<p><br class=\"clear\"\/><\/p>\n<p>Kitesurffaajat tuntuivat olevan varsin rentoa porukkaa ja kuvaaminenkin oli ihan ok. Valitettavasti en nyt oikein saanut taltioitua t\u00e4t\u00e4 lajia niin kuin olisin ehk\u00e4 halunnut, mutta ensi kerralla sitten paremmalla onnella.<\/p>\n<p><a href=\"http:\/\/www.remonen.fi\/WP\/wp-content\/uploads\/2016\/06\/kitesurfing_062016-6-2.jpg\"><img loading=\"lazy\" decoding=\"async\" class=\"aligncenter wp-image-7856\" title=\"Aperture: &#402;\/4 | Credit: Matti Remonen | Camera: NIKON D500 | Taken: 28 kes\u00e4kuun, 2016 | Copyright: (c) Matti Remonen | Focal length: 200mm | ISO: 100 | Keywords: Kitesurfing, Tapahtumat | Shutter speed: 1\/500s | \" src=\"http:\/\/www.remonen.fi\/WP\/wp-content\/uploads\/2016\/06\/kitesurfing_062016-6-2.jpg\" alt=\"Kitesurf Kallvik\" width=\"586\" height=\"880\" srcset=\"https:\/\/www.remonen.fi\/WP\/wp-content\/uploads\/2016\/06\/kitesurfing_062016-6-2.jpg 853w, https:\/\/www.remonen.fi\/WP\/wp-content\/uploads\/2016\/06\/kitesurfing_062016-6-2-200x300.jpg 200w, https:\/\/www.remonen.fi\/WP\/wp-content\/uploads\/2016\/06\/kitesurfing_062016-6-2-453x680.jpg 453w, https:\/\/www.remonen.fi\/WP\/wp-content\/uploads\/2016\/06\/kitesurfing_062016-6-2-768x1152.jpg 768w, https:\/\/www.remonen.fi\/WP\/wp-content\/uploads\/2016\/06\/kitesurfing_062016-6-2-682x1024.jpg 682w, https:\/\/www.remonen.fi\/WP\/wp-content\/uploads\/2016\/06\/kitesurfing_062016-6-2-440x660.jpg 440w, https:\/\/www.remonen.fi\/WP\/wp-content\/uploads\/2016\/06\/kitesurfing_062016-6-2-300x450.jpg 300w\" sizes=\"(max-width: 586px) 100vw, 586px\" \/><\/a><\/p>\n<p><a href=\"http:\/\/www.remonen.fi\/WP\/wp-content\/uploads\/2016\/06\/kitesurfing_062016-4.jpg\"><img loading=\"lazy\" decoding=\"async\" class=\"aligncenter wp-image-7845\" title=\"Aperture: &#402;\/2.8 | Credit: Matti Remonen | Camera: NIKON D500 | Taken: 28 kes\u00e4kuun, 2016 | Copyright: (c) Matti Remonen | Focal length: 75mm | ISO: 100 | Shutter speed: 1\/640s | \" src=\"http:\/\/www.remonen.fi\/WP\/wp-content\/uploads\/2016\/06\/kitesurfing_062016-4.jpg\" alt=\"Kitesurf Kallvik\" width=\"586\" height=\"880\" srcset=\"https:\/\/www.remonen.fi\/WP\/wp-content\/uploads\/2016\/06\/kitesurfing_062016-4.jpg 853w, https:\/\/www.remonen.fi\/WP\/wp-content\/uploads\/2016\/06\/kitesurfing_062016-4-200x300.jpg 200w, https:\/\/www.remonen.fi\/WP\/wp-content\/uploads\/2016\/06\/kitesurfing_062016-4-453x680.jpg 453w, https:\/\/www.remonen.fi\/WP\/wp-content\/uploads\/2016\/06\/kitesurfing_062016-4-768x1152.jpg 768w, https:\/\/www.remonen.fi\/WP\/wp-content\/uploads\/2016\/06\/kitesurfing_062016-4-682x1024.jpg 682w, https:\/\/www.remonen.fi\/WP\/wp-content\/uploads\/2016\/06\/kitesurfing_062016-4-440x660.jpg 440w, https:\/\/www.remonen.fi\/WP\/wp-content\/uploads\/2016\/06\/kitesurfing_062016-4-300x450.jpg 300w\" sizes=\"(max-width: 586px) 100vw, 586px\" \/><\/a>Leijoja lenn\u00e4tti Nikon D500 + Nikkor AF-S 70-200\/2.8G VRII + Nikkor AF-S 24-70\/2.8G<\/p>\n","protected":false},"excerpt":{"rendered":"<p>Oli sen verran kaunis p\u00e4iv\u00e4 taas tiistaina, ett\u00e4 jotain piti keksi\u00e4. Vaihtoehtoina oli joko l\u00e4hte\u00e4 fillarilenkille tai sitten koittaa tyynnytt\u00e4\u00e4 omatunto jollain ns. j\u00e4rkev\u00e4mm\u00e4ll\u00e4. Aikani siin\u00e4 sohvalla maatessa mieleen putkahti, jottako Kallvikissa olisi leijasurffaajia paikalla. Samalla tulisi viel\u00e4 reenailtua kameraa viikonlopun koitoksia varten. Pakkasinkin kameran ja parit putket reppuun ja ajoin Kallvikiin. Laiskuuttani autolla&#8230; Eik\u00e4 [&hellip;]<\/p>\n","protected":false},"author":2,"featured_media":7833,"comment_status":"open","ping_status":"closed","sticky":false,"template":"","format":"standard","meta":{"footnotes":""},"categories":[16],"tags":[113,290],"yoast_head":"<!-- This site is optimized with the Yoast SEO plugin v24.5 - https:\/\/yoast.com\/wordpress\/plugins\/seo\/ -->\n<title>Kitesurf Kallvik &#187; remonen.fi<\/title>\n<meta name=\"description\" content=\"Oli niin kaunis p\u00e4iv\u00e4, ett\u00e4 piti l\u00e4hte\u00e4 katsomaan Kitesurffausta Kallvikiin. Otin mukaan matkaseuraksi Nikon D500-kameran.\" \/>\n<meta name=\"robots\" content=\"index, follow, max-snippet:-1, max-image-preview:large, max-video-preview:-1\" \/>\n<link rel=\"canonical\" href=\"https:\/\/www.remonen.fi\/WP\/blogi\/kitesurf-kallvik\/\" \/>\n<meta property=\"og:locale\" content=\"fi_FI\" \/>\n<meta property=\"og:type\" content=\"article\" \/>\n<meta property=\"og:title\" content=\"Kitesurf Kallvik &#187; remonen.fi\" \/>\n<meta property=\"og:description\" content=\"Oli niin kaunis p\u00e4iv\u00e4, ett\u00e4 piti l\u00e4hte\u00e4 katsomaan Kitesurffausta Kallvikiin. Otin mukaan matkaseuraksi Nikon D500-kameran.\" \/>\n<meta property=\"og:url\" content=\"https:\/\/www.remonen.fi\/WP\/blogi\/kitesurf-kallvik\/\" \/>\n<meta property=\"og:site_name\" content=\"remonen.fi\" \/>\n<meta property=\"article:published_time\" content=\"2016-06-28T18:25:14+00:00\" \/>\n<meta property=\"article:modified_time\" content=\"2016-06-30T14:30:45+00:00\" \/>\n<meta property=\"og:image\" content=\"https:\/\/www.remonen.fi\/WP\/wp-content\/uploads\/2016\/06\/kitesurfing_062016-1.jpg\" \/>\n\t<meta property=\"og:image:width\" content=\"1280\" \/>\n\t<meta property=\"og:image:height\" content=\"853\" \/>\n\t<meta property=\"og:image:type\" content=\"image\/jpeg\" \/>\n<meta name=\"author\" content=\"Matti Remonen\" \/>\n<meta name=\"twitter:label1\" content=\"Kirjoittanut\" \/>\n\t<meta name=\"twitter:data1\" content=\"Matti Remonen\" \/>\n\t<meta name=\"twitter:label2\" content=\"Arvioitu lukuaika\" \/>\n\t<meta name=\"twitter:data2\" content=\"2 minuuttia\" \/>\n<script type=\"application\/ld+json\" class=\"yoast-schema-graph\">{\"@context\":\"https:\/\/schema.org\",\"@graph\":[{\"@type\":\"Article\",\"@id\":\"https:\/\/www.remonen.fi\/WP\/blogi\/kitesurf-kallvik\/#article\",\"isPartOf\":{\"@id\":\"https:\/\/www.remonen.fi\/WP\/blogi\/kitesurf-kallvik\/\"},\"author\":{\"name\":\"Matti Remonen\",\"@id\":\"https:\/\/www.remonen.fi\/WP\/#\/schema\/person\/1803c23d1d4f6722054eb2ac7f7a97cd\"},\"headline\":\"Kitesurf Kallvik\",\"datePublished\":\"2016-06-28T18:25:14+00:00\",\"dateModified\":\"2016-06-30T14:30:45+00:00\",\"mainEntityOfPage\":{\"@id\":\"https:\/\/www.remonen.fi\/WP\/blogi\/kitesurf-kallvik\/\"},\"wordCount\":332,\"commentCount\":0,\"publisher\":{\"@id\":\"https:\/\/www.remonen.fi\/WP\/#\/schema\/person\/1803c23d1d4f6722054eb2ac7f7a97cd\"},\"image\":{\"@id\":\"https:\/\/www.remonen.fi\/WP\/blogi\/kitesurf-kallvik\/#primaryimage\"},\"thumbnailUrl\":\"https:\/\/www.remonen.fi\/WP\/wp-content\/uploads\/2016\/06\/kitesurfing_062016-1.jpg\",\"keywords\":[\"Kallvik\",\"Kitesurf\"],\"articleSection\":[\"Blog\"],\"inLanguage\":\"fi\",\"potentialAction\":[{\"@type\":\"CommentAction\",\"name\":\"Comment\",\"target\":[\"https:\/\/www.remonen.fi\/WP\/blogi\/kitesurf-kallvik\/#respond\"]}]},{\"@type\":\"WebPage\",\"@id\":\"https:\/\/www.remonen.fi\/WP\/blogi\/kitesurf-kallvik\/\",\"url\":\"https:\/\/www.remonen.fi\/WP\/blogi\/kitesurf-kallvik\/\",\"name\":\"Kitesurf Kallvik &#187; remonen.fi\",\"isPartOf\":{\"@id\":\"https:\/\/www.remonen.fi\/WP\/#website\"},\"primaryImageOfPage\":{\"@id\":\"https:\/\/www.remonen.fi\/WP\/blogi\/kitesurf-kallvik\/#primaryimage\"},\"image\":{\"@id\":\"https:\/\/www.remonen.fi\/WP\/blogi\/kitesurf-kallvik\/#primaryimage\"},\"thumbnailUrl\":\"https:\/\/www.remonen.fi\/WP\/wp-content\/uploads\/2016\/06\/kitesurfing_062016-1.jpg\",\"datePublished\":\"2016-06-28T18:25:14+00:00\",\"dateModified\":\"2016-06-30T14:30:45+00:00\",\"description\":\"Oli niin kaunis p\u00e4iv\u00e4, ett\u00e4 piti l\u00e4hte\u00e4 katsomaan Kitesurffausta Kallvikiin. Otin mukaan matkaseuraksi Nikon D500-kameran.\",\"breadcrumb\":{\"@id\":\"https:\/\/www.remonen.fi\/WP\/blogi\/kitesurf-kallvik\/#breadcrumb\"},\"inLanguage\":\"fi\",\"potentialAction\":[{\"@type\":\"ReadAction\",\"target\":[\"https:\/\/www.remonen.fi\/WP\/blogi\/kitesurf-kallvik\/\"]}]},{\"@type\":\"ImageObject\",\"inLanguage\":\"fi\",\"@id\":\"https:\/\/www.remonen.fi\/WP\/blogi\/kitesurf-kallvik\/#primaryimage\",\"url\":\"https:\/\/www.remonen.fi\/WP\/wp-content\/uploads\/2016\/06\/kitesurfing_062016-1.jpg\",\"contentUrl\":\"https:\/\/www.remonen.fi\/WP\/wp-content\/uploads\/2016\/06\/kitesurfing_062016-1.jpg\",\"width\":1280,\"height\":853},{\"@type\":\"BreadcrumbList\",\"@id\":\"https:\/\/www.remonen.fi\/WP\/blogi\/kitesurf-kallvik\/#breadcrumb\",\"itemListElement\":[{\"@type\":\"ListItem\",\"position\":1,\"name\":\"Etusivu\",\"item\":\"https:\/\/www.remonen.fi\/WP\/\"},{\"@type\":\"ListItem\",\"position\":2,\"name\":\"Kitesurf Kallvik\"}]},{\"@type\":\"WebSite\",\"@id\":\"https:\/\/www.remonen.fi\/WP\/#website\",\"url\":\"https:\/\/www.remonen.fi\/WP\/\",\"name\":\"remonen.fi\",\"description\":\"Valokuvia ja tarinaa laidasta laitaan\",\"publisher\":{\"@id\":\"https:\/\/www.remonen.fi\/WP\/#\/schema\/person\/1803c23d1d4f6722054eb2ac7f7a97cd\"},\"potentialAction\":[{\"@type\":\"SearchAction\",\"target\":{\"@type\":\"EntryPoint\",\"urlTemplate\":\"https:\/\/www.remonen.fi\/WP\/?s={search_term_string}\"},\"query-input\":{\"@type\":\"PropertyValueSpecification\",\"valueRequired\":true,\"valueName\":\"search_term_string\"}}],\"inLanguage\":\"fi\"},{\"@type\":[\"Person\",\"Organization\"],\"@id\":\"https:\/\/www.remonen.fi\/WP\/#\/schema\/person\/1803c23d1d4f6722054eb2ac7f7a97cd\",\"name\":\"Matti Remonen\",\"logo\":{\"@id\":\"https:\/\/www.remonen.fi\/WP\/#\/schema\/person\/image\/\"},\"url\":\"https:\/\/www.remonen.fi\/WP\/blogi\/author\/mre\/\"}]}<\/script>\n<!-- \/ Yoast SEO plugin. -->","yoast_head_json":{"title":"Kitesurf Kallvik &#187; remonen.fi","description":"Oli niin kaunis p\u00e4iv\u00e4, ett\u00e4 piti l\u00e4hte\u00e4 katsomaan Kitesurffausta Kallvikiin. Otin mukaan matkaseuraksi Nikon D500-kameran.","robots":{"index":"index","follow":"follow","max-snippet":"max-snippet:-1","max-image-preview":"max-image-preview:large","max-video-preview":"max-video-preview:-1"},"canonical":"https:\/\/www.remonen.fi\/WP\/blogi\/kitesurf-kallvik\/","og_locale":"fi_FI","og_type":"article","og_title":"Kitesurf Kallvik &#187; remonen.fi","og_description":"Oli niin kaunis p\u00e4iv\u00e4, ett\u00e4 piti l\u00e4hte\u00e4 katsomaan Kitesurffausta Kallvikiin. Otin mukaan matkaseuraksi Nikon D500-kameran.","og_url":"https:\/\/www.remonen.fi\/WP\/blogi\/kitesurf-kallvik\/","og_site_name":"remonen.fi","article_published_time":"2016-06-28T18:25:14+00:00","article_modified_time":"2016-06-30T14:30:45+00:00","og_image":[{"width":1280,"height":853,"url":"https:\/\/www.remonen.fi\/WP\/wp-content\/uploads\/2016\/06\/kitesurfing_062016-1.jpg","type":"image\/jpeg"}],"author":"Matti Remonen","twitter_misc":{"Kirjoittanut":"Matti Remonen","Arvioitu lukuaika":"2 minuuttia"},"schema":{"@context":"https:\/\/schema.org","@graph":[{"@type":"Article","@id":"https:\/\/www.remonen.fi\/WP\/blogi\/kitesurf-kallvik\/#article","isPartOf":{"@id":"https:\/\/www.remonen.fi\/WP\/blogi\/kitesurf-kallvik\/"},"author":{"name":"Matti Remonen","@id":"https:\/\/www.remonen.fi\/WP\/#\/schema\/person\/1803c23d1d4f6722054eb2ac7f7a97cd"},"headline":"Kitesurf Kallvik","datePublished":"2016-06-28T18:25:14+00:00","dateModified":"2016-06-30T14:30:45+00:00","mainEntityOfPage":{"@id":"https:\/\/www.remonen.fi\/WP\/blogi\/kitesurf-kallvik\/"},"wordCount":332,"commentCount":0,"publisher":{"@id":"https:\/\/www.remonen.fi\/WP\/#\/schema\/person\/1803c23d1d4f6722054eb2ac7f7a97cd"},"image":{"@id":"https:\/\/www.remonen.fi\/WP\/blogi\/kitesurf-kallvik\/#primaryimage"},"thumbnailUrl":"https:\/\/www.remonen.fi\/WP\/wp-content\/uploads\/2016\/06\/kitesurfing_062016-1.jpg","keywords":["Kallvik","Kitesurf"],"articleSection":["Blog"],"inLanguage":"fi","potentialAction":[{"@type":"CommentAction","name":"Comment","target":["https:\/\/www.remonen.fi\/WP\/blogi\/kitesurf-kallvik\/#respond"]}]},{"@type":"WebPage","@id":"https:\/\/www.remonen.fi\/WP\/blogi\/kitesurf-kallvik\/","url":"https:\/\/www.remonen.fi\/WP\/blogi\/kitesurf-kallvik\/","name":"Kitesurf Kallvik &#187; remonen.fi","isPartOf":{"@id":"https:\/\/www.remonen.fi\/WP\/#website"},"primaryImageOfPage":{"@id":"https:\/\/www.remonen.fi\/WP\/blogi\/kitesurf-kallvik\/#primaryimage"},"image":{"@id":"https:\/\/www.remonen.fi\/WP\/blogi\/kitesurf-kallvik\/#primaryimage"},"thumbnailUrl":"https:\/\/www.remonen.fi\/WP\/wp-content\/uploads\/2016\/06\/kitesurfing_062016-1.jpg","datePublished":"2016-06-28T18:25:14+00:00","dateModified":"2016-06-30T14:30:45+00:00","description":"Oli niin kaunis p\u00e4iv\u00e4, ett\u00e4 piti l\u00e4hte\u00e4 katsomaan Kitesurffausta Kallvikiin. Otin mukaan matkaseuraksi Nikon D500-kameran.","breadcrumb":{"@id":"https:\/\/www.remonen.fi\/WP\/blogi\/kitesurf-kallvik\/#breadcrumb"},"inLanguage":"fi","potentialAction":[{"@type":"ReadAction","target":["https:\/\/www.remonen.fi\/WP\/blogi\/kitesurf-kallvik\/"]}]},{"@type":"ImageObject","inLanguage":"fi","@id":"https:\/\/www.remonen.fi\/WP\/blogi\/kitesurf-kallvik\/#primaryimage","url":"https:\/\/www.remonen.fi\/WP\/wp-content\/uploads\/2016\/06\/kitesurfing_062016-1.jpg","contentUrl":"https:\/\/www.remonen.fi\/WP\/wp-content\/uploads\/2016\/06\/kitesurfing_062016-1.jpg","width":1280,"height":853},{"@type":"BreadcrumbList","@id":"https:\/\/www.remonen.fi\/WP\/blogi\/kitesurf-kallvik\/#breadcrumb","itemListElement":[{"@type":"ListItem","position":1,"name":"Etusivu","item":"https:\/\/www.remonen.fi\/WP\/"},{"@type":"ListItem","position":2,"name":"Kitesurf Kallvik"}]},{"@type":"WebSite","@id":"https:\/\/www.remonen.fi\/WP\/#website","url":"https:\/\/www.remonen.fi\/WP\/","name":"remonen.fi","description":"Valokuvia ja tarinaa laidasta laitaan","publisher":{"@id":"https:\/\/www.remonen.fi\/WP\/#\/schema\/person\/1803c23d1d4f6722054eb2ac7f7a97cd"},"potentialAction":[{"@type":"SearchAction","target":{"@type":"EntryPoint","urlTemplate":"https:\/\/www.remonen.fi\/WP\/?s={search_term_string}"},"query-input":{"@type":"PropertyValueSpecification","valueRequired":true,"valueName":"search_term_string"}}],"inLanguage":"fi"},{"@type":["Person","Organization"],"@id":"https:\/\/www.remonen.fi\/WP\/#\/schema\/person\/1803c23d1d4f6722054eb2ac7f7a97cd","name":"Matti Remonen","logo":{"@id":"https:\/\/www.remonen.fi\/WP\/#\/schema\/person\/image\/"},"url":"https:\/\/www.remonen.fi\/WP\/blogi\/author\/mre\/"}]}},"_links":{"self":[{"href":"https:\/\/www.remonen.fi\/WP\/wp-json\/wp\/v2\/posts\/7832"}],"collection":[{"href":"https:\/\/www.remonen.fi\/WP\/wp-json\/wp\/v2\/posts"}],"about":[{"href":"https:\/\/www.remonen.fi\/WP\/wp-json\/wp\/v2\/types\/post"}],"author":[{"embeddable":true,"href":"https:\/\/www.remonen.fi\/WP\/wp-json\/wp\/v2\/users\/2"}],"replies":[{"embeddable":true,"href":"https:\/\/www.remonen.fi\/WP\/wp-json\/wp\/v2\/comments?post=7832"}],"version-history":[{"count":0,"href":"https:\/\/www.remonen.fi\/WP\/wp-json\/wp\/v2\/posts\/7832\/revisions"}],"wp:featuredmedia":[{"embeddable":true,"href":"https:\/\/www.remonen.fi\/WP\/wp-json\/wp\/v2\/media\/7833"}],"wp:attachment":[{"href":"https:\/\/www.remonen.fi\/WP\/wp-json\/wp\/v2\/media?parent=7832"}],"wp:term":[{"taxonomy":"category","embeddable":true,"href":"https:\/\/www.remonen.fi\/WP\/wp-json\/wp\/v2\/categories?post=7832"},{"taxonomy":"post_tag","embeddable":true,"href":"https:\/\/www.remonen.fi\/WP\/wp-json\/wp\/v2\/tags?post=7832"}],"curies":[{"name":"wp","href":"https:\/\/api.w.org\/{rel}","templated":true}]}}