{"id":7944,"date":"2016-07-11T20:01:07","date_gmt":"2016-07-11T17:01:07","guid":{"rendered":"http:\/\/www.remonen.fi\/?p=7944"},"modified":"2016-07-11T20:01:07","modified_gmt":"2016-07-11T17:01:07","slug":"punainen-porvoo","status":"publish","type":"post","link":"https:\/\/www.remonen.fi\/WP\/blogi\/punainen-porvoo\/","title":{"rendered":"Punainen Porvoo"},"content":{"rendered":"<p>T\u00e4ll\u00e4 kertaa infrapunainen. Eli kuvat otettu IR-konvertoidulla Sony NEX-5N -kameralla ja k\u00e4ytt\u00e4en 720nm suodinta (siis kennolle p\u00e4\u00e4tyy vain punainen ja infrapunainen). Kuvat on sen j\u00e4lkeen konvertoitu mustavalkoiksiksi, koska puna-harmaa ei ole kovin miellytt\u00e4v\u00e4.<\/p>\n<p><a href=\"http:\/\/www.remonen.fi\/WP\/wp-content\/uploads\/2016\/07\/porvoo_2016-8.jpg\"><img loading=\"lazy\" decoding=\"async\" class=\"aligncenter wp-image-7945\" title=\"Aperture: &#402;\/6.3 | Camera: NEX-5N | Taken: 11 hein\u00e4kuun, 2016 | Copyright: (c) Matti Remonen | Exposure bias: +2.3EV | Flash fired: no | Focal length: 18mm | ISO: 100 | Shutter speed: 1\/125s | \" src=\"http:\/\/www.remonen.fi\/WP\/wp-content\/uploads\/2016\/07\/porvoo_2016-8.jpg\" alt=\"Punainen Porvoo\" width=\"880\" height=\"585\" srcset=\"https:\/\/www.remonen.fi\/WP\/wp-content\/uploads\/2016\/07\/porvoo_2016-8.jpg 1280w, https:\/\/www.remonen.fi\/WP\/wp-content\/uploads\/2016\/07\/porvoo_2016-8-300x199.jpg 300w, https:\/\/www.remonen.fi\/WP\/wp-content\/uploads\/2016\/07\/porvoo_2016-8-680x452.jpg 680w, https:\/\/www.remonen.fi\/WP\/wp-content\/uploads\/2016\/07\/porvoo_2016-8-768x511.jpg 768w, https:\/\/www.remonen.fi\/WP\/wp-content\/uploads\/2016\/07\/porvoo_2016-8-1024x681.jpg 1024w, https:\/\/www.remonen.fi\/WP\/wp-content\/uploads\/2016\/07\/porvoo_2016-8-440x293.jpg 440w, https:\/\/www.remonen.fi\/WP\/wp-content\/uploads\/2016\/07\/porvoo_2016-8-960x638.jpg 960w\" sizes=\"(max-width: 880px) 100vw, 880px\" \/><\/a><\/p>\n<div class=\"one_half \"><a href=\"http:\/\/www.remonen.fi\/WP\/wp-content\/uploads\/2016\/07\/porvoo_2016-2.jpg\"><img loading=\"lazy\" decoding=\"async\" class=\"aligncenter wp-image-7947\" title=\"Aperture: &#402;\/6.3 | Camera: NEX-5N | Taken: 11 hein\u00e4kuun, 2016 | Copyright: (c) Matti Remonen | Exposure bias: +2.3EV | Flash fired: no | Focal length: 18mm | ISO: 100 | Shutter speed: 1\/200s | \" src=\"http:\/\/www.remonen.fi\/WP\/wp-content\/uploads\/2016\/07\/porvoo_2016-2.jpg\" alt=\"Porvoo\" width=\"585\" height=\"880\" srcset=\"https:\/\/www.remonen.fi\/WP\/wp-content\/uploads\/2016\/07\/porvoo_2016-2.jpg 851w, https:\/\/www.remonen.fi\/WP\/wp-content\/uploads\/2016\/07\/porvoo_2016-2-199x300.jpg 199w, https:\/\/www.remonen.fi\/WP\/wp-content\/uploads\/2016\/07\/porvoo_2016-2-452x680.jpg 452w, https:\/\/www.remonen.fi\/WP\/wp-content\/uploads\/2016\/07\/porvoo_2016-2-768x1155.jpg 768w, https:\/\/www.remonen.fi\/WP\/wp-content\/uploads\/2016\/07\/porvoo_2016-2-681x1024.jpg 681w, https:\/\/www.remonen.fi\/WP\/wp-content\/uploads\/2016\/07\/porvoo_2016-2-440x662.jpg 440w, https:\/\/www.remonen.fi\/WP\/wp-content\/uploads\/2016\/07\/porvoo_2016-2-300x451.jpg 300w\" sizes=\"(max-width: 585px) 100vw, 585px\" \/><\/a><\/div>\n<div class=\"one_half last \"><a href=\"http:\/\/www.remonen.fi\/WP\/wp-content\/uploads\/2016\/07\/porvoo_2016-7.jpg\"><img loading=\"lazy\" decoding=\"async\" class=\"aligncenter wp-image-7952\" title=\"Aperture: &#402;\/6.3 | Camera: NEX-5N | Taken: 11 hein\u00e4kuun, 2016 | Copyright: (c) Matti Remonen | Exposure bias: +2.3EV | Flash fired: no | Focal length: 55mm | ISO: 100 | Shutter speed: 1\/100s | \" src=\"http:\/\/www.remonen.fi\/WP\/wp-content\/uploads\/2016\/07\/porvoo_2016-7.jpg\" alt=\"Porvoo\" width=\"585\" height=\"880\" srcset=\"https:\/\/www.remonen.fi\/WP\/wp-content\/uploads\/2016\/07\/porvoo_2016-7.jpg 851w, https:\/\/www.remonen.fi\/WP\/wp-content\/uploads\/2016\/07\/porvoo_2016-7-199x300.jpg 199w, https:\/\/www.remonen.fi\/WP\/wp-content\/uploads\/2016\/07\/porvoo_2016-7-452x680.jpg 452w, https:\/\/www.remonen.fi\/WP\/wp-content\/uploads\/2016\/07\/porvoo_2016-7-768x1155.jpg 768w, https:\/\/www.remonen.fi\/WP\/wp-content\/uploads\/2016\/07\/porvoo_2016-7-681x1024.jpg 681w, https:\/\/www.remonen.fi\/WP\/wp-content\/uploads\/2016\/07\/porvoo_2016-7-440x662.jpg 440w, https:\/\/www.remonen.fi\/WP\/wp-content\/uploads\/2016\/07\/porvoo_2016-7-300x451.jpg 300w\" sizes=\"(max-width: 585px) 100vw, 585px\" \/><\/a><\/div>\n<p><br class=\"clear\"\/><\/p>\n<p>IR kuvat tunnistaa yleens\u00e4 siit\u00e4, kun kaikki kasvillisuus on valkoista, johtuen siit\u00e4 kun ne k\u00e4yt\u00e4nn\u00f6ss\u00e4 heijastavat kaiken infrapunavalon. Sen sijaan sininen taivas on yleens\u00e4 musta ja pilvet taas valkoiset. IR-kuva tuo yleens\u00e4 esiin sellaisia pilvimuodostelmia, jotka eiv\u00e4t normaalikuvassa n\u00e4y.<\/p>\n<div class=\"one_half \"><a href=\"http:\/\/www.remonen.fi\/WP\/wp-content\/uploads\/2016\/07\/porvoo_2016-3.jpg\"><img loading=\"lazy\" decoding=\"async\" class=\"aligncenter wp-image-7948\" title=\"Aperture: &#402;\/6.3 | Camera: NEX-5N | Taken: 11 hein\u00e4kuun, 2016 | Copyright: (c) Matti Remonen | Exposure bias: +2.3EV | Flash fired: no | Focal length: 39mm | ISO: 100 | Shutter speed: 1\/100s | \" src=\"http:\/\/www.remonen.fi\/WP\/wp-content\/uploads\/2016\/07\/porvoo_2016-3.jpg\" alt=\"Porvoo\" width=\"585\" height=\"880\" srcset=\"https:\/\/www.remonen.fi\/WP\/wp-content\/uploads\/2016\/07\/porvoo_2016-3.jpg 851w, https:\/\/www.remonen.fi\/WP\/wp-content\/uploads\/2016\/07\/porvoo_2016-3-199x300.jpg 199w, https:\/\/www.remonen.fi\/WP\/wp-content\/uploads\/2016\/07\/porvoo_2016-3-452x680.jpg 452w, https:\/\/www.remonen.fi\/WP\/wp-content\/uploads\/2016\/07\/porvoo_2016-3-768x1155.jpg 768w, https:\/\/www.remonen.fi\/WP\/wp-content\/uploads\/2016\/07\/porvoo_2016-3-681x1024.jpg 681w, https:\/\/www.remonen.fi\/WP\/wp-content\/uploads\/2016\/07\/porvoo_2016-3-440x662.jpg 440w, https:\/\/www.remonen.fi\/WP\/wp-content\/uploads\/2016\/07\/porvoo_2016-3-300x451.jpg 300w\" sizes=\"(max-width: 585px) 100vw, 585px\" \/><\/a><\/div>\n<div class=\"one_half last \"><a href=\"http:\/\/www.remonen.fi\/WP\/wp-content\/uploads\/2016\/07\/porvoo_2016-5.jpg\"><img loading=\"lazy\" decoding=\"async\" class=\"aligncenter wp-image-7950\" title=\"Aperture: &#402;\/6.3 | Camera: NEX-5N | Taken: 11 hein\u00e4kuun, 2016 | Copyright: (c) Matti Remonen | Exposure bias: +2.3EV | Flash fired: no | Focal length: 20mm | ISO: 100 | Shutter speed: 1\/125s | \" src=\"http:\/\/www.remonen.fi\/WP\/wp-content\/uploads\/2016\/07\/porvoo_2016-5.jpg\" alt=\"Porvoo\" width=\"585\" height=\"880\" srcset=\"https:\/\/www.remonen.fi\/WP\/wp-content\/uploads\/2016\/07\/porvoo_2016-5.jpg 851w, https:\/\/www.remonen.fi\/WP\/wp-content\/uploads\/2016\/07\/porvoo_2016-5-199x300.jpg 199w, https:\/\/www.remonen.fi\/WP\/wp-content\/uploads\/2016\/07\/porvoo_2016-5-452x680.jpg 452w, https:\/\/www.remonen.fi\/WP\/wp-content\/uploads\/2016\/07\/porvoo_2016-5-768x1155.jpg 768w, https:\/\/www.remonen.fi\/WP\/wp-content\/uploads\/2016\/07\/porvoo_2016-5-681x1024.jpg 681w, https:\/\/www.remonen.fi\/WP\/wp-content\/uploads\/2016\/07\/porvoo_2016-5-440x662.jpg 440w, https:\/\/www.remonen.fi\/WP\/wp-content\/uploads\/2016\/07\/porvoo_2016-5-300x451.jpg 300w\" sizes=\"(max-width: 585px) 100vw, 585px\" \/><\/a><\/div>\n<p><br class=\"clear\"\/><\/p>\n<p><a href=\"http:\/\/www.remonen.fi\/WP\/wp-content\/uploads\/2016\/07\/porvoo_2016-4.jpg\"><img loading=\"lazy\" decoding=\"async\" class=\"aligncenter wp-image-7949\" title=\"Aperture: &#402;\/6.3 | Camera: NEX-5N | Taken: 11 hein\u00e4kuun, 2016 | Copyright: (c) Matti Remonen | Exposure bias: +2.3EV | Flash fired: no | Focal length: 25mm | ISO: 100 | Shutter speed: 1\/100s | \" src=\"http:\/\/www.remonen.fi\/WP\/wp-content\/uploads\/2016\/07\/porvoo_2016-4.jpg\" alt=\"Porvoo\" width=\"880\" height=\"585\" srcset=\"https:\/\/www.remonen.fi\/WP\/wp-content\/uploads\/2016\/07\/porvoo_2016-4.jpg 1280w, https:\/\/www.remonen.fi\/WP\/wp-content\/uploads\/2016\/07\/porvoo_2016-4-300x199.jpg 300w, https:\/\/www.remonen.fi\/WP\/wp-content\/uploads\/2016\/07\/porvoo_2016-4-680x452.jpg 680w, https:\/\/www.remonen.fi\/WP\/wp-content\/uploads\/2016\/07\/porvoo_2016-4-768x511.jpg 768w, https:\/\/www.remonen.fi\/WP\/wp-content\/uploads\/2016\/07\/porvoo_2016-4-1024x681.jpg 1024w, https:\/\/www.remonen.fi\/WP\/wp-content\/uploads\/2016\/07\/porvoo_2016-4-440x293.jpg 440w, https:\/\/www.remonen.fi\/WP\/wp-content\/uploads\/2016\/07\/porvoo_2016-4-960x638.jpg 960w\" sizes=\"(max-width: 880px) 100vw, 880px\" \/><\/a><\/p>\n<div class=\"one_half \"><a href=\"http:\/\/www.remonen.fi\/WP\/wp-content\/uploads\/2016\/07\/porvoo_2016-6.jpg\"><img loading=\"lazy\" decoding=\"async\" class=\"aligncenter wp-image-7951\" title=\"Aperture: &#402;\/6.3 | Camera: NEX-5N | Taken: 11 hein\u00e4kuun, 2016 | Copyright: (c) Matti Remonen | Exposure bias: +2.3EV | Flash fired: no | Focal length: 18mm | ISO: 100 | Shutter speed: 1\/80s | \" src=\"http:\/\/www.remonen.fi\/WP\/wp-content\/uploads\/2016\/07\/porvoo_2016-6.jpg\" alt=\"Porvoo\" width=\"585\" height=\"880\" srcset=\"https:\/\/www.remonen.fi\/WP\/wp-content\/uploads\/2016\/07\/porvoo_2016-6.jpg 851w, https:\/\/www.remonen.fi\/WP\/wp-content\/uploads\/2016\/07\/porvoo_2016-6-199x300.jpg 199w, https:\/\/www.remonen.fi\/WP\/wp-content\/uploads\/2016\/07\/porvoo_2016-6-452x680.jpg 452w, https:\/\/www.remonen.fi\/WP\/wp-content\/uploads\/2016\/07\/porvoo_2016-6-768x1155.jpg 768w, https:\/\/www.remonen.fi\/WP\/wp-content\/uploads\/2016\/07\/porvoo_2016-6-681x1024.jpg 681w, https:\/\/www.remonen.fi\/WP\/wp-content\/uploads\/2016\/07\/porvoo_2016-6-440x662.jpg 440w, https:\/\/www.remonen.fi\/WP\/wp-content\/uploads\/2016\/07\/porvoo_2016-6-300x451.jpg 300w\" sizes=\"(max-width: 585px) 100vw, 585px\" \/><\/a><\/div>\n<div class=\"one_half last \"><a href=\"http:\/\/www.remonen.fi\/WP\/wp-content\/uploads\/2016\/07\/porvoo_2016-1.jpg\"><img loading=\"lazy\" decoding=\"async\" class=\"aligncenter wp-image-7946\" title=\"Aperture: &#402;\/6.3 | Camera: NEX-5N | Taken: 11 hein\u00e4kuun, 2016 | Copyright: (c) Matti Remonen | Exposure bias: +2.3EV | Flash fired: no | Focal length: 32mm | ISO: 100 | Shutter speed: 1\/60s | \" src=\"http:\/\/www.remonen.fi\/WP\/wp-content\/uploads\/2016\/07\/porvoo_2016-1.jpg\" alt=\"Porvoo\" width=\"585\" height=\"880\" srcset=\"https:\/\/www.remonen.fi\/WP\/wp-content\/uploads\/2016\/07\/porvoo_2016-1.jpg 851w, https:\/\/www.remonen.fi\/WP\/wp-content\/uploads\/2016\/07\/porvoo_2016-1-199x300.jpg 199w, https:\/\/www.remonen.fi\/WP\/wp-content\/uploads\/2016\/07\/porvoo_2016-1-452x680.jpg 452w, https:\/\/www.remonen.fi\/WP\/wp-content\/uploads\/2016\/07\/porvoo_2016-1-768x1155.jpg 768w, https:\/\/www.remonen.fi\/WP\/wp-content\/uploads\/2016\/07\/porvoo_2016-1-681x1024.jpg 681w, https:\/\/www.remonen.fi\/WP\/wp-content\/uploads\/2016\/07\/porvoo_2016-1-440x662.jpg 440w, https:\/\/www.remonen.fi\/WP\/wp-content\/uploads\/2016\/07\/porvoo_2016-1-300x451.jpg 300w\" sizes=\"(max-width: 585px) 100vw, 585px\" \/><\/a><\/div>\n<p><br class=\"clear\"\/><\/p>\n<p>Kamerana siis Sony NEX-5N + SEL1855 + IR720-suodin.<\/p>\n","protected":false},"excerpt":{"rendered":"<p>T\u00e4ll\u00e4 kertaa infrapunainen. Eli kuvat otettu IR-konvertoidulla Sony NEX-5N -kameralla ja k\u00e4ytt\u00e4en 720nm suodinta (siis kennolle p\u00e4\u00e4tyy vain punainen ja infrapunainen). Kuvat on sen j\u00e4lkeen konvertoitu mustavalkoiksiksi, koska puna-harmaa ei ole kovin miellytt\u00e4v\u00e4. IR kuvat tunnistaa yleens\u00e4 siit\u00e4, kun kaikki kasvillisuus on valkoista, johtuen siit\u00e4 kun ne k\u00e4yt\u00e4nn\u00f6ss\u00e4 heijastavat kaiken infrapunavalon. Sen sijaan sininen taivas [&hellip;]<\/p>\n","protected":false},"author":2,"featured_media":7945,"comment_status":"open","ping_status":"closed","sticky":false,"template":"","format":"standard","meta":{"footnotes":""},"categories":[16],"tags":[292,62],"yoast_head":"<!-- This site is optimized with the Yoast SEO plugin v24.5 - https:\/\/yoast.com\/wordpress\/plugins\/seo\/ -->\n<title>Punainen Porvoo &#187; remonen.fi<\/title>\n<meta name=\"description\" content=\"Punainen Porvoo - siis infrapunainen. Kes\u00e4inen Porvoo n\u00e4htyn\u00e4 t\u00e4ll\u00e4 kertaa infrapunakameran takaa matkalla Kotkaan.\" \/>\n<meta name=\"robots\" content=\"index, follow, max-snippet:-1, max-image-preview:large, max-video-preview:-1\" \/>\n<link rel=\"canonical\" href=\"https:\/\/www.remonen.fi\/WP\/blogi\/punainen-porvoo\/\" \/>\n<meta property=\"og:locale\" content=\"fi_FI\" \/>\n<meta property=\"og:type\" content=\"article\" \/>\n<meta property=\"og:title\" content=\"Punainen Porvoo &#187; remonen.fi\" \/>\n<meta property=\"og:description\" content=\"Punainen Porvoo - siis infrapunainen. Kes\u00e4inen Porvoo n\u00e4htyn\u00e4 t\u00e4ll\u00e4 kertaa infrapunakameran takaa matkalla Kotkaan.\" \/>\n<meta property=\"og:url\" content=\"https:\/\/www.remonen.fi\/WP\/blogi\/punainen-porvoo\/\" \/>\n<meta property=\"og:site_name\" content=\"remonen.fi\" \/>\n<meta property=\"article:published_time\" content=\"2016-07-11T17:01:07+00:00\" \/>\n<meta property=\"og:image\" content=\"https:\/\/www.remonen.fi\/WP\/wp-content\/uploads\/2016\/07\/porvoo_2016-8.jpg\" \/>\n\t<meta property=\"og:image:width\" content=\"1280\" \/>\n\t<meta property=\"og:image:height\" content=\"851\" \/>\n\t<meta property=\"og:image:type\" content=\"image\/jpeg\" \/>\n<meta name=\"author\" content=\"Matti Remonen\" \/>\n<meta name=\"twitter:label1\" content=\"Kirjoittanut\" \/>\n\t<meta name=\"twitter:data1\" content=\"Matti Remonen\" \/>\n\t<meta name=\"twitter:label2\" content=\"Arvioitu lukuaika\" \/>\n\t<meta name=\"twitter:data2\" content=\"1 minuutti\" \/>\n<script type=\"application\/ld+json\" class=\"yoast-schema-graph\">{\"@context\":\"https:\/\/schema.org\",\"@graph\":[{\"@type\":\"Article\",\"@id\":\"https:\/\/www.remonen.fi\/WP\/blogi\/punainen-porvoo\/#article\",\"isPartOf\":{\"@id\":\"https:\/\/www.remonen.fi\/WP\/blogi\/punainen-porvoo\/\"},\"author\":{\"name\":\"Matti Remonen\",\"@id\":\"https:\/\/www.remonen.fi\/WP\/#\/schema\/person\/1803c23d1d4f6722054eb2ac7f7a97cd\"},\"headline\":\"Punainen Porvoo\",\"datePublished\":\"2016-07-11T17:01:07+00:00\",\"mainEntityOfPage\":{\"@id\":\"https:\/\/www.remonen.fi\/WP\/blogi\/punainen-porvoo\/\"},\"wordCount\":124,\"commentCount\":0,\"publisher\":{\"@id\":\"https:\/\/www.remonen.fi\/WP\/#\/schema\/person\/1803c23d1d4f6722054eb2ac7f7a97cd\"},\"image\":{\"@id\":\"https:\/\/www.remonen.fi\/WP\/blogi\/punainen-porvoo\/#primaryimage\"},\"thumbnailUrl\":\"https:\/\/www.remonen.fi\/WP\/wp-content\/uploads\/2016\/07\/porvoo_2016-8.jpg\",\"keywords\":[\"Infrapuna\",\"Porvoo\"],\"articleSection\":[\"Blog\"],\"inLanguage\":\"fi\",\"potentialAction\":[{\"@type\":\"CommentAction\",\"name\":\"Comment\",\"target\":[\"https:\/\/www.remonen.fi\/WP\/blogi\/punainen-porvoo\/#respond\"]}]},{\"@type\":\"WebPage\",\"@id\":\"https:\/\/www.remonen.fi\/WP\/blogi\/punainen-porvoo\/\",\"url\":\"https:\/\/www.remonen.fi\/WP\/blogi\/punainen-porvoo\/\",\"name\":\"Punainen Porvoo &#187; remonen.fi\",\"isPartOf\":{\"@id\":\"https:\/\/www.remonen.fi\/WP\/#website\"},\"primaryImageOfPage\":{\"@id\":\"https:\/\/www.remonen.fi\/WP\/blogi\/punainen-porvoo\/#primaryimage\"},\"image\":{\"@id\":\"https:\/\/www.remonen.fi\/WP\/blogi\/punainen-porvoo\/#primaryimage\"},\"thumbnailUrl\":\"https:\/\/www.remonen.fi\/WP\/wp-content\/uploads\/2016\/07\/porvoo_2016-8.jpg\",\"datePublished\":\"2016-07-11T17:01:07+00:00\",\"description\":\"Punainen Porvoo - siis infrapunainen. Kes\u00e4inen Porvoo n\u00e4htyn\u00e4 t\u00e4ll\u00e4 kertaa infrapunakameran takaa matkalla Kotkaan.\",\"breadcrumb\":{\"@id\":\"https:\/\/www.remonen.fi\/WP\/blogi\/punainen-porvoo\/#breadcrumb\"},\"inLanguage\":\"fi\",\"potentialAction\":[{\"@type\":\"ReadAction\",\"target\":[\"https:\/\/www.remonen.fi\/WP\/blogi\/punainen-porvoo\/\"]}]},{\"@type\":\"ImageObject\",\"inLanguage\":\"fi\",\"@id\":\"https:\/\/www.remonen.fi\/WP\/blogi\/punainen-porvoo\/#primaryimage\",\"url\":\"https:\/\/www.remonen.fi\/WP\/wp-content\/uploads\/2016\/07\/porvoo_2016-8.jpg\",\"contentUrl\":\"https:\/\/www.remonen.fi\/WP\/wp-content\/uploads\/2016\/07\/porvoo_2016-8.jpg\",\"width\":1280,\"height\":851,\"caption\":\"[exif id=\\\"7945\\\"]\"},{\"@type\":\"BreadcrumbList\",\"@id\":\"https:\/\/www.remonen.fi\/WP\/blogi\/punainen-porvoo\/#breadcrumb\",\"itemListElement\":[{\"@type\":\"ListItem\",\"position\":1,\"name\":\"Etusivu\",\"item\":\"https:\/\/www.remonen.fi\/WP\/\"},{\"@type\":\"ListItem\",\"position\":2,\"name\":\"Punainen Porvoo\"}]},{\"@type\":\"WebSite\",\"@id\":\"https:\/\/www.remonen.fi\/WP\/#website\",\"url\":\"https:\/\/www.remonen.fi\/WP\/\",\"name\":\"remonen.fi\",\"description\":\"Valokuvia ja tarinaa laidasta laitaan\",\"publisher\":{\"@id\":\"https:\/\/www.remonen.fi\/WP\/#\/schema\/person\/1803c23d1d4f6722054eb2ac7f7a97cd\"},\"potentialAction\":[{\"@type\":\"SearchAction\",\"target\":{\"@type\":\"EntryPoint\",\"urlTemplate\":\"https:\/\/www.remonen.fi\/WP\/?s={search_term_string}\"},\"query-input\":{\"@type\":\"PropertyValueSpecification\",\"valueRequired\":true,\"valueName\":\"search_term_string\"}}],\"inLanguage\":\"fi\"},{\"@type\":[\"Person\",\"Organization\"],\"@id\":\"https:\/\/www.remonen.fi\/WP\/#\/schema\/person\/1803c23d1d4f6722054eb2ac7f7a97cd\",\"name\":\"Matti Remonen\",\"logo\":{\"@id\":\"https:\/\/www.remonen.fi\/WP\/#\/schema\/person\/image\/\"},\"url\":\"https:\/\/www.remonen.fi\/WP\/blogi\/author\/mre\/\"}]}<\/script>\n<!-- \/ Yoast SEO plugin. -->","yoast_head_json":{"title":"Punainen Porvoo &#187; remonen.fi","description":"Punainen Porvoo - siis infrapunainen. Kes\u00e4inen Porvoo n\u00e4htyn\u00e4 t\u00e4ll\u00e4 kertaa infrapunakameran takaa matkalla Kotkaan.","robots":{"index":"index","follow":"follow","max-snippet":"max-snippet:-1","max-image-preview":"max-image-preview:large","max-video-preview":"max-video-preview:-1"},"canonical":"https:\/\/www.remonen.fi\/WP\/blogi\/punainen-porvoo\/","og_locale":"fi_FI","og_type":"article","og_title":"Punainen Porvoo &#187; remonen.fi","og_description":"Punainen Porvoo - siis infrapunainen. Kes\u00e4inen Porvoo n\u00e4htyn\u00e4 t\u00e4ll\u00e4 kertaa infrapunakameran takaa matkalla Kotkaan.","og_url":"https:\/\/www.remonen.fi\/WP\/blogi\/punainen-porvoo\/","og_site_name":"remonen.fi","article_published_time":"2016-07-11T17:01:07+00:00","og_image":[{"width":1280,"height":851,"url":"https:\/\/www.remonen.fi\/WP\/wp-content\/uploads\/2016\/07\/porvoo_2016-8.jpg","type":"image\/jpeg"}],"author":"Matti Remonen","twitter_misc":{"Kirjoittanut":"Matti Remonen","Arvioitu lukuaika":"1 minuutti"},"schema":{"@context":"https:\/\/schema.org","@graph":[{"@type":"Article","@id":"https:\/\/www.remonen.fi\/WP\/blogi\/punainen-porvoo\/#article","isPartOf":{"@id":"https:\/\/www.remonen.fi\/WP\/blogi\/punainen-porvoo\/"},"author":{"name":"Matti Remonen","@id":"https:\/\/www.remonen.fi\/WP\/#\/schema\/person\/1803c23d1d4f6722054eb2ac7f7a97cd"},"headline":"Punainen Porvoo","datePublished":"2016-07-11T17:01:07+00:00","mainEntityOfPage":{"@id":"https:\/\/www.remonen.fi\/WP\/blogi\/punainen-porvoo\/"},"wordCount":124,"commentCount":0,"publisher":{"@id":"https:\/\/www.remonen.fi\/WP\/#\/schema\/person\/1803c23d1d4f6722054eb2ac7f7a97cd"},"image":{"@id":"https:\/\/www.remonen.fi\/WP\/blogi\/punainen-porvoo\/#primaryimage"},"thumbnailUrl":"https:\/\/www.remonen.fi\/WP\/wp-content\/uploads\/2016\/07\/porvoo_2016-8.jpg","keywords":["Infrapuna","Porvoo"],"articleSection":["Blog"],"inLanguage":"fi","potentialAction":[{"@type":"CommentAction","name":"Comment","target":["https:\/\/www.remonen.fi\/WP\/blogi\/punainen-porvoo\/#respond"]}]},{"@type":"WebPage","@id":"https:\/\/www.remonen.fi\/WP\/blogi\/punainen-porvoo\/","url":"https:\/\/www.remonen.fi\/WP\/blogi\/punainen-porvoo\/","name":"Punainen Porvoo &#187; remonen.fi","isPartOf":{"@id":"https:\/\/www.remonen.fi\/WP\/#website"},"primaryImageOfPage":{"@id":"https:\/\/www.remonen.fi\/WP\/blogi\/punainen-porvoo\/#primaryimage"},"image":{"@id":"https:\/\/www.remonen.fi\/WP\/blogi\/punainen-porvoo\/#primaryimage"},"thumbnailUrl":"https:\/\/www.remonen.fi\/WP\/wp-content\/uploads\/2016\/07\/porvoo_2016-8.jpg","datePublished":"2016-07-11T17:01:07+00:00","description":"Punainen Porvoo - siis infrapunainen. Kes\u00e4inen Porvoo n\u00e4htyn\u00e4 t\u00e4ll\u00e4 kertaa infrapunakameran takaa matkalla Kotkaan.","breadcrumb":{"@id":"https:\/\/www.remonen.fi\/WP\/blogi\/punainen-porvoo\/#breadcrumb"},"inLanguage":"fi","potentialAction":[{"@type":"ReadAction","target":["https:\/\/www.remonen.fi\/WP\/blogi\/punainen-porvoo\/"]}]},{"@type":"ImageObject","inLanguage":"fi","@id":"https:\/\/www.remonen.fi\/WP\/blogi\/punainen-porvoo\/#primaryimage","url":"https:\/\/www.remonen.fi\/WP\/wp-content\/uploads\/2016\/07\/porvoo_2016-8.jpg","contentUrl":"https:\/\/www.remonen.fi\/WP\/wp-content\/uploads\/2016\/07\/porvoo_2016-8.jpg","width":1280,"height":851,"caption":"[exif id=\"7945\"]"},{"@type":"BreadcrumbList","@id":"https:\/\/www.remonen.fi\/WP\/blogi\/punainen-porvoo\/#breadcrumb","itemListElement":[{"@type":"ListItem","position":1,"name":"Etusivu","item":"https:\/\/www.remonen.fi\/WP\/"},{"@type":"ListItem","position":2,"name":"Punainen Porvoo"}]},{"@type":"WebSite","@id":"https:\/\/www.remonen.fi\/WP\/#website","url":"https:\/\/www.remonen.fi\/WP\/","name":"remonen.fi","description":"Valokuvia ja tarinaa laidasta laitaan","publisher":{"@id":"https:\/\/www.remonen.fi\/WP\/#\/schema\/person\/1803c23d1d4f6722054eb2ac7f7a97cd"},"potentialAction":[{"@type":"SearchAction","target":{"@type":"EntryPoint","urlTemplate":"https:\/\/www.remonen.fi\/WP\/?s={search_term_string}"},"query-input":{"@type":"PropertyValueSpecification","valueRequired":true,"valueName":"search_term_string"}}],"inLanguage":"fi"},{"@type":["Person","Organization"],"@id":"https:\/\/www.remonen.fi\/WP\/#\/schema\/person\/1803c23d1d4f6722054eb2ac7f7a97cd","name":"Matti Remonen","logo":{"@id":"https:\/\/www.remonen.fi\/WP\/#\/schema\/person\/image\/"},"url":"https:\/\/www.remonen.fi\/WP\/blogi\/author\/mre\/"}]}},"_links":{"self":[{"href":"https:\/\/www.remonen.fi\/WP\/wp-json\/wp\/v2\/posts\/7944"}],"collection":[{"href":"https:\/\/www.remonen.fi\/WP\/wp-json\/wp\/v2\/posts"}],"about":[{"href":"https:\/\/www.remonen.fi\/WP\/wp-json\/wp\/v2\/types\/post"}],"author":[{"embeddable":true,"href":"https:\/\/www.remonen.fi\/WP\/wp-json\/wp\/v2\/users\/2"}],"replies":[{"embeddable":true,"href":"https:\/\/www.remonen.fi\/WP\/wp-json\/wp\/v2\/comments?post=7944"}],"version-history":[{"count":0,"href":"https:\/\/www.remonen.fi\/WP\/wp-json\/wp\/v2\/posts\/7944\/revisions"}],"wp:featuredmedia":[{"embeddable":true,"href":"https:\/\/www.remonen.fi\/WP\/wp-json\/wp\/v2\/media\/7945"}],"wp:attachment":[{"href":"https:\/\/www.remonen.fi\/WP\/wp-json\/wp\/v2\/media?parent=7944"}],"wp:term":[{"taxonomy":"category","embeddable":true,"href":"https:\/\/www.remonen.fi\/WP\/wp-json\/wp\/v2\/categories?post=7944"},{"taxonomy":"post_tag","embeddable":true,"href":"https:\/\/www.remonen.fi\/WP\/wp-json\/wp\/v2\/tags?post=7944"}],"curies":[{"name":"wp","href":"https:\/\/api.w.org\/{rel}","templated":true}]}}