{"id":7956,"date":"2016-07-15T15:50:27","date_gmt":"2016-07-15T12:50:27","guid":{"rendered":"http:\/\/www.remonen.fi\/?p=7956"},"modified":"2016-07-17T21:18:12","modified_gmt":"2016-07-17T18:18:12","slug":"kaupunkia-kameralla","status":"publish","type":"post","link":"https:\/\/www.remonen.fi\/WP\/blogi\/kaupunkia-kameralla\/","title":{"rendered":"Kaisa Niemi"},"content":{"rendered":"<p>Loma &#8211; tuo kaikkien ty\u00f6ss\u00e4k\u00e4yvien suurin vihollinen &#8211; on taas p\u00e4\u00e4ssyt minutkin yll\u00e4tt\u00e4m\u00e4\u00e4n. Lomallahan on t\u00e4rke\u00e4\u00e4 koko ajan olla menossa johonkin ja hampaat irvess\u00e4 kokea asioita, joista on haaveillut silloin kun istuu toimistossa ja pomo huutaa. Joten ei auttanut mik\u00e4\u00e4n, vaan oli pakattava kamera reppuun ja l\u00e4hdett\u00e4v\u00e4 lomailemaan viel\u00e4 ne suussa olevat hampaat irvess\u00e4.<\/p>\n<p><a href=\"http:\/\/www.remonen.fi\/WP\/wp-content\/uploads\/2016\/07\/helsinki_kes\u00e4_16-1.jpg\"><img loading=\"lazy\" decoding=\"async\" class=\"aligncenter wp-image-7958\" title=\"Aperture: &#402;\/5.6 | Camera: ILCE-6000 | Taken: 13 hein\u00e4kuun, 2016 | Copyright: (c) Matti Remonen | Flash fired: no | Focal length: 24mm | ISO: 100 | Keywords: Helsinki, Keskusta, Maat - Kaupungit - Paikat, Suomi | Shutter speed: 1\/80s | \" src=\"http:\/\/www.remonen.fi\/WP\/wp-content\/uploads\/2016\/07\/helsinki_kes\u00e4_16-1.jpg\" alt=\"Helsinki Kaisaniemi\" width=\"880\" height=\"586\" srcset=\"https:\/\/www.remonen.fi\/WP\/wp-content\/uploads\/2016\/07\/helsinki_kes\u00e4_16-1.jpg 1280w, https:\/\/www.remonen.fi\/WP\/wp-content\/uploads\/2016\/07\/helsinki_kes\u00e4_16-1-300x200.jpg 300w, https:\/\/www.remonen.fi\/WP\/wp-content\/uploads\/2016\/07\/helsinki_kes\u00e4_16-1-680x453.jpg 680w, https:\/\/www.remonen.fi\/WP\/wp-content\/uploads\/2016\/07\/helsinki_kes\u00e4_16-1-768x512.jpg 768w, https:\/\/www.remonen.fi\/WP\/wp-content\/uploads\/2016\/07\/helsinki_kes\u00e4_16-1-1024x682.jpg 1024w, https:\/\/www.remonen.fi\/WP\/wp-content\/uploads\/2016\/07\/helsinki_kes\u00e4_16-1-440x293.jpg 440w, https:\/\/www.remonen.fi\/WP\/wp-content\/uploads\/2016\/07\/helsinki_kes\u00e4_16-1-960x640.jpg 960w\" sizes=\"(max-width: 880px) 100vw, 880px\" \/><\/a><\/p>\n<p>Koska p\u00e4\u00e4timme vaimon kanssa olla turisteja, ostimme p\u00e4iv\u00e4liput julkisiin liikennev\u00e4lineisiin. Niinh\u00e4n turistit tapaavat tehd\u00e4. Hypp\u00e4simme metroon ja hujautimme ex-Kaisaniemeen, nykyisin Helsingin Yliopistoon. Helsinki Universitet.<\/p>\n<p><a href=\"http:\/\/www.remonen.fi\/WP\/wp-content\/uploads\/2016\/07\/helsinki_kes\u00e4_16-2.jpg\"><img loading=\"lazy\" decoding=\"async\" class=\"aligncenter wp-image-7959\" title=\"Aperture: &#402;\/5.6 | Camera: ILCE-6000 | Taken: 13 hein\u00e4kuun, 2016 | Copyright: (c) Matti Remonen | Flash fired: no | Focal length: 24mm | ISO: 100 | Keywords: Helsinki, Keskusta, Maat - Kaupungit - Paikat, Suomi | Shutter speed: 1\/60s | \" src=\"http:\/\/www.remonen.fi\/WP\/wp-content\/uploads\/2016\/07\/helsinki_kes\u00e4_16-2.jpg\" alt=\"Helsinki Kaisaniemi\" width=\"586\" height=\"880\" srcset=\"https:\/\/www.remonen.fi\/WP\/wp-content\/uploads\/2016\/07\/helsinki_kes\u00e4_16-2.jpg 853w, https:\/\/www.remonen.fi\/WP\/wp-content\/uploads\/2016\/07\/helsinki_kes\u00e4_16-2-200x300.jpg 200w, https:\/\/www.remonen.fi\/WP\/wp-content\/uploads\/2016\/07\/helsinki_kes\u00e4_16-2-453x680.jpg 453w, https:\/\/www.remonen.fi\/WP\/wp-content\/uploads\/2016\/07\/helsinki_kes\u00e4_16-2-768x1152.jpg 768w, https:\/\/www.remonen.fi\/WP\/wp-content\/uploads\/2016\/07\/helsinki_kes\u00e4_16-2-682x1024.jpg 682w, https:\/\/www.remonen.fi\/WP\/wp-content\/uploads\/2016\/07\/helsinki_kes\u00e4_16-2-440x660.jpg 440w, https:\/\/www.remonen.fi\/WP\/wp-content\/uploads\/2016\/07\/helsinki_kes\u00e4_16-2-300x450.jpg 300w\" sizes=\"(max-width: 586px) 100vw, 586px\" \/><\/a><\/p>\n<p>Mulla onkin ollut jo pidemm\u00e4n aikaa tavoitteena k\u00e4yd\u00e4 Yliopiston kirjastossa, joka on siis Kaisaniemess\u00e4 vanhoissa Pukevan tiloissa. Tosin Pukeva taitaa olla ollut manan majoilla jo useamman kymmenen vuotta, mutta kirjasto siin\u00e4 on. Ja mink\u00e4lainen. En ymm\u00e4rr\u00e4, ett\u00e4 miksi Suomeen kaavaillaan jotain Guggenheimia , kun Kaisaniemen kirjasto on Guggenheimilaisempi kun Guggenheim konsaan. Jos ette usko, niin k\u00e4yk\u00e4\u00e4p\u00e4 katsomassa. 100% sama muotokieli, kuin NYCin Guggenheimissa. Ja sis\u00e4lle ei maksa mit\u00e4\u00e4n. Lis\u00e4ksi jos hyllyss\u00e4 olevat tuhannet kirjat eiv\u00e4t ole nykytaidetta parhaimmillaan, niin mik\u00e4 sitten?<\/p>\n<p><div id=\"attachment_7971\" style=\"width: 596px\" class=\"wp-caption aligncenter\"><a href=\"http:\/\/www.remonen.fi\/WP\/wp-content\/uploads\/2016\/07\/helsinki_kes\u00e4_16-2-2.jpg\"><img loading=\"lazy\" decoding=\"async\" aria-describedby=\"caption-attachment-7971\" class=\"wp-image-7971\" title=\"Aperture: &#402;\/5.6 | Camera: ILCE-6000 | Taken: 13 hein\u00e4kuun, 2016 | Copyright: (c) Matti Remonen | Flash fired: no | Focal length: 24mm | ISO: 320 | Keywords: Helsinki, Keskusta, Maat - Kaupungit - Paikat, Suomi | Shutter speed: 1\/60s | \" src=\"http:\/\/www.remonen.fi\/WP\/wp-content\/uploads\/2016\/07\/helsinki_kes\u00e4_16-2-2.jpg\" alt=\"Helsinki Kaisa Niemi\" width=\"586\" height=\"880\" srcset=\"https:\/\/www.remonen.fi\/WP\/wp-content\/uploads\/2016\/07\/helsinki_kes\u00e4_16-2-2.jpg 853w, https:\/\/www.remonen.fi\/WP\/wp-content\/uploads\/2016\/07\/helsinki_kes\u00e4_16-2-2-200x300.jpg 200w, https:\/\/www.remonen.fi\/WP\/wp-content\/uploads\/2016\/07\/helsinki_kes\u00e4_16-2-2-453x680.jpg 453w, https:\/\/www.remonen.fi\/WP\/wp-content\/uploads\/2016\/07\/helsinki_kes\u00e4_16-2-2-768x1152.jpg 768w, https:\/\/www.remonen.fi\/WP\/wp-content\/uploads\/2016\/07\/helsinki_kes\u00e4_16-2-2-682x1024.jpg 682w, https:\/\/www.remonen.fi\/WP\/wp-content\/uploads\/2016\/07\/helsinki_kes\u00e4_16-2-2-440x660.jpg 440w, https:\/\/www.remonen.fi\/WP\/wp-content\/uploads\/2016\/07\/helsinki_kes\u00e4_16-2-2-300x450.jpg 300w\" sizes=\"(max-width: 586px) 100vw, 586px\" \/><\/a><p id=\"caption-attachment-7971\" class=\"wp-caption-text\">Gaisaniemen Kukkenheim<\/p><\/div>G:st\u00e4 selvitty\u00e4mme lompsimme Kaisaniemen Kasvitieteelliseen puutarhaan. Olen tosin aina luullut, ett\u00e4 se on Yliopiston Kasvitieteellinen puutarha, mutta ilmeisesti kun Kaisaniemen metroaseman nimi vaihdettiin Yliopistoksi, niin ylij\u00e4\u00e4nyt Kaisaniemi piti sitten laittaa johonkin. Ja se ryk\u00e4istiin nyt tuonne. Parempi sekin kuin vaikka Kaisaniemien Apteekki, joka sijaitsisi T\u00f6\u00f6l\u00f6ss\u00e4&#8230;<\/p>\n<p><a href=\"http:\/\/www.remonen.fi\/WP\/wp-content\/uploads\/2016\/07\/helsinki_kes\u00e4_16-7.jpg\"><img loading=\"lazy\" decoding=\"async\" class=\"aligncenter wp-image-7964\" title=\"Aperture: &#402;\/5.6 | Camera: ILCE-6000 | Taken: 13 hein\u00e4kuun, 2016 | Copyright: (c) Matti Remonen | Flash fired: no | Focal length: 24mm | ISO: 2500 | Keywords: Helsinki, Keskusta, Maat - Kaupungit - Paikat, Suomi | Shutter speed: 1\/60s | \" src=\"http:\/\/www.remonen.fi\/WP\/wp-content\/uploads\/2016\/07\/helsinki_kes\u00e4_16-7.jpg\" alt=\"Helsinki Kaisaniemi\" width=\"880\" height=\"586\" srcset=\"https:\/\/www.remonen.fi\/WP\/wp-content\/uploads\/2016\/07\/helsinki_kes\u00e4_16-7.jpg 1280w, https:\/\/www.remonen.fi\/WP\/wp-content\/uploads\/2016\/07\/helsinki_kes\u00e4_16-7-300x200.jpg 300w, https:\/\/www.remonen.fi\/WP\/wp-content\/uploads\/2016\/07\/helsinki_kes\u00e4_16-7-680x453.jpg 680w, https:\/\/www.remonen.fi\/WP\/wp-content\/uploads\/2016\/07\/helsinki_kes\u00e4_16-7-768x512.jpg 768w, https:\/\/www.remonen.fi\/WP\/wp-content\/uploads\/2016\/07\/helsinki_kes\u00e4_16-7-1024x682.jpg 1024w, https:\/\/www.remonen.fi\/WP\/wp-content\/uploads\/2016\/07\/helsinki_kes\u00e4_16-7-440x293.jpg 440w, https:\/\/www.remonen.fi\/WP\/wp-content\/uploads\/2016\/07\/helsinki_kes\u00e4_16-7-960x640.jpg 960w\" sizes=\"(max-width: 880px) 100vw, 880px\" \/><\/a><\/p>\n<div class=\"one_half \"><a href=\"http:\/\/www.remonen.fi\/WP\/wp-content\/uploads\/2016\/07\/helsinki_kes\u00e4_16-5.jpg\"><img loading=\"lazy\" decoding=\"async\" class=\"aligncenter wp-image-7962\" title=\"Aperture: &#402;\/5.6 | Camera: ILCE-6000 | Taken: 13 hein\u00e4kuun, 2016 | Copyright: (c) Matti Remonen | Flash fired: no | Focal length: 24mm | ISO: 100 | Keywords: Helsinki, Keskusta, Maat - Kaupungit - Paikat, Suomi | Shutter speed: 1\/640s | \" src=\"http:\/\/www.remonen.fi\/WP\/wp-content\/uploads\/2016\/07\/helsinki_kes\u00e4_16-5.jpg\" alt=\"Helsinki Kaisaniemi\" width=\"586\" height=\"880\" srcset=\"https:\/\/www.remonen.fi\/WP\/wp-content\/uploads\/2016\/07\/helsinki_kes\u00e4_16-5.jpg 853w, https:\/\/www.remonen.fi\/WP\/wp-content\/uploads\/2016\/07\/helsinki_kes\u00e4_16-5-200x300.jpg 200w, https:\/\/www.remonen.fi\/WP\/wp-content\/uploads\/2016\/07\/helsinki_kes\u00e4_16-5-453x680.jpg 453w, https:\/\/www.remonen.fi\/WP\/wp-content\/uploads\/2016\/07\/helsinki_kes\u00e4_16-5-768x1152.jpg 768w, https:\/\/www.remonen.fi\/WP\/wp-content\/uploads\/2016\/07\/helsinki_kes\u00e4_16-5-682x1024.jpg 682w, https:\/\/www.remonen.fi\/WP\/wp-content\/uploads\/2016\/07\/helsinki_kes\u00e4_16-5-440x660.jpg 440w, https:\/\/www.remonen.fi\/WP\/wp-content\/uploads\/2016\/07\/helsinki_kes\u00e4_16-5-300x450.jpg 300w\" sizes=\"(max-width: 586px) 100vw, 586px\" \/><\/a><\/div>\n<div class=\"one_half last \"><a href=\"http:\/\/www.remonen.fi\/WP\/wp-content\/uploads\/2016\/07\/helsinki_kes\u00e4_16-4.jpg\"><img loading=\"lazy\" decoding=\"async\" class=\"aligncenter wp-image-7961\" title=\"Aperture: &#402;\/5.6 | Camera: ILCE-6000 | Taken: 13 hein\u00e4kuun, 2016 | Copyright: (c) Matti Remonen | Flash fired: no | Focal length: 24mm | ISO: 100 | Keywords: Helsinki, Keskusta, Maat - Kaupungit - Paikat, Suomi | Shutter speed: 1\/800s | \" src=\"http:\/\/www.remonen.fi\/WP\/wp-content\/uploads\/2016\/07\/helsinki_kes\u00e4_16-4.jpg\" alt=\"Helsinki Kaisaniemi\" width=\"586\" height=\"880\" srcset=\"https:\/\/www.remonen.fi\/WP\/wp-content\/uploads\/2016\/07\/helsinki_kes\u00e4_16-4.jpg 853w, https:\/\/www.remonen.fi\/WP\/wp-content\/uploads\/2016\/07\/helsinki_kes\u00e4_16-4-200x300.jpg 200w, https:\/\/www.remonen.fi\/WP\/wp-content\/uploads\/2016\/07\/helsinki_kes\u00e4_16-4-453x680.jpg 453w, https:\/\/www.remonen.fi\/WP\/wp-content\/uploads\/2016\/07\/helsinki_kes\u00e4_16-4-768x1152.jpg 768w, https:\/\/www.remonen.fi\/WP\/wp-content\/uploads\/2016\/07\/helsinki_kes\u00e4_16-4-682x1024.jpg 682w, https:\/\/www.remonen.fi\/WP\/wp-content\/uploads\/2016\/07\/helsinki_kes\u00e4_16-4-440x660.jpg 440w, https:\/\/www.remonen.fi\/WP\/wp-content\/uploads\/2016\/07\/helsinki_kes\u00e4_16-4-300x450.jpg 300w\" sizes=\"(max-width: 586px) 100vw, 586px\" \/><\/a><\/div>\n<p><br class=\"clear\"\/><\/p>\n<p><a href=\"http:\/\/www.remonen.fi\/WP\/wp-content\/uploads\/2016\/07\/helsinki_kes\u00e4_16-6.jpg\"><img loading=\"lazy\" decoding=\"async\" class=\"aligncenter wp-image-7963\" title=\"Aperture: &#402;\/5.6 | Camera: ILCE-6000 | Taken: 13 hein\u00e4kuun, 2016 | Copyright: (c) Matti Remonen | Flash fired: no | Focal length: 24mm | ISO: 100 | Keywords: Helsinki, Keskusta, Maat - Kaupungit - Paikat, Suomi | Shutter speed: 1\/500s | \" src=\"http:\/\/www.remonen.fi\/WP\/wp-content\/uploads\/2016\/07\/helsinki_kes\u00e4_16-6.jpg\" alt=\"Helsinki Kaisaniemi\" width=\"880\" height=\"586\" srcset=\"https:\/\/www.remonen.fi\/WP\/wp-content\/uploads\/2016\/07\/helsinki_kes\u00e4_16-6.jpg 1280w, https:\/\/www.remonen.fi\/WP\/wp-content\/uploads\/2016\/07\/helsinki_kes\u00e4_16-6-300x200.jpg 300w, https:\/\/www.remonen.fi\/WP\/wp-content\/uploads\/2016\/07\/helsinki_kes\u00e4_16-6-680x453.jpg 680w, https:\/\/www.remonen.fi\/WP\/wp-content\/uploads\/2016\/07\/helsinki_kes\u00e4_16-6-768x512.jpg 768w, https:\/\/www.remonen.fi\/WP\/wp-content\/uploads\/2016\/07\/helsinki_kes\u00e4_16-6-1024x682.jpg 1024w, https:\/\/www.remonen.fi\/WP\/wp-content\/uploads\/2016\/07\/helsinki_kes\u00e4_16-6-440x293.jpg 440w, https:\/\/www.remonen.fi\/WP\/wp-content\/uploads\/2016\/07\/helsinki_kes\u00e4_16-6-960x640.jpg 960w\" sizes=\"(max-width: 880px) 100vw, 880px\" \/><\/a><\/p>\n<p>Tuo puutarha henkii kyll\u00e4 sellaista sadan vuoden takaista fiilist\u00e4, ettei mit\u00e4\u00e4n. Sen kunniaksi sitten pitikin tuo kasvihuoneista ottamani kuva k\u00e4sitell\u00e4 hieman paremmin tunnelmaan sopivaksi, mutta tuolla olisi voinut ajatella kohtaavansa knallip\u00e4isi\u00e4 herroja kuljeskelemassa fr\u00f6\u00f6kyn\u00f6iden kanssa k\u00e4sikynkk\u00e4\u00e4. Todellisuus tosin oli japanilaisia turisteja ja paikallisia ty\u00f6miehi\u00e4.<\/p>\n<p><a href=\"http:\/\/www.remonen.fi\/WP\/wp-content\/uploads\/2016\/07\/helsinki_kes\u00e4_16-8.jpg\"><img loading=\"lazy\" decoding=\"async\" class=\"aligncenter wp-image-7965\" title=\"Aperture: &#402;\/5.6 | Camera: ILCE-6000 | Taken: 13 hein\u00e4kuun, 2016 | Copyright: (c) Matti Remonen | Flash fired: no | Focal length: 24mm | ISO: 100 | Keywords: Helsinki, Keskusta, Maat - Kaupungit - Paikat, Suomi | Shutter speed: 1\/800s | \" src=\"http:\/\/www.remonen.fi\/WP\/wp-content\/uploads\/2016\/07\/helsinki_kes\u00e4_16-8.jpg\" alt=\"Helsinki Kaisaniemi\" width=\"880\" height=\"586\" srcset=\"https:\/\/www.remonen.fi\/WP\/wp-content\/uploads\/2016\/07\/helsinki_kes\u00e4_16-8.jpg 1280w, https:\/\/www.remonen.fi\/WP\/wp-content\/uploads\/2016\/07\/helsinki_kes\u00e4_16-8-300x200.jpg 300w, https:\/\/www.remonen.fi\/WP\/wp-content\/uploads\/2016\/07\/helsinki_kes\u00e4_16-8-680x453.jpg 680w, https:\/\/www.remonen.fi\/WP\/wp-content\/uploads\/2016\/07\/helsinki_kes\u00e4_16-8-768x512.jpg 768w, https:\/\/www.remonen.fi\/WP\/wp-content\/uploads\/2016\/07\/helsinki_kes\u00e4_16-8-1024x682.jpg 1024w, https:\/\/www.remonen.fi\/WP\/wp-content\/uploads\/2016\/07\/helsinki_kes\u00e4_16-8-440x293.jpg 440w, https:\/\/www.remonen.fi\/WP\/wp-content\/uploads\/2016\/07\/helsinki_kes\u00e4_16-8-960x640.jpg 960w\" sizes=\"(max-width: 880px) 100vw, 880px\" \/><\/a><\/p>\n<p>Kasvitieteellisest\u00e4 sitten jatkoimme T\u00f6\u00f6l\u00f6nlahdelle ja sielt\u00e4 edelleen Kaivopuistoon, mutta suurin valokuvaushurmos oli jo siihen menness\u00e4 saatu taltutettua, joten lomakuvat olivat t\u00e4ll\u00e4 kertaa t\u00e4ss\u00e4.<\/p>\n<p>Niin ja olihan tuossa loman aluksi ajatuksena ottaa k\u00e4ytt\u00f6\u00f6n Helsingin uudet kaupunkipy\u00f6r\u00e4t, kun sellaisia nyt on t\u00e4nne saatu ja hankittu. Opistotason insin\u00f6\u00f6rikoulutus ei n\u00e4yt\u00e4 riitt\u00e4v\u00e4n ymm\u00e4rt\u00e4m\u00e4\u00e4n, miksi se py\u00f6rien vuokraus on onnistuttu tekem\u00e4\u00e4n niin hankalaksi. Ensin pit\u00e4\u00e4 rekister\u00f6ity\u00e4, ennen kuin voi ajatellakaan mit\u00e4\u00e4n ajamist\u00e4. T\u00e4m\u00e4 viel\u00e4 on aika selv\u00e4\u00e4, mutta miksi helvetiss\u00e4 rekister\u00f6itymisen yhteydess\u00e4 pit\u00e4\u00e4 my\u00f6s maksaa vuokrauksesta, vaikkei ajattelisi mit\u00e4\u00e4n viel\u00e4 vuokratakaan? Miksei voi vain rekister\u00f6ity\u00e4 ja sill\u00e4 hyv\u00e4? No, eih\u00e4n noita ole pakko k\u00e4ytt\u00e4\u00e4&#8230;<\/p>\n<p><a href=\"http:\/\/www.remonen.fi\/WP\/wp-content\/uploads\/2016\/07\/helsinki_kes\u00e4_16-9.jpg\"><img loading=\"lazy\" decoding=\"async\" class=\"aligncenter wp-image-7957\" title=\"Aperture: &#402;\/6.3 | Camera: ILCE-6000 | Taken: 13 hein\u00e4kuun, 2016 | Copyright: (c) Matti Remonen | Flash fired: no | Focal length: 24mm | ISO: 100 | Keywords: Helsinki, Keskusta, Maat - Kaupungit - Paikat, Suomi | Shutter speed: 1\/400s | \" src=\"http:\/\/www.remonen.fi\/WP\/wp-content\/uploads\/2016\/07\/helsinki_kes\u00e4_16-9.jpg\" alt=\"Helsinki Kaisaniemi\" width=\"586\" height=\"880\" srcset=\"https:\/\/www.remonen.fi\/WP\/wp-content\/uploads\/2016\/07\/helsinki_kes\u00e4_16-9.jpg 853w, https:\/\/www.remonen.fi\/WP\/wp-content\/uploads\/2016\/07\/helsinki_kes\u00e4_16-9-200x300.jpg 200w, https:\/\/www.remonen.fi\/WP\/wp-content\/uploads\/2016\/07\/helsinki_kes\u00e4_16-9-453x680.jpg 453w, https:\/\/www.remonen.fi\/WP\/wp-content\/uploads\/2016\/07\/helsinki_kes\u00e4_16-9-768x1152.jpg 768w, https:\/\/www.remonen.fi\/WP\/wp-content\/uploads\/2016\/07\/helsinki_kes\u00e4_16-9-682x1024.jpg 682w, https:\/\/www.remonen.fi\/WP\/wp-content\/uploads\/2016\/07\/helsinki_kes\u00e4_16-9-440x660.jpg 440w, https:\/\/www.remonen.fi\/WP\/wp-content\/uploads\/2016\/07\/helsinki_kes\u00e4_16-9-300x450.jpg 300w\" sizes=\"(max-width: 586px) 100vw, 586px\" \/><\/a>Kaisa Nieme\u00e4 k\u00e4vi tapaamassa Sony a6000 + Sony Zeiss 24f18.<\/p>\n","protected":false},"excerpt":{"rendered":"<p>Loma &#8211; tuo kaikkien ty\u00f6ss\u00e4k\u00e4yvien suurin vihollinen &#8211; on taas p\u00e4\u00e4ssyt minutkin yll\u00e4tt\u00e4m\u00e4\u00e4n. Lomallahan on t\u00e4rke\u00e4\u00e4 koko ajan olla menossa johonkin ja hampaat irvess\u00e4 kokea asioita, joista on haaveillut silloin kun istuu toimistossa ja pomo huutaa. Joten ei auttanut mik\u00e4\u00e4n, vaan oli pakattava kamera reppuun ja l\u00e4hdett\u00e4v\u00e4 lomailemaan viel\u00e4 ne suussa olevat hampaat irvess\u00e4. Koska [&hellip;]<\/p>\n","protected":false},"author":2,"featured_media":7965,"comment_status":"open","ping_status":"closed","sticky":false,"template":"","format":"standard","meta":{"footnotes":""},"categories":[16],"tags":[294,293],"yoast_head":"<!-- This site is optimized with the Yoast SEO plugin v24.5 - https:\/\/yoast.com\/wordpress\/plugins\/seo\/ -->\n<title>Kaisa Niemi &#187; remonen.fi<\/title>\n<meta name=\"description\" content=\"Kaisaniemi, tuo kaikkien etel\u00e4n lomakohteiden helmi. T\u00e4ll\u00e4 kertaa kulttuuriretki Yliopiston kirjastoon ja Kaisaniemen kasvitieteelliseen puutarhaan.\" \/>\n<meta name=\"robots\" content=\"index, follow, max-snippet:-1, max-image-preview:large, max-video-preview:-1\" \/>\n<link rel=\"canonical\" href=\"https:\/\/www.remonen.fi\/WP\/blogi\/kaupunkia-kameralla\/\" \/>\n<meta property=\"og:locale\" content=\"fi_FI\" \/>\n<meta property=\"og:type\" content=\"article\" \/>\n<meta property=\"og:title\" content=\"Kaisa Niemi &#187; remonen.fi\" \/>\n<meta property=\"og:description\" content=\"Kaisaniemi, tuo kaikkien etel\u00e4n lomakohteiden helmi. T\u00e4ll\u00e4 kertaa kulttuuriretki Yliopiston kirjastoon ja Kaisaniemen kasvitieteelliseen puutarhaan.\" \/>\n<meta property=\"og:url\" content=\"https:\/\/www.remonen.fi\/WP\/blogi\/kaupunkia-kameralla\/\" \/>\n<meta property=\"og:site_name\" content=\"remonen.fi\" \/>\n<meta property=\"article:published_time\" content=\"2016-07-15T12:50:27+00:00\" \/>\n<meta property=\"article:modified_time\" content=\"2016-07-17T18:18:12+00:00\" \/>\n<meta property=\"og:image\" content=\"https:\/\/www.remonen.fi\/WP\/wp-content\/uploads\/2016\/07\/helsinki_kes\u00e4_16-8.jpg\" \/>\n\t<meta property=\"og:image:width\" content=\"1280\" \/>\n\t<meta property=\"og:image:height\" content=\"853\" \/>\n\t<meta property=\"og:image:type\" content=\"image\/jpeg\" \/>\n<meta name=\"author\" content=\"Matti Remonen\" \/>\n<meta name=\"twitter:label1\" content=\"Kirjoittanut\" \/>\n\t<meta name=\"twitter:data1\" content=\"Matti Remonen\" \/>\n\t<meta name=\"twitter:label2\" content=\"Arvioitu lukuaika\" \/>\n\t<meta name=\"twitter:data2\" content=\"2 minuuttia\" \/>\n<script type=\"application\/ld+json\" class=\"yoast-schema-graph\">{\"@context\":\"https:\/\/schema.org\",\"@graph\":[{\"@type\":\"Article\",\"@id\":\"https:\/\/www.remonen.fi\/WP\/blogi\/kaupunkia-kameralla\/#article\",\"isPartOf\":{\"@id\":\"https:\/\/www.remonen.fi\/WP\/blogi\/kaupunkia-kameralla\/\"},\"author\":{\"name\":\"Matti Remonen\",\"@id\":\"https:\/\/www.remonen.fi\/WP\/#\/schema\/person\/1803c23d1d4f6722054eb2ac7f7a97cd\"},\"headline\":\"Kaisa Niemi\",\"datePublished\":\"2016-07-15T12:50:27+00:00\",\"dateModified\":\"2016-07-17T18:18:12+00:00\",\"mainEntityOfPage\":{\"@id\":\"https:\/\/www.remonen.fi\/WP\/blogi\/kaupunkia-kameralla\/\"},\"wordCount\":443,\"commentCount\":2,\"publisher\":{\"@id\":\"https:\/\/www.remonen.fi\/WP\/#\/schema\/person\/1803c23d1d4f6722054eb2ac7f7a97cd\"},\"image\":{\"@id\":\"https:\/\/www.remonen.fi\/WP\/blogi\/kaupunkia-kameralla\/#primaryimage\"},\"thumbnailUrl\":\"https:\/\/www.remonen.fi\/WP\/wp-content\/uploads\/2016\/07\/helsinki_kes\u00e4_16-8.jpg\",\"keywords\":[\"Guggenheim\",\"Kaisaniemi\"],\"articleSection\":[\"Blog\"],\"inLanguage\":\"fi\",\"potentialAction\":[{\"@type\":\"CommentAction\",\"name\":\"Comment\",\"target\":[\"https:\/\/www.remonen.fi\/WP\/blogi\/kaupunkia-kameralla\/#respond\"]}]},{\"@type\":\"WebPage\",\"@id\":\"https:\/\/www.remonen.fi\/WP\/blogi\/kaupunkia-kameralla\/\",\"url\":\"https:\/\/www.remonen.fi\/WP\/blogi\/kaupunkia-kameralla\/\",\"name\":\"Kaisa Niemi &#187; remonen.fi\",\"isPartOf\":{\"@id\":\"https:\/\/www.remonen.fi\/WP\/#website\"},\"primaryImageOfPage\":{\"@id\":\"https:\/\/www.remonen.fi\/WP\/blogi\/kaupunkia-kameralla\/#primaryimage\"},\"image\":{\"@id\":\"https:\/\/www.remonen.fi\/WP\/blogi\/kaupunkia-kameralla\/#primaryimage\"},\"thumbnailUrl\":\"https:\/\/www.remonen.fi\/WP\/wp-content\/uploads\/2016\/07\/helsinki_kes\u00e4_16-8.jpg\",\"datePublished\":\"2016-07-15T12:50:27+00:00\",\"dateModified\":\"2016-07-17T18:18:12+00:00\",\"description\":\"Kaisaniemi, tuo kaikkien etel\u00e4n lomakohteiden helmi. T\u00e4ll\u00e4 kertaa kulttuuriretki Yliopiston kirjastoon ja Kaisaniemen kasvitieteelliseen puutarhaan.\",\"breadcrumb\":{\"@id\":\"https:\/\/www.remonen.fi\/WP\/blogi\/kaupunkia-kameralla\/#breadcrumb\"},\"inLanguage\":\"fi\",\"potentialAction\":[{\"@type\":\"ReadAction\",\"target\":[\"https:\/\/www.remonen.fi\/WP\/blogi\/kaupunkia-kameralla\/\"]}]},{\"@type\":\"ImageObject\",\"inLanguage\":\"fi\",\"@id\":\"https:\/\/www.remonen.fi\/WP\/blogi\/kaupunkia-kameralla\/#primaryimage\",\"url\":\"https:\/\/www.remonen.fi\/WP\/wp-content\/uploads\/2016\/07\/helsinki_kes\u00e4_16-8.jpg\",\"contentUrl\":\"https:\/\/www.remonen.fi\/WP\/wp-content\/uploads\/2016\/07\/helsinki_kes\u00e4_16-8.jpg\",\"width\":1280,\"height\":853,\"caption\":\"[exif id=\\\"7965\\\"]\"},{\"@type\":\"BreadcrumbList\",\"@id\":\"https:\/\/www.remonen.fi\/WP\/blogi\/kaupunkia-kameralla\/#breadcrumb\",\"itemListElement\":[{\"@type\":\"ListItem\",\"position\":1,\"name\":\"Etusivu\",\"item\":\"https:\/\/www.remonen.fi\/WP\/\"},{\"@type\":\"ListItem\",\"position\":2,\"name\":\"Kaisa Niemi\"}]},{\"@type\":\"WebSite\",\"@id\":\"https:\/\/www.remonen.fi\/WP\/#website\",\"url\":\"https:\/\/www.remonen.fi\/WP\/\",\"name\":\"remonen.fi\",\"description\":\"Valokuvia ja tarinaa laidasta laitaan\",\"publisher\":{\"@id\":\"https:\/\/www.remonen.fi\/WP\/#\/schema\/person\/1803c23d1d4f6722054eb2ac7f7a97cd\"},\"potentialAction\":[{\"@type\":\"SearchAction\",\"target\":{\"@type\":\"EntryPoint\",\"urlTemplate\":\"https:\/\/www.remonen.fi\/WP\/?s={search_term_string}\"},\"query-input\":{\"@type\":\"PropertyValueSpecification\",\"valueRequired\":true,\"valueName\":\"search_term_string\"}}],\"inLanguage\":\"fi\"},{\"@type\":[\"Person\",\"Organization\"],\"@id\":\"https:\/\/www.remonen.fi\/WP\/#\/schema\/person\/1803c23d1d4f6722054eb2ac7f7a97cd\",\"name\":\"Matti Remonen\",\"logo\":{\"@id\":\"https:\/\/www.remonen.fi\/WP\/#\/schema\/person\/image\/\"},\"url\":\"https:\/\/www.remonen.fi\/WP\/blogi\/author\/mre\/\"}]}<\/script>\n<!-- \/ Yoast SEO plugin. -->","yoast_head_json":{"title":"Kaisa Niemi &#187; remonen.fi","description":"Kaisaniemi, tuo kaikkien etel\u00e4n lomakohteiden helmi. T\u00e4ll\u00e4 kertaa kulttuuriretki Yliopiston kirjastoon ja Kaisaniemen kasvitieteelliseen puutarhaan.","robots":{"index":"index","follow":"follow","max-snippet":"max-snippet:-1","max-image-preview":"max-image-preview:large","max-video-preview":"max-video-preview:-1"},"canonical":"https:\/\/www.remonen.fi\/WP\/blogi\/kaupunkia-kameralla\/","og_locale":"fi_FI","og_type":"article","og_title":"Kaisa Niemi &#187; remonen.fi","og_description":"Kaisaniemi, tuo kaikkien etel\u00e4n lomakohteiden helmi. T\u00e4ll\u00e4 kertaa kulttuuriretki Yliopiston kirjastoon ja Kaisaniemen kasvitieteelliseen puutarhaan.","og_url":"https:\/\/www.remonen.fi\/WP\/blogi\/kaupunkia-kameralla\/","og_site_name":"remonen.fi","article_published_time":"2016-07-15T12:50:27+00:00","article_modified_time":"2016-07-17T18:18:12+00:00","og_image":[{"width":1280,"height":853,"url":"https:\/\/www.remonen.fi\/WP\/wp-content\/uploads\/2016\/07\/helsinki_kes\u00e4_16-8.jpg","type":"image\/jpeg"}],"author":"Matti Remonen","twitter_misc":{"Kirjoittanut":"Matti Remonen","Arvioitu lukuaika":"2 minuuttia"},"schema":{"@context":"https:\/\/schema.org","@graph":[{"@type":"Article","@id":"https:\/\/www.remonen.fi\/WP\/blogi\/kaupunkia-kameralla\/#article","isPartOf":{"@id":"https:\/\/www.remonen.fi\/WP\/blogi\/kaupunkia-kameralla\/"},"author":{"name":"Matti Remonen","@id":"https:\/\/www.remonen.fi\/WP\/#\/schema\/person\/1803c23d1d4f6722054eb2ac7f7a97cd"},"headline":"Kaisa Niemi","datePublished":"2016-07-15T12:50:27+00:00","dateModified":"2016-07-17T18:18:12+00:00","mainEntityOfPage":{"@id":"https:\/\/www.remonen.fi\/WP\/blogi\/kaupunkia-kameralla\/"},"wordCount":443,"commentCount":2,"publisher":{"@id":"https:\/\/www.remonen.fi\/WP\/#\/schema\/person\/1803c23d1d4f6722054eb2ac7f7a97cd"},"image":{"@id":"https:\/\/www.remonen.fi\/WP\/blogi\/kaupunkia-kameralla\/#primaryimage"},"thumbnailUrl":"https:\/\/www.remonen.fi\/WP\/wp-content\/uploads\/2016\/07\/helsinki_kes\u00e4_16-8.jpg","keywords":["Guggenheim","Kaisaniemi"],"articleSection":["Blog"],"inLanguage":"fi","potentialAction":[{"@type":"CommentAction","name":"Comment","target":["https:\/\/www.remonen.fi\/WP\/blogi\/kaupunkia-kameralla\/#respond"]}]},{"@type":"WebPage","@id":"https:\/\/www.remonen.fi\/WP\/blogi\/kaupunkia-kameralla\/","url":"https:\/\/www.remonen.fi\/WP\/blogi\/kaupunkia-kameralla\/","name":"Kaisa Niemi &#187; remonen.fi","isPartOf":{"@id":"https:\/\/www.remonen.fi\/WP\/#website"},"primaryImageOfPage":{"@id":"https:\/\/www.remonen.fi\/WP\/blogi\/kaupunkia-kameralla\/#primaryimage"},"image":{"@id":"https:\/\/www.remonen.fi\/WP\/blogi\/kaupunkia-kameralla\/#primaryimage"},"thumbnailUrl":"https:\/\/www.remonen.fi\/WP\/wp-content\/uploads\/2016\/07\/helsinki_kes\u00e4_16-8.jpg","datePublished":"2016-07-15T12:50:27+00:00","dateModified":"2016-07-17T18:18:12+00:00","description":"Kaisaniemi, tuo kaikkien etel\u00e4n lomakohteiden helmi. T\u00e4ll\u00e4 kertaa kulttuuriretki Yliopiston kirjastoon ja Kaisaniemen kasvitieteelliseen puutarhaan.","breadcrumb":{"@id":"https:\/\/www.remonen.fi\/WP\/blogi\/kaupunkia-kameralla\/#breadcrumb"},"inLanguage":"fi","potentialAction":[{"@type":"ReadAction","target":["https:\/\/www.remonen.fi\/WP\/blogi\/kaupunkia-kameralla\/"]}]},{"@type":"ImageObject","inLanguage":"fi","@id":"https:\/\/www.remonen.fi\/WP\/blogi\/kaupunkia-kameralla\/#primaryimage","url":"https:\/\/www.remonen.fi\/WP\/wp-content\/uploads\/2016\/07\/helsinki_kes\u00e4_16-8.jpg","contentUrl":"https:\/\/www.remonen.fi\/WP\/wp-content\/uploads\/2016\/07\/helsinki_kes\u00e4_16-8.jpg","width":1280,"height":853,"caption":"[exif id=\"7965\"]"},{"@type":"BreadcrumbList","@id":"https:\/\/www.remonen.fi\/WP\/blogi\/kaupunkia-kameralla\/#breadcrumb","itemListElement":[{"@type":"ListItem","position":1,"name":"Etusivu","item":"https:\/\/www.remonen.fi\/WP\/"},{"@type":"ListItem","position":2,"name":"Kaisa Niemi"}]},{"@type":"WebSite","@id":"https:\/\/www.remonen.fi\/WP\/#website","url":"https:\/\/www.remonen.fi\/WP\/","name":"remonen.fi","description":"Valokuvia ja tarinaa laidasta laitaan","publisher":{"@id":"https:\/\/www.remonen.fi\/WP\/#\/schema\/person\/1803c23d1d4f6722054eb2ac7f7a97cd"},"potentialAction":[{"@type":"SearchAction","target":{"@type":"EntryPoint","urlTemplate":"https:\/\/www.remonen.fi\/WP\/?s={search_term_string}"},"query-input":{"@type":"PropertyValueSpecification","valueRequired":true,"valueName":"search_term_string"}}],"inLanguage":"fi"},{"@type":["Person","Organization"],"@id":"https:\/\/www.remonen.fi\/WP\/#\/schema\/person\/1803c23d1d4f6722054eb2ac7f7a97cd","name":"Matti Remonen","logo":{"@id":"https:\/\/www.remonen.fi\/WP\/#\/schema\/person\/image\/"},"url":"https:\/\/www.remonen.fi\/WP\/blogi\/author\/mre\/"}]}},"_links":{"self":[{"href":"https:\/\/www.remonen.fi\/WP\/wp-json\/wp\/v2\/posts\/7956"}],"collection":[{"href":"https:\/\/www.remonen.fi\/WP\/wp-json\/wp\/v2\/posts"}],"about":[{"href":"https:\/\/www.remonen.fi\/WP\/wp-json\/wp\/v2\/types\/post"}],"author":[{"embeddable":true,"href":"https:\/\/www.remonen.fi\/WP\/wp-json\/wp\/v2\/users\/2"}],"replies":[{"embeddable":true,"href":"https:\/\/www.remonen.fi\/WP\/wp-json\/wp\/v2\/comments?post=7956"}],"version-history":[{"count":0,"href":"https:\/\/www.remonen.fi\/WP\/wp-json\/wp\/v2\/posts\/7956\/revisions"}],"wp:featuredmedia":[{"embeddable":true,"href":"https:\/\/www.remonen.fi\/WP\/wp-json\/wp\/v2\/media\/7965"}],"wp:attachment":[{"href":"https:\/\/www.remonen.fi\/WP\/wp-json\/wp\/v2\/media?parent=7956"}],"wp:term":[{"taxonomy":"category","embeddable":true,"href":"https:\/\/www.remonen.fi\/WP\/wp-json\/wp\/v2\/categories?post=7956"},{"taxonomy":"post_tag","embeddable":true,"href":"https:\/\/www.remonen.fi\/WP\/wp-json\/wp\/v2\/tags?post=7956"}],"curies":[{"name":"wp","href":"https:\/\/api.w.org\/{rel}","templated":true}]}}