{"id":8027,"date":"2016-08-06T15:09:16","date_gmt":"2016-08-06T12:09:16","guid":{"rendered":"http:\/\/www.remonen.fi\/?p=8027"},"modified":"2016-08-07T16:53:19","modified_gmt":"2016-08-07T13:53:19","slug":"aareton-reppu","status":"publish","type":"post","link":"https:\/\/www.remonen.fi\/WP\/blogi\/aareton-reppu\/","title":{"rendered":"\u00c4\u00e4ret\u00f6n reppu"},"content":{"rendered":"<p><a href=\"http:\/\/www.hs.fi\/tiede\/a1407637729860\" target=\"_blank\">Matematiikassa \u00e4\u00e4ret\u00f6n miinus yksi on edelleen \u00e4\u00e4ret\u00f6n<\/a>. Joka sin\u00e4ns\u00e4 on aika kummallista. Paljonko \u00e4\u00e4rett\u00f6m\u00e4st\u00e4 pit\u00e4\u00e4 ammentaa pois, jotta \u00e4\u00e4ret\u00f6n ei en\u00e4\u00e4 olisi \u00e4\u00e4ret\u00f6n? No, sama mutta k\u00e4\u00e4nteisesti koskee minun kameralaukkuja: minulla on jatkuvasti ja kroonisesti yksi laukku liian v\u00e4h\u00e4n. Ja vaikka hankin uuden laukun, edelleen minulta puuttuu se yksi. Ehk\u00e4 jossain vaiheessa kameralaukkujeni m\u00e4\u00e4r\u00e4 kohtaa \u00e4\u00e4rett\u00f6m\u00e4n, jos kerran toisen m\u00e4\u00e4r\u00e4 kasvaa ja toinen v\u00e4henee. \u00c4\u00e4rett\u00f6m\u00e4n mielenkiintoista, eik\u00f6?<\/p>\n<p><a href=\"http:\/\/www.remonen.fi\/WP\/wp-content\/uploads\/2016\/08\/reppu_2016-1-2.jpg\"><img loading=\"lazy\" decoding=\"async\" class=\"aligncenter wp-image-8029\" src=\"http:\/\/www.remonen.fi\/WP\/wp-content\/uploads\/2016\/08\/reppu_2016-1-2.jpg\" alt=\"\u00c4\u00e4ret\u00f6n reppu\" width=\"880\" height=\"586\" srcset=\"https:\/\/www.remonen.fi\/WP\/wp-content\/uploads\/2016\/08\/reppu_2016-1-2.jpg 1280w, https:\/\/www.remonen.fi\/WP\/wp-content\/uploads\/2016\/08\/reppu_2016-1-2-300x200.jpg 300w, https:\/\/www.remonen.fi\/WP\/wp-content\/uploads\/2016\/08\/reppu_2016-1-2-680x453.jpg 680w, https:\/\/www.remonen.fi\/WP\/wp-content\/uploads\/2016\/08\/reppu_2016-1-2-768x512.jpg 768w, https:\/\/www.remonen.fi\/WP\/wp-content\/uploads\/2016\/08\/reppu_2016-1-2-1024x682.jpg 1024w, https:\/\/www.remonen.fi\/WP\/wp-content\/uploads\/2016\/08\/reppu_2016-1-2-440x293.jpg 440w, https:\/\/www.remonen.fi\/WP\/wp-content\/uploads\/2016\/08\/reppu_2016-1-2-960x640.jpg 960w\" sizes=\"(max-width: 880px) 100vw, 880px\" \/><\/a><\/p>\n<p>Joka tapauksessa p\u00e4\u00e4tin uhkarohkeasti heitt\u00e4yty\u00e4 t\u00e4h\u00e4n matemaattiseen dilemmaan hankkimalla viel\u00e4 yhden laukun. Tai siis repun. T\u00e4ll\u00e4 kertaa hakusessa oli reppu, jossa kulkisi mukavasti pieni m\u00e4\u00e4r\u00e4 kuvauskalustoa polkupy\u00f6r\u00e4ll\u00e4 liikuttaessa. Tarve ei ollut millek\u00e4\u00e4n megarepulle, koska sellainen minulla jo on. Nimitt\u00e4in <a href=\"http:\/\/www.condoroutdoor.com\/condor-125.aspx\" target=\"_blank\">Condor 3-day Assault Pack<\/a>, joka vet\u00e4\u00e4 kolme RPG:t\u00e4, 50-millisen konekiv\u00e4\u00e4rin jalustoineen sek\u00e4 kaksi runkoa ja kymmenkunta objektiivia. Testattu Kenian savannilla. Koska hakusessa oli pienempi kuljetusv\u00e4line, niin katse k\u00e4\u00e4ntyi taas kameralaukkujen mekkaan, <a href=\"http:\/\/www.varusteleka.fi\" target=\"_blank\">Varustelekaan<\/a>. Ja kas, sielt\u00e4 l\u00f6ytyikin Mil-Tecin valmistama <a href=\"https:\/\/www.varusteleka.fi\/fi\/product\/mil-tec-one-strap-assault-pack\/34686\" target=\"_blank\">One Strap Assult Pack.<\/a> M\u00e4 niin rakastan kun mun laukut on niin hy\u00f6kk\u00e4yst\u00e4, niin hy\u00f6kk\u00e4yst\u00e4. No, n\u00e4in\u00e4 aikoina hy\u00f6kk\u00e4ys on paras puolustus. <a href=\"https:\/\/en.wikipedia.org\/wiki\/Si_vis_pacem,_para_bellum\" target=\"_blank\">Si vis pacem, para bellum<\/a>.<\/p>\n<div class=\"one_half \">\n<p><a href=\"http:\/\/www.remonen.fi\/WP\/wp-content\/uploads\/2016\/08\/reppu_2016-3.jpg\"><img loading=\"lazy\" decoding=\"async\" class=\"aligncenter wp-image-8032\" src=\"http:\/\/www.remonen.fi\/WP\/wp-content\/uploads\/2016\/08\/reppu_2016-3.jpg\" alt=\"Mil-Tec One Strap Assault Pack\" width=\"586\" height=\"880\" srcset=\"https:\/\/www.remonen.fi\/WP\/wp-content\/uploads\/2016\/08\/reppu_2016-3.jpg 853w, https:\/\/www.remonen.fi\/WP\/wp-content\/uploads\/2016\/08\/reppu_2016-3-200x300.jpg 200w, https:\/\/www.remonen.fi\/WP\/wp-content\/uploads\/2016\/08\/reppu_2016-3-453x680.jpg 453w, https:\/\/www.remonen.fi\/WP\/wp-content\/uploads\/2016\/08\/reppu_2016-3-768x1152.jpg 768w, https:\/\/www.remonen.fi\/WP\/wp-content\/uploads\/2016\/08\/reppu_2016-3-682x1024.jpg 682w, https:\/\/www.remonen.fi\/WP\/wp-content\/uploads\/2016\/08\/reppu_2016-3-440x660.jpg 440w, https:\/\/www.remonen.fi\/WP\/wp-content\/uploads\/2016\/08\/reppu_2016-3-300x450.jpg 300w\" sizes=\"(max-width: 586px) 100vw, 586px\" \/><\/a><\/div>\n<div class=\"one_half last \">\n<p><a href=\"http:\/\/www.remonen.fi\/WP\/wp-content\/uploads\/2016\/08\/reppu_2016-4.jpg\"><img loading=\"lazy\" decoding=\"async\" class=\"aligncenter wp-image-8033\" src=\"http:\/\/www.remonen.fi\/WP\/wp-content\/uploads\/2016\/08\/reppu_2016-4.jpg\" alt=\"MIlt-Tec One Strap Assault Pack\" width=\"586\" height=\"880\" srcset=\"https:\/\/www.remonen.fi\/WP\/wp-content\/uploads\/2016\/08\/reppu_2016-4.jpg 853w, https:\/\/www.remonen.fi\/WP\/wp-content\/uploads\/2016\/08\/reppu_2016-4-200x300.jpg 200w, https:\/\/www.remonen.fi\/WP\/wp-content\/uploads\/2016\/08\/reppu_2016-4-453x680.jpg 453w, https:\/\/www.remonen.fi\/WP\/wp-content\/uploads\/2016\/08\/reppu_2016-4-768x1152.jpg 768w, https:\/\/www.remonen.fi\/WP\/wp-content\/uploads\/2016\/08\/reppu_2016-4-682x1024.jpg 682w, https:\/\/www.remonen.fi\/WP\/wp-content\/uploads\/2016\/08\/reppu_2016-4-440x660.jpg 440w, https:\/\/www.remonen.fi\/WP\/wp-content\/uploads\/2016\/08\/reppu_2016-4-300x450.jpg 300w\" sizes=\"(max-width: 586px) 100vw, 586px\" \/><\/a><\/div>\n<p><br class=\"clear\"\/><\/p>\n<p>Mutta joo, 25 EURolla sai siis laukun, jossa kulkee kalusto sinne mihin munamankeli vie. Yhden kerran kokemuksella voin suositella varauksetta, jos vain kalusto on sopivan kokoista. Sel\u00e4ss\u00e4 tuo istuu painavanakin hyvin, my\u00f6s py\u00f6r\u00e4illess\u00e4. Se my\u00f6s pysyy paikallaan eik\u00e4 pyri k\u00e4\u00e4ntym\u00e4\u00e4n eteen, johtuen repun apuhihnasta. Tuo apuhihna my\u00f6s varmistaa my\u00f6s sen, ettei olkahihna paina kaulaa, mik\u00e4 n\u00e4iss\u00e4 yhden hihnan kikottimissa helposti on ongelmana.<\/p>\n<div class=\"one_half \"><a href=\"http:\/\/www.remonen.fi\/WP\/wp-content\/uploads\/2016\/08\/reppu_2016-2.jpg\"><img loading=\"lazy\" decoding=\"async\" class=\"aligncenter wp-image-8031\" src=\"http:\/\/www.remonen.fi\/WP\/wp-content\/uploads\/2016\/08\/reppu_2016-2.jpg\" alt=\"\u00c4\u00e4ret\u00f6n reppu\" width=\"586\" height=\"880\" srcset=\"https:\/\/www.remonen.fi\/WP\/wp-content\/uploads\/2016\/08\/reppu_2016-2.jpg 853w, https:\/\/www.remonen.fi\/WP\/wp-content\/uploads\/2016\/08\/reppu_2016-2-200x300.jpg 200w, https:\/\/www.remonen.fi\/WP\/wp-content\/uploads\/2016\/08\/reppu_2016-2-453x680.jpg 453w, https:\/\/www.remonen.fi\/WP\/wp-content\/uploads\/2016\/08\/reppu_2016-2-768x1152.jpg 768w, https:\/\/www.remonen.fi\/WP\/wp-content\/uploads\/2016\/08\/reppu_2016-2-682x1024.jpg 682w, https:\/\/www.remonen.fi\/WP\/wp-content\/uploads\/2016\/08\/reppu_2016-2-440x660.jpg 440w, https:\/\/www.remonen.fi\/WP\/wp-content\/uploads\/2016\/08\/reppu_2016-2-300x450.jpg 300w\" sizes=\"(max-width: 586px) 100vw, 586px\" \/><\/a><\/div>\n<div class=\"one_half last \"><a href=\"http:\/\/www.remonen.fi\/WP\/wp-content\/uploads\/2016\/08\/reppu_2016-1.jpg\"><img loading=\"lazy\" decoding=\"async\" class=\"aligncenter wp-image-8030\" src=\"http:\/\/www.remonen.fi\/WP\/wp-content\/uploads\/2016\/08\/reppu_2016-1.jpg\" alt=\"\u00c4\u00e4ret\u00f6n reppu\" width=\"586\" height=\"880\" srcset=\"https:\/\/www.remonen.fi\/WP\/wp-content\/uploads\/2016\/08\/reppu_2016-1.jpg 853w, https:\/\/www.remonen.fi\/WP\/wp-content\/uploads\/2016\/08\/reppu_2016-1-200x300.jpg 200w, https:\/\/www.remonen.fi\/WP\/wp-content\/uploads\/2016\/08\/reppu_2016-1-453x680.jpg 453w, https:\/\/www.remonen.fi\/WP\/wp-content\/uploads\/2016\/08\/reppu_2016-1-768x1152.jpg 768w, https:\/\/www.remonen.fi\/WP\/wp-content\/uploads\/2016\/08\/reppu_2016-1-682x1024.jpg 682w, https:\/\/www.remonen.fi\/WP\/wp-content\/uploads\/2016\/08\/reppu_2016-1-440x660.jpg 440w, https:\/\/www.remonen.fi\/WP\/wp-content\/uploads\/2016\/08\/reppu_2016-1-300x450.jpg 300w\" sizes=\"(max-width: 586px) 100vw, 586px\" \/><\/a><\/div>\n<p><br class=\"clear\"\/><\/p>\n<p>No, mit\u00e4 siihen sitten mahtuu? HELridea perjantaina kuvatessani (blogaus siit\u00e4 my\u00f6hemmin) mukana oli:<\/p>\n<ul>\n<li>Nikon D500<\/li>\n<li>Nikkor AF-S 24-120\/4G VR<\/li>\n<li>Nikkor AF-S 18-35\/3.5-4.5G<\/li>\n<li>2 vara-akkua<\/li>\n<li><a href=\"http:\/\/www.kryptonitelock.com\/en\/products\/product-information\/current-key\/999492.html\" target=\"_blank\">Kryptonite New York Fahgfettaboutit<\/a> -lukko ilman ketjua<\/li>\n<li>Kryptonite KryptoFlex-vaijeri<\/li>\n<li>Aurinkolasikotelo<\/li>\n<li>Lompakko<\/li>\n<li>Puhelin<\/li>\n<li>Kuoritakki<\/li>\n<\/ul>\n<p><a href=\"http:\/\/www.remonen.fi\/WP\/wp-content\/uploads\/2016\/08\/reppu_2016-5.jpg\"><img loading=\"lazy\" decoding=\"async\" class=\"aligncenter wp-image-8028\" src=\"http:\/\/www.remonen.fi\/WP\/wp-content\/uploads\/2016\/08\/reppu_2016-5.jpg\" alt=\"\u00c4\u00e4ret\u00f6n reppu\" width=\"586\" height=\"880\" srcset=\"https:\/\/www.remonen.fi\/WP\/wp-content\/uploads\/2016\/08\/reppu_2016-5.jpg 853w, https:\/\/www.remonen.fi\/WP\/wp-content\/uploads\/2016\/08\/reppu_2016-5-200x300.jpg 200w, https:\/\/www.remonen.fi\/WP\/wp-content\/uploads\/2016\/08\/reppu_2016-5-453x680.jpg 453w, https:\/\/www.remonen.fi\/WP\/wp-content\/uploads\/2016\/08\/reppu_2016-5-768x1152.jpg 768w, https:\/\/www.remonen.fi\/WP\/wp-content\/uploads\/2016\/08\/reppu_2016-5-682x1024.jpg 682w, https:\/\/www.remonen.fi\/WP\/wp-content\/uploads\/2016\/08\/reppu_2016-5-440x660.jpg 440w, https:\/\/www.remonen.fi\/WP\/wp-content\/uploads\/2016\/08\/reppu_2016-5-300x450.jpg 300w\" sizes=\"(max-width: 586px) 100vw, 586px\" \/><\/a><\/p>\n<p>Peilitt\u00f6mi\u00e4 j\u00e4rjestelmi\u00e4, jos sellaisella joku viel\u00e4 kuvaa, tuo vet\u00e4nee Sonyn vuosituotannon verran.<\/p>\n<p>Ja sokerina pohjalla reppu on <a href=\"https:\/\/en.wikipedia.org\/wiki\/MOLLE\" target=\"_blank\">MOLLE<\/a>-yhteensopiva, joka tarkoittaa sit\u00e4, ett\u00e4 siihen saa kiinni kaikki <a href=\"https:\/\/www.varusteleka.fi\/fi\/group\/taskut-molle-pals\/1119\" target=\"_blank\">MOLLE-j\u00e4rjestelm\u00e4n lis\u00e4pussit ja -taskut<\/a>. Kuten vaikka aina v\u00e4ltt\u00e4m\u00e4tt\u00f6m\u00e4n <a href=\"https:\/\/www.varusteleka.fi\/fi\/product\/tasmanian-tiger-sgl-pistol-mag-pouch\/24409\" target=\"_blank\">9-millisen lipastaskun<\/a> niit\u00e4 kertoja varten, kun l\u00e4hdet\u00e4\u00e4n reissuun serkusten Heckler ja Koch kanssa.<\/p>\n<p>Repussa on my\u00f6s Mil-Tecin tyyliin sopivasti erilaisia taskuja j\u00e4rkytt\u00e4v\u00e4 m\u00e4\u00e4r\u00e4, joten kaikelle tarpeelliselle l\u00f6ytyy oma paikkansa. Ja reppuun voinee sovittaa my\u00f6s pienen juomarakon tai k\u00e4ytt\u00e4\u00e4 sit\u00e4 tilaa vaikkapa tabletin kuljettamiseen. Ainoa modaus mit\u00e4 repulle pit\u00e4\u00e4 tehd\u00e4, on laittaa pohjalle joku pehmike suojaamaan kameraa. Itsell\u00e4 se on pala solumuovia.<\/p>\n<p>Voin suositella. Behind the scenes kuvat otti Sony a6000 + Sony Zeiss 24f18z.<\/p>\n","protected":false},"excerpt":{"rendered":"<p>Matematiikassa \u00e4\u00e4ret\u00f6n miinus yksi on edelleen \u00e4\u00e4ret\u00f6n. Joka sin\u00e4ns\u00e4 on aika kummallista. Paljonko \u00e4\u00e4rett\u00f6m\u00e4st\u00e4 pit\u00e4\u00e4 ammentaa pois, jotta \u00e4\u00e4ret\u00f6n ei en\u00e4\u00e4 olisi \u00e4\u00e4ret\u00f6n? No, sama mutta k\u00e4\u00e4nteisesti koskee minun kameralaukkuja: minulla on jatkuvasti ja kroonisesti yksi laukku liian v\u00e4h\u00e4n. Ja vaikka hankin uuden laukun, edelleen minulta puuttuu se yksi. Ehk\u00e4 jossain vaiheessa kameralaukkujeni m\u00e4\u00e4r\u00e4 kohtaa [&hellip;]<\/p>\n","protected":false},"author":2,"featured_media":8029,"comment_status":"open","ping_status":"closed","sticky":false,"template":"","format":"standard","meta":{"footnotes":""},"categories":[16],"tags":[52],"yoast_head":"<!-- This site is optimized with the Yoast SEO plugin v24.5 - https:\/\/yoast.com\/wordpress\/plugins\/seo\/ -->\n<title>\u00c4\u00e4ret\u00f6n reppu &#187; remonen.fi<\/title>\n<meta name=\"description\" content=\"Piti saada kameralaukku, jolla saa rajatun m\u00e4\u00e4r\u00e4n kuvausv\u00e4lineit\u00e4 kulkemaan polkupy\u00f6r\u00e4n kanssa liikuttaessa. P\u00e4\u00e4dyin Mil-Tecin One Strap Assault -reppuun.\" \/>\n<meta name=\"robots\" content=\"index, follow, max-snippet:-1, max-image-preview:large, max-video-preview:-1\" \/>\n<link rel=\"canonical\" href=\"https:\/\/www.remonen.fi\/WP\/blogi\/aareton-reppu\/\" \/>\n<meta property=\"og:locale\" content=\"fi_FI\" \/>\n<meta property=\"og:type\" content=\"article\" \/>\n<meta property=\"og:title\" content=\"\u00c4\u00e4ret\u00f6n reppu &#187; remonen.fi\" \/>\n<meta property=\"og:description\" content=\"Piti saada kameralaukku, jolla saa rajatun m\u00e4\u00e4r\u00e4n kuvausv\u00e4lineit\u00e4 kulkemaan polkupy\u00f6r\u00e4n kanssa liikuttaessa. P\u00e4\u00e4dyin Mil-Tecin One Strap Assault -reppuun.\" \/>\n<meta property=\"og:url\" content=\"https:\/\/www.remonen.fi\/WP\/blogi\/aareton-reppu\/\" \/>\n<meta property=\"og:site_name\" content=\"remonen.fi\" \/>\n<meta property=\"article:published_time\" content=\"2016-08-06T12:09:16+00:00\" \/>\n<meta property=\"article:modified_time\" content=\"2016-08-07T13:53:19+00:00\" \/>\n<meta property=\"og:image\" content=\"https:\/\/www.remonen.fi\/WP\/wp-content\/uploads\/2016\/08\/reppu_2016-1-2.jpg\" \/>\n\t<meta property=\"og:image:width\" content=\"1280\" \/>\n\t<meta property=\"og:image:height\" content=\"853\" \/>\n\t<meta property=\"og:image:type\" content=\"image\/jpeg\" \/>\n<meta name=\"author\" content=\"Matti Remonen\" \/>\n<meta name=\"twitter:label1\" content=\"Kirjoittanut\" \/>\n\t<meta name=\"twitter:data1\" content=\"Matti Remonen\" \/>\n\t<meta name=\"twitter:label2\" content=\"Arvioitu lukuaika\" \/>\n\t<meta name=\"twitter:data2\" content=\"2 minuuttia\" \/>\n<script type=\"application\/ld+json\" class=\"yoast-schema-graph\">{\"@context\":\"https:\/\/schema.org\",\"@graph\":[{\"@type\":\"Article\",\"@id\":\"https:\/\/www.remonen.fi\/WP\/blogi\/aareton-reppu\/#article\",\"isPartOf\":{\"@id\":\"https:\/\/www.remonen.fi\/WP\/blogi\/aareton-reppu\/\"},\"author\":{\"name\":\"Matti Remonen\",\"@id\":\"https:\/\/www.remonen.fi\/WP\/#\/schema\/person\/1803c23d1d4f6722054eb2ac7f7a97cd\"},\"headline\":\"\u00c4\u00e4ret\u00f6n reppu\",\"datePublished\":\"2016-08-06T12:09:16+00:00\",\"dateModified\":\"2016-08-07T13:53:19+00:00\",\"mainEntityOfPage\":{\"@id\":\"https:\/\/www.remonen.fi\/WP\/blogi\/aareton-reppu\/\"},\"wordCount\":472,\"commentCount\":0,\"publisher\":{\"@id\":\"https:\/\/www.remonen.fi\/WP\/#\/schema\/person\/1803c23d1d4f6722054eb2ac7f7a97cd\"},\"image\":{\"@id\":\"https:\/\/www.remonen.fi\/WP\/blogi\/aareton-reppu\/#primaryimage\"},\"thumbnailUrl\":\"https:\/\/www.remonen.fi\/WP\/wp-content\/uploads\/2016\/08\/reppu_2016-1-2.jpg\",\"keywords\":[\"kameralaukku\"],\"articleSection\":[\"Blog\"],\"inLanguage\":\"fi\",\"potentialAction\":[{\"@type\":\"CommentAction\",\"name\":\"Comment\",\"target\":[\"https:\/\/www.remonen.fi\/WP\/blogi\/aareton-reppu\/#respond\"]}]},{\"@type\":\"WebPage\",\"@id\":\"https:\/\/www.remonen.fi\/WP\/blogi\/aareton-reppu\/\",\"url\":\"https:\/\/www.remonen.fi\/WP\/blogi\/aareton-reppu\/\",\"name\":\"\u00c4\u00e4ret\u00f6n reppu &#187; remonen.fi\",\"isPartOf\":{\"@id\":\"https:\/\/www.remonen.fi\/WP\/#website\"},\"primaryImageOfPage\":{\"@id\":\"https:\/\/www.remonen.fi\/WP\/blogi\/aareton-reppu\/#primaryimage\"},\"image\":{\"@id\":\"https:\/\/www.remonen.fi\/WP\/blogi\/aareton-reppu\/#primaryimage\"},\"thumbnailUrl\":\"https:\/\/www.remonen.fi\/WP\/wp-content\/uploads\/2016\/08\/reppu_2016-1-2.jpg\",\"datePublished\":\"2016-08-06T12:09:16+00:00\",\"dateModified\":\"2016-08-07T13:53:19+00:00\",\"description\":\"Piti saada kameralaukku, jolla saa rajatun m\u00e4\u00e4r\u00e4n kuvausv\u00e4lineit\u00e4 kulkemaan polkupy\u00f6r\u00e4n kanssa liikuttaessa. P\u00e4\u00e4dyin Mil-Tecin One Strap Assault -reppuun.\",\"breadcrumb\":{\"@id\":\"https:\/\/www.remonen.fi\/WP\/blogi\/aareton-reppu\/#breadcrumb\"},\"inLanguage\":\"fi\",\"potentialAction\":[{\"@type\":\"ReadAction\",\"target\":[\"https:\/\/www.remonen.fi\/WP\/blogi\/aareton-reppu\/\"]}]},{\"@type\":\"ImageObject\",\"inLanguage\":\"fi\",\"@id\":\"https:\/\/www.remonen.fi\/WP\/blogi\/aareton-reppu\/#primaryimage\",\"url\":\"https:\/\/www.remonen.fi\/WP\/wp-content\/uploads\/2016\/08\/reppu_2016-1-2.jpg\",\"contentUrl\":\"https:\/\/www.remonen.fi\/WP\/wp-content\/uploads\/2016\/08\/reppu_2016-1-2.jpg\",\"width\":1280,\"height\":853},{\"@type\":\"BreadcrumbList\",\"@id\":\"https:\/\/www.remonen.fi\/WP\/blogi\/aareton-reppu\/#breadcrumb\",\"itemListElement\":[{\"@type\":\"ListItem\",\"position\":1,\"name\":\"Etusivu\",\"item\":\"https:\/\/www.remonen.fi\/WP\/\"},{\"@type\":\"ListItem\",\"position\":2,\"name\":\"\u00c4\u00e4ret\u00f6n reppu\"}]},{\"@type\":\"WebSite\",\"@id\":\"https:\/\/www.remonen.fi\/WP\/#website\",\"url\":\"https:\/\/www.remonen.fi\/WP\/\",\"name\":\"remonen.fi\",\"description\":\"Valokuvia ja tarinaa laidasta laitaan\",\"publisher\":{\"@id\":\"https:\/\/www.remonen.fi\/WP\/#\/schema\/person\/1803c23d1d4f6722054eb2ac7f7a97cd\"},\"potentialAction\":[{\"@type\":\"SearchAction\",\"target\":{\"@type\":\"EntryPoint\",\"urlTemplate\":\"https:\/\/www.remonen.fi\/WP\/?s={search_term_string}\"},\"query-input\":{\"@type\":\"PropertyValueSpecification\",\"valueRequired\":true,\"valueName\":\"search_term_string\"}}],\"inLanguage\":\"fi\"},{\"@type\":[\"Person\",\"Organization\"],\"@id\":\"https:\/\/www.remonen.fi\/WP\/#\/schema\/person\/1803c23d1d4f6722054eb2ac7f7a97cd\",\"name\":\"Matti Remonen\",\"logo\":{\"@id\":\"https:\/\/www.remonen.fi\/WP\/#\/schema\/person\/image\/\"},\"url\":\"https:\/\/www.remonen.fi\/WP\/blogi\/author\/mre\/\"}]}<\/script>\n<!-- \/ Yoast SEO plugin. -->","yoast_head_json":{"title":"\u00c4\u00e4ret\u00f6n reppu &#187; remonen.fi","description":"Piti saada kameralaukku, jolla saa rajatun m\u00e4\u00e4r\u00e4n kuvausv\u00e4lineit\u00e4 kulkemaan polkupy\u00f6r\u00e4n kanssa liikuttaessa. P\u00e4\u00e4dyin Mil-Tecin One Strap Assault -reppuun.","robots":{"index":"index","follow":"follow","max-snippet":"max-snippet:-1","max-image-preview":"max-image-preview:large","max-video-preview":"max-video-preview:-1"},"canonical":"https:\/\/www.remonen.fi\/WP\/blogi\/aareton-reppu\/","og_locale":"fi_FI","og_type":"article","og_title":"\u00c4\u00e4ret\u00f6n reppu &#187; remonen.fi","og_description":"Piti saada kameralaukku, jolla saa rajatun m\u00e4\u00e4r\u00e4n kuvausv\u00e4lineit\u00e4 kulkemaan polkupy\u00f6r\u00e4n kanssa liikuttaessa. P\u00e4\u00e4dyin Mil-Tecin One Strap Assault -reppuun.","og_url":"https:\/\/www.remonen.fi\/WP\/blogi\/aareton-reppu\/","og_site_name":"remonen.fi","article_published_time":"2016-08-06T12:09:16+00:00","article_modified_time":"2016-08-07T13:53:19+00:00","og_image":[{"width":1280,"height":853,"url":"https:\/\/www.remonen.fi\/WP\/wp-content\/uploads\/2016\/08\/reppu_2016-1-2.jpg","type":"image\/jpeg"}],"author":"Matti Remonen","twitter_misc":{"Kirjoittanut":"Matti Remonen","Arvioitu lukuaika":"2 minuuttia"},"schema":{"@context":"https:\/\/schema.org","@graph":[{"@type":"Article","@id":"https:\/\/www.remonen.fi\/WP\/blogi\/aareton-reppu\/#article","isPartOf":{"@id":"https:\/\/www.remonen.fi\/WP\/blogi\/aareton-reppu\/"},"author":{"name":"Matti Remonen","@id":"https:\/\/www.remonen.fi\/WP\/#\/schema\/person\/1803c23d1d4f6722054eb2ac7f7a97cd"},"headline":"\u00c4\u00e4ret\u00f6n reppu","datePublished":"2016-08-06T12:09:16+00:00","dateModified":"2016-08-07T13:53:19+00:00","mainEntityOfPage":{"@id":"https:\/\/www.remonen.fi\/WP\/blogi\/aareton-reppu\/"},"wordCount":472,"commentCount":0,"publisher":{"@id":"https:\/\/www.remonen.fi\/WP\/#\/schema\/person\/1803c23d1d4f6722054eb2ac7f7a97cd"},"image":{"@id":"https:\/\/www.remonen.fi\/WP\/blogi\/aareton-reppu\/#primaryimage"},"thumbnailUrl":"https:\/\/www.remonen.fi\/WP\/wp-content\/uploads\/2016\/08\/reppu_2016-1-2.jpg","keywords":["kameralaukku"],"articleSection":["Blog"],"inLanguage":"fi","potentialAction":[{"@type":"CommentAction","name":"Comment","target":["https:\/\/www.remonen.fi\/WP\/blogi\/aareton-reppu\/#respond"]}]},{"@type":"WebPage","@id":"https:\/\/www.remonen.fi\/WP\/blogi\/aareton-reppu\/","url":"https:\/\/www.remonen.fi\/WP\/blogi\/aareton-reppu\/","name":"\u00c4\u00e4ret\u00f6n reppu &#187; remonen.fi","isPartOf":{"@id":"https:\/\/www.remonen.fi\/WP\/#website"},"primaryImageOfPage":{"@id":"https:\/\/www.remonen.fi\/WP\/blogi\/aareton-reppu\/#primaryimage"},"image":{"@id":"https:\/\/www.remonen.fi\/WP\/blogi\/aareton-reppu\/#primaryimage"},"thumbnailUrl":"https:\/\/www.remonen.fi\/WP\/wp-content\/uploads\/2016\/08\/reppu_2016-1-2.jpg","datePublished":"2016-08-06T12:09:16+00:00","dateModified":"2016-08-07T13:53:19+00:00","description":"Piti saada kameralaukku, jolla saa rajatun m\u00e4\u00e4r\u00e4n kuvausv\u00e4lineit\u00e4 kulkemaan polkupy\u00f6r\u00e4n kanssa liikuttaessa. P\u00e4\u00e4dyin Mil-Tecin One Strap Assault -reppuun.","breadcrumb":{"@id":"https:\/\/www.remonen.fi\/WP\/blogi\/aareton-reppu\/#breadcrumb"},"inLanguage":"fi","potentialAction":[{"@type":"ReadAction","target":["https:\/\/www.remonen.fi\/WP\/blogi\/aareton-reppu\/"]}]},{"@type":"ImageObject","inLanguage":"fi","@id":"https:\/\/www.remonen.fi\/WP\/blogi\/aareton-reppu\/#primaryimage","url":"https:\/\/www.remonen.fi\/WP\/wp-content\/uploads\/2016\/08\/reppu_2016-1-2.jpg","contentUrl":"https:\/\/www.remonen.fi\/WP\/wp-content\/uploads\/2016\/08\/reppu_2016-1-2.jpg","width":1280,"height":853},{"@type":"BreadcrumbList","@id":"https:\/\/www.remonen.fi\/WP\/blogi\/aareton-reppu\/#breadcrumb","itemListElement":[{"@type":"ListItem","position":1,"name":"Etusivu","item":"https:\/\/www.remonen.fi\/WP\/"},{"@type":"ListItem","position":2,"name":"\u00c4\u00e4ret\u00f6n reppu"}]},{"@type":"WebSite","@id":"https:\/\/www.remonen.fi\/WP\/#website","url":"https:\/\/www.remonen.fi\/WP\/","name":"remonen.fi","description":"Valokuvia ja tarinaa laidasta laitaan","publisher":{"@id":"https:\/\/www.remonen.fi\/WP\/#\/schema\/person\/1803c23d1d4f6722054eb2ac7f7a97cd"},"potentialAction":[{"@type":"SearchAction","target":{"@type":"EntryPoint","urlTemplate":"https:\/\/www.remonen.fi\/WP\/?s={search_term_string}"},"query-input":{"@type":"PropertyValueSpecification","valueRequired":true,"valueName":"search_term_string"}}],"inLanguage":"fi"},{"@type":["Person","Organization"],"@id":"https:\/\/www.remonen.fi\/WP\/#\/schema\/person\/1803c23d1d4f6722054eb2ac7f7a97cd","name":"Matti Remonen","logo":{"@id":"https:\/\/www.remonen.fi\/WP\/#\/schema\/person\/image\/"},"url":"https:\/\/www.remonen.fi\/WP\/blogi\/author\/mre\/"}]}},"_links":{"self":[{"href":"https:\/\/www.remonen.fi\/WP\/wp-json\/wp\/v2\/posts\/8027"}],"collection":[{"href":"https:\/\/www.remonen.fi\/WP\/wp-json\/wp\/v2\/posts"}],"about":[{"href":"https:\/\/www.remonen.fi\/WP\/wp-json\/wp\/v2\/types\/post"}],"author":[{"embeddable":true,"href":"https:\/\/www.remonen.fi\/WP\/wp-json\/wp\/v2\/users\/2"}],"replies":[{"embeddable":true,"href":"https:\/\/www.remonen.fi\/WP\/wp-json\/wp\/v2\/comments?post=8027"}],"version-history":[{"count":0,"href":"https:\/\/www.remonen.fi\/WP\/wp-json\/wp\/v2\/posts\/8027\/revisions"}],"wp:featuredmedia":[{"embeddable":true,"href":"https:\/\/www.remonen.fi\/WP\/wp-json\/wp\/v2\/media\/8029"}],"wp:attachment":[{"href":"https:\/\/www.remonen.fi\/WP\/wp-json\/wp\/v2\/media?parent=8027"}],"wp:term":[{"taxonomy":"category","embeddable":true,"href":"https:\/\/www.remonen.fi\/WP\/wp-json\/wp\/v2\/categories?post=8027"},{"taxonomy":"post_tag","embeddable":true,"href":"https:\/\/www.remonen.fi\/WP\/wp-json\/wp\/v2\/tags?post=8027"}],"curies":[{"name":"wp","href":"https:\/\/api.w.org\/{rel}","templated":true}]}}