{"id":8040,"date":"2016-08-07T17:01:10","date_gmt":"2016-08-07T14:01:10","guid":{"rendered":"http:\/\/www.remonen.fi\/?p=8040"},"modified":"2016-08-07T17:01:10","modified_gmt":"2016-08-07T14:01:10","slug":"ride-in-hel","status":"publish","type":"post","link":"https:\/\/www.remonen.fi\/WP\/blogi\/ride-in-hel\/","title":{"rendered":"Ride in HEL"},"content":{"rendered":"<p>Viikonloppu oli Helsingiss\u00e4 varsinainen mega-sellainen ainakin tapahtumien koon ja m\u00e4\u00e4r\u00e4n perusteella. T\u00e4\u00e4ll\u00e4h\u00e4n oli Weekend Festival, Kallio Block Party ja viimeisen\u00e4 mutta ei lainkaan v\u00e4h\u00e4isimp\u00e4n\u00e4 <a href=\"http:\/\/helride.fi\/\" target=\"_blank\">HELride <\/a>-skeittitapahtuma. Olin jo etuk\u00e4teen googlaillut HELriden ohjelman ja perjantaina sitten t\u00f6iden j\u00e4lkeen suuntasinkin Kiasmalle. P\u00e4\u00e4tin menn\u00e4 sinne polkupy\u00f6r\u00e4ll\u00e4, jotta samalla tulisi yhdistetty\u00e4 huvia ja hy\u00f6ty\u00e4. V\u00e4h\u00e4n kyll\u00e4 arvelutti j\u00e4tt\u00e4\u00e4 fillari Kiasman eteen, koska p\u00e4\u00e4tt\u00e4v\u00e4ist\u00e4 py\u00f6r\u00e4varasta ei mik\u00e4\u00e4n lukko pitele. Varsinkin tuollainen Kryptoflex-vaijeri menee helpostikin poikki voimapihdeill\u00e4. No, mutta siksih\u00e4n on vakuutukset&#8230; Pelko osoittautui onneksi turhaksi ja fillari oli viel\u00e4 illalla siin\u00e4, mihin olin sen j\u00e4tt\u00e4nyt.<\/p>\n<p><a href=\"http:\/\/www.remonen.fi\/WP\/wp-content\/uploads\/2016\/08\/helride-5.jpg\"><img loading=\"lazy\" decoding=\"async\" class=\"aligncenter wp-image-8045\" title=\"Aperture: &#402;\/3.5 | Credit: Matti Remonen | Camera: NIKON D500 | Taken: 5 elokuun, 2016 | Focal length: 18mm | ISO: 100 | Shutter speed: 1\/1000s | \" src=\"http:\/\/www.remonen.fi\/WP\/wp-content\/uploads\/2016\/08\/helride-5.jpg\" alt=\"HELride 2016\" width=\"880\" height=\"586\" srcset=\"https:\/\/www.remonen.fi\/WP\/wp-content\/uploads\/2016\/08\/helride-5.jpg 1280w, https:\/\/www.remonen.fi\/WP\/wp-content\/uploads\/2016\/08\/helride-5-300x200.jpg 300w, https:\/\/www.remonen.fi\/WP\/wp-content\/uploads\/2016\/08\/helride-5-680x453.jpg 680w, https:\/\/www.remonen.fi\/WP\/wp-content\/uploads\/2016\/08\/helride-5-768x512.jpg 768w, https:\/\/www.remonen.fi\/WP\/wp-content\/uploads\/2016\/08\/helride-5-1024x682.jpg 1024w, https:\/\/www.remonen.fi\/WP\/wp-content\/uploads\/2016\/08\/helride-5-440x293.jpg 440w, https:\/\/www.remonen.fi\/WP\/wp-content\/uploads\/2016\/08\/helride-5-960x640.jpg 960w\" sizes=\"(max-width: 880px) 100vw, 880px\" \/><\/a><\/p>\n<p>Mutta nyt kaksipy\u00f6r\u00e4isist\u00e4 nelipy\u00f6r\u00e4isiin. Tosiaan perjantain HELride -sessio oli Kiasman ja Mannerheimin patsaan edess\u00e4, jossa tehtiin trikkej\u00e4 penkin ja muutaman boksin avustamana. Palkintorahaakin oli tiedossa, potti oli 150 EUR, josta jaettiin 20 EUR aina hyv\u00e4n trikin tehneelle ja lopuksi sitten viisikymppinen parhaalle. Ja olihan moinen palkintopotti houkutellut paikalle kilpailijoita ihan ulkomaita my\u00f6ten. Voi olla, ett\u00e4 kisabudjetti kuitenkin j\u00e4\u00e4 negatiiviseksi noilla summilla.<\/p>\n<p><a href=\"http:\/\/www.remonen.fi\/WP\/wp-content\/uploads\/2016\/08\/helride-1.jpg\"><img loading=\"lazy\" decoding=\"async\" class=\"aligncenter wp-image-8048\" title=\"Aperture: &#402;\/4 | Credit: Matti Remonen | Camera: NIKON D500 | Taken: 5 elokuun, 2016 | Focal length: 24mm | ISO: 100 | Shutter speed: 1\/800s | \" src=\"http:\/\/www.remonen.fi\/WP\/wp-content\/uploads\/2016\/08\/helride-1.jpg\" alt=\"HELride 2016\" width=\"586\" height=\"880\" srcset=\"https:\/\/www.remonen.fi\/WP\/wp-content\/uploads\/2016\/08\/helride-1.jpg 853w, https:\/\/www.remonen.fi\/WP\/wp-content\/uploads\/2016\/08\/helride-1-200x300.jpg 200w, https:\/\/www.remonen.fi\/WP\/wp-content\/uploads\/2016\/08\/helride-1-453x680.jpg 453w, https:\/\/www.remonen.fi\/WP\/wp-content\/uploads\/2016\/08\/helride-1-768x1152.jpg 768w, https:\/\/www.remonen.fi\/WP\/wp-content\/uploads\/2016\/08\/helride-1-682x1024.jpg 682w, https:\/\/www.remonen.fi\/WP\/wp-content\/uploads\/2016\/08\/helride-1-440x660.jpg 440w, https:\/\/www.remonen.fi\/WP\/wp-content\/uploads\/2016\/08\/helride-1-300x450.jpg 300w\" sizes=\"(max-width: 586px) 100vw, 586px\" \/><\/a><\/p>\n<p>Kuvausmieless\u00e4 l\u00e4ksin hakemaan kontrastia skeittauksen ja Mannerheimin patsaan v\u00e4lille, sill\u00e4 edustavathan ne hieman eri aikakausia. Kuvaamaan tuolla p\u00e4\u00e4sikin varsin vapaasti, kunhan katsoi ettei saa lautaa p\u00e4\u00e4h\u00e4ns\u00e4. Tosin omaan piikkiinh\u00e4n sekin olisi mennyt. Skedeporukka on sen verran tottunut kuvaamiseen, tai ainakin kuvaaminen on niin olennainen osa kulttuuria, ettei se n\u00e4ytt\u00e4nyt ket\u00e4\u00e4n h\u00e4iritsev\u00e4n. Ja olihan noita kuvaajia paikalla minun lis\u00e4kseni muitakin.<\/p>\n<p><a href=\"http:\/\/www.remonen.fi\/WP\/wp-content\/uploads\/2016\/08\/helride-7.jpg\"><img loading=\"lazy\" decoding=\"async\" class=\"aligncenter wp-image-8047\" title=\"Aperture: &#402;\/4 | Credit: Matti Remonen | Camera: NIKON D500 | Taken: 5 elokuun, 2016 | Focal length: 110mm | ISO: 100 | Shutter speed: 1\/320s | \" src=\"http:\/\/www.remonen.fi\/WP\/wp-content\/uploads\/2016\/08\/helride-7.jpg\" alt=\"HELride 2016\" width=\"586\" height=\"880\" srcset=\"https:\/\/www.remonen.fi\/WP\/wp-content\/uploads\/2016\/08\/helride-7.jpg 853w, https:\/\/www.remonen.fi\/WP\/wp-content\/uploads\/2016\/08\/helride-7-200x300.jpg 200w, https:\/\/www.remonen.fi\/WP\/wp-content\/uploads\/2016\/08\/helride-7-453x680.jpg 453w, https:\/\/www.remonen.fi\/WP\/wp-content\/uploads\/2016\/08\/helride-7-768x1152.jpg 768w, https:\/\/www.remonen.fi\/WP\/wp-content\/uploads\/2016\/08\/helride-7-682x1024.jpg 682w, https:\/\/www.remonen.fi\/WP\/wp-content\/uploads\/2016\/08\/helride-7-440x660.jpg 440w, https:\/\/www.remonen.fi\/WP\/wp-content\/uploads\/2016\/08\/helride-7-300x450.jpg 300w\" sizes=\"(max-width: 586px) 100vw, 586px\" \/><\/a><\/p>\n<p>Kuvausolosuhteet olivat osin haastavat, niin kuin ne aina ovat jossain mieless\u00e4. Taivas oli t\u00e4ysin pilvess\u00e4, joten valo oli aivan tasaista. Salama olisi ollut hyv\u00e4 ja joku olikin varustautunut ihan studiosalamalla. Pikkusalama ei tuolla olisi paljoa auttanut, varsinkin kun valo sitten olisi tullut suoraan edest\u00e4. Lis\u00e4ksi kun kuvasin sarrrjaaa, niin ei siihen salama ehdi mukaan. Alivalotin kuvia tarkoituksella, ettei taivas palaisi ihan puhki. Olen sitten editiss\u00e4 nostellut n\u00e4it\u00e4 aukon verran.<\/p>\n<p><a href=\"http:\/\/www.remonen.fi\/WP\/wp-content\/uploads\/2016\/08\/helride-3.jpg\"><img loading=\"lazy\" decoding=\"async\" class=\"aligncenter wp-image-8050\" title=\"Aperture: &#402;\/3.5 | Credit: Matti Remonen | Camera: NIKON D500 | Taken: 5 elokuun, 2016 | Focal length: 18mm | ISO: 100 | Shutter speed: 1\/1250s | \" src=\"http:\/\/www.remonen.fi\/WP\/wp-content\/uploads\/2016\/08\/helride-3.jpg\" alt=\"HELride 2016\" width=\"586\" height=\"880\" srcset=\"https:\/\/www.remonen.fi\/WP\/wp-content\/uploads\/2016\/08\/helride-3.jpg 853w, https:\/\/www.remonen.fi\/WP\/wp-content\/uploads\/2016\/08\/helride-3-200x300.jpg 200w, https:\/\/www.remonen.fi\/WP\/wp-content\/uploads\/2016\/08\/helride-3-453x680.jpg 453w, https:\/\/www.remonen.fi\/WP\/wp-content\/uploads\/2016\/08\/helride-3-768x1152.jpg 768w, https:\/\/www.remonen.fi\/WP\/wp-content\/uploads\/2016\/08\/helride-3-682x1024.jpg 682w, https:\/\/www.remonen.fi\/WP\/wp-content\/uploads\/2016\/08\/helride-3-440x660.jpg 440w, https:\/\/www.remonen.fi\/WP\/wp-content\/uploads\/2016\/08\/helride-3-300x450.jpg 300w\" sizes=\"(max-width: 586px) 100vw, 586px\" \/><\/a><\/p>\n<p><a href=\"http:\/\/www.remonen.fi\/WP\/wp-content\/uploads\/2016\/08\/helride-2.jpg\"><img loading=\"lazy\" decoding=\"async\" class=\"aligncenter wp-image-8049\" title=\"Aperture: &#402;\/3.5 | Credit: Matti Remonen | Camera: NIKON D500 | Taken: 5 elokuun, 2016 | Focal length: 20mm | ISO: 100 | Shutter speed: 1\/1250s | \" src=\"http:\/\/www.remonen.fi\/WP\/wp-content\/uploads\/2016\/08\/helride-2.jpg\" alt=\"HELride 2016\" width=\"586\" height=\"880\" srcset=\"https:\/\/www.remonen.fi\/WP\/wp-content\/uploads\/2016\/08\/helride-2.jpg 853w, https:\/\/www.remonen.fi\/WP\/wp-content\/uploads\/2016\/08\/helride-2-200x300.jpg 200w, https:\/\/www.remonen.fi\/WP\/wp-content\/uploads\/2016\/08\/helride-2-453x680.jpg 453w, https:\/\/www.remonen.fi\/WP\/wp-content\/uploads\/2016\/08\/helride-2-768x1152.jpg 768w, https:\/\/www.remonen.fi\/WP\/wp-content\/uploads\/2016\/08\/helride-2-682x1024.jpg 682w, https:\/\/www.remonen.fi\/WP\/wp-content\/uploads\/2016\/08\/helride-2-440x660.jpg 440w, https:\/\/www.remonen.fi\/WP\/wp-content\/uploads\/2016\/08\/helride-2-300x450.jpg 300w\" sizes=\"(max-width: 586px) 100vw, 586px\" \/><\/a><\/p>\n<p><a href=\"http:\/\/www.remonen.fi\/WP\/wp-content\/uploads\/2016\/08\/helride-8.jpg\"><img loading=\"lazy\" decoding=\"async\" class=\"aligncenter wp-image-8043\" title=\"Aperture: &#402;\/3.5 | Credit: Matti Remonen | Camera: NIKON D500 | Taken: 5 elokuun, 2016 | Focal length: 18mm | ISO: 250 | Shutter speed: 1\/1600s | \" src=\"http:\/\/www.remonen.fi\/WP\/wp-content\/uploads\/2016\/08\/helride-8.jpg\" alt=\"HELride 2016\" width=\"586\" height=\"880\" srcset=\"https:\/\/www.remonen.fi\/WP\/wp-content\/uploads\/2016\/08\/helride-8.jpg 853w, https:\/\/www.remonen.fi\/WP\/wp-content\/uploads\/2016\/08\/helride-8-200x300.jpg 200w, https:\/\/www.remonen.fi\/WP\/wp-content\/uploads\/2016\/08\/helride-8-453x680.jpg 453w, https:\/\/www.remonen.fi\/WP\/wp-content\/uploads\/2016\/08\/helride-8-768x1152.jpg 768w, https:\/\/www.remonen.fi\/WP\/wp-content\/uploads\/2016\/08\/helride-8-682x1024.jpg 682w, https:\/\/www.remonen.fi\/WP\/wp-content\/uploads\/2016\/08\/helride-8-440x660.jpg 440w, https:\/\/www.remonen.fi\/WP\/wp-content\/uploads\/2016\/08\/helride-8-300x450.jpg 300w\" sizes=\"(max-width: 586px) 100vw, 586px\" \/><\/a><\/p>\n<p>Yhteen onnenkantamoiseenkin sain &#8221;lainattua&#8221; salamaa. Mutta tuossa n\u00e4kee salaman tuoman lis\u00e4buustin.<\/p>\n<p><a href=\"http:\/\/www.remonen.fi\/WP\/wp-content\/uploads\/2016\/08\/helride-6.jpg\"><img loading=\"lazy\" decoding=\"async\" class=\"aligncenter wp-image-8046\" title=\"Aperture: &#402;\/4 | Credit: Matti Remonen | Camera: NIKON D500 | Taken: 5 elokuun, 2016 | Focal length: 110mm | ISO: 100 | Shutter speed: 1\/400s | \" src=\"http:\/\/www.remonen.fi\/WP\/wp-content\/uploads\/2016\/08\/helride-6.jpg\" alt=\"HELride 2016\" width=\"586\" height=\"880\" srcset=\"https:\/\/www.remonen.fi\/WP\/wp-content\/uploads\/2016\/08\/helride-6.jpg 853w, https:\/\/www.remonen.fi\/WP\/wp-content\/uploads\/2016\/08\/helride-6-200x300.jpg 200w, https:\/\/www.remonen.fi\/WP\/wp-content\/uploads\/2016\/08\/helride-6-453x680.jpg 453w, https:\/\/www.remonen.fi\/WP\/wp-content\/uploads\/2016\/08\/helride-6-768x1152.jpg 768w, https:\/\/www.remonen.fi\/WP\/wp-content\/uploads\/2016\/08\/helride-6-682x1024.jpg 682w, https:\/\/www.remonen.fi\/WP\/wp-content\/uploads\/2016\/08\/helride-6-440x660.jpg 440w, https:\/\/www.remonen.fi\/WP\/wp-content\/uploads\/2016\/08\/helride-6-300x450.jpg 300w\" sizes=\"(max-width: 586px) 100vw, 586px\" \/><\/a><\/p>\n<p>Kun Mannerheim oli saanut kisoista tarpeekseen ja palkintorahatkin jaettu, siirryttiin Kiasman vieress\u00e4 olevalle rampille, jossa tavoitteena oli tehd\u00e4 kolme onnistunutta trikki\u00e4 per\u00e4kk\u00e4in. Aika pitk\u00e4\u00e4n meni, ennen kuin moisessa onnistuttiin, mutta lopulta joku onnellinen pokkasi p\u00e4\u00e4palkinnon 50 EUR. Kuten palkintosummista n\u00e4kee, skeittaaminen on kutsumuslaji.<\/p>\n<p><a href=\"http:\/\/www.remonen.fi\/WP\/wp-content\/uploads\/2016\/08\/helride-10.jpg\"><img loading=\"lazy\" decoding=\"async\" class=\"aligncenter wp-image-8042\" title=\"Aperture: &#402;\/4.5 | Credit: Matti Remonen | Camera: NIKON D500 | Taken: 5 elokuun, 2016 | Focal length: 18mm | ISO: 640 | Shutter speed: 1\/1600s | \" src=\"http:\/\/www.remonen.fi\/WP\/wp-content\/uploads\/2016\/08\/helride-10.jpg\" alt=\"HELride 2016\" width=\"880\" height=\"586\" srcset=\"https:\/\/www.remonen.fi\/WP\/wp-content\/uploads\/2016\/08\/helride-10.jpg 1280w, https:\/\/www.remonen.fi\/WP\/wp-content\/uploads\/2016\/08\/helride-10-300x200.jpg 300w, https:\/\/www.remonen.fi\/WP\/wp-content\/uploads\/2016\/08\/helride-10-680x453.jpg 680w, https:\/\/www.remonen.fi\/WP\/wp-content\/uploads\/2016\/08\/helride-10-768x512.jpg 768w, https:\/\/www.remonen.fi\/WP\/wp-content\/uploads\/2016\/08\/helride-10-1024x682.jpg 1024w, https:\/\/www.remonen.fi\/WP\/wp-content\/uploads\/2016\/08\/helride-10-440x293.jpg 440w, https:\/\/www.remonen.fi\/WP\/wp-content\/uploads\/2016\/08\/helride-10-960x640.jpg 960w\" sizes=\"(max-width: 880px) 100vw, 880px\" \/><\/a><\/p>\n<p>Paikalla oli hyv\u00e4 meno yleis\u00f6n ja kilpailijoiden kesken ja tekemisen ilo n\u00e4kyi kauas. <a href=\"https:\/\/lamina.fi\/\" target=\"_blank\">Laminalla <\/a>oli oma teltta, josta sai ilmaiseksi grillimakkaraa. T\u00e4\u00e4ll\u00e4 on makkara-asiat jopa paremmin hoidossa kuin raveissa.<\/p>\n<p>Saa n\u00e4hd\u00e4 mit\u00e4 skeittauksen nostaminen olympialajiksi Tokioon 2020 tekee t\u00e4lle lajille. Muuttuuko homma vakavammaksi vai s\u00e4ilyyk\u00f6 hommassa viel\u00e4 hyv\u00e4 syke.<\/p>\n<p><a href=\"http:\/\/www.remonen.fi\/WP\/wp-content\/uploads\/2016\/08\/helride-9.jpg\"><img loading=\"lazy\" decoding=\"async\" class=\"aligncenter wp-image-8044\" title=\"Aperture: &#402;\/5.6 | Credit: Matti Remonen | Camera: NIKON D500 | Taken: 5 elokuun, 2016 | Focal length: 24mm | ISO: 400 | Shutter speed: 1\/1600s | \" src=\"http:\/\/www.remonen.fi\/WP\/wp-content\/uploads\/2016\/08\/helride-9.jpg\" alt=\"HELride 2016\" width=\"586\" height=\"880\" srcset=\"https:\/\/www.remonen.fi\/WP\/wp-content\/uploads\/2016\/08\/helride-9.jpg 853w, https:\/\/www.remonen.fi\/WP\/wp-content\/uploads\/2016\/08\/helride-9-200x300.jpg 200w, https:\/\/www.remonen.fi\/WP\/wp-content\/uploads\/2016\/08\/helride-9-453x680.jpg 453w, https:\/\/www.remonen.fi\/WP\/wp-content\/uploads\/2016\/08\/helride-9-768x1152.jpg 768w, https:\/\/www.remonen.fi\/WP\/wp-content\/uploads\/2016\/08\/helride-9-682x1024.jpg 682w, https:\/\/www.remonen.fi\/WP\/wp-content\/uploads\/2016\/08\/helride-9-440x660.jpg 440w, https:\/\/www.remonen.fi\/WP\/wp-content\/uploads\/2016\/08\/helride-9-300x450.jpg 300w\" sizes=\"(max-width: 586px) 100vw, 586px\" \/><\/a><\/p>\n<p>Pari kertaa meinasin saada laudan naamaani ja kerran se tulikin syliin. Suuremmilta vammoilta kuitenkin s\u00e4\u00e4styttiin. No pain, no gain.<\/p>\n<p><a href=\"http:\/\/www.remonen.fi\/WP\/wp-content\/uploads\/2016\/08\/helride-11.jpg\"><img loading=\"lazy\" decoding=\"async\" class=\"aligncenter wp-image-8041\" title=\"Aperture: &#402;\/4.5 | Credit: Matti Remonen | Camera: NIKON D500 | Taken: 5 elokuun, 2016 | Focal length: 18mm | ISO: 800 | Shutter speed: 1\/1600s | \" src=\"http:\/\/www.remonen.fi\/WP\/wp-content\/uploads\/2016\/08\/helride-11.jpg\" alt=\"HELride 2016\" width=\"880\" height=\"586\" srcset=\"https:\/\/www.remonen.fi\/WP\/wp-content\/uploads\/2016\/08\/helride-11.jpg 1280w, https:\/\/www.remonen.fi\/WP\/wp-content\/uploads\/2016\/08\/helride-11-300x200.jpg 300w, https:\/\/www.remonen.fi\/WP\/wp-content\/uploads\/2016\/08\/helride-11-680x453.jpg 680w, https:\/\/www.remonen.fi\/WP\/wp-content\/uploads\/2016\/08\/helride-11-768x512.jpg 768w, https:\/\/www.remonen.fi\/WP\/wp-content\/uploads\/2016\/08\/helride-11-1024x682.jpg 1024w, https:\/\/www.remonen.fi\/WP\/wp-content\/uploads\/2016\/08\/helride-11-440x293.jpg 440w, https:\/\/www.remonen.fi\/WP\/wp-content\/uploads\/2016\/08\/helride-11-960x640.jpg 960w\" sizes=\"(max-width: 880px) 100vw, 880px\" \/><\/a><\/p>\n<p>Skedeskeness\u00e4 Nikon D500 + Nikkor AF-S 18-35\/3.5-4.5G + Nikkor AF-S 24-120\/4G VR.<\/p>\n","protected":false},"excerpt":{"rendered":"<p>Viikonloppu oli Helsingiss\u00e4 varsinainen mega-sellainen ainakin tapahtumien koon ja m\u00e4\u00e4r\u00e4n perusteella. T\u00e4\u00e4ll\u00e4h\u00e4n oli Weekend Festival, Kallio Block Party ja viimeisen\u00e4 mutta ei lainkaan v\u00e4h\u00e4isimp\u00e4n\u00e4 HELride -skeittitapahtuma. Olin jo etuk\u00e4teen googlaillut HELriden ohjelman ja perjantaina sitten t\u00f6iden j\u00e4lkeen suuntasinkin Kiasmalle. P\u00e4\u00e4tin menn\u00e4 sinne polkupy\u00f6r\u00e4ll\u00e4, jotta samalla tulisi yhdistetty\u00e4 huvia ja hy\u00f6ty\u00e4. V\u00e4h\u00e4n kyll\u00e4 arvelutti j\u00e4tt\u00e4\u00e4 fillari [&hellip;]<\/p>\n","protected":false},"author":2,"featured_media":8042,"comment_status":"open","ping_status":"closed","sticky":false,"template":"","format":"standard","meta":{"footnotes":""},"categories":[16],"tags":[299],"yoast_head":"<!-- This site is optimized with the Yoast SEO plugin v24.5 - https:\/\/yoast.com\/wordpress\/plugins\/seo\/ -->\n<title>Ride in HEL &#187; remonen.fi<\/title>\n<meta name=\"description\" content=\"HELride 2016 -tunnelmia ja kuvia Kiasman edustalta. Parhaat suomalaiset ja joukko kovia ulkomaisia nimi\u00e4 skeittaamassa keskell\u00e4 Helsinki\u00e4.\" \/>\n<meta name=\"robots\" content=\"index, follow, max-snippet:-1, max-image-preview:large, max-video-preview:-1\" \/>\n<link rel=\"canonical\" href=\"https:\/\/www.remonen.fi\/WP\/blogi\/ride-in-hel\/\" \/>\n<meta property=\"og:locale\" content=\"fi_FI\" \/>\n<meta property=\"og:type\" content=\"article\" \/>\n<meta property=\"og:title\" content=\"Ride in HEL &#187; remonen.fi\" \/>\n<meta property=\"og:description\" content=\"HELride 2016 -tunnelmia ja kuvia Kiasman edustalta. Parhaat suomalaiset ja joukko kovia ulkomaisia nimi\u00e4 skeittaamassa keskell\u00e4 Helsinki\u00e4.\" \/>\n<meta property=\"og:url\" content=\"https:\/\/www.remonen.fi\/WP\/blogi\/ride-in-hel\/\" \/>\n<meta property=\"og:site_name\" content=\"remonen.fi\" \/>\n<meta property=\"article:published_time\" content=\"2016-08-07T14:01:10+00:00\" \/>\n<meta property=\"og:image\" content=\"https:\/\/www.remonen.fi\/WP\/wp-content\/uploads\/2016\/08\/helride-10.jpg\" \/>\n\t<meta property=\"og:image:width\" content=\"1280\" \/>\n\t<meta property=\"og:image:height\" content=\"853\" \/>\n\t<meta property=\"og:image:type\" content=\"image\/jpeg\" \/>\n<meta name=\"author\" content=\"Matti Remonen\" \/>\n<meta name=\"twitter:label1\" content=\"Kirjoittanut\" \/>\n\t<meta name=\"twitter:data1\" content=\"Matti Remonen\" \/>\n\t<meta name=\"twitter:label2\" content=\"Arvioitu lukuaika\" \/>\n\t<meta name=\"twitter:data2\" content=\"2 minuuttia\" \/>\n<script type=\"application\/ld+json\" class=\"yoast-schema-graph\">{\"@context\":\"https:\/\/schema.org\",\"@graph\":[{\"@type\":\"Article\",\"@id\":\"https:\/\/www.remonen.fi\/WP\/blogi\/ride-in-hel\/#article\",\"isPartOf\":{\"@id\":\"https:\/\/www.remonen.fi\/WP\/blogi\/ride-in-hel\/\"},\"author\":{\"name\":\"Matti Remonen\",\"@id\":\"https:\/\/www.remonen.fi\/WP\/#\/schema\/person\/1803c23d1d4f6722054eb2ac7f7a97cd\"},\"headline\":\"Ride in HEL\",\"datePublished\":\"2016-08-07T14:01:10+00:00\",\"mainEntityOfPage\":{\"@id\":\"https:\/\/www.remonen.fi\/WP\/blogi\/ride-in-hel\/\"},\"wordCount\":475,\"commentCount\":0,\"publisher\":{\"@id\":\"https:\/\/www.remonen.fi\/WP\/#\/schema\/person\/1803c23d1d4f6722054eb2ac7f7a97cd\"},\"image\":{\"@id\":\"https:\/\/www.remonen.fi\/WP\/blogi\/ride-in-hel\/#primaryimage\"},\"thumbnailUrl\":\"https:\/\/www.remonen.fi\/WP\/wp-content\/uploads\/2016\/08\/helride-10.jpg\",\"keywords\":[\"HELride\"],\"articleSection\":[\"Blog\"],\"inLanguage\":\"fi\",\"potentialAction\":[{\"@type\":\"CommentAction\",\"name\":\"Comment\",\"target\":[\"https:\/\/www.remonen.fi\/WP\/blogi\/ride-in-hel\/#respond\"]}]},{\"@type\":\"WebPage\",\"@id\":\"https:\/\/www.remonen.fi\/WP\/blogi\/ride-in-hel\/\",\"url\":\"https:\/\/www.remonen.fi\/WP\/blogi\/ride-in-hel\/\",\"name\":\"Ride in HEL &#187; remonen.fi\",\"isPartOf\":{\"@id\":\"https:\/\/www.remonen.fi\/WP\/#website\"},\"primaryImageOfPage\":{\"@id\":\"https:\/\/www.remonen.fi\/WP\/blogi\/ride-in-hel\/#primaryimage\"},\"image\":{\"@id\":\"https:\/\/www.remonen.fi\/WP\/blogi\/ride-in-hel\/#primaryimage\"},\"thumbnailUrl\":\"https:\/\/www.remonen.fi\/WP\/wp-content\/uploads\/2016\/08\/helride-10.jpg\",\"datePublished\":\"2016-08-07T14:01:10+00:00\",\"description\":\"HELride 2016 -tunnelmia ja kuvia Kiasman edustalta. Parhaat suomalaiset ja joukko kovia ulkomaisia nimi\u00e4 skeittaamassa keskell\u00e4 Helsinki\u00e4.\",\"breadcrumb\":{\"@id\":\"https:\/\/www.remonen.fi\/WP\/blogi\/ride-in-hel\/#breadcrumb\"},\"inLanguage\":\"fi\",\"potentialAction\":[{\"@type\":\"ReadAction\",\"target\":[\"https:\/\/www.remonen.fi\/WP\/blogi\/ride-in-hel\/\"]}]},{\"@type\":\"ImageObject\",\"inLanguage\":\"fi\",\"@id\":\"https:\/\/www.remonen.fi\/WP\/blogi\/ride-in-hel\/#primaryimage\",\"url\":\"https:\/\/www.remonen.fi\/WP\/wp-content\/uploads\/2016\/08\/helride-10.jpg\",\"contentUrl\":\"https:\/\/www.remonen.fi\/WP\/wp-content\/uploads\/2016\/08\/helride-10.jpg\",\"width\":1280,\"height\":853,\"caption\":\"[exif id=\\\"8042\\\"]\"},{\"@type\":\"BreadcrumbList\",\"@id\":\"https:\/\/www.remonen.fi\/WP\/blogi\/ride-in-hel\/#breadcrumb\",\"itemListElement\":[{\"@type\":\"ListItem\",\"position\":1,\"name\":\"Etusivu\",\"item\":\"https:\/\/www.remonen.fi\/WP\/\"},{\"@type\":\"ListItem\",\"position\":2,\"name\":\"Ride in HEL\"}]},{\"@type\":\"WebSite\",\"@id\":\"https:\/\/www.remonen.fi\/WP\/#website\",\"url\":\"https:\/\/www.remonen.fi\/WP\/\",\"name\":\"remonen.fi\",\"description\":\"Valokuvia ja tarinaa laidasta laitaan\",\"publisher\":{\"@id\":\"https:\/\/www.remonen.fi\/WP\/#\/schema\/person\/1803c23d1d4f6722054eb2ac7f7a97cd\"},\"potentialAction\":[{\"@type\":\"SearchAction\",\"target\":{\"@type\":\"EntryPoint\",\"urlTemplate\":\"https:\/\/www.remonen.fi\/WP\/?s={search_term_string}\"},\"query-input\":{\"@type\":\"PropertyValueSpecification\",\"valueRequired\":true,\"valueName\":\"search_term_string\"}}],\"inLanguage\":\"fi\"},{\"@type\":[\"Person\",\"Organization\"],\"@id\":\"https:\/\/www.remonen.fi\/WP\/#\/schema\/person\/1803c23d1d4f6722054eb2ac7f7a97cd\",\"name\":\"Matti Remonen\",\"logo\":{\"@id\":\"https:\/\/www.remonen.fi\/WP\/#\/schema\/person\/image\/\"},\"url\":\"https:\/\/www.remonen.fi\/WP\/blogi\/author\/mre\/\"}]}<\/script>\n<!-- \/ Yoast SEO plugin. -->","yoast_head_json":{"title":"Ride in HEL &#187; remonen.fi","description":"HELride 2016 -tunnelmia ja kuvia Kiasman edustalta. Parhaat suomalaiset ja joukko kovia ulkomaisia nimi\u00e4 skeittaamassa keskell\u00e4 Helsinki\u00e4.","robots":{"index":"index","follow":"follow","max-snippet":"max-snippet:-1","max-image-preview":"max-image-preview:large","max-video-preview":"max-video-preview:-1"},"canonical":"https:\/\/www.remonen.fi\/WP\/blogi\/ride-in-hel\/","og_locale":"fi_FI","og_type":"article","og_title":"Ride in HEL &#187; remonen.fi","og_description":"HELride 2016 -tunnelmia ja kuvia Kiasman edustalta. Parhaat suomalaiset ja joukko kovia ulkomaisia nimi\u00e4 skeittaamassa keskell\u00e4 Helsinki\u00e4.","og_url":"https:\/\/www.remonen.fi\/WP\/blogi\/ride-in-hel\/","og_site_name":"remonen.fi","article_published_time":"2016-08-07T14:01:10+00:00","og_image":[{"width":1280,"height":853,"url":"https:\/\/www.remonen.fi\/WP\/wp-content\/uploads\/2016\/08\/helride-10.jpg","type":"image\/jpeg"}],"author":"Matti Remonen","twitter_misc":{"Kirjoittanut":"Matti Remonen","Arvioitu lukuaika":"2 minuuttia"},"schema":{"@context":"https:\/\/schema.org","@graph":[{"@type":"Article","@id":"https:\/\/www.remonen.fi\/WP\/blogi\/ride-in-hel\/#article","isPartOf":{"@id":"https:\/\/www.remonen.fi\/WP\/blogi\/ride-in-hel\/"},"author":{"name":"Matti Remonen","@id":"https:\/\/www.remonen.fi\/WP\/#\/schema\/person\/1803c23d1d4f6722054eb2ac7f7a97cd"},"headline":"Ride in HEL","datePublished":"2016-08-07T14:01:10+00:00","mainEntityOfPage":{"@id":"https:\/\/www.remonen.fi\/WP\/blogi\/ride-in-hel\/"},"wordCount":475,"commentCount":0,"publisher":{"@id":"https:\/\/www.remonen.fi\/WP\/#\/schema\/person\/1803c23d1d4f6722054eb2ac7f7a97cd"},"image":{"@id":"https:\/\/www.remonen.fi\/WP\/blogi\/ride-in-hel\/#primaryimage"},"thumbnailUrl":"https:\/\/www.remonen.fi\/WP\/wp-content\/uploads\/2016\/08\/helride-10.jpg","keywords":["HELride"],"articleSection":["Blog"],"inLanguage":"fi","potentialAction":[{"@type":"CommentAction","name":"Comment","target":["https:\/\/www.remonen.fi\/WP\/blogi\/ride-in-hel\/#respond"]}]},{"@type":"WebPage","@id":"https:\/\/www.remonen.fi\/WP\/blogi\/ride-in-hel\/","url":"https:\/\/www.remonen.fi\/WP\/blogi\/ride-in-hel\/","name":"Ride in HEL &#187; remonen.fi","isPartOf":{"@id":"https:\/\/www.remonen.fi\/WP\/#website"},"primaryImageOfPage":{"@id":"https:\/\/www.remonen.fi\/WP\/blogi\/ride-in-hel\/#primaryimage"},"image":{"@id":"https:\/\/www.remonen.fi\/WP\/blogi\/ride-in-hel\/#primaryimage"},"thumbnailUrl":"https:\/\/www.remonen.fi\/WP\/wp-content\/uploads\/2016\/08\/helride-10.jpg","datePublished":"2016-08-07T14:01:10+00:00","description":"HELride 2016 -tunnelmia ja kuvia Kiasman edustalta. Parhaat suomalaiset ja joukko kovia ulkomaisia nimi\u00e4 skeittaamassa keskell\u00e4 Helsinki\u00e4.","breadcrumb":{"@id":"https:\/\/www.remonen.fi\/WP\/blogi\/ride-in-hel\/#breadcrumb"},"inLanguage":"fi","potentialAction":[{"@type":"ReadAction","target":["https:\/\/www.remonen.fi\/WP\/blogi\/ride-in-hel\/"]}]},{"@type":"ImageObject","inLanguage":"fi","@id":"https:\/\/www.remonen.fi\/WP\/blogi\/ride-in-hel\/#primaryimage","url":"https:\/\/www.remonen.fi\/WP\/wp-content\/uploads\/2016\/08\/helride-10.jpg","contentUrl":"https:\/\/www.remonen.fi\/WP\/wp-content\/uploads\/2016\/08\/helride-10.jpg","width":1280,"height":853,"caption":"[exif id=\"8042\"]"},{"@type":"BreadcrumbList","@id":"https:\/\/www.remonen.fi\/WP\/blogi\/ride-in-hel\/#breadcrumb","itemListElement":[{"@type":"ListItem","position":1,"name":"Etusivu","item":"https:\/\/www.remonen.fi\/WP\/"},{"@type":"ListItem","position":2,"name":"Ride in HEL"}]},{"@type":"WebSite","@id":"https:\/\/www.remonen.fi\/WP\/#website","url":"https:\/\/www.remonen.fi\/WP\/","name":"remonen.fi","description":"Valokuvia ja tarinaa laidasta laitaan","publisher":{"@id":"https:\/\/www.remonen.fi\/WP\/#\/schema\/person\/1803c23d1d4f6722054eb2ac7f7a97cd"},"potentialAction":[{"@type":"SearchAction","target":{"@type":"EntryPoint","urlTemplate":"https:\/\/www.remonen.fi\/WP\/?s={search_term_string}"},"query-input":{"@type":"PropertyValueSpecification","valueRequired":true,"valueName":"search_term_string"}}],"inLanguage":"fi"},{"@type":["Person","Organization"],"@id":"https:\/\/www.remonen.fi\/WP\/#\/schema\/person\/1803c23d1d4f6722054eb2ac7f7a97cd","name":"Matti Remonen","logo":{"@id":"https:\/\/www.remonen.fi\/WP\/#\/schema\/person\/image\/"},"url":"https:\/\/www.remonen.fi\/WP\/blogi\/author\/mre\/"}]}},"_links":{"self":[{"href":"https:\/\/www.remonen.fi\/WP\/wp-json\/wp\/v2\/posts\/8040"}],"collection":[{"href":"https:\/\/www.remonen.fi\/WP\/wp-json\/wp\/v2\/posts"}],"about":[{"href":"https:\/\/www.remonen.fi\/WP\/wp-json\/wp\/v2\/types\/post"}],"author":[{"embeddable":true,"href":"https:\/\/www.remonen.fi\/WP\/wp-json\/wp\/v2\/users\/2"}],"replies":[{"embeddable":true,"href":"https:\/\/www.remonen.fi\/WP\/wp-json\/wp\/v2\/comments?post=8040"}],"version-history":[{"count":0,"href":"https:\/\/www.remonen.fi\/WP\/wp-json\/wp\/v2\/posts\/8040\/revisions"}],"wp:featuredmedia":[{"embeddable":true,"href":"https:\/\/www.remonen.fi\/WP\/wp-json\/wp\/v2\/media\/8042"}],"wp:attachment":[{"href":"https:\/\/www.remonen.fi\/WP\/wp-json\/wp\/v2\/media?parent=8040"}],"wp:term":[{"taxonomy":"category","embeddable":true,"href":"https:\/\/www.remonen.fi\/WP\/wp-json\/wp\/v2\/categories?post=8040"},{"taxonomy":"post_tag","embeddable":true,"href":"https:\/\/www.remonen.fi\/WP\/wp-json\/wp\/v2\/tags?post=8040"}],"curies":[{"name":"wp","href":"https:\/\/api.w.org\/{rel}","templated":true}]}}