{"id":8060,"date":"2016-08-17T16:38:02","date_gmt":"2016-08-17T13:38:02","guid":{"rendered":"http:\/\/www.remonen.fi\/?p=8060"},"modified":"2016-08-17T16:38:02","modified_gmt":"2016-08-17T13:38:02","slug":"synttarit-malmilla","status":"publish","type":"post","link":"https:\/\/www.remonen.fi\/WP\/blogi\/synttarit-malmilla\/","title":{"rendered":"Syntt\u00e4rit Malmilla"},"content":{"rendered":"<p>Viime viikonloppuna p\u00e4\u00e4sin t\u00e4ytt\u00e4m\u00e4\u00e4n pitk\u00e4aikaista haavettani ja kuvasin lenton\u00e4yt\u00f6ksess\u00e4. Jostain syyst\u00e4 olen aina onnistunut j\u00e4rjest\u00e4m\u00e4\u00e4n itselleni jotain ei-peruutettavissa olevaa menoa Helsingin ilmailun\u00e4yt\u00f6sten ajaksi. Nyt sattumalta bongasin <a href=\"http:\/\/www.malmiairshow.fi\/\" target=\"_blank\">Malmin 80-vuotisjuhlien kunniaksi j\u00e4rjestetyn n\u00e4yt\u00f6ksen<\/a> &#8211;\u00a0Malmi 80th Anniversary Airshow &#8211; hyviss\u00e4 ajoin ja ostinkin sinne liput molemmiksi p\u00e4iviksi ihan sen takia, ett\u00e4 se olisi sitten lukittu se viikonloppu. Ostin viel\u00e4 varmuuden vuoksi erilliset valokuvaajan liput, jotta kuvauskokemus olisi se paras mahdollinen. Mullahan ei siis ollut mit\u00e4\u00e4n ennakkokokemusta lenton\u00e4yt\u00f6ksist\u00e4 eik\u00e4 etenk\u00e4\u00e4n kuvaamisesta sellaisessa.<\/p>\n<blockquote><p>Harmaa sotilaskone harmaalla taivaalla ei ole aivan sit\u00e4 mit\u00e4 menin hakemaan<\/p><\/blockquote>\n<p><a href=\"http:\/\/www.remonen.fi\/WP\/wp-content\/uploads\/2016\/08\/malmi_80-10.jpg\"><img loading=\"lazy\" decoding=\"async\" class=\"aligncenter wp-image-8072\" title=\"Aperture: &#402;\/10 | Credit: Matti Remonen | Camera: NIKON D500 | Taken: 14 elokuun, 2016 | Focal length: 400mm | ISO: 100 | Keywords: Malmi 80 Airshow, Tapahtumat | Shutter speed: 1\/640s | \" src=\"http:\/\/www.remonen.fi\/WP\/wp-content\/uploads\/2016\/08\/malmi_80-10.jpg\" alt=\"Malmi 80th Anniversary Airshow\" width=\"880\" height=\"586\" srcset=\"https:\/\/www.remonen.fi\/WP\/wp-content\/uploads\/2016\/08\/malmi_80-10.jpg 1280w, https:\/\/www.remonen.fi\/WP\/wp-content\/uploads\/2016\/08\/malmi_80-10-300x200.jpg 300w, https:\/\/www.remonen.fi\/WP\/wp-content\/uploads\/2016\/08\/malmi_80-10-680x453.jpg 680w, https:\/\/www.remonen.fi\/WP\/wp-content\/uploads\/2016\/08\/malmi_80-10-768x512.jpg 768w, https:\/\/www.remonen.fi\/WP\/wp-content\/uploads\/2016\/08\/malmi_80-10-1024x682.jpg 1024w, https:\/\/www.remonen.fi\/WP\/wp-content\/uploads\/2016\/08\/malmi_80-10-440x293.jpg 440w, https:\/\/www.remonen.fi\/WP\/wp-content\/uploads\/2016\/08\/malmi_80-10-960x640.jpg 960w\" sizes=\"(max-width: 880px) 100vw, 880px\" \/><\/a><\/p>\n<p>Aloitin fyysisen ja henkisen valmistautumisen tilaisuuteen edelt\u00e4v\u00e4ll\u00e4 viikolla miettim\u00e4ll\u00e4 mit\u00e4 kalustoa pit\u00e4isi ottaa mukaan ja miten sen Malmin kent\u00e4lle saisin. Pitkien pohdiskelujen j\u00e4lkeen p\u00e4\u00e4dyin kahteen runkoon ja kolmeen objektiiviin. Paikalle ne kuljettaisin repussa ja polkupy\u00f6r\u00e4n sel\u00e4ss\u00e4. Fillarireitin k\u00e4vin tiedustelemassa edellisen\u00e4 torstaina samalla kun k\u00e4vin lunastamassa rannekkeen etuk\u00e4teen. Eip\u00e4 sitten tarvitsisi jonossa seisoskella. Kuten ei tarvinnutkaan. Matkaan himasta Malmin kent\u00e4lle tuli sellaiset mukavat 8,5 kilometri\u00e4, joten tuo oli ihan ajettavissa oleva matka. My\u00f6s kameravarusteet sel\u00e4ss\u00e4. Itse kent\u00e4ll\u00e4 sitten varusteet kulkisivat Lowepron kuvaustetsarissa.<\/p>\n<p><a href=\"http:\/\/www.remonen.fi\/WP\/wp-content\/uploads\/2016\/08\/malmi_80-7.jpg\"><img loading=\"lazy\" decoding=\"async\" class=\"aligncenter wp-image-8076\" title=\"Aperture: &#402;\/9 | Credit: Matti Remonen | Camera: NIKON D500 | Taken: 14 elokuun, 2016 | Focal length: 400mm | ISO: 140 | Keywords: Malmi 80 Airshow, Tapahtumat | Shutter speed: 1\/125s | \" src=\"http:\/\/www.remonen.fi\/WP\/wp-content\/uploads\/2016\/08\/malmi_80-7.jpg\" alt=\"Malmi 80th Anniversary Airshow\" width=\"880\" height=\"586\" srcset=\"https:\/\/www.remonen.fi\/WP\/wp-content\/uploads\/2016\/08\/malmi_80-7.jpg 1280w, https:\/\/www.remonen.fi\/WP\/wp-content\/uploads\/2016\/08\/malmi_80-7-300x200.jpg 300w, https:\/\/www.remonen.fi\/WP\/wp-content\/uploads\/2016\/08\/malmi_80-7-680x453.jpg 680w, https:\/\/www.remonen.fi\/WP\/wp-content\/uploads\/2016\/08\/malmi_80-7-768x512.jpg 768w, https:\/\/www.remonen.fi\/WP\/wp-content\/uploads\/2016\/08\/malmi_80-7-1024x682.jpg 1024w, https:\/\/www.remonen.fi\/WP\/wp-content\/uploads\/2016\/08\/malmi_80-7-440x293.jpg 440w, https:\/\/www.remonen.fi\/WP\/wp-content\/uploads\/2016\/08\/malmi_80-7-960x640.jpg 960w\" sizes=\"(max-width: 880px) 100vw, 880px\" \/><\/a><\/p>\n<p>Aikanaan tuo viikonloppukin sitten koitti. Sateisena. Lauantai-aamuna kuikuilin ulos, ett\u00e4 kohtuuhyv\u00e4lt\u00e4 n\u00e4ytt\u00e4\u00e4. Ei sada. Eik\u00e4 satanutkaan ennen kuin sain py\u00f6r\u00e4n esiin ja repun selk\u00e4\u00e4n. Sitten poljettiinkin sateessa. No, kes\u00e4 kuivaa sen mink\u00e4 kasteleekin. Totesi vanha kansa. Siis ne samat, jotka aikanaan p\u00e4\u00e4ttiv\u00e4t Espanjan sijasta suunnata t\u00e4nne pohjoiseen hyvien s\u00e4iden toivossa.<\/p>\n<p><a href=\"http:\/\/www.remonen.fi\/WP\/wp-content\/uploads\/2016\/08\/malmi_80-1.jpg\"><img loading=\"lazy\" decoding=\"async\" class=\"aligncenter wp-image-8078\" title=\"Aperture: &#402;\/10 | Credit: Matti Remonen | Camera: NIKON D500 | Taken: 14 elokuun, 2016 | Focal length: 400mm | ISO: 100 | Keywords: Malmi 80 Airshow, Tapahtumat | Shutter speed: 1\/640s | \" src=\"http:\/\/www.remonen.fi\/WP\/wp-content\/uploads\/2016\/08\/malmi_80-1.jpg\" alt=\"Malmi 80th Anniversary Airshow\" width=\"880\" height=\"586\" srcset=\"https:\/\/www.remonen.fi\/WP\/wp-content\/uploads\/2016\/08\/malmi_80-1.jpg 1280w, https:\/\/www.remonen.fi\/WP\/wp-content\/uploads\/2016\/08\/malmi_80-1-300x200.jpg 300w, https:\/\/www.remonen.fi\/WP\/wp-content\/uploads\/2016\/08\/malmi_80-1-680x453.jpg 680w, https:\/\/www.remonen.fi\/WP\/wp-content\/uploads\/2016\/08\/malmi_80-1-768x512.jpg 768w, https:\/\/www.remonen.fi\/WP\/wp-content\/uploads\/2016\/08\/malmi_80-1-1024x682.jpg 1024w, https:\/\/www.remonen.fi\/WP\/wp-content\/uploads\/2016\/08\/malmi_80-1-440x293.jpg 440w, https:\/\/www.remonen.fi\/WP\/wp-content\/uploads\/2016\/08\/malmi_80-1-960x640.jpg 960w\" sizes=\"(max-width: 880px) 100vw, 880px\" \/><\/a><\/p>\n<p>Ei mit\u00e4\u00e4n niin huonoa, ettei jotain hyv\u00e4\u00e4kin: portilla ei ollut jonoa. Ja olemattomasta jonosta selvitty\u00e4ni suuntasin kuvauskorokkeelle. Eli n\u00e4ill\u00e4 photo-lipuilla p\u00e4\u00e4si kuvaamaan erilliselle 10&#215;2 m lavalle, joka oli ehk\u00e4 metrin maanpintaa korkeammalla. Lava oli sijoitettu p\u00e4\u00e4kiitoradan suuntaisesti ja heti aidan viereen. Ei mulla siit\u00e4 pahaa sanaa, ihan k\u00e4yp\u00e4inen ratkaisu. Eik\u00e4 ainakaan tarvinnut seist\u00e4 nilkkoja my\u00f6ten vedess\u00e4. Kuvaajia meit\u00e4 tuolla oli ehk\u00e4 parisenkymment\u00e4 ja ihan kohtuullisesti mahduttiin.<\/p>\n<p><a href=\"http:\/\/www.remonen.fi\/WP\/wp-content\/uploads\/2016\/08\/malmi_80-8.jpg\"><img loading=\"lazy\" decoding=\"async\" class=\"aligncenter wp-image-8073\" title=\"Aperture: &#402;\/10 | Credit: Matti Remonen | Camera: NIKON D500 | Taken: 14 elokuun, 2016 | Focal length: 400mm | ISO: 100 | Keywords: Malmi 80 Airshow, Tapahtumat | Shutter speed: 1\/500s | \" src=\"http:\/\/www.remonen.fi\/WP\/wp-content\/uploads\/2016\/08\/malmi_80-8.jpg\" alt=\"Malmi 80th Anniversary Airshow\" width=\"880\" height=\"586\" srcset=\"https:\/\/www.remonen.fi\/WP\/wp-content\/uploads\/2016\/08\/malmi_80-8.jpg 1280w, https:\/\/www.remonen.fi\/WP\/wp-content\/uploads\/2016\/08\/malmi_80-8-300x200.jpg 300w, https:\/\/www.remonen.fi\/WP\/wp-content\/uploads\/2016\/08\/malmi_80-8-680x453.jpg 680w, https:\/\/www.remonen.fi\/WP\/wp-content\/uploads\/2016\/08\/malmi_80-8-768x512.jpg 768w, https:\/\/www.remonen.fi\/WP\/wp-content\/uploads\/2016\/08\/malmi_80-8-1024x682.jpg 1024w, https:\/\/www.remonen.fi\/WP\/wp-content\/uploads\/2016\/08\/malmi_80-8-440x293.jpg 440w, https:\/\/www.remonen.fi\/WP\/wp-content\/uploads\/2016\/08\/malmi_80-8-960x640.jpg 960w\" sizes=\"(max-width: 880px) 100vw, 880px\" \/><\/a><\/p>\n<blockquote><p>lenton\u00e4yt\u00f6ksen kuvaaminen &#8211; etenkin potkurikoneiden osalta &#8211; on kyll\u00e4 vaikeinta mit\u00e4 olen t\u00e4h\u00e4n menness\u00e4 tehnyt<\/p><\/blockquote>\n<p><a href=\"http:\/\/www.remonen.fi\/WP\/wp-content\/uploads\/2016\/08\/malmi_80-2.jpg\"><img loading=\"lazy\" decoding=\"async\" class=\"aligncenter wp-image-8079\" title=\"Aperture: &#402;\/14 | Credit: Matti Remonen | Camera: NIKON D500 | Taken: 13 elokuun, 2016 | Focal length: 80mm | ISO: 100 | Keywords: Malmi 80 Airshow, Tapahtumat | Shutter speed: 1\/640s | \" src=\"http:\/\/www.remonen.fi\/WP\/wp-content\/uploads\/2016\/08\/malmi_80-2.jpg\" alt=\"Malmi 80th Anniversary Airshow\" width=\"880\" height=\"586\" srcset=\"https:\/\/www.remonen.fi\/WP\/wp-content\/uploads\/2016\/08\/malmi_80-2.jpg 1280w, https:\/\/www.remonen.fi\/WP\/wp-content\/uploads\/2016\/08\/malmi_80-2-300x200.jpg 300w, https:\/\/www.remonen.fi\/WP\/wp-content\/uploads\/2016\/08\/malmi_80-2-680x453.jpg 680w, https:\/\/www.remonen.fi\/WP\/wp-content\/uploads\/2016\/08\/malmi_80-2-768x512.jpg 768w, https:\/\/www.remonen.fi\/WP\/wp-content\/uploads\/2016\/08\/malmi_80-2-1024x682.jpg 1024w, https:\/\/www.remonen.fi\/WP\/wp-content\/uploads\/2016\/08\/malmi_80-2-440x293.jpg 440w, https:\/\/www.remonen.fi\/WP\/wp-content\/uploads\/2016\/08\/malmi_80-2-960x640.jpg 960w\" sizes=\"(max-width: 880px) 100vw, 880px\" \/><\/a><\/p>\n<p>Ensimm\u00e4isen\u00e4 p\u00e4iv\u00e4n\u00e4 satoi k\u00e4yt\u00e4nn\u00f6ss\u00e4 koko ajan tai ainakin taivas oli t\u00e4ysin pilvess\u00e4. T\u00e4st\u00e4 johtuen kaikki kuvatkin olivat harmaata, harmaata ja harmaata. Harmaa sotilaskone harmaalla taivaalla ei ole aivan sit\u00e4 mit\u00e4 menin hakemaan. Tosin hyv\u00e4n\u00e4 puolena asiassa oli se, ettei tarvittavan suljinajan pit\u00e4minen ollut mik\u00e4\u00e4n ongelma. Nimitt\u00e4in varsinkin potkurikoneita kuvatessa suljinajan pit\u00e4\u00e4 olla riitt\u00e4v\u00e4n pitk\u00e4, jottei potkuri pys\u00e4hdy kuvassa. Pys\u00e4htynyt potkuri tekee taas koneesta pienoismallin n\u00e4k\u00f6isen ja vaikka itse kone on ter\u00e4v\u00e4, niin kuva ei ole hyv\u00e4. Pitk\u00e4 suljinaika taas sitten aiheuttaa sen, ett\u00e4 kuvatessa pit\u00e4\u00e4 pannata, jotta sen koneen nyt sitten saisi edes osittain ter\u00e4v\u00e4ksi.<\/p>\n<p><a href=\"http:\/\/www.remonen.fi\/WP\/wp-content\/uploads\/2016\/08\/malmi_80-11.jpg\"><img loading=\"lazy\" decoding=\"async\" class=\"aligncenter wp-image-8070\" title=\"Aperture: &#402;\/9 | Credit: Matti Remonen | Camera: NIKON D500 | Taken: 14 elokuun, 2016 | Focal length: 400mm | ISO: 400 | Keywords: Malmi 80 Airshow, Tapahtumat | Shutter speed: 1\/160s | \" src=\"http:\/\/www.remonen.fi\/WP\/wp-content\/uploads\/2016\/08\/malmi_80-11.jpg\" alt=\"Malmi 80th Anniversary Airshow\" width=\"880\" height=\"586\" srcset=\"https:\/\/www.remonen.fi\/WP\/wp-content\/uploads\/2016\/08\/malmi_80-11.jpg 1280w, https:\/\/www.remonen.fi\/WP\/wp-content\/uploads\/2016\/08\/malmi_80-11-300x200.jpg 300w, https:\/\/www.remonen.fi\/WP\/wp-content\/uploads\/2016\/08\/malmi_80-11-680x453.jpg 680w, https:\/\/www.remonen.fi\/WP\/wp-content\/uploads\/2016\/08\/malmi_80-11-768x512.jpg 768w, https:\/\/www.remonen.fi\/WP\/wp-content\/uploads\/2016\/08\/malmi_80-11-1024x682.jpg 1024w, https:\/\/www.remonen.fi\/WP\/wp-content\/uploads\/2016\/08\/malmi_80-11-440x293.jpg 440w, https:\/\/www.remonen.fi\/WP\/wp-content\/uploads\/2016\/08\/malmi_80-11-960x640.jpg 960w\" sizes=\"(max-width: 880px) 100vw, 880px\" \/><\/a><\/p>\n<p>Mun t\u00e4ytyy kyll\u00e4 sanoa nyt t\u00e4m\u00e4n yhden kuvauskeikan pohjalta, ett\u00e4 lenton\u00e4yt\u00f6ksen kuvaaminen &#8211; etenkin potkurikoneiden osalta &#8211; on kyll\u00e4 vaikeinta mit\u00e4 olen t\u00e4h\u00e4n menness\u00e4 tehnyt. Kunnollista j\u00e4lke\u00e4 ei meinaa saada mitenk\u00e4\u00e4n. Ja t\u00e4st\u00e4 johtuen itse asiassa suihkukoneiden kuvaaminen on se helpoin rasti: suljinaika vain tuonne 1\/2000 -&gt; 1\/4000 huitteille ja menoksi. Mist\u00e4\u00e4n ei n\u00e4y, ett\u00e4 kone on pys\u00e4ytetty ilmaan. Ja kaikkein vaikein kohde on helikopterit: niiden iso ja suhteellisen hidas roottori vaatii n. 1\/100 suljinajan, jotta liike n\u00e4kyisi edes hieman. T\u00e4m\u00e4 taas aiheuttaa sen, ett\u00e4 100% ter\u00e4v\u00e4\u00e4 kuvaa kopterista on vaikea saada, koska vaikka se olisi paikallaan, niin pieni t\u00e4rin\u00e4 aiheuttaa kuitenkin ep\u00e4ter\u00e4vyytt\u00e4.<br \/>\n<a href=\"http:\/\/www.remonen.fi\/WP\/wp-content\/uploads\/2016\/08\/malmi_80-5.jpg\"><img loading=\"lazy\" decoding=\"async\" class=\"aligncenter wp-image-8077\" title=\"Aperture: &#402;\/13 | Credit: Matti Remonen | Camera: NIKON D500 | Taken: 13 elokuun, 2016 | Focal length: 400mm | ISO: 100 | Keywords: Malmi 80 Airshow, Tapahtumat | Shutter speed: 1\/200s | \" src=\"http:\/\/www.remonen.fi\/WP\/wp-content\/uploads\/2016\/08\/malmi_80-5.jpg\" alt=\"Malmi 80th Anniversary Airshow\" width=\"880\" height=\"586\" srcset=\"https:\/\/www.remonen.fi\/WP\/wp-content\/uploads\/2016\/08\/malmi_80-5.jpg 1280w, https:\/\/www.remonen.fi\/WP\/wp-content\/uploads\/2016\/08\/malmi_80-5-300x200.jpg 300w, https:\/\/www.remonen.fi\/WP\/wp-content\/uploads\/2016\/08\/malmi_80-5-680x453.jpg 680w, https:\/\/www.remonen.fi\/WP\/wp-content\/uploads\/2016\/08\/malmi_80-5-768x512.jpg 768w, https:\/\/www.remonen.fi\/WP\/wp-content\/uploads\/2016\/08\/malmi_80-5-1024x682.jpg 1024w, https:\/\/www.remonen.fi\/WP\/wp-content\/uploads\/2016\/08\/malmi_80-5-440x293.jpg 440w, https:\/\/www.remonen.fi\/WP\/wp-content\/uploads\/2016\/08\/malmi_80-5-960x640.jpg 960w\" sizes=\"(max-width: 880px) 100vw, 880px\" \/><\/a><\/p>\n<p>Mutta ekalta p\u00e4iv\u00e4lt\u00e4 ei paljoa j\u00e4\u00e4nyt lapsille kerrottavaa. Toinen p\u00e4iv\u00e4 valkeni sitten yht\u00e4 sateisena. L\u00e4ksin hieman my\u00f6hemmin liikkeelle ja alussa n\u00e4yttikin hyv\u00e4lt\u00e4. Mutta juuri kun ohjelman piti alkaa, Malmilla alkoi satamaan ihan kunnolla. Vett\u00e4 tuli kuin olisi suihkussa seissyt vaatteet p\u00e4\u00e4ll\u00e4. Josta oli se etu, ett\u00e4 tuli testattua ett\u00e4 onko Nikonin insin\u00f6\u00f6rit tietoisia markkinointiosaston lanseeraamasta &#8221;weather-proof&#8221; -konseptista. N\u00e4yttiv\u00e4t olleen. Kaadoin vett\u00e4 pois etsimen montusta ja puhaltelin k\u00e4\u00e4ntyv\u00e4n n\u00e4yt\u00f6n takaosaa kuivaksi sitten kun sade aikanaan loppui. Ja hyvin toimi kamera, ei mit\u00e4\u00e4n ongelmaa.<\/p>\n<p><a href=\"http:\/\/www.remonen.fi\/WP\/wp-content\/uploads\/2016\/08\/malmi_80-6.jpg\"><img loading=\"lazy\" decoding=\"async\" class=\"aligncenter wp-image-8075\" title=\"Aperture: &#402;\/13 | Credit: Matti Remonen | Camera: NIKON D500 | Taken: 13 elokuun, 2016 | Focal length: 85mm | ISO: 110 | Keywords: Malmi 80 Airshow, Tapahtumat | Shutter speed: 1\/400s | \" src=\"http:\/\/www.remonen.fi\/WP\/wp-content\/uploads\/2016\/08\/malmi_80-6.jpg\" alt=\"Malmi 80th Anniversary Airshow\" width=\"880\" height=\"586\" srcset=\"https:\/\/www.remonen.fi\/WP\/wp-content\/uploads\/2016\/08\/malmi_80-6.jpg 1280w, https:\/\/www.remonen.fi\/WP\/wp-content\/uploads\/2016\/08\/malmi_80-6-300x200.jpg 300w, https:\/\/www.remonen.fi\/WP\/wp-content\/uploads\/2016\/08\/malmi_80-6-680x453.jpg 680w, https:\/\/www.remonen.fi\/WP\/wp-content\/uploads\/2016\/08\/malmi_80-6-768x512.jpg 768w, https:\/\/www.remonen.fi\/WP\/wp-content\/uploads\/2016\/08\/malmi_80-6-1024x682.jpg 1024w, https:\/\/www.remonen.fi\/WP\/wp-content\/uploads\/2016\/08\/malmi_80-6-440x293.jpg 440w, https:\/\/www.remonen.fi\/WP\/wp-content\/uploads\/2016\/08\/malmi_80-6-960x640.jpg 960w\" sizes=\"(max-width: 880px) 100vw, 880px\" \/><\/a><\/p>\n<p>Onneksi sitten puolen p\u00e4iv\u00e4n j\u00e4lkeen taivas alkoi repe\u00e4m\u00e4\u00e4n kunnolla ja n\u00e4kyviin tuli sinist\u00e4kin. Nyt sitten tuli ongelmaksi pit\u00e4\u00e4 ne suljinajat riitt\u00e4v\u00e4n pitkin\u00e4, joten kaivoin esille nelj\u00e4n aukon ND-suotimen. Sen kanssa sitten p\u00e4rj\u00e4sikin ihan mukavasti. Siihen asti kunnes paikalle saapui Suomen Ilmavoimien taitolentorym\u00e4 Midnight Hawks. Nyt olisi sitten tarvittu niit\u00e4 1\/2000-aikoja. Kyll\u00e4h\u00e4n sekin onnistui, mutta ISOt nousivat turhan korkeiksi ja kuvissa alkoi n\u00e4kym\u00e4\u00e4n kohinaa. Kun ei siin\u00e4 innoissaan ollut muka aikaa ruuvata suodinta pois. Sama k\u00e4vi Hornetin kanssa ja ne kuvat meniv\u00e4tkin enemm\u00e4n tai v\u00e4hemm\u00e4n persiilleen.<\/p>\n<p><a href=\"http:\/\/www.remonen.fi\/WP\/wp-content\/uploads\/2016\/08\/malmi_80-3.jpg\"><img loading=\"lazy\" decoding=\"async\" class=\"aligncenter wp-image-8080\" title=\"Aperture: &#402;\/4.5 | Credit: Matti Remonen | Camera: NIKON D500 | Taken: 13 elokuun, 2016 | Focal length: 80mm | ISO: 280 | Keywords: Malmi 80 Airshow, Tapahtumat | Shutter speed: 1\/4000s | \" src=\"http:\/\/www.remonen.fi\/WP\/wp-content\/uploads\/2016\/08\/malmi_80-3.jpg\" alt=\"Malmi 80th Anniversary Airshow\" width=\"880\" height=\"586\" srcset=\"https:\/\/www.remonen.fi\/WP\/wp-content\/uploads\/2016\/08\/malmi_80-3.jpg 1280w, https:\/\/www.remonen.fi\/WP\/wp-content\/uploads\/2016\/08\/malmi_80-3-300x200.jpg 300w, https:\/\/www.remonen.fi\/WP\/wp-content\/uploads\/2016\/08\/malmi_80-3-680x453.jpg 680w, https:\/\/www.remonen.fi\/WP\/wp-content\/uploads\/2016\/08\/malmi_80-3-768x512.jpg 768w, https:\/\/www.remonen.fi\/WP\/wp-content\/uploads\/2016\/08\/malmi_80-3-1024x682.jpg 1024w, https:\/\/www.remonen.fi\/WP\/wp-content\/uploads\/2016\/08\/malmi_80-3-440x293.jpg 440w, https:\/\/www.remonen.fi\/WP\/wp-content\/uploads\/2016\/08\/malmi_80-3-960x640.jpg 960w\" sizes=\"(max-width: 880px) 100vw, 880px\" \/><\/a><\/p>\n<p><a href=\"http:\/\/www.remonen.fi\/WP\/wp-content\/uploads\/2016\/08\/malmi_80-19.jpg\"><img loading=\"lazy\" decoding=\"async\" class=\"aligncenter wp-image-8065\" title=\"Aperture: &#402;\/5.3 | Credit: Matti Remonen | Camera: NIKON D500 | Taken: 14 elokuun, 2016 | Focal length: 240mm | ISO: 2800 | Keywords: Malmi 80 Airshow, Tapahtumat | Shutter speed: 1\/2000s | \" src=\"http:\/\/www.remonen.fi\/WP\/wp-content\/uploads\/2016\/08\/malmi_80-19.jpg\" alt=\"Malmi 80th Anniversary Airshow\" width=\"586\" height=\"880\" srcset=\"https:\/\/www.remonen.fi\/WP\/wp-content\/uploads\/2016\/08\/malmi_80-19.jpg 853w, https:\/\/www.remonen.fi\/WP\/wp-content\/uploads\/2016\/08\/malmi_80-19-200x300.jpg 200w, https:\/\/www.remonen.fi\/WP\/wp-content\/uploads\/2016\/08\/malmi_80-19-453x680.jpg 453w, https:\/\/www.remonen.fi\/WP\/wp-content\/uploads\/2016\/08\/malmi_80-19-768x1152.jpg 768w, https:\/\/www.remonen.fi\/WP\/wp-content\/uploads\/2016\/08\/malmi_80-19-682x1024.jpg 682w, https:\/\/www.remonen.fi\/WP\/wp-content\/uploads\/2016\/08\/malmi_80-19-440x660.jpg 440w, https:\/\/www.remonen.fi\/WP\/wp-content\/uploads\/2016\/08\/malmi_80-19-300x450.jpg 300w\" sizes=\"(max-width: 586px) 100vw, 586px\" \/><\/a><\/p>\n<p>Summa summarum&#8230; mit\u00e4 j\u00e4i k\u00e4teen ja kannattiko menn\u00e4? No, kyll\u00e4 kannatti. Kyll\u00e4 tuo yhden kerran piti kokea, mutta ei minusta t\u00e4m\u00e4n perusteella lentokonekuvaajaa tule. Seuraavalla kerralla voisin jopa l\u00e4hte\u00e4 ilman kameraa tai kuvata vain yleiskuvaa, joka itse asiassa n\u00e4ytt\u00e4\u00e4kin mukavammalta kuin ultratiukasti rajattu kuva yksitt\u00e4isest\u00e4 koneesta. Koneharrastaja varmasti arvostaa lentokonekuvia, mutta t\u00e4llainen kaikkien alojen erityisasiantuntija ehk\u00e4 sitten kuitenkin pit\u00e4\u00e4 enemm\u00e4n niist\u00e4 yleiskuvista. Varsinkin kun tuo kuvaaminen ei oikein onnistunut kuten olin ajatellut. Viikonlopun aikana tuli otettua sellaiset 8000 kuvaa, joista jatkoon p\u00e4\u00e4si ehk\u00e4 se 80 ja j\u00e4lkik\u00e4sittelyyn 20. Eli noin 2,5 promillea&#8230; No kossun kanssa lotratessa noilla promilleilla oltaisiin Malmilla ihan toisessa paikassa, joten eik\u00f6h\u00e4n t\u00e4m\u00e4 ollut hyv\u00e4 n\u00e4in.<\/p>\n<div class=\"one_half \">\n<p><a href=\"http:\/\/www.remonen.fi\/WP\/wp-content\/uploads\/2016\/08\/malmi_80-13.jpg\"><img loading=\"lazy\" decoding=\"async\" class=\"aligncenter wp-image-8069\" title=\"Aperture: &#402;\/4 | Credit: Matti Remonen | Camera: NIKON D810 | Taken: 14 elokuun, 2016 | Copyright: (c)www.remonen.fi | Flash fired: no | Focal length: 24mm | ISO: 80 | Keywords: Malmi 80 Airshow, Tapahtumat | Shutter speed: 1\/2500s | \" src=\"http:\/\/www.remonen.fi\/WP\/wp-content\/uploads\/2016\/08\/malmi_80-13.jpg\" alt=\"Malmi 80th Anniversary Airshow\" width=\"587\" height=\"880\" srcset=\"https:\/\/www.remonen.fi\/WP\/wp-content\/uploads\/2016\/08\/malmi_80-13.jpg 854w, https:\/\/www.remonen.fi\/WP\/wp-content\/uploads\/2016\/08\/malmi_80-13-200x300.jpg 200w, https:\/\/www.remonen.fi\/WP\/wp-content\/uploads\/2016\/08\/malmi_80-13-454x680.jpg 454w, https:\/\/www.remonen.fi\/WP\/wp-content\/uploads\/2016\/08\/malmi_80-13-768x1151.jpg 768w, https:\/\/www.remonen.fi\/WP\/wp-content\/uploads\/2016\/08\/malmi_80-13-683x1024.jpg 683w, https:\/\/www.remonen.fi\/WP\/wp-content\/uploads\/2016\/08\/malmi_80-13-440x659.jpg 440w, https:\/\/www.remonen.fi\/WP\/wp-content\/uploads\/2016\/08\/malmi_80-13-300x450.jpg 300w\" sizes=\"(max-width: 587px) 100vw, 587px\" \/><\/a><\/div>\n<div class=\"one_half last \">\n<p><a href=\"http:\/\/www.remonen.fi\/WP\/wp-content\/uploads\/2016\/08\/malmi_80-15.jpg\"><img loading=\"lazy\" decoding=\"async\" class=\"aligncenter wp-image-8066\" title=\"Aperture: &#402;\/4 | Credit: Matti Remonen | Camera: NIKON D810 | Taken: 14 elokuun, 2016 | Copyright: (c)www.remonen.fi | Flash fired: no | Focal length: 34mm | ISO: 64 | Keywords: Malmi 80 Airshow, Tapahtumat | Shutter speed: 1\/800s | \" src=\"http:\/\/www.remonen.fi\/WP\/wp-content\/uploads\/2016\/08\/malmi_80-15.jpg\" alt=\"Malmi 80th Anniversary Airshow\" width=\"587\" height=\"880\" srcset=\"https:\/\/www.remonen.fi\/WP\/wp-content\/uploads\/2016\/08\/malmi_80-15.jpg 854w, https:\/\/www.remonen.fi\/WP\/wp-content\/uploads\/2016\/08\/malmi_80-15-200x300.jpg 200w, https:\/\/www.remonen.fi\/WP\/wp-content\/uploads\/2016\/08\/malmi_80-15-454x680.jpg 454w, https:\/\/www.remonen.fi\/WP\/wp-content\/uploads\/2016\/08\/malmi_80-15-768x1151.jpg 768w, https:\/\/www.remonen.fi\/WP\/wp-content\/uploads\/2016\/08\/malmi_80-15-683x1024.jpg 683w, https:\/\/www.remonen.fi\/WP\/wp-content\/uploads\/2016\/08\/malmi_80-15-440x659.jpg 440w, https:\/\/www.remonen.fi\/WP\/wp-content\/uploads\/2016\/08\/malmi_80-15-300x450.jpg 300w\" sizes=\"(max-width: 587px) 100vw, 587px\" \/><\/a><\/div>\n<p><br class=\"clear\"\/><\/p>\n<p>Saa n\u00e4hd\u00e4 j\u00e4\u00e4k\u00f6 t\u00e4m\u00e4 viimeiseksi Malmilla j\u00e4rjestetyksi lenton\u00e4yt\u00f6kseksi, kun kent\u00e4n tulevaisuus on v\u00e4hint\u00e4\u00e4kin avoin. Paikanp\u00e4\u00e4ll\u00e4 ker\u00e4ttiin nimi\u00e4 kent\u00e4n s\u00e4ilytt\u00e4misen puolesta. Tavoitteena on, ett\u00e4 s\u00e4\u00e4dett\u00e4isiin erillinen <a href=\"https:\/\/www.kansalaisaloite.fi\/fi\/aloite\/2106\" target=\"_blank\">Lex Malmi<\/a>, jolla estett\u00e4isiin kent\u00e4n purkaminen ja asuinrakentaminen sen tilalle. Jos minulta kysyt\u00e4\u00e4n, niin aika pitk\u00e4ss\u00e4 puussa on tuo juttu. Ett\u00e4 lakiteitse valtio ottaisi Helsingilt\u00e4 kaavoitusoikeuden pois. Mutta aika n\u00e4ytt\u00e4\u00e4.<\/p>\n<p><a href=\"http:\/\/www.remonen.fi\/WP\/wp-content\/uploads\/2016\/08\/malmi_80-20.jpg\"><img loading=\"lazy\" decoding=\"async\" class=\"aligncenter wp-image-8062\" title=\"Aperture: &#402;\/5.6 | Credit: Matti Remonen | Camera: NIKON D500 | Taken: 14 elokuun, 2016 | Focal length: 260mm | ISO: 900 | Keywords: Malmi 80 Airshow, Tapahtumat | Shutter speed: 1\/2000s | \" src=\"http:\/\/www.remonen.fi\/WP\/wp-content\/uploads\/2016\/08\/malmi_80-20.jpg\" alt=\"Malmi 80th Anniversary Airshow\" width=\"880\" height=\"586\" srcset=\"https:\/\/www.remonen.fi\/WP\/wp-content\/uploads\/2016\/08\/malmi_80-20.jpg 1280w, https:\/\/www.remonen.fi\/WP\/wp-content\/uploads\/2016\/08\/malmi_80-20-300x200.jpg 300w, https:\/\/www.remonen.fi\/WP\/wp-content\/uploads\/2016\/08\/malmi_80-20-680x453.jpg 680w, https:\/\/www.remonen.fi\/WP\/wp-content\/uploads\/2016\/08\/malmi_80-20-768x512.jpg 768w, https:\/\/www.remonen.fi\/WP\/wp-content\/uploads\/2016\/08\/malmi_80-20-1024x682.jpg 1024w, https:\/\/www.remonen.fi\/WP\/wp-content\/uploads\/2016\/08\/malmi_80-20-440x293.jpg 440w, https:\/\/www.remonen.fi\/WP\/wp-content\/uploads\/2016\/08\/malmi_80-20-960x640.jpg 960w\" sizes=\"(max-width: 880px) 100vw, 880px\" \/><\/a><\/p>\n<p>&nbsp;<\/p>\n<p><a href=\"http:\/\/www.remonen.fi\/WP\/wp-content\/uploads\/2016\/08\/malmi_80-9.jpg\"><img loading=\"lazy\" decoding=\"async\" class=\"aligncenter wp-image-8074\" title=\"Aperture: &#402;\/10 | Credit: Matti Remonen | Camera: NIKON D500 | Taken: 14 elokuun, 2016 | Focal length: 400mm | ISO: 100 | Keywords: Malmi 80 Airshow, Tapahtumat | Shutter speed: 1\/500s | \" src=\"http:\/\/www.remonen.fi\/WP\/wp-content\/uploads\/2016\/08\/malmi_80-9.jpg\" alt=\"Malmi 80th Anniversary Airshow\" width=\"880\" height=\"586\" srcset=\"https:\/\/www.remonen.fi\/WP\/wp-content\/uploads\/2016\/08\/malmi_80-9.jpg 1280w, https:\/\/www.remonen.fi\/WP\/wp-content\/uploads\/2016\/08\/malmi_80-9-300x200.jpg 300w, https:\/\/www.remonen.fi\/WP\/wp-content\/uploads\/2016\/08\/malmi_80-9-680x453.jpg 680w, https:\/\/www.remonen.fi\/WP\/wp-content\/uploads\/2016\/08\/malmi_80-9-768x512.jpg 768w, https:\/\/www.remonen.fi\/WP\/wp-content\/uploads\/2016\/08\/malmi_80-9-1024x682.jpg 1024w, https:\/\/www.remonen.fi\/WP\/wp-content\/uploads\/2016\/08\/malmi_80-9-440x293.jpg 440w, https:\/\/www.remonen.fi\/WP\/wp-content\/uploads\/2016\/08\/malmi_80-9-960x640.jpg 960w\" sizes=\"(max-width: 880px) 100vw, 880px\" \/><\/a><\/p>\n<p><a href=\"http:\/\/www.remonen.fi\/WP\/wp-content\/uploads\/2016\/08\/malmi_80-12.jpg\"><img loading=\"lazy\" decoding=\"async\" class=\"aligncenter wp-image-8071\" title=\"Aperture: &#402;\/9 | Credit: Matti Remonen | Camera: NIKON D500 | Taken: 14 elokuun, 2016 | Focal length: 400mm | ISO: 180 | Keywords: Malmi 80 Airshow, Tapahtumat | Shutter speed: 1\/160s | \" src=\"http:\/\/www.remonen.fi\/WP\/wp-content\/uploads\/2016\/08\/malmi_80-12.jpg\" alt=\"Malmi 80th Anniversary Airshow\" width=\"880\" height=\"586\" srcset=\"https:\/\/www.remonen.fi\/WP\/wp-content\/uploads\/2016\/08\/malmi_80-12.jpg 1280w, https:\/\/www.remonen.fi\/WP\/wp-content\/uploads\/2016\/08\/malmi_80-12-300x200.jpg 300w, https:\/\/www.remonen.fi\/WP\/wp-content\/uploads\/2016\/08\/malmi_80-12-680x453.jpg 680w, https:\/\/www.remonen.fi\/WP\/wp-content\/uploads\/2016\/08\/malmi_80-12-768x512.jpg 768w, https:\/\/www.remonen.fi\/WP\/wp-content\/uploads\/2016\/08\/malmi_80-12-1024x682.jpg 1024w, https:\/\/www.remonen.fi\/WP\/wp-content\/uploads\/2016\/08\/malmi_80-12-440x293.jpg 440w, https:\/\/www.remonen.fi\/WP\/wp-content\/uploads\/2016\/08\/malmi_80-12-960x640.jpg 960w\" sizes=\"(max-width: 880px) 100vw, 880px\" \/><\/a><\/p>\n<p><a href=\"http:\/\/www.remonen.fi\/WP\/wp-content\/uploads\/2016\/08\/malmi_80-14.jpg\"><img loading=\"lazy\" decoding=\"async\" class=\"aligncenter wp-image-8068\" title=\"Aperture: &#402;\/4 | Credit: Matti Remonen | Camera: NIKON D810 | Taken: 14 elokuun, 2016 | Copyright: (c)www.remonen.fi | Flash fired: no | Focal length: 24mm | ISO: 80 | Keywords: Malmi 80 Airshow, Tapahtumat | Shutter speed: 1\/3200s | \" src=\"http:\/\/www.remonen.fi\/WP\/wp-content\/uploads\/2016\/08\/malmi_80-14.jpg\" alt=\"Malmi 80th Anniversary Airshow\" width=\"880\" height=\"587\" srcset=\"https:\/\/www.remonen.fi\/WP\/wp-content\/uploads\/2016\/08\/malmi_80-14.jpg 1280w, https:\/\/www.remonen.fi\/WP\/wp-content\/uploads\/2016\/08\/malmi_80-14-300x200.jpg 300w, https:\/\/www.remonen.fi\/WP\/wp-content\/uploads\/2016\/08\/malmi_80-14-680x454.jpg 680w, https:\/\/www.remonen.fi\/WP\/wp-content\/uploads\/2016\/08\/malmi_80-14-768x512.jpg 768w, https:\/\/www.remonen.fi\/WP\/wp-content\/uploads\/2016\/08\/malmi_80-14-1024x683.jpg 1024w, https:\/\/www.remonen.fi\/WP\/wp-content\/uploads\/2016\/08\/malmi_80-14-440x294.jpg 440w, https:\/\/www.remonen.fi\/WP\/wp-content\/uploads\/2016\/08\/malmi_80-14-960x641.jpg 960w\" sizes=\"(max-width: 880px) 100vw, 880px\" \/><\/a><\/p>\n<p><a href=\"http:\/\/www.remonen.fi\/WP\/wp-content\/uploads\/2016\/08\/malmi_80-16.jpg\"><img loading=\"lazy\" decoding=\"async\" class=\"aligncenter wp-image-8067\" title=\"Aperture: &#402;\/6.3 | Credit: Matti Remonen | Camera: NIKON D500 | Taken: 14 elokuun, 2016 | Focal length: 160mm | ISO: 360 | Keywords: Malmi 80 Airshow, Tapahtumat | Shutter speed: 1\/1000s | \" src=\"http:\/\/www.remonen.fi\/WP\/wp-content\/uploads\/2016\/08\/malmi_80-16.jpg\" alt=\"Malmi 80th Anniversary Airshow\" width=\"880\" height=\"586\" srcset=\"https:\/\/www.remonen.fi\/WP\/wp-content\/uploads\/2016\/08\/malmi_80-16.jpg 1280w, https:\/\/www.remonen.fi\/WP\/wp-content\/uploads\/2016\/08\/malmi_80-16-300x200.jpg 300w, https:\/\/www.remonen.fi\/WP\/wp-content\/uploads\/2016\/08\/malmi_80-16-680x453.jpg 680w, https:\/\/www.remonen.fi\/WP\/wp-content\/uploads\/2016\/08\/malmi_80-16-768x512.jpg 768w, https:\/\/www.remonen.fi\/WP\/wp-content\/uploads\/2016\/08\/malmi_80-16-1024x682.jpg 1024w, https:\/\/www.remonen.fi\/WP\/wp-content\/uploads\/2016\/08\/malmi_80-16-440x293.jpg 440w, https:\/\/www.remonen.fi\/WP\/wp-content\/uploads\/2016\/08\/malmi_80-16-960x640.jpg 960w\" sizes=\"(max-width: 880px) 100vw, 880px\" \/><\/a><\/p>\n<p><a href=\"http:\/\/www.remonen.fi\/WP\/wp-content\/uploads\/2016\/08\/malmi_80-17.jpg\"><img loading=\"lazy\" decoding=\"async\" class=\"aligncenter wp-image-8064\" title=\"Aperture: &#402;\/4 | Credit: Matti Remonen | Camera: NIKON D810 | Taken: 14 elokuun, 2016 | Copyright: (c)www.remonen.fi | Flash fired: no | Focal length: 120mm | ISO: 64 | Keywords: Malmi 80 Airshow, Tapahtumat | Shutter speed: 1\/2000s | \" src=\"http:\/\/www.remonen.fi\/WP\/wp-content\/uploads\/2016\/08\/malmi_80-17.jpg\" alt=\"Malmi 80th Anniversary Airshow\" width=\"880\" height=\"587\" srcset=\"https:\/\/www.remonen.fi\/WP\/wp-content\/uploads\/2016\/08\/malmi_80-17.jpg 1280w, https:\/\/www.remonen.fi\/WP\/wp-content\/uploads\/2016\/08\/malmi_80-17-300x200.jpg 300w, https:\/\/www.remonen.fi\/WP\/wp-content\/uploads\/2016\/08\/malmi_80-17-680x454.jpg 680w, https:\/\/www.remonen.fi\/WP\/wp-content\/uploads\/2016\/08\/malmi_80-17-768x512.jpg 768w, https:\/\/www.remonen.fi\/WP\/wp-content\/uploads\/2016\/08\/malmi_80-17-1024x683.jpg 1024w, https:\/\/www.remonen.fi\/WP\/wp-content\/uploads\/2016\/08\/malmi_80-17-440x294.jpg 440w, https:\/\/www.remonen.fi\/WP\/wp-content\/uploads\/2016\/08\/malmi_80-17-960x641.jpg 960w\" sizes=\"(max-width: 880px) 100vw, 880px\" \/><\/a><\/p>\n<p><a href=\"http:\/\/www.remonen.fi\/WP\/wp-content\/uploads\/2016\/08\/malmi_80-18.jpg\"><img loading=\"lazy\" decoding=\"async\" class=\"aligncenter wp-image-8063\" title=\"Aperture: &#402;\/4 | Credit: Matti Remonen | Camera: NIKON D810 | Taken: 14 elokuun, 2016 | Copyright: (c)www.remonen.fi | Flash fired: no | Focal length: 24mm | ISO: 64 | Keywords: Malmi 80 Airshow, Tapahtumat | Shutter speed: 1\/1600s | \" src=\"http:\/\/www.remonen.fi\/WP\/wp-content\/uploads\/2016\/08\/malmi_80-18.jpg\" alt=\"Malmi 80th Anniversary Airshow\" width=\"880\" height=\"587\" srcset=\"https:\/\/www.remonen.fi\/WP\/wp-content\/uploads\/2016\/08\/malmi_80-18.jpg 1280w, https:\/\/www.remonen.fi\/WP\/wp-content\/uploads\/2016\/08\/malmi_80-18-300x200.jpg 300w, https:\/\/www.remonen.fi\/WP\/wp-content\/uploads\/2016\/08\/malmi_80-18-680x454.jpg 680w, https:\/\/www.remonen.fi\/WP\/wp-content\/uploads\/2016\/08\/malmi_80-18-768x512.jpg 768w, https:\/\/www.remonen.fi\/WP\/wp-content\/uploads\/2016\/08\/malmi_80-18-1024x683.jpg 1024w, https:\/\/www.remonen.fi\/WP\/wp-content\/uploads\/2016\/08\/malmi_80-18-440x294.jpg 440w, https:\/\/www.remonen.fi\/WP\/wp-content\/uploads\/2016\/08\/malmi_80-18-960x641.jpg 960w\" sizes=\"(max-width: 880px) 100vw, 880px\" \/><\/a><\/p>\n<p>Sadetta piteliv\u00e4t Malmilla Nikon D500 + Nikkor AF-S 80-400\/4.5-5.6G VR ja Nikon D810 + AF-S 24-120\/4G VR. Ja se kolmas objektiivi? Se oli AF-S 70-200\/2.8G VRII, mutta se j\u00e4i kotiin ensimm\u00e4isen p\u00e4iv\u00e4n j\u00e4lkeen.<\/p>\n","protected":false},"excerpt":{"rendered":"<p>Viime viikonloppuna p\u00e4\u00e4sin t\u00e4ytt\u00e4m\u00e4\u00e4n pitk\u00e4aikaista haavettani ja kuvasin lenton\u00e4yt\u00f6ksess\u00e4. Jostain syyst\u00e4 olen aina onnistunut j\u00e4rjest\u00e4m\u00e4\u00e4n itselleni jotain ei-peruutettavissa olevaa menoa Helsingin ilmailun\u00e4yt\u00f6sten ajaksi. Nyt sattumalta bongasin Malmin 80-vuotisjuhlien kunniaksi j\u00e4rjestetyn n\u00e4yt\u00f6ksen &#8211;\u00a0Malmi 80th Anniversary Airshow &#8211; hyviss\u00e4 ajoin ja ostinkin sinne liput molemmiksi p\u00e4iviksi ihan sen takia, ett\u00e4 se olisi sitten lukittu se viikonloppu. Ostin [&hellip;]<\/p>\n","protected":false},"author":2,"featured_media":8061,"comment_status":"open","ping_status":"closed","sticky":false,"template":"","format":"standard","meta":{"footnotes":""},"categories":[16],"tags":[301,300],"yoast_head":"<!-- This site is optimized with the Yoast SEO plugin v24.5 - https:\/\/yoast.com\/wordpress\/plugins\/seo\/ -->\n<title>Syntt\u00e4rit Malmilla &#187; remonen.fi<\/title>\n<meta name=\"description\" content=\"Malmi 80th Anniversary Airshow. Kuvia ja jorinaa Malmilla j\u00e4rjestetyst\u00e4 kansainv\u00e4lisest\u00e4 ilmailushowsta. S\u00e4\u00e4st\u00e4 huolimatta.\" \/>\n<meta name=\"robots\" content=\"index, follow, max-snippet:-1, max-image-preview:large, max-video-preview:-1\" \/>\n<link rel=\"canonical\" href=\"https:\/\/www.remonen.fi\/WP\/blogi\/synttarit-malmilla\/\" \/>\n<meta property=\"og:locale\" content=\"fi_FI\" \/>\n<meta property=\"og:type\" content=\"article\" \/>\n<meta property=\"og:title\" content=\"Syntt\u00e4rit Malmilla &#187; remonen.fi\" \/>\n<meta property=\"og:description\" content=\"Malmi 80th Anniversary Airshow. Kuvia ja jorinaa Malmilla j\u00e4rjestetyst\u00e4 kansainv\u00e4lisest\u00e4 ilmailushowsta. S\u00e4\u00e4st\u00e4 huolimatta.\" \/>\n<meta property=\"og:url\" content=\"https:\/\/www.remonen.fi\/WP\/blogi\/synttarit-malmilla\/\" \/>\n<meta property=\"og:site_name\" content=\"remonen.fi\" \/>\n<meta property=\"article:published_time\" content=\"2016-08-17T13:38:02+00:00\" \/>\n<meta property=\"og:image\" content=\"https:\/\/www.remonen.fi\/WP\/wp-content\/uploads\/2016\/08\/malmi_80-4.jpg\" \/>\n\t<meta property=\"og:image:width\" content=\"1280\" \/>\n\t<meta property=\"og:image:height\" content=\"853\" \/>\n\t<meta property=\"og:image:type\" content=\"image\/jpeg\" \/>\n<meta name=\"author\" content=\"Matti Remonen\" \/>\n<meta name=\"twitter:label1\" content=\"Kirjoittanut\" \/>\n\t<meta name=\"twitter:data1\" content=\"Matti Remonen\" \/>\n\t<meta name=\"twitter:label2\" content=\"Arvioitu lukuaika\" \/>\n\t<meta name=\"twitter:data2\" content=\"5 minuuttia\" \/>\n<script type=\"application\/ld+json\" class=\"yoast-schema-graph\">{\"@context\":\"https:\/\/schema.org\",\"@graph\":[{\"@type\":\"Article\",\"@id\":\"https:\/\/www.remonen.fi\/WP\/blogi\/synttarit-malmilla\/#article\",\"isPartOf\":{\"@id\":\"https:\/\/www.remonen.fi\/WP\/blogi\/synttarit-malmilla\/\"},\"author\":{\"name\":\"Matti Remonen\",\"@id\":\"https:\/\/www.remonen.fi\/WP\/#\/schema\/person\/1803c23d1d4f6722054eb2ac7f7a97cd\"},\"headline\":\"Syntt\u00e4rit Malmilla\",\"datePublished\":\"2016-08-17T13:38:02+00:00\",\"mainEntityOfPage\":{\"@id\":\"https:\/\/www.remonen.fi\/WP\/blogi\/synttarit-malmilla\/\"},\"wordCount\":1053,\"commentCount\":4,\"publisher\":{\"@id\":\"https:\/\/www.remonen.fi\/WP\/#\/schema\/person\/1803c23d1d4f6722054eb2ac7f7a97cd\"},\"image\":{\"@id\":\"https:\/\/www.remonen.fi\/WP\/blogi\/synttarit-malmilla\/#primaryimage\"},\"thumbnailUrl\":\"https:\/\/www.remonen.fi\/WP\/wp-content\/uploads\/2016\/08\/malmi_80-4.jpg\",\"keywords\":[\"Lenton\u00e4yt\u00f6s\",\"Malmi\"],\"articleSection\":[\"Blog\"],\"inLanguage\":\"fi\",\"potentialAction\":[{\"@type\":\"CommentAction\",\"name\":\"Comment\",\"target\":[\"https:\/\/www.remonen.fi\/WP\/blogi\/synttarit-malmilla\/#respond\"]}]},{\"@type\":\"WebPage\",\"@id\":\"https:\/\/www.remonen.fi\/WP\/blogi\/synttarit-malmilla\/\",\"url\":\"https:\/\/www.remonen.fi\/WP\/blogi\/synttarit-malmilla\/\",\"name\":\"Syntt\u00e4rit Malmilla &#187; remonen.fi\",\"isPartOf\":{\"@id\":\"https:\/\/www.remonen.fi\/WP\/#website\"},\"primaryImageOfPage\":{\"@id\":\"https:\/\/www.remonen.fi\/WP\/blogi\/synttarit-malmilla\/#primaryimage\"},\"image\":{\"@id\":\"https:\/\/www.remonen.fi\/WP\/blogi\/synttarit-malmilla\/#primaryimage\"},\"thumbnailUrl\":\"https:\/\/www.remonen.fi\/WP\/wp-content\/uploads\/2016\/08\/malmi_80-4.jpg\",\"datePublished\":\"2016-08-17T13:38:02+00:00\",\"description\":\"Malmi 80th Anniversary Airshow. Kuvia ja jorinaa Malmilla j\u00e4rjestetyst\u00e4 kansainv\u00e4lisest\u00e4 ilmailushowsta. S\u00e4\u00e4st\u00e4 huolimatta.\",\"breadcrumb\":{\"@id\":\"https:\/\/www.remonen.fi\/WP\/blogi\/synttarit-malmilla\/#breadcrumb\"},\"inLanguage\":\"fi\",\"potentialAction\":[{\"@type\":\"ReadAction\",\"target\":[\"https:\/\/www.remonen.fi\/WP\/blogi\/synttarit-malmilla\/\"]}]},{\"@type\":\"ImageObject\",\"inLanguage\":\"fi\",\"@id\":\"https:\/\/www.remonen.fi\/WP\/blogi\/synttarit-malmilla\/#primaryimage\",\"url\":\"https:\/\/www.remonen.fi\/WP\/wp-content\/uploads\/2016\/08\/malmi_80-4.jpg\",\"contentUrl\":\"https:\/\/www.remonen.fi\/WP\/wp-content\/uploads\/2016\/08\/malmi_80-4.jpg\",\"width\":1280,\"height\":853},{\"@type\":\"BreadcrumbList\",\"@id\":\"https:\/\/www.remonen.fi\/WP\/blogi\/synttarit-malmilla\/#breadcrumb\",\"itemListElement\":[{\"@type\":\"ListItem\",\"position\":1,\"name\":\"Etusivu\",\"item\":\"https:\/\/www.remonen.fi\/WP\/\"},{\"@type\":\"ListItem\",\"position\":2,\"name\":\"Syntt\u00e4rit Malmilla\"}]},{\"@type\":\"WebSite\",\"@id\":\"https:\/\/www.remonen.fi\/WP\/#website\",\"url\":\"https:\/\/www.remonen.fi\/WP\/\",\"name\":\"remonen.fi\",\"description\":\"Valokuvia ja tarinaa laidasta laitaan\",\"publisher\":{\"@id\":\"https:\/\/www.remonen.fi\/WP\/#\/schema\/person\/1803c23d1d4f6722054eb2ac7f7a97cd\"},\"potentialAction\":[{\"@type\":\"SearchAction\",\"target\":{\"@type\":\"EntryPoint\",\"urlTemplate\":\"https:\/\/www.remonen.fi\/WP\/?s={search_term_string}\"},\"query-input\":{\"@type\":\"PropertyValueSpecification\",\"valueRequired\":true,\"valueName\":\"search_term_string\"}}],\"inLanguage\":\"fi\"},{\"@type\":[\"Person\",\"Organization\"],\"@id\":\"https:\/\/www.remonen.fi\/WP\/#\/schema\/person\/1803c23d1d4f6722054eb2ac7f7a97cd\",\"name\":\"Matti Remonen\",\"logo\":{\"@id\":\"https:\/\/www.remonen.fi\/WP\/#\/schema\/person\/image\/\"},\"url\":\"https:\/\/www.remonen.fi\/WP\/blogi\/author\/mre\/\"}]}<\/script>\n<!-- \/ Yoast SEO plugin. -->","yoast_head_json":{"title":"Syntt\u00e4rit Malmilla &#187; remonen.fi","description":"Malmi 80th Anniversary Airshow. Kuvia ja jorinaa Malmilla j\u00e4rjestetyst\u00e4 kansainv\u00e4lisest\u00e4 ilmailushowsta. S\u00e4\u00e4st\u00e4 huolimatta.","robots":{"index":"index","follow":"follow","max-snippet":"max-snippet:-1","max-image-preview":"max-image-preview:large","max-video-preview":"max-video-preview:-1"},"canonical":"https:\/\/www.remonen.fi\/WP\/blogi\/synttarit-malmilla\/","og_locale":"fi_FI","og_type":"article","og_title":"Syntt\u00e4rit Malmilla &#187; remonen.fi","og_description":"Malmi 80th Anniversary Airshow. Kuvia ja jorinaa Malmilla j\u00e4rjestetyst\u00e4 kansainv\u00e4lisest\u00e4 ilmailushowsta. S\u00e4\u00e4st\u00e4 huolimatta.","og_url":"https:\/\/www.remonen.fi\/WP\/blogi\/synttarit-malmilla\/","og_site_name":"remonen.fi","article_published_time":"2016-08-17T13:38:02+00:00","og_image":[{"width":1280,"height":853,"url":"https:\/\/www.remonen.fi\/WP\/wp-content\/uploads\/2016\/08\/malmi_80-4.jpg","type":"image\/jpeg"}],"author":"Matti Remonen","twitter_misc":{"Kirjoittanut":"Matti Remonen","Arvioitu lukuaika":"5 minuuttia"},"schema":{"@context":"https:\/\/schema.org","@graph":[{"@type":"Article","@id":"https:\/\/www.remonen.fi\/WP\/blogi\/synttarit-malmilla\/#article","isPartOf":{"@id":"https:\/\/www.remonen.fi\/WP\/blogi\/synttarit-malmilla\/"},"author":{"name":"Matti Remonen","@id":"https:\/\/www.remonen.fi\/WP\/#\/schema\/person\/1803c23d1d4f6722054eb2ac7f7a97cd"},"headline":"Syntt\u00e4rit Malmilla","datePublished":"2016-08-17T13:38:02+00:00","mainEntityOfPage":{"@id":"https:\/\/www.remonen.fi\/WP\/blogi\/synttarit-malmilla\/"},"wordCount":1053,"commentCount":4,"publisher":{"@id":"https:\/\/www.remonen.fi\/WP\/#\/schema\/person\/1803c23d1d4f6722054eb2ac7f7a97cd"},"image":{"@id":"https:\/\/www.remonen.fi\/WP\/blogi\/synttarit-malmilla\/#primaryimage"},"thumbnailUrl":"https:\/\/www.remonen.fi\/WP\/wp-content\/uploads\/2016\/08\/malmi_80-4.jpg","keywords":["Lenton\u00e4yt\u00f6s","Malmi"],"articleSection":["Blog"],"inLanguage":"fi","potentialAction":[{"@type":"CommentAction","name":"Comment","target":["https:\/\/www.remonen.fi\/WP\/blogi\/synttarit-malmilla\/#respond"]}]},{"@type":"WebPage","@id":"https:\/\/www.remonen.fi\/WP\/blogi\/synttarit-malmilla\/","url":"https:\/\/www.remonen.fi\/WP\/blogi\/synttarit-malmilla\/","name":"Syntt\u00e4rit Malmilla &#187; remonen.fi","isPartOf":{"@id":"https:\/\/www.remonen.fi\/WP\/#website"},"primaryImageOfPage":{"@id":"https:\/\/www.remonen.fi\/WP\/blogi\/synttarit-malmilla\/#primaryimage"},"image":{"@id":"https:\/\/www.remonen.fi\/WP\/blogi\/synttarit-malmilla\/#primaryimage"},"thumbnailUrl":"https:\/\/www.remonen.fi\/WP\/wp-content\/uploads\/2016\/08\/malmi_80-4.jpg","datePublished":"2016-08-17T13:38:02+00:00","description":"Malmi 80th Anniversary Airshow. Kuvia ja jorinaa Malmilla j\u00e4rjestetyst\u00e4 kansainv\u00e4lisest\u00e4 ilmailushowsta. S\u00e4\u00e4st\u00e4 huolimatta.","breadcrumb":{"@id":"https:\/\/www.remonen.fi\/WP\/blogi\/synttarit-malmilla\/#breadcrumb"},"inLanguage":"fi","potentialAction":[{"@type":"ReadAction","target":["https:\/\/www.remonen.fi\/WP\/blogi\/synttarit-malmilla\/"]}]},{"@type":"ImageObject","inLanguage":"fi","@id":"https:\/\/www.remonen.fi\/WP\/blogi\/synttarit-malmilla\/#primaryimage","url":"https:\/\/www.remonen.fi\/WP\/wp-content\/uploads\/2016\/08\/malmi_80-4.jpg","contentUrl":"https:\/\/www.remonen.fi\/WP\/wp-content\/uploads\/2016\/08\/malmi_80-4.jpg","width":1280,"height":853},{"@type":"BreadcrumbList","@id":"https:\/\/www.remonen.fi\/WP\/blogi\/synttarit-malmilla\/#breadcrumb","itemListElement":[{"@type":"ListItem","position":1,"name":"Etusivu","item":"https:\/\/www.remonen.fi\/WP\/"},{"@type":"ListItem","position":2,"name":"Syntt\u00e4rit Malmilla"}]},{"@type":"WebSite","@id":"https:\/\/www.remonen.fi\/WP\/#website","url":"https:\/\/www.remonen.fi\/WP\/","name":"remonen.fi","description":"Valokuvia ja tarinaa laidasta laitaan","publisher":{"@id":"https:\/\/www.remonen.fi\/WP\/#\/schema\/person\/1803c23d1d4f6722054eb2ac7f7a97cd"},"potentialAction":[{"@type":"SearchAction","target":{"@type":"EntryPoint","urlTemplate":"https:\/\/www.remonen.fi\/WP\/?s={search_term_string}"},"query-input":{"@type":"PropertyValueSpecification","valueRequired":true,"valueName":"search_term_string"}}],"inLanguage":"fi"},{"@type":["Person","Organization"],"@id":"https:\/\/www.remonen.fi\/WP\/#\/schema\/person\/1803c23d1d4f6722054eb2ac7f7a97cd","name":"Matti Remonen","logo":{"@id":"https:\/\/www.remonen.fi\/WP\/#\/schema\/person\/image\/"},"url":"https:\/\/www.remonen.fi\/WP\/blogi\/author\/mre\/"}]}},"_links":{"self":[{"href":"https:\/\/www.remonen.fi\/WP\/wp-json\/wp\/v2\/posts\/8060"}],"collection":[{"href":"https:\/\/www.remonen.fi\/WP\/wp-json\/wp\/v2\/posts"}],"about":[{"href":"https:\/\/www.remonen.fi\/WP\/wp-json\/wp\/v2\/types\/post"}],"author":[{"embeddable":true,"href":"https:\/\/www.remonen.fi\/WP\/wp-json\/wp\/v2\/users\/2"}],"replies":[{"embeddable":true,"href":"https:\/\/www.remonen.fi\/WP\/wp-json\/wp\/v2\/comments?post=8060"}],"version-history":[{"count":0,"href":"https:\/\/www.remonen.fi\/WP\/wp-json\/wp\/v2\/posts\/8060\/revisions"}],"wp:featuredmedia":[{"embeddable":true,"href":"https:\/\/www.remonen.fi\/WP\/wp-json\/wp\/v2\/media\/8061"}],"wp:attachment":[{"href":"https:\/\/www.remonen.fi\/WP\/wp-json\/wp\/v2\/media?parent=8060"}],"wp:term":[{"taxonomy":"category","embeddable":true,"href":"https:\/\/www.remonen.fi\/WP\/wp-json\/wp\/v2\/categories?post=8060"},{"taxonomy":"post_tag","embeddable":true,"href":"https:\/\/www.remonen.fi\/WP\/wp-json\/wp\/v2\/tags?post=8060"}],"curies":[{"name":"wp","href":"https:\/\/api.w.org\/{rel}","templated":true}]}}