{"id":8094,"date":"2016-11-02T20:43:31","date_gmt":"2016-11-02T18:43:31","guid":{"rendered":"http:\/\/www.remonen.fi\/?p=8094"},"modified":"2016-11-03T18:16:53","modified_gmt":"2016-11-03T16:16:53","slug":"pyryinen-yllatys","status":"publish","type":"post","link":"https:\/\/www.remonen.fi\/WP\/blogi\/pyryinen-yllatys\/","title":{"rendered":"Pyryinen yll\u00e4tys"},"content":{"rendered":"<p>Tie Helvettiin on kivetty hyvill\u00e4 p\u00e4\u00e4t\u00f6ksill\u00e4. Kuten vaikka p\u00e4\u00e4t\u00f6ksell\u00e4 pit\u00e4\u00e4 ja p\u00e4ivitt\u00e4\u00e4 valokuvablogia. Toisaalta p\u00e4\u00e4t\u00f6kset on tehty rikottaviksi, joten jotta tasapaino maailmassa s\u00e4ilyisi, minun oli suorastaan pakko pid\u00e4tt\u00e4yty\u00e4 kirjoittamasta t\u00e4t\u00e4 blogia. Toki se, etten ole ottanut kuvan kuvaa sitten Malmin lenton\u00e4yt\u00f6ksen, edesauttoi t\u00e4ss\u00e4 p\u00e4\u00e4t\u00f6ksess\u00e4.<\/p>\n<p><a href=\"http:\/\/www.remonen.fi\/WP\/wp-content\/uploads\/2016\/11\/pyryinen_yllatys-2.jpg\"><img loading=\"lazy\" decoding=\"async\" class=\"aligncenter wp-image-8121\" title=\"Aperture: &#402;\/1.4 | Credit: Matti Remonen | Camera: NIKON D810 | Taken: 2 marraskuun, 2016 | Copyright: (c) Matti Remonen | Flash fired: no | Focal length: 35mm | ISO: 1600 | Shutter speed: 1\/160s | \" src=\"http:\/\/www.remonen.fi\/WP\/wp-content\/uploads\/2016\/11\/pyryinen_yllatys-2.jpg\" alt=\"Pyryinen yll\u00e4tys\" width=\"587\" height=\"880\" srcset=\"https:\/\/www.remonen.fi\/WP\/wp-content\/uploads\/2016\/11\/pyryinen_yllatys-2.jpg 854w, https:\/\/www.remonen.fi\/WP\/wp-content\/uploads\/2016\/11\/pyryinen_yllatys-2-200x300.jpg 200w, https:\/\/www.remonen.fi\/WP\/wp-content\/uploads\/2016\/11\/pyryinen_yllatys-2-454x680.jpg 454w, https:\/\/www.remonen.fi\/WP\/wp-content\/uploads\/2016\/11\/pyryinen_yllatys-2-768x1151.jpg 768w, https:\/\/www.remonen.fi\/WP\/wp-content\/uploads\/2016\/11\/pyryinen_yllatys-2-683x1024.jpg 683w, https:\/\/www.remonen.fi\/WP\/wp-content\/uploads\/2016\/11\/pyryinen_yllatys-2-440x659.jpg 440w, https:\/\/www.remonen.fi\/WP\/wp-content\/uploads\/2016\/11\/pyryinen_yllatys-2-300x450.jpg 300w\" sizes=\"(max-width: 587px) 100vw, 587px\" \/><\/a><\/p>\n<p>Mutta t\u00e4m\u00e4kin p\u00e4\u00e4t\u00f6s olla kuvaamatta oli tehty rikottavaksi, joten nyt t\u00e4ss\u00e4 on ilmeisesti siis kahdesti rikottu blogaus. Seuraavaksi ajattelin siirty\u00e4 p\u00e4iv\u00e4npolitiikkaan, kun rutiinitkin menev\u00e4t jo sujuvasti.<\/p>\n<p><a href=\"http:\/\/www.remonen.fi\/WP\/wp-content\/uploads\/2016\/11\/pyryinen_yllatys-5.jpg\"><img loading=\"lazy\" decoding=\"async\" class=\"aligncenter wp-image-8117\" title=\"Aperture: &#402;\/1.4 | Credit: Matti Remonen | Camera: NIKON D810 | Taken: 2 marraskuun, 2016 | Copyright: (c) Matti Remonen | Exposure bias: -1EV | Flash fired: no | Focal length: 35mm | ISO: 1600 | Shutter speed: 1\/250s | \" src=\"http:\/\/www.remonen.fi\/WP\/wp-content\/uploads\/2016\/11\/pyryinen_yllatys-5.jpg\" alt=\"Aurinkolahti, Vuosaari\" width=\"587\" height=\"880\" srcset=\"https:\/\/www.remonen.fi\/WP\/wp-content\/uploads\/2016\/11\/pyryinen_yllatys-5.jpg 854w, https:\/\/www.remonen.fi\/WP\/wp-content\/uploads\/2016\/11\/pyryinen_yllatys-5-200x300.jpg 200w, https:\/\/www.remonen.fi\/WP\/wp-content\/uploads\/2016\/11\/pyryinen_yllatys-5-454x680.jpg 454w, https:\/\/www.remonen.fi\/WP\/wp-content\/uploads\/2016\/11\/pyryinen_yllatys-5-768x1151.jpg 768w, https:\/\/www.remonen.fi\/WP\/wp-content\/uploads\/2016\/11\/pyryinen_yllatys-5-683x1024.jpg 683w, https:\/\/www.remonen.fi\/WP\/wp-content\/uploads\/2016\/11\/pyryinen_yllatys-5-440x659.jpg 440w, https:\/\/www.remonen.fi\/WP\/wp-content\/uploads\/2016\/11\/pyryinen_yllatys-5-300x450.jpg 300w\" sizes=\"(max-width: 587px) 100vw, 587px\" \/><\/a><\/p>\n<p>Mik\u00e4 sitten ajoi porsaan ulos kuvaamaan? No routahan se. Tai lumisade nyt kuitenkin. Oli pakko l\u00e4hte\u00e4 katsomaan, ett\u00e4 milt\u00e4 maailma n\u00e4ytt\u00e4\u00e4 lumisateessa kuuman ja kuivan kes\u00e4n j\u00e4lkeen.<\/p>\n<p><a href=\"http:\/\/www.remonen.fi\/WP\/wp-content\/uploads\/2016\/11\/pyryinen_yllatys-1.jpg\"><img loading=\"lazy\" decoding=\"async\" class=\"aligncenter wp-image-8120\" title=\"Aperture: &#402;\/1.4 | Credit: Matti Remonen | Camera: NIKON D810 | Taken: 2 marraskuun, 2016 | Copyright: (c) Matti Remonen | Flash fired: no | Focal length: 35mm | ISO: 1600 | Shutter speed: 1\/320s | \" src=\"http:\/\/www.remonen.fi\/WP\/wp-content\/uploads\/2016\/11\/pyryinen_yllatys-1.jpg\" alt=\"Aurinkolahti, Vuosaari\" width=\"587\" height=\"880\" srcset=\"https:\/\/www.remonen.fi\/WP\/wp-content\/uploads\/2016\/11\/pyryinen_yllatys-1.jpg 854w, https:\/\/www.remonen.fi\/WP\/wp-content\/uploads\/2016\/11\/pyryinen_yllatys-1-200x300.jpg 200w, https:\/\/www.remonen.fi\/WP\/wp-content\/uploads\/2016\/11\/pyryinen_yllatys-1-454x680.jpg 454w, https:\/\/www.remonen.fi\/WP\/wp-content\/uploads\/2016\/11\/pyryinen_yllatys-1-768x1151.jpg 768w, https:\/\/www.remonen.fi\/WP\/wp-content\/uploads\/2016\/11\/pyryinen_yllatys-1-683x1024.jpg 683w, https:\/\/www.remonen.fi\/WP\/wp-content\/uploads\/2016\/11\/pyryinen_yllatys-1-440x659.jpg 440w, https:\/\/www.remonen.fi\/WP\/wp-content\/uploads\/2016\/11\/pyryinen_yllatys-1-300x450.jpg 300w\" sizes=\"(max-width: 587px) 100vw, 587px\" \/><\/a><\/p>\n<p><a href=\"http:\/\/www.remonen.fi\/WP\/wp-content\/uploads\/2016\/11\/pyryinen_yllatys-4.jpg\"><img loading=\"lazy\" decoding=\"async\" class=\"aligncenter wp-image-8111\" title=\"Aperture: &#402;\/2.2 | Credit: Matti Remonen | Camera: NIKON D810 | Taken: 2 marraskuun, 2016 | Copyright: (c) Matti Remonen | Exposure bias: -1EV | Flash fired: no | Focal length: 35mm | ISO: 1600 | Shutter speed: 1\/200s | \" src=\"http:\/\/www.remonen.fi\/WP\/wp-content\/uploads\/2016\/11\/pyryinen_yllatys-4.jpg\" alt=\"Aurinkolahti, Vuosaari\" width=\"587\" height=\"880\" srcset=\"https:\/\/www.remonen.fi\/WP\/wp-content\/uploads\/2016\/11\/pyryinen_yllatys-4.jpg 854w, https:\/\/www.remonen.fi\/WP\/wp-content\/uploads\/2016\/11\/pyryinen_yllatys-4-200x300.jpg 200w, https:\/\/www.remonen.fi\/WP\/wp-content\/uploads\/2016\/11\/pyryinen_yllatys-4-454x680.jpg 454w, https:\/\/www.remonen.fi\/WP\/wp-content\/uploads\/2016\/11\/pyryinen_yllatys-4-768x1151.jpg 768w, https:\/\/www.remonen.fi\/WP\/wp-content\/uploads\/2016\/11\/pyryinen_yllatys-4-683x1024.jpg 683w, https:\/\/www.remonen.fi\/WP\/wp-content\/uploads\/2016\/11\/pyryinen_yllatys-4-440x659.jpg 440w, https:\/\/www.remonen.fi\/WP\/wp-content\/uploads\/2016\/11\/pyryinen_yllatys-4-300x450.jpg 300w\" sizes=\"(max-width: 587px) 100vw, 587px\" \/><\/a><\/p>\n<p>Ja se n\u00e4ytti&#8230; m\u00e4r\u00e4lt\u00e4. Ja tuuliselta. Ja r\u00e4nt\u00e4sateiselta. Mutta p\u00e4\u00e4tt\u00e4v\u00e4ist\u00e4 kuvaajaa ei mik\u00e4\u00e4n pitele eik\u00e4 est\u00e4. Joten suuntasin Aurinkolahden uimarannan suuntaan, josko siell\u00e4 olisi kuvattavaa. Suureksi yll\u00e4tyksekseni uimaranta oli t\u00e4ysin tyhj\u00e4 ja pime\u00e4. Kumma juttu. My\u00f6sk\u00e4\u00e4n Vuosaaren kanavan varrella ei kulkijoita ollut riesaksi asti n\u00e4in keskiviikko-iltana. Joten p\u00e4\u00e4dyinkin sitten kuvailemaan milj\u00f6\u00f6t\u00e4 ja valoja.<\/p>\n<p><a href=\"http:\/\/www.remonen.fi\/WP\/wp-content\/uploads\/2016\/11\/pyryinen_yllatys-3.jpg\"><img loading=\"lazy\" decoding=\"async\" class=\"aligncenter wp-image-8122\" title=\"Aperture: &#402;\/2.2 | Credit: Matti Remonen | Camera: NIKON D810 | Taken: 2 marraskuun, 2016 | Copyright: (c) Matti Remonen | Exposure bias: -1EV | Flash fired: no | Focal length: 35mm | ISO: 3200 | Shutter speed: 1\/80s | \" src=\"http:\/\/www.remonen.fi\/WP\/wp-content\/uploads\/2016\/11\/pyryinen_yllatys-3.jpg\" alt=\"Aurinkolahti, Vuosaari\" width=\"880\" height=\"587\" srcset=\"https:\/\/www.remonen.fi\/WP\/wp-content\/uploads\/2016\/11\/pyryinen_yllatys-3.jpg 1280w, https:\/\/www.remonen.fi\/WP\/wp-content\/uploads\/2016\/11\/pyryinen_yllatys-3-300x200.jpg 300w, https:\/\/www.remonen.fi\/WP\/wp-content\/uploads\/2016\/11\/pyryinen_yllatys-3-680x454.jpg 680w, https:\/\/www.remonen.fi\/WP\/wp-content\/uploads\/2016\/11\/pyryinen_yllatys-3-768x512.jpg 768w, https:\/\/www.remonen.fi\/WP\/wp-content\/uploads\/2016\/11\/pyryinen_yllatys-3-1024x683.jpg 1024w, https:\/\/www.remonen.fi\/WP\/wp-content\/uploads\/2016\/11\/pyryinen_yllatys-3-440x294.jpg 440w, https:\/\/www.remonen.fi\/WP\/wp-content\/uploads\/2016\/11\/pyryinen_yllatys-3-960x641.jpg 960w\" sizes=\"(max-width: 880px) 100vw, 880px\" \/><\/a><\/p>\n<p><a href=\"http:\/\/www.remonen.fi\/WP\/wp-content\/uploads\/2016\/11\/pyryinen_yllatys-7.jpg\"><img loading=\"lazy\" decoding=\"async\" class=\"aligncenter wp-image-8119\" title=\"Aperture: &#402;\/2.2 | Credit: Matti Remonen | Camera: NIKON D810 | Taken: 2 marraskuun, 2016 | Copyright: (c) Matti Remonen | Exposure bias: -1EV | Flash fired: no | Focal length: 35mm | ISO: 3200 | Shutter speed: 1\/80s | \" src=\"http:\/\/www.remonen.fi\/WP\/wp-content\/uploads\/2016\/11\/pyryinen_yllatys-7.jpg\" alt=\"Aurinkolahti, Vuosaari\" width=\"587\" height=\"880\" srcset=\"https:\/\/www.remonen.fi\/WP\/wp-content\/uploads\/2016\/11\/pyryinen_yllatys-7.jpg 854w, https:\/\/www.remonen.fi\/WP\/wp-content\/uploads\/2016\/11\/pyryinen_yllatys-7-200x300.jpg 200w, https:\/\/www.remonen.fi\/WP\/wp-content\/uploads\/2016\/11\/pyryinen_yllatys-7-454x680.jpg 454w, https:\/\/www.remonen.fi\/WP\/wp-content\/uploads\/2016\/11\/pyryinen_yllatys-7-768x1151.jpg 768w, https:\/\/www.remonen.fi\/WP\/wp-content\/uploads\/2016\/11\/pyryinen_yllatys-7-683x1024.jpg 683w, https:\/\/www.remonen.fi\/WP\/wp-content\/uploads\/2016\/11\/pyryinen_yllatys-7-440x659.jpg 440w, https:\/\/www.remonen.fi\/WP\/wp-content\/uploads\/2016\/11\/pyryinen_yllatys-7-300x450.jpg 300w\" sizes=\"(max-width: 587px) 100vw, 587px\" \/><\/a><\/p>\n<p>Vuokista ajelin viel\u00e4 It\u00e4keskukseen ja Tallinanaukiolle, sill\u00e4 siell\u00e4h\u00e4n varmasti olisi jotain. Mit\u00e4\u00e4n FotoFinlandiaan l\u00e4hetett\u00e4v\u00e4\u00e4 ei nyt t\u00e4ll\u00e4 kertaa (kuten ei koskaan aiemminkaan) kennolle sattunut tarttumaan, mutta jotain kuvia kuitenkin.<\/p>\n<p><a href=\"http:\/\/www.remonen.fi\/WP\/wp-content\/uploads\/2016\/11\/pyryinen_yllatys-8.jpg\"><img loading=\"lazy\" decoding=\"async\" class=\"aligncenter wp-image-8116\" title=\"Aperture: &#402;\/2.8 | Credit: Matti Remonen | Camera: NIKON D810 | Taken: 2 marraskuun, 2016 | Copyright: (c) Matti Remonen | Exposure bias: -1EV | Flash fired: no | Focal length: 35mm | ISO: 1600 | Shutter speed: 1\/100s | \" src=\"http:\/\/www.remonen.fi\/WP\/wp-content\/uploads\/2016\/11\/pyryinen_yllatys-8.jpg\" alt=\"Tallinnanaukio, It\u00e4keskus\" width=\"587\" height=\"880\" srcset=\"https:\/\/www.remonen.fi\/WP\/wp-content\/uploads\/2016\/11\/pyryinen_yllatys-8.jpg 854w, https:\/\/www.remonen.fi\/WP\/wp-content\/uploads\/2016\/11\/pyryinen_yllatys-8-200x300.jpg 200w, https:\/\/www.remonen.fi\/WP\/wp-content\/uploads\/2016\/11\/pyryinen_yllatys-8-454x680.jpg 454w, https:\/\/www.remonen.fi\/WP\/wp-content\/uploads\/2016\/11\/pyryinen_yllatys-8-768x1151.jpg 768w, https:\/\/www.remonen.fi\/WP\/wp-content\/uploads\/2016\/11\/pyryinen_yllatys-8-683x1024.jpg 683w, https:\/\/www.remonen.fi\/WP\/wp-content\/uploads\/2016\/11\/pyryinen_yllatys-8-440x659.jpg 440w, https:\/\/www.remonen.fi\/WP\/wp-content\/uploads\/2016\/11\/pyryinen_yllatys-8-300x450.jpg 300w\" sizes=\"(max-width: 587px) 100vw, 587px\" \/><\/a><\/p>\n<p>Olin odottanut, ett\u00e4 Itiksess\u00e4 olisi ollut hieman enemm\u00e4n toimintaa, kun kerran oli kuun vaihde ja fattasta olivat rahat saapuneet. Ilmeisesti ne oli jo ehditty juoda tai sitten niit\u00e4 oltiin vasta juomassa sis\u00e4tiloissa.<\/p>\n<p><a href=\"http:\/\/www.remonen.fi\/WP\/wp-content\/uploads\/2016\/11\/pyryinen_yllatys-11.jpg\"><img loading=\"lazy\" decoding=\"async\" class=\"aligncenter wp-image-8115\" title=\"Aperture: &#402;\/1.4 | Credit: Matti Remonen | Camera: NIKON D810 | Taken: 2 marraskuun, 2016 | Copyright: (c) Matti Remonen | Exposure bias: -1EV | Flash fired: no | Focal length: 35mm | ISO: 1600 | Shutter speed: 1\/800s | \" src=\"http:\/\/www.remonen.fi\/WP\/wp-content\/uploads\/2016\/11\/pyryinen_yllatys-11.jpg\" alt=\"It\u00e4keskus\" width=\"587\" height=\"880\" srcset=\"https:\/\/www.remonen.fi\/WP\/wp-content\/uploads\/2016\/11\/pyryinen_yllatys-11.jpg 854w, https:\/\/www.remonen.fi\/WP\/wp-content\/uploads\/2016\/11\/pyryinen_yllatys-11-200x300.jpg 200w, https:\/\/www.remonen.fi\/WP\/wp-content\/uploads\/2016\/11\/pyryinen_yllatys-11-454x680.jpg 454w, https:\/\/www.remonen.fi\/WP\/wp-content\/uploads\/2016\/11\/pyryinen_yllatys-11-768x1151.jpg 768w, https:\/\/www.remonen.fi\/WP\/wp-content\/uploads\/2016\/11\/pyryinen_yllatys-11-683x1024.jpg 683w, https:\/\/www.remonen.fi\/WP\/wp-content\/uploads\/2016\/11\/pyryinen_yllatys-11-440x659.jpg 440w, https:\/\/www.remonen.fi\/WP\/wp-content\/uploads\/2016\/11\/pyryinen_yllatys-11-300x450.jpg 300w\" sizes=\"(max-width: 587px) 100vw, 587px\" \/><\/a><\/p>\n<p>Eip\u00e4 tuolla sitten pidemp\u00e4\u00e4n jaksanut kameran kanssa py\u00f6ri\u00e4, joten palasin kotio l\u00e4mpim\u00e4\u00e4n. Josko t\u00e4st\u00e4 nyt sitten saisi taas kuvaushanat auki&#8230;<\/p>\n<p><div id=\"attachment_8112\" style=\"width: 890px\" class=\"wp-caption aligncenter\"><a href=\"http:\/\/www.remonen.fi\/WP\/wp-content\/uploads\/2016\/11\/pyryinen_yllatys-12.jpg\"><img loading=\"lazy\" decoding=\"async\" aria-describedby=\"caption-attachment-8112\" class=\"wp-image-8112\" title=\"Aperture: &#402;\/5 | Credit: Matti Remonen | Camera: NIKON D810 | Taken: 2 marraskuun, 2016 | Copyright: (c) Matti Remonen | Exposure bias: -2\/6EV | Flash fired: no | Focal length: 35mm | ISO: 64 | Shutter speed: 1s | \" src=\"http:\/\/www.remonen.fi\/WP\/wp-content\/uploads\/2016\/11\/pyryinen_yllatys-12.jpg\" alt=\"Road to Hell\" width=\"880\" height=\"587\" srcset=\"https:\/\/www.remonen.fi\/WP\/wp-content\/uploads\/2016\/11\/pyryinen_yllatys-12.jpg 1280w, https:\/\/www.remonen.fi\/WP\/wp-content\/uploads\/2016\/11\/pyryinen_yllatys-12-300x200.jpg 300w, https:\/\/www.remonen.fi\/WP\/wp-content\/uploads\/2016\/11\/pyryinen_yllatys-12-680x454.jpg 680w, https:\/\/www.remonen.fi\/WP\/wp-content\/uploads\/2016\/11\/pyryinen_yllatys-12-768x512.jpg 768w, https:\/\/www.remonen.fi\/WP\/wp-content\/uploads\/2016\/11\/pyryinen_yllatys-12-1024x683.jpg 1024w, https:\/\/www.remonen.fi\/WP\/wp-content\/uploads\/2016\/11\/pyryinen_yllatys-12-440x294.jpg 440w, https:\/\/www.remonen.fi\/WP\/wp-content\/uploads\/2016\/11\/pyryinen_yllatys-12-960x641.jpg 960w\" sizes=\"(max-width: 880px) 100vw, 880px\" \/><\/a><p id=\"caption-attachment-8112\" class=\"wp-caption-text\">Road to Hell<\/p><\/div>It\u00e4isi\u00e4 maita dokumentoi Nikon D810 + Sigma Art 35\/1.4<\/p>\n<p>P.S. &#8221;Pyryinen yll\u00e4tys&#8221; on Richard Scarryn kuvakirja. Suosittelen. Olen lukenut sen aikanaan jonkun 50+ kertaa iltasaduksi lapsilleni.<\/p>\n","protected":false},"excerpt":{"rendered":"<p>Tie Helvettiin on kivetty hyvill\u00e4 p\u00e4\u00e4t\u00f6ksill\u00e4. Kuten vaikka p\u00e4\u00e4t\u00f6ksell\u00e4 pit\u00e4\u00e4 ja p\u00e4ivitt\u00e4\u00e4 valokuvablogia. Toisaalta p\u00e4\u00e4t\u00f6kset on tehty rikottaviksi, joten jotta tasapaino maailmassa s\u00e4ilyisi, minun oli suorastaan pakko pid\u00e4tt\u00e4yty\u00e4 kirjoittamasta t\u00e4t\u00e4 blogia. Toki se, etten ole ottanut kuvan kuvaa sitten Malmin lenton\u00e4yt\u00f6ksen, edesauttoi t\u00e4ss\u00e4 p\u00e4\u00e4t\u00f6ksess\u00e4. Mutta t\u00e4m\u00e4kin p\u00e4\u00e4t\u00f6s olla kuvaamatta oli tehty rikottavaksi, joten nyt t\u00e4ss\u00e4 [&hellip;]<\/p>\n","protected":false},"author":2,"featured_media":8112,"comment_status":"open","ping_status":"closed","sticky":false,"template":"","format":"standard","meta":{"footnotes":""},"categories":[16],"tags":[],"yoast_head":"<!-- This site is optimized with the Yoast SEO plugin v24.5 - https:\/\/yoast.com\/wordpress\/plugins\/seo\/ -->\n<title>Pyryinen yll\u00e4tys &#187; remonen.fi<\/title>\n<meta name=\"description\" content=\"Keskiviikosta tulikin sitten oikein pyryinen yll\u00e4tys, kun lumisade alkoi iltaa kohden sakenemaan. Sit\u00e4 piti l\u00e4hte\u00e4 sitten dokumentoimaan Vuosaareen.\" \/>\n<meta name=\"robots\" content=\"index, follow, max-snippet:-1, max-image-preview:large, max-video-preview:-1\" \/>\n<link rel=\"canonical\" href=\"https:\/\/www.remonen.fi\/WP\/blogi\/pyryinen-yllatys\/\" \/>\n<meta property=\"og:locale\" content=\"fi_FI\" \/>\n<meta property=\"og:type\" content=\"article\" \/>\n<meta property=\"og:title\" content=\"Pyryinen yll\u00e4tys &#187; remonen.fi\" \/>\n<meta property=\"og:description\" content=\"Keskiviikosta tulikin sitten oikein pyryinen yll\u00e4tys, kun lumisade alkoi iltaa kohden sakenemaan. Sit\u00e4 piti l\u00e4hte\u00e4 sitten dokumentoimaan Vuosaareen.\" \/>\n<meta property=\"og:url\" content=\"https:\/\/www.remonen.fi\/WP\/blogi\/pyryinen-yllatys\/\" \/>\n<meta property=\"og:site_name\" content=\"remonen.fi\" \/>\n<meta property=\"article:published_time\" content=\"2016-11-02T18:43:31+00:00\" \/>\n<meta property=\"article:modified_time\" content=\"2016-11-03T16:16:53+00:00\" \/>\n<meta property=\"og:image\" content=\"https:\/\/www.remonen.fi\/WP\/wp-content\/uploads\/2016\/11\/pyryinen_yllatys-12.jpg\" \/>\n\t<meta property=\"og:image:width\" content=\"1280\" \/>\n\t<meta property=\"og:image:height\" content=\"854\" \/>\n\t<meta property=\"og:image:type\" content=\"image\/jpeg\" \/>\n<meta name=\"author\" content=\"Matti Remonen\" \/>\n<meta name=\"twitter:label1\" content=\"Kirjoittanut\" \/>\n\t<meta name=\"twitter:data1\" content=\"Matti Remonen\" \/>\n\t<meta name=\"twitter:label2\" content=\"Arvioitu lukuaika\" \/>\n\t<meta name=\"twitter:data2\" content=\"2 minuuttia\" \/>\n<script type=\"application\/ld+json\" class=\"yoast-schema-graph\">{\"@context\":\"https:\/\/schema.org\",\"@graph\":[{\"@type\":\"Article\",\"@id\":\"https:\/\/www.remonen.fi\/WP\/blogi\/pyryinen-yllatys\/#article\",\"isPartOf\":{\"@id\":\"https:\/\/www.remonen.fi\/WP\/blogi\/pyryinen-yllatys\/\"},\"author\":{\"name\":\"Matti Remonen\",\"@id\":\"https:\/\/www.remonen.fi\/WP\/#\/schema\/person\/1803c23d1d4f6722054eb2ac7f7a97cd\"},\"headline\":\"Pyryinen yll\u00e4tys\",\"datePublished\":\"2016-11-02T18:43:31+00:00\",\"dateModified\":\"2016-11-03T16:16:53+00:00\",\"mainEntityOfPage\":{\"@id\":\"https:\/\/www.remonen.fi\/WP\/blogi\/pyryinen-yllatys\/\"},\"wordCount\":328,\"commentCount\":0,\"publisher\":{\"@id\":\"https:\/\/www.remonen.fi\/WP\/#\/schema\/person\/1803c23d1d4f6722054eb2ac7f7a97cd\"},\"image\":{\"@id\":\"https:\/\/www.remonen.fi\/WP\/blogi\/pyryinen-yllatys\/#primaryimage\"},\"thumbnailUrl\":\"https:\/\/www.remonen.fi\/WP\/wp-content\/uploads\/2016\/11\/pyryinen_yllatys-12.jpg\",\"articleSection\":[\"Blog\"],\"inLanguage\":\"fi\",\"potentialAction\":[{\"@type\":\"CommentAction\",\"name\":\"Comment\",\"target\":[\"https:\/\/www.remonen.fi\/WP\/blogi\/pyryinen-yllatys\/#respond\"]}]},{\"@type\":\"WebPage\",\"@id\":\"https:\/\/www.remonen.fi\/WP\/blogi\/pyryinen-yllatys\/\",\"url\":\"https:\/\/www.remonen.fi\/WP\/blogi\/pyryinen-yllatys\/\",\"name\":\"Pyryinen yll\u00e4tys &#187; remonen.fi\",\"isPartOf\":{\"@id\":\"https:\/\/www.remonen.fi\/WP\/#website\"},\"primaryImageOfPage\":{\"@id\":\"https:\/\/www.remonen.fi\/WP\/blogi\/pyryinen-yllatys\/#primaryimage\"},\"image\":{\"@id\":\"https:\/\/www.remonen.fi\/WP\/blogi\/pyryinen-yllatys\/#primaryimage\"},\"thumbnailUrl\":\"https:\/\/www.remonen.fi\/WP\/wp-content\/uploads\/2016\/11\/pyryinen_yllatys-12.jpg\",\"datePublished\":\"2016-11-02T18:43:31+00:00\",\"dateModified\":\"2016-11-03T16:16:53+00:00\",\"description\":\"Keskiviikosta tulikin sitten oikein pyryinen yll\u00e4tys, kun lumisade alkoi iltaa kohden sakenemaan. Sit\u00e4 piti l\u00e4hte\u00e4 sitten dokumentoimaan Vuosaareen.\",\"breadcrumb\":{\"@id\":\"https:\/\/www.remonen.fi\/WP\/blogi\/pyryinen-yllatys\/#breadcrumb\"},\"inLanguage\":\"fi\",\"potentialAction\":[{\"@type\":\"ReadAction\",\"target\":[\"https:\/\/www.remonen.fi\/WP\/blogi\/pyryinen-yllatys\/\"]}]},{\"@type\":\"ImageObject\",\"inLanguage\":\"fi\",\"@id\":\"https:\/\/www.remonen.fi\/WP\/blogi\/pyryinen-yllatys\/#primaryimage\",\"url\":\"https:\/\/www.remonen.fi\/WP\/wp-content\/uploads\/2016\/11\/pyryinen_yllatys-12.jpg\",\"contentUrl\":\"https:\/\/www.remonen.fi\/WP\/wp-content\/uploads\/2016\/11\/pyryinen_yllatys-12.jpg\",\"width\":1280,\"height\":854,\"caption\":\"[exif id=\\\"8112\\\"]\"},{\"@type\":\"BreadcrumbList\",\"@id\":\"https:\/\/www.remonen.fi\/WP\/blogi\/pyryinen-yllatys\/#breadcrumb\",\"itemListElement\":[{\"@type\":\"ListItem\",\"position\":1,\"name\":\"Etusivu\",\"item\":\"https:\/\/www.remonen.fi\/WP\/\"},{\"@type\":\"ListItem\",\"position\":2,\"name\":\"Pyryinen yll\u00e4tys\"}]},{\"@type\":\"WebSite\",\"@id\":\"https:\/\/www.remonen.fi\/WP\/#website\",\"url\":\"https:\/\/www.remonen.fi\/WP\/\",\"name\":\"remonen.fi\",\"description\":\"Valokuvia ja tarinaa laidasta laitaan\",\"publisher\":{\"@id\":\"https:\/\/www.remonen.fi\/WP\/#\/schema\/person\/1803c23d1d4f6722054eb2ac7f7a97cd\"},\"potentialAction\":[{\"@type\":\"SearchAction\",\"target\":{\"@type\":\"EntryPoint\",\"urlTemplate\":\"https:\/\/www.remonen.fi\/WP\/?s={search_term_string}\"},\"query-input\":{\"@type\":\"PropertyValueSpecification\",\"valueRequired\":true,\"valueName\":\"search_term_string\"}}],\"inLanguage\":\"fi\"},{\"@type\":[\"Person\",\"Organization\"],\"@id\":\"https:\/\/www.remonen.fi\/WP\/#\/schema\/person\/1803c23d1d4f6722054eb2ac7f7a97cd\",\"name\":\"Matti Remonen\",\"logo\":{\"@id\":\"https:\/\/www.remonen.fi\/WP\/#\/schema\/person\/image\/\"},\"url\":\"https:\/\/www.remonen.fi\/WP\/blogi\/author\/mre\/\"}]}<\/script>\n<!-- \/ Yoast SEO plugin. -->","yoast_head_json":{"title":"Pyryinen yll\u00e4tys &#187; remonen.fi","description":"Keskiviikosta tulikin sitten oikein pyryinen yll\u00e4tys, kun lumisade alkoi iltaa kohden sakenemaan. Sit\u00e4 piti l\u00e4hte\u00e4 sitten dokumentoimaan Vuosaareen.","robots":{"index":"index","follow":"follow","max-snippet":"max-snippet:-1","max-image-preview":"max-image-preview:large","max-video-preview":"max-video-preview:-1"},"canonical":"https:\/\/www.remonen.fi\/WP\/blogi\/pyryinen-yllatys\/","og_locale":"fi_FI","og_type":"article","og_title":"Pyryinen yll\u00e4tys &#187; remonen.fi","og_description":"Keskiviikosta tulikin sitten oikein pyryinen yll\u00e4tys, kun lumisade alkoi iltaa kohden sakenemaan. Sit\u00e4 piti l\u00e4hte\u00e4 sitten dokumentoimaan Vuosaareen.","og_url":"https:\/\/www.remonen.fi\/WP\/blogi\/pyryinen-yllatys\/","og_site_name":"remonen.fi","article_published_time":"2016-11-02T18:43:31+00:00","article_modified_time":"2016-11-03T16:16:53+00:00","og_image":[{"width":1280,"height":854,"url":"https:\/\/www.remonen.fi\/WP\/wp-content\/uploads\/2016\/11\/pyryinen_yllatys-12.jpg","type":"image\/jpeg"}],"author":"Matti Remonen","twitter_misc":{"Kirjoittanut":"Matti Remonen","Arvioitu lukuaika":"2 minuuttia"},"schema":{"@context":"https:\/\/schema.org","@graph":[{"@type":"Article","@id":"https:\/\/www.remonen.fi\/WP\/blogi\/pyryinen-yllatys\/#article","isPartOf":{"@id":"https:\/\/www.remonen.fi\/WP\/blogi\/pyryinen-yllatys\/"},"author":{"name":"Matti Remonen","@id":"https:\/\/www.remonen.fi\/WP\/#\/schema\/person\/1803c23d1d4f6722054eb2ac7f7a97cd"},"headline":"Pyryinen yll\u00e4tys","datePublished":"2016-11-02T18:43:31+00:00","dateModified":"2016-11-03T16:16:53+00:00","mainEntityOfPage":{"@id":"https:\/\/www.remonen.fi\/WP\/blogi\/pyryinen-yllatys\/"},"wordCount":328,"commentCount":0,"publisher":{"@id":"https:\/\/www.remonen.fi\/WP\/#\/schema\/person\/1803c23d1d4f6722054eb2ac7f7a97cd"},"image":{"@id":"https:\/\/www.remonen.fi\/WP\/blogi\/pyryinen-yllatys\/#primaryimage"},"thumbnailUrl":"https:\/\/www.remonen.fi\/WP\/wp-content\/uploads\/2016\/11\/pyryinen_yllatys-12.jpg","articleSection":["Blog"],"inLanguage":"fi","potentialAction":[{"@type":"CommentAction","name":"Comment","target":["https:\/\/www.remonen.fi\/WP\/blogi\/pyryinen-yllatys\/#respond"]}]},{"@type":"WebPage","@id":"https:\/\/www.remonen.fi\/WP\/blogi\/pyryinen-yllatys\/","url":"https:\/\/www.remonen.fi\/WP\/blogi\/pyryinen-yllatys\/","name":"Pyryinen yll\u00e4tys &#187; remonen.fi","isPartOf":{"@id":"https:\/\/www.remonen.fi\/WP\/#website"},"primaryImageOfPage":{"@id":"https:\/\/www.remonen.fi\/WP\/blogi\/pyryinen-yllatys\/#primaryimage"},"image":{"@id":"https:\/\/www.remonen.fi\/WP\/blogi\/pyryinen-yllatys\/#primaryimage"},"thumbnailUrl":"https:\/\/www.remonen.fi\/WP\/wp-content\/uploads\/2016\/11\/pyryinen_yllatys-12.jpg","datePublished":"2016-11-02T18:43:31+00:00","dateModified":"2016-11-03T16:16:53+00:00","description":"Keskiviikosta tulikin sitten oikein pyryinen yll\u00e4tys, kun lumisade alkoi iltaa kohden sakenemaan. Sit\u00e4 piti l\u00e4hte\u00e4 sitten dokumentoimaan Vuosaareen.","breadcrumb":{"@id":"https:\/\/www.remonen.fi\/WP\/blogi\/pyryinen-yllatys\/#breadcrumb"},"inLanguage":"fi","potentialAction":[{"@type":"ReadAction","target":["https:\/\/www.remonen.fi\/WP\/blogi\/pyryinen-yllatys\/"]}]},{"@type":"ImageObject","inLanguage":"fi","@id":"https:\/\/www.remonen.fi\/WP\/blogi\/pyryinen-yllatys\/#primaryimage","url":"https:\/\/www.remonen.fi\/WP\/wp-content\/uploads\/2016\/11\/pyryinen_yllatys-12.jpg","contentUrl":"https:\/\/www.remonen.fi\/WP\/wp-content\/uploads\/2016\/11\/pyryinen_yllatys-12.jpg","width":1280,"height":854,"caption":"[exif id=\"8112\"]"},{"@type":"BreadcrumbList","@id":"https:\/\/www.remonen.fi\/WP\/blogi\/pyryinen-yllatys\/#breadcrumb","itemListElement":[{"@type":"ListItem","position":1,"name":"Etusivu","item":"https:\/\/www.remonen.fi\/WP\/"},{"@type":"ListItem","position":2,"name":"Pyryinen yll\u00e4tys"}]},{"@type":"WebSite","@id":"https:\/\/www.remonen.fi\/WP\/#website","url":"https:\/\/www.remonen.fi\/WP\/","name":"remonen.fi","description":"Valokuvia ja tarinaa laidasta laitaan","publisher":{"@id":"https:\/\/www.remonen.fi\/WP\/#\/schema\/person\/1803c23d1d4f6722054eb2ac7f7a97cd"},"potentialAction":[{"@type":"SearchAction","target":{"@type":"EntryPoint","urlTemplate":"https:\/\/www.remonen.fi\/WP\/?s={search_term_string}"},"query-input":{"@type":"PropertyValueSpecification","valueRequired":true,"valueName":"search_term_string"}}],"inLanguage":"fi"},{"@type":["Person","Organization"],"@id":"https:\/\/www.remonen.fi\/WP\/#\/schema\/person\/1803c23d1d4f6722054eb2ac7f7a97cd","name":"Matti Remonen","logo":{"@id":"https:\/\/www.remonen.fi\/WP\/#\/schema\/person\/image\/"},"url":"https:\/\/www.remonen.fi\/WP\/blogi\/author\/mre\/"}]}},"_links":{"self":[{"href":"https:\/\/www.remonen.fi\/WP\/wp-json\/wp\/v2\/posts\/8094"}],"collection":[{"href":"https:\/\/www.remonen.fi\/WP\/wp-json\/wp\/v2\/posts"}],"about":[{"href":"https:\/\/www.remonen.fi\/WP\/wp-json\/wp\/v2\/types\/post"}],"author":[{"embeddable":true,"href":"https:\/\/www.remonen.fi\/WP\/wp-json\/wp\/v2\/users\/2"}],"replies":[{"embeddable":true,"href":"https:\/\/www.remonen.fi\/WP\/wp-json\/wp\/v2\/comments?post=8094"}],"version-history":[{"count":0,"href":"https:\/\/www.remonen.fi\/WP\/wp-json\/wp\/v2\/posts\/8094\/revisions"}],"wp:featuredmedia":[{"embeddable":true,"href":"https:\/\/www.remonen.fi\/WP\/wp-json\/wp\/v2\/media\/8112"}],"wp:attachment":[{"href":"https:\/\/www.remonen.fi\/WP\/wp-json\/wp\/v2\/media?parent=8094"}],"wp:term":[{"taxonomy":"category","embeddable":true,"href":"https:\/\/www.remonen.fi\/WP\/wp-json\/wp\/v2\/categories?post=8094"},{"taxonomy":"post_tag","embeddable":true,"href":"https:\/\/www.remonen.fi\/WP\/wp-json\/wp\/v2\/tags?post=8094"}],"curies":[{"name":"wp","href":"https:\/\/api.w.org\/{rel}","templated":true}]}}