{"id":8144,"date":"2016-11-16T19:10:41","date_gmt":"2016-11-16T17:10:41","guid":{"rendered":"http:\/\/www.remonen.fi\/?p=8144"},"modified":"2016-11-16T19:10:41","modified_gmt":"2016-11-16T17:10:41","slug":"talven-kaarmeet","status":"publish","type":"post","link":"https:\/\/www.remonen.fi\/WP\/blogi\/talven-kaarmeet\/","title":{"rendered":"Talven k\u00e4\u00e4rmeet"},"content":{"rendered":"<p>Sunnuntaina piti sitten v\u00e4\u00e4nt\u00e4yty\u00e4 ihan ulkosalle, kun viikolle oli luvattu vesisateita (jotka sitten saapuivatkin, lat.huom.). Piti p\u00e4\u00e4st\u00e4 nauttimaan edes hetkeksi lumisesta maisemasta, vaikka s\u00e4\u00e4 ei muuten houkutellut. Eik\u00e4 ollut kuvaamisellekaan kovin suotuisa. Valkoinen lumi t\u00e4ysin tasaisessa valossa ei ehk\u00e4 sittenk\u00e4\u00e4n ole se kaikkein valokuvauksellisin maisema.<\/p>\n<p><a href=\"http:\/\/www.remonen.fi\/WP\/wp-content\/uploads\/2016\/11\/lumikaarmeet-2.jpg\"><img loading=\"lazy\" decoding=\"async\" class=\"aligncenter wp-image-8152\" title=\"Aperture: &#402;\/5 | Credit: Matti Remonen | Camera: NIKON D810 | Taken: 13 marraskuun, 2016 | Copyright: (c) Matti Remonen | Flash fired: no | Focal length: 120mm | ISO: 250 | Shutter speed: 1\/250s | \" src=\"http:\/\/www.remonen.fi\/WP\/wp-content\/uploads\/2016\/11\/lumikaarmeet-2.jpg\" width=\"880\" height=\"587\" srcset=\"https:\/\/www.remonen.fi\/WP\/wp-content\/uploads\/2016\/11\/lumikaarmeet-2.jpg 1280w, https:\/\/www.remonen.fi\/WP\/wp-content\/uploads\/2016\/11\/lumikaarmeet-2-300x200.jpg 300w, https:\/\/www.remonen.fi\/WP\/wp-content\/uploads\/2016\/11\/lumikaarmeet-2-680x454.jpg 680w, https:\/\/www.remonen.fi\/WP\/wp-content\/uploads\/2016\/11\/lumikaarmeet-2-768x512.jpg 768w, https:\/\/www.remonen.fi\/WP\/wp-content\/uploads\/2016\/11\/lumikaarmeet-2-1024x683.jpg 1024w, https:\/\/www.remonen.fi\/WP\/wp-content\/uploads\/2016\/11\/lumikaarmeet-2-440x294.jpg 440w, https:\/\/www.remonen.fi\/WP\/wp-content\/uploads\/2016\/11\/lumikaarmeet-2-960x641.jpg 960w\" sizes=\"(max-width: 880px) 100vw, 880px\" \/><\/a><\/p>\n<p>Mutta mit\u00e4p\u00e4 n\u00e4ist\u00e4. Tulipahan ulkoiltua ja samalla hieman ulkoilutettua kameraa. Tuntuu vaan t\u00e4m\u00e4 kuvaamisen k\u00e4ynnist\u00e4minen olevan yht\u00e4 hankalaa kuin k\u00e4velem\u00e4\u00e4n opetteleminen aikanaan sappikivileikkauksen j\u00e4lkeen. Siis siihen aikaan, kun sappikivien poisto tarkoitti metrin viiltoa mahaan. Nyth\u00e4n se hoidetaan ultra\u00e4\u00e4nell\u00e4 ja oluella. Sittemmin olenkin harjoittanut 50%:sta sappikiviohjelmaa&#8230;<\/p>\n<p><a href=\"http:\/\/www.remonen.fi\/WP\/wp-content\/uploads\/2016\/11\/lumikaarmeet-1.jpg\"><img loading=\"lazy\" decoding=\"async\" class=\"aligncenter wp-image-8151\" title=\"Aperture: &#402;\/5 | Credit: Matti Remonen | Camera: NIKON D810 | Taken: 13 marraskuun, 2016 | Copyright: (c) Matti Remonen | Flash fired: no | Focal length: 44mm | ISO: 125 | Shutter speed: 1\/100s | \" src=\"http:\/\/www.remonen.fi\/WP\/wp-content\/uploads\/2016\/11\/lumikaarmeet-1.jpg\" alt=\"Uutela\" width=\"880\" height=\"587\" srcset=\"https:\/\/www.remonen.fi\/WP\/wp-content\/uploads\/2016\/11\/lumikaarmeet-1.jpg 1280w, https:\/\/www.remonen.fi\/WP\/wp-content\/uploads\/2016\/11\/lumikaarmeet-1-300x200.jpg 300w, https:\/\/www.remonen.fi\/WP\/wp-content\/uploads\/2016\/11\/lumikaarmeet-1-680x454.jpg 680w, https:\/\/www.remonen.fi\/WP\/wp-content\/uploads\/2016\/11\/lumikaarmeet-1-768x512.jpg 768w, https:\/\/www.remonen.fi\/WP\/wp-content\/uploads\/2016\/11\/lumikaarmeet-1-1024x683.jpg 1024w, https:\/\/www.remonen.fi\/WP\/wp-content\/uploads\/2016\/11\/lumikaarmeet-1-440x294.jpg 440w, https:\/\/www.remonen.fi\/WP\/wp-content\/uploads\/2016\/11\/lumikaarmeet-1-960x641.jpg 960w\" sizes=\"(max-width: 880px) 100vw, 880px\" \/><\/a><\/p>\n<p>Uutelaan vei meid\u00e4n tiemme ja sielt\u00e4 nyt sitten tuli bongattua kauas kadonnutta vesirajaa ja lumik\u00e4\u00e4rmeit\u00e4. J\u00e4lkimm\u00e4isi\u00e4 olikin sitten v\u00e4h\u00e4n joka oksalla ja koko ajan sai varoa, ettei joku k\u00e4\u00e4rme sielt\u00e4 pudottaudu niskaan. T\u00e4ll\u00e4 kertaa selvisimme ilman suurempia tappioita.<\/p>\n<p><a href=\"http:\/\/www.remonen.fi\/WP\/wp-content\/uploads\/2016\/11\/lumikaarmeet-9.jpg\"><img loading=\"lazy\" decoding=\"async\" class=\"aligncenter wp-image-8146\" title=\"Aperture: &#402;\/4 | Credit: Matti Remonen | Camera: NIKON D810 | Taken: 13 marraskuun, 2016 | Copyright: (c) Matti Remonen | Flash fired: no | Focal length: 120mm | ISO: 64 | Shutter speed: 1\/400s | \" src=\"http:\/\/www.remonen.fi\/WP\/wp-content\/uploads\/2016\/11\/lumikaarmeet-9.jpg\" alt=\"Talven k\u00e4\u00e4rmeet\" width=\"880\" height=\"587\" srcset=\"https:\/\/www.remonen.fi\/WP\/wp-content\/uploads\/2016\/11\/lumikaarmeet-9.jpg 1280w, https:\/\/www.remonen.fi\/WP\/wp-content\/uploads\/2016\/11\/lumikaarmeet-9-300x200.jpg 300w, https:\/\/www.remonen.fi\/WP\/wp-content\/uploads\/2016\/11\/lumikaarmeet-9-680x454.jpg 680w, https:\/\/www.remonen.fi\/WP\/wp-content\/uploads\/2016\/11\/lumikaarmeet-9-768x512.jpg 768w, https:\/\/www.remonen.fi\/WP\/wp-content\/uploads\/2016\/11\/lumikaarmeet-9-1024x683.jpg 1024w, https:\/\/www.remonen.fi\/WP\/wp-content\/uploads\/2016\/11\/lumikaarmeet-9-440x294.jpg 440w, https:\/\/www.remonen.fi\/WP\/wp-content\/uploads\/2016\/11\/lumikaarmeet-9-960x641.jpg 960w\" sizes=\"(max-width: 880px) 100vw, 880px\" \/><\/a><\/p>\n<p><a href=\"http:\/\/www.remonen.fi\/WP\/wp-content\/uploads\/2016\/11\/lumikaarmeet-5.jpg\"><img loading=\"lazy\" decoding=\"async\" class=\"aligncenter wp-image-8148\" title=\"Aperture: &#402;\/5 | Credit: Matti Remonen | Camera: NIKON D810 | Taken: 13 marraskuun, 2016 | Copyright: (c) Matti Remonen | Flash fired: no | Focal length: 112mm | ISO: 110 | Shutter speed: 1\/250s | \" src=\"http:\/\/www.remonen.fi\/WP\/wp-content\/uploads\/2016\/11\/lumikaarmeet-5.jpg\" alt=\"Talven k\u00e4\u00e4rmeet\" width=\"880\" height=\"587\" srcset=\"https:\/\/www.remonen.fi\/WP\/wp-content\/uploads\/2016\/11\/lumikaarmeet-5.jpg 1280w, https:\/\/www.remonen.fi\/WP\/wp-content\/uploads\/2016\/11\/lumikaarmeet-5-300x200.jpg 300w, https:\/\/www.remonen.fi\/WP\/wp-content\/uploads\/2016\/11\/lumikaarmeet-5-680x454.jpg 680w, https:\/\/www.remonen.fi\/WP\/wp-content\/uploads\/2016\/11\/lumikaarmeet-5-768x512.jpg 768w, https:\/\/www.remonen.fi\/WP\/wp-content\/uploads\/2016\/11\/lumikaarmeet-5-1024x683.jpg 1024w, https:\/\/www.remonen.fi\/WP\/wp-content\/uploads\/2016\/11\/lumikaarmeet-5-440x294.jpg 440w, https:\/\/www.remonen.fi\/WP\/wp-content\/uploads\/2016\/11\/lumikaarmeet-5-960x641.jpg 960w\" sizes=\"(max-width: 880px) 100vw, 880px\" \/><\/a><\/p>\n<p><a href=\"http:\/\/www.remonen.fi\/WP\/wp-content\/uploads\/2016\/11\/lumikaarmeet-7.jpg\"><img loading=\"lazy\" decoding=\"async\" class=\"aligncenter wp-image-8150\" title=\"Aperture: &#402;\/5 | Credit: Matti Remonen | Camera: NIKON D810 | Taken: 13 marraskuun, 2016 | Copyright: (c) Matti Remonen | Flash fired: no | Focal length: 75mm | ISO: 800 | Shutter speed: 1\/160s | \" src=\"http:\/\/www.remonen.fi\/WP\/wp-content\/uploads\/2016\/11\/lumikaarmeet-7.jpg\" alt=\"Talven k\u00e4\u00e4rmeet\" width=\"880\" height=\"587\" srcset=\"https:\/\/www.remonen.fi\/WP\/wp-content\/uploads\/2016\/11\/lumikaarmeet-7.jpg 1280w, https:\/\/www.remonen.fi\/WP\/wp-content\/uploads\/2016\/11\/lumikaarmeet-7-300x200.jpg 300w, https:\/\/www.remonen.fi\/WP\/wp-content\/uploads\/2016\/11\/lumikaarmeet-7-680x454.jpg 680w, https:\/\/www.remonen.fi\/WP\/wp-content\/uploads\/2016\/11\/lumikaarmeet-7-768x512.jpg 768w, https:\/\/www.remonen.fi\/WP\/wp-content\/uploads\/2016\/11\/lumikaarmeet-7-1024x683.jpg 1024w, https:\/\/www.remonen.fi\/WP\/wp-content\/uploads\/2016\/11\/lumikaarmeet-7-440x294.jpg 440w, https:\/\/www.remonen.fi\/WP\/wp-content\/uploads\/2016\/11\/lumikaarmeet-7-960x641.jpg 960w\" sizes=\"(max-width: 880px) 100vw, 880px\" \/><\/a><\/p>\n<p>Tosiaan aika mollivoittoista kuvaa tuolta nyt sitten tuli. Olisi p\u00e4rj\u00e4nnyt kyll\u00e4 sill\u00e4 mustavalkoisella Leicalla, jos sellaisen nyt olisi sattunut omistamaan. Tulipahan oltua ulkona ja luonnossa edes t\u00e4m\u00e4 hetki.<\/p>\n<p><a href=\"http:\/\/www.remonen.fi\/WP\/wp-content\/uploads\/2016\/11\/lumikaarmeet-4.jpg\"><img loading=\"lazy\" decoding=\"async\" class=\"aligncenter wp-image-8145\" title=\"Aperture: &#402;\/9 | Credit: Matti Remonen | Camera: NIKON D810 | Taken: 13 marraskuun, 2016 | Copyright: (c) Matti Remonen | Flash fired: no | Focal length: 52mm | ISO: 640 | Shutter speed: 1\/125s | \" src=\"http:\/\/www.remonen.fi\/WP\/wp-content\/uploads\/2016\/11\/lumikaarmeet-4.jpg\" alt=\"Uutela\" width=\"880\" height=\"587\" srcset=\"https:\/\/www.remonen.fi\/WP\/wp-content\/uploads\/2016\/11\/lumikaarmeet-4.jpg 1280w, https:\/\/www.remonen.fi\/WP\/wp-content\/uploads\/2016\/11\/lumikaarmeet-4-300x200.jpg 300w, https:\/\/www.remonen.fi\/WP\/wp-content\/uploads\/2016\/11\/lumikaarmeet-4-680x454.jpg 680w, https:\/\/www.remonen.fi\/WP\/wp-content\/uploads\/2016\/11\/lumikaarmeet-4-768x512.jpg 768w, https:\/\/www.remonen.fi\/WP\/wp-content\/uploads\/2016\/11\/lumikaarmeet-4-1024x683.jpg 1024w, https:\/\/www.remonen.fi\/WP\/wp-content\/uploads\/2016\/11\/lumikaarmeet-4-440x294.jpg 440w, https:\/\/www.remonen.fi\/WP\/wp-content\/uploads\/2016\/11\/lumikaarmeet-4-960x641.jpg 960w\" sizes=\"(max-width: 880px) 100vw, 880px\" \/><\/a><\/p>\n<p><a href=\"http:\/\/www.remonen.fi\/WP\/wp-content\/uploads\/2016\/11\/lumikaarmeet-11.jpg\"><img loading=\"lazy\" decoding=\"async\" class=\"aligncenter wp-image-8147\" title=\"Aperture: &#402;\/5 | Credit: Matti Remonen | Camera: NIKON D810 | Taken: 13 marraskuun, 2016 | Copyright: (c) Matti Remonen | Flash fired: no | Focal length: 120mm | ISO: 800 | Shutter speed: 1\/250s | \" src=\"http:\/\/www.remonen.fi\/WP\/wp-content\/uploads\/2016\/11\/lumikaarmeet-11.jpg\" alt=\"Uutela\" width=\"880\" height=\"587\" srcset=\"https:\/\/www.remonen.fi\/WP\/wp-content\/uploads\/2016\/11\/lumikaarmeet-11.jpg 1280w, https:\/\/www.remonen.fi\/WP\/wp-content\/uploads\/2016\/11\/lumikaarmeet-11-300x200.jpg 300w, https:\/\/www.remonen.fi\/WP\/wp-content\/uploads\/2016\/11\/lumikaarmeet-11-680x454.jpg 680w, https:\/\/www.remonen.fi\/WP\/wp-content\/uploads\/2016\/11\/lumikaarmeet-11-768x512.jpg 768w, https:\/\/www.remonen.fi\/WP\/wp-content\/uploads\/2016\/11\/lumikaarmeet-11-1024x683.jpg 1024w, https:\/\/www.remonen.fi\/WP\/wp-content\/uploads\/2016\/11\/lumikaarmeet-11-440x294.jpg 440w, https:\/\/www.remonen.fi\/WP\/wp-content\/uploads\/2016\/11\/lumikaarmeet-11-960x641.jpg 960w\" sizes=\"(max-width: 880px) 100vw, 880px\" \/><\/a><\/p>\n<p>K\u00e4\u00e4rmeit\u00e4 mets\u00e4sti Nikon D810 + Nikkor AF-S 24-120\/4G VR<\/p>\n","protected":false},"excerpt":{"rendered":"<p>Sunnuntaina piti sitten v\u00e4\u00e4nt\u00e4yty\u00e4 ihan ulkosalle, kun viikolle oli luvattu vesisateita (jotka sitten saapuivatkin, lat.huom.). Piti p\u00e4\u00e4st\u00e4 nauttimaan edes hetkeksi lumisesta maisemasta, vaikka s\u00e4\u00e4 ei muuten houkutellut. Eik\u00e4 ollut kuvaamisellekaan kovin suotuisa. Valkoinen lumi t\u00e4ysin tasaisessa valossa ei ehk\u00e4 sittenk\u00e4\u00e4n ole se kaikkein valokuvauksellisin maisema. Mutta mit\u00e4p\u00e4 n\u00e4ist\u00e4. Tulipahan ulkoiltua ja samalla hieman ulkoilutettua kameraa. [&hellip;]<\/p>\n","protected":false},"author":2,"featured_media":8146,"comment_status":"open","ping_status":"closed","sticky":false,"template":"","format":"standard","meta":{"footnotes":""},"categories":[16],"tags":[209],"yoast_head":"<!-- This site is optimized with the Yoast SEO plugin v24.5 - https:\/\/yoast.com\/wordpress\/plugins\/seo\/ -->\n<title>Talven k\u00e4\u00e4rmeet &#187; remonen.fi<\/title>\n<meta name=\"description\" content=\"Sunnuntaina Uutelan lenkill\u00e4 olivat talven k\u00e4\u00e4rmeet tulleet esille koloistaan. Eiv\u00e4t sitten olleetkaan kovin vaarallisia. Nyt taitavat olla muisto vain...\" \/>\n<meta name=\"robots\" content=\"index, follow, max-snippet:-1, max-image-preview:large, max-video-preview:-1\" \/>\n<link rel=\"canonical\" href=\"https:\/\/www.remonen.fi\/WP\/blogi\/talven-kaarmeet\/\" \/>\n<meta property=\"og:locale\" content=\"fi_FI\" \/>\n<meta property=\"og:type\" content=\"article\" \/>\n<meta property=\"og:title\" content=\"Talven k\u00e4\u00e4rmeet &#187; remonen.fi\" \/>\n<meta property=\"og:description\" content=\"Sunnuntaina Uutelan lenkill\u00e4 olivat talven k\u00e4\u00e4rmeet tulleet esille koloistaan. Eiv\u00e4t sitten olleetkaan kovin vaarallisia. Nyt taitavat olla muisto vain...\" \/>\n<meta property=\"og:url\" content=\"https:\/\/www.remonen.fi\/WP\/blogi\/talven-kaarmeet\/\" \/>\n<meta property=\"og:site_name\" content=\"remonen.fi\" \/>\n<meta property=\"article:published_time\" content=\"2016-11-16T17:10:41+00:00\" \/>\n<meta property=\"og:image\" content=\"https:\/\/www.remonen.fi\/WP\/wp-content\/uploads\/2016\/11\/lumikaarmeet-9.jpg\" \/>\n\t<meta property=\"og:image:width\" content=\"1280\" \/>\n\t<meta property=\"og:image:height\" content=\"854\" \/>\n\t<meta property=\"og:image:type\" content=\"image\/jpeg\" \/>\n<meta name=\"author\" content=\"Matti Remonen\" \/>\n<meta name=\"twitter:label1\" content=\"Kirjoittanut\" \/>\n\t<meta name=\"twitter:data1\" content=\"Matti Remonen\" \/>\n\t<meta name=\"twitter:label2\" content=\"Arvioitu lukuaika\" \/>\n\t<meta name=\"twitter:data2\" content=\"1 minuutti\" \/>\n<script type=\"application\/ld+json\" class=\"yoast-schema-graph\">{\"@context\":\"https:\/\/schema.org\",\"@graph\":[{\"@type\":\"Article\",\"@id\":\"https:\/\/www.remonen.fi\/WP\/blogi\/talven-kaarmeet\/#article\",\"isPartOf\":{\"@id\":\"https:\/\/www.remonen.fi\/WP\/blogi\/talven-kaarmeet\/\"},\"author\":{\"name\":\"Matti Remonen\",\"@id\":\"https:\/\/www.remonen.fi\/WP\/#\/schema\/person\/1803c23d1d4f6722054eb2ac7f7a97cd\"},\"headline\":\"Talven k\u00e4\u00e4rmeet\",\"datePublished\":\"2016-11-16T17:10:41+00:00\",\"mainEntityOfPage\":{\"@id\":\"https:\/\/www.remonen.fi\/WP\/blogi\/talven-kaarmeet\/\"},\"wordCount\":197,\"commentCount\":0,\"publisher\":{\"@id\":\"https:\/\/www.remonen.fi\/WP\/#\/schema\/person\/1803c23d1d4f6722054eb2ac7f7a97cd\"},\"image\":{\"@id\":\"https:\/\/www.remonen.fi\/WP\/blogi\/talven-kaarmeet\/#primaryimage\"},\"thumbnailUrl\":\"https:\/\/www.remonen.fi\/WP\/wp-content\/uploads\/2016\/11\/lumikaarmeet-9.jpg\",\"keywords\":[\"Uutela\"],\"articleSection\":[\"Blog\"],\"inLanguage\":\"fi\",\"potentialAction\":[{\"@type\":\"CommentAction\",\"name\":\"Comment\",\"target\":[\"https:\/\/www.remonen.fi\/WP\/blogi\/talven-kaarmeet\/#respond\"]}]},{\"@type\":\"WebPage\",\"@id\":\"https:\/\/www.remonen.fi\/WP\/blogi\/talven-kaarmeet\/\",\"url\":\"https:\/\/www.remonen.fi\/WP\/blogi\/talven-kaarmeet\/\",\"name\":\"Talven k\u00e4\u00e4rmeet &#187; remonen.fi\",\"isPartOf\":{\"@id\":\"https:\/\/www.remonen.fi\/WP\/#website\"},\"primaryImageOfPage\":{\"@id\":\"https:\/\/www.remonen.fi\/WP\/blogi\/talven-kaarmeet\/#primaryimage\"},\"image\":{\"@id\":\"https:\/\/www.remonen.fi\/WP\/blogi\/talven-kaarmeet\/#primaryimage\"},\"thumbnailUrl\":\"https:\/\/www.remonen.fi\/WP\/wp-content\/uploads\/2016\/11\/lumikaarmeet-9.jpg\",\"datePublished\":\"2016-11-16T17:10:41+00:00\",\"description\":\"Sunnuntaina Uutelan lenkill\u00e4 olivat talven k\u00e4\u00e4rmeet tulleet esille koloistaan. Eiv\u00e4t sitten olleetkaan kovin vaarallisia. Nyt taitavat olla muisto vain...\",\"breadcrumb\":{\"@id\":\"https:\/\/www.remonen.fi\/WP\/blogi\/talven-kaarmeet\/#breadcrumb\"},\"inLanguage\":\"fi\",\"potentialAction\":[{\"@type\":\"ReadAction\",\"target\":[\"https:\/\/www.remonen.fi\/WP\/blogi\/talven-kaarmeet\/\"]}]},{\"@type\":\"ImageObject\",\"inLanguage\":\"fi\",\"@id\":\"https:\/\/www.remonen.fi\/WP\/blogi\/talven-kaarmeet\/#primaryimage\",\"url\":\"https:\/\/www.remonen.fi\/WP\/wp-content\/uploads\/2016\/11\/lumikaarmeet-9.jpg\",\"contentUrl\":\"https:\/\/www.remonen.fi\/WP\/wp-content\/uploads\/2016\/11\/lumikaarmeet-9.jpg\",\"width\":1280,\"height\":854,\"caption\":\"[exif id=\\\"8146\\\"]\"},{\"@type\":\"BreadcrumbList\",\"@id\":\"https:\/\/www.remonen.fi\/WP\/blogi\/talven-kaarmeet\/#breadcrumb\",\"itemListElement\":[{\"@type\":\"ListItem\",\"position\":1,\"name\":\"Etusivu\",\"item\":\"https:\/\/www.remonen.fi\/WP\/\"},{\"@type\":\"ListItem\",\"position\":2,\"name\":\"Talven k\u00e4\u00e4rmeet\"}]},{\"@type\":\"WebSite\",\"@id\":\"https:\/\/www.remonen.fi\/WP\/#website\",\"url\":\"https:\/\/www.remonen.fi\/WP\/\",\"name\":\"remonen.fi\",\"description\":\"Valokuvia ja tarinaa laidasta laitaan\",\"publisher\":{\"@id\":\"https:\/\/www.remonen.fi\/WP\/#\/schema\/person\/1803c23d1d4f6722054eb2ac7f7a97cd\"},\"potentialAction\":[{\"@type\":\"SearchAction\",\"target\":{\"@type\":\"EntryPoint\",\"urlTemplate\":\"https:\/\/www.remonen.fi\/WP\/?s={search_term_string}\"},\"query-input\":{\"@type\":\"PropertyValueSpecification\",\"valueRequired\":true,\"valueName\":\"search_term_string\"}}],\"inLanguage\":\"fi\"},{\"@type\":[\"Person\",\"Organization\"],\"@id\":\"https:\/\/www.remonen.fi\/WP\/#\/schema\/person\/1803c23d1d4f6722054eb2ac7f7a97cd\",\"name\":\"Matti Remonen\",\"logo\":{\"@id\":\"https:\/\/www.remonen.fi\/WP\/#\/schema\/person\/image\/\"},\"url\":\"https:\/\/www.remonen.fi\/WP\/blogi\/author\/mre\/\"}]}<\/script>\n<!-- \/ Yoast SEO plugin. -->","yoast_head_json":{"title":"Talven k\u00e4\u00e4rmeet &#187; remonen.fi","description":"Sunnuntaina Uutelan lenkill\u00e4 olivat talven k\u00e4\u00e4rmeet tulleet esille koloistaan. Eiv\u00e4t sitten olleetkaan kovin vaarallisia. Nyt taitavat olla muisto vain...","robots":{"index":"index","follow":"follow","max-snippet":"max-snippet:-1","max-image-preview":"max-image-preview:large","max-video-preview":"max-video-preview:-1"},"canonical":"https:\/\/www.remonen.fi\/WP\/blogi\/talven-kaarmeet\/","og_locale":"fi_FI","og_type":"article","og_title":"Talven k\u00e4\u00e4rmeet &#187; remonen.fi","og_description":"Sunnuntaina Uutelan lenkill\u00e4 olivat talven k\u00e4\u00e4rmeet tulleet esille koloistaan. Eiv\u00e4t sitten olleetkaan kovin vaarallisia. Nyt taitavat olla muisto vain...","og_url":"https:\/\/www.remonen.fi\/WP\/blogi\/talven-kaarmeet\/","og_site_name":"remonen.fi","article_published_time":"2016-11-16T17:10:41+00:00","og_image":[{"width":1280,"height":854,"url":"https:\/\/www.remonen.fi\/WP\/wp-content\/uploads\/2016\/11\/lumikaarmeet-9.jpg","type":"image\/jpeg"}],"author":"Matti Remonen","twitter_misc":{"Kirjoittanut":"Matti Remonen","Arvioitu lukuaika":"1 minuutti"},"schema":{"@context":"https:\/\/schema.org","@graph":[{"@type":"Article","@id":"https:\/\/www.remonen.fi\/WP\/blogi\/talven-kaarmeet\/#article","isPartOf":{"@id":"https:\/\/www.remonen.fi\/WP\/blogi\/talven-kaarmeet\/"},"author":{"name":"Matti Remonen","@id":"https:\/\/www.remonen.fi\/WP\/#\/schema\/person\/1803c23d1d4f6722054eb2ac7f7a97cd"},"headline":"Talven k\u00e4\u00e4rmeet","datePublished":"2016-11-16T17:10:41+00:00","mainEntityOfPage":{"@id":"https:\/\/www.remonen.fi\/WP\/blogi\/talven-kaarmeet\/"},"wordCount":197,"commentCount":0,"publisher":{"@id":"https:\/\/www.remonen.fi\/WP\/#\/schema\/person\/1803c23d1d4f6722054eb2ac7f7a97cd"},"image":{"@id":"https:\/\/www.remonen.fi\/WP\/blogi\/talven-kaarmeet\/#primaryimage"},"thumbnailUrl":"https:\/\/www.remonen.fi\/WP\/wp-content\/uploads\/2016\/11\/lumikaarmeet-9.jpg","keywords":["Uutela"],"articleSection":["Blog"],"inLanguage":"fi","potentialAction":[{"@type":"CommentAction","name":"Comment","target":["https:\/\/www.remonen.fi\/WP\/blogi\/talven-kaarmeet\/#respond"]}]},{"@type":"WebPage","@id":"https:\/\/www.remonen.fi\/WP\/blogi\/talven-kaarmeet\/","url":"https:\/\/www.remonen.fi\/WP\/blogi\/talven-kaarmeet\/","name":"Talven k\u00e4\u00e4rmeet &#187; remonen.fi","isPartOf":{"@id":"https:\/\/www.remonen.fi\/WP\/#website"},"primaryImageOfPage":{"@id":"https:\/\/www.remonen.fi\/WP\/blogi\/talven-kaarmeet\/#primaryimage"},"image":{"@id":"https:\/\/www.remonen.fi\/WP\/blogi\/talven-kaarmeet\/#primaryimage"},"thumbnailUrl":"https:\/\/www.remonen.fi\/WP\/wp-content\/uploads\/2016\/11\/lumikaarmeet-9.jpg","datePublished":"2016-11-16T17:10:41+00:00","description":"Sunnuntaina Uutelan lenkill\u00e4 olivat talven k\u00e4\u00e4rmeet tulleet esille koloistaan. Eiv\u00e4t sitten olleetkaan kovin vaarallisia. Nyt taitavat olla muisto vain...","breadcrumb":{"@id":"https:\/\/www.remonen.fi\/WP\/blogi\/talven-kaarmeet\/#breadcrumb"},"inLanguage":"fi","potentialAction":[{"@type":"ReadAction","target":["https:\/\/www.remonen.fi\/WP\/blogi\/talven-kaarmeet\/"]}]},{"@type":"ImageObject","inLanguage":"fi","@id":"https:\/\/www.remonen.fi\/WP\/blogi\/talven-kaarmeet\/#primaryimage","url":"https:\/\/www.remonen.fi\/WP\/wp-content\/uploads\/2016\/11\/lumikaarmeet-9.jpg","contentUrl":"https:\/\/www.remonen.fi\/WP\/wp-content\/uploads\/2016\/11\/lumikaarmeet-9.jpg","width":1280,"height":854,"caption":"[exif id=\"8146\"]"},{"@type":"BreadcrumbList","@id":"https:\/\/www.remonen.fi\/WP\/blogi\/talven-kaarmeet\/#breadcrumb","itemListElement":[{"@type":"ListItem","position":1,"name":"Etusivu","item":"https:\/\/www.remonen.fi\/WP\/"},{"@type":"ListItem","position":2,"name":"Talven k\u00e4\u00e4rmeet"}]},{"@type":"WebSite","@id":"https:\/\/www.remonen.fi\/WP\/#website","url":"https:\/\/www.remonen.fi\/WP\/","name":"remonen.fi","description":"Valokuvia ja tarinaa laidasta laitaan","publisher":{"@id":"https:\/\/www.remonen.fi\/WP\/#\/schema\/person\/1803c23d1d4f6722054eb2ac7f7a97cd"},"potentialAction":[{"@type":"SearchAction","target":{"@type":"EntryPoint","urlTemplate":"https:\/\/www.remonen.fi\/WP\/?s={search_term_string}"},"query-input":{"@type":"PropertyValueSpecification","valueRequired":true,"valueName":"search_term_string"}}],"inLanguage":"fi"},{"@type":["Person","Organization"],"@id":"https:\/\/www.remonen.fi\/WP\/#\/schema\/person\/1803c23d1d4f6722054eb2ac7f7a97cd","name":"Matti Remonen","logo":{"@id":"https:\/\/www.remonen.fi\/WP\/#\/schema\/person\/image\/"},"url":"https:\/\/www.remonen.fi\/WP\/blogi\/author\/mre\/"}]}},"_links":{"self":[{"href":"https:\/\/www.remonen.fi\/WP\/wp-json\/wp\/v2\/posts\/8144"}],"collection":[{"href":"https:\/\/www.remonen.fi\/WP\/wp-json\/wp\/v2\/posts"}],"about":[{"href":"https:\/\/www.remonen.fi\/WP\/wp-json\/wp\/v2\/types\/post"}],"author":[{"embeddable":true,"href":"https:\/\/www.remonen.fi\/WP\/wp-json\/wp\/v2\/users\/2"}],"replies":[{"embeddable":true,"href":"https:\/\/www.remonen.fi\/WP\/wp-json\/wp\/v2\/comments?post=8144"}],"version-history":[{"count":0,"href":"https:\/\/www.remonen.fi\/WP\/wp-json\/wp\/v2\/posts\/8144\/revisions"}],"wp:featuredmedia":[{"embeddable":true,"href":"https:\/\/www.remonen.fi\/WP\/wp-json\/wp\/v2\/media\/8146"}],"wp:attachment":[{"href":"https:\/\/www.remonen.fi\/WP\/wp-json\/wp\/v2\/media?parent=8144"}],"wp:term":[{"taxonomy":"category","embeddable":true,"href":"https:\/\/www.remonen.fi\/WP\/wp-json\/wp\/v2\/categories?post=8144"},{"taxonomy":"post_tag","embeddable":true,"href":"https:\/\/www.remonen.fi\/WP\/wp-json\/wp\/v2\/tags?post=8144"}],"curies":[{"name":"wp","href":"https:\/\/api.w.org\/{rel}","templated":true}]}}