{"id":8157,"date":"2016-11-20T15:38:38","date_gmt":"2016-11-20T13:38:38","guid":{"rendered":"http:\/\/www.remonen.fi\/?p=8157"},"modified":"2016-12-01T12:32:44","modified_gmt":"2016-12-01T10:32:44","slug":"koulun-hevoset","status":"publish","type":"post","link":"https:\/\/www.remonen.fi\/WP\/blogi\/koulun-hevoset\/","title":{"rendered":"Koulun hevoset"},"content":{"rendered":"<p>Jaa-as. Enk\u00f6s t\u00e4ss\u00e4 <a href=\"http:\/\/www.remonen.fi\/blogi\/wotkinia-vermossa\/\">melkein vuosi sitten ehdotellut<\/a>, ett\u00e4 hevosille pit\u00e4isi olla oma koulu, jossa voitaisiin opetella miten voittaa raveja ja samalla n\u00e4ytt\u00e4\u00e4 hyv\u00e4lt\u00e4 valokuvissa. Somen\u00e4kyvyysh\u00e4n on nyky\u00e4\u00e4n kaikki kaikessa ja jos ei n\u00e4yt\u00e4 hyv\u00e4lt\u00e4, ei tule massia. Kysyk\u00e4\u00e4 vaikka Kim Kardashianilta&#8230;<\/p>\n<p><a href=\"http:\/\/www.remonen.fi\/WP\/wp-content\/uploads\/2016\/11\/vermon_ravikoulu-3.jpg\"><img loading=\"lazy\" decoding=\"async\" class=\"aligncenter wp-image-8169\" title=\"Aperture: &#402;\/5.6 | Credit: Matti Remonen | Camera: NIKON D810 | Taken: 19 marraskuun, 2016 | Copyright: (c) Matti Remonen | Flash fired: no | Focal length: 46mm | ISO: 4000 | Shutter speed: 1\/100s | \" src=\"http:\/\/www.remonen.fi\/WP\/wp-content\/uploads\/2016\/11\/vermon_ravikoulu-3.jpg\" alt=\"Vermon ravikoulu\" width=\"587\" height=\"880\" srcset=\"https:\/\/www.remonen.fi\/WP\/wp-content\/uploads\/2016\/11\/vermon_ravikoulu-3.jpg 854w, https:\/\/www.remonen.fi\/WP\/wp-content\/uploads\/2016\/11\/vermon_ravikoulu-3-200x300.jpg 200w, https:\/\/www.remonen.fi\/WP\/wp-content\/uploads\/2016\/11\/vermon_ravikoulu-3-454x680.jpg 454w, https:\/\/www.remonen.fi\/WP\/wp-content\/uploads\/2016\/11\/vermon_ravikoulu-3-768x1151.jpg 768w, https:\/\/www.remonen.fi\/WP\/wp-content\/uploads\/2016\/11\/vermon_ravikoulu-3-683x1024.jpg 683w, https:\/\/www.remonen.fi\/WP\/wp-content\/uploads\/2016\/11\/vermon_ravikoulu-3-440x659.jpg 440w, https:\/\/www.remonen.fi\/WP\/wp-content\/uploads\/2016\/11\/vermon_ravikoulu-3-300x450.jpg 300w\" sizes=\"(max-width: 587px) 100vw, 587px\" \/><\/a><\/p>\n<p>Enivei, rukouksiini on vastattu. Tai siis n\u00e4in luulin, kun Vermossa avattiin Yp\u00e4j\u00e4n Hevosopiston yll\u00e4pit\u00e4m\u00e4 <a href=\"http:\/\/www.vermonravikoulu.fi\/\">Vermon Ravikoulu<\/a>. Mutta voi, koulu onkin tarkoitettu raviohjastajaksi haaveileville tai muuten vain raviurheiluun hurahtaneille. Eli edelleen on pollen ment\u00e4v\u00e4 aukko Suomen koulutustarjonnassa. Mutta joo&#8230; Ravikoulu. Ja viel\u00e4p\u00e4 Yp\u00e4j\u00e4n yll\u00e4pit\u00e4m\u00e4n\u00e4. Tuo ei voi menn\u00e4 vikaan. Yp\u00e4j\u00e4n resurssit ja p\u00e4\u00e4kaupunkiseudun v\u00e4kim\u00e4\u00e4r\u00e4. T\u00e4ss\u00e4 on kaikki onnistumisen mahdollisuudet.<\/p>\n<p><a href=\"http:\/\/www.remonen.fi\/WP\/wp-content\/uploads\/2016\/11\/vermon_ravikoulu-4.jpg\"><img loading=\"lazy\" decoding=\"async\" class=\"aligncenter wp-image-8168\" title=\"Aperture: &#402;\/5.6 | Credit: Matti Remonen | Camera: NIKON D810 | Taken: 19 marraskuun, 2016 | Copyright: (c) Matti Remonen | Flash fired: no | Focal length: 55mm | ISO: 4500 | Shutter speed: 1\/125s | \" src=\"http:\/\/www.remonen.fi\/WP\/wp-content\/uploads\/2016\/11\/vermon_ravikoulu-4.jpg\" alt=\"Vermon ravikoulu\" width=\"880\" height=\"587\" srcset=\"https:\/\/www.remonen.fi\/WP\/wp-content\/uploads\/2016\/11\/vermon_ravikoulu-4.jpg 1280w, https:\/\/www.remonen.fi\/WP\/wp-content\/uploads\/2016\/11\/vermon_ravikoulu-4-300x200.jpg 300w, https:\/\/www.remonen.fi\/WP\/wp-content\/uploads\/2016\/11\/vermon_ravikoulu-4-680x454.jpg 680w, https:\/\/www.remonen.fi\/WP\/wp-content\/uploads\/2016\/11\/vermon_ravikoulu-4-768x512.jpg 768w, https:\/\/www.remonen.fi\/WP\/wp-content\/uploads\/2016\/11\/vermon_ravikoulu-4-1024x683.jpg 1024w, https:\/\/www.remonen.fi\/WP\/wp-content\/uploads\/2016\/11\/vermon_ravikoulu-4-440x294.jpg 440w, https:\/\/www.remonen.fi\/WP\/wp-content\/uploads\/2016\/11\/vermon_ravikoulu-4-960x641.jpg 960w\" sizes=\"(max-width: 880px) 100vw, 880px\" \/><\/a><\/p>\n<p>Koulua varten on remontoitu osa yhdest\u00e4 tallirakennuksesta ja sinne on saatu mahdutettua niin tallit hevosille kuin sitten luokka- ja varustetilat. Koululla on k\u00e4yt\u00f6ss\u00e4\u00e4n useampikin hevonen sek\u00e4 poni. Joista ehk\u00e4 s\u00f6p\u00f6in on Jekku, 5-vuotias Shetlanninponiruuna. Jos Jekku ei r\u00e4j\u00e4yt\u00e4 somea, niin ei sitten kukaan.<\/p>\n<p><a href=\"http:\/\/www.remonen.fi\/WP\/wp-content\/uploads\/2016\/11\/vermon_ravikoulu-5.jpg\"><img loading=\"lazy\" decoding=\"async\" class=\"aligncenter wp-image-8167\" title=\"Aperture: &#402;\/5.6 | Credit: Matti Remonen | Camera: NIKON D810 | Taken: 19 marraskuun, 2016 | Copyright: (c) Matti Remonen | Flash fired: no | Focal length: 58mm | ISO: 1800 | Shutter speed: 1\/125s | \" src=\"http:\/\/www.remonen.fi\/WP\/wp-content\/uploads\/2016\/11\/vermon_ravikoulu-5.jpg\" alt=\"Vermon ravikoulu\" width=\"587\" height=\"880\" srcset=\"https:\/\/www.remonen.fi\/WP\/wp-content\/uploads\/2016\/11\/vermon_ravikoulu-5.jpg 854w, https:\/\/www.remonen.fi\/WP\/wp-content\/uploads\/2016\/11\/vermon_ravikoulu-5-200x300.jpg 200w, https:\/\/www.remonen.fi\/WP\/wp-content\/uploads\/2016\/11\/vermon_ravikoulu-5-454x680.jpg 454w, https:\/\/www.remonen.fi\/WP\/wp-content\/uploads\/2016\/11\/vermon_ravikoulu-5-768x1151.jpg 768w, https:\/\/www.remonen.fi\/WP\/wp-content\/uploads\/2016\/11\/vermon_ravikoulu-5-683x1024.jpg 683w, https:\/\/www.remonen.fi\/WP\/wp-content\/uploads\/2016\/11\/vermon_ravikoulu-5-440x659.jpg 440w, https:\/\/www.remonen.fi\/WP\/wp-content\/uploads\/2016\/11\/vermon_ravikoulu-5-300x450.jpg 300w\" sizes=\"(max-width: 587px) 100vw, 587px\" \/><\/a><\/p>\n<p><a href=\"http:\/\/www.remonen.fi\/WP\/wp-content\/uploads\/2016\/11\/vermon_ravikoulu-2.jpg\"><img loading=\"lazy\" decoding=\"async\" class=\"aligncenter wp-image-8170\" title=\"Aperture: &#402;\/5.6 | Credit: Matti Remonen | Camera: NIKON D810 | Taken: 19 marraskuun, 2016 | Copyright: (c) Matti Remonen | Flash fired: no | Focal length: 52mm | ISO: 5000 | Shutter speed: 1\/125s | \" src=\"http:\/\/www.remonen.fi\/WP\/wp-content\/uploads\/2016\/11\/vermon_ravikoulu-2.jpg\" alt=\"Yp\u00e4j\u00e4n ravikoulu\" width=\"587\" height=\"880\" srcset=\"https:\/\/www.remonen.fi\/WP\/wp-content\/uploads\/2016\/11\/vermon_ravikoulu-2.jpg 854w, https:\/\/www.remonen.fi\/WP\/wp-content\/uploads\/2016\/11\/vermon_ravikoulu-2-200x300.jpg 200w, https:\/\/www.remonen.fi\/WP\/wp-content\/uploads\/2016\/11\/vermon_ravikoulu-2-454x680.jpg 454w, https:\/\/www.remonen.fi\/WP\/wp-content\/uploads\/2016\/11\/vermon_ravikoulu-2-768x1151.jpg 768w, https:\/\/www.remonen.fi\/WP\/wp-content\/uploads\/2016\/11\/vermon_ravikoulu-2-683x1024.jpg 683w, https:\/\/www.remonen.fi\/WP\/wp-content\/uploads\/2016\/11\/vermon_ravikoulu-2-440x659.jpg 440w, https:\/\/www.remonen.fi\/WP\/wp-content\/uploads\/2016\/11\/vermon_ravikoulu-2-300x450.jpg 300w\" sizes=\"(max-width: 587px) 100vw, 587px\" \/><\/a><\/p>\n<p>Lis\u00e4ksi koululla n\u00e4ytti olevan edustava valikoima keppareita, noita hevosista lempeimpi\u00e4. Tosin kepparit ovat enemm\u00e4n suuntautuneet tuonne estepuolelle, mutta ehk\u00e4p\u00e4 tulevaisuudessa saamme n\u00e4hd\u00e4 keppariravit Vermossa.<\/p>\n<p><a href=\"http:\/\/www.remonen.fi\/WP\/wp-content\/uploads\/2016\/11\/vermon_ravikoulu-1.jpg\"><img loading=\"lazy\" decoding=\"async\" class=\"aligncenter wp-image-8158\" title=\"Aperture: &#402;\/5 | Credit: Matti Remonen | Camera: NIKON D810 | Taken: 19 marraskuun, 2016 | Copyright: (c) Matti Remonen | Flash fired: no | Focal length: 44mm | ISO: 125 | Shutter speed: 1\/100s | \" src=\"http:\/\/www.remonen.fi\/WP\/wp-content\/uploads\/2016\/11\/vermon_ravikoulu-1.jpg\" alt=\"Vermon ravikoulu\" width=\"587\" height=\"880\" srcset=\"https:\/\/www.remonen.fi\/WP\/wp-content\/uploads\/2016\/11\/vermon_ravikoulu-1.jpg 854w, https:\/\/www.remonen.fi\/WP\/wp-content\/uploads\/2016\/11\/vermon_ravikoulu-1-200x300.jpg 200w, https:\/\/www.remonen.fi\/WP\/wp-content\/uploads\/2016\/11\/vermon_ravikoulu-1-454x680.jpg 454w, https:\/\/www.remonen.fi\/WP\/wp-content\/uploads\/2016\/11\/vermon_ravikoulu-1-768x1151.jpg 768w, https:\/\/www.remonen.fi\/WP\/wp-content\/uploads\/2016\/11\/vermon_ravikoulu-1-683x1024.jpg 683w, https:\/\/www.remonen.fi\/WP\/wp-content\/uploads\/2016\/11\/vermon_ravikoulu-1-440x659.jpg 440w, https:\/\/www.remonen.fi\/WP\/wp-content\/uploads\/2016\/11\/vermon_ravikoulu-1-300x450.jpg 300w\" sizes=\"(max-width: 587px) 100vw, 587px\" \/><\/a><\/p>\n<p>Paikalla oli Yp\u00e4j\u00e4n yleismiesnainen, Irina ja koulun tuleva rehtori Kaisa K\u00e4h\u00f6. Kaisasta mulla on Yp\u00e4j\u00e4n peruja yksi mun suosikkihevoskuva, jossa Kaisa on <a href=\"http:\/\/www.remonen.fi\/WP\/wp-content\/uploads\/2015\/08\/ypaja_15-23.jpg\">hevosensa kanssa omenapuun alla<\/a>.<\/p>\n<p><a href=\"http:\/\/www.remonen.fi\/WP\/wp-content\/uploads\/2016\/11\/vermon_ravikoulu-12.jpg\"><img loading=\"lazy\" decoding=\"async\" class=\"aligncenter wp-image-8161\" title=\"Aperture: &#402;\/4 | Credit: Matti Remonen | Camera: NIKON D810 | Taken: 19 marraskuun, 2016 | Copyright: (c) Matti Remonen | Flash fired: no | Focal length: 55mm | ISO: 64 | Shutter speed: 1\/500s | \" src=\"http:\/\/www.remonen.fi\/WP\/wp-content\/uploads\/2016\/11\/vermon_ravikoulu-12.jpg\" alt=\"Vermon ravikoulu\" width=\"880\" height=\"587\" srcset=\"https:\/\/www.remonen.fi\/WP\/wp-content\/uploads\/2016\/11\/vermon_ravikoulu-12.jpg 1280w, https:\/\/www.remonen.fi\/WP\/wp-content\/uploads\/2016\/11\/vermon_ravikoulu-12-300x200.jpg 300w, https:\/\/www.remonen.fi\/WP\/wp-content\/uploads\/2016\/11\/vermon_ravikoulu-12-680x454.jpg 680w, https:\/\/www.remonen.fi\/WP\/wp-content\/uploads\/2016\/11\/vermon_ravikoulu-12-768x512.jpg 768w, https:\/\/www.remonen.fi\/WP\/wp-content\/uploads\/2016\/11\/vermon_ravikoulu-12-1024x683.jpg 1024w, https:\/\/www.remonen.fi\/WP\/wp-content\/uploads\/2016\/11\/vermon_ravikoulu-12-440x294.jpg 440w, https:\/\/www.remonen.fi\/WP\/wp-content\/uploads\/2016\/11\/vermon_ravikoulu-12-960x641.jpg 960w\" sizes=\"(max-width: 880px) 100vw, 880px\" \/><\/a><\/p>\n<p>Porukkaakin oli paikalla varsin mukavasti. Osaltaan auttoi hyv\u00e4 s\u00e4\u00e4, sade oli loppunut parahultaisesti juuri aamulla. Hieman itse ensin arvelin, ett\u00e4 samanaikaisesti j\u00e4rjestetty autotapahtuma s\u00f6isi t\u00e4m\u00e4n tilaisuuden suosiota, mutta ei se nyt paikan p\u00e4\u00e4ll\u00e4 silt\u00e4 n\u00e4ytt\u00e4nyt.<\/p>\n<p><a href=\"http:\/\/www.remonen.fi\/WP\/wp-content\/uploads\/2016\/11\/vermon_ravikoulu-9.jpg\"><img loading=\"lazy\" decoding=\"async\" class=\"aligncenter wp-image-8163\" title=\"Aperture: &#402;\/4 | Credit: Matti Remonen | Camera: NIKON D810 | Taken: 19 marraskuun, 2016 | Copyright: (c) Matti Remonen | Flash fired: no | Focal length: 92mm | ISO: 64 | Shutter speed: 1\/250s | \" src=\"http:\/\/www.remonen.fi\/WP\/wp-content\/uploads\/2016\/11\/vermon_ravikoulu-9.jpg\" alt=\"Vermon ravikoulu\" width=\"880\" height=\"587\" srcset=\"https:\/\/www.remonen.fi\/WP\/wp-content\/uploads\/2016\/11\/vermon_ravikoulu-9.jpg 1280w, https:\/\/www.remonen.fi\/WP\/wp-content\/uploads\/2016\/11\/vermon_ravikoulu-9-300x200.jpg 300w, https:\/\/www.remonen.fi\/WP\/wp-content\/uploads\/2016\/11\/vermon_ravikoulu-9-680x454.jpg 680w, https:\/\/www.remonen.fi\/WP\/wp-content\/uploads\/2016\/11\/vermon_ravikoulu-9-768x512.jpg 768w, https:\/\/www.remonen.fi\/WP\/wp-content\/uploads\/2016\/11\/vermon_ravikoulu-9-1024x683.jpg 1024w, https:\/\/www.remonen.fi\/WP\/wp-content\/uploads\/2016\/11\/vermon_ravikoulu-9-440x294.jpg 440w, https:\/\/www.remonen.fi\/WP\/wp-content\/uploads\/2016\/11\/vermon_ravikoulu-9-960x641.jpg 960w\" sizes=\"(max-width: 880px) 100vw, 880px\" \/><\/a><\/p>\n<p>Ohjelmassa oli hevosten esittely\u00e4, poniravit, perinteinen p\u00f6n\u00f6tyspuhe ja teht\u00e4v\u00e4rata, jossa ker\u00e4ttiin eri rasteilta suorituksia ja t\u00e4ytetty suorituskortti osallistui Yp\u00e4j\u00e4n Hevosopiston kimppahevosten 1\/50 omistusosuuden arvontaan. En nyt t\u00e4ll\u00e4 kertaa osallistunut t\u00e4h\u00e4n kisaan.<\/p>\n<p><div id=\"attachment_8165\" style=\"width: 597px\" class=\"wp-caption aligncenter\"><a href=\"http:\/\/www.remonen.fi\/WP\/wp-content\/uploads\/2016\/11\/vermon_ravikoulu-7.jpg\"><img loading=\"lazy\" decoding=\"async\" aria-describedby=\"caption-attachment-8165\" class=\"wp-image-8165\" title=\"Aperture: &#402;\/4 | Credit: Matti Remonen | Camera: NIKON D810 | Taken: 19 marraskuun, 2016 | Copyright: (c) Matti Remonen | Flash fired: no | Focal length: 40mm | ISO: 4500 | Shutter speed: 1\/80s | \" src=\"http:\/\/www.remonen.fi\/WP\/wp-content\/uploads\/2016\/11\/vermon_ravikoulu-7.jpg\" alt=\"Vermon ravikoulu\" width=\"587\" height=\"880\" srcset=\"https:\/\/www.remonen.fi\/WP\/wp-content\/uploads\/2016\/11\/vermon_ravikoulu-7.jpg 854w, https:\/\/www.remonen.fi\/WP\/wp-content\/uploads\/2016\/11\/vermon_ravikoulu-7-200x300.jpg 200w, https:\/\/www.remonen.fi\/WP\/wp-content\/uploads\/2016\/11\/vermon_ravikoulu-7-454x680.jpg 454w, https:\/\/www.remonen.fi\/WP\/wp-content\/uploads\/2016\/11\/vermon_ravikoulu-7-768x1151.jpg 768w, https:\/\/www.remonen.fi\/WP\/wp-content\/uploads\/2016\/11\/vermon_ravikoulu-7-683x1024.jpg 683w, https:\/\/www.remonen.fi\/WP\/wp-content\/uploads\/2016\/11\/vermon_ravikoulu-7-440x659.jpg 440w, https:\/\/www.remonen.fi\/WP\/wp-content\/uploads\/2016\/11\/vermon_ravikoulu-7-300x450.jpg 300w\" sizes=\"(max-width: 587px) 100vw, 587px\" \/><\/a><p id=\"caption-attachment-8165\" class=\"wp-caption-text\">kiinni&#8230;<\/p><\/div><a href=\"http:\/\/www.remonen.fi\/WP\/wp-content\/uploads\/2016\/11\/vermon_ravikoulu-8.jpg\"><img loading=\"lazy\" decoding=\"async\" class=\"aligncenter wp-image-8164\" title=\"Aperture: &#402;\/4 | Credit: Matti Remonen | Camera: NIKON D810 | Taken: 19 marraskuun, 2016 | Copyright: (c) Matti Remonen | Flash fired: no | Focal length: 62mm | ISO: 5000 | Shutter speed: 1\/125s | \" src=\"http:\/\/www.remonen.fi\/WP\/wp-content\/uploads\/2016\/11\/vermon_ravikoulu-8.jpg\" alt=\"Vermon ravikoulu\" width=\"586\" height=\"880\" srcset=\"https:\/\/www.remonen.fi\/WP\/wp-content\/uploads\/2016\/11\/vermon_ravikoulu-8.jpg 853w, https:\/\/www.remonen.fi\/WP\/wp-content\/uploads\/2016\/11\/vermon_ravikoulu-8-200x300.jpg 200w, https:\/\/www.remonen.fi\/WP\/wp-content\/uploads\/2016\/11\/vermon_ravikoulu-8-453x680.jpg 453w, https:\/\/www.remonen.fi\/WP\/wp-content\/uploads\/2016\/11\/vermon_ravikoulu-8-768x1152.jpg 768w, https:\/\/www.remonen.fi\/WP\/wp-content\/uploads\/2016\/11\/vermon_ravikoulu-8-682x1024.jpg 682w, https:\/\/www.remonen.fi\/WP\/wp-content\/uploads\/2016\/11\/vermon_ravikoulu-8-440x660.jpg 440w, https:\/\/www.remonen.fi\/WP\/wp-content\/uploads\/2016\/11\/vermon_ravikoulu-8-300x450.jpg 300w\" sizes=\"(max-width: 586px) 100vw, 586px\" \/><\/a><\/p>\n<p>Niin ja tietysti oli kepparin\u00e4yt\u00f6s. Hyvin olivat ratansa harjoitelleet n\u00e4m\u00e4 n\u00e4yt\u00f6skepparit.<\/p>\n<p><a href=\"http:\/\/www.remonen.fi\/WP\/wp-content\/uploads\/2016\/11\/vermon_ravikoulu-13.jpg\"><img loading=\"lazy\" decoding=\"async\" class=\"aligncenter wp-image-8162\" title=\"Aperture: &#402;\/4 | Credit: Matti Remonen | Camera: NIKON D810 | Taken: 19 marraskuun, 2016 | Copyright: (c) Matti Remonen | Flash fired: no | Focal length: 100mm | ISO: 64 | Shutter speed: 1\/250s | \" src=\"http:\/\/www.remonen.fi\/WP\/wp-content\/uploads\/2016\/11\/vermon_ravikoulu-13.jpg\" alt=\"Vermon ravikoulu\" width=\"587\" height=\"880\" srcset=\"https:\/\/www.remonen.fi\/WP\/wp-content\/uploads\/2016\/11\/vermon_ravikoulu-13.jpg 854w, https:\/\/www.remonen.fi\/WP\/wp-content\/uploads\/2016\/11\/vermon_ravikoulu-13-200x300.jpg 200w, https:\/\/www.remonen.fi\/WP\/wp-content\/uploads\/2016\/11\/vermon_ravikoulu-13-454x680.jpg 454w, https:\/\/www.remonen.fi\/WP\/wp-content\/uploads\/2016\/11\/vermon_ravikoulu-13-768x1151.jpg 768w, https:\/\/www.remonen.fi\/WP\/wp-content\/uploads\/2016\/11\/vermon_ravikoulu-13-683x1024.jpg 683w, https:\/\/www.remonen.fi\/WP\/wp-content\/uploads\/2016\/11\/vermon_ravikoulu-13-440x659.jpg 440w, https:\/\/www.remonen.fi\/WP\/wp-content\/uploads\/2016\/11\/vermon_ravikoulu-13-300x450.jpg 300w\" sizes=\"(max-width: 587px) 100vw, 587px\" \/><\/a><\/p>\n<p>Joopa, valitettavasti minulla ei ollut aikaa j\u00e4\u00e4d\u00e4 katsomaan poniraveja, vaan piti l\u00e4hte\u00e4 eteenp\u00e4in heti avajaisseremonioiden j\u00e4lkeen. Mutta t\u00e4ytyy toivoa onnea ja menestyst\u00e4 Ravikoululle, kunhan se vuoden vaihteessa lopullisesti aloittaa. Kev\u00e4\u00e4ll\u00e4h\u00e4n on Kaisaniemess\u00e4 ravitapahtuma. Toivottavasti koulu on siell\u00e4 my\u00f6s mukana ja n\u00e4ytill\u00e4.<\/p>\n<p><div id=\"attachment_8160\" style=\"width: 1290px\" class=\"wp-caption aligncenter\"><a href=\"http:\/\/www.remonen.fi\/WP\/wp-content\/uploads\/2016\/11\/vermon_ravikoulu-11.jpg\"><img loading=\"lazy\" decoding=\"async\" aria-describedby=\"caption-attachment-8160\" class=\"wp-image-8160\" title=\"Aperture: &#402;\/4 | Credit: Matti Remonen | Camera: NIKON D810 | Taken: 19 marraskuun, 2016 | Copyright: (c) Matti Remonen | Flash fired: no | Focal length: 120mm | ISO: 64 | Shutter speed: 1\/320s | \" src=\"http:\/\/www.remonen.fi\/WP\/wp-content\/uploads\/2016\/11\/vermon_ravikoulu-11.jpg\" alt=\"Vermon ravikoulu\" width=\"1280\" height=\"854\" srcset=\"https:\/\/www.remonen.fi\/WP\/wp-content\/uploads\/2016\/11\/vermon_ravikoulu-11.jpg 1280w, https:\/\/www.remonen.fi\/WP\/wp-content\/uploads\/2016\/11\/vermon_ravikoulu-11-300x200.jpg 300w, https:\/\/www.remonen.fi\/WP\/wp-content\/uploads\/2016\/11\/vermon_ravikoulu-11-680x454.jpg 680w, https:\/\/www.remonen.fi\/WP\/wp-content\/uploads\/2016\/11\/vermon_ravikoulu-11-768x512.jpg 768w, https:\/\/www.remonen.fi\/WP\/wp-content\/uploads\/2016\/11\/vermon_ravikoulu-11-1024x683.jpg 1024w, https:\/\/www.remonen.fi\/WP\/wp-content\/uploads\/2016\/11\/vermon_ravikoulu-11-440x294.jpg 440w, https:\/\/www.remonen.fi\/WP\/wp-content\/uploads\/2016\/11\/vermon_ravikoulu-11-960x641.jpg 960w\" sizes=\"(max-width: 1280px) 100vw, 1280px\" \/><\/a><p id=\"caption-attachment-8160\" class=\"wp-caption-text\">Kepparit pommittaa<\/p><\/div><div id=\"attachment_8159\" style=\"width: 597px\" class=\"wp-caption aligncenter\"><a href=\"http:\/\/www.remonen.fi\/WP\/wp-content\/uploads\/2016\/11\/vermon_ravikoulu-10.jpg\"><img loading=\"lazy\" decoding=\"async\" aria-describedby=\"caption-attachment-8159\" class=\"wp-image-8159\" title=\"Aperture: &#402;\/5.6 | Credit: Matti Remonen | Camera: NIKON D810 | Taken: 19 marraskuun, 2016 | Copyright: (c) Matti Remonen | Flash fired: no | Focal length: 82mm | ISO: 64 | Shutter speed: 1\/250s | \" src=\"http:\/\/www.remonen.fi\/WP\/wp-content\/uploads\/2016\/11\/vermon_ravikoulu-10.jpg\" alt=\"Vermon ravikoulu\" width=\"587\" height=\"880\" srcset=\"https:\/\/www.remonen.fi\/WP\/wp-content\/uploads\/2016\/11\/vermon_ravikoulu-10.jpg 854w, https:\/\/www.remonen.fi\/WP\/wp-content\/uploads\/2016\/11\/vermon_ravikoulu-10-200x300.jpg 200w, https:\/\/www.remonen.fi\/WP\/wp-content\/uploads\/2016\/11\/vermon_ravikoulu-10-454x680.jpg 454w, https:\/\/www.remonen.fi\/WP\/wp-content\/uploads\/2016\/11\/vermon_ravikoulu-10-768x1151.jpg 768w, https:\/\/www.remonen.fi\/WP\/wp-content\/uploads\/2016\/11\/vermon_ravikoulu-10-683x1024.jpg 683w, https:\/\/www.remonen.fi\/WP\/wp-content\/uploads\/2016\/11\/vermon_ravikoulu-10-440x659.jpg 440w, https:\/\/www.remonen.fi\/WP\/wp-content\/uploads\/2016\/11\/vermon_ravikoulu-10-300x450.jpg 300w\" sizes=\"(max-width: 587px) 100vw, 587px\" \/><\/a><p id=\"caption-attachment-8159\" class=\"wp-caption-text\">Jekku jekuttaa<\/p><\/div>Hevoisia koulutti Nikon D810 + Nikkor AF-S 24-120\/4G VR<\/p>\n","protected":false},"excerpt":{"rendered":"<p>Jaa-as. Enk\u00f6s t\u00e4ss\u00e4 melkein vuosi sitten ehdotellut, ett\u00e4 hevosille pit\u00e4isi olla oma koulu, jossa voitaisiin opetella miten voittaa raveja ja samalla n\u00e4ytt\u00e4\u00e4 hyv\u00e4lt\u00e4 valokuvissa. Somen\u00e4kyvyysh\u00e4n on nyky\u00e4\u00e4n kaikki kaikessa ja jos ei n\u00e4yt\u00e4 hyv\u00e4lt\u00e4, ei tule massia. Kysyk\u00e4\u00e4 vaikka Kim Kardashianilta&#8230; Enivei, rukouksiini on vastattu. Tai siis n\u00e4in luulin, kun Vermossa avattiin Yp\u00e4j\u00e4n Hevosopiston yll\u00e4pit\u00e4m\u00e4 [&hellip;]<\/p>\n","protected":false},"author":2,"featured_media":8166,"comment_status":"open","ping_status":"closed","sticky":false,"template":"","format":"standard","meta":{"footnotes":""},"categories":[16],"tags":[165,188],"yoast_head":"<!-- This site is optimized with the Yoast SEO plugin v24.5 - https:\/\/yoast.com\/wordpress\/plugins\/seo\/ -->\n<title>Koulun hevoset &#187; remonen.fi<\/title>\n<meta name=\"description\" content=\"Eilen avattiin Vermossa Vermon Ravikoulu. Pitih\u00e4n siell\u00e4 k\u00e4yd\u00e4 katsomassa ja kuvaamassa hevosia. Kun kerran s\u00e4\u00e4kin suosi, aurinko n\u00e4ytt\u00e4ytyi pitk\u00e4st\u00e4 aikaa.\" \/>\n<meta name=\"robots\" content=\"index, follow, max-snippet:-1, max-image-preview:large, max-video-preview:-1\" \/>\n<link rel=\"canonical\" href=\"https:\/\/www.remonen.fi\/WP\/blogi\/koulun-hevoset\/\" \/>\n<meta property=\"og:locale\" content=\"fi_FI\" \/>\n<meta property=\"og:type\" content=\"article\" \/>\n<meta property=\"og:title\" content=\"Koulun hevoset &#187; remonen.fi\" \/>\n<meta property=\"og:description\" content=\"Eilen avattiin Vermossa Vermon Ravikoulu. Pitih\u00e4n siell\u00e4 k\u00e4yd\u00e4 katsomassa ja kuvaamassa hevosia. Kun kerran s\u00e4\u00e4kin suosi, aurinko n\u00e4ytt\u00e4ytyi pitk\u00e4st\u00e4 aikaa.\" \/>\n<meta property=\"og:url\" content=\"https:\/\/www.remonen.fi\/WP\/blogi\/koulun-hevoset\/\" \/>\n<meta property=\"og:site_name\" content=\"remonen.fi\" \/>\n<meta property=\"article:published_time\" content=\"2016-11-20T13:38:38+00:00\" \/>\n<meta property=\"article:modified_time\" content=\"2016-12-01T10:32:44+00:00\" \/>\n<meta property=\"og:image\" content=\"https:\/\/www.remonen.fi\/WP\/wp-content\/uploads\/2016\/11\/vermon_ravikoulu-6.jpg\" \/>\n\t<meta property=\"og:image:width\" content=\"1280\" \/>\n\t<meta property=\"og:image:height\" content=\"854\" \/>\n\t<meta property=\"og:image:type\" content=\"image\/jpeg\" \/>\n<meta name=\"author\" content=\"Matti Remonen\" \/>\n<meta name=\"twitter:label1\" content=\"Kirjoittanut\" \/>\n\t<meta name=\"twitter:data1\" content=\"Matti Remonen\" \/>\n\t<meta name=\"twitter:label2\" content=\"Arvioitu lukuaika\" \/>\n\t<meta name=\"twitter:data2\" content=\"2 minuuttia\" \/>\n<script type=\"application\/ld+json\" class=\"yoast-schema-graph\">{\"@context\":\"https:\/\/schema.org\",\"@graph\":[{\"@type\":\"Article\",\"@id\":\"https:\/\/www.remonen.fi\/WP\/blogi\/koulun-hevoset\/#article\",\"isPartOf\":{\"@id\":\"https:\/\/www.remonen.fi\/WP\/blogi\/koulun-hevoset\/\"},\"author\":{\"name\":\"Matti Remonen\",\"@id\":\"https:\/\/www.remonen.fi\/WP\/#\/schema\/person\/1803c23d1d4f6722054eb2ac7f7a97cd\"},\"headline\":\"Koulun hevoset\",\"datePublished\":\"2016-11-20T13:38:38+00:00\",\"dateModified\":\"2016-12-01T10:32:44+00:00\",\"mainEntityOfPage\":{\"@id\":\"https:\/\/www.remonen.fi\/WP\/blogi\/koulun-hevoset\/\"},\"wordCount\":424,\"commentCount\":2,\"publisher\":{\"@id\":\"https:\/\/www.remonen.fi\/WP\/#\/schema\/person\/1803c23d1d4f6722054eb2ac7f7a97cd\"},\"image\":{\"@id\":\"https:\/\/www.remonen.fi\/WP\/blogi\/koulun-hevoset\/#primaryimage\"},\"thumbnailUrl\":\"https:\/\/www.remonen.fi\/WP\/wp-content\/uploads\/2016\/11\/vermon_ravikoulu-6.jpg\",\"keywords\":[\"Vermo\",\"Yp\u00e4j\u00e4\"],\"articleSection\":[\"Blog\"],\"inLanguage\":\"fi\",\"potentialAction\":[{\"@type\":\"CommentAction\",\"name\":\"Comment\",\"target\":[\"https:\/\/www.remonen.fi\/WP\/blogi\/koulun-hevoset\/#respond\"]}]},{\"@type\":\"WebPage\",\"@id\":\"https:\/\/www.remonen.fi\/WP\/blogi\/koulun-hevoset\/\",\"url\":\"https:\/\/www.remonen.fi\/WP\/blogi\/koulun-hevoset\/\",\"name\":\"Koulun hevoset &#187; remonen.fi\",\"isPartOf\":{\"@id\":\"https:\/\/www.remonen.fi\/WP\/#website\"},\"primaryImageOfPage\":{\"@id\":\"https:\/\/www.remonen.fi\/WP\/blogi\/koulun-hevoset\/#primaryimage\"},\"image\":{\"@id\":\"https:\/\/www.remonen.fi\/WP\/blogi\/koulun-hevoset\/#primaryimage\"},\"thumbnailUrl\":\"https:\/\/www.remonen.fi\/WP\/wp-content\/uploads\/2016\/11\/vermon_ravikoulu-6.jpg\",\"datePublished\":\"2016-11-20T13:38:38+00:00\",\"dateModified\":\"2016-12-01T10:32:44+00:00\",\"description\":\"Eilen avattiin Vermossa Vermon Ravikoulu. Pitih\u00e4n siell\u00e4 k\u00e4yd\u00e4 katsomassa ja kuvaamassa hevosia. Kun kerran s\u00e4\u00e4kin suosi, aurinko n\u00e4ytt\u00e4ytyi pitk\u00e4st\u00e4 aikaa.\",\"breadcrumb\":{\"@id\":\"https:\/\/www.remonen.fi\/WP\/blogi\/koulun-hevoset\/#breadcrumb\"},\"inLanguage\":\"fi\",\"potentialAction\":[{\"@type\":\"ReadAction\",\"target\":[\"https:\/\/www.remonen.fi\/WP\/blogi\/koulun-hevoset\/\"]}]},{\"@type\":\"ImageObject\",\"inLanguage\":\"fi\",\"@id\":\"https:\/\/www.remonen.fi\/WP\/blogi\/koulun-hevoset\/#primaryimage\",\"url\":\"https:\/\/www.remonen.fi\/WP\/wp-content\/uploads\/2016\/11\/vermon_ravikoulu-6.jpg\",\"contentUrl\":\"https:\/\/www.remonen.fi\/WP\/wp-content\/uploads\/2016\/11\/vermon_ravikoulu-6.jpg\",\"width\":1280,\"height\":854},{\"@type\":\"BreadcrumbList\",\"@id\":\"https:\/\/www.remonen.fi\/WP\/blogi\/koulun-hevoset\/#breadcrumb\",\"itemListElement\":[{\"@type\":\"ListItem\",\"position\":1,\"name\":\"Etusivu\",\"item\":\"https:\/\/www.remonen.fi\/WP\/\"},{\"@type\":\"ListItem\",\"position\":2,\"name\":\"Koulun hevoset\"}]},{\"@type\":\"WebSite\",\"@id\":\"https:\/\/www.remonen.fi\/WP\/#website\",\"url\":\"https:\/\/www.remonen.fi\/WP\/\",\"name\":\"remonen.fi\",\"description\":\"Valokuvia ja tarinaa laidasta laitaan\",\"publisher\":{\"@id\":\"https:\/\/www.remonen.fi\/WP\/#\/schema\/person\/1803c23d1d4f6722054eb2ac7f7a97cd\"},\"potentialAction\":[{\"@type\":\"SearchAction\",\"target\":{\"@type\":\"EntryPoint\",\"urlTemplate\":\"https:\/\/www.remonen.fi\/WP\/?s={search_term_string}\"},\"query-input\":{\"@type\":\"PropertyValueSpecification\",\"valueRequired\":true,\"valueName\":\"search_term_string\"}}],\"inLanguage\":\"fi\"},{\"@type\":[\"Person\",\"Organization\"],\"@id\":\"https:\/\/www.remonen.fi\/WP\/#\/schema\/person\/1803c23d1d4f6722054eb2ac7f7a97cd\",\"name\":\"Matti Remonen\",\"logo\":{\"@id\":\"https:\/\/www.remonen.fi\/WP\/#\/schema\/person\/image\/\"},\"url\":\"https:\/\/www.remonen.fi\/WP\/blogi\/author\/mre\/\"}]}<\/script>\n<!-- \/ Yoast SEO plugin. -->","yoast_head_json":{"title":"Koulun hevoset &#187; remonen.fi","description":"Eilen avattiin Vermossa Vermon Ravikoulu. Pitih\u00e4n siell\u00e4 k\u00e4yd\u00e4 katsomassa ja kuvaamassa hevosia. Kun kerran s\u00e4\u00e4kin suosi, aurinko n\u00e4ytt\u00e4ytyi pitk\u00e4st\u00e4 aikaa.","robots":{"index":"index","follow":"follow","max-snippet":"max-snippet:-1","max-image-preview":"max-image-preview:large","max-video-preview":"max-video-preview:-1"},"canonical":"https:\/\/www.remonen.fi\/WP\/blogi\/koulun-hevoset\/","og_locale":"fi_FI","og_type":"article","og_title":"Koulun hevoset &#187; remonen.fi","og_description":"Eilen avattiin Vermossa Vermon Ravikoulu. Pitih\u00e4n siell\u00e4 k\u00e4yd\u00e4 katsomassa ja kuvaamassa hevosia. Kun kerran s\u00e4\u00e4kin suosi, aurinko n\u00e4ytt\u00e4ytyi pitk\u00e4st\u00e4 aikaa.","og_url":"https:\/\/www.remonen.fi\/WP\/blogi\/koulun-hevoset\/","og_site_name":"remonen.fi","article_published_time":"2016-11-20T13:38:38+00:00","article_modified_time":"2016-12-01T10:32:44+00:00","og_image":[{"width":1280,"height":854,"url":"https:\/\/www.remonen.fi\/WP\/wp-content\/uploads\/2016\/11\/vermon_ravikoulu-6.jpg","type":"image\/jpeg"}],"author":"Matti Remonen","twitter_misc":{"Kirjoittanut":"Matti Remonen","Arvioitu lukuaika":"2 minuuttia"},"schema":{"@context":"https:\/\/schema.org","@graph":[{"@type":"Article","@id":"https:\/\/www.remonen.fi\/WP\/blogi\/koulun-hevoset\/#article","isPartOf":{"@id":"https:\/\/www.remonen.fi\/WP\/blogi\/koulun-hevoset\/"},"author":{"name":"Matti Remonen","@id":"https:\/\/www.remonen.fi\/WP\/#\/schema\/person\/1803c23d1d4f6722054eb2ac7f7a97cd"},"headline":"Koulun hevoset","datePublished":"2016-11-20T13:38:38+00:00","dateModified":"2016-12-01T10:32:44+00:00","mainEntityOfPage":{"@id":"https:\/\/www.remonen.fi\/WP\/blogi\/koulun-hevoset\/"},"wordCount":424,"commentCount":2,"publisher":{"@id":"https:\/\/www.remonen.fi\/WP\/#\/schema\/person\/1803c23d1d4f6722054eb2ac7f7a97cd"},"image":{"@id":"https:\/\/www.remonen.fi\/WP\/blogi\/koulun-hevoset\/#primaryimage"},"thumbnailUrl":"https:\/\/www.remonen.fi\/WP\/wp-content\/uploads\/2016\/11\/vermon_ravikoulu-6.jpg","keywords":["Vermo","Yp\u00e4j\u00e4"],"articleSection":["Blog"],"inLanguage":"fi","potentialAction":[{"@type":"CommentAction","name":"Comment","target":["https:\/\/www.remonen.fi\/WP\/blogi\/koulun-hevoset\/#respond"]}]},{"@type":"WebPage","@id":"https:\/\/www.remonen.fi\/WP\/blogi\/koulun-hevoset\/","url":"https:\/\/www.remonen.fi\/WP\/blogi\/koulun-hevoset\/","name":"Koulun hevoset &#187; remonen.fi","isPartOf":{"@id":"https:\/\/www.remonen.fi\/WP\/#website"},"primaryImageOfPage":{"@id":"https:\/\/www.remonen.fi\/WP\/blogi\/koulun-hevoset\/#primaryimage"},"image":{"@id":"https:\/\/www.remonen.fi\/WP\/blogi\/koulun-hevoset\/#primaryimage"},"thumbnailUrl":"https:\/\/www.remonen.fi\/WP\/wp-content\/uploads\/2016\/11\/vermon_ravikoulu-6.jpg","datePublished":"2016-11-20T13:38:38+00:00","dateModified":"2016-12-01T10:32:44+00:00","description":"Eilen avattiin Vermossa Vermon Ravikoulu. Pitih\u00e4n siell\u00e4 k\u00e4yd\u00e4 katsomassa ja kuvaamassa hevosia. Kun kerran s\u00e4\u00e4kin suosi, aurinko n\u00e4ytt\u00e4ytyi pitk\u00e4st\u00e4 aikaa.","breadcrumb":{"@id":"https:\/\/www.remonen.fi\/WP\/blogi\/koulun-hevoset\/#breadcrumb"},"inLanguage":"fi","potentialAction":[{"@type":"ReadAction","target":["https:\/\/www.remonen.fi\/WP\/blogi\/koulun-hevoset\/"]}]},{"@type":"ImageObject","inLanguage":"fi","@id":"https:\/\/www.remonen.fi\/WP\/blogi\/koulun-hevoset\/#primaryimage","url":"https:\/\/www.remonen.fi\/WP\/wp-content\/uploads\/2016\/11\/vermon_ravikoulu-6.jpg","contentUrl":"https:\/\/www.remonen.fi\/WP\/wp-content\/uploads\/2016\/11\/vermon_ravikoulu-6.jpg","width":1280,"height":854},{"@type":"BreadcrumbList","@id":"https:\/\/www.remonen.fi\/WP\/blogi\/koulun-hevoset\/#breadcrumb","itemListElement":[{"@type":"ListItem","position":1,"name":"Etusivu","item":"https:\/\/www.remonen.fi\/WP\/"},{"@type":"ListItem","position":2,"name":"Koulun hevoset"}]},{"@type":"WebSite","@id":"https:\/\/www.remonen.fi\/WP\/#website","url":"https:\/\/www.remonen.fi\/WP\/","name":"remonen.fi","description":"Valokuvia ja tarinaa laidasta laitaan","publisher":{"@id":"https:\/\/www.remonen.fi\/WP\/#\/schema\/person\/1803c23d1d4f6722054eb2ac7f7a97cd"},"potentialAction":[{"@type":"SearchAction","target":{"@type":"EntryPoint","urlTemplate":"https:\/\/www.remonen.fi\/WP\/?s={search_term_string}"},"query-input":{"@type":"PropertyValueSpecification","valueRequired":true,"valueName":"search_term_string"}}],"inLanguage":"fi"},{"@type":["Person","Organization"],"@id":"https:\/\/www.remonen.fi\/WP\/#\/schema\/person\/1803c23d1d4f6722054eb2ac7f7a97cd","name":"Matti Remonen","logo":{"@id":"https:\/\/www.remonen.fi\/WP\/#\/schema\/person\/image\/"},"url":"https:\/\/www.remonen.fi\/WP\/blogi\/author\/mre\/"}]}},"_links":{"self":[{"href":"https:\/\/www.remonen.fi\/WP\/wp-json\/wp\/v2\/posts\/8157"}],"collection":[{"href":"https:\/\/www.remonen.fi\/WP\/wp-json\/wp\/v2\/posts"}],"about":[{"href":"https:\/\/www.remonen.fi\/WP\/wp-json\/wp\/v2\/types\/post"}],"author":[{"embeddable":true,"href":"https:\/\/www.remonen.fi\/WP\/wp-json\/wp\/v2\/users\/2"}],"replies":[{"embeddable":true,"href":"https:\/\/www.remonen.fi\/WP\/wp-json\/wp\/v2\/comments?post=8157"}],"version-history":[{"count":0,"href":"https:\/\/www.remonen.fi\/WP\/wp-json\/wp\/v2\/posts\/8157\/revisions"}],"wp:featuredmedia":[{"embeddable":true,"href":"https:\/\/www.remonen.fi\/WP\/wp-json\/wp\/v2\/media\/8166"}],"wp:attachment":[{"href":"https:\/\/www.remonen.fi\/WP\/wp-json\/wp\/v2\/media?parent=8157"}],"wp:term":[{"taxonomy":"category","embeddable":true,"href":"https:\/\/www.remonen.fi\/WP\/wp-json\/wp\/v2\/categories?post=8157"},{"taxonomy":"post_tag","embeddable":true,"href":"https:\/\/www.remonen.fi\/WP\/wp-json\/wp\/v2\/tags?post=8157"}],"curies":[{"name":"wp","href":"https:\/\/api.w.org\/{rel}","templated":true}]}}