{"id":8249,"date":"2017-01-10T17:37:59","date_gmt":"2017-01-10T15:37:59","guid":{"rendered":"http:\/\/www.remonen.fi\/?p=8249"},"modified":"2017-01-10T17:37:59","modified_gmt":"2017-01-10T15:37:59","slug":"lux-2017","status":"publish","type":"post","link":"https:\/\/www.remonen.fi\/WP\/blogi\/lux-2017\/","title":{"rendered":"100 vuotta valoa"},"content":{"rendered":"<p>Taas talven selk\u00e4 taittunut on. Tai, no ainakin pakkaset on ohi nyt hetkeksi. Ja sopivasti kohdalle sattui my\u00f6s <a href=\"http:\/\/www.luxhelsinki.fi\/\" target=\"_blank\">Lux Helsinki<\/a>, tuo jokavuotinen valon ja viinin juhla. Tai valon nyt kuitenkin. Sunnuntaina oli sitten sen verran aikaa, ett\u00e4 p\u00e4\u00e4sin kaupungille ihmettelem\u00e4\u00e4n valoinstallaatioita. Min\u00e4 ja l\u00e4himm\u00e4t 127 396 kaveriani. Toisaalta hyv\u00e4 ja hienoa, ett\u00e4 tilaisuus kiinnostaa. Ja toisaalta ei, koska kun porukkaa on paljon liikkeell\u00e4, on paljon porukkaa liikkeell\u00e4.<\/p>\n<p><a href=\"http:\/\/www.remonen.fi\/WP\/wp-content\/uploads\/2017\/01\/LuxHelsinki_2017-2.jpg\"><img loading=\"lazy\" decoding=\"async\" class=\"aligncenter wp-image-8258\" title=\"Aperture: &#402;\/5 | Credit: Matti Remonen | Camera: NIKON D810 | Taken: 8 tammikuun, 2017 | Copyright: (c) Matti Remonen | Exposure bias: -4\/6EV | Flash fired: no | Focal length: 48mm | ISO: 640 | Keywords: Lux Helsinki 2017, Tapahtumat | Shutter speed: 1\/8s | \" src=\"http:\/\/www.remonen.fi\/WP\/wp-content\/uploads\/2017\/01\/LuxHelsinki_2017-2.jpg\" alt=\"Lux Helsinki 2017\" width=\"880\" height=\"587\" srcset=\"https:\/\/www.remonen.fi\/WP\/wp-content\/uploads\/2017\/01\/LuxHelsinki_2017-2.jpg 1280w, https:\/\/www.remonen.fi\/WP\/wp-content\/uploads\/2017\/01\/LuxHelsinki_2017-2-300x200.jpg 300w, https:\/\/www.remonen.fi\/WP\/wp-content\/uploads\/2017\/01\/LuxHelsinki_2017-2-680x454.jpg 680w, https:\/\/www.remonen.fi\/WP\/wp-content\/uploads\/2017\/01\/LuxHelsinki_2017-2-768x512.jpg 768w, https:\/\/www.remonen.fi\/WP\/wp-content\/uploads\/2017\/01\/LuxHelsinki_2017-2-1024x683.jpg 1024w, https:\/\/www.remonen.fi\/WP\/wp-content\/uploads\/2017\/01\/LuxHelsinki_2017-2-440x294.jpg 440w, https:\/\/www.remonen.fi\/WP\/wp-content\/uploads\/2017\/01\/LuxHelsinki_2017-2-960x641.jpg 960w\" sizes=\"(max-width: 880px) 100vw, 880px\" \/><\/a><\/p>\n<p>Mutta mahtuihan tuonne sekaan, varsinkin kun oli paikalla heti siin\u00e4 viiden pintaan. Tapahtumahan oli taas varsin hyvin j\u00e4rjestetty ja t\u00e4ll\u00e4 kertaa se sijoittui Senaatintorin ja Stora Enson v\u00e4liseen maastoon. Edellisen\u00e4 vuonnahan seikkailtiin Ruttopuiston maisemissa ja sit\u00e4 ennen taisi olla vuorossa T\u00f6\u00f6l\u00f6nlahti. Ihan hyv\u00e4, ett\u00e4 paikat ja kohteet vaihtuvat vuodesta toiseen.<\/p>\n<p><a href=\"http:\/\/www.remonen.fi\/WP\/wp-content\/uploads\/2017\/01\/LuxHelsinki_2017-5.jpg\"><img loading=\"lazy\" decoding=\"async\" class=\"aligncenter wp-image-8255\" title=\"Aperture: &#402;\/2.8 | Credit: Matti Remonen | Camera: NIKON D810 | Taken: 8 tammikuun, 2017 | Copyright: (c) Matti Remonen | Exposure bias: -4\/6EV | Flash fired: no | Focal length: 36mm | ISO: 1100 | Keywords: Lux Helsinki 2017, Tapahtumat | Shutter speed: 1\/80s | \" src=\"http:\/\/www.remonen.fi\/WP\/wp-content\/uploads\/2017\/01\/LuxHelsinki_2017-5.jpg\" alt=\"Lux Helsinki 2017\" width=\"880\" height=\"587\" srcset=\"https:\/\/www.remonen.fi\/WP\/wp-content\/uploads\/2017\/01\/LuxHelsinki_2017-5.jpg 1280w, https:\/\/www.remonen.fi\/WP\/wp-content\/uploads\/2017\/01\/LuxHelsinki_2017-5-300x200.jpg 300w, https:\/\/www.remonen.fi\/WP\/wp-content\/uploads\/2017\/01\/LuxHelsinki_2017-5-680x454.jpg 680w, https:\/\/www.remonen.fi\/WP\/wp-content\/uploads\/2017\/01\/LuxHelsinki_2017-5-768x512.jpg 768w, https:\/\/www.remonen.fi\/WP\/wp-content\/uploads\/2017\/01\/LuxHelsinki_2017-5-1024x683.jpg 1024w, https:\/\/www.remonen.fi\/WP\/wp-content\/uploads\/2017\/01\/LuxHelsinki_2017-5-440x294.jpg 440w, https:\/\/www.remonen.fi\/WP\/wp-content\/uploads\/2017\/01\/LuxHelsinki_2017-5-960x641.jpg 960w\" sizes=\"(max-width: 880px) 100vw, 880px\" \/><\/a><\/p>\n<p>Nyt oli lis\u00e4n\u00e4 my\u00f6s Food Garden-tyyppist\u00e4 toimintaa. Kauppatorilla oli ruokarekkoja ja Senaatintorilla viel\u00e4 Tuomaanmarkkinoiden j\u00e4ljilt\u00e4 anniskelualue. My\u00f6s l\u00e4hiseudun ravintoloissa oli Lux-menu saatavilla. Ihan hyv\u00e4\u00e4 positiivista p\u00f6hin\u00e4\u00e4. Kuka sellaista kaipaa. Itsell\u00e4 nyt nuo kuitenkin meniv\u00e4t v\u00e4h\u00e4n ohi, vaikka kaihoten katsoinkin grillimakkarakojua Kauppatorilla. Siis grillimakkara keskell\u00e4 Helsinki\u00e4 2 EUR&#8230; ei voi olla totta. Halvempaa kuin Vermossa, vaikka siell\u00e4 raaka-aine on ihan k\u00e4den ulottuvilla.<\/p>\n<p><a href=\"http:\/\/www.remonen.fi\/WP\/wp-content\/uploads\/2017\/01\/LuxHelsinki_2017-6.jpg\"><img loading=\"lazy\" decoding=\"async\" class=\"aligncenter wp-image-8254\" title=\"Aperture: &#402;\/2.8 | Credit: Matti Remonen | Camera: NIKON D810 | Taken: 8 tammikuun, 2017 | Copyright: (c) Matti Remonen | Exposure bias: -4\/6EV | Flash fired: no | Focal length: 70mm | ISO: 250 | Keywords: Lux Helsinki 2017, Tapahtumat | Shutter speed: 1\/160s | \" src=\"http:\/\/www.remonen.fi\/WP\/wp-content\/uploads\/2017\/01\/LuxHelsinki_2017-6.jpg\" alt=\"Lux Helsinki 2017\" width=\"587\" height=\"880\" srcset=\"https:\/\/www.remonen.fi\/WP\/wp-content\/uploads\/2017\/01\/LuxHelsinki_2017-6.jpg 854w, https:\/\/www.remonen.fi\/WP\/wp-content\/uploads\/2017\/01\/LuxHelsinki_2017-6-200x300.jpg 200w, https:\/\/www.remonen.fi\/WP\/wp-content\/uploads\/2017\/01\/LuxHelsinki_2017-6-454x680.jpg 454w, https:\/\/www.remonen.fi\/WP\/wp-content\/uploads\/2017\/01\/LuxHelsinki_2017-6-768x1151.jpg 768w, https:\/\/www.remonen.fi\/WP\/wp-content\/uploads\/2017\/01\/LuxHelsinki_2017-6-683x1024.jpg 683w, https:\/\/www.remonen.fi\/WP\/wp-content\/uploads\/2017\/01\/LuxHelsinki_2017-6-440x659.jpg 440w, https:\/\/www.remonen.fi\/WP\/wp-content\/uploads\/2017\/01\/LuxHelsinki_2017-6-300x450.jpg 300w\" sizes=\"(max-width: 587px) 100vw, 587px\" \/><\/a><\/p>\n<p>Mutta joo, ihan aikaisempien vuosien kaltaiseen suu auki ihmettely-fiilikseen en saanut itse\u00e4ni lietsottua. Enemm\u00e4n oli sellainen &#8221;meh&#8221;-fiilis, mutta vika ei ollut tapahtumassa, vaan minussa. &#8221;Kutsetintalon&#8221; valoshow oli n\u00e4ytt\u00e4v\u00e4 ja siin\u00e4 oli varsin oivasti hy\u00f6dynnetty talon graafista ilmett\u00e4. Samoin Senaatintorin interaktiiviset installaatiot olivat varsin hauskoja ja osallistivat paikalla olevia ihmisi\u00e4.<\/p>\n<p><a href=\"http:\/\/www.remonen.fi\/WP\/wp-content\/uploads\/2017\/01\/LuxHelsinki_2017-9.jpg\"><img loading=\"lazy\" decoding=\"async\" class=\"aligncenter wp-image-8251\" title=\"Aperture: &#402;\/2.8 | Credit: Matti Remonen | Camera: NIKON D810 | Taken: 8 tammikuun, 2017 | Copyright: (c) Matti Remonen | Exposure bias: -4\/6EV | Flash fired: no | Focal length: 48mm | ISO: 8000 | Keywords: Lux Helsinki 2017, Tapahtumat | Shutter speed: 1\/60s | \" src=\"http:\/\/www.remonen.fi\/WP\/wp-content\/uploads\/2017\/01\/LuxHelsinki_2017-9.jpg\" alt=\"Lux Helsinki 2017\" width=\"587\" height=\"880\" srcset=\"https:\/\/www.remonen.fi\/WP\/wp-content\/uploads\/2017\/01\/LuxHelsinki_2017-9.jpg 854w, https:\/\/www.remonen.fi\/WP\/wp-content\/uploads\/2017\/01\/LuxHelsinki_2017-9-200x300.jpg 200w, https:\/\/www.remonen.fi\/WP\/wp-content\/uploads\/2017\/01\/LuxHelsinki_2017-9-454x680.jpg 454w, https:\/\/www.remonen.fi\/WP\/wp-content\/uploads\/2017\/01\/LuxHelsinki_2017-9-768x1151.jpg 768w, https:\/\/www.remonen.fi\/WP\/wp-content\/uploads\/2017\/01\/LuxHelsinki_2017-9-683x1024.jpg 683w, https:\/\/www.remonen.fi\/WP\/wp-content\/uploads\/2017\/01\/LuxHelsinki_2017-9-440x659.jpg 440w, https:\/\/www.remonen.fi\/WP\/wp-content\/uploads\/2017\/01\/LuxHelsinki_2017-9-300x450.jpg 300w\" sizes=\"(max-width: 587px) 100vw, 587px\" \/><\/a><\/p>\n<p><a href=\"http:\/\/www.remonen.fi\/WP\/wp-content\/uploads\/2017\/01\/LuxHelsinki_2017-4.jpg\"><img loading=\"lazy\" decoding=\"async\" class=\"aligncenter wp-image-8256\" title=\"Aperture: &#402;\/2.8 | Credit: Matti Remonen | Camera: NIKON D810 | Taken: 8 tammikuun, 2017 | Copyright: (c) Matti Remonen | Exposure bias: -4\/6EV | Flash fired: no | Focal length: 35mm | ISO: 1800 | Keywords: Lux Helsinki 2017, Tapahtumat | Shutter speed: 1\/80s | \" src=\"http:\/\/www.remonen.fi\/WP\/wp-content\/uploads\/2017\/01\/LuxHelsinki_2017-4.jpg\" alt=\"Lux Helsinki 2017\" width=\"587\" height=\"880\" srcset=\"https:\/\/www.remonen.fi\/WP\/wp-content\/uploads\/2017\/01\/LuxHelsinki_2017-4.jpg 854w, https:\/\/www.remonen.fi\/WP\/wp-content\/uploads\/2017\/01\/LuxHelsinki_2017-4-200x300.jpg 200w, https:\/\/www.remonen.fi\/WP\/wp-content\/uploads\/2017\/01\/LuxHelsinki_2017-4-454x680.jpg 454w, https:\/\/www.remonen.fi\/WP\/wp-content\/uploads\/2017\/01\/LuxHelsinki_2017-4-768x1151.jpg 768w, https:\/\/www.remonen.fi\/WP\/wp-content\/uploads\/2017\/01\/LuxHelsinki_2017-4-683x1024.jpg 683w, https:\/\/www.remonen.fi\/WP\/wp-content\/uploads\/2017\/01\/LuxHelsinki_2017-4-440x659.jpg 440w, https:\/\/www.remonen.fi\/WP\/wp-content\/uploads\/2017\/01\/LuxHelsinki_2017-4-300x450.jpg 300w\" sizes=\"(max-width: 587px) 100vw, 587px\" \/><\/a><\/p>\n<p>Osa installaatioista oli taas sen verran poikkitaiteellisia, ett\u00e4 niist\u00e4 ei nyt oikein saanut mit\u00e4\u00e4n. Varsinkaan kameran kennolle. Videoinstallaatio voi olla hyvinkin taiteellinen, mutta ei siit\u00e4 valokuvaa saa&#8230;<\/p>\n<p><a href=\"http:\/\/www.remonen.fi\/WP\/wp-content\/uploads\/2017\/01\/LuxHelsinki_2017-7.jpg\"><img loading=\"lazy\" decoding=\"async\" class=\"aligncenter wp-image-8253\" title=\"Aperture: &#402;\/2.8 | Credit: Matti Remonen | Camera: NIKON D810 | Taken: 8 tammikuun, 2017 | Copyright: (c) Matti Remonen | Exposure bias: -4\/6EV | Flash fired: no | Focal length: 55mm | ISO: 8000 | Keywords: Lux Helsinki 2017, Tapahtumat | Shutter speed: 1\/15s | \" src=\"http:\/\/www.remonen.fi\/WP\/wp-content\/uploads\/2017\/01\/LuxHelsinki_2017-7.jpg\" alt=\"Lux Helsinki 2017\" width=\"587\" height=\"880\" srcset=\"https:\/\/www.remonen.fi\/WP\/wp-content\/uploads\/2017\/01\/LuxHelsinki_2017-7.jpg 854w, https:\/\/www.remonen.fi\/WP\/wp-content\/uploads\/2017\/01\/LuxHelsinki_2017-7-200x300.jpg 200w, https:\/\/www.remonen.fi\/WP\/wp-content\/uploads\/2017\/01\/LuxHelsinki_2017-7-454x680.jpg 454w, https:\/\/www.remonen.fi\/WP\/wp-content\/uploads\/2017\/01\/LuxHelsinki_2017-7-768x1151.jpg 768w, https:\/\/www.remonen.fi\/WP\/wp-content\/uploads\/2017\/01\/LuxHelsinki_2017-7-683x1024.jpg 683w, https:\/\/www.remonen.fi\/WP\/wp-content\/uploads\/2017\/01\/LuxHelsinki_2017-7-440x659.jpg 440w, https:\/\/www.remonen.fi\/WP\/wp-content\/uploads\/2017\/01\/LuxHelsinki_2017-7-300x450.jpg 300w\" sizes=\"(max-width: 587px) 100vw, 587px\" \/><\/a><\/p>\n<p>Aika \u00e4kki\u00e4 tuo oli sitten kierretty. Tosin vika oli varmaan meiss\u00e4. Paluumatkalla piti sitten ottaa viel\u00e4 yksi obligatorinen ryss\u00e4nkirkkokuva.<\/p>\n<p><a href=\"http:\/\/www.remonen.fi\/WP\/wp-content\/uploads\/2017\/01\/LuxHelsinki_2017-8.jpg\"><img loading=\"lazy\" decoding=\"async\" class=\"aligncenter wp-image-8252\" title=\"Aperture: &#402;\/4.5 | Credit: Matti Remonen | Camera: NIKON D810 | Taken: 8 tammikuun, 2017 | Copyright: (c) Matti Remonen | Exposure bias: -4\/6EV | Flash fired: no | Focal length: 62mm | ISO: 8000 | Keywords: Lux Helsinki 2017, Tapahtumat | Shutter speed: 1\/15s | \" src=\"http:\/\/www.remonen.fi\/WP\/wp-content\/uploads\/2017\/01\/LuxHelsinki_2017-8.jpg\" alt=\"Lux Helsinki 2017\" width=\"587\" height=\"880\" srcset=\"https:\/\/www.remonen.fi\/WP\/wp-content\/uploads\/2017\/01\/LuxHelsinki_2017-8.jpg 854w, https:\/\/www.remonen.fi\/WP\/wp-content\/uploads\/2017\/01\/LuxHelsinki_2017-8-200x300.jpg 200w, https:\/\/www.remonen.fi\/WP\/wp-content\/uploads\/2017\/01\/LuxHelsinki_2017-8-454x680.jpg 454w, https:\/\/www.remonen.fi\/WP\/wp-content\/uploads\/2017\/01\/LuxHelsinki_2017-8-768x1151.jpg 768w, https:\/\/www.remonen.fi\/WP\/wp-content\/uploads\/2017\/01\/LuxHelsinki_2017-8-683x1024.jpg 683w, https:\/\/www.remonen.fi\/WP\/wp-content\/uploads\/2017\/01\/LuxHelsinki_2017-8-440x659.jpg 440w, https:\/\/www.remonen.fi\/WP\/wp-content\/uploads\/2017\/01\/LuxHelsinki_2017-8-300x450.jpg 300w\" sizes=\"(max-width: 587px) 100vw, 587px\" \/><\/a><\/p>\n<p>Ja hurlumhei&#8230;<\/p>\n<p><a href=\"http:\/\/www.remonen.fi\/WP\/wp-content\/uploads\/2017\/01\/LuxHelsinki_2017-1.jpg\"><img loading=\"lazy\" decoding=\"async\" class=\"aligncenter wp-image-8250\" title=\"Aperture: &#402;\/2.8 | Credit: Matti Remonen | Camera: NIKON D810 | Taken: 8 tammikuun, 2017 | Copyright: (c) Matti Remonen | Flash fired: no | Focal length: 27mm | ISO: 4500 | Keywords: Lux Helsinki 2017, Tapahtumat | Shutter speed: 1\/60s | \" src=\"http:\/\/www.remonen.fi\/WP\/wp-content\/uploads\/2017\/01\/LuxHelsinki_2017-1.jpg\" alt=\"100 vuotta valoa\" width=\"880\" height=\"587\" srcset=\"https:\/\/www.remonen.fi\/WP\/wp-content\/uploads\/2017\/01\/LuxHelsinki_2017-1.jpg 1280w, https:\/\/www.remonen.fi\/WP\/wp-content\/uploads\/2017\/01\/LuxHelsinki_2017-1-300x200.jpg 300w, https:\/\/www.remonen.fi\/WP\/wp-content\/uploads\/2017\/01\/LuxHelsinki_2017-1-680x454.jpg 680w, https:\/\/www.remonen.fi\/WP\/wp-content\/uploads\/2017\/01\/LuxHelsinki_2017-1-768x512.jpg 768w, https:\/\/www.remonen.fi\/WP\/wp-content\/uploads\/2017\/01\/LuxHelsinki_2017-1-1024x683.jpg 1024w, https:\/\/www.remonen.fi\/WP\/wp-content\/uploads\/2017\/01\/LuxHelsinki_2017-1-440x294.jpg 440w, https:\/\/www.remonen.fi\/WP\/wp-content\/uploads\/2017\/01\/LuxHelsinki_2017-1-960x641.jpg 960w\" sizes=\"(max-width: 880px) 100vw, 880px\" \/><\/a><\/p>\n<p>Luxissa valaistui Nikon D810 + Nikkor AF-S 24-70\/2.8G + Benron jalustin<\/p>\n","protected":false},"excerpt":{"rendered":"<p>Taas talven selk\u00e4 taittunut on. Tai, no ainakin pakkaset on ohi nyt hetkeksi. Ja sopivasti kohdalle sattui my\u00f6s Lux Helsinki, tuo jokavuotinen valon ja viinin juhla. Tai valon nyt kuitenkin. Sunnuntaina oli sitten sen verran aikaa, ett\u00e4 p\u00e4\u00e4sin kaupungille ihmettelem\u00e4\u00e4n valoinstallaatioita. Min\u00e4 ja l\u00e4himm\u00e4t 127 396 kaveriani. Toisaalta hyv\u00e4 ja hienoa, ett\u00e4 tilaisuus kiinnostaa. Ja [&hellip;]<\/p>\n","protected":false},"author":2,"featured_media":8250,"comment_status":"open","ping_status":"closed","sticky":false,"template":"","format":"standard","meta":{"footnotes":""},"categories":[16],"tags":[121],"yoast_head":"<!-- This site is optimized with the Yoast SEO plugin v24.5 - https:\/\/yoast.com\/wordpress\/plugins\/seo\/ -->\n<title>100 vuotta valoa &#187; remonen.fi<\/title>\n<meta name=\"description\" content=\"100 vuotta valoa. Suomen satavuotisjuhlallisuuksia jatkaa hienosti Lux Helsinki 2017 tapahtuma, pitih\u00e4n siell\u00e4kin k\u00e4yd\u00e4 ihmettelem\u00e4ss\u00e4 kameran kanssa.\" \/>\n<meta name=\"robots\" content=\"index, follow, max-snippet:-1, max-image-preview:large, max-video-preview:-1\" \/>\n<link rel=\"canonical\" href=\"https:\/\/www.remonen.fi\/WP\/blogi\/lux-2017\/\" \/>\n<meta property=\"og:locale\" content=\"fi_FI\" \/>\n<meta property=\"og:type\" content=\"article\" \/>\n<meta property=\"og:title\" content=\"100 vuotta valoa &#187; remonen.fi\" \/>\n<meta property=\"og:description\" content=\"100 vuotta valoa. Suomen satavuotisjuhlallisuuksia jatkaa hienosti Lux Helsinki 2017 tapahtuma, pitih\u00e4n siell\u00e4kin k\u00e4yd\u00e4 ihmettelem\u00e4ss\u00e4 kameran kanssa.\" \/>\n<meta property=\"og:url\" content=\"https:\/\/www.remonen.fi\/WP\/blogi\/lux-2017\/\" \/>\n<meta property=\"og:site_name\" content=\"remonen.fi\" \/>\n<meta property=\"article:published_time\" content=\"2017-01-10T15:37:59+00:00\" \/>\n<meta property=\"og:image\" content=\"https:\/\/www.remonen.fi\/WP\/wp-content\/uploads\/2017\/01\/LuxHelsinki_2017-1.jpg\" \/>\n\t<meta property=\"og:image:width\" content=\"1280\" \/>\n\t<meta property=\"og:image:height\" content=\"854\" \/>\n\t<meta property=\"og:image:type\" content=\"image\/jpeg\" \/>\n<meta name=\"author\" content=\"Matti Remonen\" \/>\n<meta name=\"twitter:label1\" content=\"Kirjoittanut\" \/>\n\t<meta name=\"twitter:data1\" content=\"Matti Remonen\" \/>\n\t<meta name=\"twitter:label2\" content=\"Arvioitu lukuaika\" \/>\n\t<meta name=\"twitter:data2\" content=\"2 minuuttia\" \/>\n<script type=\"application\/ld+json\" class=\"yoast-schema-graph\">{\"@context\":\"https:\/\/schema.org\",\"@graph\":[{\"@type\":\"Article\",\"@id\":\"https:\/\/www.remonen.fi\/WP\/blogi\/lux-2017\/#article\",\"isPartOf\":{\"@id\":\"https:\/\/www.remonen.fi\/WP\/blogi\/lux-2017\/\"},\"author\":{\"name\":\"Matti Remonen\",\"@id\":\"https:\/\/www.remonen.fi\/WP\/#\/schema\/person\/1803c23d1d4f6722054eb2ac7f7a97cd\"},\"headline\":\"100 vuotta valoa\",\"datePublished\":\"2017-01-10T15:37:59+00:00\",\"mainEntityOfPage\":{\"@id\":\"https:\/\/www.remonen.fi\/WP\/blogi\/lux-2017\/\"},\"wordCount\":312,\"commentCount\":2,\"publisher\":{\"@id\":\"https:\/\/www.remonen.fi\/WP\/#\/schema\/person\/1803c23d1d4f6722054eb2ac7f7a97cd\"},\"image\":{\"@id\":\"https:\/\/www.remonen.fi\/WP\/blogi\/lux-2017\/#primaryimage\"},\"thumbnailUrl\":\"https:\/\/www.remonen.fi\/WP\/wp-content\/uploads\/2017\/01\/LuxHelsinki_2017-1.jpg\",\"keywords\":[\"LUX Helsinki\"],\"articleSection\":[\"Blog\"],\"inLanguage\":\"fi\",\"potentialAction\":[{\"@type\":\"CommentAction\",\"name\":\"Comment\",\"target\":[\"https:\/\/www.remonen.fi\/WP\/blogi\/lux-2017\/#respond\"]}]},{\"@type\":\"WebPage\",\"@id\":\"https:\/\/www.remonen.fi\/WP\/blogi\/lux-2017\/\",\"url\":\"https:\/\/www.remonen.fi\/WP\/blogi\/lux-2017\/\",\"name\":\"100 vuotta valoa &#187; remonen.fi\",\"isPartOf\":{\"@id\":\"https:\/\/www.remonen.fi\/WP\/#website\"},\"primaryImageOfPage\":{\"@id\":\"https:\/\/www.remonen.fi\/WP\/blogi\/lux-2017\/#primaryimage\"},\"image\":{\"@id\":\"https:\/\/www.remonen.fi\/WP\/blogi\/lux-2017\/#primaryimage\"},\"thumbnailUrl\":\"https:\/\/www.remonen.fi\/WP\/wp-content\/uploads\/2017\/01\/LuxHelsinki_2017-1.jpg\",\"datePublished\":\"2017-01-10T15:37:59+00:00\",\"description\":\"100 vuotta valoa. Suomen satavuotisjuhlallisuuksia jatkaa hienosti Lux Helsinki 2017 tapahtuma, pitih\u00e4n siell\u00e4kin k\u00e4yd\u00e4 ihmettelem\u00e4ss\u00e4 kameran kanssa.\",\"breadcrumb\":{\"@id\":\"https:\/\/www.remonen.fi\/WP\/blogi\/lux-2017\/#breadcrumb\"},\"inLanguage\":\"fi\",\"potentialAction\":[{\"@type\":\"ReadAction\",\"target\":[\"https:\/\/www.remonen.fi\/WP\/blogi\/lux-2017\/\"]}]},{\"@type\":\"ImageObject\",\"inLanguage\":\"fi\",\"@id\":\"https:\/\/www.remonen.fi\/WP\/blogi\/lux-2017\/#primaryimage\",\"url\":\"https:\/\/www.remonen.fi\/WP\/wp-content\/uploads\/2017\/01\/LuxHelsinki_2017-1.jpg\",\"contentUrl\":\"https:\/\/www.remonen.fi\/WP\/wp-content\/uploads\/2017\/01\/LuxHelsinki_2017-1.jpg\",\"width\":1280,\"height\":854,\"caption\":\"[exif id=\\\"8250\\\"]\"},{\"@type\":\"BreadcrumbList\",\"@id\":\"https:\/\/www.remonen.fi\/WP\/blogi\/lux-2017\/#breadcrumb\",\"itemListElement\":[{\"@type\":\"ListItem\",\"position\":1,\"name\":\"Etusivu\",\"item\":\"https:\/\/www.remonen.fi\/WP\/\"},{\"@type\":\"ListItem\",\"position\":2,\"name\":\"100 vuotta valoa\"}]},{\"@type\":\"WebSite\",\"@id\":\"https:\/\/www.remonen.fi\/WP\/#website\",\"url\":\"https:\/\/www.remonen.fi\/WP\/\",\"name\":\"remonen.fi\",\"description\":\"Valokuvia ja tarinaa laidasta laitaan\",\"publisher\":{\"@id\":\"https:\/\/www.remonen.fi\/WP\/#\/schema\/person\/1803c23d1d4f6722054eb2ac7f7a97cd\"},\"potentialAction\":[{\"@type\":\"SearchAction\",\"target\":{\"@type\":\"EntryPoint\",\"urlTemplate\":\"https:\/\/www.remonen.fi\/WP\/?s={search_term_string}\"},\"query-input\":{\"@type\":\"PropertyValueSpecification\",\"valueRequired\":true,\"valueName\":\"search_term_string\"}}],\"inLanguage\":\"fi\"},{\"@type\":[\"Person\",\"Organization\"],\"@id\":\"https:\/\/www.remonen.fi\/WP\/#\/schema\/person\/1803c23d1d4f6722054eb2ac7f7a97cd\",\"name\":\"Matti Remonen\",\"logo\":{\"@id\":\"https:\/\/www.remonen.fi\/WP\/#\/schema\/person\/image\/\"},\"url\":\"https:\/\/www.remonen.fi\/WP\/blogi\/author\/mre\/\"}]}<\/script>\n<!-- \/ Yoast SEO plugin. -->","yoast_head_json":{"title":"100 vuotta valoa &#187; remonen.fi","description":"100 vuotta valoa. Suomen satavuotisjuhlallisuuksia jatkaa hienosti Lux Helsinki 2017 tapahtuma, pitih\u00e4n siell\u00e4kin k\u00e4yd\u00e4 ihmettelem\u00e4ss\u00e4 kameran kanssa.","robots":{"index":"index","follow":"follow","max-snippet":"max-snippet:-1","max-image-preview":"max-image-preview:large","max-video-preview":"max-video-preview:-1"},"canonical":"https:\/\/www.remonen.fi\/WP\/blogi\/lux-2017\/","og_locale":"fi_FI","og_type":"article","og_title":"100 vuotta valoa &#187; remonen.fi","og_description":"100 vuotta valoa. Suomen satavuotisjuhlallisuuksia jatkaa hienosti Lux Helsinki 2017 tapahtuma, pitih\u00e4n siell\u00e4kin k\u00e4yd\u00e4 ihmettelem\u00e4ss\u00e4 kameran kanssa.","og_url":"https:\/\/www.remonen.fi\/WP\/blogi\/lux-2017\/","og_site_name":"remonen.fi","article_published_time":"2017-01-10T15:37:59+00:00","og_image":[{"width":1280,"height":854,"url":"https:\/\/www.remonen.fi\/WP\/wp-content\/uploads\/2017\/01\/LuxHelsinki_2017-1.jpg","type":"image\/jpeg"}],"author":"Matti Remonen","twitter_misc":{"Kirjoittanut":"Matti Remonen","Arvioitu lukuaika":"2 minuuttia"},"schema":{"@context":"https:\/\/schema.org","@graph":[{"@type":"Article","@id":"https:\/\/www.remonen.fi\/WP\/blogi\/lux-2017\/#article","isPartOf":{"@id":"https:\/\/www.remonen.fi\/WP\/blogi\/lux-2017\/"},"author":{"name":"Matti Remonen","@id":"https:\/\/www.remonen.fi\/WP\/#\/schema\/person\/1803c23d1d4f6722054eb2ac7f7a97cd"},"headline":"100 vuotta valoa","datePublished":"2017-01-10T15:37:59+00:00","mainEntityOfPage":{"@id":"https:\/\/www.remonen.fi\/WP\/blogi\/lux-2017\/"},"wordCount":312,"commentCount":2,"publisher":{"@id":"https:\/\/www.remonen.fi\/WP\/#\/schema\/person\/1803c23d1d4f6722054eb2ac7f7a97cd"},"image":{"@id":"https:\/\/www.remonen.fi\/WP\/blogi\/lux-2017\/#primaryimage"},"thumbnailUrl":"https:\/\/www.remonen.fi\/WP\/wp-content\/uploads\/2017\/01\/LuxHelsinki_2017-1.jpg","keywords":["LUX Helsinki"],"articleSection":["Blog"],"inLanguage":"fi","potentialAction":[{"@type":"CommentAction","name":"Comment","target":["https:\/\/www.remonen.fi\/WP\/blogi\/lux-2017\/#respond"]}]},{"@type":"WebPage","@id":"https:\/\/www.remonen.fi\/WP\/blogi\/lux-2017\/","url":"https:\/\/www.remonen.fi\/WP\/blogi\/lux-2017\/","name":"100 vuotta valoa &#187; remonen.fi","isPartOf":{"@id":"https:\/\/www.remonen.fi\/WP\/#website"},"primaryImageOfPage":{"@id":"https:\/\/www.remonen.fi\/WP\/blogi\/lux-2017\/#primaryimage"},"image":{"@id":"https:\/\/www.remonen.fi\/WP\/blogi\/lux-2017\/#primaryimage"},"thumbnailUrl":"https:\/\/www.remonen.fi\/WP\/wp-content\/uploads\/2017\/01\/LuxHelsinki_2017-1.jpg","datePublished":"2017-01-10T15:37:59+00:00","description":"100 vuotta valoa. Suomen satavuotisjuhlallisuuksia jatkaa hienosti Lux Helsinki 2017 tapahtuma, pitih\u00e4n siell\u00e4kin k\u00e4yd\u00e4 ihmettelem\u00e4ss\u00e4 kameran kanssa.","breadcrumb":{"@id":"https:\/\/www.remonen.fi\/WP\/blogi\/lux-2017\/#breadcrumb"},"inLanguage":"fi","potentialAction":[{"@type":"ReadAction","target":["https:\/\/www.remonen.fi\/WP\/blogi\/lux-2017\/"]}]},{"@type":"ImageObject","inLanguage":"fi","@id":"https:\/\/www.remonen.fi\/WP\/blogi\/lux-2017\/#primaryimage","url":"https:\/\/www.remonen.fi\/WP\/wp-content\/uploads\/2017\/01\/LuxHelsinki_2017-1.jpg","contentUrl":"https:\/\/www.remonen.fi\/WP\/wp-content\/uploads\/2017\/01\/LuxHelsinki_2017-1.jpg","width":1280,"height":854,"caption":"[exif id=\"8250\"]"},{"@type":"BreadcrumbList","@id":"https:\/\/www.remonen.fi\/WP\/blogi\/lux-2017\/#breadcrumb","itemListElement":[{"@type":"ListItem","position":1,"name":"Etusivu","item":"https:\/\/www.remonen.fi\/WP\/"},{"@type":"ListItem","position":2,"name":"100 vuotta valoa"}]},{"@type":"WebSite","@id":"https:\/\/www.remonen.fi\/WP\/#website","url":"https:\/\/www.remonen.fi\/WP\/","name":"remonen.fi","description":"Valokuvia ja tarinaa laidasta laitaan","publisher":{"@id":"https:\/\/www.remonen.fi\/WP\/#\/schema\/person\/1803c23d1d4f6722054eb2ac7f7a97cd"},"potentialAction":[{"@type":"SearchAction","target":{"@type":"EntryPoint","urlTemplate":"https:\/\/www.remonen.fi\/WP\/?s={search_term_string}"},"query-input":{"@type":"PropertyValueSpecification","valueRequired":true,"valueName":"search_term_string"}}],"inLanguage":"fi"},{"@type":["Person","Organization"],"@id":"https:\/\/www.remonen.fi\/WP\/#\/schema\/person\/1803c23d1d4f6722054eb2ac7f7a97cd","name":"Matti Remonen","logo":{"@id":"https:\/\/www.remonen.fi\/WP\/#\/schema\/person\/image\/"},"url":"https:\/\/www.remonen.fi\/WP\/blogi\/author\/mre\/"}]}},"_links":{"self":[{"href":"https:\/\/www.remonen.fi\/WP\/wp-json\/wp\/v2\/posts\/8249"}],"collection":[{"href":"https:\/\/www.remonen.fi\/WP\/wp-json\/wp\/v2\/posts"}],"about":[{"href":"https:\/\/www.remonen.fi\/WP\/wp-json\/wp\/v2\/types\/post"}],"author":[{"embeddable":true,"href":"https:\/\/www.remonen.fi\/WP\/wp-json\/wp\/v2\/users\/2"}],"replies":[{"embeddable":true,"href":"https:\/\/www.remonen.fi\/WP\/wp-json\/wp\/v2\/comments?post=8249"}],"version-history":[{"count":0,"href":"https:\/\/www.remonen.fi\/WP\/wp-json\/wp\/v2\/posts\/8249\/revisions"}],"wp:featuredmedia":[{"embeddable":true,"href":"https:\/\/www.remonen.fi\/WP\/wp-json\/wp\/v2\/media\/8250"}],"wp:attachment":[{"href":"https:\/\/www.remonen.fi\/WP\/wp-json\/wp\/v2\/media?parent=8249"}],"wp:term":[{"taxonomy":"category","embeddable":true,"href":"https:\/\/www.remonen.fi\/WP\/wp-json\/wp\/v2\/categories?post=8249"},{"taxonomy":"post_tag","embeddable":true,"href":"https:\/\/www.remonen.fi\/WP\/wp-json\/wp\/v2\/tags?post=8249"}],"curies":[{"name":"wp","href":"https:\/\/api.w.org\/{rel}","templated":true}]}}