{"id":8269,"date":"2017-01-23T11:35:39","date_gmt":"2017-01-23T09:35:39","guid":{"rendered":"http:\/\/www.remonen.fi\/?p=8269"},"modified":"2017-01-23T11:35:39","modified_gmt":"2017-01-23T09:35:39","slug":"opin-sauna","status":"publish","type":"post","link":"https:\/\/www.remonen.fi\/WP\/blogi\/opin-sauna\/","title":{"rendered":"Opin sauna"},"content":{"rendered":"<p>Lienee autuas aina. Ja mik\u00e4s saunassa voisi vikana olla? Joten t\u00e4t\u00e4 ohjenuorana pit\u00e4en tuossa syksyll\u00e4 laitoin hakemuksen vet\u00e4m\u00e4\u00e4n Ty\u00f6v\u00e4en Sivistysliiton valokuvauslinjalle. Aikanaan sitten joulukuussa sielt\u00e4 tulikin ilmoitus, ett\u00e4 minut oli hyv\u00e4ksytty ja koulu alkaisi tammikuun 18 p\u00e4iv\u00e4. Innokkaita valouvauksen harrastajia oli hakenut niin paljon, ett\u00e4 meit\u00e4 aloitti nyt kaksi kurssia yht\u00e4aikaa, molemmissa 12 oppilasta. Meid\u00e4n ryhm\u00e4ll\u00e4 opetusta on keskiviikkoisin ja torstaisin.<\/p>\n<p><a href=\"http:\/\/www.remonen.fi\/WP\/wp-content\/uploads\/2017\/01\/opin_sauna-1.jpg\"><img loading=\"lazy\" decoding=\"async\" class=\"aligncenter wp-image-8272\" title=\"Aperture: &#402;\/5.6 | Credit: Matti Remonen | Camera: NIKON D810 | Taken: 19 tammikuun, 2017 | Copyright: (c) Matti Remonen | Flash fired: no | Focal length: 56mm | ISO: 8000 | Shutter speed: 1\/40s | \" src=\"http:\/\/www.remonen.fi\/WP\/wp-content\/uploads\/2017\/01\/opin_sauna-1.jpg\" alt=\"Ty\u00f6v\u00e4en sivistysliitto - valokuvalinja 2017\" width=\"587\" height=\"880\" srcset=\"https:\/\/www.remonen.fi\/WP\/wp-content\/uploads\/2017\/01\/opin_sauna-1.jpg 854w, https:\/\/www.remonen.fi\/WP\/wp-content\/uploads\/2017\/01\/opin_sauna-1-200x300.jpg 200w, https:\/\/www.remonen.fi\/WP\/wp-content\/uploads\/2017\/01\/opin_sauna-1-454x680.jpg 454w, https:\/\/www.remonen.fi\/WP\/wp-content\/uploads\/2017\/01\/opin_sauna-1-768x1151.jpg 768w, https:\/\/www.remonen.fi\/WP\/wp-content\/uploads\/2017\/01\/opin_sauna-1-683x1024.jpg 683w, https:\/\/www.remonen.fi\/WP\/wp-content\/uploads\/2017\/01\/opin_sauna-1-440x659.jpg 440w, https:\/\/www.remonen.fi\/WP\/wp-content\/uploads\/2017\/01\/opin_sauna-1-300x450.jpg 300w\" sizes=\"(max-width: 587px) 100vw, 587px\" \/><\/a><\/p>\n<p><a href=\"http:\/\/www.remonen.fi\/WP\/wp-content\/uploads\/2017\/01\/opin_sauna-6.jpg\"><img loading=\"lazy\" decoding=\"async\" class=\"aligncenter wp-image-8273\" title=\"\" src=\"http:\/\/www.remonen.fi\/WP\/wp-content\/uploads\/2017\/01\/opin_sauna-6.jpg\" alt=\"Ty\u00f6v\u00e4en sivistysliitto - valokuvalinja 2017\" width=\"587\" height=\"880\" srcset=\"https:\/\/www.remonen.fi\/WP\/wp-content\/uploads\/2017\/01\/opin_sauna-6.jpg 854w, https:\/\/www.remonen.fi\/WP\/wp-content\/uploads\/2017\/01\/opin_sauna-6-200x300.jpg 200w, https:\/\/www.remonen.fi\/WP\/wp-content\/uploads\/2017\/01\/opin_sauna-6-454x680.jpg 454w, https:\/\/www.remonen.fi\/WP\/wp-content\/uploads\/2017\/01\/opin_sauna-6-768x1151.jpg 768w, https:\/\/www.remonen.fi\/WP\/wp-content\/uploads\/2017\/01\/opin_sauna-6-683x1024.jpg 683w, https:\/\/www.remonen.fi\/WP\/wp-content\/uploads\/2017\/01\/opin_sauna-6-440x659.jpg 440w, https:\/\/www.remonen.fi\/WP\/wp-content\/uploads\/2017\/01\/opin_sauna-6-300x450.jpg 300w\" sizes=\"(max-width: 587px) 100vw, 587px\" \/><\/a><\/p>\n<p>Olen nyt k\u00e4ynyt vasta kahdella tunnilla ja ollaan menossa kansakouluvaiheessa, eli perusteista aloitetaan. Mik\u00e4 sin\u00e4ns\u00e4 on hyv\u00e4, koska se saa kaikki enemm\u00e4n tai v\u00e4hemm\u00e4n samalle viivalle ja kertaushan on oppintojen \u00e4iti. Repetitio est Mater Studiorum, kuten Asterixista olemme saaneet oppia.<\/p>\n<p><a href=\"http:\/\/www.remonen.fi\/WP\/wp-content\/uploads\/2017\/01\/opin_sauna-5.jpg\"><img loading=\"lazy\" decoding=\"async\" class=\"aligncenter wp-image-8274\" title=\"\" src=\"http:\/\/www.remonen.fi\/WP\/wp-content\/uploads\/2017\/01\/opin_sauna-5.jpg\" alt=\"Ty\u00f6v\u00e4en sivistysliitto - valokuvalinja 2017\" width=\"587\" height=\"880\" srcset=\"https:\/\/www.remonen.fi\/WP\/wp-content\/uploads\/2017\/01\/opin_sauna-5.jpg 854w, https:\/\/www.remonen.fi\/WP\/wp-content\/uploads\/2017\/01\/opin_sauna-5-200x300.jpg 200w, https:\/\/www.remonen.fi\/WP\/wp-content\/uploads\/2017\/01\/opin_sauna-5-454x680.jpg 454w, https:\/\/www.remonen.fi\/WP\/wp-content\/uploads\/2017\/01\/opin_sauna-5-768x1151.jpg 768w, https:\/\/www.remonen.fi\/WP\/wp-content\/uploads\/2017\/01\/opin_sauna-5-683x1024.jpg 683w, https:\/\/www.remonen.fi\/WP\/wp-content\/uploads\/2017\/01\/opin_sauna-5-440x659.jpg 440w, https:\/\/www.remonen.fi\/WP\/wp-content\/uploads\/2017\/01\/opin_sauna-5-300x450.jpg 300w\" sizes=\"(max-width: 587px) 100vw, 587px\" \/><\/a><\/p>\n<p>Ensimm\u00e4isell\u00e4 kerralla meill\u00e4 oli l\u00e4hinn\u00e4 opetusohjelman l\u00e4pik\u00e4ynti\u00e4 ja esitt\u00e4ytymist\u00e4. Toisella kerralla sitten p\u00e4\u00e4stiin jo kuvaamaankin. Teht\u00e4v\u00e4n\u00e4 oli tutkia aukko-aika-herkkyyskolmiota, aukon vaikutusta syvyyster\u00e4vyyteen ja suljinajan vaikutusta liikeeseen. Eih\u00e4n n\u00e4iss\u00e4 mit\u00e4\u00e4n, hyvi\u00e4 perusharjoitteita. En vain ollut valmistautunut ulkona kuvaamiseen, joten minulla tuli armottoman kylm\u00e4 ja palasinkin melko nopeasti sis\u00e4lle l\u00e4mpim\u00e4\u00e4n.<\/p>\n<p><a href=\"http:\/\/www.remonen.fi\/WP\/wp-content\/uploads\/2017\/01\/opin_sauna-2.jpg\"><img loading=\"lazy\" decoding=\"async\" class=\"aligncenter wp-image-8277\" title=\"\" src=\"http:\/\/www.remonen.fi\/WP\/wp-content\/uploads\/2017\/01\/opin_sauna-2.jpg\" alt=\"Ty\u00f6v\u00e4en sivistysliitto - valokuvalinja 2017\" width=\"880\" height=\"587\" srcset=\"https:\/\/www.remonen.fi\/WP\/wp-content\/uploads\/2017\/01\/opin_sauna-2.jpg 1280w, https:\/\/www.remonen.fi\/WP\/wp-content\/uploads\/2017\/01\/opin_sauna-2-300x200.jpg 300w, https:\/\/www.remonen.fi\/WP\/wp-content\/uploads\/2017\/01\/opin_sauna-2-680x454.jpg 680w, https:\/\/www.remonen.fi\/WP\/wp-content\/uploads\/2017\/01\/opin_sauna-2-768x512.jpg 768w, https:\/\/www.remonen.fi\/WP\/wp-content\/uploads\/2017\/01\/opin_sauna-2-1024x683.jpg 1024w, https:\/\/www.remonen.fi\/WP\/wp-content\/uploads\/2017\/01\/opin_sauna-2-440x294.jpg 440w, https:\/\/www.remonen.fi\/WP\/wp-content\/uploads\/2017\/01\/opin_sauna-2-960x641.jpg 960w\" sizes=\"(max-width: 880px) 100vw, 880px\" \/><\/a><\/p>\n<p>Mutta eih\u00e4n kuvausmahdollisuutta kannata koskaan roskiin heitt\u00e4\u00e4, joten aikan kuluksi sitten kuvailin seini\u00e4 ja naulakkoa.<\/p>\n<p><a href=\"http:\/\/www.remonen.fi\/WP\/wp-content\/uploads\/2017\/01\/opin_sauna-4.jpg\"><img loading=\"lazy\" decoding=\"async\" class=\"aligncenter wp-image-8275\" title=\"\" src=\"http:\/\/www.remonen.fi\/WP\/wp-content\/uploads\/2017\/01\/opin_sauna-4.jpg\" alt=\"Ty\u00f6v\u00e4en sivistysliitto - valokuvalinja 2017\" width=\"880\" height=\"587\" srcset=\"https:\/\/www.remonen.fi\/WP\/wp-content\/uploads\/2017\/01\/opin_sauna-4.jpg 1280w, https:\/\/www.remonen.fi\/WP\/wp-content\/uploads\/2017\/01\/opin_sauna-4-300x200.jpg 300w, https:\/\/www.remonen.fi\/WP\/wp-content\/uploads\/2017\/01\/opin_sauna-4-680x454.jpg 680w, https:\/\/www.remonen.fi\/WP\/wp-content\/uploads\/2017\/01\/opin_sauna-4-768x512.jpg 768w, https:\/\/www.remonen.fi\/WP\/wp-content\/uploads\/2017\/01\/opin_sauna-4-1024x683.jpg 1024w, https:\/\/www.remonen.fi\/WP\/wp-content\/uploads\/2017\/01\/opin_sauna-4-440x294.jpg 440w, https:\/\/www.remonen.fi\/WP\/wp-content\/uploads\/2017\/01\/opin_sauna-4-960x641.jpg 960w\" sizes=\"(max-width: 880px) 100vw, 880px\" \/><\/a><\/p>\n<p>Seuraavaksi on sitten vuorossa Lightroomia ja sommittelua. My\u00f6hemmin salamakuvausta, valomaalausta, henkil\u00f6kuvausta ja studiota, kuvajournalismia (jota odotan suurella mielenkiinnolla). Lopuksi pit\u00e4isi viel\u00e4 saada aikaan oma projekti tyyli\u00e4 reportaasi. Juuri mun vahva alue. Reportaasi naulakosta? &#8221;Mit\u00e4s t\u00e4\u00e4ll\u00e4 roikut, kysyi naulakko takilta?&#8221; No, ehk\u00e4 t\u00e4m\u00e4 viel\u00e4 t\u00e4st\u00e4&#8230;<\/p>\n<p><a href=\"http:\/\/www.remonen.fi\/WP\/wp-content\/uploads\/2017\/01\/opin_sauna-3.jpg\"><img loading=\"lazy\" decoding=\"async\" class=\"aligncenter wp-image-8276\" title=\"\" src=\"http:\/\/www.remonen.fi\/WP\/wp-content\/uploads\/2017\/01\/opin_sauna-3.jpg\" alt=\"Ty\u00f6v\u00e4en sivistysliitto - valokuvalinja 2017\" width=\"587\" height=\"880\" srcset=\"https:\/\/www.remonen.fi\/WP\/wp-content\/uploads\/2017\/01\/opin_sauna-3.jpg 854w, https:\/\/www.remonen.fi\/WP\/wp-content\/uploads\/2017\/01\/opin_sauna-3-200x300.jpg 200w, https:\/\/www.remonen.fi\/WP\/wp-content\/uploads\/2017\/01\/opin_sauna-3-454x680.jpg 454w, https:\/\/www.remonen.fi\/WP\/wp-content\/uploads\/2017\/01\/opin_sauna-3-768x1151.jpg 768w, https:\/\/www.remonen.fi\/WP\/wp-content\/uploads\/2017\/01\/opin_sauna-3-683x1024.jpg 683w, https:\/\/www.remonen.fi\/WP\/wp-content\/uploads\/2017\/01\/opin_sauna-3-440x659.jpg 440w, https:\/\/www.remonen.fi\/WP\/wp-content\/uploads\/2017\/01\/opin_sauna-3-300x450.jpg 300w\" sizes=\"(max-width: 587px) 100vw, 587px\" \/><\/a><\/p>\n<p>Koulutiell\u00e4 asteli Nikon D810 ja Nikkor AF-S 24-70\/2.8G<\/p>\n","protected":false},"excerpt":{"rendered":"<p>Lienee autuas aina. Ja mik\u00e4s saunassa voisi vikana olla? Joten t\u00e4t\u00e4 ohjenuorana pit\u00e4en tuossa syksyll\u00e4 laitoin hakemuksen vet\u00e4m\u00e4\u00e4n Ty\u00f6v\u00e4en Sivistysliiton valokuvauslinjalle. Aikanaan sitten joulukuussa sielt\u00e4 tulikin ilmoitus, ett\u00e4 minut oli hyv\u00e4ksytty ja koulu alkaisi tammikuun 18 p\u00e4iv\u00e4. Innokkaita valouvauksen harrastajia oli hakenut niin paljon, ett\u00e4 meit\u00e4 aloitti nyt kaksi kurssia yht\u00e4aikaa, molemmissa 12 oppilasta. Meid\u00e4n [&hellip;]<\/p>\n","protected":false},"author":2,"featured_media":8277,"comment_status":"open","ping_status":"closed","sticky":false,"template":"","format":"standard","meta":{"footnotes":""},"categories":[16],"tags":[307,308],"yoast_head":"<!-- This site is optimized with the Yoast SEO plugin v24.5 - https:\/\/yoast.com\/wordpress\/plugins\/seo\/ -->\n<title>Opin sauna &#187; remonen.fi<\/title>\n<meta name=\"description\" content=\"Back to School: Ty\u00f6v\u00e4en sivistysliitto - valokuvalinja 2017. Tuommoista aloittelen nyt ja tarkoitus olisi jatkaa koko vuoden. Katsotaan mit\u00e4 siit\u00e4 seuraa.\" \/>\n<meta name=\"robots\" content=\"index, follow, max-snippet:-1, max-image-preview:large, max-video-preview:-1\" \/>\n<link rel=\"canonical\" href=\"https:\/\/www.remonen.fi\/WP\/blogi\/opin-sauna\/\" \/>\n<meta property=\"og:locale\" content=\"fi_FI\" \/>\n<meta property=\"og:type\" content=\"article\" \/>\n<meta property=\"og:title\" content=\"Opin sauna &#187; remonen.fi\" \/>\n<meta property=\"og:description\" content=\"Back to School: Ty\u00f6v\u00e4en sivistysliitto - valokuvalinja 2017. Tuommoista aloittelen nyt ja tarkoitus olisi jatkaa koko vuoden. Katsotaan mit\u00e4 siit\u00e4 seuraa.\" \/>\n<meta property=\"og:url\" content=\"https:\/\/www.remonen.fi\/WP\/blogi\/opin-sauna\/\" \/>\n<meta property=\"og:site_name\" content=\"remonen.fi\" \/>\n<meta property=\"article:published_time\" content=\"2017-01-23T09:35:39+00:00\" \/>\n<meta property=\"og:image\" content=\"https:\/\/www.remonen.fi\/WP\/wp-content\/uploads\/2017\/01\/opin_sauna-2.jpg\" \/>\n\t<meta property=\"og:image:width\" content=\"1280\" \/>\n\t<meta property=\"og:image:height\" content=\"854\" \/>\n\t<meta property=\"og:image:type\" content=\"image\/jpeg\" \/>\n<meta name=\"author\" content=\"Matti Remonen\" \/>\n<meta name=\"twitter:label1\" content=\"Kirjoittanut\" \/>\n\t<meta name=\"twitter:data1\" content=\"Matti Remonen\" \/>\n\t<meta name=\"twitter:label2\" content=\"Arvioitu lukuaika\" \/>\n\t<meta name=\"twitter:data2\" content=\"1 minuutti\" \/>\n<script type=\"application\/ld+json\" class=\"yoast-schema-graph\">{\"@context\":\"https:\/\/schema.org\",\"@graph\":[{\"@type\":\"Article\",\"@id\":\"https:\/\/www.remonen.fi\/WP\/blogi\/opin-sauna\/#article\",\"isPartOf\":{\"@id\":\"https:\/\/www.remonen.fi\/WP\/blogi\/opin-sauna\/\"},\"author\":{\"name\":\"Matti Remonen\",\"@id\":\"https:\/\/www.remonen.fi\/WP\/#\/schema\/person\/1803c23d1d4f6722054eb2ac7f7a97cd\"},\"headline\":\"Opin sauna\",\"datePublished\":\"2017-01-23T09:35:39+00:00\",\"mainEntityOfPage\":{\"@id\":\"https:\/\/www.remonen.fi\/WP\/blogi\/opin-sauna\/\"},\"wordCount\":257,\"commentCount\":0,\"publisher\":{\"@id\":\"https:\/\/www.remonen.fi\/WP\/#\/schema\/person\/1803c23d1d4f6722054eb2ac7f7a97cd\"},\"image\":{\"@id\":\"https:\/\/www.remonen.fi\/WP\/blogi\/opin-sauna\/#primaryimage\"},\"thumbnailUrl\":\"https:\/\/www.remonen.fi\/WP\/wp-content\/uploads\/2017\/01\/opin_sauna-2.jpg\",\"keywords\":[\"Ty\u00f6v\u00e4en Sivistysliitto\",\"Valokuvalinja\"],\"articleSection\":[\"Blog\"],\"inLanguage\":\"fi\",\"potentialAction\":[{\"@type\":\"CommentAction\",\"name\":\"Comment\",\"target\":[\"https:\/\/www.remonen.fi\/WP\/blogi\/opin-sauna\/#respond\"]}]},{\"@type\":\"WebPage\",\"@id\":\"https:\/\/www.remonen.fi\/WP\/blogi\/opin-sauna\/\",\"url\":\"https:\/\/www.remonen.fi\/WP\/blogi\/opin-sauna\/\",\"name\":\"Opin sauna &#187; remonen.fi\",\"isPartOf\":{\"@id\":\"https:\/\/www.remonen.fi\/WP\/#website\"},\"primaryImageOfPage\":{\"@id\":\"https:\/\/www.remonen.fi\/WP\/blogi\/opin-sauna\/#primaryimage\"},\"image\":{\"@id\":\"https:\/\/www.remonen.fi\/WP\/blogi\/opin-sauna\/#primaryimage\"},\"thumbnailUrl\":\"https:\/\/www.remonen.fi\/WP\/wp-content\/uploads\/2017\/01\/opin_sauna-2.jpg\",\"datePublished\":\"2017-01-23T09:35:39+00:00\",\"description\":\"Back to School: Ty\u00f6v\u00e4en sivistysliitto - valokuvalinja 2017. Tuommoista aloittelen nyt ja tarkoitus olisi jatkaa koko vuoden. Katsotaan mit\u00e4 siit\u00e4 seuraa.\",\"breadcrumb\":{\"@id\":\"https:\/\/www.remonen.fi\/WP\/blogi\/opin-sauna\/#breadcrumb\"},\"inLanguage\":\"fi\",\"potentialAction\":[{\"@type\":\"ReadAction\",\"target\":[\"https:\/\/www.remonen.fi\/WP\/blogi\/opin-sauna\/\"]}]},{\"@type\":\"ImageObject\",\"inLanguage\":\"fi\",\"@id\":\"https:\/\/www.remonen.fi\/WP\/blogi\/opin-sauna\/#primaryimage\",\"url\":\"https:\/\/www.remonen.fi\/WP\/wp-content\/uploads\/2017\/01\/opin_sauna-2.jpg\",\"contentUrl\":\"https:\/\/www.remonen.fi\/WP\/wp-content\/uploads\/2017\/01\/opin_sauna-2.jpg\",\"width\":1280,\"height\":854,\"caption\":\"[exif id=\\\"8277\\\"]\"},{\"@type\":\"BreadcrumbList\",\"@id\":\"https:\/\/www.remonen.fi\/WP\/blogi\/opin-sauna\/#breadcrumb\",\"itemListElement\":[{\"@type\":\"ListItem\",\"position\":1,\"name\":\"Etusivu\",\"item\":\"https:\/\/www.remonen.fi\/WP\/\"},{\"@type\":\"ListItem\",\"position\":2,\"name\":\"Opin sauna\"}]},{\"@type\":\"WebSite\",\"@id\":\"https:\/\/www.remonen.fi\/WP\/#website\",\"url\":\"https:\/\/www.remonen.fi\/WP\/\",\"name\":\"remonen.fi\",\"description\":\"Valokuvia ja tarinaa laidasta laitaan\",\"publisher\":{\"@id\":\"https:\/\/www.remonen.fi\/WP\/#\/schema\/person\/1803c23d1d4f6722054eb2ac7f7a97cd\"},\"potentialAction\":[{\"@type\":\"SearchAction\",\"target\":{\"@type\":\"EntryPoint\",\"urlTemplate\":\"https:\/\/www.remonen.fi\/WP\/?s={search_term_string}\"},\"query-input\":{\"@type\":\"PropertyValueSpecification\",\"valueRequired\":true,\"valueName\":\"search_term_string\"}}],\"inLanguage\":\"fi\"},{\"@type\":[\"Person\",\"Organization\"],\"@id\":\"https:\/\/www.remonen.fi\/WP\/#\/schema\/person\/1803c23d1d4f6722054eb2ac7f7a97cd\",\"name\":\"Matti Remonen\",\"logo\":{\"@id\":\"https:\/\/www.remonen.fi\/WP\/#\/schema\/person\/image\/\"},\"url\":\"https:\/\/www.remonen.fi\/WP\/blogi\/author\/mre\/\"}]}<\/script>\n<!-- \/ Yoast SEO plugin. -->","yoast_head_json":{"title":"Opin sauna &#187; remonen.fi","description":"Back to School: Ty\u00f6v\u00e4en sivistysliitto - valokuvalinja 2017. Tuommoista aloittelen nyt ja tarkoitus olisi jatkaa koko vuoden. Katsotaan mit\u00e4 siit\u00e4 seuraa.","robots":{"index":"index","follow":"follow","max-snippet":"max-snippet:-1","max-image-preview":"max-image-preview:large","max-video-preview":"max-video-preview:-1"},"canonical":"https:\/\/www.remonen.fi\/WP\/blogi\/opin-sauna\/","og_locale":"fi_FI","og_type":"article","og_title":"Opin sauna &#187; remonen.fi","og_description":"Back to School: Ty\u00f6v\u00e4en sivistysliitto - valokuvalinja 2017. Tuommoista aloittelen nyt ja tarkoitus olisi jatkaa koko vuoden. Katsotaan mit\u00e4 siit\u00e4 seuraa.","og_url":"https:\/\/www.remonen.fi\/WP\/blogi\/opin-sauna\/","og_site_name":"remonen.fi","article_published_time":"2017-01-23T09:35:39+00:00","og_image":[{"width":1280,"height":854,"url":"https:\/\/www.remonen.fi\/WP\/wp-content\/uploads\/2017\/01\/opin_sauna-2.jpg","type":"image\/jpeg"}],"author":"Matti Remonen","twitter_misc":{"Kirjoittanut":"Matti Remonen","Arvioitu lukuaika":"1 minuutti"},"schema":{"@context":"https:\/\/schema.org","@graph":[{"@type":"Article","@id":"https:\/\/www.remonen.fi\/WP\/blogi\/opin-sauna\/#article","isPartOf":{"@id":"https:\/\/www.remonen.fi\/WP\/blogi\/opin-sauna\/"},"author":{"name":"Matti Remonen","@id":"https:\/\/www.remonen.fi\/WP\/#\/schema\/person\/1803c23d1d4f6722054eb2ac7f7a97cd"},"headline":"Opin sauna","datePublished":"2017-01-23T09:35:39+00:00","mainEntityOfPage":{"@id":"https:\/\/www.remonen.fi\/WP\/blogi\/opin-sauna\/"},"wordCount":257,"commentCount":0,"publisher":{"@id":"https:\/\/www.remonen.fi\/WP\/#\/schema\/person\/1803c23d1d4f6722054eb2ac7f7a97cd"},"image":{"@id":"https:\/\/www.remonen.fi\/WP\/blogi\/opin-sauna\/#primaryimage"},"thumbnailUrl":"https:\/\/www.remonen.fi\/WP\/wp-content\/uploads\/2017\/01\/opin_sauna-2.jpg","keywords":["Ty\u00f6v\u00e4en Sivistysliitto","Valokuvalinja"],"articleSection":["Blog"],"inLanguage":"fi","potentialAction":[{"@type":"CommentAction","name":"Comment","target":["https:\/\/www.remonen.fi\/WP\/blogi\/opin-sauna\/#respond"]}]},{"@type":"WebPage","@id":"https:\/\/www.remonen.fi\/WP\/blogi\/opin-sauna\/","url":"https:\/\/www.remonen.fi\/WP\/blogi\/opin-sauna\/","name":"Opin sauna &#187; remonen.fi","isPartOf":{"@id":"https:\/\/www.remonen.fi\/WP\/#website"},"primaryImageOfPage":{"@id":"https:\/\/www.remonen.fi\/WP\/blogi\/opin-sauna\/#primaryimage"},"image":{"@id":"https:\/\/www.remonen.fi\/WP\/blogi\/opin-sauna\/#primaryimage"},"thumbnailUrl":"https:\/\/www.remonen.fi\/WP\/wp-content\/uploads\/2017\/01\/opin_sauna-2.jpg","datePublished":"2017-01-23T09:35:39+00:00","description":"Back to School: Ty\u00f6v\u00e4en sivistysliitto - valokuvalinja 2017. Tuommoista aloittelen nyt ja tarkoitus olisi jatkaa koko vuoden. Katsotaan mit\u00e4 siit\u00e4 seuraa.","breadcrumb":{"@id":"https:\/\/www.remonen.fi\/WP\/blogi\/opin-sauna\/#breadcrumb"},"inLanguage":"fi","potentialAction":[{"@type":"ReadAction","target":["https:\/\/www.remonen.fi\/WP\/blogi\/opin-sauna\/"]}]},{"@type":"ImageObject","inLanguage":"fi","@id":"https:\/\/www.remonen.fi\/WP\/blogi\/opin-sauna\/#primaryimage","url":"https:\/\/www.remonen.fi\/WP\/wp-content\/uploads\/2017\/01\/opin_sauna-2.jpg","contentUrl":"https:\/\/www.remonen.fi\/WP\/wp-content\/uploads\/2017\/01\/opin_sauna-2.jpg","width":1280,"height":854,"caption":"[exif id=\"8277\"]"},{"@type":"BreadcrumbList","@id":"https:\/\/www.remonen.fi\/WP\/blogi\/opin-sauna\/#breadcrumb","itemListElement":[{"@type":"ListItem","position":1,"name":"Etusivu","item":"https:\/\/www.remonen.fi\/WP\/"},{"@type":"ListItem","position":2,"name":"Opin sauna"}]},{"@type":"WebSite","@id":"https:\/\/www.remonen.fi\/WP\/#website","url":"https:\/\/www.remonen.fi\/WP\/","name":"remonen.fi","description":"Valokuvia ja tarinaa laidasta laitaan","publisher":{"@id":"https:\/\/www.remonen.fi\/WP\/#\/schema\/person\/1803c23d1d4f6722054eb2ac7f7a97cd"},"potentialAction":[{"@type":"SearchAction","target":{"@type":"EntryPoint","urlTemplate":"https:\/\/www.remonen.fi\/WP\/?s={search_term_string}"},"query-input":{"@type":"PropertyValueSpecification","valueRequired":true,"valueName":"search_term_string"}}],"inLanguage":"fi"},{"@type":["Person","Organization"],"@id":"https:\/\/www.remonen.fi\/WP\/#\/schema\/person\/1803c23d1d4f6722054eb2ac7f7a97cd","name":"Matti Remonen","logo":{"@id":"https:\/\/www.remonen.fi\/WP\/#\/schema\/person\/image\/"},"url":"https:\/\/www.remonen.fi\/WP\/blogi\/author\/mre\/"}]}},"_links":{"self":[{"href":"https:\/\/www.remonen.fi\/WP\/wp-json\/wp\/v2\/posts\/8269"}],"collection":[{"href":"https:\/\/www.remonen.fi\/WP\/wp-json\/wp\/v2\/posts"}],"about":[{"href":"https:\/\/www.remonen.fi\/WP\/wp-json\/wp\/v2\/types\/post"}],"author":[{"embeddable":true,"href":"https:\/\/www.remonen.fi\/WP\/wp-json\/wp\/v2\/users\/2"}],"replies":[{"embeddable":true,"href":"https:\/\/www.remonen.fi\/WP\/wp-json\/wp\/v2\/comments?post=8269"}],"version-history":[{"count":0,"href":"https:\/\/www.remonen.fi\/WP\/wp-json\/wp\/v2\/posts\/8269\/revisions"}],"wp:featuredmedia":[{"embeddable":true,"href":"https:\/\/www.remonen.fi\/WP\/wp-json\/wp\/v2\/media\/8277"}],"wp:attachment":[{"href":"https:\/\/www.remonen.fi\/WP\/wp-json\/wp\/v2\/media?parent=8269"}],"wp:term":[{"taxonomy":"category","embeddable":true,"href":"https:\/\/www.remonen.fi\/WP\/wp-json\/wp\/v2\/categories?post=8269"},{"taxonomy":"post_tag","embeddable":true,"href":"https:\/\/www.remonen.fi\/WP\/wp-json\/wp\/v2\/tags?post=8269"}],"curies":[{"name":"wp","href":"https:\/\/api.w.org\/{rel}","templated":true}]}}