{"id":8337,"date":"2017-03-18T22:21:02","date_gmt":"2017-03-18T20:21:02","guid":{"rendered":"http:\/\/www.remonen.fi\/?p=8337"},"modified":"2017-03-18T22:21:02","modified_gmt":"2017-03-18T20:21:02","slug":"pelasta-mut","status":"publish","type":"post","link":"https:\/\/www.remonen.fi\/WP\/blogi\/pelasta-mut\/","title":{"rendered":"Pelasta mut"},"content":{"rendered":"<p>Oli elokuu 2003 ja perheen nuorimmainen oli kohta aloittamassa koulutiens\u00e4, kun naapurin kuistilla oli lasten muoviamme, jossa oli pieni\u00e4 kissanpentuja. Pennut olivat vasta viisiviikkoisia, siis aivan liian nuoria luovutettavaksi mihink\u00e4\u00e4n. Mutta niiden emo oli j\u00e4\u00e4nyt auton alle ja kuollut. Pennuilla oli j\u00e4ljell\u00e4 vain huonoja vaihtoehtoja: joutua eroon sisaruksistaan vieraaseen kotiin tai joutua lopetettavaksi. &#8221;Min\u00e4 olen valinnut teille t\u00e4m\u00e4n oranssin. Se sopisi teid\u00e4n sisustukseen&#8221; sanoi naapuri. Yht&#8217;\u00e4kki\u00e4 meill\u00e4 oli kissa. Kissan nimeksi tuli &#8221;Vanttu&#8221;. Se oli tytt\u00e4ren valinta.<\/p>\n<p><a href=\"http:\/\/www.remonen.fi\/WP\/wp-content\/uploads\/2017\/03\/Vanttu_in_memoriam-1.jpg\"><img loading=\"lazy\" decoding=\"async\" class=\"aligncenter wp-image-8339 size-full\" src=\"http:\/\/www.remonen.fi\/WP\/wp-content\/uploads\/2017\/03\/Vanttu_in_memoriam-1.jpg\" alt=\"Vanttu\" width=\"1280\" height=\"960\" srcset=\"https:\/\/www.remonen.fi\/WP\/wp-content\/uploads\/2017\/03\/Vanttu_in_memoriam-1.jpg 1280w, https:\/\/www.remonen.fi\/WP\/wp-content\/uploads\/2017\/03\/Vanttu_in_memoriam-1-300x225.jpg 300w, https:\/\/www.remonen.fi\/WP\/wp-content\/uploads\/2017\/03\/Vanttu_in_memoriam-1-680x510.jpg 680w, https:\/\/www.remonen.fi\/WP\/wp-content\/uploads\/2017\/03\/Vanttu_in_memoriam-1-768x576.jpg 768w, https:\/\/www.remonen.fi\/WP\/wp-content\/uploads\/2017\/03\/Vanttu_in_memoriam-1-1024x768.jpg 1024w, https:\/\/www.remonen.fi\/WP\/wp-content\/uploads\/2017\/03\/Vanttu_in_memoriam-1-440x330.jpg 440w, https:\/\/www.remonen.fi\/WP\/wp-content\/uploads\/2017\/03\/Vanttu_in_memoriam-1-960x720.jpg 960w\" sizes=\"(max-width: 1280px) 100vw, 1280px\" \/><\/a><\/p>\n<p><a href=\"http:\/\/www.remonen.fi\/WP\/wp-content\/uploads\/2017\/03\/Vanttu_in_memoriam-2.jpg\"><img loading=\"lazy\" decoding=\"async\" class=\"aligncenter size-full wp-image-8340\" src=\"http:\/\/www.remonen.fi\/WP\/wp-content\/uploads\/2017\/03\/Vanttu_in_memoriam-2.jpg\" alt=\"\" width=\"1280\" height=\"960\" srcset=\"https:\/\/www.remonen.fi\/WP\/wp-content\/uploads\/2017\/03\/Vanttu_in_memoriam-2.jpg 1280w, https:\/\/www.remonen.fi\/WP\/wp-content\/uploads\/2017\/03\/Vanttu_in_memoriam-2-300x225.jpg 300w, https:\/\/www.remonen.fi\/WP\/wp-content\/uploads\/2017\/03\/Vanttu_in_memoriam-2-680x510.jpg 680w, https:\/\/www.remonen.fi\/WP\/wp-content\/uploads\/2017\/03\/Vanttu_in_memoriam-2-768x576.jpg 768w, https:\/\/www.remonen.fi\/WP\/wp-content\/uploads\/2017\/03\/Vanttu_in_memoriam-2-1024x768.jpg 1024w, https:\/\/www.remonen.fi\/WP\/wp-content\/uploads\/2017\/03\/Vanttu_in_memoriam-2-440x330.jpg 440w, https:\/\/www.remonen.fi\/WP\/wp-content\/uploads\/2017\/03\/Vanttu_in_memoriam-2-960x720.jpg 960w\" sizes=\"(max-width: 1280px) 100vw, 1280px\" \/><\/a><\/p>\n<p>Vanttu muutti meille. Ja meid\u00e4t. Tai ainakin minut. Enemm\u00e4n kuin tiesin silloin tai my\u00f6hemmink\u00e4\u00e4n. Ennen kuin se oli ohi.<\/p>\n<p><a href=\"http:\/\/www.remonen.fi\/WP\/wp-content\/uploads\/2017\/03\/Vanttu_in_memoriam-3.jpg\"><img loading=\"lazy\" decoding=\"async\" class=\"aligncenter size-full wp-image-8341\" src=\"http:\/\/www.remonen.fi\/WP\/wp-content\/uploads\/2017\/03\/Vanttu_in_memoriam-3.jpg\" alt=\"\" width=\"1280\" height=\"959\" srcset=\"https:\/\/www.remonen.fi\/WP\/wp-content\/uploads\/2017\/03\/Vanttu_in_memoriam-3.jpg 1280w, https:\/\/www.remonen.fi\/WP\/wp-content\/uploads\/2017\/03\/Vanttu_in_memoriam-3-300x225.jpg 300w, https:\/\/www.remonen.fi\/WP\/wp-content\/uploads\/2017\/03\/Vanttu_in_memoriam-3-680x509.jpg 680w, https:\/\/www.remonen.fi\/WP\/wp-content\/uploads\/2017\/03\/Vanttu_in_memoriam-3-768x575.jpg 768w, https:\/\/www.remonen.fi\/WP\/wp-content\/uploads\/2017\/03\/Vanttu_in_memoriam-3-1024x767.jpg 1024w, https:\/\/www.remonen.fi\/WP\/wp-content\/uploads\/2017\/03\/Vanttu_in_memoriam-3-440x330.jpg 440w, https:\/\/www.remonen.fi\/WP\/wp-content\/uploads\/2017\/03\/Vanttu_in_memoriam-3-960x719.jpg 960w\" sizes=\"(max-width: 1280px) 100vw, 1280px\" \/><\/a><\/p>\n<p><a href=\"http:\/\/www.remonen.fi\/WP\/wp-content\/uploads\/2017\/03\/Vanttu_in_memoriam-4.jpg\"><img loading=\"lazy\" decoding=\"async\" class=\"aligncenter size-full wp-image-8342\" src=\"http:\/\/www.remonen.fi\/WP\/wp-content\/uploads\/2017\/03\/Vanttu_in_memoriam-4.jpg\" alt=\"\" width=\"1280\" height=\"960\" srcset=\"https:\/\/www.remonen.fi\/WP\/wp-content\/uploads\/2017\/03\/Vanttu_in_memoriam-4.jpg 1280w, https:\/\/www.remonen.fi\/WP\/wp-content\/uploads\/2017\/03\/Vanttu_in_memoriam-4-300x225.jpg 300w, https:\/\/www.remonen.fi\/WP\/wp-content\/uploads\/2017\/03\/Vanttu_in_memoriam-4-680x510.jpg 680w, https:\/\/www.remonen.fi\/WP\/wp-content\/uploads\/2017\/03\/Vanttu_in_memoriam-4-768x576.jpg 768w, https:\/\/www.remonen.fi\/WP\/wp-content\/uploads\/2017\/03\/Vanttu_in_memoriam-4-1024x768.jpg 1024w, https:\/\/www.remonen.fi\/WP\/wp-content\/uploads\/2017\/03\/Vanttu_in_memoriam-4-440x330.jpg 440w, https:\/\/www.remonen.fi\/WP\/wp-content\/uploads\/2017\/03\/Vanttu_in_memoriam-4-960x720.jpg 960w\" sizes=\"(max-width: 1280px) 100vw, 1280px\" \/><\/a><\/p>\n<p><a href=\"http:\/\/www.remonen.fi\/WP\/wp-content\/uploads\/2017\/03\/Vanttu_in_memoriam-6.jpg\"><img loading=\"lazy\" decoding=\"async\" class=\"aligncenter size-full wp-image-8344\" src=\"http:\/\/www.remonen.fi\/WP\/wp-content\/uploads\/2017\/03\/Vanttu_in_memoriam-6.jpg\" alt=\"\" width=\"1280\" height=\"960\" srcset=\"https:\/\/www.remonen.fi\/WP\/wp-content\/uploads\/2017\/03\/Vanttu_in_memoriam-6.jpg 1280w, https:\/\/www.remonen.fi\/WP\/wp-content\/uploads\/2017\/03\/Vanttu_in_memoriam-6-300x225.jpg 300w, https:\/\/www.remonen.fi\/WP\/wp-content\/uploads\/2017\/03\/Vanttu_in_memoriam-6-680x510.jpg 680w, https:\/\/www.remonen.fi\/WP\/wp-content\/uploads\/2017\/03\/Vanttu_in_memoriam-6-768x576.jpg 768w, https:\/\/www.remonen.fi\/WP\/wp-content\/uploads\/2017\/03\/Vanttu_in_memoriam-6-1024x768.jpg 1024w, https:\/\/www.remonen.fi\/WP\/wp-content\/uploads\/2017\/03\/Vanttu_in_memoriam-6-440x330.jpg 440w, https:\/\/www.remonen.fi\/WP\/wp-content\/uploads\/2017\/03\/Vanttu_in_memoriam-6-960x720.jpg 960w\" sizes=\"(max-width: 1280px) 100vw, 1280px\" \/><\/a><\/p>\n<p><a href=\"http:\/\/www.remonen.fi\/WP\/wp-content\/uploads\/2017\/03\/Vanttu_in_memoriam-5.jpg\"><img loading=\"lazy\" decoding=\"async\" class=\"aligncenter size-full wp-image-8343\" src=\"http:\/\/www.remonen.fi\/WP\/wp-content\/uploads\/2017\/03\/Vanttu_in_memoriam-5.jpg\" alt=\"\" width=\"1280\" height=\"960\" srcset=\"https:\/\/www.remonen.fi\/WP\/wp-content\/uploads\/2017\/03\/Vanttu_in_memoriam-5.jpg 1280w, https:\/\/www.remonen.fi\/WP\/wp-content\/uploads\/2017\/03\/Vanttu_in_memoriam-5-300x225.jpg 300w, https:\/\/www.remonen.fi\/WP\/wp-content\/uploads\/2017\/03\/Vanttu_in_memoriam-5-680x510.jpg 680w, https:\/\/www.remonen.fi\/WP\/wp-content\/uploads\/2017\/03\/Vanttu_in_memoriam-5-768x576.jpg 768w, https:\/\/www.remonen.fi\/WP\/wp-content\/uploads\/2017\/03\/Vanttu_in_memoriam-5-1024x768.jpg 1024w, https:\/\/www.remonen.fi\/WP\/wp-content\/uploads\/2017\/03\/Vanttu_in_memoriam-5-440x330.jpg 440w, https:\/\/www.remonen.fi\/WP\/wp-content\/uploads\/2017\/03\/Vanttu_in_memoriam-5-960x720.jpg 960w\" sizes=\"(max-width: 1280px) 100vw, 1280px\" \/><\/a><\/p>\n<p><a href=\"http:\/\/www.remonen.fi\/WP\/wp-content\/uploads\/2017\/03\/Vanttu_in_memoriam-7.jpg\"><img loading=\"lazy\" decoding=\"async\" class=\"aligncenter size-full wp-image-8345\" src=\"http:\/\/www.remonen.fi\/WP\/wp-content\/uploads\/2017\/03\/Vanttu_in_memoriam-7.jpg\" alt=\"\" width=\"1280\" height=\"960\" srcset=\"https:\/\/www.remonen.fi\/WP\/wp-content\/uploads\/2017\/03\/Vanttu_in_memoriam-7.jpg 1280w, https:\/\/www.remonen.fi\/WP\/wp-content\/uploads\/2017\/03\/Vanttu_in_memoriam-7-300x225.jpg 300w, https:\/\/www.remonen.fi\/WP\/wp-content\/uploads\/2017\/03\/Vanttu_in_memoriam-7-680x510.jpg 680w, https:\/\/www.remonen.fi\/WP\/wp-content\/uploads\/2017\/03\/Vanttu_in_memoriam-7-768x576.jpg 768w, https:\/\/www.remonen.fi\/WP\/wp-content\/uploads\/2017\/03\/Vanttu_in_memoriam-7-1024x768.jpg 1024w, https:\/\/www.remonen.fi\/WP\/wp-content\/uploads\/2017\/03\/Vanttu_in_memoriam-7-440x330.jpg 440w, https:\/\/www.remonen.fi\/WP\/wp-content\/uploads\/2017\/03\/Vanttu_in_memoriam-7-960x720.jpg 960w\" sizes=\"(max-width: 1280px) 100vw, 1280px\" \/><\/a><\/p>\n<p><a href=\"http:\/\/www.remonen.fi\/WP\/wp-content\/uploads\/2017\/03\/Vanttu_in_memoriam-8.jpg\"><img loading=\"lazy\" decoding=\"async\" class=\"aligncenter size-full wp-image-8346\" src=\"http:\/\/www.remonen.fi\/WP\/wp-content\/uploads\/2017\/03\/Vanttu_in_memoriam-8.jpg\" alt=\"\" width=\"1280\" height=\"960\" srcset=\"https:\/\/www.remonen.fi\/WP\/wp-content\/uploads\/2017\/03\/Vanttu_in_memoriam-8.jpg 1280w, https:\/\/www.remonen.fi\/WP\/wp-content\/uploads\/2017\/03\/Vanttu_in_memoriam-8-300x225.jpg 300w, https:\/\/www.remonen.fi\/WP\/wp-content\/uploads\/2017\/03\/Vanttu_in_memoriam-8-680x510.jpg 680w, https:\/\/www.remonen.fi\/WP\/wp-content\/uploads\/2017\/03\/Vanttu_in_memoriam-8-768x576.jpg 768w, https:\/\/www.remonen.fi\/WP\/wp-content\/uploads\/2017\/03\/Vanttu_in_memoriam-8-1024x768.jpg 1024w, https:\/\/www.remonen.fi\/WP\/wp-content\/uploads\/2017\/03\/Vanttu_in_memoriam-8-440x330.jpg 440w, https:\/\/www.remonen.fi\/WP\/wp-content\/uploads\/2017\/03\/Vanttu_in_memoriam-8-960x720.jpg 960w\" sizes=\"(max-width: 1280px) 100vw, 1280px\" \/><\/a><\/p>\n<p>Vuodet vieriv\u00e4t, lapset kasvoivat ja Vanttu seurasi mukana. Kes\u00e4lomilla vuokram\u00f6keille ja talvella Vuokattiin. Autossa matkustaminen ei koskaan ollut kovin mukavaa ja viimeist\u00e4\u00e4n ensimm\u00e4isess\u00e4 mutkassa piti oksentaa. Tosin eip\u00e4 se paljoa eronnut siit\u00e4 mit\u00e4 lapset aiemmin. Ei ole yksi eik\u00e4 kaksi kertaa kun autoa on siivottu oksennuksesta. Kissan tai lasten.<\/p>\n<p><a href=\"http:\/\/www.remonen.fi\/WP\/wp-content\/uploads\/2017\/03\/Vanttu_in_memoriam-9.jpg\"><img loading=\"lazy\" decoding=\"async\" class=\"aligncenter size-full wp-image-8347\" src=\"http:\/\/www.remonen.fi\/WP\/wp-content\/uploads\/2017\/03\/Vanttu_in_memoriam-9.jpg\" alt=\"\" width=\"1280\" height=\"960\" srcset=\"https:\/\/www.remonen.fi\/WP\/wp-content\/uploads\/2017\/03\/Vanttu_in_memoriam-9.jpg 1280w, https:\/\/www.remonen.fi\/WP\/wp-content\/uploads\/2017\/03\/Vanttu_in_memoriam-9-300x225.jpg 300w, https:\/\/www.remonen.fi\/WP\/wp-content\/uploads\/2017\/03\/Vanttu_in_memoriam-9-680x510.jpg 680w, https:\/\/www.remonen.fi\/WP\/wp-content\/uploads\/2017\/03\/Vanttu_in_memoriam-9-768x576.jpg 768w, https:\/\/www.remonen.fi\/WP\/wp-content\/uploads\/2017\/03\/Vanttu_in_memoriam-9-1024x768.jpg 1024w, https:\/\/www.remonen.fi\/WP\/wp-content\/uploads\/2017\/03\/Vanttu_in_memoriam-9-440x330.jpg 440w, https:\/\/www.remonen.fi\/WP\/wp-content\/uploads\/2017\/03\/Vanttu_in_memoriam-9-960x720.jpg 960w\" sizes=\"(max-width: 1280px) 100vw, 1280px\" \/><\/a><\/p>\n<p><a href=\"http:\/\/www.remonen.fi\/WP\/wp-content\/uploads\/2017\/03\/Vanttu_in_memoriam-11.jpg\"><img loading=\"lazy\" decoding=\"async\" class=\"aligncenter size-full wp-image-8349\" src=\"http:\/\/www.remonen.fi\/WP\/wp-content\/uploads\/2017\/03\/Vanttu_in_memoriam-11.jpg\" alt=\"\" width=\"1280\" height=\"960\" srcset=\"https:\/\/www.remonen.fi\/WP\/wp-content\/uploads\/2017\/03\/Vanttu_in_memoriam-11.jpg 1280w, https:\/\/www.remonen.fi\/WP\/wp-content\/uploads\/2017\/03\/Vanttu_in_memoriam-11-300x225.jpg 300w, https:\/\/www.remonen.fi\/WP\/wp-content\/uploads\/2017\/03\/Vanttu_in_memoriam-11-680x510.jpg 680w, https:\/\/www.remonen.fi\/WP\/wp-content\/uploads\/2017\/03\/Vanttu_in_memoriam-11-768x576.jpg 768w, https:\/\/www.remonen.fi\/WP\/wp-content\/uploads\/2017\/03\/Vanttu_in_memoriam-11-1024x768.jpg 1024w, https:\/\/www.remonen.fi\/WP\/wp-content\/uploads\/2017\/03\/Vanttu_in_memoriam-11-440x330.jpg 440w, https:\/\/www.remonen.fi\/WP\/wp-content\/uploads\/2017\/03\/Vanttu_in_memoriam-11-960x720.jpg 960w\" sizes=\"(max-width: 1280px) 100vw, 1280px\" \/><\/a><\/p>\n<p><a href=\"http:\/\/www.remonen.fi\/WP\/wp-content\/uploads\/2017\/03\/Vanttu_in_memoriam-10.jpg\"><img loading=\"lazy\" decoding=\"async\" class=\"aligncenter size-full wp-image-8348\" src=\"http:\/\/www.remonen.fi\/WP\/wp-content\/uploads\/2017\/03\/Vanttu_in_memoriam-10.jpg\" alt=\"\" width=\"1280\" height=\"960\" srcset=\"https:\/\/www.remonen.fi\/WP\/wp-content\/uploads\/2017\/03\/Vanttu_in_memoriam-10.jpg 1280w, https:\/\/www.remonen.fi\/WP\/wp-content\/uploads\/2017\/03\/Vanttu_in_memoriam-10-300x225.jpg 300w, https:\/\/www.remonen.fi\/WP\/wp-content\/uploads\/2017\/03\/Vanttu_in_memoriam-10-680x510.jpg 680w, https:\/\/www.remonen.fi\/WP\/wp-content\/uploads\/2017\/03\/Vanttu_in_memoriam-10-768x576.jpg 768w, https:\/\/www.remonen.fi\/WP\/wp-content\/uploads\/2017\/03\/Vanttu_in_memoriam-10-1024x768.jpg 1024w, https:\/\/www.remonen.fi\/WP\/wp-content\/uploads\/2017\/03\/Vanttu_in_memoriam-10-440x330.jpg 440w, https:\/\/www.remonen.fi\/WP\/wp-content\/uploads\/2017\/03\/Vanttu_in_memoriam-10-960x720.jpg 960w\" sizes=\"(max-width: 1280px) 100vw, 1280px\" \/><\/a><\/p>\n<p><a href=\"http:\/\/www.remonen.fi\/WP\/wp-content\/uploads\/2017\/03\/Vanttu_in_memoriam-12.jpg\"><img loading=\"lazy\" decoding=\"async\" class=\"aligncenter size-full wp-image-8350\" src=\"http:\/\/www.remonen.fi\/WP\/wp-content\/uploads\/2017\/03\/Vanttu_in_memoriam-12.jpg\" alt=\"\" width=\"1280\" height=\"852\" srcset=\"https:\/\/www.remonen.fi\/WP\/wp-content\/uploads\/2017\/03\/Vanttu_in_memoriam-12.jpg 1280w, https:\/\/www.remonen.fi\/WP\/wp-content\/uploads\/2017\/03\/Vanttu_in_memoriam-12-300x200.jpg 300w, https:\/\/www.remonen.fi\/WP\/wp-content\/uploads\/2017\/03\/Vanttu_in_memoriam-12-680x453.jpg 680w, https:\/\/www.remonen.fi\/WP\/wp-content\/uploads\/2017\/03\/Vanttu_in_memoriam-12-768x511.jpg 768w, https:\/\/www.remonen.fi\/WP\/wp-content\/uploads\/2017\/03\/Vanttu_in_memoriam-12-1024x682.jpg 1024w, https:\/\/www.remonen.fi\/WP\/wp-content\/uploads\/2017\/03\/Vanttu_in_memoriam-12-440x293.jpg 440w, https:\/\/www.remonen.fi\/WP\/wp-content\/uploads\/2017\/03\/Vanttu_in_memoriam-12-960x639.jpg 960w\" sizes=\"(max-width: 1280px) 100vw, 1280px\" \/><\/a><\/p>\n<p>Vantusta kasvoi varsin iso kissa. Ja kiltti. Jos el\u00e4imest\u00e4 voi sanoa kiltti. Eiv\u00e4t ne oikeasti ole kilttej\u00e4 tai pahoja. Ne ovat el\u00e4imi\u00e4. Vanttu ei kuitenkaan koskaan rikkonut mit\u00e4\u00e4n. Tai raapinut huonekaluja. Valjaisiinkin se tottui. Tosin se oli varsinainen tahtojen taistelu. Vantussa oli sen verran vapaana syntyneen geenej\u00e4, ett\u00e4 veri veti ulos. Mutta ulos ei p\u00e4\u00e4ssyt, jollei laittanut p\u00e4\u00e4lleen niit\u00e4 vihattuja valjaita. Parin raavittuja k\u00e4sivarsia vaatineen &#8221;neuvottelun&#8221; j\u00e4lkeen Vanttu tyytyi siihen, ett\u00e4 ulos p\u00e4\u00e4sy oli kahleiden arvoista. Sen j\u00e4lkeen valjaiden laitossa ei koskaan ollut mit\u00e4\u00e4n ongelmaa. Valjaat oli kiinni koiran flex-hihnassa, joka sitten kiinnitettiin pyykinkuivausnaruun tai johonkin ovenkahvaan.<\/p>\n<p><a href=\"http:\/\/www.remonen.fi\/WP\/wp-content\/uploads\/2017\/03\/Vanttu_in_memoriam-13.jpg\"><img loading=\"lazy\" decoding=\"async\" class=\"aligncenter size-full wp-image-8351\" src=\"http:\/\/www.remonen.fi\/WP\/wp-content\/uploads\/2017\/03\/Vanttu_in_memoriam-13.jpg\" alt=\"\" width=\"1280\" height=\"852\" srcset=\"https:\/\/www.remonen.fi\/WP\/wp-content\/uploads\/2017\/03\/Vanttu_in_memoriam-13.jpg 1280w, https:\/\/www.remonen.fi\/WP\/wp-content\/uploads\/2017\/03\/Vanttu_in_memoriam-13-300x200.jpg 300w, https:\/\/www.remonen.fi\/WP\/wp-content\/uploads\/2017\/03\/Vanttu_in_memoriam-13-680x453.jpg 680w, https:\/\/www.remonen.fi\/WP\/wp-content\/uploads\/2017\/03\/Vanttu_in_memoriam-13-768x511.jpg 768w, https:\/\/www.remonen.fi\/WP\/wp-content\/uploads\/2017\/03\/Vanttu_in_memoriam-13-1024x682.jpg 1024w, https:\/\/www.remonen.fi\/WP\/wp-content\/uploads\/2017\/03\/Vanttu_in_memoriam-13-440x293.jpg 440w, https:\/\/www.remonen.fi\/WP\/wp-content\/uploads\/2017\/03\/Vanttu_in_memoriam-13-960x639.jpg 960w\" sizes=\"(max-width: 1280px) 100vw, 1280px\" \/><\/a><\/p>\n<p><a href=\"http:\/\/www.remonen.fi\/WP\/wp-content\/uploads\/2017\/03\/Vanttu_in_memoriam-16.jpg\"><img loading=\"lazy\" decoding=\"async\" class=\"aligncenter size-full wp-image-8354\" src=\"http:\/\/www.remonen.fi\/WP\/wp-content\/uploads\/2017\/03\/Vanttu_in_memoriam-16.jpg\" alt=\"\" width=\"852\" height=\"1280\" srcset=\"https:\/\/www.remonen.fi\/WP\/wp-content\/uploads\/2017\/03\/Vanttu_in_memoriam-16.jpg 852w, https:\/\/www.remonen.fi\/WP\/wp-content\/uploads\/2017\/03\/Vanttu_in_memoriam-16-200x300.jpg 200w, https:\/\/www.remonen.fi\/WP\/wp-content\/uploads\/2017\/03\/Vanttu_in_memoriam-16-453x680.jpg 453w, https:\/\/www.remonen.fi\/WP\/wp-content\/uploads\/2017\/03\/Vanttu_in_memoriam-16-768x1154.jpg 768w, https:\/\/www.remonen.fi\/WP\/wp-content\/uploads\/2017\/03\/Vanttu_in_memoriam-16-682x1024.jpg 682w, https:\/\/www.remonen.fi\/WP\/wp-content\/uploads\/2017\/03\/Vanttu_in_memoriam-16-440x661.jpg 440w, https:\/\/www.remonen.fi\/WP\/wp-content\/uploads\/2017\/03\/Vanttu_in_memoriam-16-300x451.jpg 300w\" sizes=\"(max-width: 852px) 100vw, 852px\" \/><\/a><\/p>\n<p><a href=\"http:\/\/www.remonen.fi\/WP\/wp-content\/uploads\/2017\/03\/Vanttu_in_memoriam-14.jpg\"><img loading=\"lazy\" decoding=\"async\" class=\"aligncenter size-full wp-image-8352\" src=\"http:\/\/www.remonen.fi\/WP\/wp-content\/uploads\/2017\/03\/Vanttu_in_memoriam-14.jpg\" alt=\"\" width=\"852\" height=\"1280\" srcset=\"https:\/\/www.remonen.fi\/WP\/wp-content\/uploads\/2017\/03\/Vanttu_in_memoriam-14.jpg 852w, https:\/\/www.remonen.fi\/WP\/wp-content\/uploads\/2017\/03\/Vanttu_in_memoriam-14-200x300.jpg 200w, https:\/\/www.remonen.fi\/WP\/wp-content\/uploads\/2017\/03\/Vanttu_in_memoriam-14-453x680.jpg 453w, https:\/\/www.remonen.fi\/WP\/wp-content\/uploads\/2017\/03\/Vanttu_in_memoriam-14-768x1154.jpg 768w, https:\/\/www.remonen.fi\/WP\/wp-content\/uploads\/2017\/03\/Vanttu_in_memoriam-14-682x1024.jpg 682w, https:\/\/www.remonen.fi\/WP\/wp-content\/uploads\/2017\/03\/Vanttu_in_memoriam-14-440x661.jpg 440w, https:\/\/www.remonen.fi\/WP\/wp-content\/uploads\/2017\/03\/Vanttu_in_memoriam-14-300x451.jpg 300w\" sizes=\"(max-width: 852px) 100vw, 852px\" \/><\/a><\/p>\n<p>Ulkoilua Vanttu rakasti. Ei haitannut vaikka satoi tai oli pakkasta: ulos oli p\u00e4\u00e4st\u00e4v\u00e4. Ja sinneh\u00e4n mentiin. Kes\u00e4ll\u00e4 meni koko p\u00e4iv\u00e4 ulkona torkkuessa. Talvisin sitten lyhyempi\u00e4 aikoja kerrallaan. Mutta pieni pakkanen ei haitannut. Vain m\u00e4rk\u00e4\u00e4 r\u00e4nt\u00e4\u00e4 Vanttu vihasi.<\/p>\n<p><a href=\"http:\/\/www.remonen.fi\/WP\/wp-content\/uploads\/2017\/03\/Vanttu_in_memoriam-15.jpg\"><img loading=\"lazy\" decoding=\"async\" class=\"aligncenter size-full wp-image-8353\" src=\"http:\/\/www.remonen.fi\/WP\/wp-content\/uploads\/2017\/03\/Vanttu_in_memoriam-15.jpg\" alt=\"\" width=\"852\" height=\"1280\" srcset=\"https:\/\/www.remonen.fi\/WP\/wp-content\/uploads\/2017\/03\/Vanttu_in_memoriam-15.jpg 852w, https:\/\/www.remonen.fi\/WP\/wp-content\/uploads\/2017\/03\/Vanttu_in_memoriam-15-200x300.jpg 200w, https:\/\/www.remonen.fi\/WP\/wp-content\/uploads\/2017\/03\/Vanttu_in_memoriam-15-453x680.jpg 453w, https:\/\/www.remonen.fi\/WP\/wp-content\/uploads\/2017\/03\/Vanttu_in_memoriam-15-768x1154.jpg 768w, https:\/\/www.remonen.fi\/WP\/wp-content\/uploads\/2017\/03\/Vanttu_in_memoriam-15-682x1024.jpg 682w, https:\/\/www.remonen.fi\/WP\/wp-content\/uploads\/2017\/03\/Vanttu_in_memoriam-15-440x661.jpg 440w, https:\/\/www.remonen.fi\/WP\/wp-content\/uploads\/2017\/03\/Vanttu_in_memoriam-15-300x451.jpg 300w\" sizes=\"(max-width: 852px) 100vw, 852px\" \/><\/a><\/p>\n<p><a href=\"http:\/\/www.remonen.fi\/WP\/wp-content\/uploads\/2017\/03\/Vanttu_in_memoriam-17.jpg\"><img loading=\"lazy\" decoding=\"async\" class=\"aligncenter size-full wp-image-8355\" src=\"http:\/\/www.remonen.fi\/WP\/wp-content\/uploads\/2017\/03\/Vanttu_in_memoriam-17.jpg\" alt=\"\" width=\"1280\" height=\"852\" srcset=\"https:\/\/www.remonen.fi\/WP\/wp-content\/uploads\/2017\/03\/Vanttu_in_memoriam-17.jpg 1280w, https:\/\/www.remonen.fi\/WP\/wp-content\/uploads\/2017\/03\/Vanttu_in_memoriam-17-300x200.jpg 300w, https:\/\/www.remonen.fi\/WP\/wp-content\/uploads\/2017\/03\/Vanttu_in_memoriam-17-680x453.jpg 680w, https:\/\/www.remonen.fi\/WP\/wp-content\/uploads\/2017\/03\/Vanttu_in_memoriam-17-768x511.jpg 768w, https:\/\/www.remonen.fi\/WP\/wp-content\/uploads\/2017\/03\/Vanttu_in_memoriam-17-1024x682.jpg 1024w, https:\/\/www.remonen.fi\/WP\/wp-content\/uploads\/2017\/03\/Vanttu_in_memoriam-17-440x293.jpg 440w, https:\/\/www.remonen.fi\/WP\/wp-content\/uploads\/2017\/03\/Vanttu_in_memoriam-17-960x639.jpg 960w\" sizes=\"(max-width: 1280px) 100vw, 1280px\" \/><\/a><\/p>\n<p>Ulkona sitten Vanttu seurasi mit\u00e4 ymp\u00e4rill\u00e4 tapahtui. V\u00e4lill\u00e4 otettiin yhteen naapuruston vapaana liikkuvien kissojen kanssa. V\u00e4lill\u00e4 kiusattiin ohi menevi\u00e4 koiria. Eritoten naapurien koirat olivat vapaata riistaa ja suuren ilon aihe. Hiiri ja pikkulintukanta koki my\u00f6s pient\u00e4 harvennusta. Tosin jos j\u00e4\u00e4 narussa kiinni olevan kissan pyydyst\u00e4m\u00e4ksi, voi katsoa ett\u00e4 vika on toisessa p\u00e4\u00e4ss\u00e4.<\/p>\n<p><a href=\"http:\/\/www.remonen.fi\/WP\/wp-content\/uploads\/2017\/03\/Vanttu_in_memoriam-19.jpg\"><img loading=\"lazy\" decoding=\"async\" class=\"aligncenter size-full wp-image-8357\" src=\"http:\/\/www.remonen.fi\/WP\/wp-content\/uploads\/2017\/03\/Vanttu_in_memoriam-19.jpg\" alt=\"\" width=\"852\" height=\"1280\" srcset=\"https:\/\/www.remonen.fi\/WP\/wp-content\/uploads\/2017\/03\/Vanttu_in_memoriam-19.jpg 852w, https:\/\/www.remonen.fi\/WP\/wp-content\/uploads\/2017\/03\/Vanttu_in_memoriam-19-200x300.jpg 200w, https:\/\/www.remonen.fi\/WP\/wp-content\/uploads\/2017\/03\/Vanttu_in_memoriam-19-453x680.jpg 453w, https:\/\/www.remonen.fi\/WP\/wp-content\/uploads\/2017\/03\/Vanttu_in_memoriam-19-768x1154.jpg 768w, https:\/\/www.remonen.fi\/WP\/wp-content\/uploads\/2017\/03\/Vanttu_in_memoriam-19-682x1024.jpg 682w, https:\/\/www.remonen.fi\/WP\/wp-content\/uploads\/2017\/03\/Vanttu_in_memoriam-19-440x661.jpg 440w, https:\/\/www.remonen.fi\/WP\/wp-content\/uploads\/2017\/03\/Vanttu_in_memoriam-19-300x451.jpg 300w\" sizes=\"(max-width: 852px) 100vw, 852px\" \/><\/a><\/p>\n<p><a href=\"http:\/\/www.remonen.fi\/WP\/wp-content\/uploads\/2017\/03\/Vanttu_in_memoriam-18.jpg\"><img loading=\"lazy\" decoding=\"async\" class=\"aligncenter size-full wp-image-8356\" src=\"http:\/\/www.remonen.fi\/WP\/wp-content\/uploads\/2017\/03\/Vanttu_in_memoriam-18.jpg\" alt=\"\" width=\"852\" height=\"1280\" srcset=\"https:\/\/www.remonen.fi\/WP\/wp-content\/uploads\/2017\/03\/Vanttu_in_memoriam-18.jpg 852w, https:\/\/www.remonen.fi\/WP\/wp-content\/uploads\/2017\/03\/Vanttu_in_memoriam-18-200x300.jpg 200w, https:\/\/www.remonen.fi\/WP\/wp-content\/uploads\/2017\/03\/Vanttu_in_memoriam-18-453x680.jpg 453w, https:\/\/www.remonen.fi\/WP\/wp-content\/uploads\/2017\/03\/Vanttu_in_memoriam-18-768x1154.jpg 768w, https:\/\/www.remonen.fi\/WP\/wp-content\/uploads\/2017\/03\/Vanttu_in_memoriam-18-682x1024.jpg 682w, https:\/\/www.remonen.fi\/WP\/wp-content\/uploads\/2017\/03\/Vanttu_in_memoriam-18-440x661.jpg 440w, https:\/\/www.remonen.fi\/WP\/wp-content\/uploads\/2017\/03\/Vanttu_in_memoriam-18-300x451.jpg 300w\" sizes=\"(max-width: 852px) 100vw, 852px\" \/><\/a><\/p>\n<p>N\u00e4in meni vuosia. Ja vuosia. Kunnes yhten\u00e4 viikonloppuna Vanttu tuntui tosi vaisulta. Maanantaina t\u00f6ihin l\u00e4htiess\u00e4ni huomasin, ett\u00e4 nyt tilanne on huono. Vanttu ei ollut liikkunu koko y\u00f6n\u00e4 siit\u00e4 mihin se illalla oli j\u00e4\u00e4nyt. Yleens\u00e4 se nukkui s\u00e4ngyss\u00e4 minun jalkop\u00e4\u00e4ss\u00e4ni. Nyt se oli maannut olohuoneen nojatuolissa koko y\u00f6n, eik\u00e4 ollut sy\u00f6nyt ruokaansakaan. P\u00e4iv\u00e4ll\u00e4 varasin el\u00e4inl\u00e4\u00e4k\u00e4rin. Iltap\u00e4iv\u00e4ll\u00e4 sitten laitoin Vantun kuljetuslaatikkoon. Tiesin, ett\u00e4 kaikki ei ole hyvin, kun se ei koko matkan aikana tehnyt muuta kuin makasi laatikossa.<\/p>\n<p><a href=\"http:\/\/www.remonen.fi\/WP\/wp-content\/uploads\/2017\/03\/Vanttu_in_memoriam-20.jpg\"><img loading=\"lazy\" decoding=\"async\" class=\"aligncenter size-full wp-image-8358\" src=\"http:\/\/www.remonen.fi\/WP\/wp-content\/uploads\/2017\/03\/Vanttu_in_memoriam-20.jpg\" alt=\"\" width=\"1280\" height=\"800\" srcset=\"https:\/\/www.remonen.fi\/WP\/wp-content\/uploads\/2017\/03\/Vanttu_in_memoriam-20.jpg 1280w, https:\/\/www.remonen.fi\/WP\/wp-content\/uploads\/2017\/03\/Vanttu_in_memoriam-20-300x188.jpg 300w, https:\/\/www.remonen.fi\/WP\/wp-content\/uploads\/2017\/03\/Vanttu_in_memoriam-20-680x425.jpg 680w, https:\/\/www.remonen.fi\/WP\/wp-content\/uploads\/2017\/03\/Vanttu_in_memoriam-20-768x480.jpg 768w, https:\/\/www.remonen.fi\/WP\/wp-content\/uploads\/2017\/03\/Vanttu_in_memoriam-20-1024x640.jpg 1024w, https:\/\/www.remonen.fi\/WP\/wp-content\/uploads\/2017\/03\/Vanttu_in_memoriam-20-440x275.jpg 440w, https:\/\/www.remonen.fi\/WP\/wp-content\/uploads\/2017\/03\/Vanttu_in_memoriam-20-960x600.jpg 960w\" sizes=\"(max-width: 1280px) 100vw, 1280px\" \/><\/a><\/p>\n<p>L\u00e4\u00e4k\u00e4ri totesi, ett\u00e4 mahassa tuntuu jotain. Otettiin kuvat. Mahassa oli suuri kasvain. Soitin koko perheen paikalle&#8230; Vanttu, me kaikki kaipaamme sinua niin.<\/p>\n<p><a href=\"http:\/\/www.remonen.fi\/WP\/wp-content\/uploads\/2017\/03\/Vanttu_in_memoriam-21.jpg\"><img loading=\"lazy\" decoding=\"async\" class=\"aligncenter size-full wp-image-8359\" src=\"http:\/\/www.remonen.fi\/WP\/wp-content\/uploads\/2017\/03\/Vanttu_in_memoriam-21.jpg\" alt=\"\" width=\"854\" height=\"1280\" srcset=\"https:\/\/www.remonen.fi\/WP\/wp-content\/uploads\/2017\/03\/Vanttu_in_memoriam-21.jpg 854w, https:\/\/www.remonen.fi\/WP\/wp-content\/uploads\/2017\/03\/Vanttu_in_memoriam-21-200x300.jpg 200w, https:\/\/www.remonen.fi\/WP\/wp-content\/uploads\/2017\/03\/Vanttu_in_memoriam-21-454x680.jpg 454w, https:\/\/www.remonen.fi\/WP\/wp-content\/uploads\/2017\/03\/Vanttu_in_memoriam-21-768x1151.jpg 768w, https:\/\/www.remonen.fi\/WP\/wp-content\/uploads\/2017\/03\/Vanttu_in_memoriam-21-683x1024.jpg 683w, https:\/\/www.remonen.fi\/WP\/wp-content\/uploads\/2017\/03\/Vanttu_in_memoriam-21-440x659.jpg 440w, https:\/\/www.remonen.fi\/WP\/wp-content\/uploads\/2017\/03\/Vanttu_in_memoriam-21-300x450.jpg 300w\" sizes=\"(max-width: 854px) 100vw, 854px\" \/><\/a><\/p>\n<p>Heti ensin olin sit\u00e4 mielt\u00e4, ett\u00e4 en halua en\u00e4\u00e4 uutta kissaa tai muutakaan el\u00e4int\u00e4. Mutta kotiin tultuani ymm\u00e4rsin, ett\u00e4 en pysty.<\/p>\n<p>Ensi viikonloppuna menemme hakemaan Sein\u00e4joelta M\u00f6rrin. M\u00f6rri, pelasta mut.<\/p>\n<p style=\"text-align: center;\"><em>Heikosti tajuan m\u00e4 el\u00e4misen taikaa<\/em><br \/>\n<em>Pelasta minut jos sinulla on aikaa<\/em><br \/>\n<em>Pelasta mut, Pelasta mut<\/em><\/p>\n<p>Kiit\u00e4v\u00e4n\u00e4 hetken\u00e4 yksi kissa opetti minulle enemm\u00e4n minusta kuin mit\u00e4 olen oppinut el\u00e4m\u00e4ss\u00e4ni sit\u00e4 ennen.<\/p>\n<p><a href=\"http:\/\/www.remonen.fi\/WP\/wp-content\/uploads\/2017\/03\/Vanttu_in_memoriam-22.jpg\"><img loading=\"lazy\" decoding=\"async\" class=\"aligncenter size-full wp-image-8338\" src=\"http:\/\/www.remonen.fi\/WP\/wp-content\/uploads\/2017\/03\/Vanttu_in_memoriam-22.jpg\" alt=\"\" width=\"1280\" height=\"854\" srcset=\"https:\/\/www.remonen.fi\/WP\/wp-content\/uploads\/2017\/03\/Vanttu_in_memoriam-22.jpg 1280w, https:\/\/www.remonen.fi\/WP\/wp-content\/uploads\/2017\/03\/Vanttu_in_memoriam-22-300x200.jpg 300w, https:\/\/www.remonen.fi\/WP\/wp-content\/uploads\/2017\/03\/Vanttu_in_memoriam-22-680x454.jpg 680w, https:\/\/www.remonen.fi\/WP\/wp-content\/uploads\/2017\/03\/Vanttu_in_memoriam-22-768x512.jpg 768w, https:\/\/www.remonen.fi\/WP\/wp-content\/uploads\/2017\/03\/Vanttu_in_memoriam-22-1024x683.jpg 1024w, https:\/\/www.remonen.fi\/WP\/wp-content\/uploads\/2017\/03\/Vanttu_in_memoriam-22-440x294.jpg 440w, https:\/\/www.remonen.fi\/WP\/wp-content\/uploads\/2017\/03\/Vanttu_in_memoriam-22-960x641.jpg 960w\" sizes=\"(max-width: 1280px) 100vw, 1280px\" \/><\/a><\/p>\n","protected":false},"excerpt":{"rendered":"<p>Oli elokuu 2003 ja perheen nuorimmainen oli kohta aloittamassa koulutiens\u00e4, kun naapurin kuistilla oli lasten muoviamme, jossa oli pieni\u00e4 kissanpentuja. Pennut olivat vasta viisiviikkoisia, siis aivan liian nuoria luovutettavaksi mihink\u00e4\u00e4n. Mutta niiden emo oli j\u00e4\u00e4nyt auton alle ja kuollut. Pennuilla oli j\u00e4ljell\u00e4 vain huonoja vaihtoehtoja: joutua eroon sisaruksistaan vieraaseen kotiin tai joutua lopetettavaksi. &#8221;Min\u00e4 olen [&hellip;]<\/p>\n","protected":false},"author":2,"featured_media":8338,"comment_status":"open","ping_status":"closed","sticky":false,"template":"","format":"standard","meta":{"footnotes":""},"categories":[16],"tags":[272],"yoast_head":"<!-- This site is optimized with the Yoast SEO plugin v24.5 - https:\/\/yoast.com\/wordpress\/plugins\/seo\/ -->\n<title>Pelasta mut &#187; remonen.fi<\/title>\n<meta name=\"description\" content=\"Vanttu, me kaikki kaipaamme sinua niin.\" \/>\n<meta name=\"robots\" content=\"index, follow, max-snippet:-1, max-image-preview:large, max-video-preview:-1\" \/>\n<link rel=\"canonical\" href=\"https:\/\/www.remonen.fi\/WP\/blogi\/pelasta-mut\/\" \/>\n<meta property=\"og:locale\" content=\"fi_FI\" \/>\n<meta property=\"og:type\" content=\"article\" \/>\n<meta property=\"og:title\" content=\"Pelasta mut &#187; remonen.fi\" \/>\n<meta property=\"og:description\" content=\"Vanttu, me kaikki kaipaamme sinua niin.\" \/>\n<meta property=\"og:url\" content=\"https:\/\/www.remonen.fi\/WP\/blogi\/pelasta-mut\/\" \/>\n<meta property=\"og:site_name\" content=\"remonen.fi\" \/>\n<meta property=\"article:published_time\" content=\"2017-03-18T20:21:02+00:00\" \/>\n<meta property=\"og:image\" content=\"https:\/\/www.remonen.fi\/WP\/wp-content\/uploads\/2017\/03\/Vanttu_in_memoriam-22.jpg\" \/>\n\t<meta property=\"og:image:width\" content=\"1280\" \/>\n\t<meta property=\"og:image:height\" content=\"854\" \/>\n\t<meta property=\"og:image:type\" content=\"image\/jpeg\" \/>\n<meta name=\"author\" content=\"Matti Remonen\" \/>\n<meta name=\"twitter:label1\" content=\"Kirjoittanut\" \/>\n\t<meta name=\"twitter:data1\" content=\"Matti Remonen\" \/>\n\t<meta name=\"twitter:label2\" content=\"Arvioitu lukuaika\" \/>\n\t<meta name=\"twitter:data2\" content=\"3 minuuttia\" \/>\n<script type=\"application\/ld+json\" class=\"yoast-schema-graph\">{\"@context\":\"https:\/\/schema.org\",\"@graph\":[{\"@type\":\"Article\",\"@id\":\"https:\/\/www.remonen.fi\/WP\/blogi\/pelasta-mut\/#article\",\"isPartOf\":{\"@id\":\"https:\/\/www.remonen.fi\/WP\/blogi\/pelasta-mut\/\"},\"author\":{\"name\":\"Matti Remonen\",\"@id\":\"https:\/\/www.remonen.fi\/WP\/#\/schema\/person\/1803c23d1d4f6722054eb2ac7f7a97cd\"},\"headline\":\"Pelasta mut\",\"datePublished\":\"2017-03-18T20:21:02+00:00\",\"mainEntityOfPage\":{\"@id\":\"https:\/\/www.remonen.fi\/WP\/blogi\/pelasta-mut\/\"},\"wordCount\":564,\"commentCount\":4,\"publisher\":{\"@id\":\"https:\/\/www.remonen.fi\/WP\/#\/schema\/person\/1803c23d1d4f6722054eb2ac7f7a97cd\"},\"image\":{\"@id\":\"https:\/\/www.remonen.fi\/WP\/blogi\/pelasta-mut\/#primaryimage\"},\"thumbnailUrl\":\"https:\/\/www.remonen.fi\/WP\/wp-content\/uploads\/2017\/03\/Vanttu_in_memoriam-22.jpg\",\"keywords\":[\"Vanttu\"],\"articleSection\":[\"Blog\"],\"inLanguage\":\"fi\",\"potentialAction\":[{\"@type\":\"CommentAction\",\"name\":\"Comment\",\"target\":[\"https:\/\/www.remonen.fi\/WP\/blogi\/pelasta-mut\/#respond\"]}]},{\"@type\":\"WebPage\",\"@id\":\"https:\/\/www.remonen.fi\/WP\/blogi\/pelasta-mut\/\",\"url\":\"https:\/\/www.remonen.fi\/WP\/blogi\/pelasta-mut\/\",\"name\":\"Pelasta mut &#187; remonen.fi\",\"isPartOf\":{\"@id\":\"https:\/\/www.remonen.fi\/WP\/#website\"},\"primaryImageOfPage\":{\"@id\":\"https:\/\/www.remonen.fi\/WP\/blogi\/pelasta-mut\/#primaryimage\"},\"image\":{\"@id\":\"https:\/\/www.remonen.fi\/WP\/blogi\/pelasta-mut\/#primaryimage\"},\"thumbnailUrl\":\"https:\/\/www.remonen.fi\/WP\/wp-content\/uploads\/2017\/03\/Vanttu_in_memoriam-22.jpg\",\"datePublished\":\"2017-03-18T20:21:02+00:00\",\"description\":\"Vanttu, me kaikki kaipaamme sinua niin.\",\"breadcrumb\":{\"@id\":\"https:\/\/www.remonen.fi\/WP\/blogi\/pelasta-mut\/#breadcrumb\"},\"inLanguage\":\"fi\",\"potentialAction\":[{\"@type\":\"ReadAction\",\"target\":[\"https:\/\/www.remonen.fi\/WP\/blogi\/pelasta-mut\/\"]}]},{\"@type\":\"ImageObject\",\"inLanguage\":\"fi\",\"@id\":\"https:\/\/www.remonen.fi\/WP\/blogi\/pelasta-mut\/#primaryimage\",\"url\":\"https:\/\/www.remonen.fi\/WP\/wp-content\/uploads\/2017\/03\/Vanttu_in_memoriam-22.jpg\",\"contentUrl\":\"https:\/\/www.remonen.fi\/WP\/wp-content\/uploads\/2017\/03\/Vanttu_in_memoriam-22.jpg\",\"width\":1280,\"height\":854},{\"@type\":\"BreadcrumbList\",\"@id\":\"https:\/\/www.remonen.fi\/WP\/blogi\/pelasta-mut\/#breadcrumb\",\"itemListElement\":[{\"@type\":\"ListItem\",\"position\":1,\"name\":\"Etusivu\",\"item\":\"https:\/\/www.remonen.fi\/WP\/\"},{\"@type\":\"ListItem\",\"position\":2,\"name\":\"Pelasta mut\"}]},{\"@type\":\"WebSite\",\"@id\":\"https:\/\/www.remonen.fi\/WP\/#website\",\"url\":\"https:\/\/www.remonen.fi\/WP\/\",\"name\":\"remonen.fi\",\"description\":\"Valokuvia ja tarinaa laidasta laitaan\",\"publisher\":{\"@id\":\"https:\/\/www.remonen.fi\/WP\/#\/schema\/person\/1803c23d1d4f6722054eb2ac7f7a97cd\"},\"potentialAction\":[{\"@type\":\"SearchAction\",\"target\":{\"@type\":\"EntryPoint\",\"urlTemplate\":\"https:\/\/www.remonen.fi\/WP\/?s={search_term_string}\"},\"query-input\":{\"@type\":\"PropertyValueSpecification\",\"valueRequired\":true,\"valueName\":\"search_term_string\"}}],\"inLanguage\":\"fi\"},{\"@type\":[\"Person\",\"Organization\"],\"@id\":\"https:\/\/www.remonen.fi\/WP\/#\/schema\/person\/1803c23d1d4f6722054eb2ac7f7a97cd\",\"name\":\"Matti Remonen\",\"logo\":{\"@id\":\"https:\/\/www.remonen.fi\/WP\/#\/schema\/person\/image\/\"},\"url\":\"https:\/\/www.remonen.fi\/WP\/blogi\/author\/mre\/\"}]}<\/script>\n<!-- \/ Yoast SEO plugin. -->","yoast_head_json":{"title":"Pelasta mut &#187; remonen.fi","description":"Vanttu, me kaikki kaipaamme sinua niin.","robots":{"index":"index","follow":"follow","max-snippet":"max-snippet:-1","max-image-preview":"max-image-preview:large","max-video-preview":"max-video-preview:-1"},"canonical":"https:\/\/www.remonen.fi\/WP\/blogi\/pelasta-mut\/","og_locale":"fi_FI","og_type":"article","og_title":"Pelasta mut &#187; remonen.fi","og_description":"Vanttu, me kaikki kaipaamme sinua niin.","og_url":"https:\/\/www.remonen.fi\/WP\/blogi\/pelasta-mut\/","og_site_name":"remonen.fi","article_published_time":"2017-03-18T20:21:02+00:00","og_image":[{"width":1280,"height":854,"url":"https:\/\/www.remonen.fi\/WP\/wp-content\/uploads\/2017\/03\/Vanttu_in_memoriam-22.jpg","type":"image\/jpeg"}],"author":"Matti Remonen","twitter_misc":{"Kirjoittanut":"Matti Remonen","Arvioitu lukuaika":"3 minuuttia"},"schema":{"@context":"https:\/\/schema.org","@graph":[{"@type":"Article","@id":"https:\/\/www.remonen.fi\/WP\/blogi\/pelasta-mut\/#article","isPartOf":{"@id":"https:\/\/www.remonen.fi\/WP\/blogi\/pelasta-mut\/"},"author":{"name":"Matti Remonen","@id":"https:\/\/www.remonen.fi\/WP\/#\/schema\/person\/1803c23d1d4f6722054eb2ac7f7a97cd"},"headline":"Pelasta mut","datePublished":"2017-03-18T20:21:02+00:00","mainEntityOfPage":{"@id":"https:\/\/www.remonen.fi\/WP\/blogi\/pelasta-mut\/"},"wordCount":564,"commentCount":4,"publisher":{"@id":"https:\/\/www.remonen.fi\/WP\/#\/schema\/person\/1803c23d1d4f6722054eb2ac7f7a97cd"},"image":{"@id":"https:\/\/www.remonen.fi\/WP\/blogi\/pelasta-mut\/#primaryimage"},"thumbnailUrl":"https:\/\/www.remonen.fi\/WP\/wp-content\/uploads\/2017\/03\/Vanttu_in_memoriam-22.jpg","keywords":["Vanttu"],"articleSection":["Blog"],"inLanguage":"fi","potentialAction":[{"@type":"CommentAction","name":"Comment","target":["https:\/\/www.remonen.fi\/WP\/blogi\/pelasta-mut\/#respond"]}]},{"@type":"WebPage","@id":"https:\/\/www.remonen.fi\/WP\/blogi\/pelasta-mut\/","url":"https:\/\/www.remonen.fi\/WP\/blogi\/pelasta-mut\/","name":"Pelasta mut &#187; remonen.fi","isPartOf":{"@id":"https:\/\/www.remonen.fi\/WP\/#website"},"primaryImageOfPage":{"@id":"https:\/\/www.remonen.fi\/WP\/blogi\/pelasta-mut\/#primaryimage"},"image":{"@id":"https:\/\/www.remonen.fi\/WP\/blogi\/pelasta-mut\/#primaryimage"},"thumbnailUrl":"https:\/\/www.remonen.fi\/WP\/wp-content\/uploads\/2017\/03\/Vanttu_in_memoriam-22.jpg","datePublished":"2017-03-18T20:21:02+00:00","description":"Vanttu, me kaikki kaipaamme sinua niin.","breadcrumb":{"@id":"https:\/\/www.remonen.fi\/WP\/blogi\/pelasta-mut\/#breadcrumb"},"inLanguage":"fi","potentialAction":[{"@type":"ReadAction","target":["https:\/\/www.remonen.fi\/WP\/blogi\/pelasta-mut\/"]}]},{"@type":"ImageObject","inLanguage":"fi","@id":"https:\/\/www.remonen.fi\/WP\/blogi\/pelasta-mut\/#primaryimage","url":"https:\/\/www.remonen.fi\/WP\/wp-content\/uploads\/2017\/03\/Vanttu_in_memoriam-22.jpg","contentUrl":"https:\/\/www.remonen.fi\/WP\/wp-content\/uploads\/2017\/03\/Vanttu_in_memoriam-22.jpg","width":1280,"height":854},{"@type":"BreadcrumbList","@id":"https:\/\/www.remonen.fi\/WP\/blogi\/pelasta-mut\/#breadcrumb","itemListElement":[{"@type":"ListItem","position":1,"name":"Etusivu","item":"https:\/\/www.remonen.fi\/WP\/"},{"@type":"ListItem","position":2,"name":"Pelasta mut"}]},{"@type":"WebSite","@id":"https:\/\/www.remonen.fi\/WP\/#website","url":"https:\/\/www.remonen.fi\/WP\/","name":"remonen.fi","description":"Valokuvia ja tarinaa laidasta laitaan","publisher":{"@id":"https:\/\/www.remonen.fi\/WP\/#\/schema\/person\/1803c23d1d4f6722054eb2ac7f7a97cd"},"potentialAction":[{"@type":"SearchAction","target":{"@type":"EntryPoint","urlTemplate":"https:\/\/www.remonen.fi\/WP\/?s={search_term_string}"},"query-input":{"@type":"PropertyValueSpecification","valueRequired":true,"valueName":"search_term_string"}}],"inLanguage":"fi"},{"@type":["Person","Organization"],"@id":"https:\/\/www.remonen.fi\/WP\/#\/schema\/person\/1803c23d1d4f6722054eb2ac7f7a97cd","name":"Matti Remonen","logo":{"@id":"https:\/\/www.remonen.fi\/WP\/#\/schema\/person\/image\/"},"url":"https:\/\/www.remonen.fi\/WP\/blogi\/author\/mre\/"}]}},"_links":{"self":[{"href":"https:\/\/www.remonen.fi\/WP\/wp-json\/wp\/v2\/posts\/8337"}],"collection":[{"href":"https:\/\/www.remonen.fi\/WP\/wp-json\/wp\/v2\/posts"}],"about":[{"href":"https:\/\/www.remonen.fi\/WP\/wp-json\/wp\/v2\/types\/post"}],"author":[{"embeddable":true,"href":"https:\/\/www.remonen.fi\/WP\/wp-json\/wp\/v2\/users\/2"}],"replies":[{"embeddable":true,"href":"https:\/\/www.remonen.fi\/WP\/wp-json\/wp\/v2\/comments?post=8337"}],"version-history":[{"count":0,"href":"https:\/\/www.remonen.fi\/WP\/wp-json\/wp\/v2\/posts\/8337\/revisions"}],"wp:featuredmedia":[{"embeddable":true,"href":"https:\/\/www.remonen.fi\/WP\/wp-json\/wp\/v2\/media\/8338"}],"wp:attachment":[{"href":"https:\/\/www.remonen.fi\/WP\/wp-json\/wp\/v2\/media?parent=8337"}],"wp:term":[{"taxonomy":"category","embeddable":true,"href":"https:\/\/www.remonen.fi\/WP\/wp-json\/wp\/v2\/categories?post=8337"},{"taxonomy":"post_tag","embeddable":true,"href":"https:\/\/www.remonen.fi\/WP\/wp-json\/wp\/v2\/tags?post=8337"}],"curies":[{"name":"wp","href":"https:\/\/api.w.org\/{rel}","templated":true}]}}